{"id":642938,"date":"2026-04-22T02:28:15","date_gmt":"2026-04-22T00:28:15","guid":{"rendered":"https:\/\/kohenavocats.com\/tribunal-judiciaire-de-laval-le-16-janvier-2025-n24-00231\/"},"modified":"2026-04-22T02:28:15","modified_gmt":"2026-04-22T00:28:15","slug":"tribunal-judiciaire-de-laval-le-16-janvier-2025-n24-00231","status":"publish","type":"post","link":"https:\/\/kohenavocats.com\/en\/tribunal-judiciaire-de-laval-le-16-janvier-2025-n24-00231\/","title":{"rendered":"Tribunal judiciaire de Laval, le 16 janvier 2025, n\u00b024\/00231"},"content":{"rendered":"<div class=\"article-content\">\n<p>Le tribunal judiciaire, statuant en mati\u00e8re d&#8217;opposition \u00e0 contrainte, a rendu un jugement le 16 janvier 2025. Un d\u00e9biteur avait form\u00e9 opposition \u00e0 une contrainte \u00e9mise par l&#8217;URSSAF. L&#8217;organisme cr\u00e9ancier a soulev\u00e9 l&#8217;irrecevabilit\u00e9 de cette opposition pour d\u00e9faut de motivation. Le tribunal a d\u00e9clar\u00e9 l&#8217;opposition irrecevable et constat\u00e9 la dette r\u00e9duite. Il a \u00e9galement condamn\u00e9 le d\u00e9biteur aux d\u00e9pens et aux frais de signification.<\/p>\n<p>La motivation substantielle de l&#8217;opposition<\/p>\n<p>L&#8217;exigence de motivation est une condition de recevabilit\u00e9 imp\u00e9rative. Le texte pr\u00e9voit que &#8220;L\u2019opposition doit \u00eatre motiv\u00e9e&#8221; (Article R. 133-3 du code de la s\u00e9curit\u00e9 sociale). Le tribunal rel\u00e8ve que cette obligation n&#8217;est pas respect\u00e9e en l&#8217;esp\u00e8ce. Le d\u00e9biteur s&#8217;est content\u00e9 d&#8217;indiquer dans son courrier &#8220;ceci est m\u00eame pas le CA de six mois mon entreprise&#8221;. Cette simple assertion ne constitue pas une motivation au sens de la r\u00e9glementation. Elle ne permet pas d&#8217;identifier les griefs pr\u00e9cis contre la contrainte. La solution rappelle le formalisme strict entourant la proc\u00e9dure d&#8217;opposition. Cette derni\u00e8re vise \u00e0 contester l&#8217;exigibilit\u00e9 des sommes r\u00e9clam\u00e9es par voie administrative. Une motivation sommaire peut parfois \u00eatre admise si elle identifie clairement le litige. &#8220;Cette liste s&#8217;apparente \u00e0 une motivation sommaire, tenant aux difficult\u00e9s&#8221; (Tribunal judiciaire de Lille, le 14 janvier 2025, n\u00b024\/01592). En l&#8217;esp\u00e8ce, la phrase du d\u00e9biteur est trop impr\u00e9cise. Elle ne permet pas \u00e0 l&#8217;organisme cr\u00e9ancier ni au juge de cerner la nature du d\u00e9saccord. La port\u00e9e de la d\u00e9cision est donc de r\u00e9affirmer l&#8217;exigence d&#8217;une motivation concr\u00e8te. La valeur de ce point est de garantir la s\u00e9curit\u00e9 juridique des proc\u00e9dures de recouvrement.<\/p>\n<p>La condamnation aux frais de signification<\/p>\n<p>La charge des frais de proc\u00e9dure est syst\u00e9matiquement support\u00e9e par le d\u00e9biteur perdant. L&#8217;article R. 133-6 du code de la s\u00e9curit\u00e9 sociale pr\u00e9voit un r\u00e9gime sp\u00e9cifique. &#8220;Les frais de signification de la contrainte [&#8230;] sont \u00e0 la charge du d\u00e9biteur, sauf lorsque l&#8217;opposition a \u00e9t\u00e9 jug\u00e9e fond\u00e9e&#8221; (Article R. 133-6 du code de la s\u00e9curit\u00e9 sociale). Cette condamnation est automatique lorsque l&#8217;opposition est rejet\u00e9e ou d\u00e9clar\u00e9e irrecevable. Le tribunal applique strictement cette disposition en condamnant le d\u00e9biteur. Cette r\u00e8gle a pour sens d&#8217;\u00e9viter les oppositions dilatoires ou infond\u00e9es. Elle place les frais engag\u00e9s par l&#8217;organisme cr\u00e9ancier \u00e0 la charge du redevable. La jurisprudence confirme cette interpr\u00e9tation litt\u00e9rale de la r\u00e8gle. &#8220;Les frais de signification de la contrainte [&#8230;] sont \u00e0 la charge du d\u00e9biteur, sauf lorsque l&#8217;opposition a \u00e9t\u00e9 jug\u00e9e fond\u00e9e&#8221; (Tribunal judiciaire de Meaux, le 2 janvier 2026, n\u00b025\/00430). La port\u00e9e de cette solution est de dissuader les oppositions non s\u00e9rieuses. Elle prot\u00e8ge ainsi l&#8217;efficacit\u00e9 du recouvrement des cotisations sociales. La valeur est de souligner le caract\u00e8re accessoire mais obligatoire de cette condamnation. Elle s&#8217;ajoute aux d\u00e9pens ordinaires et au principal de la dette constat\u00e9e.<\/p>\n<\/div>\n","protected":false},"excerpt":{"rendered":"<p>Le tribunal judiciaire, statuant en mati\u00e8re d&#8217;opposition \u00e0 contrainte, a rendu un jugement le 16 janvier 2025. Un d\u00e9biteur avait form\u00e9 opposition \u00e0 une contr&#8230;<\/p>\n","protected":false},"author":232070755,"featured_media":9439,"comment_status":"open","ping_status":"open","sticky":false,"template":"","format":"standard","meta":{"_crdt_document":"","_jetpack_newsletter_access":"","_jetpack_dont_email_post_to_subs":false,"_jetpack_newsletter_tier_id":0,"_jetpack_memberships_contains_paywalled_content":false,"_kj_source_type":"judilibre","_kj_official_id":"6945ad3e75782d5f06cd1e4c","_kj_official_url":"https:\/\/www.courdecassation.fr\/decision\/6945ad3e75782d5f06cd1e4c","_kj_judilibre_id":"6945ad3e75782d5f06cd1e4c","_kj_jur":"Tribunal judiciaire","_kj_lieu":"Tribunal judiciaire de Laval","_kj_chambre":"Contentieux social","_kj_rg":"24\/00231","_kj_date":"2025-10-08","_jetpack_memberships_contains_paid_content":false,"footnotes":"","jetpack_post_was_ever_published":false},"categories":[7597],"tags":[],"class_list":["post-642938","post","type-post","status-publish","format-standard","has-post-thumbnail","hentry","category-jurisprudence"],"yoast_head":"<!-- This site is optimized with the Yoast SEO Premium plugin v27.5 (Yoast SEO v27.5) - https:\/\/yoast.com\/product\/yoast-seo-premium-wordpress\/ -->\n<title>Tribunal judiciaire de Laval, le 16 janvier 2025, n\u00b024\/00231 - Ma\u00eetre Hassan Kohen, avocat en droit p\u00e9nal \u00e0 Paris<\/title>\n<meta name=\"description\" content=\"Le tribunal judiciaire, statuant en mati\u00e8re d&#039;opposition \u00e0 contrainte, a rendu un jugement le 16 janvier 2025. Un d\u00e9biteur avait form\u00e9 opposition \u00e0 une contr...\" \/>\n<meta name=\"robots\" content=\"index, follow, max-snippet:-1, max-image-preview:large, max-video-preview:-1\" \/>\n<link rel=\"canonical\" href=\"https:\/\/kohenavocats.com\/en\/tribunal-judiciaire-de-laval-le-16-janvier-2025-n24-00231\/\" \/>\n<meta property=\"og:locale\" content=\"en_US\" \/>\n<meta property=\"og:type\" content=\"article\" \/>\n<meta property=\"og:title\" content=\"Tribunal judiciaire de Laval, le 16 janvier 2025, n\u00b024\/00231\" \/>\n<meta property=\"og:description\" content=\"Le tribunal judiciaire, statuant en mati\u00e8re d&#039;opposition \u00e0 contrainte, a rendu un jugement le 16 janvier 2025. Un d\u00e9biteur avait form\u00e9 opposition \u00e0 une contr...\" \/>\n<meta property=\"og:url\" content=\"https:\/\/kohenavocats.com\/en\/tribunal-judiciaire-de-laval-le-16-janvier-2025-n24-00231\/\" \/>\n<meta property=\"og:site_name\" content=\"Ma\u00eetre Hassan Kohen, avocat en droit p\u00e9nal \u00e0 Paris\" \/>\n<meta property=\"article:published_time\" content=\"2026-04-22T00:28:15+00:00\" \/>\n<meta property=\"og:image\" content=\"https:\/\/kohenavocats.com\/wp-content\/uploads\/2024\/11\/osarugue-igbinoba-GtkcrFqc5hE-unsplash.webp\" \/>\n\t<meta property=\"og:image:width\" content=\"2736\" \/>\n\t<meta property=\"og:image:height\" content=\"3648\" \/>\n\t<meta property=\"og:image:type\" content=\"image\/webp\" \/>\n<meta name=\"author\" content=\"Kohen\" \/>\n<meta name=\"twitter:card\" content=\"summary_large_image\" \/>\n<meta name=\"twitter:label1\" content=\"Written by\" \/>\n\t<meta name=\"twitter:data1\" content=\"Kohen\" \/>\n\t<meta name=\"twitter:label2\" content=\"Est. reading time\" \/>\n\t<meta name=\"twitter:data2\" content=\"3 minutes\" \/>\n<script type=\"application\/ld+json\" class=\"yoast-schema-graph\">{\"@context\":\"https:\\\/\\\/schema.org\",\"@graph\":[{\"@type\":\"Article\",\"@id\":\"https:\\\/\\\/kohenavocats.com\\\/en\\\/tribunal-judiciaire-de-laval-le-16-janvier-2025-n24-00231\\\/#article\",\"isPartOf\":{\"@id\":\"https:\\\/\\\/kohenavocats.com\\\/en\\\/tribunal-judiciaire-de-laval-le-16-janvier-2025-n24-00231\\\/\"},\"author\":{\"name\":\"Kohen\",\"@id\":\"https:\\\/\\\/kohenavocats.com\\\/en\\\/#\\\/schema\\\/person\\\/761c9ba54fa1ca84d405cef0831ff751\"},\"headline\":\"Tribunal judiciaire de Laval, le 16 janvier 2025, n\u00b024\\\/00231\",\"datePublished\":\"2026-04-22T00:28:15+00:00\",\"mainEntityOfPage\":{\"@id\":\"https:\\\/\\\/kohenavocats.com\\\/en\\\/tribunal-judiciaire-de-laval-le-16-janvier-2025-n24-00231\\\/\"},\"wordCount\":534,\"commentCount\":0,\"publisher\":{\"@id\":\"https:\\\/\\\/kohenavocats.com\\\/en\\\/#organization\"},\"image\":{\"@id\":\"https:\\\/\\\/kohenavocats.com\\\/en\\\/tribunal-judiciaire-de-laval-le-16-janvier-2025-n24-00231\\\/#primaryimage\"},\"thumbnailUrl\":\"https:\\\/\\\/kohenavocats.com\\\/wp-content\\\/uploads\\\/2024\\\/11\\\/osarugue-igbinoba-GtkcrFqc5hE-unsplash.webp\",\"articleSection\":[\"Jurisprudence\"],\"inLanguage\":\"en-US\",\"potentialAction\":[{\"@type\":\"CommentAction\",\"name\":\"Comment\",\"target\":[\"https:\\\/\\\/kohenavocats.com\\\/en\\\/tribunal-judiciaire-de-laval-le-16-janvier-2025-n24-00231\\\/#respond\"]}],\"citation\":\"Tribunal judiciaire de Laval, le 16 janvier 2025, n\u00b024\\\/00231\",\"about\":[{\"@type\":\"Thing\",\"name\":\"Jurisprudence\"}],\"dateModified\":\"2026-04-22T00:28:15+00:00\",\"speakable\":{\"@type\":\"SpeakableSpecification\",\"cssSelector\":[\".article-content > p:first-of-type\"]}},{\"@type\":\"WebPage\",\"@id\":\"https:\\\/\\\/kohenavocats.com\\\/en\\\/tribunal-judiciaire-de-laval-le-16-janvier-2025-n24-00231\\\/\",\"url\":\"https:\\\/\\\/kohenavocats.com\\\/en\\\/tribunal-judiciaire-de-laval-le-16-janvier-2025-n24-00231\\\/\",\"name\":\"Tribunal judiciaire de Laval, le 16 janvier 2025, n\u00b024\\\/00231 - Ma\u00eetre Hassan Kohen, avocat en droit p\u00e9nal \u00e0 Paris\",\"isPartOf\":{\"@id\":\"https:\\\/\\\/kohenavocats.com\\\/en\\\/#website\"},\"primaryImageOfPage\":{\"@id\":\"https:\\\/\\\/kohenavocats.com\\\/en\\\/tribunal-judiciaire-de-laval-le-16-janvier-2025-n24-00231\\\/#primaryimage\"},\"image\":{\"@id\":\"https:\\\/\\\/kohenavocats.com\\\/en\\\/tribunal-judiciaire-de-laval-le-16-janvier-2025-n24-00231\\\/#primaryimage\"},\"thumbnailUrl\":\"https:\\\/\\\/kohenavocats.com\\\/wp-content\\\/uploads\\\/2024\\\/11\\\/osarugue-igbinoba-GtkcrFqc5hE-unsplash.webp\",\"datePublished\":\"2026-04-22T00:28:15+00:00\",\"description\":\"Le tribunal judiciaire, statuant en mati\u00e8re d'opposition \u00e0 contrainte, a rendu un jugement le 16 janvier 2025. Un d\u00e9biteur avait form\u00e9 opposition \u00e0 une contr...\",\"breadcrumb\":{\"@id\":\"https:\\\/\\\/kohenavocats.com\\\/en\\\/tribunal-judiciaire-de-laval-le-16-janvier-2025-n24-00231\\\/#breadcrumb\"},\"inLanguage\":\"en-US\",\"potentialAction\":[{\"@type\":\"ReadAction\",\"target\":[\"https:\\\/\\\/kohenavocats.com\\\/en\\\/tribunal-judiciaire-de-laval-le-16-janvier-2025-n24-00231\\\/\"]}]},{\"@type\":\"ImageObject\",\"inLanguage\":\"en-US\",\"@id\":\"https:\\\/\\\/kohenavocats.com\\\/en\\\/tribunal-judiciaire-de-laval-le-16-janvier-2025-n24-00231\\\/#primaryimage\",\"url\":\"https:\\\/\\\/kohenavocats.com\\\/wp-content\\\/uploads\\\/2024\\\/11\\\/osarugue-igbinoba-GtkcrFqc5hE-unsplash.webp\",\"contentUrl\":\"https:\\\/\\\/kohenavocats.com\\\/wp-content\\\/uploads\\\/2024\\\/11\\\/osarugue-igbinoba-GtkcrFqc5hE-unsplash.webp\",\"width\":2736,\"height\":3648},{\"@type\":\"BreadcrumbList\",\"@id\":\"https:\\\/\\\/kohenavocats.com\\\/en\\\/tribunal-judiciaire-de-laval-le-16-janvier-2025-n24-00231\\\/#breadcrumb\",\"itemListElement\":[{\"@type\":\"ListItem\",\"position\":1,\"name\":\"Home\",\"item\":\"https:\\\/\\\/kohenavocats.com\\\/en\\\/criminal-law-attorneys-in-paris-counsel-and-strategic-defense\\\/\"},{\"@type\":\"ListItem\",\"position\":2,\"name\":\"Tribunal judiciaire de Laval, le 16 janvier 2025, n\u00b024\\\/00231\"}]},{\"@type\":\"WebSite\",\"@id\":\"https:\\\/\\\/kohenavocats.com\\\/en\\\/#website\",\"url\":\"https:\\\/\\\/kohenavocats.com\\\/en\\\/\",\"name\":\"Kohen Avocats\",\"description\":\"Ma\u00eetre Hassan Kohen, avocat p\u00e9naliste \u00e0 Paris, intervient exclusivement en droit p\u00e9nal pour la d\u00e9fense des particuliers, notamment en mati\u00e8re d\u2019accusations de viol. Il assure un accompagnement rigoureux d\u00e8s la garde \u00e0 vue jusqu\u2019\u00e0 la Cour d\u2019assises, veillant au strict respect des garanties proc\u00e9durales.\",\"publisher\":{\"@id\":\"https:\\\/\\\/kohenavocats.com\\\/en\\\/#organization\"},\"potentialAction\":[{\"@type\":\"SearchAction\",\"target\":{\"@type\":\"EntryPoint\",\"urlTemplate\":\"https:\\\/\\\/kohenavocats.com\\\/en\\\/?s={search_term_string}\"},\"query-input\":{\"@type\":\"PropertyValueSpecification\",\"valueRequired\":true,\"valueName\":\"search_term_string\"}}],\"inLanguage\":\"en-US\"},{\"@type\":\"Organization\",\"@id\":\"https:\\\/\\\/kohenavocats.com\\\/en\\\/#organization\",\"name\":\"Kohen Avocats\",\"url\":\"https:\\\/\\\/kohenavocats.com\\\/en\\\/\",\"logo\":{\"@type\":\"ImageObject\",\"inLanguage\":\"en-US\",\"@id\":\"https:\\\/\\\/kohenavocats.com\\\/en\\\/#\\\/schema\\\/logo\\\/image\\\/\",\"url\":\"https:\\\/\\\/kohenavocats.com\\\/wp-content\\\/uploads\\\/2026\\\/01\\\/Logo-2-1.webp\",\"contentUrl\":\"https:\\\/\\\/kohenavocats.com\\\/wp-content\\\/uploads\\\/2026\\\/01\\\/Logo-2-1.webp\",\"width\":2114,\"height\":1253,\"caption\":\"Kohen Avocats\"},\"image\":{\"@id\":\"https:\\\/\\\/kohenavocats.com\\\/en\\\/#\\\/schema\\\/logo\\\/image\\\/\"}},{\"@type\":\"Person\",\"@id\":\"https:\\\/\\\/kohenavocats.com\\\/en\\\/#\\\/schema\\\/person\\\/761c9ba54fa1ca84d405cef0831ff751\",\"name\":\"Kohen\",\"image\":{\"@type\":\"ImageObject\",\"inLanguage\":\"en-US\",\"@id\":\"https:\\\/\\\/secure.gravatar.com\\\/avatar\\\/1c5e76ef76bbbfdd2b4da984e2bf2fa4056fd51a27d25ce2c332047f1dfd6e00?s=96&d=identicon&r=g\",\"url\":\"https:\\\/\\\/secure.gravatar.com\\\/avatar\\\/1c5e76ef76bbbfdd2b4da984e2bf2fa4056fd51a27d25ce2c332047f1dfd6e00?s=96&d=identicon&r=g\",\"contentUrl\":\"https:\\\/\\\/secure.gravatar.com\\\/avatar\\\/1c5e76ef76bbbfdd2b4da984e2bf2fa4056fd51a27d25ce2c332047f1dfd6e00?s=96&d=identicon&r=g\",\"caption\":\"Kohen\"},\"sameAs\":[\"https:\\\/\\\/www.linkedin.com\\\/in\\\/hassan-kohen-448548192\\\/\",\"https:\\\/\\\/www.youtube.com\\\/@Kohen-Avocats\"],\"url\":\"https:\\\/\\\/kohenavocats.com\\\/en\\\/author\\\/kohenmlk\\\/\"}]}<\/script>\n<!-- \/ Yoast SEO Premium plugin. -->","yoast_head_json":{"title":"Tribunal judiciaire de Laval, le 16 janvier 2025, n\u00b024\/00231 - Ma\u00eetre Hassan Kohen, avocat en droit p\u00e9nal \u00e0 Paris","description":"Le tribunal judiciaire, statuant en mati\u00e8re d'opposition \u00e0 contrainte, a rendu un jugement le 16 janvier 2025. Un d\u00e9biteur avait form\u00e9 opposition \u00e0 une contr...","robots":{"index":"index","follow":"follow","max-snippet":"max-snippet:-1","max-image-preview":"max-image-preview:large","max-video-preview":"max-video-preview:-1"},"canonical":"https:\/\/kohenavocats.com\/en\/tribunal-judiciaire-de-laval-le-16-janvier-2025-n24-00231\/","og_locale":"en_US","og_type":"article","og_title":"Tribunal judiciaire de Laval, le 16 janvier 2025, n\u00b024\/00231","og_description":"Le tribunal judiciaire, statuant en mati\u00e8re d'opposition \u00e0 contrainte, a rendu un jugement le 16 janvier 2025. Un d\u00e9biteur avait form\u00e9 opposition \u00e0 une contr...","og_url":"https:\/\/kohenavocats.com\/en\/tribunal-judiciaire-de-laval-le-16-janvier-2025-n24-00231\/","og_site_name":"Ma\u00eetre Hassan Kohen, avocat en droit p\u00e9nal \u00e0 Paris","article_published_time":"2026-04-22T00:28:15+00:00","og_image":[{"width":2736,"height":3648,"url":"https:\/\/kohenavocats.com\/wp-content\/uploads\/2024\/11\/osarugue-igbinoba-GtkcrFqc5hE-unsplash.webp","type":"image\/webp"}],"author":"Kohen","twitter_card":"summary_large_image","twitter_misc":{"Written by":"Kohen","Est. reading time":"3 minutes"},"schema":{"@context":"https:\/\/schema.org","@graph":[{"@type":"Article","@id":"https:\/\/kohenavocats.com\/en\/tribunal-judiciaire-de-laval-le-16-janvier-2025-n24-00231\/#article","isPartOf":{"@id":"https:\/\/kohenavocats.com\/en\/tribunal-judiciaire-de-laval-le-16-janvier-2025-n24-00231\/"},"author":{"name":"Kohen","@id":"https:\/\/kohenavocats.com\/en\/#\/schema\/person\/761c9ba54fa1ca84d405cef0831ff751"},"headline":"Tribunal judiciaire de Laval, le 16 janvier 2025, n\u00b024\/00231","datePublished":"2026-04-22T00:28:15+00:00","mainEntityOfPage":{"@id":"https:\/\/kohenavocats.com\/en\/tribunal-judiciaire-de-laval-le-16-janvier-2025-n24-00231\/"},"wordCount":534,"commentCount":0,"publisher":{"@id":"https:\/\/kohenavocats.com\/en\/#organization"},"image":{"@id":"https:\/\/kohenavocats.com\/en\/tribunal-judiciaire-de-laval-le-16-janvier-2025-n24-00231\/#primaryimage"},"thumbnailUrl":"https:\/\/kohenavocats.com\/wp-content\/uploads\/2024\/11\/osarugue-igbinoba-GtkcrFqc5hE-unsplash.webp","articleSection":["Jurisprudence"],"inLanguage":"en-US","potentialAction":[{"@type":"CommentAction","name":"Comment","target":["https:\/\/kohenavocats.com\/en\/tribunal-judiciaire-de-laval-le-16-janvier-2025-n24-00231\/#respond"]}],"citation":"Tribunal judiciaire de Laval, le 16 janvier 2025, n\u00b024\/00231","about":[{"@type":"Thing","name":"Jurisprudence"}],"dateModified":"2026-04-22T00:28:15+00:00","speakable":{"@type":"SpeakableSpecification","cssSelector":[".article-content > p:first-of-type"]}},{"@type":"WebPage","@id":"https:\/\/kohenavocats.com\/en\/tribunal-judiciaire-de-laval-le-16-janvier-2025-n24-00231\/","url":"https:\/\/kohenavocats.com\/en\/tribunal-judiciaire-de-laval-le-16-janvier-2025-n24-00231\/","name":"Tribunal judiciaire de Laval, le 16 janvier 2025, n\u00b024\/00231 - Ma\u00eetre Hassan Kohen, avocat en droit p\u00e9nal \u00e0 Paris","isPartOf":{"@id":"https:\/\/kohenavocats.com\/en\/#website"},"primaryImageOfPage":{"@id":"https:\/\/kohenavocats.com\/en\/tribunal-judiciaire-de-laval-le-16-janvier-2025-n24-00231\/#primaryimage"},"image":{"@id":"https:\/\/kohenavocats.com\/en\/tribunal-judiciaire-de-laval-le-16-janvier-2025-n24-00231\/#primaryimage"},"thumbnailUrl":"https:\/\/kohenavocats.com\/wp-content\/uploads\/2024\/11\/osarugue-igbinoba-GtkcrFqc5hE-unsplash.webp","datePublished":"2026-04-22T00:28:15+00:00","description":"Le tribunal judiciaire, statuant en mati\u00e8re d'opposition \u00e0 contrainte, a rendu un jugement le 16 janvier 2025. Un d\u00e9biteur avait form\u00e9 opposition \u00e0 une contr...","breadcrumb":{"@id":"https:\/\/kohenavocats.com\/en\/tribunal-judiciaire-de-laval-le-16-janvier-2025-n24-00231\/#breadcrumb"},"inLanguage":"en-US","potentialAction":[{"@type":"ReadAction","target":["https:\/\/kohenavocats.com\/en\/tribunal-judiciaire-de-laval-le-16-janvier-2025-n24-00231\/"]}]},{"@type":"ImageObject","inLanguage":"en-US","@id":"https:\/\/kohenavocats.com\/en\/tribunal-judiciaire-de-laval-le-16-janvier-2025-n24-00231\/#primaryimage","url":"https:\/\/kohenavocats.com\/wp-content\/uploads\/2024\/11\/osarugue-igbinoba-GtkcrFqc5hE-unsplash.webp","contentUrl":"https:\/\/kohenavocats.com\/wp-content\/uploads\/2024\/11\/osarugue-igbinoba-GtkcrFqc5hE-unsplash.webp","width":2736,"height":3648},{"@type":"BreadcrumbList","@id":"https:\/\/kohenavocats.com\/en\/tribunal-judiciaire-de-laval-le-16-janvier-2025-n24-00231\/#breadcrumb","itemListElement":[{"@type":"ListItem","position":1,"name":"Home","item":"https:\/\/kohenavocats.com\/en\/criminal-law-attorneys-in-paris-counsel-and-strategic-defense\/"},{"@type":"ListItem","position":2,"name":"Tribunal judiciaire de Laval, le 16 janvier 2025, n\u00b024\/00231"}]},{"@type":"WebSite","@id":"https:\/\/kohenavocats.com\/en\/#website","url":"https:\/\/kohenavocats.com\/en\/","name":"Kohen Avocats","description":"Ma\u00eetre Hassan Kohen, avocat p\u00e9naliste \u00e0 Paris, intervient exclusivement en droit p\u00e9nal pour la d\u00e9fense des particuliers, notamment en mati\u00e8re d\u2019accusations de viol. Il assure un accompagnement rigoureux d\u00e8s la garde \u00e0 vue jusqu\u2019\u00e0 la Cour d\u2019assises, veillant au strict respect des garanties proc\u00e9durales.","publisher":{"@id":"https:\/\/kohenavocats.com\/en\/#organization"},"potentialAction":[{"@type":"SearchAction","target":{"@type":"EntryPoint","urlTemplate":"https:\/\/kohenavocats.com\/en\/?s={search_term_string}"},"query-input":{"@type":"PropertyValueSpecification","valueRequired":true,"valueName":"search_term_string"}}],"inLanguage":"en-US"},{"@type":"Organization","@id":"https:\/\/kohenavocats.com\/en\/#organization","name":"Kohen Avocats","url":"https:\/\/kohenavocats.com\/en\/","logo":{"@type":"ImageObject","inLanguage":"en-US","@id":"https:\/\/kohenavocats.com\/en\/#\/schema\/logo\/image\/","url":"https:\/\/kohenavocats.com\/wp-content\/uploads\/2026\/01\/Logo-2-1.webp","contentUrl":"https:\/\/kohenavocats.com\/wp-content\/uploads\/2026\/01\/Logo-2-1.webp","width":2114,"height":1253,"caption":"Kohen Avocats"},"image":{"@id":"https:\/\/kohenavocats.com\/en\/#\/schema\/logo\/image\/"}},{"@type":"Person","@id":"https:\/\/kohenavocats.com\/en\/#\/schema\/person\/761c9ba54fa1ca84d405cef0831ff751","name":"Kohen","image":{"@type":"ImageObject","inLanguage":"en-US","@id":"https:\/\/secure.gravatar.com\/avatar\/1c5e76ef76bbbfdd2b4da984e2bf2fa4056fd51a27d25ce2c332047f1dfd6e00?s=96&d=identicon&r=g","url":"https:\/\/secure.gravatar.com\/avatar\/1c5e76ef76bbbfdd2b4da984e2bf2fa4056fd51a27d25ce2c332047f1dfd6e00?s=96&d=identicon&r=g","contentUrl":"https:\/\/secure.gravatar.com\/avatar\/1c5e76ef76bbbfdd2b4da984e2bf2fa4056fd51a27d25ce2c332047f1dfd6e00?s=96&d=identicon&r=g","caption":"Kohen"},"sameAs":["https:\/\/www.linkedin.com\/in\/hassan-kohen-448548192\/","https:\/\/www.youtube.com\/@Kohen-Avocats"],"url":"https:\/\/kohenavocats.com\/en\/author\/kohenmlk\/"}]}},"jetpack_featured_media_url":"https:\/\/kohenavocats.com\/wp-content\/uploads\/2024\/11\/osarugue-igbinoba-GtkcrFqc5hE-unsplash.webp","jetpack_likes_enabled":false,"jetpack_shortlink":"https:\/\/wp.me\/peCrII-2HfY","jetpack-related-posts":[{"id":647740,"url":"https:\/\/kohenavocats.com\/en\/tribunal-judiciaire-de-metz-le-16-janvier-2025-n23-00808\/","url_meta":{"origin":642938,"position":0},"title":"Tribunal judiciaire de Metz, le 16 janvier 2025, n\u00b023\/00808","author":"Kohen","date":"22 April 2026","format":false,"excerpt":"Le tribunal judiciaire, statuant en mati\u00e8re sociale, a rendu une d\u00e9cision le 16 janvier 2025. Un d\u00e9biteur avait form\u00e9 opposition \u00e0 une contrainte d\u00e9livr\u00e9e pa...","rel":"","context":"In &quot;Jurisprudence&quot;","block_context":{"text":"Jurisprudence","link":"https:\/\/kohenavocats.com\/category\/jurisprudence\/"},"img":{"alt_text":"","src":"https:\/\/i0.wp.com\/kohenavocats.com\/wp-content\/uploads\/2024\/11\/allison-saeng-D22VPXUIm0o-unsplash.webp?resize=350%2C200&ssl=1","width":350,"height":200,"srcset":"https:\/\/i0.wp.com\/kohenavocats.com\/wp-content\/uploads\/2024\/11\/allison-saeng-D22VPXUIm0o-unsplash.webp?resize=350%2C200&ssl=1 1x, https:\/\/i0.wp.com\/kohenavocats.com\/wp-content\/uploads\/2024\/11\/allison-saeng-D22VPXUIm0o-unsplash.webp?resize=525%2C300&ssl=1 1.5x, https:\/\/i0.wp.com\/kohenavocats.com\/wp-content\/uploads\/2024\/11\/allison-saeng-D22VPXUIm0o-unsplash.webp?resize=700%2C400&ssl=1 2x, https:\/\/i0.wp.com\/kohenavocats.com\/wp-content\/uploads\/2024\/11\/allison-saeng-D22VPXUIm0o-unsplash.webp?resize=1050%2C600&ssl=1 3x, https:\/\/i0.wp.com\/kohenavocats.com\/wp-content\/uploads\/2024\/11\/allison-saeng-D22VPXUIm0o-unsplash.webp?resize=1400%2C800&ssl=1 4x"},"classes":[]},{"id":484629,"url":"https:\/\/kohenavocats.com\/en\/tribunal-judiciaire-de-caen-le-30-janvier-2025-n25-00288\/","url_meta":{"origin":642938,"position":1},"title":"Tribunal judiciaire de Caen, le 30 janvier 2025, n\u00b025\/00288","author":"Kohen","date":"8 April 2026","format":false,"excerpt":"Le tribunal judiciaire de Caen, statuant le 30 janvier 2025, a examin\u00e9 une opposition \u00e0 une contrainte \u00e9mise par un organisme de recouvrement. Le d\u00e9biteur av...","rel":"","context":"In &quot;Jurisprudence&quot;","block_context":{"text":"Jurisprudence","link":"https:\/\/kohenavocats.com\/category\/jurisprudence\/"},"img":{"alt_text":"","src":"https:\/\/i0.wp.com\/kohenavocats.com\/wp-content\/uploads\/2024\/11\/osarugue-igbinoba-GtkcrFqc5hE-unsplash.webp?resize=350%2C200&ssl=1","width":350,"height":200,"srcset":"https:\/\/i0.wp.com\/kohenavocats.com\/wp-content\/uploads\/2024\/11\/osarugue-igbinoba-GtkcrFqc5hE-unsplash.webp?resize=350%2C200&ssl=1 1x, https:\/\/i0.wp.com\/kohenavocats.com\/wp-content\/uploads\/2024\/11\/osarugue-igbinoba-GtkcrFqc5hE-unsplash.webp?resize=525%2C300&ssl=1 1.5x, https:\/\/i0.wp.com\/kohenavocats.com\/wp-content\/uploads\/2024\/11\/osarugue-igbinoba-GtkcrFqc5hE-unsplash.webp?resize=700%2C400&ssl=1 2x, https:\/\/i0.wp.com\/kohenavocats.com\/wp-content\/uploads\/2024\/11\/osarugue-igbinoba-GtkcrFqc5hE-unsplash.webp?resize=1050%2C600&ssl=1 3x, https:\/\/i0.wp.com\/kohenavocats.com\/wp-content\/uploads\/2024\/11\/osarugue-igbinoba-GtkcrFqc5hE-unsplash.webp?resize=1400%2C800&ssl=1 4x"},"classes":[]},{"id":644625,"url":"https:\/\/kohenavocats.com\/en\/tribunal-judiciaire-de-limoges-le-9-janvier-2025-n24-00220\/","url_meta":{"origin":642938,"position":2},"title":"Tribunal judiciaire de Limoges, le 9 janvier 2025, n\u00b024\/00220","author":"Kohen","date":"22 April 2026","format":false,"excerpt":"Le tribunal judiciaire, dans un jugement du 9 janvier 2025, a examin\u00e9 la recevabilit\u00e9 d\u2019une opposition \u00e0 contrainte \u00e9mise par l\u2019URSSAF. Le d\u00e9biteur avait for...","rel":"","context":"In &quot;Jurisprudence&quot;","block_context":{"text":"Jurisprudence","link":"https:\/\/kohenavocats.com\/category\/jurisprudence\/"},"img":{"alt_text":"","src":"https:\/\/i0.wp.com\/kohenavocats.com\/wp-content\/uploads\/2024\/06\/pexels-pavel-danilyuk-8112201.jpg?resize=350%2C200&ssl=1","width":350,"height":200,"srcset":"https:\/\/i0.wp.com\/kohenavocats.com\/wp-content\/uploads\/2024\/06\/pexels-pavel-danilyuk-8112201.jpg?resize=350%2C200&ssl=1 1x, https:\/\/i0.wp.com\/kohenavocats.com\/wp-content\/uploads\/2024\/06\/pexels-pavel-danilyuk-8112201.jpg?resize=525%2C300&ssl=1 1.5x, https:\/\/i0.wp.com\/kohenavocats.com\/wp-content\/uploads\/2024\/06\/pexels-pavel-danilyuk-8112201.jpg?resize=700%2C400&ssl=1 2x, https:\/\/i0.wp.com\/kohenavocats.com\/wp-content\/uploads\/2024\/06\/pexels-pavel-danilyuk-8112201.jpg?resize=1050%2C600&ssl=1 3x, https:\/\/i0.wp.com\/kohenavocats.com\/wp-content\/uploads\/2024\/06\/pexels-pavel-danilyuk-8112201.jpg?resize=1400%2C800&ssl=1 4x"},"classes":[]},{"id":37142,"url":"https:\/\/kohenavocats.com\/en\/cour-dappel-de-basse-terre-le-7-juillet-2025-n24-00839\/","url_meta":{"origin":642938,"position":3},"title":"Cour d&#8217;appel de Basse-Terre, le 7 juillet 2025, n\u00b024\/00839","author":"Kohen","date":"6 November 2025","format":false,"excerpt":"Rendue par la cour d\u2019appel de Basse-Terre, chambre sociale, le 7 juillet 2025, la d\u00e9cision confirme l\u2019irrecevabilit\u00e9 d\u2019une opposition form\u00e9e contre une contrainte de recouvrement de cotisations sociales. L\u2019arr\u00eat tranche une question r\u00e9currente de proc\u00e9dure sociale : la motivation exig\u00e9e par l\u2019article R. 133-3 du code de la s\u00e9curit\u00e9 sociale\u2026","rel":"","context":"In &quot;Travaux Parlementaires&quot;","block_context":{"text":"Travaux Parlementaires","link":"https:\/\/kohenavocats.com\/category\/travaux-parlementaires\/"},"img":{"alt_text":"","src":"https:\/\/i0.wp.com\/kohenavocats.com\/wp-content\/uploads\/2024\/08\/isaiah-b-pwS850MaFYo-unsplash.webp?resize=350%2C200&ssl=1","width":350,"height":200,"srcset":"https:\/\/i0.wp.com\/kohenavocats.com\/wp-content\/uploads\/2024\/08\/isaiah-b-pwS850MaFYo-unsplash.webp?resize=350%2C200&ssl=1 1x, https:\/\/i0.wp.com\/kohenavocats.com\/wp-content\/uploads\/2024\/08\/isaiah-b-pwS850MaFYo-unsplash.webp?resize=525%2C300&ssl=1 1.5x, https:\/\/i0.wp.com\/kohenavocats.com\/wp-content\/uploads\/2024\/08\/isaiah-b-pwS850MaFYo-unsplash.webp?resize=700%2C400&ssl=1 2x, https:\/\/i0.wp.com\/kohenavocats.com\/wp-content\/uploads\/2024\/08\/isaiah-b-pwS850MaFYo-unsplash.webp?resize=1050%2C600&ssl=1 3x, https:\/\/i0.wp.com\/kohenavocats.com\/wp-content\/uploads\/2024\/08\/isaiah-b-pwS850MaFYo-unsplash.webp?resize=1400%2C800&ssl=1 4x"},"classes":[]},{"id":45122,"url":"https:\/\/kohenavocats.com\/en\/tribunal-judiciaire-de-amiens-le-16-juin-2025-n25-00124\/","url_meta":{"origin":642938,"position":4},"title":"Tribunal judiciaire de Amiens, le 16 juin 2025, n\u00b025\/00124","author":"Kohen","date":"7 November 2025","format":false,"excerpt":"Le tribunal judiciaire d\u2019Amiens, 16 juin 2025, est saisi d\u2019une opposition \u00e0 contrainte \u00e9mise pour le recouvrement d\u2019un indu d\u2019allocations d\u2019aide au retour \u00e0 l\u2019emploi. La contrainte, signifi\u00e9e le 20 janvier 2025, porte sur 780,99 euros et fait suite \u00e0 des versements intervenus pendant un arr\u00eat de travail ouvrant droit\u2026","rel":"","context":"In &quot;D\u00e9cisions juridiques&quot;","block_context":{"text":"D\u00e9cisions juridiques","link":"https:\/\/kohenavocats.com\/category\/decisions-juridiques\/"},"img":{"alt_text":"","src":"https:\/\/i0.wp.com\/kohenavocats.com\/wp-content\/uploads\/2024\/08\/kylie-paz-cbl1K6yJlDI-unsplash-1.webp?resize=350%2C200&ssl=1","width":350,"height":200,"srcset":"https:\/\/i0.wp.com\/kohenavocats.com\/wp-content\/uploads\/2024\/08\/kylie-paz-cbl1K6yJlDI-unsplash-1.webp?resize=350%2C200&ssl=1 1x, https:\/\/i0.wp.com\/kohenavocats.com\/wp-content\/uploads\/2024\/08\/kylie-paz-cbl1K6yJlDI-unsplash-1.webp?resize=525%2C300&ssl=1 1.5x, https:\/\/i0.wp.com\/kohenavocats.com\/wp-content\/uploads\/2024\/08\/kylie-paz-cbl1K6yJlDI-unsplash-1.webp?resize=700%2C400&ssl=1 2x, https:\/\/i0.wp.com\/kohenavocats.com\/wp-content\/uploads\/2024\/08\/kylie-paz-cbl1K6yJlDI-unsplash-1.webp?resize=1050%2C600&ssl=1 3x, https:\/\/i0.wp.com\/kohenavocats.com\/wp-content\/uploads\/2024\/08\/kylie-paz-cbl1K6yJlDI-unsplash-1.webp?resize=1400%2C800&ssl=1 4x"},"classes":[]},{"id":632461,"url":"https:\/\/kohenavocats.com\/en\/tribunal-judiciaire-de-paris-le-15-janvier-2025-n24-02367\/","url_meta":{"origin":642938,"position":5},"title":"Tribunal judiciaire de Paris, le 15 janvier 2025, n\u00b024\/02367","author":"Kohen","date":"21 April 2026","format":false,"excerpt":"Le tribunal judiciaire de Paris, le 15 janvier 2025, a statu\u00e9 sur une opposition \u00e0 une contrainte \u00e9mise par l\u2019URSSAF. La soci\u00e9t\u00e9 d\u00e9biteur avait form\u00e9 son rec...","rel":"","context":"In &quot;Jurisprudence&quot;","block_context":{"text":"Jurisprudence","link":"https:\/\/kohenavocats.com\/category\/jurisprudence\/"},"img":{"alt_text":"","src":"https:\/\/i0.wp.com\/kohenavocats.com\/wp-content\/uploads\/2024\/11\/zyanya-citlalli-ypy0AuAozUo-unsplash.webp?resize=350%2C200&ssl=1","width":350,"height":200,"srcset":"https:\/\/i0.wp.com\/kohenavocats.com\/wp-content\/uploads\/2024\/11\/zyanya-citlalli-ypy0AuAozUo-unsplash.webp?resize=350%2C200&ssl=1 1x, https:\/\/i0.wp.com\/kohenavocats.com\/wp-content\/uploads\/2024\/11\/zyanya-citlalli-ypy0AuAozUo-unsplash.webp?resize=525%2C300&ssl=1 1.5x, https:\/\/i0.wp.com\/kohenavocats.com\/wp-content\/uploads\/2024\/11\/zyanya-citlalli-ypy0AuAozUo-unsplash.webp?resize=700%2C400&ssl=1 2x, https:\/\/i0.wp.com\/kohenavocats.com\/wp-content\/uploads\/2024\/11\/zyanya-citlalli-ypy0AuAozUo-unsplash.webp?resize=1050%2C600&ssl=1 3x, https:\/\/i0.wp.com\/kohenavocats.com\/wp-content\/uploads\/2024\/11\/zyanya-citlalli-ypy0AuAozUo-unsplash.webp?resize=1400%2C800&ssl=1 4x"},"classes":[]}],"jetpack_sharing_enabled":true,"_links":{"self":[{"href":"https:\/\/kohenavocats.com\/en\/wp-json\/wp\/v2\/posts\/642938","targetHints":{"allow":["GET"]}}],"collection":[{"href":"https:\/\/kohenavocats.com\/en\/wp-json\/wp\/v2\/posts"}],"about":[{"href":"https:\/\/kohenavocats.com\/en\/wp-json\/wp\/v2\/types\/post"}],"author":[{"embeddable":true,"href":"https:\/\/kohenavocats.com\/en\/wp-json\/wp\/v2\/users\/232070755"}],"replies":[{"embeddable":true,"href":"https:\/\/kohenavocats.com\/en\/wp-json\/wp\/v2\/comments?post=642938"}],"version-history":[{"count":0,"href":"https:\/\/kohenavocats.com\/en\/wp-json\/wp\/v2\/posts\/642938\/revisions"}],"wp:featuredmedia":[{"embeddable":true,"href":"https:\/\/kohenavocats.com\/en\/wp-json\/wp\/v2\/media\/9439"}],"wp:attachment":[{"href":"https:\/\/kohenavocats.com\/en\/wp-json\/wp\/v2\/media?parent=642938"}],"wp:term":[{"taxonomy":"category","embeddable":true,"href":"https:\/\/kohenavocats.com\/en\/wp-json\/wp\/v2\/categories?post=642938"},{"taxonomy":"post_tag","embeddable":true,"href":"https:\/\/kohenavocats.com\/en\/wp-json\/wp\/v2\/tags?post=642938"}],"curies":[{"name":"wp","href":"https:\/\/api.w.org\/{rel}","templated":true}]}}