{"id":642954,"date":"2026-04-22T02:29:52","date_gmt":"2026-04-22T00:29:52","guid":{"rendered":"https:\/\/kohenavocats.com\/cour-dappel-de-montpellier-le-8-octobre-2025-n22-04514\/"},"modified":"2026-04-22T02:29:52","modified_gmt":"2026-04-22T00:29:52","slug":"cour-dappel-de-montpellier-le-8-octobre-2025-n22-04514","status":"publish","type":"post","link":"https:\/\/kohenavocats.com\/en\/cour-dappel-de-montpellier-le-8-octobre-2025-n22-04514\/","title":{"rendered":"Cour d&#8217;appel de Montpellier, le 8 octobre 2025, n\u00b022\/04514"},"content":{"rendered":"<div class=\"article-content\">\n<p>La cour d&#8217;appel de Montpellier, dans un arr\u00eat du 8 octobre 2025, statue sur une demande d&#8217;indemnisation cons\u00e9cutive \u00e0 un accident de la circulation. Un pi\u00e9ton, victime d&#8217;un choc avec un v\u00e9hicule, assigne l&#8217;assureur du conducteur et sa mutuelle pour la r\u00e9paration de son pr\u00e9judice corporel. L&#8217;assureur oppose l&#8217;irrecevabilit\u00e9 de la demande au motif que l&#8217;organisme social comp\u00e9tent n&#8217;a pas \u00e9t\u00e9 appel\u00e9 en cause. Le tribunal judiciaire, saisi en premier ressort, ordonne la r\u00e9ouverture des d\u00e9bats pour r\u00e9gulariser la proc\u00e9dure. La solution retenue souligne l&#8217;importance du strict respect des formalit\u00e9s impos\u00e9es par l&#8217;article L. 376-1 du code de la s\u00e9curit\u00e9 sociale pour la recevabilit\u00e9 de l&#8217;action.<\/p>\n<p>L&#8217;obligation proc\u00e9durale de l&#8217;appel en cause de l&#8217;organisme social<\/p>\n<p>Le formalisme impos\u00e9 par l&#8217;article L. 376-1 du code de la s\u00e9curit\u00e9 sociale constitue une condition substantielle de la proc\u00e9dure d&#8217;indemnisation. Le texte pr\u00e9voit que l&#8217;assur\u00e9 social doit indiquer la qualit\u00e9 de la victime et appeler en cause les caisses de s\u00e9curit\u00e9 sociale comp\u00e9tentes. Le tribunal constate que cette obligation n&#8217;a pas \u00e9t\u00e9 respect\u00e9e en l&#8217;esp\u00e8ce, malgr\u00e9 la mise en cause d&#8217;une mutuelle. Il rel\u00e8ve que &#8220;au regard du d\u00e9compte de la Caisse Primaire d&#8217;Assurance Maladie de l&#8217;H\u00e9rault produit par la d\u00e9fenderesse, il appara\u00eet que [la victime] n&#8217;a pas appel\u00e9 dans la cause son organisme social \u00e0 la date de l\u2019accident&#8221; (Motifs de la d\u00e9cision). Cette disposition l\u00e9gale est interpr\u00e9t\u00e9e de mani\u00e8re imp\u00e9rative par le juge, qui en fait une condition de validit\u00e9 de la proc\u00e9dure. La port\u00e9e de cette exigence est renforc\u00e9e par la sanction de nullit\u00e9 pr\u00e9vue par le texte en cas de manquement. Cette jurisprudence rappelle ainsi le caract\u00e8re d&#8217;ordre public de la r\u00e8gle, qui vise \u00e0 garantir les droits de recours des organismes sociaux.<\/p>\n<p>La sanction du d\u00e9faut d&#8217;appel en cause : la r\u00e9ouverture des d\u00e9bats<\/p>\n<p>Face \u00e0 ce manquement proc\u00e9dural, le tribunal ordonne une mesure corrective plut\u00f4t que l&#8217;irrecevabilit\u00e9 pure et simple. Il d\u00e9cide de la r\u00e9ouverture des d\u00e9bats pour permettre \u00e0 la victime de r\u00e9gulariser sa situation. Le jugement pr\u00e9cise qu&#8217;il &#8220;y a lieu d\u2019ordonner la r\u00e9ouverture des d\u00e9bats, afin que ce dernier appelle dans la cause la Caisse Primaire d\u2019Assurance Maladie de l\u2019H\u00e9rault&#8221; (Motifs de la d\u00e9cision). Cette solution pragmatique permet de sauvegarder le droit \u00e0 indemnisation de la victime tout en respectant les pr\u00e9rogatives de l&#8217;organisme payeur. Elle s&#8217;inscrit en coh\u00e9rence avec une jurisprudence ant\u00e9rieure qui privil\u00e9gie la r\u00e9gularisation proc\u00e9durale. Un tribunal judiciaire avait ainsi d\u00e9j\u00e0 jug\u00e9 qu&#8217;il y avait lieu &#8220;d\u2019ordonner la r\u00e9vocation de l\u2019ordonnance de cl\u00f4ture et la r\u00e9ouverture des d\u00e9bats&#8221; en cas d&#8217;incertitude sur l&#8217;organisme social concern\u00e9 (Tribunal judiciaire de Tours, le 21 janvier 2025, n\u00b022\/04525). La d\u00e9cision comment\u00e9e confirme cette approche et en pr\u00e9cise le cadre.<\/p>\n<p>L&#8217;incidence sur la sanction du doublement des int\u00e9r\u00eats l\u00e9gaux<\/p>\n<p>La r\u00e9gularisation proc\u00e9durale n\u00e9cessaire reporte l&#8217;examen du fond, notamment la demande de doublement des int\u00e9r\u00eats. La victime soutenait que l&#8217;offre de l&#8217;assureur \u00e9tait manifestement insuffisante et justifiait cette sanction pr\u00e9vue \u00e0 l&#8217;article L. 211-13 du code des assurances. Le tribunal ne statue pas sur ce point, renvoyant son appr\u00e9ciation apr\u00e8s l&#8217;appel en cause de la caisse. Cette question devra \u00eatre r\u00e9examin\u00e9e \u00e0 l&#8217;aune de l&#8217;offre d\u00e9finitive, qui devra int\u00e9grer la cr\u00e9ance de l&#8217;organisme social. Une jurisprudence rappelle en effet que &#8220;l&#8217;offre de l&#8217;assureur lorsque celle-ci est simplement jug\u00e9e tardive, ce qui suppose qu&#8217;elle inclut tous les chefs de demandes et notamment qu&#8217;elle constitue une offre d\u00e9taill\u00e9e mentionnant les cr\u00e9ances des organismes sociaux&#8221; (Cour d&#8217;appel de Bordeaux, le 1 juillet 2025, n\u00b025\/02899). La port\u00e9e de la d\u00e9cision est donc de subordonner l&#8217;examen de la sanction p\u00e9cuniaire au respect pr\u00e9alable des r\u00e8gles de proc\u00e9dure sociale. Elle souligne l&#8217;interd\u00e9pendance entre la r\u00e9gularit\u00e9 de l&#8217;offre et la recevabilit\u00e9 de la demande principale.<\/p>\n<p>La cons\u00e9quence sur la liquidation du pr\u00e9judice corporel<\/p>\n<p>L&#8217;ordonnance de r\u00e9ouverture des d\u00e9bats suspend \u00e9galement la liquidation d\u00e9taill\u00e9e des chefs de pr\u00e9judice. Le tribunal ne se prononce pas sur le quantum des diff\u00e9rents postes de dommages r\u00e9clam\u00e9s par la victime. Il renvoie l&#8217;ensemble de la liquidation \u00e0 une phase ult\u00e9rieure, apr\u00e8s la r\u00e9gularisation de la proc\u00e9dure. La d\u00e9cision indique que la r\u00e9ouverture vise \u00e0 ce que &#8220;les parties concluent \u00e0 nouveau, le cas \u00e9ch\u00e9ant, au regard du d\u00e9compte d\u00e9finitif des d\u00e9bours&#8221; (Par ces motifs). Cette suspension est logique car le d\u00e9compte de l&#8217;organisme social affecte directement l&#8217;\u00e9valuation des d\u00e9penses de sant\u00e9 actuelles. La valeur de l&#8217;arr\u00eat r\u00e9side dans le rappel que la r\u00e9paration int\u00e9grale du pr\u00e9judice ne peut intervenir qu&#8217;apr\u00e8s la consolidation des int\u00e9r\u00eats de tous les intervenants. Elle affirme la primaut\u00e9 des r\u00e8gles de proc\u00e9dure collective sur l&#8217;examen individuel des chefs de pr\u00e9judice, garantissant ainsi la s\u00e9curit\u00e9 juridique des d\u00e9bats.<\/p>\n<\/div>\n","protected":false},"excerpt":{"rendered":"<p>La cour d&#8217;appel de Montpellier, dans un arr\u00eat du 8 octobre 2025, statue sur une demande d&#8217;indemnisation cons\u00e9cutive \u00e0 un accident de la circulation. Un pi\u00e9to&#8230;<\/p>\n","protected":false},"author":232070755,"featured_media":4758,"comment_status":"open","ping_status":"open","sticky":false,"template":"","format":"standard","meta":{"_crdt_document":"","_jetpack_newsletter_access":"","_jetpack_dont_email_post_to_subs":false,"_jetpack_newsletter_tier_id":0,"_jetpack_memberships_contains_paywalled_content":false,"_kj_source_type":"","_kj_official_id":"","_kj_official_url":"","_kj_judilibre_id":"","_kj_jur":"","_kj_lieu":"","_kj_chambre":"","_kj_rg":"","_kj_date":"","_jetpack_memberships_contains_paid_content":false,"footnotes":"","jetpack_post_was_ever_published":false},"categories":[7597],"tags":[],"class_list":["post-642954","post","type-post","status-publish","format-standard","has-post-thumbnail","hentry","category-jurisprudence"],"yoast_head":"<!-- This site is optimized with the Yoast SEO Premium plugin v27.5 (Yoast SEO v27.5) - https:\/\/yoast.com\/product\/yoast-seo-premium-wordpress\/ -->\n<title>Cour d&#039;appel de Montpellier, le 8 octobre 2025, n\u00b022\/04514 - Ma\u00eetre Hassan Kohen, avocat en droit p\u00e9nal \u00e0 Paris<\/title>\n<meta name=\"description\" content=\"La cour d&#039;appel de Montpellier, dans un arr\u00eat du 8 octobre 2025, statue sur une demande d&#039;indemnisation cons\u00e9cutive \u00e0 un accident de la circulation. Un pi\u00e9to...\" \/>\n<meta name=\"robots\" content=\"index, follow, max-snippet:-1, max-image-preview:large, max-video-preview:-1\" \/>\n<link rel=\"canonical\" href=\"https:\/\/kohenavocats.com\/en\/cour-dappel-de-montpellier-le-8-octobre-2025-n22-04514\/\" \/>\n<meta property=\"og:locale\" content=\"en_US\" \/>\n<meta property=\"og:type\" content=\"article\" \/>\n<meta property=\"og:title\" content=\"Cour d&#039;appel de Montpellier, le 8 octobre 2025, n\u00b022\/04514\" \/>\n<meta property=\"og:description\" content=\"La cour d&#039;appel de Montpellier, dans un arr\u00eat du 8 octobre 2025, statue sur une demande d&#039;indemnisation cons\u00e9cutive \u00e0 un accident de la circulation. Un pi\u00e9to...\" \/>\n<meta property=\"og:url\" content=\"https:\/\/kohenavocats.com\/en\/cour-dappel-de-montpellier-le-8-octobre-2025-n22-04514\/\" \/>\n<meta property=\"og:site_name\" content=\"Ma\u00eetre Hassan Kohen, avocat en droit p\u00e9nal \u00e0 Paris\" \/>\n<meta property=\"article:published_time\" content=\"2026-04-22T00:29:52+00:00\" \/>\n<meta property=\"og:image\" content=\"https:\/\/kohenavocats.com\/wp-content\/uploads\/2024\/08\/lisa-IfngoxB5ORA-unsplash.webp\" \/>\n\t<meta property=\"og:image:width\" content=\"2592\" \/>\n\t<meta property=\"og:image:height\" content=\"1944\" \/>\n\t<meta property=\"og:image:type\" content=\"image\/webp\" \/>\n<meta name=\"author\" content=\"Kohen\" \/>\n<meta name=\"twitter:card\" content=\"summary_large_image\" \/>\n<meta name=\"twitter:label1\" content=\"Written by\" \/>\n\t<meta name=\"twitter:data1\" content=\"Kohen\" \/>\n\t<meta name=\"twitter:label2\" content=\"Est. reading time\" \/>\n\t<meta name=\"twitter:data2\" content=\"4 minutes\" \/>\n<script type=\"application\/ld+json\" class=\"yoast-schema-graph\">{\"@context\":\"https:\\\/\\\/schema.org\",\"@graph\":[{\"@type\":\"Article\",\"@id\":\"https:\\\/\\\/kohenavocats.com\\\/en\\\/cour-dappel-de-montpellier-le-8-octobre-2025-n22-04514\\\/#article\",\"isPartOf\":{\"@id\":\"https:\\\/\\\/kohenavocats.com\\\/en\\\/cour-dappel-de-montpellier-le-8-octobre-2025-n22-04514\\\/\"},\"author\":{\"name\":\"Kohen\",\"@id\":\"https:\\\/\\\/kohenavocats.com\\\/en\\\/#\\\/schema\\\/person\\\/761c9ba54fa1ca84d405cef0831ff751\"},\"headline\":\"Cour d&#8217;appel de Montpellier, le 8 octobre 2025, n\u00b022\\\/04514\",\"datePublished\":\"2026-04-22T00:29:52+00:00\",\"mainEntityOfPage\":{\"@id\":\"https:\\\/\\\/kohenavocats.com\\\/en\\\/cour-dappel-de-montpellier-le-8-octobre-2025-n22-04514\\\/\"},\"wordCount\":943,\"commentCount\":0,\"publisher\":{\"@id\":\"https:\\\/\\\/kohenavocats.com\\\/en\\\/#organization\"},\"image\":{\"@id\":\"https:\\\/\\\/kohenavocats.com\\\/en\\\/cour-dappel-de-montpellier-le-8-octobre-2025-n22-04514\\\/#primaryimage\"},\"thumbnailUrl\":\"https:\\\/\\\/kohenavocats.com\\\/wp-content\\\/uploads\\\/2024\\\/08\\\/lisa-IfngoxB5ORA-unsplash.webp\",\"articleSection\":[\"Jurisprudence\"],\"inLanguage\":\"en-US\",\"potentialAction\":[{\"@type\":\"CommentAction\",\"name\":\"Comment\",\"target\":[\"https:\\\/\\\/kohenavocats.com\\\/en\\\/cour-dappel-de-montpellier-le-8-octobre-2025-n22-04514\\\/#respond\"]}],\"citation\":\"Cour d&#8217;appel de Montpellier, le 8 octobre 2025, n\u00b022\\\/04514\",\"about\":[{\"@type\":\"Thing\",\"name\":\"Jurisprudence\"}],\"dateModified\":\"2026-04-22T00:29:52+00:00\",\"speakable\":{\"@type\":\"SpeakableSpecification\",\"cssSelector\":[\".article-content > p:first-of-type\"]}},{\"@type\":\"WebPage\",\"@id\":\"https:\\\/\\\/kohenavocats.com\\\/en\\\/cour-dappel-de-montpellier-le-8-octobre-2025-n22-04514\\\/\",\"url\":\"https:\\\/\\\/kohenavocats.com\\\/en\\\/cour-dappel-de-montpellier-le-8-octobre-2025-n22-04514\\\/\",\"name\":\"Cour d'appel de Montpellier, le 8 octobre 2025, n\u00b022\\\/04514 - Ma\u00eetre Hassan Kohen, avocat en droit p\u00e9nal \u00e0 Paris\",\"isPartOf\":{\"@id\":\"https:\\\/\\\/kohenavocats.com\\\/en\\\/#website\"},\"primaryImageOfPage\":{\"@id\":\"https:\\\/\\\/kohenavocats.com\\\/en\\\/cour-dappel-de-montpellier-le-8-octobre-2025-n22-04514\\\/#primaryimage\"},\"image\":{\"@id\":\"https:\\\/\\\/kohenavocats.com\\\/en\\\/cour-dappel-de-montpellier-le-8-octobre-2025-n22-04514\\\/#primaryimage\"},\"thumbnailUrl\":\"https:\\\/\\\/kohenavocats.com\\\/wp-content\\\/uploads\\\/2024\\\/08\\\/lisa-IfngoxB5ORA-unsplash.webp\",\"datePublished\":\"2026-04-22T00:29:52+00:00\",\"description\":\"La cour d'appel de Montpellier, dans un arr\u00eat du 8 octobre 2025, statue sur une demande d'indemnisation cons\u00e9cutive \u00e0 un accident de la circulation. Un pi\u00e9to...\",\"breadcrumb\":{\"@id\":\"https:\\\/\\\/kohenavocats.com\\\/en\\\/cour-dappel-de-montpellier-le-8-octobre-2025-n22-04514\\\/#breadcrumb\"},\"inLanguage\":\"en-US\",\"potentialAction\":[{\"@type\":\"ReadAction\",\"target\":[\"https:\\\/\\\/kohenavocats.com\\\/en\\\/cour-dappel-de-montpellier-le-8-octobre-2025-n22-04514\\\/\"]}]},{\"@type\":\"ImageObject\",\"inLanguage\":\"en-US\",\"@id\":\"https:\\\/\\\/kohenavocats.com\\\/en\\\/cour-dappel-de-montpellier-le-8-octobre-2025-n22-04514\\\/#primaryimage\",\"url\":\"https:\\\/\\\/kohenavocats.com\\\/wp-content\\\/uploads\\\/2024\\\/08\\\/lisa-IfngoxB5ORA-unsplash.webp\",\"contentUrl\":\"https:\\\/\\\/kohenavocats.com\\\/wp-content\\\/uploads\\\/2024\\\/08\\\/lisa-IfngoxB5ORA-unsplash.webp\",\"width\":2592,\"height\":1944},{\"@type\":\"BreadcrumbList\",\"@id\":\"https:\\\/\\\/kohenavocats.com\\\/en\\\/cour-dappel-de-montpellier-le-8-octobre-2025-n22-04514\\\/#breadcrumb\",\"itemListElement\":[{\"@type\":\"ListItem\",\"position\":1,\"name\":\"Home\",\"item\":\"https:\\\/\\\/kohenavocats.com\\\/en\\\/criminal-law-attorneys-in-paris-counsel-and-strategic-defense\\\/\"},{\"@type\":\"ListItem\",\"position\":2,\"name\":\"Cour d&rsquo;appel de Montpellier, le 8 octobre 2025, n\u00b022\\\/04514\"}]},{\"@type\":\"WebSite\",\"@id\":\"https:\\\/\\\/kohenavocats.com\\\/en\\\/#website\",\"url\":\"https:\\\/\\\/kohenavocats.com\\\/en\\\/\",\"name\":\"Kohen Avocats\",\"description\":\"Ma\u00eetre Hassan Kohen, avocat p\u00e9naliste \u00e0 Paris, intervient exclusivement en droit p\u00e9nal pour la d\u00e9fense des particuliers, notamment en mati\u00e8re d\u2019accusations de viol. Il assure un accompagnement rigoureux d\u00e8s la garde \u00e0 vue jusqu\u2019\u00e0 la Cour d\u2019assises, veillant au strict respect des garanties proc\u00e9durales.\",\"publisher\":{\"@id\":\"https:\\\/\\\/kohenavocats.com\\\/en\\\/#organization\"},\"potentialAction\":[{\"@type\":\"SearchAction\",\"target\":{\"@type\":\"EntryPoint\",\"urlTemplate\":\"https:\\\/\\\/kohenavocats.com\\\/en\\\/?s={search_term_string}\"},\"query-input\":{\"@type\":\"PropertyValueSpecification\",\"valueRequired\":true,\"valueName\":\"search_term_string\"}}],\"inLanguage\":\"en-US\"},{\"@type\":\"Organization\",\"@id\":\"https:\\\/\\\/kohenavocats.com\\\/en\\\/#organization\",\"name\":\"Kohen Avocats\",\"url\":\"https:\\\/\\\/kohenavocats.com\\\/en\\\/\",\"logo\":{\"@type\":\"ImageObject\",\"inLanguage\":\"en-US\",\"@id\":\"https:\\\/\\\/kohenavocats.com\\\/en\\\/#\\\/schema\\\/logo\\\/image\\\/\",\"url\":\"https:\\\/\\\/kohenavocats.com\\\/wp-content\\\/uploads\\\/2026\\\/01\\\/Logo-2-1.webp\",\"contentUrl\":\"https:\\\/\\\/kohenavocats.com\\\/wp-content\\\/uploads\\\/2026\\\/01\\\/Logo-2-1.webp\",\"width\":2114,\"height\":1253,\"caption\":\"Kohen Avocats\"},\"image\":{\"@id\":\"https:\\\/\\\/kohenavocats.com\\\/en\\\/#\\\/schema\\\/logo\\\/image\\\/\"}},{\"@type\":\"Person\",\"@id\":\"https:\\\/\\\/kohenavocats.com\\\/en\\\/#\\\/schema\\\/person\\\/761c9ba54fa1ca84d405cef0831ff751\",\"name\":\"Kohen\",\"image\":{\"@type\":\"ImageObject\",\"inLanguage\":\"en-US\",\"@id\":\"https:\\\/\\\/secure.gravatar.com\\\/avatar\\\/1c5e76ef76bbbfdd2b4da984e2bf2fa4056fd51a27d25ce2c332047f1dfd6e00?s=96&d=identicon&r=g\",\"url\":\"https:\\\/\\\/secure.gravatar.com\\\/avatar\\\/1c5e76ef76bbbfdd2b4da984e2bf2fa4056fd51a27d25ce2c332047f1dfd6e00?s=96&d=identicon&r=g\",\"contentUrl\":\"https:\\\/\\\/secure.gravatar.com\\\/avatar\\\/1c5e76ef76bbbfdd2b4da984e2bf2fa4056fd51a27d25ce2c332047f1dfd6e00?s=96&d=identicon&r=g\",\"caption\":\"Kohen\"},\"sameAs\":[\"https:\\\/\\\/www.linkedin.com\\\/in\\\/hassan-kohen-448548192\\\/\",\"https:\\\/\\\/www.youtube.com\\\/@Kohen-Avocats\"],\"url\":\"https:\\\/\\\/kohenavocats.com\\\/en\\\/author\\\/kohenmlk\\\/\"}]}<\/script>\n<!-- \/ Yoast SEO Premium plugin. -->","yoast_head_json":{"title":"Cour d'appel de Montpellier, le 8 octobre 2025, n\u00b022\/04514 - Ma\u00eetre Hassan Kohen, avocat en droit p\u00e9nal \u00e0 Paris","description":"La cour d'appel de Montpellier, dans un arr\u00eat du 8 octobre 2025, statue sur une demande d'indemnisation cons\u00e9cutive \u00e0 un accident de la circulation. Un pi\u00e9to...","robots":{"index":"index","follow":"follow","max-snippet":"max-snippet:-1","max-image-preview":"max-image-preview:large","max-video-preview":"max-video-preview:-1"},"canonical":"https:\/\/kohenavocats.com\/en\/cour-dappel-de-montpellier-le-8-octobre-2025-n22-04514\/","og_locale":"en_US","og_type":"article","og_title":"Cour d'appel de Montpellier, le 8 octobre 2025, n\u00b022\/04514","og_description":"La cour d'appel de Montpellier, dans un arr\u00eat du 8 octobre 2025, statue sur une demande d'indemnisation cons\u00e9cutive \u00e0 un accident de la circulation. Un pi\u00e9to...","og_url":"https:\/\/kohenavocats.com\/en\/cour-dappel-de-montpellier-le-8-octobre-2025-n22-04514\/","og_site_name":"Ma\u00eetre Hassan Kohen, avocat en droit p\u00e9nal \u00e0 Paris","article_published_time":"2026-04-22T00:29:52+00:00","og_image":[{"width":2592,"height":1944,"url":"https:\/\/kohenavocats.com\/wp-content\/uploads\/2024\/08\/lisa-IfngoxB5ORA-unsplash.webp","type":"image\/webp"}],"author":"Kohen","twitter_card":"summary_large_image","twitter_misc":{"Written by":"Kohen","Est. reading time":"4 minutes"},"schema":{"@context":"https:\/\/schema.org","@graph":[{"@type":"Article","@id":"https:\/\/kohenavocats.com\/en\/cour-dappel-de-montpellier-le-8-octobre-2025-n22-04514\/#article","isPartOf":{"@id":"https:\/\/kohenavocats.com\/en\/cour-dappel-de-montpellier-le-8-octobre-2025-n22-04514\/"},"author":{"name":"Kohen","@id":"https:\/\/kohenavocats.com\/en\/#\/schema\/person\/761c9ba54fa1ca84d405cef0831ff751"},"headline":"Cour d&#8217;appel de Montpellier, le 8 octobre 2025, n\u00b022\/04514","datePublished":"2026-04-22T00:29:52+00:00","mainEntityOfPage":{"@id":"https:\/\/kohenavocats.com\/en\/cour-dappel-de-montpellier-le-8-octobre-2025-n22-04514\/"},"wordCount":943,"commentCount":0,"publisher":{"@id":"https:\/\/kohenavocats.com\/en\/#organization"},"image":{"@id":"https:\/\/kohenavocats.com\/en\/cour-dappel-de-montpellier-le-8-octobre-2025-n22-04514\/#primaryimage"},"thumbnailUrl":"https:\/\/kohenavocats.com\/wp-content\/uploads\/2024\/08\/lisa-IfngoxB5ORA-unsplash.webp","articleSection":["Jurisprudence"],"inLanguage":"en-US","potentialAction":[{"@type":"CommentAction","name":"Comment","target":["https:\/\/kohenavocats.com\/en\/cour-dappel-de-montpellier-le-8-octobre-2025-n22-04514\/#respond"]}],"citation":"Cour d&#8217;appel de Montpellier, le 8 octobre 2025, n\u00b022\/04514","about":[{"@type":"Thing","name":"Jurisprudence"}],"dateModified":"2026-04-22T00:29:52+00:00","speakable":{"@type":"SpeakableSpecification","cssSelector":[".article-content > p:first-of-type"]}},{"@type":"WebPage","@id":"https:\/\/kohenavocats.com\/en\/cour-dappel-de-montpellier-le-8-octobre-2025-n22-04514\/","url":"https:\/\/kohenavocats.com\/en\/cour-dappel-de-montpellier-le-8-octobre-2025-n22-04514\/","name":"Cour d'appel de Montpellier, le 8 octobre 2025, n\u00b022\/04514 - Ma\u00eetre Hassan Kohen, avocat en droit p\u00e9nal \u00e0 Paris","isPartOf":{"@id":"https:\/\/kohenavocats.com\/en\/#website"},"primaryImageOfPage":{"@id":"https:\/\/kohenavocats.com\/en\/cour-dappel-de-montpellier-le-8-octobre-2025-n22-04514\/#primaryimage"},"image":{"@id":"https:\/\/kohenavocats.com\/en\/cour-dappel-de-montpellier-le-8-octobre-2025-n22-04514\/#primaryimage"},"thumbnailUrl":"https:\/\/kohenavocats.com\/wp-content\/uploads\/2024\/08\/lisa-IfngoxB5ORA-unsplash.webp","datePublished":"2026-04-22T00:29:52+00:00","description":"La cour d'appel de Montpellier, dans un arr\u00eat du 8 octobre 2025, statue sur une demande d'indemnisation cons\u00e9cutive \u00e0 un accident de la circulation. Un pi\u00e9to...","breadcrumb":{"@id":"https:\/\/kohenavocats.com\/en\/cour-dappel-de-montpellier-le-8-octobre-2025-n22-04514\/#breadcrumb"},"inLanguage":"en-US","potentialAction":[{"@type":"ReadAction","target":["https:\/\/kohenavocats.com\/en\/cour-dappel-de-montpellier-le-8-octobre-2025-n22-04514\/"]}]},{"@type":"ImageObject","inLanguage":"en-US","@id":"https:\/\/kohenavocats.com\/en\/cour-dappel-de-montpellier-le-8-octobre-2025-n22-04514\/#primaryimage","url":"https:\/\/kohenavocats.com\/wp-content\/uploads\/2024\/08\/lisa-IfngoxB5ORA-unsplash.webp","contentUrl":"https:\/\/kohenavocats.com\/wp-content\/uploads\/2024\/08\/lisa-IfngoxB5ORA-unsplash.webp","width":2592,"height":1944},{"@type":"BreadcrumbList","@id":"https:\/\/kohenavocats.com\/en\/cour-dappel-de-montpellier-le-8-octobre-2025-n22-04514\/#breadcrumb","itemListElement":[{"@type":"ListItem","position":1,"name":"Home","item":"https:\/\/kohenavocats.com\/en\/criminal-law-attorneys-in-paris-counsel-and-strategic-defense\/"},{"@type":"ListItem","position":2,"name":"Cour d&rsquo;appel de Montpellier, le 8 octobre 2025, n\u00b022\/04514"}]},{"@type":"WebSite","@id":"https:\/\/kohenavocats.com\/en\/#website","url":"https:\/\/kohenavocats.com\/en\/","name":"Kohen Avocats","description":"Ma\u00eetre Hassan Kohen, avocat p\u00e9naliste \u00e0 Paris, intervient exclusivement en droit p\u00e9nal pour la d\u00e9fense des particuliers, notamment en mati\u00e8re d\u2019accusations de viol. Il assure un accompagnement rigoureux d\u00e8s la garde \u00e0 vue jusqu\u2019\u00e0 la Cour d\u2019assises, veillant au strict respect des garanties proc\u00e9durales.","publisher":{"@id":"https:\/\/kohenavocats.com\/en\/#organization"},"potentialAction":[{"@type":"SearchAction","target":{"@type":"EntryPoint","urlTemplate":"https:\/\/kohenavocats.com\/en\/?s={search_term_string}"},"query-input":{"@type":"PropertyValueSpecification","valueRequired":true,"valueName":"search_term_string"}}],"inLanguage":"en-US"},{"@type":"Organization","@id":"https:\/\/kohenavocats.com\/en\/#organization","name":"Kohen Avocats","url":"https:\/\/kohenavocats.com\/en\/","logo":{"@type":"ImageObject","inLanguage":"en-US","@id":"https:\/\/kohenavocats.com\/en\/#\/schema\/logo\/image\/","url":"https:\/\/kohenavocats.com\/wp-content\/uploads\/2026\/01\/Logo-2-1.webp","contentUrl":"https:\/\/kohenavocats.com\/wp-content\/uploads\/2026\/01\/Logo-2-1.webp","width":2114,"height":1253,"caption":"Kohen Avocats"},"image":{"@id":"https:\/\/kohenavocats.com\/en\/#\/schema\/logo\/image\/"}},{"@type":"Person","@id":"https:\/\/kohenavocats.com\/en\/#\/schema\/person\/761c9ba54fa1ca84d405cef0831ff751","name":"Kohen","image":{"@type":"ImageObject","inLanguage":"en-US","@id":"https:\/\/secure.gravatar.com\/avatar\/1c5e76ef76bbbfdd2b4da984e2bf2fa4056fd51a27d25ce2c332047f1dfd6e00?s=96&d=identicon&r=g","url":"https:\/\/secure.gravatar.com\/avatar\/1c5e76ef76bbbfdd2b4da984e2bf2fa4056fd51a27d25ce2c332047f1dfd6e00?s=96&d=identicon&r=g","contentUrl":"https:\/\/secure.gravatar.com\/avatar\/1c5e76ef76bbbfdd2b4da984e2bf2fa4056fd51a27d25ce2c332047f1dfd6e00?s=96&d=identicon&r=g","caption":"Kohen"},"sameAs":["https:\/\/www.linkedin.com\/in\/hassan-kohen-448548192\/","https:\/\/www.youtube.com\/@Kohen-Avocats"],"url":"https:\/\/kohenavocats.com\/en\/author\/kohenmlk\/"}]}},"jetpack_featured_media_url":"https:\/\/kohenavocats.com\/wp-content\/uploads\/2024\/08\/lisa-IfngoxB5ORA-unsplash.webp","jetpack_likes_enabled":false,"jetpack_shortlink":"https:\/\/wp.me\/peCrII-2Hge","jetpack-related-posts":[{"id":236885,"url":"https:\/\/kohenavocats.com\/en\/cour-dappel-de-montpellier-le-9-juillet-2025-n23-01981\/","url_meta":{"origin":642954,"position":0},"title":"Cour d&#8217;appel de Montpellier, le 9 juillet 2025, n\u00b023\/01981","author":"Kohen","date":"29 December 2025","format":false,"excerpt":"La protection de la salari\u00e9e au retour de son cong\u00e9 de maternit\u00e9 constitue un enjeu majeur du droit social fran\u00e7ais. L'arr\u00eat rendu par la Cour d'appel de Montpellier le 9 juillet 2025 illustre les difficult\u00e9s d'articulation entre les pr\u00e9rogatives de l'employeur et les garanties l\u00e9gales accord\u00e9es aux jeunes m\u00e8res.Une salari\u00e9e\u2026","rel":"","context":"In &quot;Cour d'appel&quot;","block_context":{"text":"Cour d'appel","link":"https:\/\/kohenavocats.com\/category\/cour-dappel\/"},"img":{"alt_text":"","src":"https:\/\/i0.wp.com\/kohenavocats.com\/wp-content\/uploads\/2024\/08\/louis-paulin-hoyM4lFB8S0-unsplash.webp?resize=350%2C200&ssl=1","width":350,"height":200,"srcset":"https:\/\/i0.wp.com\/kohenavocats.com\/wp-content\/uploads\/2024\/08\/louis-paulin-hoyM4lFB8S0-unsplash.webp?resize=350%2C200&ssl=1 1x, https:\/\/i0.wp.com\/kohenavocats.com\/wp-content\/uploads\/2024\/08\/louis-paulin-hoyM4lFB8S0-unsplash.webp?resize=525%2C300&ssl=1 1.5x, https:\/\/i0.wp.com\/kohenavocats.com\/wp-content\/uploads\/2024\/08\/louis-paulin-hoyM4lFB8S0-unsplash.webp?resize=700%2C400&ssl=1 2x, https:\/\/i0.wp.com\/kohenavocats.com\/wp-content\/uploads\/2024\/08\/louis-paulin-hoyM4lFB8S0-unsplash.webp?resize=1050%2C600&ssl=1 3x, https:\/\/i0.wp.com\/kohenavocats.com\/wp-content\/uploads\/2024\/08\/louis-paulin-hoyM4lFB8S0-unsplash.webp?resize=1400%2C800&ssl=1 4x"},"classes":[]},{"id":281245,"url":"https:\/\/kohenavocats.com\/en\/cour-de-justice-de-lunion-europeenne-le-16-janvier-2025-nc-376-23\/","url_meta":{"origin":642954,"position":1},"title":"Cour de justice de l&#8217;Union europ\u00e9enne, le 16 janvier 2025, n\u00b0C-376\/23","author":"Kohen","date":"12 January 2026","format":false,"excerpt":"La Cour de justice de l'Union europ\u00e9enne, par une d\u00e9cision du six octobre deux-mille-vingt-cinq, pr\u00e9cise l'interpr\u00e9tation du r\u00e8glement portant code des douanes de l'Union. Le litige concerne un titulaire d'autorisation d'activit\u00e9s en zone franche s'opposant \u00e0 l'administration nationale sur la r\u00e9gularit\u00e9 de la tenue de ses \u00e9critures comptables. L\u2019int\u00e9ress\u00e9 a\u2026","rel":"","context":"In &quot;Cour de justice de l'Union europeenne&quot;","block_context":{"text":"Cour de justice de l'Union europeenne","link":"https:\/\/kohenavocats.com\/category\/cour-de-justice-de-lunion-europeenne\/"},"img":{"alt_text":"","src":"https:\/\/i0.wp.com\/kohenavocats.com\/wp-content\/uploads\/2024\/11\/getty-images-H1-kEUjMDq4-unsplash.webp?resize=350%2C200&ssl=1","width":350,"height":200,"srcset":"https:\/\/i0.wp.com\/kohenavocats.com\/wp-content\/uploads\/2024\/11\/getty-images-H1-kEUjMDq4-unsplash.webp?resize=350%2C200&ssl=1 1x, https:\/\/i0.wp.com\/kohenavocats.com\/wp-content\/uploads\/2024\/11\/getty-images-H1-kEUjMDq4-unsplash.webp?resize=525%2C300&ssl=1 1.5x, https:\/\/i0.wp.com\/kohenavocats.com\/wp-content\/uploads\/2024\/11\/getty-images-H1-kEUjMDq4-unsplash.webp?resize=700%2C400&ssl=1 2x, https:\/\/i0.wp.com\/kohenavocats.com\/wp-content\/uploads\/2024\/11\/getty-images-H1-kEUjMDq4-unsplash.webp?resize=1050%2C600&ssl=1 3x, https:\/\/i0.wp.com\/kohenavocats.com\/wp-content\/uploads\/2024\/11\/getty-images-H1-kEUjMDq4-unsplash.webp?resize=1400%2C800&ssl=1 4x"},"classes":[]},{"id":268980,"url":"https:\/\/kohenavocats.com\/en\/tribunal-judiciaire-de-montpellier-le-23-juin-2025-n25-00480\/","url_meta":{"origin":642954,"position":2},"title":"Tribunal judiciaire de Montpellier, le 23 juin 2025, n\u00b025\/00480","author":"Kohen","date":"10 January 2026","format":false,"excerpt":"Par un jugement du Juge des contentieux de la protection du tribunal judiciaire de Montpellier, 23 juin 2025, une proc\u00e9dure de r\u00e9siliation de bail d\u2019habitation pour impay\u00e9s a \u00e9t\u00e9 tranch\u00e9e. Un bail d\u2019habitation sign\u00e9 en 2017 pr\u00e9voyait un loyer mensuel et une provision sur charges. Un commandement de payer a\u2026","rel":"","context":"In &quot;D\u00e9cisions juridiques&quot;","block_context":{"text":"D\u00e9cisions juridiques","link":"https:\/\/kohenavocats.com\/category\/decisions-juridiques\/"},"img":{"alt_text":"","src":"https:\/\/i0.wp.com\/kohenavocats.com\/wp-content\/uploads\/2024\/11\/anita-austvika-c3a-Tr6CM1Q-unsplash.webp?resize=350%2C200&ssl=1","width":350,"height":200,"srcset":"https:\/\/i0.wp.com\/kohenavocats.com\/wp-content\/uploads\/2024\/11\/anita-austvika-c3a-Tr6CM1Q-unsplash.webp?resize=350%2C200&ssl=1 1x, https:\/\/i0.wp.com\/kohenavocats.com\/wp-content\/uploads\/2024\/11\/anita-austvika-c3a-Tr6CM1Q-unsplash.webp?resize=525%2C300&ssl=1 1.5x, https:\/\/i0.wp.com\/kohenavocats.com\/wp-content\/uploads\/2024\/11\/anita-austvika-c3a-Tr6CM1Q-unsplash.webp?resize=700%2C400&ssl=1 2x, https:\/\/i0.wp.com\/kohenavocats.com\/wp-content\/uploads\/2024\/11\/anita-austvika-c3a-Tr6CM1Q-unsplash.webp?resize=1050%2C600&ssl=1 3x, https:\/\/i0.wp.com\/kohenavocats.com\/wp-content\/uploads\/2024\/11\/anita-austvika-c3a-Tr6CM1Q-unsplash.webp?resize=1400%2C800&ssl=1 4x"},"classes":[]},{"id":275341,"url":"https:\/\/kohenavocats.com\/en\/cour-dappel-administrative-de-bordeaux-le-11-decembre-2025-n23bx02863\/","url_meta":{"origin":642954,"position":3},"title":"Cour d&#8217;appel administrative de Bordeaux, le 11 d\u00e9cembre 2025, n\u00b023BX02863","author":"Kohen","date":"11 January 2026","format":false,"excerpt":"Par un arr\u00eat rendu le 11 d\u00e9cembre 2025, la Cour administrative d\u2019appel de Bordeaux pr\u00e9cise les conditions de reconnaissance d\u2019une infection nosocomiale. Un patient a subi une op\u00e9ration chirurgicale d'ost\u00e9osynth\u00e8se apr\u00e8s un accident de la circulation impliquant un v\u00e9hicule terrestre \u00e0 moteur. Apr\u00e8s son retour \u00e0 domicile, une migration de\u2026","rel":"","context":"In &quot;Cour administrative d'appel&quot;","block_context":{"text":"Cour administrative d'appel","link":"https:\/\/kohenavocats.com\/category\/cour-administrative-dappel\/"},"img":{"alt_text":"","src":"https:\/\/i0.wp.com\/kohenavocats.com\/wp-content\/uploads\/2024\/11\/mohamed-nohassi-kZiOPpjVuEg-unsplash.webp?resize=350%2C200&ssl=1","width":350,"height":200,"srcset":"https:\/\/i0.wp.com\/kohenavocats.com\/wp-content\/uploads\/2024\/11\/mohamed-nohassi-kZiOPpjVuEg-unsplash.webp?resize=350%2C200&ssl=1 1x, https:\/\/i0.wp.com\/kohenavocats.com\/wp-content\/uploads\/2024\/11\/mohamed-nohassi-kZiOPpjVuEg-unsplash.webp?resize=525%2C300&ssl=1 1.5x, https:\/\/i0.wp.com\/kohenavocats.com\/wp-content\/uploads\/2024\/11\/mohamed-nohassi-kZiOPpjVuEg-unsplash.webp?resize=700%2C400&ssl=1 2x, https:\/\/i0.wp.com\/kohenavocats.com\/wp-content\/uploads\/2024\/11\/mohamed-nohassi-kZiOPpjVuEg-unsplash.webp?resize=1050%2C600&ssl=1 3x, https:\/\/i0.wp.com\/kohenavocats.com\/wp-content\/uploads\/2024\/11\/mohamed-nohassi-kZiOPpjVuEg-unsplash.webp?resize=1400%2C800&ssl=1 4x"},"classes":[]},{"id":272818,"url":"https:\/\/kohenavocats.com\/en\/cour-dappel-administrative-de-toulouse-le-8-decembre-2025-n25tl01339\/","url_meta":{"origin":642954,"position":4},"title":"Cour d&#8217;appel administrative de Toulouse, le 8 d\u00e9cembre 2025, n\u00b025TL01339","author":"Kohen","date":"11 January 2026","format":false,"excerpt":"L'ordonnance rendue le 8 d\u00e9cembre 2025 par le juge des r\u00e9f\u00e9r\u00e9s de la Cour administrative d'appel de Toulouse pr\u00e9cise les conditions d'octroi d'une mesure d'expertise. Plusieurs organismes de gestion d'\u00e9tablissements d'enseignement priv\u00e9 sous contrat sollicitaient l'\u00e9valuation de la contribution financi\u00e8re due par une collectivit\u00e9 pour l'entretien des \u00e9l\u00e8ves. Les requ\u00e9rants\u2026","rel":"","context":"In &quot;Cour administrative d'appel&quot;","block_context":{"text":"Cour administrative d'appel","link":"https:\/\/kohenavocats.com\/category\/cour-administrative-dappel\/"},"img":{"alt_text":"","src":"https:\/\/i0.wp.com\/kohenavocats.com\/wp-content\/uploads\/2024\/11\/pawel-czerwinski-mIT9kEQBC6Q-unsplash.webp?resize=350%2C200&ssl=1","width":350,"height":200,"srcset":"https:\/\/i0.wp.com\/kohenavocats.com\/wp-content\/uploads\/2024\/11\/pawel-czerwinski-mIT9kEQBC6Q-unsplash.webp?resize=350%2C200&ssl=1 1x, https:\/\/i0.wp.com\/kohenavocats.com\/wp-content\/uploads\/2024\/11\/pawel-czerwinski-mIT9kEQBC6Q-unsplash.webp?resize=525%2C300&ssl=1 1.5x, https:\/\/i0.wp.com\/kohenavocats.com\/wp-content\/uploads\/2024\/11\/pawel-czerwinski-mIT9kEQBC6Q-unsplash.webp?resize=700%2C400&ssl=1 2x, https:\/\/i0.wp.com\/kohenavocats.com\/wp-content\/uploads\/2024\/11\/pawel-czerwinski-mIT9kEQBC6Q-unsplash.webp?resize=1050%2C600&ssl=1 3x, https:\/\/i0.wp.com\/kohenavocats.com\/wp-content\/uploads\/2024\/11\/pawel-czerwinski-mIT9kEQBC6Q-unsplash.webp?resize=1400%2C800&ssl=1 4x"},"classes":[]},{"id":263808,"url":"https:\/\/kohenavocats.com\/en\/tribunal-judiciaire-de-montpellier-le-24-juin-2025-n19-06502\/","url_meta":{"origin":642954,"position":5},"title":"Tribunal judiciaire de Montpellier, le 24 juin 2025, n\u00b019\/06502","author":"Kohen","date":"10 January 2026","format":false,"excerpt":"Rendue par le juge de la mise en \u00e9tat du tribunal judiciaire de Montpellier le 24 juin 2025, l\u2019ordonnance commente une articulation d\u00e9licate entre jonction, disjonction et d\u00e9sistements. Un entrepreneur principal, impay\u00e9, avait assign\u00e9 le ma\u00eetre de l\u2019ouvrage en paiement, puis appel\u00e9 ses sous-traitants et leurs assureurs \u00e0 la proc\u00e9dure\u2026","rel":"","context":"In &quot;D\u00e9cisions juridiques&quot;","block_context":{"text":"D\u00e9cisions juridiques","link":"https:\/\/kohenavocats.com\/category\/decisions-juridiques\/"},"img":{"alt_text":"","src":"https:\/\/i0.wp.com\/kohenavocats.com\/wp-content\/uploads\/2024\/08\/nicole-herrero-ykxJs2HEb_w-unsplash.webp?resize=350%2C200&ssl=1","width":350,"height":200,"srcset":"https:\/\/i0.wp.com\/kohenavocats.com\/wp-content\/uploads\/2024\/08\/nicole-herrero-ykxJs2HEb_w-unsplash.webp?resize=350%2C200&ssl=1 1x, https:\/\/i0.wp.com\/kohenavocats.com\/wp-content\/uploads\/2024\/08\/nicole-herrero-ykxJs2HEb_w-unsplash.webp?resize=525%2C300&ssl=1 1.5x, https:\/\/i0.wp.com\/kohenavocats.com\/wp-content\/uploads\/2024\/08\/nicole-herrero-ykxJs2HEb_w-unsplash.webp?resize=700%2C400&ssl=1 2x, https:\/\/i0.wp.com\/kohenavocats.com\/wp-content\/uploads\/2024\/08\/nicole-herrero-ykxJs2HEb_w-unsplash.webp?resize=1050%2C600&ssl=1 3x, https:\/\/i0.wp.com\/kohenavocats.com\/wp-content\/uploads\/2024\/08\/nicole-herrero-ykxJs2HEb_w-unsplash.webp?resize=1400%2C800&ssl=1 4x"},"classes":[]}],"jetpack_sharing_enabled":true,"_links":{"self":[{"href":"https:\/\/kohenavocats.com\/en\/wp-json\/wp\/v2\/posts\/642954","targetHints":{"allow":["GET"]}}],"collection":[{"href":"https:\/\/kohenavocats.com\/en\/wp-json\/wp\/v2\/posts"}],"about":[{"href":"https:\/\/kohenavocats.com\/en\/wp-json\/wp\/v2\/types\/post"}],"author":[{"embeddable":true,"href":"https:\/\/kohenavocats.com\/en\/wp-json\/wp\/v2\/users\/232070755"}],"replies":[{"embeddable":true,"href":"https:\/\/kohenavocats.com\/en\/wp-json\/wp\/v2\/comments?post=642954"}],"version-history":[{"count":0,"href":"https:\/\/kohenavocats.com\/en\/wp-json\/wp\/v2\/posts\/642954\/revisions"}],"wp:featuredmedia":[{"embeddable":true,"href":"https:\/\/kohenavocats.com\/en\/wp-json\/wp\/v2\/media\/4758"}],"wp:attachment":[{"href":"https:\/\/kohenavocats.com\/en\/wp-json\/wp\/v2\/media?parent=642954"}],"wp:term":[{"taxonomy":"category","embeddable":true,"href":"https:\/\/kohenavocats.com\/en\/wp-json\/wp\/v2\/categories?post=642954"},{"taxonomy":"post_tag","embeddable":true,"href":"https:\/\/kohenavocats.com\/en\/wp-json\/wp\/v2\/tags?post=642954"}],"curies":[{"name":"wp","href":"https:\/\/api.w.org\/{rel}","templated":true}]}}