{"id":643056,"date":"2026-04-22T02:42:59","date_gmt":"2026-04-22T00:42:59","guid":{"rendered":"https:\/\/kohenavocats.com\/tribunal-judiciaire-de-nanterre-le-19-fevrier-2026-n24-01167\/"},"modified":"2026-04-22T02:42:59","modified_gmt":"2026-04-22T00:42:59","slug":"tribunal-judiciaire-de-nanterre-le-19-fevrier-2026-n24-01167","status":"publish","type":"post","link":"https:\/\/kohenavocats.com\/en\/tribunal-judiciaire-de-nanterre-le-19-fevrier-2026-n24-01167\/","title":{"rendered":"Tribunal judiciaire de Nanterre, le 19 f\u00e9vrier 2026, n\u00b024\/01167"},"content":{"rendered":"<div class=\"article-content\">\n<p>Le tribunal judiciaire de Nanterre, statuant le 19 f\u00e9vrier 2026, a \u00e9t\u00e9 saisi d\u2019une demande en partage judiciaire d\u2019une succession. Les h\u00e9ritiers sollicitaient \u00e9galement le rapport de sommes per\u00e7ues au titre d\u2019assurances vie et de pr\u00e9l\u00e8vements sur un compte bancaire, ainsi qu\u2019une condamnation pour recel successoral. Le tribunal a ordonn\u00e9 le partage, rejet\u00e9 la demande concernant les assurances vie, mais a ordonn\u00e9 le rapport des pr\u00e9l\u00e8vements bancaires et a caract\u00e9ris\u00e9 le recel.<\/p>\n<p>I. Le rejet de l\u2019action en rapport des primes d\u2019assurance vie<\/p>\n<p>A. Le maintien de l\u2019autonomie des contrats d\u2019assurance vie<\/p>\n<p>Le tribunal rappelle le principe d\u2019autonomie patrimoniale des capitaux issus de l\u2019assurance vie. Il souligne que &#8220;le capital ou la rente payables au d\u00e9c\u00e8s du contractant \u00e0 un b\u00e9n\u00e9ficiaire d\u00e9termin\u00e9 ne sont soumis ni aux r\u00e8gles du rapport \u00e0 succession, ni \u00e0 celles de la r\u00e9duction pour atteinte \u00e0 la r\u00e9serve des h\u00e9ritiers du contractant&#8221; (article L132-13 du code des assurances). L\u2019exception \u00e0 ce principe est strictement encadr\u00e9e, car ces r\u00e8gles &#8220;ne s&#8217;appliquent pas non plus aux sommes vers\u00e9es par le contractant \u00e0 titre de primes, \u00e0 moins que celles-ci n&#8217;aient \u00e9t\u00e9 manifestement exag\u00e9r\u00e9es eu \u00e9gard \u00e0 ses facult\u00e9s&#8221;. Le tribunal applique ainsi une jurisprudence constante qui prot\u00e8ge ces produits de l\u2019empi\u00e8tement successoral, sauf cas de fraude caract\u00e9ris\u00e9e.<\/p>\n<p>B. L\u2019exigence d\u2019une preuve circonstanci\u00e9e du caract\u00e8re excessif<\/p>\n<p>La charge de la preuve du caract\u00e8re excessif incombe aux demandeurs. Le tribunal constate qu\u2019ils &#8220;ne produisent pas la moindre pi\u00e8ce permettant de d\u00e9terminer le caract\u00e8re manifestement excessif des primes, compte tenu des ressources du souscripteur \u00e0 l\u2019\u00e9poque des versements&#8221;. Il rappelle que &#8220;un tel caract\u00e8re s&#8217;appr\u00e9cie au moment du versement, au regard de l&#8217;\u00e2ge, ainsi que des situations patrimoniale et familiale du souscripteur&#8221; (arr\u00eats de la Chambre mixte du 23 novembre 2004). L\u2019anciennet\u00e9 des versements et les rachats effectu\u00e9s par le d\u00e9funt ont \u00e9galement \u00e9t\u00e9 retenus pour \u00e9carter la pr\u00e9tention des h\u00e9ritiers. Cette solution consacre une approche exigeante de la preuve, pr\u00e9servant la s\u00e9curit\u00e9 juridique des contrats souscrits longtemps avant le d\u00e9c\u00e8s.<\/p>\n<p>II. La condamnation pour recel \u00e0 raison de pr\u00e9l\u00e8vements bancaires<\/p>\n<p>A. La caract\u00e9risation mat\u00e9rielle de soustractions successorales<\/p>\n<p>Le tribunal \u00e9tablit pr\u00e9cis\u00e9ment l\u2019\u00e9l\u00e9ment mat\u00e9riel du recel. Il rel\u00e8ve que l\u2019\u00e9pouse a effectu\u00e9 des pr\u00e9l\u00e8vements sur le compte personnel de son mari, sans mandat, alors que les \u00e9poux \u00e9taient s\u00e9par\u00e9s de biens. Ces op\u00e9rations, non contest\u00e9es, sont d\u00e9taill\u00e9es pour trois p\u00e9riodes distinctes : avant la mise sous tutelle, pendant la tutelle et pendant la curatelle. Le tribunal en d\u00e9duit que &#8220;ces pr\u00e9l\u00e8vements ont \u00e9t\u00e9 effectu\u00e9s sur un compte sur lequel elle n\u2019avait pas procuration et doivent par cons\u00e9quent \u00eatre restitu\u00e9s \u00e0 la succession&#8221;. Cette analyse d\u00e9montre que l\u2019utilisation des fonds d\u2019un \u00e9poux, hors cadre l\u00e9gal ou conventionnel, constitue une soustraction \u00e0 la masse successorale.<\/p>\n<p>B. La preuve de l\u2019intention frauduleuse de rompre l\u2019\u00e9galit\u00e9<\/p>\n<p>L\u2019intention frauduleuse est d\u00e9duite des circonstances de l\u2019esp\u00e8ce. Le tribunal note que l\u2019\u00e9pouse a &#8220;volontairement entrepris de solliciter une mesure de protection&#8221; et a continu\u00e9 \u00e0 g\u00e9rer les comptes malgr\u00e9 l\u2019intervention d\u2019un tuteur. En sa qualit\u00e9 de curatrice, elle n\u2019a pas justifi\u00e9 les d\u00e9penses. Il en conclut que &#8220;Madame [N] avait l\u2019intention de rompre l\u2019\u00e9galit\u00e9 entre les h\u00e9ritiers au d\u00e9triment des enfants de son \u00e9poux&#8221;. Cette appr\u00e9ciation in concreto de l\u2019intention se distingue d\u2019une autre d\u00e9cision o\u00f9 l\u2019absence de dissimulation avait conduit \u00e0 \u00e9carter le recel. &#8220;En l&#8217;esp\u00e8ce, Madame [I] [R] ne d\u00e9montre pas l&#8217;intention frauduleuse de Madame [J] [M] veuve [R]&#8221; (Tribunal judiciaire de Bobigny, le 19 f\u00e9vrier 2026, n\u00b023\/06767). La pr\u00e9sente d\u00e9cision rejoint en revanche une jurisprudence sanctionnant les man\u0153uvres visant \u00e0 avantager un h\u00e9ritier. &#8220;Pour ce qui concerne l&#8217;\u00e9l\u00e9ment intentionnel, Madame [I] [J] a voulu rompre l&#8217;\u00e9quilibre entre les h\u00e9riti\u00e8res&#8221; (Tribunal judiciaire de Nanterre, le 10 juillet 2025, n\u00b022\/07163). La sanction est lourde, privant l\u2019auteur du recel de tout droit sur les sommes soustraites.<\/p>\n<\/div>\n","protected":false},"excerpt":{"rendered":"<p>Le tribunal judiciaire de Nanterre, statuant le 19 f\u00e9vrier 2026, a \u00e9t\u00e9 saisi d\u2019une demande en partage judiciaire d\u2019une succession. Les h\u00e9ritiers sollicitaien&#8230;<\/p>\n","protected":false},"author":232070755,"featured_media":4742,"comment_status":"open","ping_status":"open","sticky":false,"template":"","format":"standard","meta":{"_crdt_document":"","_jetpack_newsletter_access":"","_jetpack_dont_email_post_to_subs":false,"_jetpack_newsletter_tier_id":0,"_jetpack_memberships_contains_paywalled_content":false,"_kj_source_type":"","_kj_official_id":"","_kj_official_url":"","_kj_judilibre_id":"","_kj_jur":"","_kj_lieu":"","_kj_chambre":"","_kj_rg":"","_kj_date":"","_jetpack_memberships_contains_paid_content":false,"footnotes":"","jetpack_post_was_ever_published":false},"categories":[7597],"tags":[],"class_list":["post-643056","post","type-post","status-publish","format-standard","has-post-thumbnail","hentry","category-jurisprudence"],"yoast_head":"<!-- This site is optimized with the Yoast SEO Premium plugin v27.5 (Yoast SEO v27.5) - https:\/\/yoast.com\/product\/yoast-seo-premium-wordpress\/ -->\n<title>Tribunal judiciaire de Nanterre, le 19 f\u00e9vrier 2026, n\u00b024\/01167 - Ma\u00eetre Hassan Kohen, avocat en droit p\u00e9nal \u00e0 Paris<\/title>\n<meta name=\"description\" content=\"Le tribunal judiciaire de Nanterre, statuant le 19 f\u00e9vrier 2026, a \u00e9t\u00e9 saisi d\u2019une demande en partage judiciaire d\u2019une succession. Les h\u00e9ritiers sollicitaien...\" \/>\n<meta name=\"robots\" content=\"index, follow, max-snippet:-1, max-image-preview:large, max-video-preview:-1\" \/>\n<link rel=\"canonical\" href=\"https:\/\/kohenavocats.com\/en\/tribunal-judiciaire-de-nanterre-le-19-fevrier-2026-n24-01167\/\" \/>\n<meta property=\"og:locale\" content=\"en_US\" \/>\n<meta property=\"og:type\" content=\"article\" \/>\n<meta property=\"og:title\" content=\"Tribunal judiciaire de Nanterre, le 19 f\u00e9vrier 2026, n\u00b024\/01167\" \/>\n<meta property=\"og:description\" content=\"Le tribunal judiciaire de Nanterre, statuant le 19 f\u00e9vrier 2026, a \u00e9t\u00e9 saisi d\u2019une demande en partage judiciaire d\u2019une succession. Les h\u00e9ritiers sollicitaien...\" \/>\n<meta property=\"og:url\" content=\"https:\/\/kohenavocats.com\/en\/tribunal-judiciaire-de-nanterre-le-19-fevrier-2026-n24-01167\/\" \/>\n<meta property=\"og:site_name\" content=\"Ma\u00eetre Hassan Kohen, avocat en droit p\u00e9nal \u00e0 Paris\" \/>\n<meta property=\"article:published_time\" content=\"2026-04-22T00:42:59+00:00\" \/>\n<meta property=\"og:image\" content=\"https:\/\/kohenavocats.com\/wp-content\/uploads\/2024\/08\/julio-wolf-_eilSGpKYlY-unsplash.webp\" \/>\n\t<meta property=\"og:image:width\" content=\"7769\" \/>\n\t<meta property=\"og:image:height\" content=\"5182\" \/>\n\t<meta property=\"og:image:type\" content=\"image\/webp\" \/>\n<meta name=\"author\" content=\"Kohen\" \/>\n<meta name=\"twitter:card\" content=\"summary_large_image\" \/>\n<meta name=\"twitter:label1\" content=\"Written by\" \/>\n\t<meta name=\"twitter:data1\" content=\"Kohen\" \/>\n\t<meta name=\"twitter:label2\" content=\"Est. reading time\" \/>\n\t<meta name=\"twitter:data2\" content=\"4 minutes\" \/>\n<script type=\"application\/ld+json\" class=\"yoast-schema-graph\">{\"@context\":\"https:\\\/\\\/schema.org\",\"@graph\":[{\"@type\":\"Article\",\"@id\":\"https:\\\/\\\/kohenavocats.com\\\/en\\\/tribunal-judiciaire-de-nanterre-le-19-fevrier-2026-n24-01167\\\/#article\",\"isPartOf\":{\"@id\":\"https:\\\/\\\/kohenavocats.com\\\/en\\\/tribunal-judiciaire-de-nanterre-le-19-fevrier-2026-n24-01167\\\/\"},\"author\":{\"name\":\"Kohen\",\"@id\":\"https:\\\/\\\/kohenavocats.com\\\/en\\\/#\\\/schema\\\/person\\\/761c9ba54fa1ca84d405cef0831ff751\"},\"headline\":\"Tribunal judiciaire de Nanterre, le 19 f\u00e9vrier 2026, n\u00b024\\\/01167\",\"datePublished\":\"2026-04-22T00:42:59+00:00\",\"mainEntityOfPage\":{\"@id\":\"https:\\\/\\\/kohenavocats.com\\\/en\\\/tribunal-judiciaire-de-nanterre-le-19-fevrier-2026-n24-01167\\\/\"},\"wordCount\":746,\"commentCount\":0,\"publisher\":{\"@id\":\"https:\\\/\\\/kohenavocats.com\\\/en\\\/#organization\"},\"image\":{\"@id\":\"https:\\\/\\\/kohenavocats.com\\\/en\\\/tribunal-judiciaire-de-nanterre-le-19-fevrier-2026-n24-01167\\\/#primaryimage\"},\"thumbnailUrl\":\"https:\\\/\\\/kohenavocats.com\\\/wp-content\\\/uploads\\\/2024\\\/08\\\/julio-wolf-_eilSGpKYlY-unsplash.webp\",\"articleSection\":[\"Jurisprudence\"],\"inLanguage\":\"en-US\",\"potentialAction\":[{\"@type\":\"CommentAction\",\"name\":\"Comment\",\"target\":[\"https:\\\/\\\/kohenavocats.com\\\/en\\\/tribunal-judiciaire-de-nanterre-le-19-fevrier-2026-n24-01167\\\/#respond\"]}],\"citation\":\"Tribunal judiciaire de Nanterre, le 19 f\u00e9vrier 2026, n\u00b024\\\/01167\",\"about\":[{\"@type\":\"Thing\",\"name\":\"Jurisprudence\"}],\"dateModified\":\"2026-04-22T00:42:59+00:00\",\"speakable\":{\"@type\":\"SpeakableSpecification\",\"cssSelector\":[\".article-content > p:first-of-type\"]}},{\"@type\":\"WebPage\",\"@id\":\"https:\\\/\\\/kohenavocats.com\\\/en\\\/tribunal-judiciaire-de-nanterre-le-19-fevrier-2026-n24-01167\\\/\",\"url\":\"https:\\\/\\\/kohenavocats.com\\\/en\\\/tribunal-judiciaire-de-nanterre-le-19-fevrier-2026-n24-01167\\\/\",\"name\":\"Tribunal judiciaire de Nanterre, le 19 f\u00e9vrier 2026, n\u00b024\\\/01167 - Ma\u00eetre Hassan Kohen, avocat en droit p\u00e9nal \u00e0 Paris\",\"isPartOf\":{\"@id\":\"https:\\\/\\\/kohenavocats.com\\\/en\\\/#website\"},\"primaryImageOfPage\":{\"@id\":\"https:\\\/\\\/kohenavocats.com\\\/en\\\/tribunal-judiciaire-de-nanterre-le-19-fevrier-2026-n24-01167\\\/#primaryimage\"},\"image\":{\"@id\":\"https:\\\/\\\/kohenavocats.com\\\/en\\\/tribunal-judiciaire-de-nanterre-le-19-fevrier-2026-n24-01167\\\/#primaryimage\"},\"thumbnailUrl\":\"https:\\\/\\\/kohenavocats.com\\\/wp-content\\\/uploads\\\/2024\\\/08\\\/julio-wolf-_eilSGpKYlY-unsplash.webp\",\"datePublished\":\"2026-04-22T00:42:59+00:00\",\"description\":\"Le tribunal judiciaire de Nanterre, statuant le 19 f\u00e9vrier 2026, a \u00e9t\u00e9 saisi d\u2019une demande en partage judiciaire d\u2019une succession. Les h\u00e9ritiers sollicitaien...\",\"breadcrumb\":{\"@id\":\"https:\\\/\\\/kohenavocats.com\\\/en\\\/tribunal-judiciaire-de-nanterre-le-19-fevrier-2026-n24-01167\\\/#breadcrumb\"},\"inLanguage\":\"en-US\",\"potentialAction\":[{\"@type\":\"ReadAction\",\"target\":[\"https:\\\/\\\/kohenavocats.com\\\/en\\\/tribunal-judiciaire-de-nanterre-le-19-fevrier-2026-n24-01167\\\/\"]}]},{\"@type\":\"ImageObject\",\"inLanguage\":\"en-US\",\"@id\":\"https:\\\/\\\/kohenavocats.com\\\/en\\\/tribunal-judiciaire-de-nanterre-le-19-fevrier-2026-n24-01167\\\/#primaryimage\",\"url\":\"https:\\\/\\\/kohenavocats.com\\\/wp-content\\\/uploads\\\/2024\\\/08\\\/julio-wolf-_eilSGpKYlY-unsplash.webp\",\"contentUrl\":\"https:\\\/\\\/kohenavocats.com\\\/wp-content\\\/uploads\\\/2024\\\/08\\\/julio-wolf-_eilSGpKYlY-unsplash.webp\",\"width\":7769,\"height\":5182},{\"@type\":\"BreadcrumbList\",\"@id\":\"https:\\\/\\\/kohenavocats.com\\\/en\\\/tribunal-judiciaire-de-nanterre-le-19-fevrier-2026-n24-01167\\\/#breadcrumb\",\"itemListElement\":[{\"@type\":\"ListItem\",\"position\":1,\"name\":\"Home\",\"item\":\"https:\\\/\\\/kohenavocats.com\\\/en\\\/criminal-law-attorneys-in-paris-counsel-and-strategic-defense\\\/\"},{\"@type\":\"ListItem\",\"position\":2,\"name\":\"Tribunal judiciaire de Nanterre, le 19 f\u00e9vrier 2026, n\u00b024\\\/01167\"}]},{\"@type\":\"WebSite\",\"@id\":\"https:\\\/\\\/kohenavocats.com\\\/en\\\/#website\",\"url\":\"https:\\\/\\\/kohenavocats.com\\\/en\\\/\",\"name\":\"Kohen Avocats\",\"description\":\"Ma\u00eetre Hassan Kohen, avocat p\u00e9naliste \u00e0 Paris, intervient exclusivement en droit p\u00e9nal pour la d\u00e9fense des particuliers, notamment en mati\u00e8re d\u2019accusations de viol. Il assure un accompagnement rigoureux d\u00e8s la garde \u00e0 vue jusqu\u2019\u00e0 la Cour d\u2019assises, veillant au strict respect des garanties proc\u00e9durales.\",\"publisher\":{\"@id\":\"https:\\\/\\\/kohenavocats.com\\\/en\\\/#organization\"},\"potentialAction\":[{\"@type\":\"SearchAction\",\"target\":{\"@type\":\"EntryPoint\",\"urlTemplate\":\"https:\\\/\\\/kohenavocats.com\\\/en\\\/?s={search_term_string}\"},\"query-input\":{\"@type\":\"PropertyValueSpecification\",\"valueRequired\":true,\"valueName\":\"search_term_string\"}}],\"inLanguage\":\"en-US\"},{\"@type\":\"Organization\",\"@id\":\"https:\\\/\\\/kohenavocats.com\\\/en\\\/#organization\",\"name\":\"Kohen Avocats\",\"url\":\"https:\\\/\\\/kohenavocats.com\\\/en\\\/\",\"logo\":{\"@type\":\"ImageObject\",\"inLanguage\":\"en-US\",\"@id\":\"https:\\\/\\\/kohenavocats.com\\\/en\\\/#\\\/schema\\\/logo\\\/image\\\/\",\"url\":\"https:\\\/\\\/kohenavocats.com\\\/wp-content\\\/uploads\\\/2026\\\/01\\\/Logo-2-1.webp\",\"contentUrl\":\"https:\\\/\\\/kohenavocats.com\\\/wp-content\\\/uploads\\\/2026\\\/01\\\/Logo-2-1.webp\",\"width\":2114,\"height\":1253,\"caption\":\"Kohen Avocats\"},\"image\":{\"@id\":\"https:\\\/\\\/kohenavocats.com\\\/en\\\/#\\\/schema\\\/logo\\\/image\\\/\"}},{\"@type\":\"Person\",\"@id\":\"https:\\\/\\\/kohenavocats.com\\\/en\\\/#\\\/schema\\\/person\\\/761c9ba54fa1ca84d405cef0831ff751\",\"name\":\"Kohen\",\"image\":{\"@type\":\"ImageObject\",\"inLanguage\":\"en-US\",\"@id\":\"https:\\\/\\\/secure.gravatar.com\\\/avatar\\\/1c5e76ef76bbbfdd2b4da984e2bf2fa4056fd51a27d25ce2c332047f1dfd6e00?s=96&d=identicon&r=g\",\"url\":\"https:\\\/\\\/secure.gravatar.com\\\/avatar\\\/1c5e76ef76bbbfdd2b4da984e2bf2fa4056fd51a27d25ce2c332047f1dfd6e00?s=96&d=identicon&r=g\",\"contentUrl\":\"https:\\\/\\\/secure.gravatar.com\\\/avatar\\\/1c5e76ef76bbbfdd2b4da984e2bf2fa4056fd51a27d25ce2c332047f1dfd6e00?s=96&d=identicon&r=g\",\"caption\":\"Kohen\"},\"sameAs\":[\"https:\\\/\\\/www.linkedin.com\\\/in\\\/hassan-kohen-448548192\\\/\",\"https:\\\/\\\/www.youtube.com\\\/@Kohen-Avocats\"],\"url\":\"https:\\\/\\\/kohenavocats.com\\\/en\\\/author\\\/kohenmlk\\\/\"}]}<\/script>\n<!-- \/ Yoast SEO Premium plugin. -->","yoast_head_json":{"title":"Tribunal judiciaire de Nanterre, le 19 f\u00e9vrier 2026, n\u00b024\/01167 - Ma\u00eetre Hassan Kohen, avocat en droit p\u00e9nal \u00e0 Paris","description":"Le tribunal judiciaire de Nanterre, statuant le 19 f\u00e9vrier 2026, a \u00e9t\u00e9 saisi d\u2019une demande en partage judiciaire d\u2019une succession. Les h\u00e9ritiers sollicitaien...","robots":{"index":"index","follow":"follow","max-snippet":"max-snippet:-1","max-image-preview":"max-image-preview:large","max-video-preview":"max-video-preview:-1"},"canonical":"https:\/\/kohenavocats.com\/en\/tribunal-judiciaire-de-nanterre-le-19-fevrier-2026-n24-01167\/","og_locale":"en_US","og_type":"article","og_title":"Tribunal judiciaire de Nanterre, le 19 f\u00e9vrier 2026, n\u00b024\/01167","og_description":"Le tribunal judiciaire de Nanterre, statuant le 19 f\u00e9vrier 2026, a \u00e9t\u00e9 saisi d\u2019une demande en partage judiciaire d\u2019une succession. Les h\u00e9ritiers sollicitaien...","og_url":"https:\/\/kohenavocats.com\/en\/tribunal-judiciaire-de-nanterre-le-19-fevrier-2026-n24-01167\/","og_site_name":"Ma\u00eetre Hassan Kohen, avocat en droit p\u00e9nal \u00e0 Paris","article_published_time":"2026-04-22T00:42:59+00:00","og_image":[{"width":7769,"height":5182,"url":"https:\/\/kohenavocats.com\/wp-content\/uploads\/2024\/08\/julio-wolf-_eilSGpKYlY-unsplash.webp","type":"image\/webp"}],"author":"Kohen","twitter_card":"summary_large_image","twitter_misc":{"Written by":"Kohen","Est. reading time":"4 minutes"},"schema":{"@context":"https:\/\/schema.org","@graph":[{"@type":"Article","@id":"https:\/\/kohenavocats.com\/en\/tribunal-judiciaire-de-nanterre-le-19-fevrier-2026-n24-01167\/#article","isPartOf":{"@id":"https:\/\/kohenavocats.com\/en\/tribunal-judiciaire-de-nanterre-le-19-fevrier-2026-n24-01167\/"},"author":{"name":"Kohen","@id":"https:\/\/kohenavocats.com\/en\/#\/schema\/person\/761c9ba54fa1ca84d405cef0831ff751"},"headline":"Tribunal judiciaire de Nanterre, le 19 f\u00e9vrier 2026, n\u00b024\/01167","datePublished":"2026-04-22T00:42:59+00:00","mainEntityOfPage":{"@id":"https:\/\/kohenavocats.com\/en\/tribunal-judiciaire-de-nanterre-le-19-fevrier-2026-n24-01167\/"},"wordCount":746,"commentCount":0,"publisher":{"@id":"https:\/\/kohenavocats.com\/en\/#organization"},"image":{"@id":"https:\/\/kohenavocats.com\/en\/tribunal-judiciaire-de-nanterre-le-19-fevrier-2026-n24-01167\/#primaryimage"},"thumbnailUrl":"https:\/\/kohenavocats.com\/wp-content\/uploads\/2024\/08\/julio-wolf-_eilSGpKYlY-unsplash.webp","articleSection":["Jurisprudence"],"inLanguage":"en-US","potentialAction":[{"@type":"CommentAction","name":"Comment","target":["https:\/\/kohenavocats.com\/en\/tribunal-judiciaire-de-nanterre-le-19-fevrier-2026-n24-01167\/#respond"]}],"citation":"Tribunal judiciaire de Nanterre, le 19 f\u00e9vrier 2026, n\u00b024\/01167","about":[{"@type":"Thing","name":"Jurisprudence"}],"dateModified":"2026-04-22T00:42:59+00:00","speakable":{"@type":"SpeakableSpecification","cssSelector":[".article-content > p:first-of-type"]}},{"@type":"WebPage","@id":"https:\/\/kohenavocats.com\/en\/tribunal-judiciaire-de-nanterre-le-19-fevrier-2026-n24-01167\/","url":"https:\/\/kohenavocats.com\/en\/tribunal-judiciaire-de-nanterre-le-19-fevrier-2026-n24-01167\/","name":"Tribunal judiciaire de Nanterre, le 19 f\u00e9vrier 2026, n\u00b024\/01167 - Ma\u00eetre Hassan Kohen, avocat en droit p\u00e9nal \u00e0 Paris","isPartOf":{"@id":"https:\/\/kohenavocats.com\/en\/#website"},"primaryImageOfPage":{"@id":"https:\/\/kohenavocats.com\/en\/tribunal-judiciaire-de-nanterre-le-19-fevrier-2026-n24-01167\/#primaryimage"},"image":{"@id":"https:\/\/kohenavocats.com\/en\/tribunal-judiciaire-de-nanterre-le-19-fevrier-2026-n24-01167\/#primaryimage"},"thumbnailUrl":"https:\/\/kohenavocats.com\/wp-content\/uploads\/2024\/08\/julio-wolf-_eilSGpKYlY-unsplash.webp","datePublished":"2026-04-22T00:42:59+00:00","description":"Le tribunal judiciaire de Nanterre, statuant le 19 f\u00e9vrier 2026, a \u00e9t\u00e9 saisi d\u2019une demande en partage judiciaire d\u2019une succession. Les h\u00e9ritiers sollicitaien...","breadcrumb":{"@id":"https:\/\/kohenavocats.com\/en\/tribunal-judiciaire-de-nanterre-le-19-fevrier-2026-n24-01167\/#breadcrumb"},"inLanguage":"en-US","potentialAction":[{"@type":"ReadAction","target":["https:\/\/kohenavocats.com\/en\/tribunal-judiciaire-de-nanterre-le-19-fevrier-2026-n24-01167\/"]}]},{"@type":"ImageObject","inLanguage":"en-US","@id":"https:\/\/kohenavocats.com\/en\/tribunal-judiciaire-de-nanterre-le-19-fevrier-2026-n24-01167\/#primaryimage","url":"https:\/\/kohenavocats.com\/wp-content\/uploads\/2024\/08\/julio-wolf-_eilSGpKYlY-unsplash.webp","contentUrl":"https:\/\/kohenavocats.com\/wp-content\/uploads\/2024\/08\/julio-wolf-_eilSGpKYlY-unsplash.webp","width":7769,"height":5182},{"@type":"BreadcrumbList","@id":"https:\/\/kohenavocats.com\/en\/tribunal-judiciaire-de-nanterre-le-19-fevrier-2026-n24-01167\/#breadcrumb","itemListElement":[{"@type":"ListItem","position":1,"name":"Home","item":"https:\/\/kohenavocats.com\/en\/criminal-law-attorneys-in-paris-counsel-and-strategic-defense\/"},{"@type":"ListItem","position":2,"name":"Tribunal judiciaire de Nanterre, le 19 f\u00e9vrier 2026, n\u00b024\/01167"}]},{"@type":"WebSite","@id":"https:\/\/kohenavocats.com\/en\/#website","url":"https:\/\/kohenavocats.com\/en\/","name":"Kohen Avocats","description":"Ma\u00eetre Hassan Kohen, avocat p\u00e9naliste \u00e0 Paris, intervient exclusivement en droit p\u00e9nal pour la d\u00e9fense des particuliers, notamment en mati\u00e8re d\u2019accusations de viol. Il assure un accompagnement rigoureux d\u00e8s la garde \u00e0 vue jusqu\u2019\u00e0 la Cour d\u2019assises, veillant au strict respect des garanties proc\u00e9durales.","publisher":{"@id":"https:\/\/kohenavocats.com\/en\/#organization"},"potentialAction":[{"@type":"SearchAction","target":{"@type":"EntryPoint","urlTemplate":"https:\/\/kohenavocats.com\/en\/?s={search_term_string}"},"query-input":{"@type":"PropertyValueSpecification","valueRequired":true,"valueName":"search_term_string"}}],"inLanguage":"en-US"},{"@type":"Organization","@id":"https:\/\/kohenavocats.com\/en\/#organization","name":"Kohen Avocats","url":"https:\/\/kohenavocats.com\/en\/","logo":{"@type":"ImageObject","inLanguage":"en-US","@id":"https:\/\/kohenavocats.com\/en\/#\/schema\/logo\/image\/","url":"https:\/\/kohenavocats.com\/wp-content\/uploads\/2026\/01\/Logo-2-1.webp","contentUrl":"https:\/\/kohenavocats.com\/wp-content\/uploads\/2026\/01\/Logo-2-1.webp","width":2114,"height":1253,"caption":"Kohen Avocats"},"image":{"@id":"https:\/\/kohenavocats.com\/en\/#\/schema\/logo\/image\/"}},{"@type":"Person","@id":"https:\/\/kohenavocats.com\/en\/#\/schema\/person\/761c9ba54fa1ca84d405cef0831ff751","name":"Kohen","image":{"@type":"ImageObject","inLanguage":"en-US","@id":"https:\/\/secure.gravatar.com\/avatar\/1c5e76ef76bbbfdd2b4da984e2bf2fa4056fd51a27d25ce2c332047f1dfd6e00?s=96&d=identicon&r=g","url":"https:\/\/secure.gravatar.com\/avatar\/1c5e76ef76bbbfdd2b4da984e2bf2fa4056fd51a27d25ce2c332047f1dfd6e00?s=96&d=identicon&r=g","contentUrl":"https:\/\/secure.gravatar.com\/avatar\/1c5e76ef76bbbfdd2b4da984e2bf2fa4056fd51a27d25ce2c332047f1dfd6e00?s=96&d=identicon&r=g","caption":"Kohen"},"sameAs":["https:\/\/www.linkedin.com\/in\/hassan-kohen-448548192\/","https:\/\/www.youtube.com\/@Kohen-Avocats"],"url":"https:\/\/kohenavocats.com\/en\/author\/kohenmlk\/"}]}},"jetpack_featured_media_url":"https:\/\/kohenavocats.com\/wp-content\/uploads\/2024\/08\/julio-wolf-_eilSGpKYlY-unsplash.webp","jetpack_likes_enabled":false,"jetpack_shortlink":"https:\/\/wp.me\/peCrII-2HhS","jetpack-related-posts":[{"id":544688,"url":"https:\/\/kohenavocats.com\/en\/tribunal-judiciaire-de-troyes-le-23-septembre-2025-n23-01319\/","url_meta":{"origin":643056,"position":0},"title":"Tribunal judiciaire de Troyes, le 23 septembre 2025, n\u00b023\/01319","author":"Kohen","date":"9 April 2026","format":false,"excerpt":"Le tribunal judiciaire, statuant le 23 septembre 2025, a \u00e9t\u00e9 saisi d\u2019un litige successoral opposant une h\u00e9riti\u00e8re \u00e0 ses quatre coh\u00e9ritiers. L\u2019instance...","rel":"","context":"In &quot;D\u00e9cisions juridiques&quot;","block_context":{"text":"D\u00e9cisions juridiques","link":"https:\/\/kohenavocats.com\/category\/decisions-juridiques\/"},"img":{"alt_text":"","src":"https:\/\/i0.wp.com\/kohenavocats.com\/wp-content\/uploads\/2024\/11\/getty-images-sVQF3gE-ySg-unsplash.webp?resize=350%2C200&ssl=1","width":350,"height":200,"srcset":"https:\/\/i0.wp.com\/kohenavocats.com\/wp-content\/uploads\/2024\/11\/getty-images-sVQF3gE-ySg-unsplash.webp?resize=350%2C200&ssl=1 1x, https:\/\/i0.wp.com\/kohenavocats.com\/wp-content\/uploads\/2024\/11\/getty-images-sVQF3gE-ySg-unsplash.webp?resize=525%2C300&ssl=1 1.5x, https:\/\/i0.wp.com\/kohenavocats.com\/wp-content\/uploads\/2024\/11\/getty-images-sVQF3gE-ySg-unsplash.webp?resize=700%2C400&ssl=1 2x, https:\/\/i0.wp.com\/kohenavocats.com\/wp-content\/uploads\/2024\/11\/getty-images-sVQF3gE-ySg-unsplash.webp?resize=1050%2C600&ssl=1 3x, https:\/\/i0.wp.com\/kohenavocats.com\/wp-content\/uploads\/2024\/11\/getty-images-sVQF3gE-ySg-unsplash.webp?resize=1400%2C800&ssl=1 4x"},"classes":[]},{"id":723772,"url":"https:\/\/kohenavocats.com\/en\/tribunal-judiciaire-de-versailles-le-5-fevrier-2026-n24-02065\/","url_meta":{"origin":643056,"position":1},"title":"Tribunal judiciaire de Versailles, le 5 f\u00e9vrier 2026, n\u00b024\/02065","author":"Kohen","date":"28 April 2026","format":false,"excerpt":"Le Tribunal judiciaire de Versailles, statuant par ordonnance du juge de la mise en \u00e9tat le 5 f\u00e9vrier 2026, a rejet\u00e9 les demandes de communication de pi\u00e8ces ...","rel":"","context":"In &quot;Jurisprudence&quot;","block_context":{"text":"Jurisprudence","link":"https:\/\/kohenavocats.com\/category\/jurisprudence\/"},"img":{"alt_text":"","src":"https:\/\/i0.wp.com\/kohenavocats.com\/wp-content\/uploads\/2024\/08\/nathan-cima-y5aFdoCjB5U-unsplash.webp?resize=350%2C200&ssl=1","width":350,"height":200,"srcset":"https:\/\/i0.wp.com\/kohenavocats.com\/wp-content\/uploads\/2024\/08\/nathan-cima-y5aFdoCjB5U-unsplash.webp?resize=350%2C200&ssl=1 1x, https:\/\/i0.wp.com\/kohenavocats.com\/wp-content\/uploads\/2024\/08\/nathan-cima-y5aFdoCjB5U-unsplash.webp?resize=525%2C300&ssl=1 1.5x, https:\/\/i0.wp.com\/kohenavocats.com\/wp-content\/uploads\/2024\/08\/nathan-cima-y5aFdoCjB5U-unsplash.webp?resize=700%2C400&ssl=1 2x, https:\/\/i0.wp.com\/kohenavocats.com\/wp-content\/uploads\/2024\/08\/nathan-cima-y5aFdoCjB5U-unsplash.webp?resize=1050%2C600&ssl=1 3x, https:\/\/i0.wp.com\/kohenavocats.com\/wp-content\/uploads\/2024\/08\/nathan-cima-y5aFdoCjB5U-unsplash.webp?resize=1400%2C800&ssl=1 4x"},"classes":[]},{"id":262607,"url":"https:\/\/kohenavocats.com\/en\/tribunal-judiciaire-de-meaux-le-27-juin-2025-n22-01231\/","url_meta":{"origin":643056,"position":2},"title":"Tribunal judiciaire de Meaux, le 27 juin 2025, n\u00b022\/01231","author":"Kohen","date":"9 January 2026","format":false,"excerpt":"Tribunal judiciaire de Meaux, 27 juin 2025, n\u00b0 RG 22\/01231. \u00c0 la suite du d\u00e9c\u00e8s successif des \u00e9poux, les h\u00e9ritiers ont saisi le juge pour ouvrir les op\u00e9rations de compte, liquidation et partage de la communaut\u00e9 et des indivisions successorales. Le litige portait notamment sur la validit\u00e9 d\u2019un testament olographe,\u2026","rel":"","context":"In &quot;D\u00e9cisions juridiques&quot;","block_context":{"text":"D\u00e9cisions juridiques","link":"https:\/\/kohenavocats.com\/category\/decisions-juridiques\/"},"img":{"alt_text":"","src":"https:\/\/i0.wp.com\/kohenavocats.com\/wp-content\/uploads\/2024\/08\/amir-mortezaie-bKLKnHSwk4A-unsplash.webp?resize=350%2C200&ssl=1","width":350,"height":200,"srcset":"https:\/\/i0.wp.com\/kohenavocats.com\/wp-content\/uploads\/2024\/08\/amir-mortezaie-bKLKnHSwk4A-unsplash.webp?resize=350%2C200&ssl=1 1x, https:\/\/i0.wp.com\/kohenavocats.com\/wp-content\/uploads\/2024\/08\/amir-mortezaie-bKLKnHSwk4A-unsplash.webp?resize=525%2C300&ssl=1 1.5x, https:\/\/i0.wp.com\/kohenavocats.com\/wp-content\/uploads\/2024\/08\/amir-mortezaie-bKLKnHSwk4A-unsplash.webp?resize=700%2C400&ssl=1 2x, https:\/\/i0.wp.com\/kohenavocats.com\/wp-content\/uploads\/2024\/08\/amir-mortezaie-bKLKnHSwk4A-unsplash.webp?resize=1050%2C600&ssl=1 3x, https:\/\/i0.wp.com\/kohenavocats.com\/wp-content\/uploads\/2024\/08\/amir-mortezaie-bKLKnHSwk4A-unsplash.webp?resize=1400%2C800&ssl=1 4x"},"classes":[]},{"id":263713,"url":"https:\/\/kohenavocats.com\/en\/tribunal-judiciaire-de-nanterre-le-26-juin-2025-n25-00922\/","url_meta":{"origin":643056,"position":3},"title":"Tribunal judiciaire de Nanterre, le 26 juin 2025, n\u00b025\/00922","author":"Kohen","date":"9 January 2026","format":false,"excerpt":"Rendue par le tribunal judiciaire de Nanterre le 26 juin 2025, la d\u00e9cision commente un divorce international introduit en France, apr\u00e8s mariage c\u00e9l\u00e9br\u00e9 en Tunisie. Le juge fixe la comp\u00e9tence internationale, retient la loi applicable, puis r\u00e8gle plusieurs cons\u00e9quences du divorce demand\u00e9 pour acceptation du principe de la rupture. Les\u2026","rel":"","context":"In &quot;D\u00e9cisions juridiques&quot;","block_context":{"text":"D\u00e9cisions juridiques","link":"https:\/\/kohenavocats.com\/category\/decisions-juridiques\/"},"img":{"alt_text":"","src":"https:\/\/i0.wp.com\/kohenavocats.com\/wp-content\/uploads\/2024\/06\/the-free-birds-9nGaQJjAAng-unsplash.webp?resize=350%2C200&ssl=1","width":350,"height":200,"srcset":"https:\/\/i0.wp.com\/kohenavocats.com\/wp-content\/uploads\/2024\/06\/the-free-birds-9nGaQJjAAng-unsplash.webp?resize=350%2C200&ssl=1 1x, https:\/\/i0.wp.com\/kohenavocats.com\/wp-content\/uploads\/2024\/06\/the-free-birds-9nGaQJjAAng-unsplash.webp?resize=525%2C300&ssl=1 1.5x, https:\/\/i0.wp.com\/kohenavocats.com\/wp-content\/uploads\/2024\/06\/the-free-birds-9nGaQJjAAng-unsplash.webp?resize=700%2C400&ssl=1 2x, https:\/\/i0.wp.com\/kohenavocats.com\/wp-content\/uploads\/2024\/06\/the-free-birds-9nGaQJjAAng-unsplash.webp?resize=1050%2C600&ssl=1 3x, https:\/\/i0.wp.com\/kohenavocats.com\/wp-content\/uploads\/2024\/06\/the-free-birds-9nGaQJjAAng-unsplash.webp?resize=1400%2C800&ssl=1 4x"},"classes":[]},{"id":723773,"url":"https:\/\/kohenavocats.com\/en\/tribunal-judiciaire-de-versailles-le-5-fevrier-2026-n24-02065-2\/","url_meta":{"origin":643056,"position":4},"title":"Tribunal judiciaire de Versailles, le 5 f\u00e9vrier 2026, n\u00b024\/02065","author":"Kohen","date":"28 April 2026","format":false,"excerpt":"Le Tribunal judiciaire de Versailles, statuant par ordonnance du juge de la mise en \u00e9tat le 5 f\u00e9vrier 2026, a rejet\u00e9 les demandes de communication de...","rel":"","context":"In &quot;D\u00e9cisions juridiques&quot;","block_context":{"text":"D\u00e9cisions juridiques","link":"https:\/\/kohenavocats.com\/category\/decisions-juridiques\/"},"img":{"alt_text":"","src":"https:\/\/i0.wp.com\/kohenavocats.com\/wp-content\/uploads\/2024\/07\/valentino-mazzariello-Ndm1hhIcwHc-unsplash.webp?resize=350%2C200&ssl=1","width":350,"height":200,"srcset":"https:\/\/i0.wp.com\/kohenavocats.com\/wp-content\/uploads\/2024\/07\/valentino-mazzariello-Ndm1hhIcwHc-unsplash.webp?resize=350%2C200&ssl=1 1x, https:\/\/i0.wp.com\/kohenavocats.com\/wp-content\/uploads\/2024\/07\/valentino-mazzariello-Ndm1hhIcwHc-unsplash.webp?resize=525%2C300&ssl=1 1.5x, https:\/\/i0.wp.com\/kohenavocats.com\/wp-content\/uploads\/2024\/07\/valentino-mazzariello-Ndm1hhIcwHc-unsplash.webp?resize=700%2C400&ssl=1 2x, https:\/\/i0.wp.com\/kohenavocats.com\/wp-content\/uploads\/2024\/07\/valentino-mazzariello-Ndm1hhIcwHc-unsplash.webp?resize=1050%2C600&ssl=1 3x, https:\/\/i0.wp.com\/kohenavocats.com\/wp-content\/uploads\/2024\/07\/valentino-mazzariello-Ndm1hhIcwHc-unsplash.webp?resize=1400%2C800&ssl=1 4x"},"classes":[]},{"id":724896,"url":"https:\/\/kohenavocats.com\/en\/tribunal-judiciaire-de-nanterre-le-5-fevrier-2026-n25-02052\/","url_meta":{"origin":643056,"position":5},"title":"Tribunal judiciaire de Nanterre, le 5 f\u00e9vrier 2026, n\u00b025\/02052","author":"Kohen","date":"28 April 2026","format":false,"excerpt":"Le tribunal judiciaire de Nanterre, statuant en r\u00e9f\u00e9r\u00e9 le 5 f\u00e9vrier 2026, a \u00e9t\u00e9 saisi par les h\u00e9ritiers r\u00e9servataires d'une personne d\u00e9c\u00e9d\u00e9e. Ceux-ci contest...","rel":"","context":"In &quot;Jurisprudence&quot;","block_context":{"text":"Jurisprudence","link":"https:\/\/kohenavocats.com\/category\/jurisprudence\/"},"img":{"alt_text":"","src":"https:\/\/i0.wp.com\/kohenavocats.com\/wp-content\/uploads\/2024\/08\/nick-night-XhesAbQnelI-unsplash.webp?resize=350%2C200&ssl=1","width":350,"height":200,"srcset":"https:\/\/i0.wp.com\/kohenavocats.com\/wp-content\/uploads\/2024\/08\/nick-night-XhesAbQnelI-unsplash.webp?resize=350%2C200&ssl=1 1x, https:\/\/i0.wp.com\/kohenavocats.com\/wp-content\/uploads\/2024\/08\/nick-night-XhesAbQnelI-unsplash.webp?resize=525%2C300&ssl=1 1.5x, https:\/\/i0.wp.com\/kohenavocats.com\/wp-content\/uploads\/2024\/08\/nick-night-XhesAbQnelI-unsplash.webp?resize=700%2C400&ssl=1 2x, https:\/\/i0.wp.com\/kohenavocats.com\/wp-content\/uploads\/2024\/08\/nick-night-XhesAbQnelI-unsplash.webp?resize=1050%2C600&ssl=1 3x, https:\/\/i0.wp.com\/kohenavocats.com\/wp-content\/uploads\/2024\/08\/nick-night-XhesAbQnelI-unsplash.webp?resize=1400%2C800&ssl=1 4x"},"classes":[]}],"jetpack_sharing_enabled":true,"_links":{"self":[{"href":"https:\/\/kohenavocats.com\/en\/wp-json\/wp\/v2\/posts\/643056","targetHints":{"allow":["GET"]}}],"collection":[{"href":"https:\/\/kohenavocats.com\/en\/wp-json\/wp\/v2\/posts"}],"about":[{"href":"https:\/\/kohenavocats.com\/en\/wp-json\/wp\/v2\/types\/post"}],"author":[{"embeddable":true,"href":"https:\/\/kohenavocats.com\/en\/wp-json\/wp\/v2\/users\/232070755"}],"replies":[{"embeddable":true,"href":"https:\/\/kohenavocats.com\/en\/wp-json\/wp\/v2\/comments?post=643056"}],"version-history":[{"count":0,"href":"https:\/\/kohenavocats.com\/en\/wp-json\/wp\/v2\/posts\/643056\/revisions"}],"wp:featuredmedia":[{"embeddable":true,"href":"https:\/\/kohenavocats.com\/en\/wp-json\/wp\/v2\/media\/4742"}],"wp:attachment":[{"href":"https:\/\/kohenavocats.com\/en\/wp-json\/wp\/v2\/media?parent=643056"}],"wp:term":[{"taxonomy":"category","embeddable":true,"href":"https:\/\/kohenavocats.com\/en\/wp-json\/wp\/v2\/categories?post=643056"},{"taxonomy":"post_tag","embeddable":true,"href":"https:\/\/kohenavocats.com\/en\/wp-json\/wp\/v2\/tags?post=643056"}],"curies":[{"name":"wp","href":"https:\/\/api.w.org\/{rel}","templated":true}]}}