{"id":643138,"date":"2026-04-22T02:53:33","date_gmt":"2026-04-22T00:53:33","guid":{"rendered":"https:\/\/kohenavocats.com\/cour-dappel-de-paris-le-19-juin-2024-n24-10195\/"},"modified":"2026-04-22T02:53:33","modified_gmt":"2026-04-22T00:53:33","slug":"cour-dappel-de-paris-le-19-juin-2024-n24-10195","status":"publish","type":"post","link":"https:\/\/kohenavocats.com\/en\/cour-dappel-de-paris-le-19-juin-2024-n24-10195\/","title":{"rendered":"Cour d&#8217;appel de Paris, le 19 juin 2024, n\u00b024\/10195"},"content":{"rendered":"<div class=\"article-content\">\n<p>La Cour d&#8217;appel de Paris, statuant le 19 juin 2024, a examin\u00e9 un incident de caducit\u00e9 soulev\u00e9 contre une d\u00e9claration d&#8217;appel. La soci\u00e9t\u00e9 intim\u00e9e invoquait l&#8217;irr\u00e9gularit\u00e9 de la signification de l&#8217;acte introductif. La cour a rejet\u00e9 cette demande et confirm\u00e9 l&#8217;ordonnance du conseiller de la mise en \u00e9tat.<\/p>\n<p>La r\u00e9gularit\u00e9 formelle de l&#8217;acte introductif d&#8217;appel<\/p>\n<p>La qualification juridique de l&#8217;acte signifi\u00e9. La d\u00e9cision pr\u00e9cise la nature de l&#8217;acte devant \u00eatre signifi\u00e9 \u00e0 l&#8217;intim\u00e9 d\u00e9pourvu de conseil. Elle \u00e9carte l&#8217;exigence de signifier l&#8217;avis \u00e9manant du greffe. &#8220;Aucune disposition du code de proc\u00e9dure civile n&#8217;impose \u00e0 l&#8217;appelant de notifier ou signifier l&#8217;avis de d\u00e9claration d&#8217;appel \u00e9manant du greffe.&#8221; (Motifs) La formalit\u00e9 substantielle est la signification de la d\u00e9claration d&#8217;appel elle-m\u00eame, un acte d\u00e9claratif. Cette analyse restreint les obligations de l&#8217;appelant aux seules prescriptions l\u00e9gales.<\/p>\n<p>L&#8217;absence de grief li\u00e9e \u00e0 un vice de forme. La cour applique strictement le r\u00e9gime des nullit\u00e9s de l&#8217;article 114 du code de proc\u00e9dure civile. Elle souligne que la nullit\u00e9 pour vice de forme n\u00e9cessite la preuve d&#8217;un pr\u00e9judice. &#8220;La nullit\u00e9 ne peut \u00eatre prononc\u00e9e qu&#8217;\u00e0 charge pour l&#8217;adversaire qui l&#8217;invoque de prouver le grief que lui cause l&#8217;irr\u00e9gularit\u00e9.&#8221; (Motifs) L&#8217;omission d&#8217;une mention non exig\u00e9e par la loi, comme le num\u00e9ro de r\u00e9pertoire g\u00e9n\u00e9ral, est ainsi neutralis\u00e9e. Cette solution prot\u00e8ge la proc\u00e9dure des nullit\u00e9s purement tactiques.<\/p>\n<p>Le r\u00e9gime proc\u00e9dural de la caducit\u00e9 de la d\u00e9claration d&#8217;appel<\/p>\n<p>La distinction fondamentale entre nullit\u00e9 et caducit\u00e9. L&#8217;arr\u00eat op\u00e8re une clarification essentielle entre deux sanctions proc\u00e9durales distinctes. La caducit\u00e9 vise le d\u00e9faut de signification dans les d\u00e9lais, r\u00e9gie par l&#8217;article 902. &#8220;A peine de caducit\u00e9 de la d\u00e9claration d&#8217;appel relev\u00e9e d&#8217;office, la signification doit \u00eatre effectu\u00e9e dans le mois de l&#8217;avis.&#8221; (Motifs) La nullit\u00e9, vis\u00e9e par l&#8217;appelante, concerne les vices de forme de l&#8217;acte. En l&#8217;esp\u00e8ce, la signification \u00e9tant intervenue dans le d\u00e9lai, le d\u00e9bat se cantonne \u00e0 la nullit\u00e9.<\/p>\n<p>L&#8217;exigence de la preuve d&#8217;un grief pour toute nullit\u00e9. Le raisonnement de la cour renforce le principe de l&#8217;\u00e9conomie proc\u00e9durale. M\u00eame une formalit\u00e9 substantielle ne conduit pas \u00e0 une nullit\u00e9 automatique. &#8220;La nullit\u00e9 ne saurait \u00eatre encourue en l&#8217;absence de d\u00e9monstration d&#8217;un grief.&#8221; (Motifs) Cette exigence impose \u00e0 la partie qui invoque la nullit\u00e9 de d\u00e9montrer en quoi l&#8217;irr\u00e9gularit\u00e9 a nui \u00e0 sa d\u00e9fense. Elle consacre une interpr\u00e9tation pragmatique et finaliste des r\u00e8gles de forme.<\/p>\n<p>La port\u00e9e de cette d\u00e9cision est significative en proc\u00e9dure d&#8217;appel. Elle rappelle la primaut\u00e9 du r\u00e9gime de la caducit\u00e9 pour sanctionner les d\u00e9fauts de signification dans les d\u00e9lais. Elle confirme \u00e9galement l&#8217;interpr\u00e9tation stricte de l&#8217;article 114 du code de proc\u00e9dure civile. Toute nullit\u00e9 pour vice de forme est d\u00e9sormais subordonn\u00e9e \u00e0 la preuve d&#8217;un grief concret. Cette jurisprudence s&#8217;inscrit contre la multiplication des incidents proc\u00e9duraux dilatoires. Elle favorise une justice plus efficace et moins formaliste dans l&#8217;examen du fond des litiges.<\/p>\n<\/div>\n","protected":false},"excerpt":{"rendered":"<p>La Cour d&#8217;appel de Paris, statuant le 19 juin 2024, a examin\u00e9 un incident de caducit\u00e9 soulev\u00e9 contre une d\u00e9claration d&#8217;appel. La soci\u00e9t\u00e9 intim\u00e9e invoquait l&#8217;&#8230;<\/p>\n","protected":false},"author":232070755,"featured_media":9598,"comment_status":"open","ping_status":"open","sticky":false,"template":"","format":"standard","meta":{"_crdt_document":"","_jetpack_newsletter_access":"","_jetpack_dont_email_post_to_subs":false,"_jetpack_newsletter_tier_id":0,"_jetpack_memberships_contains_paywalled_content":false,"_kj_source_type":"","_kj_official_id":"","_kj_official_url":"","_kj_judilibre_id":"","_kj_jur":"","_kj_lieu":"","_kj_chambre":"","_kj_rg":"","_kj_date":"","_jetpack_memberships_contains_paid_content":false,"footnotes":"","jetpack_post_was_ever_published":false},"categories":[7597],"tags":[],"class_list":["post-643138","post","type-post","status-publish","format-standard","has-post-thumbnail","hentry","category-jurisprudence"],"yoast_head":"<!-- This site is optimized with the Yoast SEO Premium plugin v27.4 (Yoast SEO v27.4) - https:\/\/yoast.com\/product\/yoast-seo-premium-wordpress\/ -->\n<title>Cour d&#039;appel de Paris, le 19 juin 2024, n\u00b024\/10195 - Ma\u00eetre Hassan Kohen, avocat en droit p\u00e9nal \u00e0 Paris<\/title>\n<meta name=\"description\" content=\"La Cour d&#039;appel de Paris, statuant le 19 juin 2024, a examin\u00e9 un incident de caducit\u00e9 soulev\u00e9 contre une d\u00e9claration d&#039;appel. La soci\u00e9t\u00e9 intim\u00e9e invoquait l&#039;...\" \/>\n<meta name=\"robots\" content=\"index, follow, max-snippet:-1, max-image-preview:large, max-video-preview:-1\" \/>\n<link rel=\"canonical\" href=\"https:\/\/kohenavocats.com\/en\/cour-dappel-de-paris-le-19-juin-2024-n24-10195\/\" \/>\n<meta property=\"og:locale\" content=\"en_US\" \/>\n<meta property=\"og:type\" content=\"article\" \/>\n<meta property=\"og:title\" content=\"Cour d&#039;appel de Paris, le 19 juin 2024, n\u00b024\/10195\" \/>\n<meta property=\"og:description\" content=\"La Cour d&#039;appel de Paris, statuant le 19 juin 2024, a examin\u00e9 un incident de caducit\u00e9 soulev\u00e9 contre une d\u00e9claration d&#039;appel. La soci\u00e9t\u00e9 intim\u00e9e invoquait l&#039;...\" \/>\n<meta property=\"og:url\" content=\"https:\/\/kohenavocats.com\/en\/cour-dappel-de-paris-le-19-juin-2024-n24-10195\/\" \/>\n<meta property=\"og:site_name\" content=\"Ma\u00eetre Hassan Kohen, avocat en droit p\u00e9nal \u00e0 Paris\" \/>\n<meta property=\"article:published_time\" content=\"2026-04-22T00:53:33+00:00\" \/>\n<meta property=\"og:image\" content=\"https:\/\/kohenavocats.com\/wp-content\/uploads\/2024\/11\/getty-images-1zAPNbJuDPI-unsplash.webp\" \/>\n\t<meta property=\"og:image:width\" content=\"4500\" \/>\n\t<meta property=\"og:image:height\" content=\"3000\" \/>\n\t<meta property=\"og:image:type\" content=\"image\/webp\" \/>\n<meta name=\"author\" content=\"Kohen\" \/>\n<meta name=\"twitter:card\" content=\"summary_large_image\" \/>\n<meta name=\"twitter:label1\" content=\"Written by\" \/>\n\t<meta name=\"twitter:data1\" content=\"Kohen\" \/>\n\t<meta name=\"twitter:label2\" content=\"Est. reading time\" \/>\n\t<meta name=\"twitter:data2\" content=\"3 minutes\" \/>\n<script type=\"application\/ld+json\" class=\"yoast-schema-graph\">{\"@context\":\"https:\\\/\\\/schema.org\",\"@graph\":[{\"@type\":\"Article\",\"@id\":\"https:\\\/\\\/kohenavocats.com\\\/en\\\/cour-dappel-de-paris-le-19-juin-2024-n24-10195\\\/#article\",\"isPartOf\":{\"@id\":\"https:\\\/\\\/kohenavocats.com\\\/en\\\/cour-dappel-de-paris-le-19-juin-2024-n24-10195\\\/\"},\"author\":{\"name\":\"Kohen\",\"@id\":\"https:\\\/\\\/kohenavocats.com\\\/en\\\/#\\\/schema\\\/person\\\/761c9ba54fa1ca84d405cef0831ff751\"},\"headline\":\"Cour d&#8217;appel de Paris, le 19 juin 2024, n\u00b024\\\/10195\",\"datePublished\":\"2026-04-22T00:53:33+00:00\",\"mainEntityOfPage\":{\"@id\":\"https:\\\/\\\/kohenavocats.com\\\/en\\\/cour-dappel-de-paris-le-19-juin-2024-n24-10195\\\/\"},\"wordCount\":572,\"commentCount\":0,\"publisher\":{\"@id\":\"https:\\\/\\\/kohenavocats.com\\\/en\\\/#organization\"},\"image\":{\"@id\":\"https:\\\/\\\/kohenavocats.com\\\/en\\\/cour-dappel-de-paris-le-19-juin-2024-n24-10195\\\/#primaryimage\"},\"thumbnailUrl\":\"https:\\\/\\\/kohenavocats.com\\\/wp-content\\\/uploads\\\/2024\\\/11\\\/getty-images-1zAPNbJuDPI-unsplash.webp\",\"articleSection\":[\"Jurisprudence\"],\"inLanguage\":\"en-US\",\"potentialAction\":[{\"@type\":\"CommentAction\",\"name\":\"Comment\",\"target\":[\"https:\\\/\\\/kohenavocats.com\\\/en\\\/cour-dappel-de-paris-le-19-juin-2024-n24-10195\\\/#respond\"]}],\"citation\":\"Cour d&#8217;appel de Paris, le 19 juin 2024, n\u00b024\\\/10195\",\"about\":[{\"@type\":\"Thing\",\"name\":\"Jurisprudence\"}],\"dateModified\":\"2026-04-22T00:53:33+00:00\",\"speakable\":{\"@type\":\"SpeakableSpecification\",\"cssSelector\":[\".article-content > p:first-of-type\"]}},{\"@type\":\"WebPage\",\"@id\":\"https:\\\/\\\/kohenavocats.com\\\/en\\\/cour-dappel-de-paris-le-19-juin-2024-n24-10195\\\/\",\"url\":\"https:\\\/\\\/kohenavocats.com\\\/en\\\/cour-dappel-de-paris-le-19-juin-2024-n24-10195\\\/\",\"name\":\"Cour d'appel de Paris, le 19 juin 2024, n\u00b024\\\/10195 - Ma\u00eetre Hassan Kohen, avocat en droit p\u00e9nal \u00e0 Paris\",\"isPartOf\":{\"@id\":\"https:\\\/\\\/kohenavocats.com\\\/en\\\/#website\"},\"primaryImageOfPage\":{\"@id\":\"https:\\\/\\\/kohenavocats.com\\\/en\\\/cour-dappel-de-paris-le-19-juin-2024-n24-10195\\\/#primaryimage\"},\"image\":{\"@id\":\"https:\\\/\\\/kohenavocats.com\\\/en\\\/cour-dappel-de-paris-le-19-juin-2024-n24-10195\\\/#primaryimage\"},\"thumbnailUrl\":\"https:\\\/\\\/kohenavocats.com\\\/wp-content\\\/uploads\\\/2024\\\/11\\\/getty-images-1zAPNbJuDPI-unsplash.webp\",\"datePublished\":\"2026-04-22T00:53:33+00:00\",\"description\":\"La Cour d'appel de Paris, statuant le 19 juin 2024, a examin\u00e9 un incident de caducit\u00e9 soulev\u00e9 contre une d\u00e9claration d'appel. La soci\u00e9t\u00e9 intim\u00e9e invoquait l'...\",\"breadcrumb\":{\"@id\":\"https:\\\/\\\/kohenavocats.com\\\/en\\\/cour-dappel-de-paris-le-19-juin-2024-n24-10195\\\/#breadcrumb\"},\"inLanguage\":\"en-US\",\"potentialAction\":[{\"@type\":\"ReadAction\",\"target\":[\"https:\\\/\\\/kohenavocats.com\\\/en\\\/cour-dappel-de-paris-le-19-juin-2024-n24-10195\\\/\"]}]},{\"@type\":\"ImageObject\",\"inLanguage\":\"en-US\",\"@id\":\"https:\\\/\\\/kohenavocats.com\\\/en\\\/cour-dappel-de-paris-le-19-juin-2024-n24-10195\\\/#primaryimage\",\"url\":\"https:\\\/\\\/kohenavocats.com\\\/wp-content\\\/uploads\\\/2024\\\/11\\\/getty-images-1zAPNbJuDPI-unsplash.webp\",\"contentUrl\":\"https:\\\/\\\/kohenavocats.com\\\/wp-content\\\/uploads\\\/2024\\\/11\\\/getty-images-1zAPNbJuDPI-unsplash.webp\",\"width\":4500,\"height\":3000},{\"@type\":\"BreadcrumbList\",\"@id\":\"https:\\\/\\\/kohenavocats.com\\\/en\\\/cour-dappel-de-paris-le-19-juin-2024-n24-10195\\\/#breadcrumb\",\"itemListElement\":[{\"@type\":\"ListItem\",\"position\":1,\"name\":\"Home\",\"item\":\"https:\\\/\\\/kohenavocats.com\\\/en\\\/criminal-law-attorneys-in-paris-counsel-and-strategic-defense\\\/\"},{\"@type\":\"ListItem\",\"position\":2,\"name\":\"Cour d&rsquo;appel de Paris, le 19 juin 2024, n\u00b024\\\/10195\"}]},{\"@type\":\"WebSite\",\"@id\":\"https:\\\/\\\/kohenavocats.com\\\/en\\\/#website\",\"url\":\"https:\\\/\\\/kohenavocats.com\\\/en\\\/\",\"name\":\"Kohen Avocats\",\"description\":\"Ma\u00eetre Hassan Kohen, avocat p\u00e9naliste \u00e0 Paris, intervient exclusivement en droit p\u00e9nal pour la d\u00e9fense des particuliers, notamment en mati\u00e8re d\u2019accusations de viol. Il assure un accompagnement rigoureux d\u00e8s la garde \u00e0 vue jusqu\u2019\u00e0 la Cour d\u2019assises, veillant au strict respect des garanties proc\u00e9durales.\",\"publisher\":{\"@id\":\"https:\\\/\\\/kohenavocats.com\\\/en\\\/#organization\"},\"potentialAction\":[{\"@type\":\"SearchAction\",\"target\":{\"@type\":\"EntryPoint\",\"urlTemplate\":\"https:\\\/\\\/kohenavocats.com\\\/en\\\/?s={search_term_string}\"},\"query-input\":{\"@type\":\"PropertyValueSpecification\",\"valueRequired\":true,\"valueName\":\"search_term_string\"}}],\"inLanguage\":\"en-US\"},{\"@type\":\"Organization\",\"@id\":\"https:\\\/\\\/kohenavocats.com\\\/en\\\/#organization\",\"name\":\"Kohen Avocats\",\"url\":\"https:\\\/\\\/kohenavocats.com\\\/en\\\/\",\"logo\":{\"@type\":\"ImageObject\",\"inLanguage\":\"en-US\",\"@id\":\"https:\\\/\\\/kohenavocats.com\\\/en\\\/#\\\/schema\\\/logo\\\/image\\\/\",\"url\":\"https:\\\/\\\/kohenavocats.com\\\/wp-content\\\/uploads\\\/2026\\\/01\\\/Logo-2-1.webp\",\"contentUrl\":\"https:\\\/\\\/kohenavocats.com\\\/wp-content\\\/uploads\\\/2026\\\/01\\\/Logo-2-1.webp\",\"width\":2114,\"height\":1253,\"caption\":\"Kohen Avocats\"},\"image\":{\"@id\":\"https:\\\/\\\/kohenavocats.com\\\/en\\\/#\\\/schema\\\/logo\\\/image\\\/\"}},{\"@type\":\"Person\",\"@id\":\"https:\\\/\\\/kohenavocats.com\\\/en\\\/#\\\/schema\\\/person\\\/761c9ba54fa1ca84d405cef0831ff751\",\"name\":\"Kohen\",\"image\":{\"@type\":\"ImageObject\",\"inLanguage\":\"en-US\",\"@id\":\"https:\\\/\\\/secure.gravatar.com\\\/avatar\\\/1c5e76ef76bbbfdd2b4da984e2bf2fa4056fd51a27d25ce2c332047f1dfd6e00?s=96&d=identicon&r=g\",\"url\":\"https:\\\/\\\/secure.gravatar.com\\\/avatar\\\/1c5e76ef76bbbfdd2b4da984e2bf2fa4056fd51a27d25ce2c332047f1dfd6e00?s=96&d=identicon&r=g\",\"contentUrl\":\"https:\\\/\\\/secure.gravatar.com\\\/avatar\\\/1c5e76ef76bbbfdd2b4da984e2bf2fa4056fd51a27d25ce2c332047f1dfd6e00?s=96&d=identicon&r=g\",\"caption\":\"Kohen\"},\"sameAs\":[\"https:\\\/\\\/www.linkedin.com\\\/in\\\/hassan-kohen-448548192\\\/\",\"https:\\\/\\\/www.youtube.com\\\/@Kohen-Avocats\"],\"url\":\"https:\\\/\\\/kohenavocats.com\\\/en\\\/author\\\/kohenmlk\\\/\"}]}<\/script>\n<!-- \/ Yoast SEO Premium plugin. -->","yoast_head_json":{"title":"Cour d'appel de Paris, le 19 juin 2024, n\u00b024\/10195 - Ma\u00eetre Hassan Kohen, avocat en droit p\u00e9nal \u00e0 Paris","description":"La Cour d'appel de Paris, statuant le 19 juin 2024, a examin\u00e9 un incident de caducit\u00e9 soulev\u00e9 contre une d\u00e9claration d'appel. La soci\u00e9t\u00e9 intim\u00e9e invoquait l'...","robots":{"index":"index","follow":"follow","max-snippet":"max-snippet:-1","max-image-preview":"max-image-preview:large","max-video-preview":"max-video-preview:-1"},"canonical":"https:\/\/kohenavocats.com\/en\/cour-dappel-de-paris-le-19-juin-2024-n24-10195\/","og_locale":"en_US","og_type":"article","og_title":"Cour d'appel de Paris, le 19 juin 2024, n\u00b024\/10195","og_description":"La Cour d'appel de Paris, statuant le 19 juin 2024, a examin\u00e9 un incident de caducit\u00e9 soulev\u00e9 contre une d\u00e9claration d'appel. La soci\u00e9t\u00e9 intim\u00e9e invoquait l'...","og_url":"https:\/\/kohenavocats.com\/en\/cour-dappel-de-paris-le-19-juin-2024-n24-10195\/","og_site_name":"Ma\u00eetre Hassan Kohen, avocat en droit p\u00e9nal \u00e0 Paris","article_published_time":"2026-04-22T00:53:33+00:00","og_image":[{"width":4500,"height":3000,"url":"https:\/\/kohenavocats.com\/wp-content\/uploads\/2024\/11\/getty-images-1zAPNbJuDPI-unsplash.webp","type":"image\/webp"}],"author":"Kohen","twitter_card":"summary_large_image","twitter_misc":{"Written by":"Kohen","Est. reading time":"3 minutes"},"schema":{"@context":"https:\/\/schema.org","@graph":[{"@type":"Article","@id":"https:\/\/kohenavocats.com\/en\/cour-dappel-de-paris-le-19-juin-2024-n24-10195\/#article","isPartOf":{"@id":"https:\/\/kohenavocats.com\/en\/cour-dappel-de-paris-le-19-juin-2024-n24-10195\/"},"author":{"name":"Kohen","@id":"https:\/\/kohenavocats.com\/en\/#\/schema\/person\/761c9ba54fa1ca84d405cef0831ff751"},"headline":"Cour d&#8217;appel de Paris, le 19 juin 2024, n\u00b024\/10195","datePublished":"2026-04-22T00:53:33+00:00","mainEntityOfPage":{"@id":"https:\/\/kohenavocats.com\/en\/cour-dappel-de-paris-le-19-juin-2024-n24-10195\/"},"wordCount":572,"commentCount":0,"publisher":{"@id":"https:\/\/kohenavocats.com\/en\/#organization"},"image":{"@id":"https:\/\/kohenavocats.com\/en\/cour-dappel-de-paris-le-19-juin-2024-n24-10195\/#primaryimage"},"thumbnailUrl":"https:\/\/kohenavocats.com\/wp-content\/uploads\/2024\/11\/getty-images-1zAPNbJuDPI-unsplash.webp","articleSection":["Jurisprudence"],"inLanguage":"en-US","potentialAction":[{"@type":"CommentAction","name":"Comment","target":["https:\/\/kohenavocats.com\/en\/cour-dappel-de-paris-le-19-juin-2024-n24-10195\/#respond"]}],"citation":"Cour d&#8217;appel de Paris, le 19 juin 2024, n\u00b024\/10195","about":[{"@type":"Thing","name":"Jurisprudence"}],"dateModified":"2026-04-22T00:53:33+00:00","speakable":{"@type":"SpeakableSpecification","cssSelector":[".article-content > p:first-of-type"]}},{"@type":"WebPage","@id":"https:\/\/kohenavocats.com\/en\/cour-dappel-de-paris-le-19-juin-2024-n24-10195\/","url":"https:\/\/kohenavocats.com\/en\/cour-dappel-de-paris-le-19-juin-2024-n24-10195\/","name":"Cour d'appel de Paris, le 19 juin 2024, n\u00b024\/10195 - Ma\u00eetre Hassan Kohen, avocat en droit p\u00e9nal \u00e0 Paris","isPartOf":{"@id":"https:\/\/kohenavocats.com\/en\/#website"},"primaryImageOfPage":{"@id":"https:\/\/kohenavocats.com\/en\/cour-dappel-de-paris-le-19-juin-2024-n24-10195\/#primaryimage"},"image":{"@id":"https:\/\/kohenavocats.com\/en\/cour-dappel-de-paris-le-19-juin-2024-n24-10195\/#primaryimage"},"thumbnailUrl":"https:\/\/kohenavocats.com\/wp-content\/uploads\/2024\/11\/getty-images-1zAPNbJuDPI-unsplash.webp","datePublished":"2026-04-22T00:53:33+00:00","description":"La Cour d'appel de Paris, statuant le 19 juin 2024, a examin\u00e9 un incident de caducit\u00e9 soulev\u00e9 contre une d\u00e9claration d'appel. La soci\u00e9t\u00e9 intim\u00e9e invoquait l'...","breadcrumb":{"@id":"https:\/\/kohenavocats.com\/en\/cour-dappel-de-paris-le-19-juin-2024-n24-10195\/#breadcrumb"},"inLanguage":"en-US","potentialAction":[{"@type":"ReadAction","target":["https:\/\/kohenavocats.com\/en\/cour-dappel-de-paris-le-19-juin-2024-n24-10195\/"]}]},{"@type":"ImageObject","inLanguage":"en-US","@id":"https:\/\/kohenavocats.com\/en\/cour-dappel-de-paris-le-19-juin-2024-n24-10195\/#primaryimage","url":"https:\/\/kohenavocats.com\/wp-content\/uploads\/2024\/11\/getty-images-1zAPNbJuDPI-unsplash.webp","contentUrl":"https:\/\/kohenavocats.com\/wp-content\/uploads\/2024\/11\/getty-images-1zAPNbJuDPI-unsplash.webp","width":4500,"height":3000},{"@type":"BreadcrumbList","@id":"https:\/\/kohenavocats.com\/en\/cour-dappel-de-paris-le-19-juin-2024-n24-10195\/#breadcrumb","itemListElement":[{"@type":"ListItem","position":1,"name":"Home","item":"https:\/\/kohenavocats.com\/en\/criminal-law-attorneys-in-paris-counsel-and-strategic-defense\/"},{"@type":"ListItem","position":2,"name":"Cour d&rsquo;appel de Paris, le 19 juin 2024, n\u00b024\/10195"}]},{"@type":"WebSite","@id":"https:\/\/kohenavocats.com\/en\/#website","url":"https:\/\/kohenavocats.com\/en\/","name":"Kohen Avocats","description":"Ma\u00eetre Hassan Kohen, avocat p\u00e9naliste \u00e0 Paris, intervient exclusivement en droit p\u00e9nal pour la d\u00e9fense des particuliers, notamment en mati\u00e8re d\u2019accusations de viol. Il assure un accompagnement rigoureux d\u00e8s la garde \u00e0 vue jusqu\u2019\u00e0 la Cour d\u2019assises, veillant au strict respect des garanties proc\u00e9durales.","publisher":{"@id":"https:\/\/kohenavocats.com\/en\/#organization"},"potentialAction":[{"@type":"SearchAction","target":{"@type":"EntryPoint","urlTemplate":"https:\/\/kohenavocats.com\/en\/?s={search_term_string}"},"query-input":{"@type":"PropertyValueSpecification","valueRequired":true,"valueName":"search_term_string"}}],"inLanguage":"en-US"},{"@type":"Organization","@id":"https:\/\/kohenavocats.com\/en\/#organization","name":"Kohen Avocats","url":"https:\/\/kohenavocats.com\/en\/","logo":{"@type":"ImageObject","inLanguage":"en-US","@id":"https:\/\/kohenavocats.com\/en\/#\/schema\/logo\/image\/","url":"https:\/\/kohenavocats.com\/wp-content\/uploads\/2026\/01\/Logo-2-1.webp","contentUrl":"https:\/\/kohenavocats.com\/wp-content\/uploads\/2026\/01\/Logo-2-1.webp","width":2114,"height":1253,"caption":"Kohen Avocats"},"image":{"@id":"https:\/\/kohenavocats.com\/en\/#\/schema\/logo\/image\/"}},{"@type":"Person","@id":"https:\/\/kohenavocats.com\/en\/#\/schema\/person\/761c9ba54fa1ca84d405cef0831ff751","name":"Kohen","image":{"@type":"ImageObject","inLanguage":"en-US","@id":"https:\/\/secure.gravatar.com\/avatar\/1c5e76ef76bbbfdd2b4da984e2bf2fa4056fd51a27d25ce2c332047f1dfd6e00?s=96&d=identicon&r=g","url":"https:\/\/secure.gravatar.com\/avatar\/1c5e76ef76bbbfdd2b4da984e2bf2fa4056fd51a27d25ce2c332047f1dfd6e00?s=96&d=identicon&r=g","contentUrl":"https:\/\/secure.gravatar.com\/avatar\/1c5e76ef76bbbfdd2b4da984e2bf2fa4056fd51a27d25ce2c332047f1dfd6e00?s=96&d=identicon&r=g","caption":"Kohen"},"sameAs":["https:\/\/www.linkedin.com\/in\/hassan-kohen-448548192\/","https:\/\/www.youtube.com\/@Kohen-Avocats"],"url":"https:\/\/kohenavocats.com\/en\/author\/kohenmlk\/"}]}},"jetpack_featured_media_url":"https:\/\/kohenavocats.com\/wp-content\/uploads\/2024\/11\/getty-images-1zAPNbJuDPI-unsplash.webp","jetpack_likes_enabled":false,"jetpack_shortlink":"https:\/\/wp.me\/peCrII-2Hjc","jetpack-related-posts":[{"id":228454,"url":"https:\/\/kohenavocats.com\/en\/cour-dappel-de-paris-le-3-septembre-2025-n25-02246\/","url_meta":{"origin":643138,"position":0},"title":"Cour d&#8217;appel de Paris, le 3 septembre 2025, n\u00b025\/02246","author":"Kohen","date":"27 December 2025","format":false,"excerpt":"Now using node v22.15.1 (npm v10.8.2)Utilisation de Node.js v20.19.4 et npm 10.8.2Codex est d\u00e9j\u00e0 install\u00e9.Lancement de Codex\u2026Rendue par la Cour d\u2019appel de Paris le 3 septembre 2025, l\u2019ordonnance d\u00e9f\u00e9r\u00e9e \u00e9mane du conseiller de la mise en \u00e9tat, qui a prononc\u00e9 la caducit\u00e9 d\u2019une d\u00e9claration d\u2019appel. L\u2019affaire trouve son origine dans\u2026","rel":"","context":"In &quot;Cour d'appel&quot;","block_context":{"text":"Cour d'appel","link":"https:\/\/kohenavocats.com\/category\/cour-dappel\/"},"img":{"alt_text":"","src":"https:\/\/i0.wp.com\/kohenavocats.com\/wp-content\/uploads\/2024\/07\/aleix-ventayol-yPoM-wmzKMM-unsplash-2.webp?resize=350%2C200&ssl=1","width":350,"height":200,"srcset":"https:\/\/i0.wp.com\/kohenavocats.com\/wp-content\/uploads\/2024\/07\/aleix-ventayol-yPoM-wmzKMM-unsplash-2.webp?resize=350%2C200&ssl=1 1x, https:\/\/i0.wp.com\/kohenavocats.com\/wp-content\/uploads\/2024\/07\/aleix-ventayol-yPoM-wmzKMM-unsplash-2.webp?resize=525%2C300&ssl=1 1.5x, https:\/\/i0.wp.com\/kohenavocats.com\/wp-content\/uploads\/2024\/07\/aleix-ventayol-yPoM-wmzKMM-unsplash-2.webp?resize=700%2C400&ssl=1 2x, https:\/\/i0.wp.com\/kohenavocats.com\/wp-content\/uploads\/2024\/07\/aleix-ventayol-yPoM-wmzKMM-unsplash-2.webp?resize=1050%2C600&ssl=1 3x, https:\/\/i0.wp.com\/kohenavocats.com\/wp-content\/uploads\/2024\/07\/aleix-ventayol-yPoM-wmzKMM-unsplash-2.webp?resize=1400%2C800&ssl=1 4x"},"classes":[]},{"id":49782,"url":"https:\/\/kohenavocats.com\/en\/cour-dappel-de-paris-le-9-septembre-2025-n25-00149\/","url_meta":{"origin":643138,"position":1},"title":"Cour d&#8217;appel de Paris, le 9 septembre 2025, n\u00b025\/00149","author":"Kohen","date":"8 November 2025","format":false,"excerpt":"La Cour d'appel de Paris, 9 septembre 2025, statue sur d\u00e9f\u00e9r\u00e9 d'une ordonnance du 11 f\u00e9vrier 2025 ayant prononc\u00e9 la caducit\u00e9 d'une d\u00e9claration de saisine. Le litige s\u2019enracine dans une succession ancienne, marqu\u00e9e par un inventaire d\u2019\u0153uvres, des disparitions all\u00e9gu\u00e9es et l\u2019intervention d\u2019un assureur aux c\u00f4t\u00e9s d\u2019un office de ventes\u2026","rel":"","context":"In &quot;Cour d'appel&quot;","block_context":{"text":"Cour d'appel","link":"https:\/\/kohenavocats.com\/category\/cour-dappel\/"},"img":{"alt_text":"","src":"https:\/\/i0.wp.com\/kohenavocats.com\/wp-content\/uploads\/2024\/11\/xhiliana-CfCB8S-7RM4-unsplash.webp?resize=350%2C200&ssl=1","width":350,"height":200,"srcset":"https:\/\/i0.wp.com\/kohenavocats.com\/wp-content\/uploads\/2024\/11\/xhiliana-CfCB8S-7RM4-unsplash.webp?resize=350%2C200&ssl=1 1x, https:\/\/i0.wp.com\/kohenavocats.com\/wp-content\/uploads\/2024\/11\/xhiliana-CfCB8S-7RM4-unsplash.webp?resize=525%2C300&ssl=1 1.5x, https:\/\/i0.wp.com\/kohenavocats.com\/wp-content\/uploads\/2024\/11\/xhiliana-CfCB8S-7RM4-unsplash.webp?resize=700%2C400&ssl=1 2x, https:\/\/i0.wp.com\/kohenavocats.com\/wp-content\/uploads\/2024\/11\/xhiliana-CfCB8S-7RM4-unsplash.webp?resize=1050%2C600&ssl=1 3x, https:\/\/i0.wp.com\/kohenavocats.com\/wp-content\/uploads\/2024\/11\/xhiliana-CfCB8S-7RM4-unsplash.webp?resize=1400%2C800&ssl=1 4x"},"classes":[]},{"id":686620,"url":"https:\/\/kohenavocats.com\/en\/cour-dappel-de-paris-le-17-juin-2025-n24-18182\/","url_meta":{"origin":643138,"position":2},"title":"Cour d&#8217;appel de Paris, le 17 juin 2025, n\u00b024\/18182","author":"Kohen","date":"25 April 2026","format":false,"excerpt":"Par un arr\u00eat de la Cour d'appel de Paris du 17 juin 2025, statuant en d\u00e9f\u00e9r\u00e9, la juridiction a infirm\u00e9 une ordonnance de caducit\u00e9. Le litige na\u00eet d\u2019un appel ...","rel":"","context":"In &quot;Jurisprudence&quot;","block_context":{"text":"Jurisprudence","link":"https:\/\/kohenavocats.com\/category\/jurisprudence\/"},"img":{"alt_text":"","src":"https:\/\/i0.wp.com\/kohenavocats.com\/wp-content\/uploads\/2024\/11\/chris-barbalis-p3hlhPiB9Ro-unsplash.webp?resize=350%2C200&ssl=1","width":350,"height":200,"srcset":"https:\/\/i0.wp.com\/kohenavocats.com\/wp-content\/uploads\/2024\/11\/chris-barbalis-p3hlhPiB9Ro-unsplash.webp?resize=350%2C200&ssl=1 1x, https:\/\/i0.wp.com\/kohenavocats.com\/wp-content\/uploads\/2024\/11\/chris-barbalis-p3hlhPiB9Ro-unsplash.webp?resize=525%2C300&ssl=1 1.5x, https:\/\/i0.wp.com\/kohenavocats.com\/wp-content\/uploads\/2024\/11\/chris-barbalis-p3hlhPiB9Ro-unsplash.webp?resize=700%2C400&ssl=1 2x, https:\/\/i0.wp.com\/kohenavocats.com\/wp-content\/uploads\/2024\/11\/chris-barbalis-p3hlhPiB9Ro-unsplash.webp?resize=1050%2C600&ssl=1 3x, https:\/\/i0.wp.com\/kohenavocats.com\/wp-content\/uploads\/2024\/11\/chris-barbalis-p3hlhPiB9Ro-unsplash.webp?resize=1400%2C800&ssl=1 4x"},"classes":[]},{"id":226765,"url":"https:\/\/kohenavocats.com\/en\/cour-dappel-de-amiens-le-19-juin-2025-n24-02017\/","url_meta":{"origin":643138,"position":3},"title":"Cour d&#8217;appel de Amiens, le 19 juin 2025, n\u00b024\/02017","author":"Kohen","date":"26 December 2025","format":false,"excerpt":"L'article 902 du code de proc\u00e9dure civile impose \u00e0 l'appelant de signifier sa d\u00e9claration d'appel dans le mois suivant l'avis du greffe, \u00e0 peine de caducit\u00e9. La question du point de d\u00e9part de ce d\u00e9lai rev\u00eat une importance pratique consid\u00e9rable pour la pr\u00e9servation du droit d'acc\u00e8s au juge d'appel. La\u2026","rel":"","context":"In &quot;Cour d'appel&quot;","block_context":{"text":"Cour d'appel","link":"https:\/\/kohenavocats.com\/category\/cour-dappel\/"},"img":{"alt_text":"","src":"https:\/\/i0.wp.com\/kohenavocats.com\/wp-content\/uploads\/2024\/08\/simone-hutsch-xOLhD-qfoRI-unsplash.webp?resize=350%2C200&ssl=1","width":350,"height":200,"srcset":"https:\/\/i0.wp.com\/kohenavocats.com\/wp-content\/uploads\/2024\/08\/simone-hutsch-xOLhD-qfoRI-unsplash.webp?resize=350%2C200&ssl=1 1x, https:\/\/i0.wp.com\/kohenavocats.com\/wp-content\/uploads\/2024\/08\/simone-hutsch-xOLhD-qfoRI-unsplash.webp?resize=525%2C300&ssl=1 1.5x, https:\/\/i0.wp.com\/kohenavocats.com\/wp-content\/uploads\/2024\/08\/simone-hutsch-xOLhD-qfoRI-unsplash.webp?resize=700%2C400&ssl=1 2x, https:\/\/i0.wp.com\/kohenavocats.com\/wp-content\/uploads\/2024\/08\/simone-hutsch-xOLhD-qfoRI-unsplash.webp?resize=1050%2C600&ssl=1 3x, https:\/\/i0.wp.com\/kohenavocats.com\/wp-content\/uploads\/2024\/08\/simone-hutsch-xOLhD-qfoRI-unsplash.webp?resize=1400%2C800&ssl=1 4x"},"classes":[]},{"id":484832,"url":"https:\/\/kohenavocats.com\/en\/cour-dappel-de-bordeaux-le-28-novembre-2025-n25-04913\/","url_meta":{"origin":643138,"position":4},"title":"Cour d&#8217;appel de Bordeaux, le 28 novembre 2025, n\u00b025\/04913","author":"Kohen","date":"8 April 2026","format":false,"excerpt":"La Cour d'appel de Bordeaux, deuxi\u00e8me chambre civile, statuant par arr\u00eat du 28 novembre 2025, a examin\u00e9 un d\u00e9f\u00e9r\u00e9 contre une ordonnance de caducit\u00e9. Un jugem...","rel":"","context":"In &quot;Jurisprudence&quot;","block_context":{"text":"Jurisprudence","link":"https:\/\/kohenavocats.com\/category\/jurisprudence\/"},"img":{"alt_text":"","src":"https:\/\/i0.wp.com\/kohenavocats.com\/wp-content\/uploads\/2024\/07\/valentino-mazzariello-Ndm1hhIcwHc-unsplash.webp?resize=350%2C200&ssl=1","width":350,"height":200,"srcset":"https:\/\/i0.wp.com\/kohenavocats.com\/wp-content\/uploads\/2024\/07\/valentino-mazzariello-Ndm1hhIcwHc-unsplash.webp?resize=350%2C200&ssl=1 1x, https:\/\/i0.wp.com\/kohenavocats.com\/wp-content\/uploads\/2024\/07\/valentino-mazzariello-Ndm1hhIcwHc-unsplash.webp?resize=525%2C300&ssl=1 1.5x, https:\/\/i0.wp.com\/kohenavocats.com\/wp-content\/uploads\/2024\/07\/valentino-mazzariello-Ndm1hhIcwHc-unsplash.webp?resize=700%2C400&ssl=1 2x, https:\/\/i0.wp.com\/kohenavocats.com\/wp-content\/uploads\/2024\/07\/valentino-mazzariello-Ndm1hhIcwHc-unsplash.webp?resize=1050%2C600&ssl=1 3x, https:\/\/i0.wp.com\/kohenavocats.com\/wp-content\/uploads\/2024\/07\/valentino-mazzariello-Ndm1hhIcwHc-unsplash.webp?resize=1400%2C800&ssl=1 4x"},"classes":[]},{"id":241917,"url":"https:\/\/kohenavocats.com\/en\/cour-dappel-de-basse-terre-le-16-juin-2025-n24-01139\/","url_meta":{"origin":643138,"position":5},"title":"Cour d&#8217;appel de Basse-Terre, le 16 juin 2025, n\u00b024\/01139","author":"Kohen","date":"3 January 2026","format":false,"excerpt":"Rendue par la Cour d\u2019appel de Basse-Terre, chambre sociale, le 16 juin 2025, la d\u00e9cision commente la rigueur des exigences propres \u00e0 l\u2019appel \u00e0 bref d\u00e9lai lorsqu\u2019une liquidation judiciaire intervient en cours d\u2019instance. Un salari\u00e9, enseignant de la conduite, r\u00e9clamait en r\u00e9f\u00e9r\u00e9 des salaires impay\u00e9s, des heures suppl\u00e9mentaires et la\u2026","rel":"","context":"In &quot;Cour d'appel&quot;","block_context":{"text":"Cour d'appel","link":"https:\/\/kohenavocats.com\/category\/cour-dappel\/"},"img":{"alt_text":"","src":"https:\/\/i0.wp.com\/kohenavocats.com\/wp-content\/uploads\/2024\/08\/diane-picchiottino-MgllRDA6GIA-unsplash.webp?resize=350%2C200&ssl=1","width":350,"height":200,"srcset":"https:\/\/i0.wp.com\/kohenavocats.com\/wp-content\/uploads\/2024\/08\/diane-picchiottino-MgllRDA6GIA-unsplash.webp?resize=350%2C200&ssl=1 1x, https:\/\/i0.wp.com\/kohenavocats.com\/wp-content\/uploads\/2024\/08\/diane-picchiottino-MgllRDA6GIA-unsplash.webp?resize=525%2C300&ssl=1 1.5x, https:\/\/i0.wp.com\/kohenavocats.com\/wp-content\/uploads\/2024\/08\/diane-picchiottino-MgllRDA6GIA-unsplash.webp?resize=700%2C400&ssl=1 2x, https:\/\/i0.wp.com\/kohenavocats.com\/wp-content\/uploads\/2024\/08\/diane-picchiottino-MgllRDA6GIA-unsplash.webp?resize=1050%2C600&ssl=1 3x, https:\/\/i0.wp.com\/kohenavocats.com\/wp-content\/uploads\/2024\/08\/diane-picchiottino-MgllRDA6GIA-unsplash.webp?resize=1400%2C800&ssl=1 4x"},"classes":[]}],"jetpack_sharing_enabled":true,"_links":{"self":[{"href":"https:\/\/kohenavocats.com\/en\/wp-json\/wp\/v2\/posts\/643138","targetHints":{"allow":["GET"]}}],"collection":[{"href":"https:\/\/kohenavocats.com\/en\/wp-json\/wp\/v2\/posts"}],"about":[{"href":"https:\/\/kohenavocats.com\/en\/wp-json\/wp\/v2\/types\/post"}],"author":[{"embeddable":true,"href":"https:\/\/kohenavocats.com\/en\/wp-json\/wp\/v2\/users\/232070755"}],"replies":[{"embeddable":true,"href":"https:\/\/kohenavocats.com\/en\/wp-json\/wp\/v2\/comments?post=643138"}],"version-history":[{"count":0,"href":"https:\/\/kohenavocats.com\/en\/wp-json\/wp\/v2\/posts\/643138\/revisions"}],"wp:featuredmedia":[{"embeddable":true,"href":"https:\/\/kohenavocats.com\/en\/wp-json\/wp\/v2\/media\/9598"}],"wp:attachment":[{"href":"https:\/\/kohenavocats.com\/en\/wp-json\/wp\/v2\/media?parent=643138"}],"wp:term":[{"taxonomy":"category","embeddable":true,"href":"https:\/\/kohenavocats.com\/en\/wp-json\/wp\/v2\/categories?post=643138"},{"taxonomy":"post_tag","embeddable":true,"href":"https:\/\/kohenavocats.com\/en\/wp-json\/wp\/v2\/tags?post=643138"}],"curies":[{"name":"wp","href":"https:\/\/api.w.org\/{rel}","templated":true}]}}