{"id":643282,"date":"2026-04-22T03:05:17","date_gmt":"2026-04-22T01:05:17","guid":{"rendered":"https:\/\/kohenavocats.com\/cour-dappel-le-8-octobre-2025-n24-01441\/"},"modified":"2026-04-22T03:05:17","modified_gmt":"2026-04-22T01:05:17","slug":"cour-dappel-le-8-octobre-2025-n24-01441","status":"publish","type":"post","link":"https:\/\/kohenavocats.com\/en\/cour-dappel-le-8-octobre-2025-n24-01441\/","title":{"rendered":"Cour d&#8217;appel, le 8 octobre 2025, n\u00b024\/01441"},"content":{"rendered":"<div class=\"article-content\">\n<p>La Cour d&#8217;appel, statuant par arr\u00eat r\u00e9put\u00e9 contradictoire, confirme un jugement ayant d\u00e9bout\u00e9 une soci\u00e9t\u00e9 de sa demande en paiement. La d\u00e9cision examine la preuve d&#8217;une cr\u00e9ance commerciale et de son caract\u00e8re impay\u00e9, au c\u0153ur du litige entre les parties. Elle rejette l&#8217;appel et condamne la demanderesse aux d\u00e9pens, soulignant les exigences probatoires en mati\u00e8re de cr\u00e9ances contest\u00e9es.<\/p>\n<p>La d\u00e9monstration probatoire d&#8217;une cr\u00e9ance commerciale<\/p>\n<p>L&#8217;administration de la preuve de l&#8217;existence de la dette repose sur des documents comptables pr\u00e9cis. La cour rel\u00e8ve la production d&#8217;un \u00e9ch\u00e9ancier client d\u00e9taillant les r\u00e9f\u00e9rences, dates et montants des factures. &#8220;Il r\u00e9sulte de l&#8217;\u00e9ch\u00e9ancier client de la soci\u00e9t\u00e9 La Pinta, \u00e9dit\u00e9 le 23 septembre 2022, qui retrace, sur chaque ligne, le num\u00e9ro de pi\u00e8ce justificative sous une r\u00e9f\u00e9rence g\u00e9n\u00e9rique FC xxxxx et sa date, la date d&#8217;\u00e9ch\u00e9ance, le montant d\u00fb, le montant r\u00e9gl\u00e9 et le solde, que la soci\u00e9t\u00e9 La Pinta restait d\u00e9bitrice d&#8217;une somme totale de 14.398,23 euros&#8221; (Motifs). Cette pi\u00e8ce est corrobor\u00e9e par un relev\u00e9 de compte ult\u00e9rieur et par la production des factures et bons de livraison physiques. Cette documentation compl\u00e8te permet d&#8217;\u00e9tablir l&#8217;existence d&#8217;une obligation de payer n\u00e9e des relations commerciales. La valeur de cette analyse r\u00e9side dans l&#8217;exigence d&#8217;une tra\u00e7abilit\u00e9 claire des op\u00e9rations, \u00e9vitant les affirmations non \u00e9tay\u00e9es. La port\u00e9e est significative pour les cr\u00e9anciers, qui doivent syst\u00e9matiquement archiver et pouvoir produire l&#8217;ensemble de la cha\u00eene documentaire.<\/p>\n<p>L&#8217;insuffisance de la preuve du d\u00e9faut de paiement<\/p>\n<p>L&#8217;\u00e9tablissement du caract\u00e8re impay\u00e9 de la cr\u00e9ance rencontre une exigence probatoire plus stricte en cas de contestation. La cour constate que certains bons de livraison portent mention de r\u00e8glements dont le montant total exc\u00e8de la cr\u00e9ance r\u00e9clam\u00e9e. &#8220;Certains bons de livraison portent mention de r\u00e8glements, dont le montant total atteint la somme de 14.626,96 euros sup\u00e9rieure aux demandes en paiement successives&#8221; (Motifs). Ces \u00e9l\u00e9ments ne sont pas int\u00e9gr\u00e9s dans les documents comptables produits, et la demanderesse ne s&#8217;explique pas sur cette omission. Cette carence est fatale \u00e0 sa pr\u00e9tention, confirmant la solution des premiers juges. Cette analyse rejoint une jurisprudence constante sur la charge de la preuve. &#8220;A cet \u00e9gard, la preuve d&#8217;une prestation ne peut r\u00e9sulter exclusivement de la facture du prestataire lorsqu&#8217;il existe une contestation de la part du d\u00e9biteur&#8221; (Cour d&#8217;appel, le 6 novembre 2025, n\u00b021\/02565). La valeur de l&#8217;arr\u00eat est de rappeler que la preuve du paiement incombe en pratique au cr\u00e9ancier qui r\u00e9clame un solde. Sa port\u00e9e est d&#8217;obliger \u00e0 un lettrage rigoureux et explicite entre toutes les pi\u00e8ces, sous peine d&#8217;irrecevabilit\u00e9 de la demande.<\/p>\n<p>Les cons\u00e9quences proc\u00e9durales du rejet de la demande<\/p>\n<p>Le rejet de la demande principale entra\u00eene m\u00e9caniquement le rejet des demandes accessoires. La cour confirme le jugement sur tous les chefs, y compris le rejet de la demande au titre des frais de recouvrement. Elle d\u00e9boute \u00e9galement la demanderesse de sa demande sur le fondement de l&#8217;article 700 du code de proc\u00e9dure civile. Enfin, elle la condamne aux d\u00e9pens de premi\u00e8re instance et d&#8217;appel, celle-ci succombant int\u00e9gralement. Cette solution est classique et d\u00e9coule logiquement de l&#8217;\u00e9chec sur le fond. Sa valeur r\u00e9side dans l&#8217;application stricte du principe selon lequel la d\u00e9faite au principal emporte condamnation aux d\u00e9pens. La port\u00e9e en est pratique, rappelant aux parties les risques financiers d&#8217;une action mal \u00e9tay\u00e9e, au-del\u00e0 du seul montant de la cr\u00e9ance litigieuse. L&#8217;arr\u00eat assure ainsi une coh\u00e9rence compl\u00e8te entre le fond du droit et ses suites proc\u00e9durales.<\/p>\n<\/div>\n","protected":false},"excerpt":{"rendered":"<p>La Cour d&#8217;appel, statuant par arr\u00eat r\u00e9put\u00e9 contradictoire, confirme un jugement ayant d\u00e9bout\u00e9 une soci\u00e9t\u00e9 de sa demande en paiement. La d\u00e9cision examine la p&#8230;<\/p>\n","protected":false},"author":232070755,"featured_media":4778,"comment_status":"open","ping_status":"open","sticky":false,"template":"","format":"standard","meta":{"_crdt_document":"","_jetpack_newsletter_access":"","_jetpack_dont_email_post_to_subs":false,"_jetpack_newsletter_tier_id":0,"_jetpack_memberships_contains_paywalled_content":false,"_kj_source_type":"","_kj_official_id":"","_kj_official_url":"","_kj_judilibre_id":"","_kj_jur":"","_kj_lieu":"","_kj_chambre":"","_kj_rg":"","_kj_date":"","_jetpack_memberships_contains_paid_content":false,"footnotes":"","jetpack_post_was_ever_published":false},"categories":[7597],"tags":[],"class_list":["post-643282","post","type-post","status-publish","format-standard","has-post-thumbnail","hentry","category-jurisprudence"],"yoast_head":"<!-- This site is optimized with the Yoast SEO Premium plugin v27.4 (Yoast SEO v27.4) - https:\/\/yoast.com\/product\/yoast-seo-premium-wordpress\/ -->\n<title>Cour d&#039;appel, le 8 octobre 2025, n\u00b024\/01441 - Ma\u00eetre Hassan Kohen, avocat en droit p\u00e9nal \u00e0 Paris<\/title>\n<meta name=\"description\" content=\"La Cour d&#039;appel, statuant par arr\u00eat r\u00e9put\u00e9 contradictoire, confirme un jugement ayant d\u00e9bout\u00e9 une soci\u00e9t\u00e9 de sa demande en paiement. La d\u00e9cision examine la p...\" \/>\n<meta name=\"robots\" content=\"index, follow, max-snippet:-1, max-image-preview:large, max-video-preview:-1\" \/>\n<link rel=\"canonical\" href=\"https:\/\/kohenavocats.com\/en\/cour-dappel-le-8-octobre-2025-n24-01441\/\" \/>\n<meta property=\"og:locale\" content=\"en_US\" \/>\n<meta property=\"og:type\" content=\"article\" \/>\n<meta property=\"og:title\" content=\"Cour d&#039;appel, le 8 octobre 2025, n\u00b024\/01441\" \/>\n<meta property=\"og:description\" content=\"La Cour d&#039;appel, statuant par arr\u00eat r\u00e9put\u00e9 contradictoire, confirme un jugement ayant d\u00e9bout\u00e9 une soci\u00e9t\u00e9 de sa demande en paiement. La d\u00e9cision examine la p...\" \/>\n<meta property=\"og:url\" content=\"https:\/\/kohenavocats.com\/en\/cour-dappel-le-8-octobre-2025-n24-01441\/\" \/>\n<meta property=\"og:site_name\" content=\"Ma\u00eetre Hassan Kohen, avocat en droit p\u00e9nal \u00e0 Paris\" \/>\n<meta property=\"article:published_time\" content=\"2026-04-22T01:05:17+00:00\" \/>\n<meta property=\"og:image\" content=\"https:\/\/kohenavocats.com\/wp-content\/uploads\/2024\/08\/drown_-in_city-Ir1VMSMY3i4-unsplash.webp\" \/>\n\t<meta property=\"og:image:width\" content=\"5295\" \/>\n\t<meta property=\"og:image:height\" content=\"2537\" \/>\n\t<meta property=\"og:image:type\" content=\"image\/webp\" \/>\n<meta name=\"author\" content=\"Kohen\" \/>\n<meta name=\"twitter:card\" content=\"summary_large_image\" \/>\n<meta name=\"twitter:label1\" content=\"Written by\" \/>\n\t<meta name=\"twitter:data1\" content=\"Kohen\" \/>\n\t<meta name=\"twitter:label2\" content=\"Est. reading time\" \/>\n\t<meta name=\"twitter:data2\" content=\"3 minutes\" \/>\n<script type=\"application\/ld+json\" class=\"yoast-schema-graph\">{\"@context\":\"https:\\\/\\\/schema.org\",\"@graph\":[{\"@type\":\"Article\",\"@id\":\"https:\\\/\\\/kohenavocats.com\\\/en\\\/cour-dappel-le-8-octobre-2025-n24-01441\\\/#article\",\"isPartOf\":{\"@id\":\"https:\\\/\\\/kohenavocats.com\\\/en\\\/cour-dappel-le-8-octobre-2025-n24-01441\\\/\"},\"author\":{\"name\":\"Kohen\",\"@id\":\"https:\\\/\\\/kohenavocats.com\\\/en\\\/#\\\/schema\\\/person\\\/761c9ba54fa1ca84d405cef0831ff751\"},\"headline\":\"Cour d&#8217;appel, le 8 octobre 2025, n\u00b024\\\/01441\",\"datePublished\":\"2026-04-22T01:05:17+00:00\",\"mainEntityOfPage\":{\"@id\":\"https:\\\/\\\/kohenavocats.com\\\/en\\\/cour-dappel-le-8-octobre-2025-n24-01441\\\/\"},\"wordCount\":674,\"commentCount\":0,\"publisher\":{\"@id\":\"https:\\\/\\\/kohenavocats.com\\\/en\\\/#organization\"},\"image\":{\"@id\":\"https:\\\/\\\/kohenavocats.com\\\/en\\\/cour-dappel-le-8-octobre-2025-n24-01441\\\/#primaryimage\"},\"thumbnailUrl\":\"https:\\\/\\\/kohenavocats.com\\\/wp-content\\\/uploads\\\/2024\\\/08\\\/drown_-in_city-Ir1VMSMY3i4-unsplash.webp\",\"articleSection\":[\"Jurisprudence\"],\"inLanguage\":\"en-US\",\"potentialAction\":[{\"@type\":\"CommentAction\",\"name\":\"Comment\",\"target\":[\"https:\\\/\\\/kohenavocats.com\\\/en\\\/cour-dappel-le-8-octobre-2025-n24-01441\\\/#respond\"]}],\"citation\":\"Cour d&#8217;appel, le 8 octobre 2025, n\u00b024\\\/01441\",\"about\":[{\"@type\":\"Thing\",\"name\":\"Jurisprudence\"}],\"dateModified\":\"2026-04-22T01:05:17+00:00\",\"speakable\":{\"@type\":\"SpeakableSpecification\",\"cssSelector\":[\".article-content > p:first-of-type\"]}},{\"@type\":\"WebPage\",\"@id\":\"https:\\\/\\\/kohenavocats.com\\\/en\\\/cour-dappel-le-8-octobre-2025-n24-01441\\\/\",\"url\":\"https:\\\/\\\/kohenavocats.com\\\/en\\\/cour-dappel-le-8-octobre-2025-n24-01441\\\/\",\"name\":\"Cour d'appel, le 8 octobre 2025, n\u00b024\\\/01441 - Ma\u00eetre Hassan Kohen, avocat en droit p\u00e9nal \u00e0 Paris\",\"isPartOf\":{\"@id\":\"https:\\\/\\\/kohenavocats.com\\\/en\\\/#website\"},\"primaryImageOfPage\":{\"@id\":\"https:\\\/\\\/kohenavocats.com\\\/en\\\/cour-dappel-le-8-octobre-2025-n24-01441\\\/#primaryimage\"},\"image\":{\"@id\":\"https:\\\/\\\/kohenavocats.com\\\/en\\\/cour-dappel-le-8-octobre-2025-n24-01441\\\/#primaryimage\"},\"thumbnailUrl\":\"https:\\\/\\\/kohenavocats.com\\\/wp-content\\\/uploads\\\/2024\\\/08\\\/drown_-in_city-Ir1VMSMY3i4-unsplash.webp\",\"datePublished\":\"2026-04-22T01:05:17+00:00\",\"description\":\"La Cour d'appel, statuant par arr\u00eat r\u00e9put\u00e9 contradictoire, confirme un jugement ayant d\u00e9bout\u00e9 une soci\u00e9t\u00e9 de sa demande en paiement. La d\u00e9cision examine la p...\",\"breadcrumb\":{\"@id\":\"https:\\\/\\\/kohenavocats.com\\\/en\\\/cour-dappel-le-8-octobre-2025-n24-01441\\\/#breadcrumb\"},\"inLanguage\":\"en-US\",\"potentialAction\":[{\"@type\":\"ReadAction\",\"target\":[\"https:\\\/\\\/kohenavocats.com\\\/en\\\/cour-dappel-le-8-octobre-2025-n24-01441\\\/\"]}]},{\"@type\":\"ImageObject\",\"inLanguage\":\"en-US\",\"@id\":\"https:\\\/\\\/kohenavocats.com\\\/en\\\/cour-dappel-le-8-octobre-2025-n24-01441\\\/#primaryimage\",\"url\":\"https:\\\/\\\/kohenavocats.com\\\/wp-content\\\/uploads\\\/2024\\\/08\\\/drown_-in_city-Ir1VMSMY3i4-unsplash.webp\",\"contentUrl\":\"https:\\\/\\\/kohenavocats.com\\\/wp-content\\\/uploads\\\/2024\\\/08\\\/drown_-in_city-Ir1VMSMY3i4-unsplash.webp\",\"width\":5295,\"height\":2537},{\"@type\":\"BreadcrumbList\",\"@id\":\"https:\\\/\\\/kohenavocats.com\\\/en\\\/cour-dappel-le-8-octobre-2025-n24-01441\\\/#breadcrumb\",\"itemListElement\":[{\"@type\":\"ListItem\",\"position\":1,\"name\":\"Home\",\"item\":\"https:\\\/\\\/kohenavocats.com\\\/en\\\/criminal-law-attorneys-in-paris-counsel-and-strategic-defense\\\/\"},{\"@type\":\"ListItem\",\"position\":2,\"name\":\"Cour d&rsquo;appel, le 8 octobre 2025, n\u00b024\\\/01441\"}]},{\"@type\":\"WebSite\",\"@id\":\"https:\\\/\\\/kohenavocats.com\\\/en\\\/#website\",\"url\":\"https:\\\/\\\/kohenavocats.com\\\/en\\\/\",\"name\":\"Kohen Avocats\",\"description\":\"Ma\u00eetre Hassan Kohen, avocat p\u00e9naliste \u00e0 Paris, intervient exclusivement en droit p\u00e9nal pour la d\u00e9fense des particuliers, notamment en mati\u00e8re d\u2019accusations de viol. Il assure un accompagnement rigoureux d\u00e8s la garde \u00e0 vue jusqu\u2019\u00e0 la Cour d\u2019assises, veillant au strict respect des garanties proc\u00e9durales.\",\"publisher\":{\"@id\":\"https:\\\/\\\/kohenavocats.com\\\/en\\\/#organization\"},\"potentialAction\":[{\"@type\":\"SearchAction\",\"target\":{\"@type\":\"EntryPoint\",\"urlTemplate\":\"https:\\\/\\\/kohenavocats.com\\\/en\\\/?s={search_term_string}\"},\"query-input\":{\"@type\":\"PropertyValueSpecification\",\"valueRequired\":true,\"valueName\":\"search_term_string\"}}],\"inLanguage\":\"en-US\"},{\"@type\":\"Organization\",\"@id\":\"https:\\\/\\\/kohenavocats.com\\\/en\\\/#organization\",\"name\":\"Kohen Avocats\",\"url\":\"https:\\\/\\\/kohenavocats.com\\\/en\\\/\",\"logo\":{\"@type\":\"ImageObject\",\"inLanguage\":\"en-US\",\"@id\":\"https:\\\/\\\/kohenavocats.com\\\/en\\\/#\\\/schema\\\/logo\\\/image\\\/\",\"url\":\"https:\\\/\\\/kohenavocats.com\\\/wp-content\\\/uploads\\\/2026\\\/01\\\/Logo-2-1.webp\",\"contentUrl\":\"https:\\\/\\\/kohenavocats.com\\\/wp-content\\\/uploads\\\/2026\\\/01\\\/Logo-2-1.webp\",\"width\":2114,\"height\":1253,\"caption\":\"Kohen Avocats\"},\"image\":{\"@id\":\"https:\\\/\\\/kohenavocats.com\\\/en\\\/#\\\/schema\\\/logo\\\/image\\\/\"}},{\"@type\":\"Person\",\"@id\":\"https:\\\/\\\/kohenavocats.com\\\/en\\\/#\\\/schema\\\/person\\\/761c9ba54fa1ca84d405cef0831ff751\",\"name\":\"Kohen\",\"image\":{\"@type\":\"ImageObject\",\"inLanguage\":\"en-US\",\"@id\":\"https:\\\/\\\/secure.gravatar.com\\\/avatar\\\/1c5e76ef76bbbfdd2b4da984e2bf2fa4056fd51a27d25ce2c332047f1dfd6e00?s=96&d=identicon&r=g\",\"url\":\"https:\\\/\\\/secure.gravatar.com\\\/avatar\\\/1c5e76ef76bbbfdd2b4da984e2bf2fa4056fd51a27d25ce2c332047f1dfd6e00?s=96&d=identicon&r=g\",\"contentUrl\":\"https:\\\/\\\/secure.gravatar.com\\\/avatar\\\/1c5e76ef76bbbfdd2b4da984e2bf2fa4056fd51a27d25ce2c332047f1dfd6e00?s=96&d=identicon&r=g\",\"caption\":\"Kohen\"},\"sameAs\":[\"https:\\\/\\\/www.linkedin.com\\\/in\\\/hassan-kohen-448548192\\\/\",\"https:\\\/\\\/www.youtube.com\\\/@Kohen-Avocats\"],\"url\":\"https:\\\/\\\/kohenavocats.com\\\/en\\\/author\\\/kohenmlk\\\/\"}]}<\/script>\n<!-- \/ Yoast SEO Premium plugin. -->","yoast_head_json":{"title":"Cour d'appel, le 8 octobre 2025, n\u00b024\/01441 - Ma\u00eetre Hassan Kohen, avocat en droit p\u00e9nal \u00e0 Paris","description":"La Cour d'appel, statuant par arr\u00eat r\u00e9put\u00e9 contradictoire, confirme un jugement ayant d\u00e9bout\u00e9 une soci\u00e9t\u00e9 de sa demande en paiement. La d\u00e9cision examine la p...","robots":{"index":"index","follow":"follow","max-snippet":"max-snippet:-1","max-image-preview":"max-image-preview:large","max-video-preview":"max-video-preview:-1"},"canonical":"https:\/\/kohenavocats.com\/en\/cour-dappel-le-8-octobre-2025-n24-01441\/","og_locale":"en_US","og_type":"article","og_title":"Cour d'appel, le 8 octobre 2025, n\u00b024\/01441","og_description":"La Cour d'appel, statuant par arr\u00eat r\u00e9put\u00e9 contradictoire, confirme un jugement ayant d\u00e9bout\u00e9 une soci\u00e9t\u00e9 de sa demande en paiement. La d\u00e9cision examine la p...","og_url":"https:\/\/kohenavocats.com\/en\/cour-dappel-le-8-octobre-2025-n24-01441\/","og_site_name":"Ma\u00eetre Hassan Kohen, avocat en droit p\u00e9nal \u00e0 Paris","article_published_time":"2026-04-22T01:05:17+00:00","og_image":[{"width":5295,"height":2537,"url":"https:\/\/kohenavocats.com\/wp-content\/uploads\/2024\/08\/drown_-in_city-Ir1VMSMY3i4-unsplash.webp","type":"image\/webp"}],"author":"Kohen","twitter_card":"summary_large_image","twitter_misc":{"Written by":"Kohen","Est. reading time":"3 minutes"},"schema":{"@context":"https:\/\/schema.org","@graph":[{"@type":"Article","@id":"https:\/\/kohenavocats.com\/en\/cour-dappel-le-8-octobre-2025-n24-01441\/#article","isPartOf":{"@id":"https:\/\/kohenavocats.com\/en\/cour-dappel-le-8-octobre-2025-n24-01441\/"},"author":{"name":"Kohen","@id":"https:\/\/kohenavocats.com\/en\/#\/schema\/person\/761c9ba54fa1ca84d405cef0831ff751"},"headline":"Cour d&#8217;appel, le 8 octobre 2025, n\u00b024\/01441","datePublished":"2026-04-22T01:05:17+00:00","mainEntityOfPage":{"@id":"https:\/\/kohenavocats.com\/en\/cour-dappel-le-8-octobre-2025-n24-01441\/"},"wordCount":674,"commentCount":0,"publisher":{"@id":"https:\/\/kohenavocats.com\/en\/#organization"},"image":{"@id":"https:\/\/kohenavocats.com\/en\/cour-dappel-le-8-octobre-2025-n24-01441\/#primaryimage"},"thumbnailUrl":"https:\/\/kohenavocats.com\/wp-content\/uploads\/2024\/08\/drown_-in_city-Ir1VMSMY3i4-unsplash.webp","articleSection":["Jurisprudence"],"inLanguage":"en-US","potentialAction":[{"@type":"CommentAction","name":"Comment","target":["https:\/\/kohenavocats.com\/en\/cour-dappel-le-8-octobre-2025-n24-01441\/#respond"]}],"citation":"Cour d&#8217;appel, le 8 octobre 2025, n\u00b024\/01441","about":[{"@type":"Thing","name":"Jurisprudence"}],"dateModified":"2026-04-22T01:05:17+00:00","speakable":{"@type":"SpeakableSpecification","cssSelector":[".article-content > p:first-of-type"]}},{"@type":"WebPage","@id":"https:\/\/kohenavocats.com\/en\/cour-dappel-le-8-octobre-2025-n24-01441\/","url":"https:\/\/kohenavocats.com\/en\/cour-dappel-le-8-octobre-2025-n24-01441\/","name":"Cour d'appel, le 8 octobre 2025, n\u00b024\/01441 - Ma\u00eetre Hassan Kohen, avocat en droit p\u00e9nal \u00e0 Paris","isPartOf":{"@id":"https:\/\/kohenavocats.com\/en\/#website"},"primaryImageOfPage":{"@id":"https:\/\/kohenavocats.com\/en\/cour-dappel-le-8-octobre-2025-n24-01441\/#primaryimage"},"image":{"@id":"https:\/\/kohenavocats.com\/en\/cour-dappel-le-8-octobre-2025-n24-01441\/#primaryimage"},"thumbnailUrl":"https:\/\/kohenavocats.com\/wp-content\/uploads\/2024\/08\/drown_-in_city-Ir1VMSMY3i4-unsplash.webp","datePublished":"2026-04-22T01:05:17+00:00","description":"La Cour d'appel, statuant par arr\u00eat r\u00e9put\u00e9 contradictoire, confirme un jugement ayant d\u00e9bout\u00e9 une soci\u00e9t\u00e9 de sa demande en paiement. La d\u00e9cision examine la p...","breadcrumb":{"@id":"https:\/\/kohenavocats.com\/en\/cour-dappel-le-8-octobre-2025-n24-01441\/#breadcrumb"},"inLanguage":"en-US","potentialAction":[{"@type":"ReadAction","target":["https:\/\/kohenavocats.com\/en\/cour-dappel-le-8-octobre-2025-n24-01441\/"]}]},{"@type":"ImageObject","inLanguage":"en-US","@id":"https:\/\/kohenavocats.com\/en\/cour-dappel-le-8-octobre-2025-n24-01441\/#primaryimage","url":"https:\/\/kohenavocats.com\/wp-content\/uploads\/2024\/08\/drown_-in_city-Ir1VMSMY3i4-unsplash.webp","contentUrl":"https:\/\/kohenavocats.com\/wp-content\/uploads\/2024\/08\/drown_-in_city-Ir1VMSMY3i4-unsplash.webp","width":5295,"height":2537},{"@type":"BreadcrumbList","@id":"https:\/\/kohenavocats.com\/en\/cour-dappel-le-8-octobre-2025-n24-01441\/#breadcrumb","itemListElement":[{"@type":"ListItem","position":1,"name":"Home","item":"https:\/\/kohenavocats.com\/en\/criminal-law-attorneys-in-paris-counsel-and-strategic-defense\/"},{"@type":"ListItem","position":2,"name":"Cour d&rsquo;appel, le 8 octobre 2025, n\u00b024\/01441"}]},{"@type":"WebSite","@id":"https:\/\/kohenavocats.com\/en\/#website","url":"https:\/\/kohenavocats.com\/en\/","name":"Kohen Avocats","description":"Ma\u00eetre Hassan Kohen, avocat p\u00e9naliste \u00e0 Paris, intervient exclusivement en droit p\u00e9nal pour la d\u00e9fense des particuliers, notamment en mati\u00e8re d\u2019accusations de viol. Il assure un accompagnement rigoureux d\u00e8s la garde \u00e0 vue jusqu\u2019\u00e0 la Cour d\u2019assises, veillant au strict respect des garanties proc\u00e9durales.","publisher":{"@id":"https:\/\/kohenavocats.com\/en\/#organization"},"potentialAction":[{"@type":"SearchAction","target":{"@type":"EntryPoint","urlTemplate":"https:\/\/kohenavocats.com\/en\/?s={search_term_string}"},"query-input":{"@type":"PropertyValueSpecification","valueRequired":true,"valueName":"search_term_string"}}],"inLanguage":"en-US"},{"@type":"Organization","@id":"https:\/\/kohenavocats.com\/en\/#organization","name":"Kohen Avocats","url":"https:\/\/kohenavocats.com\/en\/","logo":{"@type":"ImageObject","inLanguage":"en-US","@id":"https:\/\/kohenavocats.com\/en\/#\/schema\/logo\/image\/","url":"https:\/\/kohenavocats.com\/wp-content\/uploads\/2026\/01\/Logo-2-1.webp","contentUrl":"https:\/\/kohenavocats.com\/wp-content\/uploads\/2026\/01\/Logo-2-1.webp","width":2114,"height":1253,"caption":"Kohen Avocats"},"image":{"@id":"https:\/\/kohenavocats.com\/en\/#\/schema\/logo\/image\/"}},{"@type":"Person","@id":"https:\/\/kohenavocats.com\/en\/#\/schema\/person\/761c9ba54fa1ca84d405cef0831ff751","name":"Kohen","image":{"@type":"ImageObject","inLanguage":"en-US","@id":"https:\/\/secure.gravatar.com\/avatar\/1c5e76ef76bbbfdd2b4da984e2bf2fa4056fd51a27d25ce2c332047f1dfd6e00?s=96&d=identicon&r=g","url":"https:\/\/secure.gravatar.com\/avatar\/1c5e76ef76bbbfdd2b4da984e2bf2fa4056fd51a27d25ce2c332047f1dfd6e00?s=96&d=identicon&r=g","contentUrl":"https:\/\/secure.gravatar.com\/avatar\/1c5e76ef76bbbfdd2b4da984e2bf2fa4056fd51a27d25ce2c332047f1dfd6e00?s=96&d=identicon&r=g","caption":"Kohen"},"sameAs":["https:\/\/www.linkedin.com\/in\/hassan-kohen-448548192\/","https:\/\/www.youtube.com\/@Kohen-Avocats"],"url":"https:\/\/kohenavocats.com\/en\/author\/kohenmlk\/"}]}},"jetpack_featured_media_url":"https:\/\/kohenavocats.com\/wp-content\/uploads\/2024\/08\/drown_-in_city-Ir1VMSMY3i4-unsplash.webp","jetpack_likes_enabled":false,"jetpack_shortlink":"https:\/\/wp.me\/peCrII-2Hlw","jetpack-related-posts":[{"id":417681,"url":"https:\/\/kohenavocats.com\/en\/tribunal-de-commerce-de-paris-le-3-fevrier-2025-n2024047955\/","url_meta":{"origin":643282,"position":0},"title":"Tribunal de commerce de Paris, le 3 f\u00e9vrier 2025, n\u00b02024047955","author":"Kohen","date":"22 March 2026","format":false,"excerpt":"Le Tribunal des activit\u00e9s \u00e9conomiques de Paris, chambre 1-13, a rendu un jugement le 3 f\u00e9vrier 2025. Une soci\u00e9t\u00e9 de cr\u00e9dit avait consenti une avance par escompte d\u2019un billet \u00e0 ordre \u00e0 une soci\u00e9t\u00e9 cliente. Le billet \u00e9tant impay\u00e9, la cr\u00e9ance fut c\u00e9d\u00e9e \u00e0 une soci\u00e9t\u00e9 de recouvrement. La d\u00e9bitrice,\u2026","rel":"","context":"In &quot;D\u00e9cisions juridiques&quot;","block_context":{"text":"D\u00e9cisions juridiques","link":"https:\/\/kohenavocats.com\/category\/decisions-juridiques\/"},"img":{"alt_text":"","src":"https:\/\/i0.wp.com\/kohenavocats.com\/wp-content\/uploads\/2024\/11\/zyanya-citlalli-VKn4-6O9LWk-unsplash.webp?resize=350%2C200&ssl=1","width":350,"height":200,"srcset":"https:\/\/i0.wp.com\/kohenavocats.com\/wp-content\/uploads\/2024\/11\/zyanya-citlalli-VKn4-6O9LWk-unsplash.webp?resize=350%2C200&ssl=1 1x, https:\/\/i0.wp.com\/kohenavocats.com\/wp-content\/uploads\/2024\/11\/zyanya-citlalli-VKn4-6O9LWk-unsplash.webp?resize=525%2C300&ssl=1 1.5x, https:\/\/i0.wp.com\/kohenavocats.com\/wp-content\/uploads\/2024\/11\/zyanya-citlalli-VKn4-6O9LWk-unsplash.webp?resize=700%2C400&ssl=1 2x, https:\/\/i0.wp.com\/kohenavocats.com\/wp-content\/uploads\/2024\/11\/zyanya-citlalli-VKn4-6O9LWk-unsplash.webp?resize=1050%2C600&ssl=1 3x, https:\/\/i0.wp.com\/kohenavocats.com\/wp-content\/uploads\/2024\/11\/zyanya-citlalli-VKn4-6O9LWk-unsplash.webp?resize=1400%2C800&ssl=1 4x"},"classes":[]},{"id":441401,"url":"https:\/\/kohenavocats.com\/en\/cour-dappel-le-6-novembre-2025-n21-02565\/","url_meta":{"origin":643282,"position":1},"title":"Cour d&#8217;appel, le 6 novembre 2025, n\u00b021\/02565","author":"","date":"4 April 2026","format":false,"excerpt":"La Cour d\u2019appel d\u2019Aix-en-Provence, dans un arr\u00eat du 6 novembre 2025, a confirm\u00e9 un jugement du Tribunal de commerce de Salon-de-Provence en date du 7...","rel":"","context":"In &quot;Cour d'appel&quot;","block_context":{"text":"Cour d'appel","link":"https:\/\/kohenavocats.com\/category\/cour-dappel\/"},"img":{"alt_text":"","src":"https:\/\/i0.wp.com\/kohenavocats.com\/wp-content\/uploads\/2024\/11\/anita-austvika-0SYgXsw1BV4-unsplash.webp?resize=350%2C200&ssl=1","width":350,"height":200,"srcset":"https:\/\/i0.wp.com\/kohenavocats.com\/wp-content\/uploads\/2024\/11\/anita-austvika-0SYgXsw1BV4-unsplash.webp?resize=350%2C200&ssl=1 1x, https:\/\/i0.wp.com\/kohenavocats.com\/wp-content\/uploads\/2024\/11\/anita-austvika-0SYgXsw1BV4-unsplash.webp?resize=525%2C300&ssl=1 1.5x, https:\/\/i0.wp.com\/kohenavocats.com\/wp-content\/uploads\/2024\/11\/anita-austvika-0SYgXsw1BV4-unsplash.webp?resize=700%2C400&ssl=1 2x, https:\/\/i0.wp.com\/kohenavocats.com\/wp-content\/uploads\/2024\/11\/anita-austvika-0SYgXsw1BV4-unsplash.webp?resize=1050%2C600&ssl=1 3x, https:\/\/i0.wp.com\/kohenavocats.com\/wp-content\/uploads\/2024\/11\/anita-austvika-0SYgXsw1BV4-unsplash.webp?resize=1400%2C800&ssl=1 4x"},"classes":[]},{"id":417825,"url":"https:\/\/kohenavocats.com\/en\/tribunal-de-commerce-de-paris-le-3-fevrier-2025-n2024053824-2\/","url_meta":{"origin":643282,"position":2},"title":"Tribunal de commerce de Paris, le 3 f\u00e9vrier 2025, n\u00b02024053824","author":"Kohen","date":"22 March 2026","format":false,"excerpt":"Le Tribunal des activit\u00e9s \u00e9conomiques de Paris, dans un jugement du 3 f\u00e9vrier 2025, statue sur une demande en paiement de cr\u00e9ance entre deux soci\u00e9t\u00e9s commerciales. Une soci\u00e9t\u00e9 de location de mat\u00e9riel r\u00e9clame le r\u00e8glement d\u2019une facture impay\u00e9e ainsi que des dommages-int\u00e9r\u00eats \u00e0 une soci\u00e9t\u00e9 cliente, cette derni\u00e8re n\u2019ayant pas\u2026","rel":"","context":"In &quot;D\u00e9cisions juridiques&quot;","block_context":{"text":"D\u00e9cisions juridiques","link":"https:\/\/kohenavocats.com\/category\/decisions-juridiques\/"},"img":{"alt_text":"","src":"https:\/\/i0.wp.com\/kohenavocats.com\/wp-content\/uploads\/2024\/11\/leandra-rieger-LrXNGasPQ2M-unsplash.webp?resize=350%2C200&ssl=1","width":350,"height":200,"srcset":"https:\/\/i0.wp.com\/kohenavocats.com\/wp-content\/uploads\/2024\/11\/leandra-rieger-LrXNGasPQ2M-unsplash.webp?resize=350%2C200&ssl=1 1x, https:\/\/i0.wp.com\/kohenavocats.com\/wp-content\/uploads\/2024\/11\/leandra-rieger-LrXNGasPQ2M-unsplash.webp?resize=525%2C300&ssl=1 1.5x, https:\/\/i0.wp.com\/kohenavocats.com\/wp-content\/uploads\/2024\/11\/leandra-rieger-LrXNGasPQ2M-unsplash.webp?resize=700%2C400&ssl=1 2x, https:\/\/i0.wp.com\/kohenavocats.com\/wp-content\/uploads\/2024\/11\/leandra-rieger-LrXNGasPQ2M-unsplash.webp?resize=1050%2C600&ssl=1 3x, https:\/\/i0.wp.com\/kohenavocats.com\/wp-content\/uploads\/2024\/11\/leandra-rieger-LrXNGasPQ2M-unsplash.webp?resize=1400%2C800&ssl=1 4x"},"classes":[]},{"id":484293,"url":"https:\/\/kohenavocats.com\/en\/cour-dappel-de-paris-le-27-novembre-2025-n25-00080\/","url_meta":{"origin":643282,"position":3},"title":"Cour d&#8217;appel de Paris, le 27 novembre 2025, n\u00b025\/00080","author":"Kohen","date":"8 April 2026","format":false,"excerpt":"La cour d\u2019appel de Paris, statuant par d\u00e9faut, a eu \u00e0 conna\u00eetre d\u2019un litige entre un fournisseur de mat\u00e9riaux et son client professionnel. Le fournisseur, d\u00e9...","rel":"","context":"In &quot;Jurisprudence&quot;","block_context":{"text":"Jurisprudence","link":"https:\/\/kohenavocats.com\/category\/jurisprudence\/"},"img":{"alt_text":"","src":"https:\/\/i0.wp.com\/kohenavocats.com\/wp-content\/uploads\/2024\/07\/gabriel-ghnassia-VmS8VQ0n39Q-unsplash.webp?resize=350%2C200&ssl=1","width":350,"height":200,"srcset":"https:\/\/i0.wp.com\/kohenavocats.com\/wp-content\/uploads\/2024\/07\/gabriel-ghnassia-VmS8VQ0n39Q-unsplash.webp?resize=350%2C200&ssl=1 1x, https:\/\/i0.wp.com\/kohenavocats.com\/wp-content\/uploads\/2024\/07\/gabriel-ghnassia-VmS8VQ0n39Q-unsplash.webp?resize=525%2C300&ssl=1 1.5x, https:\/\/i0.wp.com\/kohenavocats.com\/wp-content\/uploads\/2024\/07\/gabriel-ghnassia-VmS8VQ0n39Q-unsplash.webp?resize=700%2C400&ssl=1 2x, https:\/\/i0.wp.com\/kohenavocats.com\/wp-content\/uploads\/2024\/07\/gabriel-ghnassia-VmS8VQ0n39Q-unsplash.webp?resize=1050%2C600&ssl=1 3x, https:\/\/i0.wp.com\/kohenavocats.com\/wp-content\/uploads\/2024\/07\/gabriel-ghnassia-VmS8VQ0n39Q-unsplash.webp?resize=1400%2C800&ssl=1 4x"},"classes":[]},{"id":64368,"url":"https:\/\/kohenavocats.com\/en\/cour-dappel-de-bordeaux-le-18-juin-2025-n23-03509\/","url_meta":{"origin":643282,"position":4},"title":"Cour d&#8217;appel de Bordeaux, le 18 juin 2025, n\u00b023\/03509","author":"Kohen","date":"9 November 2025","format":false,"excerpt":"Par arr\u00eat de la Cour d\u2019appel de Bordeaux du 18 juin 2025, la quatri\u00e8me chambre civile statue sur un litige relatif \u00e0 une prestation d\u2019infog\u00e9rance. Un prestataire a remis, le 30 juillet 2020, une proposition d\u00e9taill\u00e9e d\u2019h\u00e9bergement et d\u2019accompagnement; la cliente l\u2019a accept\u00e9e par un bon pour accord du 4\u2026","rel":"","context":"In &quot;Adoption&quot;","block_context":{"text":"Adoption","link":"https:\/\/kohenavocats.com\/category\/adoption\/"},"img":{"alt_text":"","src":"https:\/\/i0.wp.com\/kohenavocats.com\/wp-content\/uploads\/2024\/08\/robert-ruggiero-cIGWrsKV_1I-unsplash.webp?resize=350%2C200&ssl=1","width":350,"height":200,"srcset":"https:\/\/i0.wp.com\/kohenavocats.com\/wp-content\/uploads\/2024\/08\/robert-ruggiero-cIGWrsKV_1I-unsplash.webp?resize=350%2C200&ssl=1 1x, https:\/\/i0.wp.com\/kohenavocats.com\/wp-content\/uploads\/2024\/08\/robert-ruggiero-cIGWrsKV_1I-unsplash.webp?resize=525%2C300&ssl=1 1.5x, https:\/\/i0.wp.com\/kohenavocats.com\/wp-content\/uploads\/2024\/08\/robert-ruggiero-cIGWrsKV_1I-unsplash.webp?resize=700%2C400&ssl=1 2x, https:\/\/i0.wp.com\/kohenavocats.com\/wp-content\/uploads\/2024\/08\/robert-ruggiero-cIGWrsKV_1I-unsplash.webp?resize=1050%2C600&ssl=1 3x, https:\/\/i0.wp.com\/kohenavocats.com\/wp-content\/uploads\/2024\/08\/robert-ruggiero-cIGWrsKV_1I-unsplash.webp?resize=1400%2C800&ssl=1 4x"},"classes":[]},{"id":490771,"url":"https:\/\/kohenavocats.com\/en\/tribunal-judiciaire-le-28-novembre-2024-n2024j00081\/","url_meta":{"origin":643282,"position":5},"title":"Tribunal judiciaire, le 28 novembre 2024, n\u00b02024J00081","author":"Kohen","date":"8 April 2026","format":false,"excerpt":"Le tribunal judiciaire, statuant en mati\u00e8re commerciale, a rendu un jugement le 28 novembre 2024. Il s\u2019agissait d\u2019un litige entre une soci\u00e9t\u00e9 fournisseuse et...","rel":"","context":"In &quot;Jurisprudence&quot;","block_context":{"text":"Jurisprudence","link":"https:\/\/kohenavocats.com\/category\/jurisprudence\/"},"img":{"alt_text":"","src":"https:\/\/i0.wp.com\/kohenavocats.com\/wp-content\/uploads\/2024\/07\/dmitrij-paskevic-YjVa-F9P9kk-unsplash.webp?resize=350%2C200&ssl=1","width":350,"height":200,"srcset":"https:\/\/i0.wp.com\/kohenavocats.com\/wp-content\/uploads\/2024\/07\/dmitrij-paskevic-YjVa-F9P9kk-unsplash.webp?resize=350%2C200&ssl=1 1x, https:\/\/i0.wp.com\/kohenavocats.com\/wp-content\/uploads\/2024\/07\/dmitrij-paskevic-YjVa-F9P9kk-unsplash.webp?resize=525%2C300&ssl=1 1.5x, https:\/\/i0.wp.com\/kohenavocats.com\/wp-content\/uploads\/2024\/07\/dmitrij-paskevic-YjVa-F9P9kk-unsplash.webp?resize=700%2C400&ssl=1 2x, https:\/\/i0.wp.com\/kohenavocats.com\/wp-content\/uploads\/2024\/07\/dmitrij-paskevic-YjVa-F9P9kk-unsplash.webp?resize=1050%2C600&ssl=1 3x, https:\/\/i0.wp.com\/kohenavocats.com\/wp-content\/uploads\/2024\/07\/dmitrij-paskevic-YjVa-F9P9kk-unsplash.webp?resize=1400%2C800&ssl=1 4x"},"classes":[]}],"jetpack_sharing_enabled":true,"_links":{"self":[{"href":"https:\/\/kohenavocats.com\/en\/wp-json\/wp\/v2\/posts\/643282","targetHints":{"allow":["GET"]}}],"collection":[{"href":"https:\/\/kohenavocats.com\/en\/wp-json\/wp\/v2\/posts"}],"about":[{"href":"https:\/\/kohenavocats.com\/en\/wp-json\/wp\/v2\/types\/post"}],"author":[{"embeddable":true,"href":"https:\/\/kohenavocats.com\/en\/wp-json\/wp\/v2\/users\/232070755"}],"replies":[{"embeddable":true,"href":"https:\/\/kohenavocats.com\/en\/wp-json\/wp\/v2\/comments?post=643282"}],"version-history":[{"count":0,"href":"https:\/\/kohenavocats.com\/en\/wp-json\/wp\/v2\/posts\/643282\/revisions"}],"wp:featuredmedia":[{"embeddable":true,"href":"https:\/\/kohenavocats.com\/en\/wp-json\/wp\/v2\/media\/4778"}],"wp:attachment":[{"href":"https:\/\/kohenavocats.com\/en\/wp-json\/wp\/v2\/media?parent=643282"}],"wp:term":[{"taxonomy":"category","embeddable":true,"href":"https:\/\/kohenavocats.com\/en\/wp-json\/wp\/v2\/categories?post=643282"},{"taxonomy":"post_tag","embeddable":true,"href":"https:\/\/kohenavocats.com\/en\/wp-json\/wp\/v2\/tags?post=643282"}],"curies":[{"name":"wp","href":"https:\/\/api.w.org\/{rel}","templated":true}]}}