{"id":643287,"date":"2026-04-22T03:05:43","date_gmt":"2026-04-22T01:05:43","guid":{"rendered":"https:\/\/kohenavocats.com\/cour-dappel-de-paris-le-15-juillet-2025-n25-06227\/"},"modified":"2026-04-22T03:05:43","modified_gmt":"2026-04-22T01:05:43","slug":"cour-dappel-de-paris-le-15-juillet-2025-n25-06227","status":"publish","type":"post","link":"https:\/\/kohenavocats.com\/en\/cour-dappel-de-paris-le-15-juillet-2025-n25-06227\/","title":{"rendered":"Cour d&#8217;appel de Paris, le 15 juillet 2025, n\u00b025\/06227"},"content":{"rendered":"<div class=\"article-content\">\n<p>La cour d&#8217;appel de Paris, statuant le 15 juillet 2025, se prononce sur le sort d&#8217;une ancienne avocate en cessation d&#8217;activit\u00e9. La requ\u00e9rante sollicitait la liquidation judiciaire de son seul patrimoine professionnel. La juridiction d&#8217;appel, saisie d&#8217;une intervention volontaire, r\u00e9forme le jugement et ordonne la r\u00e9ouverture des d\u00e9bats. Elle estime n\u00e9cessaire d&#8217;appr\u00e9cier la cessation des paiements sur la base du patrimoine global de la d\u00e9biteure, ses deux masses patrimoniales \u00e9tant d\u00e9sormais r\u00e9unies.<\/p>\n<p>L&#8217;intervention contr\u00f4l\u00e9e de l&#8217;ordre professionnel<\/p>\n<p><em>Une recevabilit\u00e9 reconnue par la loi<\/em><br \/>\nL&#8217;ordre des avocats justifie son intervention par son r\u00f4le de contr\u00f4leur dans les proc\u00e9dures collectives. Il invoque l&#8217;exercice pass\u00e9 de la profession par la requ\u00e9rante et son passif d&#8217;origine professionnelle. La cour d\u00e9clare cette intervention volontaire recevable en application d&#8217;un texte pr\u00e9cis. &#8220;Selon l&#8217;article L.621-1 du code de commerce, lors de l&#8217;ouverture de la proc\u00e9dure, lorsque le d\u00e9biteur exerce une profession lib\u00e9rale soumis \u00e0 un statut l\u00e9gislatif ou r\u00e9glementaire ou dont le titre est prot\u00e9g\u00e9, le tribunal statue apr\u00e8s avoir entendu ou d\u00fbment appel\u00e9, dans les m\u00eames conditions, l&#8217;ordre professionnel ou l&#8217;autorit\u00e9 comp\u00e9tente dont il rel\u00e8ve.&#8221; (Motifs de la d\u00e9cision) Cette solution confirme la place particuli\u00e8re des ordres professionnels. Elle garantit leur audition syst\u00e9matique dans les proc\u00e9dures concernant leurs membres, m\u00eame anciens, pr\u00e9servant ainsi l&#8217;effectivit\u00e9 du contr\u00f4le d\u00e9ontologique.<\/p>\n<p><em>Une port\u00e9e proc\u00e9durale assur\u00e9e<\/em><br \/>\nLa juridiction valide ainsi l&#8217;int\u00e9r\u00eat l\u00e9gitime de l&#8217;ordre \u00e0 participer \u00e0 l&#8217;instance. Elle rappelle que le statut de la profession impose cette consultation pr\u00e9alable. Cette reconnaissance \u00e9tend le cercle des intervenants potentiels dans une proc\u00e9dure collective. Elle rejoint une jurisprudence ant\u00e9rieure admettant l&#8217;intervention des organes de proc\u00e9dure collective. &#8220;Les organes de la proc\u00e9dure collective ouverte \u00e0 l&#8217;\u00e9gard de la S.C.I. MONDORIVOLI et de la S.A.S. HILDITCH ET KEY ont un int\u00e9r\u00eat manifeste \u00e0 intervenir dans la pr\u00e9sente proc\u00e9dure.&#8221; (Tribunal judiciaire de Paris, le 12 mars 2025, n\u00b019\/04952) L&#8217;ordre professionnel devient ainsi un acteur incontournable du d\u00e9bat, renfor\u00e7ant la coll\u00e9gialit\u00e9 de l&#8217;instruction.<\/p>\n<p>La r\u00e9union patrimoniale et ses cons\u00e9quences<\/p>\n<p><em>Le principe de la fusion des patrimoines<\/em><br \/>\nLa requ\u00e9rante invoquait la scission entre son patrimoine personnel et professionnel. Elle soutenait que son passif professionnel devait \u00eatre trait\u00e9 isol\u00e9ment. La cour \u00e9carte cet argument au regard de la cessation d&#8217;activit\u00e9. Elle applique strictement les dispositions l\u00e9gales r\u00e9gissant le sort des patrimoines en cas de fin d&#8217;entreprise. &#8220;Il r\u00e9sulte de l&#8217;article L. 526-22 du code de commerce, que dans le cas o\u00f9 un entrepreneur individuel cesse toute activit\u00e9 professionnelle ind\u00e9pendante, le patrimoine professionnel et le patrimoine personnel sont r\u00e9unis.&#8221; (Motifs de la d\u00e9cision) Cette application litt\u00e9rale consacre l&#8217;effet imm\u00e9diat de la r\u00e9union patrimoniale. Elle met fin \u00e0 l&#8217;autonomie du patrimoine professionnel d\u00e8s l&#8217;arr\u00eat de l&#8217;activit\u00e9, conform\u00e9ment \u00e0 la lettre du texte.<\/p>\n<p><em>Une refonte de l&#8217;appr\u00e9ciation de la cessation des paiements<\/em><br \/>\nLa cour en d\u00e9duit la n\u00e9cessit\u00e9 d&#8217;une appr\u00e9ciation globale de la situation financi\u00e8re. Elle estime que le tribunal de premi\u00e8re instance a commis une erreur de droit. L&#8217;analyse doit d\u00e9sormais porter sur l&#8217;ensemble de l&#8217;actif disponible et du passif exigible. &#8220;En cons\u00e9quence, pour appr\u00e9cier l&#8217;impossibilit\u00e9 pour Mme [N] de faire face \u00e0 son passif exigible avec son actif disponible, il convient qu&#8217;elle fournisse \u00e0 la cour la totalit\u00e9 de l&#8217;actif disponible et du passif exigible de ses 2 patrimoines r\u00e9unis.&#8221; (Motifs de la d\u00e9cision) Cette d\u00e9cision r\u00e9oriente fondamentalement le r\u00e9gime de la preuve. Elle impose \u00e0 la d\u00e9biteure de produire une documentation financi\u00e8re exhaustive, fusionnant ses deux sph\u00e8res patrimoniales pr\u00e9c\u00e9demment distinctes.<\/p>\n<p>La port\u00e9e de cet arr\u00eat est consid\u00e9rable pour les entrepreneurs individuels. Il rappelle avec force le caract\u00e8re temporaire de la scission patrimoniale. La r\u00e9union des masses actives et passives devient automatique \u00e0 la cessation d&#8217;activit\u00e9. Cette solution impacte directement le choix de la proc\u00e9dure collective applicable. Elle \u00e9carte la possibilit\u00e9 d&#8217;une liquidation limit\u00e9e au seul patrimoine professionnel dans ce cas. L&#8217;arr\u00eat harmonise ainsi le droit des proc\u00e9dures collectives avec le r\u00e9gime de l&#8217;entrepreneur individuel. Il pr\u00e9vient tout risque de dissipation d&#8217;actifs personnels au d\u00e9triment des cr\u00e9anciers professionnels.<\/p>\n<\/div>\n","protected":false},"excerpt":{"rendered":"<p>La cour d&#8217;appel de Paris, statuant le 15 juillet 2025, se prononce sur le sort d&#8217;une ancienne avocate en cessation d&#8217;activit\u00e9. La requ\u00e9rante sollicitait la l&#8230;<\/p>\n","protected":false},"author":232070755,"featured_media":9600,"comment_status":"open","ping_status":"open","sticky":false,"template":"","format":"standard","meta":{"_crdt_document":"","_jetpack_newsletter_access":"","_jetpack_dont_email_post_to_subs":false,"_jetpack_newsletter_tier_id":0,"_jetpack_memberships_contains_paywalled_content":false,"_kj_source_type":"","_kj_official_id":"","_kj_official_url":"","_kj_judilibre_id":"","_kj_jur":"","_kj_lieu":"","_kj_chambre":"","_kj_rg":"","_kj_date":"","_jetpack_memberships_contains_paid_content":false,"footnotes":"","jetpack_post_was_ever_published":false},"categories":[7597],"tags":[],"class_list":["post-643287","post","type-post","status-publish","format-standard","has-post-thumbnail","hentry","category-jurisprudence"],"yoast_head":"<!-- This site is optimized with the Yoast SEO Premium plugin v27.5 (Yoast SEO v27.5) - https:\/\/yoast.com\/product\/yoast-seo-premium-wordpress\/ -->\n<title>Cour d&#039;appel de Paris, le 15 juillet 2025, n\u00b025\/06227 - Ma\u00eetre Hassan Kohen, avocat en droit p\u00e9nal \u00e0 Paris<\/title>\n<meta name=\"description\" content=\"La cour d&#039;appel de Paris, statuant le 15 juillet 2025, se prononce sur le sort d&#039;une ancienne avocate en cessation d&#039;activit\u00e9. La requ\u00e9rante sollicitait la l...\" \/>\n<meta name=\"robots\" content=\"index, follow, max-snippet:-1, max-image-preview:large, max-video-preview:-1\" \/>\n<link rel=\"canonical\" href=\"https:\/\/kohenavocats.com\/en\/cour-dappel-de-paris-le-15-juillet-2025-n25-06227\/\" \/>\n<meta property=\"og:locale\" content=\"en_US\" \/>\n<meta property=\"og:type\" content=\"article\" \/>\n<meta property=\"og:title\" content=\"Cour d&#039;appel de Paris, le 15 juillet 2025, n\u00b025\/06227\" \/>\n<meta property=\"og:description\" content=\"La cour d&#039;appel de Paris, statuant le 15 juillet 2025, se prononce sur le sort d&#039;une ancienne avocate en cessation d&#039;activit\u00e9. La requ\u00e9rante sollicitait la l...\" \/>\n<meta property=\"og:url\" content=\"https:\/\/kohenavocats.com\/en\/cour-dappel-de-paris-le-15-juillet-2025-n25-06227\/\" \/>\n<meta property=\"og:site_name\" content=\"Ma\u00eetre Hassan Kohen, avocat en droit p\u00e9nal \u00e0 Paris\" \/>\n<meta property=\"article:published_time\" content=\"2026-04-22T01:05:43+00:00\" \/>\n<meta property=\"og:image\" content=\"https:\/\/kohenavocats.com\/wp-content\/uploads\/2024\/11\/lala-azizli-WACE8feA8SQ-unsplash.webp\" \/>\n\t<meta property=\"og:image:width\" content=\"6000\" \/>\n\t<meta property=\"og:image:height\" content=\"4000\" \/>\n\t<meta property=\"og:image:type\" content=\"image\/webp\" \/>\n<meta name=\"author\" content=\"Kohen\" \/>\n<meta name=\"twitter:card\" content=\"summary_large_image\" \/>\n<meta name=\"twitter:label1\" content=\"Written by\" \/>\n\t<meta name=\"twitter:data1\" content=\"Kohen\" \/>\n\t<meta name=\"twitter:label2\" content=\"Est. reading time\" \/>\n\t<meta name=\"twitter:data2\" content=\"4 minutes\" \/>\n<script type=\"application\/ld+json\" class=\"yoast-schema-graph\">{\"@context\":\"https:\\\/\\\/schema.org\",\"@graph\":[{\"@type\":\"Article\",\"@id\":\"https:\\\/\\\/kohenavocats.com\\\/en\\\/cour-dappel-de-paris-le-15-juillet-2025-n25-06227\\\/#article\",\"isPartOf\":{\"@id\":\"https:\\\/\\\/kohenavocats.com\\\/en\\\/cour-dappel-de-paris-le-15-juillet-2025-n25-06227\\\/\"},\"author\":{\"name\":\"Kohen\",\"@id\":\"https:\\\/\\\/kohenavocats.com\\\/en\\\/#\\\/schema\\\/person\\\/761c9ba54fa1ca84d405cef0831ff751\"},\"headline\":\"Cour d&#8217;appel de Paris, le 15 juillet 2025, n\u00b025\\\/06227\",\"datePublished\":\"2026-04-22T01:05:43+00:00\",\"mainEntityOfPage\":{\"@id\":\"https:\\\/\\\/kohenavocats.com\\\/en\\\/cour-dappel-de-paris-le-15-juillet-2025-n25-06227\\\/\"},\"wordCount\":791,\"commentCount\":0,\"publisher\":{\"@id\":\"https:\\\/\\\/kohenavocats.com\\\/en\\\/#organization\"},\"image\":{\"@id\":\"https:\\\/\\\/kohenavocats.com\\\/en\\\/cour-dappel-de-paris-le-15-juillet-2025-n25-06227\\\/#primaryimage\"},\"thumbnailUrl\":\"https:\\\/\\\/kohenavocats.com\\\/wp-content\\\/uploads\\\/2024\\\/11\\\/lala-azizli-WACE8feA8SQ-unsplash.webp\",\"articleSection\":[\"Jurisprudence\"],\"inLanguage\":\"en-US\",\"potentialAction\":[{\"@type\":\"CommentAction\",\"name\":\"Comment\",\"target\":[\"https:\\\/\\\/kohenavocats.com\\\/en\\\/cour-dappel-de-paris-le-15-juillet-2025-n25-06227\\\/#respond\"]}],\"citation\":\"Cour d&#8217;appel de Paris, le 15 juillet 2025, n\u00b025\\\/06227\",\"about\":[{\"@type\":\"Thing\",\"name\":\"Jurisprudence\"}],\"dateModified\":\"2026-04-22T01:05:43+00:00\",\"speakable\":{\"@type\":\"SpeakableSpecification\",\"cssSelector\":[\".article-content > p:first-of-type\"]}},{\"@type\":\"WebPage\",\"@id\":\"https:\\\/\\\/kohenavocats.com\\\/en\\\/cour-dappel-de-paris-le-15-juillet-2025-n25-06227\\\/\",\"url\":\"https:\\\/\\\/kohenavocats.com\\\/en\\\/cour-dappel-de-paris-le-15-juillet-2025-n25-06227\\\/\",\"name\":\"Cour d'appel de Paris, le 15 juillet 2025, n\u00b025\\\/06227 - Ma\u00eetre Hassan Kohen, avocat en droit p\u00e9nal \u00e0 Paris\",\"isPartOf\":{\"@id\":\"https:\\\/\\\/kohenavocats.com\\\/en\\\/#website\"},\"primaryImageOfPage\":{\"@id\":\"https:\\\/\\\/kohenavocats.com\\\/en\\\/cour-dappel-de-paris-le-15-juillet-2025-n25-06227\\\/#primaryimage\"},\"image\":{\"@id\":\"https:\\\/\\\/kohenavocats.com\\\/en\\\/cour-dappel-de-paris-le-15-juillet-2025-n25-06227\\\/#primaryimage\"},\"thumbnailUrl\":\"https:\\\/\\\/kohenavocats.com\\\/wp-content\\\/uploads\\\/2024\\\/11\\\/lala-azizli-WACE8feA8SQ-unsplash.webp\",\"datePublished\":\"2026-04-22T01:05:43+00:00\",\"description\":\"La cour d'appel de Paris, statuant le 15 juillet 2025, se prononce sur le sort d'une ancienne avocate en cessation d'activit\u00e9. La requ\u00e9rante sollicitait la l...\",\"breadcrumb\":{\"@id\":\"https:\\\/\\\/kohenavocats.com\\\/en\\\/cour-dappel-de-paris-le-15-juillet-2025-n25-06227\\\/#breadcrumb\"},\"inLanguage\":\"en-US\",\"potentialAction\":[{\"@type\":\"ReadAction\",\"target\":[\"https:\\\/\\\/kohenavocats.com\\\/en\\\/cour-dappel-de-paris-le-15-juillet-2025-n25-06227\\\/\"]}]},{\"@type\":\"ImageObject\",\"inLanguage\":\"en-US\",\"@id\":\"https:\\\/\\\/kohenavocats.com\\\/en\\\/cour-dappel-de-paris-le-15-juillet-2025-n25-06227\\\/#primaryimage\",\"url\":\"https:\\\/\\\/kohenavocats.com\\\/wp-content\\\/uploads\\\/2024\\\/11\\\/lala-azizli-WACE8feA8SQ-unsplash.webp\",\"contentUrl\":\"https:\\\/\\\/kohenavocats.com\\\/wp-content\\\/uploads\\\/2024\\\/11\\\/lala-azizli-WACE8feA8SQ-unsplash.webp\",\"width\":6000,\"height\":4000},{\"@type\":\"BreadcrumbList\",\"@id\":\"https:\\\/\\\/kohenavocats.com\\\/en\\\/cour-dappel-de-paris-le-15-juillet-2025-n25-06227\\\/#breadcrumb\",\"itemListElement\":[{\"@type\":\"ListItem\",\"position\":1,\"name\":\"Home\",\"item\":\"https:\\\/\\\/kohenavocats.com\\\/en\\\/criminal-law-attorneys-in-paris-counsel-and-strategic-defense\\\/\"},{\"@type\":\"ListItem\",\"position\":2,\"name\":\"Cour d&rsquo;appel de Paris, le 15 juillet 2025, n\u00b025\\\/06227\"}]},{\"@type\":\"WebSite\",\"@id\":\"https:\\\/\\\/kohenavocats.com\\\/en\\\/#website\",\"url\":\"https:\\\/\\\/kohenavocats.com\\\/en\\\/\",\"name\":\"Kohen Avocats\",\"description\":\"Ma\u00eetre Hassan Kohen, avocat p\u00e9naliste \u00e0 Paris, intervient exclusivement en droit p\u00e9nal pour la d\u00e9fense des particuliers, notamment en mati\u00e8re d\u2019accusations de viol. Il assure un accompagnement rigoureux d\u00e8s la garde \u00e0 vue jusqu\u2019\u00e0 la Cour d\u2019assises, veillant au strict respect des garanties proc\u00e9durales.\",\"publisher\":{\"@id\":\"https:\\\/\\\/kohenavocats.com\\\/en\\\/#organization\"},\"potentialAction\":[{\"@type\":\"SearchAction\",\"target\":{\"@type\":\"EntryPoint\",\"urlTemplate\":\"https:\\\/\\\/kohenavocats.com\\\/en\\\/?s={search_term_string}\"},\"query-input\":{\"@type\":\"PropertyValueSpecification\",\"valueRequired\":true,\"valueName\":\"search_term_string\"}}],\"inLanguage\":\"en-US\"},{\"@type\":\"Organization\",\"@id\":\"https:\\\/\\\/kohenavocats.com\\\/en\\\/#organization\",\"name\":\"Kohen Avocats\",\"url\":\"https:\\\/\\\/kohenavocats.com\\\/en\\\/\",\"logo\":{\"@type\":\"ImageObject\",\"inLanguage\":\"en-US\",\"@id\":\"https:\\\/\\\/kohenavocats.com\\\/en\\\/#\\\/schema\\\/logo\\\/image\\\/\",\"url\":\"https:\\\/\\\/kohenavocats.com\\\/wp-content\\\/uploads\\\/2026\\\/01\\\/Logo-2-1.webp\",\"contentUrl\":\"https:\\\/\\\/kohenavocats.com\\\/wp-content\\\/uploads\\\/2026\\\/01\\\/Logo-2-1.webp\",\"width\":2114,\"height\":1253,\"caption\":\"Kohen Avocats\"},\"image\":{\"@id\":\"https:\\\/\\\/kohenavocats.com\\\/en\\\/#\\\/schema\\\/logo\\\/image\\\/\"}},{\"@type\":\"Person\",\"@id\":\"https:\\\/\\\/kohenavocats.com\\\/en\\\/#\\\/schema\\\/person\\\/761c9ba54fa1ca84d405cef0831ff751\",\"name\":\"Kohen\",\"image\":{\"@type\":\"ImageObject\",\"inLanguage\":\"en-US\",\"@id\":\"https:\\\/\\\/secure.gravatar.com\\\/avatar\\\/1c5e76ef76bbbfdd2b4da984e2bf2fa4056fd51a27d25ce2c332047f1dfd6e00?s=96&d=identicon&r=g\",\"url\":\"https:\\\/\\\/secure.gravatar.com\\\/avatar\\\/1c5e76ef76bbbfdd2b4da984e2bf2fa4056fd51a27d25ce2c332047f1dfd6e00?s=96&d=identicon&r=g\",\"contentUrl\":\"https:\\\/\\\/secure.gravatar.com\\\/avatar\\\/1c5e76ef76bbbfdd2b4da984e2bf2fa4056fd51a27d25ce2c332047f1dfd6e00?s=96&d=identicon&r=g\",\"caption\":\"Kohen\"},\"sameAs\":[\"https:\\\/\\\/www.linkedin.com\\\/in\\\/hassan-kohen-448548192\\\/\",\"https:\\\/\\\/www.youtube.com\\\/@Kohen-Avocats\"],\"url\":\"https:\\\/\\\/kohenavocats.com\\\/en\\\/author\\\/kohenmlk\\\/\"}]}<\/script>\n<!-- \/ Yoast SEO Premium plugin. -->","yoast_head_json":{"title":"Cour d'appel de Paris, le 15 juillet 2025, n\u00b025\/06227 - Ma\u00eetre Hassan Kohen, avocat en droit p\u00e9nal \u00e0 Paris","description":"La cour d'appel de Paris, statuant le 15 juillet 2025, se prononce sur le sort d'une ancienne avocate en cessation d'activit\u00e9. La requ\u00e9rante sollicitait la l...","robots":{"index":"index","follow":"follow","max-snippet":"max-snippet:-1","max-image-preview":"max-image-preview:large","max-video-preview":"max-video-preview:-1"},"canonical":"https:\/\/kohenavocats.com\/en\/cour-dappel-de-paris-le-15-juillet-2025-n25-06227\/","og_locale":"en_US","og_type":"article","og_title":"Cour d'appel de Paris, le 15 juillet 2025, n\u00b025\/06227","og_description":"La cour d'appel de Paris, statuant le 15 juillet 2025, se prononce sur le sort d'une ancienne avocate en cessation d'activit\u00e9. La requ\u00e9rante sollicitait la l...","og_url":"https:\/\/kohenavocats.com\/en\/cour-dappel-de-paris-le-15-juillet-2025-n25-06227\/","og_site_name":"Ma\u00eetre Hassan Kohen, avocat en droit p\u00e9nal \u00e0 Paris","article_published_time":"2026-04-22T01:05:43+00:00","og_image":[{"width":6000,"height":4000,"url":"https:\/\/kohenavocats.com\/wp-content\/uploads\/2024\/11\/lala-azizli-WACE8feA8SQ-unsplash.webp","type":"image\/webp"}],"author":"Kohen","twitter_card":"summary_large_image","twitter_misc":{"Written by":"Kohen","Est. reading time":"4 minutes"},"schema":{"@context":"https:\/\/schema.org","@graph":[{"@type":"Article","@id":"https:\/\/kohenavocats.com\/en\/cour-dappel-de-paris-le-15-juillet-2025-n25-06227\/#article","isPartOf":{"@id":"https:\/\/kohenavocats.com\/en\/cour-dappel-de-paris-le-15-juillet-2025-n25-06227\/"},"author":{"name":"Kohen","@id":"https:\/\/kohenavocats.com\/en\/#\/schema\/person\/761c9ba54fa1ca84d405cef0831ff751"},"headline":"Cour d&#8217;appel de Paris, le 15 juillet 2025, n\u00b025\/06227","datePublished":"2026-04-22T01:05:43+00:00","mainEntityOfPage":{"@id":"https:\/\/kohenavocats.com\/en\/cour-dappel-de-paris-le-15-juillet-2025-n25-06227\/"},"wordCount":791,"commentCount":0,"publisher":{"@id":"https:\/\/kohenavocats.com\/en\/#organization"},"image":{"@id":"https:\/\/kohenavocats.com\/en\/cour-dappel-de-paris-le-15-juillet-2025-n25-06227\/#primaryimage"},"thumbnailUrl":"https:\/\/kohenavocats.com\/wp-content\/uploads\/2024\/11\/lala-azizli-WACE8feA8SQ-unsplash.webp","articleSection":["Jurisprudence"],"inLanguage":"en-US","potentialAction":[{"@type":"CommentAction","name":"Comment","target":["https:\/\/kohenavocats.com\/en\/cour-dappel-de-paris-le-15-juillet-2025-n25-06227\/#respond"]}],"citation":"Cour d&#8217;appel de Paris, le 15 juillet 2025, n\u00b025\/06227","about":[{"@type":"Thing","name":"Jurisprudence"}],"dateModified":"2026-04-22T01:05:43+00:00","speakable":{"@type":"SpeakableSpecification","cssSelector":[".article-content > p:first-of-type"]}},{"@type":"WebPage","@id":"https:\/\/kohenavocats.com\/en\/cour-dappel-de-paris-le-15-juillet-2025-n25-06227\/","url":"https:\/\/kohenavocats.com\/en\/cour-dappel-de-paris-le-15-juillet-2025-n25-06227\/","name":"Cour d'appel de Paris, le 15 juillet 2025, n\u00b025\/06227 - Ma\u00eetre Hassan Kohen, avocat en droit p\u00e9nal \u00e0 Paris","isPartOf":{"@id":"https:\/\/kohenavocats.com\/en\/#website"},"primaryImageOfPage":{"@id":"https:\/\/kohenavocats.com\/en\/cour-dappel-de-paris-le-15-juillet-2025-n25-06227\/#primaryimage"},"image":{"@id":"https:\/\/kohenavocats.com\/en\/cour-dappel-de-paris-le-15-juillet-2025-n25-06227\/#primaryimage"},"thumbnailUrl":"https:\/\/kohenavocats.com\/wp-content\/uploads\/2024\/11\/lala-azizli-WACE8feA8SQ-unsplash.webp","datePublished":"2026-04-22T01:05:43+00:00","description":"La cour d'appel de Paris, statuant le 15 juillet 2025, se prononce sur le sort d'une ancienne avocate en cessation d'activit\u00e9. La requ\u00e9rante sollicitait la l...","breadcrumb":{"@id":"https:\/\/kohenavocats.com\/en\/cour-dappel-de-paris-le-15-juillet-2025-n25-06227\/#breadcrumb"},"inLanguage":"en-US","potentialAction":[{"@type":"ReadAction","target":["https:\/\/kohenavocats.com\/en\/cour-dappel-de-paris-le-15-juillet-2025-n25-06227\/"]}]},{"@type":"ImageObject","inLanguage":"en-US","@id":"https:\/\/kohenavocats.com\/en\/cour-dappel-de-paris-le-15-juillet-2025-n25-06227\/#primaryimage","url":"https:\/\/kohenavocats.com\/wp-content\/uploads\/2024\/11\/lala-azizli-WACE8feA8SQ-unsplash.webp","contentUrl":"https:\/\/kohenavocats.com\/wp-content\/uploads\/2024\/11\/lala-azizli-WACE8feA8SQ-unsplash.webp","width":6000,"height":4000},{"@type":"BreadcrumbList","@id":"https:\/\/kohenavocats.com\/en\/cour-dappel-de-paris-le-15-juillet-2025-n25-06227\/#breadcrumb","itemListElement":[{"@type":"ListItem","position":1,"name":"Home","item":"https:\/\/kohenavocats.com\/en\/criminal-law-attorneys-in-paris-counsel-and-strategic-defense\/"},{"@type":"ListItem","position":2,"name":"Cour d&rsquo;appel de Paris, le 15 juillet 2025, n\u00b025\/06227"}]},{"@type":"WebSite","@id":"https:\/\/kohenavocats.com\/en\/#website","url":"https:\/\/kohenavocats.com\/en\/","name":"Kohen Avocats","description":"Ma\u00eetre Hassan Kohen, avocat p\u00e9naliste \u00e0 Paris, intervient exclusivement en droit p\u00e9nal pour la d\u00e9fense des particuliers, notamment en mati\u00e8re d\u2019accusations de viol. Il assure un accompagnement rigoureux d\u00e8s la garde \u00e0 vue jusqu\u2019\u00e0 la Cour d\u2019assises, veillant au strict respect des garanties proc\u00e9durales.","publisher":{"@id":"https:\/\/kohenavocats.com\/en\/#organization"},"potentialAction":[{"@type":"SearchAction","target":{"@type":"EntryPoint","urlTemplate":"https:\/\/kohenavocats.com\/en\/?s={search_term_string}"},"query-input":{"@type":"PropertyValueSpecification","valueRequired":true,"valueName":"search_term_string"}}],"inLanguage":"en-US"},{"@type":"Organization","@id":"https:\/\/kohenavocats.com\/en\/#organization","name":"Kohen Avocats","url":"https:\/\/kohenavocats.com\/en\/","logo":{"@type":"ImageObject","inLanguage":"en-US","@id":"https:\/\/kohenavocats.com\/en\/#\/schema\/logo\/image\/","url":"https:\/\/kohenavocats.com\/wp-content\/uploads\/2026\/01\/Logo-2-1.webp","contentUrl":"https:\/\/kohenavocats.com\/wp-content\/uploads\/2026\/01\/Logo-2-1.webp","width":2114,"height":1253,"caption":"Kohen Avocats"},"image":{"@id":"https:\/\/kohenavocats.com\/en\/#\/schema\/logo\/image\/"}},{"@type":"Person","@id":"https:\/\/kohenavocats.com\/en\/#\/schema\/person\/761c9ba54fa1ca84d405cef0831ff751","name":"Kohen","image":{"@type":"ImageObject","inLanguage":"en-US","@id":"https:\/\/secure.gravatar.com\/avatar\/1c5e76ef76bbbfdd2b4da984e2bf2fa4056fd51a27d25ce2c332047f1dfd6e00?s=96&d=identicon&r=g","url":"https:\/\/secure.gravatar.com\/avatar\/1c5e76ef76bbbfdd2b4da984e2bf2fa4056fd51a27d25ce2c332047f1dfd6e00?s=96&d=identicon&r=g","contentUrl":"https:\/\/secure.gravatar.com\/avatar\/1c5e76ef76bbbfdd2b4da984e2bf2fa4056fd51a27d25ce2c332047f1dfd6e00?s=96&d=identicon&r=g","caption":"Kohen"},"sameAs":["https:\/\/www.linkedin.com\/in\/hassan-kohen-448548192\/","https:\/\/www.youtube.com\/@Kohen-Avocats"],"url":"https:\/\/kohenavocats.com\/en\/author\/kohenmlk\/"}]}},"jetpack_featured_media_url":"https:\/\/kohenavocats.com\/wp-content\/uploads\/2024\/11\/lala-azizli-WACE8feA8SQ-unsplash.webp","jetpack_likes_enabled":false,"jetpack_shortlink":"https:\/\/wp.me\/peCrII-2HlB","jetpack-related-posts":[{"id":482194,"url":"https:\/\/kohenavocats.com\/en\/cour-dappel-de-paris-le-4-mai-2024-n25-06227\/","url_meta":{"origin":643287,"position":0},"title":"Cour d&#8217;appel de Paris, le 4 mai 2024, n\u00b025\/06227","author":"Kohen","date":"8 April 2026","format":false,"excerpt":"La Cour d'appel de Paris, statuant le 4 mai 2024, se prononce sur le recours d'une avocate ayant cess\u00e9 son activit\u00e9. Le tribunal avait rejet\u00e9 sa demande de l...","rel":"","context":"In &quot;Jurisprudence&quot;","block_context":{"text":"Jurisprudence","link":"https:\/\/kohenavocats.com\/category\/jurisprudence\/"},"img":{"alt_text":"","src":"https:\/\/i0.wp.com\/kohenavocats.com\/wp-content\/uploads\/2024\/11\/laura-adai-pK4l4wGVETA-unsplash.webp?resize=350%2C200&ssl=1","width":350,"height":200,"srcset":"https:\/\/i0.wp.com\/kohenavocats.com\/wp-content\/uploads\/2024\/11\/laura-adai-pK4l4wGVETA-unsplash.webp?resize=350%2C200&ssl=1 1x, https:\/\/i0.wp.com\/kohenavocats.com\/wp-content\/uploads\/2024\/11\/laura-adai-pK4l4wGVETA-unsplash.webp?resize=525%2C300&ssl=1 1.5x, https:\/\/i0.wp.com\/kohenavocats.com\/wp-content\/uploads\/2024\/11\/laura-adai-pK4l4wGVETA-unsplash.webp?resize=700%2C400&ssl=1 2x, https:\/\/i0.wp.com\/kohenavocats.com\/wp-content\/uploads\/2024\/11\/laura-adai-pK4l4wGVETA-unsplash.webp?resize=1050%2C600&ssl=1 3x, https:\/\/i0.wp.com\/kohenavocats.com\/wp-content\/uploads\/2024\/11\/laura-adai-pK4l4wGVETA-unsplash.webp?resize=1400%2C800&ssl=1 4x"},"classes":[]},{"id":443813,"url":"https:\/\/kohenavocats.com\/en\/cour-dappel-le-17-octobre-2025-n25-01526\/","url_meta":{"origin":643287,"position":1},"title":"Cour d&#8217;appel, le 17 octobre 2025, n\u00b025\/01526","author":"","date":"4 April 2026","format":false,"excerpt":"La Cour d\u2019appel de N\u00eemes, dans un arr\u00eat du 17 octobre 2025, a \u00e9t\u00e9 saisie d\u2019un pourvoi form\u00e9 contre un jugement du Tribunal de commerce de N\u00eemes du 23...","rel":"","context":"In &quot;Cour d'appel&quot;","block_context":{"text":"Cour d'appel","link":"https:\/\/kohenavocats.com\/category\/cour-dappel\/"},"img":{"alt_text":"","src":"https:\/\/i0.wp.com\/kohenavocats.com\/wp-content\/uploads\/2024\/08\/pierre-chatel-innocenti-5ASZ_qxS9dQ-unsplash.webp?resize=350%2C200&ssl=1","width":350,"height":200,"srcset":"https:\/\/i0.wp.com\/kohenavocats.com\/wp-content\/uploads\/2024\/08\/pierre-chatel-innocenti-5ASZ_qxS9dQ-unsplash.webp?resize=350%2C200&ssl=1 1x, https:\/\/i0.wp.com\/kohenavocats.com\/wp-content\/uploads\/2024\/08\/pierre-chatel-innocenti-5ASZ_qxS9dQ-unsplash.webp?resize=525%2C300&ssl=1 1.5x, https:\/\/i0.wp.com\/kohenavocats.com\/wp-content\/uploads\/2024\/08\/pierre-chatel-innocenti-5ASZ_qxS9dQ-unsplash.webp?resize=700%2C400&ssl=1 2x, https:\/\/i0.wp.com\/kohenavocats.com\/wp-content\/uploads\/2024\/08\/pierre-chatel-innocenti-5ASZ_qxS9dQ-unsplash.webp?resize=1050%2C600&ssl=1 3x, https:\/\/i0.wp.com\/kohenavocats.com\/wp-content\/uploads\/2024\/08\/pierre-chatel-innocenti-5ASZ_qxS9dQ-unsplash.webp?resize=1400%2C800&ssl=1 4x"},"classes":[]},{"id":415525,"url":"https:\/\/kohenavocats.com\/en\/tribunal-de-commerce-de-meaux-le-10-fevrier-2025-n2024016929\/","url_meta":{"origin":643287,"position":2},"title":"Tribunal de commerce de Meaux, le 10 f\u00e9vrier 2025, n\u00b02024016929","author":"Kohen","date":"21 March 2026","format":false,"excerpt":"Le tribunal de commerce de Meaux, par jugement du 10 f\u00e9vrier 2025, ouvre une proc\u00e9dure de redressement judiciaire \u00e0 l\u2019encontre d\u2019un entrepreneur individuel. Le minist\u00e8re public a saisi le tribunal en application de l\u2019article L. 631-5 du code de commerce. Une enqu\u00eate pr\u00e9alable a \u00e9tabli l\u2019impossibilit\u00e9 pour le d\u00e9biteur de\u2026","rel":"","context":"In &quot;D\u00e9cisions juridiques&quot;","block_context":{"text":"D\u00e9cisions juridiques","link":"https:\/\/kohenavocats.com\/category\/decisions-juridiques\/"},"img":{"alt_text":"","src":"https:\/\/i0.wp.com\/kohenavocats.com\/wp-content\/uploads\/2024\/07\/giammarco-boscaro-xLhKkk2tKkA-unsplash.webp?resize=350%2C200&ssl=1","width":350,"height":200,"srcset":"https:\/\/i0.wp.com\/kohenavocats.com\/wp-content\/uploads\/2024\/07\/giammarco-boscaro-xLhKkk2tKkA-unsplash.webp?resize=350%2C200&ssl=1 1x, https:\/\/i0.wp.com\/kohenavocats.com\/wp-content\/uploads\/2024\/07\/giammarco-boscaro-xLhKkk2tKkA-unsplash.webp?resize=525%2C300&ssl=1 1.5x, https:\/\/i0.wp.com\/kohenavocats.com\/wp-content\/uploads\/2024\/07\/giammarco-boscaro-xLhKkk2tKkA-unsplash.webp?resize=700%2C400&ssl=1 2x, https:\/\/i0.wp.com\/kohenavocats.com\/wp-content\/uploads\/2024\/07\/giammarco-boscaro-xLhKkk2tKkA-unsplash.webp?resize=1050%2C600&ssl=1 3x, https:\/\/i0.wp.com\/kohenavocats.com\/wp-content\/uploads\/2024\/07\/giammarco-boscaro-xLhKkk2tKkA-unsplash.webp?resize=1400%2C800&ssl=1 4x"},"classes":[]},{"id":456222,"url":"https:\/\/kohenavocats.com\/en\/tribunal-de-commerce-de-compiegne-2025-10-01-n2025p00419\/","url_meta":{"origin":643287,"position":3},"title":"Tribunal de commerce de Compi\u00e8gne &#8211; 2025-10-01 &#8211; n\u00b02025P00419","author":"Kohen","date":"6 April 2026","format":false,"excerpt":"Le Tribunal de commerce de Compi\u00e8gne, le 1er octobre 2025, ouvre une liquidation judiciaire. Une entrepreneure individuelle, ayant cess\u00e9 son activit\u00e9 commerciale, sollicite cette proc\u00e9dure face \u00e0 un p...","rel":"","context":"In &quot;Jurisprudence&quot;","block_context":{"text":"Jurisprudence","link":"https:\/\/kohenavocats.com\/category\/jurisprudence\/"},"img":{"alt_text":"","src":"https:\/\/i0.wp.com\/kohenavocats.com\/wp-content\/uploads\/2024\/06\/tingey-injury-law-firm-nSpj-Z12lX0-unsplash.jpg?resize=350%2C200&ssl=1","width":350,"height":200,"srcset":"https:\/\/i0.wp.com\/kohenavocats.com\/wp-content\/uploads\/2024\/06\/tingey-injury-law-firm-nSpj-Z12lX0-unsplash.jpg?resize=350%2C200&ssl=1 1x, https:\/\/i0.wp.com\/kohenavocats.com\/wp-content\/uploads\/2024\/06\/tingey-injury-law-firm-nSpj-Z12lX0-unsplash.jpg?resize=525%2C300&ssl=1 1.5x, https:\/\/i0.wp.com\/kohenavocats.com\/wp-content\/uploads\/2024\/06\/tingey-injury-law-firm-nSpj-Z12lX0-unsplash.jpg?resize=700%2C400&ssl=1 2x, https:\/\/i0.wp.com\/kohenavocats.com\/wp-content\/uploads\/2024\/06\/tingey-injury-law-firm-nSpj-Z12lX0-unsplash.jpg?resize=1050%2C600&ssl=1 3x, https:\/\/i0.wp.com\/kohenavocats.com\/wp-content\/uploads\/2024\/06\/tingey-injury-law-firm-nSpj-Z12lX0-unsplash.jpg?resize=1400%2C800&ssl=1 4x"},"classes":[]},{"id":420570,"url":"https:\/\/kohenavocats.com\/en\/tribunal-de-commerce-de-saint-etienne-le-29-janvier-2025-n2025f00088\/","url_meta":{"origin":643287,"position":4},"title":"Tribunal de commerce de Saint-Etienne, le 29 janvier 2025, n\u00b02025F00088","author":"Kohen","date":"22 March 2026","format":false,"excerpt":"Le Tribunal judiciaire de Gap, statuant en mati\u00e8re commerciale, a rendu un jugement le vingt-neuf janvier deux mille vingt-cinq. Il a ouvert une proc\u00e9dure de liquidation judiciaire simplifi\u00e9e au b\u00e9n\u00e9fice d\u2019un entrepreneur individuel. Le d\u00e9biteur avait d\u00e9pos\u00e9 une d\u00e9claration de cessation des paiements. Le tribunal a constat\u00e9 l\u2019\u00e9tat de cessation\u2026","rel":"","context":"In &quot;D\u00e9cisions juridiques&quot;","block_context":{"text":"D\u00e9cisions juridiques","link":"https:\/\/kohenavocats.com\/category\/decisions-juridiques\/"},"img":{"alt_text":"","src":"https:\/\/i0.wp.com\/kohenavocats.com\/wp-content\/uploads\/2024\/11\/toa-heftiba-BUG3Exlsdko-unsplash.webp?resize=350%2C200&ssl=1","width":350,"height":200,"srcset":"https:\/\/i0.wp.com\/kohenavocats.com\/wp-content\/uploads\/2024\/11\/toa-heftiba-BUG3Exlsdko-unsplash.webp?resize=350%2C200&ssl=1 1x, https:\/\/i0.wp.com\/kohenavocats.com\/wp-content\/uploads\/2024\/11\/toa-heftiba-BUG3Exlsdko-unsplash.webp?resize=525%2C300&ssl=1 1.5x, https:\/\/i0.wp.com\/kohenavocats.com\/wp-content\/uploads\/2024\/11\/toa-heftiba-BUG3Exlsdko-unsplash.webp?resize=700%2C400&ssl=1 2x, https:\/\/i0.wp.com\/kohenavocats.com\/wp-content\/uploads\/2024\/11\/toa-heftiba-BUG3Exlsdko-unsplash.webp?resize=1050%2C600&ssl=1 3x, https:\/\/i0.wp.com\/kohenavocats.com\/wp-content\/uploads\/2024\/11\/toa-heftiba-BUG3Exlsdko-unsplash.webp?resize=1400%2C800&ssl=1 4x"},"classes":[]},{"id":414851,"url":"https:\/\/kohenavocats.com\/en\/tribunal-de-commerce-dorleans-le-11-fevrier-2025-n2025000450\/","url_meta":{"origin":643287,"position":5},"title":"Tribunal de commerce d&#8217;Orl\u00e9ans, le 11 f\u00e9vrier 2025, n\u00b02025000450","author":"Kohen","date":"21 March 2026","format":false,"excerpt":"Le Tribunal de commerce d\u2019Orl\u00e9ans, par jugement du 11 f\u00e9vrier 2025, ouvre une proc\u00e9dure de redressement judiciaire \u00e0 l\u2019encontre d\u2019un entrepreneur individuel. Le d\u00e9biteur exer\u00e7ait une activit\u00e9 de prospecteur foncier commissionnaire. L\u2019URSSAF Centre, cr\u00e9anci\u00e8re, a assign\u00e9 le d\u00e9biteur en raison de l\u2019inex\u00e9cution de ses obligations. Le tribunal constate que les\u2026","rel":"","context":"In &quot;D\u00e9cisions juridiques&quot;","block_context":{"text":"D\u00e9cisions juridiques","link":"https:\/\/kohenavocats.com\/category\/decisions-juridiques\/"},"img":{"alt_text":"","src":"https:\/\/i0.wp.com\/kohenavocats.com\/wp-content\/uploads\/2024\/11\/chris-barbalis-p3hlhPiB9Ro-unsplash.webp?resize=350%2C200&ssl=1","width":350,"height":200,"srcset":"https:\/\/i0.wp.com\/kohenavocats.com\/wp-content\/uploads\/2024\/11\/chris-barbalis-p3hlhPiB9Ro-unsplash.webp?resize=350%2C200&ssl=1 1x, https:\/\/i0.wp.com\/kohenavocats.com\/wp-content\/uploads\/2024\/11\/chris-barbalis-p3hlhPiB9Ro-unsplash.webp?resize=525%2C300&ssl=1 1.5x, https:\/\/i0.wp.com\/kohenavocats.com\/wp-content\/uploads\/2024\/11\/chris-barbalis-p3hlhPiB9Ro-unsplash.webp?resize=700%2C400&ssl=1 2x, https:\/\/i0.wp.com\/kohenavocats.com\/wp-content\/uploads\/2024\/11\/chris-barbalis-p3hlhPiB9Ro-unsplash.webp?resize=1050%2C600&ssl=1 3x, https:\/\/i0.wp.com\/kohenavocats.com\/wp-content\/uploads\/2024\/11\/chris-barbalis-p3hlhPiB9Ro-unsplash.webp?resize=1400%2C800&ssl=1 4x"},"classes":[]}],"jetpack_sharing_enabled":true,"_links":{"self":[{"href":"https:\/\/kohenavocats.com\/en\/wp-json\/wp\/v2\/posts\/643287","targetHints":{"allow":["GET"]}}],"collection":[{"href":"https:\/\/kohenavocats.com\/en\/wp-json\/wp\/v2\/posts"}],"about":[{"href":"https:\/\/kohenavocats.com\/en\/wp-json\/wp\/v2\/types\/post"}],"author":[{"embeddable":true,"href":"https:\/\/kohenavocats.com\/en\/wp-json\/wp\/v2\/users\/232070755"}],"replies":[{"embeddable":true,"href":"https:\/\/kohenavocats.com\/en\/wp-json\/wp\/v2\/comments?post=643287"}],"version-history":[{"count":0,"href":"https:\/\/kohenavocats.com\/en\/wp-json\/wp\/v2\/posts\/643287\/revisions"}],"wp:featuredmedia":[{"embeddable":true,"href":"https:\/\/kohenavocats.com\/en\/wp-json\/wp\/v2\/media\/9600"}],"wp:attachment":[{"href":"https:\/\/kohenavocats.com\/en\/wp-json\/wp\/v2\/media?parent=643287"}],"wp:term":[{"taxonomy":"category","embeddable":true,"href":"https:\/\/kohenavocats.com\/en\/wp-json\/wp\/v2\/categories?post=643287"},{"taxonomy":"post_tag","embeddable":true,"href":"https:\/\/kohenavocats.com\/en\/wp-json\/wp\/v2\/tags?post=643287"}],"curies":[{"name":"wp","href":"https:\/\/api.w.org\/{rel}","templated":true}]}}