{"id":647628,"date":"2026-04-22T12:30:13","date_gmt":"2026-04-22T10:30:13","guid":{"rendered":"https:\/\/kohenavocats.com\/tribunal-judiciaire-de-mesnil-amelot-le-3-octobre-2025-n25-03913\/"},"modified":"2026-04-22T12:30:13","modified_gmt":"2026-04-22T10:30:13","slug":"tribunal-judiciaire-de-mesnil-amelot-le-3-octobre-2025-n25-03913","status":"publish","type":"post","link":"https:\/\/kohenavocats.com\/en\/tribunal-judiciaire-de-mesnil-amelot-le-3-octobre-2025-n25-03913\/","title":{"rendered":"Tribunal judiciaire de Mesnil-Amelot, le 3 octobre 2025, n\u00b025\/03913"},"content":{"rendered":"<div class=\"article-content\">\n<p>Le tribunal judiciaire du Mesnil-Amelot, statuant le 3 octobre 2025, examine une demande de prolongation de r\u00e9tention administrative et un recours contre le placement. L\u2019\u00e9tranger contestait l\u2019insuffisance de la motivation de l\u2019arr\u00eat\u00e9 pr\u00e9fectoral. Le juge des libert\u00e9s et de la d\u00e9tention rejette le recours et ordonne la prolongation de la r\u00e9tention pour vingt-six jours.<\/p>\n<p>La motivation administrative suffisante justifiant le placement<\/p>\n<p>Le juge rappelle d\u2019abord les conditions l\u00e9gales du placement en r\u00e9tention. Il se fonde sur l\u2019article L.741-1 du CESEDA issu de la loi du 26 janvier 2024. &#8220;la seule caract\u00e9risation d\u2019une menace \u00e0 l\u2019ordre public, et nonobstant les garanties de repr\u00e9sentation de l\u2019\u00e9tranger, est suffisante au Pr\u00e9fet pour placer la personne sous le r\u00e9gime de la r\u00e9tention administrative&#8221; (Motifs). Ce point consacre une interpr\u00e9tation extensive des pouvoirs de l\u2019administration. La menace pour l\u2019ordre public devient un motif autonome et suffisant, ind\u00e9pendamment de l\u2019appr\u00e9ciation des garanties de repr\u00e9sentation.<\/p>\n<p>Le contr\u00f4le op\u00e9r\u00e9 par le juge sur la motivation de l\u2019arr\u00eat\u00e9 est ensuite d\u00e9fini. Le juge reprend une jurisprudence constante en affirmant que &#8220;le pr\u00e9fet n\u2019est pas tenu dans sa motivation de faire \u00e9tat de tous les \u00e9l\u00e9ments de la situation personnelle de l\u2019int\u00e9ress\u00e9 d\u00e8s lors que les motifs positifs qu\u2019il retient suffisent \u00e0 justifier le placement en r\u00e9tention&#8221; (Motifs). Cette solution a \u00e9t\u00e9 r\u00e9cemment confirm\u00e9e par le tribunal judiciaire de Meaux. &#8220;Attendu qu\u2019il sera rappel\u00e9 que le pr\u00e9fet n\u2019est pas tenu dans sa motivation de faire \u00e9tat de tous les \u00e9l\u00e9ments de la situation personnelle de l\u2019int\u00e9ress\u00e9 d\u00e8s lors que les motifs positifs qu\u2019il retient suffisent \u00e0 justifier le placement en r\u00e9tention&#8221; (Tribunal judiciaire de Meaux, le 21 janvier 2025, n\u00b025\/00266). La port\u00e9e de ce contr\u00f4le est donc limit\u00e9e \u00e0 l\u2019existence de motifs positifs et non \u00e0 leur exhaustivit\u00e9.<\/p>\n<p>La r\u00e9gularit\u00e9 proc\u00e9durale justifiant la prolongation<\/p>\n<p>L\u2019examen de la r\u00e9gularit\u00e9 de la proc\u00e9dure de prolongation constitue le second volet. Le juge v\u00e9rifie d\u2019abord le respect des droits de la d\u00e9fense durant la phase initiale de r\u00e9tention. Il constate que &#8220;la personne retenue a \u00e9t\u00e9, dans les meilleurs d\u00e9lais suivant la notification de la d\u00e9cision de placement en r\u00e9tention, pleinement inform\u00e9e de ses droits&#8221; (Motifs). Cette \u00e9tape est essentielle pour garantir le caract\u00e8re contradictoire de la proc\u00e9dure et valider les suites qui lui sont donn\u00e9es.<\/p>\n<p>Le juge appr\u00e9cie ensuite la r\u00e9alit\u00e9 des diligences entreprises par l\u2019administration pour ex\u00e9cuter l\u2019\u00e9loignement. Il rel\u00e8ve que les autorit\u00e9s consulaires ont \u00e9t\u00e9 saisies et qu\u2019un routing a \u00e9t\u00e9 op\u00e9r\u00e9. Il en d\u00e9duit qu\u2019&#8221;il n\u2019est \u00e9mis aucune critique sur les diligences accomplies jusqu\u2019\u00e0 pr\u00e9sent par l\u2019Administration&#8221; (Motifs). Enfin, il \u00e9carte la possibilit\u00e9 d\u2019une assignation \u00e0 r\u00e9sidence au motif que l\u2019\u00e9tranger &#8220;n\u2019a pas pr\u00e9alablement remis \u00e0 un service de police ou \u00e0 une unit\u00e9 de gendarmerie un passeport en cours de validit\u00e9&#8221; (Motifs). La condition pos\u00e9e par l\u2019article L.743-13 du CESEDA est ainsi interpr\u00e9t\u00e9e de mani\u00e8re stricte et formelle.<\/p>\n<p>Cette d\u00e9cision illustre le contr\u00f4le restreint exerc\u00e9 par le juge sur la motivation administrative en mati\u00e8re de r\u00e9tention. Elle valide l\u2019autonomie du crit\u00e8re de menace \u00e0 l\u2019ordre public depuis la r\u00e9forme de 2024. Elle confirme \u00e9galement une interpr\u00e9tation rigoureuse des conditions alternatives \u00e0 la r\u00e9tention, renfor\u00e7ant le caract\u00e8re r\u00e9pressif de la proc\u00e9dure d\u2019\u00e9loignement.<\/p>\n<\/div>\n","protected":false},"excerpt":{"rendered":"<p>Le tribunal judiciaire du Mesnil-Amelot, statuant le 3 octobre 2025, examine une demande de prolongation de r\u00e9tention administrative et un recours contre le &#8230;<\/p>\n","protected":false},"author":232070755,"featured_media":4857,"comment_status":"open","ping_status":"open","sticky":false,"template":"","format":"standard","meta":{"_crdt_document":"","_jetpack_newsletter_access":"","_jetpack_dont_email_post_to_subs":false,"_jetpack_newsletter_tier_id":0,"_jetpack_memberships_contains_paywalled_content":false,"_kj_source_type":"judilibre","_kj_official_id":"68e41a64681ed727f2a52295","_kj_official_url":"https:\/\/www.courdecassation.fr\/decision\/68e41a64681ed727f2a52295","_kj_judilibre_id":"68e41a64681ed727f2a52295","_kj_jur":"Tribunal judiciaire","_kj_lieu":"Tribunal judiciaire de Meaux","_kj_chambre":"JLD","_kj_rg":"25\/03913","_kj_date":"2025-10-03","_jetpack_memberships_contains_paid_content":false,"footnotes":"","jetpack_post_was_ever_published":false},"categories":[7597],"tags":[],"class_list":["post-647628","post","type-post","status-publish","format-standard","has-post-thumbnail","hentry","category-jurisprudence"],"yoast_head":"<!-- This site is optimized with the Yoast SEO Premium plugin v27.5 (Yoast SEO v27.5) - https:\/\/yoast.com\/product\/yoast-seo-premium-wordpress\/ -->\n<title>Tribunal judiciaire de Mesnil-Amelot, le 3 octobre 2025, n\u00b025\/03913 - Ma\u00eetre Hassan Kohen, avocat en droit p\u00e9nal \u00e0 Paris<\/title>\n<meta name=\"description\" content=\"Le tribunal judiciaire du Mesnil-Amelot, statuant le 3 octobre 2025, examine une demande de prolongation de r\u00e9tention administrative et un recours contre le ...\" \/>\n<meta name=\"robots\" content=\"index, follow, max-snippet:-1, max-image-preview:large, max-video-preview:-1\" \/>\n<link rel=\"canonical\" href=\"https:\/\/kohenavocats.com\/en\/tribunal-judiciaire-de-mesnil-amelot-le-3-octobre-2025-n25-03913\/\" \/>\n<meta property=\"og:locale\" content=\"en_US\" \/>\n<meta property=\"og:type\" content=\"article\" \/>\n<meta property=\"og:title\" content=\"Tribunal judiciaire de Mesnil-Amelot, le 3 octobre 2025, n\u00b025\/03913\" \/>\n<meta property=\"og:description\" content=\"Le tribunal judiciaire du Mesnil-Amelot, statuant le 3 octobre 2025, examine une demande de prolongation de r\u00e9tention administrative et un recours contre le ...\" \/>\n<meta property=\"og:url\" content=\"https:\/\/kohenavocats.com\/en\/tribunal-judiciaire-de-mesnil-amelot-le-3-octobre-2025-n25-03913\/\" \/>\n<meta property=\"og:site_name\" content=\"Ma\u00eetre Hassan Kohen, avocat en droit p\u00e9nal \u00e0 Paris\" \/>\n<meta property=\"article:published_time\" content=\"2026-04-22T10:30:13+00:00\" \/>\n<meta property=\"og:image\" content=\"https:\/\/kohenavocats.com\/wp-content\/uploads\/2024\/08\/stefanos-kogkas-9zo1-38VfCE-unsplash.webp\" \/>\n\t<meta property=\"og:image:width\" content=\"5443\" \/>\n\t<meta property=\"og:image:height\" content=\"3287\" \/>\n\t<meta property=\"og:image:type\" content=\"image\/webp\" \/>\n<meta name=\"author\" content=\"Kohen\" \/>\n<meta name=\"twitter:card\" content=\"summary_large_image\" \/>\n<meta name=\"twitter:label1\" content=\"Written by\" \/>\n\t<meta name=\"twitter:data1\" content=\"Kohen\" \/>\n\t<meta name=\"twitter:label2\" content=\"Est. reading time\" \/>\n\t<meta name=\"twitter:data2\" content=\"3 minutes\" \/>\n<script type=\"application\/ld+json\" class=\"yoast-schema-graph\">{\"@context\":\"https:\\\/\\\/schema.org\",\"@graph\":[{\"@type\":\"Article\",\"@id\":\"https:\\\/\\\/kohenavocats.com\\\/en\\\/tribunal-judiciaire-de-mesnil-amelot-le-3-octobre-2025-n25-03913\\\/#article\",\"isPartOf\":{\"@id\":\"https:\\\/\\\/kohenavocats.com\\\/en\\\/tribunal-judiciaire-de-mesnil-amelot-le-3-octobre-2025-n25-03913\\\/\"},\"author\":{\"name\":\"Kohen\",\"@id\":\"https:\\\/\\\/kohenavocats.com\\\/en\\\/#\\\/schema\\\/person\\\/761c9ba54fa1ca84d405cef0831ff751\"},\"headline\":\"Tribunal judiciaire de Mesnil-Amelot, le 3 octobre 2025, n\u00b025\\\/03913\",\"datePublished\":\"2026-04-22T10:30:13+00:00\",\"mainEntityOfPage\":{\"@id\":\"https:\\\/\\\/kohenavocats.com\\\/en\\\/tribunal-judiciaire-de-mesnil-amelot-le-3-octobre-2025-n25-03913\\\/\"},\"wordCount\":625,\"commentCount\":0,\"publisher\":{\"@id\":\"https:\\\/\\\/kohenavocats.com\\\/en\\\/#organization\"},\"image\":{\"@id\":\"https:\\\/\\\/kohenavocats.com\\\/en\\\/tribunal-judiciaire-de-mesnil-amelot-le-3-octobre-2025-n25-03913\\\/#primaryimage\"},\"thumbnailUrl\":\"https:\\\/\\\/kohenavocats.com\\\/wp-content\\\/uploads\\\/2024\\\/08\\\/stefanos-kogkas-9zo1-38VfCE-unsplash.webp\",\"articleSection\":[\"Jurisprudence\"],\"inLanguage\":\"en-US\",\"potentialAction\":[{\"@type\":\"CommentAction\",\"name\":\"Comment\",\"target\":[\"https:\\\/\\\/kohenavocats.com\\\/en\\\/tribunal-judiciaire-de-mesnil-amelot-le-3-octobre-2025-n25-03913\\\/#respond\"]}],\"citation\":\"Tribunal judiciaire de Mesnil-Amelot, le 3 octobre 2025, n\u00b025\\\/03913\",\"about\":[{\"@type\":\"Thing\",\"name\":\"Jurisprudence\"}],\"dateModified\":\"2026-04-22T10:30:13+00:00\",\"speakable\":{\"@type\":\"SpeakableSpecification\",\"cssSelector\":[\".article-content > p:first-of-type\"]}},{\"@type\":\"WebPage\",\"@id\":\"https:\\\/\\\/kohenavocats.com\\\/en\\\/tribunal-judiciaire-de-mesnil-amelot-le-3-octobre-2025-n25-03913\\\/\",\"url\":\"https:\\\/\\\/kohenavocats.com\\\/en\\\/tribunal-judiciaire-de-mesnil-amelot-le-3-octobre-2025-n25-03913\\\/\",\"name\":\"Tribunal judiciaire de Mesnil-Amelot, le 3 octobre 2025, n\u00b025\\\/03913 - Ma\u00eetre Hassan Kohen, avocat en droit p\u00e9nal \u00e0 Paris\",\"isPartOf\":{\"@id\":\"https:\\\/\\\/kohenavocats.com\\\/en\\\/#website\"},\"primaryImageOfPage\":{\"@id\":\"https:\\\/\\\/kohenavocats.com\\\/en\\\/tribunal-judiciaire-de-mesnil-amelot-le-3-octobre-2025-n25-03913\\\/#primaryimage\"},\"image\":{\"@id\":\"https:\\\/\\\/kohenavocats.com\\\/en\\\/tribunal-judiciaire-de-mesnil-amelot-le-3-octobre-2025-n25-03913\\\/#primaryimage\"},\"thumbnailUrl\":\"https:\\\/\\\/kohenavocats.com\\\/wp-content\\\/uploads\\\/2024\\\/08\\\/stefanos-kogkas-9zo1-38VfCE-unsplash.webp\",\"datePublished\":\"2026-04-22T10:30:13+00:00\",\"description\":\"Le tribunal judiciaire du Mesnil-Amelot, statuant le 3 octobre 2025, examine une demande de prolongation de r\u00e9tention administrative et un recours contre le ...\",\"breadcrumb\":{\"@id\":\"https:\\\/\\\/kohenavocats.com\\\/en\\\/tribunal-judiciaire-de-mesnil-amelot-le-3-octobre-2025-n25-03913\\\/#breadcrumb\"},\"inLanguage\":\"en-US\",\"potentialAction\":[{\"@type\":\"ReadAction\",\"target\":[\"https:\\\/\\\/kohenavocats.com\\\/en\\\/tribunal-judiciaire-de-mesnil-amelot-le-3-octobre-2025-n25-03913\\\/\"]}]},{\"@type\":\"ImageObject\",\"inLanguage\":\"en-US\",\"@id\":\"https:\\\/\\\/kohenavocats.com\\\/en\\\/tribunal-judiciaire-de-mesnil-amelot-le-3-octobre-2025-n25-03913\\\/#primaryimage\",\"url\":\"https:\\\/\\\/kohenavocats.com\\\/wp-content\\\/uploads\\\/2024\\\/08\\\/stefanos-kogkas-9zo1-38VfCE-unsplash.webp\",\"contentUrl\":\"https:\\\/\\\/kohenavocats.com\\\/wp-content\\\/uploads\\\/2024\\\/08\\\/stefanos-kogkas-9zo1-38VfCE-unsplash.webp\",\"width\":5443,\"height\":3287},{\"@type\":\"BreadcrumbList\",\"@id\":\"https:\\\/\\\/kohenavocats.com\\\/en\\\/tribunal-judiciaire-de-mesnil-amelot-le-3-octobre-2025-n25-03913\\\/#breadcrumb\",\"itemListElement\":[{\"@type\":\"ListItem\",\"position\":1,\"name\":\"Home\",\"item\":\"https:\\\/\\\/kohenavocats.com\\\/en\\\/criminal-law-attorneys-in-paris-counsel-and-strategic-defense\\\/\"},{\"@type\":\"ListItem\",\"position\":2,\"name\":\"Tribunal judiciaire de Mesnil-Amelot, le 3 octobre 2025, n\u00b025\\\/03913\"}]},{\"@type\":\"WebSite\",\"@id\":\"https:\\\/\\\/kohenavocats.com\\\/en\\\/#website\",\"url\":\"https:\\\/\\\/kohenavocats.com\\\/en\\\/\",\"name\":\"Kohen Avocats\",\"description\":\"Ma\u00eetre Hassan Kohen, avocat p\u00e9naliste \u00e0 Paris, intervient exclusivement en droit p\u00e9nal pour la d\u00e9fense des particuliers, notamment en mati\u00e8re d\u2019accusations de viol. Il assure un accompagnement rigoureux d\u00e8s la garde \u00e0 vue jusqu\u2019\u00e0 la Cour d\u2019assises, veillant au strict respect des garanties proc\u00e9durales.\",\"publisher\":{\"@id\":\"https:\\\/\\\/kohenavocats.com\\\/en\\\/#organization\"},\"potentialAction\":[{\"@type\":\"SearchAction\",\"target\":{\"@type\":\"EntryPoint\",\"urlTemplate\":\"https:\\\/\\\/kohenavocats.com\\\/en\\\/?s={search_term_string}\"},\"query-input\":{\"@type\":\"PropertyValueSpecification\",\"valueRequired\":true,\"valueName\":\"search_term_string\"}}],\"inLanguage\":\"en-US\"},{\"@type\":\"Organization\",\"@id\":\"https:\\\/\\\/kohenavocats.com\\\/en\\\/#organization\",\"name\":\"Kohen Avocats\",\"url\":\"https:\\\/\\\/kohenavocats.com\\\/en\\\/\",\"logo\":{\"@type\":\"ImageObject\",\"inLanguage\":\"en-US\",\"@id\":\"https:\\\/\\\/kohenavocats.com\\\/en\\\/#\\\/schema\\\/logo\\\/image\\\/\",\"url\":\"https:\\\/\\\/kohenavocats.com\\\/wp-content\\\/uploads\\\/2026\\\/01\\\/Logo-2-1.webp\",\"contentUrl\":\"https:\\\/\\\/kohenavocats.com\\\/wp-content\\\/uploads\\\/2026\\\/01\\\/Logo-2-1.webp\",\"width\":2114,\"height\":1253,\"caption\":\"Kohen Avocats\"},\"image\":{\"@id\":\"https:\\\/\\\/kohenavocats.com\\\/en\\\/#\\\/schema\\\/logo\\\/image\\\/\"}},{\"@type\":\"Person\",\"@id\":\"https:\\\/\\\/kohenavocats.com\\\/en\\\/#\\\/schema\\\/person\\\/761c9ba54fa1ca84d405cef0831ff751\",\"name\":\"Kohen\",\"image\":{\"@type\":\"ImageObject\",\"inLanguage\":\"en-US\",\"@id\":\"https:\\\/\\\/secure.gravatar.com\\\/avatar\\\/1c5e76ef76bbbfdd2b4da984e2bf2fa4056fd51a27d25ce2c332047f1dfd6e00?s=96&d=identicon&r=g\",\"url\":\"https:\\\/\\\/secure.gravatar.com\\\/avatar\\\/1c5e76ef76bbbfdd2b4da984e2bf2fa4056fd51a27d25ce2c332047f1dfd6e00?s=96&d=identicon&r=g\",\"contentUrl\":\"https:\\\/\\\/secure.gravatar.com\\\/avatar\\\/1c5e76ef76bbbfdd2b4da984e2bf2fa4056fd51a27d25ce2c332047f1dfd6e00?s=96&d=identicon&r=g\",\"caption\":\"Kohen\"},\"sameAs\":[\"https:\\\/\\\/www.linkedin.com\\\/in\\\/hassan-kohen-448548192\\\/\",\"https:\\\/\\\/www.youtube.com\\\/@Kohen-Avocats\"],\"url\":\"https:\\\/\\\/kohenavocats.com\\\/en\\\/author\\\/kohenmlk\\\/\"}]}<\/script>\n<!-- \/ Yoast SEO Premium plugin. -->","yoast_head_json":{"title":"Tribunal judiciaire de Mesnil-Amelot, le 3 octobre 2025, n\u00b025\/03913 - Ma\u00eetre Hassan Kohen, avocat en droit p\u00e9nal \u00e0 Paris","description":"Le tribunal judiciaire du Mesnil-Amelot, statuant le 3 octobre 2025, examine une demande de prolongation de r\u00e9tention administrative et un recours contre le ...","robots":{"index":"index","follow":"follow","max-snippet":"max-snippet:-1","max-image-preview":"max-image-preview:large","max-video-preview":"max-video-preview:-1"},"canonical":"https:\/\/kohenavocats.com\/en\/tribunal-judiciaire-de-mesnil-amelot-le-3-octobre-2025-n25-03913\/","og_locale":"en_US","og_type":"article","og_title":"Tribunal judiciaire de Mesnil-Amelot, le 3 octobre 2025, n\u00b025\/03913","og_description":"Le tribunal judiciaire du Mesnil-Amelot, statuant le 3 octobre 2025, examine une demande de prolongation de r\u00e9tention administrative et un recours contre le ...","og_url":"https:\/\/kohenavocats.com\/en\/tribunal-judiciaire-de-mesnil-amelot-le-3-octobre-2025-n25-03913\/","og_site_name":"Ma\u00eetre Hassan Kohen, avocat en droit p\u00e9nal \u00e0 Paris","article_published_time":"2026-04-22T10:30:13+00:00","og_image":[{"width":5443,"height":3287,"url":"https:\/\/kohenavocats.com\/wp-content\/uploads\/2024\/08\/stefanos-kogkas-9zo1-38VfCE-unsplash.webp","type":"image\/webp"}],"author":"Kohen","twitter_card":"summary_large_image","twitter_misc":{"Written by":"Kohen","Est. reading time":"3 minutes"},"schema":{"@context":"https:\/\/schema.org","@graph":[{"@type":"Article","@id":"https:\/\/kohenavocats.com\/en\/tribunal-judiciaire-de-mesnil-amelot-le-3-octobre-2025-n25-03913\/#article","isPartOf":{"@id":"https:\/\/kohenavocats.com\/en\/tribunal-judiciaire-de-mesnil-amelot-le-3-octobre-2025-n25-03913\/"},"author":{"name":"Kohen","@id":"https:\/\/kohenavocats.com\/en\/#\/schema\/person\/761c9ba54fa1ca84d405cef0831ff751"},"headline":"Tribunal judiciaire de Mesnil-Amelot, le 3 octobre 2025, n\u00b025\/03913","datePublished":"2026-04-22T10:30:13+00:00","mainEntityOfPage":{"@id":"https:\/\/kohenavocats.com\/en\/tribunal-judiciaire-de-mesnil-amelot-le-3-octobre-2025-n25-03913\/"},"wordCount":625,"commentCount":0,"publisher":{"@id":"https:\/\/kohenavocats.com\/en\/#organization"},"image":{"@id":"https:\/\/kohenavocats.com\/en\/tribunal-judiciaire-de-mesnil-amelot-le-3-octobre-2025-n25-03913\/#primaryimage"},"thumbnailUrl":"https:\/\/kohenavocats.com\/wp-content\/uploads\/2024\/08\/stefanos-kogkas-9zo1-38VfCE-unsplash.webp","articleSection":["Jurisprudence"],"inLanguage":"en-US","potentialAction":[{"@type":"CommentAction","name":"Comment","target":["https:\/\/kohenavocats.com\/en\/tribunal-judiciaire-de-mesnil-amelot-le-3-octobre-2025-n25-03913\/#respond"]}],"citation":"Tribunal judiciaire de Mesnil-Amelot, le 3 octobre 2025, n\u00b025\/03913","about":[{"@type":"Thing","name":"Jurisprudence"}],"dateModified":"2026-04-22T10:30:13+00:00","speakable":{"@type":"SpeakableSpecification","cssSelector":[".article-content > p:first-of-type"]}},{"@type":"WebPage","@id":"https:\/\/kohenavocats.com\/en\/tribunal-judiciaire-de-mesnil-amelot-le-3-octobre-2025-n25-03913\/","url":"https:\/\/kohenavocats.com\/en\/tribunal-judiciaire-de-mesnil-amelot-le-3-octobre-2025-n25-03913\/","name":"Tribunal judiciaire de Mesnil-Amelot, le 3 octobre 2025, n\u00b025\/03913 - Ma\u00eetre Hassan Kohen, avocat en droit p\u00e9nal \u00e0 Paris","isPartOf":{"@id":"https:\/\/kohenavocats.com\/en\/#website"},"primaryImageOfPage":{"@id":"https:\/\/kohenavocats.com\/en\/tribunal-judiciaire-de-mesnil-amelot-le-3-octobre-2025-n25-03913\/#primaryimage"},"image":{"@id":"https:\/\/kohenavocats.com\/en\/tribunal-judiciaire-de-mesnil-amelot-le-3-octobre-2025-n25-03913\/#primaryimage"},"thumbnailUrl":"https:\/\/kohenavocats.com\/wp-content\/uploads\/2024\/08\/stefanos-kogkas-9zo1-38VfCE-unsplash.webp","datePublished":"2026-04-22T10:30:13+00:00","description":"Le tribunal judiciaire du Mesnil-Amelot, statuant le 3 octobre 2025, examine une demande de prolongation de r\u00e9tention administrative et un recours contre le ...","breadcrumb":{"@id":"https:\/\/kohenavocats.com\/en\/tribunal-judiciaire-de-mesnil-amelot-le-3-octobre-2025-n25-03913\/#breadcrumb"},"inLanguage":"en-US","potentialAction":[{"@type":"ReadAction","target":["https:\/\/kohenavocats.com\/en\/tribunal-judiciaire-de-mesnil-amelot-le-3-octobre-2025-n25-03913\/"]}]},{"@type":"ImageObject","inLanguage":"en-US","@id":"https:\/\/kohenavocats.com\/en\/tribunal-judiciaire-de-mesnil-amelot-le-3-octobre-2025-n25-03913\/#primaryimage","url":"https:\/\/kohenavocats.com\/wp-content\/uploads\/2024\/08\/stefanos-kogkas-9zo1-38VfCE-unsplash.webp","contentUrl":"https:\/\/kohenavocats.com\/wp-content\/uploads\/2024\/08\/stefanos-kogkas-9zo1-38VfCE-unsplash.webp","width":5443,"height":3287},{"@type":"BreadcrumbList","@id":"https:\/\/kohenavocats.com\/en\/tribunal-judiciaire-de-mesnil-amelot-le-3-octobre-2025-n25-03913\/#breadcrumb","itemListElement":[{"@type":"ListItem","position":1,"name":"Home","item":"https:\/\/kohenavocats.com\/en\/criminal-law-attorneys-in-paris-counsel-and-strategic-defense\/"},{"@type":"ListItem","position":2,"name":"Tribunal judiciaire de Mesnil-Amelot, le 3 octobre 2025, n\u00b025\/03913"}]},{"@type":"WebSite","@id":"https:\/\/kohenavocats.com\/en\/#website","url":"https:\/\/kohenavocats.com\/en\/","name":"Kohen Avocats","description":"Ma\u00eetre Hassan Kohen, avocat p\u00e9naliste \u00e0 Paris, intervient exclusivement en droit p\u00e9nal pour la d\u00e9fense des particuliers, notamment en mati\u00e8re d\u2019accusations de viol. Il assure un accompagnement rigoureux d\u00e8s la garde \u00e0 vue jusqu\u2019\u00e0 la Cour d\u2019assises, veillant au strict respect des garanties proc\u00e9durales.","publisher":{"@id":"https:\/\/kohenavocats.com\/en\/#organization"},"potentialAction":[{"@type":"SearchAction","target":{"@type":"EntryPoint","urlTemplate":"https:\/\/kohenavocats.com\/en\/?s={search_term_string}"},"query-input":{"@type":"PropertyValueSpecification","valueRequired":true,"valueName":"search_term_string"}}],"inLanguage":"en-US"},{"@type":"Organization","@id":"https:\/\/kohenavocats.com\/en\/#organization","name":"Kohen Avocats","url":"https:\/\/kohenavocats.com\/en\/","logo":{"@type":"ImageObject","inLanguage":"en-US","@id":"https:\/\/kohenavocats.com\/en\/#\/schema\/logo\/image\/","url":"https:\/\/kohenavocats.com\/wp-content\/uploads\/2026\/01\/Logo-2-1.webp","contentUrl":"https:\/\/kohenavocats.com\/wp-content\/uploads\/2026\/01\/Logo-2-1.webp","width":2114,"height":1253,"caption":"Kohen Avocats"},"image":{"@id":"https:\/\/kohenavocats.com\/en\/#\/schema\/logo\/image\/"}},{"@type":"Person","@id":"https:\/\/kohenavocats.com\/en\/#\/schema\/person\/761c9ba54fa1ca84d405cef0831ff751","name":"Kohen","image":{"@type":"ImageObject","inLanguage":"en-US","@id":"https:\/\/secure.gravatar.com\/avatar\/1c5e76ef76bbbfdd2b4da984e2bf2fa4056fd51a27d25ce2c332047f1dfd6e00?s=96&d=identicon&r=g","url":"https:\/\/secure.gravatar.com\/avatar\/1c5e76ef76bbbfdd2b4da984e2bf2fa4056fd51a27d25ce2c332047f1dfd6e00?s=96&d=identicon&r=g","contentUrl":"https:\/\/secure.gravatar.com\/avatar\/1c5e76ef76bbbfdd2b4da984e2bf2fa4056fd51a27d25ce2c332047f1dfd6e00?s=96&d=identicon&r=g","caption":"Kohen"},"sameAs":["https:\/\/www.linkedin.com\/in\/hassan-kohen-448548192\/","https:\/\/www.youtube.com\/@Kohen-Avocats"],"url":"https:\/\/kohenavocats.com\/en\/author\/kohenmlk\/"}]}},"jetpack_featured_media_url":"https:\/\/kohenavocats.com\/wp-content\/uploads\/2024\/08\/stefanos-kogkas-9zo1-38VfCE-unsplash.webp","jetpack_likes_enabled":false,"jetpack_shortlink":"https:\/\/wp.me\/peCrII-2ItC","jetpack-related-posts":[{"id":621493,"url":"https:\/\/kohenavocats.com\/en\/tribunal-judiciaire-de-mesnil-amelot-le-18-octobre-2025-n25-04178\/","url_meta":{"origin":647628,"position":0},"title":"Tribunal judiciaire de Mesnil-Amelot, le 18 octobre 2025, n\u00b025\/04178","author":"Kohen","date":"20 April 2026","format":false,"excerpt":"Le tribunal judiciaire du Mesnil-Amelot, statuant le 18 octobre 2025, a examin\u00e9 un recours contre un placement en r\u00e9tention et une demande de prolongation. L...","rel":"","context":"In &quot;Jurisprudence&quot;","block_context":{"text":"Jurisprudence","link":"https:\/\/kohenavocats.com\/category\/jurisprudence\/"},"img":{"alt_text":"","src":"https:\/\/i0.wp.com\/kohenavocats.com\/wp-content\/uploads\/2024\/08\/marina-vitale-ZYfLkRgZJQk-unsplash.webp?resize=350%2C200&ssl=1","width":350,"height":200,"srcset":"https:\/\/i0.wp.com\/kohenavocats.com\/wp-content\/uploads\/2024\/08\/marina-vitale-ZYfLkRgZJQk-unsplash.webp?resize=350%2C200&ssl=1 1x, https:\/\/i0.wp.com\/kohenavocats.com\/wp-content\/uploads\/2024\/08\/marina-vitale-ZYfLkRgZJQk-unsplash.webp?resize=525%2C300&ssl=1 1.5x, https:\/\/i0.wp.com\/kohenavocats.com\/wp-content\/uploads\/2024\/08\/marina-vitale-ZYfLkRgZJQk-unsplash.webp?resize=700%2C400&ssl=1 2x, https:\/\/i0.wp.com\/kohenavocats.com\/wp-content\/uploads\/2024\/08\/marina-vitale-ZYfLkRgZJQk-unsplash.webp?resize=1050%2C600&ssl=1 3x, https:\/\/i0.wp.com\/kohenavocats.com\/wp-content\/uploads\/2024\/08\/marina-vitale-ZYfLkRgZJQk-unsplash.webp?resize=1400%2C800&ssl=1 4x"},"classes":[]},{"id":642654,"url":"https:\/\/kohenavocats.com\/en\/tribunal-judiciaire-de-mesnil-amelot-le-8-octobre-2025-n25-04011\/","url_meta":{"origin":647628,"position":1},"title":"Tribunal judiciaire de Mesnil-Amelot, le 8 octobre 2025, n\u00b025\/04011","author":"Kohen","date":"22 April 2026","format":false,"excerpt":"Le tribunal judiciaire du Mesnil-Amelot, statuant le 8 octobre 2025, examine un recours contre un arr\u00eat\u00e9 de placement en r\u00e9tention et une demande de prolonga...","rel":"","context":"In &quot;Jurisprudence&quot;","block_context":{"text":"Jurisprudence","link":"https:\/\/kohenavocats.com\/category\/jurisprudence\/"},"img":{"alt_text":"","src":"https:\/\/i0.wp.com\/kohenavocats.com\/wp-content\/uploads\/2024\/08\/jean-baptiste-d-dWvNz4JdkKQ-unsplash.webp?resize=350%2C200&ssl=1","width":350,"height":200,"srcset":"https:\/\/i0.wp.com\/kohenavocats.com\/wp-content\/uploads\/2024\/08\/jean-baptiste-d-dWvNz4JdkKQ-unsplash.webp?resize=350%2C200&ssl=1 1x, https:\/\/i0.wp.com\/kohenavocats.com\/wp-content\/uploads\/2024\/08\/jean-baptiste-d-dWvNz4JdkKQ-unsplash.webp?resize=525%2C300&ssl=1 1.5x, https:\/\/i0.wp.com\/kohenavocats.com\/wp-content\/uploads\/2024\/08\/jean-baptiste-d-dWvNz4JdkKQ-unsplash.webp?resize=700%2C400&ssl=1 2x, https:\/\/i0.wp.com\/kohenavocats.com\/wp-content\/uploads\/2024\/08\/jean-baptiste-d-dWvNz4JdkKQ-unsplash.webp?resize=1050%2C600&ssl=1 3x, https:\/\/i0.wp.com\/kohenavocats.com\/wp-content\/uploads\/2024\/08\/jean-baptiste-d-dWvNz4JdkKQ-unsplash.webp?resize=1400%2C800&ssl=1 4x"},"classes":[]},{"id":635104,"url":"https:\/\/kohenavocats.com\/en\/tribunal-judiciaire-de-mesnil-amelot-le-12-octobre-2025-n25-04080\/","url_meta":{"origin":647628,"position":2},"title":"Tribunal judiciaire de Mesnil-Amelot, le 12 octobre 2025, n\u00b025\/04080","author":"Kohen","date":"21 April 2026","format":false,"excerpt":"Le tribunal judiciaire du Mesnil-Amelot, statuant le 12 octobre 2025, examine un recours contre un arr\u00eat\u00e9 de placement en r\u00e9tention et une demande de prolong...","rel":"","context":"In &quot;Jurisprudence&quot;","block_context":{"text":"Jurisprudence","link":"https:\/\/kohenavocats.com\/category\/jurisprudence\/"},"img":{"alt_text":"","src":"https:\/\/i0.wp.com\/kohenavocats.com\/wp-content\/uploads\/2024\/08\/stefan-steinbauer-HK8IoD-5zpg-unsplash.webp?resize=350%2C200&ssl=1","width":350,"height":200,"srcset":"https:\/\/i0.wp.com\/kohenavocats.com\/wp-content\/uploads\/2024\/08\/stefan-steinbauer-HK8IoD-5zpg-unsplash.webp?resize=350%2C200&ssl=1 1x, https:\/\/i0.wp.com\/kohenavocats.com\/wp-content\/uploads\/2024\/08\/stefan-steinbauer-HK8IoD-5zpg-unsplash.webp?resize=525%2C300&ssl=1 1.5x, https:\/\/i0.wp.com\/kohenavocats.com\/wp-content\/uploads\/2024\/08\/stefan-steinbauer-HK8IoD-5zpg-unsplash.webp?resize=700%2C400&ssl=1 2x, https:\/\/i0.wp.com\/kohenavocats.com\/wp-content\/uploads\/2024\/08\/stefan-steinbauer-HK8IoD-5zpg-unsplash.webp?resize=1050%2C600&ssl=1 3x, https:\/\/i0.wp.com\/kohenavocats.com\/wp-content\/uploads\/2024\/08\/stefan-steinbauer-HK8IoD-5zpg-unsplash.webp?resize=1400%2C800&ssl=1 4x"},"classes":[]},{"id":659026,"url":"https:\/\/kohenavocats.com\/en\/tribunal-judiciaire-de-mesnil-amelot-le-27-septembre-2025-n25-03826\/","url_meta":{"origin":647628,"position":3},"title":"Tribunal judiciaire de Mesnil-Amelot, le 27 septembre 2025, n\u00b025\/03826","author":"Kohen","date":"23 April 2026","format":false,"excerpt":"Le tribunal judiciaire du Mesnil-Amelot, statuant le 27 septembre 2025, examine une demande de prolongation de r\u00e9tention administrative et un recours contre ...","rel":"","context":"In &quot;Jurisprudence&quot;","block_context":{"text":"Jurisprudence","link":"https:\/\/kohenavocats.com\/category\/jurisprudence\/"},"img":{"alt_text":"","src":"https:\/\/i0.wp.com\/kohenavocats.com\/wp-content\/uploads\/2024\/08\/luis-cortes-NkmP4u5P1PM-unsplash.webp?resize=350%2C200&ssl=1","width":350,"height":200,"srcset":"https:\/\/i0.wp.com\/kohenavocats.com\/wp-content\/uploads\/2024\/08\/luis-cortes-NkmP4u5P1PM-unsplash.webp?resize=350%2C200&ssl=1 1x, https:\/\/i0.wp.com\/kohenavocats.com\/wp-content\/uploads\/2024\/08\/luis-cortes-NkmP4u5P1PM-unsplash.webp?resize=525%2C300&ssl=1 1.5x, https:\/\/i0.wp.com\/kohenavocats.com\/wp-content\/uploads\/2024\/08\/luis-cortes-NkmP4u5P1PM-unsplash.webp?resize=700%2C400&ssl=1 2x, https:\/\/i0.wp.com\/kohenavocats.com\/wp-content\/uploads\/2024\/08\/luis-cortes-NkmP4u5P1PM-unsplash.webp?resize=1050%2C600&ssl=1 3x, https:\/\/i0.wp.com\/kohenavocats.com\/wp-content\/uploads\/2024\/08\/luis-cortes-NkmP4u5P1PM-unsplash.webp?resize=1400%2C800&ssl=1 4x"},"classes":[]},{"id":649904,"url":"https:\/\/kohenavocats.com\/en\/tribunal-judiciaire-de-mesnil-amelot-le-2-octobre-2025-n25-03896\/","url_meta":{"origin":647628,"position":4},"title":"Tribunal judiciaire de Mesnil-Amelot, le 2 octobre 2025, n\u00b025\/03896","author":"Kohen","date":"22 April 2026","format":false,"excerpt":"Le tribunal judiciaire du Mesnil-Amelot, statuant le 2 octobre 2025, examine une demande de prolongation de r\u00e9tention administrative et un recours contre le ...","rel":"","context":"In &quot;Jurisprudence&quot;","block_context":{"text":"Jurisprudence","link":"https:\/\/kohenavocats.com\/category\/jurisprudence\/"},"img":{"alt_text":"","src":"https:\/\/i0.wp.com\/kohenavocats.com\/wp-content\/uploads\/2024\/08\/maxwell-andrews-RHEm0vS4QNE-unsplash.webp?resize=350%2C200&ssl=1","width":350,"height":200,"srcset":"https:\/\/i0.wp.com\/kohenavocats.com\/wp-content\/uploads\/2024\/08\/maxwell-andrews-RHEm0vS4QNE-unsplash.webp?resize=350%2C200&ssl=1 1x, https:\/\/i0.wp.com\/kohenavocats.com\/wp-content\/uploads\/2024\/08\/maxwell-andrews-RHEm0vS4QNE-unsplash.webp?resize=525%2C300&ssl=1 1.5x, https:\/\/i0.wp.com\/kohenavocats.com\/wp-content\/uploads\/2024\/08\/maxwell-andrews-RHEm0vS4QNE-unsplash.webp?resize=700%2C400&ssl=1 2x, https:\/\/i0.wp.com\/kohenavocats.com\/wp-content\/uploads\/2024\/08\/maxwell-andrews-RHEm0vS4QNE-unsplash.webp?resize=1050%2C600&ssl=1 3x, https:\/\/i0.wp.com\/kohenavocats.com\/wp-content\/uploads\/2024\/08\/maxwell-andrews-RHEm0vS4QNE-unsplash.webp?resize=1400%2C800&ssl=1 4x"},"classes":[]},{"id":647449,"url":"https:\/\/kohenavocats.com\/en\/tribunal-judiciaire-de-mesnil-amelot-le-4-octobre-2025-n25-03943\/","url_meta":{"origin":647628,"position":5},"title":"Tribunal judiciaire de Mesnil-Amelot, le 4 octobre 2025, n\u00b025\/03943","author":"Kohen","date":"22 April 2026","format":false,"excerpt":"Le tribunal judiciaire du Mesnil-Amelot, statuant le 4 octobre 2025, examine une demande de prolongation de r\u00e9tention administrative et un recours contre le ...","rel":"","context":"In &quot;Jurisprudence&quot;","block_context":{"text":"Jurisprudence","link":"https:\/\/kohenavocats.com\/category\/jurisprudence\/"},"img":{"alt_text":"","src":"https:\/\/i0.wp.com\/kohenavocats.com\/wp-content\/uploads\/2024\/11\/getty-images-UdHwfvSivWU-unsplash.webp?resize=350%2C200&ssl=1","width":350,"height":200,"srcset":"https:\/\/i0.wp.com\/kohenavocats.com\/wp-content\/uploads\/2024\/11\/getty-images-UdHwfvSivWU-unsplash.webp?resize=350%2C200&ssl=1 1x, https:\/\/i0.wp.com\/kohenavocats.com\/wp-content\/uploads\/2024\/11\/getty-images-UdHwfvSivWU-unsplash.webp?resize=525%2C300&ssl=1 1.5x, https:\/\/i0.wp.com\/kohenavocats.com\/wp-content\/uploads\/2024\/11\/getty-images-UdHwfvSivWU-unsplash.webp?resize=700%2C400&ssl=1 2x, https:\/\/i0.wp.com\/kohenavocats.com\/wp-content\/uploads\/2024\/11\/getty-images-UdHwfvSivWU-unsplash.webp?resize=1050%2C600&ssl=1 3x, https:\/\/i0.wp.com\/kohenavocats.com\/wp-content\/uploads\/2024\/11\/getty-images-UdHwfvSivWU-unsplash.webp?resize=1400%2C800&ssl=1 4x"},"classes":[]}],"jetpack_sharing_enabled":true,"_links":{"self":[{"href":"https:\/\/kohenavocats.com\/en\/wp-json\/wp\/v2\/posts\/647628","targetHints":{"allow":["GET"]}}],"collection":[{"href":"https:\/\/kohenavocats.com\/en\/wp-json\/wp\/v2\/posts"}],"about":[{"href":"https:\/\/kohenavocats.com\/en\/wp-json\/wp\/v2\/types\/post"}],"author":[{"embeddable":true,"href":"https:\/\/kohenavocats.com\/en\/wp-json\/wp\/v2\/users\/232070755"}],"replies":[{"embeddable":true,"href":"https:\/\/kohenavocats.com\/en\/wp-json\/wp\/v2\/comments?post=647628"}],"version-history":[{"count":0,"href":"https:\/\/kohenavocats.com\/en\/wp-json\/wp\/v2\/posts\/647628\/revisions"}],"wp:featuredmedia":[{"embeddable":true,"href":"https:\/\/kohenavocats.com\/en\/wp-json\/wp\/v2\/media\/4857"}],"wp:attachment":[{"href":"https:\/\/kohenavocats.com\/en\/wp-json\/wp\/v2\/media?parent=647628"}],"wp:term":[{"taxonomy":"category","embeddable":true,"href":"https:\/\/kohenavocats.com\/en\/wp-json\/wp\/v2\/categories?post=647628"},{"taxonomy":"post_tag","embeddable":true,"href":"https:\/\/kohenavocats.com\/en\/wp-json\/wp\/v2\/tags?post=647628"}],"curies":[{"name":"wp","href":"https:\/\/api.w.org\/{rel}","templated":true}]}}