{"id":648391,"date":"2026-04-22T13:49:18","date_gmt":"2026-04-22T11:49:18","guid":{"rendered":"https:\/\/kohenavocats.com\/tribunal-judiciaire-de-beziers-le-3-octobre-2025-n25-00166\/"},"modified":"2026-04-22T13:49:18","modified_gmt":"2026-04-22T11:49:18","slug":"tribunal-judiciaire-de-beziers-le-3-octobre-2025-n25-00166","status":"publish","type":"post","link":"https:\/\/kohenavocats.com\/en\/tribunal-judiciaire-de-beziers-le-3-octobre-2025-n25-00166\/","title":{"rendered":"Tribunal judiciaire de B\u00e9ziers, le 3 octobre 2025, n\u00b025\/00166"},"content":{"rendered":"<div class=\"article-content\">\n<p>Le tribunal judiciaire de B\u00e9ziers, le 3 octobre 2025, statue sur une requ\u00eate en paiement. La requ\u00e9rante, en grande d\u00e9tresse, sollicite le versement d\u2019une somme d\u2019argent. Le d\u00e9fendeur ne compara\u00eet pas, conduisant \u00e0 un jugement par d\u00e9faut. Le juge examine d\u2019office la r\u00e9gularit\u00e9 de l\u2019assignation. Il rel\u00e8ve l\u2019absence d\u2019expos\u00e9 des moyens en fait et en droit. La requ\u00eate est d\u00e9clar\u00e9e nulle et l\u2019action irrecevable, dispensant cependant la requ\u00e9rante des d\u00e9pens.<\/p>\n<p>La nullit\u00e9 pour inobservation d\u2019une formalit\u00e9 substantielle<\/p>\n<p>Le contr\u00f4le d\u2019office de la r\u00e9gularit\u00e9 de l\u2019acte introductif<\/p>\n<p>Le juge proc\u00e8de \u00e0 un examen attentif de la requ\u00eate introductive. Il constate l\u2019absence des \u00e9l\u00e9ments essentiels requis par la loi. &#8220;Elle n&#8217;expose encore moins les moyens de droit sur lesquels elle s&#8217;appuie&#8221; (Motifs). Cette carence est soulev\u00e9e d\u2019office dans le cadre d\u2019un jugement rendu par d\u00e9faut. L\u2019article 472 du code de proc\u00e9dure civile impose ce contr\u00f4le de r\u00e9gularit\u00e9 et de fondement. Le juge ne peut faire droit \u00e0 une demande irr\u00e9guli\u00e8re m\u00eame en l\u2019absence de contradiction.<\/p>\n<p>La port\u00e9e de cette analyse est de rappeler l\u2019importance du contradictoire. La d\u00e9cision prot\u00e8ge les droits de la partie d\u00e9faillante malgr\u00e9 son absence. Elle affirme le r\u00f4le actif du juge dans la direction de la proc\u00e9dure. L\u2019office du juge garantit ainsi le respect des principes directeurs du proc\u00e8s. Cette vigilance s\u2019exerce au b\u00e9n\u00e9fice de la s\u00e9curit\u00e9 juridique et de l\u2019\u00e9quit\u00e9.<\/p>\n<p>La caract\u00e9risation d\u2019une nullit\u00e9 pour vice de forme substantiel<\/p>\n<p>Le manquement constat\u00e9 concerne une formalit\u00e9 essentielle \u00e0 l\u2019information du d\u00e9fendeur. L\u2019article 56 du code de proc\u00e9dure civile exige &#8220;un expos\u00e9 des moyens en fait et en droit&#8221; (Motifs). L\u2019absence de cet expos\u00e9 emp\u00eache la mise en \u0153uvre du principe de la contradiction. La nullit\u00e9 est donc prononc\u00e9e sans qu\u2019un grief sp\u00e9cifique doive \u00eatre d\u00e9montr\u00e9. Cette formalit\u00e9 est substantielle car elle touche \u00e0 l\u2019organisation m\u00eame du proc\u00e8s.<\/p>\n<p>La valeur de cette solution est de distinguer les vices de forme. Elle rejoint la jurisprudence selon laquelle &#8220;la nullit\u00e9 ne peut \u00eatre prononc\u00e9e qu&#8217;\u00e0 charge pour l&#8217;adversaire qui l&#8217;invoque de prouver le grief que lui cause l&#8217;irr\u00e9gularit\u00e9, m\u00eame lorsqu&#8217;il s&#8217;agit d&#8217;une formalit\u00e9 substantielle ou d&#8217;ordre public&#8221; (Tribunal judiciaire, le 13 octobre 2025, n\u00b023\/02546). Toutefois, le juge peut soulever d\u2019office cette nullit\u00e9 dans le cadre du contr\u00f4le de l\u2019article 472. La port\u00e9e est ainsi de maintenir un \u00e9quilibre entre formalisme et recherche du grief.<\/p>\n<p>Les cons\u00e9quences proc\u00e9durales de l\u2019irrecevabilit\u00e9<\/p>\n<p>La sanction de la requ\u00eate et ses modalit\u00e9s d\u2019application<\/p>\n<p>La nullit\u00e9 de l\u2019acte introductif entra\u00eene n\u00e9cessairement l\u2019irrecevabilit\u00e9 de l\u2019action. Le tribunal &#8220;CONSTATE la nullit\u00e9 de la requ\u00eate&#8221; et &#8220;DECLARE IRRECEVABLE l&#8217;action&#8221; (Par ces motifs). La demande au fond est donc d\u00e9bout\u00e9e sans examen sur le m\u00e9rite. Cette sanction est automatique et logique, l\u2019action n\u2019\u00e9tant pas r\u00e9guli\u00e8rement introduite. Le juge ne va pas au-del\u00e0 de ce constat d\u2019irr\u00e9gularit\u00e9 proc\u00e9durale.<\/p>\n<p>Le sens de cette d\u00e9cision est de pr\u00e9server l\u2019int\u00e9grit\u00e9 de la proc\u00e9dure. Elle rappelle que la saisine du tribunal est conditionn\u00e9e par le respect de r\u00e8gles pr\u00e9cises. La compassion pour la situation personnelle de la requ\u00e9rante n\u2019efface pas ces exigences. La port\u00e9e est p\u00e9dagogique et vise \u00e0 garantir la qualit\u00e9 des d\u00e9bats. Elle \u00e9vite les jugements sur pi\u00e8ces incompl\u00e8tes ou demandes insuffisamment motiv\u00e9es.<\/p>\n<p>L\u2019att\u00e9nuation des cons\u00e9quences financi\u00e8res pour la requ\u00e9rante<\/p>\n<p>Malgr\u00e9 la s\u00e9v\u00e9rit\u00e9 de la sanction proc\u00e9durale, le juge temp\u00e8re ses effets financiers. Il dispense la requ\u00e9rante des d\u00e9pens de l\u2019instance en raison de sa d\u00e9tresse. &#8220;La nature du litige et la compr\u00e9hension de la proc\u00e9dure civile par Madame [K] justifient cette dispense&#8221; (Motifs). Cette mesure discr\u00e9tionnaire att\u00e9nue la rigueur de l\u2019\u00e9chec judiciaire. Elle t\u00e9moigne d\u2019une forme d\u2019\u00e9quit\u00e9 dans l\u2019application du droit.<\/p>\n<p>La valeur de cette d\u00e9cision est humaniste et pragmatique. Elle distingue la sanction de l\u2019acte proc\u00e9dural de la situation personnelle de son auteur. La port\u00e9e est limit\u00e9e car elle n\u2019affecte pas le principe de la d\u00e9cision sur le fond. Elle permet n\u00e9anmoins de concilier rigueur juridique et consid\u00e9ration sociale. Cette approche \u00e9vite d\u2019aggraver la pr\u00e9carit\u00e9 d\u2019une partie d\u00e9j\u00e0 vuln\u00e9rable.<\/p>\n<\/div>\n","protected":false},"excerpt":{"rendered":"<p>Le tribunal judiciaire de B\u00e9ziers, le 3 octobre 2025, statue sur une requ\u00eate en paiement. La requ\u00e9rante, en grande d\u00e9tresse, sollicite le versement d\u2019une som&#8230;<\/p>\n","protected":false},"author":232070755,"featured_media":4923,"comment_status":"open","ping_status":"open","sticky":false,"template":"","format":"standard","meta":{"_crdt_document":"","_jetpack_newsletter_access":"","_jetpack_dont_email_post_to_subs":false,"_jetpack_newsletter_tier_id":0,"_jetpack_memberships_contains_paywalled_content":false,"_kj_source_type":"judilibre","_kj_official_id":"68f92dc1de0ebe408daa1c10","_kj_official_url":"https:\/\/www.courdecassation.fr\/decision\/68f92dc1de0ebe408daa1c10","_kj_judilibre_id":"68f92dc1de0ebe408daa1c10","_kj_jur":"Tribunal judiciaire","_kj_lieu":"Tribunal judiciaire de B\u00e9ziers","_kj_chambre":"Ctx Gal inf 10.000\u20ac","_kj_rg":"25\/00166","_kj_date":"2025-10-03","_jetpack_memberships_contains_paid_content":false,"footnotes":"","jetpack_post_was_ever_published":false},"categories":[7597],"tags":[],"class_list":["post-648391","post","type-post","status-publish","format-standard","has-post-thumbnail","hentry","category-jurisprudence"],"yoast_head":"<!-- This site is optimized with the Yoast SEO Premium plugin v27.5 (Yoast SEO v27.5) - https:\/\/yoast.com\/product\/yoast-seo-premium-wordpress\/ -->\n<title>Tribunal judiciaire de B\u00e9ziers, le 3 octobre 2025, n\u00b025\/00166 - Ma\u00eetre Hassan Kohen, avocat en droit p\u00e9nal \u00e0 Paris<\/title>\n<meta name=\"description\" content=\"Le tribunal judiciaire de B\u00e9ziers, le 3 octobre 2025, statue sur une requ\u00eate en paiement. La requ\u00e9rante, en grande d\u00e9tresse, sollicite le versement d\u2019une som...\" \/>\n<meta name=\"robots\" content=\"index, follow, max-snippet:-1, max-image-preview:large, max-video-preview:-1\" \/>\n<link rel=\"canonical\" href=\"https:\/\/kohenavocats.com\/en\/tribunal-judiciaire-de-beziers-le-3-octobre-2025-n25-00166\/\" \/>\n<meta property=\"og:locale\" content=\"en_US\" \/>\n<meta property=\"og:type\" content=\"article\" \/>\n<meta property=\"og:title\" content=\"Tribunal judiciaire de B\u00e9ziers, le 3 octobre 2025, n\u00b025\/00166\" \/>\n<meta property=\"og:description\" content=\"Le tribunal judiciaire de B\u00e9ziers, le 3 octobre 2025, statue sur une requ\u00eate en paiement. La requ\u00e9rante, en grande d\u00e9tresse, sollicite le versement d\u2019une som...\" \/>\n<meta property=\"og:url\" content=\"https:\/\/kohenavocats.com\/en\/tribunal-judiciaire-de-beziers-le-3-octobre-2025-n25-00166\/\" \/>\n<meta property=\"og:site_name\" content=\"Ma\u00eetre Hassan Kohen, avocat en droit p\u00e9nal \u00e0 Paris\" \/>\n<meta property=\"article:published_time\" content=\"2026-04-22T11:49:18+00:00\" \/>\n<meta property=\"og:image\" content=\"https:\/\/kohenavocats.com\/wp-content\/uploads\/2024\/08\/zoltan-tasi-Fdt2aSbdRig-unsplash.webp\" \/>\n\t<meta property=\"og:image:width\" content=\"4750\" \/>\n\t<meta property=\"og:image:height\" content=\"3166\" \/>\n\t<meta property=\"og:image:type\" content=\"image\/webp\" \/>\n<meta name=\"author\" content=\"Kohen\" \/>\n<meta name=\"twitter:card\" content=\"summary_large_image\" \/>\n<meta name=\"twitter:label1\" content=\"Written by\" \/>\n\t<meta name=\"twitter:data1\" content=\"Kohen\" \/>\n\t<meta name=\"twitter:label2\" content=\"Est. reading time\" \/>\n\t<meta name=\"twitter:data2\" content=\"4 minutes\" \/>\n<script type=\"application\/ld+json\" class=\"yoast-schema-graph\">{\"@context\":\"https:\\\/\\\/schema.org\",\"@graph\":[{\"@type\":\"Article\",\"@id\":\"https:\\\/\\\/kohenavocats.com\\\/en\\\/tribunal-judiciaire-de-beziers-le-3-octobre-2025-n25-00166\\\/#article\",\"isPartOf\":{\"@id\":\"https:\\\/\\\/kohenavocats.com\\\/en\\\/tribunal-judiciaire-de-beziers-le-3-octobre-2025-n25-00166\\\/\"},\"author\":{\"name\":\"Kohen\",\"@id\":\"https:\\\/\\\/kohenavocats.com\\\/en\\\/#\\\/schema\\\/person\\\/761c9ba54fa1ca84d405cef0831ff751\"},\"headline\":\"Tribunal judiciaire de B\u00e9ziers, le 3 octobre 2025, n\u00b025\\\/00166\",\"datePublished\":\"2026-04-22T11:49:18+00:00\",\"mainEntityOfPage\":{\"@id\":\"https:\\\/\\\/kohenavocats.com\\\/en\\\/tribunal-judiciaire-de-beziers-le-3-octobre-2025-n25-00166\\\/\"},\"wordCount\":804,\"commentCount\":0,\"publisher\":{\"@id\":\"https:\\\/\\\/kohenavocats.com\\\/en\\\/#organization\"},\"image\":{\"@id\":\"https:\\\/\\\/kohenavocats.com\\\/en\\\/tribunal-judiciaire-de-beziers-le-3-octobre-2025-n25-00166\\\/#primaryimage\"},\"thumbnailUrl\":\"https:\\\/\\\/kohenavocats.com\\\/wp-content\\\/uploads\\\/2024\\\/08\\\/zoltan-tasi-Fdt2aSbdRig-unsplash.webp\",\"articleSection\":[\"Jurisprudence\"],\"inLanguage\":\"en-US\",\"potentialAction\":[{\"@type\":\"CommentAction\",\"name\":\"Comment\",\"target\":[\"https:\\\/\\\/kohenavocats.com\\\/en\\\/tribunal-judiciaire-de-beziers-le-3-octobre-2025-n25-00166\\\/#respond\"]}],\"citation\":\"Tribunal judiciaire de B\u00e9ziers, le 3 octobre 2025, n\u00b025\\\/00166\",\"about\":[{\"@type\":\"Thing\",\"name\":\"Jurisprudence\"}],\"dateModified\":\"2026-04-22T11:49:18+00:00\",\"speakable\":{\"@type\":\"SpeakableSpecification\",\"cssSelector\":[\".article-content > p:first-of-type\"]}},{\"@type\":\"WebPage\",\"@id\":\"https:\\\/\\\/kohenavocats.com\\\/en\\\/tribunal-judiciaire-de-beziers-le-3-octobre-2025-n25-00166\\\/\",\"url\":\"https:\\\/\\\/kohenavocats.com\\\/en\\\/tribunal-judiciaire-de-beziers-le-3-octobre-2025-n25-00166\\\/\",\"name\":\"Tribunal judiciaire de B\u00e9ziers, le 3 octobre 2025, n\u00b025\\\/00166 - Ma\u00eetre Hassan Kohen, avocat en droit p\u00e9nal \u00e0 Paris\",\"isPartOf\":{\"@id\":\"https:\\\/\\\/kohenavocats.com\\\/en\\\/#website\"},\"primaryImageOfPage\":{\"@id\":\"https:\\\/\\\/kohenavocats.com\\\/en\\\/tribunal-judiciaire-de-beziers-le-3-octobre-2025-n25-00166\\\/#primaryimage\"},\"image\":{\"@id\":\"https:\\\/\\\/kohenavocats.com\\\/en\\\/tribunal-judiciaire-de-beziers-le-3-octobre-2025-n25-00166\\\/#primaryimage\"},\"thumbnailUrl\":\"https:\\\/\\\/kohenavocats.com\\\/wp-content\\\/uploads\\\/2024\\\/08\\\/zoltan-tasi-Fdt2aSbdRig-unsplash.webp\",\"datePublished\":\"2026-04-22T11:49:18+00:00\",\"description\":\"Le tribunal judiciaire de B\u00e9ziers, le 3 octobre 2025, statue sur une requ\u00eate en paiement. La requ\u00e9rante, en grande d\u00e9tresse, sollicite le versement d\u2019une som...\",\"breadcrumb\":{\"@id\":\"https:\\\/\\\/kohenavocats.com\\\/en\\\/tribunal-judiciaire-de-beziers-le-3-octobre-2025-n25-00166\\\/#breadcrumb\"},\"inLanguage\":\"en-US\",\"potentialAction\":[{\"@type\":\"ReadAction\",\"target\":[\"https:\\\/\\\/kohenavocats.com\\\/en\\\/tribunal-judiciaire-de-beziers-le-3-octobre-2025-n25-00166\\\/\"]}]},{\"@type\":\"ImageObject\",\"inLanguage\":\"en-US\",\"@id\":\"https:\\\/\\\/kohenavocats.com\\\/en\\\/tribunal-judiciaire-de-beziers-le-3-octobre-2025-n25-00166\\\/#primaryimage\",\"url\":\"https:\\\/\\\/kohenavocats.com\\\/wp-content\\\/uploads\\\/2024\\\/08\\\/zoltan-tasi-Fdt2aSbdRig-unsplash.webp\",\"contentUrl\":\"https:\\\/\\\/kohenavocats.com\\\/wp-content\\\/uploads\\\/2024\\\/08\\\/zoltan-tasi-Fdt2aSbdRig-unsplash.webp\",\"width\":4750,\"height\":3166},{\"@type\":\"BreadcrumbList\",\"@id\":\"https:\\\/\\\/kohenavocats.com\\\/en\\\/tribunal-judiciaire-de-beziers-le-3-octobre-2025-n25-00166\\\/#breadcrumb\",\"itemListElement\":[{\"@type\":\"ListItem\",\"position\":1,\"name\":\"Home\",\"item\":\"https:\\\/\\\/kohenavocats.com\\\/en\\\/criminal-law-attorneys-in-paris-counsel-and-strategic-defense\\\/\"},{\"@type\":\"ListItem\",\"position\":2,\"name\":\"Tribunal judiciaire de B\u00e9ziers, le 3 octobre 2025, n\u00b025\\\/00166\"}]},{\"@type\":\"WebSite\",\"@id\":\"https:\\\/\\\/kohenavocats.com\\\/en\\\/#website\",\"url\":\"https:\\\/\\\/kohenavocats.com\\\/en\\\/\",\"name\":\"Kohen Avocats\",\"description\":\"Ma\u00eetre Hassan Kohen, avocat p\u00e9naliste \u00e0 Paris, intervient exclusivement en droit p\u00e9nal pour la d\u00e9fense des particuliers, notamment en mati\u00e8re d\u2019accusations de viol. Il assure un accompagnement rigoureux d\u00e8s la garde \u00e0 vue jusqu\u2019\u00e0 la Cour d\u2019assises, veillant au strict respect des garanties proc\u00e9durales.\",\"publisher\":{\"@id\":\"https:\\\/\\\/kohenavocats.com\\\/en\\\/#organization\"},\"potentialAction\":[{\"@type\":\"SearchAction\",\"target\":{\"@type\":\"EntryPoint\",\"urlTemplate\":\"https:\\\/\\\/kohenavocats.com\\\/en\\\/?s={search_term_string}\"},\"query-input\":{\"@type\":\"PropertyValueSpecification\",\"valueRequired\":true,\"valueName\":\"search_term_string\"}}],\"inLanguage\":\"en-US\"},{\"@type\":\"Organization\",\"@id\":\"https:\\\/\\\/kohenavocats.com\\\/en\\\/#organization\",\"name\":\"Kohen Avocats\",\"url\":\"https:\\\/\\\/kohenavocats.com\\\/en\\\/\",\"logo\":{\"@type\":\"ImageObject\",\"inLanguage\":\"en-US\",\"@id\":\"https:\\\/\\\/kohenavocats.com\\\/en\\\/#\\\/schema\\\/logo\\\/image\\\/\",\"url\":\"https:\\\/\\\/kohenavocats.com\\\/wp-content\\\/uploads\\\/2026\\\/01\\\/Logo-2-1.webp\",\"contentUrl\":\"https:\\\/\\\/kohenavocats.com\\\/wp-content\\\/uploads\\\/2026\\\/01\\\/Logo-2-1.webp\",\"width\":2114,\"height\":1253,\"caption\":\"Kohen Avocats\"},\"image\":{\"@id\":\"https:\\\/\\\/kohenavocats.com\\\/en\\\/#\\\/schema\\\/logo\\\/image\\\/\"}},{\"@type\":\"Person\",\"@id\":\"https:\\\/\\\/kohenavocats.com\\\/en\\\/#\\\/schema\\\/person\\\/761c9ba54fa1ca84d405cef0831ff751\",\"name\":\"Kohen\",\"image\":{\"@type\":\"ImageObject\",\"inLanguage\":\"en-US\",\"@id\":\"https:\\\/\\\/secure.gravatar.com\\\/avatar\\\/1c5e76ef76bbbfdd2b4da984e2bf2fa4056fd51a27d25ce2c332047f1dfd6e00?s=96&d=identicon&r=g\",\"url\":\"https:\\\/\\\/secure.gravatar.com\\\/avatar\\\/1c5e76ef76bbbfdd2b4da984e2bf2fa4056fd51a27d25ce2c332047f1dfd6e00?s=96&d=identicon&r=g\",\"contentUrl\":\"https:\\\/\\\/secure.gravatar.com\\\/avatar\\\/1c5e76ef76bbbfdd2b4da984e2bf2fa4056fd51a27d25ce2c332047f1dfd6e00?s=96&d=identicon&r=g\",\"caption\":\"Kohen\"},\"sameAs\":[\"https:\\\/\\\/www.linkedin.com\\\/in\\\/hassan-kohen-448548192\\\/\",\"https:\\\/\\\/www.youtube.com\\\/@Kohen-Avocats\"],\"url\":\"https:\\\/\\\/kohenavocats.com\\\/en\\\/author\\\/kohenmlk\\\/\"}]}<\/script>\n<!-- \/ Yoast SEO Premium plugin. -->","yoast_head_json":{"title":"Tribunal judiciaire de B\u00e9ziers, le 3 octobre 2025, n\u00b025\/00166 - Ma\u00eetre Hassan Kohen, avocat en droit p\u00e9nal \u00e0 Paris","description":"Le tribunal judiciaire de B\u00e9ziers, le 3 octobre 2025, statue sur une requ\u00eate en paiement. La requ\u00e9rante, en grande d\u00e9tresse, sollicite le versement d\u2019une som...","robots":{"index":"index","follow":"follow","max-snippet":"max-snippet:-1","max-image-preview":"max-image-preview:large","max-video-preview":"max-video-preview:-1"},"canonical":"https:\/\/kohenavocats.com\/en\/tribunal-judiciaire-de-beziers-le-3-octobre-2025-n25-00166\/","og_locale":"en_US","og_type":"article","og_title":"Tribunal judiciaire de B\u00e9ziers, le 3 octobre 2025, n\u00b025\/00166","og_description":"Le tribunal judiciaire de B\u00e9ziers, le 3 octobre 2025, statue sur une requ\u00eate en paiement. La requ\u00e9rante, en grande d\u00e9tresse, sollicite le versement d\u2019une som...","og_url":"https:\/\/kohenavocats.com\/en\/tribunal-judiciaire-de-beziers-le-3-octobre-2025-n25-00166\/","og_site_name":"Ma\u00eetre Hassan Kohen, avocat en droit p\u00e9nal \u00e0 Paris","article_published_time":"2026-04-22T11:49:18+00:00","og_image":[{"width":4750,"height":3166,"url":"https:\/\/kohenavocats.com\/wp-content\/uploads\/2024\/08\/zoltan-tasi-Fdt2aSbdRig-unsplash.webp","type":"image\/webp"}],"author":"Kohen","twitter_card":"summary_large_image","twitter_misc":{"Written by":"Kohen","Est. reading time":"4 minutes"},"schema":{"@context":"https:\/\/schema.org","@graph":[{"@type":"Article","@id":"https:\/\/kohenavocats.com\/en\/tribunal-judiciaire-de-beziers-le-3-octobre-2025-n25-00166\/#article","isPartOf":{"@id":"https:\/\/kohenavocats.com\/en\/tribunal-judiciaire-de-beziers-le-3-octobre-2025-n25-00166\/"},"author":{"name":"Kohen","@id":"https:\/\/kohenavocats.com\/en\/#\/schema\/person\/761c9ba54fa1ca84d405cef0831ff751"},"headline":"Tribunal judiciaire de B\u00e9ziers, le 3 octobre 2025, n\u00b025\/00166","datePublished":"2026-04-22T11:49:18+00:00","mainEntityOfPage":{"@id":"https:\/\/kohenavocats.com\/en\/tribunal-judiciaire-de-beziers-le-3-octobre-2025-n25-00166\/"},"wordCount":804,"commentCount":0,"publisher":{"@id":"https:\/\/kohenavocats.com\/en\/#organization"},"image":{"@id":"https:\/\/kohenavocats.com\/en\/tribunal-judiciaire-de-beziers-le-3-octobre-2025-n25-00166\/#primaryimage"},"thumbnailUrl":"https:\/\/kohenavocats.com\/wp-content\/uploads\/2024\/08\/zoltan-tasi-Fdt2aSbdRig-unsplash.webp","articleSection":["Jurisprudence"],"inLanguage":"en-US","potentialAction":[{"@type":"CommentAction","name":"Comment","target":["https:\/\/kohenavocats.com\/en\/tribunal-judiciaire-de-beziers-le-3-octobre-2025-n25-00166\/#respond"]}],"citation":"Tribunal judiciaire de B\u00e9ziers, le 3 octobre 2025, n\u00b025\/00166","about":[{"@type":"Thing","name":"Jurisprudence"}],"dateModified":"2026-04-22T11:49:18+00:00","speakable":{"@type":"SpeakableSpecification","cssSelector":[".article-content > p:first-of-type"]}},{"@type":"WebPage","@id":"https:\/\/kohenavocats.com\/en\/tribunal-judiciaire-de-beziers-le-3-octobre-2025-n25-00166\/","url":"https:\/\/kohenavocats.com\/en\/tribunal-judiciaire-de-beziers-le-3-octobre-2025-n25-00166\/","name":"Tribunal judiciaire de B\u00e9ziers, le 3 octobre 2025, n\u00b025\/00166 - Ma\u00eetre Hassan Kohen, avocat en droit p\u00e9nal \u00e0 Paris","isPartOf":{"@id":"https:\/\/kohenavocats.com\/en\/#website"},"primaryImageOfPage":{"@id":"https:\/\/kohenavocats.com\/en\/tribunal-judiciaire-de-beziers-le-3-octobre-2025-n25-00166\/#primaryimage"},"image":{"@id":"https:\/\/kohenavocats.com\/en\/tribunal-judiciaire-de-beziers-le-3-octobre-2025-n25-00166\/#primaryimage"},"thumbnailUrl":"https:\/\/kohenavocats.com\/wp-content\/uploads\/2024\/08\/zoltan-tasi-Fdt2aSbdRig-unsplash.webp","datePublished":"2026-04-22T11:49:18+00:00","description":"Le tribunal judiciaire de B\u00e9ziers, le 3 octobre 2025, statue sur une requ\u00eate en paiement. La requ\u00e9rante, en grande d\u00e9tresse, sollicite le versement d\u2019une som...","breadcrumb":{"@id":"https:\/\/kohenavocats.com\/en\/tribunal-judiciaire-de-beziers-le-3-octobre-2025-n25-00166\/#breadcrumb"},"inLanguage":"en-US","potentialAction":[{"@type":"ReadAction","target":["https:\/\/kohenavocats.com\/en\/tribunal-judiciaire-de-beziers-le-3-octobre-2025-n25-00166\/"]}]},{"@type":"ImageObject","inLanguage":"en-US","@id":"https:\/\/kohenavocats.com\/en\/tribunal-judiciaire-de-beziers-le-3-octobre-2025-n25-00166\/#primaryimage","url":"https:\/\/kohenavocats.com\/wp-content\/uploads\/2024\/08\/zoltan-tasi-Fdt2aSbdRig-unsplash.webp","contentUrl":"https:\/\/kohenavocats.com\/wp-content\/uploads\/2024\/08\/zoltan-tasi-Fdt2aSbdRig-unsplash.webp","width":4750,"height":3166},{"@type":"BreadcrumbList","@id":"https:\/\/kohenavocats.com\/en\/tribunal-judiciaire-de-beziers-le-3-octobre-2025-n25-00166\/#breadcrumb","itemListElement":[{"@type":"ListItem","position":1,"name":"Home","item":"https:\/\/kohenavocats.com\/en\/criminal-law-attorneys-in-paris-counsel-and-strategic-defense\/"},{"@type":"ListItem","position":2,"name":"Tribunal judiciaire de B\u00e9ziers, le 3 octobre 2025, n\u00b025\/00166"}]},{"@type":"WebSite","@id":"https:\/\/kohenavocats.com\/en\/#website","url":"https:\/\/kohenavocats.com\/en\/","name":"Kohen Avocats","description":"Ma\u00eetre Hassan Kohen, avocat p\u00e9naliste \u00e0 Paris, intervient exclusivement en droit p\u00e9nal pour la d\u00e9fense des particuliers, notamment en mati\u00e8re d\u2019accusations de viol. Il assure un accompagnement rigoureux d\u00e8s la garde \u00e0 vue jusqu\u2019\u00e0 la Cour d\u2019assises, veillant au strict respect des garanties proc\u00e9durales.","publisher":{"@id":"https:\/\/kohenavocats.com\/en\/#organization"},"potentialAction":[{"@type":"SearchAction","target":{"@type":"EntryPoint","urlTemplate":"https:\/\/kohenavocats.com\/en\/?s={search_term_string}"},"query-input":{"@type":"PropertyValueSpecification","valueRequired":true,"valueName":"search_term_string"}}],"inLanguage":"en-US"},{"@type":"Organization","@id":"https:\/\/kohenavocats.com\/en\/#organization","name":"Kohen Avocats","url":"https:\/\/kohenavocats.com\/en\/","logo":{"@type":"ImageObject","inLanguage":"en-US","@id":"https:\/\/kohenavocats.com\/en\/#\/schema\/logo\/image\/","url":"https:\/\/kohenavocats.com\/wp-content\/uploads\/2026\/01\/Logo-2-1.webp","contentUrl":"https:\/\/kohenavocats.com\/wp-content\/uploads\/2026\/01\/Logo-2-1.webp","width":2114,"height":1253,"caption":"Kohen Avocats"},"image":{"@id":"https:\/\/kohenavocats.com\/en\/#\/schema\/logo\/image\/"}},{"@type":"Person","@id":"https:\/\/kohenavocats.com\/en\/#\/schema\/person\/761c9ba54fa1ca84d405cef0831ff751","name":"Kohen","image":{"@type":"ImageObject","inLanguage":"en-US","@id":"https:\/\/secure.gravatar.com\/avatar\/1c5e76ef76bbbfdd2b4da984e2bf2fa4056fd51a27d25ce2c332047f1dfd6e00?s=96&d=identicon&r=g","url":"https:\/\/secure.gravatar.com\/avatar\/1c5e76ef76bbbfdd2b4da984e2bf2fa4056fd51a27d25ce2c332047f1dfd6e00?s=96&d=identicon&r=g","contentUrl":"https:\/\/secure.gravatar.com\/avatar\/1c5e76ef76bbbfdd2b4da984e2bf2fa4056fd51a27d25ce2c332047f1dfd6e00?s=96&d=identicon&r=g","caption":"Kohen"},"sameAs":["https:\/\/www.linkedin.com\/in\/hassan-kohen-448548192\/","https:\/\/www.youtube.com\/@Kohen-Avocats"],"url":"https:\/\/kohenavocats.com\/en\/author\/kohenmlk\/"}]}},"jetpack_featured_media_url":"https:\/\/kohenavocats.com\/wp-content\/uploads\/2024\/08\/zoltan-tasi-Fdt2aSbdRig-unsplash.webp","jetpack_likes_enabled":false,"jetpack_shortlink":"https:\/\/wp.me\/peCrII-2IFV","jetpack-related-posts":[{"id":205701,"url":"https:\/\/kohenavocats.com\/en\/cour-dappel-administrative-de-marseille-le-11-juin-2025-n25ma01253\/","url_meta":{"origin":648391,"position":0},"title":"Cour d&#8217;appel administrative de Marseille, le 11 juin 2025, n\u00b025MA01253","author":"Kohen","date":"22 December 2025","format":false,"excerpt":"Par une ordonnance en date du 11 juin 2025, le juge des r\u00e9f\u00e9r\u00e9s de la cour administrative d'appel de Marseille a statu\u00e9 sur la demande de suspension d'un arr\u00eat\u00e9 pr\u00e9fectoral. En l'esp\u00e8ce, une ressortissante \u00e9trang\u00e8re s'est vu refuser la d\u00e9livrance d'un titre de s\u00e9jour par une d\u00e9cision du pr\u00e9fet des\u2026","rel":"","context":"In &quot;Cour administrative d'appel&quot;","block_context":{"text":"Cour administrative d'appel","link":"https:\/\/kohenavocats.com\/category\/cour-administrative-dappel\/"},"img":{"alt_text":"","src":"https:\/\/i0.wp.com\/kohenavocats.com\/wp-content\/uploads\/2024\/08\/judith-ekedi-jangwa-fyfmXbDaR14-unsplash.webp?resize=350%2C200&ssl=1","width":350,"height":200,"srcset":"https:\/\/i0.wp.com\/kohenavocats.com\/wp-content\/uploads\/2024\/08\/judith-ekedi-jangwa-fyfmXbDaR14-unsplash.webp?resize=350%2C200&ssl=1 1x, https:\/\/i0.wp.com\/kohenavocats.com\/wp-content\/uploads\/2024\/08\/judith-ekedi-jangwa-fyfmXbDaR14-unsplash.webp?resize=525%2C300&ssl=1 1.5x, https:\/\/i0.wp.com\/kohenavocats.com\/wp-content\/uploads\/2024\/08\/judith-ekedi-jangwa-fyfmXbDaR14-unsplash.webp?resize=700%2C400&ssl=1 2x, https:\/\/i0.wp.com\/kohenavocats.com\/wp-content\/uploads\/2024\/08\/judith-ekedi-jangwa-fyfmXbDaR14-unsplash.webp?resize=1050%2C600&ssl=1 3x, https:\/\/i0.wp.com\/kohenavocats.com\/wp-content\/uploads\/2024\/08\/judith-ekedi-jangwa-fyfmXbDaR14-unsplash.webp?resize=1400%2C800&ssl=1 4x"},"classes":[]},{"id":229016,"url":"https:\/\/kohenavocats.com\/en\/cour-dappel-administrative-de-bordeaux-le-16-avril-2025-n24bx02580\/","url_meta":{"origin":648391,"position":1},"title":"Cour d&#8217;appel administrative de Bordeaux, le 16 avril 2025, n\u00b024BX02580","author":"Kohen","date":"27 December 2025","format":false,"excerpt":"La cour administrative d'appel de Bordeaux, par une d\u00e9cision du 16 avril 2025, a eu \u00e0 conna\u00eetre de la recevabilit\u00e9 des conclusions d'un agent hospitalier. Un agent a fait l'objet de deux d\u00e9cisions le 3 ao\u00fbt 2022 portant exclusion temporaire de fonctions et retrait de responsabilit\u00e9s techniques. Il invoquait une\u2026","rel":"","context":"In &quot;Cour administrative d'appel&quot;","block_context":{"text":"Cour administrative d'appel","link":"https:\/\/kohenavocats.com\/category\/cour-administrative-dappel\/"},"img":{"alt_text":"","src":"https:\/\/i0.wp.com\/kohenavocats.com\/wp-content\/uploads\/2024\/07\/louis-velazquez-XWW746i6WoM-unsplash.webp?resize=350%2C200&ssl=1","width":350,"height":200,"srcset":"https:\/\/i0.wp.com\/kohenavocats.com\/wp-content\/uploads\/2024\/07\/louis-velazquez-XWW746i6WoM-unsplash.webp?resize=350%2C200&ssl=1 1x, https:\/\/i0.wp.com\/kohenavocats.com\/wp-content\/uploads\/2024\/07\/louis-velazquez-XWW746i6WoM-unsplash.webp?resize=525%2C300&ssl=1 1.5x, https:\/\/i0.wp.com\/kohenavocats.com\/wp-content\/uploads\/2024\/07\/louis-velazquez-XWW746i6WoM-unsplash.webp?resize=700%2C400&ssl=1 2x, https:\/\/i0.wp.com\/kohenavocats.com\/wp-content\/uploads\/2024\/07\/louis-velazquez-XWW746i6WoM-unsplash.webp?resize=1050%2C600&ssl=1 3x, https:\/\/i0.wp.com\/kohenavocats.com\/wp-content\/uploads\/2024\/07\/louis-velazquez-XWW746i6WoM-unsplash.webp?resize=1400%2C800&ssl=1 4x"},"classes":[]},{"id":205811,"url":"https:\/\/kohenavocats.com\/en\/cour-dappel-administrative-de-paris-le-12-fevrier-2025-n24pa02575\/","url_meta":{"origin":648391,"position":2},"title":"Cour d&#8217;appel administrative de Paris, le 12 f\u00e9vrier 2025, n\u00b024PA02575","author":"Kohen","date":"22 December 2025","format":false,"excerpt":"Par un arr\u00eat en date du 12 f\u00e9vrier 2025, la Cour administrative d\u2019appel a \u00e9t\u00e9 amen\u00e9e \u00e0 se prononcer sur la l\u00e9galit\u00e9 d\u2019une d\u00e9cision pr\u00e9fectorale invitant une ressortissante \u00e9trang\u00e8re \u00e0 solliciter un nouveau visa de long s\u00e9jour pour obtenir le renouvellement de son titre de s\u00e9jour. En l\u2019esp\u00e8ce, une ressortissante\u2026","rel":"","context":"In &quot;Cour administrative d'appel&quot;","block_context":{"text":"Cour administrative d'appel","link":"https:\/\/kohenavocats.com\/category\/cour-administrative-dappel\/"},"img":{"alt_text":"","src":"https:\/\/i0.wp.com\/kohenavocats.com\/wp-content\/uploads\/2024\/11\/ave-calvar-34SzSSXv2Qk-unsplash.webp?resize=350%2C200&ssl=1","width":350,"height":200,"srcset":"https:\/\/i0.wp.com\/kohenavocats.com\/wp-content\/uploads\/2024\/11\/ave-calvar-34SzSSXv2Qk-unsplash.webp?resize=350%2C200&ssl=1 1x, https:\/\/i0.wp.com\/kohenavocats.com\/wp-content\/uploads\/2024\/11\/ave-calvar-34SzSSXv2Qk-unsplash.webp?resize=525%2C300&ssl=1 1.5x, https:\/\/i0.wp.com\/kohenavocats.com\/wp-content\/uploads\/2024\/11\/ave-calvar-34SzSSXv2Qk-unsplash.webp?resize=700%2C400&ssl=1 2x, https:\/\/i0.wp.com\/kohenavocats.com\/wp-content\/uploads\/2024\/11\/ave-calvar-34SzSSXv2Qk-unsplash.webp?resize=1050%2C600&ssl=1 3x, https:\/\/i0.wp.com\/kohenavocats.com\/wp-content\/uploads\/2024\/11\/ave-calvar-34SzSSXv2Qk-unsplash.webp?resize=1400%2C800&ssl=1 4x"},"classes":[]},{"id":205641,"url":"https:\/\/kohenavocats.com\/en\/cour-dappel-administrative-de-lyon-le-17-avril-2025-n24ly00489\/","url_meta":{"origin":648391,"position":3},"title":"Cour d&#8217;appel administrative de Lyon, le 17 avril 2025, n\u00b024LY00489","author":"Kohen","date":"22 December 2025","format":false,"excerpt":"Par un arr\u00eat en date du 17 avril 2025, la Cour administrative d\u2019appel de Lyon a pr\u00e9cis\u00e9 l\u2019\u00e9tendue du contr\u00f4le du juge administratif sur les d\u00e9cisions prises par ordonnance, tout en rappelant les r\u00e8gles probatoires applicables en mati\u00e8re de respect des d\u00e9lais r\u00e9glementaires. En l\u2019esp\u00e8ce, un particulier avait sollicit\u00e9 le\u2026","rel":"","context":"In &quot;Cour administrative d'appel&quot;","block_context":{"text":"Cour administrative d'appel","link":"https:\/\/kohenavocats.com\/category\/cour-administrative-dappel\/"},"img":{"alt_text":"","src":"https:\/\/i0.wp.com\/kohenavocats.com\/wp-content\/uploads\/2024\/08\/luis-cortes-m92ge4NGDIM-unsplash.webp?resize=350%2C200&ssl=1","width":350,"height":200,"srcset":"https:\/\/i0.wp.com\/kohenavocats.com\/wp-content\/uploads\/2024\/08\/luis-cortes-m92ge4NGDIM-unsplash.webp?resize=350%2C200&ssl=1 1x, https:\/\/i0.wp.com\/kohenavocats.com\/wp-content\/uploads\/2024\/08\/luis-cortes-m92ge4NGDIM-unsplash.webp?resize=525%2C300&ssl=1 1.5x, https:\/\/i0.wp.com\/kohenavocats.com\/wp-content\/uploads\/2024\/08\/luis-cortes-m92ge4NGDIM-unsplash.webp?resize=700%2C400&ssl=1 2x, https:\/\/i0.wp.com\/kohenavocats.com\/wp-content\/uploads\/2024\/08\/luis-cortes-m92ge4NGDIM-unsplash.webp?resize=1050%2C600&ssl=1 3x, https:\/\/i0.wp.com\/kohenavocats.com\/wp-content\/uploads\/2024\/08\/luis-cortes-m92ge4NGDIM-unsplash.webp?resize=1400%2C800&ssl=1 4x"},"classes":[]},{"id":205978,"url":"https:\/\/kohenavocats.com\/en\/cour-dappel-administrative-de-paris-le-17-juillet-2025-n23pa04521\/","url_meta":{"origin":648391,"position":4},"title":"Cour d&#8217;appel administrative de Paris, le 17 juillet 2025, n\u00b023PA04521","author":"Kohen","date":"22 December 2025","format":false,"excerpt":"Par un arr\u00eat en date du 17 juillet 2025, la cour administrative d\u2019appel de Paris a \u00e9t\u00e9 amen\u00e9e \u00e0 se prononcer sur la r\u00e9gularit\u00e9 et le bien-fond\u00e9 de redressements fiscaux op\u00e9r\u00e9s sur plusieurs ann\u00e9es. En l\u2019esp\u00e8ce, un contribuable a fait l\u2019objet d\u2019un contr\u00f4le sur pi\u00e8ces puis d\u2019un examen de sa\u2026","rel":"","context":"In &quot;Cour administrative d'appel&quot;","block_context":{"text":"Cour administrative d'appel","link":"https:\/\/kohenavocats.com\/category\/cour-administrative-dappel\/"},"img":{"alt_text":"","src":"https:\/\/i0.wp.com\/kohenavocats.com\/wp-content\/uploads\/2024\/08\/pascal-bernardon-UDzwFLM50Ac-unsplash.webp?resize=350%2C200&ssl=1","width":350,"height":200,"srcset":"https:\/\/i0.wp.com\/kohenavocats.com\/wp-content\/uploads\/2024\/08\/pascal-bernardon-UDzwFLM50Ac-unsplash.webp?resize=350%2C200&ssl=1 1x, https:\/\/i0.wp.com\/kohenavocats.com\/wp-content\/uploads\/2024\/08\/pascal-bernardon-UDzwFLM50Ac-unsplash.webp?resize=525%2C300&ssl=1 1.5x, https:\/\/i0.wp.com\/kohenavocats.com\/wp-content\/uploads\/2024\/08\/pascal-bernardon-UDzwFLM50Ac-unsplash.webp?resize=700%2C400&ssl=1 2x, https:\/\/i0.wp.com\/kohenavocats.com\/wp-content\/uploads\/2024\/08\/pascal-bernardon-UDzwFLM50Ac-unsplash.webp?resize=1050%2C600&ssl=1 3x, https:\/\/i0.wp.com\/kohenavocats.com\/wp-content\/uploads\/2024\/08\/pascal-bernardon-UDzwFLM50Ac-unsplash.webp?resize=1400%2C800&ssl=1 4x"},"classes":[]},{"id":206129,"url":"https:\/\/kohenavocats.com\/en\/cour-dappel-administrative-de-versailles-le-7-fevrier-2025-n23ve02385\/","url_meta":{"origin":648391,"position":5},"title":"Cour d&#8217;appel administrative de Versailles, le 7 f\u00e9vrier 2025, n\u00b023VE02385","author":"Kohen","date":"22 December 2025","format":false,"excerpt":"Par un arr\u00eat en date du 7 f\u00e9vrier 2025, la Cour administrative d'appel de Versailles s'est prononc\u00e9e sur le refus de renouvellement d'un titre de s\u00e9jour oppos\u00e9 \u00e0 un ressortissant \u00e9tranger, p\u00e8re de plusieurs enfants fran\u00e7ais. En l'esp\u00e8ce, un individu de nationalit\u00e9 malienne, titulaire d'un titre de s\u00e9jour en qualit\u00e9\u2026","rel":"","context":"In &quot;Cour administrative d'appel&quot;","block_context":{"text":"Cour administrative d'appel","link":"https:\/\/kohenavocats.com\/category\/cour-administrative-dappel\/"},"img":{"alt_text":"","src":"https:\/\/i0.wp.com\/kohenavocats.com\/wp-content\/uploads\/2024\/11\/laura-adai-cc4Z4TqvPOg-unsplash.webp?resize=350%2C200&ssl=1","width":350,"height":200,"srcset":"https:\/\/i0.wp.com\/kohenavocats.com\/wp-content\/uploads\/2024\/11\/laura-adai-cc4Z4TqvPOg-unsplash.webp?resize=350%2C200&ssl=1 1x, https:\/\/i0.wp.com\/kohenavocats.com\/wp-content\/uploads\/2024\/11\/laura-adai-cc4Z4TqvPOg-unsplash.webp?resize=525%2C300&ssl=1 1.5x, https:\/\/i0.wp.com\/kohenavocats.com\/wp-content\/uploads\/2024\/11\/laura-adai-cc4Z4TqvPOg-unsplash.webp?resize=700%2C400&ssl=1 2x, https:\/\/i0.wp.com\/kohenavocats.com\/wp-content\/uploads\/2024\/11\/laura-adai-cc4Z4TqvPOg-unsplash.webp?resize=1050%2C600&ssl=1 3x, https:\/\/i0.wp.com\/kohenavocats.com\/wp-content\/uploads\/2024\/11\/laura-adai-cc4Z4TqvPOg-unsplash.webp?resize=1400%2C800&ssl=1 4x"},"classes":[]}],"jetpack_sharing_enabled":true,"_links":{"self":[{"href":"https:\/\/kohenavocats.com\/en\/wp-json\/wp\/v2\/posts\/648391","targetHints":{"allow":["GET"]}}],"collection":[{"href":"https:\/\/kohenavocats.com\/en\/wp-json\/wp\/v2\/posts"}],"about":[{"href":"https:\/\/kohenavocats.com\/en\/wp-json\/wp\/v2\/types\/post"}],"author":[{"embeddable":true,"href":"https:\/\/kohenavocats.com\/en\/wp-json\/wp\/v2\/users\/232070755"}],"replies":[{"embeddable":true,"href":"https:\/\/kohenavocats.com\/en\/wp-json\/wp\/v2\/comments?post=648391"}],"version-history":[{"count":0,"href":"https:\/\/kohenavocats.com\/en\/wp-json\/wp\/v2\/posts\/648391\/revisions"}],"wp:featuredmedia":[{"embeddable":true,"href":"https:\/\/kohenavocats.com\/en\/wp-json\/wp\/v2\/media\/4923"}],"wp:attachment":[{"href":"https:\/\/kohenavocats.com\/en\/wp-json\/wp\/v2\/media?parent=648391"}],"wp:term":[{"taxonomy":"category","embeddable":true,"href":"https:\/\/kohenavocats.com\/en\/wp-json\/wp\/v2\/categories?post=648391"},{"taxonomy":"post_tag","embeddable":true,"href":"https:\/\/kohenavocats.com\/en\/wp-json\/wp\/v2\/tags?post=648391"}],"curies":[{"name":"wp","href":"https:\/\/api.w.org\/{rel}","templated":true}]}}