{"id":648893,"date":"2026-04-22T14:56:42","date_gmt":"2026-04-22T12:56:42","guid":{"rendered":"https:\/\/kohenavocats.com\/tribunal-judiciaire-de-dax-le-5-septembre-2025-n23-01040\/"},"modified":"2026-04-22T14:56:42","modified_gmt":"2026-04-22T12:56:42","slug":"tribunal-judiciaire-de-dax-le-5-septembre-2025-n23-01040","status":"publish","type":"post","link":"https:\/\/kohenavocats.com\/en\/tribunal-judiciaire-de-dax-le-5-septembre-2025-n23-01040\/","title":{"rendered":"Tribunal judiciaire de Dax, le 5 septembre 2025, n\u00b023\/01040"},"content":{"rendered":"<div class=\"article-content\">\n<p>Le tribunal judiciaire de Dax, statuant comme juge de la mise en \u00e9tat, a rendu une ordonnance le 5 septembre 2025. Cette d\u00e9cision intervient dans un litige complexe n\u00e9 d\u2019un d\u00e9raillement ferroviaire survenu le 22 mars 2019. Le juge a d\u00fb se prononcer sur plusieurs demandes incidentes avant l\u2019examen au fond. Il a rejet\u00e9 une demande de sursis \u00e0 statuer et une demande de provision. L\u2019affaire est renvoy\u00e9e pour examiner une demande de jonction avec une autre proc\u00e9dure. La solution retenue privil\u00e9gie la c\u00e9l\u00e9rit\u00e9 de la justice tout en exigeant un examen s\u00e9rieux des contestations.<\/p>\n<p>Le rejet du sursis \u00e0 statuer au nom de la bonne administration de la justice<\/p>\n<p>Le juge \u00e9carte l\u2019exception proc\u00e9durale fond\u00e9e sur un lien de d\u00e9pendance. Une partie sollicitait un sursis en invoquant la pendance d\u2019un appel. Cet appel concernait un premier jugement sur la responsabilit\u00e9 relative au m\u00eame accident. Le juge reconna\u00eet l\u2019influence potentielle de l\u2019issue de cette proc\u00e9dure connexe. &#8220;L\u2019issue de la proc\u00e9dure pendante devant la Cour d\u2019appel de Paris, portant sur la responsabilit\u00e9 de la SAS FRET SNCF \u00e0 l\u2019\u00e9gard de la VTG RAIL EUROPE GMBH et de la VTG SCHWEIZ GMBH, est de nature \u00e0 avoir une influence sur le pr\u00e9sent litige&#8221; (Motifs). Toutefois, il exerce son pouvoir discr\u00e9tionnaire pour refuser le sursis. Il motive son refus par la n\u00e9cessit\u00e9 de ne pas retarder excessivement la proc\u00e9dure. &#8220;Un sursis \u00e0 statuer ralentirait de mani\u00e8re excessive l\u2019avanc\u00e9e de la proc\u00e9dure au pr\u00e9judice des autres parties&#8221; (Motifs). Ce refus illustre la recherche d\u2019un \u00e9quilibre entre les int\u00e9r\u00eats en pr\u00e9sence. La c\u00e9l\u00e9rit\u00e9 de la justice pr\u00e9vaut lorsque le lien de d\u00e9pendance n\u2019est pas absolu. Le juge \u00e9vite ainsi de paralyser une instance d\u00e9j\u00e0 engag\u00e9e par la demanderesse elle-m\u00eame.<\/p>\n<p>Le rejet de la provision fond\u00e9 sur l\u2019existence de contestations s\u00e9rieuses<\/p>\n<p>Le juge applique strictement les conditions l\u00e9gales de l\u2019article 789 du code de proc\u00e9dure civile. Une partie demandait une provision en invoquant la responsabilit\u00e9 de l\u2019entreprise ferroviaire. Le r\u00e9gime du Contrat uniforme d\u2019utilisation \u00e9tablit une pr\u00e9somption de responsabilit\u00e9. &#8220;La SAS HEXAFRET, venant aux droits de la SAS FRET SNCF, est pr\u00e9sum\u00e9e avoir engag\u00e9e sa responsabilit\u00e9 pour le dommage caus\u00e9 par la perte ou l\u2019avarie du wagon ou de ses accessoires de la SA ATIR RAIL, sauf \u00e0 ce qu\u2019elle rapporte la preuve contraire&#8221; (Motifs). Le juge constate que le demandeur \u00e0 la provision est le d\u00e9tenteur du wagon endommag\u00e9. L\u2019existence de l\u2019obligation de r\u00e9parer n\u2019est cependant pas jug\u00e9e s\u00e9rieusement incontestable. Le rapport d\u2019expertise invoqu\u00e9 \u00e9voque des causes externes potentielles. Il mentionne &#8220;des circonstances que l\u2019entreprise ferroviaire n\u2019\u00e9tait pas en mesure d\u2019\u00e9viter&#8221; ou une &#8220;faute d\u2019un tiers&#8221; (Motifs). Ces \u00e9l\u00e9ments suffisent \u00e0 caract\u00e9riser une contestation s\u00e9rieuse de la responsabilit\u00e9. La d\u00e9cision rappelle ainsi que la provision n\u2019est pas due lorsque le bien-fond\u00e9 de la cr\u00e9ance est d\u00e9battu. Elle prot\u00e8ge le d\u00e9biteur contre une condamnation anticip\u00e9e en pr\u00e9sence d\u2019un d\u00e9bat substantiel.<\/p>\n<p>La port\u00e9e de l\u2019ordonnance renforce l\u2019office du juge de la mise en \u00e9tat<\/p>\n<p>Cette d\u00e9cision affirme l\u2019autorit\u00e9 du juge de la mise en \u00e9tat dans la conduite du proc\u00e8s. Elle confirme sa comp\u00e9tence exclusive pour statuer sur les incidents avant dessaisissement. Le rejet du sursis d\u00e9montre un contr\u00f4le strict de l\u2019usage des exceptions dilatoires. Le juge sanctionne une man\u0153uvre qui aurait d\u00e9s\u00e9quilibr\u00e9 les d\u00e9lais de jugement au d\u00e9triment de certaines parties. Cette approche rejoint l\u2019esprit d\u2019une jurisprudence ant\u00e9rieure. Un tribunal a jug\u00e9 qu\u2019une jonction \u00e9tait de l\u2019int\u00e9r\u00eat d\u2019une bonne justice lorsque les dossiers &#8220;ne sont pas dans un \u00e9tat d\u2019avancement tel qu\u2019une jonction aurait pour effet de retarder de mani\u00e8re significative l\u2019une ou l\u2019autre des proc\u00e9dures&#8221; (Tribunal judiciaire de Nanterre, le 13 f\u00e9vrier 2025, n\u00b021\/08719). Ici, le sursis \u00e9tait au contraire susceptible de cr\u00e9er un retard significatif. La d\u00e9cision garantit une instruction loyale et \u00e9quilibr\u00e9e pour toutes les parties impliqu\u00e9es dans ce litige multipolaire.<\/p>\n<p>La valeur de la d\u00e9cision r\u00e9side dans l\u2019interpr\u00e9tation restrictive des pr\u00e9somptions contractuelles<\/p>\n<p>L\u2019analyse de la demande de provision offre une lecture prudente des clauses exon\u00e9ratoires. Le juge ne se contente pas de la pr\u00e9somption de responsabilit\u00e9 \u00e9dict\u00e9e par le contrat uniforme. Il examine concr\u00e8tement les moyens de preuve apport\u00e9s pour la combattre. L\u2019expertise invoqu\u00e9e d\u00e9signe des facteurs ext\u00e9rieurs \u00e0 l\u2019exploitant ferroviaire. Elle cite &#8220;la v\u00e9tust\u00e9 du travelage et de l\u2019armement&#8221; et un &#8220;d\u00e9faut de r\u00e9g\u00e9n\u00e9ration par son propri\u00e9taire&#8221; (Motifs). Ces \u00e9l\u00e9ments permettent d\u2019envisager s\u00e9rieusement l\u2019application des exon\u00e9rations pr\u00e9vues au contrat. La d\u00e9cision rappelle ainsi que les pr\u00e9somptions l\u00e9gales ou conventionnelles ne sont pas irr\u00e9fragables. Elles c\u00e8dent devant le d\u00e9but de preuve d\u2019un fait exon\u00e9ratoire. Cette solution s\u00e9curise le d\u00e9bat au fond sur l\u2019imputation des responsabilit\u00e9s dans un accident complexe. Elle \u00e9vite un prononc\u00e9 anticip\u00e9 qui pr\u00e9jugerait du m\u00e9rite de l\u2019affaire.<\/p>\n<\/div>\n","protected":false},"excerpt":{"rendered":"<p>Le tribunal judiciaire de Dax, statuant comme juge de la mise en \u00e9tat, a rendu une ordonnance le 5 septembre 2025. Cette d\u00e9cision intervient dans un litige c&#8230;<\/p>\n","protected":false},"author":232070755,"featured_media":9692,"comment_status":"open","ping_status":"open","sticky":false,"template":"","format":"standard","meta":{"_crdt_document":"","_jetpack_newsletter_access":"","_jetpack_dont_email_post_to_subs":false,"_jetpack_newsletter_tier_id":0,"_jetpack_memberships_contains_paywalled_content":false,"_kj_source_type":"judilibre","_kj_official_id":"68e94d753ea43407b9102661","_kj_official_url":"https:\/\/www.courdecassation.fr\/decision\/68e94d753ea43407b9102661","_kj_judilibre_id":"68e94d753ea43407b9102661","_kj_jur":"Tribunal judiciaire","_kj_lieu":"Tribunal judiciaire de Dax","_kj_chambre":"1\u00e8re CHAMBRE","_kj_rg":"23\/01040","_kj_date":"2025-10-03","_jetpack_memberships_contains_paid_content":false,"footnotes":"","jetpack_post_was_ever_published":false},"categories":[7597],"tags":[],"class_list":["post-648893","post","type-post","status-publish","format-standard","has-post-thumbnail","hentry","category-jurisprudence"],"yoast_head":"<!-- This site is optimized with the Yoast SEO Premium plugin v27.5 (Yoast SEO v27.5) - https:\/\/yoast.com\/product\/yoast-seo-premium-wordpress\/ -->\n<title>Tribunal judiciaire de Dax, le 5 septembre 2025, n\u00b023\/01040 - Ma\u00eetre Hassan Kohen, avocat en droit p\u00e9nal \u00e0 Paris<\/title>\n<meta name=\"description\" content=\"Le tribunal judiciaire de Dax, statuant comme juge de la mise en \u00e9tat, a rendu une ordonnance le 5 septembre 2025. Cette d\u00e9cision intervient dans un litige c...\" \/>\n<meta name=\"robots\" content=\"index, follow, max-snippet:-1, max-image-preview:large, max-video-preview:-1\" \/>\n<link rel=\"canonical\" href=\"https:\/\/kohenavocats.com\/en\/tribunal-judiciaire-de-dax-le-5-septembre-2025-n23-01040\/\" \/>\n<meta property=\"og:locale\" content=\"en_US\" \/>\n<meta property=\"og:type\" content=\"article\" \/>\n<meta property=\"og:title\" content=\"Tribunal judiciaire de Dax, le 5 septembre 2025, n\u00b023\/01040\" \/>\n<meta property=\"og:description\" content=\"Le tribunal judiciaire de Dax, statuant comme juge de la mise en \u00e9tat, a rendu une ordonnance le 5 septembre 2025. Cette d\u00e9cision intervient dans un litige c...\" \/>\n<meta property=\"og:url\" content=\"https:\/\/kohenavocats.com\/en\/tribunal-judiciaire-de-dax-le-5-septembre-2025-n23-01040\/\" \/>\n<meta property=\"og:site_name\" content=\"Ma\u00eetre Hassan Kohen, avocat en droit p\u00e9nal \u00e0 Paris\" \/>\n<meta property=\"article:published_time\" content=\"2026-04-22T12:56:42+00:00\" \/>\n<meta property=\"og:image\" content=\"https:\/\/kohenavocats.com\/wp-content\/uploads\/2024\/11\/ph-m-nh-t-QLIDNQGghjM-unsplash.webp\" \/>\n\t<meta property=\"og:image:width\" content=\"2400\" \/>\n\t<meta property=\"og:image:height\" content=\"3000\" \/>\n\t<meta property=\"og:image:type\" content=\"image\/webp\" \/>\n<meta name=\"author\" content=\"Kohen\" \/>\n<meta name=\"twitter:card\" content=\"summary_large_image\" \/>\n<meta name=\"twitter:label1\" content=\"Written by\" \/>\n\t<meta name=\"twitter:data1\" content=\"Kohen\" \/>\n\t<meta name=\"twitter:label2\" content=\"Est. reading time\" \/>\n\t<meta name=\"twitter:data2\" content=\"5 minutes\" \/>\n<script type=\"application\/ld+json\" class=\"yoast-schema-graph\">{\"@context\":\"https:\\\/\\\/schema.org\",\"@graph\":[{\"@type\":\"Article\",\"@id\":\"https:\\\/\\\/kohenavocats.com\\\/en\\\/tribunal-judiciaire-de-dax-le-5-septembre-2025-n23-01040\\\/#article\",\"isPartOf\":{\"@id\":\"https:\\\/\\\/kohenavocats.com\\\/en\\\/tribunal-judiciaire-de-dax-le-5-septembre-2025-n23-01040\\\/\"},\"author\":{\"name\":\"Kohen\",\"@id\":\"https:\\\/\\\/kohenavocats.com\\\/en\\\/#\\\/schema\\\/person\\\/761c9ba54fa1ca84d405cef0831ff751\"},\"headline\":\"Tribunal judiciaire de Dax, le 5 septembre 2025, n\u00b023\\\/01040\",\"datePublished\":\"2026-04-22T12:56:42+00:00\",\"mainEntityOfPage\":{\"@id\":\"https:\\\/\\\/kohenavocats.com\\\/en\\\/tribunal-judiciaire-de-dax-le-5-septembre-2025-n23-01040\\\/\"},\"wordCount\":922,\"commentCount\":0,\"publisher\":{\"@id\":\"https:\\\/\\\/kohenavocats.com\\\/en\\\/#organization\"},\"image\":{\"@id\":\"https:\\\/\\\/kohenavocats.com\\\/en\\\/tribunal-judiciaire-de-dax-le-5-septembre-2025-n23-01040\\\/#primaryimage\"},\"thumbnailUrl\":\"https:\\\/\\\/kohenavocats.com\\\/wp-content\\\/uploads\\\/2024\\\/11\\\/ph-m-nh-t-QLIDNQGghjM-unsplash.webp\",\"articleSection\":[\"Jurisprudence\"],\"inLanguage\":\"en-US\",\"potentialAction\":[{\"@type\":\"CommentAction\",\"name\":\"Comment\",\"target\":[\"https:\\\/\\\/kohenavocats.com\\\/en\\\/tribunal-judiciaire-de-dax-le-5-septembre-2025-n23-01040\\\/#respond\"]}],\"citation\":\"Tribunal judiciaire de Dax, le 5 septembre 2025, n\u00b023\\\/01040\",\"about\":[{\"@type\":\"Thing\",\"name\":\"Jurisprudence\"}],\"dateModified\":\"2026-04-22T12:56:42+00:00\",\"speakable\":{\"@type\":\"SpeakableSpecification\",\"cssSelector\":[\".article-content > p:first-of-type\"]}},{\"@type\":\"WebPage\",\"@id\":\"https:\\\/\\\/kohenavocats.com\\\/en\\\/tribunal-judiciaire-de-dax-le-5-septembre-2025-n23-01040\\\/\",\"url\":\"https:\\\/\\\/kohenavocats.com\\\/en\\\/tribunal-judiciaire-de-dax-le-5-septembre-2025-n23-01040\\\/\",\"name\":\"Tribunal judiciaire de Dax, le 5 septembre 2025, n\u00b023\\\/01040 - Ma\u00eetre Hassan Kohen, avocat en droit p\u00e9nal \u00e0 Paris\",\"isPartOf\":{\"@id\":\"https:\\\/\\\/kohenavocats.com\\\/en\\\/#website\"},\"primaryImageOfPage\":{\"@id\":\"https:\\\/\\\/kohenavocats.com\\\/en\\\/tribunal-judiciaire-de-dax-le-5-septembre-2025-n23-01040\\\/#primaryimage\"},\"image\":{\"@id\":\"https:\\\/\\\/kohenavocats.com\\\/en\\\/tribunal-judiciaire-de-dax-le-5-septembre-2025-n23-01040\\\/#primaryimage\"},\"thumbnailUrl\":\"https:\\\/\\\/kohenavocats.com\\\/wp-content\\\/uploads\\\/2024\\\/11\\\/ph-m-nh-t-QLIDNQGghjM-unsplash.webp\",\"datePublished\":\"2026-04-22T12:56:42+00:00\",\"description\":\"Le tribunal judiciaire de Dax, statuant comme juge de la mise en \u00e9tat, a rendu une ordonnance le 5 septembre 2025. Cette d\u00e9cision intervient dans un litige c...\",\"breadcrumb\":{\"@id\":\"https:\\\/\\\/kohenavocats.com\\\/en\\\/tribunal-judiciaire-de-dax-le-5-septembre-2025-n23-01040\\\/#breadcrumb\"},\"inLanguage\":\"en-US\",\"potentialAction\":[{\"@type\":\"ReadAction\",\"target\":[\"https:\\\/\\\/kohenavocats.com\\\/en\\\/tribunal-judiciaire-de-dax-le-5-septembre-2025-n23-01040\\\/\"]}]},{\"@type\":\"ImageObject\",\"inLanguage\":\"en-US\",\"@id\":\"https:\\\/\\\/kohenavocats.com\\\/en\\\/tribunal-judiciaire-de-dax-le-5-septembre-2025-n23-01040\\\/#primaryimage\",\"url\":\"https:\\\/\\\/kohenavocats.com\\\/wp-content\\\/uploads\\\/2024\\\/11\\\/ph-m-nh-t-QLIDNQGghjM-unsplash.webp\",\"contentUrl\":\"https:\\\/\\\/kohenavocats.com\\\/wp-content\\\/uploads\\\/2024\\\/11\\\/ph-m-nh-t-QLIDNQGghjM-unsplash.webp\",\"width\":2400,\"height\":3000},{\"@type\":\"BreadcrumbList\",\"@id\":\"https:\\\/\\\/kohenavocats.com\\\/en\\\/tribunal-judiciaire-de-dax-le-5-septembre-2025-n23-01040\\\/#breadcrumb\",\"itemListElement\":[{\"@type\":\"ListItem\",\"position\":1,\"name\":\"Home\",\"item\":\"https:\\\/\\\/kohenavocats.com\\\/en\\\/criminal-law-attorneys-in-paris-counsel-and-strategic-defense\\\/\"},{\"@type\":\"ListItem\",\"position\":2,\"name\":\"Tribunal judiciaire de Dax, le 5 septembre 2025, n\u00b023\\\/01040\"}]},{\"@type\":\"WebSite\",\"@id\":\"https:\\\/\\\/kohenavocats.com\\\/en\\\/#website\",\"url\":\"https:\\\/\\\/kohenavocats.com\\\/en\\\/\",\"name\":\"Kohen Avocats\",\"description\":\"Ma\u00eetre Hassan Kohen, avocat p\u00e9naliste \u00e0 Paris, intervient exclusivement en droit p\u00e9nal pour la d\u00e9fense des particuliers, notamment en mati\u00e8re d\u2019accusations de viol. Il assure un accompagnement rigoureux d\u00e8s la garde \u00e0 vue jusqu\u2019\u00e0 la Cour d\u2019assises, veillant au strict respect des garanties proc\u00e9durales.\",\"publisher\":{\"@id\":\"https:\\\/\\\/kohenavocats.com\\\/en\\\/#organization\"},\"potentialAction\":[{\"@type\":\"SearchAction\",\"target\":{\"@type\":\"EntryPoint\",\"urlTemplate\":\"https:\\\/\\\/kohenavocats.com\\\/en\\\/?s={search_term_string}\"},\"query-input\":{\"@type\":\"PropertyValueSpecification\",\"valueRequired\":true,\"valueName\":\"search_term_string\"}}],\"inLanguage\":\"en-US\"},{\"@type\":\"Organization\",\"@id\":\"https:\\\/\\\/kohenavocats.com\\\/en\\\/#organization\",\"name\":\"Kohen Avocats\",\"url\":\"https:\\\/\\\/kohenavocats.com\\\/en\\\/\",\"logo\":{\"@type\":\"ImageObject\",\"inLanguage\":\"en-US\",\"@id\":\"https:\\\/\\\/kohenavocats.com\\\/en\\\/#\\\/schema\\\/logo\\\/image\\\/\",\"url\":\"https:\\\/\\\/kohenavocats.com\\\/wp-content\\\/uploads\\\/2026\\\/01\\\/Logo-2-1.webp\",\"contentUrl\":\"https:\\\/\\\/kohenavocats.com\\\/wp-content\\\/uploads\\\/2026\\\/01\\\/Logo-2-1.webp\",\"width\":2114,\"height\":1253,\"caption\":\"Kohen Avocats\"},\"image\":{\"@id\":\"https:\\\/\\\/kohenavocats.com\\\/en\\\/#\\\/schema\\\/logo\\\/image\\\/\"}},{\"@type\":\"Person\",\"@id\":\"https:\\\/\\\/kohenavocats.com\\\/en\\\/#\\\/schema\\\/person\\\/761c9ba54fa1ca84d405cef0831ff751\",\"name\":\"Kohen\",\"image\":{\"@type\":\"ImageObject\",\"inLanguage\":\"en-US\",\"@id\":\"https:\\\/\\\/secure.gravatar.com\\\/avatar\\\/1c5e76ef76bbbfdd2b4da984e2bf2fa4056fd51a27d25ce2c332047f1dfd6e00?s=96&d=identicon&r=g\",\"url\":\"https:\\\/\\\/secure.gravatar.com\\\/avatar\\\/1c5e76ef76bbbfdd2b4da984e2bf2fa4056fd51a27d25ce2c332047f1dfd6e00?s=96&d=identicon&r=g\",\"contentUrl\":\"https:\\\/\\\/secure.gravatar.com\\\/avatar\\\/1c5e76ef76bbbfdd2b4da984e2bf2fa4056fd51a27d25ce2c332047f1dfd6e00?s=96&d=identicon&r=g\",\"caption\":\"Kohen\"},\"sameAs\":[\"https:\\\/\\\/www.linkedin.com\\\/in\\\/hassan-kohen-448548192\\\/\",\"https:\\\/\\\/www.youtube.com\\\/@Kohen-Avocats\"],\"url\":\"https:\\\/\\\/kohenavocats.com\\\/en\\\/author\\\/kohenmlk\\\/\"}]}<\/script>\n<!-- \/ Yoast SEO Premium plugin. -->","yoast_head_json":{"title":"Tribunal judiciaire de Dax, le 5 septembre 2025, n\u00b023\/01040 - Ma\u00eetre Hassan Kohen, avocat en droit p\u00e9nal \u00e0 Paris","description":"Le tribunal judiciaire de Dax, statuant comme juge de la mise en \u00e9tat, a rendu une ordonnance le 5 septembre 2025. Cette d\u00e9cision intervient dans un litige c...","robots":{"index":"index","follow":"follow","max-snippet":"max-snippet:-1","max-image-preview":"max-image-preview:large","max-video-preview":"max-video-preview:-1"},"canonical":"https:\/\/kohenavocats.com\/en\/tribunal-judiciaire-de-dax-le-5-septembre-2025-n23-01040\/","og_locale":"en_US","og_type":"article","og_title":"Tribunal judiciaire de Dax, le 5 septembre 2025, n\u00b023\/01040","og_description":"Le tribunal judiciaire de Dax, statuant comme juge de la mise en \u00e9tat, a rendu une ordonnance le 5 septembre 2025. Cette d\u00e9cision intervient dans un litige c...","og_url":"https:\/\/kohenavocats.com\/en\/tribunal-judiciaire-de-dax-le-5-septembre-2025-n23-01040\/","og_site_name":"Ma\u00eetre Hassan Kohen, avocat en droit p\u00e9nal \u00e0 Paris","article_published_time":"2026-04-22T12:56:42+00:00","og_image":[{"width":2400,"height":3000,"url":"https:\/\/kohenavocats.com\/wp-content\/uploads\/2024\/11\/ph-m-nh-t-QLIDNQGghjM-unsplash.webp","type":"image\/webp"}],"author":"Kohen","twitter_card":"summary_large_image","twitter_misc":{"Written by":"Kohen","Est. reading time":"5 minutes"},"schema":{"@context":"https:\/\/schema.org","@graph":[{"@type":"Article","@id":"https:\/\/kohenavocats.com\/en\/tribunal-judiciaire-de-dax-le-5-septembre-2025-n23-01040\/#article","isPartOf":{"@id":"https:\/\/kohenavocats.com\/en\/tribunal-judiciaire-de-dax-le-5-septembre-2025-n23-01040\/"},"author":{"name":"Kohen","@id":"https:\/\/kohenavocats.com\/en\/#\/schema\/person\/761c9ba54fa1ca84d405cef0831ff751"},"headline":"Tribunal judiciaire de Dax, le 5 septembre 2025, n\u00b023\/01040","datePublished":"2026-04-22T12:56:42+00:00","mainEntityOfPage":{"@id":"https:\/\/kohenavocats.com\/en\/tribunal-judiciaire-de-dax-le-5-septembre-2025-n23-01040\/"},"wordCount":922,"commentCount":0,"publisher":{"@id":"https:\/\/kohenavocats.com\/en\/#organization"},"image":{"@id":"https:\/\/kohenavocats.com\/en\/tribunal-judiciaire-de-dax-le-5-septembre-2025-n23-01040\/#primaryimage"},"thumbnailUrl":"https:\/\/kohenavocats.com\/wp-content\/uploads\/2024\/11\/ph-m-nh-t-QLIDNQGghjM-unsplash.webp","articleSection":["Jurisprudence"],"inLanguage":"en-US","potentialAction":[{"@type":"CommentAction","name":"Comment","target":["https:\/\/kohenavocats.com\/en\/tribunal-judiciaire-de-dax-le-5-septembre-2025-n23-01040\/#respond"]}],"citation":"Tribunal judiciaire de Dax, le 5 septembre 2025, n\u00b023\/01040","about":[{"@type":"Thing","name":"Jurisprudence"}],"dateModified":"2026-04-22T12:56:42+00:00","speakable":{"@type":"SpeakableSpecification","cssSelector":[".article-content > p:first-of-type"]}},{"@type":"WebPage","@id":"https:\/\/kohenavocats.com\/en\/tribunal-judiciaire-de-dax-le-5-septembre-2025-n23-01040\/","url":"https:\/\/kohenavocats.com\/en\/tribunal-judiciaire-de-dax-le-5-septembre-2025-n23-01040\/","name":"Tribunal judiciaire de Dax, le 5 septembre 2025, n\u00b023\/01040 - Ma\u00eetre Hassan Kohen, avocat en droit p\u00e9nal \u00e0 Paris","isPartOf":{"@id":"https:\/\/kohenavocats.com\/en\/#website"},"primaryImageOfPage":{"@id":"https:\/\/kohenavocats.com\/en\/tribunal-judiciaire-de-dax-le-5-septembre-2025-n23-01040\/#primaryimage"},"image":{"@id":"https:\/\/kohenavocats.com\/en\/tribunal-judiciaire-de-dax-le-5-septembre-2025-n23-01040\/#primaryimage"},"thumbnailUrl":"https:\/\/kohenavocats.com\/wp-content\/uploads\/2024\/11\/ph-m-nh-t-QLIDNQGghjM-unsplash.webp","datePublished":"2026-04-22T12:56:42+00:00","description":"Le tribunal judiciaire de Dax, statuant comme juge de la mise en \u00e9tat, a rendu une ordonnance le 5 septembre 2025. Cette d\u00e9cision intervient dans un litige c...","breadcrumb":{"@id":"https:\/\/kohenavocats.com\/en\/tribunal-judiciaire-de-dax-le-5-septembre-2025-n23-01040\/#breadcrumb"},"inLanguage":"en-US","potentialAction":[{"@type":"ReadAction","target":["https:\/\/kohenavocats.com\/en\/tribunal-judiciaire-de-dax-le-5-septembre-2025-n23-01040\/"]}]},{"@type":"ImageObject","inLanguage":"en-US","@id":"https:\/\/kohenavocats.com\/en\/tribunal-judiciaire-de-dax-le-5-septembre-2025-n23-01040\/#primaryimage","url":"https:\/\/kohenavocats.com\/wp-content\/uploads\/2024\/11\/ph-m-nh-t-QLIDNQGghjM-unsplash.webp","contentUrl":"https:\/\/kohenavocats.com\/wp-content\/uploads\/2024\/11\/ph-m-nh-t-QLIDNQGghjM-unsplash.webp","width":2400,"height":3000},{"@type":"BreadcrumbList","@id":"https:\/\/kohenavocats.com\/en\/tribunal-judiciaire-de-dax-le-5-septembre-2025-n23-01040\/#breadcrumb","itemListElement":[{"@type":"ListItem","position":1,"name":"Home","item":"https:\/\/kohenavocats.com\/en\/criminal-law-attorneys-in-paris-counsel-and-strategic-defense\/"},{"@type":"ListItem","position":2,"name":"Tribunal judiciaire de Dax, le 5 septembre 2025, n\u00b023\/01040"}]},{"@type":"WebSite","@id":"https:\/\/kohenavocats.com\/en\/#website","url":"https:\/\/kohenavocats.com\/en\/","name":"Kohen Avocats","description":"Ma\u00eetre Hassan Kohen, avocat p\u00e9naliste \u00e0 Paris, intervient exclusivement en droit p\u00e9nal pour la d\u00e9fense des particuliers, notamment en mati\u00e8re d\u2019accusations de viol. Il assure un accompagnement rigoureux d\u00e8s la garde \u00e0 vue jusqu\u2019\u00e0 la Cour d\u2019assises, veillant au strict respect des garanties proc\u00e9durales.","publisher":{"@id":"https:\/\/kohenavocats.com\/en\/#organization"},"potentialAction":[{"@type":"SearchAction","target":{"@type":"EntryPoint","urlTemplate":"https:\/\/kohenavocats.com\/en\/?s={search_term_string}"},"query-input":{"@type":"PropertyValueSpecification","valueRequired":true,"valueName":"search_term_string"}}],"inLanguage":"en-US"},{"@type":"Organization","@id":"https:\/\/kohenavocats.com\/en\/#organization","name":"Kohen Avocats","url":"https:\/\/kohenavocats.com\/en\/","logo":{"@type":"ImageObject","inLanguage":"en-US","@id":"https:\/\/kohenavocats.com\/en\/#\/schema\/logo\/image\/","url":"https:\/\/kohenavocats.com\/wp-content\/uploads\/2026\/01\/Logo-2-1.webp","contentUrl":"https:\/\/kohenavocats.com\/wp-content\/uploads\/2026\/01\/Logo-2-1.webp","width":2114,"height":1253,"caption":"Kohen Avocats"},"image":{"@id":"https:\/\/kohenavocats.com\/en\/#\/schema\/logo\/image\/"}},{"@type":"Person","@id":"https:\/\/kohenavocats.com\/en\/#\/schema\/person\/761c9ba54fa1ca84d405cef0831ff751","name":"Kohen","image":{"@type":"ImageObject","inLanguage":"en-US","@id":"https:\/\/secure.gravatar.com\/avatar\/1c5e76ef76bbbfdd2b4da984e2bf2fa4056fd51a27d25ce2c332047f1dfd6e00?s=96&d=identicon&r=g","url":"https:\/\/secure.gravatar.com\/avatar\/1c5e76ef76bbbfdd2b4da984e2bf2fa4056fd51a27d25ce2c332047f1dfd6e00?s=96&d=identicon&r=g","contentUrl":"https:\/\/secure.gravatar.com\/avatar\/1c5e76ef76bbbfdd2b4da984e2bf2fa4056fd51a27d25ce2c332047f1dfd6e00?s=96&d=identicon&r=g","caption":"Kohen"},"sameAs":["https:\/\/www.linkedin.com\/in\/hassan-kohen-448548192\/","https:\/\/www.youtube.com\/@Kohen-Avocats"],"url":"https:\/\/kohenavocats.com\/en\/author\/kohenmlk\/"}]}},"jetpack_featured_media_url":"https:\/\/kohenavocats.com\/wp-content\/uploads\/2024\/11\/ph-m-nh-t-QLIDNQGghjM-unsplash.webp","jetpack_likes_enabled":false,"jetpack_shortlink":"https:\/\/wp.me\/peCrII-2IO1","jetpack-related-posts":[{"id":492957,"url":"https:\/\/kohenavocats.com\/en\/tribunal-judiciaire-de-dax-le-12-novembre-2025-n25-00796\/","url_meta":{"origin":648893,"position":0},"title":"Tribunal judiciaire de Dax, le 12 novembre 2025, n\u00b025\/00796","author":"Kohen","date":"8 April 2026","format":false,"excerpt":"Le tribunal judiciaire de Dax, statuant selon la proc\u00e9dure acc\u00e9l\u00e9r\u00e9e au fond le 14 octobre 2025, est saisi d'une action en justice. Un syndicat de...","rel":"","context":"In &quot;D\u00e9cisions juridiques&quot;","block_context":{"text":"D\u00e9cisions juridiques","link":"https:\/\/kohenavocats.com\/category\/decisions-juridiques\/"},"img":{"alt_text":"","src":"https:\/\/i0.wp.com\/kohenavocats.com\/wp-content\/uploads\/2024\/11\/viktor-forgacs-5j8nd3QpRbo-unsplash.webp?resize=350%2C200&ssl=1","width":350,"height":200,"srcset":"https:\/\/i0.wp.com\/kohenavocats.com\/wp-content\/uploads\/2024\/11\/viktor-forgacs-5j8nd3QpRbo-unsplash.webp?resize=350%2C200&ssl=1 1x, https:\/\/i0.wp.com\/kohenavocats.com\/wp-content\/uploads\/2024\/11\/viktor-forgacs-5j8nd3QpRbo-unsplash.webp?resize=525%2C300&ssl=1 1.5x, https:\/\/i0.wp.com\/kohenavocats.com\/wp-content\/uploads\/2024\/11\/viktor-forgacs-5j8nd3QpRbo-unsplash.webp?resize=700%2C400&ssl=1 2x, https:\/\/i0.wp.com\/kohenavocats.com\/wp-content\/uploads\/2024\/11\/viktor-forgacs-5j8nd3QpRbo-unsplash.webp?resize=1050%2C600&ssl=1 3x, https:\/\/i0.wp.com\/kohenavocats.com\/wp-content\/uploads\/2024\/11\/viktor-forgacs-5j8nd3QpRbo-unsplash.webp?resize=1400%2C800&ssl=1 4x"},"classes":[]},{"id":497705,"url":"https:\/\/kohenavocats.com\/en\/tribunal-judiciaire-de-dax-le-14-octobre-2025-n25-00796\/","url_meta":{"origin":648893,"position":1},"title":"Tribunal judiciaire de Dax, le 14 octobre 2025, n\u00b025\/00796","author":"Kohen","date":"8 April 2026","format":false,"excerpt":"Le tribunal judiciaire de Dax, statuant selon la proc\u00e9dure acc\u00e9l\u00e9r\u00e9e au fond le 14 octobre 2025, est saisi d'une action en justice. Un syndicat de copropri\u00e9t...","rel":"","context":"In &quot;Jurisprudence&quot;","block_context":{"text":"Jurisprudence","link":"https:\/\/kohenavocats.com\/category\/jurisprudence\/"},"img":{"alt_text":"","src":"https:\/\/i0.wp.com\/kohenavocats.com\/wp-content\/uploads\/2024\/11\/mohamed-nohassi-_amjPlrSrKA-unsplash.webp?resize=350%2C200&ssl=1","width":350,"height":200,"srcset":"https:\/\/i0.wp.com\/kohenavocats.com\/wp-content\/uploads\/2024\/11\/mohamed-nohassi-_amjPlrSrKA-unsplash.webp?resize=350%2C200&ssl=1 1x, https:\/\/i0.wp.com\/kohenavocats.com\/wp-content\/uploads\/2024\/11\/mohamed-nohassi-_amjPlrSrKA-unsplash.webp?resize=525%2C300&ssl=1 1.5x, https:\/\/i0.wp.com\/kohenavocats.com\/wp-content\/uploads\/2024\/11\/mohamed-nohassi-_amjPlrSrKA-unsplash.webp?resize=700%2C400&ssl=1 2x, https:\/\/i0.wp.com\/kohenavocats.com\/wp-content\/uploads\/2024\/11\/mohamed-nohassi-_amjPlrSrKA-unsplash.webp?resize=1050%2C600&ssl=1 3x, https:\/\/i0.wp.com\/kohenavocats.com\/wp-content\/uploads\/2024\/11\/mohamed-nohassi-_amjPlrSrKA-unsplash.webp?resize=1400%2C800&ssl=1 4x"},"classes":[]},{"id":491937,"url":"https:\/\/kohenavocats.com\/en\/tribunal-judiciaire-de-dax-le-14-novembre-2025-n23-00486\/","url_meta":{"origin":648893,"position":2},"title":"Tribunal judiciaire de Dax, le 14 novembre 2025, n\u00b023\/00486","author":"Kohen","date":"8 April 2026","format":false,"excerpt":"Le tribunal judiciaire de Dax, statuant le 14 novembre 2025, est saisi d'une demande d'indemnisation suite \u00e0 un accident scolaire. Un \u00e9l\u00e8ve, victime d'une l\u00e9...","rel":"","context":"In &quot;Jurisprudence&quot;","block_context":{"text":"Jurisprudence","link":"https:\/\/kohenavocats.com\/category\/jurisprudence\/"},"img":{"alt_text":"","src":"https:\/\/i0.wp.com\/kohenavocats.com\/wp-content\/uploads\/2024\/08\/cristian-soriano-u93LGyBu1RM-unsplash.webp?resize=350%2C200&ssl=1","width":350,"height":200,"srcset":"https:\/\/i0.wp.com\/kohenavocats.com\/wp-content\/uploads\/2024\/08\/cristian-soriano-u93LGyBu1RM-unsplash.webp?resize=350%2C200&ssl=1 1x, https:\/\/i0.wp.com\/kohenavocats.com\/wp-content\/uploads\/2024\/08\/cristian-soriano-u93LGyBu1RM-unsplash.webp?resize=525%2C300&ssl=1 1.5x, https:\/\/i0.wp.com\/kohenavocats.com\/wp-content\/uploads\/2024\/08\/cristian-soriano-u93LGyBu1RM-unsplash.webp?resize=700%2C400&ssl=1 2x, https:\/\/i0.wp.com\/kohenavocats.com\/wp-content\/uploads\/2024\/08\/cristian-soriano-u93LGyBu1RM-unsplash.webp?resize=1050%2C600&ssl=1 3x, https:\/\/i0.wp.com\/kohenavocats.com\/wp-content\/uploads\/2024\/08\/cristian-soriano-u93LGyBu1RM-unsplash.webp?resize=1400%2C800&ssl=1 4x"},"classes":[]},{"id":529744,"url":"https:\/\/kohenavocats.com\/en\/tribunal-judiciaire-de-dax-le-3-octobre-2025-n23-01040\/","url_meta":{"origin":648893,"position":3},"title":"Tribunal judiciaire de Dax, le 3 octobre 2025, n\u00b023\/01040","author":"Kohen","date":"9 April 2026","format":false,"excerpt":"Le tribunal judiciaire de Dax, statuant comme juge de la mise en \u00e9tat, a rendu une ordonnance le 5 septembre 2025. Cette d\u00e9cision intervient dans un...","rel":"","context":"In &quot;D\u00e9cisions juridiques&quot;","block_context":{"text":"D\u00e9cisions juridiques","link":"https:\/\/kohenavocats.com\/category\/decisions-juridiques\/"},"img":{"alt_text":"","src":"https:\/\/i0.wp.com\/kohenavocats.com\/wp-content\/uploads\/2024\/08\/gloria-villa-ByP0PtBXpi0-unsplash.webp?resize=350%2C200&ssl=1","width":350,"height":200,"srcset":"https:\/\/i0.wp.com\/kohenavocats.com\/wp-content\/uploads\/2024\/08\/gloria-villa-ByP0PtBXpi0-unsplash.webp?resize=350%2C200&ssl=1 1x, https:\/\/i0.wp.com\/kohenavocats.com\/wp-content\/uploads\/2024\/08\/gloria-villa-ByP0PtBXpi0-unsplash.webp?resize=525%2C300&ssl=1 1.5x, https:\/\/i0.wp.com\/kohenavocats.com\/wp-content\/uploads\/2024\/08\/gloria-villa-ByP0PtBXpi0-unsplash.webp?resize=700%2C400&ssl=1 2x, https:\/\/i0.wp.com\/kohenavocats.com\/wp-content\/uploads\/2024\/08\/gloria-villa-ByP0PtBXpi0-unsplash.webp?resize=1050%2C600&ssl=1 3x, https:\/\/i0.wp.com\/kohenavocats.com\/wp-content\/uploads\/2024\/08\/gloria-villa-ByP0PtBXpi0-unsplash.webp?resize=1400%2C800&ssl=1 4x"},"classes":[]},{"id":482635,"url":"https:\/\/kohenavocats.com\/en\/tribunal-judiciaire-de-dax-le-20-novembre-2025-n25-00132\/","url_meta":{"origin":648893,"position":4},"title":"Tribunal judiciaire de Dax, le 20 novembre 2025, n\u00b025\/00132","author":"Kohen","date":"8 April 2026","format":false,"excerpt":"Le tribunal judiciaire de Dax, statuant en r\u00e9f\u00e9r\u00e9 le 20 novembre 2025, a \u00e9t\u00e9 saisi d\u2019un litige de voisinage relatif \u00e0 l\u2019\u00e9lagage d\u2019une haie. Le demandeur init...","rel":"","context":"In &quot;Jurisprudence&quot;","block_context":{"text":"Jurisprudence","link":"https:\/\/kohenavocats.com\/category\/jurisprudence\/"},"img":{"alt_text":"","src":"https:\/\/i0.wp.com\/kohenavocats.com\/wp-content\/uploads\/2024\/08\/amir-mortezaie-bKLKnHSwk4A-unsplash.webp?resize=350%2C200&ssl=1","width":350,"height":200,"srcset":"https:\/\/i0.wp.com\/kohenavocats.com\/wp-content\/uploads\/2024\/08\/amir-mortezaie-bKLKnHSwk4A-unsplash.webp?resize=350%2C200&ssl=1 1x, https:\/\/i0.wp.com\/kohenavocats.com\/wp-content\/uploads\/2024\/08\/amir-mortezaie-bKLKnHSwk4A-unsplash.webp?resize=525%2C300&ssl=1 1.5x, https:\/\/i0.wp.com\/kohenavocats.com\/wp-content\/uploads\/2024\/08\/amir-mortezaie-bKLKnHSwk4A-unsplash.webp?resize=700%2C400&ssl=1 2x, https:\/\/i0.wp.com\/kohenavocats.com\/wp-content\/uploads\/2024\/08\/amir-mortezaie-bKLKnHSwk4A-unsplash.webp?resize=1050%2C600&ssl=1 3x, https:\/\/i0.wp.com\/kohenavocats.com\/wp-content\/uploads\/2024\/08\/amir-mortezaie-bKLKnHSwk4A-unsplash.webp?resize=1400%2C800&ssl=1 4x"},"classes":[]},{"id":368528,"url":"https:\/\/kohenavocats.com\/en\/tribunal-judiciaire-de-dax-le-14-octobre-2025-n21-00046\/","url_meta":{"origin":648893,"position":5},"title":"Tribunal judiciaire de Dax, le 14 octobre 2025, n\u00b021\/00046","author":"Kohen","date":"12 February 2026","format":false,"excerpt":"Le tribunal judiciaire de Dax, statuant comme juge de l\u2019ex\u00e9cution, rend le 14 octobre 2025 un jugement ordonnant un nouveau sursis \u00e0 statuer dans une...","rel":"","context":"In &quot;D\u00e9cisions juridiques&quot;","block_context":{"text":"D\u00e9cisions juridiques","link":"https:\/\/kohenavocats.com\/category\/decisions-juridiques\/"},"img":{"alt_text":"","src":"https:\/\/i0.wp.com\/kohenavocats.com\/wp-content\/uploads\/2024\/08\/luke-michael-DUV8TJtD2QY-unsplash-1.webp?resize=350%2C200&ssl=1","width":350,"height":200,"srcset":"https:\/\/i0.wp.com\/kohenavocats.com\/wp-content\/uploads\/2024\/08\/luke-michael-DUV8TJtD2QY-unsplash-1.webp?resize=350%2C200&ssl=1 1x, https:\/\/i0.wp.com\/kohenavocats.com\/wp-content\/uploads\/2024\/08\/luke-michael-DUV8TJtD2QY-unsplash-1.webp?resize=525%2C300&ssl=1 1.5x, https:\/\/i0.wp.com\/kohenavocats.com\/wp-content\/uploads\/2024\/08\/luke-michael-DUV8TJtD2QY-unsplash-1.webp?resize=700%2C400&ssl=1 2x, https:\/\/i0.wp.com\/kohenavocats.com\/wp-content\/uploads\/2024\/08\/luke-michael-DUV8TJtD2QY-unsplash-1.webp?resize=1050%2C600&ssl=1 3x, https:\/\/i0.wp.com\/kohenavocats.com\/wp-content\/uploads\/2024\/08\/luke-michael-DUV8TJtD2QY-unsplash-1.webp?resize=1400%2C800&ssl=1 4x"},"classes":[]}],"jetpack_sharing_enabled":true,"_links":{"self":[{"href":"https:\/\/kohenavocats.com\/en\/wp-json\/wp\/v2\/posts\/648893","targetHints":{"allow":["GET"]}}],"collection":[{"href":"https:\/\/kohenavocats.com\/en\/wp-json\/wp\/v2\/posts"}],"about":[{"href":"https:\/\/kohenavocats.com\/en\/wp-json\/wp\/v2\/types\/post"}],"author":[{"embeddable":true,"href":"https:\/\/kohenavocats.com\/en\/wp-json\/wp\/v2\/users\/232070755"}],"replies":[{"embeddable":true,"href":"https:\/\/kohenavocats.com\/en\/wp-json\/wp\/v2\/comments?post=648893"}],"version-history":[{"count":0,"href":"https:\/\/kohenavocats.com\/en\/wp-json\/wp\/v2\/posts\/648893\/revisions"}],"wp:featuredmedia":[{"embeddable":true,"href":"https:\/\/kohenavocats.com\/en\/wp-json\/wp\/v2\/media\/9692"}],"wp:attachment":[{"href":"https:\/\/kohenavocats.com\/en\/wp-json\/wp\/v2\/media?parent=648893"}],"wp:term":[{"taxonomy":"category","embeddable":true,"href":"https:\/\/kohenavocats.com\/en\/wp-json\/wp\/v2\/categories?post=648893"},{"taxonomy":"post_tag","embeddable":true,"href":"https:\/\/kohenavocats.com\/en\/wp-json\/wp\/v2\/tags?post=648893"}],"curies":[{"name":"wp","href":"https:\/\/api.w.org\/{rel}","templated":true}]}}