{"id":648916,"date":"2026-04-22T14:59:54","date_gmt":"2026-04-22T12:59:54","guid":{"rendered":"https:\/\/kohenavocats.com\/cour-dappel-le-4-juillet-2025-n25-00502\/"},"modified":"2026-04-22T14:59:54","modified_gmt":"2026-04-22T12:59:54","slug":"cour-dappel-le-4-juillet-2025-n25-00502","status":"publish","type":"post","link":"https:\/\/kohenavocats.com\/en\/cour-dappel-le-4-juillet-2025-n25-00502\/","title":{"rendered":"Cour d&#8217;appel, le 4 juillet 2025, n\u00b025\/00502"},"content":{"rendered":"<div class=\"article-content\">\n<p>La Cour d&#8217;appel, dans un arr\u00eat du 4 juillet 2025, statue sur un litige opposant une caisse de s\u00e9curit\u00e9 sociale \u00e0 une soci\u00e9t\u00e9 concernant l&#8217;imputation tarifaire d&#8217;une maladie professionnelle. La salari\u00e9e avait \u00e9t\u00e9 expos\u00e9e \u00e0 l&#8217;amiante dans un \u00e9tablissement jusqu&#8217;en 1993. La soci\u00e9t\u00e9, repreneuse partielle de cet \u00e9tablissement, conteste cette imputation et sollicite l&#8217;inscription au compte sp\u00e9cial. La cour rejette l&#8217;ensemble de ses demandes, confirmant sa qualit\u00e9 de repreneur et l&#8217;absence de preuve d&#8217;une exposition ant\u00e9rieure \u00e0 1993.<\/p>\n<p>La consolidation des d\u00e9lais de recours tarifaire<\/p>\n<p>Le rejet de la contestation du taux 2021 s&#8217;appuie sur le strict respect des d\u00e9lais l\u00e9gaux. La notification \u00e9lectronique du taux, intervenue en janvier 2021, d\u00e9clenche un d\u00e9lai de recours de deux mois. La soci\u00e9t\u00e9 n&#8217;a introduit son recours gracieux qu&#8217;en mars 2022, rendant son taux d\u00e9finitif. Cette solution rappelle l&#8217;importance de la s\u00e9curit\u00e9 juridique en mati\u00e8re de contentieux administratif social. La notification d\u00e9mat\u00e9rialis\u00e9e, avec ses r\u00e8gles sp\u00e9cifiques, impose une vigilance accrue aux employeurs. La cour applique rigoureusement le principe selon lequel &#8220;le d\u00e9lai de recours pr\u00e9alable et le d\u00e9lai de recours contentieux sont de deux mois \u00e0 compter de la notification de la d\u00e9cision contest\u00e9e&#8221; (Article R. 142-1-A III du code de la s\u00e9curit\u00e9 sociale). Cette d\u00e9cision renforce ainsi la port\u00e9e contraignante des d\u00e9lais proc\u00e9duraux dans le cadre de la tarification.<\/p>\n<p>La d\u00e9finition extensive de la reprise d&#8217;\u00e9tablissement<\/p>\n<p>La qualification de repreneur au sens tarifaire constitue le c\u0153ur de l&#8217;arr\u00eat. La cour \u00e9carte l&#8217;argument de la soci\u00e9t\u00e9 fond\u00e9 sur la non-reprise de l&#8217;int\u00e9gralit\u00e9 des activit\u00e9s. Elle retient une application large des crit\u00e8res r\u00e9glementaires, centr\u00e9e sur l&#8217;\u00e9tablissement et son activit\u00e9 principale. &#8220;Ne peut \u00eatre consid\u00e9r\u00e9 comme un \u00e9tablissement nouvellement cr\u00e9\u00e9 celui issu d&#8217;un pr\u00e9c\u00e9dent \u00e9tablissement dans lequel a \u00e9t\u00e9 exerc\u00e9e une activit\u00e9 similaire, avec les m\u00eames moyens de production et ayant repris au moins la moiti\u00e9 du personnel&#8221; (Article D. 242-6-17 du code de la s\u00e9curit\u00e9 sociale). La reprise d&#8217;une activit\u00e9 similaire, et non identique, et celle de plus de la moiti\u00e9 des effectifs du site suffisent. Cette interpr\u00e9tation emp\u00eache tout contournement des r\u00e8gles de tarification par des montages juridiques. Elle garantit la continuit\u00e9 de l&#8217;imputation du risque professionnel, prot\u00e9geant le syst\u00e8me de financement.<\/p>\n<p>La charge de la preuve dans la demande d&#8217;inscription au compte sp\u00e9cial<\/p>\n<p>La cour rejette \u00e9galement la demande d&#8217;inscription au compte sp\u00e9cial faute de preuve apport\u00e9e par l&#8217;employeur. Elle rappelle que c&#8217;est \u00e0 la soci\u00e9t\u00e9 de d\u00e9montrer que l&#8217;exposition a cess\u00e9 avant une date charni\u00e8re. L&#8217;incertitude sur la date exacte de fin d&#8217;exposition joue en d\u00e9faveur de l&#8217;employeur demandeur. La solution consacre une r\u00e9partition claire de la charge de la preuve. &#8220;En cas de demande d&#8217;inscription au compte sp\u00e9cial, c&#8217;est \u00e0 l&#8217;employeur qu&#8217;il incombe de prouver que les conditions pos\u00e9es par ce texte sont r\u00e9unies&#8221;. Cette jurisprudence rejoint celle de la Cour de cassation qui a pr\u00e9cis\u00e9 que &#8220;la charge de la preuve pesait sur l&#8217;employeur&#8221; (Cour de cassation, arr\u00eat du 27 f\u00e9vrier 2025). Elle confirme que l&#8217;exception au principe d&#8217;imputation au dernier employeur exposant doit \u00eatre strictement prouv\u00e9e par celui qui l&#8217;invoque.<\/p>\n<p>La port\u00e9e de l&#8217;arr\u00eat en droit social et \u00e9conomique<\/p>\n<p>Cet arr\u00eat renforce la stabilit\u00e9 du financement des risques professionnels en limitant les possibilit\u00e9s de dilution de la responsabilit\u00e9 tarifaire. Il consolide la notion d&#8217;\u00e9tablissement comme p\u00e9rim\u00e8tre pertinent pour l&#8217;appr\u00e9ciation des reprises d&#8217;activit\u00e9. La solution pr\u00e9vient les strat\u00e9gies de fragmentation patrimoniale visant \u00e0 \u00e9chapper \u00e0 la tarification individuelle. Elle s&#8217;inscrit en coh\u00e9rence avec une jurisprudence ant\u00e9rieure admettant que la victime puisse agir &#8220;contre l&#8217;une ou l&#8217;autre des soci\u00e9t\u00e9s concern\u00e9es par la cession partielle d&#8217;actifs&#8221; (Cour d&#8217;appel de Grenoble, le 26 f\u00e9vrier 2026, n\u00b024\/03960). En d\u00e9finitive, la d\u00e9cision privil\u00e9gie la protection du syst\u00e8me de solidarit\u00e9 et la s\u00e9curit\u00e9 des victimes sur les int\u00e9r\u00eats financiers imm\u00e9diats d&#8217;un repreneur partiel.<\/p>\n<\/div>\n","protected":false},"excerpt":{"rendered":"<p>La Cour d&#8217;appel, dans un arr\u00eat du 4 juillet 2025, statue sur un litige opposant une caisse de s\u00e9curit\u00e9 sociale \u00e0 une soci\u00e9t\u00e9 concernant l&#8217;imputation tarifair&#8230;<\/p>\n","protected":false},"author":232070755,"featured_media":4741,"comment_status":"open","ping_status":"open","sticky":false,"template":"","format":"standard","meta":{"_crdt_document":"","_jetpack_newsletter_access":"","_jetpack_dont_email_post_to_subs":false,"_jetpack_newsletter_tier_id":0,"_jetpack_memberships_contains_paywalled_content":false,"_kj_source_type":"","_kj_official_id":"","_kj_official_url":"","_kj_judilibre_id":"","_kj_jur":"","_kj_lieu":"","_kj_chambre":"","_kj_rg":"","_kj_date":"","_jetpack_memberships_contains_paid_content":false,"footnotes":"","jetpack_post_was_ever_published":false},"categories":[7597],"tags":[],"class_list":["post-648916","post","type-post","status-publish","format-standard","has-post-thumbnail","hentry","category-jurisprudence"],"yoast_head":"<!-- This site is optimized with the Yoast SEO Premium plugin v27.5 (Yoast SEO v27.5) - https:\/\/yoast.com\/product\/yoast-seo-premium-wordpress\/ -->\n<title>Cour d&#039;appel, le 4 juillet 2025, n\u00b025\/00502 - Ma\u00eetre Hassan Kohen, avocat en droit p\u00e9nal \u00e0 Paris<\/title>\n<meta name=\"description\" content=\"La Cour d&#039;appel, dans un arr\u00eat du 4 juillet 2025, statue sur un litige opposant une caisse de s\u00e9curit\u00e9 sociale \u00e0 une soci\u00e9t\u00e9 concernant l&#039;imputation tarifair...\" \/>\n<meta name=\"robots\" content=\"index, follow, max-snippet:-1, max-image-preview:large, max-video-preview:-1\" \/>\n<link rel=\"canonical\" href=\"https:\/\/kohenavocats.com\/en\/cour-dappel-le-4-juillet-2025-n25-00502\/\" \/>\n<meta property=\"og:locale\" content=\"en_US\" \/>\n<meta property=\"og:type\" content=\"article\" \/>\n<meta property=\"og:title\" content=\"Cour d&#039;appel, le 4 juillet 2025, n\u00b025\/00502\" \/>\n<meta property=\"og:description\" content=\"La Cour d&#039;appel, dans un arr\u00eat du 4 juillet 2025, statue sur un litige opposant une caisse de s\u00e9curit\u00e9 sociale \u00e0 une soci\u00e9t\u00e9 concernant l&#039;imputation tarifair...\" \/>\n<meta property=\"og:url\" content=\"https:\/\/kohenavocats.com\/en\/cour-dappel-le-4-juillet-2025-n25-00502\/\" \/>\n<meta property=\"og:site_name\" content=\"Ma\u00eetre Hassan Kohen, avocat en droit p\u00e9nal \u00e0 Paris\" \/>\n<meta property=\"article:published_time\" content=\"2026-04-22T12:59:54+00:00\" \/>\n<meta property=\"og:image\" content=\"https:\/\/kohenavocats.com\/wp-content\/uploads\/2024\/08\/pierre-antona-ir9dYEOvx5s-unsplash.webp\" \/>\n\t<meta property=\"og:image:width\" content=\"6240\" \/>\n\t<meta property=\"og:image:height\" content=\"4160\" \/>\n\t<meta property=\"og:image:type\" content=\"image\/webp\" \/>\n<meta name=\"author\" content=\"Kohen\" \/>\n<meta name=\"twitter:card\" content=\"summary_large_image\" \/>\n<meta name=\"twitter:label1\" content=\"Written by\" \/>\n\t<meta name=\"twitter:data1\" content=\"Kohen\" \/>\n\t<meta name=\"twitter:label2\" content=\"Est. reading time\" \/>\n\t<meta name=\"twitter:data2\" content=\"3 minutes\" \/>\n<script type=\"application\/ld+json\" class=\"yoast-schema-graph\">{\"@context\":\"https:\\\/\\\/schema.org\",\"@graph\":[{\"@type\":\"Article\",\"@id\":\"https:\\\/\\\/kohenavocats.com\\\/en\\\/cour-dappel-le-4-juillet-2025-n25-00502\\\/#article\",\"isPartOf\":{\"@id\":\"https:\\\/\\\/kohenavocats.com\\\/en\\\/cour-dappel-le-4-juillet-2025-n25-00502\\\/\"},\"author\":{\"name\":\"Kohen\",\"@id\":\"https:\\\/\\\/kohenavocats.com\\\/en\\\/#\\\/schema\\\/person\\\/761c9ba54fa1ca84d405cef0831ff751\"},\"headline\":\"Cour d&#8217;appel, le 4 juillet 2025, n\u00b025\\\/00502\",\"datePublished\":\"2026-04-22T12:59:54+00:00\",\"mainEntityOfPage\":{\"@id\":\"https:\\\/\\\/kohenavocats.com\\\/en\\\/cour-dappel-le-4-juillet-2025-n25-00502\\\/\"},\"wordCount\":744,\"commentCount\":0,\"publisher\":{\"@id\":\"https:\\\/\\\/kohenavocats.com\\\/en\\\/#organization\"},\"image\":{\"@id\":\"https:\\\/\\\/kohenavocats.com\\\/en\\\/cour-dappel-le-4-juillet-2025-n25-00502\\\/#primaryimage\"},\"thumbnailUrl\":\"https:\\\/\\\/kohenavocats.com\\\/wp-content\\\/uploads\\\/2024\\\/08\\\/pierre-antona-ir9dYEOvx5s-unsplash.webp\",\"articleSection\":[\"Jurisprudence\"],\"inLanguage\":\"en-US\",\"potentialAction\":[{\"@type\":\"CommentAction\",\"name\":\"Comment\",\"target\":[\"https:\\\/\\\/kohenavocats.com\\\/en\\\/cour-dappel-le-4-juillet-2025-n25-00502\\\/#respond\"]}],\"citation\":\"Cour d&#8217;appel, le 4 juillet 2025, n\u00b025\\\/00502\",\"about\":[{\"@type\":\"Thing\",\"name\":\"Jurisprudence\"}],\"dateModified\":\"2026-04-22T12:59:54+00:00\",\"speakable\":{\"@type\":\"SpeakableSpecification\",\"cssSelector\":[\".article-content > p:first-of-type\"]}},{\"@type\":\"WebPage\",\"@id\":\"https:\\\/\\\/kohenavocats.com\\\/en\\\/cour-dappel-le-4-juillet-2025-n25-00502\\\/\",\"url\":\"https:\\\/\\\/kohenavocats.com\\\/en\\\/cour-dappel-le-4-juillet-2025-n25-00502\\\/\",\"name\":\"Cour d'appel, le 4 juillet 2025, n\u00b025\\\/00502 - Ma\u00eetre Hassan Kohen, avocat en droit p\u00e9nal \u00e0 Paris\",\"isPartOf\":{\"@id\":\"https:\\\/\\\/kohenavocats.com\\\/en\\\/#website\"},\"primaryImageOfPage\":{\"@id\":\"https:\\\/\\\/kohenavocats.com\\\/en\\\/cour-dappel-le-4-juillet-2025-n25-00502\\\/#primaryimage\"},\"image\":{\"@id\":\"https:\\\/\\\/kohenavocats.com\\\/en\\\/cour-dappel-le-4-juillet-2025-n25-00502\\\/#primaryimage\"},\"thumbnailUrl\":\"https:\\\/\\\/kohenavocats.com\\\/wp-content\\\/uploads\\\/2024\\\/08\\\/pierre-antona-ir9dYEOvx5s-unsplash.webp\",\"datePublished\":\"2026-04-22T12:59:54+00:00\",\"description\":\"La Cour d'appel, dans un arr\u00eat du 4 juillet 2025, statue sur un litige opposant une caisse de s\u00e9curit\u00e9 sociale \u00e0 une soci\u00e9t\u00e9 concernant l'imputation tarifair...\",\"breadcrumb\":{\"@id\":\"https:\\\/\\\/kohenavocats.com\\\/en\\\/cour-dappel-le-4-juillet-2025-n25-00502\\\/#breadcrumb\"},\"inLanguage\":\"en-US\",\"potentialAction\":[{\"@type\":\"ReadAction\",\"target\":[\"https:\\\/\\\/kohenavocats.com\\\/en\\\/cour-dappel-le-4-juillet-2025-n25-00502\\\/\"]}]},{\"@type\":\"ImageObject\",\"inLanguage\":\"en-US\",\"@id\":\"https:\\\/\\\/kohenavocats.com\\\/en\\\/cour-dappel-le-4-juillet-2025-n25-00502\\\/#primaryimage\",\"url\":\"https:\\\/\\\/kohenavocats.com\\\/wp-content\\\/uploads\\\/2024\\\/08\\\/pierre-antona-ir9dYEOvx5s-unsplash.webp\",\"contentUrl\":\"https:\\\/\\\/kohenavocats.com\\\/wp-content\\\/uploads\\\/2024\\\/08\\\/pierre-antona-ir9dYEOvx5s-unsplash.webp\",\"width\":6240,\"height\":4160},{\"@type\":\"BreadcrumbList\",\"@id\":\"https:\\\/\\\/kohenavocats.com\\\/en\\\/cour-dappel-le-4-juillet-2025-n25-00502\\\/#breadcrumb\",\"itemListElement\":[{\"@type\":\"ListItem\",\"position\":1,\"name\":\"Home\",\"item\":\"https:\\\/\\\/kohenavocats.com\\\/en\\\/criminal-law-attorneys-in-paris-counsel-and-strategic-defense\\\/\"},{\"@type\":\"ListItem\",\"position\":2,\"name\":\"Cour d&rsquo;appel, le 4 juillet 2025, n\u00b025\\\/00502\"}]},{\"@type\":\"WebSite\",\"@id\":\"https:\\\/\\\/kohenavocats.com\\\/en\\\/#website\",\"url\":\"https:\\\/\\\/kohenavocats.com\\\/en\\\/\",\"name\":\"Kohen Avocats\",\"description\":\"Ma\u00eetre Hassan Kohen, avocat p\u00e9naliste \u00e0 Paris, intervient exclusivement en droit p\u00e9nal pour la d\u00e9fense des particuliers, notamment en mati\u00e8re d\u2019accusations de viol. Il assure un accompagnement rigoureux d\u00e8s la garde \u00e0 vue jusqu\u2019\u00e0 la Cour d\u2019assises, veillant au strict respect des garanties proc\u00e9durales.\",\"publisher\":{\"@id\":\"https:\\\/\\\/kohenavocats.com\\\/en\\\/#organization\"},\"potentialAction\":[{\"@type\":\"SearchAction\",\"target\":{\"@type\":\"EntryPoint\",\"urlTemplate\":\"https:\\\/\\\/kohenavocats.com\\\/en\\\/?s={search_term_string}\"},\"query-input\":{\"@type\":\"PropertyValueSpecification\",\"valueRequired\":true,\"valueName\":\"search_term_string\"}}],\"inLanguage\":\"en-US\"},{\"@type\":\"Organization\",\"@id\":\"https:\\\/\\\/kohenavocats.com\\\/en\\\/#organization\",\"name\":\"Kohen Avocats\",\"url\":\"https:\\\/\\\/kohenavocats.com\\\/en\\\/\",\"logo\":{\"@type\":\"ImageObject\",\"inLanguage\":\"en-US\",\"@id\":\"https:\\\/\\\/kohenavocats.com\\\/en\\\/#\\\/schema\\\/logo\\\/image\\\/\",\"url\":\"https:\\\/\\\/kohenavocats.com\\\/wp-content\\\/uploads\\\/2026\\\/01\\\/Logo-2-1.webp\",\"contentUrl\":\"https:\\\/\\\/kohenavocats.com\\\/wp-content\\\/uploads\\\/2026\\\/01\\\/Logo-2-1.webp\",\"width\":2114,\"height\":1253,\"caption\":\"Kohen Avocats\"},\"image\":{\"@id\":\"https:\\\/\\\/kohenavocats.com\\\/en\\\/#\\\/schema\\\/logo\\\/image\\\/\"}},{\"@type\":\"Person\",\"@id\":\"https:\\\/\\\/kohenavocats.com\\\/en\\\/#\\\/schema\\\/person\\\/761c9ba54fa1ca84d405cef0831ff751\",\"name\":\"Kohen\",\"image\":{\"@type\":\"ImageObject\",\"inLanguage\":\"en-US\",\"@id\":\"https:\\\/\\\/secure.gravatar.com\\\/avatar\\\/1c5e76ef76bbbfdd2b4da984e2bf2fa4056fd51a27d25ce2c332047f1dfd6e00?s=96&d=identicon&r=g\",\"url\":\"https:\\\/\\\/secure.gravatar.com\\\/avatar\\\/1c5e76ef76bbbfdd2b4da984e2bf2fa4056fd51a27d25ce2c332047f1dfd6e00?s=96&d=identicon&r=g\",\"contentUrl\":\"https:\\\/\\\/secure.gravatar.com\\\/avatar\\\/1c5e76ef76bbbfdd2b4da984e2bf2fa4056fd51a27d25ce2c332047f1dfd6e00?s=96&d=identicon&r=g\",\"caption\":\"Kohen\"},\"sameAs\":[\"https:\\\/\\\/www.linkedin.com\\\/in\\\/hassan-kohen-448548192\\\/\",\"https:\\\/\\\/www.youtube.com\\\/@Kohen-Avocats\"],\"url\":\"https:\\\/\\\/kohenavocats.com\\\/en\\\/author\\\/kohenmlk\\\/\"}]}<\/script>\n<!-- \/ Yoast SEO Premium plugin. -->","yoast_head_json":{"title":"Cour d'appel, le 4 juillet 2025, n\u00b025\/00502 - Ma\u00eetre Hassan Kohen, avocat en droit p\u00e9nal \u00e0 Paris","description":"La Cour d'appel, dans un arr\u00eat du 4 juillet 2025, statue sur un litige opposant une caisse de s\u00e9curit\u00e9 sociale \u00e0 une soci\u00e9t\u00e9 concernant l'imputation tarifair...","robots":{"index":"index","follow":"follow","max-snippet":"max-snippet:-1","max-image-preview":"max-image-preview:large","max-video-preview":"max-video-preview:-1"},"canonical":"https:\/\/kohenavocats.com\/en\/cour-dappel-le-4-juillet-2025-n25-00502\/","og_locale":"en_US","og_type":"article","og_title":"Cour d'appel, le 4 juillet 2025, n\u00b025\/00502","og_description":"La Cour d'appel, dans un arr\u00eat du 4 juillet 2025, statue sur un litige opposant une caisse de s\u00e9curit\u00e9 sociale \u00e0 une soci\u00e9t\u00e9 concernant l'imputation tarifair...","og_url":"https:\/\/kohenavocats.com\/en\/cour-dappel-le-4-juillet-2025-n25-00502\/","og_site_name":"Ma\u00eetre Hassan Kohen, avocat en droit p\u00e9nal \u00e0 Paris","article_published_time":"2026-04-22T12:59:54+00:00","og_image":[{"width":6240,"height":4160,"url":"https:\/\/kohenavocats.com\/wp-content\/uploads\/2024\/08\/pierre-antona-ir9dYEOvx5s-unsplash.webp","type":"image\/webp"}],"author":"Kohen","twitter_card":"summary_large_image","twitter_misc":{"Written by":"Kohen","Est. reading time":"3 minutes"},"schema":{"@context":"https:\/\/schema.org","@graph":[{"@type":"Article","@id":"https:\/\/kohenavocats.com\/en\/cour-dappel-le-4-juillet-2025-n25-00502\/#article","isPartOf":{"@id":"https:\/\/kohenavocats.com\/en\/cour-dappel-le-4-juillet-2025-n25-00502\/"},"author":{"name":"Kohen","@id":"https:\/\/kohenavocats.com\/en\/#\/schema\/person\/761c9ba54fa1ca84d405cef0831ff751"},"headline":"Cour d&#8217;appel, le 4 juillet 2025, n\u00b025\/00502","datePublished":"2026-04-22T12:59:54+00:00","mainEntityOfPage":{"@id":"https:\/\/kohenavocats.com\/en\/cour-dappel-le-4-juillet-2025-n25-00502\/"},"wordCount":744,"commentCount":0,"publisher":{"@id":"https:\/\/kohenavocats.com\/en\/#organization"},"image":{"@id":"https:\/\/kohenavocats.com\/en\/cour-dappel-le-4-juillet-2025-n25-00502\/#primaryimage"},"thumbnailUrl":"https:\/\/kohenavocats.com\/wp-content\/uploads\/2024\/08\/pierre-antona-ir9dYEOvx5s-unsplash.webp","articleSection":["Jurisprudence"],"inLanguage":"en-US","potentialAction":[{"@type":"CommentAction","name":"Comment","target":["https:\/\/kohenavocats.com\/en\/cour-dappel-le-4-juillet-2025-n25-00502\/#respond"]}],"citation":"Cour d&#8217;appel, le 4 juillet 2025, n\u00b025\/00502","about":[{"@type":"Thing","name":"Jurisprudence"}],"dateModified":"2026-04-22T12:59:54+00:00","speakable":{"@type":"SpeakableSpecification","cssSelector":[".article-content > p:first-of-type"]}},{"@type":"WebPage","@id":"https:\/\/kohenavocats.com\/en\/cour-dappel-le-4-juillet-2025-n25-00502\/","url":"https:\/\/kohenavocats.com\/en\/cour-dappel-le-4-juillet-2025-n25-00502\/","name":"Cour d'appel, le 4 juillet 2025, n\u00b025\/00502 - Ma\u00eetre Hassan Kohen, avocat en droit p\u00e9nal \u00e0 Paris","isPartOf":{"@id":"https:\/\/kohenavocats.com\/en\/#website"},"primaryImageOfPage":{"@id":"https:\/\/kohenavocats.com\/en\/cour-dappel-le-4-juillet-2025-n25-00502\/#primaryimage"},"image":{"@id":"https:\/\/kohenavocats.com\/en\/cour-dappel-le-4-juillet-2025-n25-00502\/#primaryimage"},"thumbnailUrl":"https:\/\/kohenavocats.com\/wp-content\/uploads\/2024\/08\/pierre-antona-ir9dYEOvx5s-unsplash.webp","datePublished":"2026-04-22T12:59:54+00:00","description":"La Cour d'appel, dans un arr\u00eat du 4 juillet 2025, statue sur un litige opposant une caisse de s\u00e9curit\u00e9 sociale \u00e0 une soci\u00e9t\u00e9 concernant l'imputation tarifair...","breadcrumb":{"@id":"https:\/\/kohenavocats.com\/en\/cour-dappel-le-4-juillet-2025-n25-00502\/#breadcrumb"},"inLanguage":"en-US","potentialAction":[{"@type":"ReadAction","target":["https:\/\/kohenavocats.com\/en\/cour-dappel-le-4-juillet-2025-n25-00502\/"]}]},{"@type":"ImageObject","inLanguage":"en-US","@id":"https:\/\/kohenavocats.com\/en\/cour-dappel-le-4-juillet-2025-n25-00502\/#primaryimage","url":"https:\/\/kohenavocats.com\/wp-content\/uploads\/2024\/08\/pierre-antona-ir9dYEOvx5s-unsplash.webp","contentUrl":"https:\/\/kohenavocats.com\/wp-content\/uploads\/2024\/08\/pierre-antona-ir9dYEOvx5s-unsplash.webp","width":6240,"height":4160},{"@type":"BreadcrumbList","@id":"https:\/\/kohenavocats.com\/en\/cour-dappel-le-4-juillet-2025-n25-00502\/#breadcrumb","itemListElement":[{"@type":"ListItem","position":1,"name":"Home","item":"https:\/\/kohenavocats.com\/en\/criminal-law-attorneys-in-paris-counsel-and-strategic-defense\/"},{"@type":"ListItem","position":2,"name":"Cour d&rsquo;appel, le 4 juillet 2025, n\u00b025\/00502"}]},{"@type":"WebSite","@id":"https:\/\/kohenavocats.com\/en\/#website","url":"https:\/\/kohenavocats.com\/en\/","name":"Kohen Avocats","description":"Ma\u00eetre Hassan Kohen, avocat p\u00e9naliste \u00e0 Paris, intervient exclusivement en droit p\u00e9nal pour la d\u00e9fense des particuliers, notamment en mati\u00e8re d\u2019accusations de viol. Il assure un accompagnement rigoureux d\u00e8s la garde \u00e0 vue jusqu\u2019\u00e0 la Cour d\u2019assises, veillant au strict respect des garanties proc\u00e9durales.","publisher":{"@id":"https:\/\/kohenavocats.com\/en\/#organization"},"potentialAction":[{"@type":"SearchAction","target":{"@type":"EntryPoint","urlTemplate":"https:\/\/kohenavocats.com\/en\/?s={search_term_string}"},"query-input":{"@type":"PropertyValueSpecification","valueRequired":true,"valueName":"search_term_string"}}],"inLanguage":"en-US"},{"@type":"Organization","@id":"https:\/\/kohenavocats.com\/en\/#organization","name":"Kohen Avocats","url":"https:\/\/kohenavocats.com\/en\/","logo":{"@type":"ImageObject","inLanguage":"en-US","@id":"https:\/\/kohenavocats.com\/en\/#\/schema\/logo\/image\/","url":"https:\/\/kohenavocats.com\/wp-content\/uploads\/2026\/01\/Logo-2-1.webp","contentUrl":"https:\/\/kohenavocats.com\/wp-content\/uploads\/2026\/01\/Logo-2-1.webp","width":2114,"height":1253,"caption":"Kohen Avocats"},"image":{"@id":"https:\/\/kohenavocats.com\/en\/#\/schema\/logo\/image\/"}},{"@type":"Person","@id":"https:\/\/kohenavocats.com\/en\/#\/schema\/person\/761c9ba54fa1ca84d405cef0831ff751","name":"Kohen","image":{"@type":"ImageObject","inLanguage":"en-US","@id":"https:\/\/secure.gravatar.com\/avatar\/1c5e76ef76bbbfdd2b4da984e2bf2fa4056fd51a27d25ce2c332047f1dfd6e00?s=96&d=identicon&r=g","url":"https:\/\/secure.gravatar.com\/avatar\/1c5e76ef76bbbfdd2b4da984e2bf2fa4056fd51a27d25ce2c332047f1dfd6e00?s=96&d=identicon&r=g","contentUrl":"https:\/\/secure.gravatar.com\/avatar\/1c5e76ef76bbbfdd2b4da984e2bf2fa4056fd51a27d25ce2c332047f1dfd6e00?s=96&d=identicon&r=g","caption":"Kohen"},"sameAs":["https:\/\/www.linkedin.com\/in\/hassan-kohen-448548192\/","https:\/\/www.youtube.com\/@Kohen-Avocats"],"url":"https:\/\/kohenavocats.com\/en\/author\/kohenmlk\/"}]}},"jetpack_featured_media_url":"https:\/\/kohenavocats.com\/wp-content\/uploads\/2024\/08\/pierre-antona-ir9dYEOvx5s-unsplash.webp","jetpack_likes_enabled":false,"jetpack_shortlink":"https:\/\/wp.me\/peCrII-2IOo","jetpack-related-posts":[{"id":529771,"url":"https:\/\/kohenavocats.com\/en\/cour-dappel-de-amiens-le-3-octobre-2025-n25-00502\/","url_meta":{"origin":648916,"position":0},"title":"Cour d&#8217;appel de Amiens, le 3 octobre 2025, n\u00b025\/00502","author":"Kohen","date":"9 April 2026","format":false,"excerpt":"La Cour d'appel, dans un arr\u00eat du 4 juillet 2025, statue sur un litige opposant une caisse de s\u00e9curit\u00e9 sociale \u00e0 une soci\u00e9t\u00e9 concernant l'imputation...","rel":"","context":"In &quot;Cour d'appel&quot;","block_context":{"text":"Cour d'appel","link":"https:\/\/kohenavocats.com\/category\/cour-dappel\/"},"img":{"alt_text":"","src":"https:\/\/i0.wp.com\/kohenavocats.com\/wp-content\/uploads\/2024\/11\/getty-images-3YlszAwDqLI-unsplash.webp?resize=350%2C200&ssl=1","width":350,"height":200,"srcset":"https:\/\/i0.wp.com\/kohenavocats.com\/wp-content\/uploads\/2024\/11\/getty-images-3YlszAwDqLI-unsplash.webp?resize=350%2C200&ssl=1 1x, https:\/\/i0.wp.com\/kohenavocats.com\/wp-content\/uploads\/2024\/11\/getty-images-3YlszAwDqLI-unsplash.webp?resize=525%2C300&ssl=1 1.5x, https:\/\/i0.wp.com\/kohenavocats.com\/wp-content\/uploads\/2024\/11\/getty-images-3YlszAwDqLI-unsplash.webp?resize=700%2C400&ssl=1 2x, https:\/\/i0.wp.com\/kohenavocats.com\/wp-content\/uploads\/2024\/11\/getty-images-3YlszAwDqLI-unsplash.webp?resize=1050%2C600&ssl=1 3x, https:\/\/i0.wp.com\/kohenavocats.com\/wp-content\/uploads\/2024\/11\/getty-images-3YlszAwDqLI-unsplash.webp?resize=1400%2C800&ssl=1 4x"},"classes":[]},{"id":52854,"url":"https:\/\/kohenavocats.com\/en\/cour-dappel-de-amiens-le-11-juillet-2025-n25-01315\/","url_meta":{"origin":648916,"position":1},"title":"Cour d&#8217;appel de Amiens, le 11 juillet 2025, n\u00b025\/01315","author":"Kohen","date":"8 November 2025","format":false,"excerpt":"La Cour d'appel d'Amiens, 11 juillet 2025, statue en mati\u00e8re de tarification AT\/MP sur l\u2019imputation des co\u00fbts d\u2019un accident impliquant un salari\u00e9 int\u00e9rimaire. L\u2019employeur utilisateur a demand\u00e9 le retrait partiel des co\u00fbts port\u00e9s sur ses comptes 2018 et 2022, soutenant une mauvaise r\u00e9partition entre entreprise de travail temporaire et utilisatrice.\u2026","rel":"","context":"In &quot;Cour d'appel&quot;","block_context":{"text":"Cour d'appel","link":"https:\/\/kohenavocats.com\/category\/cour-dappel\/"},"img":{"alt_text":"","src":"https:\/\/i0.wp.com\/kohenavocats.com\/wp-content\/uploads\/2024\/08\/lisa-IfngoxB5ORA-unsplash-1.webp?resize=350%2C200&ssl=1","width":350,"height":200,"srcset":"https:\/\/i0.wp.com\/kohenavocats.com\/wp-content\/uploads\/2024\/08\/lisa-IfngoxB5ORA-unsplash-1.webp?resize=350%2C200&ssl=1 1x, https:\/\/i0.wp.com\/kohenavocats.com\/wp-content\/uploads\/2024\/08\/lisa-IfngoxB5ORA-unsplash-1.webp?resize=525%2C300&ssl=1 1.5x, https:\/\/i0.wp.com\/kohenavocats.com\/wp-content\/uploads\/2024\/08\/lisa-IfngoxB5ORA-unsplash-1.webp?resize=700%2C400&ssl=1 2x, https:\/\/i0.wp.com\/kohenavocats.com\/wp-content\/uploads\/2024\/08\/lisa-IfngoxB5ORA-unsplash-1.webp?resize=1050%2C600&ssl=1 3x, https:\/\/i0.wp.com\/kohenavocats.com\/wp-content\/uploads\/2024\/08\/lisa-IfngoxB5ORA-unsplash-1.webp?resize=1400%2C800&ssl=1 4x"},"classes":[]},{"id":236200,"url":"https:\/\/kohenavocats.com\/en\/cour-de-justice-de-lunion-europeenne-le-25-mars-2021-nc-152-19\/","url_meta":{"origin":648916,"position":2},"title":"Cour de justice de l&#8217;Union europ\u00e9enne, le 25 mars 2021, n\u00b0C-152\/19","author":"Kohen","date":"29 December 2025","format":false,"excerpt":"L'arr\u00eat rendu par la Cour de justice de l'Union europ\u00e9enne le 25 mars 2021, dans l'affaire n\u00b0 C-152\/19 P, pr\u00e9cise le r\u00e9gime de l'abus de position dominante. Ce litige oppose un op\u00e9rateur historique de t\u00e9l\u00e9communications \u00e0 l'institution europ\u00e9enne suite \u00e0 une condamnation pour des pratiques tarifaires abusives sur le march\u00e9\u2026","rel":"","context":"In &quot;Cour de justice de l'Union europeenne&quot;","block_context":{"text":"Cour de justice de l'Union europeenne","link":"https:\/\/kohenavocats.com\/category\/cour-de-justice-de-lunion-europeenne\/"},"img":{"alt_text":"","src":"https:\/\/i0.wp.com\/kohenavocats.com\/wp-content\/uploads\/2024\/11\/jay-skyler-Ysbp5CrlNDo-unsplash.webp?resize=350%2C200&ssl=1","width":350,"height":200,"srcset":"https:\/\/i0.wp.com\/kohenavocats.com\/wp-content\/uploads\/2024\/11\/jay-skyler-Ysbp5CrlNDo-unsplash.webp?resize=350%2C200&ssl=1 1x, https:\/\/i0.wp.com\/kohenavocats.com\/wp-content\/uploads\/2024\/11\/jay-skyler-Ysbp5CrlNDo-unsplash.webp?resize=525%2C300&ssl=1 1.5x, https:\/\/i0.wp.com\/kohenavocats.com\/wp-content\/uploads\/2024\/11\/jay-skyler-Ysbp5CrlNDo-unsplash.webp?resize=700%2C400&ssl=1 2x, https:\/\/i0.wp.com\/kohenavocats.com\/wp-content\/uploads\/2024\/11\/jay-skyler-Ysbp5CrlNDo-unsplash.webp?resize=1050%2C600&ssl=1 3x, https:\/\/i0.wp.com\/kohenavocats.com\/wp-content\/uploads\/2024\/11\/jay-skyler-Ysbp5CrlNDo-unsplash.webp?resize=1400%2C800&ssl=1 4x"},"classes":[]},{"id":648921,"url":"https:\/\/kohenavocats.com\/en\/cour-dappel-le-5-septembre-2025-n24-01037\/","url_meta":{"origin":648916,"position":3},"title":"Cour d&#8217;appel, le 5 septembre 2025, n\u00b024\/01037","author":"Kohen","date":"22 April 2026","format":false,"excerpt":"La Cour d'appel, statuant le 5 septembre 2025, examine le recours d'un employeur contestant l'imputation du co\u00fbt de maladies professionnelles sur son compte....","rel":"","context":"In &quot;Jurisprudence&quot;","block_context":{"text":"Jurisprudence","link":"https:\/\/kohenavocats.com\/category\/jurisprudence\/"},"img":{"alt_text":"","src":"https:\/\/i0.wp.com\/kohenavocats.com\/wp-content\/uploads\/2024\/11\/getty-images-aGTPv7ghZYc-unsplash.webp?resize=350%2C200&ssl=1","width":350,"height":200,"srcset":"https:\/\/i0.wp.com\/kohenavocats.com\/wp-content\/uploads\/2024\/11\/getty-images-aGTPv7ghZYc-unsplash.webp?resize=350%2C200&ssl=1 1x, https:\/\/i0.wp.com\/kohenavocats.com\/wp-content\/uploads\/2024\/11\/getty-images-aGTPv7ghZYc-unsplash.webp?resize=525%2C300&ssl=1 1.5x, https:\/\/i0.wp.com\/kohenavocats.com\/wp-content\/uploads\/2024\/11\/getty-images-aGTPv7ghZYc-unsplash.webp?resize=700%2C400&ssl=1 2x, https:\/\/i0.wp.com\/kohenavocats.com\/wp-content\/uploads\/2024\/11\/getty-images-aGTPv7ghZYc-unsplash.webp?resize=1050%2C600&ssl=1 3x, https:\/\/i0.wp.com\/kohenavocats.com\/wp-content\/uploads\/2024\/11\/getty-images-aGTPv7ghZYc-unsplash.webp?resize=1400%2C800&ssl=1 4x"},"classes":[]},{"id":649127,"url":"https:\/\/kohenavocats.com\/en\/cour-dappel-de-amiens-le-5-juillet-2025-n25-00809\/","url_meta":{"origin":648916,"position":4},"title":"Cour d&#8217;appel de Amiens, le 5 juillet 2025, n\u00b025\/00809","author":"Kohen","date":"22 April 2026","format":false,"excerpt":"La cour d'appel d'Amiens, statuant en mati\u00e8re de tarification, rend un arr\u00eat le 5 juillet 2025. Une entreprise contestait l'imputation \u00e0 son compte de maladi...","rel":"","context":"In &quot;Jurisprudence&quot;","block_context":{"text":"Jurisprudence","link":"https:\/\/kohenavocats.com\/category\/jurisprudence\/"},"img":{"alt_text":"","src":"https:\/\/i0.wp.com\/kohenavocats.com\/wp-content\/uploads\/2024\/11\/gabriella-clare-marino-Sv8mgd51JZ4-unsplash.webp?resize=350%2C200&ssl=1","width":350,"height":200,"srcset":"https:\/\/i0.wp.com\/kohenavocats.com\/wp-content\/uploads\/2024\/11\/gabriella-clare-marino-Sv8mgd51JZ4-unsplash.webp?resize=350%2C200&ssl=1 1x, https:\/\/i0.wp.com\/kohenavocats.com\/wp-content\/uploads\/2024\/11\/gabriella-clare-marino-Sv8mgd51JZ4-unsplash.webp?resize=525%2C300&ssl=1 1.5x, https:\/\/i0.wp.com\/kohenavocats.com\/wp-content\/uploads\/2024\/11\/gabriella-clare-marino-Sv8mgd51JZ4-unsplash.webp?resize=700%2C400&ssl=1 2x, https:\/\/i0.wp.com\/kohenavocats.com\/wp-content\/uploads\/2024\/11\/gabriella-clare-marino-Sv8mgd51JZ4-unsplash.webp?resize=1050%2C600&ssl=1 3x, https:\/\/i0.wp.com\/kohenavocats.com\/wp-content\/uploads\/2024\/11\/gabriella-clare-marino-Sv8mgd51JZ4-unsplash.webp?resize=1400%2C800&ssl=1 4x"},"classes":[]},{"id":455848,"url":"https:\/\/kohenavocats.com\/en\/caa-caa-de-marseille-09-02-2026-n-24ma01609\/","url_meta":{"origin":648916,"position":5},"title":"CAA \u2013 CAA de MARSEILLE \u2013 09\/02\/2026 \u2013 n\u00b0 24MA01609","author":"Kohen","date":"6 April 2026","format":false,"excerpt":"Le litige concerne la responsabilit\u00e9 contractuelle d'une autorit\u00e9 conc\u00e9dante ayant refus\u00e9 de r\u00e9viser les tarifs d'un contrat de d\u00e9l\u00e9gation de service...","rel":"","context":"In &quot;Juridictions administratives&quot;","block_context":{"text":"Juridictions administratives","link":"https:\/\/kohenavocats.com\/category\/juridictions-administratives\/"},"img":{"alt_text":"","src":"https:\/\/i0.wp.com\/kohenavocats.com\/wp-content\/uploads\/2024\/07\/henry-be-Pg63JThyCg-unsplash.webp?resize=350%2C200&ssl=1","width":350,"height":200,"srcset":"https:\/\/i0.wp.com\/kohenavocats.com\/wp-content\/uploads\/2024\/07\/henry-be-Pg63JThyCg-unsplash.webp?resize=350%2C200&ssl=1 1x, https:\/\/i0.wp.com\/kohenavocats.com\/wp-content\/uploads\/2024\/07\/henry-be-Pg63JThyCg-unsplash.webp?resize=525%2C300&ssl=1 1.5x, https:\/\/i0.wp.com\/kohenavocats.com\/wp-content\/uploads\/2024\/07\/henry-be-Pg63JThyCg-unsplash.webp?resize=700%2C400&ssl=1 2x, https:\/\/i0.wp.com\/kohenavocats.com\/wp-content\/uploads\/2024\/07\/henry-be-Pg63JThyCg-unsplash.webp?resize=1050%2C600&ssl=1 3x, https:\/\/i0.wp.com\/kohenavocats.com\/wp-content\/uploads\/2024\/07\/henry-be-Pg63JThyCg-unsplash.webp?resize=1400%2C800&ssl=1 4x"},"classes":[]}],"jetpack_sharing_enabled":true,"_links":{"self":[{"href":"https:\/\/kohenavocats.com\/en\/wp-json\/wp\/v2\/posts\/648916","targetHints":{"allow":["GET"]}}],"collection":[{"href":"https:\/\/kohenavocats.com\/en\/wp-json\/wp\/v2\/posts"}],"about":[{"href":"https:\/\/kohenavocats.com\/en\/wp-json\/wp\/v2\/types\/post"}],"author":[{"embeddable":true,"href":"https:\/\/kohenavocats.com\/en\/wp-json\/wp\/v2\/users\/232070755"}],"replies":[{"embeddable":true,"href":"https:\/\/kohenavocats.com\/en\/wp-json\/wp\/v2\/comments?post=648916"}],"version-history":[{"count":0,"href":"https:\/\/kohenavocats.com\/en\/wp-json\/wp\/v2\/posts\/648916\/revisions"}],"wp:featuredmedia":[{"embeddable":true,"href":"https:\/\/kohenavocats.com\/en\/wp-json\/wp\/v2\/media\/4741"}],"wp:attachment":[{"href":"https:\/\/kohenavocats.com\/en\/wp-json\/wp\/v2\/media?parent=648916"}],"wp:term":[{"taxonomy":"category","embeddable":true,"href":"https:\/\/kohenavocats.com\/en\/wp-json\/wp\/v2\/categories?post=648916"},{"taxonomy":"post_tag","embeddable":true,"href":"https:\/\/kohenavocats.com\/en\/wp-json\/wp\/v2\/tags?post=648916"}],"curies":[{"name":"wp","href":"https:\/\/api.w.org\/{rel}","templated":true}]}}