{"id":649016,"date":"2026-04-22T15:05:11","date_gmt":"2026-04-22T13:05:11","guid":{"rendered":"https:\/\/kohenavocats.com\/cour-dappel-de-paris-le-12-juillet-2024-n22-01534\/"},"modified":"2026-04-22T15:05:11","modified_gmt":"2026-04-22T13:05:11","slug":"cour-dappel-de-paris-le-12-juillet-2024-n22-01534","status":"publish","type":"post","link":"https:\/\/kohenavocats.com\/en\/cour-dappel-de-paris-le-12-juillet-2024-n22-01534\/","title":{"rendered":"Cour d&#8217;appel de Paris, le 12 juillet 2024, n\u00b022\/01534"},"content":{"rendered":"<div class=\"article-content\">\n<p>La cour d&#8217;appel de Paris, statuant le 12 juillet 2024, examine un litige n\u00e9 de la r\u00e9solution d&#8217;un contrat complexe d&#8217;int\u00e9gration de progiciel. Le prestataire fait appel d&#8217;un jugement ayant reconnu le bien-fond\u00e9 de la r\u00e9solution notifi\u00e9e par son cocontractant et ordonn\u00e9 la restitution des sommes vers\u00e9es. La cour doit trancher sur la r\u00e9gularit\u00e9 proc\u00e9durale des pr\u00e9tentions et sur le fond du diff\u00e9rend contractuel.<\/p>\n<p>La r\u00e9gularit\u00e9 des pr\u00e9tentions en appel<br \/>\nL&#8217;appelant contestait la r\u00e9gularit\u00e9 de la d\u00e9claration d&#8217;appel de son adversaire. La cour \u00e9carte ce moyen en relevant que l&#8217;acte d&#8217;appel vise express\u00e9ment les chefs du jugement critiqu\u00e9s. &#8220;La d\u00e9claration d&#8217;appel est faite par acte contenant, outre les mentions prescrites (&#8230;) les chefs du jugement express\u00e9ment critiqu\u00e9s auxquels l&#8217;appel est limit\u00e9&#8221; (article 901 4\u00b0 du code de proc\u00e9dure civile). La formulation employ\u00e9e par les premiers juges n&#8217;affecte pas la r\u00e9gularit\u00e9 de la critique.<\/p>\n<p>En revanche, la cour d\u00e9clare irrecevable une pr\u00e9tention subsidiaire en r\u00e9solution judiciaire. L&#8217;intim\u00e9 ne l&#8217;avait pas pr\u00e9sent\u00e9e en temps utile dans la proc\u00e9dure d&#8217;appel. Cette application stricte de l&#8217;article 910-4 du code de proc\u00e9dure civile sanctionne le d\u00e9faut de pr\u00e9sentation imm\u00e9diate de l&#8217;ensemble des pr\u00e9tentions. Elle garantit l&#8217;\u00e9quit\u00e9 du d\u00e9bat et la loyaut\u00e9 proc\u00e9durale en \u00e9vitant les demandes tardives.<\/p>\n<p>Le bien-fond\u00e9 de la r\u00e9solution notifi\u00e9e<br \/>\nLa cour r\u00e9examine la nature des obligations et les manquements reproch\u00e9s. Elle \u00e9carte la qualification d&#8217;obligation de r\u00e9sultat retenue en premi\u00e8re instance. Un simple cahier des charges non sign\u00e9 ne peut int\u00e9grer le contrat. &#8220;Les contrats l\u00e9galement form\u00e9s tiennent lieu de loi \u00e0 ceux qui les ont faits&#8221; (article 1103 du code civil). La prestation complexe rel\u00e8ve d&#8217;une obligation de moyens, sauf convention expresse contraire.<\/p>\n<p>La cour identifie ensuite un manquement caract\u00e9ris\u00e9 du prestataire \u00e0 son obligation de bonne foi. Celui-ci a persist\u00e9 pendant neuf mois \u00e0 exiger un paiement sans r\u00e9pondre aux observations sur l&#8217;avancement des travaux. &#8220;Les contrats doivent \u00eatre n\u00e9goci\u00e9s, form\u00e9s et ex\u00e9cut\u00e9s de bonne foi&#8221; (article 1104 du code civil). Ce comportement a compromis irr\u00e9m\u00e9diablement l&#8217;aboutissement du projet. La r\u00e9solution notifi\u00e9e \u00e9tait donc justifi\u00e9e, m\u00eame sans mise en demeure pr\u00e9alable, au vu de la gravit\u00e9 de l&#8217;inex\u00e9cution.<\/p>\n<p>Les cons\u00e9quences de l&#8217;an\u00e9antissement r\u00e9troactif<br \/>\nLa confirmation de la r\u00e9solution entra\u00eene logiquement la restitution des sommes vers\u00e9es. &#8220;Les restitutions r\u00e9sultant d\u2019une r\u00e9solution contractuelle sont un effet direct et n\u00e9cessaire de l\u2019an\u00e9antissement du contrat&#8221; (Tribunal judiciaire, le 4 f\u00e9vrier 2025, n\u00b023\/03300). La cour valide ainsi la condamnation du prestataire \u00e0 rembourser les acomptes, cons\u00e9quence l\u00e9gale de la r\u00e9solution.<\/p>\n<p>Concernant les demandes indemnitaires, la cour op\u00e8re un r\u00e9\u00e9quilibrage. Elle infirme l&#8217;allocation de dommages-int\u00e9r\u00eats pour pr\u00e9judice financier. Aucune clause ne garantissait les b\u00e9n\u00e9fices escompt\u00e9s. &#8220;Le d\u00e9biteur n&#8217;est tenu que des dommages et int\u00e9r\u00eats qui ont \u00e9t\u00e9 pr\u00e9vus ou qui pouvaient \u00eatre pr\u00e9vus lors de la conclusion du contrat&#8221; (article 1231-3 du code civil). En revanche, elle rejette les autres demandes indemnitaires de l&#8217;acheteur, faute de preuve suffisante.<\/p>\n<p>Cet arr\u00eat pr\u00e9cise les conditions d&#8217;une r\u00e9solution extrajudiciaire justifi\u00e9e par une inex\u00e9cution grave. Il rappelle la primaut\u00e9 de la bonne foi dans l&#8217;ex\u00e9cution des contrats complexes. La sanction proc\u00e9durale inflig\u00e9e \u00e0 une demande subsidiaire tardive renforce la s\u00e9curit\u00e9 juridique. Enfin, il d\u00e9limite strictement le pr\u00e9judice r\u00e9parable, excluant toute indemnisation pour des gains hypoth\u00e9tiques non garantis.<\/p>\n<\/div>\n","protected":false},"excerpt":{"rendered":"<p>La cour d&#8217;appel de Paris, statuant le 12 juillet 2024, examine un litige n\u00e9 de la r\u00e9solution d&#8217;un contrat complexe d&#8217;int\u00e9gration de progiciel. Le prestataire&#8230;<\/p>\n","protected":false},"author":232070755,"featured_media":9687,"comment_status":"open","ping_status":"open","sticky":false,"template":"","format":"standard","meta":{"_crdt_document":"","_jetpack_newsletter_access":"","_jetpack_dont_email_post_to_subs":false,"_jetpack_newsletter_tier_id":0,"_jetpack_memberships_contains_paywalled_content":false,"_kj_source_type":"judilibre","_kj_official_id":"68e1fb84364b3ebed3bf0638","_kj_official_url":"https:\/\/www.courdecassation.fr\/decision\/68e1fb84364b3ebed3bf0638","_kj_judilibre_id":"68e1fb84364b3ebed3bf0638","_kj_jur":"Cour d'appel","_kj_lieu":"Cour d'appel de Paris","_kj_chambre":"P\u00f4le 5 - Chambre 11","_kj_rg":"22\/01534","_kj_date":"2025-10-03","_jetpack_memberships_contains_paid_content":false,"footnotes":"","jetpack_post_was_ever_published":false},"categories":[7597],"tags":[],"class_list":["post-649016","post","type-post","status-publish","format-standard","has-post-thumbnail","hentry","category-jurisprudence"],"yoast_head":"<!-- This site is optimized with the Yoast SEO Premium plugin v27.5 (Yoast SEO v27.5) - https:\/\/yoast.com\/product\/yoast-seo-premium-wordpress\/ -->\n<title>Cour d&#039;appel de Paris, le 12 juillet 2024, n\u00b022\/01534 - Ma\u00eetre Hassan Kohen, avocat en droit p\u00e9nal \u00e0 Paris<\/title>\n<meta name=\"description\" content=\"La cour d&#039;appel de Paris, statuant le 12 juillet 2024, examine un litige n\u00e9 de la r\u00e9solution d&#039;un contrat complexe d&#039;int\u00e9gration de progiciel. Le prestataire...\" \/>\n<meta name=\"robots\" content=\"index, follow, max-snippet:-1, max-image-preview:large, max-video-preview:-1\" \/>\n<link rel=\"canonical\" href=\"https:\/\/kohenavocats.com\/en\/cour-dappel-de-paris-le-12-juillet-2024-n22-01534\/\" \/>\n<meta property=\"og:locale\" content=\"en_US\" \/>\n<meta property=\"og:type\" content=\"article\" \/>\n<meta property=\"og:title\" content=\"Cour d&#039;appel de Paris, le 12 juillet 2024, n\u00b022\/01534\" \/>\n<meta property=\"og:description\" content=\"La cour d&#039;appel de Paris, statuant le 12 juillet 2024, examine un litige n\u00e9 de la r\u00e9solution d&#039;un contrat complexe d&#039;int\u00e9gration de progiciel. Le prestataire...\" \/>\n<meta property=\"og:url\" content=\"https:\/\/kohenavocats.com\/en\/cour-dappel-de-paris-le-12-juillet-2024-n22-01534\/\" \/>\n<meta property=\"og:site_name\" content=\"Ma\u00eetre Hassan Kohen, avocat en droit p\u00e9nal \u00e0 Paris\" \/>\n<meta property=\"article:published_time\" content=\"2026-04-22T13:05:11+00:00\" \/>\n<meta property=\"og:image\" content=\"https:\/\/kohenavocats.com\/wp-content\/uploads\/2024\/11\/bhavik-nasit-otN0Zt25rIk-unsplash.webp\" \/>\n\t<meta property=\"og:image:width\" content=\"6000\" \/>\n\t<meta property=\"og:image:height\" content=\"4000\" \/>\n\t<meta property=\"og:image:type\" content=\"image\/webp\" \/>\n<meta name=\"author\" content=\"Kohen\" \/>\n<meta name=\"twitter:card\" content=\"summary_large_image\" \/>\n<meta name=\"twitter:label1\" content=\"Written by\" \/>\n\t<meta name=\"twitter:data1\" content=\"Kohen\" \/>\n\t<meta name=\"twitter:label2\" content=\"Est. reading time\" \/>\n\t<meta name=\"twitter:data2\" content=\"3 minutes\" \/>\n<script type=\"application\/ld+json\" class=\"yoast-schema-graph\">{\"@context\":\"https:\\\/\\\/schema.org\",\"@graph\":[{\"@type\":\"Article\",\"@id\":\"https:\\\/\\\/kohenavocats.com\\\/en\\\/cour-dappel-de-paris-le-12-juillet-2024-n22-01534\\\/#article\",\"isPartOf\":{\"@id\":\"https:\\\/\\\/kohenavocats.com\\\/en\\\/cour-dappel-de-paris-le-12-juillet-2024-n22-01534\\\/\"},\"author\":{\"name\":\"Kohen\",\"@id\":\"https:\\\/\\\/kohenavocats.com\\\/en\\\/#\\\/schema\\\/person\\\/761c9ba54fa1ca84d405cef0831ff751\"},\"headline\":\"Cour d&#8217;appel de Paris, le 12 juillet 2024, n\u00b022\\\/01534\",\"datePublished\":\"2026-04-22T13:05:11+00:00\",\"mainEntityOfPage\":{\"@id\":\"https:\\\/\\\/kohenavocats.com\\\/en\\\/cour-dappel-de-paris-le-12-juillet-2024-n22-01534\\\/\"},\"wordCount\":651,\"commentCount\":0,\"publisher\":{\"@id\":\"https:\\\/\\\/kohenavocats.com\\\/en\\\/#organization\"},\"image\":{\"@id\":\"https:\\\/\\\/kohenavocats.com\\\/en\\\/cour-dappel-de-paris-le-12-juillet-2024-n22-01534\\\/#primaryimage\"},\"thumbnailUrl\":\"https:\\\/\\\/kohenavocats.com\\\/wp-content\\\/uploads\\\/2024\\\/11\\\/bhavik-nasit-otN0Zt25rIk-unsplash.webp\",\"articleSection\":[\"Jurisprudence\"],\"inLanguage\":\"en-US\",\"potentialAction\":[{\"@type\":\"CommentAction\",\"name\":\"Comment\",\"target\":[\"https:\\\/\\\/kohenavocats.com\\\/en\\\/cour-dappel-de-paris-le-12-juillet-2024-n22-01534\\\/#respond\"]}],\"citation\":\"Cour d&#8217;appel de Paris, le 12 juillet 2024, n\u00b022\\\/01534\",\"about\":[{\"@type\":\"Thing\",\"name\":\"Jurisprudence\"}],\"dateModified\":\"2026-04-22T13:05:11+00:00\",\"speakable\":{\"@type\":\"SpeakableSpecification\",\"cssSelector\":[\".article-content > p:first-of-type\"]}},{\"@type\":\"WebPage\",\"@id\":\"https:\\\/\\\/kohenavocats.com\\\/en\\\/cour-dappel-de-paris-le-12-juillet-2024-n22-01534\\\/\",\"url\":\"https:\\\/\\\/kohenavocats.com\\\/en\\\/cour-dappel-de-paris-le-12-juillet-2024-n22-01534\\\/\",\"name\":\"Cour d'appel de Paris, le 12 juillet 2024, n\u00b022\\\/01534 - Ma\u00eetre Hassan Kohen, avocat en droit p\u00e9nal \u00e0 Paris\",\"isPartOf\":{\"@id\":\"https:\\\/\\\/kohenavocats.com\\\/en\\\/#website\"},\"primaryImageOfPage\":{\"@id\":\"https:\\\/\\\/kohenavocats.com\\\/en\\\/cour-dappel-de-paris-le-12-juillet-2024-n22-01534\\\/#primaryimage\"},\"image\":{\"@id\":\"https:\\\/\\\/kohenavocats.com\\\/en\\\/cour-dappel-de-paris-le-12-juillet-2024-n22-01534\\\/#primaryimage\"},\"thumbnailUrl\":\"https:\\\/\\\/kohenavocats.com\\\/wp-content\\\/uploads\\\/2024\\\/11\\\/bhavik-nasit-otN0Zt25rIk-unsplash.webp\",\"datePublished\":\"2026-04-22T13:05:11+00:00\",\"description\":\"La cour d'appel de Paris, statuant le 12 juillet 2024, examine un litige n\u00e9 de la r\u00e9solution d'un contrat complexe d'int\u00e9gration de progiciel. Le prestataire...\",\"breadcrumb\":{\"@id\":\"https:\\\/\\\/kohenavocats.com\\\/en\\\/cour-dappel-de-paris-le-12-juillet-2024-n22-01534\\\/#breadcrumb\"},\"inLanguage\":\"en-US\",\"potentialAction\":[{\"@type\":\"ReadAction\",\"target\":[\"https:\\\/\\\/kohenavocats.com\\\/en\\\/cour-dappel-de-paris-le-12-juillet-2024-n22-01534\\\/\"]}]},{\"@type\":\"ImageObject\",\"inLanguage\":\"en-US\",\"@id\":\"https:\\\/\\\/kohenavocats.com\\\/en\\\/cour-dappel-de-paris-le-12-juillet-2024-n22-01534\\\/#primaryimage\",\"url\":\"https:\\\/\\\/kohenavocats.com\\\/wp-content\\\/uploads\\\/2024\\\/11\\\/bhavik-nasit-otN0Zt25rIk-unsplash.webp\",\"contentUrl\":\"https:\\\/\\\/kohenavocats.com\\\/wp-content\\\/uploads\\\/2024\\\/11\\\/bhavik-nasit-otN0Zt25rIk-unsplash.webp\",\"width\":6000,\"height\":4000},{\"@type\":\"BreadcrumbList\",\"@id\":\"https:\\\/\\\/kohenavocats.com\\\/en\\\/cour-dappel-de-paris-le-12-juillet-2024-n22-01534\\\/#breadcrumb\",\"itemListElement\":[{\"@type\":\"ListItem\",\"position\":1,\"name\":\"Home\",\"item\":\"https:\\\/\\\/kohenavocats.com\\\/en\\\/criminal-law-attorneys-in-paris-counsel-and-strategic-defense\\\/\"},{\"@type\":\"ListItem\",\"position\":2,\"name\":\"Cour d&rsquo;appel de Paris, le 12 juillet 2024, n\u00b022\\\/01534\"}]},{\"@type\":\"WebSite\",\"@id\":\"https:\\\/\\\/kohenavocats.com\\\/en\\\/#website\",\"url\":\"https:\\\/\\\/kohenavocats.com\\\/en\\\/\",\"name\":\"Kohen Avocats\",\"description\":\"Ma\u00eetre Hassan Kohen, avocat p\u00e9naliste \u00e0 Paris, intervient exclusivement en droit p\u00e9nal pour la d\u00e9fense des particuliers, notamment en mati\u00e8re d\u2019accusations de viol. Il assure un accompagnement rigoureux d\u00e8s la garde \u00e0 vue jusqu\u2019\u00e0 la Cour d\u2019assises, veillant au strict respect des garanties proc\u00e9durales.\",\"publisher\":{\"@id\":\"https:\\\/\\\/kohenavocats.com\\\/en\\\/#organization\"},\"potentialAction\":[{\"@type\":\"SearchAction\",\"target\":{\"@type\":\"EntryPoint\",\"urlTemplate\":\"https:\\\/\\\/kohenavocats.com\\\/en\\\/?s={search_term_string}\"},\"query-input\":{\"@type\":\"PropertyValueSpecification\",\"valueRequired\":true,\"valueName\":\"search_term_string\"}}],\"inLanguage\":\"en-US\"},{\"@type\":\"Organization\",\"@id\":\"https:\\\/\\\/kohenavocats.com\\\/en\\\/#organization\",\"name\":\"Kohen Avocats\",\"url\":\"https:\\\/\\\/kohenavocats.com\\\/en\\\/\",\"logo\":{\"@type\":\"ImageObject\",\"inLanguage\":\"en-US\",\"@id\":\"https:\\\/\\\/kohenavocats.com\\\/en\\\/#\\\/schema\\\/logo\\\/image\\\/\",\"url\":\"https:\\\/\\\/kohenavocats.com\\\/wp-content\\\/uploads\\\/2026\\\/01\\\/Logo-2-1.webp\",\"contentUrl\":\"https:\\\/\\\/kohenavocats.com\\\/wp-content\\\/uploads\\\/2026\\\/01\\\/Logo-2-1.webp\",\"width\":2114,\"height\":1253,\"caption\":\"Kohen Avocats\"},\"image\":{\"@id\":\"https:\\\/\\\/kohenavocats.com\\\/en\\\/#\\\/schema\\\/logo\\\/image\\\/\"}},{\"@type\":\"Person\",\"@id\":\"https:\\\/\\\/kohenavocats.com\\\/en\\\/#\\\/schema\\\/person\\\/761c9ba54fa1ca84d405cef0831ff751\",\"name\":\"Kohen\",\"image\":{\"@type\":\"ImageObject\",\"inLanguage\":\"en-US\",\"@id\":\"https:\\\/\\\/secure.gravatar.com\\\/avatar\\\/1c5e76ef76bbbfdd2b4da984e2bf2fa4056fd51a27d25ce2c332047f1dfd6e00?s=96&d=identicon&r=g\",\"url\":\"https:\\\/\\\/secure.gravatar.com\\\/avatar\\\/1c5e76ef76bbbfdd2b4da984e2bf2fa4056fd51a27d25ce2c332047f1dfd6e00?s=96&d=identicon&r=g\",\"contentUrl\":\"https:\\\/\\\/secure.gravatar.com\\\/avatar\\\/1c5e76ef76bbbfdd2b4da984e2bf2fa4056fd51a27d25ce2c332047f1dfd6e00?s=96&d=identicon&r=g\",\"caption\":\"Kohen\"},\"sameAs\":[\"https:\\\/\\\/www.linkedin.com\\\/in\\\/hassan-kohen-448548192\\\/\",\"https:\\\/\\\/www.youtube.com\\\/@Kohen-Avocats\"],\"url\":\"https:\\\/\\\/kohenavocats.com\\\/en\\\/author\\\/kohenmlk\\\/\"}]}<\/script>\n<!-- \/ Yoast SEO Premium plugin. -->","yoast_head_json":{"title":"Cour d'appel de Paris, le 12 juillet 2024, n\u00b022\/01534 - Ma\u00eetre Hassan Kohen, avocat en droit p\u00e9nal \u00e0 Paris","description":"La cour d'appel de Paris, statuant le 12 juillet 2024, examine un litige n\u00e9 de la r\u00e9solution d'un contrat complexe d'int\u00e9gration de progiciel. Le prestataire...","robots":{"index":"index","follow":"follow","max-snippet":"max-snippet:-1","max-image-preview":"max-image-preview:large","max-video-preview":"max-video-preview:-1"},"canonical":"https:\/\/kohenavocats.com\/en\/cour-dappel-de-paris-le-12-juillet-2024-n22-01534\/","og_locale":"en_US","og_type":"article","og_title":"Cour d'appel de Paris, le 12 juillet 2024, n\u00b022\/01534","og_description":"La cour d'appel de Paris, statuant le 12 juillet 2024, examine un litige n\u00e9 de la r\u00e9solution d'un contrat complexe d'int\u00e9gration de progiciel. Le prestataire...","og_url":"https:\/\/kohenavocats.com\/en\/cour-dappel-de-paris-le-12-juillet-2024-n22-01534\/","og_site_name":"Ma\u00eetre Hassan Kohen, avocat en droit p\u00e9nal \u00e0 Paris","article_published_time":"2026-04-22T13:05:11+00:00","og_image":[{"width":6000,"height":4000,"url":"https:\/\/kohenavocats.com\/wp-content\/uploads\/2024\/11\/bhavik-nasit-otN0Zt25rIk-unsplash.webp","type":"image\/webp"}],"author":"Kohen","twitter_card":"summary_large_image","twitter_misc":{"Written by":"Kohen","Est. reading time":"3 minutes"},"schema":{"@context":"https:\/\/schema.org","@graph":[{"@type":"Article","@id":"https:\/\/kohenavocats.com\/en\/cour-dappel-de-paris-le-12-juillet-2024-n22-01534\/#article","isPartOf":{"@id":"https:\/\/kohenavocats.com\/en\/cour-dappel-de-paris-le-12-juillet-2024-n22-01534\/"},"author":{"name":"Kohen","@id":"https:\/\/kohenavocats.com\/en\/#\/schema\/person\/761c9ba54fa1ca84d405cef0831ff751"},"headline":"Cour d&#8217;appel de Paris, le 12 juillet 2024, n\u00b022\/01534","datePublished":"2026-04-22T13:05:11+00:00","mainEntityOfPage":{"@id":"https:\/\/kohenavocats.com\/en\/cour-dappel-de-paris-le-12-juillet-2024-n22-01534\/"},"wordCount":651,"commentCount":0,"publisher":{"@id":"https:\/\/kohenavocats.com\/en\/#organization"},"image":{"@id":"https:\/\/kohenavocats.com\/en\/cour-dappel-de-paris-le-12-juillet-2024-n22-01534\/#primaryimage"},"thumbnailUrl":"https:\/\/kohenavocats.com\/wp-content\/uploads\/2024\/11\/bhavik-nasit-otN0Zt25rIk-unsplash.webp","articleSection":["Jurisprudence"],"inLanguage":"en-US","potentialAction":[{"@type":"CommentAction","name":"Comment","target":["https:\/\/kohenavocats.com\/en\/cour-dappel-de-paris-le-12-juillet-2024-n22-01534\/#respond"]}],"citation":"Cour d&#8217;appel de Paris, le 12 juillet 2024, n\u00b022\/01534","about":[{"@type":"Thing","name":"Jurisprudence"}],"dateModified":"2026-04-22T13:05:11+00:00","speakable":{"@type":"SpeakableSpecification","cssSelector":[".article-content > p:first-of-type"]}},{"@type":"WebPage","@id":"https:\/\/kohenavocats.com\/en\/cour-dappel-de-paris-le-12-juillet-2024-n22-01534\/","url":"https:\/\/kohenavocats.com\/en\/cour-dappel-de-paris-le-12-juillet-2024-n22-01534\/","name":"Cour d'appel de Paris, le 12 juillet 2024, n\u00b022\/01534 - Ma\u00eetre Hassan Kohen, avocat en droit p\u00e9nal \u00e0 Paris","isPartOf":{"@id":"https:\/\/kohenavocats.com\/en\/#website"},"primaryImageOfPage":{"@id":"https:\/\/kohenavocats.com\/en\/cour-dappel-de-paris-le-12-juillet-2024-n22-01534\/#primaryimage"},"image":{"@id":"https:\/\/kohenavocats.com\/en\/cour-dappel-de-paris-le-12-juillet-2024-n22-01534\/#primaryimage"},"thumbnailUrl":"https:\/\/kohenavocats.com\/wp-content\/uploads\/2024\/11\/bhavik-nasit-otN0Zt25rIk-unsplash.webp","datePublished":"2026-04-22T13:05:11+00:00","description":"La cour d'appel de Paris, statuant le 12 juillet 2024, examine un litige n\u00e9 de la r\u00e9solution d'un contrat complexe d'int\u00e9gration de progiciel. Le prestataire...","breadcrumb":{"@id":"https:\/\/kohenavocats.com\/en\/cour-dappel-de-paris-le-12-juillet-2024-n22-01534\/#breadcrumb"},"inLanguage":"en-US","potentialAction":[{"@type":"ReadAction","target":["https:\/\/kohenavocats.com\/en\/cour-dappel-de-paris-le-12-juillet-2024-n22-01534\/"]}]},{"@type":"ImageObject","inLanguage":"en-US","@id":"https:\/\/kohenavocats.com\/en\/cour-dappel-de-paris-le-12-juillet-2024-n22-01534\/#primaryimage","url":"https:\/\/kohenavocats.com\/wp-content\/uploads\/2024\/11\/bhavik-nasit-otN0Zt25rIk-unsplash.webp","contentUrl":"https:\/\/kohenavocats.com\/wp-content\/uploads\/2024\/11\/bhavik-nasit-otN0Zt25rIk-unsplash.webp","width":6000,"height":4000},{"@type":"BreadcrumbList","@id":"https:\/\/kohenavocats.com\/en\/cour-dappel-de-paris-le-12-juillet-2024-n22-01534\/#breadcrumb","itemListElement":[{"@type":"ListItem","position":1,"name":"Home","item":"https:\/\/kohenavocats.com\/en\/criminal-law-attorneys-in-paris-counsel-and-strategic-defense\/"},{"@type":"ListItem","position":2,"name":"Cour d&rsquo;appel de Paris, le 12 juillet 2024, n\u00b022\/01534"}]},{"@type":"WebSite","@id":"https:\/\/kohenavocats.com\/en\/#website","url":"https:\/\/kohenavocats.com\/en\/","name":"Kohen Avocats","description":"Ma\u00eetre Hassan Kohen, avocat p\u00e9naliste \u00e0 Paris, intervient exclusivement en droit p\u00e9nal pour la d\u00e9fense des particuliers, notamment en mati\u00e8re d\u2019accusations de viol. Il assure un accompagnement rigoureux d\u00e8s la garde \u00e0 vue jusqu\u2019\u00e0 la Cour d\u2019assises, veillant au strict respect des garanties proc\u00e9durales.","publisher":{"@id":"https:\/\/kohenavocats.com\/en\/#organization"},"potentialAction":[{"@type":"SearchAction","target":{"@type":"EntryPoint","urlTemplate":"https:\/\/kohenavocats.com\/en\/?s={search_term_string}"},"query-input":{"@type":"PropertyValueSpecification","valueRequired":true,"valueName":"search_term_string"}}],"inLanguage":"en-US"},{"@type":"Organization","@id":"https:\/\/kohenavocats.com\/en\/#organization","name":"Kohen Avocats","url":"https:\/\/kohenavocats.com\/en\/","logo":{"@type":"ImageObject","inLanguage":"en-US","@id":"https:\/\/kohenavocats.com\/en\/#\/schema\/logo\/image\/","url":"https:\/\/kohenavocats.com\/wp-content\/uploads\/2026\/01\/Logo-2-1.webp","contentUrl":"https:\/\/kohenavocats.com\/wp-content\/uploads\/2026\/01\/Logo-2-1.webp","width":2114,"height":1253,"caption":"Kohen Avocats"},"image":{"@id":"https:\/\/kohenavocats.com\/en\/#\/schema\/logo\/image\/"}},{"@type":"Person","@id":"https:\/\/kohenavocats.com\/en\/#\/schema\/person\/761c9ba54fa1ca84d405cef0831ff751","name":"Kohen","image":{"@type":"ImageObject","inLanguage":"en-US","@id":"https:\/\/secure.gravatar.com\/avatar\/1c5e76ef76bbbfdd2b4da984e2bf2fa4056fd51a27d25ce2c332047f1dfd6e00?s=96&d=identicon&r=g","url":"https:\/\/secure.gravatar.com\/avatar\/1c5e76ef76bbbfdd2b4da984e2bf2fa4056fd51a27d25ce2c332047f1dfd6e00?s=96&d=identicon&r=g","contentUrl":"https:\/\/secure.gravatar.com\/avatar\/1c5e76ef76bbbfdd2b4da984e2bf2fa4056fd51a27d25ce2c332047f1dfd6e00?s=96&d=identicon&r=g","caption":"Kohen"},"sameAs":["https:\/\/www.linkedin.com\/in\/hassan-kohen-448548192\/","https:\/\/www.youtube.com\/@Kohen-Avocats"],"url":"https:\/\/kohenavocats.com\/en\/author\/kohenmlk\/"}]}},"jetpack_featured_media_url":"https:\/\/kohenavocats.com\/wp-content\/uploads\/2024\/11\/bhavik-nasit-otN0Zt25rIk-unsplash.webp","jetpack_likes_enabled":false,"jetpack_shortlink":"https:\/\/wp.me\/peCrII-2IQ0","jetpack-related-posts":[{"id":81512,"url":"https:\/\/kohenavocats.com\/en\/cour-dappel-de-paris-le-9-juillet-2025-n23-14326\/","url_meta":{"origin":649016,"position":0},"title":"Cour d&#8217;appel de Paris, le 9 juillet 2025, n\u00b023\/14326","author":"Kohen","date":"10 November 2025","format":false,"excerpt":"Par arr\u00eat de la Cour d'appel de Paris, P\u00f4le 5 \u2013 Chambre 1, du 9 juillet 2025 (n\u00b0 111\/2025), la juridiction statue sur un d\u00e9f\u00e9r\u00e9 dirig\u00e9 contre une ordonnance du 8 avril 2025 du conseiller de la mise en \u00e9tat. Le litige au fond porte sur la protection d\u2019un monopole\u2026","rel":"","context":"In &quot;Cour d'appel&quot;","block_context":{"text":"Cour d'appel","link":"https:\/\/kohenavocats.com\/category\/cour-dappel\/"},"img":{"alt_text":"","src":"https:\/\/i0.wp.com\/kohenavocats.com\/wp-content\/uploads\/2024\/11\/haut-risque-JoyJpFZM-ZE-unsplash.webp?resize=350%2C200&ssl=1","width":350,"height":200,"srcset":"https:\/\/i0.wp.com\/kohenavocats.com\/wp-content\/uploads\/2024\/11\/haut-risque-JoyJpFZM-ZE-unsplash.webp?resize=350%2C200&ssl=1 1x, https:\/\/i0.wp.com\/kohenavocats.com\/wp-content\/uploads\/2024\/11\/haut-risque-JoyJpFZM-ZE-unsplash.webp?resize=525%2C300&ssl=1 1.5x, https:\/\/i0.wp.com\/kohenavocats.com\/wp-content\/uploads\/2024\/11\/haut-risque-JoyJpFZM-ZE-unsplash.webp?resize=700%2C400&ssl=1 2x, https:\/\/i0.wp.com\/kohenavocats.com\/wp-content\/uploads\/2024\/11\/haut-risque-JoyJpFZM-ZE-unsplash.webp?resize=1050%2C600&ssl=1 3x, https:\/\/i0.wp.com\/kohenavocats.com\/wp-content\/uploads\/2024\/11\/haut-risque-JoyJpFZM-ZE-unsplash.webp?resize=1400%2C800&ssl=1 4x"},"classes":[]},{"id":616239,"url":"https:\/\/kohenavocats.com\/en\/cour-dappel-de-paris-le-4-juin-2025-n22-04475\/","url_meta":{"origin":649016,"position":1},"title":"Cour d&#8217;appel de Paris, le 4 juin 2025, n\u00b022\/04475","author":"Kohen","date":"20 April 2026","format":false,"excerpt":"La cour d\u2019appel de Paris, statuant le 4 juin 2025, examine un litige n\u00e9 du licenciement d\u2019un salari\u00e9 suite \u00e0 la liquidation judiciaire de son employeur. Le s...","rel":"","context":"In &quot;Jurisprudence&quot;","block_context":{"text":"Jurisprudence","link":"https:\/\/kohenavocats.com\/category\/jurisprudence\/"},"img":{"alt_text":"","src":"https:\/\/i0.wp.com\/kohenavocats.com\/wp-content\/uploads\/2024\/11\/getty-images-UzSgkFUhmVc-unsplash.webp?resize=350%2C200&ssl=1","width":350,"height":200,"srcset":"https:\/\/i0.wp.com\/kohenavocats.com\/wp-content\/uploads\/2024\/11\/getty-images-UzSgkFUhmVc-unsplash.webp?resize=350%2C200&ssl=1 1x, https:\/\/i0.wp.com\/kohenavocats.com\/wp-content\/uploads\/2024\/11\/getty-images-UzSgkFUhmVc-unsplash.webp?resize=525%2C300&ssl=1 1.5x, https:\/\/i0.wp.com\/kohenavocats.com\/wp-content\/uploads\/2024\/11\/getty-images-UzSgkFUhmVc-unsplash.webp?resize=700%2C400&ssl=1 2x, https:\/\/i0.wp.com\/kohenavocats.com\/wp-content\/uploads\/2024\/11\/getty-images-UzSgkFUhmVc-unsplash.webp?resize=1050%2C600&ssl=1 3x, https:\/\/i0.wp.com\/kohenavocats.com\/wp-content\/uploads\/2024\/11\/getty-images-UzSgkFUhmVc-unsplash.webp?resize=1400%2C800&ssl=1 4x"},"classes":[]},{"id":443664,"url":"https:\/\/kohenavocats.com\/en\/cour-dappel-le-23-octobre-2025-n22-04475\/","url_meta":{"origin":649016,"position":2},"title":"Cour d&#8217;appel, le 23 octobre 2025, n\u00b022\/04475","author":"","date":"4 April 2026","format":false,"excerpt":"La Cour d\u2019appel de Paris, dans un arr\u00eat du 23 octobre 2025, a statu\u00e9 sur un litige n\u00e9 d\u2019un licenciement \u00e9conomique cons\u00e9cutif \u00e0 la liquidation judiciaire...","rel":"","context":"In &quot;Cour d'appel&quot;","block_context":{"text":"Cour d'appel","link":"https:\/\/kohenavocats.com\/category\/cour-dappel\/"},"img":{"alt_text":"","src":"https:\/\/i0.wp.com\/kohenavocats.com\/wp-content\/uploads\/2024\/11\/getty-images-7NmYG4-AE24-unsplash.webp?resize=350%2C200&ssl=1","width":350,"height":200,"srcset":"https:\/\/i0.wp.com\/kohenavocats.com\/wp-content\/uploads\/2024\/11\/getty-images-7NmYG4-AE24-unsplash.webp?resize=350%2C200&ssl=1 1x, https:\/\/i0.wp.com\/kohenavocats.com\/wp-content\/uploads\/2024\/11\/getty-images-7NmYG4-AE24-unsplash.webp?resize=525%2C300&ssl=1 1.5x, https:\/\/i0.wp.com\/kohenavocats.com\/wp-content\/uploads\/2024\/11\/getty-images-7NmYG4-AE24-unsplash.webp?resize=700%2C400&ssl=1 2x, https:\/\/i0.wp.com\/kohenavocats.com\/wp-content\/uploads\/2024\/11\/getty-images-7NmYG4-AE24-unsplash.webp?resize=1050%2C600&ssl=1 3x, https:\/\/i0.wp.com\/kohenavocats.com\/wp-content\/uploads\/2024\/11\/getty-images-7NmYG4-AE24-unsplash.webp?resize=1400%2C800&ssl=1 4x"},"classes":[]},{"id":654773,"url":"https:\/\/kohenavocats.com\/en\/cour-dappel-de-paris-le-10-juillet-2024-n22-10905\/","url_meta":{"origin":649016,"position":3},"title":"Cour d&#8217;appel de Paris, le 10 juillet 2024, n\u00b022\/10905","author":"Kohen","date":"23 April 2026","format":false,"excerpt":"La cour d'appel de Paris, statuant le 10 juillet 2024, a examin\u00e9 un litige relatif \u00e0 un contrat d'assurance d\u00e9c\u00e8s accidentel. Le b\u00e9n\u00e9ficiaire demandait le ve...","rel":"","context":"In &quot;Jurisprudence&quot;","block_context":{"text":"Jurisprudence","link":"https:\/\/kohenavocats.com\/category\/jurisprudence\/"},"img":{"alt_text":"","src":"https:\/\/i0.wp.com\/kohenavocats.com\/wp-content\/uploads\/2024\/11\/alexander-mils-LH6ZMdmq_9Y-unsplash.webp?resize=350%2C200&ssl=1","width":350,"height":200,"srcset":"https:\/\/i0.wp.com\/kohenavocats.com\/wp-content\/uploads\/2024\/11\/alexander-mils-LH6ZMdmq_9Y-unsplash.webp?resize=350%2C200&ssl=1 1x, https:\/\/i0.wp.com\/kohenavocats.com\/wp-content\/uploads\/2024\/11\/alexander-mils-LH6ZMdmq_9Y-unsplash.webp?resize=525%2C300&ssl=1 1.5x, https:\/\/i0.wp.com\/kohenavocats.com\/wp-content\/uploads\/2024\/11\/alexander-mils-LH6ZMdmq_9Y-unsplash.webp?resize=700%2C400&ssl=1 2x, https:\/\/i0.wp.com\/kohenavocats.com\/wp-content\/uploads\/2024\/11\/alexander-mils-LH6ZMdmq_9Y-unsplash.webp?resize=1050%2C600&ssl=1 3x, https:\/\/i0.wp.com\/kohenavocats.com\/wp-content\/uploads\/2024\/11\/alexander-mils-LH6ZMdmq_9Y-unsplash.webp?resize=1400%2C800&ssl=1 4x"},"classes":[]},{"id":616240,"url":"https:\/\/kohenavocats.com\/en\/cour-dappel-de-paris-le-4-juin-2025-n22-04471\/","url_meta":{"origin":649016,"position":4},"title":"Cour d&#8217;appel de Paris, le 4 juin 2025, n\u00b022\/04471","author":"Kohen","date":"20 April 2026","format":false,"excerpt":"La cour d\u2019appel de Paris, statuant le 4 juin 2025, examine un litige n\u00e9 d\u2019un licenciement prononc\u00e9 apr\u00e8s une proc\u00e9dure de transfert d\u2019entreprise. Le conseil ...","rel":"","context":"In &quot;Jurisprudence&quot;","block_context":{"text":"Jurisprudence","link":"https:\/\/kohenavocats.com\/category\/jurisprudence\/"},"img":{"alt_text":"","src":"https:\/\/i0.wp.com\/kohenavocats.com\/wp-content\/uploads\/2024\/11\/mohamed-nohassi-_amjPlrSrKA-unsplash.webp?resize=350%2C200&ssl=1","width":350,"height":200,"srcset":"https:\/\/i0.wp.com\/kohenavocats.com\/wp-content\/uploads\/2024\/11\/mohamed-nohassi-_amjPlrSrKA-unsplash.webp?resize=350%2C200&ssl=1 1x, https:\/\/i0.wp.com\/kohenavocats.com\/wp-content\/uploads\/2024\/11\/mohamed-nohassi-_amjPlrSrKA-unsplash.webp?resize=525%2C300&ssl=1 1.5x, https:\/\/i0.wp.com\/kohenavocats.com\/wp-content\/uploads\/2024\/11\/mohamed-nohassi-_amjPlrSrKA-unsplash.webp?resize=700%2C400&ssl=1 2x, https:\/\/i0.wp.com\/kohenavocats.com\/wp-content\/uploads\/2024\/11\/mohamed-nohassi-_amjPlrSrKA-unsplash.webp?resize=1050%2C600&ssl=1 3x, https:\/\/i0.wp.com\/kohenavocats.com\/wp-content\/uploads\/2024\/11\/mohamed-nohassi-_amjPlrSrKA-unsplash.webp?resize=1400%2C800&ssl=1 4x"},"classes":[]},{"id":231543,"url":"https:\/\/kohenavocats.com\/en\/cour-dappel-de-aix-en-provence-le-4-juillet-2025-n21-14038\/","url_meta":{"origin":649016,"position":5},"title":"Cour d&#8217;appel de Aix-en-Provence, le 4 juillet 2025, n\u00b021\/14038","author":"Kohen","date":"28 December 2025","format":false,"excerpt":"Un arr\u00eat rendu par la Cour d'appel d'Aix-en-Provence le 4 juillet 2025 illustre les exigences proc\u00e9durales relatives \u00e0 la d\u00e9claration d'appel. Cette d\u00e9cision avant dire droit soul\u00e8ve une difficult\u00e9 quant \u00e0 la r\u00e9gularit\u00e9 de la saisine de la juridiction du second degr\u00e9.Un salari\u00e9 a \u00e9t\u00e9 mis \u00e0 disposition d'une soci\u00e9t\u00e9\u2026","rel":"","context":"In &quot;Cour d'appel&quot;","block_context":{"text":"Cour d'appel","link":"https:\/\/kohenavocats.com\/category\/cour-dappel\/"},"img":{"alt_text":"","src":"https:\/\/i0.wp.com\/kohenavocats.com\/wp-content\/uploads\/2024\/11\/alex-shuper-O3uK7nvrxdI-unsplash.webp?resize=350%2C200&ssl=1","width":350,"height":200,"srcset":"https:\/\/i0.wp.com\/kohenavocats.com\/wp-content\/uploads\/2024\/11\/alex-shuper-O3uK7nvrxdI-unsplash.webp?resize=350%2C200&ssl=1 1x, https:\/\/i0.wp.com\/kohenavocats.com\/wp-content\/uploads\/2024\/11\/alex-shuper-O3uK7nvrxdI-unsplash.webp?resize=525%2C300&ssl=1 1.5x, https:\/\/i0.wp.com\/kohenavocats.com\/wp-content\/uploads\/2024\/11\/alex-shuper-O3uK7nvrxdI-unsplash.webp?resize=700%2C400&ssl=1 2x, https:\/\/i0.wp.com\/kohenavocats.com\/wp-content\/uploads\/2024\/11\/alex-shuper-O3uK7nvrxdI-unsplash.webp?resize=1050%2C600&ssl=1 3x, https:\/\/i0.wp.com\/kohenavocats.com\/wp-content\/uploads\/2024\/11\/alex-shuper-O3uK7nvrxdI-unsplash.webp?resize=1400%2C800&ssl=1 4x"},"classes":[]}],"jetpack_sharing_enabled":true,"_links":{"self":[{"href":"https:\/\/kohenavocats.com\/en\/wp-json\/wp\/v2\/posts\/649016","targetHints":{"allow":["GET"]}}],"collection":[{"href":"https:\/\/kohenavocats.com\/en\/wp-json\/wp\/v2\/posts"}],"about":[{"href":"https:\/\/kohenavocats.com\/en\/wp-json\/wp\/v2\/types\/post"}],"author":[{"embeddable":true,"href":"https:\/\/kohenavocats.com\/en\/wp-json\/wp\/v2\/users\/232070755"}],"replies":[{"embeddable":true,"href":"https:\/\/kohenavocats.com\/en\/wp-json\/wp\/v2\/comments?post=649016"}],"version-history":[{"count":0,"href":"https:\/\/kohenavocats.com\/en\/wp-json\/wp\/v2\/posts\/649016\/revisions"}],"wp:featuredmedia":[{"embeddable":true,"href":"https:\/\/kohenavocats.com\/en\/wp-json\/wp\/v2\/media\/9687"}],"wp:attachment":[{"href":"https:\/\/kohenavocats.com\/en\/wp-json\/wp\/v2\/media?parent=649016"}],"wp:term":[{"taxonomy":"category","embeddable":true,"href":"https:\/\/kohenavocats.com\/en\/wp-json\/wp\/v2\/categories?post=649016"},{"taxonomy":"post_tag","embeddable":true,"href":"https:\/\/kohenavocats.com\/en\/wp-json\/wp\/v2\/tags?post=649016"}],"curies":[{"name":"wp","href":"https:\/\/api.w.org\/{rel}","templated":true}]}}