{"id":649881,"date":"2026-04-22T17:22:36","date_gmt":"2026-04-22T15:22:36","guid":{"rendered":"https:\/\/kohenavocats.com\/tribunal-judiciaire-de-saint-nazaire-le-5-juin-2025-n24-01556\/"},"modified":"2026-04-22T17:22:36","modified_gmt":"2026-04-22T15:22:36","slug":"tribunal-judiciaire-de-saint-nazaire-le-5-juin-2025-n24-01556","status":"publish","type":"post","link":"https:\/\/kohenavocats.com\/en\/tribunal-judiciaire-de-saint-nazaire-le-5-juin-2025-n24-01556\/","title":{"rendered":"Tribunal judiciaire de Saint-Nazaire, le 5 juin 2025, n\u00b024\/01556"},"content":{"rendered":"<div class=\"article-content\">\n<p>Le juge de l&#8217;ex\u00e9cution du tribunal judiciaire de Mulhouse, statuant le 5 juin 2025, examine une contestation de saisie-attribution. Un cr\u00e9ancier, titulaire d&#8217;un jugement d\u00e9finitif, a proc\u00e9d\u00e9 \u00e0 une saisie sur les comptes bancaires d&#8217;un d\u00e9biteur. Ce dernier, pr\u00e9alablement d\u00e9clar\u00e9 recevable \u00e0 une proc\u00e9dure de surendettement, conteste le calcul des int\u00e9r\u00eats moratoires inclus dans la cr\u00e9ance saisie. La juridiction doit d\u00e9terminer l&#8217;impact du moratoire d\u00e9cid\u00e9 par la commission de surendettement sur la production de ces int\u00e9r\u00eats et v\u00e9rifier leur prescription \u00e9ventuelle. Le juge cantonne finalement la saisie \u00e0 une somme inf\u00e9rieure \u00e0 celle r\u00e9clam\u00e9e, en excluant les int\u00e9r\u00eats prescrits.<\/p>\n<p>La coexistence des proc\u00e9dures civiles et de surendettement<\/p>\n<p>L&#8217;effet suspensif du moratoire sur l&#8217;exigibilit\u00e9. Le jugement rappelle que l&#8217;ouverture d&#8217;une proc\u00e9dure de surendettement affecte le cours des int\u00e9r\u00eats de retard. Il constate que le d\u00e9biteur a \u00e9t\u00e9 d\u00e9clar\u00e9 recevable le 12 mai 2015 et qu&#8217;un moratoire de 24 mois a \u00e9t\u00e9 notifi\u00e9 le 27 ao\u00fbt suivant. Toutefois, le cr\u00e9ancier avait pr\u00e9alablement obtenu un titre ex\u00e9cutoire le 26 octobre 2015. La d\u00e9cision estime que ce titre, d\u00e9sormais d\u00e9finitif, fixe irr\u00e9vocablement la cr\u00e9ance et ses accessoires. L&#8217;ex\u00e9cution du jugement \u00e9tait seulement diff\u00e9r\u00e9e pendant la dur\u00e9e du plan. Le sens de cette analyse est de pr\u00e9server l&#8217;autorit\u00e9 de la chose jug\u00e9e face aux mesures de la commission. La valeur r\u00e9side dans la primaut\u00e9 reconnue \u00e0 la d\u00e9cision juridictionnelle d\u00e9finitive. La port\u00e9e est importante pour les cr\u00e9anciers titulaires d&#8217;un tel titre, qui peuvent ainsi s\u00e9curiser leur cr\u00e9ance malgr\u00e9 le moratoire.<\/p>\n<p>La persistance de la productivit\u00e9 des int\u00e9r\u00eats conventionnels. Le juge \u00e9carte l&#8217;application de l&#8217;article L722-14 du code de la consommation concernant la suspension des int\u00e9r\u00eats de retard. Il consid\u00e8re que cette disposition ne peut \u00eatre oppos\u00e9e au cr\u00e9ancier titulaire d&#8217;un jugement d\u00e9finitif. &#8220;Compte tenu de la proc\u00e9dure de surendettement, l\u2019ex\u00e9cution de ce jugement \u00e9tait seulement diff\u00e9r\u00e9e pendant la dur\u00e9e du plan, sans que puisse \u00eatre oppos\u00e9 au cr\u00e9ancier le fait que les int\u00e9r\u00eats n\u2019aient pas couru pendant cette p\u00e9riode.&#8221; (Motifs, I). Cette interpr\u00e9tation distingue l&#8217;exigibilit\u00e9, suspendue, de la production m\u00eame des int\u00e9r\u00eats, qui se poursuit. La jurisprudence du Tribunal judiciaire de Valence apporte un \u00e9clairage compl\u00e9mentaire en pr\u00e9cisant que, durant une suspension, seules les sommes dues au titre du capital peuvent \u00eatre productives d&#8217;int\u00e9r\u00eats. &#8220;Durant cette p\u00e9riode, seules les sommes dues au titre du capital peuvent \u00eatre productives d&#8217;int\u00e9r\u00eats dont le taux n&#8217;exc\u00e8de pas le taux de l&#8217;int\u00e9r\u00eat l\u00e9gal.&#8221; (Tribunal judiciaire de Valence, le 3 f\u00e9vrier 2026, n\u00b025\/00104). La port\u00e9e de la solution est de maintenir la force obligatoire du contrat et du titre qui en est issu.<\/p>\n<p>Le r\u00e9gime de la prescription des int\u00e9r\u00eats moratoires<\/p>\n<p>L&#8217;interruption de la prescription par les actes d&#8217;ex\u00e9cution. Le juge applique rigoureusement la prescription biennale des int\u00e9r\u00eats pr\u00e9vue \u00e0 l&#8217;article L218-2 du code de la consommation. Il examine la validit\u00e9 des actes interruptifs de prescription, en l&#8217;occurrence des commandements de payer. Ces actes doivent \u00eatre rapport\u00e9s \u00e0 l&#8217;encontre de chacun des cod\u00e9biteurs solidaires pour \u00eatre efficaces. La d\u00e9cision rel\u00e8ve que la prescription a \u00e9t\u00e9 r\u00e9guli\u00e8rement interrompue par des significations en 2016 et 2017. En cons\u00e9quence, la prescription a \u00e9t\u00e9 acquise le 1er ao\u00fbt 2019 pour les int\u00e9r\u00eats ant\u00e9rieurs \u00e0 cette date. Un nouvel acte intervenu en 2023 a interrompu la prescription pour la p\u00e9riode ult\u00e9rieure. Le sens de cette analyse est d&#8217;assurer une s\u00e9curit\u00e9 juridique en limitant dans le temps la r\u00e9clamation d&#8217;int\u00e9r\u00eats \u00e9chus. La valeur pratique est consid\u00e9rable pour le d\u00e9biteur, qui peut se lib\u00e9rer d&#8217;une partie de sa dette par l&#8217;effet du temps.<\/p>\n<p>Le cantonnement de la cr\u00e9ance saisissable aux seuls int\u00e9r\u00eats non prescrits. Le calcul final op\u00e9r\u00e9 par le juge illustre l&#8217;application concr\u00e8te des r\u00e8gles de prescription. La saisie-attribution est cantonn\u00e9e au principal de la condamnation, augment\u00e9 des int\u00e9r\u00eats non prescrits. &#8220;La saisie litigieuse \u00e9tant intervenue le 09 f\u00e9vrier 2024, interrompant la prescription pour les int\u00e9r\u00eats \u00e9chus depuis le 28 f\u00e9vrier 2021, le cr\u00e9ancier est recevable \u00e0 r\u00e9clamer les int\u00e9r\u00eats capitalis\u00e9s ayant couru depuis le 28 f\u00e9vrier 2021.&#8221; (Motifs, I). Les int\u00e9r\u00eats ant\u00e9rieurs \u00e0 cette date sont d\u00e9clar\u00e9s prescrits et exclus du gage du cr\u00e9ancier. La d\u00e9cision ordonne en cons\u00e9quence la production d&#8217;un nouveau d\u00e9compte limit\u00e9 \u00e0 cette p\u00e9riode. La port\u00e9e de ce cantonnement est de prot\u00e9ger le d\u00e9biteur contre la r\u00e9clamation d&#8217;int\u00e9r\u00eats trop anciens, tout en respectant les droits du cr\u00e9ancier sur la p\u00e9riode r\u00e9cente. Cela \u00e9quilibre les int\u00e9r\u00eats des parties au regard de la dur\u00e9e de l&#8217;inex\u00e9cution.<\/p>\n<\/div>\n","protected":false},"excerpt":{"rendered":"<p>Le juge de l&#8217;ex\u00e9cution du tribunal judiciaire de Mulhouse, statuant le 5 juin 2025, examine une contestation de saisie-attribution. Un cr\u00e9ancier, titulaire d&#8230;<\/p>\n","protected":false},"author":232070755,"featured_media":4876,"comment_status":"open","ping_status":"open","sticky":false,"template":"","format":"standard","meta":{"_crdt_document":"","_jetpack_newsletter_access":"","_jetpack_dont_email_post_to_subs":false,"_jetpack_newsletter_tier_id":0,"_jetpack_memberships_contains_paywalled_content":false,"_kj_source_type":"judilibre","_kj_official_id":"68e572040e2901d10fa4d33f","_kj_official_url":"https:\/\/www.courdecassation.fr\/decision\/68e572040e2901d10fa4d33f","_kj_judilibre_id":"68e572040e2901d10fa4d33f","_kj_jur":"Tribunal judiciaire","_kj_lieu":"Tribunal judiciaire de Saint-Nazaire","_kj_chambre":"Chambre de l'Ex\u00e9cution","_kj_rg":"24\/01556","_kj_date":"2025-10-02","_jetpack_memberships_contains_paid_content":false,"footnotes":"","jetpack_post_was_ever_published":false},"categories":[7597],"tags":[],"class_list":["post-649881","post","type-post","status-publish","format-standard","has-post-thumbnail","hentry","category-jurisprudence"],"yoast_head":"<!-- This site is optimized with the Yoast SEO Premium plugin v27.5 (Yoast SEO v27.5) - https:\/\/yoast.com\/product\/yoast-seo-premium-wordpress\/ -->\n<title>Tribunal judiciaire de Saint-Nazaire, le 5 juin 2025, n\u00b024\/01556 - Ma\u00eetre Hassan Kohen, avocat en droit p\u00e9nal \u00e0 Paris<\/title>\n<meta name=\"description\" content=\"Le juge de l&#039;ex\u00e9cution du tribunal judiciaire de Mulhouse, statuant le 5 juin 2025, examine une contestation de saisie-attribution. Un cr\u00e9ancier, titulaire d...\" \/>\n<meta name=\"robots\" content=\"index, follow, max-snippet:-1, max-image-preview:large, max-video-preview:-1\" \/>\n<link rel=\"canonical\" href=\"https:\/\/kohenavocats.com\/en\/tribunal-judiciaire-de-saint-nazaire-le-5-juin-2025-n24-01556\/\" \/>\n<meta property=\"og:locale\" content=\"en_US\" \/>\n<meta property=\"og:type\" content=\"article\" \/>\n<meta property=\"og:title\" content=\"Tribunal judiciaire de Saint-Nazaire, le 5 juin 2025, n\u00b024\/01556\" \/>\n<meta property=\"og:description\" content=\"Le juge de l&#039;ex\u00e9cution du tribunal judiciaire de Mulhouse, statuant le 5 juin 2025, examine une contestation de saisie-attribution. Un cr\u00e9ancier, titulaire d...\" \/>\n<meta property=\"og:url\" content=\"https:\/\/kohenavocats.com\/en\/tribunal-judiciaire-de-saint-nazaire-le-5-juin-2025-n24-01556\/\" \/>\n<meta property=\"og:site_name\" content=\"Ma\u00eetre Hassan Kohen, avocat en droit p\u00e9nal \u00e0 Paris\" \/>\n<meta property=\"article:published_time\" content=\"2026-04-22T15:22:36+00:00\" \/>\n<meta property=\"og:image\" content=\"https:\/\/kohenavocats.com\/wp-content\/uploads\/2024\/08\/linda-pomerantz-zhang-mYckxziRXkk-unsplash.webp\" \/>\n\t<meta property=\"og:image:width\" content=\"3888\" \/>\n\t<meta property=\"og:image:height\" content=\"2592\" \/>\n\t<meta property=\"og:image:type\" content=\"image\/webp\" \/>\n<meta name=\"author\" content=\"Kohen\" \/>\n<meta name=\"twitter:card\" content=\"summary_large_image\" \/>\n<meta name=\"twitter:label1\" content=\"Written by\" \/>\n\t<meta name=\"twitter:data1\" content=\"Kohen\" \/>\n\t<meta name=\"twitter:label2\" content=\"Est. reading time\" \/>\n\t<meta name=\"twitter:data2\" content=\"4 minutes\" \/>\n<script type=\"application\/ld+json\" class=\"yoast-schema-graph\">{\"@context\":\"https:\\\/\\\/schema.org\",\"@graph\":[{\"@type\":\"Article\",\"@id\":\"https:\\\/\\\/kohenavocats.com\\\/en\\\/tribunal-judiciaire-de-saint-nazaire-le-5-juin-2025-n24-01556\\\/#article\",\"isPartOf\":{\"@id\":\"https:\\\/\\\/kohenavocats.com\\\/en\\\/tribunal-judiciaire-de-saint-nazaire-le-5-juin-2025-n24-01556\\\/\"},\"author\":{\"name\":\"Kohen\",\"@id\":\"https:\\\/\\\/kohenavocats.com\\\/en\\\/#\\\/schema\\\/person\\\/761c9ba54fa1ca84d405cef0831ff751\"},\"headline\":\"Tribunal judiciaire de Saint-Nazaire, le 5 juin 2025, n\u00b024\\\/01556\",\"datePublished\":\"2026-04-22T15:22:36+00:00\",\"mainEntityOfPage\":{\"@id\":\"https:\\\/\\\/kohenavocats.com\\\/en\\\/tribunal-judiciaire-de-saint-nazaire-le-5-juin-2025-n24-01556\\\/\"},\"wordCount\":888,\"commentCount\":0,\"publisher\":{\"@id\":\"https:\\\/\\\/kohenavocats.com\\\/en\\\/#organization\"},\"image\":{\"@id\":\"https:\\\/\\\/kohenavocats.com\\\/en\\\/tribunal-judiciaire-de-saint-nazaire-le-5-juin-2025-n24-01556\\\/#primaryimage\"},\"thumbnailUrl\":\"https:\\\/\\\/kohenavocats.com\\\/wp-content\\\/uploads\\\/2024\\\/08\\\/linda-pomerantz-zhang-mYckxziRXkk-unsplash.webp\",\"articleSection\":[\"Jurisprudence\"],\"inLanguage\":\"en-US\",\"potentialAction\":[{\"@type\":\"CommentAction\",\"name\":\"Comment\",\"target\":[\"https:\\\/\\\/kohenavocats.com\\\/en\\\/tribunal-judiciaire-de-saint-nazaire-le-5-juin-2025-n24-01556\\\/#respond\"]}],\"citation\":\"Tribunal judiciaire de Saint-Nazaire, le 5 juin 2025, n\u00b024\\\/01556\",\"about\":[{\"@type\":\"Thing\",\"name\":\"Jurisprudence\"}],\"dateModified\":\"2026-04-22T15:22:36+00:00\",\"speakable\":{\"@type\":\"SpeakableSpecification\",\"cssSelector\":[\".article-content > p:first-of-type\"]}},{\"@type\":\"WebPage\",\"@id\":\"https:\\\/\\\/kohenavocats.com\\\/en\\\/tribunal-judiciaire-de-saint-nazaire-le-5-juin-2025-n24-01556\\\/\",\"url\":\"https:\\\/\\\/kohenavocats.com\\\/en\\\/tribunal-judiciaire-de-saint-nazaire-le-5-juin-2025-n24-01556\\\/\",\"name\":\"Tribunal judiciaire de Saint-Nazaire, le 5 juin 2025, n\u00b024\\\/01556 - Ma\u00eetre Hassan Kohen, avocat en droit p\u00e9nal \u00e0 Paris\",\"isPartOf\":{\"@id\":\"https:\\\/\\\/kohenavocats.com\\\/en\\\/#website\"},\"primaryImageOfPage\":{\"@id\":\"https:\\\/\\\/kohenavocats.com\\\/en\\\/tribunal-judiciaire-de-saint-nazaire-le-5-juin-2025-n24-01556\\\/#primaryimage\"},\"image\":{\"@id\":\"https:\\\/\\\/kohenavocats.com\\\/en\\\/tribunal-judiciaire-de-saint-nazaire-le-5-juin-2025-n24-01556\\\/#primaryimage\"},\"thumbnailUrl\":\"https:\\\/\\\/kohenavocats.com\\\/wp-content\\\/uploads\\\/2024\\\/08\\\/linda-pomerantz-zhang-mYckxziRXkk-unsplash.webp\",\"datePublished\":\"2026-04-22T15:22:36+00:00\",\"description\":\"Le juge de l'ex\u00e9cution du tribunal judiciaire de Mulhouse, statuant le 5 juin 2025, examine une contestation de saisie-attribution. Un cr\u00e9ancier, titulaire d...\",\"breadcrumb\":{\"@id\":\"https:\\\/\\\/kohenavocats.com\\\/en\\\/tribunal-judiciaire-de-saint-nazaire-le-5-juin-2025-n24-01556\\\/#breadcrumb\"},\"inLanguage\":\"en-US\",\"potentialAction\":[{\"@type\":\"ReadAction\",\"target\":[\"https:\\\/\\\/kohenavocats.com\\\/en\\\/tribunal-judiciaire-de-saint-nazaire-le-5-juin-2025-n24-01556\\\/\"]}]},{\"@type\":\"ImageObject\",\"inLanguage\":\"en-US\",\"@id\":\"https:\\\/\\\/kohenavocats.com\\\/en\\\/tribunal-judiciaire-de-saint-nazaire-le-5-juin-2025-n24-01556\\\/#primaryimage\",\"url\":\"https:\\\/\\\/kohenavocats.com\\\/wp-content\\\/uploads\\\/2024\\\/08\\\/linda-pomerantz-zhang-mYckxziRXkk-unsplash.webp\",\"contentUrl\":\"https:\\\/\\\/kohenavocats.com\\\/wp-content\\\/uploads\\\/2024\\\/08\\\/linda-pomerantz-zhang-mYckxziRXkk-unsplash.webp\",\"width\":3888,\"height\":2592},{\"@type\":\"BreadcrumbList\",\"@id\":\"https:\\\/\\\/kohenavocats.com\\\/en\\\/tribunal-judiciaire-de-saint-nazaire-le-5-juin-2025-n24-01556\\\/#breadcrumb\",\"itemListElement\":[{\"@type\":\"ListItem\",\"position\":1,\"name\":\"Home\",\"item\":\"https:\\\/\\\/kohenavocats.com\\\/en\\\/criminal-law-attorneys-in-paris-counsel-and-strategic-defense\\\/\"},{\"@type\":\"ListItem\",\"position\":2,\"name\":\"Tribunal judiciaire de Saint-Nazaire, le 5 juin 2025, n\u00b024\\\/01556\"}]},{\"@type\":\"WebSite\",\"@id\":\"https:\\\/\\\/kohenavocats.com\\\/en\\\/#website\",\"url\":\"https:\\\/\\\/kohenavocats.com\\\/en\\\/\",\"name\":\"Kohen Avocats\",\"description\":\"Ma\u00eetre Hassan Kohen, avocat p\u00e9naliste \u00e0 Paris, intervient exclusivement en droit p\u00e9nal pour la d\u00e9fense des particuliers, notamment en mati\u00e8re d\u2019accusations de viol. Il assure un accompagnement rigoureux d\u00e8s la garde \u00e0 vue jusqu\u2019\u00e0 la Cour d\u2019assises, veillant au strict respect des garanties proc\u00e9durales.\",\"publisher\":{\"@id\":\"https:\\\/\\\/kohenavocats.com\\\/en\\\/#organization\"},\"potentialAction\":[{\"@type\":\"SearchAction\",\"target\":{\"@type\":\"EntryPoint\",\"urlTemplate\":\"https:\\\/\\\/kohenavocats.com\\\/en\\\/?s={search_term_string}\"},\"query-input\":{\"@type\":\"PropertyValueSpecification\",\"valueRequired\":true,\"valueName\":\"search_term_string\"}}],\"inLanguage\":\"en-US\"},{\"@type\":\"Organization\",\"@id\":\"https:\\\/\\\/kohenavocats.com\\\/en\\\/#organization\",\"name\":\"Kohen Avocats\",\"url\":\"https:\\\/\\\/kohenavocats.com\\\/en\\\/\",\"logo\":{\"@type\":\"ImageObject\",\"inLanguage\":\"en-US\",\"@id\":\"https:\\\/\\\/kohenavocats.com\\\/en\\\/#\\\/schema\\\/logo\\\/image\\\/\",\"url\":\"https:\\\/\\\/kohenavocats.com\\\/wp-content\\\/uploads\\\/2026\\\/01\\\/Logo-2-1.webp\",\"contentUrl\":\"https:\\\/\\\/kohenavocats.com\\\/wp-content\\\/uploads\\\/2026\\\/01\\\/Logo-2-1.webp\",\"width\":2114,\"height\":1253,\"caption\":\"Kohen Avocats\"},\"image\":{\"@id\":\"https:\\\/\\\/kohenavocats.com\\\/en\\\/#\\\/schema\\\/logo\\\/image\\\/\"}},{\"@type\":\"Person\",\"@id\":\"https:\\\/\\\/kohenavocats.com\\\/en\\\/#\\\/schema\\\/person\\\/761c9ba54fa1ca84d405cef0831ff751\",\"name\":\"Kohen\",\"image\":{\"@type\":\"ImageObject\",\"inLanguage\":\"en-US\",\"@id\":\"https:\\\/\\\/secure.gravatar.com\\\/avatar\\\/1c5e76ef76bbbfdd2b4da984e2bf2fa4056fd51a27d25ce2c332047f1dfd6e00?s=96&d=identicon&r=g\",\"url\":\"https:\\\/\\\/secure.gravatar.com\\\/avatar\\\/1c5e76ef76bbbfdd2b4da984e2bf2fa4056fd51a27d25ce2c332047f1dfd6e00?s=96&d=identicon&r=g\",\"contentUrl\":\"https:\\\/\\\/secure.gravatar.com\\\/avatar\\\/1c5e76ef76bbbfdd2b4da984e2bf2fa4056fd51a27d25ce2c332047f1dfd6e00?s=96&d=identicon&r=g\",\"caption\":\"Kohen\"},\"sameAs\":[\"https:\\\/\\\/www.linkedin.com\\\/in\\\/hassan-kohen-448548192\\\/\",\"https:\\\/\\\/www.youtube.com\\\/@Kohen-Avocats\"],\"url\":\"https:\\\/\\\/kohenavocats.com\\\/en\\\/author\\\/kohenmlk\\\/\"}]}<\/script>\n<!-- \/ Yoast SEO Premium plugin. -->","yoast_head_json":{"title":"Tribunal judiciaire de Saint-Nazaire, le 5 juin 2025, n\u00b024\/01556 - Ma\u00eetre Hassan Kohen, avocat en droit p\u00e9nal \u00e0 Paris","description":"Le juge de l'ex\u00e9cution du tribunal judiciaire de Mulhouse, statuant le 5 juin 2025, examine une contestation de saisie-attribution. Un cr\u00e9ancier, titulaire d...","robots":{"index":"index","follow":"follow","max-snippet":"max-snippet:-1","max-image-preview":"max-image-preview:large","max-video-preview":"max-video-preview:-1"},"canonical":"https:\/\/kohenavocats.com\/en\/tribunal-judiciaire-de-saint-nazaire-le-5-juin-2025-n24-01556\/","og_locale":"en_US","og_type":"article","og_title":"Tribunal judiciaire de Saint-Nazaire, le 5 juin 2025, n\u00b024\/01556","og_description":"Le juge de l'ex\u00e9cution du tribunal judiciaire de Mulhouse, statuant le 5 juin 2025, examine une contestation de saisie-attribution. Un cr\u00e9ancier, titulaire d...","og_url":"https:\/\/kohenavocats.com\/en\/tribunal-judiciaire-de-saint-nazaire-le-5-juin-2025-n24-01556\/","og_site_name":"Ma\u00eetre Hassan Kohen, avocat en droit p\u00e9nal \u00e0 Paris","article_published_time":"2026-04-22T15:22:36+00:00","og_image":[{"width":3888,"height":2592,"url":"https:\/\/kohenavocats.com\/wp-content\/uploads\/2024\/08\/linda-pomerantz-zhang-mYckxziRXkk-unsplash.webp","type":"image\/webp"}],"author":"Kohen","twitter_card":"summary_large_image","twitter_misc":{"Written by":"Kohen","Est. reading time":"4 minutes"},"schema":{"@context":"https:\/\/schema.org","@graph":[{"@type":"Article","@id":"https:\/\/kohenavocats.com\/en\/tribunal-judiciaire-de-saint-nazaire-le-5-juin-2025-n24-01556\/#article","isPartOf":{"@id":"https:\/\/kohenavocats.com\/en\/tribunal-judiciaire-de-saint-nazaire-le-5-juin-2025-n24-01556\/"},"author":{"name":"Kohen","@id":"https:\/\/kohenavocats.com\/en\/#\/schema\/person\/761c9ba54fa1ca84d405cef0831ff751"},"headline":"Tribunal judiciaire de Saint-Nazaire, le 5 juin 2025, n\u00b024\/01556","datePublished":"2026-04-22T15:22:36+00:00","mainEntityOfPage":{"@id":"https:\/\/kohenavocats.com\/en\/tribunal-judiciaire-de-saint-nazaire-le-5-juin-2025-n24-01556\/"},"wordCount":888,"commentCount":0,"publisher":{"@id":"https:\/\/kohenavocats.com\/en\/#organization"},"image":{"@id":"https:\/\/kohenavocats.com\/en\/tribunal-judiciaire-de-saint-nazaire-le-5-juin-2025-n24-01556\/#primaryimage"},"thumbnailUrl":"https:\/\/kohenavocats.com\/wp-content\/uploads\/2024\/08\/linda-pomerantz-zhang-mYckxziRXkk-unsplash.webp","articleSection":["Jurisprudence"],"inLanguage":"en-US","potentialAction":[{"@type":"CommentAction","name":"Comment","target":["https:\/\/kohenavocats.com\/en\/tribunal-judiciaire-de-saint-nazaire-le-5-juin-2025-n24-01556\/#respond"]}],"citation":"Tribunal judiciaire de Saint-Nazaire, le 5 juin 2025, n\u00b024\/01556","about":[{"@type":"Thing","name":"Jurisprudence"}],"dateModified":"2026-04-22T15:22:36+00:00","speakable":{"@type":"SpeakableSpecification","cssSelector":[".article-content > p:first-of-type"]}},{"@type":"WebPage","@id":"https:\/\/kohenavocats.com\/en\/tribunal-judiciaire-de-saint-nazaire-le-5-juin-2025-n24-01556\/","url":"https:\/\/kohenavocats.com\/en\/tribunal-judiciaire-de-saint-nazaire-le-5-juin-2025-n24-01556\/","name":"Tribunal judiciaire de Saint-Nazaire, le 5 juin 2025, n\u00b024\/01556 - Ma\u00eetre Hassan Kohen, avocat en droit p\u00e9nal \u00e0 Paris","isPartOf":{"@id":"https:\/\/kohenavocats.com\/en\/#website"},"primaryImageOfPage":{"@id":"https:\/\/kohenavocats.com\/en\/tribunal-judiciaire-de-saint-nazaire-le-5-juin-2025-n24-01556\/#primaryimage"},"image":{"@id":"https:\/\/kohenavocats.com\/en\/tribunal-judiciaire-de-saint-nazaire-le-5-juin-2025-n24-01556\/#primaryimage"},"thumbnailUrl":"https:\/\/kohenavocats.com\/wp-content\/uploads\/2024\/08\/linda-pomerantz-zhang-mYckxziRXkk-unsplash.webp","datePublished":"2026-04-22T15:22:36+00:00","description":"Le juge de l'ex\u00e9cution du tribunal judiciaire de Mulhouse, statuant le 5 juin 2025, examine une contestation de saisie-attribution. Un cr\u00e9ancier, titulaire d...","breadcrumb":{"@id":"https:\/\/kohenavocats.com\/en\/tribunal-judiciaire-de-saint-nazaire-le-5-juin-2025-n24-01556\/#breadcrumb"},"inLanguage":"en-US","potentialAction":[{"@type":"ReadAction","target":["https:\/\/kohenavocats.com\/en\/tribunal-judiciaire-de-saint-nazaire-le-5-juin-2025-n24-01556\/"]}]},{"@type":"ImageObject","inLanguage":"en-US","@id":"https:\/\/kohenavocats.com\/en\/tribunal-judiciaire-de-saint-nazaire-le-5-juin-2025-n24-01556\/#primaryimage","url":"https:\/\/kohenavocats.com\/wp-content\/uploads\/2024\/08\/linda-pomerantz-zhang-mYckxziRXkk-unsplash.webp","contentUrl":"https:\/\/kohenavocats.com\/wp-content\/uploads\/2024\/08\/linda-pomerantz-zhang-mYckxziRXkk-unsplash.webp","width":3888,"height":2592},{"@type":"BreadcrumbList","@id":"https:\/\/kohenavocats.com\/en\/tribunal-judiciaire-de-saint-nazaire-le-5-juin-2025-n24-01556\/#breadcrumb","itemListElement":[{"@type":"ListItem","position":1,"name":"Home","item":"https:\/\/kohenavocats.com\/en\/criminal-law-attorneys-in-paris-counsel-and-strategic-defense\/"},{"@type":"ListItem","position":2,"name":"Tribunal judiciaire de Saint-Nazaire, le 5 juin 2025, n\u00b024\/01556"}]},{"@type":"WebSite","@id":"https:\/\/kohenavocats.com\/en\/#website","url":"https:\/\/kohenavocats.com\/en\/","name":"Kohen Avocats","description":"Ma\u00eetre Hassan Kohen, avocat p\u00e9naliste \u00e0 Paris, intervient exclusivement en droit p\u00e9nal pour la d\u00e9fense des particuliers, notamment en mati\u00e8re d\u2019accusations de viol. Il assure un accompagnement rigoureux d\u00e8s la garde \u00e0 vue jusqu\u2019\u00e0 la Cour d\u2019assises, veillant au strict respect des garanties proc\u00e9durales.","publisher":{"@id":"https:\/\/kohenavocats.com\/en\/#organization"},"potentialAction":[{"@type":"SearchAction","target":{"@type":"EntryPoint","urlTemplate":"https:\/\/kohenavocats.com\/en\/?s={search_term_string}"},"query-input":{"@type":"PropertyValueSpecification","valueRequired":true,"valueName":"search_term_string"}}],"inLanguage":"en-US"},{"@type":"Organization","@id":"https:\/\/kohenavocats.com\/en\/#organization","name":"Kohen Avocats","url":"https:\/\/kohenavocats.com\/en\/","logo":{"@type":"ImageObject","inLanguage":"en-US","@id":"https:\/\/kohenavocats.com\/en\/#\/schema\/logo\/image\/","url":"https:\/\/kohenavocats.com\/wp-content\/uploads\/2026\/01\/Logo-2-1.webp","contentUrl":"https:\/\/kohenavocats.com\/wp-content\/uploads\/2026\/01\/Logo-2-1.webp","width":2114,"height":1253,"caption":"Kohen Avocats"},"image":{"@id":"https:\/\/kohenavocats.com\/en\/#\/schema\/logo\/image\/"}},{"@type":"Person","@id":"https:\/\/kohenavocats.com\/en\/#\/schema\/person\/761c9ba54fa1ca84d405cef0831ff751","name":"Kohen","image":{"@type":"ImageObject","inLanguage":"en-US","@id":"https:\/\/secure.gravatar.com\/avatar\/1c5e76ef76bbbfdd2b4da984e2bf2fa4056fd51a27d25ce2c332047f1dfd6e00?s=96&d=identicon&r=g","url":"https:\/\/secure.gravatar.com\/avatar\/1c5e76ef76bbbfdd2b4da984e2bf2fa4056fd51a27d25ce2c332047f1dfd6e00?s=96&d=identicon&r=g","contentUrl":"https:\/\/secure.gravatar.com\/avatar\/1c5e76ef76bbbfdd2b4da984e2bf2fa4056fd51a27d25ce2c332047f1dfd6e00?s=96&d=identicon&r=g","caption":"Kohen"},"sameAs":["https:\/\/www.linkedin.com\/in\/hassan-kohen-448548192\/","https:\/\/www.youtube.com\/@Kohen-Avocats"],"url":"https:\/\/kohenavocats.com\/en\/author\/kohenmlk\/"}]}},"jetpack_featured_media_url":"https:\/\/kohenavocats.com\/wp-content\/uploads\/2024\/08\/linda-pomerantz-zhang-mYckxziRXkk-unsplash.webp","jetpack_likes_enabled":false,"jetpack_shortlink":"https:\/\/wp.me\/peCrII-2J3X","jetpack-related-posts":[{"id":290728,"url":"https:\/\/kohenavocats.com\/en\/tribunal-judiciaire-de-toulouse-le-25-juin-2025-n25-00133\/","url_meta":{"origin":649881,"position":0},"title":"Tribunal judiciaire de Toulouse, le 25 juin 2025, n\u00b025\/00133","author":"Kohen","date":"19 January 2026","format":false,"excerpt":"La d\u00e9cision comment\u00e9e \u00e9mane du juge de l\u2019ex\u00e9cution du tribunal judiciaire de Toulouse, 25 juin 2025. Elle tranche un contentieux de recouvrement n\u00e9 d\u2019un cr\u00e9dit \u00e0 la consommation ancien, frapp\u00e9 d\u2019un titre ex\u00e9cutoire en 1996, puis int\u00e9gr\u00e9 \u00e0 plusieurs mesures de traitement du surendettement, dont un moratoire judiciaire de vingt-quatre\u2026","rel":"","context":"In &quot;D\u00e9cisions juridiques&quot;","block_context":{"text":"D\u00e9cisions juridiques","link":"https:\/\/kohenavocats.com\/category\/decisions-juridiques\/"},"img":{"alt_text":"","src":"https:\/\/i0.wp.com\/kohenavocats.com\/wp-content\/uploads\/2024\/11\/planet-volumes-69z5zredkrw-unsplash.webp?resize=350%2C200&ssl=1","width":350,"height":200,"srcset":"https:\/\/i0.wp.com\/kohenavocats.com\/wp-content\/uploads\/2024\/11\/planet-volumes-69z5zredkrw-unsplash.webp?resize=350%2C200&ssl=1 1x, https:\/\/i0.wp.com\/kohenavocats.com\/wp-content\/uploads\/2024\/11\/planet-volumes-69z5zredkrw-unsplash.webp?resize=525%2C300&ssl=1 1.5x, https:\/\/i0.wp.com\/kohenavocats.com\/wp-content\/uploads\/2024\/11\/planet-volumes-69z5zredkrw-unsplash.webp?resize=700%2C400&ssl=1 2x, https:\/\/i0.wp.com\/kohenavocats.com\/wp-content\/uploads\/2024\/11\/planet-volumes-69z5zredkrw-unsplash.webp?resize=1050%2C600&ssl=1 3x, https:\/\/i0.wp.com\/kohenavocats.com\/wp-content\/uploads\/2024\/11\/planet-volumes-69z5zredkrw-unsplash.webp?resize=1400%2C800&ssl=1 4x"},"classes":[]},{"id":241330,"url":"https:\/\/kohenavocats.com\/en\/tribunal-judiciaire-de-pontoise-le-16-juin-2025-n24-00448\/","url_meta":{"origin":649881,"position":1},"title":"Tribunal judiciaire de Pontoise, le 16 juin 2025, n\u00b024\/00448","author":"Kohen","date":"2 January 2026","format":false,"excerpt":"Rendu par le Tribunal judiciaire de Pontoise le 16 juin 2025, le jugement statue en mati\u00e8re de traitement du surendettement \u00e0 la suite de la contestation par un cr\u00e9ancier des mesures recommand\u00e9es par la commission. La commission avait jug\u00e9 la demande recevable et pr\u00e9conis\u00e9 un moratoire de douze mois, le\u2026","rel":"","context":"In &quot;D\u00e9cisions juridiques&quot;","block_context":{"text":"D\u00e9cisions juridiques","link":"https:\/\/kohenavocats.com\/category\/decisions-juridiques\/"},"img":{"alt_text":"","src":"https:\/\/i0.wp.com\/kohenavocats.com\/wp-content\/uploads\/2024\/11\/ave-calvar-k0Pb9akJkvs-unsplash.webp?resize=350%2C200&ssl=1","width":350,"height":200,"srcset":"https:\/\/i0.wp.com\/kohenavocats.com\/wp-content\/uploads\/2024\/11\/ave-calvar-k0Pb9akJkvs-unsplash.webp?resize=350%2C200&ssl=1 1x, https:\/\/i0.wp.com\/kohenavocats.com\/wp-content\/uploads\/2024\/11\/ave-calvar-k0Pb9akJkvs-unsplash.webp?resize=525%2C300&ssl=1 1.5x, https:\/\/i0.wp.com\/kohenavocats.com\/wp-content\/uploads\/2024\/11\/ave-calvar-k0Pb9akJkvs-unsplash.webp?resize=700%2C400&ssl=1 2x, https:\/\/i0.wp.com\/kohenavocats.com\/wp-content\/uploads\/2024\/11\/ave-calvar-k0Pb9akJkvs-unsplash.webp?resize=1050%2C600&ssl=1 3x, https:\/\/i0.wp.com\/kohenavocats.com\/wp-content\/uploads\/2024\/11\/ave-calvar-k0Pb9akJkvs-unsplash.webp?resize=1400%2C800&ssl=1 4x"},"classes":[]},{"id":34522,"url":"https:\/\/kohenavocats.com\/en\/cour-dappel-de-bastia-le-18-juin-2025-n24-00092\/","url_meta":{"origin":649881,"position":2},"title":"Cour d&#8217;appel de Bastia, le 18 juin 2025, n\u00b024\/00092","author":"Kohen","date":"6 November 2025","format":false,"excerpt":"Par un arr\u00eat du 18 juin 2025, la cour d'appel de Bastia statue en mati\u00e8re de surendettement, apr\u00e8s appel d'une d\u00e9cision de 2024. L'arr\u00eat pr\u00e9cise les modalit\u00e9s d'un moratoire, la dur\u00e9e d'un plan d'apurement, et l'\u00e9tendue des pouvoirs du juge saisi d'une contestation en appel.Le d\u00e9biteur a saisi la commission\u2026","rel":"","context":"In &quot;Cour d'appel&quot;","block_context":{"text":"Cour d'appel","link":"https:\/\/kohenavocats.com\/category\/cour-dappel\/"},"img":{"alt_text":"","src":"https:\/\/i0.wp.com\/kohenavocats.com\/wp-content\/uploads\/2024\/08\/jan-zinnbauer-NeLDhX6pbxE-unsplash.webp?resize=350%2C200&ssl=1","width":350,"height":200,"srcset":"https:\/\/i0.wp.com\/kohenavocats.com\/wp-content\/uploads\/2024\/08\/jan-zinnbauer-NeLDhX6pbxE-unsplash.webp?resize=350%2C200&ssl=1 1x, https:\/\/i0.wp.com\/kohenavocats.com\/wp-content\/uploads\/2024\/08\/jan-zinnbauer-NeLDhX6pbxE-unsplash.webp?resize=525%2C300&ssl=1 1.5x, https:\/\/i0.wp.com\/kohenavocats.com\/wp-content\/uploads\/2024\/08\/jan-zinnbauer-NeLDhX6pbxE-unsplash.webp?resize=700%2C400&ssl=1 2x, https:\/\/i0.wp.com\/kohenavocats.com\/wp-content\/uploads\/2024\/08\/jan-zinnbauer-NeLDhX6pbxE-unsplash.webp?resize=1050%2C600&ssl=1 3x, https:\/\/i0.wp.com\/kohenavocats.com\/wp-content\/uploads\/2024\/08\/jan-zinnbauer-NeLDhX6pbxE-unsplash.webp?resize=1400%2C800&ssl=1 4x"},"classes":[]},{"id":290276,"url":"https:\/\/kohenavocats.com\/en\/tribunal-judiciaire-de-avignon-le-25-juin-2025-n25-01473\/","url_meta":{"origin":649881,"position":3},"title":"Tribunal judiciaire de Avignon, le 25 juin 2025, n\u00b025\/01473","author":"Kohen","date":"19 January 2026","format":false,"excerpt":"La juridiction d\u2019Avignon, statuant le 25 juin 2025, a \u00e9t\u00e9 saisie de la contestation d\u2019une d\u00e9bitrice contre des mesures impos\u00e9es par la commission de surendettement. La demande de recevabilit\u00e9 avait \u00e9t\u00e9 admise par la commission en novembre 2024, puis un r\u00e9\u00e9chelonnement sur 84 mois \u00e0 taux nul fut recommand\u00e9 en\u2026","rel":"","context":"In &quot;6923&quot;","block_context":{"text":"6923","link":"https:\/\/kohenavocats.com\/category\/6923\/"},"img":{"alt_text":"","src":"https:\/\/i0.wp.com\/kohenavocats.com\/wp-content\/uploads\/2024\/08\/maharram-hasanli-fB8GhyWNKow-unsplash.webp?resize=350%2C200&ssl=1","width":350,"height":200,"srcset":"https:\/\/i0.wp.com\/kohenavocats.com\/wp-content\/uploads\/2024\/08\/maharram-hasanli-fB8GhyWNKow-unsplash.webp?resize=350%2C200&ssl=1 1x, https:\/\/i0.wp.com\/kohenavocats.com\/wp-content\/uploads\/2024\/08\/maharram-hasanli-fB8GhyWNKow-unsplash.webp?resize=525%2C300&ssl=1 1.5x, https:\/\/i0.wp.com\/kohenavocats.com\/wp-content\/uploads\/2024\/08\/maharram-hasanli-fB8GhyWNKow-unsplash.webp?resize=700%2C400&ssl=1 2x, https:\/\/i0.wp.com\/kohenavocats.com\/wp-content\/uploads\/2024\/08\/maharram-hasanli-fB8GhyWNKow-unsplash.webp?resize=1050%2C600&ssl=1 3x, https:\/\/i0.wp.com\/kohenavocats.com\/wp-content\/uploads\/2024\/08\/maharram-hasanli-fB8GhyWNKow-unsplash.webp?resize=1400%2C800&ssl=1 4x"},"classes":[]},{"id":47321,"url":"https:\/\/kohenavocats.com\/en\/cour-dappel-de-toulouse-le-10-septembre-2025-n25-00585\/","url_meta":{"origin":649881,"position":4},"title":"Cour d&#8217;appel de Toulouse, le 10 septembre 2025, n\u00b025\/00585","author":"Kohen","date":"7 November 2025","format":false,"excerpt":"Rendue par la Cour d'appel de Toulouse le 10 septembre 2025, la d\u00e9cision s'inscrit dans le contentieux du surendettement des particuliers. Un d\u00e9biteur avait d\u00e9pos\u00e9 un dossier d\u00e9clar\u00e9 recevable le 30 novembre 2023, la commission pr\u00e9conisant le 22 f\u00e9vrier 2024 une suspension d'exigibilit\u00e9 afin de favoriser un retour \u00e0 l'emploi.\u2026","rel":"","context":"In &quot;Cour d'appel&quot;","block_context":{"text":"Cour d'appel","link":"https:\/\/kohenavocats.com\/category\/cour-dappel\/"},"img":{"alt_text":"","src":"https:\/\/i0.wp.com\/kohenavocats.com\/wp-content\/uploads\/2024\/11\/lala-azizli-oAaj82io-2k-unsplash-1.webp?resize=350%2C200&ssl=1","width":350,"height":200,"srcset":"https:\/\/i0.wp.com\/kohenavocats.com\/wp-content\/uploads\/2024\/11\/lala-azizli-oAaj82io-2k-unsplash-1.webp?resize=350%2C200&ssl=1 1x, https:\/\/i0.wp.com\/kohenavocats.com\/wp-content\/uploads\/2024\/11\/lala-azizli-oAaj82io-2k-unsplash-1.webp?resize=525%2C300&ssl=1 1.5x, https:\/\/i0.wp.com\/kohenavocats.com\/wp-content\/uploads\/2024\/11\/lala-azizli-oAaj82io-2k-unsplash-1.webp?resize=700%2C400&ssl=1 2x, https:\/\/i0.wp.com\/kohenavocats.com\/wp-content\/uploads\/2024\/11\/lala-azizli-oAaj82io-2k-unsplash-1.webp?resize=1050%2C600&ssl=1 3x, https:\/\/i0.wp.com\/kohenavocats.com\/wp-content\/uploads\/2024\/11\/lala-azizli-oAaj82io-2k-unsplash-1.webp?resize=1400%2C800&ssl=1 4x"},"classes":[]},{"id":296518,"url":"https:\/\/kohenavocats.com\/en\/tribunal-judiciaire-de-annecy-le-4-juillet-2025-n25-00848\/","url_meta":{"origin":649881,"position":5},"title":"Tribunal judiciaire de Annecy, le 4 juillet 2025, n\u00b025\/00848","author":"Kohen","date":"30 January 2026","format":false,"excerpt":"Le Tribunal judiciaire d\u2019Annecy, statuant en mati\u00e8re de surendettement, a rendu un jugement le 4 juillet 2025. Un d\u00e9biteur avait saisi la commission de surendettement. Celle-ci avait ordonn\u00e9 un r\u00e9\u00e9chelonnement de ses dettes et la restitution de son v\u00e9hicule. Le d\u00e9biteur a contest\u00e9 ces mesures devant le juge. Il invoquait\u2026","rel":"","context":"In &quot;D\u00e9cisions juridiques&quot;","block_context":{"text":"D\u00e9cisions juridiques","link":"https:\/\/kohenavocats.com\/category\/decisions-juridiques\/"},"img":{"alt_text":"","src":"https:\/\/i0.wp.com\/kohenavocats.com\/wp-content\/uploads\/2024\/07\/zac-nielson-s4vuMuapk4Y-unsplash.webp?resize=350%2C200&ssl=1","width":350,"height":200,"srcset":"https:\/\/i0.wp.com\/kohenavocats.com\/wp-content\/uploads\/2024\/07\/zac-nielson-s4vuMuapk4Y-unsplash.webp?resize=350%2C200&ssl=1 1x, https:\/\/i0.wp.com\/kohenavocats.com\/wp-content\/uploads\/2024\/07\/zac-nielson-s4vuMuapk4Y-unsplash.webp?resize=525%2C300&ssl=1 1.5x, https:\/\/i0.wp.com\/kohenavocats.com\/wp-content\/uploads\/2024\/07\/zac-nielson-s4vuMuapk4Y-unsplash.webp?resize=700%2C400&ssl=1 2x, https:\/\/i0.wp.com\/kohenavocats.com\/wp-content\/uploads\/2024\/07\/zac-nielson-s4vuMuapk4Y-unsplash.webp?resize=1050%2C600&ssl=1 3x, https:\/\/i0.wp.com\/kohenavocats.com\/wp-content\/uploads\/2024\/07\/zac-nielson-s4vuMuapk4Y-unsplash.webp?resize=1400%2C800&ssl=1 4x"},"classes":[]}],"jetpack_sharing_enabled":true,"_links":{"self":[{"href":"https:\/\/kohenavocats.com\/en\/wp-json\/wp\/v2\/posts\/649881","targetHints":{"allow":["GET"]}}],"collection":[{"href":"https:\/\/kohenavocats.com\/en\/wp-json\/wp\/v2\/posts"}],"about":[{"href":"https:\/\/kohenavocats.com\/en\/wp-json\/wp\/v2\/types\/post"}],"author":[{"embeddable":true,"href":"https:\/\/kohenavocats.com\/en\/wp-json\/wp\/v2\/users\/232070755"}],"replies":[{"embeddable":true,"href":"https:\/\/kohenavocats.com\/en\/wp-json\/wp\/v2\/comments?post=649881"}],"version-history":[{"count":0,"href":"https:\/\/kohenavocats.com\/en\/wp-json\/wp\/v2\/posts\/649881\/revisions"}],"wp:featuredmedia":[{"embeddable":true,"href":"https:\/\/kohenavocats.com\/en\/wp-json\/wp\/v2\/media\/4876"}],"wp:attachment":[{"href":"https:\/\/kohenavocats.com\/en\/wp-json\/wp\/v2\/media?parent=649881"}],"wp:term":[{"taxonomy":"category","embeddable":true,"href":"https:\/\/kohenavocats.com\/en\/wp-json\/wp\/v2\/categories?post=649881"},{"taxonomy":"post_tag","embeddable":true,"href":"https:\/\/kohenavocats.com\/en\/wp-json\/wp\/v2\/tags?post=649881"}],"curies":[{"name":"wp","href":"https:\/\/api.w.org\/{rel}","templated":true}]}}