{"id":651992,"date":"2026-04-22T22:05:55","date_gmt":"2026-04-22T20:05:55","guid":{"rendered":"https:\/\/kohenavocats.com\/tribunal-judiciaire-de-montpellier-le-3-avril-2025-n24-00795\/"},"modified":"2026-04-22T22:05:55","modified_gmt":"2026-04-22T20:05:55","slug":"tribunal-judiciaire-de-montpellier-le-3-avril-2025-n24-00795","status":"publish","type":"post","link":"https:\/\/kohenavocats.com\/en\/tribunal-judiciaire-de-montpellier-le-3-avril-2025-n24-00795\/","title":{"rendered":"Tribunal judiciaire de Montpellier, le 3 avril 2025, n\u00b024\/00795"},"content":{"rendered":"<div class=\"article-content\">\n<p>Le Tribunal judiciaire de Montpellier, par jugement du 3 avril 2025, statue sur une demande en r\u00e9solution de vente d\u2019un v\u00e9hicule d\u2019occasion pour vice cach\u00e9. L\u2019acqu\u00e9reur invoque un d\u00e9faut grave de la bo\u00eete de vitesses survenu imm\u00e9diatement apr\u00e8s l\u2019achat. Le tribunal prononce la r\u00e9solution du contrat et condamne solidairement les vendeurs \u00e0 diverses indemnit\u00e9s. Il pr\u00e9cise les conditions de preuve du vice et les cons\u00e9quences de la mauvaise foi contractuelle.<\/p>\n<p>L\u2019administration rigoureuse de la preuve du vice cach\u00e9<\/p>\n<p>Le tribunal op\u00e8re une analyse m\u00e9thodique des conditions de l\u2019article 1641 du code civil. Il constate d\u2019abord l\u2019existence d\u2019un vice grave et cach\u00e9 rendant le v\u00e9hicule impropre \u00e0 l\u2019usage. &#8220;Il ressort du diagnostic \u00e9tabli par le garage [&#8230;] et des conclusions de l\u2019expert amiable que la bo\u00eete de vitesse du v\u00e9hicule pr\u00e9sente un dysfonctionnement interne&#8221; (Motifs). Le v\u00e9hicule ne peut circuler en l\u2019\u00e9tat, ce qui satisfait \u00e0 l\u2019exigence de gravit\u00e9.<\/p>\n<p>L\u2019ant\u00e9riorit\u00e9 du vice est d\u00e9duite d\u2019un faisceau d\u2019indices concordants et probants. Le juge rel\u00e8ve le tr\u00e8s faible kilom\u00e9trage parcouru apr\u00e8s la vente et le d\u00e9lai extr\u00eamement court avant la panne. &#8220;Au regard du faible kilom\u00e9trage parcouru depuis la vente, du tr\u00e8s court d\u00e9lai entre la vente et la panne [&#8230;] il est \u00e9tabli que le dysfonctionnement \u00e9tait en germe avant la vente&#8221; (Motifs). Cette approche facilite la d\u00e9monstration pour l\u2019acqu\u00e9reur en admettant une ant\u00e9riorit\u00e9 virtuelle.<\/p>\n<p>La sanction \u00e9tendue des comportements dolosifs<\/p>\n<p>La d\u00e9cision retient la responsabilit\u00e9 solidaire des deux co-titulaires du certificat d\u2019immatriculation. La solidarit\u00e9 est ici d\u00e9duite de leur implication commune dans l\u2019op\u00e9ration de vente et leur d\u00e9faut de diligence. &#8220;Il convient de condamner in solidum Monsieur [R] [S] et Monsieur [V] [Z]&#8221; (Motifs). Cette solution assure une protection efficace de l\u2019acqu\u00e9reur en garantissant le recouvrement int\u00e9gral des sommes dues.<\/p>\n<p>Le juge accorde une indemnisation large des pr\u00e9judices accessoires en raison de la mauvaise foi des vendeurs. Outre la restitution du prix, sont accord\u00e9s le pr\u00e9judice de jouissance, les frais de diagnostic, de gardiennage et d\u2019assurance. &#8220;Ils seront condamn\u00e9s au paiement des dommages et int\u00e9r\u00eats en lien avec le vice cach\u00e9&#8221; (Motifs). Cette s\u00e9v\u00e9rit\u00e9 s\u2019explique par l\u2019attitude des vendeurs, qui ont ignor\u00e9 les tentatives de conciliation et n\u2019ont pas produit de justificatifs d\u2019entretien. La jurisprudence rappelle que &#8220;constitue \u00e9galement un dol la dissimulation intentionnelle par l&#8217;un des contractants d&#8217;une information dont il sait le caract\u00e8re d\u00e9terminant pour l&#8217;autre partie&#8221; (Tribunal judiciaire, le 8 avril 2025, n\u00b023\/02947). L\u2019absence d\u2019entretien et le contr\u00f4le technique p\u00e9rim\u00e9 caract\u00e9risent une telle dissimulation.<\/p>\n<p>Cette d\u00e9cision renforce la s\u00e9curit\u00e9 des transactions entre particuliers en exigeant une transparence absolue. Elle rappelle que la garantie des vices cach\u00e9s s\u2019applique pleinement aux ventes d\u2019occasion. Le juge use largement de son pouvoir d\u2019appr\u00e9ciation pour indemniser l\u2019acqu\u00e9reur l\u00e9s\u00e9, y compris pour des postes non strictement justifi\u00e9s par des preuves comptables. La condamnation solidaire \u00e9tend la garantie de recouvrement au-del\u00e0 du seul signataire du contrat de vente.<\/p>\n<\/div>\n","protected":false},"excerpt":{"rendered":"<p>Le Tribunal judiciaire de Montpellier, par jugement du 3 avril 2025, statue sur une demande en r\u00e9solution de vente d\u2019un v\u00e9hicule d\u2019occasion pour vice cach\u00e9. &#8230;<\/p>\n","protected":false},"author":232070755,"featured_media":4875,"comment_status":"open","ping_status":"open","sticky":false,"template":"","format":"standard","meta":{"_crdt_document":"","_jetpack_newsletter_access":"","_jetpack_dont_email_post_to_subs":false,"_jetpack_newsletter_tier_id":0,"_jetpack_memberships_contains_paywalled_content":false,"_kj_source_type":"judilibre","_kj_official_id":"68f2af0ee97b8c182997a985","_kj_official_url":"https:\/\/www.courdecassation.fr\/decision\/68f2af0ee97b8c182997a985","_kj_judilibre_id":"68f2af0ee97b8c182997a985","_kj_jur":"Tribunal judiciaire","_kj_lieu":"Tribunal judiciaire de Montpellier","_kj_chambre":"P\u00f4le Civil section 2","_kj_rg":"24\/00795","_kj_date":"2025-10-02","_jetpack_memberships_contains_paid_content":false,"footnotes":"","jetpack_post_was_ever_published":false},"categories":[7597],"tags":[],"class_list":["post-651992","post","type-post","status-publish","format-standard","has-post-thumbnail","hentry","category-jurisprudence"],"yoast_head":"<!-- This site is optimized with the Yoast SEO Premium plugin v27.5 (Yoast SEO v27.5) - https:\/\/yoast.com\/product\/yoast-seo-premium-wordpress\/ -->\n<title>Tribunal judiciaire de Montpellier, le 3 avril 2025, n\u00b024\/00795 - Ma\u00eetre Hassan Kohen, avocat en droit p\u00e9nal \u00e0 Paris<\/title>\n<meta name=\"description\" content=\"Le Tribunal judiciaire de Montpellier, par jugement du 3 avril 2025, statue sur une demande en r\u00e9solution de vente d\u2019un v\u00e9hicule d\u2019occasion pour vice cach\u00e9. ...\" \/>\n<meta name=\"robots\" content=\"index, follow, max-snippet:-1, max-image-preview:large, max-video-preview:-1\" \/>\n<link rel=\"canonical\" href=\"https:\/\/kohenavocats.com\/en\/tribunal-judiciaire-de-montpellier-le-3-avril-2025-n24-00795\/\" \/>\n<meta property=\"og:locale\" content=\"en_US\" \/>\n<meta property=\"og:type\" content=\"article\" \/>\n<meta property=\"og:title\" content=\"Tribunal judiciaire de Montpellier, le 3 avril 2025, n\u00b024\/00795\" \/>\n<meta property=\"og:description\" content=\"Le Tribunal judiciaire de Montpellier, par jugement du 3 avril 2025, statue sur une demande en r\u00e9solution de vente d\u2019un v\u00e9hicule d\u2019occasion pour vice cach\u00e9. ...\" \/>\n<meta property=\"og:url\" content=\"https:\/\/kohenavocats.com\/en\/tribunal-judiciaire-de-montpellier-le-3-avril-2025-n24-00795\/\" \/>\n<meta property=\"og:site_name\" content=\"Ma\u00eetre Hassan Kohen, avocat en droit p\u00e9nal \u00e0 Paris\" \/>\n<meta property=\"article:published_time\" content=\"2026-04-22T20:05:55+00:00\" \/>\n<meta property=\"og:image\" content=\"https:\/\/kohenavocats.com\/wp-content\/uploads\/2024\/08\/cristina-gottardi-GeKoZualPmA-unsplash-1.webp\" \/>\n\t<meta property=\"og:image:width\" content=\"4708\" \/>\n\t<meta property=\"og:image:height\" content=\"3138\" \/>\n\t<meta property=\"og:image:type\" content=\"image\/webp\" \/>\n<meta name=\"author\" content=\"Kohen\" \/>\n<meta name=\"twitter:card\" content=\"summary_large_image\" \/>\n<meta name=\"twitter:label1\" content=\"Written by\" \/>\n\t<meta name=\"twitter:data1\" content=\"Kohen\" \/>\n\t<meta name=\"twitter:label2\" content=\"Est. reading time\" \/>\n\t<meta name=\"twitter:data2\" content=\"3 minutes\" \/>\n<script type=\"application\/ld+json\" class=\"yoast-schema-graph\">{\"@context\":\"https:\\\/\\\/schema.org\",\"@graph\":[{\"@type\":\"Article\",\"@id\":\"https:\\\/\\\/kohenavocats.com\\\/en\\\/tribunal-judiciaire-de-montpellier-le-3-avril-2025-n24-00795\\\/#article\",\"isPartOf\":{\"@id\":\"https:\\\/\\\/kohenavocats.com\\\/en\\\/tribunal-judiciaire-de-montpellier-le-3-avril-2025-n24-00795\\\/\"},\"author\":{\"name\":\"Kohen\",\"@id\":\"https:\\\/\\\/kohenavocats.com\\\/en\\\/#\\\/schema\\\/person\\\/761c9ba54fa1ca84d405cef0831ff751\"},\"headline\":\"Tribunal judiciaire de Montpellier, le 3 avril 2025, n\u00b024\\\/00795\",\"datePublished\":\"2026-04-22T20:05:55+00:00\",\"mainEntityOfPage\":{\"@id\":\"https:\\\/\\\/kohenavocats.com\\\/en\\\/tribunal-judiciaire-de-montpellier-le-3-avril-2025-n24-00795\\\/\"},\"wordCount\":562,\"commentCount\":0,\"publisher\":{\"@id\":\"https:\\\/\\\/kohenavocats.com\\\/en\\\/#organization\"},\"image\":{\"@id\":\"https:\\\/\\\/kohenavocats.com\\\/en\\\/tribunal-judiciaire-de-montpellier-le-3-avril-2025-n24-00795\\\/#primaryimage\"},\"thumbnailUrl\":\"https:\\\/\\\/kohenavocats.com\\\/wp-content\\\/uploads\\\/2024\\\/08\\\/cristina-gottardi-GeKoZualPmA-unsplash-1.webp\",\"articleSection\":[\"Jurisprudence\"],\"inLanguage\":\"en-US\",\"potentialAction\":[{\"@type\":\"CommentAction\",\"name\":\"Comment\",\"target\":[\"https:\\\/\\\/kohenavocats.com\\\/en\\\/tribunal-judiciaire-de-montpellier-le-3-avril-2025-n24-00795\\\/#respond\"]}],\"citation\":\"Tribunal judiciaire de Montpellier, le 3 avril 2025, n\u00b024\\\/00795\",\"about\":[{\"@type\":\"Thing\",\"name\":\"Jurisprudence\"}],\"dateModified\":\"2026-04-22T20:05:55+00:00\",\"speakable\":{\"@type\":\"SpeakableSpecification\",\"cssSelector\":[\".article-content > p:first-of-type\"]}},{\"@type\":\"WebPage\",\"@id\":\"https:\\\/\\\/kohenavocats.com\\\/en\\\/tribunal-judiciaire-de-montpellier-le-3-avril-2025-n24-00795\\\/\",\"url\":\"https:\\\/\\\/kohenavocats.com\\\/en\\\/tribunal-judiciaire-de-montpellier-le-3-avril-2025-n24-00795\\\/\",\"name\":\"Tribunal judiciaire de Montpellier, le 3 avril 2025, n\u00b024\\\/00795 - Ma\u00eetre Hassan Kohen, avocat en droit p\u00e9nal \u00e0 Paris\",\"isPartOf\":{\"@id\":\"https:\\\/\\\/kohenavocats.com\\\/en\\\/#website\"},\"primaryImageOfPage\":{\"@id\":\"https:\\\/\\\/kohenavocats.com\\\/en\\\/tribunal-judiciaire-de-montpellier-le-3-avril-2025-n24-00795\\\/#primaryimage\"},\"image\":{\"@id\":\"https:\\\/\\\/kohenavocats.com\\\/en\\\/tribunal-judiciaire-de-montpellier-le-3-avril-2025-n24-00795\\\/#primaryimage\"},\"thumbnailUrl\":\"https:\\\/\\\/kohenavocats.com\\\/wp-content\\\/uploads\\\/2024\\\/08\\\/cristina-gottardi-GeKoZualPmA-unsplash-1.webp\",\"datePublished\":\"2026-04-22T20:05:55+00:00\",\"description\":\"Le Tribunal judiciaire de Montpellier, par jugement du 3 avril 2025, statue sur une demande en r\u00e9solution de vente d\u2019un v\u00e9hicule d\u2019occasion pour vice cach\u00e9. ...\",\"breadcrumb\":{\"@id\":\"https:\\\/\\\/kohenavocats.com\\\/en\\\/tribunal-judiciaire-de-montpellier-le-3-avril-2025-n24-00795\\\/#breadcrumb\"},\"inLanguage\":\"en-US\",\"potentialAction\":[{\"@type\":\"ReadAction\",\"target\":[\"https:\\\/\\\/kohenavocats.com\\\/en\\\/tribunal-judiciaire-de-montpellier-le-3-avril-2025-n24-00795\\\/\"]}]},{\"@type\":\"ImageObject\",\"inLanguage\":\"en-US\",\"@id\":\"https:\\\/\\\/kohenavocats.com\\\/en\\\/tribunal-judiciaire-de-montpellier-le-3-avril-2025-n24-00795\\\/#primaryimage\",\"url\":\"https:\\\/\\\/kohenavocats.com\\\/wp-content\\\/uploads\\\/2024\\\/08\\\/cristina-gottardi-GeKoZualPmA-unsplash-1.webp\",\"contentUrl\":\"https:\\\/\\\/kohenavocats.com\\\/wp-content\\\/uploads\\\/2024\\\/08\\\/cristina-gottardi-GeKoZualPmA-unsplash-1.webp\",\"width\":4708,\"height\":3138},{\"@type\":\"BreadcrumbList\",\"@id\":\"https:\\\/\\\/kohenavocats.com\\\/en\\\/tribunal-judiciaire-de-montpellier-le-3-avril-2025-n24-00795\\\/#breadcrumb\",\"itemListElement\":[{\"@type\":\"ListItem\",\"position\":1,\"name\":\"Home\",\"item\":\"https:\\\/\\\/kohenavocats.com\\\/en\\\/criminal-law-attorneys-in-paris-counsel-and-strategic-defense\\\/\"},{\"@type\":\"ListItem\",\"position\":2,\"name\":\"Tribunal judiciaire de Montpellier, le 3 avril 2025, n\u00b024\\\/00795\"}]},{\"@type\":\"WebSite\",\"@id\":\"https:\\\/\\\/kohenavocats.com\\\/en\\\/#website\",\"url\":\"https:\\\/\\\/kohenavocats.com\\\/en\\\/\",\"name\":\"Kohen Avocats\",\"description\":\"Ma\u00eetre Hassan Kohen, avocat p\u00e9naliste \u00e0 Paris, intervient exclusivement en droit p\u00e9nal pour la d\u00e9fense des particuliers, notamment en mati\u00e8re d\u2019accusations de viol. Il assure un accompagnement rigoureux d\u00e8s la garde \u00e0 vue jusqu\u2019\u00e0 la Cour d\u2019assises, veillant au strict respect des garanties proc\u00e9durales.\",\"publisher\":{\"@id\":\"https:\\\/\\\/kohenavocats.com\\\/en\\\/#organization\"},\"potentialAction\":[{\"@type\":\"SearchAction\",\"target\":{\"@type\":\"EntryPoint\",\"urlTemplate\":\"https:\\\/\\\/kohenavocats.com\\\/en\\\/?s={search_term_string}\"},\"query-input\":{\"@type\":\"PropertyValueSpecification\",\"valueRequired\":true,\"valueName\":\"search_term_string\"}}],\"inLanguage\":\"en-US\"},{\"@type\":\"Organization\",\"@id\":\"https:\\\/\\\/kohenavocats.com\\\/en\\\/#organization\",\"name\":\"Kohen Avocats\",\"url\":\"https:\\\/\\\/kohenavocats.com\\\/en\\\/\",\"logo\":{\"@type\":\"ImageObject\",\"inLanguage\":\"en-US\",\"@id\":\"https:\\\/\\\/kohenavocats.com\\\/en\\\/#\\\/schema\\\/logo\\\/image\\\/\",\"url\":\"https:\\\/\\\/kohenavocats.com\\\/wp-content\\\/uploads\\\/2026\\\/01\\\/Logo-2-1.webp\",\"contentUrl\":\"https:\\\/\\\/kohenavocats.com\\\/wp-content\\\/uploads\\\/2026\\\/01\\\/Logo-2-1.webp\",\"width\":2114,\"height\":1253,\"caption\":\"Kohen Avocats\"},\"image\":{\"@id\":\"https:\\\/\\\/kohenavocats.com\\\/en\\\/#\\\/schema\\\/logo\\\/image\\\/\"}},{\"@type\":\"Person\",\"@id\":\"https:\\\/\\\/kohenavocats.com\\\/en\\\/#\\\/schema\\\/person\\\/761c9ba54fa1ca84d405cef0831ff751\",\"name\":\"Kohen\",\"image\":{\"@type\":\"ImageObject\",\"inLanguage\":\"en-US\",\"@id\":\"https:\\\/\\\/secure.gravatar.com\\\/avatar\\\/1c5e76ef76bbbfdd2b4da984e2bf2fa4056fd51a27d25ce2c332047f1dfd6e00?s=96&d=identicon&r=g\",\"url\":\"https:\\\/\\\/secure.gravatar.com\\\/avatar\\\/1c5e76ef76bbbfdd2b4da984e2bf2fa4056fd51a27d25ce2c332047f1dfd6e00?s=96&d=identicon&r=g\",\"contentUrl\":\"https:\\\/\\\/secure.gravatar.com\\\/avatar\\\/1c5e76ef76bbbfdd2b4da984e2bf2fa4056fd51a27d25ce2c332047f1dfd6e00?s=96&d=identicon&r=g\",\"caption\":\"Kohen\"},\"sameAs\":[\"https:\\\/\\\/www.linkedin.com\\\/in\\\/hassan-kohen-448548192\\\/\",\"https:\\\/\\\/www.youtube.com\\\/@Kohen-Avocats\"],\"url\":\"https:\\\/\\\/kohenavocats.com\\\/en\\\/author\\\/kohenmlk\\\/\"}]}<\/script>\n<!-- \/ Yoast SEO Premium plugin. -->","yoast_head_json":{"title":"Tribunal judiciaire de Montpellier, le 3 avril 2025, n\u00b024\/00795 - Ma\u00eetre Hassan Kohen, avocat en droit p\u00e9nal \u00e0 Paris","description":"Le Tribunal judiciaire de Montpellier, par jugement du 3 avril 2025, statue sur une demande en r\u00e9solution de vente d\u2019un v\u00e9hicule d\u2019occasion pour vice cach\u00e9. ...","robots":{"index":"index","follow":"follow","max-snippet":"max-snippet:-1","max-image-preview":"max-image-preview:large","max-video-preview":"max-video-preview:-1"},"canonical":"https:\/\/kohenavocats.com\/en\/tribunal-judiciaire-de-montpellier-le-3-avril-2025-n24-00795\/","og_locale":"en_US","og_type":"article","og_title":"Tribunal judiciaire de Montpellier, le 3 avril 2025, n\u00b024\/00795","og_description":"Le Tribunal judiciaire de Montpellier, par jugement du 3 avril 2025, statue sur une demande en r\u00e9solution de vente d\u2019un v\u00e9hicule d\u2019occasion pour vice cach\u00e9. ...","og_url":"https:\/\/kohenavocats.com\/en\/tribunal-judiciaire-de-montpellier-le-3-avril-2025-n24-00795\/","og_site_name":"Ma\u00eetre Hassan Kohen, avocat en droit p\u00e9nal \u00e0 Paris","article_published_time":"2026-04-22T20:05:55+00:00","og_image":[{"width":4708,"height":3138,"url":"https:\/\/kohenavocats.com\/wp-content\/uploads\/2024\/08\/cristina-gottardi-GeKoZualPmA-unsplash-1.webp","type":"image\/webp"}],"author":"Kohen","twitter_card":"summary_large_image","twitter_misc":{"Written by":"Kohen","Est. reading time":"3 minutes"},"schema":{"@context":"https:\/\/schema.org","@graph":[{"@type":"Article","@id":"https:\/\/kohenavocats.com\/en\/tribunal-judiciaire-de-montpellier-le-3-avril-2025-n24-00795\/#article","isPartOf":{"@id":"https:\/\/kohenavocats.com\/en\/tribunal-judiciaire-de-montpellier-le-3-avril-2025-n24-00795\/"},"author":{"name":"Kohen","@id":"https:\/\/kohenavocats.com\/en\/#\/schema\/person\/761c9ba54fa1ca84d405cef0831ff751"},"headline":"Tribunal judiciaire de Montpellier, le 3 avril 2025, n\u00b024\/00795","datePublished":"2026-04-22T20:05:55+00:00","mainEntityOfPage":{"@id":"https:\/\/kohenavocats.com\/en\/tribunal-judiciaire-de-montpellier-le-3-avril-2025-n24-00795\/"},"wordCount":562,"commentCount":0,"publisher":{"@id":"https:\/\/kohenavocats.com\/en\/#organization"},"image":{"@id":"https:\/\/kohenavocats.com\/en\/tribunal-judiciaire-de-montpellier-le-3-avril-2025-n24-00795\/#primaryimage"},"thumbnailUrl":"https:\/\/kohenavocats.com\/wp-content\/uploads\/2024\/08\/cristina-gottardi-GeKoZualPmA-unsplash-1.webp","articleSection":["Jurisprudence"],"inLanguage":"en-US","potentialAction":[{"@type":"CommentAction","name":"Comment","target":["https:\/\/kohenavocats.com\/en\/tribunal-judiciaire-de-montpellier-le-3-avril-2025-n24-00795\/#respond"]}],"citation":"Tribunal judiciaire de Montpellier, le 3 avril 2025, n\u00b024\/00795","about":[{"@type":"Thing","name":"Jurisprudence"}],"dateModified":"2026-04-22T20:05:55+00:00","speakable":{"@type":"SpeakableSpecification","cssSelector":[".article-content > p:first-of-type"]}},{"@type":"WebPage","@id":"https:\/\/kohenavocats.com\/en\/tribunal-judiciaire-de-montpellier-le-3-avril-2025-n24-00795\/","url":"https:\/\/kohenavocats.com\/en\/tribunal-judiciaire-de-montpellier-le-3-avril-2025-n24-00795\/","name":"Tribunal judiciaire de Montpellier, le 3 avril 2025, n\u00b024\/00795 - Ma\u00eetre Hassan Kohen, avocat en droit p\u00e9nal \u00e0 Paris","isPartOf":{"@id":"https:\/\/kohenavocats.com\/en\/#website"},"primaryImageOfPage":{"@id":"https:\/\/kohenavocats.com\/en\/tribunal-judiciaire-de-montpellier-le-3-avril-2025-n24-00795\/#primaryimage"},"image":{"@id":"https:\/\/kohenavocats.com\/en\/tribunal-judiciaire-de-montpellier-le-3-avril-2025-n24-00795\/#primaryimage"},"thumbnailUrl":"https:\/\/kohenavocats.com\/wp-content\/uploads\/2024\/08\/cristina-gottardi-GeKoZualPmA-unsplash-1.webp","datePublished":"2026-04-22T20:05:55+00:00","description":"Le Tribunal judiciaire de Montpellier, par jugement du 3 avril 2025, statue sur une demande en r\u00e9solution de vente d\u2019un v\u00e9hicule d\u2019occasion pour vice cach\u00e9. ...","breadcrumb":{"@id":"https:\/\/kohenavocats.com\/en\/tribunal-judiciaire-de-montpellier-le-3-avril-2025-n24-00795\/#breadcrumb"},"inLanguage":"en-US","potentialAction":[{"@type":"ReadAction","target":["https:\/\/kohenavocats.com\/en\/tribunal-judiciaire-de-montpellier-le-3-avril-2025-n24-00795\/"]}]},{"@type":"ImageObject","inLanguage":"en-US","@id":"https:\/\/kohenavocats.com\/en\/tribunal-judiciaire-de-montpellier-le-3-avril-2025-n24-00795\/#primaryimage","url":"https:\/\/kohenavocats.com\/wp-content\/uploads\/2024\/08\/cristina-gottardi-GeKoZualPmA-unsplash-1.webp","contentUrl":"https:\/\/kohenavocats.com\/wp-content\/uploads\/2024\/08\/cristina-gottardi-GeKoZualPmA-unsplash-1.webp","width":4708,"height":3138},{"@type":"BreadcrumbList","@id":"https:\/\/kohenavocats.com\/en\/tribunal-judiciaire-de-montpellier-le-3-avril-2025-n24-00795\/#breadcrumb","itemListElement":[{"@type":"ListItem","position":1,"name":"Home","item":"https:\/\/kohenavocats.com\/en\/criminal-law-attorneys-in-paris-counsel-and-strategic-defense\/"},{"@type":"ListItem","position":2,"name":"Tribunal judiciaire de Montpellier, le 3 avril 2025, n\u00b024\/00795"}]},{"@type":"WebSite","@id":"https:\/\/kohenavocats.com\/en\/#website","url":"https:\/\/kohenavocats.com\/en\/","name":"Kohen Avocats","description":"Ma\u00eetre Hassan Kohen, avocat p\u00e9naliste \u00e0 Paris, intervient exclusivement en droit p\u00e9nal pour la d\u00e9fense des particuliers, notamment en mati\u00e8re d\u2019accusations de viol. Il assure un accompagnement rigoureux d\u00e8s la garde \u00e0 vue jusqu\u2019\u00e0 la Cour d\u2019assises, veillant au strict respect des garanties proc\u00e9durales.","publisher":{"@id":"https:\/\/kohenavocats.com\/en\/#organization"},"potentialAction":[{"@type":"SearchAction","target":{"@type":"EntryPoint","urlTemplate":"https:\/\/kohenavocats.com\/en\/?s={search_term_string}"},"query-input":{"@type":"PropertyValueSpecification","valueRequired":true,"valueName":"search_term_string"}}],"inLanguage":"en-US"},{"@type":"Organization","@id":"https:\/\/kohenavocats.com\/en\/#organization","name":"Kohen Avocats","url":"https:\/\/kohenavocats.com\/en\/","logo":{"@type":"ImageObject","inLanguage":"en-US","@id":"https:\/\/kohenavocats.com\/en\/#\/schema\/logo\/image\/","url":"https:\/\/kohenavocats.com\/wp-content\/uploads\/2026\/01\/Logo-2-1.webp","contentUrl":"https:\/\/kohenavocats.com\/wp-content\/uploads\/2026\/01\/Logo-2-1.webp","width":2114,"height":1253,"caption":"Kohen Avocats"},"image":{"@id":"https:\/\/kohenavocats.com\/en\/#\/schema\/logo\/image\/"}},{"@type":"Person","@id":"https:\/\/kohenavocats.com\/en\/#\/schema\/person\/761c9ba54fa1ca84d405cef0831ff751","name":"Kohen","image":{"@type":"ImageObject","inLanguage":"en-US","@id":"https:\/\/secure.gravatar.com\/avatar\/1c5e76ef76bbbfdd2b4da984e2bf2fa4056fd51a27d25ce2c332047f1dfd6e00?s=96&d=identicon&r=g","url":"https:\/\/secure.gravatar.com\/avatar\/1c5e76ef76bbbfdd2b4da984e2bf2fa4056fd51a27d25ce2c332047f1dfd6e00?s=96&d=identicon&r=g","contentUrl":"https:\/\/secure.gravatar.com\/avatar\/1c5e76ef76bbbfdd2b4da984e2bf2fa4056fd51a27d25ce2c332047f1dfd6e00?s=96&d=identicon&r=g","caption":"Kohen"},"sameAs":["https:\/\/www.linkedin.com\/in\/hassan-kohen-448548192\/","https:\/\/www.youtube.com\/@Kohen-Avocats"],"url":"https:\/\/kohenavocats.com\/en\/author\/kohenmlk\/"}]}},"jetpack_featured_media_url":"https:\/\/kohenavocats.com\/wp-content\/uploads\/2024\/08\/cristina-gottardi-GeKoZualPmA-unsplash-1.webp","jetpack_likes_enabled":false,"jetpack_shortlink":"https:\/\/wp.me\/peCrII-2JC0","jetpack-related-posts":[{"id":661558,"url":"https:\/\/kohenavocats.com\/en\/tribunal-judiciaire-de-annecy-le-25-septembre-2025-n21-01471\/","url_meta":{"origin":651992,"position":0},"title":"Tribunal judiciaire de Annecy, le 25 septembre 2025, n\u00b021\/01471","author":"Kohen","date":"23 April 2026","format":false,"excerpt":"Le tribunal judiciaire d\u2019Annecy, statuant le vingt-cinq septembre deux mil vingt-cinq, a prononc\u00e9 la r\u00e9solution d\u2019une vente automobile pour vices cach\u00e9s. L\u2019a...","rel":"","context":"In &quot;Jurisprudence&quot;","block_context":{"text":"Jurisprudence","link":"https:\/\/kohenavocats.com\/category\/jurisprudence\/"},"img":{"alt_text":"","src":"https:\/\/i0.wp.com\/kohenavocats.com\/wp-content\/uploads\/2024\/07\/zach-plank-o-cpCRdEgxs-unsplash.webp?resize=350%2C200&ssl=1","width":350,"height":200,"srcset":"https:\/\/i0.wp.com\/kohenavocats.com\/wp-content\/uploads\/2024\/07\/zach-plank-o-cpCRdEgxs-unsplash.webp?resize=350%2C200&ssl=1 1x, https:\/\/i0.wp.com\/kohenavocats.com\/wp-content\/uploads\/2024\/07\/zach-plank-o-cpCRdEgxs-unsplash.webp?resize=525%2C300&ssl=1 1.5x, https:\/\/i0.wp.com\/kohenavocats.com\/wp-content\/uploads\/2024\/07\/zach-plank-o-cpCRdEgxs-unsplash.webp?resize=700%2C400&ssl=1 2x, https:\/\/i0.wp.com\/kohenavocats.com\/wp-content\/uploads\/2024\/07\/zach-plank-o-cpCRdEgxs-unsplash.webp?resize=1050%2C600&ssl=1 3x, https:\/\/i0.wp.com\/kohenavocats.com\/wp-content\/uploads\/2024\/07\/zach-plank-o-cpCRdEgxs-unsplash.webp?resize=1400%2C800&ssl=1 4x"},"classes":[]},{"id":647010,"url":"https:\/\/kohenavocats.com\/en\/tribunal-judiciaire-de-foix-le-16-janvier-2026-n24-01399\/","url_meta":{"origin":651992,"position":1},"title":"Tribunal judiciaire de Foix, le 16 janvier 2026, n\u00b024\/01399","author":"Kohen","date":"22 April 2026","format":false,"excerpt":"Le tribunal judiciaire de Foix, statuant le 16 janvier 2026, a \u00e9t\u00e9 saisi d'une demande en r\u00e9solution d'une vente d'un v\u00e9hicule d'occasion pour vice cach\u00e9. L'...","rel":"","context":"In &quot;Jurisprudence&quot;","block_context":{"text":"Jurisprudence","link":"https:\/\/kohenavocats.com\/category\/jurisprudence\/"},"img":{"alt_text":"","src":"https:\/\/i0.wp.com\/kohenavocats.com\/wp-content\/uploads\/2024\/08\/rosilaine-alves-674oH-T1wNo-unsplash-1.webp?resize=350%2C200&ssl=1","width":350,"height":200,"srcset":"https:\/\/i0.wp.com\/kohenavocats.com\/wp-content\/uploads\/2024\/08\/rosilaine-alves-674oH-T1wNo-unsplash-1.webp?resize=350%2C200&ssl=1 1x, https:\/\/i0.wp.com\/kohenavocats.com\/wp-content\/uploads\/2024\/08\/rosilaine-alves-674oH-T1wNo-unsplash-1.webp?resize=525%2C300&ssl=1 1.5x, https:\/\/i0.wp.com\/kohenavocats.com\/wp-content\/uploads\/2024\/08\/rosilaine-alves-674oH-T1wNo-unsplash-1.webp?resize=700%2C400&ssl=1 2x, https:\/\/i0.wp.com\/kohenavocats.com\/wp-content\/uploads\/2024\/08\/rosilaine-alves-674oH-T1wNo-unsplash-1.webp?resize=1050%2C600&ssl=1 3x, https:\/\/i0.wp.com\/kohenavocats.com\/wp-content\/uploads\/2024\/08\/rosilaine-alves-674oH-T1wNo-unsplash-1.webp?resize=1400%2C800&ssl=1 4x"},"classes":[]},{"id":522824,"url":"https:\/\/kohenavocats.com\/en\/tribunal-judiciaire-de-pau-le-8-mars-2025-n25-00179\/","url_meta":{"origin":651992,"position":2},"title":"Tribunal judiciaire de Pau, le 8 mars 2025, n\u00b025\/00179","author":"Kohen","date":"9 April 2026","format":false,"excerpt":"Le juge des contentieux de la protection, statuant par jugement r\u00e9put\u00e9 contradictoire le 8 mars 2025, a \u00e9t\u00e9 saisi d'une demande en r\u00e9solution de vente. L'ach...","rel":"","context":"In &quot;Jurisprudence&quot;","block_context":{"text":"Jurisprudence","link":"https:\/\/kohenavocats.com\/category\/jurisprudence\/"},"img":{"alt_text":"","src":"https:\/\/i0.wp.com\/kohenavocats.com\/wp-content\/uploads\/2024\/06\/the-free-birds-9nGaQJjAAng-unsplash.webp?resize=350%2C200&ssl=1","width":350,"height":200,"srcset":"https:\/\/i0.wp.com\/kohenavocats.com\/wp-content\/uploads\/2024\/06\/the-free-birds-9nGaQJjAAng-unsplash.webp?resize=350%2C200&ssl=1 1x, https:\/\/i0.wp.com\/kohenavocats.com\/wp-content\/uploads\/2024\/06\/the-free-birds-9nGaQJjAAng-unsplash.webp?resize=525%2C300&ssl=1 1.5x, https:\/\/i0.wp.com\/kohenavocats.com\/wp-content\/uploads\/2024\/06\/the-free-birds-9nGaQJjAAng-unsplash.webp?resize=700%2C400&ssl=1 2x, https:\/\/i0.wp.com\/kohenavocats.com\/wp-content\/uploads\/2024\/06\/the-free-birds-9nGaQJjAAng-unsplash.webp?resize=1050%2C600&ssl=1 3x, https:\/\/i0.wp.com\/kohenavocats.com\/wp-content\/uploads\/2024\/06\/the-free-birds-9nGaQJjAAng-unsplash.webp?resize=1400%2C800&ssl=1 4x"},"classes":[]},{"id":613970,"url":"https:\/\/kohenavocats.com\/en\/tribunal-judiciaire-de-colmar-le-24-octobre-2025-n24-00005\/","url_meta":{"origin":651992,"position":3},"title":"Tribunal judiciaire de Colmar, le 24 octobre 2025, n\u00b024\/00005","author":"Kohen","date":"20 April 2026","format":false,"excerpt":"Le tribunal judiciaire de Colmar, statuant le 24 octobre 2025, a \u00e9t\u00e9 saisi d'un litige relatif \u00e0 la vente d'un v\u00e9hicule d'occasion. L'acqu\u00e9reur a sollicit\u00e9 l...","rel":"","context":"In &quot;Jurisprudence&quot;","block_context":{"text":"Jurisprudence","link":"https:\/\/kohenavocats.com\/category\/jurisprudence\/"},"img":{"alt_text":"","src":"https:\/\/i0.wp.com\/kohenavocats.com\/wp-content\/uploads\/2024\/11\/zyanya-citlalli-gy0ATtkEcZs-unsplash.webp?resize=350%2C200&ssl=1","width":350,"height":200,"srcset":"https:\/\/i0.wp.com\/kohenavocats.com\/wp-content\/uploads\/2024\/11\/zyanya-citlalli-gy0ATtkEcZs-unsplash.webp?resize=350%2C200&ssl=1 1x, https:\/\/i0.wp.com\/kohenavocats.com\/wp-content\/uploads\/2024\/11\/zyanya-citlalli-gy0ATtkEcZs-unsplash.webp?resize=525%2C300&ssl=1 1.5x, https:\/\/i0.wp.com\/kohenavocats.com\/wp-content\/uploads\/2024\/11\/zyanya-citlalli-gy0ATtkEcZs-unsplash.webp?resize=700%2C400&ssl=1 2x, https:\/\/i0.wp.com\/kohenavocats.com\/wp-content\/uploads\/2024\/11\/zyanya-citlalli-gy0ATtkEcZs-unsplash.webp?resize=1050%2C600&ssl=1 3x, https:\/\/i0.wp.com\/kohenavocats.com\/wp-content\/uploads\/2024\/11\/zyanya-citlalli-gy0ATtkEcZs-unsplash.webp?resize=1400%2C800&ssl=1 4x"},"classes":[]},{"id":487509,"url":"https:\/\/kohenavocats.com\/en\/tribunal-judiciaire-le-26-novembre-2025-n23-04494\/","url_meta":{"origin":651992,"position":4},"title":"Tribunal judiciaire, le 26 novembre 2025, n\u00b023\/04494","author":"Kohen","date":"8 April 2026","format":false,"excerpt":"Le tribunal judiciaire de premi\u00e8re instance, statuant le vingt-six novembre deux mille vingt-cinq, a \u00e9t\u00e9 saisi d'un litige cons\u00e9cutif \u00e0 la vente d'un v\u00e9hicul...","rel":"","context":"In &quot;Jurisprudence&quot;","block_context":{"text":"Jurisprudence","link":"https:\/\/kohenavocats.com\/category\/jurisprudence\/"},"img":{"alt_text":"","src":"https:\/\/i0.wp.com\/kohenavocats.com\/wp-content\/uploads\/2024\/07\/daniel-roe-2OqFyMN7R_E-unsplash.webp?resize=350%2C200&ssl=1","width":350,"height":200,"srcset":"https:\/\/i0.wp.com\/kohenavocats.com\/wp-content\/uploads\/2024\/07\/daniel-roe-2OqFyMN7R_E-unsplash.webp?resize=350%2C200&ssl=1 1x, https:\/\/i0.wp.com\/kohenavocats.com\/wp-content\/uploads\/2024\/07\/daniel-roe-2OqFyMN7R_E-unsplash.webp?resize=525%2C300&ssl=1 1.5x, https:\/\/i0.wp.com\/kohenavocats.com\/wp-content\/uploads\/2024\/07\/daniel-roe-2OqFyMN7R_E-unsplash.webp?resize=700%2C400&ssl=1 2x, https:\/\/i0.wp.com\/kohenavocats.com\/wp-content\/uploads\/2024\/07\/daniel-roe-2OqFyMN7R_E-unsplash.webp?resize=1050%2C600&ssl=1 3x, https:\/\/i0.wp.com\/kohenavocats.com\/wp-content\/uploads\/2024\/07\/daniel-roe-2OqFyMN7R_E-unsplash.webp?resize=1400%2C800&ssl=1 4x"},"classes":[]},{"id":685325,"url":"https:\/\/kohenavocats.com\/en\/tribunal-judiciaire-de-poitiers-le-13-juin-2025-n24-02232\/","url_meta":{"origin":651992,"position":5},"title":"Tribunal judiciaire de Poitiers, le 13 juin 2025, n\u00b024\/02232","author":"Kohen","date":"25 April 2026","format":false,"excerpt":"Par un jugement du 13 juin 2025, le Tribunal judiciaire de Poitiers (premi\u00e8re chambre civile, n\u00b0 RG 24\/02232) tranche un litige relatif \u00e0 la garantie des vic...","rel":"","context":"In &quot;Jurisprudence&quot;","block_context":{"text":"Jurisprudence","link":"https:\/\/kohenavocats.com\/category\/jurisprudence\/"},"img":{"alt_text":"","src":"https:\/\/i0.wp.com\/kohenavocats.com\/wp-content\/uploads\/2024\/11\/getty-images-2IQXr2ZqAdY-unsplash.webp?resize=350%2C200&ssl=1","width":350,"height":200,"srcset":"https:\/\/i0.wp.com\/kohenavocats.com\/wp-content\/uploads\/2024\/11\/getty-images-2IQXr2ZqAdY-unsplash.webp?resize=350%2C200&ssl=1 1x, https:\/\/i0.wp.com\/kohenavocats.com\/wp-content\/uploads\/2024\/11\/getty-images-2IQXr2ZqAdY-unsplash.webp?resize=525%2C300&ssl=1 1.5x, https:\/\/i0.wp.com\/kohenavocats.com\/wp-content\/uploads\/2024\/11\/getty-images-2IQXr2ZqAdY-unsplash.webp?resize=700%2C400&ssl=1 2x, https:\/\/i0.wp.com\/kohenavocats.com\/wp-content\/uploads\/2024\/11\/getty-images-2IQXr2ZqAdY-unsplash.webp?resize=1050%2C600&ssl=1 3x, https:\/\/i0.wp.com\/kohenavocats.com\/wp-content\/uploads\/2024\/11\/getty-images-2IQXr2ZqAdY-unsplash.webp?resize=1400%2C800&ssl=1 4x"},"classes":[]}],"jetpack_sharing_enabled":true,"_links":{"self":[{"href":"https:\/\/kohenavocats.com\/en\/wp-json\/wp\/v2\/posts\/651992","targetHints":{"allow":["GET"]}}],"collection":[{"href":"https:\/\/kohenavocats.com\/en\/wp-json\/wp\/v2\/posts"}],"about":[{"href":"https:\/\/kohenavocats.com\/en\/wp-json\/wp\/v2\/types\/post"}],"author":[{"embeddable":true,"href":"https:\/\/kohenavocats.com\/en\/wp-json\/wp\/v2\/users\/232070755"}],"replies":[{"embeddable":true,"href":"https:\/\/kohenavocats.com\/en\/wp-json\/wp\/v2\/comments?post=651992"}],"version-history":[{"count":0,"href":"https:\/\/kohenavocats.com\/en\/wp-json\/wp\/v2\/posts\/651992\/revisions"}],"wp:featuredmedia":[{"embeddable":true,"href":"https:\/\/kohenavocats.com\/en\/wp-json\/wp\/v2\/media\/4875"}],"wp:attachment":[{"href":"https:\/\/kohenavocats.com\/en\/wp-json\/wp\/v2\/media?parent=651992"}],"wp:term":[{"taxonomy":"category","embeddable":true,"href":"https:\/\/kohenavocats.com\/en\/wp-json\/wp\/v2\/categories?post=651992"},{"taxonomy":"post_tag","embeddable":true,"href":"https:\/\/kohenavocats.com\/en\/wp-json\/wp\/v2\/tags?post=651992"}],"curies":[{"name":"wp","href":"https:\/\/api.w.org\/{rel}","templated":true}]}}