{"id":652005,"date":"2026-04-22T22:12:05","date_gmt":"2026-04-22T20:12:05","guid":{"rendered":"https:\/\/kohenavocats.com\/tribunal-judiciaire-de-saint-nazaire-le-2-octobre-2025-n25-01576\/"},"modified":"2026-04-22T22:12:05","modified_gmt":"2026-04-22T20:12:05","slug":"tribunal-judiciaire-de-saint-nazaire-le-2-octobre-2025-n25-01576","status":"publish","type":"post","link":"https:\/\/kohenavocats.com\/en\/tribunal-judiciaire-de-saint-nazaire-le-2-octobre-2025-n25-01576\/","title":{"rendered":"Tribunal judiciaire de Saint-Nazaire, le 2 octobre 2025, n\u00b025\/01576"},"content":{"rendered":"<div class=\"article-content\">\n<p>Le juge de l\u2019ex\u00e9cution du tribunal judiciaire de Saint-Nazaire, statuant le 2 octobre 2025, a \u00e9t\u00e9 saisi d\u2019une demande de d\u00e9lai pour quitter les lieux. Cette demande \u00e9manait de l\u2019occupante d\u2019un logement faisant l\u2019objet d\u2019un commandement d\u2019expulsion. Les bailleurs opposaient une fin de non-recevoir tir\u00e9e de l\u2019autorit\u00e9 de la chose jug\u00e9e. Le juge a d\u00e9clar\u00e9 la demande irrecevable au motif qu\u2019aucun \u00e9l\u00e9ment nouveau n\u2019\u00e9tait venu modifier la situation ant\u00e9rieurement jug\u00e9e.<\/p>\n<p>L\u2019exigence d\u2019un \u00e9l\u00e9ment nouveau pour contourner l\u2019autorit\u00e9 de la chose jug\u00e9e<\/p>\n<p>L\u2019application stricte du principe d\u2019autorit\u00e9 de la chose jug\u00e9e. Le juge rappelle les conditions de l\u2019autorit\u00e9 de la chose jug\u00e9e \u00e9nonc\u00e9es \u00e0 l\u2019article 1355 du code civil. Il souligne que la demande actuelle est identique \u00e0 celle pr\u00e9c\u00e9demment rejet\u00e9e par le juge des contentieux de la protection. &#8220;La d\u00e9cision rendu le 19 f\u00e9vrier 2025 a autorit\u00e9 de la chose jug\u00e9e de ce chef&#8221; (Motifs, I). Cette application rigoureuse vise \u00e0 garantir la s\u00e9curit\u00e9 juridique et \u00e0 \u00e9viter la multiplication de demandes similaires. Elle prot\u00e8ge ainsi la d\u00e9cision pass\u00e9e en force de chose jug\u00e9e.<\/p>\n<p>L\u2019exception admise en cas de modification de la situation des parties. Le juge reconna\u00eet que l\u2019autorit\u00e9 de la chose jug\u00e9e peut \u00eatre \u00e9cart\u00e9e en pr\u00e9sence d\u2019\u00e9v\u00e9nements post\u00e9rieurs. Il pr\u00e9cise que des d\u00e9lais peuvent \u00eatre accord\u00e9s &#8220;si le demandeur justifie d\u2019\u00e9l\u00e9ments nouveaux au regard de la situation prise en compte par la d\u00e9cision qui a rejet\u00e9 la demande&#8221; (Motifs, I). Cette pr\u00e9cision est essentielle pour adapter la r\u00e8gle proc\u00e9durale aux circonstances de l\u2019esp\u00e8ce. Elle permet de tenir compte d\u2019une \u00e9volution d\u00e9favorable de la situation personnelle du d\u00e9biteur.<\/p>\n<p>L\u2019appr\u00e9ciation concr\u00e8te et restrictive des circonstances invoqu\u00e9es<\/p>\n<p>Le rejet des arguments fond\u00e9s sur l\u2019\u00e9tat de sant\u00e9 et les recherches de logement. Le juge examine les nouveaux certificats m\u00e9dicaux produits par l\u2019occupante. Il estime que son \u00e9tat d\u00e9pressif &#8220;\u00e9tait d\u00e9j\u00e0 connu&#8221; et qu\u2019il &#8220;n\u2019est pas d\u00e9montr\u00e9 que son \u00e9tat de sant\u00e9 aurait \u00e9volu\u00e9&#8221; (Motifs, I). Les d\u00e9marches de relogement pr\u00e9sent\u00e9es sont jug\u00e9es insuffisantes et non abouties. Cette appr\u00e9ciation stricte d\u00e9montre que le simple renouvellement d\u2019un argument ne constitue pas un \u00e9l\u00e9ment nouveau. La charge de la preuve repose int\u00e9gralement sur le demandeur du d\u00e9lai.<\/p>\n<p>La confirmation d\u2019une jurisprudence exigeante sur la recevabilit\u00e9 des demandes. En l\u2019absence de preuve d\u2019une \u00e9volution de la situation, le juge applique le principe. &#8220;D\u00e8s lors, en l&#8217;absence d&#8217;\u00e9l\u00e9ment nouveau, le jugement du 19 f\u00e9vrier 2025 [&#8230;] a autorit\u00e9 de chose jug\u00e9e&#8221; (Motifs, I). Cette solution rejoint une jurisprudence constante sur l\u2019irrecevabilit\u00e9 des demandes r\u00e9p\u00e9t\u00e9es. Un tribunal a ainsi jug\u00e9 qu\u2019en &#8220;absence d&#8217;\u00e9l\u00e9ments nouveaux par rapport aux jugements pr\u00e9cit\u00e9s, qui avaient statu\u00e9 sur les demandes de d\u00e9lais, sa nouvelle demande se heurte \u00e0 l\u2019autorit\u00e9 de la chose jug\u00e9e&#8221; (Tribunal judiciaire de Bobigny, le 28 mai 2025, n\u00b025\/02517). La d\u00e9cision renforce donc une interpr\u00e9tation rigoureuse de l\u2019article 1355 du code civil en mati\u00e8re d\u2019ex\u00e9cution.<\/p>\n<p>La port\u00e9e de cette d\u00e9cision est significative pour la pratique des proc\u00e9dures d\u2019expulsion. Elle d\u00e9limite clairement la fronti\u00e8re entre une nouvelle demande recevable et une demande irrecevable. Seule une modification substantielle de la situation personnelle du d\u00e9biteur, survenue apr\u00e8s le premier jugement, peut justifier un nouvel examen. Cette approche pr\u00e9serve l\u2019efficacit\u00e9 de la d\u00e9cision initiale tout en conservant une porte de secours exceptionnelle. Elle rappelle aux praticiens l\u2019importance de caract\u00e9riser avec pr\u00e9cision tout \u00e9l\u00e9ment nouveau pour \u00e9viter une fin de non-recevoir.<\/p>\n<\/div>\n","protected":false},"excerpt":{"rendered":"<p>Le juge de l\u2019ex\u00e9cution du tribunal judiciaire de Saint-Nazaire, statuant le 2 octobre 2025, a \u00e9t\u00e9 saisi d\u2019une demande de d\u00e9lai pour quitter les lieux. Cette &#8230;<\/p>\n","protected":false},"author":232070755,"featured_media":9465,"comment_status":"open","ping_status":"open","sticky":false,"template":"","format":"standard","meta":{"_crdt_document":"","_jetpack_newsletter_access":"","_jetpack_dont_email_post_to_subs":false,"_jetpack_newsletter_tier_id":0,"_jetpack_memberships_contains_paywalled_content":false,"_kj_source_type":"","_kj_official_id":"","_kj_official_url":"","_kj_judilibre_id":"","_kj_jur":"","_kj_lieu":"","_kj_chambre":"","_kj_rg":"","_kj_date":"","_jetpack_memberships_contains_paid_content":false,"footnotes":"","jetpack_post_was_ever_published":false},"categories":[7597],"tags":[],"class_list":["post-652005","post","type-post","status-publish","format-standard","has-post-thumbnail","hentry","category-jurisprudence"],"yoast_head":"<!-- This site is optimized with the Yoast SEO Premium plugin v27.4 (Yoast SEO v27.4) - https:\/\/yoast.com\/product\/yoast-seo-premium-wordpress\/ -->\n<title>Tribunal judiciaire de Saint-Nazaire, le 2 octobre 2025, n\u00b025\/01576 - Ma\u00eetre Hassan Kohen, avocat en droit p\u00e9nal \u00e0 Paris<\/title>\n<meta name=\"description\" content=\"Le juge de l\u2019ex\u00e9cution du tribunal judiciaire de Saint-Nazaire, statuant le 2 octobre 2025, a \u00e9t\u00e9 saisi d\u2019une demande de d\u00e9lai pour quitter les lieux. Cette ...\" \/>\n<meta name=\"robots\" content=\"index, follow, max-snippet:-1, max-image-preview:large, max-video-preview:-1\" \/>\n<link rel=\"canonical\" href=\"https:\/\/kohenavocats.com\/en\/tribunal-judiciaire-de-saint-nazaire-le-2-octobre-2025-n25-01576\/\" \/>\n<meta property=\"og:locale\" content=\"en_US\" \/>\n<meta property=\"og:type\" content=\"article\" \/>\n<meta property=\"og:title\" content=\"Tribunal judiciaire de Saint-Nazaire, le 2 octobre 2025, n\u00b025\/01576\" \/>\n<meta property=\"og:description\" content=\"Le juge de l\u2019ex\u00e9cution du tribunal judiciaire de Saint-Nazaire, statuant le 2 octobre 2025, a \u00e9t\u00e9 saisi d\u2019une demande de d\u00e9lai pour quitter les lieux. Cette ...\" \/>\n<meta property=\"og:url\" content=\"https:\/\/kohenavocats.com\/en\/tribunal-judiciaire-de-saint-nazaire-le-2-octobre-2025-n25-01576\/\" \/>\n<meta property=\"og:site_name\" content=\"Ma\u00eetre Hassan Kohen, avocat en droit p\u00e9nal \u00e0 Paris\" \/>\n<meta property=\"article:published_time\" content=\"2026-04-22T20:12:05+00:00\" \/>\n<meta property=\"og:image\" content=\"https:\/\/kohenavocats.com\/wp-content\/uploads\/2024\/11\/aakash-dhage-qZlPncXgGno-unsplash.webp\" \/>\n\t<meta property=\"og:image:width\" content=\"3840\" \/>\n\t<meta property=\"og:image:height\" content=\"2160\" \/>\n\t<meta property=\"og:image:type\" content=\"image\/webp\" \/>\n<meta name=\"author\" content=\"Kohen\" \/>\n<meta name=\"twitter:card\" content=\"summary_large_image\" \/>\n<meta name=\"twitter:label1\" content=\"Written by\" \/>\n\t<meta name=\"twitter:data1\" content=\"Kohen\" \/>\n\t<meta name=\"twitter:label2\" content=\"Est. reading time\" \/>\n\t<meta name=\"twitter:data2\" content=\"3 minutes\" \/>\n<script type=\"application\/ld+json\" class=\"yoast-schema-graph\">{\"@context\":\"https:\\\/\\\/schema.org\",\"@graph\":[{\"@type\":\"Article\",\"@id\":\"https:\\\/\\\/kohenavocats.com\\\/en\\\/tribunal-judiciaire-de-saint-nazaire-le-2-octobre-2025-n25-01576\\\/#article\",\"isPartOf\":{\"@id\":\"https:\\\/\\\/kohenavocats.com\\\/en\\\/tribunal-judiciaire-de-saint-nazaire-le-2-octobre-2025-n25-01576\\\/\"},\"author\":{\"name\":\"Kohen\",\"@id\":\"https:\\\/\\\/kohenavocats.com\\\/en\\\/#\\\/schema\\\/person\\\/761c9ba54fa1ca84d405cef0831ff751\"},\"headline\":\"Tribunal judiciaire de Saint-Nazaire, le 2 octobre 2025, n\u00b025\\\/01576\",\"datePublished\":\"2026-04-22T20:12:05+00:00\",\"mainEntityOfPage\":{\"@id\":\"https:\\\/\\\/kohenavocats.com\\\/en\\\/tribunal-judiciaire-de-saint-nazaire-le-2-octobre-2025-n25-01576\\\/\"},\"wordCount\":667,\"commentCount\":0,\"publisher\":{\"@id\":\"https:\\\/\\\/kohenavocats.com\\\/en\\\/#organization\"},\"image\":{\"@id\":\"https:\\\/\\\/kohenavocats.com\\\/en\\\/tribunal-judiciaire-de-saint-nazaire-le-2-octobre-2025-n25-01576\\\/#primaryimage\"},\"thumbnailUrl\":\"https:\\\/\\\/kohenavocats.com\\\/wp-content\\\/uploads\\\/2024\\\/11\\\/aakash-dhage-qZlPncXgGno-unsplash.webp\",\"articleSection\":[\"Jurisprudence\"],\"inLanguage\":\"en-US\",\"potentialAction\":[{\"@type\":\"CommentAction\",\"name\":\"Comment\",\"target\":[\"https:\\\/\\\/kohenavocats.com\\\/en\\\/tribunal-judiciaire-de-saint-nazaire-le-2-octobre-2025-n25-01576\\\/#respond\"]}],\"citation\":\"Tribunal judiciaire de Saint-Nazaire, le 2 octobre 2025, n\u00b025\\\/01576\",\"about\":[{\"@type\":\"Thing\",\"name\":\"Jurisprudence\"}],\"dateModified\":\"2026-04-22T20:12:05+00:00\",\"speakable\":{\"@type\":\"SpeakableSpecification\",\"cssSelector\":[\".article-content > p:first-of-type\"]}},{\"@type\":\"WebPage\",\"@id\":\"https:\\\/\\\/kohenavocats.com\\\/en\\\/tribunal-judiciaire-de-saint-nazaire-le-2-octobre-2025-n25-01576\\\/\",\"url\":\"https:\\\/\\\/kohenavocats.com\\\/en\\\/tribunal-judiciaire-de-saint-nazaire-le-2-octobre-2025-n25-01576\\\/\",\"name\":\"Tribunal judiciaire de Saint-Nazaire, le 2 octobre 2025, n\u00b025\\\/01576 - Ma\u00eetre Hassan Kohen, avocat en droit p\u00e9nal \u00e0 Paris\",\"isPartOf\":{\"@id\":\"https:\\\/\\\/kohenavocats.com\\\/en\\\/#website\"},\"primaryImageOfPage\":{\"@id\":\"https:\\\/\\\/kohenavocats.com\\\/en\\\/tribunal-judiciaire-de-saint-nazaire-le-2-octobre-2025-n25-01576\\\/#primaryimage\"},\"image\":{\"@id\":\"https:\\\/\\\/kohenavocats.com\\\/en\\\/tribunal-judiciaire-de-saint-nazaire-le-2-octobre-2025-n25-01576\\\/#primaryimage\"},\"thumbnailUrl\":\"https:\\\/\\\/kohenavocats.com\\\/wp-content\\\/uploads\\\/2024\\\/11\\\/aakash-dhage-qZlPncXgGno-unsplash.webp\",\"datePublished\":\"2026-04-22T20:12:05+00:00\",\"description\":\"Le juge de l\u2019ex\u00e9cution du tribunal judiciaire de Saint-Nazaire, statuant le 2 octobre 2025, a \u00e9t\u00e9 saisi d\u2019une demande de d\u00e9lai pour quitter les lieux. Cette ...\",\"breadcrumb\":{\"@id\":\"https:\\\/\\\/kohenavocats.com\\\/en\\\/tribunal-judiciaire-de-saint-nazaire-le-2-octobre-2025-n25-01576\\\/#breadcrumb\"},\"inLanguage\":\"en-US\",\"potentialAction\":[{\"@type\":\"ReadAction\",\"target\":[\"https:\\\/\\\/kohenavocats.com\\\/en\\\/tribunal-judiciaire-de-saint-nazaire-le-2-octobre-2025-n25-01576\\\/\"]}]},{\"@type\":\"ImageObject\",\"inLanguage\":\"en-US\",\"@id\":\"https:\\\/\\\/kohenavocats.com\\\/en\\\/tribunal-judiciaire-de-saint-nazaire-le-2-octobre-2025-n25-01576\\\/#primaryimage\",\"url\":\"https:\\\/\\\/kohenavocats.com\\\/wp-content\\\/uploads\\\/2024\\\/11\\\/aakash-dhage-qZlPncXgGno-unsplash.webp\",\"contentUrl\":\"https:\\\/\\\/kohenavocats.com\\\/wp-content\\\/uploads\\\/2024\\\/11\\\/aakash-dhage-qZlPncXgGno-unsplash.webp\",\"width\":3840,\"height\":2160},{\"@type\":\"BreadcrumbList\",\"@id\":\"https:\\\/\\\/kohenavocats.com\\\/en\\\/tribunal-judiciaire-de-saint-nazaire-le-2-octobre-2025-n25-01576\\\/#breadcrumb\",\"itemListElement\":[{\"@type\":\"ListItem\",\"position\":1,\"name\":\"Home\",\"item\":\"https:\\\/\\\/kohenavocats.com\\\/en\\\/criminal-law-attorneys-in-paris-counsel-and-strategic-defense\\\/\"},{\"@type\":\"ListItem\",\"position\":2,\"name\":\"Tribunal judiciaire de Saint-Nazaire, le 2 octobre 2025, n\u00b025\\\/01576\"}]},{\"@type\":\"WebSite\",\"@id\":\"https:\\\/\\\/kohenavocats.com\\\/en\\\/#website\",\"url\":\"https:\\\/\\\/kohenavocats.com\\\/en\\\/\",\"name\":\"Kohen Avocats\",\"description\":\"Ma\u00eetre Hassan Kohen, avocat p\u00e9naliste \u00e0 Paris, intervient exclusivement en droit p\u00e9nal pour la d\u00e9fense des particuliers, notamment en mati\u00e8re d\u2019accusations de viol. Il assure un accompagnement rigoureux d\u00e8s la garde \u00e0 vue jusqu\u2019\u00e0 la Cour d\u2019assises, veillant au strict respect des garanties proc\u00e9durales.\",\"publisher\":{\"@id\":\"https:\\\/\\\/kohenavocats.com\\\/en\\\/#organization\"},\"potentialAction\":[{\"@type\":\"SearchAction\",\"target\":{\"@type\":\"EntryPoint\",\"urlTemplate\":\"https:\\\/\\\/kohenavocats.com\\\/en\\\/?s={search_term_string}\"},\"query-input\":{\"@type\":\"PropertyValueSpecification\",\"valueRequired\":true,\"valueName\":\"search_term_string\"}}],\"inLanguage\":\"en-US\"},{\"@type\":\"Organization\",\"@id\":\"https:\\\/\\\/kohenavocats.com\\\/en\\\/#organization\",\"name\":\"Kohen Avocats\",\"url\":\"https:\\\/\\\/kohenavocats.com\\\/en\\\/\",\"logo\":{\"@type\":\"ImageObject\",\"inLanguage\":\"en-US\",\"@id\":\"https:\\\/\\\/kohenavocats.com\\\/en\\\/#\\\/schema\\\/logo\\\/image\\\/\",\"url\":\"https:\\\/\\\/kohenavocats.com\\\/wp-content\\\/uploads\\\/2026\\\/01\\\/Logo-2-1.webp\",\"contentUrl\":\"https:\\\/\\\/kohenavocats.com\\\/wp-content\\\/uploads\\\/2026\\\/01\\\/Logo-2-1.webp\",\"width\":2114,\"height\":1253,\"caption\":\"Kohen Avocats\"},\"image\":{\"@id\":\"https:\\\/\\\/kohenavocats.com\\\/en\\\/#\\\/schema\\\/logo\\\/image\\\/\"}},{\"@type\":\"Person\",\"@id\":\"https:\\\/\\\/kohenavocats.com\\\/en\\\/#\\\/schema\\\/person\\\/761c9ba54fa1ca84d405cef0831ff751\",\"name\":\"Kohen\",\"image\":{\"@type\":\"ImageObject\",\"inLanguage\":\"en-US\",\"@id\":\"https:\\\/\\\/secure.gravatar.com\\\/avatar\\\/1c5e76ef76bbbfdd2b4da984e2bf2fa4056fd51a27d25ce2c332047f1dfd6e00?s=96&d=identicon&r=g\",\"url\":\"https:\\\/\\\/secure.gravatar.com\\\/avatar\\\/1c5e76ef76bbbfdd2b4da984e2bf2fa4056fd51a27d25ce2c332047f1dfd6e00?s=96&d=identicon&r=g\",\"contentUrl\":\"https:\\\/\\\/secure.gravatar.com\\\/avatar\\\/1c5e76ef76bbbfdd2b4da984e2bf2fa4056fd51a27d25ce2c332047f1dfd6e00?s=96&d=identicon&r=g\",\"caption\":\"Kohen\"},\"sameAs\":[\"https:\\\/\\\/www.linkedin.com\\\/in\\\/hassan-kohen-448548192\\\/\",\"https:\\\/\\\/www.youtube.com\\\/@Kohen-Avocats\"],\"url\":\"https:\\\/\\\/kohenavocats.com\\\/en\\\/author\\\/kohenmlk\\\/\"}]}<\/script>\n<!-- \/ Yoast SEO Premium plugin. -->","yoast_head_json":{"title":"Tribunal judiciaire de Saint-Nazaire, le 2 octobre 2025, n\u00b025\/01576 - Ma\u00eetre Hassan Kohen, avocat en droit p\u00e9nal \u00e0 Paris","description":"Le juge de l\u2019ex\u00e9cution du tribunal judiciaire de Saint-Nazaire, statuant le 2 octobre 2025, a \u00e9t\u00e9 saisi d\u2019une demande de d\u00e9lai pour quitter les lieux. Cette ...","robots":{"index":"index","follow":"follow","max-snippet":"max-snippet:-1","max-image-preview":"max-image-preview:large","max-video-preview":"max-video-preview:-1"},"canonical":"https:\/\/kohenavocats.com\/en\/tribunal-judiciaire-de-saint-nazaire-le-2-octobre-2025-n25-01576\/","og_locale":"en_US","og_type":"article","og_title":"Tribunal judiciaire de Saint-Nazaire, le 2 octobre 2025, n\u00b025\/01576","og_description":"Le juge de l\u2019ex\u00e9cution du tribunal judiciaire de Saint-Nazaire, statuant le 2 octobre 2025, a \u00e9t\u00e9 saisi d\u2019une demande de d\u00e9lai pour quitter les lieux. Cette ...","og_url":"https:\/\/kohenavocats.com\/en\/tribunal-judiciaire-de-saint-nazaire-le-2-octobre-2025-n25-01576\/","og_site_name":"Ma\u00eetre Hassan Kohen, avocat en droit p\u00e9nal \u00e0 Paris","article_published_time":"2026-04-22T20:12:05+00:00","og_image":[{"width":3840,"height":2160,"url":"https:\/\/kohenavocats.com\/wp-content\/uploads\/2024\/11\/aakash-dhage-qZlPncXgGno-unsplash.webp","type":"image\/webp"}],"author":"Kohen","twitter_card":"summary_large_image","twitter_misc":{"Written by":"Kohen","Est. reading time":"3 minutes"},"schema":{"@context":"https:\/\/schema.org","@graph":[{"@type":"Article","@id":"https:\/\/kohenavocats.com\/en\/tribunal-judiciaire-de-saint-nazaire-le-2-octobre-2025-n25-01576\/#article","isPartOf":{"@id":"https:\/\/kohenavocats.com\/en\/tribunal-judiciaire-de-saint-nazaire-le-2-octobre-2025-n25-01576\/"},"author":{"name":"Kohen","@id":"https:\/\/kohenavocats.com\/en\/#\/schema\/person\/761c9ba54fa1ca84d405cef0831ff751"},"headline":"Tribunal judiciaire de Saint-Nazaire, le 2 octobre 2025, n\u00b025\/01576","datePublished":"2026-04-22T20:12:05+00:00","mainEntityOfPage":{"@id":"https:\/\/kohenavocats.com\/en\/tribunal-judiciaire-de-saint-nazaire-le-2-octobre-2025-n25-01576\/"},"wordCount":667,"commentCount":0,"publisher":{"@id":"https:\/\/kohenavocats.com\/en\/#organization"},"image":{"@id":"https:\/\/kohenavocats.com\/en\/tribunal-judiciaire-de-saint-nazaire-le-2-octobre-2025-n25-01576\/#primaryimage"},"thumbnailUrl":"https:\/\/kohenavocats.com\/wp-content\/uploads\/2024\/11\/aakash-dhage-qZlPncXgGno-unsplash.webp","articleSection":["Jurisprudence"],"inLanguage":"en-US","potentialAction":[{"@type":"CommentAction","name":"Comment","target":["https:\/\/kohenavocats.com\/en\/tribunal-judiciaire-de-saint-nazaire-le-2-octobre-2025-n25-01576\/#respond"]}],"citation":"Tribunal judiciaire de Saint-Nazaire, le 2 octobre 2025, n\u00b025\/01576","about":[{"@type":"Thing","name":"Jurisprudence"}],"dateModified":"2026-04-22T20:12:05+00:00","speakable":{"@type":"SpeakableSpecification","cssSelector":[".article-content > p:first-of-type"]}},{"@type":"WebPage","@id":"https:\/\/kohenavocats.com\/en\/tribunal-judiciaire-de-saint-nazaire-le-2-octobre-2025-n25-01576\/","url":"https:\/\/kohenavocats.com\/en\/tribunal-judiciaire-de-saint-nazaire-le-2-octobre-2025-n25-01576\/","name":"Tribunal judiciaire de Saint-Nazaire, le 2 octobre 2025, n\u00b025\/01576 - Ma\u00eetre Hassan Kohen, avocat en droit p\u00e9nal \u00e0 Paris","isPartOf":{"@id":"https:\/\/kohenavocats.com\/en\/#website"},"primaryImageOfPage":{"@id":"https:\/\/kohenavocats.com\/en\/tribunal-judiciaire-de-saint-nazaire-le-2-octobre-2025-n25-01576\/#primaryimage"},"image":{"@id":"https:\/\/kohenavocats.com\/en\/tribunal-judiciaire-de-saint-nazaire-le-2-octobre-2025-n25-01576\/#primaryimage"},"thumbnailUrl":"https:\/\/kohenavocats.com\/wp-content\/uploads\/2024\/11\/aakash-dhage-qZlPncXgGno-unsplash.webp","datePublished":"2026-04-22T20:12:05+00:00","description":"Le juge de l\u2019ex\u00e9cution du tribunal judiciaire de Saint-Nazaire, statuant le 2 octobre 2025, a \u00e9t\u00e9 saisi d\u2019une demande de d\u00e9lai pour quitter les lieux. Cette ...","breadcrumb":{"@id":"https:\/\/kohenavocats.com\/en\/tribunal-judiciaire-de-saint-nazaire-le-2-octobre-2025-n25-01576\/#breadcrumb"},"inLanguage":"en-US","potentialAction":[{"@type":"ReadAction","target":["https:\/\/kohenavocats.com\/en\/tribunal-judiciaire-de-saint-nazaire-le-2-octobre-2025-n25-01576\/"]}]},{"@type":"ImageObject","inLanguage":"en-US","@id":"https:\/\/kohenavocats.com\/en\/tribunal-judiciaire-de-saint-nazaire-le-2-octobre-2025-n25-01576\/#primaryimage","url":"https:\/\/kohenavocats.com\/wp-content\/uploads\/2024\/11\/aakash-dhage-qZlPncXgGno-unsplash.webp","contentUrl":"https:\/\/kohenavocats.com\/wp-content\/uploads\/2024\/11\/aakash-dhage-qZlPncXgGno-unsplash.webp","width":3840,"height":2160},{"@type":"BreadcrumbList","@id":"https:\/\/kohenavocats.com\/en\/tribunal-judiciaire-de-saint-nazaire-le-2-octobre-2025-n25-01576\/#breadcrumb","itemListElement":[{"@type":"ListItem","position":1,"name":"Home","item":"https:\/\/kohenavocats.com\/en\/criminal-law-attorneys-in-paris-counsel-and-strategic-defense\/"},{"@type":"ListItem","position":2,"name":"Tribunal judiciaire de Saint-Nazaire, le 2 octobre 2025, n\u00b025\/01576"}]},{"@type":"WebSite","@id":"https:\/\/kohenavocats.com\/en\/#website","url":"https:\/\/kohenavocats.com\/en\/","name":"Kohen Avocats","description":"Ma\u00eetre Hassan Kohen, avocat p\u00e9naliste \u00e0 Paris, intervient exclusivement en droit p\u00e9nal pour la d\u00e9fense des particuliers, notamment en mati\u00e8re d\u2019accusations de viol. Il assure un accompagnement rigoureux d\u00e8s la garde \u00e0 vue jusqu\u2019\u00e0 la Cour d\u2019assises, veillant au strict respect des garanties proc\u00e9durales.","publisher":{"@id":"https:\/\/kohenavocats.com\/en\/#organization"},"potentialAction":[{"@type":"SearchAction","target":{"@type":"EntryPoint","urlTemplate":"https:\/\/kohenavocats.com\/en\/?s={search_term_string}"},"query-input":{"@type":"PropertyValueSpecification","valueRequired":true,"valueName":"search_term_string"}}],"inLanguage":"en-US"},{"@type":"Organization","@id":"https:\/\/kohenavocats.com\/en\/#organization","name":"Kohen Avocats","url":"https:\/\/kohenavocats.com\/en\/","logo":{"@type":"ImageObject","inLanguage":"en-US","@id":"https:\/\/kohenavocats.com\/en\/#\/schema\/logo\/image\/","url":"https:\/\/kohenavocats.com\/wp-content\/uploads\/2026\/01\/Logo-2-1.webp","contentUrl":"https:\/\/kohenavocats.com\/wp-content\/uploads\/2026\/01\/Logo-2-1.webp","width":2114,"height":1253,"caption":"Kohen Avocats"},"image":{"@id":"https:\/\/kohenavocats.com\/en\/#\/schema\/logo\/image\/"}},{"@type":"Person","@id":"https:\/\/kohenavocats.com\/en\/#\/schema\/person\/761c9ba54fa1ca84d405cef0831ff751","name":"Kohen","image":{"@type":"ImageObject","inLanguage":"en-US","@id":"https:\/\/secure.gravatar.com\/avatar\/1c5e76ef76bbbfdd2b4da984e2bf2fa4056fd51a27d25ce2c332047f1dfd6e00?s=96&d=identicon&r=g","url":"https:\/\/secure.gravatar.com\/avatar\/1c5e76ef76bbbfdd2b4da984e2bf2fa4056fd51a27d25ce2c332047f1dfd6e00?s=96&d=identicon&r=g","contentUrl":"https:\/\/secure.gravatar.com\/avatar\/1c5e76ef76bbbfdd2b4da984e2bf2fa4056fd51a27d25ce2c332047f1dfd6e00?s=96&d=identicon&r=g","caption":"Kohen"},"sameAs":["https:\/\/www.linkedin.com\/in\/hassan-kohen-448548192\/","https:\/\/www.youtube.com\/@Kohen-Avocats"],"url":"https:\/\/kohenavocats.com\/en\/author\/kohenmlk\/"}]}},"jetpack_featured_media_url":"https:\/\/kohenavocats.com\/wp-content\/uploads\/2024\/11\/aakash-dhage-qZlPncXgGno-unsplash.webp","jetpack_likes_enabled":false,"jetpack_shortlink":"https:\/\/wp.me\/peCrII-2JCd","jetpack-related-posts":[{"id":650810,"url":"https:\/\/kohenavocats.com\/en\/tribunal-judiciaire-de-saint-nazaire-le-2-octobre-2025-n25-01794\/","url_meta":{"origin":652005,"position":0},"title":"Tribunal judiciaire de Saint-Nazaire, le 2 octobre 2025, n\u00b025\/01794","author":"Kohen","date":"22 April 2026","format":false,"excerpt":"Le tribunal judiciaire de Saint-Nazaire, statuant en la personne du juge de l'ex\u00e9cution, a rendu un jugement le 2 octobre 2025. Un locataire, faisant l'objet...","rel":"","context":"In &quot;Jurisprudence&quot;","block_context":{"text":"Jurisprudence","link":"https:\/\/kohenavocats.com\/category\/jurisprudence\/"},"img":{"alt_text":"","src":"https:\/\/i0.wp.com\/kohenavocats.com\/wp-content\/uploads\/2024\/08\/diane-picchiottino-x5-AOGEbv3c-unsplash.webp?resize=350%2C200&ssl=1","width":350,"height":200,"srcset":"https:\/\/i0.wp.com\/kohenavocats.com\/wp-content\/uploads\/2024\/08\/diane-picchiottino-x5-AOGEbv3c-unsplash.webp?resize=350%2C200&ssl=1 1x, https:\/\/i0.wp.com\/kohenavocats.com\/wp-content\/uploads\/2024\/08\/diane-picchiottino-x5-AOGEbv3c-unsplash.webp?resize=525%2C300&ssl=1 1.5x, https:\/\/i0.wp.com\/kohenavocats.com\/wp-content\/uploads\/2024\/08\/diane-picchiottino-x5-AOGEbv3c-unsplash.webp?resize=700%2C400&ssl=1 2x, https:\/\/i0.wp.com\/kohenavocats.com\/wp-content\/uploads\/2024\/08\/diane-picchiottino-x5-AOGEbv3c-unsplash.webp?resize=1050%2C600&ssl=1 3x, https:\/\/i0.wp.com\/kohenavocats.com\/wp-content\/uploads\/2024\/08\/diane-picchiottino-x5-AOGEbv3c-unsplash.webp?resize=1400%2C800&ssl=1 4x"},"classes":[]},{"id":669235,"url":"https:\/\/kohenavocats.com\/en\/tribunal-judiciaire-de-saint-nazaire-le-19-septembre-2025-n22-00716\/","url_meta":{"origin":652005,"position":1},"title":"Tribunal judiciaire de Saint-Nazaire, le 19 septembre 2025, n\u00b022\/00716","author":"Kohen","date":"24 April 2026","format":false,"excerpt":"Le tribunal judiciaire de Saint-Nazaire, statuant le 19 septembre 2025, rejette la demande d\u2019une soci\u00e9t\u00e9 visant \u00e0 contester une d\u00e9cision de prise en charge a...","rel":"","context":"In &quot;Droit du travail&quot;","block_context":{"text":"Droit du travail","link":"https:\/\/kohenavocats.com\/category\/droit-du-travail\/"},"img":{"alt_text":"","src":"https:\/\/i0.wp.com\/kohenavocats.com\/wp-content\/uploads\/2024\/11\/alesia-kazantceva-RTiVDW3h5s8-unsplash.webp?resize=350%2C200&ssl=1","width":350,"height":200,"srcset":"https:\/\/i0.wp.com\/kohenavocats.com\/wp-content\/uploads\/2024\/11\/alesia-kazantceva-RTiVDW3h5s8-unsplash.webp?resize=350%2C200&ssl=1 1x, https:\/\/i0.wp.com\/kohenavocats.com\/wp-content\/uploads\/2024\/11\/alesia-kazantceva-RTiVDW3h5s8-unsplash.webp?resize=525%2C300&ssl=1 1.5x, https:\/\/i0.wp.com\/kohenavocats.com\/wp-content\/uploads\/2024\/11\/alesia-kazantceva-RTiVDW3h5s8-unsplash.webp?resize=700%2C400&ssl=1 2x, https:\/\/i0.wp.com\/kohenavocats.com\/wp-content\/uploads\/2024\/11\/alesia-kazantceva-RTiVDW3h5s8-unsplash.webp?resize=1050%2C600&ssl=1 3x, https:\/\/i0.wp.com\/kohenavocats.com\/wp-content\/uploads\/2024\/11\/alesia-kazantceva-RTiVDW3h5s8-unsplash.webp?resize=1400%2C800&ssl=1 4x"},"classes":[]},{"id":649881,"url":"https:\/\/kohenavocats.com\/en\/tribunal-judiciaire-de-saint-nazaire-le-5-juin-2025-n24-01556\/","url_meta":{"origin":652005,"position":2},"title":"Tribunal judiciaire de Saint-Nazaire, le 5 juin 2025, n\u00b024\/01556","author":"Kohen","date":"22 April 2026","format":false,"excerpt":"Le juge de l'ex\u00e9cution du tribunal judiciaire de Mulhouse, statuant le 5 juin 2025, examine une contestation de saisie-attribution. Un cr\u00e9ancier, titulaire d...","rel":"","context":"In &quot;Jurisprudence&quot;","block_context":{"text":"Jurisprudence","link":"https:\/\/kohenavocats.com\/category\/jurisprudence\/"},"img":{"alt_text":"","src":"https:\/\/i0.wp.com\/kohenavocats.com\/wp-content\/uploads\/2024\/08\/linda-pomerantz-zhang-mYckxziRXkk-unsplash.webp?resize=350%2C200&ssl=1","width":350,"height":200,"srcset":"https:\/\/i0.wp.com\/kohenavocats.com\/wp-content\/uploads\/2024\/08\/linda-pomerantz-zhang-mYckxziRXkk-unsplash.webp?resize=350%2C200&ssl=1 1x, https:\/\/i0.wp.com\/kohenavocats.com\/wp-content\/uploads\/2024\/08\/linda-pomerantz-zhang-mYckxziRXkk-unsplash.webp?resize=525%2C300&ssl=1 1.5x, https:\/\/i0.wp.com\/kohenavocats.com\/wp-content\/uploads\/2024\/08\/linda-pomerantz-zhang-mYckxziRXkk-unsplash.webp?resize=700%2C400&ssl=1 2x, https:\/\/i0.wp.com\/kohenavocats.com\/wp-content\/uploads\/2024\/08\/linda-pomerantz-zhang-mYckxziRXkk-unsplash.webp?resize=1050%2C600&ssl=1 3x, https:\/\/i0.wp.com\/kohenavocats.com\/wp-content\/uploads\/2024\/08\/linda-pomerantz-zhang-mYckxziRXkk-unsplash.webp?resize=1400%2C800&ssl=1 4x"},"classes":[]},{"id":91688,"url":"https:\/\/kohenavocats.com\/en\/tribunal-judiciaire-de-saint-nazaire-le-19-juin-2025-n24-02840\/","url_meta":{"origin":652005,"position":3},"title":"Tribunal judiciaire de Saint-Nazaire, le 19 juin 2025, n\u00b024\/02840","author":"Kohen","date":"10 November 2025","format":false,"excerpt":"Tribunal judiciaire de [Localit\u00e9 2], 19 juin 2025 (RG 24\/02840). Saisi d\u2019une opposition \u00e0 une injonction de payer, le juge tranche en dernier ressort. Le litige na\u00eet d\u2019une prestation de g\u00e9om\u00e8tre relative \u00e0 une division parcellaire, factur\u00e9e 798 euros, outre 40 euros d\u2019accessoires. La d\u00e9fenderesse conteste la signature du devis\u2026","rel":"","context":"In &quot;D\u00e9cisions juridiques&quot;","block_context":{"text":"D\u00e9cisions juridiques","link":"https:\/\/kohenavocats.com\/category\/decisions-juridiques\/"},"img":{"alt_text":"","src":"https:\/\/i0.wp.com\/kohenavocats.com\/wp-content\/uploads\/2024\/11\/kateryna-hliznitsova-mbsL-olOezY-unsplash.webp?resize=350%2C200&ssl=1","width":350,"height":200,"srcset":"https:\/\/i0.wp.com\/kohenavocats.com\/wp-content\/uploads\/2024\/11\/kateryna-hliznitsova-mbsL-olOezY-unsplash.webp?resize=350%2C200&ssl=1 1x, https:\/\/i0.wp.com\/kohenavocats.com\/wp-content\/uploads\/2024\/11\/kateryna-hliznitsova-mbsL-olOezY-unsplash.webp?resize=525%2C300&ssl=1 1.5x, https:\/\/i0.wp.com\/kohenavocats.com\/wp-content\/uploads\/2024\/11\/kateryna-hliznitsova-mbsL-olOezY-unsplash.webp?resize=700%2C400&ssl=1 2x, https:\/\/i0.wp.com\/kohenavocats.com\/wp-content\/uploads\/2024\/11\/kateryna-hliznitsova-mbsL-olOezY-unsplash.webp?resize=1050%2C600&ssl=1 3x, https:\/\/i0.wp.com\/kohenavocats.com\/wp-content\/uploads\/2024\/11\/kateryna-hliznitsova-mbsL-olOezY-unsplash.webp?resize=1400%2C800&ssl=1 4x"},"classes":[]},{"id":642352,"url":"https:\/\/kohenavocats.com\/en\/tribunal-judiciaire-de-saint-nazaire-le-12-fevrier-2025-n25-00545\/","url_meta":{"origin":652005,"position":4},"title":"Tribunal judiciaire de Saint-Nazaire, le 12 f\u00e9vrier 2025, n\u00b025\/00545","author":"Kohen","date":"22 April 2026","format":false,"excerpt":"Le tribunal judiciaire, statuant par mise \u00e0 disposition au greffe le 12 f\u00e9vrier 2025, a examin\u00e9 un recours en r\u00e9vision form\u00e9 par une association. L\u2019affaire c...","rel":"","context":"In &quot;Jurisprudence&quot;","block_context":{"text":"Jurisprudence","link":"https:\/\/kohenavocats.com\/category\/jurisprudence\/"},"img":{"alt_text":"","src":"https:\/\/i0.wp.com\/kohenavocats.com\/wp-content\/uploads\/2024\/08\/diane-picchiottino-wQiJxPvRk5U-unsplash.webp?resize=350%2C200&ssl=1","width":350,"height":200,"srcset":"https:\/\/i0.wp.com\/kohenavocats.com\/wp-content\/uploads\/2024\/08\/diane-picchiottino-wQiJxPvRk5U-unsplash.webp?resize=350%2C200&ssl=1 1x, https:\/\/i0.wp.com\/kohenavocats.com\/wp-content\/uploads\/2024\/08\/diane-picchiottino-wQiJxPvRk5U-unsplash.webp?resize=525%2C300&ssl=1 1.5x, https:\/\/i0.wp.com\/kohenavocats.com\/wp-content\/uploads\/2024\/08\/diane-picchiottino-wQiJxPvRk5U-unsplash.webp?resize=700%2C400&ssl=1 2x, https:\/\/i0.wp.com\/kohenavocats.com\/wp-content\/uploads\/2024\/08\/diane-picchiottino-wQiJxPvRk5U-unsplash.webp?resize=1050%2C600&ssl=1 3x, https:\/\/i0.wp.com\/kohenavocats.com\/wp-content\/uploads\/2024\/08\/diane-picchiottino-wQiJxPvRk5U-unsplash.webp?resize=1400%2C800&ssl=1 4x"},"classes":[]},{"id":648399,"url":"https:\/\/kohenavocats.com\/en\/tribunal-judiciaire-de-saint-nazaire-le-3-octobre-2025-n21-00966\/","url_meta":{"origin":652005,"position":5},"title":"Tribunal judiciaire de Saint-Nazaire, le 3 octobre 2025, n\u00b021\/00966","author":"Kohen","date":"22 April 2026","format":false,"excerpt":"Le tribunal judiciaire de Saint-Nazaire, statuant le 3 octobre 2025, a examin\u00e9 un litige relatif \u00e0 la reconnaissance d'une maladie professionnelle. Une salar...","rel":"","context":"In &quot;Jurisprudence&quot;","block_context":{"text":"Jurisprudence","link":"https:\/\/kohenavocats.com\/category\/jurisprudence\/"},"img":{"alt_text":"","src":"https:\/\/i0.wp.com\/kohenavocats.com\/wp-content\/uploads\/2024\/07\/aleix-ventayol-yPoM-wmzKMM-unsplash-2.webp?resize=350%2C200&ssl=1","width":350,"height":200,"srcset":"https:\/\/i0.wp.com\/kohenavocats.com\/wp-content\/uploads\/2024\/07\/aleix-ventayol-yPoM-wmzKMM-unsplash-2.webp?resize=350%2C200&ssl=1 1x, https:\/\/i0.wp.com\/kohenavocats.com\/wp-content\/uploads\/2024\/07\/aleix-ventayol-yPoM-wmzKMM-unsplash-2.webp?resize=525%2C300&ssl=1 1.5x, https:\/\/i0.wp.com\/kohenavocats.com\/wp-content\/uploads\/2024\/07\/aleix-ventayol-yPoM-wmzKMM-unsplash-2.webp?resize=700%2C400&ssl=1 2x, https:\/\/i0.wp.com\/kohenavocats.com\/wp-content\/uploads\/2024\/07\/aleix-ventayol-yPoM-wmzKMM-unsplash-2.webp?resize=1050%2C600&ssl=1 3x, https:\/\/i0.wp.com\/kohenavocats.com\/wp-content\/uploads\/2024\/07\/aleix-ventayol-yPoM-wmzKMM-unsplash-2.webp?resize=1400%2C800&ssl=1 4x"},"classes":[]}],"jetpack_sharing_enabled":true,"_links":{"self":[{"href":"https:\/\/kohenavocats.com\/en\/wp-json\/wp\/v2\/posts\/652005","targetHints":{"allow":["GET"]}}],"collection":[{"href":"https:\/\/kohenavocats.com\/en\/wp-json\/wp\/v2\/posts"}],"about":[{"href":"https:\/\/kohenavocats.com\/en\/wp-json\/wp\/v2\/types\/post"}],"author":[{"embeddable":true,"href":"https:\/\/kohenavocats.com\/en\/wp-json\/wp\/v2\/users\/232070755"}],"replies":[{"embeddable":true,"href":"https:\/\/kohenavocats.com\/en\/wp-json\/wp\/v2\/comments?post=652005"}],"version-history":[{"count":0,"href":"https:\/\/kohenavocats.com\/en\/wp-json\/wp\/v2\/posts\/652005\/revisions"}],"wp:featuredmedia":[{"embeddable":true,"href":"https:\/\/kohenavocats.com\/en\/wp-json\/wp\/v2\/media\/9465"}],"wp:attachment":[{"href":"https:\/\/kohenavocats.com\/en\/wp-json\/wp\/v2\/media?parent=652005"}],"wp:term":[{"taxonomy":"category","embeddable":true,"href":"https:\/\/kohenavocats.com\/en\/wp-json\/wp\/v2\/categories?post=652005"},{"taxonomy":"post_tag","embeddable":true,"href":"https:\/\/kohenavocats.com\/en\/wp-json\/wp\/v2\/tags?post=652005"}],"curies":[{"name":"wp","href":"https:\/\/api.w.org\/{rel}","templated":true}]}}