{"id":652171,"date":"2026-04-22T22:40:42","date_gmt":"2026-04-22T20:40:42","guid":{"rendered":"https:\/\/kohenavocats.com\/mainlevee-modification-controle-judiciaire-paris-ile-de-france-juge-delais-pieces\/"},"modified":"2026-04-25T08:10:47","modified_gmt":"2026-04-25T06:10:47","slug":"mainlevee-modification-controle-judiciaire-paris-ile-de-france-juge-delais-pieces","status":"publish","type":"post","link":"https:\/\/kohenavocats.com\/en\/mainlevee-modification-controle-judiciaire-paris-ile-de-france-juge-delais-pieces\/","title":{"rendered":"Mainlev\u00e9e ou modification du contr\u00f4le judiciaire \u00e0 Paris et en \u00cele-de-France : quel juge saisir, quels d\u00e9lais et quelles pi\u00e8ces pr\u00e9parer ?"},"content":{"rendered":"<p>Quand un contr\u00f4le judiciaire devient intenable, la premi\u00e8re question n&#8217;est pas toujours &#8220;est-ce qu&#8217;on peut demander un assouplissement ?&#8221;<\/p>\n<p>Tr\u00e8s souvent, la premi\u00e8re vraie question est plus basique :<br \/>\nquel juge faut-il saisir, \u00e0 quel greffe faut-il d\u00e9poser la demande, dans quels d\u00e9lais faut-il obtenir une r\u00e9ponse, et comment \u00e9viter qu&#8217;un dossier francilien se perde entre Paris, Bobigny, Cr\u00e9teil, Nanterre, Versailles, \u00c9vry-Courcouronnes, Meaux, Melun, Fontainebleau ou Pontoise ?<\/p>\n<p>En \u00cele-de-France, la difficult\u00e9 n&#8217;est pas seulement juridique. Elle est aussi logistique.<\/p>\n<p>Une demande mal adress\u00e9e, mal dat\u00e9e, ou d\u00e9pos\u00e9e sans pi\u00e8ces utiles peut faire perdre un temps que le justiciable n&#8217;a pas. Or le contr\u00f4le judiciaire touche souvent tout de suite au travail, aux trajets, au pointage, aux soins, \u00e0 la garde des enfants ou \u00e0 la possibilit\u00e9 m\u00eame de rester en poste.<\/p>\n<p>Cet article est le satellite g\u00e9olocalis\u00e9 du principal :<br \/>\n<a href=\"https:\/\/kohenavocats.com\/controle-judiciaire-supprimer-pointage-lever-interdiction-assouplissement-travail\/\">Contr\u00f4le judiciaire : peut-on demander la suppression du pointage, la lev\u00e9e d&#8217;une interdiction ou un assouplissement pour travailler ?<\/a><\/p>\n<p>Il faut aussi garder la page pillar du cluster :<br \/>\n<a href=\"https:\/\/kohenavocats.com\/controle-judiciaire\/\">Contr\u00f4le judiciaire<\/a><\/p>\n<h2>1. En mati\u00e8re p\u00e9nale, le bon juge n&#8217;est pas la chambre de proximit\u00e9<\/h2>\n<p>C&#8217;est le premier point \u00e0 clarifier.<\/p>\n<p>En \u00cele-de-France, on parle souvent de tribunal judiciaire, de chambre de proximit\u00e9 et de cour d&#8217;appel en raisonnant avec la carte civile. Cette carte est utile pour se rep\u00e9rer dans les ressorts. Mais pour une demande de mainlev\u00e9e ou de modification du contr\u00f4le judiciaire, le bon interlocuteur n&#8217;est pas la chambre de proximit\u00e9 de votre commune.<\/p>\n<p>Ce qui compte, en pratique, c&#8217;est la juridiction p\u00e9nale qui tient d\u00e9j\u00e0 votre dossier :<\/p>\n<ul>\n<li>le juge d&#8217;instruction si l&#8217;information judiciaire est en cours ;<\/li>\n<li>le juge des libert\u00e9s et de la d\u00e9tention dans les cas pr\u00e9vus par le code ;<\/li>\n<li>ou la juridiction de jugement \/ le JLD comp\u00e9tent apr\u00e8s renvoi, selon le stade de la proc\u00e9dure.<\/li>\n<\/ul>\n<p>Autrement dit, on ne choisit pas librement entre plusieurs juridictions franciliennes. On saisit le juge qui tient la proc\u00e9dure, dans le ressort o\u00f9 l&#8217;affaire est suivie.<\/p>\n<h2>2. \u00c0 Paris et en \u00cele-de-France, quel tribunal judiciaire correspond au dossier ?<\/h2>\n<p>Pour se rep\u00e9rer vite, la logique du ressort francilien reste la suivante.<\/p>\n<h3>Paris<\/h3>\n<p>Si le dossier rel\u00e8ve de Paris intra-muros, le p\u00f4le p\u00e9nal et le p\u00f4le de l&#8217;instruction sont rattach\u00e9s au <strong>tribunal judiciaire de Paris<\/strong>, dans le ressort de la <strong>cour d&#8217;appel de Paris<\/strong>.<\/p>\n<h3>Hauts-de-Seine<\/h3>\n<p>Pour les dossiers relevant du 92, le rep\u00e8re principal est le <strong>tribunal judiciaire de Nanterre<\/strong>, dans le ressort de la <strong>cour d&#8217;appel de Versailles<\/strong>.<\/p>\n<h3>Seine-Saint-Denis<\/h3>\n<p>Pour les dossiers du 93, le rep\u00e8re est le <strong>tribunal judiciaire de Bobigny<\/strong>, dans le ressort de la <strong>cour d&#8217;appel de Paris<\/strong>.<\/p>\n<h3>Val-de-Marne<\/h3>\n<p>Pour les dossiers du 94, le rep\u00e8re est le <strong>tribunal judiciaire de Cr\u00e9teil<\/strong>, dans le ressort de la <strong>cour d&#8217;appel de Paris<\/strong>.<\/p>\n<h3>Essonne<\/h3>\n<p>Pour les dossiers du 91, le rep\u00e8re principal est le <strong>tribunal judiciaire d&#8217;\u00c9vry-Courcouronnes<\/strong>, dans le ressort de la <strong>cour d&#8217;appel de Paris<\/strong>.<\/p>\n<h3>Yvelines<\/h3>\n<p>Pour les dossiers du 78, le rep\u00e8re principal est le <strong>tribunal judiciaire de Versailles<\/strong>, dans le ressort de la <strong>cour d&#8217;appel de Versailles<\/strong>.<\/p>\n<h3>Val-d&#8217;Oise<\/h3>\n<p>Pour les dossiers du 95, le rep\u00e8re principal est le <strong>tribunal judiciaire de Pontoise<\/strong>, dans le ressort de la <strong>cour d&#8217;appel de Versailles<\/strong>.<\/p>\n<h3>Seine-et-Marne<\/h3>\n<p>Pour le 77, le ressort peut relever du <strong>tribunal judiciaire de Meaux<\/strong>, de <strong>Melun<\/strong> ou de <strong>Fontainebleau<\/strong>, selon la commune concern\u00e9e, dans le ressort de la <strong>cour d&#8217;appel de Paris<\/strong>.<\/p>\n<p>La difficult\u00e9 pratique n&#8217;est donc pas d&#8217;identifier une chambre de proximit\u00e9, mais de rattacher correctement le dossier p\u00e9nal au bon tribunal judiciaire et, si besoin, \u00e0 la bonne chambre de l&#8217;instruction.<\/p>\n<h2>3. Quel texte permet la demande et \u00e0 qui faut-il l&#8217;adresser ?<\/h2>\n<p>Pendant l&#8217;information judiciaire, la base textuelle est double.<\/p>\n<p>Le <a href=\"https:\/\/www.legifrance.gouv.fr\/codes\/article_lc\/LEGIARTI000006575630\">code de proc\u00e9dure p\u00e9nale, article 139<\/a>, permet au juge d&#8217;instruction, \u00e0 tout moment, de modifier les obligations, d&#8217;en supprimer certaines ou d&#8217;accorder une dispense.<\/p>\n<p>Le <a href=\"https:\/\/www.legifrance.gouv.fr\/codes\/article_lc\/LEGIARTI000006575634\">code de proc\u00e9dure p\u00e9nale, article 140<\/a>, permet la mainlev\u00e9e du contr\u00f4le judiciaire. Le juge d&#8217;instruction statue sur la demande de la personne dans un <strong>d\u00e9lai de cinq jours<\/strong>. S&#8217;il ne statue pas, la personne peut saisir directement la chambre de l&#8217;instruction, qui doit se prononcer dans un <strong>d\u00e9lai de vingt jours<\/strong>. \u00c0 d\u00e9faut, la mainlev\u00e9e est acquise de plein droit, sauf v\u00e9rifications ordonn\u00e9es.<\/p>\n<p>Apr\u00e8s renvoi devant la juridiction de jugement et maintien sous contr\u00f4le judiciaire, le <a href=\"https:\/\/www.legifrance.gouv.fr\/codes\/article_lc\/LEGIARTI000048441626\">code de proc\u00e9dure p\u00e9nale, article 141-1<\/a>, donne comp\u00e9tence au juge des libert\u00e9s et de la d\u00e9tention pour modifier, supprimer ou adapter les obligations. Le texte renvoie alors aux d\u00e9lais de l&#8217;article 148-2.<\/p>\n<p>Enfin, le <a href=\"https:\/\/www.legifrance.gouv.fr\/codes\/article_lc\/LEGIARTI000051751977\">code de proc\u00e9dure p\u00e9nale, article 148-6<\/a>, encadre la forme mat\u00e9rielle de la demande : d\u00e9claration au greffe comp\u00e9tent, dat\u00e9e et sign\u00e9e, ou lettre recommand\u00e9e avec avis de r\u00e9ception lorsque la personne ou son avocat ne r\u00e9side pas dans le ressort.<\/p>\n<p>En pratique, \u00e0 Paris et en \u00cele-de-France, cela signifie qu&#8217;il faut viser le <strong>greffe du p\u00f4le de l&#8217;instruction<\/strong> ou le <strong>greffe p\u00e9nal comp\u00e9tent<\/strong> qui tient r\u00e9ellement le dossier, pas un guichet g\u00e9n\u00e9rique choisi au hasard.<\/p>\n<h2>4. Quels d\u00e9lais faut-il vraiment garder en t\u00eate dans le ressort parisien et francilien ?<\/h2>\n<p>Il faut distinguer les d\u00e9lais opposables et les d\u00e9lais d&#8217;organisation.<\/p>\n<h3>Les d\u00e9lais opposables<\/h3>\n<p>Ce sont les seuls d\u00e9lais juridiquement s\u00fbrs et v\u00e9rifiables :<\/p>\n<ul>\n<li><strong>5 jours<\/strong> pour que le juge d&#8217;instruction statue sur une demande de mainlev\u00e9e ;<\/li>\n<li><strong>20 jours<\/strong> pour que la chambre de l&#8217;instruction statue si elle est saisie apr\u00e8s silence du juge d&#8217;instruction ;<\/li>\n<li>d\u00e9lais renvoy\u00e9s \u00e0 l&#8217;<a href=\"https:\/\/www.legifrance.gouv.fr\/codes\/article_lc\/LEGIARTI000051751991\">article 148-2 CPP<\/a> apr\u00e8s renvoi, notamment <strong>10 jours<\/strong> ou <strong>20 jours<\/strong> selon le degr\u00e9 de la juridiction avant premier jugement.<\/li>\n<\/ul>\n<h3>Les d\u00e9lais d&#8217;organisation r\u00e9els<\/h3>\n<p>Il n&#8217;existe pas, \u00e0 notre connaissance, de statistique publique consolid\u00e9e ressort par ressort pour Paris, Bobigny, Cr\u00e9teil, Nanterre, Versailles, Pontoise, Meaux, Melun, Fontainebleau ou \u00c9vry-Courcouronnes sur les seules demandes de modification de contr\u00f4le judiciaire.<\/p>\n<p>Il faut donc raisonner avec prudence.<\/p>\n<p>Ce qui est r\u00e9el, en revanche, dans la pratique francilienne, c&#8217;est que le temps perdu se joue souvent avant m\u00eame l&#8217;examen de la demande :<\/p>\n<ul>\n<li>mauvais greffe ;<\/li>\n<li>ordonnance non jointe ;<\/li>\n<li>pi\u00e8ces de travail incompl\u00e8tes ;<\/li>\n<li>justificatifs de pointage manquants ;<\/li>\n<li>demande trop vague ;<\/li>\n<li>absence de chronologie ;<\/li>\n<li>ou dossier d\u00e9pos\u00e9 sans identifier clairement l&#8217;obligation vis\u00e9e.<\/li>\n<\/ul>\n<p>Le &#8220;vrai d\u00e9lai&#8221; op\u00e9rationnel \u00e0 Paris et en \u00cele-de-France d\u00e9pend donc d&#8217;abord de la qualit\u00e9 du d\u00e9p\u00f4t. Un dossier mal mont\u00e9 consomme le d\u00e9lai. Un dossier clair permet d&#8217;utiliser le d\u00e9lai l\u00e9gal.<\/p>\n<h2>5. Quelles pi\u00e8ces pr\u00e9parer pour un dossier francilien cr\u00e9dible ?<\/h2>\n<p>Le minimum utile reste le m\u00eame partout, mais il faut le monter proprement.<\/p>\n<h3>Les pi\u00e8ces indispensables<\/h3>\n<ul>\n<li>ordonnance de placement ou de maintien sous contr\u00f4le judiciaire ;<\/li>\n<li>convocations, justificatifs de pointage, attestations de respect ;<\/li>\n<li>justificatif de domicile actuel ;<\/li>\n<li>pi\u00e8ce d&#8217;identit\u00e9 ;<\/li>\n<li>coordonn\u00e9es exactes de l&#8217;avocat si la demande est d\u00e9pos\u00e9e par son interm\u00e9diaire.<\/li>\n<\/ul>\n<h3>Si la demande porte sur le travail<\/h3>\n<ul>\n<li>contrat de travail ou promesse d&#8217;embauche ;<\/li>\n<li>planning ;<\/li>\n<li>attestation employeur ;<\/li>\n<li>justificatifs de mission, de d\u00e9placement ou de badge ;<\/li>\n<li>note montrant le conflit exact entre l&#8217;obligation et l&#8217;emploi.<\/li>\n<\/ul>\n<h3>Si la demande porte sur les soins<\/h3>\n<ul>\n<li>certificats m\u00e9dicaux ;<\/li>\n<li>convocations ;<\/li>\n<li>calendrier de soins ;<\/li>\n<li>justificatifs de d\u00e9placement si le soin suppose des sorties ou un trajet hors ressort.<\/li>\n<\/ul>\n<h3>Si la demande porte sur une interdiction de contact ou de lieu<\/h3>\n<ul>\n<li>copie de l&#8217;ordonnance ;<\/li>\n<li>explication pr\u00e9cise du p\u00e9rim\u00e8tre ;<\/li>\n<li>adresse des lieux concern\u00e9s ;<\/li>\n<li>d\u00e9monstration concr\u00e8te de la collision avec le travail, les enfants, les soins ou une autre proc\u00e9dure.<\/li>\n<\/ul>\n<p>Le juge ne lit pas mieux un dossier parce qu&#8217;il est long. Il le lit mieux parce qu&#8217;il est dat\u00e9, ordonn\u00e9 et concret.<\/p>\n<h2>6. Quels sont les r\u00e9flexes locaux utiles \u00e0 Paris et en \u00cele-de-France ?<\/h2>\n<p>Il faut \u00eatre direct.<\/p>\n<h3>a) Ne pas d\u00e9poser une demande abstraite<\/h3>\n<p>\u00c0 Paris comme dans les autres grands ressorts franciliens, les demandes floues sont les plus faciles \u00e0 \u00e9carter. Il faut viser une obligation, expliquer le probl\u00e8me, et joindre la pi\u00e8ce qui le prouve.<\/p>\n<h3>b) Travailler la chronologie<\/h3>\n<p>Il faut faire ressortir :<\/p>\n<ul>\n<li>la date du placement ;<\/li>\n<li>le nombre de pointages d\u00e9j\u00e0 effectu\u00e9s ;<\/li>\n<li>l&#8217;absence d&#8217;incident ;<\/li>\n<li>la date d&#8217;embauche, de soin ou d&#8217;\u00e9v\u00e9nement nouveau ;<\/li>\n<li>et la date \u00e0 laquelle la demande devient urgente.<\/li>\n<\/ul>\n<h3>c) Anticiper la chambre de l&#8217;instruction<\/h3>\n<p>Si le dossier est \u00e0 l&#8217;instruction et que le juge ne statue pas dans le d\u00e9lai l\u00e9gal, il faut \u00eatre pr\u00eat \u00e0 saisir imm\u00e9diatement la chambre de l&#8217;instruction. C&#8217;est particuli\u00e8rement important dans les ressorts franciliens o\u00f9 l&#8217;inertie administrative est parfois plus dangereuse que le fond du d\u00e9bat.<\/p>\n<h3>d) Ne pas attendre le manquement<\/h3>\n<p>Le r\u00e9flexe &#8220;je vais essayer de tenir encore un peu&#8221; est mauvais. En pratique, un pointage rat\u00e9 ou un d\u00e9placement mal autoris\u00e9 co\u00fbte plus cher qu&#8217;une demande s\u00e9rieuse d\u00e9pos\u00e9e t\u00f4t.<\/p>\n<p>Pour mesurer ce risque, il faut relire aussi :<br \/>\n<a href=\"https:\/\/kohenavocats.com\/non-respect-controle-judiciaire-risques-mandat-arret-detention\/\">Non-respect du contr\u00f4le judiciaire : que risque-t-on et comment r\u00e9agir avant le mandat d&#8217;arr\u00eat ou la d\u00e9tention ?<\/a><\/p>\n<h2>7. Pourquoi cet angle apporte plus que la SERP actuelle<\/h2>\n<p>La SERP fran\u00e7aise visible sur <code>mainlev\u00e9e contr\u00f4le judiciaire<\/code> traite surtout trois choses :<\/p>\n<ul>\n<li>la d\u00e9finition g\u00e9n\u00e9rale du contr\u00f4le judiciaire ;<\/li>\n<li>un focus sur les d\u00e9lais de proc\u00e9dure ;<\/li>\n<li>ou un r\u00e9sum\u00e9 de jurisprudence sur la mainlev\u00e9e.<\/li>\n<\/ul>\n<p>Elle traite moins bien ce qui d\u00e9cide r\u00e9ellement la demande \u00e0 Paris et en \u00cele-de-France :<\/p>\n<ul>\n<li>quel tribunal judiciaire rattacher au dossier ;<\/li>\n<li>pourquoi la chambre de proximit\u00e9 n&#8217;est pas le bon rep\u00e8re en mati\u00e8re p\u00e9nale ;<\/li>\n<li>quels d\u00e9lais sont juridiquement opposables et lesquels d\u00e9pendent surtout du bon d\u00e9p\u00f4t ;<\/li>\n<li>quelles pi\u00e8ces pr\u00e9parer selon qu&#8217;on veut supprimer le pointage, r\u00e9cup\u00e9rer une marge de d\u00e9placement ou prot\u00e9ger un emploi ;<\/li>\n<li>et comment articuler la demande avec le ressort de Paris, Bobigny, Cr\u00e9teil, Nanterre, Versailles, Pontoise, \u00c9vry-Courcouronnes, Meaux, Melun ou Fontainebleau.<\/li>\n<\/ul>\n<p>C&#8217;est pr\u00e9cis\u00e9ment ce delta pratique qui justifie le satellite g\u00e9olocalis\u00e9.<\/p>\n<h2>8. Ce qu&#8217;il faut retenir<\/h2>\n<p>\u00c0 Paris et en \u00cele-de-France, une demande de modification ou de mainlev\u00e9e du contr\u00f4le judiciaire ne se gagne pas en r\u00e9p\u00e9tant que la mesure est &#8220;trop dure&#8221;. Elle se gagne en identifiant le bon juge, le bon greffe, le bon d\u00e9lai, la bonne obligation et la bonne pi\u00e8ce.<\/p>\n<p>Le rep\u00e8re utile n&#8217;est pas la chambre de proximit\u00e9 de votre commune. Le rep\u00e8re utile est la juridiction p\u00e9nale qui tient le dossier, avec les d\u00e9lais du <a href=\"https:\/\/www.legifrance.gouv.fr\/codes\/article_lc\/LEGIARTI000006575634\">CPP, article 140<\/a>, du <a href=\"https:\/\/www.legifrance.gouv.fr\/codes\/article_lc\/LEGIARTI000048441626\">CPP, article 141-1<\/a>, du <a href=\"https:\/\/www.legifrance.gouv.fr\/codes\/article_lc\/LEGIARTI000051751991\">CPP, article 148-2<\/a> et du <a href=\"https:\/\/www.legifrance.gouv.fr\/codes\/article_lc\/LEGIARTI000051751977\">CPP, article 148-6<\/a>.<\/p>\n<p>Si le dossier est parisien ou francilien, le plus utile est souvent d&#8217;agir vite, proprement, et avec un dossier d\u00e9j\u00e0 pr\u00eat pour la juridiction suivante si le premier d\u00e9lai expire sans r\u00e9ponse.<\/p>\n<p>Lien retour vers l&#8217;article publi\u00e9 sur la poursuite des obligations apr\u00e8s jugement ou appel. <a href=\"https:\/\/kohenavocats.com\/controle-judiciaire-apres-jugement-appel-obligations-mainlevee\/\">contr\u00f4le judiciaire apr\u00e8s jugement<\/a>.<\/p>\n<h2>Besoin d&#8217;un avis rapide sur votre dossier<\/h2>\n<p>Vous pouvez obtenir une consultation t\u00e9l\u00e9phonique sous 48 heures avec un avocat du cabinet pour identifier le tribunal comp\u00e9tent \u00e0 Paris ou en \u00cele-de-France, v\u00e9rifier le bon greffe et pr\u00e9parer une demande de modification ou de mainlev\u00e9e solide.<\/p>\n<p>Appelez-nous au <a href=\"tel:+33689113445\">06 89 11 34 45<\/a> ou utilisez la page <a href=\"https:\/\/kohenavocats.com\/contact\/\">contact du cabinet<\/a> pour nous envoyer l&#8217;ordonnance, vos justificatifs et toute convocation utile. Nous intervenons \u00e0 Paris et en \u00cele-de-France.<\/p>\n","protected":false},"excerpt":{"rendered":"<p>Paris, Bobigny, Cr\u00e9teil, Nanterre, Versailles, Pontoise, \u00c9vry, Meaux, Melun, Fontainebleau : quel juge saisir et quelles pi\u00e8ces pr\u00e9parer pour all\u00e9ger un contr\u00f4le judiciaire ?<\/p>\n","protected":false},"author":232070755,"featured_media":4712,"comment_status":"open","ping_status":"open","sticky":false,"template":"","format":"standard","meta":{"_crdt_document":"","_jetpack_newsletter_access":"","_jetpack_dont_email_post_to_subs":false,"_jetpack_newsletter_tier_id":0,"_jetpack_memberships_contains_paywalled_content":false,"_kj_source_type":"","_kj_official_id":"","_kj_official_url":"","_kj_judilibre_id":"","_kj_jur":"","_kj_lieu":"","_kj_chambre":"","_kj_rg":"","_kj_date":"","_jetpack_memberships_contains_paid_content":false,"footnotes":"","jetpack_post_was_ever_published":false},"categories":[6995,6364],"tags":[],"class_list":["post-652171","post","type-post","status-publish","format-standard","has-post-thumbnail","hentry","category-decryptage","category-penal"],"yoast_head":"<!-- This site is optimized with the Yoast SEO Premium plugin v27.4 (Yoast SEO v27.4) - https:\/\/yoast.com\/product\/yoast-seo-premium-wordpress\/ -->\n<title>Mainlev\u00e9e ou modification du contr\u00f4le judiciaire \u00e0 Paris et en \u00cele-de-France : quel juge saisir, quels d\u00e9lais et quelles pi\u00e8ces pr\u00e9parer ? - Ma\u00eetre Hassan Kohen, avocat en droit p\u00e9nal \u00e0 Paris<\/title>\n<meta name=\"robots\" content=\"index, follow, max-snippet:-1, max-image-preview:large, max-video-preview:-1\" \/>\n<link rel=\"canonical\" href=\"https:\/\/kohenavocats.com\/en\/mainlevee-modification-controle-judiciaire-paris-ile-de-france-juge-delais-pieces\/\" \/>\n<meta property=\"og:locale\" content=\"en_US\" \/>\n<meta property=\"og:type\" content=\"article\" \/>\n<meta property=\"og:title\" content=\"Mainlev\u00e9e ou modification du contr\u00f4le judiciaire \u00e0 Paris et en \u00cele-de-France : quel juge saisir, quels d\u00e9lais et quelles pi\u00e8ces pr\u00e9parer ?\" \/>\n<meta property=\"og:description\" content=\"Paris, Bobigny, Cr\u00e9teil, Nanterre, Versailles, Pontoise, \u00c9vry, Meaux, Melun, Fontainebleau : quel juge saisir et quelles pi\u00e8ces pr\u00e9parer pour all\u00e9ger un contr\u00f4le judiciaire ?\" \/>\n<meta property=\"og:url\" content=\"https:\/\/kohenavocats.com\/en\/mainlevee-modification-controle-judiciaire-paris-ile-de-france-juge-delais-pieces\/\" \/>\n<meta property=\"og:site_name\" content=\"Ma\u00eetre Hassan Kohen, avocat en droit p\u00e9nal \u00e0 Paris\" \/>\n<meta property=\"article:published_time\" content=\"2026-04-22T20:40:42+00:00\" \/>\n<meta property=\"article:modified_time\" content=\"2026-04-25T06:10:47+00:00\" \/>\n<meta property=\"og:image\" content=\"https:\/\/kohenavocats.com\/wp-content\/uploads\/2024\/08\/waqar-KY7GFNrxoOY-unsplash-1.webp\" \/>\n\t<meta property=\"og:image:width\" content=\"6000\" \/>\n\t<meta property=\"og:image:height\" content=\"3597\" \/>\n\t<meta property=\"og:image:type\" content=\"image\/webp\" \/>\n<meta name=\"author\" content=\"Kohen\" \/>\n<meta name=\"twitter:card\" content=\"summary_large_image\" \/>\n<meta name=\"twitter:label1\" content=\"Written by\" \/>\n\t<meta name=\"twitter:data1\" content=\"Kohen\" \/>\n\t<meta name=\"twitter:label2\" content=\"Est. reading time\" \/>\n\t<meta name=\"twitter:data2\" content=\"10 minutes\" \/>\n<script type=\"application\/ld+json\" class=\"yoast-schema-graph\">{\"@context\":\"https:\\\/\\\/schema.org\",\"@graph\":[{\"@type\":\"Article\",\"@id\":\"https:\\\/\\\/kohenavocats.com\\\/en\\\/mainlevee-modification-controle-judiciaire-paris-ile-de-france-juge-delais-pieces\\\/#article\",\"isPartOf\":{\"@id\":\"https:\\\/\\\/kohenavocats.com\\\/en\\\/mainlevee-modification-controle-judiciaire-paris-ile-de-france-juge-delais-pieces\\\/\"},\"author\":{\"name\":\"Kohen\",\"@id\":\"https:\\\/\\\/kohenavocats.com\\\/en\\\/#\\\/schema\\\/person\\\/761c9ba54fa1ca84d405cef0831ff751\"},\"headline\":\"Mainlev\u00e9e ou modification du contr\u00f4le judiciaire \u00e0 Paris et en \u00cele-de-France : quel juge saisir, quels d\u00e9lais et quelles pi\u00e8ces pr\u00e9parer ?\",\"datePublished\":\"2026-04-22T20:40:42+00:00\",\"dateModified\":\"2026-04-25T06:10:47+00:00\",\"mainEntityOfPage\":{\"@id\":\"https:\\\/\\\/kohenavocats.com\\\/en\\\/mainlevee-modification-controle-judiciaire-paris-ile-de-france-juge-delais-pieces\\\/\"},\"wordCount\":2033,\"commentCount\":0,\"publisher\":{\"@id\":\"https:\\\/\\\/kohenavocats.com\\\/en\\\/#organization\"},\"image\":{\"@id\":\"https:\\\/\\\/kohenavocats.com\\\/en\\\/mainlevee-modification-controle-judiciaire-paris-ile-de-france-juge-delais-pieces\\\/#primaryimage\"},\"thumbnailUrl\":\"https:\\\/\\\/kohenavocats.com\\\/wp-content\\\/uploads\\\/2024\\\/08\\\/waqar-KY7GFNrxoOY-unsplash-1.webp\",\"articleSection\":[\"D\u00e9cryptage\",\"P\u00e9nal\"],\"inLanguage\":\"en-US\",\"potentialAction\":[{\"@type\":\"CommentAction\",\"name\":\"Comment\",\"target\":[\"https:\\\/\\\/kohenavocats.com\\\/en\\\/mainlevee-modification-controle-judiciaire-paris-ile-de-france-juge-delais-pieces\\\/#respond\"]}],\"citation\":\"Mainlev\u00e9e ou modification du contr\u00f4le judiciaire \u00e0 Paris et en \u00cele-de-France : quel juge saisir, quels d\u00e9lais et quelles pi\u00e8ces pr\u00e9parer ?\",\"about\":[{\"@type\":\"Thing\",\"name\":\"D\u00e9cryptage\"},{\"@type\":\"Thing\",\"name\":\"P\u00e9nal\"}],\"speakable\":{\"@type\":\"SpeakableSpecification\",\"cssSelector\":[\".article-content > p:first-of-type\"]}},{\"@type\":\"WebPage\",\"@id\":\"https:\\\/\\\/kohenavocats.com\\\/en\\\/mainlevee-modification-controle-judiciaire-paris-ile-de-france-juge-delais-pieces\\\/\",\"url\":\"https:\\\/\\\/kohenavocats.com\\\/en\\\/mainlevee-modification-controle-judiciaire-paris-ile-de-france-juge-delais-pieces\\\/\",\"name\":\"Mainlev\u00e9e ou modification du contr\u00f4le judiciaire \u00e0 Paris et en \u00cele-de-France : quel juge saisir, quels d\u00e9lais et quelles pi\u00e8ces pr\u00e9parer ? - Ma\u00eetre Hassan Kohen, avocat en droit p\u00e9nal \u00e0 Paris\",\"isPartOf\":{\"@id\":\"https:\\\/\\\/kohenavocats.com\\\/en\\\/#website\"},\"primaryImageOfPage\":{\"@id\":\"https:\\\/\\\/kohenavocats.com\\\/en\\\/mainlevee-modification-controle-judiciaire-paris-ile-de-france-juge-delais-pieces\\\/#primaryimage\"},\"image\":{\"@id\":\"https:\\\/\\\/kohenavocats.com\\\/en\\\/mainlevee-modification-controle-judiciaire-paris-ile-de-france-juge-delais-pieces\\\/#primaryimage\"},\"thumbnailUrl\":\"https:\\\/\\\/kohenavocats.com\\\/wp-content\\\/uploads\\\/2024\\\/08\\\/waqar-KY7GFNrxoOY-unsplash-1.webp\",\"datePublished\":\"2026-04-22T20:40:42+00:00\",\"dateModified\":\"2026-04-25T06:10:47+00:00\",\"breadcrumb\":{\"@id\":\"https:\\\/\\\/kohenavocats.com\\\/en\\\/mainlevee-modification-controle-judiciaire-paris-ile-de-france-juge-delais-pieces\\\/#breadcrumb\"},\"inLanguage\":\"en-US\",\"potentialAction\":[{\"@type\":\"ReadAction\",\"target\":[\"https:\\\/\\\/kohenavocats.com\\\/en\\\/mainlevee-modification-controle-judiciaire-paris-ile-de-france-juge-delais-pieces\\\/\"]}]},{\"@type\":\"ImageObject\",\"inLanguage\":\"en-US\",\"@id\":\"https:\\\/\\\/kohenavocats.com\\\/en\\\/mainlevee-modification-controle-judiciaire-paris-ile-de-france-juge-delais-pieces\\\/#primaryimage\",\"url\":\"https:\\\/\\\/kohenavocats.com\\\/wp-content\\\/uploads\\\/2024\\\/08\\\/waqar-KY7GFNrxoOY-unsplash-1.webp\",\"contentUrl\":\"https:\\\/\\\/kohenavocats.com\\\/wp-content\\\/uploads\\\/2024\\\/08\\\/waqar-KY7GFNrxoOY-unsplash-1.webp\",\"width\":6000,\"height\":3597},{\"@type\":\"BreadcrumbList\",\"@id\":\"https:\\\/\\\/kohenavocats.com\\\/en\\\/mainlevee-modification-controle-judiciaire-paris-ile-de-france-juge-delais-pieces\\\/#breadcrumb\",\"itemListElement\":[{\"@type\":\"ListItem\",\"position\":1,\"name\":\"Home\",\"item\":\"https:\\\/\\\/kohenavocats.com\\\/en\\\/criminal-law-attorneys-in-paris-counsel-and-strategic-defense\\\/\"},{\"@type\":\"ListItem\",\"position\":2,\"name\":\"Mainlev\u00e9e ou modification du contr\u00f4le judiciaire \u00e0 Paris et en \u00cele-de-France : quel juge saisir, quels d\u00e9lais et quelles pi\u00e8ces pr\u00e9parer ?\"}]},{\"@type\":\"WebSite\",\"@id\":\"https:\\\/\\\/kohenavocats.com\\\/en\\\/#website\",\"url\":\"https:\\\/\\\/kohenavocats.com\\\/en\\\/\",\"name\":\"Kohen Avocats\",\"description\":\"Ma\u00eetre Hassan Kohen, avocat p\u00e9naliste \u00e0 Paris, intervient exclusivement en droit p\u00e9nal pour la d\u00e9fense des particuliers, notamment en mati\u00e8re d\u2019accusations de viol. Il assure un accompagnement rigoureux d\u00e8s la garde \u00e0 vue jusqu\u2019\u00e0 la Cour d\u2019assises, veillant au strict respect des garanties proc\u00e9durales.\",\"publisher\":{\"@id\":\"https:\\\/\\\/kohenavocats.com\\\/en\\\/#organization\"},\"potentialAction\":[{\"@type\":\"SearchAction\",\"target\":{\"@type\":\"EntryPoint\",\"urlTemplate\":\"https:\\\/\\\/kohenavocats.com\\\/en\\\/?s={search_term_string}\"},\"query-input\":{\"@type\":\"PropertyValueSpecification\",\"valueRequired\":true,\"valueName\":\"search_term_string\"}}],\"inLanguage\":\"en-US\"},{\"@type\":\"Organization\",\"@id\":\"https:\\\/\\\/kohenavocats.com\\\/en\\\/#organization\",\"name\":\"Kohen Avocats\",\"url\":\"https:\\\/\\\/kohenavocats.com\\\/en\\\/\",\"logo\":{\"@type\":\"ImageObject\",\"inLanguage\":\"en-US\",\"@id\":\"https:\\\/\\\/kohenavocats.com\\\/en\\\/#\\\/schema\\\/logo\\\/image\\\/\",\"url\":\"https:\\\/\\\/kohenavocats.com\\\/wp-content\\\/uploads\\\/2026\\\/01\\\/Logo-2-1.webp\",\"contentUrl\":\"https:\\\/\\\/kohenavocats.com\\\/wp-content\\\/uploads\\\/2026\\\/01\\\/Logo-2-1.webp\",\"width\":2114,\"height\":1253,\"caption\":\"Kohen Avocats\"},\"image\":{\"@id\":\"https:\\\/\\\/kohenavocats.com\\\/en\\\/#\\\/schema\\\/logo\\\/image\\\/\"}},{\"@type\":\"Person\",\"@id\":\"https:\\\/\\\/kohenavocats.com\\\/en\\\/#\\\/schema\\\/person\\\/761c9ba54fa1ca84d405cef0831ff751\",\"name\":\"Kohen\",\"image\":{\"@type\":\"ImageObject\",\"inLanguage\":\"en-US\",\"@id\":\"https:\\\/\\\/secure.gravatar.com\\\/avatar\\\/1c5e76ef76bbbfdd2b4da984e2bf2fa4056fd51a27d25ce2c332047f1dfd6e00?s=96&d=identicon&r=g\",\"url\":\"https:\\\/\\\/secure.gravatar.com\\\/avatar\\\/1c5e76ef76bbbfdd2b4da984e2bf2fa4056fd51a27d25ce2c332047f1dfd6e00?s=96&d=identicon&r=g\",\"contentUrl\":\"https:\\\/\\\/secure.gravatar.com\\\/avatar\\\/1c5e76ef76bbbfdd2b4da984e2bf2fa4056fd51a27d25ce2c332047f1dfd6e00?s=96&d=identicon&r=g\",\"caption\":\"Kohen\"},\"sameAs\":[\"https:\\\/\\\/www.linkedin.com\\\/in\\\/hassan-kohen-448548192\\\/\",\"https:\\\/\\\/www.youtube.com\\\/@Kohen-Avocats\"],\"url\":\"https:\\\/\\\/kohenavocats.com\\\/en\\\/author\\\/kohenmlk\\\/\"}]}<\/script>\n<!-- \/ Yoast SEO Premium plugin. -->","yoast_head_json":{"title":"Mainlev\u00e9e ou modification du contr\u00f4le judiciaire \u00e0 Paris et en \u00cele-de-France : quel juge saisir, quels d\u00e9lais et quelles pi\u00e8ces pr\u00e9parer ? - Ma\u00eetre Hassan Kohen, avocat en droit p\u00e9nal \u00e0 Paris","robots":{"index":"index","follow":"follow","max-snippet":"max-snippet:-1","max-image-preview":"max-image-preview:large","max-video-preview":"max-video-preview:-1"},"canonical":"https:\/\/kohenavocats.com\/en\/mainlevee-modification-controle-judiciaire-paris-ile-de-france-juge-delais-pieces\/","og_locale":"en_US","og_type":"article","og_title":"Mainlev\u00e9e ou modification du contr\u00f4le judiciaire \u00e0 Paris et en \u00cele-de-France : quel juge saisir, quels d\u00e9lais et quelles pi\u00e8ces pr\u00e9parer ?","og_description":"Paris, Bobigny, Cr\u00e9teil, Nanterre, Versailles, Pontoise, \u00c9vry, Meaux, Melun, Fontainebleau : quel juge saisir et quelles pi\u00e8ces pr\u00e9parer pour all\u00e9ger un contr\u00f4le judiciaire ?","og_url":"https:\/\/kohenavocats.com\/en\/mainlevee-modification-controle-judiciaire-paris-ile-de-france-juge-delais-pieces\/","og_site_name":"Ma\u00eetre Hassan Kohen, avocat en droit p\u00e9nal \u00e0 Paris","article_published_time":"2026-04-22T20:40:42+00:00","article_modified_time":"2026-04-25T06:10:47+00:00","og_image":[{"width":6000,"height":3597,"url":"https:\/\/kohenavocats.com\/wp-content\/uploads\/2024\/08\/waqar-KY7GFNrxoOY-unsplash-1.webp","type":"image\/webp"}],"author":"Kohen","twitter_card":"summary_large_image","twitter_misc":{"Written by":"Kohen","Est. reading time":"10 minutes"},"schema":{"@context":"https:\/\/schema.org","@graph":[{"@type":"Article","@id":"https:\/\/kohenavocats.com\/en\/mainlevee-modification-controle-judiciaire-paris-ile-de-france-juge-delais-pieces\/#article","isPartOf":{"@id":"https:\/\/kohenavocats.com\/en\/mainlevee-modification-controle-judiciaire-paris-ile-de-france-juge-delais-pieces\/"},"author":{"name":"Kohen","@id":"https:\/\/kohenavocats.com\/en\/#\/schema\/person\/761c9ba54fa1ca84d405cef0831ff751"},"headline":"Mainlev\u00e9e ou modification du contr\u00f4le judiciaire \u00e0 Paris et en \u00cele-de-France : quel juge saisir, quels d\u00e9lais et quelles pi\u00e8ces pr\u00e9parer ?","datePublished":"2026-04-22T20:40:42+00:00","dateModified":"2026-04-25T06:10:47+00:00","mainEntityOfPage":{"@id":"https:\/\/kohenavocats.com\/en\/mainlevee-modification-controle-judiciaire-paris-ile-de-france-juge-delais-pieces\/"},"wordCount":2033,"commentCount":0,"publisher":{"@id":"https:\/\/kohenavocats.com\/en\/#organization"},"image":{"@id":"https:\/\/kohenavocats.com\/en\/mainlevee-modification-controle-judiciaire-paris-ile-de-france-juge-delais-pieces\/#primaryimage"},"thumbnailUrl":"https:\/\/kohenavocats.com\/wp-content\/uploads\/2024\/08\/waqar-KY7GFNrxoOY-unsplash-1.webp","articleSection":["D\u00e9cryptage","P\u00e9nal"],"inLanguage":"en-US","potentialAction":[{"@type":"CommentAction","name":"Comment","target":["https:\/\/kohenavocats.com\/en\/mainlevee-modification-controle-judiciaire-paris-ile-de-france-juge-delais-pieces\/#respond"]}],"citation":"Mainlev\u00e9e ou modification du contr\u00f4le judiciaire \u00e0 Paris et en \u00cele-de-France : quel juge saisir, quels d\u00e9lais et quelles pi\u00e8ces pr\u00e9parer ?","about":[{"@type":"Thing","name":"D\u00e9cryptage"},{"@type":"Thing","name":"P\u00e9nal"}],"speakable":{"@type":"SpeakableSpecification","cssSelector":[".article-content > p:first-of-type"]}},{"@type":"WebPage","@id":"https:\/\/kohenavocats.com\/en\/mainlevee-modification-controle-judiciaire-paris-ile-de-france-juge-delais-pieces\/","url":"https:\/\/kohenavocats.com\/en\/mainlevee-modification-controle-judiciaire-paris-ile-de-france-juge-delais-pieces\/","name":"Mainlev\u00e9e ou modification du contr\u00f4le judiciaire \u00e0 Paris et en \u00cele-de-France : quel juge saisir, quels d\u00e9lais et quelles pi\u00e8ces pr\u00e9parer ? - Ma\u00eetre Hassan Kohen, avocat en droit p\u00e9nal \u00e0 Paris","isPartOf":{"@id":"https:\/\/kohenavocats.com\/en\/#website"},"primaryImageOfPage":{"@id":"https:\/\/kohenavocats.com\/en\/mainlevee-modification-controle-judiciaire-paris-ile-de-france-juge-delais-pieces\/#primaryimage"},"image":{"@id":"https:\/\/kohenavocats.com\/en\/mainlevee-modification-controle-judiciaire-paris-ile-de-france-juge-delais-pieces\/#primaryimage"},"thumbnailUrl":"https:\/\/kohenavocats.com\/wp-content\/uploads\/2024\/08\/waqar-KY7GFNrxoOY-unsplash-1.webp","datePublished":"2026-04-22T20:40:42+00:00","dateModified":"2026-04-25T06:10:47+00:00","breadcrumb":{"@id":"https:\/\/kohenavocats.com\/en\/mainlevee-modification-controle-judiciaire-paris-ile-de-france-juge-delais-pieces\/#breadcrumb"},"inLanguage":"en-US","potentialAction":[{"@type":"ReadAction","target":["https:\/\/kohenavocats.com\/en\/mainlevee-modification-controle-judiciaire-paris-ile-de-france-juge-delais-pieces\/"]}]},{"@type":"ImageObject","inLanguage":"en-US","@id":"https:\/\/kohenavocats.com\/en\/mainlevee-modification-controle-judiciaire-paris-ile-de-france-juge-delais-pieces\/#primaryimage","url":"https:\/\/kohenavocats.com\/wp-content\/uploads\/2024\/08\/waqar-KY7GFNrxoOY-unsplash-1.webp","contentUrl":"https:\/\/kohenavocats.com\/wp-content\/uploads\/2024\/08\/waqar-KY7GFNrxoOY-unsplash-1.webp","width":6000,"height":3597},{"@type":"BreadcrumbList","@id":"https:\/\/kohenavocats.com\/en\/mainlevee-modification-controle-judiciaire-paris-ile-de-france-juge-delais-pieces\/#breadcrumb","itemListElement":[{"@type":"ListItem","position":1,"name":"Home","item":"https:\/\/kohenavocats.com\/en\/criminal-law-attorneys-in-paris-counsel-and-strategic-defense\/"},{"@type":"ListItem","position":2,"name":"Mainlev\u00e9e ou modification du contr\u00f4le judiciaire \u00e0 Paris et en \u00cele-de-France : quel juge saisir, quels d\u00e9lais et quelles pi\u00e8ces pr\u00e9parer ?"}]},{"@type":"WebSite","@id":"https:\/\/kohenavocats.com\/en\/#website","url":"https:\/\/kohenavocats.com\/en\/","name":"Kohen Avocats","description":"Ma\u00eetre Hassan Kohen, avocat p\u00e9naliste \u00e0 Paris, intervient exclusivement en droit p\u00e9nal pour la d\u00e9fense des particuliers, notamment en mati\u00e8re d\u2019accusations de viol. Il assure un accompagnement rigoureux d\u00e8s la garde \u00e0 vue jusqu\u2019\u00e0 la Cour d\u2019assises, veillant au strict respect des garanties proc\u00e9durales.","publisher":{"@id":"https:\/\/kohenavocats.com\/en\/#organization"},"potentialAction":[{"@type":"SearchAction","target":{"@type":"EntryPoint","urlTemplate":"https:\/\/kohenavocats.com\/en\/?s={search_term_string}"},"query-input":{"@type":"PropertyValueSpecification","valueRequired":true,"valueName":"search_term_string"}}],"inLanguage":"en-US"},{"@type":"Organization","@id":"https:\/\/kohenavocats.com\/en\/#organization","name":"Kohen Avocats","url":"https:\/\/kohenavocats.com\/en\/","logo":{"@type":"ImageObject","inLanguage":"en-US","@id":"https:\/\/kohenavocats.com\/en\/#\/schema\/logo\/image\/","url":"https:\/\/kohenavocats.com\/wp-content\/uploads\/2026\/01\/Logo-2-1.webp","contentUrl":"https:\/\/kohenavocats.com\/wp-content\/uploads\/2026\/01\/Logo-2-1.webp","width":2114,"height":1253,"caption":"Kohen Avocats"},"image":{"@id":"https:\/\/kohenavocats.com\/en\/#\/schema\/logo\/image\/"}},{"@type":"Person","@id":"https:\/\/kohenavocats.com\/en\/#\/schema\/person\/761c9ba54fa1ca84d405cef0831ff751","name":"Kohen","image":{"@type":"ImageObject","inLanguage":"en-US","@id":"https:\/\/secure.gravatar.com\/avatar\/1c5e76ef76bbbfdd2b4da984e2bf2fa4056fd51a27d25ce2c332047f1dfd6e00?s=96&d=identicon&r=g","url":"https:\/\/secure.gravatar.com\/avatar\/1c5e76ef76bbbfdd2b4da984e2bf2fa4056fd51a27d25ce2c332047f1dfd6e00?s=96&d=identicon&r=g","contentUrl":"https:\/\/secure.gravatar.com\/avatar\/1c5e76ef76bbbfdd2b4da984e2bf2fa4056fd51a27d25ce2c332047f1dfd6e00?s=96&d=identicon&r=g","caption":"Kohen"},"sameAs":["https:\/\/www.linkedin.com\/in\/hassan-kohen-448548192\/","https:\/\/www.youtube.com\/@Kohen-Avocats"],"url":"https:\/\/kohenavocats.com\/en\/author\/kohenmlk\/"}]}},"jetpack_featured_media_url":"https:\/\/kohenavocats.com\/wp-content\/uploads\/2024\/08\/waqar-KY7GFNrxoOY-unsplash-1.webp","jetpack_likes_enabled":false,"jetpack_shortlink":"https:\/\/wp.me\/peCrII-2JET","jetpack-related-posts":[{"id":653551,"url":"https:\/\/kohenavocats.com\/en\/copj-paris-ile-de-france-tribunal-delais-pieces\/","url_meta":{"origin":652171,"position":0},"title":"COPJ \u00e0 Paris et en \u00cele-de-France : quel tribunal correctionnel, quels d\u00e9lais observer et quelles pi\u00e8ces pr\u00e9parer","author":"Kohen","date":"23 April 2026","format":false,"excerpt":"COPJ \u00e0 Paris et en Ile-de-France : tribunal correctionnel saisi, tempo utile, acc\u00e8s au dossier et pi\u00e8ces \u00e0 pr\u00e9parer avant l'audience.","rel":"","context":"In &quot;Non cat\u00e9goris\u00e9&quot;","block_context":{"text":"Non cat\u00e9goris\u00e9","link":"https:\/\/kohenavocats.com\/category\/non-categorise\/"},"img":{"alt_text":"","src":"https:\/\/i0.wp.com\/kohenavocats.com\/wp-content\/uploads\/2024\/08\/silvio-kundt-Fixg8KipOg8-unsplash.webp?resize=350%2C200&ssl=1","width":350,"height":200,"srcset":"https:\/\/i0.wp.com\/kohenavocats.com\/wp-content\/uploads\/2024\/08\/silvio-kundt-Fixg8KipOg8-unsplash.webp?resize=350%2C200&ssl=1 1x, https:\/\/i0.wp.com\/kohenavocats.com\/wp-content\/uploads\/2024\/08\/silvio-kundt-Fixg8KipOg8-unsplash.webp?resize=525%2C300&ssl=1 1.5x, https:\/\/i0.wp.com\/kohenavocats.com\/wp-content\/uploads\/2024\/08\/silvio-kundt-Fixg8KipOg8-unsplash.webp?resize=700%2C400&ssl=1 2x, https:\/\/i0.wp.com\/kohenavocats.com\/wp-content\/uploads\/2024\/08\/silvio-kundt-Fixg8KipOg8-unsplash.webp?resize=1050%2C600&ssl=1 3x, https:\/\/i0.wp.com\/kohenavocats.com\/wp-content\/uploads\/2024\/08\/silvio-kundt-Fixg8KipOg8-unsplash.webp?resize=1400%2C800&ssl=1 4x"},"classes":[]},{"id":650803,"url":"https:\/\/kohenavocats.com\/en\/appel-interets-civils-jugement-correctionnel-paris-ile-de-france-cour-delais-pieces\/","url_meta":{"origin":652171,"position":1},"title":"Appel sur les int\u00e9r\u00eats civils d&#8217;un jugement correctionnel \u00e0 Paris et en \u00cele-de-France : quelle cour saisir, quels d\u00e9lais attendre et quelles pi\u00e8ces pr\u00e9parer ?","author":"Kohen","date":"22 April 2026","format":false,"excerpt":"Appel civil d'un jugement correctionnel a Paris et en Ile-de-France : ressort, delais, cour competente et pieces a reunir.","rel":"","context":"In &quot;Non cat\u00e9goris\u00e9&quot;","block_context":{"text":"Non cat\u00e9goris\u00e9","link":"https:\/\/kohenavocats.com\/category\/non-categorise\/"},"img":{"alt_text":"","src":"https:\/\/i0.wp.com\/kohenavocats.com\/wp-content\/uploads\/2024\/08\/alexey-larionov-D2hRgjgmB8Y-unsplash.webp?resize=350%2C200&ssl=1","width":350,"height":200,"srcset":"https:\/\/i0.wp.com\/kohenavocats.com\/wp-content\/uploads\/2024\/08\/alexey-larionov-D2hRgjgmB8Y-unsplash.webp?resize=350%2C200&ssl=1 1x, https:\/\/i0.wp.com\/kohenavocats.com\/wp-content\/uploads\/2024\/08\/alexey-larionov-D2hRgjgmB8Y-unsplash.webp?resize=525%2C300&ssl=1 1.5x, https:\/\/i0.wp.com\/kohenavocats.com\/wp-content\/uploads\/2024\/08\/alexey-larionov-D2hRgjgmB8Y-unsplash.webp?resize=700%2C400&ssl=1 2x, https:\/\/i0.wp.com\/kohenavocats.com\/wp-content\/uploads\/2024\/08\/alexey-larionov-D2hRgjgmB8Y-unsplash.webp?resize=1050%2C600&ssl=1 3x, https:\/\/i0.wp.com\/kohenavocats.com\/wp-content\/uploads\/2024\/08\/alexey-larionov-D2hRgjgmB8Y-unsplash.webp?resize=1400%2C800&ssl=1 4x"},"classes":[]},{"id":658247,"url":"https:\/\/kohenavocats.com\/en\/contester-ag-copropriete-paris-ile-de-france-tribunal-pieces-recommande-non-retire\/","url_meta":{"origin":652171,"position":2},"title":"Contester une AG de copropri\u00e9t\u00e9 \u00e0 Paris et en \u00cele-de-France : quel tribunal saisir, quelles pi\u00e8ces produire, et que faire si le recommand\u00e9 n&#8217;a pas \u00e9t\u00e9 retir\u00e9 ?","author":"Kohen","date":"23 April 2026","format":false,"excerpt":"Paris et \u00cele-de-France : tribunal comp\u00e9tent, date utile de notification, pi\u00e8ces \u00e0 produire et strat\u00e9gie pour contester une AG de copropri\u00e9t\u00e9.","rel":"","context":"In &quot;Non cat\u00e9goris\u00e9&quot;","block_context":{"text":"Non cat\u00e9goris\u00e9","link":"https:\/\/kohenavocats.com\/category\/non-categorise\/"},"img":{"alt_text":"","src":"https:\/\/i0.wp.com\/kohenavocats.com\/wp-content\/uploads\/2024\/11\/andrej-lisakov-kuemAVWEwXU-unsplash.webp?resize=350%2C200&ssl=1","width":350,"height":200,"srcset":"https:\/\/i0.wp.com\/kohenavocats.com\/wp-content\/uploads\/2024\/11\/andrej-lisakov-kuemAVWEwXU-unsplash.webp?resize=350%2C200&ssl=1 1x, https:\/\/i0.wp.com\/kohenavocats.com\/wp-content\/uploads\/2024\/11\/andrej-lisakov-kuemAVWEwXU-unsplash.webp?resize=525%2C300&ssl=1 1.5x, https:\/\/i0.wp.com\/kohenavocats.com\/wp-content\/uploads\/2024\/11\/andrej-lisakov-kuemAVWEwXU-unsplash.webp?resize=700%2C400&ssl=1 2x, https:\/\/i0.wp.com\/kohenavocats.com\/wp-content\/uploads\/2024\/11\/andrej-lisakov-kuemAVWEwXU-unsplash.webp?resize=1050%2C600&ssl=1 3x, https:\/\/i0.wp.com\/kohenavocats.com\/wp-content\/uploads\/2024\/11\/andrej-lisakov-kuemAVWEwXU-unsplash.webp?resize=1400%2C800&ssl=1 4x"},"classes":[]},{"id":660984,"url":"https:\/\/kohenavocats.com\/en\/interdiction-de-paraitre-paris-ile-de-france-juge-delais-pieces\/","url_meta":{"origin":652171,"position":3},"title":"Interdiction de para\u00eetre \u00e0 Paris et en \u00cele-de-France : quel juge saisir pour acc\u00e9der au domicile, au travail ou r\u00e9cup\u00e9rer ses effets ?","author":"Kohen","date":"23 April 2026","format":false,"excerpt":"Interdiction de para\u00eetre \u00e0 Paris et en Ile-de-France : tribunal, greffe, d\u00e9lais opposables et pi\u00e8ces pour demander l'acc\u00e8s au domicile, au travail ou aux effets.","rel":"","context":"In &quot;Non cat\u00e9goris\u00e9&quot;","block_context":{"text":"Non cat\u00e9goris\u00e9","link":"https:\/\/kohenavocats.com\/category\/non-categorise\/"},"img":{"alt_text":"","src":"https:\/\/i0.wp.com\/kohenavocats.com\/wp-content\/uploads\/2024\/08\/patrick-schneider-cFeRWofFkw8-unsplash.webp?resize=350%2C200&ssl=1","width":350,"height":200,"srcset":"https:\/\/i0.wp.com\/kohenavocats.com\/wp-content\/uploads\/2024\/08\/patrick-schneider-cFeRWofFkw8-unsplash.webp?resize=350%2C200&ssl=1 1x, https:\/\/i0.wp.com\/kohenavocats.com\/wp-content\/uploads\/2024\/08\/patrick-schneider-cFeRWofFkw8-unsplash.webp?resize=525%2C300&ssl=1 1.5x, https:\/\/i0.wp.com\/kohenavocats.com\/wp-content\/uploads\/2024\/08\/patrick-schneider-cFeRWofFkw8-unsplash.webp?resize=700%2C400&ssl=1 2x, https:\/\/i0.wp.com\/kohenavocats.com\/wp-content\/uploads\/2024\/08\/patrick-schneider-cFeRWofFkw8-unsplash.webp?resize=1050%2C600&ssl=1 3x, https:\/\/i0.wp.com\/kohenavocats.com\/wp-content\/uploads\/2024\/08\/patrick-schneider-cFeRWofFkw8-unsplash.webp?resize=1400%2C800&ssl=1 4x"},"classes":[]},{"id":650995,"url":"https:\/\/kohenavocats.com\/en\/conge-pour-vendre-paris-ile-de-france-preemption-locataire-baisse-prix\/","url_meta":{"origin":652171,"position":4},"title":"Cong\u00e9 pour vendre \u00e0 Paris et en \u00cele-de-France : second droit de pr\u00e9emption, notaire, tribunal et pi\u00e8ces utiles","author":"Kohen","date":"22 April 2026","format":false,"excerpt":"\u00c0 Paris et en \u00cele-de-France, comment v\u00e9rifier le second droit de pr\u00e9emption du locataire apr\u00e8s baisse de prix, quel tribunal saisir et quelles pi\u00e8ces r\u00e9unir avant ou apr\u00e8s la signature chez le notaire.","rel":"","context":"In &quot;D\u00e9cryptage&quot;","block_context":{"text":"D\u00e9cryptage","link":"https:\/\/kohenavocats.com\/category\/decryptage\/"},"img":{"alt_text":"","src":"https:\/\/i0.wp.com\/kohenavocats.com\/wp-content\/uploads\/2024\/11\/andrej-lisakov-fLyCZtHPWjA-unsplash.webp?resize=350%2C200&ssl=1","width":350,"height":200,"srcset":"https:\/\/i0.wp.com\/kohenavocats.com\/wp-content\/uploads\/2024\/11\/andrej-lisakov-fLyCZtHPWjA-unsplash.webp?resize=350%2C200&ssl=1 1x, https:\/\/i0.wp.com\/kohenavocats.com\/wp-content\/uploads\/2024\/11\/andrej-lisakov-fLyCZtHPWjA-unsplash.webp?resize=525%2C300&ssl=1 1.5x, https:\/\/i0.wp.com\/kohenavocats.com\/wp-content\/uploads\/2024\/11\/andrej-lisakov-fLyCZtHPWjA-unsplash.webp?resize=700%2C400&ssl=1 2x, https:\/\/i0.wp.com\/kohenavocats.com\/wp-content\/uploads\/2024\/11\/andrej-lisakov-fLyCZtHPWjA-unsplash.webp?resize=1050%2C600&ssl=1 3x, https:\/\/i0.wp.com\/kohenavocats.com\/wp-content\/uploads\/2024\/11\/andrej-lisakov-fLyCZtHPWjA-unsplash.webp?resize=1400%2C800&ssl=1 4x"},"classes":[]},{"id":653844,"url":"https:\/\/kohenavocats.com\/en\/bail-mobilite-paris-ile-de-france-depot-garantie-interdit-juge-garanties\/","url_meta":{"origin":652171,"position":5},"title":"Bail mobilit\u00e9 \u00e0 Paris et en \u00cele-de-France : quel juge saisir si le bailleur exige un d\u00e9p\u00f4t de garantie interdit ou cumule mal les garanties ?","author":"Kohen","date":"23 April 2026","format":false,"excerpt":"\u00c0 Paris et en \u00cele-de-France, quelles pi\u00e8ces pr\u00e9parer et quel tribunal saisir si un bail mobilit\u00e9 pr\u00e9voit un d\u00e9p\u00f4t de garantie interdit ou une combinaison irr\u00e9guli\u00e8re de garanties ?","rel":"","context":"In &quot;Non cat\u00e9goris\u00e9&quot;","block_context":{"text":"Non cat\u00e9goris\u00e9","link":"https:\/\/kohenavocats.com\/category\/non-categorise\/"},"img":{"alt_text":"","src":"https:\/\/i0.wp.com\/kohenavocats.com\/wp-content\/uploads\/2024\/11\/jigar-panchal-JMz61NKc3E-unsplash.webp?resize=350%2C200&ssl=1","width":350,"height":200,"srcset":"https:\/\/i0.wp.com\/kohenavocats.com\/wp-content\/uploads\/2024\/11\/jigar-panchal-JMz61NKc3E-unsplash.webp?resize=350%2C200&ssl=1 1x, https:\/\/i0.wp.com\/kohenavocats.com\/wp-content\/uploads\/2024\/11\/jigar-panchal-JMz61NKc3E-unsplash.webp?resize=525%2C300&ssl=1 1.5x, https:\/\/i0.wp.com\/kohenavocats.com\/wp-content\/uploads\/2024\/11\/jigar-panchal-JMz61NKc3E-unsplash.webp?resize=700%2C400&ssl=1 2x, https:\/\/i0.wp.com\/kohenavocats.com\/wp-content\/uploads\/2024\/11\/jigar-panchal-JMz61NKc3E-unsplash.webp?resize=1050%2C600&ssl=1 3x, https:\/\/i0.wp.com\/kohenavocats.com\/wp-content\/uploads\/2024\/11\/jigar-panchal-JMz61NKc3E-unsplash.webp?resize=1400%2C800&ssl=1 4x"},"classes":[]}],"jetpack_sharing_enabled":true,"_links":{"self":[{"href":"https:\/\/kohenavocats.com\/en\/wp-json\/wp\/v2\/posts\/652171","targetHints":{"allow":["GET"]}}],"collection":[{"href":"https:\/\/kohenavocats.com\/en\/wp-json\/wp\/v2\/posts"}],"about":[{"href":"https:\/\/kohenavocats.com\/en\/wp-json\/wp\/v2\/types\/post"}],"author":[{"embeddable":true,"href":"https:\/\/kohenavocats.com\/en\/wp-json\/wp\/v2\/users\/232070755"}],"replies":[{"embeddable":true,"href":"https:\/\/kohenavocats.com\/en\/wp-json\/wp\/v2\/comments?post=652171"}],"version-history":[{"count":1,"href":"https:\/\/kohenavocats.com\/en\/wp-json\/wp\/v2\/posts\/652171\/revisions"}],"predecessor-version":[{"id":678991,"href":"https:\/\/kohenavocats.com\/en\/wp-json\/wp\/v2\/posts\/652171\/revisions\/678991"}],"wp:featuredmedia":[{"embeddable":true,"href":"https:\/\/kohenavocats.com\/en\/wp-json\/wp\/v2\/media\/4712"}],"wp:attachment":[{"href":"https:\/\/kohenavocats.com\/en\/wp-json\/wp\/v2\/media?parent=652171"}],"wp:term":[{"taxonomy":"category","embeddable":true,"href":"https:\/\/kohenavocats.com\/en\/wp-json\/wp\/v2\/categories?post=652171"},{"taxonomy":"post_tag","embeddable":true,"href":"https:\/\/kohenavocats.com\/en\/wp-json\/wp\/v2\/tags?post=652171"}],"curies":[{"name":"wp","href":"https:\/\/api.w.org\/{rel}","templated":true}]}}