{"id":655086,"date":"2026-04-23T04:32:48","date_gmt":"2026-04-23T02:32:48","guid":{"rendered":"https:\/\/kohenavocats.com\/cour-dappel-de-paris-le-8-juillet-2025-n22-01334\/"},"modified":"2026-04-23T04:32:48","modified_gmt":"2026-04-23T02:32:48","slug":"cour-dappel-de-paris-le-8-juillet-2025-n22-01334","status":"publish","type":"post","link":"https:\/\/kohenavocats.com\/en\/cour-dappel-de-paris-le-8-juillet-2025-n22-01334\/","title":{"rendered":"Cour d&#8217;appel de Paris, le 8 juillet 2025, n\u00b022\/01334"},"content":{"rendered":"<div class=\"article-content\">\n<p>La Cour d&#8217;appel de Paris, statuant le 8 juillet 2025, a examin\u00e9 un litige opposant un ancien cadre dirigeant \u00e0 la soci\u00e9t\u00e9 qui l&#8217;employait. L&#8217;affaire concernait la rupture du contrat de travail et des demandes indemnitaires crois\u00e9es. La juridiction a infirm\u00e9 le jugement de premi\u00e8re instance sur de nombreux points. Elle a notamment rejet\u00e9 la qualification de faute lourde et l&#8217;existence d&#8217;une d\u00e9mission implicite. Elle a accord\u00e9 au salari\u00e9 le paiement de salaires impay\u00e9s et une indemnit\u00e9 pour licenciement sans cause.<\/p>\n<p>L&#8217;autorit\u00e9 de la chose jug\u00e9e et ses limites<\/p>\n<p>La port\u00e9e du dispositif judiciaire<\/p>\n<p>La cour a d&#8217;abord rappel\u00e9 le principe de l&#8217;autorit\u00e9 de la chose jug\u00e9e. Elle a jug\u00e9 irrecevable une demande de remboursement d\u00e9j\u00e0 tranch\u00e9e. &#8220;l&#8217;autorit\u00e9 de la chose jug\u00e9e s&#8217;\u00e9tend \u00e0 une demande identique (m\u00eames parties, m\u00eame objet, m\u00eame cause) d\u00e8s lors qu&#8217;elle a \u00e9t\u00e9 tranch\u00e9e dans le dispositif d&#8217;un jugement d\u00e9finitif&#8221; (Motifs). Cette solution prot\u00e8ge la s\u00e9curit\u00e9 juridique en \u00e9vitant les proc\u00e9dures multiples. Elle souligne que seul le dispositif d&#8217;une d\u00e9cision b\u00e9n\u00e9ficie de cette autorit\u00e9 absolue.<\/p>\n<p>L&#8217;exclusion des motifs de la d\u00e9cision<\/p>\n<p>En revanche, la cour a refus\u00e9 d&#8217;\u00e9tendre cette autorit\u00e9 aux motifs du jugement ant\u00e9rieur. &#8220;seul le dispositif du jugement a autorit\u00e9 de la chose jug\u00e9e, \u00e0 l&#8217;exclusion des motifs&#8221; (Motifs). Cette distinction est fondamentale pour la libert\u00e9 d&#8217;appr\u00e9ciation du juge. Elle permet de rejuger une affaire sous un angle juridique diff\u00e9rent. La solution pr\u00e9serve ainsi l&#8217;office du juge dans chaque instance nouvelle.<\/p>\n<p>La qualification des manquements du salari\u00e9<\/p>\n<p>L&#8217;exigence de l&#8217;intention de nuire<\/p>\n<p>La cour a ensuite d\u00e9fini les conditions de la faute lourde. Elle a rejet\u00e9 cette qualification faute de preuve d&#8217;une intention d\u00e9loyale. &#8220;pour caract\u00e9riser une faute lourde, la jurisprudence et les textes exigent que l&#8217;employeur d\u00e9montre [&#8230;] l&#8217;intention manifeste et d\u00e9lib\u00e9r\u00e9e de nuire \u00e0 l&#8217;employeur&#8221; (Motifs). Ce crit\u00e8re restrictif prot\u00e8ge le salari\u00e9 contre des sanctions disproportionn\u00e9es. Il oblige l&#8217;employeur \u00e0 rapporter une preuve particuli\u00e8rement exigeante.<\/p>\n<p>Le contexte de validation des activit\u00e9s litigieuses<\/p>\n<p>Les agissements reproch\u00e9s ont \u00e9t\u00e9 analys\u00e9s au regard du contexte. La cour a relev\u00e9 que la strat\u00e9gie \u00e9tait connue et valid\u00e9e par l&#8217;employeur. &#8220;les diff\u00e9rentes conventions et projets [&#8230;] ont toujours b\u00e9n\u00e9fici\u00e9 de l&#8217;aval explicite ou implicite des organes de contr\u00f4le&#8221; (Motifs). Cette approche factuelle emp\u00eache la requalification ult\u00e9rieure en faute. Elle souligne l&#8217;importance du comportement de l&#8217;employeur dans l&#8217;appr\u00e9ciation des manquements.<\/p>\n<p>La preuve de la volont\u00e9 de d\u00e9missionner<\/p>\n<p>La charge de la preuve et ses exigences<\/p>\n<p>Sur la question de la d\u00e9mission, la cour a rappel\u00e9 les principes stricts qui l&#8217;encadrent. Elle a soulign\u00e9 que la preuve incombe \u00e0 l&#8217;employeur qui l&#8217;invoque. &#8220;ce n&#8217;est pas \u00e0 [le salari\u00e9] de prouver qu&#8217;il n&#8217;a pas d\u00e9missionn\u00e9, mais \u00e0 la soci\u00e9t\u00e9 [&#8230;] d&#8217;apporter la preuve de la volont\u00e9 claire et non \u00e9quivoque&#8221; (Motifs). Cette r\u00e9partition de la charge de la preuve prot\u00e8ge le salari\u00e9 d&#8217;une rupture impos\u00e9e. Elle exige des \u00e9l\u00e9ments objectifs et non \u00e9quivoques de la part de l&#8217;employeur.<\/p>\n<p>L&#8217;analyse contradictoire des comportements<\/p>\n<p>La cour a confront\u00e9 les \u00e9l\u00e9ments avanc\u00e9s par chaque partie. Elle a retenu que le comportement des parties contredisait la th\u00e8se de la d\u00e9mission. &#8220;la mise \u00e0 pied disciplinaire et l&#8217;attestation P\u00f4le emploi [&#8230;] contredisent la th\u00e8se de la d\u00e9mission&#8221; (Motifs). Cette analyse globale des faits post\u00e9rieurs est essentielle. Elle permet de reconstituer la volont\u00e9 r\u00e9elle des parties au moment des \u00e9v\u00e9nements litigieux.<\/p>\n<\/div>\n","protected":false},"excerpt":{"rendered":"<p>La Cour d&#8217;appel de Paris, statuant le 8 juillet 2025, a examin\u00e9 un litige opposant un ancien cadre dirigeant \u00e0 la soci\u00e9t\u00e9 qui l&#8217;employait. L&#8217;affaire concerna&#8230;<\/p>\n","protected":false},"author":232070755,"featured_media":4663,"comment_status":"open","ping_status":"open","sticky":false,"template":"","format":"standard","meta":{"_crdt_document":"","_jetpack_newsletter_access":"","_jetpack_dont_email_post_to_subs":false,"_jetpack_newsletter_tier_id":0,"_jetpack_memberships_contains_paywalled_content":false,"_kj_source_type":"","_kj_official_id":"","_kj_official_url":"","_kj_judilibre_id":"","_kj_jur":"","_kj_lieu":"","_kj_chambre":"","_kj_rg":"","_kj_date":"","_jetpack_memberships_contains_paid_content":false,"footnotes":"","jetpack_post_was_ever_published":false},"categories":[7597],"tags":[],"class_list":["post-655086","post","type-post","status-publish","format-standard","has-post-thumbnail","hentry","category-jurisprudence"],"yoast_head":"<!-- This site is optimized with the Yoast SEO Premium plugin v27.5 (Yoast SEO v27.5) - https:\/\/yoast.com\/product\/yoast-seo-premium-wordpress\/ -->\n<title>Cour d&#039;appel de Paris, le 8 juillet 2025, n\u00b022\/01334 - Ma\u00eetre Hassan Kohen, avocat en droit p\u00e9nal \u00e0 Paris<\/title>\n<meta name=\"description\" content=\"La Cour d&#039;appel de Paris, statuant le 8 juillet 2025, a examin\u00e9 un litige opposant un ancien cadre dirigeant \u00e0 la soci\u00e9t\u00e9 qui l&#039;employait. L&#039;affaire concerna...\" \/>\n<meta name=\"robots\" content=\"index, follow, max-snippet:-1, max-image-preview:large, max-video-preview:-1\" \/>\n<link rel=\"canonical\" href=\"https:\/\/kohenavocats.com\/en\/cour-dappel-de-paris-le-8-juillet-2025-n22-01334\/\" \/>\n<meta property=\"og:locale\" content=\"en_US\" \/>\n<meta property=\"og:type\" content=\"article\" \/>\n<meta property=\"og:title\" content=\"Cour d&#039;appel de Paris, le 8 juillet 2025, n\u00b022\/01334\" \/>\n<meta property=\"og:description\" content=\"La Cour d&#039;appel de Paris, statuant le 8 juillet 2025, a examin\u00e9 un litige opposant un ancien cadre dirigeant \u00e0 la soci\u00e9t\u00e9 qui l&#039;employait. L&#039;affaire concerna...\" \/>\n<meta property=\"og:url\" content=\"https:\/\/kohenavocats.com\/en\/cour-dappel-de-paris-le-8-juillet-2025-n22-01334\/\" \/>\n<meta property=\"og:site_name\" content=\"Ma\u00eetre Hassan Kohen, avocat en droit p\u00e9nal \u00e0 Paris\" \/>\n<meta property=\"article:published_time\" content=\"2026-04-23T02:32:48+00:00\" \/>\n<meta property=\"og:image\" content=\"https:\/\/kohenavocats.com\/wp-content\/uploads\/2024\/08\/jad-limcaco-NT1mJPgni6A-unsplash.webp\" \/>\n\t<meta property=\"og:image:width\" content=\"4855\" \/>\n\t<meta property=\"og:image:height\" content=\"3262\" \/>\n\t<meta property=\"og:image:type\" content=\"image\/webp\" \/>\n<meta name=\"author\" content=\"Kohen\" \/>\n<meta name=\"twitter:card\" content=\"summary_large_image\" \/>\n<meta name=\"twitter:label1\" content=\"Written by\" \/>\n\t<meta name=\"twitter:data1\" content=\"Kohen\" \/>\n\t<meta name=\"twitter:label2\" content=\"Est. reading time\" \/>\n\t<meta name=\"twitter:data2\" content=\"3 minutes\" \/>\n<script type=\"application\/ld+json\" class=\"yoast-schema-graph\">{\"@context\":\"https:\\\/\\\/schema.org\",\"@graph\":[{\"@type\":\"Article\",\"@id\":\"https:\\\/\\\/kohenavocats.com\\\/en\\\/cour-dappel-de-paris-le-8-juillet-2025-n22-01334\\\/#article\",\"isPartOf\":{\"@id\":\"https:\\\/\\\/kohenavocats.com\\\/en\\\/cour-dappel-de-paris-le-8-juillet-2025-n22-01334\\\/\"},\"author\":{\"name\":\"Kohen\",\"@id\":\"https:\\\/\\\/kohenavocats.com\\\/en\\\/#\\\/schema\\\/person\\\/761c9ba54fa1ca84d405cef0831ff751\"},\"headline\":\"Cour d&#8217;appel de Paris, le 8 juillet 2025, n\u00b022\\\/01334\",\"datePublished\":\"2026-04-23T02:32:48+00:00\",\"mainEntityOfPage\":{\"@id\":\"https:\\\/\\\/kohenavocats.com\\\/en\\\/cour-dappel-de-paris-le-8-juillet-2025-n22-01334\\\/\"},\"wordCount\":650,\"commentCount\":0,\"publisher\":{\"@id\":\"https:\\\/\\\/kohenavocats.com\\\/en\\\/#organization\"},\"image\":{\"@id\":\"https:\\\/\\\/kohenavocats.com\\\/en\\\/cour-dappel-de-paris-le-8-juillet-2025-n22-01334\\\/#primaryimage\"},\"thumbnailUrl\":\"https:\\\/\\\/kohenavocats.com\\\/wp-content\\\/uploads\\\/2024\\\/08\\\/jad-limcaco-NT1mJPgni6A-unsplash.webp\",\"articleSection\":[\"Jurisprudence\"],\"inLanguage\":\"en-US\",\"potentialAction\":[{\"@type\":\"CommentAction\",\"name\":\"Comment\",\"target\":[\"https:\\\/\\\/kohenavocats.com\\\/en\\\/cour-dappel-de-paris-le-8-juillet-2025-n22-01334\\\/#respond\"]}],\"citation\":\"Cour d&#8217;appel de Paris, le 8 juillet 2025, n\u00b022\\\/01334\",\"about\":[{\"@type\":\"Thing\",\"name\":\"Jurisprudence\"}],\"dateModified\":\"2026-04-23T02:32:48+00:00\",\"speakable\":{\"@type\":\"SpeakableSpecification\",\"cssSelector\":[\".article-content > p:first-of-type\"]}},{\"@type\":\"WebPage\",\"@id\":\"https:\\\/\\\/kohenavocats.com\\\/en\\\/cour-dappel-de-paris-le-8-juillet-2025-n22-01334\\\/\",\"url\":\"https:\\\/\\\/kohenavocats.com\\\/en\\\/cour-dappel-de-paris-le-8-juillet-2025-n22-01334\\\/\",\"name\":\"Cour d'appel de Paris, le 8 juillet 2025, n\u00b022\\\/01334 - Ma\u00eetre Hassan Kohen, avocat en droit p\u00e9nal \u00e0 Paris\",\"isPartOf\":{\"@id\":\"https:\\\/\\\/kohenavocats.com\\\/en\\\/#website\"},\"primaryImageOfPage\":{\"@id\":\"https:\\\/\\\/kohenavocats.com\\\/en\\\/cour-dappel-de-paris-le-8-juillet-2025-n22-01334\\\/#primaryimage\"},\"image\":{\"@id\":\"https:\\\/\\\/kohenavocats.com\\\/en\\\/cour-dappel-de-paris-le-8-juillet-2025-n22-01334\\\/#primaryimage\"},\"thumbnailUrl\":\"https:\\\/\\\/kohenavocats.com\\\/wp-content\\\/uploads\\\/2024\\\/08\\\/jad-limcaco-NT1mJPgni6A-unsplash.webp\",\"datePublished\":\"2026-04-23T02:32:48+00:00\",\"description\":\"La Cour d'appel de Paris, statuant le 8 juillet 2025, a examin\u00e9 un litige opposant un ancien cadre dirigeant \u00e0 la soci\u00e9t\u00e9 qui l'employait. L'affaire concerna...\",\"breadcrumb\":{\"@id\":\"https:\\\/\\\/kohenavocats.com\\\/en\\\/cour-dappel-de-paris-le-8-juillet-2025-n22-01334\\\/#breadcrumb\"},\"inLanguage\":\"en-US\",\"potentialAction\":[{\"@type\":\"ReadAction\",\"target\":[\"https:\\\/\\\/kohenavocats.com\\\/en\\\/cour-dappel-de-paris-le-8-juillet-2025-n22-01334\\\/\"]}]},{\"@type\":\"ImageObject\",\"inLanguage\":\"en-US\",\"@id\":\"https:\\\/\\\/kohenavocats.com\\\/en\\\/cour-dappel-de-paris-le-8-juillet-2025-n22-01334\\\/#primaryimage\",\"url\":\"https:\\\/\\\/kohenavocats.com\\\/wp-content\\\/uploads\\\/2024\\\/08\\\/jad-limcaco-NT1mJPgni6A-unsplash.webp\",\"contentUrl\":\"https:\\\/\\\/kohenavocats.com\\\/wp-content\\\/uploads\\\/2024\\\/08\\\/jad-limcaco-NT1mJPgni6A-unsplash.webp\",\"width\":4855,\"height\":3262},{\"@type\":\"BreadcrumbList\",\"@id\":\"https:\\\/\\\/kohenavocats.com\\\/en\\\/cour-dappel-de-paris-le-8-juillet-2025-n22-01334\\\/#breadcrumb\",\"itemListElement\":[{\"@type\":\"ListItem\",\"position\":1,\"name\":\"Home\",\"item\":\"https:\\\/\\\/kohenavocats.com\\\/en\\\/criminal-law-attorneys-in-paris-counsel-and-strategic-defense\\\/\"},{\"@type\":\"ListItem\",\"position\":2,\"name\":\"Cour d&rsquo;appel de Paris, le 8 juillet 2025, n\u00b022\\\/01334\"}]},{\"@type\":\"WebSite\",\"@id\":\"https:\\\/\\\/kohenavocats.com\\\/en\\\/#website\",\"url\":\"https:\\\/\\\/kohenavocats.com\\\/en\\\/\",\"name\":\"Kohen Avocats\",\"description\":\"Ma\u00eetre Hassan Kohen, avocat p\u00e9naliste \u00e0 Paris, intervient exclusivement en droit p\u00e9nal pour la d\u00e9fense des particuliers, notamment en mati\u00e8re d\u2019accusations de viol. Il assure un accompagnement rigoureux d\u00e8s la garde \u00e0 vue jusqu\u2019\u00e0 la Cour d\u2019assises, veillant au strict respect des garanties proc\u00e9durales.\",\"publisher\":{\"@id\":\"https:\\\/\\\/kohenavocats.com\\\/en\\\/#organization\"},\"potentialAction\":[{\"@type\":\"SearchAction\",\"target\":{\"@type\":\"EntryPoint\",\"urlTemplate\":\"https:\\\/\\\/kohenavocats.com\\\/en\\\/?s={search_term_string}\"},\"query-input\":{\"@type\":\"PropertyValueSpecification\",\"valueRequired\":true,\"valueName\":\"search_term_string\"}}],\"inLanguage\":\"en-US\"},{\"@type\":\"Organization\",\"@id\":\"https:\\\/\\\/kohenavocats.com\\\/en\\\/#organization\",\"name\":\"Kohen Avocats\",\"url\":\"https:\\\/\\\/kohenavocats.com\\\/en\\\/\",\"logo\":{\"@type\":\"ImageObject\",\"inLanguage\":\"en-US\",\"@id\":\"https:\\\/\\\/kohenavocats.com\\\/en\\\/#\\\/schema\\\/logo\\\/image\\\/\",\"url\":\"https:\\\/\\\/kohenavocats.com\\\/wp-content\\\/uploads\\\/2026\\\/01\\\/Logo-2-1.webp\",\"contentUrl\":\"https:\\\/\\\/kohenavocats.com\\\/wp-content\\\/uploads\\\/2026\\\/01\\\/Logo-2-1.webp\",\"width\":2114,\"height\":1253,\"caption\":\"Kohen Avocats\"},\"image\":{\"@id\":\"https:\\\/\\\/kohenavocats.com\\\/en\\\/#\\\/schema\\\/logo\\\/image\\\/\"}},{\"@type\":\"Person\",\"@id\":\"https:\\\/\\\/kohenavocats.com\\\/en\\\/#\\\/schema\\\/person\\\/761c9ba54fa1ca84d405cef0831ff751\",\"name\":\"Kohen\",\"image\":{\"@type\":\"ImageObject\",\"inLanguage\":\"en-US\",\"@id\":\"https:\\\/\\\/secure.gravatar.com\\\/avatar\\\/1c5e76ef76bbbfdd2b4da984e2bf2fa4056fd51a27d25ce2c332047f1dfd6e00?s=96&d=identicon&r=g\",\"url\":\"https:\\\/\\\/secure.gravatar.com\\\/avatar\\\/1c5e76ef76bbbfdd2b4da984e2bf2fa4056fd51a27d25ce2c332047f1dfd6e00?s=96&d=identicon&r=g\",\"contentUrl\":\"https:\\\/\\\/secure.gravatar.com\\\/avatar\\\/1c5e76ef76bbbfdd2b4da984e2bf2fa4056fd51a27d25ce2c332047f1dfd6e00?s=96&d=identicon&r=g\",\"caption\":\"Kohen\"},\"sameAs\":[\"https:\\\/\\\/www.linkedin.com\\\/in\\\/hassan-kohen-448548192\\\/\",\"https:\\\/\\\/www.youtube.com\\\/@Kohen-Avocats\"],\"url\":\"https:\\\/\\\/kohenavocats.com\\\/en\\\/author\\\/kohenmlk\\\/\"}]}<\/script>\n<!-- \/ Yoast SEO Premium plugin. -->","yoast_head_json":{"title":"Cour d'appel de Paris, le 8 juillet 2025, n\u00b022\/01334 - Ma\u00eetre Hassan Kohen, avocat en droit p\u00e9nal \u00e0 Paris","description":"La Cour d'appel de Paris, statuant le 8 juillet 2025, a examin\u00e9 un litige opposant un ancien cadre dirigeant \u00e0 la soci\u00e9t\u00e9 qui l'employait. L'affaire concerna...","robots":{"index":"index","follow":"follow","max-snippet":"max-snippet:-1","max-image-preview":"max-image-preview:large","max-video-preview":"max-video-preview:-1"},"canonical":"https:\/\/kohenavocats.com\/en\/cour-dappel-de-paris-le-8-juillet-2025-n22-01334\/","og_locale":"en_US","og_type":"article","og_title":"Cour d'appel de Paris, le 8 juillet 2025, n\u00b022\/01334","og_description":"La Cour d'appel de Paris, statuant le 8 juillet 2025, a examin\u00e9 un litige opposant un ancien cadre dirigeant \u00e0 la soci\u00e9t\u00e9 qui l'employait. L'affaire concerna...","og_url":"https:\/\/kohenavocats.com\/en\/cour-dappel-de-paris-le-8-juillet-2025-n22-01334\/","og_site_name":"Ma\u00eetre Hassan Kohen, avocat en droit p\u00e9nal \u00e0 Paris","article_published_time":"2026-04-23T02:32:48+00:00","og_image":[{"width":4855,"height":3262,"url":"https:\/\/kohenavocats.com\/wp-content\/uploads\/2024\/08\/jad-limcaco-NT1mJPgni6A-unsplash.webp","type":"image\/webp"}],"author":"Kohen","twitter_card":"summary_large_image","twitter_misc":{"Written by":"Kohen","Est. reading time":"3 minutes"},"schema":{"@context":"https:\/\/schema.org","@graph":[{"@type":"Article","@id":"https:\/\/kohenavocats.com\/en\/cour-dappel-de-paris-le-8-juillet-2025-n22-01334\/#article","isPartOf":{"@id":"https:\/\/kohenavocats.com\/en\/cour-dappel-de-paris-le-8-juillet-2025-n22-01334\/"},"author":{"name":"Kohen","@id":"https:\/\/kohenavocats.com\/en\/#\/schema\/person\/761c9ba54fa1ca84d405cef0831ff751"},"headline":"Cour d&#8217;appel de Paris, le 8 juillet 2025, n\u00b022\/01334","datePublished":"2026-04-23T02:32:48+00:00","mainEntityOfPage":{"@id":"https:\/\/kohenavocats.com\/en\/cour-dappel-de-paris-le-8-juillet-2025-n22-01334\/"},"wordCount":650,"commentCount":0,"publisher":{"@id":"https:\/\/kohenavocats.com\/en\/#organization"},"image":{"@id":"https:\/\/kohenavocats.com\/en\/cour-dappel-de-paris-le-8-juillet-2025-n22-01334\/#primaryimage"},"thumbnailUrl":"https:\/\/kohenavocats.com\/wp-content\/uploads\/2024\/08\/jad-limcaco-NT1mJPgni6A-unsplash.webp","articleSection":["Jurisprudence"],"inLanguage":"en-US","potentialAction":[{"@type":"CommentAction","name":"Comment","target":["https:\/\/kohenavocats.com\/en\/cour-dappel-de-paris-le-8-juillet-2025-n22-01334\/#respond"]}],"citation":"Cour d&#8217;appel de Paris, le 8 juillet 2025, n\u00b022\/01334","about":[{"@type":"Thing","name":"Jurisprudence"}],"dateModified":"2026-04-23T02:32:48+00:00","speakable":{"@type":"SpeakableSpecification","cssSelector":[".article-content > p:first-of-type"]}},{"@type":"WebPage","@id":"https:\/\/kohenavocats.com\/en\/cour-dappel-de-paris-le-8-juillet-2025-n22-01334\/","url":"https:\/\/kohenavocats.com\/en\/cour-dappel-de-paris-le-8-juillet-2025-n22-01334\/","name":"Cour d'appel de Paris, le 8 juillet 2025, n\u00b022\/01334 - Ma\u00eetre Hassan Kohen, avocat en droit p\u00e9nal \u00e0 Paris","isPartOf":{"@id":"https:\/\/kohenavocats.com\/en\/#website"},"primaryImageOfPage":{"@id":"https:\/\/kohenavocats.com\/en\/cour-dappel-de-paris-le-8-juillet-2025-n22-01334\/#primaryimage"},"image":{"@id":"https:\/\/kohenavocats.com\/en\/cour-dappel-de-paris-le-8-juillet-2025-n22-01334\/#primaryimage"},"thumbnailUrl":"https:\/\/kohenavocats.com\/wp-content\/uploads\/2024\/08\/jad-limcaco-NT1mJPgni6A-unsplash.webp","datePublished":"2026-04-23T02:32:48+00:00","description":"La Cour d'appel de Paris, statuant le 8 juillet 2025, a examin\u00e9 un litige opposant un ancien cadre dirigeant \u00e0 la soci\u00e9t\u00e9 qui l'employait. L'affaire concerna...","breadcrumb":{"@id":"https:\/\/kohenavocats.com\/en\/cour-dappel-de-paris-le-8-juillet-2025-n22-01334\/#breadcrumb"},"inLanguage":"en-US","potentialAction":[{"@type":"ReadAction","target":["https:\/\/kohenavocats.com\/en\/cour-dappel-de-paris-le-8-juillet-2025-n22-01334\/"]}]},{"@type":"ImageObject","inLanguage":"en-US","@id":"https:\/\/kohenavocats.com\/en\/cour-dappel-de-paris-le-8-juillet-2025-n22-01334\/#primaryimage","url":"https:\/\/kohenavocats.com\/wp-content\/uploads\/2024\/08\/jad-limcaco-NT1mJPgni6A-unsplash.webp","contentUrl":"https:\/\/kohenavocats.com\/wp-content\/uploads\/2024\/08\/jad-limcaco-NT1mJPgni6A-unsplash.webp","width":4855,"height":3262},{"@type":"BreadcrumbList","@id":"https:\/\/kohenavocats.com\/en\/cour-dappel-de-paris-le-8-juillet-2025-n22-01334\/#breadcrumb","itemListElement":[{"@type":"ListItem","position":1,"name":"Home","item":"https:\/\/kohenavocats.com\/en\/criminal-law-attorneys-in-paris-counsel-and-strategic-defense\/"},{"@type":"ListItem","position":2,"name":"Cour d&rsquo;appel de Paris, le 8 juillet 2025, n\u00b022\/01334"}]},{"@type":"WebSite","@id":"https:\/\/kohenavocats.com\/en\/#website","url":"https:\/\/kohenavocats.com\/en\/","name":"Kohen Avocats","description":"Ma\u00eetre Hassan Kohen, avocat p\u00e9naliste \u00e0 Paris, intervient exclusivement en droit p\u00e9nal pour la d\u00e9fense des particuliers, notamment en mati\u00e8re d\u2019accusations de viol. Il assure un accompagnement rigoureux d\u00e8s la garde \u00e0 vue jusqu\u2019\u00e0 la Cour d\u2019assises, veillant au strict respect des garanties proc\u00e9durales.","publisher":{"@id":"https:\/\/kohenavocats.com\/en\/#organization"},"potentialAction":[{"@type":"SearchAction","target":{"@type":"EntryPoint","urlTemplate":"https:\/\/kohenavocats.com\/en\/?s={search_term_string}"},"query-input":{"@type":"PropertyValueSpecification","valueRequired":true,"valueName":"search_term_string"}}],"inLanguage":"en-US"},{"@type":"Organization","@id":"https:\/\/kohenavocats.com\/en\/#organization","name":"Kohen Avocats","url":"https:\/\/kohenavocats.com\/en\/","logo":{"@type":"ImageObject","inLanguage":"en-US","@id":"https:\/\/kohenavocats.com\/en\/#\/schema\/logo\/image\/","url":"https:\/\/kohenavocats.com\/wp-content\/uploads\/2026\/01\/Logo-2-1.webp","contentUrl":"https:\/\/kohenavocats.com\/wp-content\/uploads\/2026\/01\/Logo-2-1.webp","width":2114,"height":1253,"caption":"Kohen Avocats"},"image":{"@id":"https:\/\/kohenavocats.com\/en\/#\/schema\/logo\/image\/"}},{"@type":"Person","@id":"https:\/\/kohenavocats.com\/en\/#\/schema\/person\/761c9ba54fa1ca84d405cef0831ff751","name":"Kohen","image":{"@type":"ImageObject","inLanguage":"en-US","@id":"https:\/\/secure.gravatar.com\/avatar\/1c5e76ef76bbbfdd2b4da984e2bf2fa4056fd51a27d25ce2c332047f1dfd6e00?s=96&d=identicon&r=g","url":"https:\/\/secure.gravatar.com\/avatar\/1c5e76ef76bbbfdd2b4da984e2bf2fa4056fd51a27d25ce2c332047f1dfd6e00?s=96&d=identicon&r=g","contentUrl":"https:\/\/secure.gravatar.com\/avatar\/1c5e76ef76bbbfdd2b4da984e2bf2fa4056fd51a27d25ce2c332047f1dfd6e00?s=96&d=identicon&r=g","caption":"Kohen"},"sameAs":["https:\/\/www.linkedin.com\/in\/hassan-kohen-448548192\/","https:\/\/www.youtube.com\/@Kohen-Avocats"],"url":"https:\/\/kohenavocats.com\/en\/author\/kohenmlk\/"}]}},"jetpack_featured_media_url":"https:\/\/kohenavocats.com\/wp-content\/uploads\/2024\/08\/jad-limcaco-NT1mJPgni6A-unsplash.webp","jetpack_likes_enabled":false,"jetpack_shortlink":"https:\/\/wp.me\/peCrII-2KpU","jetpack-related-posts":[{"id":478669,"url":"https:\/\/kohenavocats.com\/en\/cour-dappel-de-pau-le-4-juillet-2024-n22-03049\/","url_meta":{"origin":655086,"position":0},"title":"Cour d&#8217;appel de Pau, le 4 juillet 2024, n\u00b022\/03049","author":"Kohen","date":"7 April 2026","format":false,"excerpt":"La Cour d'appel de Pau, le 4 juillet 2024, statue sur un litige opposant un assur\u00e9 \u00e0 un organisme de s\u00e9curit\u00e9 sociale. L'assur\u00e9, pr\u00e9c\u00e9demment d\u00e9bout\u00e9 d'une d...","rel":"","context":"In &quot;Jurisprudence&quot;","block_context":{"text":"Jurisprudence","link":"https:\/\/kohenavocats.com\/category\/jurisprudence\/"},"img":{"alt_text":"","src":"https:\/\/i0.wp.com\/kohenavocats.com\/wp-content\/uploads\/2024\/11\/resource-database-lRwnx8gdAW0-unsplash.webp?resize=350%2C200&ssl=1","width":350,"height":200,"srcset":"https:\/\/i0.wp.com\/kohenavocats.com\/wp-content\/uploads\/2024\/11\/resource-database-lRwnx8gdAW0-unsplash.webp?resize=350%2C200&ssl=1 1x, https:\/\/i0.wp.com\/kohenavocats.com\/wp-content\/uploads\/2024\/11\/resource-database-lRwnx8gdAW0-unsplash.webp?resize=525%2C300&ssl=1 1.5x, https:\/\/i0.wp.com\/kohenavocats.com\/wp-content\/uploads\/2024\/11\/resource-database-lRwnx8gdAW0-unsplash.webp?resize=700%2C400&ssl=1 2x, https:\/\/i0.wp.com\/kohenavocats.com\/wp-content\/uploads\/2024\/11\/resource-database-lRwnx8gdAW0-unsplash.webp?resize=1050%2C600&ssl=1 3x, https:\/\/i0.wp.com\/kohenavocats.com\/wp-content\/uploads\/2024\/11\/resource-database-lRwnx8gdAW0-unsplash.webp?resize=1400%2C800&ssl=1 4x"},"classes":[]},{"id":686756,"url":"https:\/\/kohenavocats.com\/en\/cour-dappel-de-paris-le-20-mars-2024-n24-07297\/","url_meta":{"origin":655086,"position":1},"title":"Cour d&#8217;appel de Paris, le 20 mars 2024, n\u00b024\/07297","author":"Kohen","date":"25 April 2026","format":false,"excerpt":"La Cour d\u2019appel de Paris, par un arr\u00eat du 20 mars 2024, avait d\u00e9j\u00e0 d\u00e9bout\u00e9 le syndicat des copropri\u00e9taires de son exception de litispendance et renvoy\u00e9 l\u2019aff...","rel":"","context":"In &quot;Jurisprudence&quot;","block_context":{"text":"Jurisprudence","link":"https:\/\/kohenavocats.com\/category\/jurisprudence\/"},"img":{"alt_text":"","src":"https:\/\/i0.wp.com\/kohenavocats.com\/wp-content\/uploads\/2024\/08\/joshua-coleman-FYev7eaTcRE-unsplash.webp?resize=350%2C200&ssl=1","width":350,"height":200,"srcset":"https:\/\/i0.wp.com\/kohenavocats.com\/wp-content\/uploads\/2024\/08\/joshua-coleman-FYev7eaTcRE-unsplash.webp?resize=350%2C200&ssl=1 1x, https:\/\/i0.wp.com\/kohenavocats.com\/wp-content\/uploads\/2024\/08\/joshua-coleman-FYev7eaTcRE-unsplash.webp?resize=525%2C300&ssl=1 1.5x, https:\/\/i0.wp.com\/kohenavocats.com\/wp-content\/uploads\/2024\/08\/joshua-coleman-FYev7eaTcRE-unsplash.webp?resize=700%2C400&ssl=1 2x, https:\/\/i0.wp.com\/kohenavocats.com\/wp-content\/uploads\/2024\/08\/joshua-coleman-FYev7eaTcRE-unsplash.webp?resize=1050%2C600&ssl=1 3x, https:\/\/i0.wp.com\/kohenavocats.com\/wp-content\/uploads\/2024\/08\/joshua-coleman-FYev7eaTcRE-unsplash.webp?resize=1400%2C800&ssl=1 4x"},"classes":[]},{"id":231618,"url":"https:\/\/kohenavocats.com\/en\/cour-dappel-de-paris-le-18-juin-2025-n25-00075\/","url_meta":{"origin":655086,"position":2},"title":"Cour d&#8217;appel de Paris, le 18 juin 2025, n\u00b025\/00075","author":"Kohen","date":"28 December 2025","format":false,"excerpt":"La contestation des honoraires d'avocat donne r\u00e9guli\u00e8rement lieu \u00e0 des contentieux devant le B\u00e2tonnier de l'Ordre, puis devant le Premier Pr\u00e9sident de la Cour d'appel en cas de recours. La question de l'autorit\u00e9 de la chose jug\u00e9e attach\u00e9e aux d\u00e9cisions rendues en cette mati\u00e8re demeure une source d'incertitude, notamment lorsque\u2026","rel":"","context":"In &quot;Cour d'appel&quot;","block_context":{"text":"Cour d'appel","link":"https:\/\/kohenavocats.com\/category\/cour-dappel\/"},"img":{"alt_text":"","src":"https:\/\/i0.wp.com\/kohenavocats.com\/wp-content\/uploads\/2024\/08\/louis-paulin-hoyM4lFB8S0-unsplash.webp?resize=350%2C200&ssl=1","width":350,"height":200,"srcset":"https:\/\/i0.wp.com\/kohenavocats.com\/wp-content\/uploads\/2024\/08\/louis-paulin-hoyM4lFB8S0-unsplash.webp?resize=350%2C200&ssl=1 1x, https:\/\/i0.wp.com\/kohenavocats.com\/wp-content\/uploads\/2024\/08\/louis-paulin-hoyM4lFB8S0-unsplash.webp?resize=525%2C300&ssl=1 1.5x, https:\/\/i0.wp.com\/kohenavocats.com\/wp-content\/uploads\/2024\/08\/louis-paulin-hoyM4lFB8S0-unsplash.webp?resize=700%2C400&ssl=1 2x, https:\/\/i0.wp.com\/kohenavocats.com\/wp-content\/uploads\/2024\/08\/louis-paulin-hoyM4lFB8S0-unsplash.webp?resize=1050%2C600&ssl=1 3x, https:\/\/i0.wp.com\/kohenavocats.com\/wp-content\/uploads\/2024\/08\/louis-paulin-hoyM4lFB8S0-unsplash.webp?resize=1400%2C800&ssl=1 4x"},"classes":[]},{"id":615813,"url":"https:\/\/kohenavocats.com\/en\/cour-dappel-de-paris-le-3-juillet-2024-n25-02086\/","url_meta":{"origin":655086,"position":3},"title":"Cour d&#8217;appel de Paris, le 3 juillet 2024, n\u00b025\/02086","author":"Kohen","date":"20 April 2026","format":false,"excerpt":"Cour d\u2019appel de Paris, arr\u00eat du 3 juillet 2024. Un salari\u00e9 retrait\u00e9 r\u00e9clamait le paiement de commissions contractuelles apr\u00e8s la cessation de leur versement....","rel":"","context":"In &quot;Jurisprudence&quot;","block_context":{"text":"Jurisprudence","link":"https:\/\/kohenavocats.com\/category\/jurisprudence\/"},"img":{"alt_text":"","src":"https:\/\/i0.wp.com\/kohenavocats.com\/wp-content\/uploads\/2024\/11\/ayush-kumar-lRZ-KmsecQ-unsplash.webp?resize=350%2C200&ssl=1","width":350,"height":200,"srcset":"https:\/\/i0.wp.com\/kohenavocats.com\/wp-content\/uploads\/2024\/11\/ayush-kumar-lRZ-KmsecQ-unsplash.webp?resize=350%2C200&ssl=1 1x, https:\/\/i0.wp.com\/kohenavocats.com\/wp-content\/uploads\/2024\/11\/ayush-kumar-lRZ-KmsecQ-unsplash.webp?resize=525%2C300&ssl=1 1.5x, https:\/\/i0.wp.com\/kohenavocats.com\/wp-content\/uploads\/2024\/11\/ayush-kumar-lRZ-KmsecQ-unsplash.webp?resize=700%2C400&ssl=1 2x, https:\/\/i0.wp.com\/kohenavocats.com\/wp-content\/uploads\/2024\/11\/ayush-kumar-lRZ-KmsecQ-unsplash.webp?resize=1050%2C600&ssl=1 3x, https:\/\/i0.wp.com\/kohenavocats.com\/wp-content\/uploads\/2024\/11\/ayush-kumar-lRZ-KmsecQ-unsplash.webp?resize=1400%2C800&ssl=1 4x"},"classes":[]},{"id":684470,"url":"https:\/\/kohenavocats.com\/en\/cour-dappel-de-paris-le-3-juillet-2025-n25-00308\/","url_meta":{"origin":655086,"position":4},"title":"Cour d&#8217;appel de Paris, le 3 juillet 2025, n\u00b025\/00308","author":"Kohen","date":"25 April 2026","format":false,"excerpt":"Par un arr\u00eat de la Cour d'appel de Paris du 3 juillet 2025, la chambre 5-5 rectifie une erreur mat\u00e9rielle touchant la date d'un arr\u00eat ant\u00e9rieur. L'arr\u00eat du 8...","rel":"","context":"In &quot;Jurisprudence&quot;","block_context":{"text":"Jurisprudence","link":"https:\/\/kohenavocats.com\/category\/jurisprudence\/"},"img":{"alt_text":"","src":"https:\/\/i0.wp.com\/kohenavocats.com\/wp-content\/uploads\/2024\/11\/laura-adai-7irj5rVew44-unsplash.webp?resize=350%2C200&ssl=1","width":350,"height":200,"srcset":"https:\/\/i0.wp.com\/kohenavocats.com\/wp-content\/uploads\/2024\/11\/laura-adai-7irj5rVew44-unsplash.webp?resize=350%2C200&ssl=1 1x, https:\/\/i0.wp.com\/kohenavocats.com\/wp-content\/uploads\/2024\/11\/laura-adai-7irj5rVew44-unsplash.webp?resize=525%2C300&ssl=1 1.5x, https:\/\/i0.wp.com\/kohenavocats.com\/wp-content\/uploads\/2024\/11\/laura-adai-7irj5rVew44-unsplash.webp?resize=700%2C400&ssl=1 2x, https:\/\/i0.wp.com\/kohenavocats.com\/wp-content\/uploads\/2024\/11\/laura-adai-7irj5rVew44-unsplash.webp?resize=1050%2C600&ssl=1 3x, https:\/\/i0.wp.com\/kohenavocats.com\/wp-content\/uploads\/2024\/11\/laura-adai-7irj5rVew44-unsplash.webp?resize=1400%2C800&ssl=1 4x"},"classes":[]},{"id":293961,"url":"https:\/\/kohenavocats.com\/en\/tribunal-judiciaire-de-paris-le-7-juillet-2025-n23-04021\/","url_meta":{"origin":655086,"position":5},"title":"Tribunal judiciaire de Paris, le 7 juillet 2025, n\u00b023\/04021","author":"Kohen","date":"27 January 2026","format":false,"excerpt":"Le Tribunal judiciaire de Paris, dans un jugement du 7 juillet 2025, rejette l\u2019int\u00e9gralit\u00e9 des demandes d\u2019un cod\u00e9biteur solidaire condamn\u00e9 p\u00e9nalement. Ce dernier contestait la cr\u00e9ance fiscale recouvr\u00e9e \u00e0 son encontre et invoquait divers vices de proc\u00e9dure. Les juges estiment que ses pr\u00e9tentions se heurtent \u00e0 l\u2019autorit\u00e9 de la chose\u2026","rel":"","context":"In &quot;D\u00e9cisions juridiques&quot;","block_context":{"text":"D\u00e9cisions juridiques","link":"https:\/\/kohenavocats.com\/category\/decisions-juridiques\/"},"img":{"alt_text":"","src":"https:\/\/i0.wp.com\/kohenavocats.com\/wp-content\/uploads\/2024\/08\/alexey-larionov-D2hRgjgmB8Y-unsplash.webp?resize=350%2C200&ssl=1","width":350,"height":200,"srcset":"https:\/\/i0.wp.com\/kohenavocats.com\/wp-content\/uploads\/2024\/08\/alexey-larionov-D2hRgjgmB8Y-unsplash.webp?resize=350%2C200&ssl=1 1x, https:\/\/i0.wp.com\/kohenavocats.com\/wp-content\/uploads\/2024\/08\/alexey-larionov-D2hRgjgmB8Y-unsplash.webp?resize=525%2C300&ssl=1 1.5x, https:\/\/i0.wp.com\/kohenavocats.com\/wp-content\/uploads\/2024\/08\/alexey-larionov-D2hRgjgmB8Y-unsplash.webp?resize=700%2C400&ssl=1 2x, https:\/\/i0.wp.com\/kohenavocats.com\/wp-content\/uploads\/2024\/08\/alexey-larionov-D2hRgjgmB8Y-unsplash.webp?resize=1050%2C600&ssl=1 3x, https:\/\/i0.wp.com\/kohenavocats.com\/wp-content\/uploads\/2024\/08\/alexey-larionov-D2hRgjgmB8Y-unsplash.webp?resize=1400%2C800&ssl=1 4x"},"classes":[]}],"jetpack_sharing_enabled":true,"_links":{"self":[{"href":"https:\/\/kohenavocats.com\/en\/wp-json\/wp\/v2\/posts\/655086","targetHints":{"allow":["GET"]}}],"collection":[{"href":"https:\/\/kohenavocats.com\/en\/wp-json\/wp\/v2\/posts"}],"about":[{"href":"https:\/\/kohenavocats.com\/en\/wp-json\/wp\/v2\/types\/post"}],"author":[{"embeddable":true,"href":"https:\/\/kohenavocats.com\/en\/wp-json\/wp\/v2\/users\/232070755"}],"replies":[{"embeddable":true,"href":"https:\/\/kohenavocats.com\/en\/wp-json\/wp\/v2\/comments?post=655086"}],"version-history":[{"count":0,"href":"https:\/\/kohenavocats.com\/en\/wp-json\/wp\/v2\/posts\/655086\/revisions"}],"wp:featuredmedia":[{"embeddable":true,"href":"https:\/\/kohenavocats.com\/en\/wp-json\/wp\/v2\/media\/4663"}],"wp:attachment":[{"href":"https:\/\/kohenavocats.com\/en\/wp-json\/wp\/v2\/media?parent=655086"}],"wp:term":[{"taxonomy":"category","embeddable":true,"href":"https:\/\/kohenavocats.com\/en\/wp-json\/wp\/v2\/categories?post=655086"},{"taxonomy":"post_tag","embeddable":true,"href":"https:\/\/kohenavocats.com\/en\/wp-json\/wp\/v2\/tags?post=655086"}],"curies":[{"name":"wp","href":"https:\/\/api.w.org\/{rel}","templated":true}]}}