{"id":656162,"date":"2026-04-23T06:55:08","date_gmt":"2026-04-23T04:55:08","guid":{"rendered":"https:\/\/kohenavocats.com\/tribunal-judiciaire-de-nice-le-30-septembre-2025-n23-03287\/"},"modified":"2026-04-23T06:55:08","modified_gmt":"2026-04-23T04:55:08","slug":"tribunal-judiciaire-de-nice-le-30-septembre-2025-n23-03287","status":"publish","type":"post","link":"https:\/\/kohenavocats.com\/en\/tribunal-judiciaire-de-nice-le-30-septembre-2025-n23-03287\/","title":{"rendered":"Tribunal judiciaire de Nice, le 30 septembre 2025, n\u00b023\/03287"},"content":{"rendered":"<div class=\"article-content\">\n<p>Le tribunal judiciaire de Nice, le 30 septembre 2025, autorise des copropri\u00e9taires \u00e0 remplacer une devanture commerciale. L&#8217;assembl\u00e9e g\u00e9n\u00e9rale avait refus\u00e9 ces travaux affectant l&#8217;aspect ext\u00e9rieur. Le juge examine la nature privative de l&#8217;ouvrage et l&#8217;absence d&#8217;atteinte aux droits des autres copropri\u00e9taires. Il accorde finalement l&#8217;autorisation judiciaire pr\u00e9vue par la loi.<\/p>\n<p>La qualification privative de la devanture litigieuse<\/p>\n<p>La d\u00e9termination de la nature des parties affect\u00e9es est primordiale. Le tribunal analyse les stipulations du r\u00e8glement de copropri\u00e9t\u00e9 pour trancher cette question pr\u00e9alable. Il distingue les \u00e9l\u00e9ments constitutifs de la fa\u00e7ade selon leur affectation et leur description r\u00e9glementaire.<\/p>\n<p>Le r\u00e8glement d\u00e9signe comme parties communes &#8220;les gros murs de fa\u00e7ade&#8221; et &#8220;les ornements des fa\u00e7ades&#8221;. L&#8217;ensemble h\u00e9t\u00e9rog\u00e8ne compos\u00e9 d&#8217;une baie en briques de verre et d&#8217;une baie vitr\u00e9e assure la cl\u00f4ture sur rue du lot commercial. &#8220;Cet ensemble h\u00e9t\u00e9rog\u00e8ne est \u00e0 l\u2019usage exclusif du lot commercial, dont il assure la cl\u00f4ture sur rue ainsi que l\u2019\u00e9clairage, et est donc privatif.&#8221; (Motifs) Il ne peut \u00eatre assimil\u00e9 aux \u00e9l\u00e9ments communs list\u00e9s par le r\u00e8glement.<\/p>\n<p>La destination exclusive au profit d&#8217;un lot unique fonde ainsi la qualification privative. Cette analyse restrictive des parties communes permet de valider la proc\u00e9dure de l&#8217;article 25 b. La nature des ouvrages conditionne ensuite le r\u00e9gime juridique applicable \u00e0 leur modification.<\/p>\n<p>L&#8217;appr\u00e9ciation du pouvoir d&#8217;autorisation du juge<\/p>\n<p>Le tribunal exerce son contr\u00f4le sur les conditions l\u00e9gales de substitution au refus de l&#8217;assembl\u00e9e. Il v\u00e9rifie la conformit\u00e9 des travaux \u00e0 la destination de l&#8217;immeuble et l&#8217;absence d&#8217;atteinte aux droits des autres copropri\u00e9taires. Le juge dispose d&#8217;un pouvoir d&#8217;appr\u00e9ciation encadr\u00e9 par la loi.<\/p>\n<p>Le projet doit constituer une am\u00e9lioration et respecter les droits de la collectivit\u00e9. &#8220;Le tribunal ne peut refuser d\u2019autoriser les travaux que s\u2019ils sont contraires \u00e0 la destination de l\u2019immeuble ou s\u2019ils portent atteinte aux droits des autres copropri\u00e9taires.&#8221; (Motifs) Cette reprise de la jurisprudence guide l&#8217;examen au fond. Les travaux remplacent un ensemble v\u00e9tuste et instable par une baie unique.<\/p>\n<p>Ils repr\u00e9sentent une am\u00e9lioration esth\u00e9tique et s\u00e9curitaire conforme \u00e0 la destination mixte de l&#8217;immeuble. &#8220;Le remplacement de la baie en pav\u00e9s de verre et de la baie vitr\u00e9e [&#8230;] repr\u00e9sente incontestablement une am\u00e9lioration au sens de l&#8217;article 30.&#8221; (Motifs) L&#8217;obtention des autorisations urbaines et l&#8217;absence d&#8217;emprise sur les parties communes l\u00e8vent les derniers obstacles.<\/p>\n<p>Cette d\u00e9cision rappelle la primaut\u00e9 du crit\u00e8re de l&#8217;atteinte aux droits des autres copropri\u00e9taires. Elle pr\u00e9cise \u00e9galement l&#8217;analyse de la nature privative des \u00e9l\u00e9ments de fa\u00e7ade. Le juge op\u00e8re une conciliation entre l&#8217;int\u00e9r\u00eat individuel et l&#8217;int\u00e9r\u00eat collectif en copropri\u00e9t\u00e9.<\/p>\n<\/div>\n","protected":false},"excerpt":{"rendered":"<p>Le tribunal judiciaire de Nice, le 30 septembre 2025, autorise des copropri\u00e9taires \u00e0 remplacer une devanture commerciale. L&#8217;assembl\u00e9e g\u00e9n\u00e9rale avait refus\u00e9 c&#8230;<\/p>\n","protected":false},"author":232070755,"featured_media":4750,"comment_status":"open","ping_status":"open","sticky":false,"template":"","format":"standard","meta":{"_crdt_document":"","_jetpack_newsletter_access":"","_jetpack_dont_email_post_to_subs":false,"_jetpack_newsletter_tier_id":0,"_jetpack_memberships_contains_paywalled_content":false,"_kj_source_type":"judilibre","_kj_official_id":"68dd7247548223b2c7ab3900","_kj_official_url":"https:\/\/www.courdecassation.fr\/decision\/68dd7247548223b2c7ab3900","_kj_judilibre_id":"68dd7247548223b2c7ab3900","_kj_jur":"Tribunal judiciaire","_kj_lieu":"Tribunal judiciaire de Paris","_kj_chambre":"8\u00e8me chambre 1\u00e8re section","_kj_rg":"23\/03287","_kj_date":"2025-09-30","_jetpack_memberships_contains_paid_content":false,"footnotes":"","jetpack_post_was_ever_published":false},"categories":[7597],"tags":[],"class_list":["post-656162","post","type-post","status-publish","format-standard","has-post-thumbnail","hentry","category-jurisprudence"],"yoast_head":"<!-- This site is optimized with the Yoast SEO Premium plugin v27.5 (Yoast SEO v27.5) - https:\/\/yoast.com\/product\/yoast-seo-premium-wordpress\/ -->\n<title>Tribunal judiciaire de Nice, le 30 septembre 2025, n\u00b023\/03287 - Ma\u00eetre Hassan Kohen, avocat en droit p\u00e9nal \u00e0 Paris<\/title>\n<meta name=\"description\" content=\"Le tribunal judiciaire de Nice, le 30 septembre 2025, autorise des copropri\u00e9taires \u00e0 remplacer une devanture commerciale. L&#039;assembl\u00e9e g\u00e9n\u00e9rale avait refus\u00e9 c...\" \/>\n<meta name=\"robots\" content=\"index, follow, max-snippet:-1, max-image-preview:large, max-video-preview:-1\" \/>\n<link rel=\"canonical\" href=\"https:\/\/kohenavocats.com\/en\/tribunal-judiciaire-de-nice-le-30-septembre-2025-n23-03287\/\" \/>\n<meta property=\"og:locale\" content=\"en_US\" \/>\n<meta property=\"og:type\" content=\"article\" \/>\n<meta property=\"og:title\" content=\"Tribunal judiciaire de Nice, le 30 septembre 2025, n\u00b023\/03287\" \/>\n<meta property=\"og:description\" content=\"Le tribunal judiciaire de Nice, le 30 septembre 2025, autorise des copropri\u00e9taires \u00e0 remplacer une devanture commerciale. L&#039;assembl\u00e9e g\u00e9n\u00e9rale avait refus\u00e9 c...\" \/>\n<meta property=\"og:url\" content=\"https:\/\/kohenavocats.com\/en\/tribunal-judiciaire-de-nice-le-30-septembre-2025-n23-03287\/\" \/>\n<meta property=\"og:site_name\" content=\"Ma\u00eetre Hassan Kohen, avocat en droit p\u00e9nal \u00e0 Paris\" \/>\n<meta property=\"article:published_time\" content=\"2026-04-23T04:55:08+00:00\" \/>\n<meta property=\"og:image\" content=\"https:\/\/kohenavocats.com\/wp-content\/uploads\/2024\/08\/stephanie-leblanc-5dZBzZxISXE-unsplash.webp\" \/>\n\t<meta property=\"og:image:width\" content=\"6240\" \/>\n\t<meta property=\"og:image:height\" content=\"4160\" \/>\n\t<meta property=\"og:image:type\" content=\"image\/webp\" \/>\n<meta name=\"author\" content=\"Kohen\" \/>\n<meta name=\"twitter:card\" content=\"summary_large_image\" \/>\n<meta name=\"twitter:label1\" content=\"Written by\" \/>\n\t<meta name=\"twitter:data1\" content=\"Kohen\" \/>\n\t<meta name=\"twitter:label2\" content=\"Est. reading time\" \/>\n\t<meta name=\"twitter:data2\" content=\"2 minutes\" \/>\n<script type=\"application\/ld+json\" class=\"yoast-schema-graph\">{\"@context\":\"https:\\\/\\\/schema.org\",\"@graph\":[{\"@type\":\"Article\",\"@id\":\"https:\\\/\\\/kohenavocats.com\\\/en\\\/tribunal-judiciaire-de-nice-le-30-septembre-2025-n23-03287\\\/#article\",\"isPartOf\":{\"@id\":\"https:\\\/\\\/kohenavocats.com\\\/en\\\/tribunal-judiciaire-de-nice-le-30-septembre-2025-n23-03287\\\/\"},\"author\":{\"name\":\"Kohen\",\"@id\":\"https:\\\/\\\/kohenavocats.com\\\/en\\\/#\\\/schema\\\/person\\\/761c9ba54fa1ca84d405cef0831ff751\"},\"headline\":\"Tribunal judiciaire de Nice, le 30 septembre 2025, n\u00b023\\\/03287\",\"datePublished\":\"2026-04-23T04:55:08+00:00\",\"mainEntityOfPage\":{\"@id\":\"https:\\\/\\\/kohenavocats.com\\\/en\\\/tribunal-judiciaire-de-nice-le-30-septembre-2025-n23-03287\\\/\"},\"wordCount\":511,\"commentCount\":0,\"publisher\":{\"@id\":\"https:\\\/\\\/kohenavocats.com\\\/en\\\/#organization\"},\"image\":{\"@id\":\"https:\\\/\\\/kohenavocats.com\\\/en\\\/tribunal-judiciaire-de-nice-le-30-septembre-2025-n23-03287\\\/#primaryimage\"},\"thumbnailUrl\":\"https:\\\/\\\/kohenavocats.com\\\/wp-content\\\/uploads\\\/2024\\\/08\\\/stephanie-leblanc-5dZBzZxISXE-unsplash.webp\",\"articleSection\":[\"Jurisprudence\"],\"inLanguage\":\"en-US\",\"potentialAction\":[{\"@type\":\"CommentAction\",\"name\":\"Comment\",\"target\":[\"https:\\\/\\\/kohenavocats.com\\\/en\\\/tribunal-judiciaire-de-nice-le-30-septembre-2025-n23-03287\\\/#respond\"]}],\"citation\":\"Tribunal judiciaire de Nice, le 30 septembre 2025, n\u00b023\\\/03287\",\"about\":[{\"@type\":\"Thing\",\"name\":\"Jurisprudence\"}],\"dateModified\":\"2026-04-23T04:55:08+00:00\",\"speakable\":{\"@type\":\"SpeakableSpecification\",\"cssSelector\":[\".article-content > p:first-of-type\"]}},{\"@type\":\"WebPage\",\"@id\":\"https:\\\/\\\/kohenavocats.com\\\/en\\\/tribunal-judiciaire-de-nice-le-30-septembre-2025-n23-03287\\\/\",\"url\":\"https:\\\/\\\/kohenavocats.com\\\/en\\\/tribunal-judiciaire-de-nice-le-30-septembre-2025-n23-03287\\\/\",\"name\":\"Tribunal judiciaire de Nice, le 30 septembre 2025, n\u00b023\\\/03287 - Ma\u00eetre Hassan Kohen, avocat en droit p\u00e9nal \u00e0 Paris\",\"isPartOf\":{\"@id\":\"https:\\\/\\\/kohenavocats.com\\\/en\\\/#website\"},\"primaryImageOfPage\":{\"@id\":\"https:\\\/\\\/kohenavocats.com\\\/en\\\/tribunal-judiciaire-de-nice-le-30-septembre-2025-n23-03287\\\/#primaryimage\"},\"image\":{\"@id\":\"https:\\\/\\\/kohenavocats.com\\\/en\\\/tribunal-judiciaire-de-nice-le-30-septembre-2025-n23-03287\\\/#primaryimage\"},\"thumbnailUrl\":\"https:\\\/\\\/kohenavocats.com\\\/wp-content\\\/uploads\\\/2024\\\/08\\\/stephanie-leblanc-5dZBzZxISXE-unsplash.webp\",\"datePublished\":\"2026-04-23T04:55:08+00:00\",\"description\":\"Le tribunal judiciaire de Nice, le 30 septembre 2025, autorise des copropri\u00e9taires \u00e0 remplacer une devanture commerciale. L'assembl\u00e9e g\u00e9n\u00e9rale avait refus\u00e9 c...\",\"breadcrumb\":{\"@id\":\"https:\\\/\\\/kohenavocats.com\\\/en\\\/tribunal-judiciaire-de-nice-le-30-septembre-2025-n23-03287\\\/#breadcrumb\"},\"inLanguage\":\"en-US\",\"potentialAction\":[{\"@type\":\"ReadAction\",\"target\":[\"https:\\\/\\\/kohenavocats.com\\\/en\\\/tribunal-judiciaire-de-nice-le-30-septembre-2025-n23-03287\\\/\"]}]},{\"@type\":\"ImageObject\",\"inLanguage\":\"en-US\",\"@id\":\"https:\\\/\\\/kohenavocats.com\\\/en\\\/tribunal-judiciaire-de-nice-le-30-septembre-2025-n23-03287\\\/#primaryimage\",\"url\":\"https:\\\/\\\/kohenavocats.com\\\/wp-content\\\/uploads\\\/2024\\\/08\\\/stephanie-leblanc-5dZBzZxISXE-unsplash.webp\",\"contentUrl\":\"https:\\\/\\\/kohenavocats.com\\\/wp-content\\\/uploads\\\/2024\\\/08\\\/stephanie-leblanc-5dZBzZxISXE-unsplash.webp\",\"width\":6240,\"height\":4160},{\"@type\":\"BreadcrumbList\",\"@id\":\"https:\\\/\\\/kohenavocats.com\\\/en\\\/tribunal-judiciaire-de-nice-le-30-septembre-2025-n23-03287\\\/#breadcrumb\",\"itemListElement\":[{\"@type\":\"ListItem\",\"position\":1,\"name\":\"Home\",\"item\":\"https:\\\/\\\/kohenavocats.com\\\/en\\\/criminal-law-attorneys-in-paris-counsel-and-strategic-defense\\\/\"},{\"@type\":\"ListItem\",\"position\":2,\"name\":\"Tribunal judiciaire de Nice, le 30 septembre 2025, n\u00b023\\\/03287\"}]},{\"@type\":\"WebSite\",\"@id\":\"https:\\\/\\\/kohenavocats.com\\\/en\\\/#website\",\"url\":\"https:\\\/\\\/kohenavocats.com\\\/en\\\/\",\"name\":\"Kohen Avocats\",\"description\":\"Ma\u00eetre Hassan Kohen, avocat p\u00e9naliste \u00e0 Paris, intervient exclusivement en droit p\u00e9nal pour la d\u00e9fense des particuliers, notamment en mati\u00e8re d\u2019accusations de viol. Il assure un accompagnement rigoureux d\u00e8s la garde \u00e0 vue jusqu\u2019\u00e0 la Cour d\u2019assises, veillant au strict respect des garanties proc\u00e9durales.\",\"publisher\":{\"@id\":\"https:\\\/\\\/kohenavocats.com\\\/en\\\/#organization\"},\"potentialAction\":[{\"@type\":\"SearchAction\",\"target\":{\"@type\":\"EntryPoint\",\"urlTemplate\":\"https:\\\/\\\/kohenavocats.com\\\/en\\\/?s={search_term_string}\"},\"query-input\":{\"@type\":\"PropertyValueSpecification\",\"valueRequired\":true,\"valueName\":\"search_term_string\"}}],\"inLanguage\":\"en-US\"},{\"@type\":\"Organization\",\"@id\":\"https:\\\/\\\/kohenavocats.com\\\/en\\\/#organization\",\"name\":\"Kohen Avocats\",\"url\":\"https:\\\/\\\/kohenavocats.com\\\/en\\\/\",\"logo\":{\"@type\":\"ImageObject\",\"inLanguage\":\"en-US\",\"@id\":\"https:\\\/\\\/kohenavocats.com\\\/en\\\/#\\\/schema\\\/logo\\\/image\\\/\",\"url\":\"https:\\\/\\\/kohenavocats.com\\\/wp-content\\\/uploads\\\/2026\\\/01\\\/Logo-2-1.webp\",\"contentUrl\":\"https:\\\/\\\/kohenavocats.com\\\/wp-content\\\/uploads\\\/2026\\\/01\\\/Logo-2-1.webp\",\"width\":2114,\"height\":1253,\"caption\":\"Kohen Avocats\"},\"image\":{\"@id\":\"https:\\\/\\\/kohenavocats.com\\\/en\\\/#\\\/schema\\\/logo\\\/image\\\/\"}},{\"@type\":\"Person\",\"@id\":\"https:\\\/\\\/kohenavocats.com\\\/en\\\/#\\\/schema\\\/person\\\/761c9ba54fa1ca84d405cef0831ff751\",\"name\":\"Kohen\",\"image\":{\"@type\":\"ImageObject\",\"inLanguage\":\"en-US\",\"@id\":\"https:\\\/\\\/secure.gravatar.com\\\/avatar\\\/1c5e76ef76bbbfdd2b4da984e2bf2fa4056fd51a27d25ce2c332047f1dfd6e00?s=96&d=identicon&r=g\",\"url\":\"https:\\\/\\\/secure.gravatar.com\\\/avatar\\\/1c5e76ef76bbbfdd2b4da984e2bf2fa4056fd51a27d25ce2c332047f1dfd6e00?s=96&d=identicon&r=g\",\"contentUrl\":\"https:\\\/\\\/secure.gravatar.com\\\/avatar\\\/1c5e76ef76bbbfdd2b4da984e2bf2fa4056fd51a27d25ce2c332047f1dfd6e00?s=96&d=identicon&r=g\",\"caption\":\"Kohen\"},\"sameAs\":[\"https:\\\/\\\/www.linkedin.com\\\/in\\\/hassan-kohen-448548192\\\/\",\"https:\\\/\\\/www.youtube.com\\\/@Kohen-Avocats\"],\"url\":\"https:\\\/\\\/kohenavocats.com\\\/en\\\/author\\\/kohenmlk\\\/\"}]}<\/script>\n<!-- \/ Yoast SEO Premium plugin. -->","yoast_head_json":{"title":"Tribunal judiciaire de Nice, le 30 septembre 2025, n\u00b023\/03287 - Ma\u00eetre Hassan Kohen, avocat en droit p\u00e9nal \u00e0 Paris","description":"Le tribunal judiciaire de Nice, le 30 septembre 2025, autorise des copropri\u00e9taires \u00e0 remplacer une devanture commerciale. L'assembl\u00e9e g\u00e9n\u00e9rale avait refus\u00e9 c...","robots":{"index":"index","follow":"follow","max-snippet":"max-snippet:-1","max-image-preview":"max-image-preview:large","max-video-preview":"max-video-preview:-1"},"canonical":"https:\/\/kohenavocats.com\/en\/tribunal-judiciaire-de-nice-le-30-septembre-2025-n23-03287\/","og_locale":"en_US","og_type":"article","og_title":"Tribunal judiciaire de Nice, le 30 septembre 2025, n\u00b023\/03287","og_description":"Le tribunal judiciaire de Nice, le 30 septembre 2025, autorise des copropri\u00e9taires \u00e0 remplacer une devanture commerciale. L'assembl\u00e9e g\u00e9n\u00e9rale avait refus\u00e9 c...","og_url":"https:\/\/kohenavocats.com\/en\/tribunal-judiciaire-de-nice-le-30-septembre-2025-n23-03287\/","og_site_name":"Ma\u00eetre Hassan Kohen, avocat en droit p\u00e9nal \u00e0 Paris","article_published_time":"2026-04-23T04:55:08+00:00","og_image":[{"width":6240,"height":4160,"url":"https:\/\/kohenavocats.com\/wp-content\/uploads\/2024\/08\/stephanie-leblanc-5dZBzZxISXE-unsplash.webp","type":"image\/webp"}],"author":"Kohen","twitter_card":"summary_large_image","twitter_misc":{"Written by":"Kohen","Est. reading time":"2 minutes"},"schema":{"@context":"https:\/\/schema.org","@graph":[{"@type":"Article","@id":"https:\/\/kohenavocats.com\/en\/tribunal-judiciaire-de-nice-le-30-septembre-2025-n23-03287\/#article","isPartOf":{"@id":"https:\/\/kohenavocats.com\/en\/tribunal-judiciaire-de-nice-le-30-septembre-2025-n23-03287\/"},"author":{"name":"Kohen","@id":"https:\/\/kohenavocats.com\/en\/#\/schema\/person\/761c9ba54fa1ca84d405cef0831ff751"},"headline":"Tribunal judiciaire de Nice, le 30 septembre 2025, n\u00b023\/03287","datePublished":"2026-04-23T04:55:08+00:00","mainEntityOfPage":{"@id":"https:\/\/kohenavocats.com\/en\/tribunal-judiciaire-de-nice-le-30-septembre-2025-n23-03287\/"},"wordCount":511,"commentCount":0,"publisher":{"@id":"https:\/\/kohenavocats.com\/en\/#organization"},"image":{"@id":"https:\/\/kohenavocats.com\/en\/tribunal-judiciaire-de-nice-le-30-septembre-2025-n23-03287\/#primaryimage"},"thumbnailUrl":"https:\/\/kohenavocats.com\/wp-content\/uploads\/2024\/08\/stephanie-leblanc-5dZBzZxISXE-unsplash.webp","articleSection":["Jurisprudence"],"inLanguage":"en-US","potentialAction":[{"@type":"CommentAction","name":"Comment","target":["https:\/\/kohenavocats.com\/en\/tribunal-judiciaire-de-nice-le-30-septembre-2025-n23-03287\/#respond"]}],"citation":"Tribunal judiciaire de Nice, le 30 septembre 2025, n\u00b023\/03287","about":[{"@type":"Thing","name":"Jurisprudence"}],"dateModified":"2026-04-23T04:55:08+00:00","speakable":{"@type":"SpeakableSpecification","cssSelector":[".article-content > p:first-of-type"]}},{"@type":"WebPage","@id":"https:\/\/kohenavocats.com\/en\/tribunal-judiciaire-de-nice-le-30-septembre-2025-n23-03287\/","url":"https:\/\/kohenavocats.com\/en\/tribunal-judiciaire-de-nice-le-30-septembre-2025-n23-03287\/","name":"Tribunal judiciaire de Nice, le 30 septembre 2025, n\u00b023\/03287 - Ma\u00eetre Hassan Kohen, avocat en droit p\u00e9nal \u00e0 Paris","isPartOf":{"@id":"https:\/\/kohenavocats.com\/en\/#website"},"primaryImageOfPage":{"@id":"https:\/\/kohenavocats.com\/en\/tribunal-judiciaire-de-nice-le-30-septembre-2025-n23-03287\/#primaryimage"},"image":{"@id":"https:\/\/kohenavocats.com\/en\/tribunal-judiciaire-de-nice-le-30-septembre-2025-n23-03287\/#primaryimage"},"thumbnailUrl":"https:\/\/kohenavocats.com\/wp-content\/uploads\/2024\/08\/stephanie-leblanc-5dZBzZxISXE-unsplash.webp","datePublished":"2026-04-23T04:55:08+00:00","description":"Le tribunal judiciaire de Nice, le 30 septembre 2025, autorise des copropri\u00e9taires \u00e0 remplacer une devanture commerciale. L'assembl\u00e9e g\u00e9n\u00e9rale avait refus\u00e9 c...","breadcrumb":{"@id":"https:\/\/kohenavocats.com\/en\/tribunal-judiciaire-de-nice-le-30-septembre-2025-n23-03287\/#breadcrumb"},"inLanguage":"en-US","potentialAction":[{"@type":"ReadAction","target":["https:\/\/kohenavocats.com\/en\/tribunal-judiciaire-de-nice-le-30-septembre-2025-n23-03287\/"]}]},{"@type":"ImageObject","inLanguage":"en-US","@id":"https:\/\/kohenavocats.com\/en\/tribunal-judiciaire-de-nice-le-30-septembre-2025-n23-03287\/#primaryimage","url":"https:\/\/kohenavocats.com\/wp-content\/uploads\/2024\/08\/stephanie-leblanc-5dZBzZxISXE-unsplash.webp","contentUrl":"https:\/\/kohenavocats.com\/wp-content\/uploads\/2024\/08\/stephanie-leblanc-5dZBzZxISXE-unsplash.webp","width":6240,"height":4160},{"@type":"BreadcrumbList","@id":"https:\/\/kohenavocats.com\/en\/tribunal-judiciaire-de-nice-le-30-septembre-2025-n23-03287\/#breadcrumb","itemListElement":[{"@type":"ListItem","position":1,"name":"Home","item":"https:\/\/kohenavocats.com\/en\/criminal-law-attorneys-in-paris-counsel-and-strategic-defense\/"},{"@type":"ListItem","position":2,"name":"Tribunal judiciaire de Nice, le 30 septembre 2025, n\u00b023\/03287"}]},{"@type":"WebSite","@id":"https:\/\/kohenavocats.com\/en\/#website","url":"https:\/\/kohenavocats.com\/en\/","name":"Kohen Avocats","description":"Ma\u00eetre Hassan Kohen, avocat p\u00e9naliste \u00e0 Paris, intervient exclusivement en droit p\u00e9nal pour la d\u00e9fense des particuliers, notamment en mati\u00e8re d\u2019accusations de viol. Il assure un accompagnement rigoureux d\u00e8s la garde \u00e0 vue jusqu\u2019\u00e0 la Cour d\u2019assises, veillant au strict respect des garanties proc\u00e9durales.","publisher":{"@id":"https:\/\/kohenavocats.com\/en\/#organization"},"potentialAction":[{"@type":"SearchAction","target":{"@type":"EntryPoint","urlTemplate":"https:\/\/kohenavocats.com\/en\/?s={search_term_string}"},"query-input":{"@type":"PropertyValueSpecification","valueRequired":true,"valueName":"search_term_string"}}],"inLanguage":"en-US"},{"@type":"Organization","@id":"https:\/\/kohenavocats.com\/en\/#organization","name":"Kohen Avocats","url":"https:\/\/kohenavocats.com\/en\/","logo":{"@type":"ImageObject","inLanguage":"en-US","@id":"https:\/\/kohenavocats.com\/en\/#\/schema\/logo\/image\/","url":"https:\/\/kohenavocats.com\/wp-content\/uploads\/2026\/01\/Logo-2-1.webp","contentUrl":"https:\/\/kohenavocats.com\/wp-content\/uploads\/2026\/01\/Logo-2-1.webp","width":2114,"height":1253,"caption":"Kohen Avocats"},"image":{"@id":"https:\/\/kohenavocats.com\/en\/#\/schema\/logo\/image\/"}},{"@type":"Person","@id":"https:\/\/kohenavocats.com\/en\/#\/schema\/person\/761c9ba54fa1ca84d405cef0831ff751","name":"Kohen","image":{"@type":"ImageObject","inLanguage":"en-US","@id":"https:\/\/secure.gravatar.com\/avatar\/1c5e76ef76bbbfdd2b4da984e2bf2fa4056fd51a27d25ce2c332047f1dfd6e00?s=96&d=identicon&r=g","url":"https:\/\/secure.gravatar.com\/avatar\/1c5e76ef76bbbfdd2b4da984e2bf2fa4056fd51a27d25ce2c332047f1dfd6e00?s=96&d=identicon&r=g","contentUrl":"https:\/\/secure.gravatar.com\/avatar\/1c5e76ef76bbbfdd2b4da984e2bf2fa4056fd51a27d25ce2c332047f1dfd6e00?s=96&d=identicon&r=g","caption":"Kohen"},"sameAs":["https:\/\/www.linkedin.com\/in\/hassan-kohen-448548192\/","https:\/\/www.youtube.com\/@Kohen-Avocats"],"url":"https:\/\/kohenavocats.com\/en\/author\/kohenmlk\/"}]}},"jetpack_featured_media_url":"https:\/\/kohenavocats.com\/wp-content\/uploads\/2024\/08\/stephanie-leblanc-5dZBzZxISXE-unsplash.webp","jetpack_likes_enabled":false,"jetpack_shortlink":"https:\/\/wp.me\/peCrII-2KHg","jetpack-related-posts":[{"id":539652,"url":"https:\/\/kohenavocats.com\/en\/tribunal-judiciaire-de-paris-le-30-septembre-2025-n23-03287\/","url_meta":{"origin":656162,"position":0},"title":"Tribunal judiciaire de Paris, le 30 septembre 2025, n\u00b023\/03287","author":"Kohen","date":"9 April 2026","format":false,"excerpt":"Le tribunal judiciaire de Nice, le 30 septembre 2025, autorise des copropri\u00e9taires \u00e0 remplacer une devanture commerciale. L'assembl\u00e9e g\u00e9n\u00e9rale avait...","rel":"","context":"In &quot;D\u00e9cisions juridiques&quot;","block_context":{"text":"D\u00e9cisions juridiques","link":"https:\/\/kohenavocats.com\/category\/decisions-juridiques\/"},"img":{"alt_text":"","src":"https:\/\/i0.wp.com\/kohenavocats.com\/wp-content\/uploads\/2024\/08\/stefan-steinbauer-HK8IoD-5zpg-unsplash.webp?resize=350%2C200&ssl=1","width":350,"height":200,"srcset":"https:\/\/i0.wp.com\/kohenavocats.com\/wp-content\/uploads\/2024\/08\/stefan-steinbauer-HK8IoD-5zpg-unsplash.webp?resize=350%2C200&ssl=1 1x, https:\/\/i0.wp.com\/kohenavocats.com\/wp-content\/uploads\/2024\/08\/stefan-steinbauer-HK8IoD-5zpg-unsplash.webp?resize=525%2C300&ssl=1 1.5x, https:\/\/i0.wp.com\/kohenavocats.com\/wp-content\/uploads\/2024\/08\/stefan-steinbauer-HK8IoD-5zpg-unsplash.webp?resize=700%2C400&ssl=1 2x, https:\/\/i0.wp.com\/kohenavocats.com\/wp-content\/uploads\/2024\/08\/stefan-steinbauer-HK8IoD-5zpg-unsplash.webp?resize=1050%2C600&ssl=1 3x, https:\/\/i0.wp.com\/kohenavocats.com\/wp-content\/uploads\/2024\/08\/stefan-steinbauer-HK8IoD-5zpg-unsplash.webp?resize=1400%2C800&ssl=1 4x"},"classes":[]},{"id":663797,"url":"https:\/\/kohenavocats.com\/en\/cour-dappel-de-paris-le-13-mars-2026-n24-20514\/","url_meta":{"origin":656162,"position":1},"title":"Cour d&#8217;appel de Paris, le 13 mars 2026, n\u00b024\/20514","author":"Kohen","date":"23 April 2026","format":false,"excerpt":"La cour d'appel de Paris, statuant le 13 mars 2026, a confirm\u00e9 une ordonnance de r\u00e9f\u00e9r\u00e9. Un restaurateur avait modifi\u00e9 sa devanture et son enseigne sans auto...","rel":"","context":"In &quot;Jurisprudence&quot;","block_context":{"text":"Jurisprudence","link":"https:\/\/kohenavocats.com\/category\/jurisprudence\/"},"img":{"alt_text":"","src":"https:\/\/i0.wp.com\/kohenavocats.com\/wp-content\/uploads\/2024\/11\/getty-images-YCdjFYsEk9Q-unsplash.webp?resize=350%2C200&ssl=1","width":350,"height":200,"srcset":"https:\/\/i0.wp.com\/kohenavocats.com\/wp-content\/uploads\/2024\/11\/getty-images-YCdjFYsEk9Q-unsplash.webp?resize=350%2C200&ssl=1 1x, https:\/\/i0.wp.com\/kohenavocats.com\/wp-content\/uploads\/2024\/11\/getty-images-YCdjFYsEk9Q-unsplash.webp?resize=525%2C300&ssl=1 1.5x, https:\/\/i0.wp.com\/kohenavocats.com\/wp-content\/uploads\/2024\/11\/getty-images-YCdjFYsEk9Q-unsplash.webp?resize=700%2C400&ssl=1 2x, https:\/\/i0.wp.com\/kohenavocats.com\/wp-content\/uploads\/2024\/11\/getty-images-YCdjFYsEk9Q-unsplash.webp?resize=1050%2C600&ssl=1 3x, https:\/\/i0.wp.com\/kohenavocats.com\/wp-content\/uploads\/2024\/11\/getty-images-YCdjFYsEk9Q-unsplash.webp?resize=1400%2C800&ssl=1 4x"},"classes":[]},{"id":684070,"url":"https:\/\/kohenavocats.com\/en\/cour-dappel-de-paris-le-19-juin-2025-n24-12789\/","url_meta":{"origin":656162,"position":2},"title":"Cour d&#8217;appel de Paris, le 19 juin 2025, n\u00b024\/12789","author":"Kohen","date":"25 April 2026","format":false,"excerpt":"Par un arr\u00eat de la Cour d'appel de Paris du 19 juin 2025, la juridiction statue en r\u00e9f\u00e9r\u00e9 sur la remise en \u00e9tat d'une devanture commerciale. Le preneur avait...","rel":"","context":"In &quot;Jurisprudence&quot;","block_context":{"text":"Jurisprudence","link":"https:\/\/kohenavocats.com\/category\/jurisprudence\/"},"img":{"alt_text":"","src":"https:\/\/i0.wp.com\/kohenavocats.com\/wp-content\/uploads\/2024\/11\/pramod-tiwari-fcMI6xvRcYE-unsplash.webp?resize=350%2C200&ssl=1","width":350,"height":200,"srcset":"https:\/\/i0.wp.com\/kohenavocats.com\/wp-content\/uploads\/2024\/11\/pramod-tiwari-fcMI6xvRcYE-unsplash.webp?resize=350%2C200&ssl=1 1x, https:\/\/i0.wp.com\/kohenavocats.com\/wp-content\/uploads\/2024\/11\/pramod-tiwari-fcMI6xvRcYE-unsplash.webp?resize=525%2C300&ssl=1 1.5x, https:\/\/i0.wp.com\/kohenavocats.com\/wp-content\/uploads\/2024\/11\/pramod-tiwari-fcMI6xvRcYE-unsplash.webp?resize=700%2C400&ssl=1 2x, https:\/\/i0.wp.com\/kohenavocats.com\/wp-content\/uploads\/2024\/11\/pramod-tiwari-fcMI6xvRcYE-unsplash.webp?resize=1050%2C600&ssl=1 3x, https:\/\/i0.wp.com\/kohenavocats.com\/wp-content\/uploads\/2024\/11\/pramod-tiwari-fcMI6xvRcYE-unsplash.webp?resize=1400%2C800&ssl=1 4x"},"classes":[]},{"id":468764,"url":"https:\/\/kohenavocats.com\/en\/caa-caa-de-paris-14-05-2025-n-24pa00053\/","url_meta":{"origin":656162,"position":3},"title":"CAA \u2013 CAA de PARIS \u2013 14\/05\/2025 \u2013 n\u00b0 24PA00053","author":"Kohen","date":"7 April 2026","format":false,"excerpt":"La Cour administrative d'appel de Paris a rendu le 14 mai 2025 une d\u00e9cision pr\u00e9cisant les formalit\u00e9s d\u2019urbanisme requises pour la modification d\u2019une...","rel":"","context":"In &quot;Juridictions administratives&quot;","block_context":{"text":"Juridictions administratives","link":"https:\/\/kohenavocats.com\/category\/juridictions-administratives\/"},"img":{"alt_text":"","src":"https:\/\/i0.wp.com\/kohenavocats.com\/wp-content\/uploads\/2024\/11\/getty-images-_oX4l6NGtI-unsplash.webp?resize=350%2C200&ssl=1","width":350,"height":200,"srcset":"https:\/\/i0.wp.com\/kohenavocats.com\/wp-content\/uploads\/2024\/11\/getty-images-_oX4l6NGtI-unsplash.webp?resize=350%2C200&ssl=1 1x, https:\/\/i0.wp.com\/kohenavocats.com\/wp-content\/uploads\/2024\/11\/getty-images-_oX4l6NGtI-unsplash.webp?resize=525%2C300&ssl=1 1.5x, https:\/\/i0.wp.com\/kohenavocats.com\/wp-content\/uploads\/2024\/11\/getty-images-_oX4l6NGtI-unsplash.webp?resize=700%2C400&ssl=1 2x, https:\/\/i0.wp.com\/kohenavocats.com\/wp-content\/uploads\/2024\/11\/getty-images-_oX4l6NGtI-unsplash.webp?resize=1050%2C600&ssl=1 3x, https:\/\/i0.wp.com\/kohenavocats.com\/wp-content\/uploads\/2024\/11\/getty-images-_oX4l6NGtI-unsplash.webp?resize=1400%2C800&ssl=1 4x"},"classes":[]},{"id":465616,"url":"https:\/\/kohenavocats.com\/en\/caa-caa-de-paris-10-07-2025-n-24pa00768\/","url_meta":{"origin":656162,"position":4},"title":"CAA \u2013 CAA de PARIS \u2013 10\/07\/2025 \u2013 n\u00b0 24PA00768","author":"Kohen","date":"7 April 2026","format":false,"excerpt":"Par un arr\u00eat en date du 10 juillet 2025, la Cour administrative d\u2019appel de Paris a pr\u00e9cis\u00e9 le r\u00e9gime d\u2019autorisation d\u2019urbanisme applicable \u00e0 des travaux...","rel":"","context":"In &quot;Juridictions administratives&quot;","block_context":{"text":"Juridictions administratives","link":"https:\/\/kohenavocats.com\/category\/juridictions-administratives\/"},"img":{"alt_text":"","src":"https:\/\/i0.wp.com\/kohenavocats.com\/wp-content\/uploads\/2024\/11\/kamran-abdullayev-KGkwMo7r-kA-unsplash.webp?resize=350%2C200&ssl=1","width":350,"height":200,"srcset":"https:\/\/i0.wp.com\/kohenavocats.com\/wp-content\/uploads\/2024\/11\/kamran-abdullayev-KGkwMo7r-kA-unsplash.webp?resize=350%2C200&ssl=1 1x, https:\/\/i0.wp.com\/kohenavocats.com\/wp-content\/uploads\/2024\/11\/kamran-abdullayev-KGkwMo7r-kA-unsplash.webp?resize=525%2C300&ssl=1 1.5x, https:\/\/i0.wp.com\/kohenavocats.com\/wp-content\/uploads\/2024\/11\/kamran-abdullayev-KGkwMo7r-kA-unsplash.webp?resize=700%2C400&ssl=1 2x, https:\/\/i0.wp.com\/kohenavocats.com\/wp-content\/uploads\/2024\/11\/kamran-abdullayev-KGkwMo7r-kA-unsplash.webp?resize=1050%2C600&ssl=1 3x, https:\/\/i0.wp.com\/kohenavocats.com\/wp-content\/uploads\/2024\/11\/kamran-abdullayev-KGkwMo7r-kA-unsplash.webp?resize=1400%2C800&ssl=1 4x"},"classes":[]},{"id":542999,"url":"https:\/\/kohenavocats.com\/en\/cour-dappel-de-paris-le-25-septembre-2025-n24-20514\/","url_meta":{"origin":656162,"position":5},"title":"Cour d&#8217;appel de Paris, le 25 septembre 2025, n\u00b024\/20514","author":"Kohen","date":"9 April 2026","format":false,"excerpt":"La cour d'appel de Paris, statuant le 13 mars 2026, a confirm\u00e9 une ordonnance de r\u00e9f\u00e9r\u00e9. Un restaurateur avait modifi\u00e9 sa devanture et son enseigne sans...","rel":"","context":"In &quot;Cour d'appel&quot;","block_context":{"text":"Cour d'appel","link":"https:\/\/kohenavocats.com\/category\/cour-dappel\/"},"img":{"alt_text":"","src":"https:\/\/i0.wp.com\/kohenavocats.com\/wp-content\/uploads\/2024\/11\/planet-volumes-ONz69eiMEV8-unsplash.webp?resize=350%2C200&ssl=1","width":350,"height":200,"srcset":"https:\/\/i0.wp.com\/kohenavocats.com\/wp-content\/uploads\/2024\/11\/planet-volumes-ONz69eiMEV8-unsplash.webp?resize=350%2C200&ssl=1 1x, https:\/\/i0.wp.com\/kohenavocats.com\/wp-content\/uploads\/2024\/11\/planet-volumes-ONz69eiMEV8-unsplash.webp?resize=525%2C300&ssl=1 1.5x, https:\/\/i0.wp.com\/kohenavocats.com\/wp-content\/uploads\/2024\/11\/planet-volumes-ONz69eiMEV8-unsplash.webp?resize=700%2C400&ssl=1 2x, https:\/\/i0.wp.com\/kohenavocats.com\/wp-content\/uploads\/2024\/11\/planet-volumes-ONz69eiMEV8-unsplash.webp?resize=1050%2C600&ssl=1 3x, https:\/\/i0.wp.com\/kohenavocats.com\/wp-content\/uploads\/2024\/11\/planet-volumes-ONz69eiMEV8-unsplash.webp?resize=1400%2C800&ssl=1 4x"},"classes":[]}],"jetpack_sharing_enabled":true,"_links":{"self":[{"href":"https:\/\/kohenavocats.com\/en\/wp-json\/wp\/v2\/posts\/656162","targetHints":{"allow":["GET"]}}],"collection":[{"href":"https:\/\/kohenavocats.com\/en\/wp-json\/wp\/v2\/posts"}],"about":[{"href":"https:\/\/kohenavocats.com\/en\/wp-json\/wp\/v2\/types\/post"}],"author":[{"embeddable":true,"href":"https:\/\/kohenavocats.com\/en\/wp-json\/wp\/v2\/users\/232070755"}],"replies":[{"embeddable":true,"href":"https:\/\/kohenavocats.com\/en\/wp-json\/wp\/v2\/comments?post=656162"}],"version-history":[{"count":0,"href":"https:\/\/kohenavocats.com\/en\/wp-json\/wp\/v2\/posts\/656162\/revisions"}],"wp:featuredmedia":[{"embeddable":true,"href":"https:\/\/kohenavocats.com\/en\/wp-json\/wp\/v2\/media\/4750"}],"wp:attachment":[{"href":"https:\/\/kohenavocats.com\/en\/wp-json\/wp\/v2\/media?parent=656162"}],"wp:term":[{"taxonomy":"category","embeddable":true,"href":"https:\/\/kohenavocats.com\/en\/wp-json\/wp\/v2\/categories?post=656162"},{"taxonomy":"post_tag","embeddable":true,"href":"https:\/\/kohenavocats.com\/en\/wp-json\/wp\/v2\/tags?post=656162"}],"curies":[{"name":"wp","href":"https:\/\/api.w.org\/{rel}","templated":true}]}}