{"id":656175,"date":"2026-04-23T06:57:20","date_gmt":"2026-04-23T04:57:20","guid":{"rendered":"https:\/\/kohenavocats.com\/tribunal-judiciaire-de-paris-le-9-octobre-2025-n23-01567\/"},"modified":"2026-04-23T06:57:20","modified_gmt":"2026-04-23T04:57:20","slug":"tribunal-judiciaire-de-paris-le-9-octobre-2025-n23-01567","status":"publish","type":"post","link":"https:\/\/kohenavocats.com\/en\/tribunal-judiciaire-de-paris-le-9-octobre-2025-n23-01567\/","title":{"rendered":"Tribunal judiciaire de Paris, le 9 octobre 2025, n\u00b023\/01567"},"content":{"rendered":"<div class=\"article-content\">\n<p>Le Tribunal judiciaire de Paris, statuant le 9 octobre 2025, a examin\u00e9 une opposition \u00e0 contrainte form\u00e9e par une soci\u00e9t\u00e9 contre l&#8217;URSSAF \u00cele-de-France. L&#8217;organisme de recouvrement r\u00e9clamait le paiement de cotisations sociales pour plusieurs mois. Le tribunal a d\u00fb se prononcer sur la recevabilit\u00e9 de l&#8217;opposition, la r\u00e9gularit\u00e9 de la proc\u00e9dure de recouvrement et le bien-fond\u00e9 des sommes r\u00e9clam\u00e9es. Il a d\u00e9clar\u00e9 l&#8217;opposition recevable mais partiellement mal fond\u00e9e, validant la contrainte pour une fraction seulement des cotisations exig\u00e9es.<\/p>\n<p>La r\u00e9gularit\u00e9 formelle de la proc\u00e9dure de recouvrement<\/p>\n<p>Le respect des d\u00e9lais et des conditions de l&#8217;opposition. Le tribunal a d&#8217;abord constat\u00e9 la recevabilit\u00e9 formelle de l&#8217;opposition. La soci\u00e9t\u00e9 l&#8217;avait form\u00e9e dans le d\u00e9lai l\u00e9gal de quinze jours suivant la notification de la contrainte. Cette v\u00e9rification est une condition pr\u00e9alable essentielle \u00e0 tout examen au fond. Elle garantit la s\u00e9curit\u00e9 juridique et le respect des droits de la d\u00e9fense dans un contentieux o\u00f9 les d\u00e9lais sont stricts. La solution applique strictement l&#8217;article R.133-3 du code de la s\u00e9curit\u00e9 sociale.<\/p>\n<p>L&#8217;exigence probatoire d&#8217;une mise en demeure r\u00e9guli\u00e8re. Le c\u0153ur du litige a port\u00e9 sur la r\u00e9gularit\u00e9 des mises en demeure pr\u00e9alables. Le tribunal a rappel\u00e9 le principe selon lequel &#8220;la contrainte doit \u00eatre pr\u00e9c\u00e9d\u00e9e d&#8217;une mise en demeure adress\u00e9e au redevable par lettre recommand\u00e9e avec demande d&#8217;avis de r\u00e9ception&#8221; (Motifs). Il a pr\u00e9cis\u00e9 que cet acte, &#8220;qui constitue une invitation imp\u00e9rative adress\u00e9e au d\u00e9biteur&#8221;, doit permettre \u00e0 l&#8217;int\u00e9ress\u00e9 de conna\u00eetre &#8220;la nature, la cause et l&#8217;\u00e9tendue de son obligation&#8221; (Motifs). La charge de la preuve de l&#8217;envoi et de la r\u00e9ception p\u00e8se sur l&#8217;organisme cr\u00e9ancier. En l&#8217;esp\u00e8ce, l&#8217;URSSAF n&#8217;a pu justifier de l&#8217;envoi des deux premi\u00e8res mises en demeure. Le tribunal a donc d\u00e9clar\u00e9 la proc\u00e9dure irr\u00e9guli\u00e8re pour les p\u00e9riodes correspondantes, suivant une jurisprudence constante. &#8220;En l\u2019esp\u00e8ce, le caisse produit la copie d\u2019une enveloppe portant le tampon de la poste du 11 avril 2024 sans \u00e9tablir qu\u2019il s\u2019agit de la mise en demeure pr\u00e9alable effectivement adress\u00e9e \u00e0 la cotisante. En cons\u00e9quence, le tribunal d\u00e9clare la contrainte n\u00b00101161726 irr\u00e9guli\u00e8re&#8221; (Tribunal judiciaire de Cr\u00e9teil, le 9 septembre 2025, n\u00b024\/00588). Seule la troisi\u00e8me mise en demeure, dont la r\u00e9ception \u00e9tait \u00e9tablie, a \u00e9t\u00e9 jug\u00e9e r\u00e9guli\u00e8re.<\/p>\n<p>Le contr\u00f4le du bien-fond\u00e9 des cr\u00e9ances sociales<\/p>\n<p>La validation partielle de la cr\u00e9ance apr\u00e8s r\u00e9gularisation proc\u00e9durale. Apr\u00e8s avoir \u00e9cart\u00e9 les irr\u00e9gularit\u00e9s, le tribunal a examin\u00e9 le fond de la cr\u00e9ance pour la seule p\u00e9riode r\u00e9guli\u00e8rement mise en demeure. Il a constat\u00e9, sur la base des \u00e9tats produits par l&#8217;URSSAF, que des cotisations restaient dues pour le mois de juillet 2023. La soci\u00e9t\u00e9 d\u00e9bitrice, quant \u00e0 elle, &#8220;ne justifie d\u2019aucun versement relatif \u00e0 cette p\u00e9riode et ne produit aucun \u00e9l\u00e9ment permettant de contredire les calculs&#8221; (Motifs). Cette asym\u00e9trie probatoire est caract\u00e9ristique du contentieux du recouvrement. Le juge valide la contrainte d\u00e8s lors que le cr\u00e9ancier apporte des \u00e9l\u00e9ments pr\u00e9cis et que le d\u00e9biteur ne les contredit pas utilement. La d\u00e9cision op\u00e8re ainsi une scission nette entre le sort proc\u00e9dural et le sort substantiel de la cr\u00e9ance.<\/p>\n<p>Les cons\u00e9quences financi\u00e8res de la d\u00e9cision et son ex\u00e9cution. Le tribunal a r\u00e9duit le montant de la contrainte valid\u00e9e aux seules sommes dues pour la p\u00e9riode de juillet 2023, soit 2 499 euros. Il a \u00e9galement condamn\u00e9 la soci\u00e9t\u00e9 aux frais de signification de la contrainte et aux d\u00e9pens, conform\u00e9ment aux textes applicables. Enfin, il a rappel\u00e9 le principe de l&#8217;ex\u00e9cution provisoire de droit, en vertu de l&#8217;article R.133-3 du code de la s\u00e9curit\u00e9 sociale. Cette mesure assure l&#8217;efficacit\u00e9 du recouvrement des cotisations sociales, d\u00fbes \u00e0 un organisme public, malgr\u00e9 la possibilit\u00e9 d&#8217;un appel. La port\u00e9e de l&#8217;arr\u00eat est double. Elle r\u00e9affirme avec rigueur les conditions de forme du recouvrement forc\u00e9, prot\u00e9geant ainsi les droits du redevable. Dans le m\u00eame temps, elle garantit l&#8217;efficacit\u00e9 de l&#8217;action de l&#8217;URSSAF pour le recouvrement des sommes incontest\u00e9es et r\u00e9guli\u00e8rement r\u00e9clam\u00e9es.<\/p>\n<\/div>\n","protected":false},"excerpt":{"rendered":"<p>Le Tribunal judiciaire de Paris, statuant le 9 octobre 2025, a examin\u00e9 une opposition \u00e0 contrainte form\u00e9e par une soci\u00e9t\u00e9 contre l&#8217;URSSAF \u00cele-de-France. L&#8217;or&#8230;<\/p>\n","protected":false},"author":232070755,"featured_media":3919,"comment_status":"open","ping_status":"open","sticky":false,"template":"","format":"standard","meta":{"_crdt_document":"","_jetpack_newsletter_access":"","_jetpack_dont_email_post_to_subs":false,"_jetpack_newsletter_tier_id":0,"_jetpack_memberships_contains_paywalled_content":false,"_kj_source_type":"judilibre","_kj_official_id":"68dc256eb3454b98788c6fde","_kj_official_url":"https:\/\/www.courdecassation.fr\/decision\/68dc256eb3454b98788c6fde","_kj_judilibre_id":"68dc256eb3454b98788c6fde","_kj_jur":"Tribunal judiciaire","_kj_lieu":"Tribunal judiciaire de Versailles","_kj_chambre":"CTX PROTECTION SOCIALE","_kj_rg":"23\/01567","_kj_date":"2025-09-30","_jetpack_memberships_contains_paid_content":false,"footnotes":"","jetpack_post_was_ever_published":false},"categories":[7597],"tags":[],"class_list":["post-656175","post","type-post","status-publish","format-standard","has-post-thumbnail","hentry","category-jurisprudence"],"yoast_head":"<!-- This site is optimized with the Yoast SEO Premium plugin v27.5 (Yoast SEO v27.5) - https:\/\/yoast.com\/product\/yoast-seo-premium-wordpress\/ -->\n<title>Tribunal judiciaire de Paris, le 9 octobre 2025, n\u00b023\/01567 - Ma\u00eetre Hassan Kohen, avocat en droit p\u00e9nal \u00e0 Paris<\/title>\n<meta name=\"description\" content=\"Le Tribunal judiciaire de Paris, statuant le 9 octobre 2025, a examin\u00e9 une opposition \u00e0 contrainte form\u00e9e par une soci\u00e9t\u00e9 contre l&#039;URSSAF \u00cele-de-France. L&#039;or...\" \/>\n<meta name=\"robots\" content=\"index, follow, max-snippet:-1, max-image-preview:large, max-video-preview:-1\" \/>\n<link rel=\"canonical\" href=\"https:\/\/kohenavocats.com\/en\/tribunal-judiciaire-de-paris-le-9-octobre-2025-n23-01567\/\" \/>\n<meta property=\"og:locale\" content=\"en_US\" \/>\n<meta property=\"og:type\" content=\"article\" \/>\n<meta property=\"og:title\" content=\"Tribunal judiciaire de Paris, le 9 octobre 2025, n\u00b023\/01567\" \/>\n<meta property=\"og:description\" content=\"Le Tribunal judiciaire de Paris, statuant le 9 octobre 2025, a examin\u00e9 une opposition \u00e0 contrainte form\u00e9e par une soci\u00e9t\u00e9 contre l&#039;URSSAF \u00cele-de-France. L&#039;or...\" \/>\n<meta property=\"og:url\" content=\"https:\/\/kohenavocats.com\/en\/tribunal-judiciaire-de-paris-le-9-octobre-2025-n23-01567\/\" \/>\n<meta property=\"og:site_name\" content=\"Ma\u00eetre Hassan Kohen, avocat en droit p\u00e9nal \u00e0 Paris\" \/>\n<meta property=\"article:published_time\" content=\"2026-04-23T04:57:20+00:00\" \/>\n<meta property=\"og:image\" content=\"https:\/\/kohenavocats.com\/wp-content\/uploads\/2024\/07\/valdemaras-d-7VPFyhB_j8Y-unsplash.webp\" \/>\n\t<meta property=\"og:image:width\" content=\"4000\" \/>\n\t<meta property=\"og:image:height\" content=\"2536\" \/>\n\t<meta property=\"og:image:type\" content=\"image\/webp\" \/>\n<meta name=\"author\" content=\"Kohen\" \/>\n<meta name=\"twitter:card\" content=\"summary_large_image\" \/>\n<meta name=\"twitter:label1\" content=\"Written by\" \/>\n\t<meta name=\"twitter:data1\" content=\"Kohen\" \/>\n\t<meta name=\"twitter:label2\" content=\"Est. reading time\" \/>\n\t<meta name=\"twitter:data2\" content=\"4 minutes\" \/>\n<script type=\"application\/ld+json\" class=\"yoast-schema-graph\">{\"@context\":\"https:\\\/\\\/schema.org\",\"@graph\":[{\"@type\":\"Article\",\"@id\":\"https:\\\/\\\/kohenavocats.com\\\/en\\\/tribunal-judiciaire-de-paris-le-9-octobre-2025-n23-01567\\\/#article\",\"isPartOf\":{\"@id\":\"https:\\\/\\\/kohenavocats.com\\\/en\\\/tribunal-judiciaire-de-paris-le-9-octobre-2025-n23-01567\\\/\"},\"author\":{\"name\":\"Kohen\",\"@id\":\"https:\\\/\\\/kohenavocats.com\\\/en\\\/#\\\/schema\\\/person\\\/761c9ba54fa1ca84d405cef0831ff751\"},\"headline\":\"Tribunal judiciaire de Paris, le 9 octobre 2025, n\u00b023\\\/01567\",\"datePublished\":\"2026-04-23T04:57:20+00:00\",\"mainEntityOfPage\":{\"@id\":\"https:\\\/\\\/kohenavocats.com\\\/en\\\/tribunal-judiciaire-de-paris-le-9-octobre-2025-n23-01567\\\/\"},\"wordCount\":772,\"commentCount\":0,\"publisher\":{\"@id\":\"https:\\\/\\\/kohenavocats.com\\\/en\\\/#organization\"},\"image\":{\"@id\":\"https:\\\/\\\/kohenavocats.com\\\/en\\\/tribunal-judiciaire-de-paris-le-9-octobre-2025-n23-01567\\\/#primaryimage\"},\"thumbnailUrl\":\"https:\\\/\\\/kohenavocats.com\\\/wp-content\\\/uploads\\\/2024\\\/07\\\/valdemaras-d-7VPFyhB_j8Y-unsplash.webp\",\"articleSection\":[\"Jurisprudence\"],\"inLanguage\":\"en-US\",\"potentialAction\":[{\"@type\":\"CommentAction\",\"name\":\"Comment\",\"target\":[\"https:\\\/\\\/kohenavocats.com\\\/en\\\/tribunal-judiciaire-de-paris-le-9-octobre-2025-n23-01567\\\/#respond\"]}],\"citation\":\"Tribunal judiciaire de Paris, le 9 octobre 2025, n\u00b023\\\/01567\",\"about\":[{\"@type\":\"Thing\",\"name\":\"Jurisprudence\"}],\"dateModified\":\"2026-04-23T04:57:20+00:00\",\"speakable\":{\"@type\":\"SpeakableSpecification\",\"cssSelector\":[\".article-content > p:first-of-type\"]}},{\"@type\":\"WebPage\",\"@id\":\"https:\\\/\\\/kohenavocats.com\\\/en\\\/tribunal-judiciaire-de-paris-le-9-octobre-2025-n23-01567\\\/\",\"url\":\"https:\\\/\\\/kohenavocats.com\\\/en\\\/tribunal-judiciaire-de-paris-le-9-octobre-2025-n23-01567\\\/\",\"name\":\"Tribunal judiciaire de Paris, le 9 octobre 2025, n\u00b023\\\/01567 - Ma\u00eetre Hassan Kohen, avocat en droit p\u00e9nal \u00e0 Paris\",\"isPartOf\":{\"@id\":\"https:\\\/\\\/kohenavocats.com\\\/en\\\/#website\"},\"primaryImageOfPage\":{\"@id\":\"https:\\\/\\\/kohenavocats.com\\\/en\\\/tribunal-judiciaire-de-paris-le-9-octobre-2025-n23-01567\\\/#primaryimage\"},\"image\":{\"@id\":\"https:\\\/\\\/kohenavocats.com\\\/en\\\/tribunal-judiciaire-de-paris-le-9-octobre-2025-n23-01567\\\/#primaryimage\"},\"thumbnailUrl\":\"https:\\\/\\\/kohenavocats.com\\\/wp-content\\\/uploads\\\/2024\\\/07\\\/valdemaras-d-7VPFyhB_j8Y-unsplash.webp\",\"datePublished\":\"2026-04-23T04:57:20+00:00\",\"description\":\"Le Tribunal judiciaire de Paris, statuant le 9 octobre 2025, a examin\u00e9 une opposition \u00e0 contrainte form\u00e9e par une soci\u00e9t\u00e9 contre l'URSSAF \u00cele-de-France. L'or...\",\"breadcrumb\":{\"@id\":\"https:\\\/\\\/kohenavocats.com\\\/en\\\/tribunal-judiciaire-de-paris-le-9-octobre-2025-n23-01567\\\/#breadcrumb\"},\"inLanguage\":\"en-US\",\"potentialAction\":[{\"@type\":\"ReadAction\",\"target\":[\"https:\\\/\\\/kohenavocats.com\\\/en\\\/tribunal-judiciaire-de-paris-le-9-octobre-2025-n23-01567\\\/\"]}]},{\"@type\":\"ImageObject\",\"inLanguage\":\"en-US\",\"@id\":\"https:\\\/\\\/kohenavocats.com\\\/en\\\/tribunal-judiciaire-de-paris-le-9-octobre-2025-n23-01567\\\/#primaryimage\",\"url\":\"https:\\\/\\\/kohenavocats.com\\\/wp-content\\\/uploads\\\/2024\\\/07\\\/valdemaras-d-7VPFyhB_j8Y-unsplash.webp\",\"contentUrl\":\"https:\\\/\\\/kohenavocats.com\\\/wp-content\\\/uploads\\\/2024\\\/07\\\/valdemaras-d-7VPFyhB_j8Y-unsplash.webp\",\"width\":4000,\"height\":2536},{\"@type\":\"BreadcrumbList\",\"@id\":\"https:\\\/\\\/kohenavocats.com\\\/en\\\/tribunal-judiciaire-de-paris-le-9-octobre-2025-n23-01567\\\/#breadcrumb\",\"itemListElement\":[{\"@type\":\"ListItem\",\"position\":1,\"name\":\"Home\",\"item\":\"https:\\\/\\\/kohenavocats.com\\\/en\\\/criminal-law-attorneys-in-paris-counsel-and-strategic-defense\\\/\"},{\"@type\":\"ListItem\",\"position\":2,\"name\":\"Tribunal judiciaire de Paris, le 9 octobre 2025, n\u00b023\\\/01567\"}]},{\"@type\":\"WebSite\",\"@id\":\"https:\\\/\\\/kohenavocats.com\\\/en\\\/#website\",\"url\":\"https:\\\/\\\/kohenavocats.com\\\/en\\\/\",\"name\":\"Kohen Avocats\",\"description\":\"Ma\u00eetre Hassan Kohen, avocat p\u00e9naliste \u00e0 Paris, intervient exclusivement en droit p\u00e9nal pour la d\u00e9fense des particuliers, notamment en mati\u00e8re d\u2019accusations de viol. Il assure un accompagnement rigoureux d\u00e8s la garde \u00e0 vue jusqu\u2019\u00e0 la Cour d\u2019assises, veillant au strict respect des garanties proc\u00e9durales.\",\"publisher\":{\"@id\":\"https:\\\/\\\/kohenavocats.com\\\/en\\\/#organization\"},\"potentialAction\":[{\"@type\":\"SearchAction\",\"target\":{\"@type\":\"EntryPoint\",\"urlTemplate\":\"https:\\\/\\\/kohenavocats.com\\\/en\\\/?s={search_term_string}\"},\"query-input\":{\"@type\":\"PropertyValueSpecification\",\"valueRequired\":true,\"valueName\":\"search_term_string\"}}],\"inLanguage\":\"en-US\"},{\"@type\":\"Organization\",\"@id\":\"https:\\\/\\\/kohenavocats.com\\\/en\\\/#organization\",\"name\":\"Kohen Avocats\",\"url\":\"https:\\\/\\\/kohenavocats.com\\\/en\\\/\",\"logo\":{\"@type\":\"ImageObject\",\"inLanguage\":\"en-US\",\"@id\":\"https:\\\/\\\/kohenavocats.com\\\/en\\\/#\\\/schema\\\/logo\\\/image\\\/\",\"url\":\"https:\\\/\\\/kohenavocats.com\\\/wp-content\\\/uploads\\\/2026\\\/01\\\/Logo-2-1.webp\",\"contentUrl\":\"https:\\\/\\\/kohenavocats.com\\\/wp-content\\\/uploads\\\/2026\\\/01\\\/Logo-2-1.webp\",\"width\":2114,\"height\":1253,\"caption\":\"Kohen Avocats\"},\"image\":{\"@id\":\"https:\\\/\\\/kohenavocats.com\\\/en\\\/#\\\/schema\\\/logo\\\/image\\\/\"}},{\"@type\":\"Person\",\"@id\":\"https:\\\/\\\/kohenavocats.com\\\/en\\\/#\\\/schema\\\/person\\\/761c9ba54fa1ca84d405cef0831ff751\",\"name\":\"Kohen\",\"image\":{\"@type\":\"ImageObject\",\"inLanguage\":\"en-US\",\"@id\":\"https:\\\/\\\/secure.gravatar.com\\\/avatar\\\/1c5e76ef76bbbfdd2b4da984e2bf2fa4056fd51a27d25ce2c332047f1dfd6e00?s=96&d=identicon&r=g\",\"url\":\"https:\\\/\\\/secure.gravatar.com\\\/avatar\\\/1c5e76ef76bbbfdd2b4da984e2bf2fa4056fd51a27d25ce2c332047f1dfd6e00?s=96&d=identicon&r=g\",\"contentUrl\":\"https:\\\/\\\/secure.gravatar.com\\\/avatar\\\/1c5e76ef76bbbfdd2b4da984e2bf2fa4056fd51a27d25ce2c332047f1dfd6e00?s=96&d=identicon&r=g\",\"caption\":\"Kohen\"},\"sameAs\":[\"https:\\\/\\\/www.linkedin.com\\\/in\\\/hassan-kohen-448548192\\\/\",\"https:\\\/\\\/www.youtube.com\\\/@Kohen-Avocats\"],\"url\":\"https:\\\/\\\/kohenavocats.com\\\/en\\\/author\\\/kohenmlk\\\/\"}]}<\/script>\n<!-- \/ Yoast SEO Premium plugin. -->","yoast_head_json":{"title":"Tribunal judiciaire de Paris, le 9 octobre 2025, n\u00b023\/01567 - Ma\u00eetre Hassan Kohen, avocat en droit p\u00e9nal \u00e0 Paris","description":"Le Tribunal judiciaire de Paris, statuant le 9 octobre 2025, a examin\u00e9 une opposition \u00e0 contrainte form\u00e9e par une soci\u00e9t\u00e9 contre l'URSSAF \u00cele-de-France. L'or...","robots":{"index":"index","follow":"follow","max-snippet":"max-snippet:-1","max-image-preview":"max-image-preview:large","max-video-preview":"max-video-preview:-1"},"canonical":"https:\/\/kohenavocats.com\/en\/tribunal-judiciaire-de-paris-le-9-octobre-2025-n23-01567\/","og_locale":"en_US","og_type":"article","og_title":"Tribunal judiciaire de Paris, le 9 octobre 2025, n\u00b023\/01567","og_description":"Le Tribunal judiciaire de Paris, statuant le 9 octobre 2025, a examin\u00e9 une opposition \u00e0 contrainte form\u00e9e par une soci\u00e9t\u00e9 contre l'URSSAF \u00cele-de-France. L'or...","og_url":"https:\/\/kohenavocats.com\/en\/tribunal-judiciaire-de-paris-le-9-octobre-2025-n23-01567\/","og_site_name":"Ma\u00eetre Hassan Kohen, avocat en droit p\u00e9nal \u00e0 Paris","article_published_time":"2026-04-23T04:57:20+00:00","og_image":[{"width":4000,"height":2536,"url":"https:\/\/kohenavocats.com\/wp-content\/uploads\/2024\/07\/valdemaras-d-7VPFyhB_j8Y-unsplash.webp","type":"image\/webp"}],"author":"Kohen","twitter_card":"summary_large_image","twitter_misc":{"Written by":"Kohen","Est. reading time":"4 minutes"},"schema":{"@context":"https:\/\/schema.org","@graph":[{"@type":"Article","@id":"https:\/\/kohenavocats.com\/en\/tribunal-judiciaire-de-paris-le-9-octobre-2025-n23-01567\/#article","isPartOf":{"@id":"https:\/\/kohenavocats.com\/en\/tribunal-judiciaire-de-paris-le-9-octobre-2025-n23-01567\/"},"author":{"name":"Kohen","@id":"https:\/\/kohenavocats.com\/en\/#\/schema\/person\/761c9ba54fa1ca84d405cef0831ff751"},"headline":"Tribunal judiciaire de Paris, le 9 octobre 2025, n\u00b023\/01567","datePublished":"2026-04-23T04:57:20+00:00","mainEntityOfPage":{"@id":"https:\/\/kohenavocats.com\/en\/tribunal-judiciaire-de-paris-le-9-octobre-2025-n23-01567\/"},"wordCount":772,"commentCount":0,"publisher":{"@id":"https:\/\/kohenavocats.com\/en\/#organization"},"image":{"@id":"https:\/\/kohenavocats.com\/en\/tribunal-judiciaire-de-paris-le-9-octobre-2025-n23-01567\/#primaryimage"},"thumbnailUrl":"https:\/\/kohenavocats.com\/wp-content\/uploads\/2024\/07\/valdemaras-d-7VPFyhB_j8Y-unsplash.webp","articleSection":["Jurisprudence"],"inLanguage":"en-US","potentialAction":[{"@type":"CommentAction","name":"Comment","target":["https:\/\/kohenavocats.com\/en\/tribunal-judiciaire-de-paris-le-9-octobre-2025-n23-01567\/#respond"]}],"citation":"Tribunal judiciaire de Paris, le 9 octobre 2025, n\u00b023\/01567","about":[{"@type":"Thing","name":"Jurisprudence"}],"dateModified":"2026-04-23T04:57:20+00:00","speakable":{"@type":"SpeakableSpecification","cssSelector":[".article-content > p:first-of-type"]}},{"@type":"WebPage","@id":"https:\/\/kohenavocats.com\/en\/tribunal-judiciaire-de-paris-le-9-octobre-2025-n23-01567\/","url":"https:\/\/kohenavocats.com\/en\/tribunal-judiciaire-de-paris-le-9-octobre-2025-n23-01567\/","name":"Tribunal judiciaire de Paris, le 9 octobre 2025, n\u00b023\/01567 - Ma\u00eetre Hassan Kohen, avocat en droit p\u00e9nal \u00e0 Paris","isPartOf":{"@id":"https:\/\/kohenavocats.com\/en\/#website"},"primaryImageOfPage":{"@id":"https:\/\/kohenavocats.com\/en\/tribunal-judiciaire-de-paris-le-9-octobre-2025-n23-01567\/#primaryimage"},"image":{"@id":"https:\/\/kohenavocats.com\/en\/tribunal-judiciaire-de-paris-le-9-octobre-2025-n23-01567\/#primaryimage"},"thumbnailUrl":"https:\/\/kohenavocats.com\/wp-content\/uploads\/2024\/07\/valdemaras-d-7VPFyhB_j8Y-unsplash.webp","datePublished":"2026-04-23T04:57:20+00:00","description":"Le Tribunal judiciaire de Paris, statuant le 9 octobre 2025, a examin\u00e9 une opposition \u00e0 contrainte form\u00e9e par une soci\u00e9t\u00e9 contre l'URSSAF \u00cele-de-France. L'or...","breadcrumb":{"@id":"https:\/\/kohenavocats.com\/en\/tribunal-judiciaire-de-paris-le-9-octobre-2025-n23-01567\/#breadcrumb"},"inLanguage":"en-US","potentialAction":[{"@type":"ReadAction","target":["https:\/\/kohenavocats.com\/en\/tribunal-judiciaire-de-paris-le-9-octobre-2025-n23-01567\/"]}]},{"@type":"ImageObject","inLanguage":"en-US","@id":"https:\/\/kohenavocats.com\/en\/tribunal-judiciaire-de-paris-le-9-octobre-2025-n23-01567\/#primaryimage","url":"https:\/\/kohenavocats.com\/wp-content\/uploads\/2024\/07\/valdemaras-d-7VPFyhB_j8Y-unsplash.webp","contentUrl":"https:\/\/kohenavocats.com\/wp-content\/uploads\/2024\/07\/valdemaras-d-7VPFyhB_j8Y-unsplash.webp","width":4000,"height":2536},{"@type":"BreadcrumbList","@id":"https:\/\/kohenavocats.com\/en\/tribunal-judiciaire-de-paris-le-9-octobre-2025-n23-01567\/#breadcrumb","itemListElement":[{"@type":"ListItem","position":1,"name":"Home","item":"https:\/\/kohenavocats.com\/en\/criminal-law-attorneys-in-paris-counsel-and-strategic-defense\/"},{"@type":"ListItem","position":2,"name":"Tribunal judiciaire de Paris, le 9 octobre 2025, n\u00b023\/01567"}]},{"@type":"WebSite","@id":"https:\/\/kohenavocats.com\/en\/#website","url":"https:\/\/kohenavocats.com\/en\/","name":"Kohen Avocats","description":"Ma\u00eetre Hassan Kohen, avocat p\u00e9naliste \u00e0 Paris, intervient exclusivement en droit p\u00e9nal pour la d\u00e9fense des particuliers, notamment en mati\u00e8re d\u2019accusations de viol. Il assure un accompagnement rigoureux d\u00e8s la garde \u00e0 vue jusqu\u2019\u00e0 la Cour d\u2019assises, veillant au strict respect des garanties proc\u00e9durales.","publisher":{"@id":"https:\/\/kohenavocats.com\/en\/#organization"},"potentialAction":[{"@type":"SearchAction","target":{"@type":"EntryPoint","urlTemplate":"https:\/\/kohenavocats.com\/en\/?s={search_term_string}"},"query-input":{"@type":"PropertyValueSpecification","valueRequired":true,"valueName":"search_term_string"}}],"inLanguage":"en-US"},{"@type":"Organization","@id":"https:\/\/kohenavocats.com\/en\/#organization","name":"Kohen Avocats","url":"https:\/\/kohenavocats.com\/en\/","logo":{"@type":"ImageObject","inLanguage":"en-US","@id":"https:\/\/kohenavocats.com\/en\/#\/schema\/logo\/image\/","url":"https:\/\/kohenavocats.com\/wp-content\/uploads\/2026\/01\/Logo-2-1.webp","contentUrl":"https:\/\/kohenavocats.com\/wp-content\/uploads\/2026\/01\/Logo-2-1.webp","width":2114,"height":1253,"caption":"Kohen Avocats"},"image":{"@id":"https:\/\/kohenavocats.com\/en\/#\/schema\/logo\/image\/"}},{"@type":"Person","@id":"https:\/\/kohenavocats.com\/en\/#\/schema\/person\/761c9ba54fa1ca84d405cef0831ff751","name":"Kohen","image":{"@type":"ImageObject","inLanguage":"en-US","@id":"https:\/\/secure.gravatar.com\/avatar\/1c5e76ef76bbbfdd2b4da984e2bf2fa4056fd51a27d25ce2c332047f1dfd6e00?s=96&d=identicon&r=g","url":"https:\/\/secure.gravatar.com\/avatar\/1c5e76ef76bbbfdd2b4da984e2bf2fa4056fd51a27d25ce2c332047f1dfd6e00?s=96&d=identicon&r=g","contentUrl":"https:\/\/secure.gravatar.com\/avatar\/1c5e76ef76bbbfdd2b4da984e2bf2fa4056fd51a27d25ce2c332047f1dfd6e00?s=96&d=identicon&r=g","caption":"Kohen"},"sameAs":["https:\/\/www.linkedin.com\/in\/hassan-kohen-448548192\/","https:\/\/www.youtube.com\/@Kohen-Avocats"],"url":"https:\/\/kohenavocats.com\/en\/author\/kohenmlk\/"}]}},"jetpack_featured_media_url":"https:\/\/kohenavocats.com\/wp-content\/uploads\/2024\/07\/valdemaras-d-7VPFyhB_j8Y-unsplash.webp","jetpack_likes_enabled":false,"jetpack_shortlink":"https:\/\/wp.me\/peCrII-2KHt","jetpack-related-posts":[{"id":655639,"url":"https:\/\/kohenavocats.com\/en\/tribunal-judiciaire-de-paris-le-25-septembre-2025-n23-01320\/","url_meta":{"origin":656175,"position":0},"title":"Tribunal judiciaire de Paris, le 25 septembre 2025, n\u00b023\/01320","author":"Kohen","date":"23 April 2026","format":false,"excerpt":"Le tribunal judiciaire de Paris, statuant le 25 septembre 2025, examine une opposition \u00e0 contrainte form\u00e9e par une soci\u00e9t\u00e9. L'URSSAF \u00cele-de-France r\u00e9clame le...","rel":"","context":"In &quot;Jurisprudence&quot;","block_context":{"text":"Jurisprudence","link":"https:\/\/kohenavocats.com\/category\/jurisprudence\/"},"img":{"alt_text":"","src":"https:\/\/i0.wp.com\/kohenavocats.com\/wp-content\/uploads\/2024\/11\/gabriella-clare-marino-cSNzKJN-LNI-unsplash.webp?resize=350%2C200&ssl=1","width":350,"height":200,"srcset":"https:\/\/i0.wp.com\/kohenavocats.com\/wp-content\/uploads\/2024\/11\/gabriella-clare-marino-cSNzKJN-LNI-unsplash.webp?resize=350%2C200&ssl=1 1x, https:\/\/i0.wp.com\/kohenavocats.com\/wp-content\/uploads\/2024\/11\/gabriella-clare-marino-cSNzKJN-LNI-unsplash.webp?resize=525%2C300&ssl=1 1.5x, https:\/\/i0.wp.com\/kohenavocats.com\/wp-content\/uploads\/2024\/11\/gabriella-clare-marino-cSNzKJN-LNI-unsplash.webp?resize=700%2C400&ssl=1 2x, https:\/\/i0.wp.com\/kohenavocats.com\/wp-content\/uploads\/2024\/11\/gabriella-clare-marino-cSNzKJN-LNI-unsplash.webp?resize=1050%2C600&ssl=1 3x, https:\/\/i0.wp.com\/kohenavocats.com\/wp-content\/uploads\/2024\/11\/gabriella-clare-marino-cSNzKJN-LNI-unsplash.webp?resize=1400%2C800&ssl=1 4x"},"classes":[]},{"id":658912,"url":"https:\/\/kohenavocats.com\/en\/tribunal-judiciaire-de-bordeaux-le-9-decembre-2025-n23-00285\/","url_meta":{"origin":656175,"position":1},"title":"Tribunal judiciaire de Bordeaux, le 9 d\u00e9cembre 2025, n\u00b023\/00285","author":"Kohen","date":"23 April 2026","format":false,"excerpt":"Le tribunal judiciaire de Bordeaux, dans un jugement du 9 d\u00e9cembre 2025, s'est prononc\u00e9 sur la recevabilit\u00e9 et le bien-fond\u00e9 d'une opposition \u00e0 contrainte fo...","rel":"","context":"In &quot;Jurisprudence&quot;","block_context":{"text":"Jurisprudence","link":"https:\/\/kohenavocats.com\/category\/jurisprudence\/"},"img":{"alt_text":"","src":"https:\/\/i0.wp.com\/kohenavocats.com\/wp-content\/uploads\/2024\/11\/arnaud-mariat-ilqys8HnQak-unsplash.webp?resize=350%2C200&ssl=1","width":350,"height":200,"srcset":"https:\/\/i0.wp.com\/kohenavocats.com\/wp-content\/uploads\/2024\/11\/arnaud-mariat-ilqys8HnQak-unsplash.webp?resize=350%2C200&ssl=1 1x, https:\/\/i0.wp.com\/kohenavocats.com\/wp-content\/uploads\/2024\/11\/arnaud-mariat-ilqys8HnQak-unsplash.webp?resize=525%2C300&ssl=1 1.5x, https:\/\/i0.wp.com\/kohenavocats.com\/wp-content\/uploads\/2024\/11\/arnaud-mariat-ilqys8HnQak-unsplash.webp?resize=700%2C400&ssl=1 2x, https:\/\/i0.wp.com\/kohenavocats.com\/wp-content\/uploads\/2024\/11\/arnaud-mariat-ilqys8HnQak-unsplash.webp?resize=1050%2C600&ssl=1 3x, https:\/\/i0.wp.com\/kohenavocats.com\/wp-content\/uploads\/2024\/11\/arnaud-mariat-ilqys8HnQak-unsplash.webp?resize=1400%2C800&ssl=1 4x"},"classes":[]},{"id":654220,"url":"https:\/\/kohenavocats.com\/en\/tribunal-judiciaire-de-paris-le-1-octobre-2025-n24-02787\/","url_meta":{"origin":656175,"position":2},"title":"Tribunal judiciaire de Paris, le 1 octobre 2025, n\u00b024\/02787","author":"Kohen","date":"23 April 2026","format":false,"excerpt":"Le tribunal judiciaire de Paris, statuant le 1er octobre 2025, examine une opposition \u00e0 contrainte d\u00e9livr\u00e9e par un organisme de recouvrement. La soci\u00e9t\u00e9 d\u00e9bi...","rel":"","context":"In &quot;Jurisprudence&quot;","block_context":{"text":"Jurisprudence","link":"https:\/\/kohenavocats.com\/category\/jurisprudence\/"},"img":{"alt_text":"","src":"https:\/\/i0.wp.com\/kohenavocats.com\/wp-content\/uploads\/2024\/07\/zac-nielson-s4vuMuapk4Y-unsplash.webp?resize=350%2C200&ssl=1","width":350,"height":200,"srcset":"https:\/\/i0.wp.com\/kohenavocats.com\/wp-content\/uploads\/2024\/07\/zac-nielson-s4vuMuapk4Y-unsplash.webp?resize=350%2C200&ssl=1 1x, https:\/\/i0.wp.com\/kohenavocats.com\/wp-content\/uploads\/2024\/07\/zac-nielson-s4vuMuapk4Y-unsplash.webp?resize=525%2C300&ssl=1 1.5x, https:\/\/i0.wp.com\/kohenavocats.com\/wp-content\/uploads\/2024\/07\/zac-nielson-s4vuMuapk4Y-unsplash.webp?resize=700%2C400&ssl=1 2x, https:\/\/i0.wp.com\/kohenavocats.com\/wp-content\/uploads\/2024\/07\/zac-nielson-s4vuMuapk4Y-unsplash.webp?resize=1050%2C600&ssl=1 3x, https:\/\/i0.wp.com\/kohenavocats.com\/wp-content\/uploads\/2024\/07\/zac-nielson-s4vuMuapk4Y-unsplash.webp?resize=1400%2C800&ssl=1 4x"},"classes":[]},{"id":658638,"url":"https:\/\/kohenavocats.com\/en\/tribunal-judiciaire-de-nice-le-31-janvier-2025-n18-00096\/","url_meta":{"origin":656175,"position":3},"title":"Tribunal judiciaire de Nice, le 31 janvier 2025, n\u00b018\/00096","author":"Kohen","date":"23 April 2026","format":false,"excerpt":"Le Tribunal judiciaire de Nice, le 31 janvier 2025, statue sur une opposition \u00e0 une contrainte \u00e9mise par un organisme de recouvrement. Le cotisant a form\u00e9 so...","rel":"","context":"In &quot;Jurisprudence&quot;","block_context":{"text":"Jurisprudence","link":"https:\/\/kohenavocats.com\/category\/jurisprudence\/"},"img":{"alt_text":"","src":"https:\/\/i0.wp.com\/kohenavocats.com\/wp-content\/uploads\/2024\/08\/mahdi-samadzad-8wGLqHdkKbk-unsplash.webp?resize=350%2C200&ssl=1","width":350,"height":200,"srcset":"https:\/\/i0.wp.com\/kohenavocats.com\/wp-content\/uploads\/2024\/08\/mahdi-samadzad-8wGLqHdkKbk-unsplash.webp?resize=350%2C200&ssl=1 1x, https:\/\/i0.wp.com\/kohenavocats.com\/wp-content\/uploads\/2024\/08\/mahdi-samadzad-8wGLqHdkKbk-unsplash.webp?resize=525%2C300&ssl=1 1.5x, https:\/\/i0.wp.com\/kohenavocats.com\/wp-content\/uploads\/2024\/08\/mahdi-samadzad-8wGLqHdkKbk-unsplash.webp?resize=700%2C400&ssl=1 2x, https:\/\/i0.wp.com\/kohenavocats.com\/wp-content\/uploads\/2024\/08\/mahdi-samadzad-8wGLqHdkKbk-unsplash.webp?resize=1050%2C600&ssl=1 3x, https:\/\/i0.wp.com\/kohenavocats.com\/wp-content\/uploads\/2024\/08\/mahdi-samadzad-8wGLqHdkKbk-unsplash.webp?resize=1400%2C800&ssl=1 4x"},"classes":[]},{"id":468390,"url":"https:\/\/kohenavocats.com\/en\/tribunal-judiciaire-de-bordeaux-2025-12-09-n23-00570\/","url_meta":{"origin":656175,"position":4},"title":"Tribunal judiciaire de Bordeaux &#8211; 2025-12-09 &#8211; n\u00b023\/00570","author":"Kohen","date":"7 April 2026","format":false,"excerpt":"Le tribunal judiciaire de Bordeaux, le 9 d\u00e9cembre 2025, a statu\u00e9 sur une opposition \u00e0 contrainte d\u00e9livr\u00e9e par un organisme de recouvrement. La soci\u00e9t\u00e9 d\u00e9bitr...","rel":"","context":"In &quot;Jurisprudence&quot;","block_context":{"text":"Jurisprudence","link":"https:\/\/kohenavocats.com\/category\/jurisprudence\/"},"img":{"alt_text":"","src":"https:\/\/i0.wp.com\/kohenavocats.com\/wp-content\/uploads\/2024\/08\/nicolas-picard-XpnMqxyf8RQ-unsplash.webp?resize=350%2C200&ssl=1","width":350,"height":200,"srcset":"https:\/\/i0.wp.com\/kohenavocats.com\/wp-content\/uploads\/2024\/08\/nicolas-picard-XpnMqxyf8RQ-unsplash.webp?resize=350%2C200&ssl=1 1x, https:\/\/i0.wp.com\/kohenavocats.com\/wp-content\/uploads\/2024\/08\/nicolas-picard-XpnMqxyf8RQ-unsplash.webp?resize=525%2C300&ssl=1 1.5x, https:\/\/i0.wp.com\/kohenavocats.com\/wp-content\/uploads\/2024\/08\/nicolas-picard-XpnMqxyf8RQ-unsplash.webp?resize=700%2C400&ssl=1 2x, https:\/\/i0.wp.com\/kohenavocats.com\/wp-content\/uploads\/2024\/08\/nicolas-picard-XpnMqxyf8RQ-unsplash.webp?resize=1050%2C600&ssl=1 3x, https:\/\/i0.wp.com\/kohenavocats.com\/wp-content\/uploads\/2024\/08\/nicolas-picard-XpnMqxyf8RQ-unsplash.webp?resize=1400%2C800&ssl=1 4x"},"classes":[]},{"id":655890,"url":"https:\/\/kohenavocats.com\/en\/tribunal-judiciaire-de-paris-le-15-janvier-2025-n24-01118\/","url_meta":{"origin":656175,"position":5},"title":"Tribunal judiciaire de Paris, le 15 janvier 2025, n\u00b024\/01118","author":"Kohen","date":"23 April 2026","format":false,"excerpt":"Le tribunal judiciaire de Paris, statuant en mati\u00e8re sociale, a rendu un jugement le 15 janvier 2025. Une soci\u00e9t\u00e9 avait form\u00e9 opposition \u00e0 une contrainte \u00e9mi...","rel":"","context":"In &quot;Jurisprudence&quot;","block_context":{"text":"Jurisprudence","link":"https:\/\/kohenavocats.com\/category\/jurisprudence\/"},"img":{"alt_text":"","src":"https:\/\/i0.wp.com\/kohenavocats.com\/wp-content\/uploads\/2024\/08\/ali-lokhandwala-KUr51Y4dOyo-unsplash.webp?resize=350%2C200&ssl=1","width":350,"height":200,"srcset":"https:\/\/i0.wp.com\/kohenavocats.com\/wp-content\/uploads\/2024\/08\/ali-lokhandwala-KUr51Y4dOyo-unsplash.webp?resize=350%2C200&ssl=1 1x, https:\/\/i0.wp.com\/kohenavocats.com\/wp-content\/uploads\/2024\/08\/ali-lokhandwala-KUr51Y4dOyo-unsplash.webp?resize=525%2C300&ssl=1 1.5x, https:\/\/i0.wp.com\/kohenavocats.com\/wp-content\/uploads\/2024\/08\/ali-lokhandwala-KUr51Y4dOyo-unsplash.webp?resize=700%2C400&ssl=1 2x, https:\/\/i0.wp.com\/kohenavocats.com\/wp-content\/uploads\/2024\/08\/ali-lokhandwala-KUr51Y4dOyo-unsplash.webp?resize=1050%2C600&ssl=1 3x, https:\/\/i0.wp.com\/kohenavocats.com\/wp-content\/uploads\/2024\/08\/ali-lokhandwala-KUr51Y4dOyo-unsplash.webp?resize=1400%2C800&ssl=1 4x"},"classes":[]}],"jetpack_sharing_enabled":true,"_links":{"self":[{"href":"https:\/\/kohenavocats.com\/en\/wp-json\/wp\/v2\/posts\/656175","targetHints":{"allow":["GET"]}}],"collection":[{"href":"https:\/\/kohenavocats.com\/en\/wp-json\/wp\/v2\/posts"}],"about":[{"href":"https:\/\/kohenavocats.com\/en\/wp-json\/wp\/v2\/types\/post"}],"author":[{"embeddable":true,"href":"https:\/\/kohenavocats.com\/en\/wp-json\/wp\/v2\/users\/232070755"}],"replies":[{"embeddable":true,"href":"https:\/\/kohenavocats.com\/en\/wp-json\/wp\/v2\/comments?post=656175"}],"version-history":[{"count":0,"href":"https:\/\/kohenavocats.com\/en\/wp-json\/wp\/v2\/posts\/656175\/revisions"}],"wp:featuredmedia":[{"embeddable":true,"href":"https:\/\/kohenavocats.com\/en\/wp-json\/wp\/v2\/media\/3919"}],"wp:attachment":[{"href":"https:\/\/kohenavocats.com\/en\/wp-json\/wp\/v2\/media?parent=656175"}],"wp:term":[{"taxonomy":"category","embeddable":true,"href":"https:\/\/kohenavocats.com\/en\/wp-json\/wp\/v2\/categories?post=656175"},{"taxonomy":"post_tag","embeddable":true,"href":"https:\/\/kohenavocats.com\/en\/wp-json\/wp\/v2\/tags?post=656175"}],"curies":[{"name":"wp","href":"https:\/\/api.w.org\/{rel}","templated":true}]}}