{"id":656297,"date":"2026-04-23T07:04:45","date_gmt":"2026-04-23T05:04:45","guid":{"rendered":"https:\/\/kohenavocats.com\/tribunal-judiciaire-de-pontoise-le-16-mai-2025-n25-00558\/"},"modified":"2026-04-23T07:04:45","modified_gmt":"2026-04-23T05:04:45","slug":"tribunal-judiciaire-de-pontoise-le-16-mai-2025-n25-00558","status":"publish","type":"post","link":"https:\/\/kohenavocats.com\/en\/tribunal-judiciaire-de-pontoise-le-16-mai-2025-n25-00558\/","title":{"rendered":"Tribunal judiciaire de Pontoise, le 16 mai 2025, n\u00b025\/00558"},"content":{"rendered":"<div class=\"article-content\">\n<p>Le Tribunal judiciaire, statuant en r\u00e9f\u00e9r\u00e9, a rendu une ordonnance le 16 mai 2025. Une soci\u00e9t\u00e9 bailleur a sollicit\u00e9 la constatation de la r\u00e9siliation d\u2019un bail commercial pour d\u00e9faut de paiement. Le juge a examin\u00e9 les conditions de mise en \u0153uvre d\u2019une clause r\u00e9solutoire et les pouvoirs du juge des r\u00e9f\u00e9r\u00e9s. Il a constat\u00e9 la r\u00e9siliation du bail, ordonn\u00e9 l\u2019expulsion et accord\u00e9 des provisions sur les cr\u00e9ances. La solution rappelle les principes r\u00e9gissant la proc\u00e9dure de r\u00e9f\u00e9r\u00e9 et le contr\u00f4le des clauses p\u00e9nales.<\/p>\n<p>Les pouvoirs du juge des r\u00e9f\u00e9r\u00e9s en mati\u00e8re de constatation de r\u00e9siliation<\/p>\n<p>Le juge des r\u00e9f\u00e9r\u00e9s peut constater l\u2019acquisition d\u2019une clause r\u00e9solutoire sans caract\u00e9riser l\u2019urgence. La d\u00e9cision pr\u00e9cise que &#8220;la juridiction des r\u00e9f\u00e9r\u00e9s n&#8217;est toutefois pas tenue de caract\u00e9riser l&#8217;urgence au sens de l&#8217;article 834, pour constater l&#8217;acquisition de la clause r\u00e9solutoire et la r\u00e9siliation d&#8217;un droit au bail.&#8221; Cette position confirme une jurisprudence constante sur ce point sp\u00e9cifique. Elle aligne ainsi le traitement des clauses r\u00e9solutoires sur celui des troubles manifestement illicites. La port\u00e9e est pratique, permettant une intervention judiciaire rapide et efficace pour le bailleur.<\/p>\n<p>La r\u00e9gularit\u00e9 du commandement pr\u00e9alable est une condition essentielle \u00e0 cette constatation. Le juge v\u00e9rifie scrupuleusement le respect des formalit\u00e9s l\u00e9gales, notamment celles de l\u2019article L. 145-41 du code de commerce. Il rel\u00e8ve que le commandement &#8220;mentionne la nature des sommes r\u00e9clam\u00e9es et les \u00e9ch\u00e9ances auxquelles elles se rapportent&#8221; et qu\u2019il &#8220;pr\u00e9cise en outre qu\u2019\u00e0 d\u00e9faut de paiement dans le d\u00e9lai d\u2019un mois, le bailleur entend express\u00e9ment se pr\u00e9valoir de la clause r\u00e9solutoire&#8221;. Cette analyse rigoureuse garantit les droits de la partie d\u00e9faillante. Elle assure une s\u00e9curit\u00e9 juridique dans l\u2019application des m\u00e9canismes de r\u00e9siliation de plein droit.<\/p>\n<p>Le contr\u00f4le des demandes provisionnelles et la modulation des clauses contractuelles<\/p>\n<p>Le juge des r\u00e9f\u00e9r\u00e9s peut accorder une provision lorsque l\u2019obligation n\u2019est pas s\u00e9rieusement contestable. L\u2019ordonnance applique l\u2019article 835 du code de proc\u00e9dure civile pour condamner le locataire au paiement d\u2019une somme provisionnelle. Elle constate que &#8220;l\u2019obligation de la soci\u00e9t\u00e9 STANLEY SERRURIER SECURITE n\u2019est pas s\u00e9rieusement contestable \u00e0 hauteur de 5 260 euros&#8221;. Ce pouvoir permet d\u2019assurer une protection imm\u00e9diate et partielle des cr\u00e9ances certaines. Il illustre la fonction de pr\u00e9vention du r\u00e9f\u00e9r\u00e9, distincte d\u2019un jugement au fond d\u00e9finitif.<\/p>\n<p>Le juge op\u00e8re un contr\u00f4le sur la clause contractuelle fixant l\u2019indemnit\u00e9 d\u2019occupation apr\u00e8s r\u00e9siliation. Il refuse d\u2019appliquer la clause pr\u00e9voyant une indemnit\u00e9 doubl\u00e9e, la jugeant potentiellement excessive. La d\u00e9cision motive que &#8220;l\u2019application de la majoration sollicit\u00e9e exc\u00e8de le revenu locatif dont il se trouve priv\u00e9&#8221; et est &#8220;susceptible de s&#8217;analyser en une clause p\u00e9nale&#8221;. Le juge fixe donc l\u2019indemnit\u00e9 provisionnelle au seul montant du loyer contractuel. Cette intervention mod\u00e9ratrice prot\u00e8ge le d\u00e9biteur contre des stipulations abusives, m\u00eame en r\u00e9f\u00e9r\u00e9. Elle rappelle l\u2019ordre public de bonne foi et l\u2019\u00e9quilibre contractuel que le juge doit pr\u00e9server.<\/p>\n<\/div>\n","protected":false},"excerpt":{"rendered":"<p>Le Tribunal judiciaire, statuant en r\u00e9f\u00e9r\u00e9, a rendu une ordonnance le 16 mai 2025. Une soci\u00e9t\u00e9 bailleur a sollicit\u00e9 la constatation de la r\u00e9siliation d\u2019un ba&#8230;<\/p>\n","protected":false},"author":232070755,"featured_media":4865,"comment_status":"open","ping_status":"open","sticky":false,"template":"","format":"standard","meta":{"_crdt_document":"","_jetpack_newsletter_access":"","_jetpack_dont_email_post_to_subs":false,"_jetpack_newsletter_tier_id":0,"_jetpack_memberships_contains_paywalled_content":false,"_kj_source_type":"judilibre","_kj_official_id":"68dc3379b3454b98788d3b64","_kj_official_url":"https:\/\/www.courdecassation.fr\/decision\/68dc3379b3454b98788d3b64","_kj_judilibre_id":"68dc3379b3454b98788d3b64","_kj_jur":"Tribunal judiciaire","_kj_lieu":"Tribunal judiciaire de Pontoise","_kj_chambre":"R\u00e9f\u00e9r\u00e9s","_kj_rg":"25\/00558","_kj_date":"2025-09-30","_jetpack_memberships_contains_paid_content":false,"footnotes":"","jetpack_post_was_ever_published":false},"categories":[7597],"tags":[],"class_list":["post-656297","post","type-post","status-publish","format-standard","has-post-thumbnail","hentry","category-jurisprudence"],"yoast_head":"<!-- This site is optimized with the Yoast SEO Premium plugin v27.5 (Yoast SEO v27.5) - https:\/\/yoast.com\/product\/yoast-seo-premium-wordpress\/ -->\n<title>Tribunal judiciaire de Pontoise, le 16 mai 2025, n\u00b025\/00558 - Ma\u00eetre Hassan Kohen, avocat en droit p\u00e9nal \u00e0 Paris<\/title>\n<meta name=\"description\" content=\"Le Tribunal judiciaire, statuant en r\u00e9f\u00e9r\u00e9, a rendu une ordonnance le 16 mai 2025. Une soci\u00e9t\u00e9 bailleur a sollicit\u00e9 la constatation de la r\u00e9siliation d\u2019un ba...\" \/>\n<meta name=\"robots\" content=\"index, follow, max-snippet:-1, max-image-preview:large, max-video-preview:-1\" \/>\n<link rel=\"canonical\" href=\"https:\/\/kohenavocats.com\/en\/tribunal-judiciaire-de-pontoise-le-16-mai-2025-n25-00558\/\" \/>\n<meta property=\"og:locale\" content=\"en_US\" \/>\n<meta property=\"og:type\" content=\"article\" \/>\n<meta property=\"og:title\" content=\"Tribunal judiciaire de Pontoise, le 16 mai 2025, n\u00b025\/00558\" \/>\n<meta property=\"og:description\" content=\"Le Tribunal judiciaire, statuant en r\u00e9f\u00e9r\u00e9, a rendu une ordonnance le 16 mai 2025. Une soci\u00e9t\u00e9 bailleur a sollicit\u00e9 la constatation de la r\u00e9siliation d\u2019un ba...\" \/>\n<meta property=\"og:url\" content=\"https:\/\/kohenavocats.com\/en\/tribunal-judiciaire-de-pontoise-le-16-mai-2025-n25-00558\/\" \/>\n<meta property=\"og:site_name\" content=\"Ma\u00eetre Hassan Kohen, avocat en droit p\u00e9nal \u00e0 Paris\" \/>\n<meta property=\"article:published_time\" content=\"2026-04-23T05:04:45+00:00\" \/>\n<meta property=\"og:image\" content=\"https:\/\/kohenavocats.com\/wp-content\/uploads\/2024\/08\/sebastian-pichler-bAQH53VquTc-unsplash.webp\" \/>\n\t<meta property=\"og:image:width\" content=\"5184\" \/>\n\t<meta property=\"og:image:height\" content=\"3456\" \/>\n\t<meta property=\"og:image:type\" content=\"image\/webp\" \/>\n<meta name=\"author\" content=\"Kohen\" \/>\n<meta name=\"twitter:card\" content=\"summary_large_image\" \/>\n<meta name=\"twitter:label1\" content=\"Written by\" \/>\n\t<meta name=\"twitter:data1\" content=\"Kohen\" \/>\n\t<meta name=\"twitter:label2\" content=\"Est. reading time\" \/>\n\t<meta name=\"twitter:data2\" content=\"3 minutes\" \/>\n<script type=\"application\/ld+json\" class=\"yoast-schema-graph\">{\"@context\":\"https:\\\/\\\/schema.org\",\"@graph\":[{\"@type\":\"Article\",\"@id\":\"https:\\\/\\\/kohenavocats.com\\\/en\\\/tribunal-judiciaire-de-pontoise-le-16-mai-2025-n25-00558\\\/#article\",\"isPartOf\":{\"@id\":\"https:\\\/\\\/kohenavocats.com\\\/en\\\/tribunal-judiciaire-de-pontoise-le-16-mai-2025-n25-00558\\\/\"},\"author\":{\"name\":\"Kohen\",\"@id\":\"https:\\\/\\\/kohenavocats.com\\\/en\\\/#\\\/schema\\\/person\\\/761c9ba54fa1ca84d405cef0831ff751\"},\"headline\":\"Tribunal judiciaire de Pontoise, le 16 mai 2025, n\u00b025\\\/00558\",\"datePublished\":\"2026-04-23T05:04:45+00:00\",\"mainEntityOfPage\":{\"@id\":\"https:\\\/\\\/kohenavocats.com\\\/en\\\/tribunal-judiciaire-de-pontoise-le-16-mai-2025-n25-00558\\\/\"},\"wordCount\":579,\"commentCount\":0,\"publisher\":{\"@id\":\"https:\\\/\\\/kohenavocats.com\\\/en\\\/#organization\"},\"image\":{\"@id\":\"https:\\\/\\\/kohenavocats.com\\\/en\\\/tribunal-judiciaire-de-pontoise-le-16-mai-2025-n25-00558\\\/#primaryimage\"},\"thumbnailUrl\":\"https:\\\/\\\/kohenavocats.com\\\/wp-content\\\/uploads\\\/2024\\\/08\\\/sebastian-pichler-bAQH53VquTc-unsplash.webp\",\"articleSection\":[\"Jurisprudence\"],\"inLanguage\":\"en-US\",\"potentialAction\":[{\"@type\":\"CommentAction\",\"name\":\"Comment\",\"target\":[\"https:\\\/\\\/kohenavocats.com\\\/en\\\/tribunal-judiciaire-de-pontoise-le-16-mai-2025-n25-00558\\\/#respond\"]}],\"citation\":\"Tribunal judiciaire de Pontoise, le 16 mai 2025, n\u00b025\\\/00558\",\"about\":[{\"@type\":\"Thing\",\"name\":\"Jurisprudence\"}],\"dateModified\":\"2026-04-23T05:04:45+00:00\",\"speakable\":{\"@type\":\"SpeakableSpecification\",\"cssSelector\":[\".article-content > p:first-of-type\"]}},{\"@type\":\"WebPage\",\"@id\":\"https:\\\/\\\/kohenavocats.com\\\/en\\\/tribunal-judiciaire-de-pontoise-le-16-mai-2025-n25-00558\\\/\",\"url\":\"https:\\\/\\\/kohenavocats.com\\\/en\\\/tribunal-judiciaire-de-pontoise-le-16-mai-2025-n25-00558\\\/\",\"name\":\"Tribunal judiciaire de Pontoise, le 16 mai 2025, n\u00b025\\\/00558 - Ma\u00eetre Hassan Kohen, avocat en droit p\u00e9nal \u00e0 Paris\",\"isPartOf\":{\"@id\":\"https:\\\/\\\/kohenavocats.com\\\/en\\\/#website\"},\"primaryImageOfPage\":{\"@id\":\"https:\\\/\\\/kohenavocats.com\\\/en\\\/tribunal-judiciaire-de-pontoise-le-16-mai-2025-n25-00558\\\/#primaryimage\"},\"image\":{\"@id\":\"https:\\\/\\\/kohenavocats.com\\\/en\\\/tribunal-judiciaire-de-pontoise-le-16-mai-2025-n25-00558\\\/#primaryimage\"},\"thumbnailUrl\":\"https:\\\/\\\/kohenavocats.com\\\/wp-content\\\/uploads\\\/2024\\\/08\\\/sebastian-pichler-bAQH53VquTc-unsplash.webp\",\"datePublished\":\"2026-04-23T05:04:45+00:00\",\"description\":\"Le Tribunal judiciaire, statuant en r\u00e9f\u00e9r\u00e9, a rendu une ordonnance le 16 mai 2025. Une soci\u00e9t\u00e9 bailleur a sollicit\u00e9 la constatation de la r\u00e9siliation d\u2019un ba...\",\"breadcrumb\":{\"@id\":\"https:\\\/\\\/kohenavocats.com\\\/en\\\/tribunal-judiciaire-de-pontoise-le-16-mai-2025-n25-00558\\\/#breadcrumb\"},\"inLanguage\":\"en-US\",\"potentialAction\":[{\"@type\":\"ReadAction\",\"target\":[\"https:\\\/\\\/kohenavocats.com\\\/en\\\/tribunal-judiciaire-de-pontoise-le-16-mai-2025-n25-00558\\\/\"]}]},{\"@type\":\"ImageObject\",\"inLanguage\":\"en-US\",\"@id\":\"https:\\\/\\\/kohenavocats.com\\\/en\\\/tribunal-judiciaire-de-pontoise-le-16-mai-2025-n25-00558\\\/#primaryimage\",\"url\":\"https:\\\/\\\/kohenavocats.com\\\/wp-content\\\/uploads\\\/2024\\\/08\\\/sebastian-pichler-bAQH53VquTc-unsplash.webp\",\"contentUrl\":\"https:\\\/\\\/kohenavocats.com\\\/wp-content\\\/uploads\\\/2024\\\/08\\\/sebastian-pichler-bAQH53VquTc-unsplash.webp\",\"width\":5184,\"height\":3456},{\"@type\":\"BreadcrumbList\",\"@id\":\"https:\\\/\\\/kohenavocats.com\\\/en\\\/tribunal-judiciaire-de-pontoise-le-16-mai-2025-n25-00558\\\/#breadcrumb\",\"itemListElement\":[{\"@type\":\"ListItem\",\"position\":1,\"name\":\"Home\",\"item\":\"https:\\\/\\\/kohenavocats.com\\\/en\\\/criminal-law-attorneys-in-paris-counsel-and-strategic-defense\\\/\"},{\"@type\":\"ListItem\",\"position\":2,\"name\":\"Tribunal judiciaire de Pontoise, le 16 mai 2025, n\u00b025\\\/00558\"}]},{\"@type\":\"WebSite\",\"@id\":\"https:\\\/\\\/kohenavocats.com\\\/en\\\/#website\",\"url\":\"https:\\\/\\\/kohenavocats.com\\\/en\\\/\",\"name\":\"Kohen Avocats\",\"description\":\"Ma\u00eetre Hassan Kohen, avocat p\u00e9naliste \u00e0 Paris, intervient exclusivement en droit p\u00e9nal pour la d\u00e9fense des particuliers, notamment en mati\u00e8re d\u2019accusations de viol. Il assure un accompagnement rigoureux d\u00e8s la garde \u00e0 vue jusqu\u2019\u00e0 la Cour d\u2019assises, veillant au strict respect des garanties proc\u00e9durales.\",\"publisher\":{\"@id\":\"https:\\\/\\\/kohenavocats.com\\\/en\\\/#organization\"},\"potentialAction\":[{\"@type\":\"SearchAction\",\"target\":{\"@type\":\"EntryPoint\",\"urlTemplate\":\"https:\\\/\\\/kohenavocats.com\\\/en\\\/?s={search_term_string}\"},\"query-input\":{\"@type\":\"PropertyValueSpecification\",\"valueRequired\":true,\"valueName\":\"search_term_string\"}}],\"inLanguage\":\"en-US\"},{\"@type\":\"Organization\",\"@id\":\"https:\\\/\\\/kohenavocats.com\\\/en\\\/#organization\",\"name\":\"Kohen Avocats\",\"url\":\"https:\\\/\\\/kohenavocats.com\\\/en\\\/\",\"logo\":{\"@type\":\"ImageObject\",\"inLanguage\":\"en-US\",\"@id\":\"https:\\\/\\\/kohenavocats.com\\\/en\\\/#\\\/schema\\\/logo\\\/image\\\/\",\"url\":\"https:\\\/\\\/kohenavocats.com\\\/wp-content\\\/uploads\\\/2026\\\/01\\\/Logo-2-1.webp\",\"contentUrl\":\"https:\\\/\\\/kohenavocats.com\\\/wp-content\\\/uploads\\\/2026\\\/01\\\/Logo-2-1.webp\",\"width\":2114,\"height\":1253,\"caption\":\"Kohen Avocats\"},\"image\":{\"@id\":\"https:\\\/\\\/kohenavocats.com\\\/en\\\/#\\\/schema\\\/logo\\\/image\\\/\"}},{\"@type\":\"Person\",\"@id\":\"https:\\\/\\\/kohenavocats.com\\\/en\\\/#\\\/schema\\\/person\\\/761c9ba54fa1ca84d405cef0831ff751\",\"name\":\"Kohen\",\"image\":{\"@type\":\"ImageObject\",\"inLanguage\":\"en-US\",\"@id\":\"https:\\\/\\\/secure.gravatar.com\\\/avatar\\\/1c5e76ef76bbbfdd2b4da984e2bf2fa4056fd51a27d25ce2c332047f1dfd6e00?s=96&d=identicon&r=g\",\"url\":\"https:\\\/\\\/secure.gravatar.com\\\/avatar\\\/1c5e76ef76bbbfdd2b4da984e2bf2fa4056fd51a27d25ce2c332047f1dfd6e00?s=96&d=identicon&r=g\",\"contentUrl\":\"https:\\\/\\\/secure.gravatar.com\\\/avatar\\\/1c5e76ef76bbbfdd2b4da984e2bf2fa4056fd51a27d25ce2c332047f1dfd6e00?s=96&d=identicon&r=g\",\"caption\":\"Kohen\"},\"sameAs\":[\"https:\\\/\\\/www.linkedin.com\\\/in\\\/hassan-kohen-448548192\\\/\",\"https:\\\/\\\/www.youtube.com\\\/@Kohen-Avocats\"],\"url\":\"https:\\\/\\\/kohenavocats.com\\\/en\\\/author\\\/kohenmlk\\\/\"}]}<\/script>\n<!-- \/ Yoast SEO Premium plugin. -->","yoast_head_json":{"title":"Tribunal judiciaire de Pontoise, le 16 mai 2025, n\u00b025\/00558 - Ma\u00eetre Hassan Kohen, avocat en droit p\u00e9nal \u00e0 Paris","description":"Le Tribunal judiciaire, statuant en r\u00e9f\u00e9r\u00e9, a rendu une ordonnance le 16 mai 2025. Une soci\u00e9t\u00e9 bailleur a sollicit\u00e9 la constatation de la r\u00e9siliation d\u2019un ba...","robots":{"index":"index","follow":"follow","max-snippet":"max-snippet:-1","max-image-preview":"max-image-preview:large","max-video-preview":"max-video-preview:-1"},"canonical":"https:\/\/kohenavocats.com\/en\/tribunal-judiciaire-de-pontoise-le-16-mai-2025-n25-00558\/","og_locale":"en_US","og_type":"article","og_title":"Tribunal judiciaire de Pontoise, le 16 mai 2025, n\u00b025\/00558","og_description":"Le Tribunal judiciaire, statuant en r\u00e9f\u00e9r\u00e9, a rendu une ordonnance le 16 mai 2025. Une soci\u00e9t\u00e9 bailleur a sollicit\u00e9 la constatation de la r\u00e9siliation d\u2019un ba...","og_url":"https:\/\/kohenavocats.com\/en\/tribunal-judiciaire-de-pontoise-le-16-mai-2025-n25-00558\/","og_site_name":"Ma\u00eetre Hassan Kohen, avocat en droit p\u00e9nal \u00e0 Paris","article_published_time":"2026-04-23T05:04:45+00:00","og_image":[{"width":5184,"height":3456,"url":"https:\/\/kohenavocats.com\/wp-content\/uploads\/2024\/08\/sebastian-pichler-bAQH53VquTc-unsplash.webp","type":"image\/webp"}],"author":"Kohen","twitter_card":"summary_large_image","twitter_misc":{"Written by":"Kohen","Est. reading time":"3 minutes"},"schema":{"@context":"https:\/\/schema.org","@graph":[{"@type":"Article","@id":"https:\/\/kohenavocats.com\/en\/tribunal-judiciaire-de-pontoise-le-16-mai-2025-n25-00558\/#article","isPartOf":{"@id":"https:\/\/kohenavocats.com\/en\/tribunal-judiciaire-de-pontoise-le-16-mai-2025-n25-00558\/"},"author":{"name":"Kohen","@id":"https:\/\/kohenavocats.com\/en\/#\/schema\/person\/761c9ba54fa1ca84d405cef0831ff751"},"headline":"Tribunal judiciaire de Pontoise, le 16 mai 2025, n\u00b025\/00558","datePublished":"2026-04-23T05:04:45+00:00","mainEntityOfPage":{"@id":"https:\/\/kohenavocats.com\/en\/tribunal-judiciaire-de-pontoise-le-16-mai-2025-n25-00558\/"},"wordCount":579,"commentCount":0,"publisher":{"@id":"https:\/\/kohenavocats.com\/en\/#organization"},"image":{"@id":"https:\/\/kohenavocats.com\/en\/tribunal-judiciaire-de-pontoise-le-16-mai-2025-n25-00558\/#primaryimage"},"thumbnailUrl":"https:\/\/kohenavocats.com\/wp-content\/uploads\/2024\/08\/sebastian-pichler-bAQH53VquTc-unsplash.webp","articleSection":["Jurisprudence"],"inLanguage":"en-US","potentialAction":[{"@type":"CommentAction","name":"Comment","target":["https:\/\/kohenavocats.com\/en\/tribunal-judiciaire-de-pontoise-le-16-mai-2025-n25-00558\/#respond"]}],"citation":"Tribunal judiciaire de Pontoise, le 16 mai 2025, n\u00b025\/00558","about":[{"@type":"Thing","name":"Jurisprudence"}],"dateModified":"2026-04-23T05:04:45+00:00","speakable":{"@type":"SpeakableSpecification","cssSelector":[".article-content > p:first-of-type"]}},{"@type":"WebPage","@id":"https:\/\/kohenavocats.com\/en\/tribunal-judiciaire-de-pontoise-le-16-mai-2025-n25-00558\/","url":"https:\/\/kohenavocats.com\/en\/tribunal-judiciaire-de-pontoise-le-16-mai-2025-n25-00558\/","name":"Tribunal judiciaire de Pontoise, le 16 mai 2025, n\u00b025\/00558 - Ma\u00eetre Hassan Kohen, avocat en droit p\u00e9nal \u00e0 Paris","isPartOf":{"@id":"https:\/\/kohenavocats.com\/en\/#website"},"primaryImageOfPage":{"@id":"https:\/\/kohenavocats.com\/en\/tribunal-judiciaire-de-pontoise-le-16-mai-2025-n25-00558\/#primaryimage"},"image":{"@id":"https:\/\/kohenavocats.com\/en\/tribunal-judiciaire-de-pontoise-le-16-mai-2025-n25-00558\/#primaryimage"},"thumbnailUrl":"https:\/\/kohenavocats.com\/wp-content\/uploads\/2024\/08\/sebastian-pichler-bAQH53VquTc-unsplash.webp","datePublished":"2026-04-23T05:04:45+00:00","description":"Le Tribunal judiciaire, statuant en r\u00e9f\u00e9r\u00e9, a rendu une ordonnance le 16 mai 2025. Une soci\u00e9t\u00e9 bailleur a sollicit\u00e9 la constatation de la r\u00e9siliation d\u2019un ba...","breadcrumb":{"@id":"https:\/\/kohenavocats.com\/en\/tribunal-judiciaire-de-pontoise-le-16-mai-2025-n25-00558\/#breadcrumb"},"inLanguage":"en-US","potentialAction":[{"@type":"ReadAction","target":["https:\/\/kohenavocats.com\/en\/tribunal-judiciaire-de-pontoise-le-16-mai-2025-n25-00558\/"]}]},{"@type":"ImageObject","inLanguage":"en-US","@id":"https:\/\/kohenavocats.com\/en\/tribunal-judiciaire-de-pontoise-le-16-mai-2025-n25-00558\/#primaryimage","url":"https:\/\/kohenavocats.com\/wp-content\/uploads\/2024\/08\/sebastian-pichler-bAQH53VquTc-unsplash.webp","contentUrl":"https:\/\/kohenavocats.com\/wp-content\/uploads\/2024\/08\/sebastian-pichler-bAQH53VquTc-unsplash.webp","width":5184,"height":3456},{"@type":"BreadcrumbList","@id":"https:\/\/kohenavocats.com\/en\/tribunal-judiciaire-de-pontoise-le-16-mai-2025-n25-00558\/#breadcrumb","itemListElement":[{"@type":"ListItem","position":1,"name":"Home","item":"https:\/\/kohenavocats.com\/en\/criminal-law-attorneys-in-paris-counsel-and-strategic-defense\/"},{"@type":"ListItem","position":2,"name":"Tribunal judiciaire de Pontoise, le 16 mai 2025, n\u00b025\/00558"}]},{"@type":"WebSite","@id":"https:\/\/kohenavocats.com\/en\/#website","url":"https:\/\/kohenavocats.com\/en\/","name":"Kohen Avocats","description":"Ma\u00eetre Hassan Kohen, avocat p\u00e9naliste \u00e0 Paris, intervient exclusivement en droit p\u00e9nal pour la d\u00e9fense des particuliers, notamment en mati\u00e8re d\u2019accusations de viol. Il assure un accompagnement rigoureux d\u00e8s la garde \u00e0 vue jusqu\u2019\u00e0 la Cour d\u2019assises, veillant au strict respect des garanties proc\u00e9durales.","publisher":{"@id":"https:\/\/kohenavocats.com\/en\/#organization"},"potentialAction":[{"@type":"SearchAction","target":{"@type":"EntryPoint","urlTemplate":"https:\/\/kohenavocats.com\/en\/?s={search_term_string}"},"query-input":{"@type":"PropertyValueSpecification","valueRequired":true,"valueName":"search_term_string"}}],"inLanguage":"en-US"},{"@type":"Organization","@id":"https:\/\/kohenavocats.com\/en\/#organization","name":"Kohen Avocats","url":"https:\/\/kohenavocats.com\/en\/","logo":{"@type":"ImageObject","inLanguage":"en-US","@id":"https:\/\/kohenavocats.com\/en\/#\/schema\/logo\/image\/","url":"https:\/\/kohenavocats.com\/wp-content\/uploads\/2026\/01\/Logo-2-1.webp","contentUrl":"https:\/\/kohenavocats.com\/wp-content\/uploads\/2026\/01\/Logo-2-1.webp","width":2114,"height":1253,"caption":"Kohen Avocats"},"image":{"@id":"https:\/\/kohenavocats.com\/en\/#\/schema\/logo\/image\/"}},{"@type":"Person","@id":"https:\/\/kohenavocats.com\/en\/#\/schema\/person\/761c9ba54fa1ca84d405cef0831ff751","name":"Kohen","image":{"@type":"ImageObject","inLanguage":"en-US","@id":"https:\/\/secure.gravatar.com\/avatar\/1c5e76ef76bbbfdd2b4da984e2bf2fa4056fd51a27d25ce2c332047f1dfd6e00?s=96&d=identicon&r=g","url":"https:\/\/secure.gravatar.com\/avatar\/1c5e76ef76bbbfdd2b4da984e2bf2fa4056fd51a27d25ce2c332047f1dfd6e00?s=96&d=identicon&r=g","contentUrl":"https:\/\/secure.gravatar.com\/avatar\/1c5e76ef76bbbfdd2b4da984e2bf2fa4056fd51a27d25ce2c332047f1dfd6e00?s=96&d=identicon&r=g","caption":"Kohen"},"sameAs":["https:\/\/www.linkedin.com\/in\/hassan-kohen-448548192\/","https:\/\/www.youtube.com\/@Kohen-Avocats"],"url":"https:\/\/kohenavocats.com\/en\/author\/kohenmlk\/"}]}},"jetpack_featured_media_url":"https:\/\/kohenavocats.com\/wp-content\/uploads\/2024\/08\/sebastian-pichler-bAQH53VquTc-unsplash.webp","jetpack_likes_enabled":false,"jetpack_shortlink":"https:\/\/wp.me\/peCrII-2KJr","jetpack-related-posts":[{"id":750070,"url":"https:\/\/kohenavocats.com\/en\/tribunal-judiciaire-de-lille-le-20-janvier-2026-n25-01638\/","url_meta":{"origin":656297,"position":0},"title":"Tribunal judiciaire de Lille, le 20 janvier 2026, n\u00b025\/01638","author":"Kohen","date":"29 April 2026","format":false,"excerpt":"Le tribunal judiciaire de Lille, statuant en r\u00e9f\u00e9r\u00e9 le 20 janvier 2026, \u00e9tait saisi par un bailleur commercial. Il demandait la constatation de...","rel":"","context":"In &quot;D\u00e9cisions juridiques&quot;","block_context":{"text":"D\u00e9cisions juridiques","link":"https:\/\/kohenavocats.com\/category\/decisions-juridiques\/"},"img":{"alt_text":"","src":"https:\/\/i0.wp.com\/kohenavocats.com\/wp-content\/uploads\/2024\/11\/nigel-hoare-1YyTewQMpmU-unsplash.webp?resize=350%2C200&ssl=1","width":350,"height":200,"srcset":"https:\/\/i0.wp.com\/kohenavocats.com\/wp-content\/uploads\/2024\/11\/nigel-hoare-1YyTewQMpmU-unsplash.webp?resize=350%2C200&ssl=1 1x, https:\/\/i0.wp.com\/kohenavocats.com\/wp-content\/uploads\/2024\/11\/nigel-hoare-1YyTewQMpmU-unsplash.webp?resize=525%2C300&ssl=1 1.5x, https:\/\/i0.wp.com\/kohenavocats.com\/wp-content\/uploads\/2024\/11\/nigel-hoare-1YyTewQMpmU-unsplash.webp?resize=700%2C400&ssl=1 2x, https:\/\/i0.wp.com\/kohenavocats.com\/wp-content\/uploads\/2024\/11\/nigel-hoare-1YyTewQMpmU-unsplash.webp?resize=1050%2C600&ssl=1 3x, https:\/\/i0.wp.com\/kohenavocats.com\/wp-content\/uploads\/2024\/11\/nigel-hoare-1YyTewQMpmU-unsplash.webp?resize=1400%2C800&ssl=1 4x"},"classes":[]},{"id":749973,"url":"https:\/\/kohenavocats.com\/en\/tribunal-judiciaire-de-lille-le-20-janvier-2026-n25-01702\/","url_meta":{"origin":656297,"position":1},"title":"Tribunal judiciaire de Lille, le 20 janvier 2026, n\u00b025\/01702","author":"Kohen","date":"29 April 2026","format":false,"excerpt":"Le tribunal judiciaire de Lille, statuant en r\u00e9f\u00e9r\u00e9 le 20 janvier 2026, constate l\u2019acquisition d\u2019une clause r\u00e9solutoire pour d\u00e9faut de paiement des...","rel":"","context":"In &quot;D\u00e9cisions juridiques&quot;","block_context":{"text":"D\u00e9cisions juridiques","link":"https:\/\/kohenavocats.com\/category\/decisions-juridiques\/"},"img":{"alt_text":"","src":"https:\/\/i0.wp.com\/kohenavocats.com\/wp-content\/uploads\/2024\/08\/diane-picchiottino-FEuTc0OwfOc-unsplash.webp?resize=350%2C200&ssl=1","width":350,"height":200,"srcset":"https:\/\/i0.wp.com\/kohenavocats.com\/wp-content\/uploads\/2024\/08\/diane-picchiottino-FEuTc0OwfOc-unsplash.webp?resize=350%2C200&ssl=1 1x, https:\/\/i0.wp.com\/kohenavocats.com\/wp-content\/uploads\/2024\/08\/diane-picchiottino-FEuTc0OwfOc-unsplash.webp?resize=525%2C300&ssl=1 1.5x, https:\/\/i0.wp.com\/kohenavocats.com\/wp-content\/uploads\/2024\/08\/diane-picchiottino-FEuTc0OwfOc-unsplash.webp?resize=700%2C400&ssl=1 2x, https:\/\/i0.wp.com\/kohenavocats.com\/wp-content\/uploads\/2024\/08\/diane-picchiottino-FEuTc0OwfOc-unsplash.webp?resize=1050%2C600&ssl=1 3x, https:\/\/i0.wp.com\/kohenavocats.com\/wp-content\/uploads\/2024\/08\/diane-picchiottino-FEuTc0OwfOc-unsplash.webp?resize=1400%2C800&ssl=1 4x"},"classes":[]},{"id":749966,"url":"https:\/\/kohenavocats.com\/en\/tribunal-judiciaire-de-chartres-le-20-janvier-2026-n25-00668\/","url_meta":{"origin":656297,"position":2},"title":"Tribunal judiciaire de Chartres, le 20 janvier 2026, n\u00b025\/00668","author":"Kohen","date":"29 April 2026","format":false,"excerpt":"Le tribunal judiciaire de Chartres, statuant en r\u00e9f\u00e9r\u00e9 le 20 janvier 2026, a \u00e9t\u00e9 saisi par un office public de l'habitat afin de constater la r\u00e9siliation du ...","rel":"","context":"In &quot;Jurisprudence&quot;","block_context":{"text":"Jurisprudence","link":"https:\/\/kohenavocats.com\/category\/jurisprudence\/"},"img":{"alt_text":"","src":"https:\/\/i0.wp.com\/kohenavocats.com\/wp-content\/uploads\/2024\/11\/planet-volumes-AgybDvthqAY-unsplash.webp?resize=350%2C200&ssl=1","width":350,"height":200,"srcset":"https:\/\/i0.wp.com\/kohenavocats.com\/wp-content\/uploads\/2024\/11\/planet-volumes-AgybDvthqAY-unsplash.webp?resize=350%2C200&ssl=1 1x, https:\/\/i0.wp.com\/kohenavocats.com\/wp-content\/uploads\/2024\/11\/planet-volumes-AgybDvthqAY-unsplash.webp?resize=525%2C300&ssl=1 1.5x, https:\/\/i0.wp.com\/kohenavocats.com\/wp-content\/uploads\/2024\/11\/planet-volumes-AgybDvthqAY-unsplash.webp?resize=700%2C400&ssl=1 2x, https:\/\/i0.wp.com\/kohenavocats.com\/wp-content\/uploads\/2024\/11\/planet-volumes-AgybDvthqAY-unsplash.webp?resize=1050%2C600&ssl=1 3x, https:\/\/i0.wp.com\/kohenavocats.com\/wp-content\/uploads\/2024\/11\/planet-volumes-AgybDvthqAY-unsplash.webp?resize=1400%2C800&ssl=1 4x"},"classes":[]},{"id":749869,"url":"https:\/\/kohenavocats.com\/en\/tribunal-judiciaire-de-chartres-le-20-janvier-2026-n25-00176\/","url_meta":{"origin":656297,"position":3},"title":"Tribunal judiciaire de Chartres, le 20 janvier 2026, n\u00b025\/00176","author":"Kohen","date":"29 April 2026","format":false,"excerpt":"Le juge des contentieux de la protection du tribunal judiciaire de Chartres a rendu une ordonnance de r\u00e9f\u00e9r\u00e9 le 20 janvier 2026. Un bailleur social avait...","rel":"","context":"In &quot;D\u00e9cisions juridiques&quot;","block_context":{"text":"D\u00e9cisions juridiques","link":"https:\/\/kohenavocats.com\/category\/decisions-juridiques\/"},"img":{"alt_text":"","src":"https:\/\/i0.wp.com\/kohenavocats.com\/wp-content\/uploads\/2024\/08\/deniz-demirci-wrMPwcYTRpc-unsplash.webp?resize=350%2C200&ssl=1","width":350,"height":200,"srcset":"https:\/\/i0.wp.com\/kohenavocats.com\/wp-content\/uploads\/2024\/08\/deniz-demirci-wrMPwcYTRpc-unsplash.webp?resize=350%2C200&ssl=1 1x, https:\/\/i0.wp.com\/kohenavocats.com\/wp-content\/uploads\/2024\/08\/deniz-demirci-wrMPwcYTRpc-unsplash.webp?resize=525%2C300&ssl=1 1.5x, https:\/\/i0.wp.com\/kohenavocats.com\/wp-content\/uploads\/2024\/08\/deniz-demirci-wrMPwcYTRpc-unsplash.webp?resize=700%2C400&ssl=1 2x, https:\/\/i0.wp.com\/kohenavocats.com\/wp-content\/uploads\/2024\/08\/deniz-demirci-wrMPwcYTRpc-unsplash.webp?resize=1050%2C600&ssl=1 3x, https:\/\/i0.wp.com\/kohenavocats.com\/wp-content\/uploads\/2024\/08\/deniz-demirci-wrMPwcYTRpc-unsplash.webp?resize=1400%2C800&ssl=1 4x"},"classes":[]},{"id":742344,"url":"https:\/\/kohenavocats.com\/en\/tribunal-judiciaire-de-bordeaux-le-23-janvier-2026-n25-01815\/","url_meta":{"origin":656297,"position":4},"title":"Tribunal judiciaire de Bordeaux, le 23 janvier 2026, n\u00b025\/01815","author":"Kohen","date":"29 April 2026","format":false,"excerpt":"Le Tribunal judiciaire de Bordeaux, statuant en r\u00e9f\u00e9r\u00e9 le 23 janvier 2026, a \u00e9t\u00e9 saisi par des bailleurs afin d'obtenir le constat de la r\u00e9siliation du...","rel":"","context":"In &quot;D\u00e9cisions juridiques&quot;","block_context":{"text":"D\u00e9cisions juridiques","link":"https:\/\/kohenavocats.com\/category\/decisions-juridiques\/"},"img":{"alt_text":"","src":"https:\/\/i0.wp.com\/kohenavocats.com\/wp-content\/uploads\/2024\/07\/claudio-testa-iqeG5xA96M4-unsplash.webp?resize=350%2C200&ssl=1","width":350,"height":200,"srcset":"https:\/\/i0.wp.com\/kohenavocats.com\/wp-content\/uploads\/2024\/07\/claudio-testa-iqeG5xA96M4-unsplash.webp?resize=350%2C200&ssl=1 1x, https:\/\/i0.wp.com\/kohenavocats.com\/wp-content\/uploads\/2024\/07\/claudio-testa-iqeG5xA96M4-unsplash.webp?resize=525%2C300&ssl=1 1.5x, https:\/\/i0.wp.com\/kohenavocats.com\/wp-content\/uploads\/2024\/07\/claudio-testa-iqeG5xA96M4-unsplash.webp?resize=700%2C400&ssl=1 2x, https:\/\/i0.wp.com\/kohenavocats.com\/wp-content\/uploads\/2024\/07\/claudio-testa-iqeG5xA96M4-unsplash.webp?resize=1050%2C600&ssl=1 3x, https:\/\/i0.wp.com\/kohenavocats.com\/wp-content\/uploads\/2024\/07\/claudio-testa-iqeG5xA96M4-unsplash.webp?resize=1400%2C800&ssl=1 4x"},"classes":[]},{"id":709599,"url":"https:\/\/kohenavocats.com\/en\/tribunal-judiciaire-de-nanterre-le-18-decembre-2025-n25-00916\/","url_meta":{"origin":656297,"position":5},"title":"Tribunal judiciaire de Nanterre, le 18 d\u00e9cembre 2025, n\u00b025\/00916","author":"Kohen","date":"27 April 2026","format":false,"excerpt":"Le tribunal judiciaire de Nanterre, statuant en r\u00e9f\u00e9r\u00e9 le 18 d\u00e9cembre 2025, \u00e9tait saisi d\u2019une demande de constat de r\u00e9siliation de bail commercial pour impay...","rel":"","context":"In &quot;Jurisprudence&quot;","block_context":{"text":"Jurisprudence","link":"https:\/\/kohenavocats.com\/category\/jurisprudence\/"},"img":{"alt_text":"","src":"https:\/\/i0.wp.com\/kohenavocats.com\/wp-content\/uploads\/2024\/08\/valeria-m-zgvMPH83znI-unsplash.webp?resize=350%2C200&ssl=1","width":350,"height":200,"srcset":"https:\/\/i0.wp.com\/kohenavocats.com\/wp-content\/uploads\/2024\/08\/valeria-m-zgvMPH83znI-unsplash.webp?resize=350%2C200&ssl=1 1x, https:\/\/i0.wp.com\/kohenavocats.com\/wp-content\/uploads\/2024\/08\/valeria-m-zgvMPH83znI-unsplash.webp?resize=525%2C300&ssl=1 1.5x, https:\/\/i0.wp.com\/kohenavocats.com\/wp-content\/uploads\/2024\/08\/valeria-m-zgvMPH83znI-unsplash.webp?resize=700%2C400&ssl=1 2x, https:\/\/i0.wp.com\/kohenavocats.com\/wp-content\/uploads\/2024\/08\/valeria-m-zgvMPH83znI-unsplash.webp?resize=1050%2C600&ssl=1 3x, https:\/\/i0.wp.com\/kohenavocats.com\/wp-content\/uploads\/2024\/08\/valeria-m-zgvMPH83znI-unsplash.webp?resize=1400%2C800&ssl=1 4x"},"classes":[]}],"jetpack_sharing_enabled":true,"_links":{"self":[{"href":"https:\/\/kohenavocats.com\/en\/wp-json\/wp\/v2\/posts\/656297","targetHints":{"allow":["GET"]}}],"collection":[{"href":"https:\/\/kohenavocats.com\/en\/wp-json\/wp\/v2\/posts"}],"about":[{"href":"https:\/\/kohenavocats.com\/en\/wp-json\/wp\/v2\/types\/post"}],"author":[{"embeddable":true,"href":"https:\/\/kohenavocats.com\/en\/wp-json\/wp\/v2\/users\/232070755"}],"replies":[{"embeddable":true,"href":"https:\/\/kohenavocats.com\/en\/wp-json\/wp\/v2\/comments?post=656297"}],"version-history":[{"count":0,"href":"https:\/\/kohenavocats.com\/en\/wp-json\/wp\/v2\/posts\/656297\/revisions"}],"wp:featuredmedia":[{"embeddable":true,"href":"https:\/\/kohenavocats.com\/en\/wp-json\/wp\/v2\/media\/4865"}],"wp:attachment":[{"href":"https:\/\/kohenavocats.com\/en\/wp-json\/wp\/v2\/media?parent=656297"}],"wp:term":[{"taxonomy":"category","embeddable":true,"href":"https:\/\/kohenavocats.com\/en\/wp-json\/wp\/v2\/categories?post=656297"},{"taxonomy":"post_tag","embeddable":true,"href":"https:\/\/kohenavocats.com\/en\/wp-json\/wp\/v2\/tags?post=656297"}],"curies":[{"name":"wp","href":"https:\/\/api.w.org\/{rel}","templated":true}]}}