{"id":656778,"date":"2026-04-23T07:54:55","date_gmt":"2026-04-23T05:54:55","guid":{"rendered":"https:\/\/kohenavocats.com\/tribunal-judiciaire-de-paris-le-13-novembre-2025-n24-06240\/"},"modified":"2026-04-23T07:54:55","modified_gmt":"2026-04-23T05:54:55","slug":"tribunal-judiciaire-de-paris-le-13-novembre-2025-n24-06240","status":"publish","type":"post","link":"https:\/\/kohenavocats.com\/en\/tribunal-judiciaire-de-paris-le-13-novembre-2025-n24-06240\/","title":{"rendered":"Tribunal judiciaire de Paris, le 13 novembre 2025, n\u00b024\/06240"},"content":{"rendered":"<div class=\"article-content\">\n<p>Le tribunal judiciaire de Paris, statuant le 13 novembre 2025, a \u00e9t\u00e9 saisi par un syndicat de copropri\u00e9taires pour le recouvrement de charges impay\u00e9es. Le d\u00e9fendeur, non comparant, \u00e9tait assign\u00e9 en paiement du principal, d&#8217;int\u00e9r\u00eats et de dommages-int\u00e9r\u00eats distincts. Le juge a accueilli la demande en principal mais rejet\u00e9 la demande indemnitaire. Cette d\u00e9cision pr\u00e9cise les conditions de l&#8217;exigibilit\u00e9 acc\u00e9l\u00e9r\u00e9e des charges et d\u00e9limite strictement le pr\u00e9judice r\u00e9parable.<\/p>\n<p>La sanction du d\u00e9faut de paiement et l&#8217;exigibilit\u00e9 acc\u00e9l\u00e9r\u00e9e des charges<\/p>\n<p>Le juge rappelle le principe fondamental de la participation aux charges communes. &#8220;Les copropri\u00e9taires sont tenus de participer aux charges entra\u00een\u00e9es par les services collectifs et les \u00e9l\u00e9ments d\u2019\u00e9quipement commun ainsi qu\u2019\u00e0 celles relatives \u00e0 la conservation, l\u2019entretien et l\u2019administration des parties communes.&#8221; (Sur le fond) Ce principe trouve une application rigoureuse dans le m\u00e9canisme d&#8217;exigibilit\u00e9 acc\u00e9l\u00e9r\u00e9e. Le manquement \u00e0 une \u00e9ch\u00e9ance peut entra\u00eener l&#8217;exigibilit\u00e9 imm\u00e9diate des provisions futures. &#8220;Le d\u00e9faut du versement \u00e0 sa date d&#8217;exigibilit\u00e9 d&#8217;une provision pr\u00e9vue \u00e0 l&#8217;article 14-1, a pour cons\u00e9quence que les autres provisions pr\u00e9vues \u00e0 ce m\u00eame article et non encore \u00e9chues deviennent imm\u00e9diatement exigibles apr\u00e8s mise en demeure.&#8221; (Sur le fond) La port\u00e9e de ce dispositif est ainsi affirm\u00e9e comme un outil dissuasif et efficace de protection de la tr\u00e9sorerie du syndicat.<\/p>\n<p>La mise en \u0153uvre de ce r\u00e9gime suppose une proc\u00e9dure formaliste de mise en demeure pr\u00e9alable. La d\u00e9cision exige une lettre recommand\u00e9e avec accus\u00e9 de r\u00e9ception rest\u00e9e infructueuse pendant plus de trente jours. En l&#8217;esp\u00e8ce, le juge constate l&#8217;existence de plusieurs mises en demeure et commandements, rendant la cr\u00e9ance certaine et exigible. La valeur de cette solution r\u00e9side dans la s\u00e9curit\u00e9 juridique qu&#8217;elle procure au syndicat pour agir. Elle permet une condamnation au principal et aux int\u00e9r\u00eats l\u00e9gaux courants d\u00e8s la premi\u00e8re mise en demeure, assurant une r\u00e9paration minimale du pr\u00e9judice li\u00e9 au retard.<\/p>\n<p>Le rejet des demandes indemnitaires et la distinction des pr\u00e9judices<\/p>\n<p>Le tribunal op\u00e8re une distinction nette entre le simple retard et un pr\u00e9judice distinct justifiant des dommages-int\u00e9r\u00eats. Le syndicat demandait r\u00e9paration pour les frais de dossier et de relance, d\u00e9j\u00e0 comptabilis\u00e9s dans le d\u00e9compte. Le juge \u00e9carte cette demande au motif qu&#8217;elle constitue un double emploi. &#8220;Cette somme ne peut \u00eatre demand\u00e9e deux fois&#8221; (Sur le fond). Cette analyse prot\u00e8ge le copropri\u00e9taire d\u00e9biteur contre un enrichissement sans cause du syndicat. Elle rappelle que les frais engag\u00e9s pour le recouvrement doivent \u00eatre int\u00e9gr\u00e9s dans le d\u00e9compte initial des charges dues.<\/p>\n<p>Surtout, la d\u00e9cision refuse d&#8217;allouer des dommages-int\u00e9r\u00eats compl\u00e9mentaires pour r\u00e9sistance abusive. Le juge estime que le syndicat &#8220;ne justifie pas d\u2019un pr\u00e9judice sp\u00e9cial et distinct du simple retard de paiement.&#8221; (Sur la demande de dommages et int\u00e9r\u00eats) Cette solution s&#8217;\u00e9carte des jurisprudences disponibles, qui admettent un tel pr\u00e9judice en cas de manquements syst\u00e9matiques. Ces derni\u00e8res jugent que les &#8220;manquements syst\u00e9matiques et r\u00e9p\u00e9t\u00e9s [&#8230;] sont constitutifs d\u2019une faute susceptible de causer un pr\u00e9judice financier direct et certain \u00e0 la collectivit\u00e9 des copropri\u00e9taires, distinct de celui compens\u00e9 par les int\u00e9r\u00eats moratoires&#8221; (Tribunal judiciaire de Paris, le 13 novembre 2025, n\u00b023\/03499). La port\u00e9e de la pr\u00e9sente d\u00e9cision est donc restrictive.<\/p>\n<p>La valeur de cette analyse r\u00e9side dans l&#8217;exigence d&#8217;une d\u00e9monstration probante du pr\u00e9judice sp\u00e9cial. Le juge rel\u00e8ve l&#8217;absence de preuve de la mauvaise foi du d\u00e9biteur et le caract\u00e8re non abusif de sa r\u00e9sistance. Cette approche stricte prot\u00e8ge le d\u00e9biteur de bonne foi contre des condamnations excessives. Elle limite la r\u00e9paration indemnitaire aux seuls cas o\u00f9 le pr\u00e9judice pour la collectivit\u00e9, au-del\u00e0 du simple manque \u00e0 gagner, est pleinement caract\u00e9ris\u00e9 et justifi\u00e9 par des \u00e9l\u00e9ments concrets.<\/p>\n<\/div>\n","protected":false},"excerpt":{"rendered":"<p>Le tribunal judiciaire de Paris, statuant le 13 novembre 2025, a \u00e9t\u00e9 saisi par un syndicat de copropri\u00e9taires pour le recouvrement de charges impay\u00e9es. Le d\u00e9&#8230;<\/p>\n","protected":false},"author":232070755,"featured_media":9443,"comment_status":"open","ping_status":"open","sticky":false,"template":"","format":"standard","meta":{"_crdt_document":"","_jetpack_newsletter_access":"","_jetpack_dont_email_post_to_subs":false,"_jetpack_newsletter_tier_id":0,"_jetpack_memberships_contains_paywalled_content":false,"_kj_source_type":"judilibre","_kj_official_id":"68dc489ab3454b98788ea684","_kj_official_url":"https:\/\/www.courdecassation.fr\/decision\/68dc489ab3454b98788ea684","_kj_judilibre_id":"68dc489ab3454b98788ea684","_kj_jur":"Tribunal judiciaire","_kj_lieu":"Tribunal judiciaire d'Orl\u00e9ans","_kj_chambre":"Chambre 1- section B","_kj_rg":"24\/06240","_kj_date":"2025-09-30","_jetpack_memberships_contains_paid_content":false,"footnotes":"","jetpack_post_was_ever_published":false},"categories":[7597],"tags":[],"class_list":["post-656778","post","type-post","status-publish","format-standard","has-post-thumbnail","hentry","category-jurisprudence"],"yoast_head":"<!-- This site is optimized with the Yoast SEO Premium plugin v27.5 (Yoast SEO v27.5) - https:\/\/yoast.com\/product\/yoast-seo-premium-wordpress\/ -->\n<title>Tribunal judiciaire de Paris, le 13 novembre 2025, n\u00b024\/06240 - Ma\u00eetre Hassan Kohen, avocat en droit p\u00e9nal \u00e0 Paris<\/title>\n<meta name=\"description\" content=\"Le tribunal judiciaire de Paris, statuant le 13 novembre 2025, a \u00e9t\u00e9 saisi par un syndicat de copropri\u00e9taires pour le recouvrement de charges impay\u00e9es. Le d\u00e9...\" \/>\n<meta name=\"robots\" content=\"index, follow, max-snippet:-1, max-image-preview:large, max-video-preview:-1\" \/>\n<link rel=\"canonical\" href=\"https:\/\/kohenavocats.com\/en\/tribunal-judiciaire-de-paris-le-13-novembre-2025-n24-06240\/\" \/>\n<meta property=\"og:locale\" content=\"en_US\" \/>\n<meta property=\"og:type\" content=\"article\" \/>\n<meta property=\"og:title\" content=\"Tribunal judiciaire de Paris, le 13 novembre 2025, n\u00b024\/06240\" \/>\n<meta property=\"og:description\" content=\"Le tribunal judiciaire de Paris, statuant le 13 novembre 2025, a \u00e9t\u00e9 saisi par un syndicat de copropri\u00e9taires pour le recouvrement de charges impay\u00e9es. Le d\u00e9...\" \/>\n<meta property=\"og:url\" content=\"https:\/\/kohenavocats.com\/en\/tribunal-judiciaire-de-paris-le-13-novembre-2025-n24-06240\/\" \/>\n<meta property=\"og:site_name\" content=\"Ma\u00eetre Hassan Kohen, avocat en droit p\u00e9nal \u00e0 Paris\" \/>\n<meta property=\"article:published_time\" content=\"2026-04-23T05:54:55+00:00\" \/>\n<meta property=\"og:image\" content=\"https:\/\/kohenavocats.com\/wp-content\/uploads\/2024\/11\/mohamed-nohassi-hj1WiuQsWzY-unsplash.webp\" \/>\n\t<meta property=\"og:image:width\" content=\"6528\" \/>\n\t<meta property=\"og:image:height\" content=\"3780\" \/>\n\t<meta property=\"og:image:type\" content=\"image\/webp\" \/>\n<meta name=\"author\" content=\"Kohen\" \/>\n<meta name=\"twitter:card\" content=\"summary_large_image\" \/>\n<meta name=\"twitter:label1\" content=\"Written by\" \/>\n\t<meta name=\"twitter:data1\" content=\"Kohen\" \/>\n\t<meta name=\"twitter:label2\" content=\"Est. reading time\" \/>\n\t<meta name=\"twitter:data2\" content=\"3 minutes\" \/>\n<script type=\"application\/ld+json\" class=\"yoast-schema-graph\">{\"@context\":\"https:\\\/\\\/schema.org\",\"@graph\":[{\"@type\":\"Article\",\"@id\":\"https:\\\/\\\/kohenavocats.com\\\/en\\\/tribunal-judiciaire-de-paris-le-13-novembre-2025-n24-06240\\\/#article\",\"isPartOf\":{\"@id\":\"https:\\\/\\\/kohenavocats.com\\\/en\\\/tribunal-judiciaire-de-paris-le-13-novembre-2025-n24-06240\\\/\"},\"author\":{\"name\":\"Kohen\",\"@id\":\"https:\\\/\\\/kohenavocats.com\\\/en\\\/#\\\/schema\\\/person\\\/761c9ba54fa1ca84d405cef0831ff751\"},\"headline\":\"Tribunal judiciaire de Paris, le 13 novembre 2025, n\u00b024\\\/06240\",\"datePublished\":\"2026-04-23T05:54:55+00:00\",\"mainEntityOfPage\":{\"@id\":\"https:\\\/\\\/kohenavocats.com\\\/en\\\/tribunal-judiciaire-de-paris-le-13-novembre-2025-n24-06240\\\/\"},\"wordCount\":714,\"commentCount\":0,\"publisher\":{\"@id\":\"https:\\\/\\\/kohenavocats.com\\\/en\\\/#organization\"},\"image\":{\"@id\":\"https:\\\/\\\/kohenavocats.com\\\/en\\\/tribunal-judiciaire-de-paris-le-13-novembre-2025-n24-06240\\\/#primaryimage\"},\"thumbnailUrl\":\"https:\\\/\\\/kohenavocats.com\\\/wp-content\\\/uploads\\\/2024\\\/11\\\/mohamed-nohassi-hj1WiuQsWzY-unsplash.webp\",\"articleSection\":[\"Jurisprudence\"],\"inLanguage\":\"en-US\",\"potentialAction\":[{\"@type\":\"CommentAction\",\"name\":\"Comment\",\"target\":[\"https:\\\/\\\/kohenavocats.com\\\/en\\\/tribunal-judiciaire-de-paris-le-13-novembre-2025-n24-06240\\\/#respond\"]}],\"citation\":\"Tribunal judiciaire de Paris, le 13 novembre 2025, n\u00b024\\\/06240\",\"about\":[{\"@type\":\"Thing\",\"name\":\"Jurisprudence\"}],\"dateModified\":\"2026-04-23T05:54:55+00:00\",\"speakable\":{\"@type\":\"SpeakableSpecification\",\"cssSelector\":[\".article-content > p:first-of-type\"]}},{\"@type\":\"WebPage\",\"@id\":\"https:\\\/\\\/kohenavocats.com\\\/en\\\/tribunal-judiciaire-de-paris-le-13-novembre-2025-n24-06240\\\/\",\"url\":\"https:\\\/\\\/kohenavocats.com\\\/en\\\/tribunal-judiciaire-de-paris-le-13-novembre-2025-n24-06240\\\/\",\"name\":\"Tribunal judiciaire de Paris, le 13 novembre 2025, n\u00b024\\\/06240 - Ma\u00eetre Hassan Kohen, avocat en droit p\u00e9nal \u00e0 Paris\",\"isPartOf\":{\"@id\":\"https:\\\/\\\/kohenavocats.com\\\/en\\\/#website\"},\"primaryImageOfPage\":{\"@id\":\"https:\\\/\\\/kohenavocats.com\\\/en\\\/tribunal-judiciaire-de-paris-le-13-novembre-2025-n24-06240\\\/#primaryimage\"},\"image\":{\"@id\":\"https:\\\/\\\/kohenavocats.com\\\/en\\\/tribunal-judiciaire-de-paris-le-13-novembre-2025-n24-06240\\\/#primaryimage\"},\"thumbnailUrl\":\"https:\\\/\\\/kohenavocats.com\\\/wp-content\\\/uploads\\\/2024\\\/11\\\/mohamed-nohassi-hj1WiuQsWzY-unsplash.webp\",\"datePublished\":\"2026-04-23T05:54:55+00:00\",\"description\":\"Le tribunal judiciaire de Paris, statuant le 13 novembre 2025, a \u00e9t\u00e9 saisi par un syndicat de copropri\u00e9taires pour le recouvrement de charges impay\u00e9es. Le d\u00e9...\",\"breadcrumb\":{\"@id\":\"https:\\\/\\\/kohenavocats.com\\\/en\\\/tribunal-judiciaire-de-paris-le-13-novembre-2025-n24-06240\\\/#breadcrumb\"},\"inLanguage\":\"en-US\",\"potentialAction\":[{\"@type\":\"ReadAction\",\"target\":[\"https:\\\/\\\/kohenavocats.com\\\/en\\\/tribunal-judiciaire-de-paris-le-13-novembre-2025-n24-06240\\\/\"]}]},{\"@type\":\"ImageObject\",\"inLanguage\":\"en-US\",\"@id\":\"https:\\\/\\\/kohenavocats.com\\\/en\\\/tribunal-judiciaire-de-paris-le-13-novembre-2025-n24-06240\\\/#primaryimage\",\"url\":\"https:\\\/\\\/kohenavocats.com\\\/wp-content\\\/uploads\\\/2024\\\/11\\\/mohamed-nohassi-hj1WiuQsWzY-unsplash.webp\",\"contentUrl\":\"https:\\\/\\\/kohenavocats.com\\\/wp-content\\\/uploads\\\/2024\\\/11\\\/mohamed-nohassi-hj1WiuQsWzY-unsplash.webp\",\"width\":6528,\"height\":3780},{\"@type\":\"BreadcrumbList\",\"@id\":\"https:\\\/\\\/kohenavocats.com\\\/en\\\/tribunal-judiciaire-de-paris-le-13-novembre-2025-n24-06240\\\/#breadcrumb\",\"itemListElement\":[{\"@type\":\"ListItem\",\"position\":1,\"name\":\"Home\",\"item\":\"https:\\\/\\\/kohenavocats.com\\\/en\\\/criminal-law-attorneys-in-paris-counsel-and-strategic-defense\\\/\"},{\"@type\":\"ListItem\",\"position\":2,\"name\":\"Tribunal judiciaire de Paris, le 13 novembre 2025, n\u00b024\\\/06240\"}]},{\"@type\":\"WebSite\",\"@id\":\"https:\\\/\\\/kohenavocats.com\\\/en\\\/#website\",\"url\":\"https:\\\/\\\/kohenavocats.com\\\/en\\\/\",\"name\":\"Kohen Avocats\",\"description\":\"Ma\u00eetre Hassan Kohen, avocat p\u00e9naliste \u00e0 Paris, intervient exclusivement en droit p\u00e9nal pour la d\u00e9fense des particuliers, notamment en mati\u00e8re d\u2019accusations de viol. Il assure un accompagnement rigoureux d\u00e8s la garde \u00e0 vue jusqu\u2019\u00e0 la Cour d\u2019assises, veillant au strict respect des garanties proc\u00e9durales.\",\"publisher\":{\"@id\":\"https:\\\/\\\/kohenavocats.com\\\/en\\\/#organization\"},\"potentialAction\":[{\"@type\":\"SearchAction\",\"target\":{\"@type\":\"EntryPoint\",\"urlTemplate\":\"https:\\\/\\\/kohenavocats.com\\\/en\\\/?s={search_term_string}\"},\"query-input\":{\"@type\":\"PropertyValueSpecification\",\"valueRequired\":true,\"valueName\":\"search_term_string\"}}],\"inLanguage\":\"en-US\"},{\"@type\":\"Organization\",\"@id\":\"https:\\\/\\\/kohenavocats.com\\\/en\\\/#organization\",\"name\":\"Kohen Avocats\",\"url\":\"https:\\\/\\\/kohenavocats.com\\\/en\\\/\",\"logo\":{\"@type\":\"ImageObject\",\"inLanguage\":\"en-US\",\"@id\":\"https:\\\/\\\/kohenavocats.com\\\/en\\\/#\\\/schema\\\/logo\\\/image\\\/\",\"url\":\"https:\\\/\\\/kohenavocats.com\\\/wp-content\\\/uploads\\\/2026\\\/01\\\/Logo-2-1.webp\",\"contentUrl\":\"https:\\\/\\\/kohenavocats.com\\\/wp-content\\\/uploads\\\/2026\\\/01\\\/Logo-2-1.webp\",\"width\":2114,\"height\":1253,\"caption\":\"Kohen Avocats\"},\"image\":{\"@id\":\"https:\\\/\\\/kohenavocats.com\\\/en\\\/#\\\/schema\\\/logo\\\/image\\\/\"}},{\"@type\":\"Person\",\"@id\":\"https:\\\/\\\/kohenavocats.com\\\/en\\\/#\\\/schema\\\/person\\\/761c9ba54fa1ca84d405cef0831ff751\",\"name\":\"Kohen\",\"image\":{\"@type\":\"ImageObject\",\"inLanguage\":\"en-US\",\"@id\":\"https:\\\/\\\/secure.gravatar.com\\\/avatar\\\/1c5e76ef76bbbfdd2b4da984e2bf2fa4056fd51a27d25ce2c332047f1dfd6e00?s=96&d=identicon&r=g\",\"url\":\"https:\\\/\\\/secure.gravatar.com\\\/avatar\\\/1c5e76ef76bbbfdd2b4da984e2bf2fa4056fd51a27d25ce2c332047f1dfd6e00?s=96&d=identicon&r=g\",\"contentUrl\":\"https:\\\/\\\/secure.gravatar.com\\\/avatar\\\/1c5e76ef76bbbfdd2b4da984e2bf2fa4056fd51a27d25ce2c332047f1dfd6e00?s=96&d=identicon&r=g\",\"caption\":\"Kohen\"},\"sameAs\":[\"https:\\\/\\\/www.linkedin.com\\\/in\\\/hassan-kohen-448548192\\\/\",\"https:\\\/\\\/www.youtube.com\\\/@Kohen-Avocats\"],\"url\":\"https:\\\/\\\/kohenavocats.com\\\/en\\\/author\\\/kohenmlk\\\/\"}]}<\/script>\n<!-- \/ Yoast SEO Premium plugin. -->","yoast_head_json":{"title":"Tribunal judiciaire de Paris, le 13 novembre 2025, n\u00b024\/06240 - Ma\u00eetre Hassan Kohen, avocat en droit p\u00e9nal \u00e0 Paris","description":"Le tribunal judiciaire de Paris, statuant le 13 novembre 2025, a \u00e9t\u00e9 saisi par un syndicat de copropri\u00e9taires pour le recouvrement de charges impay\u00e9es. Le d\u00e9...","robots":{"index":"index","follow":"follow","max-snippet":"max-snippet:-1","max-image-preview":"max-image-preview:large","max-video-preview":"max-video-preview:-1"},"canonical":"https:\/\/kohenavocats.com\/en\/tribunal-judiciaire-de-paris-le-13-novembre-2025-n24-06240\/","og_locale":"en_US","og_type":"article","og_title":"Tribunal judiciaire de Paris, le 13 novembre 2025, n\u00b024\/06240","og_description":"Le tribunal judiciaire de Paris, statuant le 13 novembre 2025, a \u00e9t\u00e9 saisi par un syndicat de copropri\u00e9taires pour le recouvrement de charges impay\u00e9es. Le d\u00e9...","og_url":"https:\/\/kohenavocats.com\/en\/tribunal-judiciaire-de-paris-le-13-novembre-2025-n24-06240\/","og_site_name":"Ma\u00eetre Hassan Kohen, avocat en droit p\u00e9nal \u00e0 Paris","article_published_time":"2026-04-23T05:54:55+00:00","og_image":[{"width":6528,"height":3780,"url":"https:\/\/kohenavocats.com\/wp-content\/uploads\/2024\/11\/mohamed-nohassi-hj1WiuQsWzY-unsplash.webp","type":"image\/webp"}],"author":"Kohen","twitter_card":"summary_large_image","twitter_misc":{"Written by":"Kohen","Est. reading time":"3 minutes"},"schema":{"@context":"https:\/\/schema.org","@graph":[{"@type":"Article","@id":"https:\/\/kohenavocats.com\/en\/tribunal-judiciaire-de-paris-le-13-novembre-2025-n24-06240\/#article","isPartOf":{"@id":"https:\/\/kohenavocats.com\/en\/tribunal-judiciaire-de-paris-le-13-novembre-2025-n24-06240\/"},"author":{"name":"Kohen","@id":"https:\/\/kohenavocats.com\/en\/#\/schema\/person\/761c9ba54fa1ca84d405cef0831ff751"},"headline":"Tribunal judiciaire de Paris, le 13 novembre 2025, n\u00b024\/06240","datePublished":"2026-04-23T05:54:55+00:00","mainEntityOfPage":{"@id":"https:\/\/kohenavocats.com\/en\/tribunal-judiciaire-de-paris-le-13-novembre-2025-n24-06240\/"},"wordCount":714,"commentCount":0,"publisher":{"@id":"https:\/\/kohenavocats.com\/en\/#organization"},"image":{"@id":"https:\/\/kohenavocats.com\/en\/tribunal-judiciaire-de-paris-le-13-novembre-2025-n24-06240\/#primaryimage"},"thumbnailUrl":"https:\/\/kohenavocats.com\/wp-content\/uploads\/2024\/11\/mohamed-nohassi-hj1WiuQsWzY-unsplash.webp","articleSection":["Jurisprudence"],"inLanguage":"en-US","potentialAction":[{"@type":"CommentAction","name":"Comment","target":["https:\/\/kohenavocats.com\/en\/tribunal-judiciaire-de-paris-le-13-novembre-2025-n24-06240\/#respond"]}],"citation":"Tribunal judiciaire de Paris, le 13 novembre 2025, n\u00b024\/06240","about":[{"@type":"Thing","name":"Jurisprudence"}],"dateModified":"2026-04-23T05:54:55+00:00","speakable":{"@type":"SpeakableSpecification","cssSelector":[".article-content > p:first-of-type"]}},{"@type":"WebPage","@id":"https:\/\/kohenavocats.com\/en\/tribunal-judiciaire-de-paris-le-13-novembre-2025-n24-06240\/","url":"https:\/\/kohenavocats.com\/en\/tribunal-judiciaire-de-paris-le-13-novembre-2025-n24-06240\/","name":"Tribunal judiciaire de Paris, le 13 novembre 2025, n\u00b024\/06240 - Ma\u00eetre Hassan Kohen, avocat en droit p\u00e9nal \u00e0 Paris","isPartOf":{"@id":"https:\/\/kohenavocats.com\/en\/#website"},"primaryImageOfPage":{"@id":"https:\/\/kohenavocats.com\/en\/tribunal-judiciaire-de-paris-le-13-novembre-2025-n24-06240\/#primaryimage"},"image":{"@id":"https:\/\/kohenavocats.com\/en\/tribunal-judiciaire-de-paris-le-13-novembre-2025-n24-06240\/#primaryimage"},"thumbnailUrl":"https:\/\/kohenavocats.com\/wp-content\/uploads\/2024\/11\/mohamed-nohassi-hj1WiuQsWzY-unsplash.webp","datePublished":"2026-04-23T05:54:55+00:00","description":"Le tribunal judiciaire de Paris, statuant le 13 novembre 2025, a \u00e9t\u00e9 saisi par un syndicat de copropri\u00e9taires pour le recouvrement de charges impay\u00e9es. Le d\u00e9...","breadcrumb":{"@id":"https:\/\/kohenavocats.com\/en\/tribunal-judiciaire-de-paris-le-13-novembre-2025-n24-06240\/#breadcrumb"},"inLanguage":"en-US","potentialAction":[{"@type":"ReadAction","target":["https:\/\/kohenavocats.com\/en\/tribunal-judiciaire-de-paris-le-13-novembre-2025-n24-06240\/"]}]},{"@type":"ImageObject","inLanguage":"en-US","@id":"https:\/\/kohenavocats.com\/en\/tribunal-judiciaire-de-paris-le-13-novembre-2025-n24-06240\/#primaryimage","url":"https:\/\/kohenavocats.com\/wp-content\/uploads\/2024\/11\/mohamed-nohassi-hj1WiuQsWzY-unsplash.webp","contentUrl":"https:\/\/kohenavocats.com\/wp-content\/uploads\/2024\/11\/mohamed-nohassi-hj1WiuQsWzY-unsplash.webp","width":6528,"height":3780},{"@type":"BreadcrumbList","@id":"https:\/\/kohenavocats.com\/en\/tribunal-judiciaire-de-paris-le-13-novembre-2025-n24-06240\/#breadcrumb","itemListElement":[{"@type":"ListItem","position":1,"name":"Home","item":"https:\/\/kohenavocats.com\/en\/criminal-law-attorneys-in-paris-counsel-and-strategic-defense\/"},{"@type":"ListItem","position":2,"name":"Tribunal judiciaire de Paris, le 13 novembre 2025, n\u00b024\/06240"}]},{"@type":"WebSite","@id":"https:\/\/kohenavocats.com\/en\/#website","url":"https:\/\/kohenavocats.com\/en\/","name":"Kohen Avocats","description":"Ma\u00eetre Hassan Kohen, avocat p\u00e9naliste \u00e0 Paris, intervient exclusivement en droit p\u00e9nal pour la d\u00e9fense des particuliers, notamment en mati\u00e8re d\u2019accusations de viol. Il assure un accompagnement rigoureux d\u00e8s la garde \u00e0 vue jusqu\u2019\u00e0 la Cour d\u2019assises, veillant au strict respect des garanties proc\u00e9durales.","publisher":{"@id":"https:\/\/kohenavocats.com\/en\/#organization"},"potentialAction":[{"@type":"SearchAction","target":{"@type":"EntryPoint","urlTemplate":"https:\/\/kohenavocats.com\/en\/?s={search_term_string}"},"query-input":{"@type":"PropertyValueSpecification","valueRequired":true,"valueName":"search_term_string"}}],"inLanguage":"en-US"},{"@type":"Organization","@id":"https:\/\/kohenavocats.com\/en\/#organization","name":"Kohen Avocats","url":"https:\/\/kohenavocats.com\/en\/","logo":{"@type":"ImageObject","inLanguage":"en-US","@id":"https:\/\/kohenavocats.com\/en\/#\/schema\/logo\/image\/","url":"https:\/\/kohenavocats.com\/wp-content\/uploads\/2026\/01\/Logo-2-1.webp","contentUrl":"https:\/\/kohenavocats.com\/wp-content\/uploads\/2026\/01\/Logo-2-1.webp","width":2114,"height":1253,"caption":"Kohen Avocats"},"image":{"@id":"https:\/\/kohenavocats.com\/en\/#\/schema\/logo\/image\/"}},{"@type":"Person","@id":"https:\/\/kohenavocats.com\/en\/#\/schema\/person\/761c9ba54fa1ca84d405cef0831ff751","name":"Kohen","image":{"@type":"ImageObject","inLanguage":"en-US","@id":"https:\/\/secure.gravatar.com\/avatar\/1c5e76ef76bbbfdd2b4da984e2bf2fa4056fd51a27d25ce2c332047f1dfd6e00?s=96&d=identicon&r=g","url":"https:\/\/secure.gravatar.com\/avatar\/1c5e76ef76bbbfdd2b4da984e2bf2fa4056fd51a27d25ce2c332047f1dfd6e00?s=96&d=identicon&r=g","contentUrl":"https:\/\/secure.gravatar.com\/avatar\/1c5e76ef76bbbfdd2b4da984e2bf2fa4056fd51a27d25ce2c332047f1dfd6e00?s=96&d=identicon&r=g","caption":"Kohen"},"sameAs":["https:\/\/www.linkedin.com\/in\/hassan-kohen-448548192\/","https:\/\/www.youtube.com\/@Kohen-Avocats"],"url":"https:\/\/kohenavocats.com\/en\/author\/kohenmlk\/"}]}},"jetpack_featured_media_url":"https:\/\/kohenavocats.com\/wp-content\/uploads\/2024\/11\/mohamed-nohassi-hj1WiuQsWzY-unsplash.webp","jetpack_likes_enabled":false,"jetpack_shortlink":"https:\/\/wp.me\/peCrII-2KRc","jetpack-related-posts":[{"id":487724,"url":"https:\/\/kohenavocats.com\/en\/tribunal-judiciaire-de-strasbourg-le-26-novembre-2025-n25-06117\/","url_meta":{"origin":656778,"position":0},"title":"Tribunal judiciaire de Strasbourg, le 26 novembre 2025, n\u00b025\/06117","author":"Kohen","date":"8 April 2026","format":false,"excerpt":"Le tribunal de proximit\u00e9 d'Illkirch-Graffenstaden, si\u00e9geant au tribunal judiciaire de Strasbourg, a statu\u00e9 le vingt-six novembre deux mille vingt-cinq. Un sy...","rel":"","context":"In &quot;Jurisprudence&quot;","block_context":{"text":"Jurisprudence","link":"https:\/\/kohenavocats.com\/category\/jurisprudence\/"},"img":{"alt_text":"","src":"https:\/\/i0.wp.com\/kohenavocats.com\/wp-content\/uploads\/2024\/11\/zyanya-citlalli-050WJlLW2S4-unsplash.webp?resize=350%2C200&ssl=1","width":350,"height":200,"srcset":"https:\/\/i0.wp.com\/kohenavocats.com\/wp-content\/uploads\/2024\/11\/zyanya-citlalli-050WJlLW2S4-unsplash.webp?resize=350%2C200&ssl=1 1x, https:\/\/i0.wp.com\/kohenavocats.com\/wp-content\/uploads\/2024\/11\/zyanya-citlalli-050WJlLW2S4-unsplash.webp?resize=525%2C300&ssl=1 1.5x, https:\/\/i0.wp.com\/kohenavocats.com\/wp-content\/uploads\/2024\/11\/zyanya-citlalli-050WJlLW2S4-unsplash.webp?resize=700%2C400&ssl=1 2x, https:\/\/i0.wp.com\/kohenavocats.com\/wp-content\/uploads\/2024\/11\/zyanya-citlalli-050WJlLW2S4-unsplash.webp?resize=1050%2C600&ssl=1 3x, https:\/\/i0.wp.com\/kohenavocats.com\/wp-content\/uploads\/2024\/11\/zyanya-citlalli-050WJlLW2S4-unsplash.webp?resize=1400%2C800&ssl=1 4x"},"classes":[]},{"id":634422,"url":"https:\/\/kohenavocats.com\/en\/tribunal-judiciaire-de-bordeaux-le-13-mai-2025-n25-01101\/","url_meta":{"origin":656778,"position":1},"title":"Tribunal judiciaire de Bordeaux, le 13 mai 2025, n\u00b025\/01101","author":"Kohen","date":"21 April 2026","format":false,"excerpt":"La cour de Bordeaux, statuant en proc\u00e9dure acc\u00e9l\u00e9r\u00e9e au fond le 13 mai 2025, examine un recouvrement de charges copropri\u00e9taires. Le syndicat agit contre un c...","rel":"","context":"In &quot;Jurisprudence&quot;","block_context":{"text":"Jurisprudence","link":"https:\/\/kohenavocats.com\/category\/jurisprudence\/"},"img":{"alt_text":"","src":"https:\/\/i0.wp.com\/kohenavocats.com\/wp-content\/uploads\/2024\/08\/pierre-antona-ir9dYEOvx5s-unsplash-1.webp?resize=350%2C200&ssl=1","width":350,"height":200,"srcset":"https:\/\/i0.wp.com\/kohenavocats.com\/wp-content\/uploads\/2024\/08\/pierre-antona-ir9dYEOvx5s-unsplash-1.webp?resize=350%2C200&ssl=1 1x, https:\/\/i0.wp.com\/kohenavocats.com\/wp-content\/uploads\/2024\/08\/pierre-antona-ir9dYEOvx5s-unsplash-1.webp?resize=525%2C300&ssl=1 1.5x, https:\/\/i0.wp.com\/kohenavocats.com\/wp-content\/uploads\/2024\/08\/pierre-antona-ir9dYEOvx5s-unsplash-1.webp?resize=700%2C400&ssl=1 2x, https:\/\/i0.wp.com\/kohenavocats.com\/wp-content\/uploads\/2024\/08\/pierre-antona-ir9dYEOvx5s-unsplash-1.webp?resize=1050%2C600&ssl=1 3x, https:\/\/i0.wp.com\/kohenavocats.com\/wp-content\/uploads\/2024\/08\/pierre-antona-ir9dYEOvx5s-unsplash-1.webp?resize=1400%2C800&ssl=1 4x"},"classes":[]},{"id":655620,"url":"https:\/\/kohenavocats.com\/en\/tribunal-judiciaire-de-charleville-mezieres-le-13-octobre-2024-n25-00183\/","url_meta":{"origin":656778,"position":2},"title":"Tribunal judiciaire de Charleville-M\u00e9zi\u00e8res, le 13 octobre 2024, n\u00b025\/00183","author":"Kohen","date":"23 April 2026","format":false,"excerpt":"Le tribunal judiciaire de Charleville-M\u00e9zi\u00e8res, statuant selon la proc\u00e9dure acc\u00e9l\u00e9r\u00e9e au fond, a rendu un jugement le 13 octobre 2024. Un syndicat de copropr...","rel":"","context":"In &quot;Jurisprudence&quot;","block_context":{"text":"Jurisprudence","link":"https:\/\/kohenavocats.com\/category\/jurisprudence\/"},"img":{"alt_text":"","src":"https:\/\/i0.wp.com\/kohenavocats.com\/wp-content\/uploads\/2024\/08\/valdemaras-d-CJAVJ5SF6gA-unsplash.webp?resize=350%2C200&ssl=1","width":350,"height":200,"srcset":"https:\/\/i0.wp.com\/kohenavocats.com\/wp-content\/uploads\/2024\/08\/valdemaras-d-CJAVJ5SF6gA-unsplash.webp?resize=350%2C200&ssl=1 1x, https:\/\/i0.wp.com\/kohenavocats.com\/wp-content\/uploads\/2024\/08\/valdemaras-d-CJAVJ5SF6gA-unsplash.webp?resize=525%2C300&ssl=1 1.5x, https:\/\/i0.wp.com\/kohenavocats.com\/wp-content\/uploads\/2024\/08\/valdemaras-d-CJAVJ5SF6gA-unsplash.webp?resize=700%2C400&ssl=1 2x, https:\/\/i0.wp.com\/kohenavocats.com\/wp-content\/uploads\/2024\/08\/valdemaras-d-CJAVJ5SF6gA-unsplash.webp?resize=1050%2C600&ssl=1 3x, https:\/\/i0.wp.com\/kohenavocats.com\/wp-content\/uploads\/2024\/08\/valdemaras-d-CJAVJ5SF6gA-unsplash.webp?resize=1400%2C800&ssl=1 4x"},"classes":[]},{"id":661712,"url":"https:\/\/kohenavocats.com\/en\/tribunal-judiciaire-de-grenoble-le-27-mars-2026-n25-01198\/","url_meta":{"origin":656778,"position":3},"title":"Tribunal judiciaire de Grenoble, le 27 mars 2026, n\u00b025\/01198","author":"Kohen","date":"23 April 2026","format":false,"excerpt":"Le tribunal judiciaire, statuant le 27 mars 2026, a condamn\u00e9 un copropri\u00e9taire d\u00e9faillant au paiement de charges. Le syndicat des copropri\u00e9taires avait engag...","rel":"","context":"In &quot;Jurisprudence&quot;","block_context":{"text":"Jurisprudence","link":"https:\/\/kohenavocats.com\/category\/jurisprudence\/"},"img":{"alt_text":"","src":"https:\/\/i0.wp.com\/kohenavocats.com\/wp-content\/uploads\/2024\/08\/yohan-marion-UYA82FGMzFE-unsplash.webp?resize=350%2C200&ssl=1","width":350,"height":200,"srcset":"https:\/\/i0.wp.com\/kohenavocats.com\/wp-content\/uploads\/2024\/08\/yohan-marion-UYA82FGMzFE-unsplash.webp?resize=350%2C200&ssl=1 1x, https:\/\/i0.wp.com\/kohenavocats.com\/wp-content\/uploads\/2024\/08\/yohan-marion-UYA82FGMzFE-unsplash.webp?resize=525%2C300&ssl=1 1.5x, https:\/\/i0.wp.com\/kohenavocats.com\/wp-content\/uploads\/2024\/08\/yohan-marion-UYA82FGMzFE-unsplash.webp?resize=700%2C400&ssl=1 2x, https:\/\/i0.wp.com\/kohenavocats.com\/wp-content\/uploads\/2024\/08\/yohan-marion-UYA82FGMzFE-unsplash.webp?resize=1050%2C600&ssl=1 3x, https:\/\/i0.wp.com\/kohenavocats.com\/wp-content\/uploads\/2024\/08\/yohan-marion-UYA82FGMzFE-unsplash.webp?resize=1400%2C800&ssl=1 4x"},"classes":[]},{"id":625838,"url":"https:\/\/kohenavocats.com\/en\/tribunal-judiciaire-de-paris-le-16-octobre-2025-n25-04299\/","url_meta":{"origin":656778,"position":4},"title":"Tribunal judiciaire de Paris, le 16 octobre 2025, n\u00b025\/04299","author":"Kohen","date":"20 April 2026","format":false,"excerpt":"Le tribunal judiciaire de Paris, statuant le seize octobre deux mille vingt-cinq, a \u00e9t\u00e9 saisi d'une action en paiement intent\u00e9e par un syndicat de copropri\u00e9t...","rel":"","context":"In &quot;Jurisprudence&quot;","block_context":{"text":"Jurisprudence","link":"https:\/\/kohenavocats.com\/category\/jurisprudence\/"},"img":{"alt_text":"","src":"https:\/\/i0.wp.com\/kohenavocats.com\/wp-content\/uploads\/2024\/11\/virginia-marinova-3UfkjHxVch0-unsplash.webp?resize=350%2C200&ssl=1","width":350,"height":200,"srcset":"https:\/\/i0.wp.com\/kohenavocats.com\/wp-content\/uploads\/2024\/11\/virginia-marinova-3UfkjHxVch0-unsplash.webp?resize=350%2C200&ssl=1 1x, https:\/\/i0.wp.com\/kohenavocats.com\/wp-content\/uploads\/2024\/11\/virginia-marinova-3UfkjHxVch0-unsplash.webp?resize=525%2C300&ssl=1 1.5x, https:\/\/i0.wp.com\/kohenavocats.com\/wp-content\/uploads\/2024\/11\/virginia-marinova-3UfkjHxVch0-unsplash.webp?resize=700%2C400&ssl=1 2x, https:\/\/i0.wp.com\/kohenavocats.com\/wp-content\/uploads\/2024\/11\/virginia-marinova-3UfkjHxVch0-unsplash.webp?resize=1050%2C600&ssl=1 3x, https:\/\/i0.wp.com\/kohenavocats.com\/wp-content\/uploads\/2024\/11\/virginia-marinova-3UfkjHxVch0-unsplash.webp?resize=1400%2C800&ssl=1 4x"},"classes":[]},{"id":488169,"url":"https:\/\/kohenavocats.com\/en\/tribunal-judiciaire-de-bourg-en-bresse-le-25-novembre-2025-n25-02009\/","url_meta":{"origin":656778,"position":5},"title":"Tribunal judiciaire de Bourg-en-Bresse, le 25 novembre 2025, n\u00b025\/02009","author":"Kohen","date":"8 April 2026","format":false,"excerpt":"Le Tribunal judiciaire de Bourg-en-Bresse, statuant selon la proc\u00e9dure acc\u00e9l\u00e9r\u00e9e au fond le 25 novembre 2025, se prononce sur un recouvrement de charges de c...","rel":"","context":"In &quot;Jurisprudence&quot;","block_context":{"text":"Jurisprudence","link":"https:\/\/kohenavocats.com\/category\/jurisprudence\/"},"img":{"alt_text":"","src":"https:\/\/i0.wp.com\/kohenavocats.com\/wp-content\/uploads\/2024\/11\/ave-calvar-yJLFsme5WMU-unsplash.webp?resize=350%2C200&ssl=1","width":350,"height":200,"srcset":"https:\/\/i0.wp.com\/kohenavocats.com\/wp-content\/uploads\/2024\/11\/ave-calvar-yJLFsme5WMU-unsplash.webp?resize=350%2C200&ssl=1 1x, https:\/\/i0.wp.com\/kohenavocats.com\/wp-content\/uploads\/2024\/11\/ave-calvar-yJLFsme5WMU-unsplash.webp?resize=525%2C300&ssl=1 1.5x, https:\/\/i0.wp.com\/kohenavocats.com\/wp-content\/uploads\/2024\/11\/ave-calvar-yJLFsme5WMU-unsplash.webp?resize=700%2C400&ssl=1 2x, https:\/\/i0.wp.com\/kohenavocats.com\/wp-content\/uploads\/2024\/11\/ave-calvar-yJLFsme5WMU-unsplash.webp?resize=1050%2C600&ssl=1 3x, https:\/\/i0.wp.com\/kohenavocats.com\/wp-content\/uploads\/2024\/11\/ave-calvar-yJLFsme5WMU-unsplash.webp?resize=1400%2C800&ssl=1 4x"},"classes":[]}],"jetpack_sharing_enabled":true,"_links":{"self":[{"href":"https:\/\/kohenavocats.com\/en\/wp-json\/wp\/v2\/posts\/656778","targetHints":{"allow":["GET"]}}],"collection":[{"href":"https:\/\/kohenavocats.com\/en\/wp-json\/wp\/v2\/posts"}],"about":[{"href":"https:\/\/kohenavocats.com\/en\/wp-json\/wp\/v2\/types\/post"}],"author":[{"embeddable":true,"href":"https:\/\/kohenavocats.com\/en\/wp-json\/wp\/v2\/users\/232070755"}],"replies":[{"embeddable":true,"href":"https:\/\/kohenavocats.com\/en\/wp-json\/wp\/v2\/comments?post=656778"}],"version-history":[{"count":0,"href":"https:\/\/kohenavocats.com\/en\/wp-json\/wp\/v2\/posts\/656778\/revisions"}],"wp:featuredmedia":[{"embeddable":true,"href":"https:\/\/kohenavocats.com\/en\/wp-json\/wp\/v2\/media\/9443"}],"wp:attachment":[{"href":"https:\/\/kohenavocats.com\/en\/wp-json\/wp\/v2\/media?parent=656778"}],"wp:term":[{"taxonomy":"category","embeddable":true,"href":"https:\/\/kohenavocats.com\/en\/wp-json\/wp\/v2\/categories?post=656778"},{"taxonomy":"post_tag","embeddable":true,"href":"https:\/\/kohenavocats.com\/en\/wp-json\/wp\/v2\/tags?post=656778"}],"curies":[{"name":"wp","href":"https:\/\/api.w.org\/{rel}","templated":true}]}}