{"id":657326,"date":"2026-04-23T09:08:23","date_gmt":"2026-04-23T07:08:23","guid":{"rendered":"https:\/\/kohenavocats.com\/cour-dappel-de-appel-dangers-le-13-avril-2023-n24-01667\/"},"modified":"2026-04-23T09:08:23","modified_gmt":"2026-04-23T07:08:23","slug":"cour-dappel-de-appel-dangers-le-13-avril-2023-n24-01667","status":"publish","type":"post","link":"https:\/\/kohenavocats.com\/en\/cour-dappel-de-appel-dangers-le-13-avril-2023-n24-01667\/","title":{"rendered":"Cour d&#8217;appel de appel d&#8217;Angers, le 13 avril 2023, n\u00b024\/01667"},"content":{"rendered":"<div class=\"article-content\">\n<p>La validation du prononc\u00e9 de l&#8217;astreinte<\/p>\n<p>La cour \u00e9carte tout d&#8217;abord les arguments contestant la validit\u00e9 de la condamnation \u00e0 l&#8217;astreinte. Elle rappelle que l&#8217;obligation de communication trouve sa source dans un protocole d&#8217;accord homologu\u00e9. L&#8217;astreinte litigieuse ne d\u00e9coule pas d&#8217;une ordonnance ant\u00e9rieure potentiellement caduque. Elle r\u00e9sulte d&#8217;une &#8220;ordonnance de r\u00e9f\u00e9r\u00e9 du 13 avril 2023&#8221; dont la signification r\u00e9guli\u00e8re n&#8217;est pas s\u00e9rieusement contest\u00e9e. La soci\u00e9t\u00e9 peut donc poursuivre sa liquidation. La r\u00e9f\u00e9rence au protocole dans la d\u00e9cision pronon\u00e7ant l&#8217;astreinte ne lui enl\u00e8ve pas son caract\u00e8re ex\u00e9cutoire.<\/p>\n<p>La cour neutralise ensuite l&#8217;objection tir\u00e9e de l&#8217;incertitude sur le contrat vis\u00e9. Le d\u00e9bat sur l&#8217;identit\u00e9 du deuxi\u00e8me contrat professionnel est sans incidence sur la validit\u00e9 de l&#8217;injonction. L&#8217;ordonnance &#8220;n&#8217;assortit d&#8217;une astreinte que l&#8217;obligation pour [le joueur] de communiquer son deuxi\u00e8me contrat professionnel, quel qu&#8217;il ait \u00e9t\u00e9&#8221;. Cette question rel\u00e8ve de l&#8217;appr\u00e9ciation des difficult\u00e9s d&#8217;ex\u00e9cution et non de la r\u00e9gularit\u00e9 du prononc\u00e9. La cour affirme ainsi l&#8217;autonomie de la condamnation sous astreinte par rapport au fond du droit.<\/p>\n<p>La liquidation proportionn\u00e9e de l&#8217;astreinte<\/p>\n<p>Sur la suppression de l&#8217;astreinte, la cour op\u00e8re un contr\u00f4le strict de la cause \u00e9trang\u00e8re. Elle confirme la suppression pour la p\u00e9riode ant\u00e9rieure au 24 octobre 2023. La connaissance effective de l&#8217;injonction par le d\u00e9biteur est un pr\u00e9alable n\u00e9cessaire. Les significations initiales furent jug\u00e9es insuffisantes, cr\u00e9ant une &#8220;impossibilit\u00e9 pour [le joueur] de se conformer \u00e0 l&#8217;injonction&#8221;. La cour rejette en revanche la suppression pour la p\u00e9riode post\u00e9rieure. Les diligences du d\u00e9biteur pour obtenir le contrat furent consid\u00e9r\u00e9es comme trop limit\u00e9es. Une &#8220;unique lettre n&#8217;est pas suffisante pour caract\u00e9riser une cause \u00e9trang\u00e8re&#8221;.<\/p>\n<p>Concernant la mod\u00e9ration du montant, la cour valide le pouvoir d&#8217;appr\u00e9ciation du juge. Le premier juge a r\u00e9duit l&#8217;astreinte au motif qu&#8217;elle \u00e9tait &#8220;disproportionn\u00e9e au regard de la somme \u00e0 recouvrer&#8221;. La cour approuve ce raisonnement en exigeant &#8220;un rapport raisonnable de proportionnalit\u00e9&#8221;. Elle constate que la liquidation int\u00e9grale aboutirait \u00e0 un montant \u00e9quivalent \u00e0 la cr\u00e9ance principale. La mod\u00e9ration \u00e0 12 000 euros est donc justifi\u00e9e. Cette solution rejoint une jurisprudence ant\u00e9rieure o\u00f9 il fut jug\u00e9 qu'&#8221;il y a lieu de liquider d\u00e9finitivement l&#8217;astreinte \u00e0 la somme de 12000 euros&#8221; (Tribunal judiciaire de Cr\u00e9teil, le 28 janvier 2025, n\u00b024\/00577). L&#8217;arr\u00eat consacre le contr\u00f4le de proportionnalit\u00e9 comme garde-fou essentiel contre les astreintes confiscatoires.<\/p>\n<\/div>\n","protected":false},"excerpt":{"rendered":"<p>La validation du prononc\u00e9 de l&#8217;astreinte<\/p>\n","protected":false},"author":232070755,"featured_media":4866,"comment_status":"open","ping_status":"open","sticky":false,"template":"","format":"standard","meta":{"_crdt_document":"","_jetpack_newsletter_access":"","_jetpack_dont_email_post_to_subs":false,"_jetpack_newsletter_tier_id":0,"_jetpack_memberships_contains_paywalled_content":false,"_kj_source_type":"judilibre","_kj_official_id":"68dce6bfa97254e6daf5e3ba","_kj_official_url":"https:\/\/www.courdecassation.fr\/decision\/68dce6bfa97254e6daf5e3ba","_kj_judilibre_id":"68dce6bfa97254e6daf5e3ba","_kj_jur":"Cour d'appel","_kj_lieu":"Cour d'appel d'Angers","_kj_chambre":"Chambre A - Commerciale","_kj_rg":"24\/01667","_kj_date":"2025-09-30","_jetpack_memberships_contains_paid_content":false,"footnotes":"","jetpack_post_was_ever_published":false},"categories":[7597],"tags":[],"class_list":["post-657326","post","type-post","status-publish","format-standard","has-post-thumbnail","hentry","category-jurisprudence"],"yoast_head":"<!-- This site is optimized with the Yoast SEO Premium plugin v27.5 (Yoast SEO v27.5) - https:\/\/yoast.com\/product\/yoast-seo-premium-wordpress\/ -->\n<title>Cour d&#039;appel de appel d&#039;Angers, le 13 avril 2023, n\u00b024\/01667 - Ma\u00eetre Hassan Kohen, avocat en droit p\u00e9nal \u00e0 Paris<\/title>\n<meta name=\"description\" content=\"La validation du prononc\u00e9 de l&#039;astreinte\" \/>\n<meta name=\"robots\" content=\"index, follow, max-snippet:-1, max-image-preview:large, max-video-preview:-1\" \/>\n<link rel=\"canonical\" href=\"https:\/\/kohenavocats.com\/en\/cour-dappel-de-appel-dangers-le-13-avril-2023-n24-01667\/\" \/>\n<meta property=\"og:locale\" content=\"en_US\" \/>\n<meta property=\"og:type\" content=\"article\" \/>\n<meta property=\"og:title\" content=\"Cour d&#039;appel de appel d&#039;Angers, le 13 avril 2023, n\u00b024\/01667\" \/>\n<meta property=\"og:description\" content=\"La validation du prononc\u00e9 de l&#039;astreinte\" \/>\n<meta property=\"og:url\" content=\"https:\/\/kohenavocats.com\/en\/cour-dappel-de-appel-dangers-le-13-avril-2023-n24-01667\/\" \/>\n<meta property=\"og:site_name\" content=\"Ma\u00eetre Hassan Kohen, avocat en droit p\u00e9nal \u00e0 Paris\" \/>\n<meta property=\"article:published_time\" content=\"2026-04-23T07:08:23+00:00\" \/>\n<meta property=\"og:image\" content=\"https:\/\/kohenavocats.com\/wp-content\/uploads\/2024\/08\/maharram-hasanli-fB8GhyWNKow-unsplash.webp\" \/>\n\t<meta property=\"og:image:width\" content=\"3360\" \/>\n\t<meta property=\"og:image:height\" content=\"2240\" \/>\n\t<meta property=\"og:image:type\" content=\"image\/webp\" \/>\n<meta name=\"author\" content=\"Kohen\" \/>\n<meta name=\"twitter:card\" content=\"summary_large_image\" \/>\n<meta name=\"twitter:label1\" content=\"Written by\" \/>\n\t<meta name=\"twitter:data1\" content=\"Kohen\" \/>\n\t<meta name=\"twitter:label2\" content=\"Est. reading time\" \/>\n\t<meta name=\"twitter:data2\" content=\"2 minutes\" \/>\n<script type=\"application\/ld+json\" class=\"yoast-schema-graph\">{\"@context\":\"https:\\\/\\\/schema.org\",\"@graph\":[{\"@type\":\"Article\",\"@id\":\"https:\\\/\\\/kohenavocats.com\\\/en\\\/cour-dappel-de-appel-dangers-le-13-avril-2023-n24-01667\\\/#article\",\"isPartOf\":{\"@id\":\"https:\\\/\\\/kohenavocats.com\\\/en\\\/cour-dappel-de-appel-dangers-le-13-avril-2023-n24-01667\\\/\"},\"author\":{\"name\":\"Kohen\",\"@id\":\"https:\\\/\\\/kohenavocats.com\\\/en\\\/#\\\/schema\\\/person\\\/761c9ba54fa1ca84d405cef0831ff751\"},\"headline\":\"Cour d&#8217;appel de appel d&#8217;Angers, le 13 avril 2023, n\u00b024\\\/01667\",\"datePublished\":\"2026-04-23T07:08:23+00:00\",\"mainEntityOfPage\":{\"@id\":\"https:\\\/\\\/kohenavocats.com\\\/en\\\/cour-dappel-de-appel-dangers-le-13-avril-2023-n24-01667\\\/\"},\"wordCount\":458,\"commentCount\":0,\"publisher\":{\"@id\":\"https:\\\/\\\/kohenavocats.com\\\/en\\\/#organization\"},\"image\":{\"@id\":\"https:\\\/\\\/kohenavocats.com\\\/en\\\/cour-dappel-de-appel-dangers-le-13-avril-2023-n24-01667\\\/#primaryimage\"},\"thumbnailUrl\":\"https:\\\/\\\/kohenavocats.com\\\/wp-content\\\/uploads\\\/2024\\\/08\\\/maharram-hasanli-fB8GhyWNKow-unsplash.webp\",\"articleSection\":[\"Jurisprudence\"],\"inLanguage\":\"en-US\",\"potentialAction\":[{\"@type\":\"CommentAction\",\"name\":\"Comment\",\"target\":[\"https:\\\/\\\/kohenavocats.com\\\/en\\\/cour-dappel-de-appel-dangers-le-13-avril-2023-n24-01667\\\/#respond\"]}],\"citation\":\"Cour d&#8217;appel de appel d&#8217;Angers, le 13 avril 2023, n\u00b024\\\/01667\",\"about\":[{\"@type\":\"Thing\",\"name\":\"Jurisprudence\"}],\"dateModified\":\"2026-04-23T07:08:23+00:00\",\"speakable\":{\"@type\":\"SpeakableSpecification\",\"cssSelector\":[\".article-content > p:first-of-type\"]}},{\"@type\":\"WebPage\",\"@id\":\"https:\\\/\\\/kohenavocats.com\\\/en\\\/cour-dappel-de-appel-dangers-le-13-avril-2023-n24-01667\\\/\",\"url\":\"https:\\\/\\\/kohenavocats.com\\\/en\\\/cour-dappel-de-appel-dangers-le-13-avril-2023-n24-01667\\\/\",\"name\":\"Cour d'appel de appel d'Angers, le 13 avril 2023, n\u00b024\\\/01667 - Ma\u00eetre Hassan Kohen, avocat en droit p\u00e9nal \u00e0 Paris\",\"isPartOf\":{\"@id\":\"https:\\\/\\\/kohenavocats.com\\\/en\\\/#website\"},\"primaryImageOfPage\":{\"@id\":\"https:\\\/\\\/kohenavocats.com\\\/en\\\/cour-dappel-de-appel-dangers-le-13-avril-2023-n24-01667\\\/#primaryimage\"},\"image\":{\"@id\":\"https:\\\/\\\/kohenavocats.com\\\/en\\\/cour-dappel-de-appel-dangers-le-13-avril-2023-n24-01667\\\/#primaryimage\"},\"thumbnailUrl\":\"https:\\\/\\\/kohenavocats.com\\\/wp-content\\\/uploads\\\/2024\\\/08\\\/maharram-hasanli-fB8GhyWNKow-unsplash.webp\",\"datePublished\":\"2026-04-23T07:08:23+00:00\",\"description\":\"La validation du prononc\u00e9 de l'astreinte\",\"breadcrumb\":{\"@id\":\"https:\\\/\\\/kohenavocats.com\\\/en\\\/cour-dappel-de-appel-dangers-le-13-avril-2023-n24-01667\\\/#breadcrumb\"},\"inLanguage\":\"en-US\",\"potentialAction\":[{\"@type\":\"ReadAction\",\"target\":[\"https:\\\/\\\/kohenavocats.com\\\/en\\\/cour-dappel-de-appel-dangers-le-13-avril-2023-n24-01667\\\/\"]}]},{\"@type\":\"ImageObject\",\"inLanguage\":\"en-US\",\"@id\":\"https:\\\/\\\/kohenavocats.com\\\/en\\\/cour-dappel-de-appel-dangers-le-13-avril-2023-n24-01667\\\/#primaryimage\",\"url\":\"https:\\\/\\\/kohenavocats.com\\\/wp-content\\\/uploads\\\/2024\\\/08\\\/maharram-hasanli-fB8GhyWNKow-unsplash.webp\",\"contentUrl\":\"https:\\\/\\\/kohenavocats.com\\\/wp-content\\\/uploads\\\/2024\\\/08\\\/maharram-hasanli-fB8GhyWNKow-unsplash.webp\",\"width\":3360,\"height\":2240},{\"@type\":\"BreadcrumbList\",\"@id\":\"https:\\\/\\\/kohenavocats.com\\\/en\\\/cour-dappel-de-appel-dangers-le-13-avril-2023-n24-01667\\\/#breadcrumb\",\"itemListElement\":[{\"@type\":\"ListItem\",\"position\":1,\"name\":\"Home\",\"item\":\"https:\\\/\\\/kohenavocats.com\\\/en\\\/criminal-law-attorneys-in-paris-counsel-and-strategic-defense\\\/\"},{\"@type\":\"ListItem\",\"position\":2,\"name\":\"Cour d&rsquo;appel de appel d&rsquo;Angers, le 13 avril 2023, n\u00b024\\\/01667\"}]},{\"@type\":\"WebSite\",\"@id\":\"https:\\\/\\\/kohenavocats.com\\\/en\\\/#website\",\"url\":\"https:\\\/\\\/kohenavocats.com\\\/en\\\/\",\"name\":\"Kohen Avocats\",\"description\":\"Ma\u00eetre Hassan Kohen, avocat p\u00e9naliste \u00e0 Paris, intervient exclusivement en droit p\u00e9nal pour la d\u00e9fense des particuliers, notamment en mati\u00e8re d\u2019accusations de viol. Il assure un accompagnement rigoureux d\u00e8s la garde \u00e0 vue jusqu\u2019\u00e0 la Cour d\u2019assises, veillant au strict respect des garanties proc\u00e9durales.\",\"publisher\":{\"@id\":\"https:\\\/\\\/kohenavocats.com\\\/en\\\/#organization\"},\"potentialAction\":[{\"@type\":\"SearchAction\",\"target\":{\"@type\":\"EntryPoint\",\"urlTemplate\":\"https:\\\/\\\/kohenavocats.com\\\/en\\\/?s={search_term_string}\"},\"query-input\":{\"@type\":\"PropertyValueSpecification\",\"valueRequired\":true,\"valueName\":\"search_term_string\"}}],\"inLanguage\":\"en-US\"},{\"@type\":\"Organization\",\"@id\":\"https:\\\/\\\/kohenavocats.com\\\/en\\\/#organization\",\"name\":\"Kohen Avocats\",\"url\":\"https:\\\/\\\/kohenavocats.com\\\/en\\\/\",\"logo\":{\"@type\":\"ImageObject\",\"inLanguage\":\"en-US\",\"@id\":\"https:\\\/\\\/kohenavocats.com\\\/en\\\/#\\\/schema\\\/logo\\\/image\\\/\",\"url\":\"https:\\\/\\\/kohenavocats.com\\\/wp-content\\\/uploads\\\/2026\\\/01\\\/Logo-2-1.webp\",\"contentUrl\":\"https:\\\/\\\/kohenavocats.com\\\/wp-content\\\/uploads\\\/2026\\\/01\\\/Logo-2-1.webp\",\"width\":2114,\"height\":1253,\"caption\":\"Kohen Avocats\"},\"image\":{\"@id\":\"https:\\\/\\\/kohenavocats.com\\\/en\\\/#\\\/schema\\\/logo\\\/image\\\/\"}},{\"@type\":\"Person\",\"@id\":\"https:\\\/\\\/kohenavocats.com\\\/en\\\/#\\\/schema\\\/person\\\/761c9ba54fa1ca84d405cef0831ff751\",\"name\":\"Kohen\",\"image\":{\"@type\":\"ImageObject\",\"inLanguage\":\"en-US\",\"@id\":\"https:\\\/\\\/secure.gravatar.com\\\/avatar\\\/1c5e76ef76bbbfdd2b4da984e2bf2fa4056fd51a27d25ce2c332047f1dfd6e00?s=96&d=identicon&r=g\",\"url\":\"https:\\\/\\\/secure.gravatar.com\\\/avatar\\\/1c5e76ef76bbbfdd2b4da984e2bf2fa4056fd51a27d25ce2c332047f1dfd6e00?s=96&d=identicon&r=g\",\"contentUrl\":\"https:\\\/\\\/secure.gravatar.com\\\/avatar\\\/1c5e76ef76bbbfdd2b4da984e2bf2fa4056fd51a27d25ce2c332047f1dfd6e00?s=96&d=identicon&r=g\",\"caption\":\"Kohen\"},\"sameAs\":[\"https:\\\/\\\/www.linkedin.com\\\/in\\\/hassan-kohen-448548192\\\/\",\"https:\\\/\\\/www.youtube.com\\\/@Kohen-Avocats\"],\"url\":\"https:\\\/\\\/kohenavocats.com\\\/en\\\/author\\\/kohenmlk\\\/\"}]}<\/script>\n<!-- \/ Yoast SEO Premium plugin. -->","yoast_head_json":{"title":"Cour d'appel de appel d'Angers, le 13 avril 2023, n\u00b024\/01667 - Ma\u00eetre Hassan Kohen, avocat en droit p\u00e9nal \u00e0 Paris","description":"La validation du prononc\u00e9 de l'astreinte","robots":{"index":"index","follow":"follow","max-snippet":"max-snippet:-1","max-image-preview":"max-image-preview:large","max-video-preview":"max-video-preview:-1"},"canonical":"https:\/\/kohenavocats.com\/en\/cour-dappel-de-appel-dangers-le-13-avril-2023-n24-01667\/","og_locale":"en_US","og_type":"article","og_title":"Cour d'appel de appel d'Angers, le 13 avril 2023, n\u00b024\/01667","og_description":"La validation du prononc\u00e9 de l'astreinte","og_url":"https:\/\/kohenavocats.com\/en\/cour-dappel-de-appel-dangers-le-13-avril-2023-n24-01667\/","og_site_name":"Ma\u00eetre Hassan Kohen, avocat en droit p\u00e9nal \u00e0 Paris","article_published_time":"2026-04-23T07:08:23+00:00","og_image":[{"width":3360,"height":2240,"url":"https:\/\/kohenavocats.com\/wp-content\/uploads\/2024\/08\/maharram-hasanli-fB8GhyWNKow-unsplash.webp","type":"image\/webp"}],"author":"Kohen","twitter_card":"summary_large_image","twitter_misc":{"Written by":"Kohen","Est. reading time":"2 minutes"},"schema":{"@context":"https:\/\/schema.org","@graph":[{"@type":"Article","@id":"https:\/\/kohenavocats.com\/en\/cour-dappel-de-appel-dangers-le-13-avril-2023-n24-01667\/#article","isPartOf":{"@id":"https:\/\/kohenavocats.com\/en\/cour-dappel-de-appel-dangers-le-13-avril-2023-n24-01667\/"},"author":{"name":"Kohen","@id":"https:\/\/kohenavocats.com\/en\/#\/schema\/person\/761c9ba54fa1ca84d405cef0831ff751"},"headline":"Cour d&#8217;appel de appel d&#8217;Angers, le 13 avril 2023, n\u00b024\/01667","datePublished":"2026-04-23T07:08:23+00:00","mainEntityOfPage":{"@id":"https:\/\/kohenavocats.com\/en\/cour-dappel-de-appel-dangers-le-13-avril-2023-n24-01667\/"},"wordCount":458,"commentCount":0,"publisher":{"@id":"https:\/\/kohenavocats.com\/en\/#organization"},"image":{"@id":"https:\/\/kohenavocats.com\/en\/cour-dappel-de-appel-dangers-le-13-avril-2023-n24-01667\/#primaryimage"},"thumbnailUrl":"https:\/\/kohenavocats.com\/wp-content\/uploads\/2024\/08\/maharram-hasanli-fB8GhyWNKow-unsplash.webp","articleSection":["Jurisprudence"],"inLanguage":"en-US","potentialAction":[{"@type":"CommentAction","name":"Comment","target":["https:\/\/kohenavocats.com\/en\/cour-dappel-de-appel-dangers-le-13-avril-2023-n24-01667\/#respond"]}],"citation":"Cour d&#8217;appel de appel d&#8217;Angers, le 13 avril 2023, n\u00b024\/01667","about":[{"@type":"Thing","name":"Jurisprudence"}],"dateModified":"2026-04-23T07:08:23+00:00","speakable":{"@type":"SpeakableSpecification","cssSelector":[".article-content > p:first-of-type"]}},{"@type":"WebPage","@id":"https:\/\/kohenavocats.com\/en\/cour-dappel-de-appel-dangers-le-13-avril-2023-n24-01667\/","url":"https:\/\/kohenavocats.com\/en\/cour-dappel-de-appel-dangers-le-13-avril-2023-n24-01667\/","name":"Cour d'appel de appel d'Angers, le 13 avril 2023, n\u00b024\/01667 - Ma\u00eetre Hassan Kohen, avocat en droit p\u00e9nal \u00e0 Paris","isPartOf":{"@id":"https:\/\/kohenavocats.com\/en\/#website"},"primaryImageOfPage":{"@id":"https:\/\/kohenavocats.com\/en\/cour-dappel-de-appel-dangers-le-13-avril-2023-n24-01667\/#primaryimage"},"image":{"@id":"https:\/\/kohenavocats.com\/en\/cour-dappel-de-appel-dangers-le-13-avril-2023-n24-01667\/#primaryimage"},"thumbnailUrl":"https:\/\/kohenavocats.com\/wp-content\/uploads\/2024\/08\/maharram-hasanli-fB8GhyWNKow-unsplash.webp","datePublished":"2026-04-23T07:08:23+00:00","description":"La validation du prononc\u00e9 de l'astreinte","breadcrumb":{"@id":"https:\/\/kohenavocats.com\/en\/cour-dappel-de-appel-dangers-le-13-avril-2023-n24-01667\/#breadcrumb"},"inLanguage":"en-US","potentialAction":[{"@type":"ReadAction","target":["https:\/\/kohenavocats.com\/en\/cour-dappel-de-appel-dangers-le-13-avril-2023-n24-01667\/"]}]},{"@type":"ImageObject","inLanguage":"en-US","@id":"https:\/\/kohenavocats.com\/en\/cour-dappel-de-appel-dangers-le-13-avril-2023-n24-01667\/#primaryimage","url":"https:\/\/kohenavocats.com\/wp-content\/uploads\/2024\/08\/maharram-hasanli-fB8GhyWNKow-unsplash.webp","contentUrl":"https:\/\/kohenavocats.com\/wp-content\/uploads\/2024\/08\/maharram-hasanli-fB8GhyWNKow-unsplash.webp","width":3360,"height":2240},{"@type":"BreadcrumbList","@id":"https:\/\/kohenavocats.com\/en\/cour-dappel-de-appel-dangers-le-13-avril-2023-n24-01667\/#breadcrumb","itemListElement":[{"@type":"ListItem","position":1,"name":"Home","item":"https:\/\/kohenavocats.com\/en\/criminal-law-attorneys-in-paris-counsel-and-strategic-defense\/"},{"@type":"ListItem","position":2,"name":"Cour d&rsquo;appel de appel d&rsquo;Angers, le 13 avril 2023, n\u00b024\/01667"}]},{"@type":"WebSite","@id":"https:\/\/kohenavocats.com\/en\/#website","url":"https:\/\/kohenavocats.com\/en\/","name":"Kohen Avocats","description":"Ma\u00eetre Hassan Kohen, avocat p\u00e9naliste \u00e0 Paris, intervient exclusivement en droit p\u00e9nal pour la d\u00e9fense des particuliers, notamment en mati\u00e8re d\u2019accusations de viol. Il assure un accompagnement rigoureux d\u00e8s la garde \u00e0 vue jusqu\u2019\u00e0 la Cour d\u2019assises, veillant au strict respect des garanties proc\u00e9durales.","publisher":{"@id":"https:\/\/kohenavocats.com\/en\/#organization"},"potentialAction":[{"@type":"SearchAction","target":{"@type":"EntryPoint","urlTemplate":"https:\/\/kohenavocats.com\/en\/?s={search_term_string}"},"query-input":{"@type":"PropertyValueSpecification","valueRequired":true,"valueName":"search_term_string"}}],"inLanguage":"en-US"},{"@type":"Organization","@id":"https:\/\/kohenavocats.com\/en\/#organization","name":"Kohen Avocats","url":"https:\/\/kohenavocats.com\/en\/","logo":{"@type":"ImageObject","inLanguage":"en-US","@id":"https:\/\/kohenavocats.com\/en\/#\/schema\/logo\/image\/","url":"https:\/\/kohenavocats.com\/wp-content\/uploads\/2026\/01\/Logo-2-1.webp","contentUrl":"https:\/\/kohenavocats.com\/wp-content\/uploads\/2026\/01\/Logo-2-1.webp","width":2114,"height":1253,"caption":"Kohen Avocats"},"image":{"@id":"https:\/\/kohenavocats.com\/en\/#\/schema\/logo\/image\/"}},{"@type":"Person","@id":"https:\/\/kohenavocats.com\/en\/#\/schema\/person\/761c9ba54fa1ca84d405cef0831ff751","name":"Kohen","image":{"@type":"ImageObject","inLanguage":"en-US","@id":"https:\/\/secure.gravatar.com\/avatar\/1c5e76ef76bbbfdd2b4da984e2bf2fa4056fd51a27d25ce2c332047f1dfd6e00?s=96&d=identicon&r=g","url":"https:\/\/secure.gravatar.com\/avatar\/1c5e76ef76bbbfdd2b4da984e2bf2fa4056fd51a27d25ce2c332047f1dfd6e00?s=96&d=identicon&r=g","contentUrl":"https:\/\/secure.gravatar.com\/avatar\/1c5e76ef76bbbfdd2b4da984e2bf2fa4056fd51a27d25ce2c332047f1dfd6e00?s=96&d=identicon&r=g","caption":"Kohen"},"sameAs":["https:\/\/www.linkedin.com\/in\/hassan-kohen-448548192\/","https:\/\/www.youtube.com\/@Kohen-Avocats"],"url":"https:\/\/kohenavocats.com\/en\/author\/kohenmlk\/"}]}},"jetpack_featured_media_url":"https:\/\/kohenavocats.com\/wp-content\/uploads\/2024\/08\/maharram-hasanli-fB8GhyWNKow-unsplash.webp","jetpack_likes_enabled":false,"jetpack_shortlink":"https:\/\/wp.me\/peCrII-2L02","jetpack-related-posts":[{"id":685014,"url":"https:\/\/kohenavocats.com\/en\/cour-dappel-de-metz-le-16-mai-2024-n24-01015\/","url_meta":{"origin":657326,"position":0},"title":"Cour d&#8217;appel de Metz, le 16 mai 2024, n\u00b024\/01015","author":"Kohen","date":"25 April 2026","format":false,"excerpt":"La Cour d'appel de Metz, 14 ao\u00fbt 2025, se prononce sur l'appel d'une d\u00e9cision du juge de l'ex\u00e9cution de Metz du 16 mai 2024 relative \u00e0 la liquidation d'une a...","rel":"","context":"In &quot;Jurisprudence&quot;","block_context":{"text":"Jurisprudence","link":"https:\/\/kohenavocats.com\/category\/jurisprudence\/"},"img":{"alt_text":"","src":"https:\/\/i0.wp.com\/kohenavocats.com\/wp-content\/uploads\/2024\/08\/pascal-bernardon-UDzwFLM50Ac-unsplash.webp?resize=350%2C200&ssl=1","width":350,"height":200,"srcset":"https:\/\/i0.wp.com\/kohenavocats.com\/wp-content\/uploads\/2024\/08\/pascal-bernardon-UDzwFLM50Ac-unsplash.webp?resize=350%2C200&ssl=1 1x, https:\/\/i0.wp.com\/kohenavocats.com\/wp-content\/uploads\/2024\/08\/pascal-bernardon-UDzwFLM50Ac-unsplash.webp?resize=525%2C300&ssl=1 1.5x, https:\/\/i0.wp.com\/kohenavocats.com\/wp-content\/uploads\/2024\/08\/pascal-bernardon-UDzwFLM50Ac-unsplash.webp?resize=700%2C400&ssl=1 2x, https:\/\/i0.wp.com\/kohenavocats.com\/wp-content\/uploads\/2024\/08\/pascal-bernardon-UDzwFLM50Ac-unsplash.webp?resize=1050%2C600&ssl=1 3x, https:\/\/i0.wp.com\/kohenavocats.com\/wp-content\/uploads\/2024\/08\/pascal-bernardon-UDzwFLM50Ac-unsplash.webp?resize=1400%2C800&ssl=1 4x"},"classes":[]},{"id":605481,"url":"https:\/\/kohenavocats.com\/en\/tribunal-judiciaire-de-bordeaux-le-18-mars-2024-n25-01745\/","url_meta":{"origin":657326,"position":1},"title":"Tribunal judiciaire de Bordeaux, le 18 mars 2024, n\u00b025\/01745","author":"Kohen","date":"19 April 2026","format":false,"excerpt":"Le juge des r\u00e9f\u00e9r\u00e9s du tribunal judiciaire de Bordeaux statue par ordonnance du 18 mars 2024. Un propri\u00e9taire demande l'ex\u00e9cution de travaux de r\u00e9paration su...","rel":"","context":"In &quot;Jurisprudence&quot;","block_context":{"text":"Jurisprudence","link":"https:\/\/kohenavocats.com\/category\/jurisprudence\/"},"img":{"alt_text":"","src":"https:\/\/i0.wp.com\/kohenavocats.com\/wp-content\/uploads\/2024\/06\/giammarco-boscaro-eWpBNXRHfTI-unsplash.jpg?resize=350%2C200&ssl=1","width":350,"height":200,"srcset":"https:\/\/i0.wp.com\/kohenavocats.com\/wp-content\/uploads\/2024\/06\/giammarco-boscaro-eWpBNXRHfTI-unsplash.jpg?resize=350%2C200&ssl=1 1x, https:\/\/i0.wp.com\/kohenavocats.com\/wp-content\/uploads\/2024\/06\/giammarco-boscaro-eWpBNXRHfTI-unsplash.jpg?resize=525%2C300&ssl=1 1.5x, https:\/\/i0.wp.com\/kohenavocats.com\/wp-content\/uploads\/2024\/06\/giammarco-boscaro-eWpBNXRHfTI-unsplash.jpg?resize=700%2C400&ssl=1 2x, https:\/\/i0.wp.com\/kohenavocats.com\/wp-content\/uploads\/2024\/06\/giammarco-boscaro-eWpBNXRHfTI-unsplash.jpg?resize=1050%2C600&ssl=1 3x, https:\/\/i0.wp.com\/kohenavocats.com\/wp-content\/uploads\/2024\/06\/giammarco-boscaro-eWpBNXRHfTI-unsplash.jpg?resize=1400%2C800&ssl=1 4x"},"classes":[]},{"id":438456,"url":"https:\/\/kohenavocats.com\/en\/cour-dappel-de-paris-le-2-juin-2010-n08-12448\/","url_meta":{"origin":657326,"position":2},"title":"Cour d&#8217;appel de Paris, le 2 juin 2010, n\u00b008\/12448","author":"Kohen","date":"25 March 2026","format":false,"excerpt":"La Cour d'appel de Paris, dans un arr\u00eat du 2 juin 2010, se prononce sur la transmission d'un accord transactionnel successoral. Des h\u00e9ritiers avaient conclu un protocole sous seing priv\u00e9 organisant le partage de biens. Cet accord pr\u00e9voyait la r\u00e9it\u00e9ration par acte notari\u00e9 avant une date d\u00e9termin\u00e9e. L'une des parties\u2026","rel":"","context":"In &quot;Cour d'appel&quot;","block_context":{"text":"Cour d'appel","link":"https:\/\/kohenavocats.com\/category\/cour-dappel\/"},"img":{"alt_text":"","src":"https:\/\/i0.wp.com\/kohenavocats.com\/wp-content\/uploads\/2024\/11\/getty-images-kDU9CJEIJpM-unsplash.webp?resize=350%2C200&ssl=1","width":350,"height":200,"srcset":"https:\/\/i0.wp.com\/kohenavocats.com\/wp-content\/uploads\/2024\/11\/getty-images-kDU9CJEIJpM-unsplash.webp?resize=350%2C200&ssl=1 1x, https:\/\/i0.wp.com\/kohenavocats.com\/wp-content\/uploads\/2024\/11\/getty-images-kDU9CJEIJpM-unsplash.webp?resize=525%2C300&ssl=1 1.5x, https:\/\/i0.wp.com\/kohenavocats.com\/wp-content\/uploads\/2024\/11\/getty-images-kDU9CJEIJpM-unsplash.webp?resize=700%2C400&ssl=1 2x, https:\/\/i0.wp.com\/kohenavocats.com\/wp-content\/uploads\/2024\/11\/getty-images-kDU9CJEIJpM-unsplash.webp?resize=1050%2C600&ssl=1 3x, https:\/\/i0.wp.com\/kohenavocats.com\/wp-content\/uploads\/2024\/11\/getty-images-kDU9CJEIJpM-unsplash.webp?resize=1400%2C800&ssl=1 4x"},"classes":[]},{"id":424906,"url":"https:\/\/kohenavocats.com\/en\/cour-dappel-de-angers-le-11-octobre-2011-n10-01967\/","url_meta":{"origin":657326,"position":3},"title":"Cour d&#8217;appel de Angers, le 11 octobre 2011, n\u00b010\/01967","author":"Kohen","date":"23 March 2026","format":false,"excerpt":"Un salari\u00e9 a conclu un protocole transactionnel avec son ancien employeur. Ce protocole comprenait une clause de non-concurrence assortie d\u2019une indemnit\u00e9. Apr\u00e8s son d\u00e9part, le salari\u00e9 a rejoint un groupe concurrent. L\u2019employeur a saisi le conseil de prud\u2019hommes en r\u00e9f\u00e9r\u00e9 pour faire cesser cette concurrence. Les juges des r\u00e9f\u00e9r\u00e9s ont\u2026","rel":"","context":"In &quot;Cour d'appel&quot;","block_context":{"text":"Cour d'appel","link":"https:\/\/kohenavocats.com\/category\/cour-dappel\/"},"img":{"alt_text":"","src":"https:\/\/i0.wp.com\/kohenavocats.com\/wp-content\/uploads\/2024\/08\/valentin-kremer-zqipptjLLJc-unsplash.webp?resize=350%2C200&ssl=1","width":350,"height":200,"srcset":"https:\/\/i0.wp.com\/kohenavocats.com\/wp-content\/uploads\/2024\/08\/valentin-kremer-zqipptjLLJc-unsplash.webp?resize=350%2C200&ssl=1 1x, https:\/\/i0.wp.com\/kohenavocats.com\/wp-content\/uploads\/2024\/08\/valentin-kremer-zqipptjLLJc-unsplash.webp?resize=525%2C300&ssl=1 1.5x, https:\/\/i0.wp.com\/kohenavocats.com\/wp-content\/uploads\/2024\/08\/valentin-kremer-zqipptjLLJc-unsplash.webp?resize=700%2C400&ssl=1 2x, https:\/\/i0.wp.com\/kohenavocats.com\/wp-content\/uploads\/2024\/08\/valentin-kremer-zqipptjLLJc-unsplash.webp?resize=1050%2C600&ssl=1 3x, https:\/\/i0.wp.com\/kohenavocats.com\/wp-content\/uploads\/2024\/08\/valentin-kremer-zqipptjLLJc-unsplash.webp?resize=1400%2C800&ssl=1 4x"},"classes":[]},{"id":202448,"url":"https:\/\/kohenavocats.com\/en\/cour-dappel-de-versailles-le-10-juillet-2025-n24-07248\/","url_meta":{"origin":657326,"position":4},"title":"Cour d&#8217;appel de Versailles, le 10 juillet 2025, n\u00b024\/07248","author":"Kohen","date":"21 December 2025","format":false,"excerpt":"La cour d\u2019appel de Versailles, 10 juillet 2025, statue sur l\u2019\u00e9tendue du pouvoir du juge de l\u2019ex\u00e9cution pour liquider une astreinte prononc\u00e9e par une juridiction prud\u2019homale et sur la proportion de cette liquidation. Le litige prend naissance apr\u00e8s un contrat \u00e0 dur\u00e9e d\u00e9termin\u00e9e conclu au printemps 2022, suivi d\u2019un accident\u2026","rel":"","context":"In &quot;Cour d'appel&quot;","block_context":{"text":"Cour d'appel","link":"https:\/\/kohenavocats.com\/category\/cour-dappel\/"},"img":{"alt_text":"","src":"https:\/\/i0.wp.com\/kohenavocats.com\/wp-content\/uploads\/2024\/11\/getty-images-UahLMixvshE-unsplash.webp?resize=350%2C200&ssl=1","width":350,"height":200,"srcset":"https:\/\/i0.wp.com\/kohenavocats.com\/wp-content\/uploads\/2024\/11\/getty-images-UahLMixvshE-unsplash.webp?resize=350%2C200&ssl=1 1x, https:\/\/i0.wp.com\/kohenavocats.com\/wp-content\/uploads\/2024\/11\/getty-images-UahLMixvshE-unsplash.webp?resize=525%2C300&ssl=1 1.5x, https:\/\/i0.wp.com\/kohenavocats.com\/wp-content\/uploads\/2024\/11\/getty-images-UahLMixvshE-unsplash.webp?resize=700%2C400&ssl=1 2x, https:\/\/i0.wp.com\/kohenavocats.com\/wp-content\/uploads\/2024\/11\/getty-images-UahLMixvshE-unsplash.webp?resize=1050%2C600&ssl=1 3x, https:\/\/i0.wp.com\/kohenavocats.com\/wp-content\/uploads\/2024\/11\/getty-images-UahLMixvshE-unsplash.webp?resize=1400%2C800&ssl=1 4x"},"classes":[]},{"id":684504,"url":"https:\/\/kohenavocats.com\/en\/cour-dappel-de-nancy-le-4-septembre-2025-n24-02125\/","url_meta":{"origin":657326,"position":5},"title":"Cour d&#8217;appel de Nancy, le 4 septembre 2025, n\u00b024\/02125","author":"Kohen","date":"25 April 2026","format":false,"excerpt":"Par arr\u00eat de la cour d'appel de Nancy du 4 septembre 2025 (chambre de l'ex\u00e9cution \u2013 JEX), la juridiction statue sur la liquidation d'une astreinte prononc\u00e9e ...","rel":"","context":"In &quot;Jurisprudence&quot;","block_context":{"text":"Jurisprudence","link":"https:\/\/kohenavocats.com\/category\/jurisprudence\/"},"img":{"alt_text":"","src":"https:\/\/i0.wp.com\/kohenavocats.com\/wp-content\/uploads\/2024\/11\/isidore-decamon-3M58ebH7qxc-unsplash.webp?resize=350%2C200&ssl=1","width":350,"height":200,"srcset":"https:\/\/i0.wp.com\/kohenavocats.com\/wp-content\/uploads\/2024\/11\/isidore-decamon-3M58ebH7qxc-unsplash.webp?resize=350%2C200&ssl=1 1x, https:\/\/i0.wp.com\/kohenavocats.com\/wp-content\/uploads\/2024\/11\/isidore-decamon-3M58ebH7qxc-unsplash.webp?resize=525%2C300&ssl=1 1.5x, https:\/\/i0.wp.com\/kohenavocats.com\/wp-content\/uploads\/2024\/11\/isidore-decamon-3M58ebH7qxc-unsplash.webp?resize=700%2C400&ssl=1 2x, https:\/\/i0.wp.com\/kohenavocats.com\/wp-content\/uploads\/2024\/11\/isidore-decamon-3M58ebH7qxc-unsplash.webp?resize=1050%2C600&ssl=1 3x, https:\/\/i0.wp.com\/kohenavocats.com\/wp-content\/uploads\/2024\/11\/isidore-decamon-3M58ebH7qxc-unsplash.webp?resize=1400%2C800&ssl=1 4x"},"classes":[]}],"jetpack_sharing_enabled":true,"_links":{"self":[{"href":"https:\/\/kohenavocats.com\/en\/wp-json\/wp\/v2\/posts\/657326","targetHints":{"allow":["GET"]}}],"collection":[{"href":"https:\/\/kohenavocats.com\/en\/wp-json\/wp\/v2\/posts"}],"about":[{"href":"https:\/\/kohenavocats.com\/en\/wp-json\/wp\/v2\/types\/post"}],"author":[{"embeddable":true,"href":"https:\/\/kohenavocats.com\/en\/wp-json\/wp\/v2\/users\/232070755"}],"replies":[{"embeddable":true,"href":"https:\/\/kohenavocats.com\/en\/wp-json\/wp\/v2\/comments?post=657326"}],"version-history":[{"count":0,"href":"https:\/\/kohenavocats.com\/en\/wp-json\/wp\/v2\/posts\/657326\/revisions"}],"wp:featuredmedia":[{"embeddable":true,"href":"https:\/\/kohenavocats.com\/en\/wp-json\/wp\/v2\/media\/4866"}],"wp:attachment":[{"href":"https:\/\/kohenavocats.com\/en\/wp-json\/wp\/v2\/media?parent=657326"}],"wp:term":[{"taxonomy":"category","embeddable":true,"href":"https:\/\/kohenavocats.com\/en\/wp-json\/wp\/v2\/categories?post=657326"},{"taxonomy":"post_tag","embeddable":true,"href":"https:\/\/kohenavocats.com\/en\/wp-json\/wp\/v2\/tags?post=657326"}],"curies":[{"name":"wp","href":"https:\/\/api.w.org\/{rel}","templated":true}]}}