{"id":657327,"date":"2026-04-23T09:08:27","date_gmt":"2026-04-23T07:08:27","guid":{"rendered":"https:\/\/kohenavocats.com\/cour-dappel-de-angers-le-10-mars-2026-n24-01646\/"},"modified":"2026-04-23T09:08:27","modified_gmt":"2026-04-23T07:08:27","slug":"cour-dappel-de-angers-le-10-mars-2026-n24-01646","status":"publish","type":"post","link":"https:\/\/kohenavocats.com\/en\/cour-dappel-de-angers-le-10-mars-2026-n24-01646\/","title":{"rendered":"Cour d&#8217;appel de Angers, le 10 mars 2026, n\u00b024\/01646"},"content":{"rendered":"<div class=\"article-content\">\n<p>La Cour d&#8217;appel d&#8217;Angers, statuant le 10 mars 2026, examine un pourvoi en nullit\u00e9 d&#8217;une ordonnance du juge-commissaire. La g\u00e9rante d&#8217;une soci\u00e9t\u00e9 civile immobili\u00e8re contestait sa convocation r\u00e9guli\u00e8re \u00e0 l&#8217;audience. La juridiction annule la d\u00e9cision pour violation du principe du contradictoire et renvoie l&#8217;affaire devant le premier juge.<\/p>\n<p>La cons\u00e9cration d&#8217;une exigence probatoire renforc\u00e9e pour la convocation<\/p>\n<p>La notification par lettre simple est jug\u00e9e insuffisante pour \u00e9tablir une convocation utile. Le respect du contradictoire exige de v\u00e9rifier la connaissance effective de la convocation par la partie. Seules des modalit\u00e9s permettant de dater la r\u00e9ception sont donc ad\u00e9quates. &#8220;Une telle v\u00e9rification n&#8217;est rendue mat\u00e9riellement possible que par une lettre recommand\u00e9e dont l&#8217;avis de r\u00e9ception a \u00e9t\u00e9 sign\u00e9 ou par un acte de commissaire de justice&#8221; (Motifs). La cour \u00e9carte ainsi la simple preuve de l&#8217;envoi pour exiger celle de la r\u00e9ception.<\/p>\n<p>Cette solution donne une port\u00e9e concr\u00e8te au principe du contradictoire en proc\u00e9dure collective. Elle aligne les exigences de convocation du d\u00e9biteur sur un standard probatoire \u00e9lev\u00e9. La notification doit garantir la possibilit\u00e9 effective pour la partie de pr\u00e9parer sa d\u00e9fense. Cette interpr\u00e9tation stricte prot\u00e8ge les droits de la d\u00e9fense dans une proc\u00e9dure pouvant affecter substantiellement le patrimoine.<\/p>\n<p>La sanction d&#8217;une notification irr\u00e9guli\u00e8re par l&#8217;annulation sans examen au fond<\/p>\n<p>La violation du principe du contradictoire entra\u00eene l&#8217;annulation de la d\u00e9cision attaqu\u00e9e. La cour refuse d&#8217;examiner les demandes subsidiaires au fond form\u00e9es en appel. &#8220;La cour ne peut donc pas statuer sur les demandes subsidiaires form\u00e9es au fond&#8221; (Motifs). L&#8217;effet d\u00e9volutif de l&#8217;appel est ainsi \u00e9cart\u00e9 en cas de nullit\u00e9 de la convocation.<\/p>\n<p>Cette analyse limite strictement le pouvoir de la cour d&#8217;appel lorsque la premi\u00e8re instance est vici\u00e9e. Elle assure une sanction effective de l&#8217;irr\u00e9gularit\u00e9 proc\u00e9durale en renvoyant l&#8217;affaire \u00e0 son point de d\u00e9part. La solution isole la question de la r\u00e9gularit\u00e9 de la convocation comme un pr\u00e9alable absolu. Elle rappelle que la r\u00e9gularit\u00e9 de la proc\u00e9dure conditionne l&#8217;exercice m\u00eame de la juridiction.<\/p>\n<\/div>\n","protected":false},"excerpt":{"rendered":"<p>La Cour d&#8217;appel d&#8217;Angers, statuant le 10 mars 2026, examine un pourvoi en nullit\u00e9 d&#8217;une ordonnance du juge-commissaire. La g\u00e9rante d&#8217;une soci\u00e9t\u00e9 civile immob&#8230;<\/p>\n","protected":false},"author":232070755,"featured_media":9427,"comment_status":"open","ping_status":"open","sticky":false,"template":"","format":"standard","meta":{"_crdt_document":"","_jetpack_newsletter_access":"","_jetpack_dont_email_post_to_subs":false,"_jetpack_newsletter_tier_id":0,"_jetpack_memberships_contains_paywalled_content":false,"_kj_source_type":"judilibre","_kj_official_id":"68dce6bfa97254e6daf5e3c0","_kj_official_url":"https:\/\/www.courdecassation.fr\/decision\/68dce6bfa97254e6daf5e3c0","_kj_judilibre_id":"68dce6bfa97254e6daf5e3c0","_kj_jur":"Cour d'appel","_kj_lieu":"Cour d'appel d'Angers","_kj_chambre":"Chambre A - Commerciale","_kj_rg":"24\/01646","_kj_date":"2025-09-30","_jetpack_memberships_contains_paid_content":false,"footnotes":"","jetpack_post_was_ever_published":false},"categories":[7597],"tags":[],"class_list":["post-657327","post","type-post","status-publish","format-standard","has-post-thumbnail","hentry","category-jurisprudence"],"yoast_head":"<!-- This site is optimized with the Yoast SEO Premium plugin v27.5 (Yoast SEO v27.5) - https:\/\/yoast.com\/product\/yoast-seo-premium-wordpress\/ -->\n<title>Cour d&#039;appel de Angers, le 10 mars 2026, n\u00b024\/01646 - Ma\u00eetre Hassan Kohen, avocat en droit p\u00e9nal \u00e0 Paris<\/title>\n<meta name=\"description\" content=\"La Cour d&#039;appel d&#039;Angers, statuant le 10 mars 2026, examine un pourvoi en nullit\u00e9 d&#039;une ordonnance du juge-commissaire. La g\u00e9rante d&#039;une soci\u00e9t\u00e9 civile immob...\" \/>\n<meta name=\"robots\" content=\"index, follow, max-snippet:-1, max-image-preview:large, max-video-preview:-1\" \/>\n<link rel=\"canonical\" href=\"https:\/\/kohenavocats.com\/en\/cour-dappel-de-angers-le-10-mars-2026-n24-01646\/\" \/>\n<meta property=\"og:locale\" content=\"en_US\" \/>\n<meta property=\"og:type\" content=\"article\" \/>\n<meta property=\"og:title\" content=\"Cour d&#039;appel de Angers, le 10 mars 2026, n\u00b024\/01646\" \/>\n<meta property=\"og:description\" content=\"La Cour d&#039;appel d&#039;Angers, statuant le 10 mars 2026, examine un pourvoi en nullit\u00e9 d&#039;une ordonnance du juge-commissaire. La g\u00e9rante d&#039;une soci\u00e9t\u00e9 civile immob...\" \/>\n<meta property=\"og:url\" content=\"https:\/\/kohenavocats.com\/en\/cour-dappel-de-angers-le-10-mars-2026-n24-01646\/\" \/>\n<meta property=\"og:site_name\" content=\"Ma\u00eetre Hassan Kohen, avocat en droit p\u00e9nal \u00e0 Paris\" \/>\n<meta property=\"article:published_time\" content=\"2026-04-23T07:08:27+00:00\" \/>\n<meta property=\"og:image\" content=\"https:\/\/kohenavocats.com\/wp-content\/uploads\/2024\/11\/scott-webb-A-7Y4M0-e0M-unsplash.webp\" \/>\n\t<meta property=\"og:image:width\" content=\"3783\" \/>\n\t<meta property=\"og:image:height\" content=\"5674\" \/>\n\t<meta property=\"og:image:type\" content=\"image\/webp\" \/>\n<meta name=\"author\" content=\"Kohen\" \/>\n<meta name=\"twitter:card\" content=\"summary_large_image\" \/>\n<meta name=\"twitter:label1\" content=\"Written by\" \/>\n\t<meta name=\"twitter:data1\" content=\"Kohen\" \/>\n\t<meta name=\"twitter:label2\" content=\"Est. reading time\" \/>\n\t<meta name=\"twitter:data2\" content=\"2 minutes\" \/>\n<script type=\"application\/ld+json\" class=\"yoast-schema-graph\">{\"@context\":\"https:\\\/\\\/schema.org\",\"@graph\":[{\"@type\":\"Article\",\"@id\":\"https:\\\/\\\/kohenavocats.com\\\/en\\\/cour-dappel-de-angers-le-10-mars-2026-n24-01646\\\/#article\",\"isPartOf\":{\"@id\":\"https:\\\/\\\/kohenavocats.com\\\/en\\\/cour-dappel-de-angers-le-10-mars-2026-n24-01646\\\/\"},\"author\":{\"name\":\"Kohen\",\"@id\":\"https:\\\/\\\/kohenavocats.com\\\/en\\\/#\\\/schema\\\/person\\\/761c9ba54fa1ca84d405cef0831ff751\"},\"headline\":\"Cour d&#8217;appel de Angers, le 10 mars 2026, n\u00b024\\\/01646\",\"datePublished\":\"2026-04-23T07:08:27+00:00\",\"mainEntityOfPage\":{\"@id\":\"https:\\\/\\\/kohenavocats.com\\\/en\\\/cour-dappel-de-angers-le-10-mars-2026-n24-01646\\\/\"},\"wordCount\":392,\"commentCount\":0,\"publisher\":{\"@id\":\"https:\\\/\\\/kohenavocats.com\\\/en\\\/#organization\"},\"image\":{\"@id\":\"https:\\\/\\\/kohenavocats.com\\\/en\\\/cour-dappel-de-angers-le-10-mars-2026-n24-01646\\\/#primaryimage\"},\"thumbnailUrl\":\"https:\\\/\\\/kohenavocats.com\\\/wp-content\\\/uploads\\\/2024\\\/11\\\/scott-webb-A-7Y4M0-e0M-unsplash.webp\",\"articleSection\":[\"Jurisprudence\"],\"inLanguage\":\"en-US\",\"potentialAction\":[{\"@type\":\"CommentAction\",\"name\":\"Comment\",\"target\":[\"https:\\\/\\\/kohenavocats.com\\\/en\\\/cour-dappel-de-angers-le-10-mars-2026-n24-01646\\\/#respond\"]}],\"citation\":\"Cour d&#8217;appel de Angers, le 10 mars 2026, n\u00b024\\\/01646\",\"about\":[{\"@type\":\"Thing\",\"name\":\"Jurisprudence\"}],\"dateModified\":\"2026-04-23T07:08:27+00:00\",\"speakable\":{\"@type\":\"SpeakableSpecification\",\"cssSelector\":[\".article-content > p:first-of-type\"]}},{\"@type\":\"WebPage\",\"@id\":\"https:\\\/\\\/kohenavocats.com\\\/en\\\/cour-dappel-de-angers-le-10-mars-2026-n24-01646\\\/\",\"url\":\"https:\\\/\\\/kohenavocats.com\\\/en\\\/cour-dappel-de-angers-le-10-mars-2026-n24-01646\\\/\",\"name\":\"Cour d'appel de Angers, le 10 mars 2026, n\u00b024\\\/01646 - Ma\u00eetre Hassan Kohen, avocat en droit p\u00e9nal \u00e0 Paris\",\"isPartOf\":{\"@id\":\"https:\\\/\\\/kohenavocats.com\\\/en\\\/#website\"},\"primaryImageOfPage\":{\"@id\":\"https:\\\/\\\/kohenavocats.com\\\/en\\\/cour-dappel-de-angers-le-10-mars-2026-n24-01646\\\/#primaryimage\"},\"image\":{\"@id\":\"https:\\\/\\\/kohenavocats.com\\\/en\\\/cour-dappel-de-angers-le-10-mars-2026-n24-01646\\\/#primaryimage\"},\"thumbnailUrl\":\"https:\\\/\\\/kohenavocats.com\\\/wp-content\\\/uploads\\\/2024\\\/11\\\/scott-webb-A-7Y4M0-e0M-unsplash.webp\",\"datePublished\":\"2026-04-23T07:08:27+00:00\",\"description\":\"La Cour d'appel d'Angers, statuant le 10 mars 2026, examine un pourvoi en nullit\u00e9 d'une ordonnance du juge-commissaire. La g\u00e9rante d'une soci\u00e9t\u00e9 civile immob...\",\"breadcrumb\":{\"@id\":\"https:\\\/\\\/kohenavocats.com\\\/en\\\/cour-dappel-de-angers-le-10-mars-2026-n24-01646\\\/#breadcrumb\"},\"inLanguage\":\"en-US\",\"potentialAction\":[{\"@type\":\"ReadAction\",\"target\":[\"https:\\\/\\\/kohenavocats.com\\\/en\\\/cour-dappel-de-angers-le-10-mars-2026-n24-01646\\\/\"]}]},{\"@type\":\"ImageObject\",\"inLanguage\":\"en-US\",\"@id\":\"https:\\\/\\\/kohenavocats.com\\\/en\\\/cour-dappel-de-angers-le-10-mars-2026-n24-01646\\\/#primaryimage\",\"url\":\"https:\\\/\\\/kohenavocats.com\\\/wp-content\\\/uploads\\\/2024\\\/11\\\/scott-webb-A-7Y4M0-e0M-unsplash.webp\",\"contentUrl\":\"https:\\\/\\\/kohenavocats.com\\\/wp-content\\\/uploads\\\/2024\\\/11\\\/scott-webb-A-7Y4M0-e0M-unsplash.webp\",\"width\":3783,\"height\":5674},{\"@type\":\"BreadcrumbList\",\"@id\":\"https:\\\/\\\/kohenavocats.com\\\/en\\\/cour-dappel-de-angers-le-10-mars-2026-n24-01646\\\/#breadcrumb\",\"itemListElement\":[{\"@type\":\"ListItem\",\"position\":1,\"name\":\"Home\",\"item\":\"https:\\\/\\\/kohenavocats.com\\\/en\\\/criminal-law-attorneys-in-paris-counsel-and-strategic-defense\\\/\"},{\"@type\":\"ListItem\",\"position\":2,\"name\":\"Cour d&rsquo;appel de Angers, le 10 mars 2026, n\u00b024\\\/01646\"}]},{\"@type\":\"WebSite\",\"@id\":\"https:\\\/\\\/kohenavocats.com\\\/en\\\/#website\",\"url\":\"https:\\\/\\\/kohenavocats.com\\\/en\\\/\",\"name\":\"Kohen Avocats\",\"description\":\"Ma\u00eetre Hassan Kohen, avocat p\u00e9naliste \u00e0 Paris, intervient exclusivement en droit p\u00e9nal pour la d\u00e9fense des particuliers, notamment en mati\u00e8re d\u2019accusations de viol. Il assure un accompagnement rigoureux d\u00e8s la garde \u00e0 vue jusqu\u2019\u00e0 la Cour d\u2019assises, veillant au strict respect des garanties proc\u00e9durales.\",\"publisher\":{\"@id\":\"https:\\\/\\\/kohenavocats.com\\\/en\\\/#organization\"},\"potentialAction\":[{\"@type\":\"SearchAction\",\"target\":{\"@type\":\"EntryPoint\",\"urlTemplate\":\"https:\\\/\\\/kohenavocats.com\\\/en\\\/?s={search_term_string}\"},\"query-input\":{\"@type\":\"PropertyValueSpecification\",\"valueRequired\":true,\"valueName\":\"search_term_string\"}}],\"inLanguage\":\"en-US\"},{\"@type\":\"Organization\",\"@id\":\"https:\\\/\\\/kohenavocats.com\\\/en\\\/#organization\",\"name\":\"Kohen Avocats\",\"url\":\"https:\\\/\\\/kohenavocats.com\\\/en\\\/\",\"logo\":{\"@type\":\"ImageObject\",\"inLanguage\":\"en-US\",\"@id\":\"https:\\\/\\\/kohenavocats.com\\\/en\\\/#\\\/schema\\\/logo\\\/image\\\/\",\"url\":\"https:\\\/\\\/kohenavocats.com\\\/wp-content\\\/uploads\\\/2026\\\/01\\\/Logo-2-1.webp\",\"contentUrl\":\"https:\\\/\\\/kohenavocats.com\\\/wp-content\\\/uploads\\\/2026\\\/01\\\/Logo-2-1.webp\",\"width\":2114,\"height\":1253,\"caption\":\"Kohen Avocats\"},\"image\":{\"@id\":\"https:\\\/\\\/kohenavocats.com\\\/en\\\/#\\\/schema\\\/logo\\\/image\\\/\"}},{\"@type\":\"Person\",\"@id\":\"https:\\\/\\\/kohenavocats.com\\\/en\\\/#\\\/schema\\\/person\\\/761c9ba54fa1ca84d405cef0831ff751\",\"name\":\"Kohen\",\"image\":{\"@type\":\"ImageObject\",\"inLanguage\":\"en-US\",\"@id\":\"https:\\\/\\\/secure.gravatar.com\\\/avatar\\\/1c5e76ef76bbbfdd2b4da984e2bf2fa4056fd51a27d25ce2c332047f1dfd6e00?s=96&d=identicon&r=g\",\"url\":\"https:\\\/\\\/secure.gravatar.com\\\/avatar\\\/1c5e76ef76bbbfdd2b4da984e2bf2fa4056fd51a27d25ce2c332047f1dfd6e00?s=96&d=identicon&r=g\",\"contentUrl\":\"https:\\\/\\\/secure.gravatar.com\\\/avatar\\\/1c5e76ef76bbbfdd2b4da984e2bf2fa4056fd51a27d25ce2c332047f1dfd6e00?s=96&d=identicon&r=g\",\"caption\":\"Kohen\"},\"sameAs\":[\"https:\\\/\\\/www.linkedin.com\\\/in\\\/hassan-kohen-448548192\\\/\",\"https:\\\/\\\/www.youtube.com\\\/@Kohen-Avocats\"],\"url\":\"https:\\\/\\\/kohenavocats.com\\\/en\\\/author\\\/kohenmlk\\\/\"}]}<\/script>\n<!-- \/ Yoast SEO Premium plugin. -->","yoast_head_json":{"title":"Cour d'appel de Angers, le 10 mars 2026, n\u00b024\/01646 - Ma\u00eetre Hassan Kohen, avocat en droit p\u00e9nal \u00e0 Paris","description":"La Cour d'appel d'Angers, statuant le 10 mars 2026, examine un pourvoi en nullit\u00e9 d'une ordonnance du juge-commissaire. La g\u00e9rante d'une soci\u00e9t\u00e9 civile immob...","robots":{"index":"index","follow":"follow","max-snippet":"max-snippet:-1","max-image-preview":"max-image-preview:large","max-video-preview":"max-video-preview:-1"},"canonical":"https:\/\/kohenavocats.com\/en\/cour-dappel-de-angers-le-10-mars-2026-n24-01646\/","og_locale":"en_US","og_type":"article","og_title":"Cour d'appel de Angers, le 10 mars 2026, n\u00b024\/01646","og_description":"La Cour d'appel d'Angers, statuant le 10 mars 2026, examine un pourvoi en nullit\u00e9 d'une ordonnance du juge-commissaire. La g\u00e9rante d'une soci\u00e9t\u00e9 civile immob...","og_url":"https:\/\/kohenavocats.com\/en\/cour-dappel-de-angers-le-10-mars-2026-n24-01646\/","og_site_name":"Ma\u00eetre Hassan Kohen, avocat en droit p\u00e9nal \u00e0 Paris","article_published_time":"2026-04-23T07:08:27+00:00","og_image":[{"width":3783,"height":5674,"url":"https:\/\/kohenavocats.com\/wp-content\/uploads\/2024\/11\/scott-webb-A-7Y4M0-e0M-unsplash.webp","type":"image\/webp"}],"author":"Kohen","twitter_card":"summary_large_image","twitter_misc":{"Written by":"Kohen","Est. reading time":"2 minutes"},"schema":{"@context":"https:\/\/schema.org","@graph":[{"@type":"Article","@id":"https:\/\/kohenavocats.com\/en\/cour-dappel-de-angers-le-10-mars-2026-n24-01646\/#article","isPartOf":{"@id":"https:\/\/kohenavocats.com\/en\/cour-dappel-de-angers-le-10-mars-2026-n24-01646\/"},"author":{"name":"Kohen","@id":"https:\/\/kohenavocats.com\/en\/#\/schema\/person\/761c9ba54fa1ca84d405cef0831ff751"},"headline":"Cour d&#8217;appel de Angers, le 10 mars 2026, n\u00b024\/01646","datePublished":"2026-04-23T07:08:27+00:00","mainEntityOfPage":{"@id":"https:\/\/kohenavocats.com\/en\/cour-dappel-de-angers-le-10-mars-2026-n24-01646\/"},"wordCount":392,"commentCount":0,"publisher":{"@id":"https:\/\/kohenavocats.com\/en\/#organization"},"image":{"@id":"https:\/\/kohenavocats.com\/en\/cour-dappel-de-angers-le-10-mars-2026-n24-01646\/#primaryimage"},"thumbnailUrl":"https:\/\/kohenavocats.com\/wp-content\/uploads\/2024\/11\/scott-webb-A-7Y4M0-e0M-unsplash.webp","articleSection":["Jurisprudence"],"inLanguage":"en-US","potentialAction":[{"@type":"CommentAction","name":"Comment","target":["https:\/\/kohenavocats.com\/en\/cour-dappel-de-angers-le-10-mars-2026-n24-01646\/#respond"]}],"citation":"Cour d&#8217;appel de Angers, le 10 mars 2026, n\u00b024\/01646","about":[{"@type":"Thing","name":"Jurisprudence"}],"dateModified":"2026-04-23T07:08:27+00:00","speakable":{"@type":"SpeakableSpecification","cssSelector":[".article-content > p:first-of-type"]}},{"@type":"WebPage","@id":"https:\/\/kohenavocats.com\/en\/cour-dappel-de-angers-le-10-mars-2026-n24-01646\/","url":"https:\/\/kohenavocats.com\/en\/cour-dappel-de-angers-le-10-mars-2026-n24-01646\/","name":"Cour d'appel de Angers, le 10 mars 2026, n\u00b024\/01646 - Ma\u00eetre Hassan Kohen, avocat en droit p\u00e9nal \u00e0 Paris","isPartOf":{"@id":"https:\/\/kohenavocats.com\/en\/#website"},"primaryImageOfPage":{"@id":"https:\/\/kohenavocats.com\/en\/cour-dappel-de-angers-le-10-mars-2026-n24-01646\/#primaryimage"},"image":{"@id":"https:\/\/kohenavocats.com\/en\/cour-dappel-de-angers-le-10-mars-2026-n24-01646\/#primaryimage"},"thumbnailUrl":"https:\/\/kohenavocats.com\/wp-content\/uploads\/2024\/11\/scott-webb-A-7Y4M0-e0M-unsplash.webp","datePublished":"2026-04-23T07:08:27+00:00","description":"La Cour d'appel d'Angers, statuant le 10 mars 2026, examine un pourvoi en nullit\u00e9 d'une ordonnance du juge-commissaire. La g\u00e9rante d'une soci\u00e9t\u00e9 civile immob...","breadcrumb":{"@id":"https:\/\/kohenavocats.com\/en\/cour-dappel-de-angers-le-10-mars-2026-n24-01646\/#breadcrumb"},"inLanguage":"en-US","potentialAction":[{"@type":"ReadAction","target":["https:\/\/kohenavocats.com\/en\/cour-dappel-de-angers-le-10-mars-2026-n24-01646\/"]}]},{"@type":"ImageObject","inLanguage":"en-US","@id":"https:\/\/kohenavocats.com\/en\/cour-dappel-de-angers-le-10-mars-2026-n24-01646\/#primaryimage","url":"https:\/\/kohenavocats.com\/wp-content\/uploads\/2024\/11\/scott-webb-A-7Y4M0-e0M-unsplash.webp","contentUrl":"https:\/\/kohenavocats.com\/wp-content\/uploads\/2024\/11\/scott-webb-A-7Y4M0-e0M-unsplash.webp","width":3783,"height":5674},{"@type":"BreadcrumbList","@id":"https:\/\/kohenavocats.com\/en\/cour-dappel-de-angers-le-10-mars-2026-n24-01646\/#breadcrumb","itemListElement":[{"@type":"ListItem","position":1,"name":"Home","item":"https:\/\/kohenavocats.com\/en\/criminal-law-attorneys-in-paris-counsel-and-strategic-defense\/"},{"@type":"ListItem","position":2,"name":"Cour d&rsquo;appel de Angers, le 10 mars 2026, n\u00b024\/01646"}]},{"@type":"WebSite","@id":"https:\/\/kohenavocats.com\/en\/#website","url":"https:\/\/kohenavocats.com\/en\/","name":"Kohen Avocats","description":"Ma\u00eetre Hassan Kohen, avocat p\u00e9naliste \u00e0 Paris, intervient exclusivement en droit p\u00e9nal pour la d\u00e9fense des particuliers, notamment en mati\u00e8re d\u2019accusations de viol. Il assure un accompagnement rigoureux d\u00e8s la garde \u00e0 vue jusqu\u2019\u00e0 la Cour d\u2019assises, veillant au strict respect des garanties proc\u00e9durales.","publisher":{"@id":"https:\/\/kohenavocats.com\/en\/#organization"},"potentialAction":[{"@type":"SearchAction","target":{"@type":"EntryPoint","urlTemplate":"https:\/\/kohenavocats.com\/en\/?s={search_term_string}"},"query-input":{"@type":"PropertyValueSpecification","valueRequired":true,"valueName":"search_term_string"}}],"inLanguage":"en-US"},{"@type":"Organization","@id":"https:\/\/kohenavocats.com\/en\/#organization","name":"Kohen Avocats","url":"https:\/\/kohenavocats.com\/en\/","logo":{"@type":"ImageObject","inLanguage":"en-US","@id":"https:\/\/kohenavocats.com\/en\/#\/schema\/logo\/image\/","url":"https:\/\/kohenavocats.com\/wp-content\/uploads\/2026\/01\/Logo-2-1.webp","contentUrl":"https:\/\/kohenavocats.com\/wp-content\/uploads\/2026\/01\/Logo-2-1.webp","width":2114,"height":1253,"caption":"Kohen Avocats"},"image":{"@id":"https:\/\/kohenavocats.com\/en\/#\/schema\/logo\/image\/"}},{"@type":"Person","@id":"https:\/\/kohenavocats.com\/en\/#\/schema\/person\/761c9ba54fa1ca84d405cef0831ff751","name":"Kohen","image":{"@type":"ImageObject","inLanguage":"en-US","@id":"https:\/\/secure.gravatar.com\/avatar\/1c5e76ef76bbbfdd2b4da984e2bf2fa4056fd51a27d25ce2c332047f1dfd6e00?s=96&d=identicon&r=g","url":"https:\/\/secure.gravatar.com\/avatar\/1c5e76ef76bbbfdd2b4da984e2bf2fa4056fd51a27d25ce2c332047f1dfd6e00?s=96&d=identicon&r=g","contentUrl":"https:\/\/secure.gravatar.com\/avatar\/1c5e76ef76bbbfdd2b4da984e2bf2fa4056fd51a27d25ce2c332047f1dfd6e00?s=96&d=identicon&r=g","caption":"Kohen"},"sameAs":["https:\/\/www.linkedin.com\/in\/hassan-kohen-448548192\/","https:\/\/www.youtube.com\/@Kohen-Avocats"],"url":"https:\/\/kohenavocats.com\/en\/author\/kohenmlk\/"}]}},"jetpack_featured_media_url":"https:\/\/kohenavocats.com\/wp-content\/uploads\/2024\/11\/scott-webb-A-7Y4M0-e0M-unsplash.webp","jetpack_likes_enabled":false,"jetpack_shortlink":"https:\/\/wp.me\/peCrII-2L03","jetpack-related-posts":[{"id":412624,"url":"https:\/\/kohenavocats.com\/en\/cour-dappel-de-angers-le-20-novembre-2012-n11-01566\/","url_meta":{"origin":657327,"position":0},"title":"Cour d&#8217;appel de Angers, le 20 novembre 2012, n\u00b011\/01566","author":"Kohen","date":"21 March 2026","format":false,"excerpt":"Un salari\u00e9 avait saisi le conseil de prud\u2019hommes suite \u00e0 son licenciement. Le jugement du 12 mai 2011 avait qualifi\u00e9 la rupture de licenciement sans cause r\u00e9elle et s\u00e9rieuse. Il avait fix\u00e9 diverses cr\u00e9ances salariales et indemnitaires. Ces sommes \u00e9taient d\u00e9clar\u00e9es opposables \u00e0 l\u2019organisme de garantie. Le salari\u00e9 forma un\u2026","rel":"","context":"In &quot;Cour d'appel&quot;","block_context":{"text":"Cour d'appel","link":"https:\/\/kohenavocats.com\/category\/cour-dappel\/"},"img":{"alt_text":"","src":"https:\/\/i0.wp.com\/kohenavocats.com\/wp-content\/uploads\/2024\/11\/ave-calvar-yJLFsme5WMU-unsplash.webp?resize=350%2C200&ssl=1","width":350,"height":200,"srcset":"https:\/\/i0.wp.com\/kohenavocats.com\/wp-content\/uploads\/2024\/11\/ave-calvar-yJLFsme5WMU-unsplash.webp?resize=350%2C200&ssl=1 1x, https:\/\/i0.wp.com\/kohenavocats.com\/wp-content\/uploads\/2024\/11\/ave-calvar-yJLFsme5WMU-unsplash.webp?resize=525%2C300&ssl=1 1.5x, https:\/\/i0.wp.com\/kohenavocats.com\/wp-content\/uploads\/2024\/11\/ave-calvar-yJLFsme5WMU-unsplash.webp?resize=700%2C400&ssl=1 2x, https:\/\/i0.wp.com\/kohenavocats.com\/wp-content\/uploads\/2024\/11\/ave-calvar-yJLFsme5WMU-unsplash.webp?resize=1050%2C600&ssl=1 3x, https:\/\/i0.wp.com\/kohenavocats.com\/wp-content\/uploads\/2024\/11\/ave-calvar-yJLFsme5WMU-unsplash.webp?resize=1400%2C800&ssl=1 4x"},"classes":[]},{"id":427735,"url":"https:\/\/kohenavocats.com\/en\/cour-dappel-de-angers-le-5-juillet-2011-n10-01265\/","url_meta":{"origin":657327,"position":1},"title":"Cour d&#8217;appel de Angers, le 5 juillet 2011, n\u00b010\/01265","author":"Kohen","date":"23 March 2026","format":false,"excerpt":"La Cour d\u2019appel d\u2019Angers, dans un arr\u00eat du 5 juillet 2011, a infirm\u00e9 un jugement du Conseil de prud\u2019hommes du Mans du 15 avril 2010. Elle a reconnu l\u2019existence de plusieurs irr\u00e9gularit\u00e9s entachant un licenciement pour motif \u00e9conomique prononc\u00e9 par un mandataire liquidateur. La juridiction a ainsi accord\u00e9 diverses indemnit\u00e9s\u2026","rel":"","context":"In &quot;Cour d'appel&quot;","block_context":{"text":"Cour d'appel","link":"https:\/\/kohenavocats.com\/category\/cour-dappel\/"},"img":{"alt_text":"","src":"https:\/\/i0.wp.com\/kohenavocats.com\/wp-content\/uploads\/2024\/08\/jan-zinnbauer-XoiUrDgtB-g-unsplash.webp?resize=350%2C200&ssl=1","width":350,"height":200,"srcset":"https:\/\/i0.wp.com\/kohenavocats.com\/wp-content\/uploads\/2024\/08\/jan-zinnbauer-XoiUrDgtB-g-unsplash.webp?resize=350%2C200&ssl=1 1x, https:\/\/i0.wp.com\/kohenavocats.com\/wp-content\/uploads\/2024\/08\/jan-zinnbauer-XoiUrDgtB-g-unsplash.webp?resize=525%2C300&ssl=1 1.5x, https:\/\/i0.wp.com\/kohenavocats.com\/wp-content\/uploads\/2024\/08\/jan-zinnbauer-XoiUrDgtB-g-unsplash.webp?resize=700%2C400&ssl=1 2x, https:\/\/i0.wp.com\/kohenavocats.com\/wp-content\/uploads\/2024\/08\/jan-zinnbauer-XoiUrDgtB-g-unsplash.webp?resize=1050%2C600&ssl=1 3x, https:\/\/i0.wp.com\/kohenavocats.com\/wp-content\/uploads\/2024\/08\/jan-zinnbauer-XoiUrDgtB-g-unsplash.webp?resize=1400%2C800&ssl=1 4x"},"classes":[]},{"id":238122,"url":"https:\/\/kohenavocats.com\/en\/cour-dappel-de-bordeaux-le-30-juin-2025-n22-02973\/","url_meta":{"origin":657327,"position":2},"title":"Cour d&#8217;appel de Bordeaux, le 30 juin 2025, n\u00b022\/02973","author":"Kohen","date":"31 December 2025","format":false,"excerpt":"L'arr\u00eat rendu le 30 juin 2025 par la cour d'appel de Bordeaux illustre les exigences proc\u00e9durales pesant sur les parties en mati\u00e8re d'appel et les cons\u00e9quences de leur inertie contentieuse. Un litige opposait deux soci\u00e9t\u00e9s commerciales \u00e0 propos du solde impay\u00e9 d'un devis de travaux de nettoyage. La soci\u00e9t\u00e9 prestataire\u2026","rel":"","context":"In &quot;Cour d'appel&quot;","block_context":{"text":"Cour d'appel","link":"https:\/\/kohenavocats.com\/category\/cour-dappel\/"},"img":{"alt_text":"","src":"https:\/\/i0.wp.com\/kohenavocats.com\/wp-content\/uploads\/2024\/11\/allison-saeng-nuZlzGsQ01M-unsplash.webp?resize=350%2C200&ssl=1","width":350,"height":200,"srcset":"https:\/\/i0.wp.com\/kohenavocats.com\/wp-content\/uploads\/2024\/11\/allison-saeng-nuZlzGsQ01M-unsplash.webp?resize=350%2C200&ssl=1 1x, https:\/\/i0.wp.com\/kohenavocats.com\/wp-content\/uploads\/2024\/11\/allison-saeng-nuZlzGsQ01M-unsplash.webp?resize=525%2C300&ssl=1 1.5x, https:\/\/i0.wp.com\/kohenavocats.com\/wp-content\/uploads\/2024\/11\/allison-saeng-nuZlzGsQ01M-unsplash.webp?resize=700%2C400&ssl=1 2x, https:\/\/i0.wp.com\/kohenavocats.com\/wp-content\/uploads\/2024\/11\/allison-saeng-nuZlzGsQ01M-unsplash.webp?resize=1050%2C600&ssl=1 3x, https:\/\/i0.wp.com\/kohenavocats.com\/wp-content\/uploads\/2024\/11\/allison-saeng-nuZlzGsQ01M-unsplash.webp?resize=1400%2C800&ssl=1 4x"},"classes":[]},{"id":434593,"url":"https:\/\/kohenavocats.com\/en\/cour-dappel-de-angers-le-15-fevrier-2011-n10-00526\/","url_meta":{"origin":657327,"position":3},"title":"Cour d&#8217;appel de Angers, le 15 f\u00e9vrier 2011, n\u00b010\/00526","author":"Kohen","date":"25 March 2026","format":false,"excerpt":"Un salari\u00e9 engag\u00e9 en contrat \u00e0 dur\u00e9e ind\u00e9termin\u00e9e est licenci\u00e9 peu apr\u00e8s son embauche. L\u2019employeur invoque la fin du chantier d\u2019affectation. Le salari\u00e9 conteste la r\u00e9alit\u00e9 du motif et la r\u00e9gularit\u00e9 de la proc\u00e9dure. Le conseil de prud\u2019hommes d\u2019Angers, par un jugement du 25 janvier 2010, rejette ses demandes principales.\u2026","rel":"","context":"In &quot;Cour d'appel&quot;","block_context":{"text":"Cour d'appel","link":"https:\/\/kohenavocats.com\/category\/cour-dappel\/"},"img":{"alt_text":"","src":"https:\/\/i0.wp.com\/kohenavocats.com\/wp-content\/uploads\/2024\/08\/wojciech-portnicki-2n008iqNuTY-unsplash.webp?resize=350%2C200&ssl=1","width":350,"height":200,"srcset":"https:\/\/i0.wp.com\/kohenavocats.com\/wp-content\/uploads\/2024\/08\/wojciech-portnicki-2n008iqNuTY-unsplash.webp?resize=350%2C200&ssl=1 1x, https:\/\/i0.wp.com\/kohenavocats.com\/wp-content\/uploads\/2024\/08\/wojciech-portnicki-2n008iqNuTY-unsplash.webp?resize=525%2C300&ssl=1 1.5x, https:\/\/i0.wp.com\/kohenavocats.com\/wp-content\/uploads\/2024\/08\/wojciech-portnicki-2n008iqNuTY-unsplash.webp?resize=700%2C400&ssl=1 2x, https:\/\/i0.wp.com\/kohenavocats.com\/wp-content\/uploads\/2024\/08\/wojciech-portnicki-2n008iqNuTY-unsplash.webp?resize=1050%2C600&ssl=1 3x, https:\/\/i0.wp.com\/kohenavocats.com\/wp-content\/uploads\/2024\/08\/wojciech-portnicki-2n008iqNuTY-unsplash.webp?resize=1400%2C800&ssl=1 4x"},"classes":[]},{"id":642555,"url":"https:\/\/kohenavocats.com\/en\/cour-dappel-de-paris-le-15-octobre-2025-n24-01636\/","url_meta":{"origin":657327,"position":4},"title":"Cour d&#8217;appel de Paris, le 15 octobre 2025, n\u00b024\/01636","author":"Kohen","date":"22 April 2026","format":false,"excerpt":"La cour d\u2019appel de Paris, le 15 octobre 2025, statue sur une affaire de contentieux social. Une partie n\u2019ayant pas comparu, le tribunal avait jug\u00e9 au fond. L...","rel":"","context":"In &quot;Jurisprudence&quot;","block_context":{"text":"Jurisprudence","link":"https:\/\/kohenavocats.com\/category\/jurisprudence\/"},"img":{"alt_text":"","src":"https:\/\/i0.wp.com\/kohenavocats.com\/wp-content\/uploads\/2024\/08\/nathan-cima-chaLsSBHLAs-unsplash.webp?resize=350%2C200&ssl=1","width":350,"height":200,"srcset":"https:\/\/i0.wp.com\/kohenavocats.com\/wp-content\/uploads\/2024\/08\/nathan-cima-chaLsSBHLAs-unsplash.webp?resize=350%2C200&ssl=1 1x, https:\/\/i0.wp.com\/kohenavocats.com\/wp-content\/uploads\/2024\/08\/nathan-cima-chaLsSBHLAs-unsplash.webp?resize=525%2C300&ssl=1 1.5x, https:\/\/i0.wp.com\/kohenavocats.com\/wp-content\/uploads\/2024\/08\/nathan-cima-chaLsSBHLAs-unsplash.webp?resize=700%2C400&ssl=1 2x, https:\/\/i0.wp.com\/kohenavocats.com\/wp-content\/uploads\/2024\/08\/nathan-cima-chaLsSBHLAs-unsplash.webp?resize=1050%2C600&ssl=1 3x, https:\/\/i0.wp.com\/kohenavocats.com\/wp-content\/uploads\/2024\/08\/nathan-cima-chaLsSBHLAs-unsplash.webp?resize=1400%2C800&ssl=1 4x"},"classes":[]},{"id":235876,"url":"https:\/\/kohenavocats.com\/en\/cour-dappel-de-nimes-le-10-juillet-2025-n24-01341\/","url_meta":{"origin":657327,"position":5},"title":"Cour d&#8217;appel de N\u00eemes, le 10 juillet 2025, n\u00b024\/01341","author":"Kohen","date":"29 December 2025","format":false,"excerpt":"Par un arr\u00eat du 10 juillet 2025, la cour d\u2019appel de N\u00eemes s\u2019est prononc\u00e9e sur la r\u00e9gularit\u00e9 de la proc\u00e9dure d\u2019appel dans un contentieux opposant une salari\u00e9e \u00e0 un organisme de s\u00e9curit\u00e9 sociale au sujet de la reconnaissance d\u2019un accident du travail. La d\u00e9cision illustre l\u2019exigence proc\u00e9durale du contradictoire devant\u2026","rel":"","context":"In &quot;Cour d'appel&quot;","block_context":{"text":"Cour d'appel","link":"https:\/\/kohenavocats.com\/category\/cour-dappel\/"},"img":{"alt_text":"","src":"https:\/\/i0.wp.com\/kohenavocats.com\/wp-content\/uploads\/2024\/11\/steve-johnson-3HpZG4u5zyM-unsplash.webp?resize=350%2C200&ssl=1","width":350,"height":200,"srcset":"https:\/\/i0.wp.com\/kohenavocats.com\/wp-content\/uploads\/2024\/11\/steve-johnson-3HpZG4u5zyM-unsplash.webp?resize=350%2C200&ssl=1 1x, https:\/\/i0.wp.com\/kohenavocats.com\/wp-content\/uploads\/2024\/11\/steve-johnson-3HpZG4u5zyM-unsplash.webp?resize=525%2C300&ssl=1 1.5x, https:\/\/i0.wp.com\/kohenavocats.com\/wp-content\/uploads\/2024\/11\/steve-johnson-3HpZG4u5zyM-unsplash.webp?resize=700%2C400&ssl=1 2x, https:\/\/i0.wp.com\/kohenavocats.com\/wp-content\/uploads\/2024\/11\/steve-johnson-3HpZG4u5zyM-unsplash.webp?resize=1050%2C600&ssl=1 3x, https:\/\/i0.wp.com\/kohenavocats.com\/wp-content\/uploads\/2024\/11\/steve-johnson-3HpZG4u5zyM-unsplash.webp?resize=1400%2C800&ssl=1 4x"},"classes":[]}],"jetpack_sharing_enabled":true,"_links":{"self":[{"href":"https:\/\/kohenavocats.com\/en\/wp-json\/wp\/v2\/posts\/657327","targetHints":{"allow":["GET"]}}],"collection":[{"href":"https:\/\/kohenavocats.com\/en\/wp-json\/wp\/v2\/posts"}],"about":[{"href":"https:\/\/kohenavocats.com\/en\/wp-json\/wp\/v2\/types\/post"}],"author":[{"embeddable":true,"href":"https:\/\/kohenavocats.com\/en\/wp-json\/wp\/v2\/users\/232070755"}],"replies":[{"embeddable":true,"href":"https:\/\/kohenavocats.com\/en\/wp-json\/wp\/v2\/comments?post=657327"}],"version-history":[{"count":0,"href":"https:\/\/kohenavocats.com\/en\/wp-json\/wp\/v2\/posts\/657327\/revisions"}],"wp:featuredmedia":[{"embeddable":true,"href":"https:\/\/kohenavocats.com\/en\/wp-json\/wp\/v2\/media\/9427"}],"wp:attachment":[{"href":"https:\/\/kohenavocats.com\/en\/wp-json\/wp\/v2\/media?parent=657327"}],"wp:term":[{"taxonomy":"category","embeddable":true,"href":"https:\/\/kohenavocats.com\/en\/wp-json\/wp\/v2\/categories?post=657327"},{"taxonomy":"post_tag","embeddable":true,"href":"https:\/\/kohenavocats.com\/en\/wp-json\/wp\/v2\/tags?post=657327"}],"curies":[{"name":"wp","href":"https:\/\/api.w.org\/{rel}","templated":true}]}}