{"id":657543,"date":"2026-04-23T09:34:34","date_gmt":"2026-04-23T07:34:34","guid":{"rendered":"https:\/\/kohenavocats.com\/cour-dappel-de-douai-le-9-janvier-2025-n24-00233\/"},"modified":"2026-04-23T09:34:34","modified_gmt":"2026-04-23T07:34:34","slug":"cour-dappel-de-douai-le-9-janvier-2025-n24-00233","status":"publish","type":"post","link":"https:\/\/kohenavocats.com\/en\/cour-dappel-de-douai-le-9-janvier-2025-n24-00233\/","title":{"rendered":"Cour d&#8217;appel de Douai, le 9 janvier 2025, n\u00b024\/00233"},"content":{"rendered":"<div class=\"article-content\">\n<p>La cour d&#8217;appel de Douai, statuant le 9 janvier 2025, examine la recevabilit\u00e9 d&#8217;une action en inopposabilit\u00e9 d&#8217;une reconnaissance de maladie professionnelle. L&#8217;employeur, apr\u00e8s un d\u00e9sistement d&#8217;instance, introduit une nouvelle requ\u00eate identique plusieurs ann\u00e9es apr\u00e8s la d\u00e9cision initiale. La juridiction doit d\u00e9terminer si cette nouvelle action est recevable malgr\u00e9 l&#8217;\u00e9coulement du d\u00e9lai de recours contentieux. La cour confirme l&#8217;irrecevabilit\u00e9 de l&#8217;action pour forclusion, le d\u00e9lai de deux mois \u00e9tant opposable.<\/p>\n<p>La coexistence des d\u00e9cisions implicite et explicite de rejet<\/p>\n<p>Le contentieux de la s\u00e9curit\u00e9 sociale admet la saisine du juge apr\u00e8s un rejet implicite. La jurisprudence combine les articles R. 142-1 et R. 142-6 du code de la s\u00e9curit\u00e9 sociale. L&#8217;employeur peut exercer un recours contentieux sans attendre une \u00e9ventuelle d\u00e9cision explicite ult\u00e9rieure. Cette derni\u00e8re n&#8217;a pas d&#8217;incidence sur la proc\u00e9dure d\u00e9j\u00e0 engag\u00e9e contre le rejet implicite.<\/p>\n<p>La solution consacre l&#8217;autonomie proc\u00e9durale du recours contre une d\u00e9cision implicite. Elle s\u00e9curise la position du requ\u00e9rant face \u00e0 l&#8217;inaction de l&#8217;administration. La valeur de cette r\u00e8gle est pratique, \u00e9vitant une paralysie du recours. Sa port\u00e9e est g\u00e9n\u00e9rale en mati\u00e8re de contentieux administratif de la s\u00e9curit\u00e9 sociale.<\/p>\n<p>L&#8217;extinction de l&#8217;instance par d\u00e9sistement n&#8217;\u00e9teint pas l&#8217;action<\/p>\n<p>Le d\u00e9sistement met fin \u00e0 l&#8217;instance mais pas \u00e0 l&#8217;action elle-m\u00eame. Les articles 385, 394 et 398 du code de proc\u00e9dure civile gouvernent cette distinction. &#8220;Le d\u00e9sistement \u00e0 l&#8217;instance n&#8217;emporte pas renonciation \u00e0 l&#8217;action, mais seulement extinction de l&#8217;instance&#8221; (Motifs). L&#8217;employeur conserve donc la facult\u00e9 d&#8217;introduire une nouvelle instance sur le m\u00eame fondement.<\/p>\n<p>Ce principe proc\u00e9dural classique trouve une application sp\u00e9cifique en droit social. Il prot\u00e8ge le droit d&#8217;agir du justiciable malgr\u00e9 un renoncement \u00e0 une instance. Sa port\u00e9e est limit\u00e9e par les d\u00e9lais de forclusion, comme le d\u00e9montre l&#8217;esp\u00e8ce. La valeur est de rappeler la survivance de l&#8217;action apr\u00e8s un d\u00e9sistement.<\/p>\n<p>La forclusion attach\u00e9e au d\u00e9lai de recours contentieux<\/p>\n<p>Le d\u00e9lai de deux mois pour contester une d\u00e9cision est une condition de recevabilit\u00e9. Il court \u00e0 compter de la notification de la d\u00e9cision, implicite ou explicite. Ce d\u00e9lai est opposable lorsque la notification mentionne les voies de recours. &#8220;Toute action en contestation de la d\u00e9cision de rejet implicite [&#8230;] devait n\u00e9cessairement \u00eatre intent\u00e9e, \u00e0 peine de forclusion&#8221; (Motifs).<\/p>\n<p>La solution affirme le caract\u00e8re imp\u00e9ratif du d\u00e9lai de l&#8217;article R. 142-1. Ce d\u00e9lai s&#8217;applique \u00e0 toute instance, y compris une nouvelle introduction apr\u00e8s d\u00e9sistement. La port\u00e9e est essentielle pour la s\u00e9curit\u00e9 juridique et la stabilit\u00e9 des d\u00e9cisions. La valeur est d&#8217;ordre public, emp\u00eachant la r\u00e9surgence tardive de litiges.<\/p>\n<p>L&#8217;impossibilit\u00e9 de renouveler l&#8217;action apr\u00e8s forclusion<\/p>\n<p>Une nouvelle action identique n&#8217;est pas possible apr\u00e8s l&#8217;expiration du d\u00e9lai. Le d\u00e9lai de forclusion est attach\u00e9 \u00e0 la d\u00e9cision contest\u00e9e, non \u00e0 l&#8217;instance. La prescription quinquennale de l&#8217;action ne fait pas obstacle \u00e0 cette forclusion. L&#8217;action, bien que non prescrite, est d\u00e9finitivement forclose apr\u00e8s deux mois.<\/p>\n<p>Cette analyse pr\u00e9vaut sur le principe de libert\u00e9 de r\u00e9introduction apr\u00e8s d\u00e9sistement. Elle assure l&#8217;efficacit\u00e9 des d\u00e9lais stricts du contentieux de la s\u00e9curit\u00e9 sociale. La port\u00e9e est restrictive pour les employeurs, qui doivent agir rapidement. La valeur est proc\u00e9durale, garantissant la c\u00e9l\u00e9rit\u00e9 et la finitude du litige.<\/p>\n<\/div>\n","protected":false},"excerpt":{"rendered":"<p>La cour d&#8217;appel de Douai, statuant le 9 janvier 2025, examine la recevabilit\u00e9 d&#8217;une action en inopposabilit\u00e9 d&#8217;une reconnaissance de maladie professionnelle&#8230;.<\/p>\n","protected":false},"author":232070755,"featured_media":9656,"comment_status":"open","ping_status":"open","sticky":false,"template":"","format":"standard","meta":{"_crdt_document":"","_jetpack_newsletter_access":"","_jetpack_dont_email_post_to_subs":false,"_jetpack_newsletter_tier_id":0,"_jetpack_memberships_contains_paywalled_content":false,"_kj_source_type":"","_kj_official_id":"","_kj_official_url":"","_kj_judilibre_id":"","_kj_jur":"","_kj_lieu":"","_kj_chambre":"","_kj_rg":"","_kj_date":"","_jetpack_memberships_contains_paid_content":false,"footnotes":"","jetpack_post_was_ever_published":false},"categories":[7597],"tags":[],"class_list":["post-657543","post","type-post","status-publish","format-standard","has-post-thumbnail","hentry","category-jurisprudence"],"yoast_head":"<!-- This site is optimized with the Yoast SEO Premium plugin v27.5 (Yoast SEO v27.5) - https:\/\/yoast.com\/product\/yoast-seo-premium-wordpress\/ -->\n<title>Cour d&#039;appel de Douai, le 9 janvier 2025, n\u00b024\/00233 - Ma\u00eetre Hassan Kohen, avocat en droit p\u00e9nal \u00e0 Paris<\/title>\n<meta name=\"description\" content=\"La cour d&#039;appel de Douai, statuant le 9 janvier 2025, examine la recevabilit\u00e9 d&#039;une action en inopposabilit\u00e9 d&#039;une reconnaissance de maladie professionnelle....\" \/>\n<meta name=\"robots\" content=\"index, follow, max-snippet:-1, max-image-preview:large, max-video-preview:-1\" \/>\n<link rel=\"canonical\" href=\"https:\/\/kohenavocats.com\/en\/cour-dappel-de-douai-le-9-janvier-2025-n24-00233\/\" \/>\n<meta property=\"og:locale\" content=\"en_US\" \/>\n<meta property=\"og:type\" content=\"article\" \/>\n<meta property=\"og:title\" content=\"Cour d&#039;appel de Douai, le 9 janvier 2025, n\u00b024\/00233\" \/>\n<meta property=\"og:description\" content=\"La cour d&#039;appel de Douai, statuant le 9 janvier 2025, examine la recevabilit\u00e9 d&#039;une action en inopposabilit\u00e9 d&#039;une reconnaissance de maladie professionnelle....\" \/>\n<meta property=\"og:url\" content=\"https:\/\/kohenavocats.com\/en\/cour-dappel-de-douai-le-9-janvier-2025-n24-00233\/\" \/>\n<meta property=\"og:site_name\" content=\"Ma\u00eetre Hassan Kohen, avocat en droit p\u00e9nal \u00e0 Paris\" \/>\n<meta property=\"article:published_time\" content=\"2026-04-23T07:34:34+00:00\" \/>\n<meta property=\"og:image\" content=\"https:\/\/kohenavocats.com\/wp-content\/uploads\/2024\/11\/frank-van-hulst-DNYn_v6WVJo-unsplash.webp\" \/>\n\t<meta property=\"og:image:width\" content=\"4189\" \/>\n\t<meta property=\"og:image:height\" content=\"2793\" \/>\n\t<meta property=\"og:image:type\" content=\"image\/webp\" \/>\n<meta name=\"author\" content=\"Kohen\" \/>\n<meta name=\"twitter:card\" content=\"summary_large_image\" \/>\n<meta name=\"twitter:label1\" content=\"Written by\" \/>\n\t<meta name=\"twitter:data1\" content=\"Kohen\" \/>\n\t<meta name=\"twitter:label2\" content=\"Est. reading time\" \/>\n\t<meta name=\"twitter:data2\" content=\"3 minutes\" \/>\n<script type=\"application\/ld+json\" class=\"yoast-schema-graph\">{\"@context\":\"https:\\\/\\\/schema.org\",\"@graph\":[{\"@type\":\"Article\",\"@id\":\"https:\\\/\\\/kohenavocats.com\\\/en\\\/cour-dappel-de-douai-le-9-janvier-2025-n24-00233\\\/#article\",\"isPartOf\":{\"@id\":\"https:\\\/\\\/kohenavocats.com\\\/en\\\/cour-dappel-de-douai-le-9-janvier-2025-n24-00233\\\/\"},\"author\":{\"name\":\"Kohen\",\"@id\":\"https:\\\/\\\/kohenavocats.com\\\/en\\\/#\\\/schema\\\/person\\\/761c9ba54fa1ca84d405cef0831ff751\"},\"headline\":\"Cour d&#8217;appel de Douai, le 9 janvier 2025, n\u00b024\\\/00233\",\"datePublished\":\"2026-04-23T07:34:34+00:00\",\"mainEntityOfPage\":{\"@id\":\"https:\\\/\\\/kohenavocats.com\\\/en\\\/cour-dappel-de-douai-le-9-janvier-2025-n24-00233\\\/\"},\"wordCount\":623,\"commentCount\":0,\"publisher\":{\"@id\":\"https:\\\/\\\/kohenavocats.com\\\/en\\\/#organization\"},\"image\":{\"@id\":\"https:\\\/\\\/kohenavocats.com\\\/en\\\/cour-dappel-de-douai-le-9-janvier-2025-n24-00233\\\/#primaryimage\"},\"thumbnailUrl\":\"https:\\\/\\\/kohenavocats.com\\\/wp-content\\\/uploads\\\/2024\\\/11\\\/frank-van-hulst-DNYn_v6WVJo-unsplash.webp\",\"articleSection\":[\"Jurisprudence\"],\"inLanguage\":\"en-US\",\"potentialAction\":[{\"@type\":\"CommentAction\",\"name\":\"Comment\",\"target\":[\"https:\\\/\\\/kohenavocats.com\\\/en\\\/cour-dappel-de-douai-le-9-janvier-2025-n24-00233\\\/#respond\"]}],\"citation\":\"Cour d&#8217;appel de Douai, le 9 janvier 2025, n\u00b024\\\/00233\",\"about\":[{\"@type\":\"Thing\",\"name\":\"Jurisprudence\"}],\"dateModified\":\"2026-04-23T07:34:34+00:00\",\"speakable\":{\"@type\":\"SpeakableSpecification\",\"cssSelector\":[\".article-content > p:first-of-type\"]}},{\"@type\":\"WebPage\",\"@id\":\"https:\\\/\\\/kohenavocats.com\\\/en\\\/cour-dappel-de-douai-le-9-janvier-2025-n24-00233\\\/\",\"url\":\"https:\\\/\\\/kohenavocats.com\\\/en\\\/cour-dappel-de-douai-le-9-janvier-2025-n24-00233\\\/\",\"name\":\"Cour d'appel de Douai, le 9 janvier 2025, n\u00b024\\\/00233 - Ma\u00eetre Hassan Kohen, avocat en droit p\u00e9nal \u00e0 Paris\",\"isPartOf\":{\"@id\":\"https:\\\/\\\/kohenavocats.com\\\/en\\\/#website\"},\"primaryImageOfPage\":{\"@id\":\"https:\\\/\\\/kohenavocats.com\\\/en\\\/cour-dappel-de-douai-le-9-janvier-2025-n24-00233\\\/#primaryimage\"},\"image\":{\"@id\":\"https:\\\/\\\/kohenavocats.com\\\/en\\\/cour-dappel-de-douai-le-9-janvier-2025-n24-00233\\\/#primaryimage\"},\"thumbnailUrl\":\"https:\\\/\\\/kohenavocats.com\\\/wp-content\\\/uploads\\\/2024\\\/11\\\/frank-van-hulst-DNYn_v6WVJo-unsplash.webp\",\"datePublished\":\"2026-04-23T07:34:34+00:00\",\"description\":\"La cour d'appel de Douai, statuant le 9 janvier 2025, examine la recevabilit\u00e9 d'une action en inopposabilit\u00e9 d'une reconnaissance de maladie professionnelle....\",\"breadcrumb\":{\"@id\":\"https:\\\/\\\/kohenavocats.com\\\/en\\\/cour-dappel-de-douai-le-9-janvier-2025-n24-00233\\\/#breadcrumb\"},\"inLanguage\":\"en-US\",\"potentialAction\":[{\"@type\":\"ReadAction\",\"target\":[\"https:\\\/\\\/kohenavocats.com\\\/en\\\/cour-dappel-de-douai-le-9-janvier-2025-n24-00233\\\/\"]}]},{\"@type\":\"ImageObject\",\"inLanguage\":\"en-US\",\"@id\":\"https:\\\/\\\/kohenavocats.com\\\/en\\\/cour-dappel-de-douai-le-9-janvier-2025-n24-00233\\\/#primaryimage\",\"url\":\"https:\\\/\\\/kohenavocats.com\\\/wp-content\\\/uploads\\\/2024\\\/11\\\/frank-van-hulst-DNYn_v6WVJo-unsplash.webp\",\"contentUrl\":\"https:\\\/\\\/kohenavocats.com\\\/wp-content\\\/uploads\\\/2024\\\/11\\\/frank-van-hulst-DNYn_v6WVJo-unsplash.webp\",\"width\":4189,\"height\":2793},{\"@type\":\"BreadcrumbList\",\"@id\":\"https:\\\/\\\/kohenavocats.com\\\/en\\\/cour-dappel-de-douai-le-9-janvier-2025-n24-00233\\\/#breadcrumb\",\"itemListElement\":[{\"@type\":\"ListItem\",\"position\":1,\"name\":\"Home\",\"item\":\"https:\\\/\\\/kohenavocats.com\\\/en\\\/criminal-law-attorneys-in-paris-counsel-and-strategic-defense\\\/\"},{\"@type\":\"ListItem\",\"position\":2,\"name\":\"Cour d&rsquo;appel de Douai, le 9 janvier 2025, n\u00b024\\\/00233\"}]},{\"@type\":\"WebSite\",\"@id\":\"https:\\\/\\\/kohenavocats.com\\\/en\\\/#website\",\"url\":\"https:\\\/\\\/kohenavocats.com\\\/en\\\/\",\"name\":\"Kohen Avocats\",\"description\":\"Ma\u00eetre Hassan Kohen, avocat p\u00e9naliste \u00e0 Paris, intervient exclusivement en droit p\u00e9nal pour la d\u00e9fense des particuliers, notamment en mati\u00e8re d\u2019accusations de viol. Il assure un accompagnement rigoureux d\u00e8s la garde \u00e0 vue jusqu\u2019\u00e0 la Cour d\u2019assises, veillant au strict respect des garanties proc\u00e9durales.\",\"publisher\":{\"@id\":\"https:\\\/\\\/kohenavocats.com\\\/en\\\/#organization\"},\"potentialAction\":[{\"@type\":\"SearchAction\",\"target\":{\"@type\":\"EntryPoint\",\"urlTemplate\":\"https:\\\/\\\/kohenavocats.com\\\/en\\\/?s={search_term_string}\"},\"query-input\":{\"@type\":\"PropertyValueSpecification\",\"valueRequired\":true,\"valueName\":\"search_term_string\"}}],\"inLanguage\":\"en-US\"},{\"@type\":\"Organization\",\"@id\":\"https:\\\/\\\/kohenavocats.com\\\/en\\\/#organization\",\"name\":\"Kohen Avocats\",\"url\":\"https:\\\/\\\/kohenavocats.com\\\/en\\\/\",\"logo\":{\"@type\":\"ImageObject\",\"inLanguage\":\"en-US\",\"@id\":\"https:\\\/\\\/kohenavocats.com\\\/en\\\/#\\\/schema\\\/logo\\\/image\\\/\",\"url\":\"https:\\\/\\\/kohenavocats.com\\\/wp-content\\\/uploads\\\/2026\\\/01\\\/Logo-2-1.webp\",\"contentUrl\":\"https:\\\/\\\/kohenavocats.com\\\/wp-content\\\/uploads\\\/2026\\\/01\\\/Logo-2-1.webp\",\"width\":2114,\"height\":1253,\"caption\":\"Kohen Avocats\"},\"image\":{\"@id\":\"https:\\\/\\\/kohenavocats.com\\\/en\\\/#\\\/schema\\\/logo\\\/image\\\/\"}},{\"@type\":\"Person\",\"@id\":\"https:\\\/\\\/kohenavocats.com\\\/en\\\/#\\\/schema\\\/person\\\/761c9ba54fa1ca84d405cef0831ff751\",\"name\":\"Kohen\",\"image\":{\"@type\":\"ImageObject\",\"inLanguage\":\"en-US\",\"@id\":\"https:\\\/\\\/secure.gravatar.com\\\/avatar\\\/1c5e76ef76bbbfdd2b4da984e2bf2fa4056fd51a27d25ce2c332047f1dfd6e00?s=96&d=identicon&r=g\",\"url\":\"https:\\\/\\\/secure.gravatar.com\\\/avatar\\\/1c5e76ef76bbbfdd2b4da984e2bf2fa4056fd51a27d25ce2c332047f1dfd6e00?s=96&d=identicon&r=g\",\"contentUrl\":\"https:\\\/\\\/secure.gravatar.com\\\/avatar\\\/1c5e76ef76bbbfdd2b4da984e2bf2fa4056fd51a27d25ce2c332047f1dfd6e00?s=96&d=identicon&r=g\",\"caption\":\"Kohen\"},\"sameAs\":[\"https:\\\/\\\/www.linkedin.com\\\/in\\\/hassan-kohen-448548192\\\/\",\"https:\\\/\\\/www.youtube.com\\\/@Kohen-Avocats\"],\"url\":\"https:\\\/\\\/kohenavocats.com\\\/en\\\/author\\\/kohenmlk\\\/\"}]}<\/script>\n<!-- \/ Yoast SEO Premium plugin. -->","yoast_head_json":{"title":"Cour d'appel de Douai, le 9 janvier 2025, n\u00b024\/00233 - Ma\u00eetre Hassan Kohen, avocat en droit p\u00e9nal \u00e0 Paris","description":"La cour d'appel de Douai, statuant le 9 janvier 2025, examine la recevabilit\u00e9 d'une action en inopposabilit\u00e9 d'une reconnaissance de maladie professionnelle....","robots":{"index":"index","follow":"follow","max-snippet":"max-snippet:-1","max-image-preview":"max-image-preview:large","max-video-preview":"max-video-preview:-1"},"canonical":"https:\/\/kohenavocats.com\/en\/cour-dappel-de-douai-le-9-janvier-2025-n24-00233\/","og_locale":"en_US","og_type":"article","og_title":"Cour d'appel de Douai, le 9 janvier 2025, n\u00b024\/00233","og_description":"La cour d'appel de Douai, statuant le 9 janvier 2025, examine la recevabilit\u00e9 d'une action en inopposabilit\u00e9 d'une reconnaissance de maladie professionnelle....","og_url":"https:\/\/kohenavocats.com\/en\/cour-dappel-de-douai-le-9-janvier-2025-n24-00233\/","og_site_name":"Ma\u00eetre Hassan Kohen, avocat en droit p\u00e9nal \u00e0 Paris","article_published_time":"2026-04-23T07:34:34+00:00","og_image":[{"width":4189,"height":2793,"url":"https:\/\/kohenavocats.com\/wp-content\/uploads\/2024\/11\/frank-van-hulst-DNYn_v6WVJo-unsplash.webp","type":"image\/webp"}],"author":"Kohen","twitter_card":"summary_large_image","twitter_misc":{"Written by":"Kohen","Est. reading time":"3 minutes"},"schema":{"@context":"https:\/\/schema.org","@graph":[{"@type":"Article","@id":"https:\/\/kohenavocats.com\/en\/cour-dappel-de-douai-le-9-janvier-2025-n24-00233\/#article","isPartOf":{"@id":"https:\/\/kohenavocats.com\/en\/cour-dappel-de-douai-le-9-janvier-2025-n24-00233\/"},"author":{"name":"Kohen","@id":"https:\/\/kohenavocats.com\/en\/#\/schema\/person\/761c9ba54fa1ca84d405cef0831ff751"},"headline":"Cour d&#8217;appel de Douai, le 9 janvier 2025, n\u00b024\/00233","datePublished":"2026-04-23T07:34:34+00:00","mainEntityOfPage":{"@id":"https:\/\/kohenavocats.com\/en\/cour-dappel-de-douai-le-9-janvier-2025-n24-00233\/"},"wordCount":623,"commentCount":0,"publisher":{"@id":"https:\/\/kohenavocats.com\/en\/#organization"},"image":{"@id":"https:\/\/kohenavocats.com\/en\/cour-dappel-de-douai-le-9-janvier-2025-n24-00233\/#primaryimage"},"thumbnailUrl":"https:\/\/kohenavocats.com\/wp-content\/uploads\/2024\/11\/frank-van-hulst-DNYn_v6WVJo-unsplash.webp","articleSection":["Jurisprudence"],"inLanguage":"en-US","potentialAction":[{"@type":"CommentAction","name":"Comment","target":["https:\/\/kohenavocats.com\/en\/cour-dappel-de-douai-le-9-janvier-2025-n24-00233\/#respond"]}],"citation":"Cour d&#8217;appel de Douai, le 9 janvier 2025, n\u00b024\/00233","about":[{"@type":"Thing","name":"Jurisprudence"}],"dateModified":"2026-04-23T07:34:34+00:00","speakable":{"@type":"SpeakableSpecification","cssSelector":[".article-content > p:first-of-type"]}},{"@type":"WebPage","@id":"https:\/\/kohenavocats.com\/en\/cour-dappel-de-douai-le-9-janvier-2025-n24-00233\/","url":"https:\/\/kohenavocats.com\/en\/cour-dappel-de-douai-le-9-janvier-2025-n24-00233\/","name":"Cour d'appel de Douai, le 9 janvier 2025, n\u00b024\/00233 - Ma\u00eetre Hassan Kohen, avocat en droit p\u00e9nal \u00e0 Paris","isPartOf":{"@id":"https:\/\/kohenavocats.com\/en\/#website"},"primaryImageOfPage":{"@id":"https:\/\/kohenavocats.com\/en\/cour-dappel-de-douai-le-9-janvier-2025-n24-00233\/#primaryimage"},"image":{"@id":"https:\/\/kohenavocats.com\/en\/cour-dappel-de-douai-le-9-janvier-2025-n24-00233\/#primaryimage"},"thumbnailUrl":"https:\/\/kohenavocats.com\/wp-content\/uploads\/2024\/11\/frank-van-hulst-DNYn_v6WVJo-unsplash.webp","datePublished":"2026-04-23T07:34:34+00:00","description":"La cour d'appel de Douai, statuant le 9 janvier 2025, examine la recevabilit\u00e9 d'une action en inopposabilit\u00e9 d'une reconnaissance de maladie professionnelle....","breadcrumb":{"@id":"https:\/\/kohenavocats.com\/en\/cour-dappel-de-douai-le-9-janvier-2025-n24-00233\/#breadcrumb"},"inLanguage":"en-US","potentialAction":[{"@type":"ReadAction","target":["https:\/\/kohenavocats.com\/en\/cour-dappel-de-douai-le-9-janvier-2025-n24-00233\/"]}]},{"@type":"ImageObject","inLanguage":"en-US","@id":"https:\/\/kohenavocats.com\/en\/cour-dappel-de-douai-le-9-janvier-2025-n24-00233\/#primaryimage","url":"https:\/\/kohenavocats.com\/wp-content\/uploads\/2024\/11\/frank-van-hulst-DNYn_v6WVJo-unsplash.webp","contentUrl":"https:\/\/kohenavocats.com\/wp-content\/uploads\/2024\/11\/frank-van-hulst-DNYn_v6WVJo-unsplash.webp","width":4189,"height":2793},{"@type":"BreadcrumbList","@id":"https:\/\/kohenavocats.com\/en\/cour-dappel-de-douai-le-9-janvier-2025-n24-00233\/#breadcrumb","itemListElement":[{"@type":"ListItem","position":1,"name":"Home","item":"https:\/\/kohenavocats.com\/en\/criminal-law-attorneys-in-paris-counsel-and-strategic-defense\/"},{"@type":"ListItem","position":2,"name":"Cour d&rsquo;appel de Douai, le 9 janvier 2025, n\u00b024\/00233"}]},{"@type":"WebSite","@id":"https:\/\/kohenavocats.com\/en\/#website","url":"https:\/\/kohenavocats.com\/en\/","name":"Kohen Avocats","description":"Ma\u00eetre Hassan Kohen, avocat p\u00e9naliste \u00e0 Paris, intervient exclusivement en droit p\u00e9nal pour la d\u00e9fense des particuliers, notamment en mati\u00e8re d\u2019accusations de viol. Il assure un accompagnement rigoureux d\u00e8s la garde \u00e0 vue jusqu\u2019\u00e0 la Cour d\u2019assises, veillant au strict respect des garanties proc\u00e9durales.","publisher":{"@id":"https:\/\/kohenavocats.com\/en\/#organization"},"potentialAction":[{"@type":"SearchAction","target":{"@type":"EntryPoint","urlTemplate":"https:\/\/kohenavocats.com\/en\/?s={search_term_string}"},"query-input":{"@type":"PropertyValueSpecification","valueRequired":true,"valueName":"search_term_string"}}],"inLanguage":"en-US"},{"@type":"Organization","@id":"https:\/\/kohenavocats.com\/en\/#organization","name":"Kohen Avocats","url":"https:\/\/kohenavocats.com\/en\/","logo":{"@type":"ImageObject","inLanguage":"en-US","@id":"https:\/\/kohenavocats.com\/en\/#\/schema\/logo\/image\/","url":"https:\/\/kohenavocats.com\/wp-content\/uploads\/2026\/01\/Logo-2-1.webp","contentUrl":"https:\/\/kohenavocats.com\/wp-content\/uploads\/2026\/01\/Logo-2-1.webp","width":2114,"height":1253,"caption":"Kohen Avocats"},"image":{"@id":"https:\/\/kohenavocats.com\/en\/#\/schema\/logo\/image\/"}},{"@type":"Person","@id":"https:\/\/kohenavocats.com\/en\/#\/schema\/person\/761c9ba54fa1ca84d405cef0831ff751","name":"Kohen","image":{"@type":"ImageObject","inLanguage":"en-US","@id":"https:\/\/secure.gravatar.com\/avatar\/1c5e76ef76bbbfdd2b4da984e2bf2fa4056fd51a27d25ce2c332047f1dfd6e00?s=96&d=identicon&r=g","url":"https:\/\/secure.gravatar.com\/avatar\/1c5e76ef76bbbfdd2b4da984e2bf2fa4056fd51a27d25ce2c332047f1dfd6e00?s=96&d=identicon&r=g","contentUrl":"https:\/\/secure.gravatar.com\/avatar\/1c5e76ef76bbbfdd2b4da984e2bf2fa4056fd51a27d25ce2c332047f1dfd6e00?s=96&d=identicon&r=g","caption":"Kohen"},"sameAs":["https:\/\/www.linkedin.com\/in\/hassan-kohen-448548192\/","https:\/\/www.youtube.com\/@Kohen-Avocats"],"url":"https:\/\/kohenavocats.com\/en\/author\/kohenmlk\/"}]}},"jetpack_featured_media_url":"https:\/\/kohenavocats.com\/wp-content\/uploads\/2024\/11\/frank-van-hulst-DNYn_v6WVJo-unsplash.webp","jetpack_likes_enabled":false,"jetpack_shortlink":"https:\/\/wp.me\/peCrII-2L3x","jetpack-related-posts":[{"id":636766,"url":"https:\/\/kohenavocats.com\/en\/cour-dappel-de-douai-le-9-juillet-2024-n24-11323\/","url_meta":{"origin":657543,"position":0},"title":"Cour d&#8217;appel de Douai, le 9 juillet 2024, n\u00b024\/11323","author":"Kohen","date":"21 April 2026","format":false,"excerpt":"La Cour d'appel de Douai, le 9 juillet 2024, statue sur un litige en mati\u00e8re de reconnaissance de maladies professionnelles. L'assur\u00e9e contestait le refus de...","rel":"","context":"In &quot;Jurisprudence&quot;","block_context":{"text":"Jurisprudence","link":"https:\/\/kohenavocats.com\/category\/jurisprudence\/"},"img":{"alt_text":"","src":"https:\/\/i0.wp.com\/kohenavocats.com\/wp-content\/uploads\/2024\/11\/zyanya-citlalli-6tRLEZ6yZ7M-unsplash.webp?resize=350%2C200&ssl=1","width":350,"height":200,"srcset":"https:\/\/i0.wp.com\/kohenavocats.com\/wp-content\/uploads\/2024\/11\/zyanya-citlalli-6tRLEZ6yZ7M-unsplash.webp?resize=350%2C200&ssl=1 1x, https:\/\/i0.wp.com\/kohenavocats.com\/wp-content\/uploads\/2024\/11\/zyanya-citlalli-6tRLEZ6yZ7M-unsplash.webp?resize=525%2C300&ssl=1 1.5x, https:\/\/i0.wp.com\/kohenavocats.com\/wp-content\/uploads\/2024\/11\/zyanya-citlalli-6tRLEZ6yZ7M-unsplash.webp?resize=700%2C400&ssl=1 2x, https:\/\/i0.wp.com\/kohenavocats.com\/wp-content\/uploads\/2024\/11\/zyanya-citlalli-6tRLEZ6yZ7M-unsplash.webp?resize=1050%2C600&ssl=1 3x, https:\/\/i0.wp.com\/kohenavocats.com\/wp-content\/uploads\/2024\/11\/zyanya-citlalli-6tRLEZ6yZ7M-unsplash.webp?resize=1400%2C800&ssl=1 4x"},"classes":[]},{"id":663086,"url":"https:\/\/kohenavocats.com\/en\/tribunal-judiciaire-de-grenoble-le-12-janvier-2023-n24-00024\/","url_meta":{"origin":657543,"position":1},"title":"Tribunal judiciaire de Grenoble, le 12 janvier 2023, n\u00b024\/00024","author":"Kohen","date":"23 April 2026","format":false,"excerpt":"Le Tribunal judiciaire de Grenoble, statuant en mati\u00e8re sociale, a rendu un jugement le 12 janvier 2023. Un assur\u00e9 contestait le refus de prise en charge d'u...","rel":"","context":"In &quot;Jurisprudence&quot;","block_context":{"text":"Jurisprudence","link":"https:\/\/kohenavocats.com\/category\/jurisprudence\/"},"img":{"alt_text":"","src":"https:\/\/i0.wp.com\/kohenavocats.com\/wp-content\/uploads\/2024\/07\/chris-karidis-F77D9r-qIqU-unsplash.webp?resize=350%2C200&ssl=1","width":350,"height":200,"srcset":"https:\/\/i0.wp.com\/kohenavocats.com\/wp-content\/uploads\/2024\/07\/chris-karidis-F77D9r-qIqU-unsplash.webp?resize=350%2C200&ssl=1 1x, https:\/\/i0.wp.com\/kohenavocats.com\/wp-content\/uploads\/2024\/07\/chris-karidis-F77D9r-qIqU-unsplash.webp?resize=525%2C300&ssl=1 1.5x, https:\/\/i0.wp.com\/kohenavocats.com\/wp-content\/uploads\/2024\/07\/chris-karidis-F77D9r-qIqU-unsplash.webp?resize=700%2C400&ssl=1 2x, https:\/\/i0.wp.com\/kohenavocats.com\/wp-content\/uploads\/2024\/07\/chris-karidis-F77D9r-qIqU-unsplash.webp?resize=1050%2C600&ssl=1 3x, https:\/\/i0.wp.com\/kohenavocats.com\/wp-content\/uploads\/2024\/07\/chris-karidis-F77D9r-qIqU-unsplash.webp?resize=1400%2C800&ssl=1 4x"},"classes":[]},{"id":481856,"url":"https:\/\/kohenavocats.com\/en\/cour-dappel-de-douai-le-5-fevrier-2025-n22-08768\/","url_meta":{"origin":657543,"position":2},"title":"Cour d&#8217;appel de Douai, le 5 f\u00e9vrier 2025, n\u00b022\/08768","author":"Kohen","date":"8 April 2026","format":false,"excerpt":"La Cour d\u2019appel de Douai, statuant le 5 f\u00e9vrier 2025, a examin\u00e9 un litige relatif au refus de prise en charge de soins dentaires. L\u2019organisme de s\u00e9curit\u00e9 soc...","rel":"","context":"In &quot;Jurisprudence&quot;","block_context":{"text":"Jurisprudence","link":"https:\/\/kohenavocats.com\/category\/jurisprudence\/"},"img":{"alt_text":"","src":"https:\/\/i0.wp.com\/kohenavocats.com\/wp-content\/uploads\/2024\/11\/chris-barbalis-axkgSXdeD98-unsplash.webp?resize=350%2C200&ssl=1","width":350,"height":200,"srcset":"https:\/\/i0.wp.com\/kohenavocats.com\/wp-content\/uploads\/2024\/11\/chris-barbalis-axkgSXdeD98-unsplash.webp?resize=350%2C200&ssl=1 1x, https:\/\/i0.wp.com\/kohenavocats.com\/wp-content\/uploads\/2024\/11\/chris-barbalis-axkgSXdeD98-unsplash.webp?resize=525%2C300&ssl=1 1.5x, https:\/\/i0.wp.com\/kohenavocats.com\/wp-content\/uploads\/2024\/11\/chris-barbalis-axkgSXdeD98-unsplash.webp?resize=700%2C400&ssl=1 2x, https:\/\/i0.wp.com\/kohenavocats.com\/wp-content\/uploads\/2024\/11\/chris-barbalis-axkgSXdeD98-unsplash.webp?resize=1050%2C600&ssl=1 3x, https:\/\/i0.wp.com\/kohenavocats.com\/wp-content\/uploads\/2024\/11\/chris-barbalis-axkgSXdeD98-unsplash.webp?resize=1400%2C800&ssl=1 4x"},"classes":[]},{"id":456620,"url":"https:\/\/kohenavocats.com\/en\/cour-dappel-de-amiens-2025-10-02-n23-04655\/","url_meta":{"origin":657543,"position":3},"title":"Cour d&#8217;appel de Amiens &#8211; 2025-10-02 &#8211; n\u00b023\/04655","author":"Kohen","date":"7 April 2026","format":false,"excerpt":"La cour d'appel de Douai, le 16 juin 2025, statue sur un litige opposant un salari\u00e9 \u00e0 son ancien employeur et \u00e0 sa caisse de retraite. L'int\u00e9ress\u00e9, apr\u00e8s une mise \u00e0 disposition, r\u00e9clamait le b\u00e9n\u00e9fice ...","rel":"","context":"In &quot;Jurisprudence&quot;","block_context":{"text":"Jurisprudence","link":"https:\/\/kohenavocats.com\/category\/jurisprudence\/"},"img":{"alt_text":"","src":"https:\/\/i0.wp.com\/kohenavocats.com\/wp-content\/uploads\/2024\/06\/tingey-injury-law-firm-yCdPU73kGSc-unsplash.jpg?resize=350%2C200&ssl=1","width":350,"height":200,"srcset":"https:\/\/i0.wp.com\/kohenavocats.com\/wp-content\/uploads\/2024\/06\/tingey-injury-law-firm-yCdPU73kGSc-unsplash.jpg?resize=350%2C200&ssl=1 1x, https:\/\/i0.wp.com\/kohenavocats.com\/wp-content\/uploads\/2024\/06\/tingey-injury-law-firm-yCdPU73kGSc-unsplash.jpg?resize=525%2C300&ssl=1 1.5x, https:\/\/i0.wp.com\/kohenavocats.com\/wp-content\/uploads\/2024\/06\/tingey-injury-law-firm-yCdPU73kGSc-unsplash.jpg?resize=700%2C400&ssl=1 2x, https:\/\/i0.wp.com\/kohenavocats.com\/wp-content\/uploads\/2024\/06\/tingey-injury-law-firm-yCdPU73kGSc-unsplash.jpg?resize=1050%2C600&ssl=1 3x, https:\/\/i0.wp.com\/kohenavocats.com\/wp-content\/uploads\/2024\/06\/tingey-injury-law-firm-yCdPU73kGSc-unsplash.jpg?resize=1400%2C800&ssl=1 4x"},"classes":[]},{"id":466503,"url":"https:\/\/kohenavocats.com\/en\/cour-dappel-de-amiens-2025-10-02-n23-04652\/","url_meta":{"origin":657543,"position":4},"title":"Cour d&#8217;appel de Amiens &#8211; 2025-10-02 &#8211; n\u00b023\/04652","author":"Kohen","date":"7 April 2026","format":false,"excerpt":"La cour d'appel de Douai, le 16 juin 2025, statue sur un litige relatif \u00e0 la prime de p\u00e9nibilit\u00e9 et \u00e0 ses effets sur la pension de retraite. Un salari\u00e9, apr\u00e8s une longue carri\u00e8re en horaires alternant...","rel":"","context":"In &quot;Jurisprudence&quot;","block_context":{"text":"Jurisprudence","link":"https:\/\/kohenavocats.com\/category\/jurisprudence\/"},"img":{"alt_text":"","src":"https:\/\/i0.wp.com\/kohenavocats.com\/wp-content\/uploads\/2024\/06\/pexels-pavel-danilyuk-8112201.jpg?resize=350%2C200&ssl=1","width":350,"height":200,"srcset":"https:\/\/i0.wp.com\/kohenavocats.com\/wp-content\/uploads\/2024\/06\/pexels-pavel-danilyuk-8112201.jpg?resize=350%2C200&ssl=1 1x, https:\/\/i0.wp.com\/kohenavocats.com\/wp-content\/uploads\/2024\/06\/pexels-pavel-danilyuk-8112201.jpg?resize=525%2C300&ssl=1 1.5x, https:\/\/i0.wp.com\/kohenavocats.com\/wp-content\/uploads\/2024\/06\/pexels-pavel-danilyuk-8112201.jpg?resize=700%2C400&ssl=1 2x, https:\/\/i0.wp.com\/kohenavocats.com\/wp-content\/uploads\/2024\/06\/pexels-pavel-danilyuk-8112201.jpg?resize=1050%2C600&ssl=1 3x, https:\/\/i0.wp.com\/kohenavocats.com\/wp-content\/uploads\/2024\/06\/pexels-pavel-danilyuk-8112201.jpg?resize=1400%2C800&ssl=1 4x"},"classes":[]},{"id":222971,"url":"https:\/\/kohenavocats.com\/en\/cour-dappel-de-paris-le-13-juin-2025-n20-02767\/","url_meta":{"origin":657543,"position":5},"title":"Cour d&#8217;appel de Paris, le 13 juin 2025, n\u00b020\/02767","author":"Kohen","date":"25 December 2025","format":false,"excerpt":"Now using node v22.15.1 (npm v10.8.2)Utilisation de Node.js v20.19.4 et npm 10.8.2Codex est d\u00e9j\u00e0 install\u00e9.Lancement de Codex\u2026Cour d\u2019appel de Paris, p\u00f4le 6 chambre 13, 13 juin 2025. L\u2019arr\u00eat tranche un double contentieux, proc\u00e9dural d\u2019abord, mat\u00e9riel ensuite. Il porte, d\u2019une part, sur l\u2019opposabilit\u00e9 de la forclusion tir\u00e9e des articles R. 142-6\u2026","rel":"","context":"In &quot;Cour d'appel&quot;","block_context":{"text":"Cour d'appel","link":"https:\/\/kohenavocats.com\/category\/cour-dappel\/"},"img":{"alt_text":"","src":"https:\/\/i0.wp.com\/kohenavocats.com\/wp-content\/uploads\/2024\/11\/getty-images-ya49u1qljBI-unsplash.webp?resize=350%2C200&ssl=1","width":350,"height":200,"srcset":"https:\/\/i0.wp.com\/kohenavocats.com\/wp-content\/uploads\/2024\/11\/getty-images-ya49u1qljBI-unsplash.webp?resize=350%2C200&ssl=1 1x, https:\/\/i0.wp.com\/kohenavocats.com\/wp-content\/uploads\/2024\/11\/getty-images-ya49u1qljBI-unsplash.webp?resize=525%2C300&ssl=1 1.5x, https:\/\/i0.wp.com\/kohenavocats.com\/wp-content\/uploads\/2024\/11\/getty-images-ya49u1qljBI-unsplash.webp?resize=700%2C400&ssl=1 2x, https:\/\/i0.wp.com\/kohenavocats.com\/wp-content\/uploads\/2024\/11\/getty-images-ya49u1qljBI-unsplash.webp?resize=1050%2C600&ssl=1 3x, https:\/\/i0.wp.com\/kohenavocats.com\/wp-content\/uploads\/2024\/11\/getty-images-ya49u1qljBI-unsplash.webp?resize=1400%2C800&ssl=1 4x"},"classes":[]}],"jetpack_sharing_enabled":true,"_links":{"self":[{"href":"https:\/\/kohenavocats.com\/en\/wp-json\/wp\/v2\/posts\/657543","targetHints":{"allow":["GET"]}}],"collection":[{"href":"https:\/\/kohenavocats.com\/en\/wp-json\/wp\/v2\/posts"}],"about":[{"href":"https:\/\/kohenavocats.com\/en\/wp-json\/wp\/v2\/types\/post"}],"author":[{"embeddable":true,"href":"https:\/\/kohenavocats.com\/en\/wp-json\/wp\/v2\/users\/232070755"}],"replies":[{"embeddable":true,"href":"https:\/\/kohenavocats.com\/en\/wp-json\/wp\/v2\/comments?post=657543"}],"version-history":[{"count":0,"href":"https:\/\/kohenavocats.com\/en\/wp-json\/wp\/v2\/posts\/657543\/revisions"}],"wp:featuredmedia":[{"embeddable":true,"href":"https:\/\/kohenavocats.com\/en\/wp-json\/wp\/v2\/media\/9656"}],"wp:attachment":[{"href":"https:\/\/kohenavocats.com\/en\/wp-json\/wp\/v2\/media?parent=657543"}],"wp:term":[{"taxonomy":"category","embeddable":true,"href":"https:\/\/kohenavocats.com\/en\/wp-json\/wp\/v2\/categories?post=657543"},{"taxonomy":"post_tag","embeddable":true,"href":"https:\/\/kohenavocats.com\/en\/wp-json\/wp\/v2\/tags?post=657543"}],"curies":[{"name":"wp","href":"https:\/\/api.w.org\/{rel}","templated":true}]}}