{"id":657702,"date":"2026-04-23T09:52:22","date_gmt":"2026-04-23T07:52:22","guid":{"rendered":"https:\/\/kohenavocats.com\/cour-dappel-de-amiens-le-6-decembre-2022-n21-05247\/"},"modified":"2026-04-23T09:52:22","modified_gmt":"2026-04-23T07:52:22","slug":"cour-dappel-de-amiens-le-6-decembre-2022-n21-05247","status":"publish","type":"post","link":"https:\/\/kohenavocats.com\/en\/cour-dappel-de-amiens-le-6-decembre-2022-n21-05247\/","title":{"rendered":"Cour d&#8217;appel de Amiens, le 6 d\u00e9cembre 2022, n\u00b021\/05247"},"content":{"rendered":"<div class=\"article-content\">\n<p>La Cour d&#8217;appel d&#8217;Amiens, statuant le 6 d\u00e9cembre 2022 puis par un arr\u00eat ult\u00e9rieur, a examin\u00e9 un litige complexe entre une bailleuse et sa locataire, une soci\u00e9t\u00e9 h\u00f4teli\u00e8re en liquidation. La proc\u00e9dure concernait l&#8217;\u00e9valuation d&#8217;une perte d&#8217;exploitation et diverses exceptions de proc\u00e9dure. La cour a rejet\u00e9 les demandes de la bailleuse et a fix\u00e9 le pr\u00e9judice de la locataire, en ordonnant une compensation entre leurs cr\u00e9ances respectives.<\/p>\n<p>La rigueur proc\u00e9durale des exceptions soulev\u00e9es<\/p>\n<p>L&#8217;irrecevabilit\u00e9 de l&#8217;exception de sursis \u00e0 statuer. La cour a strictement appliqu\u00e9 les r\u00e8gles de proc\u00e9dure civile concernant la pr\u00e9sentation des exceptions. Elle a jug\u00e9 irrecevable la demande de sursis car elle n&#8217;avait pas \u00e9t\u00e9 soulev\u00e9e avant toute d\u00e9fense au fond. &#8220;Elle doit donc \u00eatre d\u00e9clar\u00e9e irrecevable, l&#8217;appelante \u00e9tant ill\u00e9gitime \u00e0 invoquer une atteinte disproportionn\u00e9e \u00e0 ses droits de la d\u00e9fense&#8221; (Motifs, point 1). Cette solution rappelle l&#8217;importance du respect des d\u00e9lais proc\u00e9duraux, m\u00eame pour des moyens d&#8217;ordre public, garantissant l&#8217;efficacit\u00e9 de la justice.<\/p>\n<p>Le rejet des contestations sur la preuve comptable et l&#8217;expertise. La bailleuse contestait la r\u00e9gularit\u00e9 de la comptabilit\u00e9 de la soci\u00e9t\u00e9 et la validit\u00e9 d&#8217;une consultation d&#8217;expert. La cour a \u00e9cart\u00e9 ces moyens en soulignant l&#8217;absence de grief concret. Concernant la comptabilit\u00e9, elle a pr\u00e9cis\u00e9 que le choix de la comptabilit\u00e9 de tr\u00e9sorerie n&#8217;impliquait pas d&#8217;insinc\u00e9rit\u00e9. Quant \u00e0 l&#8217;expertise, elle a rappel\u00e9 que &#8220;L&#8217;inobservation de ces formalit\u00e9s n&#8217;entra\u00eene cependant la nullit\u00e9 qu&#8217;\u00e0 charge pour la partie qui l&#8217;invoque de prouver le grief que lui cause cette irr\u00e9gularit\u00e9&#8221; (Motifs, point 3). Cette analyse prot\u00e8ge l&#8217;int\u00e9grit\u00e9 des preuves techniques en exigeant une d\u00e9monstration pr\u00e9cise du pr\u00e9judice all\u00e9gu\u00e9.<\/p>\n<p>La m\u00e9thode d&#8217;\u00e9valuation du pr\u00e9judice et le m\u00e9canisme de compensation<\/p>\n<p>La quantification de la perte d&#8217;exploitation. La cour a ent\u00e9rin\u00e9 la m\u00e9thode du consultant pour \u00e9valuer le pr\u00e9judice financier. Elle a retenu la perte de marge brute plut\u00f4t que la baisse du b\u00e9n\u00e9fice, jug\u00e9e plus pertinente. &#8220;La perte d&#8217;exploitation correspond donc \u00e0 la marge brute non r\u00e9alis\u00e9e en ce qu&#8217;elle sert \u00e0 continuer \u00e0 couvrir les charges fixes&#8221; (Motifs, point 4). Cette approche \u00e9conomique fine permet une indemnisation r\u00e9aliste qui couvre \u00e0 la fois les charges fixes et le manque \u00e0 gagner, offrant une r\u00e9paration compl\u00e8te du pr\u00e9judice subi.<\/p>\n<p>L&#8217;application du principe de compensation l\u00e9gale. La cour a op\u00e9r\u00e9 une compensation entre la cr\u00e9ance de la locataire pour perte d&#8217;exploitation et celle de la bailleuse pour loyers impay\u00e9s. Elle a rappel\u00e9 les conditions de la connexit\u00e9 en mati\u00e8re de proc\u00e9dure collective. &#8220;La connexit\u00e9 suppose que les deux cr\u00e9ances aient un fondement de m\u00eame nature et qu&#8217;elles soient r\u00e9ciproques et certaines&#8221; (Motifs, point 4.3). Cette solution simplifie le r\u00e8glement du litige en \u00e9vitant des paiements crois\u00e9s, tout en respectant le cadre contraignant du droit des proc\u00e9dures collectives, assurant une ex\u00e9cution pratique de la d\u00e9cision.<\/p>\n<\/div>\n","protected":false},"excerpt":{"rendered":"<p>La Cour d&#8217;appel d&#8217;Amiens, statuant le 6 d\u00e9cembre 2022 puis par un arr\u00eat ult\u00e9rieur, a examin\u00e9 un litige complexe entre une bailleuse et sa locataire, une soci&#8230;<\/p>\n","protected":false},"author":232070755,"featured_media":4892,"comment_status":"open","ping_status":"open","sticky":false,"template":"","format":"standard","meta":{"_crdt_document":"","_jetpack_newsletter_access":"","_jetpack_dont_email_post_to_subs":false,"_jetpack_newsletter_tier_id":0,"_jetpack_memberships_contains_paywalled_content":false,"_kj_source_type":"judilibre","_kj_official_id":"68dce6c1a97254e6daf5e3d8","_kj_official_url":"https:\/\/www.courdecassation.fr\/decision\/68dce6c1a97254e6daf5e3d8","_kj_judilibre_id":"68dce6c1a97254e6daf5e3d8","_kj_jur":"Cour d'appel","_kj_lieu":"Cour d'appel d'Amiens","_kj_chambre":"1\u00e8re Chambre civile","_kj_rg":"21\/05247","_kj_date":"2025-09-30","_jetpack_memberships_contains_paid_content":false,"footnotes":"","jetpack_post_was_ever_published":false},"categories":[7597],"tags":[],"class_list":["post-657702","post","type-post","status-publish","format-standard","has-post-thumbnail","hentry","category-jurisprudence"],"yoast_head":"<!-- This site is optimized with the Yoast SEO Premium plugin v27.5 (Yoast SEO v27.5) - https:\/\/yoast.com\/product\/yoast-seo-premium-wordpress\/ -->\n<title>Cour d&#039;appel de Amiens, le 6 d\u00e9cembre 2022, n\u00b021\/05247 - Ma\u00eetre Hassan Kohen, avocat en droit p\u00e9nal \u00e0 Paris<\/title>\n<meta name=\"description\" content=\"La Cour d&#039;appel d&#039;Amiens, statuant le 6 d\u00e9cembre 2022 puis par un arr\u00eat ult\u00e9rieur, a examin\u00e9 un litige complexe entre une bailleuse et sa locataire, une soci...\" \/>\n<meta name=\"robots\" content=\"index, follow, max-snippet:-1, max-image-preview:large, max-video-preview:-1\" \/>\n<link rel=\"canonical\" href=\"https:\/\/kohenavocats.com\/en\/cour-dappel-de-amiens-le-6-decembre-2022-n21-05247\/\" \/>\n<meta property=\"og:locale\" content=\"en_US\" \/>\n<meta property=\"og:type\" content=\"article\" \/>\n<meta property=\"og:title\" content=\"Cour d&#039;appel de Amiens, le 6 d\u00e9cembre 2022, n\u00b021\/05247\" \/>\n<meta property=\"og:description\" content=\"La Cour d&#039;appel d&#039;Amiens, statuant le 6 d\u00e9cembre 2022 puis par un arr\u00eat ult\u00e9rieur, a examin\u00e9 un litige complexe entre une bailleuse et sa locataire, une soci...\" \/>\n<meta property=\"og:url\" content=\"https:\/\/kohenavocats.com\/en\/cour-dappel-de-amiens-le-6-decembre-2022-n21-05247\/\" \/>\n<meta property=\"og:site_name\" content=\"Ma\u00eetre Hassan Kohen, avocat en droit p\u00e9nal \u00e0 Paris\" \/>\n<meta property=\"article:published_time\" content=\"2026-04-23T07:52:22+00:00\" \/>\n<meta property=\"og:image\" content=\"https:\/\/kohenavocats.com\/wp-content\/uploads\/2024\/08\/matthew6910-2uWoi7y2S8E-unsplash.webp\" \/>\n\t<meta property=\"og:image:width\" content=\"4297\" \/>\n\t<meta property=\"og:image:height\" content=\"2855\" \/>\n\t<meta property=\"og:image:type\" content=\"image\/webp\" \/>\n<meta name=\"author\" content=\"Kohen\" \/>\n<meta name=\"twitter:card\" content=\"summary_large_image\" \/>\n<meta name=\"twitter:label1\" content=\"Written by\" \/>\n\t<meta name=\"twitter:data1\" content=\"Kohen\" \/>\n\t<meta name=\"twitter:label2\" content=\"Est. reading time\" \/>\n\t<meta name=\"twitter:data2\" content=\"3 minutes\" \/>\n<script type=\"application\/ld+json\" class=\"yoast-schema-graph\">{\"@context\":\"https:\\\/\\\/schema.org\",\"@graph\":[{\"@type\":\"Article\",\"@id\":\"https:\\\/\\\/kohenavocats.com\\\/en\\\/cour-dappel-de-amiens-le-6-decembre-2022-n21-05247\\\/#article\",\"isPartOf\":{\"@id\":\"https:\\\/\\\/kohenavocats.com\\\/en\\\/cour-dappel-de-amiens-le-6-decembre-2022-n21-05247\\\/\"},\"author\":{\"name\":\"Kohen\",\"@id\":\"https:\\\/\\\/kohenavocats.com\\\/en\\\/#\\\/schema\\\/person\\\/761c9ba54fa1ca84d405cef0831ff751\"},\"headline\":\"Cour d&#8217;appel de Amiens, le 6 d\u00e9cembre 2022, n\u00b021\\\/05247\",\"datePublished\":\"2026-04-23T07:52:22+00:00\",\"mainEntityOfPage\":{\"@id\":\"https:\\\/\\\/kohenavocats.com\\\/en\\\/cour-dappel-de-amiens-le-6-decembre-2022-n21-05247\\\/\"},\"wordCount\":548,\"commentCount\":0,\"publisher\":{\"@id\":\"https:\\\/\\\/kohenavocats.com\\\/en\\\/#organization\"},\"image\":{\"@id\":\"https:\\\/\\\/kohenavocats.com\\\/en\\\/cour-dappel-de-amiens-le-6-decembre-2022-n21-05247\\\/#primaryimage\"},\"thumbnailUrl\":\"https:\\\/\\\/kohenavocats.com\\\/wp-content\\\/uploads\\\/2024\\\/08\\\/matthew6910-2uWoi7y2S8E-unsplash.webp\",\"articleSection\":[\"Jurisprudence\"],\"inLanguage\":\"en-US\",\"potentialAction\":[{\"@type\":\"CommentAction\",\"name\":\"Comment\",\"target\":[\"https:\\\/\\\/kohenavocats.com\\\/en\\\/cour-dappel-de-amiens-le-6-decembre-2022-n21-05247\\\/#respond\"]}],\"citation\":\"Cour d&#8217;appel de Amiens, le 6 d\u00e9cembre 2022, n\u00b021\\\/05247\",\"about\":[{\"@type\":\"Thing\",\"name\":\"Jurisprudence\"}],\"dateModified\":\"2026-04-23T07:52:22+00:00\",\"speakable\":{\"@type\":\"SpeakableSpecification\",\"cssSelector\":[\".article-content > p:first-of-type\"]}},{\"@type\":\"WebPage\",\"@id\":\"https:\\\/\\\/kohenavocats.com\\\/en\\\/cour-dappel-de-amiens-le-6-decembre-2022-n21-05247\\\/\",\"url\":\"https:\\\/\\\/kohenavocats.com\\\/en\\\/cour-dappel-de-amiens-le-6-decembre-2022-n21-05247\\\/\",\"name\":\"Cour d'appel de Amiens, le 6 d\u00e9cembre 2022, n\u00b021\\\/05247 - Ma\u00eetre Hassan Kohen, avocat en droit p\u00e9nal \u00e0 Paris\",\"isPartOf\":{\"@id\":\"https:\\\/\\\/kohenavocats.com\\\/en\\\/#website\"},\"primaryImageOfPage\":{\"@id\":\"https:\\\/\\\/kohenavocats.com\\\/en\\\/cour-dappel-de-amiens-le-6-decembre-2022-n21-05247\\\/#primaryimage\"},\"image\":{\"@id\":\"https:\\\/\\\/kohenavocats.com\\\/en\\\/cour-dappel-de-amiens-le-6-decembre-2022-n21-05247\\\/#primaryimage\"},\"thumbnailUrl\":\"https:\\\/\\\/kohenavocats.com\\\/wp-content\\\/uploads\\\/2024\\\/08\\\/matthew6910-2uWoi7y2S8E-unsplash.webp\",\"datePublished\":\"2026-04-23T07:52:22+00:00\",\"description\":\"La Cour d'appel d'Amiens, statuant le 6 d\u00e9cembre 2022 puis par un arr\u00eat ult\u00e9rieur, a examin\u00e9 un litige complexe entre une bailleuse et sa locataire, une soci...\",\"breadcrumb\":{\"@id\":\"https:\\\/\\\/kohenavocats.com\\\/en\\\/cour-dappel-de-amiens-le-6-decembre-2022-n21-05247\\\/#breadcrumb\"},\"inLanguage\":\"en-US\",\"potentialAction\":[{\"@type\":\"ReadAction\",\"target\":[\"https:\\\/\\\/kohenavocats.com\\\/en\\\/cour-dappel-de-amiens-le-6-decembre-2022-n21-05247\\\/\"]}]},{\"@type\":\"ImageObject\",\"inLanguage\":\"en-US\",\"@id\":\"https:\\\/\\\/kohenavocats.com\\\/en\\\/cour-dappel-de-amiens-le-6-decembre-2022-n21-05247\\\/#primaryimage\",\"url\":\"https:\\\/\\\/kohenavocats.com\\\/wp-content\\\/uploads\\\/2024\\\/08\\\/matthew6910-2uWoi7y2S8E-unsplash.webp\",\"contentUrl\":\"https:\\\/\\\/kohenavocats.com\\\/wp-content\\\/uploads\\\/2024\\\/08\\\/matthew6910-2uWoi7y2S8E-unsplash.webp\",\"width\":4297,\"height\":2855},{\"@type\":\"BreadcrumbList\",\"@id\":\"https:\\\/\\\/kohenavocats.com\\\/en\\\/cour-dappel-de-amiens-le-6-decembre-2022-n21-05247\\\/#breadcrumb\",\"itemListElement\":[{\"@type\":\"ListItem\",\"position\":1,\"name\":\"Home\",\"item\":\"https:\\\/\\\/kohenavocats.com\\\/en\\\/criminal-law-attorneys-in-paris-counsel-and-strategic-defense\\\/\"},{\"@type\":\"ListItem\",\"position\":2,\"name\":\"Cour d&rsquo;appel de Amiens, le 6 d\u00e9cembre 2022, n\u00b021\\\/05247\"}]},{\"@type\":\"WebSite\",\"@id\":\"https:\\\/\\\/kohenavocats.com\\\/en\\\/#website\",\"url\":\"https:\\\/\\\/kohenavocats.com\\\/en\\\/\",\"name\":\"Kohen Avocats\",\"description\":\"Ma\u00eetre Hassan Kohen, avocat p\u00e9naliste \u00e0 Paris, intervient exclusivement en droit p\u00e9nal pour la d\u00e9fense des particuliers, notamment en mati\u00e8re d\u2019accusations de viol. Il assure un accompagnement rigoureux d\u00e8s la garde \u00e0 vue jusqu\u2019\u00e0 la Cour d\u2019assises, veillant au strict respect des garanties proc\u00e9durales.\",\"publisher\":{\"@id\":\"https:\\\/\\\/kohenavocats.com\\\/en\\\/#organization\"},\"potentialAction\":[{\"@type\":\"SearchAction\",\"target\":{\"@type\":\"EntryPoint\",\"urlTemplate\":\"https:\\\/\\\/kohenavocats.com\\\/en\\\/?s={search_term_string}\"},\"query-input\":{\"@type\":\"PropertyValueSpecification\",\"valueRequired\":true,\"valueName\":\"search_term_string\"}}],\"inLanguage\":\"en-US\"},{\"@type\":\"Organization\",\"@id\":\"https:\\\/\\\/kohenavocats.com\\\/en\\\/#organization\",\"name\":\"Kohen Avocats\",\"url\":\"https:\\\/\\\/kohenavocats.com\\\/en\\\/\",\"logo\":{\"@type\":\"ImageObject\",\"inLanguage\":\"en-US\",\"@id\":\"https:\\\/\\\/kohenavocats.com\\\/en\\\/#\\\/schema\\\/logo\\\/image\\\/\",\"url\":\"https:\\\/\\\/kohenavocats.com\\\/wp-content\\\/uploads\\\/2026\\\/01\\\/Logo-2-1.webp\",\"contentUrl\":\"https:\\\/\\\/kohenavocats.com\\\/wp-content\\\/uploads\\\/2026\\\/01\\\/Logo-2-1.webp\",\"width\":2114,\"height\":1253,\"caption\":\"Kohen Avocats\"},\"image\":{\"@id\":\"https:\\\/\\\/kohenavocats.com\\\/en\\\/#\\\/schema\\\/logo\\\/image\\\/\"}},{\"@type\":\"Person\",\"@id\":\"https:\\\/\\\/kohenavocats.com\\\/en\\\/#\\\/schema\\\/person\\\/761c9ba54fa1ca84d405cef0831ff751\",\"name\":\"Kohen\",\"image\":{\"@type\":\"ImageObject\",\"inLanguage\":\"en-US\",\"@id\":\"https:\\\/\\\/secure.gravatar.com\\\/avatar\\\/1c5e76ef76bbbfdd2b4da984e2bf2fa4056fd51a27d25ce2c332047f1dfd6e00?s=96&d=identicon&r=g\",\"url\":\"https:\\\/\\\/secure.gravatar.com\\\/avatar\\\/1c5e76ef76bbbfdd2b4da984e2bf2fa4056fd51a27d25ce2c332047f1dfd6e00?s=96&d=identicon&r=g\",\"contentUrl\":\"https:\\\/\\\/secure.gravatar.com\\\/avatar\\\/1c5e76ef76bbbfdd2b4da984e2bf2fa4056fd51a27d25ce2c332047f1dfd6e00?s=96&d=identicon&r=g\",\"caption\":\"Kohen\"},\"sameAs\":[\"https:\\\/\\\/www.linkedin.com\\\/in\\\/hassan-kohen-448548192\\\/\",\"https:\\\/\\\/www.youtube.com\\\/@Kohen-Avocats\"],\"url\":\"https:\\\/\\\/kohenavocats.com\\\/en\\\/author\\\/kohenmlk\\\/\"}]}<\/script>\n<!-- \/ Yoast SEO Premium plugin. -->","yoast_head_json":{"title":"Cour d'appel de Amiens, le 6 d\u00e9cembre 2022, n\u00b021\/05247 - Ma\u00eetre Hassan Kohen, avocat en droit p\u00e9nal \u00e0 Paris","description":"La Cour d'appel d'Amiens, statuant le 6 d\u00e9cembre 2022 puis par un arr\u00eat ult\u00e9rieur, a examin\u00e9 un litige complexe entre une bailleuse et sa locataire, une soci...","robots":{"index":"index","follow":"follow","max-snippet":"max-snippet:-1","max-image-preview":"max-image-preview:large","max-video-preview":"max-video-preview:-1"},"canonical":"https:\/\/kohenavocats.com\/en\/cour-dappel-de-amiens-le-6-decembre-2022-n21-05247\/","og_locale":"en_US","og_type":"article","og_title":"Cour d'appel de Amiens, le 6 d\u00e9cembre 2022, n\u00b021\/05247","og_description":"La Cour d'appel d'Amiens, statuant le 6 d\u00e9cembre 2022 puis par un arr\u00eat ult\u00e9rieur, a examin\u00e9 un litige complexe entre une bailleuse et sa locataire, une soci...","og_url":"https:\/\/kohenavocats.com\/en\/cour-dappel-de-amiens-le-6-decembre-2022-n21-05247\/","og_site_name":"Ma\u00eetre Hassan Kohen, avocat en droit p\u00e9nal \u00e0 Paris","article_published_time":"2026-04-23T07:52:22+00:00","og_image":[{"width":4297,"height":2855,"url":"https:\/\/kohenavocats.com\/wp-content\/uploads\/2024\/08\/matthew6910-2uWoi7y2S8E-unsplash.webp","type":"image\/webp"}],"author":"Kohen","twitter_card":"summary_large_image","twitter_misc":{"Written by":"Kohen","Est. reading time":"3 minutes"},"schema":{"@context":"https:\/\/schema.org","@graph":[{"@type":"Article","@id":"https:\/\/kohenavocats.com\/en\/cour-dappel-de-amiens-le-6-decembre-2022-n21-05247\/#article","isPartOf":{"@id":"https:\/\/kohenavocats.com\/en\/cour-dappel-de-amiens-le-6-decembre-2022-n21-05247\/"},"author":{"name":"Kohen","@id":"https:\/\/kohenavocats.com\/en\/#\/schema\/person\/761c9ba54fa1ca84d405cef0831ff751"},"headline":"Cour d&#8217;appel de Amiens, le 6 d\u00e9cembre 2022, n\u00b021\/05247","datePublished":"2026-04-23T07:52:22+00:00","mainEntityOfPage":{"@id":"https:\/\/kohenavocats.com\/en\/cour-dappel-de-amiens-le-6-decembre-2022-n21-05247\/"},"wordCount":548,"commentCount":0,"publisher":{"@id":"https:\/\/kohenavocats.com\/en\/#organization"},"image":{"@id":"https:\/\/kohenavocats.com\/en\/cour-dappel-de-amiens-le-6-decembre-2022-n21-05247\/#primaryimage"},"thumbnailUrl":"https:\/\/kohenavocats.com\/wp-content\/uploads\/2024\/08\/matthew6910-2uWoi7y2S8E-unsplash.webp","articleSection":["Jurisprudence"],"inLanguage":"en-US","potentialAction":[{"@type":"CommentAction","name":"Comment","target":["https:\/\/kohenavocats.com\/en\/cour-dappel-de-amiens-le-6-decembre-2022-n21-05247\/#respond"]}],"citation":"Cour d&#8217;appel de Amiens, le 6 d\u00e9cembre 2022, n\u00b021\/05247","about":[{"@type":"Thing","name":"Jurisprudence"}],"dateModified":"2026-04-23T07:52:22+00:00","speakable":{"@type":"SpeakableSpecification","cssSelector":[".article-content > p:first-of-type"]}},{"@type":"WebPage","@id":"https:\/\/kohenavocats.com\/en\/cour-dappel-de-amiens-le-6-decembre-2022-n21-05247\/","url":"https:\/\/kohenavocats.com\/en\/cour-dappel-de-amiens-le-6-decembre-2022-n21-05247\/","name":"Cour d'appel de Amiens, le 6 d\u00e9cembre 2022, n\u00b021\/05247 - Ma\u00eetre Hassan Kohen, avocat en droit p\u00e9nal \u00e0 Paris","isPartOf":{"@id":"https:\/\/kohenavocats.com\/en\/#website"},"primaryImageOfPage":{"@id":"https:\/\/kohenavocats.com\/en\/cour-dappel-de-amiens-le-6-decembre-2022-n21-05247\/#primaryimage"},"image":{"@id":"https:\/\/kohenavocats.com\/en\/cour-dappel-de-amiens-le-6-decembre-2022-n21-05247\/#primaryimage"},"thumbnailUrl":"https:\/\/kohenavocats.com\/wp-content\/uploads\/2024\/08\/matthew6910-2uWoi7y2S8E-unsplash.webp","datePublished":"2026-04-23T07:52:22+00:00","description":"La Cour d'appel d'Amiens, statuant le 6 d\u00e9cembre 2022 puis par un arr\u00eat ult\u00e9rieur, a examin\u00e9 un litige complexe entre une bailleuse et sa locataire, une soci...","breadcrumb":{"@id":"https:\/\/kohenavocats.com\/en\/cour-dappel-de-amiens-le-6-decembre-2022-n21-05247\/#breadcrumb"},"inLanguage":"en-US","potentialAction":[{"@type":"ReadAction","target":["https:\/\/kohenavocats.com\/en\/cour-dappel-de-amiens-le-6-decembre-2022-n21-05247\/"]}]},{"@type":"ImageObject","inLanguage":"en-US","@id":"https:\/\/kohenavocats.com\/en\/cour-dappel-de-amiens-le-6-decembre-2022-n21-05247\/#primaryimage","url":"https:\/\/kohenavocats.com\/wp-content\/uploads\/2024\/08\/matthew6910-2uWoi7y2S8E-unsplash.webp","contentUrl":"https:\/\/kohenavocats.com\/wp-content\/uploads\/2024\/08\/matthew6910-2uWoi7y2S8E-unsplash.webp","width":4297,"height":2855},{"@type":"BreadcrumbList","@id":"https:\/\/kohenavocats.com\/en\/cour-dappel-de-amiens-le-6-decembre-2022-n21-05247\/#breadcrumb","itemListElement":[{"@type":"ListItem","position":1,"name":"Home","item":"https:\/\/kohenavocats.com\/en\/criminal-law-attorneys-in-paris-counsel-and-strategic-defense\/"},{"@type":"ListItem","position":2,"name":"Cour d&rsquo;appel de Amiens, le 6 d\u00e9cembre 2022, n\u00b021\/05247"}]},{"@type":"WebSite","@id":"https:\/\/kohenavocats.com\/en\/#website","url":"https:\/\/kohenavocats.com\/en\/","name":"Kohen Avocats","description":"Ma\u00eetre Hassan Kohen, avocat p\u00e9naliste \u00e0 Paris, intervient exclusivement en droit p\u00e9nal pour la d\u00e9fense des particuliers, notamment en mati\u00e8re d\u2019accusations de viol. Il assure un accompagnement rigoureux d\u00e8s la garde \u00e0 vue jusqu\u2019\u00e0 la Cour d\u2019assises, veillant au strict respect des garanties proc\u00e9durales.","publisher":{"@id":"https:\/\/kohenavocats.com\/en\/#organization"},"potentialAction":[{"@type":"SearchAction","target":{"@type":"EntryPoint","urlTemplate":"https:\/\/kohenavocats.com\/en\/?s={search_term_string}"},"query-input":{"@type":"PropertyValueSpecification","valueRequired":true,"valueName":"search_term_string"}}],"inLanguage":"en-US"},{"@type":"Organization","@id":"https:\/\/kohenavocats.com\/en\/#organization","name":"Kohen Avocats","url":"https:\/\/kohenavocats.com\/en\/","logo":{"@type":"ImageObject","inLanguage":"en-US","@id":"https:\/\/kohenavocats.com\/en\/#\/schema\/logo\/image\/","url":"https:\/\/kohenavocats.com\/wp-content\/uploads\/2026\/01\/Logo-2-1.webp","contentUrl":"https:\/\/kohenavocats.com\/wp-content\/uploads\/2026\/01\/Logo-2-1.webp","width":2114,"height":1253,"caption":"Kohen Avocats"},"image":{"@id":"https:\/\/kohenavocats.com\/en\/#\/schema\/logo\/image\/"}},{"@type":"Person","@id":"https:\/\/kohenavocats.com\/en\/#\/schema\/person\/761c9ba54fa1ca84d405cef0831ff751","name":"Kohen","image":{"@type":"ImageObject","inLanguage":"en-US","@id":"https:\/\/secure.gravatar.com\/avatar\/1c5e76ef76bbbfdd2b4da984e2bf2fa4056fd51a27d25ce2c332047f1dfd6e00?s=96&d=identicon&r=g","url":"https:\/\/secure.gravatar.com\/avatar\/1c5e76ef76bbbfdd2b4da984e2bf2fa4056fd51a27d25ce2c332047f1dfd6e00?s=96&d=identicon&r=g","contentUrl":"https:\/\/secure.gravatar.com\/avatar\/1c5e76ef76bbbfdd2b4da984e2bf2fa4056fd51a27d25ce2c332047f1dfd6e00?s=96&d=identicon&r=g","caption":"Kohen"},"sameAs":["https:\/\/www.linkedin.com\/in\/hassan-kohen-448548192\/","https:\/\/www.youtube.com\/@Kohen-Avocats"],"url":"https:\/\/kohenavocats.com\/en\/author\/kohenmlk\/"}]}},"jetpack_featured_media_url":"https:\/\/kohenavocats.com\/wp-content\/uploads\/2024\/08\/matthew6910-2uWoi7y2S8E-unsplash.webp","jetpack_likes_enabled":false,"jetpack_shortlink":"https:\/\/wp.me\/peCrII-2L66","jetpack-related-posts":[{"id":606708,"url":"https:\/\/kohenavocats.com\/en\/tribunal-judiciaire-de-paris-le-5-decembre-2025-n25-03936\/","url_meta":{"origin":657702,"position":0},"title":"Tribunal judiciaire de Paris, le 5 d\u00e9cembre 2025, n\u00b025\/03936","author":"Kohen","date":"19 April 2026","format":false,"excerpt":"Le juge des contentieux de la protection, statuant en r\u00e9f\u00e9r\u00e9 le 5 d\u00e9cembre 2025, a \u00e9t\u00e9 saisi par une bailleuse pour r\u00e9siliation d\u2019un bail et expulsion du loc...","rel":"","context":"In &quot;Jurisprudence&quot;","block_context":{"text":"Jurisprudence","link":"https:\/\/kohenavocats.com\/category\/jurisprudence\/"},"img":{"alt_text":"","src":"https:\/\/i0.wp.com\/kohenavocats.com\/wp-content\/uploads\/2024\/08\/chelms-varthoumlien-m6gbOoP_7GQ-unsplash.webp?resize=350%2C200&ssl=1","width":350,"height":200,"srcset":"https:\/\/i0.wp.com\/kohenavocats.com\/wp-content\/uploads\/2024\/08\/chelms-varthoumlien-m6gbOoP_7GQ-unsplash.webp?resize=350%2C200&ssl=1 1x, https:\/\/i0.wp.com\/kohenavocats.com\/wp-content\/uploads\/2024\/08\/chelms-varthoumlien-m6gbOoP_7GQ-unsplash.webp?resize=525%2C300&ssl=1 1.5x, https:\/\/i0.wp.com\/kohenavocats.com\/wp-content\/uploads\/2024\/08\/chelms-varthoumlien-m6gbOoP_7GQ-unsplash.webp?resize=700%2C400&ssl=1 2x, https:\/\/i0.wp.com\/kohenavocats.com\/wp-content\/uploads\/2024\/08\/chelms-varthoumlien-m6gbOoP_7GQ-unsplash.webp?resize=1050%2C600&ssl=1 3x, https:\/\/i0.wp.com\/kohenavocats.com\/wp-content\/uploads\/2024\/08\/chelms-varthoumlien-m6gbOoP_7GQ-unsplash.webp?resize=1400%2C800&ssl=1 4x"},"classes":[]},{"id":492290,"url":"https:\/\/kohenavocats.com\/en\/cour-dappel-de-rennes-le-12-fevrier-2026-n23-00240\/","url_meta":{"origin":657702,"position":1},"title":"Cour d&#8217;appel de Rennes, le 12 f\u00e9vrier 2026, n\u00b023\/00240","author":"Kohen","date":"8 April 2026","format":false,"excerpt":"La Cour d\u2019appel de Rennes, statuant le 12 f\u00e9vrier 2026, examine un litige locatif opposant une bailleuse \u00e0 ses anciens locataires et leur caution. La proc\u00e9du...","rel":"","context":"In &quot;Jurisprudence&quot;","block_context":{"text":"Jurisprudence","link":"https:\/\/kohenavocats.com\/category\/jurisprudence\/"},"img":{"alt_text":"","src":"https:\/\/i0.wp.com\/kohenavocats.com\/wp-content\/uploads\/2024\/08\/dmitrii-eliuseev-VJCxWJ3XZCM-unsplash.webp?resize=350%2C200&ssl=1","width":350,"height":200,"srcset":"https:\/\/i0.wp.com\/kohenavocats.com\/wp-content\/uploads\/2024\/08\/dmitrii-eliuseev-VJCxWJ3XZCM-unsplash.webp?resize=350%2C200&ssl=1 1x, https:\/\/i0.wp.com\/kohenavocats.com\/wp-content\/uploads\/2024\/08\/dmitrii-eliuseev-VJCxWJ3XZCM-unsplash.webp?resize=525%2C300&ssl=1 1.5x, https:\/\/i0.wp.com\/kohenavocats.com\/wp-content\/uploads\/2024\/08\/dmitrii-eliuseev-VJCxWJ3XZCM-unsplash.webp?resize=700%2C400&ssl=1 2x, https:\/\/i0.wp.com\/kohenavocats.com\/wp-content\/uploads\/2024\/08\/dmitrii-eliuseev-VJCxWJ3XZCM-unsplash.webp?resize=1050%2C600&ssl=1 3x, https:\/\/i0.wp.com\/kohenavocats.com\/wp-content\/uploads\/2024\/08\/dmitrii-eliuseev-VJCxWJ3XZCM-unsplash.webp?resize=1400%2C800&ssl=1 4x"},"classes":[]},{"id":485741,"url":"https:\/\/kohenavocats.com\/en\/tribunal-judiciaire-le-2-decembre-2025-n25-01897\/","url_meta":{"origin":657702,"position":2},"title":"Tribunal judiciaire, le 2 d\u00e9cembre 2025, n\u00b025\/01897","author":"Kohen","date":"8 April 2026","format":false,"excerpt":"Le tribunal judiciaire, dans un jugement du premier semestre 2025, statue sur une demande en paiement de travaux de r\u00e9parations locatives. La bailleuse solli...","rel":"","context":"In &quot;Jurisprudence&quot;","block_context":{"text":"Jurisprudence","link":"https:\/\/kohenavocats.com\/category\/jurisprudence\/"},"img":{"alt_text":"","src":"https:\/\/i0.wp.com\/kohenavocats.com\/wp-content\/uploads\/2024\/08\/yohan-marion-UYA82FGMzFE-unsplash.webp?resize=350%2C200&ssl=1","width":350,"height":200,"srcset":"https:\/\/i0.wp.com\/kohenavocats.com\/wp-content\/uploads\/2024\/08\/yohan-marion-UYA82FGMzFE-unsplash.webp?resize=350%2C200&ssl=1 1x, https:\/\/i0.wp.com\/kohenavocats.com\/wp-content\/uploads\/2024\/08\/yohan-marion-UYA82FGMzFE-unsplash.webp?resize=525%2C300&ssl=1 1.5x, https:\/\/i0.wp.com\/kohenavocats.com\/wp-content\/uploads\/2024\/08\/yohan-marion-UYA82FGMzFE-unsplash.webp?resize=700%2C400&ssl=1 2x, https:\/\/i0.wp.com\/kohenavocats.com\/wp-content\/uploads\/2024\/08\/yohan-marion-UYA82FGMzFE-unsplash.webp?resize=1050%2C600&ssl=1 3x, https:\/\/i0.wp.com\/kohenavocats.com\/wp-content\/uploads\/2024\/08\/yohan-marion-UYA82FGMzFE-unsplash.webp?resize=1400%2C800&ssl=1 4x"},"classes":[]},{"id":606705,"url":"https:\/\/kohenavocats.com\/en\/tribunal-judiciaire-de-amiens-le-5-decembre-2025-n25-00381\/","url_meta":{"origin":657702,"position":3},"title":"Tribunal judiciaire de Amiens, le 5 d\u00e9cembre 2025, n\u00b025\/00381","author":"Kohen","date":"19 April 2026","format":false,"excerpt":"Le juge des contentieux de la protection, statuant par mise \u00e0 disposition au greffe, a rendu une d\u00e9cision le [date \u00e0 ins\u00e9rer]. La locataire saisissait le jug...","rel":"","context":"In &quot;Jurisprudence&quot;","block_context":{"text":"Jurisprudence","link":"https:\/\/kohenavocats.com\/category\/jurisprudence\/"},"img":{"alt_text":"","src":"https:\/\/i0.wp.com\/kohenavocats.com\/wp-content\/uploads\/2024\/07\/claudio-testa-iqeG5xA96M4-unsplash.webp?resize=350%2C200&ssl=1","width":350,"height":200,"srcset":"https:\/\/i0.wp.com\/kohenavocats.com\/wp-content\/uploads\/2024\/07\/claudio-testa-iqeG5xA96M4-unsplash.webp?resize=350%2C200&ssl=1 1x, https:\/\/i0.wp.com\/kohenavocats.com\/wp-content\/uploads\/2024\/07\/claudio-testa-iqeG5xA96M4-unsplash.webp?resize=525%2C300&ssl=1 1.5x, https:\/\/i0.wp.com\/kohenavocats.com\/wp-content\/uploads\/2024\/07\/claudio-testa-iqeG5xA96M4-unsplash.webp?resize=700%2C400&ssl=1 2x, https:\/\/i0.wp.com\/kohenavocats.com\/wp-content\/uploads\/2024\/07\/claudio-testa-iqeG5xA96M4-unsplash.webp?resize=1050%2C600&ssl=1 3x, https:\/\/i0.wp.com\/kohenavocats.com\/wp-content\/uploads\/2024\/07\/claudio-testa-iqeG5xA96M4-unsplash.webp?resize=1400%2C800&ssl=1 4x"},"classes":[]},{"id":615818,"url":"https:\/\/kohenavocats.com\/en\/cour-dappel-de-rennes-le-19-decembre-2024-n24-10392\/","url_meta":{"origin":657702,"position":4},"title":"Cour d&#8217;appel de Rennes, le 19 d\u00e9cembre 2024, n\u00b024\/10392","author":"Kohen","date":"20 April 2026","format":false,"excerpt":"La cour d'appel de Rennes, dans un arr\u00eat du 19 d\u00e9cembre 2024, statue sur une demande de mainlev\u00e9e d'une saisie-attribution. La proc\u00e9dure oppose les titulaire...","rel":"","context":"In &quot;Jurisprudence&quot;","block_context":{"text":"Jurisprudence","link":"https:\/\/kohenavocats.com\/category\/jurisprudence\/"},"img":{"alt_text":"","src":"https:\/\/i0.wp.com\/kohenavocats.com\/wp-content\/uploads\/2024\/11\/and-machines-W9sXFAZVTMY-unsplash.webp?resize=350%2C200&ssl=1","width":350,"height":200,"srcset":"https:\/\/i0.wp.com\/kohenavocats.com\/wp-content\/uploads\/2024\/11\/and-machines-W9sXFAZVTMY-unsplash.webp?resize=350%2C200&ssl=1 1x, https:\/\/i0.wp.com\/kohenavocats.com\/wp-content\/uploads\/2024\/11\/and-machines-W9sXFAZVTMY-unsplash.webp?resize=525%2C300&ssl=1 1.5x, https:\/\/i0.wp.com\/kohenavocats.com\/wp-content\/uploads\/2024\/11\/and-machines-W9sXFAZVTMY-unsplash.webp?resize=700%2C400&ssl=1 2x, https:\/\/i0.wp.com\/kohenavocats.com\/wp-content\/uploads\/2024\/11\/and-machines-W9sXFAZVTMY-unsplash.webp?resize=1050%2C600&ssl=1 3x, https:\/\/i0.wp.com\/kohenavocats.com\/wp-content\/uploads\/2024\/11\/and-machines-W9sXFAZVTMY-unsplash.webp?resize=1400%2C800&ssl=1 4x"},"classes":[]},{"id":444140,"url":"https:\/\/kohenavocats.com\/en\/cour-dappel-le-23-octobre-2025-n24-10392\/","url_meta":{"origin":657702,"position":5},"title":"Cour d&#8217;appel, le 23 octobre 2025, n\u00b024\/10392","author":"","date":"4 April 2026","format":false,"excerpt":"La Cour d\u2019appel d\u2019Aix-en-Provence, dans un arr\u00eat du 23 octobre 2025, se prononce sur la validit\u00e9 d\u2019une saisie-attribution d\u00e9livr\u00e9e par une bailleuse et le...","rel":"","context":"In &quot;Cour d'appel&quot;","block_context":{"text":"Cour d'appel","link":"https:\/\/kohenavocats.com\/category\/cour-dappel\/"},"img":{"alt_text":"","src":"https:\/\/i0.wp.com\/kohenavocats.com\/wp-content\/uploads\/2024\/08\/vlad-kutepov-utAMCFc1-SY-unsplash.webp?resize=350%2C200&ssl=1","width":350,"height":200,"srcset":"https:\/\/i0.wp.com\/kohenavocats.com\/wp-content\/uploads\/2024\/08\/vlad-kutepov-utAMCFc1-SY-unsplash.webp?resize=350%2C200&ssl=1 1x, https:\/\/i0.wp.com\/kohenavocats.com\/wp-content\/uploads\/2024\/08\/vlad-kutepov-utAMCFc1-SY-unsplash.webp?resize=525%2C300&ssl=1 1.5x, https:\/\/i0.wp.com\/kohenavocats.com\/wp-content\/uploads\/2024\/08\/vlad-kutepov-utAMCFc1-SY-unsplash.webp?resize=700%2C400&ssl=1 2x, https:\/\/i0.wp.com\/kohenavocats.com\/wp-content\/uploads\/2024\/08\/vlad-kutepov-utAMCFc1-SY-unsplash.webp?resize=1050%2C600&ssl=1 3x, https:\/\/i0.wp.com\/kohenavocats.com\/wp-content\/uploads\/2024\/08\/vlad-kutepov-utAMCFc1-SY-unsplash.webp?resize=1400%2C800&ssl=1 4x"},"classes":[]}],"jetpack_sharing_enabled":true,"_links":{"self":[{"href":"https:\/\/kohenavocats.com\/en\/wp-json\/wp\/v2\/posts\/657702","targetHints":{"allow":["GET"]}}],"collection":[{"href":"https:\/\/kohenavocats.com\/en\/wp-json\/wp\/v2\/posts"}],"about":[{"href":"https:\/\/kohenavocats.com\/en\/wp-json\/wp\/v2\/types\/post"}],"author":[{"embeddable":true,"href":"https:\/\/kohenavocats.com\/en\/wp-json\/wp\/v2\/users\/232070755"}],"replies":[{"embeddable":true,"href":"https:\/\/kohenavocats.com\/en\/wp-json\/wp\/v2\/comments?post=657702"}],"version-history":[{"count":0,"href":"https:\/\/kohenavocats.com\/en\/wp-json\/wp\/v2\/posts\/657702\/revisions"}],"wp:featuredmedia":[{"embeddable":true,"href":"https:\/\/kohenavocats.com\/en\/wp-json\/wp\/v2\/media\/4892"}],"wp:attachment":[{"href":"https:\/\/kohenavocats.com\/en\/wp-json\/wp\/v2\/media?parent=657702"}],"wp:term":[{"taxonomy":"category","embeddable":true,"href":"https:\/\/kohenavocats.com\/en\/wp-json\/wp\/v2\/categories?post=657702"},{"taxonomy":"post_tag","embeddable":true,"href":"https:\/\/kohenavocats.com\/en\/wp-json\/wp\/v2\/tags?post=657702"}],"curies":[{"name":"wp","href":"https:\/\/api.w.org\/{rel}","templated":true}]}}