{"id":657842,"date":"2026-04-23T10:19:08","date_gmt":"2026-04-23T08:19:08","guid":{"rendered":"https:\/\/kohenavocats.com\/tribunal-judiciaire-de-havre-le-29-septembre-2025-n25-00475\/"},"modified":"2026-04-23T10:19:08","modified_gmt":"2026-04-23T08:19:08","slug":"tribunal-judiciaire-de-havre-le-29-septembre-2025-n25-00475","status":"publish","type":"post","link":"https:\/\/kohenavocats.com\/en\/tribunal-judiciaire-de-havre-le-29-septembre-2025-n25-00475\/","title":{"rendered":"Tribunal judiciaire de Havre, le 29 septembre 2025, n\u00b025\/00475"},"content":{"rendered":"<div class=\"article-content\">\n<p>Le tribunal judiciaire du Havre, juge des contentieux de la protection, statue le vingt-neuf septembre deux mille vingt-cinq. Une soci\u00e9t\u00e9 financi\u00e8re demande le remboursement d\u2019un cr\u00e9dit et la restitution d\u2019un v\u00e9hicule contre un d\u00e9fendeur non comparant. Le juge rel\u00e8ve d\u2019office la question de l\u2019opposabilit\u00e9 du contrat de location avec option d\u2019achat. Il d\u00e9boute finalement la demanderesse de toutes ses pr\u00e9tentions, faute de preuve du lien contractuel avec le d\u00e9fendeur d\u00e9sign\u00e9.<\/p>\n<p>L\u2019exigence probatoire du lien contractuel en l\u2019absence de comparution<\/p>\n<p>Le juge v\u00e9rifie d\u2019office la r\u00e9gularit\u00e9 de la demande fond\u00e9e sur un contrat. Le droit impose au cr\u00e9ancier de prouver l\u2019obligation qu\u2019il invoque contre son d\u00e9biteur pr\u00e9sum\u00e9. Cette v\u00e9rification est essentielle pour garantir le contradictoire malgr\u00e9 une absence \u00e0 l\u2019audience. Elle constitue le c\u0153ur de l\u2019office du juge en mati\u00e8re de preuve des obligations.<\/p>\n<p>Le juge peut donc proc\u00e9der \u00e0 une analyse des pi\u00e8ces soumises aux d\u00e9bats. Cette analyse permet de s\u2019assurer que les conditions d\u2019application des textes sont remplies. Le juge exerce ainsi pleinement son pouvoir d\u2019appr\u00e9ciation des \u00e9l\u00e9ments vers\u00e9s aux d\u00e9bats. Il s\u2019agit d\u2019une pr\u00e9rogative fondamentale pour statuer en toute \u00e9quit\u00e9.<\/p>\n<p>L\u2019impossibilit\u00e9 d\u2019opposer un contrat non sign\u00e9 par le d\u00e9fendeur d\u00e9sign\u00e9<\/p>\n<p>La soci\u00e9t\u00e9 produit un contrat sign\u00e9 par un tiers et une attestation de transfert. Cette attestation n\u2019est sign\u00e9e que par le tiers et ne constitue en aucun cas un contrat liant la soci\u00e9t\u00e9 financi\u00e8re au d\u00e9fendeur. Le juge constate ainsi l\u2019absence de signature du d\u00e9fendeur sur tout acte engageant. La preuve de son consentement au contrat litigieux fait donc d\u00e9faut.<\/p>\n<p>Le contrat de location avec option d\u2019achat n\u2019est donc pas opposable au d\u00e9fendeur. Cette solution prot\u00e8ge le formalisme imp\u00e9ratif de la signature pour les actes juridiques. Elle vide de toute substance les dispositions l\u00e9gales imposant l\u2019apposition d\u2019une signature. La d\u00e9cision rappelle ainsi un principe cardinal du droit des contrats et de la preuve.<\/p>\n<p>La port\u00e9e de cette d\u00e9cision renforce le formalisme probatoire en mati\u00e8re contractuelle. Elle rappelle que la charge de la preuve p\u00e8se sur le cr\u00e9ancier, m\u00eame face \u00e0 un d\u00e9fendeur absent. Le juge des contentieux de la protection exerce un contr\u00f4le strict des pi\u00e8ces. Cette rigueur est essentielle pour prot\u00e9ger les consommateurs dans les proc\u00e9dures par d\u00e9faut.<\/p>\n<p>La valeur de l\u2019arr\u00eat r\u00e9side dans son rappel des principes g\u00e9n\u00e9raux de la preuve. Il r\u00e9affirme que la signature est l\u2019expression intangible du consentement. Un contrat ne peut \u00eatre oppos\u00e9 sans certitude sur l\u2019identit\u00e9 du signataire. Cette jurisprudence rejoint celle d\u2019un tribunal judiciaire du dix-sept novembre deux mille vingt-cinq. &#8220;Sur l\u2019opposabilit\u00e9 du contrat de location avec option d\u2019achat \u00e0 Monsieur [H] Il convient, tout d&#8217;abord, de rappeler qu&#8217;une v\u00e9rification minimale de ce que la demande est bien fond\u00e9e en mati\u00e8re contractuelle consiste \u00e0 s\u2019assurer que le d\u00e9fendeur \u00e0 l\u2019instance est bien celui qui a conclu le contrat dont le demandeur sollicite l\u2019ex\u00e9cution.&#8221; (Tribunal judiciaire, le 17 novembre 2025, n\u00b025\/00406)<\/p>\n<\/div>\n","protected":false},"excerpt":{"rendered":"<p>Le tribunal judiciaire du Havre, juge des contentieux de la protection, statue le vingt-neuf septembre deux mille vingt-cinq. Une soci\u00e9t\u00e9 financi\u00e8re demande &#8230;<\/p>\n","protected":false},"author":232070755,"featured_media":3572,"comment_status":"open","ping_status":"open","sticky":false,"template":"","format":"standard","meta":{"_crdt_document":"","_jetpack_newsletter_access":"","_jetpack_dont_email_post_to_subs":false,"_jetpack_newsletter_tier_id":0,"_jetpack_memberships_contains_paywalled_content":false,"_kj_source_type":"judilibre","_kj_official_id":"68e42960681ed727f2a5e915","_kj_official_url":"https:\/\/www.courdecassation.fr\/decision\/68e42960681ed727f2a5e915","_kj_judilibre_id":"68e42960681ed727f2a5e915","_kj_jur":"Tribunal judiciaire","_kj_lieu":"Tribunal judiciaire du Havre","_kj_chambre":"Civil JCP PROCEDURE ORALE","_kj_rg":"25\/00475","_kj_date":"2025-09-29","_jetpack_memberships_contains_paid_content":false,"footnotes":"","jetpack_post_was_ever_published":false},"categories":[7597],"tags":[],"class_list":["post-657842","post","type-post","status-publish","format-standard","has-post-thumbnail","hentry","category-jurisprudence"],"yoast_head":"<!-- This site is optimized with the Yoast SEO Premium plugin v27.5 (Yoast SEO v27.5) - https:\/\/yoast.com\/product\/yoast-seo-premium-wordpress\/ -->\n<title>Tribunal judiciaire de Havre, le 29 septembre 2025, n\u00b025\/00475 - Ma\u00eetre Hassan Kohen, avocat en droit p\u00e9nal \u00e0 Paris<\/title>\n<meta name=\"description\" content=\"Le tribunal judiciaire du Havre, juge des contentieux de la protection, statue le vingt-neuf septembre deux mille vingt-cinq. Une soci\u00e9t\u00e9 financi\u00e8re demande ...\" \/>\n<meta name=\"robots\" content=\"index, follow, max-snippet:-1, max-image-preview:large, max-video-preview:-1\" \/>\n<link rel=\"canonical\" href=\"https:\/\/kohenavocats.com\/en\/tribunal-judiciaire-de-havre-le-29-septembre-2025-n25-00475\/\" \/>\n<meta property=\"og:locale\" content=\"en_US\" \/>\n<meta property=\"og:type\" content=\"article\" \/>\n<meta property=\"og:title\" content=\"Tribunal judiciaire de Havre, le 29 septembre 2025, n\u00b025\/00475\" \/>\n<meta property=\"og:description\" content=\"Le tribunal judiciaire du Havre, juge des contentieux de la protection, statue le vingt-neuf septembre deux mille vingt-cinq. Une soci\u00e9t\u00e9 financi\u00e8re demande ...\" \/>\n<meta property=\"og:url\" content=\"https:\/\/kohenavocats.com\/en\/tribunal-judiciaire-de-havre-le-29-septembre-2025-n25-00475\/\" \/>\n<meta property=\"og:site_name\" content=\"Ma\u00eetre Hassan Kohen, avocat en droit p\u00e9nal \u00e0 Paris\" \/>\n<meta property=\"article:published_time\" content=\"2026-04-23T08:19:08+00:00\" \/>\n<meta property=\"og:image\" content=\"https:\/\/kohenavocats.com\/wp-content\/uploads\/2024\/06\/tingey-injury-law-firm-yCdPU73kGSc-unsplash-1024x683.jpg\" \/>\n\t<meta property=\"og:image:width\" content=\"1024\" \/>\n\t<meta property=\"og:image:height\" content=\"683\" \/>\n\t<meta property=\"og:image:type\" content=\"image\/jpeg\" \/>\n<meta name=\"author\" content=\"Kohen\" \/>\n<meta name=\"twitter:card\" content=\"summary_large_image\" \/>\n<meta name=\"twitter:label1\" content=\"Written by\" \/>\n\t<meta name=\"twitter:data1\" content=\"Kohen\" \/>\n\t<meta name=\"twitter:label2\" content=\"Est. reading time\" \/>\n\t<meta name=\"twitter:data2\" content=\"3 minutes\" \/>\n<script type=\"application\/ld+json\" class=\"yoast-schema-graph\">{\"@context\":\"https:\\\/\\\/schema.org\",\"@graph\":[{\"@type\":\"Article\",\"@id\":\"https:\\\/\\\/kohenavocats.com\\\/en\\\/tribunal-judiciaire-de-havre-le-29-septembre-2025-n25-00475\\\/#article\",\"isPartOf\":{\"@id\":\"https:\\\/\\\/kohenavocats.com\\\/en\\\/tribunal-judiciaire-de-havre-le-29-septembre-2025-n25-00475\\\/\"},\"author\":{\"name\":\"Kohen\",\"@id\":\"https:\\\/\\\/kohenavocats.com\\\/en\\\/#\\\/schema\\\/person\\\/761c9ba54fa1ca84d405cef0831ff751\"},\"headline\":\"Tribunal judiciaire de Havre, le 29 septembre 2025, n\u00b025\\\/00475\",\"datePublished\":\"2026-04-23T08:19:08+00:00\",\"mainEntityOfPage\":{\"@id\":\"https:\\\/\\\/kohenavocats.com\\\/en\\\/tribunal-judiciaire-de-havre-le-29-septembre-2025-n25-00475\\\/\"},\"wordCount\":568,\"commentCount\":0,\"publisher\":{\"@id\":\"https:\\\/\\\/kohenavocats.com\\\/en\\\/#organization\"},\"image\":{\"@id\":\"https:\\\/\\\/kohenavocats.com\\\/en\\\/tribunal-judiciaire-de-havre-le-29-septembre-2025-n25-00475\\\/#primaryimage\"},\"thumbnailUrl\":\"https:\\\/\\\/kohenavocats.com\\\/wp-content\\\/uploads\\\/2024\\\/06\\\/tingey-injury-law-firm-yCdPU73kGSc-unsplash.jpg\",\"articleSection\":[\"Jurisprudence\"],\"inLanguage\":\"en-US\",\"potentialAction\":[{\"@type\":\"CommentAction\",\"name\":\"Comment\",\"target\":[\"https:\\\/\\\/kohenavocats.com\\\/en\\\/tribunal-judiciaire-de-havre-le-29-septembre-2025-n25-00475\\\/#respond\"]}],\"citation\":\"Tribunal judiciaire de Havre, le 29 septembre 2025, n\u00b025\\\/00475\",\"about\":[{\"@type\":\"Thing\",\"name\":\"Jurisprudence\"}],\"dateModified\":\"2026-04-23T08:19:08+00:00\",\"speakable\":{\"@type\":\"SpeakableSpecification\",\"cssSelector\":[\".article-content > p:first-of-type\"]}},{\"@type\":\"WebPage\",\"@id\":\"https:\\\/\\\/kohenavocats.com\\\/en\\\/tribunal-judiciaire-de-havre-le-29-septembre-2025-n25-00475\\\/\",\"url\":\"https:\\\/\\\/kohenavocats.com\\\/en\\\/tribunal-judiciaire-de-havre-le-29-septembre-2025-n25-00475\\\/\",\"name\":\"Tribunal judiciaire de Havre, le 29 septembre 2025, n\u00b025\\\/00475 - Ma\u00eetre Hassan Kohen, avocat en droit p\u00e9nal \u00e0 Paris\",\"isPartOf\":{\"@id\":\"https:\\\/\\\/kohenavocats.com\\\/en\\\/#website\"},\"primaryImageOfPage\":{\"@id\":\"https:\\\/\\\/kohenavocats.com\\\/en\\\/tribunal-judiciaire-de-havre-le-29-septembre-2025-n25-00475\\\/#primaryimage\"},\"image\":{\"@id\":\"https:\\\/\\\/kohenavocats.com\\\/en\\\/tribunal-judiciaire-de-havre-le-29-septembre-2025-n25-00475\\\/#primaryimage\"},\"thumbnailUrl\":\"https:\\\/\\\/kohenavocats.com\\\/wp-content\\\/uploads\\\/2024\\\/06\\\/tingey-injury-law-firm-yCdPU73kGSc-unsplash.jpg\",\"datePublished\":\"2026-04-23T08:19:08+00:00\",\"description\":\"Le tribunal judiciaire du Havre, juge des contentieux de la protection, statue le vingt-neuf septembre deux mille vingt-cinq. Une soci\u00e9t\u00e9 financi\u00e8re demande ...\",\"breadcrumb\":{\"@id\":\"https:\\\/\\\/kohenavocats.com\\\/en\\\/tribunal-judiciaire-de-havre-le-29-septembre-2025-n25-00475\\\/#breadcrumb\"},\"inLanguage\":\"en-US\",\"potentialAction\":[{\"@type\":\"ReadAction\",\"target\":[\"https:\\\/\\\/kohenavocats.com\\\/en\\\/tribunal-judiciaire-de-havre-le-29-septembre-2025-n25-00475\\\/\"]}]},{\"@type\":\"ImageObject\",\"inLanguage\":\"en-US\",\"@id\":\"https:\\\/\\\/kohenavocats.com\\\/en\\\/tribunal-judiciaire-de-havre-le-29-septembre-2025-n25-00475\\\/#primaryimage\",\"url\":\"https:\\\/\\\/kohenavocats.com\\\/wp-content\\\/uploads\\\/2024\\\/06\\\/tingey-injury-law-firm-yCdPU73kGSc-unsplash.jpg\",\"contentUrl\":\"https:\\\/\\\/kohenavocats.com\\\/wp-content\\\/uploads\\\/2024\\\/06\\\/tingey-injury-law-firm-yCdPU73kGSc-unsplash.jpg\",\"width\":5892,\"height\":3928},{\"@type\":\"BreadcrumbList\",\"@id\":\"https:\\\/\\\/kohenavocats.com\\\/en\\\/tribunal-judiciaire-de-havre-le-29-septembre-2025-n25-00475\\\/#breadcrumb\",\"itemListElement\":[{\"@type\":\"ListItem\",\"position\":1,\"name\":\"Home\",\"item\":\"https:\\\/\\\/kohenavocats.com\\\/en\\\/criminal-law-attorneys-in-paris-counsel-and-strategic-defense\\\/\"},{\"@type\":\"ListItem\",\"position\":2,\"name\":\"Tribunal judiciaire de Havre, le 29 septembre 2025, n\u00b025\\\/00475\"}]},{\"@type\":\"WebSite\",\"@id\":\"https:\\\/\\\/kohenavocats.com\\\/en\\\/#website\",\"url\":\"https:\\\/\\\/kohenavocats.com\\\/en\\\/\",\"name\":\"Kohen Avocats\",\"description\":\"Ma\u00eetre Hassan Kohen, avocat p\u00e9naliste \u00e0 Paris, intervient exclusivement en droit p\u00e9nal pour la d\u00e9fense des particuliers, notamment en mati\u00e8re d\u2019accusations de viol. Il assure un accompagnement rigoureux d\u00e8s la garde \u00e0 vue jusqu\u2019\u00e0 la Cour d\u2019assises, veillant au strict respect des garanties proc\u00e9durales.\",\"publisher\":{\"@id\":\"https:\\\/\\\/kohenavocats.com\\\/en\\\/#organization\"},\"potentialAction\":[{\"@type\":\"SearchAction\",\"target\":{\"@type\":\"EntryPoint\",\"urlTemplate\":\"https:\\\/\\\/kohenavocats.com\\\/en\\\/?s={search_term_string}\"},\"query-input\":{\"@type\":\"PropertyValueSpecification\",\"valueRequired\":true,\"valueName\":\"search_term_string\"}}],\"inLanguage\":\"en-US\"},{\"@type\":\"Organization\",\"@id\":\"https:\\\/\\\/kohenavocats.com\\\/en\\\/#organization\",\"name\":\"Kohen Avocats\",\"url\":\"https:\\\/\\\/kohenavocats.com\\\/en\\\/\",\"logo\":{\"@type\":\"ImageObject\",\"inLanguage\":\"en-US\",\"@id\":\"https:\\\/\\\/kohenavocats.com\\\/en\\\/#\\\/schema\\\/logo\\\/image\\\/\",\"url\":\"https:\\\/\\\/kohenavocats.com\\\/wp-content\\\/uploads\\\/2026\\\/01\\\/Logo-2-1.webp\",\"contentUrl\":\"https:\\\/\\\/kohenavocats.com\\\/wp-content\\\/uploads\\\/2026\\\/01\\\/Logo-2-1.webp\",\"width\":2114,\"height\":1253,\"caption\":\"Kohen Avocats\"},\"image\":{\"@id\":\"https:\\\/\\\/kohenavocats.com\\\/en\\\/#\\\/schema\\\/logo\\\/image\\\/\"}},{\"@type\":\"Person\",\"@id\":\"https:\\\/\\\/kohenavocats.com\\\/en\\\/#\\\/schema\\\/person\\\/761c9ba54fa1ca84d405cef0831ff751\",\"name\":\"Kohen\",\"image\":{\"@type\":\"ImageObject\",\"inLanguage\":\"en-US\",\"@id\":\"https:\\\/\\\/secure.gravatar.com\\\/avatar\\\/1c5e76ef76bbbfdd2b4da984e2bf2fa4056fd51a27d25ce2c332047f1dfd6e00?s=96&d=identicon&r=g\",\"url\":\"https:\\\/\\\/secure.gravatar.com\\\/avatar\\\/1c5e76ef76bbbfdd2b4da984e2bf2fa4056fd51a27d25ce2c332047f1dfd6e00?s=96&d=identicon&r=g\",\"contentUrl\":\"https:\\\/\\\/secure.gravatar.com\\\/avatar\\\/1c5e76ef76bbbfdd2b4da984e2bf2fa4056fd51a27d25ce2c332047f1dfd6e00?s=96&d=identicon&r=g\",\"caption\":\"Kohen\"},\"sameAs\":[\"https:\\\/\\\/www.linkedin.com\\\/in\\\/hassan-kohen-448548192\\\/\",\"https:\\\/\\\/www.youtube.com\\\/@Kohen-Avocats\"],\"url\":\"https:\\\/\\\/kohenavocats.com\\\/en\\\/author\\\/kohenmlk\\\/\"}]}<\/script>\n<!-- \/ Yoast SEO Premium plugin. -->","yoast_head_json":{"title":"Tribunal judiciaire de Havre, le 29 septembre 2025, n\u00b025\/00475 - Ma\u00eetre Hassan Kohen, avocat en droit p\u00e9nal \u00e0 Paris","description":"Le tribunal judiciaire du Havre, juge des contentieux de la protection, statue le vingt-neuf septembre deux mille vingt-cinq. Une soci\u00e9t\u00e9 financi\u00e8re demande ...","robots":{"index":"index","follow":"follow","max-snippet":"max-snippet:-1","max-image-preview":"max-image-preview:large","max-video-preview":"max-video-preview:-1"},"canonical":"https:\/\/kohenavocats.com\/en\/tribunal-judiciaire-de-havre-le-29-septembre-2025-n25-00475\/","og_locale":"en_US","og_type":"article","og_title":"Tribunal judiciaire de Havre, le 29 septembre 2025, n\u00b025\/00475","og_description":"Le tribunal judiciaire du Havre, juge des contentieux de la protection, statue le vingt-neuf septembre deux mille vingt-cinq. Une soci\u00e9t\u00e9 financi\u00e8re demande ...","og_url":"https:\/\/kohenavocats.com\/en\/tribunal-judiciaire-de-havre-le-29-septembre-2025-n25-00475\/","og_site_name":"Ma\u00eetre Hassan Kohen, avocat en droit p\u00e9nal \u00e0 Paris","article_published_time":"2026-04-23T08:19:08+00:00","og_image":[{"width":1024,"height":683,"url":"https:\/\/kohenavocats.com\/wp-content\/uploads\/2024\/06\/tingey-injury-law-firm-yCdPU73kGSc-unsplash-1024x683.jpg","type":"image\/jpeg"}],"author":"Kohen","twitter_card":"summary_large_image","twitter_misc":{"Written by":"Kohen","Est. reading time":"3 minutes"},"schema":{"@context":"https:\/\/schema.org","@graph":[{"@type":"Article","@id":"https:\/\/kohenavocats.com\/en\/tribunal-judiciaire-de-havre-le-29-septembre-2025-n25-00475\/#article","isPartOf":{"@id":"https:\/\/kohenavocats.com\/en\/tribunal-judiciaire-de-havre-le-29-septembre-2025-n25-00475\/"},"author":{"name":"Kohen","@id":"https:\/\/kohenavocats.com\/en\/#\/schema\/person\/761c9ba54fa1ca84d405cef0831ff751"},"headline":"Tribunal judiciaire de Havre, le 29 septembre 2025, n\u00b025\/00475","datePublished":"2026-04-23T08:19:08+00:00","mainEntityOfPage":{"@id":"https:\/\/kohenavocats.com\/en\/tribunal-judiciaire-de-havre-le-29-septembre-2025-n25-00475\/"},"wordCount":568,"commentCount":0,"publisher":{"@id":"https:\/\/kohenavocats.com\/en\/#organization"},"image":{"@id":"https:\/\/kohenavocats.com\/en\/tribunal-judiciaire-de-havre-le-29-septembre-2025-n25-00475\/#primaryimage"},"thumbnailUrl":"https:\/\/kohenavocats.com\/wp-content\/uploads\/2024\/06\/tingey-injury-law-firm-yCdPU73kGSc-unsplash.jpg","articleSection":["Jurisprudence"],"inLanguage":"en-US","potentialAction":[{"@type":"CommentAction","name":"Comment","target":["https:\/\/kohenavocats.com\/en\/tribunal-judiciaire-de-havre-le-29-septembre-2025-n25-00475\/#respond"]}],"citation":"Tribunal judiciaire de Havre, le 29 septembre 2025, n\u00b025\/00475","about":[{"@type":"Thing","name":"Jurisprudence"}],"dateModified":"2026-04-23T08:19:08+00:00","speakable":{"@type":"SpeakableSpecification","cssSelector":[".article-content > p:first-of-type"]}},{"@type":"WebPage","@id":"https:\/\/kohenavocats.com\/en\/tribunal-judiciaire-de-havre-le-29-septembre-2025-n25-00475\/","url":"https:\/\/kohenavocats.com\/en\/tribunal-judiciaire-de-havre-le-29-septembre-2025-n25-00475\/","name":"Tribunal judiciaire de Havre, le 29 septembre 2025, n\u00b025\/00475 - Ma\u00eetre Hassan Kohen, avocat en droit p\u00e9nal \u00e0 Paris","isPartOf":{"@id":"https:\/\/kohenavocats.com\/en\/#website"},"primaryImageOfPage":{"@id":"https:\/\/kohenavocats.com\/en\/tribunal-judiciaire-de-havre-le-29-septembre-2025-n25-00475\/#primaryimage"},"image":{"@id":"https:\/\/kohenavocats.com\/en\/tribunal-judiciaire-de-havre-le-29-septembre-2025-n25-00475\/#primaryimage"},"thumbnailUrl":"https:\/\/kohenavocats.com\/wp-content\/uploads\/2024\/06\/tingey-injury-law-firm-yCdPU73kGSc-unsplash.jpg","datePublished":"2026-04-23T08:19:08+00:00","description":"Le tribunal judiciaire du Havre, juge des contentieux de la protection, statue le vingt-neuf septembre deux mille vingt-cinq. Une soci\u00e9t\u00e9 financi\u00e8re demande ...","breadcrumb":{"@id":"https:\/\/kohenavocats.com\/en\/tribunal-judiciaire-de-havre-le-29-septembre-2025-n25-00475\/#breadcrumb"},"inLanguage":"en-US","potentialAction":[{"@type":"ReadAction","target":["https:\/\/kohenavocats.com\/en\/tribunal-judiciaire-de-havre-le-29-septembre-2025-n25-00475\/"]}]},{"@type":"ImageObject","inLanguage":"en-US","@id":"https:\/\/kohenavocats.com\/en\/tribunal-judiciaire-de-havre-le-29-septembre-2025-n25-00475\/#primaryimage","url":"https:\/\/kohenavocats.com\/wp-content\/uploads\/2024\/06\/tingey-injury-law-firm-yCdPU73kGSc-unsplash.jpg","contentUrl":"https:\/\/kohenavocats.com\/wp-content\/uploads\/2024\/06\/tingey-injury-law-firm-yCdPU73kGSc-unsplash.jpg","width":5892,"height":3928},{"@type":"BreadcrumbList","@id":"https:\/\/kohenavocats.com\/en\/tribunal-judiciaire-de-havre-le-29-septembre-2025-n25-00475\/#breadcrumb","itemListElement":[{"@type":"ListItem","position":1,"name":"Home","item":"https:\/\/kohenavocats.com\/en\/criminal-law-attorneys-in-paris-counsel-and-strategic-defense\/"},{"@type":"ListItem","position":2,"name":"Tribunal judiciaire de Havre, le 29 septembre 2025, n\u00b025\/00475"}]},{"@type":"WebSite","@id":"https:\/\/kohenavocats.com\/en\/#website","url":"https:\/\/kohenavocats.com\/en\/","name":"Kohen Avocats","description":"Ma\u00eetre Hassan Kohen, avocat p\u00e9naliste \u00e0 Paris, intervient exclusivement en droit p\u00e9nal pour la d\u00e9fense des particuliers, notamment en mati\u00e8re d\u2019accusations de viol. Il assure un accompagnement rigoureux d\u00e8s la garde \u00e0 vue jusqu\u2019\u00e0 la Cour d\u2019assises, veillant au strict respect des garanties proc\u00e9durales.","publisher":{"@id":"https:\/\/kohenavocats.com\/en\/#organization"},"potentialAction":[{"@type":"SearchAction","target":{"@type":"EntryPoint","urlTemplate":"https:\/\/kohenavocats.com\/en\/?s={search_term_string}"},"query-input":{"@type":"PropertyValueSpecification","valueRequired":true,"valueName":"search_term_string"}}],"inLanguage":"en-US"},{"@type":"Organization","@id":"https:\/\/kohenavocats.com\/en\/#organization","name":"Kohen Avocats","url":"https:\/\/kohenavocats.com\/en\/","logo":{"@type":"ImageObject","inLanguage":"en-US","@id":"https:\/\/kohenavocats.com\/en\/#\/schema\/logo\/image\/","url":"https:\/\/kohenavocats.com\/wp-content\/uploads\/2026\/01\/Logo-2-1.webp","contentUrl":"https:\/\/kohenavocats.com\/wp-content\/uploads\/2026\/01\/Logo-2-1.webp","width":2114,"height":1253,"caption":"Kohen Avocats"},"image":{"@id":"https:\/\/kohenavocats.com\/en\/#\/schema\/logo\/image\/"}},{"@type":"Person","@id":"https:\/\/kohenavocats.com\/en\/#\/schema\/person\/761c9ba54fa1ca84d405cef0831ff751","name":"Kohen","image":{"@type":"ImageObject","inLanguage":"en-US","@id":"https:\/\/secure.gravatar.com\/avatar\/1c5e76ef76bbbfdd2b4da984e2bf2fa4056fd51a27d25ce2c332047f1dfd6e00?s=96&d=identicon&r=g","url":"https:\/\/secure.gravatar.com\/avatar\/1c5e76ef76bbbfdd2b4da984e2bf2fa4056fd51a27d25ce2c332047f1dfd6e00?s=96&d=identicon&r=g","contentUrl":"https:\/\/secure.gravatar.com\/avatar\/1c5e76ef76bbbfdd2b4da984e2bf2fa4056fd51a27d25ce2c332047f1dfd6e00?s=96&d=identicon&r=g","caption":"Kohen"},"sameAs":["https:\/\/www.linkedin.com\/in\/hassan-kohen-448548192\/","https:\/\/www.youtube.com\/@Kohen-Avocats"],"url":"https:\/\/kohenavocats.com\/en\/author\/kohenmlk\/"}]}},"jetpack_featured_media_url":"https:\/\/kohenavocats.com\/wp-content\/uploads\/2024\/06\/tingey-injury-law-firm-yCdPU73kGSc-unsplash.jpg","jetpack_likes_enabled":false,"jetpack_shortlink":"https:\/\/wp.me\/peCrII-2L8m","jetpack-related-posts":[{"id":658009,"url":"https:\/\/kohenavocats.com\/en\/tribunal-judiciaire-de-havre-le-29-septembre-2025-n25-00345\/","url_meta":{"origin":657842,"position":0},"title":"Tribunal judiciaire de Havre, le 29 septembre 2025, n\u00b025\/00345","author":"Kohen","date":"23 April 2026","format":false,"excerpt":"Le tribunal judiciaire du Havre, juge des contentieux de la protection, statue le vingt-neuf septembre deux mille vingt-cinq. Une soci\u00e9t\u00e9 assigne un particul...","rel":"","context":"In &quot;Jurisprudence&quot;","block_context":{"text":"Jurisprudence","link":"https:\/\/kohenavocats.com\/category\/jurisprudence\/"},"img":{"alt_text":"","src":"https:\/\/i0.wp.com\/kohenavocats.com\/wp-content\/uploads\/2024\/08\/alexandre-brondino-jCxM7spcAWY-unsplash.webp?resize=350%2C200&ssl=1","width":350,"height":200,"srcset":"https:\/\/i0.wp.com\/kohenavocats.com\/wp-content\/uploads\/2024\/08\/alexandre-brondino-jCxM7spcAWY-unsplash.webp?resize=350%2C200&ssl=1 1x, https:\/\/i0.wp.com\/kohenavocats.com\/wp-content\/uploads\/2024\/08\/alexandre-brondino-jCxM7spcAWY-unsplash.webp?resize=525%2C300&ssl=1 1.5x, https:\/\/i0.wp.com\/kohenavocats.com\/wp-content\/uploads\/2024\/08\/alexandre-brondino-jCxM7spcAWY-unsplash.webp?resize=700%2C400&ssl=1 2x, https:\/\/i0.wp.com\/kohenavocats.com\/wp-content\/uploads\/2024\/08\/alexandre-brondino-jCxM7spcAWY-unsplash.webp?resize=1050%2C600&ssl=1 3x, https:\/\/i0.wp.com\/kohenavocats.com\/wp-content\/uploads\/2024\/08\/alexandre-brondino-jCxM7spcAWY-unsplash.webp?resize=1400%2C800&ssl=1 4x"},"classes":[]},{"id":658821,"url":"https:\/\/kohenavocats.com\/en\/tribunal-judiciaire-de-havre-le-29-septembre-2025-n25-00400\/","url_meta":{"origin":657842,"position":1},"title":"Tribunal judiciaire de Havre, le 29 septembre 2025, n\u00b025\/00400","author":"Kohen","date":"23 April 2026","format":false,"excerpt":"Le tribunal judiciaire du Havre, juge des contentieux de la protection, statue le vingt-neuf septembre deux mille vingt-cinq. Une institution financi\u00e8re r\u00e9cl...","rel":"","context":"In &quot;Jurisprudence&quot;","block_context":{"text":"Jurisprudence","link":"https:\/\/kohenavocats.com\/category\/jurisprudence\/"},"img":{"alt_text":"","src":"https:\/\/i0.wp.com\/kohenavocats.com\/wp-content\/uploads\/2024\/06\/giammarco-boscaro-OPzWvgL-upY-unsplash.jpg?resize=350%2C200&ssl=1","width":350,"height":200,"srcset":"https:\/\/i0.wp.com\/kohenavocats.com\/wp-content\/uploads\/2024\/06\/giammarco-boscaro-OPzWvgL-upY-unsplash.jpg?resize=350%2C200&ssl=1 1x, https:\/\/i0.wp.com\/kohenavocats.com\/wp-content\/uploads\/2024\/06\/giammarco-boscaro-OPzWvgL-upY-unsplash.jpg?resize=525%2C300&ssl=1 1.5x, https:\/\/i0.wp.com\/kohenavocats.com\/wp-content\/uploads\/2024\/06\/giammarco-boscaro-OPzWvgL-upY-unsplash.jpg?resize=700%2C400&ssl=1 2x, https:\/\/i0.wp.com\/kohenavocats.com\/wp-content\/uploads\/2024\/06\/giammarco-boscaro-OPzWvgL-upY-unsplash.jpg?resize=1050%2C600&ssl=1 3x, https:\/\/i0.wp.com\/kohenavocats.com\/wp-content\/uploads\/2024\/06\/giammarco-boscaro-OPzWvgL-upY-unsplash.jpg?resize=1400%2C800&ssl=1 4x"},"classes":[]},{"id":658012,"url":"https:\/\/kohenavocats.com\/en\/tribunal-judiciaire-de-havre-le-29-septembre-2025-n25-00517\/","url_meta":{"origin":657842,"position":2},"title":"Tribunal judiciaire de Havre, le 29 septembre 2025, n\u00b025\/00517","author":"Kohen","date":"23 April 2026","format":false,"excerpt":"Le tribunal judiciaire du Havre, juge des contentieux de la protection, statue par jugement du 29 septembre 2025. Une soci\u00e9t\u00e9 de recouvrement, cessionnaire d...","rel":"","context":"In &quot;Jurisprudence&quot;","block_context":{"text":"Jurisprudence","link":"https:\/\/kohenavocats.com\/category\/jurisprudence\/"},"img":{"alt_text":"","src":"https:\/\/i0.wp.com\/kohenavocats.com\/wp-content\/uploads\/2024\/08\/mathias-reding-bn5q5sn-MQg-unsplash.webp?resize=350%2C200&ssl=1","width":350,"height":200,"srcset":"https:\/\/i0.wp.com\/kohenavocats.com\/wp-content\/uploads\/2024\/08\/mathias-reding-bn5q5sn-MQg-unsplash.webp?resize=350%2C200&ssl=1 1x, https:\/\/i0.wp.com\/kohenavocats.com\/wp-content\/uploads\/2024\/08\/mathias-reding-bn5q5sn-MQg-unsplash.webp?resize=525%2C300&ssl=1 1.5x, https:\/\/i0.wp.com\/kohenavocats.com\/wp-content\/uploads\/2024\/08\/mathias-reding-bn5q5sn-MQg-unsplash.webp?resize=700%2C400&ssl=1 2x, https:\/\/i0.wp.com\/kohenavocats.com\/wp-content\/uploads\/2024\/08\/mathias-reding-bn5q5sn-MQg-unsplash.webp?resize=1050%2C600&ssl=1 3x, https:\/\/i0.wp.com\/kohenavocats.com\/wp-content\/uploads\/2024\/08\/mathias-reding-bn5q5sn-MQg-unsplash.webp?resize=1400%2C800&ssl=1 4x"},"classes":[]},{"id":658537,"url":"https:\/\/kohenavocats.com\/en\/tribunal-judiciaire-de-havre-le-29-septembre-2025-n25-00249\/","url_meta":{"origin":657842,"position":3},"title":"Tribunal judiciaire de Havre, le 29 septembre 2025, n\u00b025\/00249","author":"Kohen","date":"23 April 2026","format":false,"excerpt":"Le Tribunal judiciaire du Havre, juge des contentieux de la protection, statue le vingt-neuf septembre deux mille vingt-cinq. Une institution financi\u00e8re pour...","rel":"","context":"In &quot;Jurisprudence&quot;","block_context":{"text":"Jurisprudence","link":"https:\/\/kohenavocats.com\/category\/jurisprudence\/"},"img":{"alt_text":"","src":"https:\/\/i0.wp.com\/kohenavocats.com\/wp-content\/uploads\/2024\/11\/mohamed-nohassi-kF7auA4ZbMM-unsplash.webp?resize=350%2C200&ssl=1","width":350,"height":200,"srcset":"https:\/\/i0.wp.com\/kohenavocats.com\/wp-content\/uploads\/2024\/11\/mohamed-nohassi-kF7auA4ZbMM-unsplash.webp?resize=350%2C200&ssl=1 1x, https:\/\/i0.wp.com\/kohenavocats.com\/wp-content\/uploads\/2024\/11\/mohamed-nohassi-kF7auA4ZbMM-unsplash.webp?resize=525%2C300&ssl=1 1.5x, https:\/\/i0.wp.com\/kohenavocats.com\/wp-content\/uploads\/2024\/11\/mohamed-nohassi-kF7auA4ZbMM-unsplash.webp?resize=700%2C400&ssl=1 2x, https:\/\/i0.wp.com\/kohenavocats.com\/wp-content\/uploads\/2024\/11\/mohamed-nohassi-kF7auA4ZbMM-unsplash.webp?resize=1050%2C600&ssl=1 3x, https:\/\/i0.wp.com\/kohenavocats.com\/wp-content\/uploads\/2024\/11\/mohamed-nohassi-kF7auA4ZbMM-unsplash.webp?resize=1400%2C800&ssl=1 4x"},"classes":[]},{"id":658520,"url":"https:\/\/kohenavocats.com\/en\/tribunal-judiciaire-de-havre-le-29-septembre-2025-n25-00304\/","url_meta":{"origin":657842,"position":4},"title":"Tribunal judiciaire de Havre, le 29 septembre 2025, n\u00b025\/00304","author":"Kohen","date":"23 April 2026","format":false,"excerpt":"Le tribunal judiciaire du Havre, juge des contentieux de la protection, statue le 29 septembre 2025 sur une demande en paiement d'un cr\u00e9dit. L'\u00e9tablissement ...","rel":"","context":"In &quot;Jurisprudence&quot;","block_context":{"text":"Jurisprudence","link":"https:\/\/kohenavocats.com\/category\/jurisprudence\/"},"img":{"alt_text":"","src":"https:\/\/i0.wp.com\/kohenavocats.com\/wp-content\/uploads\/2024\/08\/pascal-bernardon-UDzwFLM50Ac-unsplash.webp?resize=350%2C200&ssl=1","width":350,"height":200,"srcset":"https:\/\/i0.wp.com\/kohenavocats.com\/wp-content\/uploads\/2024\/08\/pascal-bernardon-UDzwFLM50Ac-unsplash.webp?resize=350%2C200&ssl=1 1x, https:\/\/i0.wp.com\/kohenavocats.com\/wp-content\/uploads\/2024\/08\/pascal-bernardon-UDzwFLM50Ac-unsplash.webp?resize=525%2C300&ssl=1 1.5x, https:\/\/i0.wp.com\/kohenavocats.com\/wp-content\/uploads\/2024\/08\/pascal-bernardon-UDzwFLM50Ac-unsplash.webp?resize=700%2C400&ssl=1 2x, https:\/\/i0.wp.com\/kohenavocats.com\/wp-content\/uploads\/2024\/08\/pascal-bernardon-UDzwFLM50Ac-unsplash.webp?resize=1050%2C600&ssl=1 3x, https:\/\/i0.wp.com\/kohenavocats.com\/wp-content\/uploads\/2024\/08\/pascal-bernardon-UDzwFLM50Ac-unsplash.webp?resize=1400%2C800&ssl=1 4x"},"classes":[]},{"id":658060,"url":"https:\/\/kohenavocats.com\/en\/tribunal-judiciaire-de-havre-le-29-septembre-2025-n25-00518\/","url_meta":{"origin":657842,"position":5},"title":"Tribunal judiciaire de Havre, le 29 septembre 2025, n\u00b025\/00518","author":"Kohen","date":"23 April 2026","format":false,"excerpt":"Le juge des contentieux de la protection du tribunal judiciaire du Havre, statuant le vingt-neuf septembre deux mille vingt-cinq, examine une demande en paie...","rel":"","context":"In &quot;Jurisprudence&quot;","block_context":{"text":"Jurisprudence","link":"https:\/\/kohenavocats.com\/category\/jurisprudence\/"},"img":{"alt_text":"","src":"https:\/\/i0.wp.com\/kohenavocats.com\/wp-content\/uploads\/2024\/11\/volodymyr-kondriianenko-n2EXdta0MeM-unsplash.webp?resize=350%2C200&ssl=1","width":350,"height":200,"srcset":"https:\/\/i0.wp.com\/kohenavocats.com\/wp-content\/uploads\/2024\/11\/volodymyr-kondriianenko-n2EXdta0MeM-unsplash.webp?resize=350%2C200&ssl=1 1x, https:\/\/i0.wp.com\/kohenavocats.com\/wp-content\/uploads\/2024\/11\/volodymyr-kondriianenko-n2EXdta0MeM-unsplash.webp?resize=525%2C300&ssl=1 1.5x, https:\/\/i0.wp.com\/kohenavocats.com\/wp-content\/uploads\/2024\/11\/volodymyr-kondriianenko-n2EXdta0MeM-unsplash.webp?resize=700%2C400&ssl=1 2x, https:\/\/i0.wp.com\/kohenavocats.com\/wp-content\/uploads\/2024\/11\/volodymyr-kondriianenko-n2EXdta0MeM-unsplash.webp?resize=1050%2C600&ssl=1 3x, https:\/\/i0.wp.com\/kohenavocats.com\/wp-content\/uploads\/2024\/11\/volodymyr-kondriianenko-n2EXdta0MeM-unsplash.webp?resize=1400%2C800&ssl=1 4x"},"classes":[]}],"jetpack_sharing_enabled":true,"_links":{"self":[{"href":"https:\/\/kohenavocats.com\/en\/wp-json\/wp\/v2\/posts\/657842","targetHints":{"allow":["GET"]}}],"collection":[{"href":"https:\/\/kohenavocats.com\/en\/wp-json\/wp\/v2\/posts"}],"about":[{"href":"https:\/\/kohenavocats.com\/en\/wp-json\/wp\/v2\/types\/post"}],"author":[{"embeddable":true,"href":"https:\/\/kohenavocats.com\/en\/wp-json\/wp\/v2\/users\/232070755"}],"replies":[{"embeddable":true,"href":"https:\/\/kohenavocats.com\/en\/wp-json\/wp\/v2\/comments?post=657842"}],"version-history":[{"count":0,"href":"https:\/\/kohenavocats.com\/en\/wp-json\/wp\/v2\/posts\/657842\/revisions"}],"wp:featuredmedia":[{"embeddable":true,"href":"https:\/\/kohenavocats.com\/en\/wp-json\/wp\/v2\/media\/3572"}],"wp:attachment":[{"href":"https:\/\/kohenavocats.com\/en\/wp-json\/wp\/v2\/media?parent=657842"}],"wp:term":[{"taxonomy":"category","embeddable":true,"href":"https:\/\/kohenavocats.com\/en\/wp-json\/wp\/v2\/categories?post=657842"},{"taxonomy":"post_tag","embeddable":true,"href":"https:\/\/kohenavocats.com\/en\/wp-json\/wp\/v2\/tags?post=657842"}],"curies":[{"name":"wp","href":"https:\/\/api.w.org\/{rel}","templated":true}]}}