{"id":657843,"date":"2026-04-23T10:19:14","date_gmt":"2026-04-23T08:19:14","guid":{"rendered":"https:\/\/kohenavocats.com\/tribunal-judiciaire-de-bourg-en-bresse-le-14-mars-2025-n25-00068\/"},"modified":"2026-04-23T10:19:14","modified_gmt":"2026-04-23T08:19:14","slug":"tribunal-judiciaire-de-bourg-en-bresse-le-14-mars-2025-n25-00068","status":"publish","type":"post","link":"https:\/\/kohenavocats.com\/en\/tribunal-judiciaire-de-bourg-en-bresse-le-14-mars-2025-n25-00068\/","title":{"rendered":"Tribunal judiciaire de Bourg-en-Bresse, le 14 mars 2025, n\u00b025\/00068"},"content":{"rendered":"<div class=\"article-content\">\n<p>Le p\u00f4le social du tribunal judiciaire de Bourg-en-Bresse statue le 14 mars 2025 sur le projet personnalis\u00e9 de scolarisation d\u2019un enfant. Les parents contestent une orientation en ULIS et demandent une aide humaine individuelle ainsi qu\u2019un ordinateur. La juridiction \u00e9carte certaines demandes pour irrecevabilit\u00e9 et se prononce sur l\u2019orientation scolaire et les am\u00e9nagements n\u00e9cessaires. Elle ordonne finalement une scolarisation en milieu ordinaire avec une aide humaine de dix-huit heures et l\u2019attribution d\u2019un mat\u00e9riel p\u00e9dagogique adapt\u00e9.<\/p>\n<p>La d\u00e9limination du litige par le juge<\/p>\n<p>Le tribunal op\u00e8re un strict encadrement des pr\u00e9tentions recevables. Il rappelle que sa saisine est subordonn\u00e9e \u00e0 l\u2019exercice pr\u00e9alable d\u2019un recours administratif. Seules les d\u00e9cisions express\u00e9ment contest\u00e9es dans ce recours peuvent \u00eatre examin\u00e9es. Ainsi, les demandes relatives \u00e0 l\u2019allocation d\u2019\u00e9ducation de l\u2019enfant handicap\u00e9 sont d\u00e9clar\u00e9es irrecevables. Le juge pr\u00e9cise \u00e9galement que la fixation du taux d\u2019incapacit\u00e9 n\u2019est pas une pr\u00e9tention autonome. &#8220;La fixation de ce taux ne fait pas l&#8217;objet d&#8217;une d\u00e9cision et n&#8217;est d\u00e8s lors pas en elle-m\u00eame cr\u00e9atrice de droit&#8221; (Sur le taux d&#8217;incapacit\u00e9). Cette approche restrictive d\u00e9finit pr\u00e9cis\u00e9ment l\u2019objet du litige. Elle souligne la nature purement incidente de l\u2019expertise m\u00e9dicale dans ce contentieux. La juridiction affirme ainsi son r\u00f4le de juge de la l\u00e9galit\u00e9 des d\u00e9cisions administratives individuelles.<\/p>\n<p>Le rejet de demandes qualifi\u00e9es d\u2019inop\u00e9rantes compl\u00e8te ce cadrage. Le juge estime ne pas avoir \u00e0 statuer sur la confirmation ou la r\u00e9forme des d\u00e9cisions de la commission. &#8220;Le juge du contentieux de la s\u00e9curit\u00e9 sociale \u00e9tant saisi du litige qui lui est soumis et non de la d\u00e9cision&#8221; (Sur les demandes de r\u00e9formation ou de confirmation). Cette position affirme l\u2019\u00e9tendue du pouvoir juridictionnel. Elle \u00e9carte toute demande qui ne constituerait pas une pr\u00e9tention directe. La port\u00e9e de cette analyse est essentiellement proc\u00e9durale. Elle garantit un traitement contentieux strictement conforme aux textes organisant la proc\u00e9dure. Le litige est ainsi circonscrit aux seules questions d\u2019orientation scolaire et d\u2019attribution d\u2019aides.<\/p>\n<p>Le fondement juridique de l\u2019orientation scolaire retenue<\/p>\n<p>Le tribunal consacre le principe de la scolarisation en milieu ordinaire. Il rappelle que l\u2019int\u00e9gration scolaire en milieu ordinaire doit \u00eatre favoris\u00e9e. Le dispositif ULIS constitue une r\u00e9ponse adapt\u00e9e \u00e0 certains besoins sp\u00e9cifiques. La d\u00e9cision s\u2019appuie sur l\u2019avis du m\u00e9decin-consultant d\u00e9sign\u00e9 judiciairement. Ce dernier a estim\u00e9 que la situation ne justifiait pas une orientation prioritaire en ULIS. &#8220;Le m\u00e9decin-consultant a consid\u00e9r\u00e9 que la situation [&#8230;] ne justifiait pas une orientation prioritaire en ULIS&#8221; (Sur les demandes relatives au projet personnalis\u00e9 de scolarisation). La juridiction fait siennes ces conclusions pour ordonner la scolarisation en classe ordinaire. Cette solution s\u2019inscrit dans le respect du principe d\u2019inclusion pos\u00e9 par le code de l\u2019\u00e9ducation. Elle d\u00e9montre la primaut\u00e9 de l\u2019expertise m\u00e9dicale dans l\u2019appr\u00e9ciation des besoins de l\u2019enfant.<\/p>\n<p>L\u2019attribution d\u2019une aide humaine individuelle et d\u2019un mat\u00e9riel adapt\u00e9 est justifi\u00e9e par les besoins sp\u00e9cifiques. Le juge retient la n\u00e9cessit\u00e9 d\u2019un accompagnement soutenu et continu. Il accorde une aide humaine individuelle de dix-huit heures par semaine. &#8220;Le tribunal fera siennes les conclusions du m\u00e9decin consultant et jugera que l&#8217;\u00e9tat [&#8230;] justifie une orientation en milieu scolaire ordinaire avec une AESH individualis\u00e9e&#8221; (Sur les demandes relatives au projet personnalis\u00e9 de scolarisation). L\u2019attribution d\u2019un ordinateur comme mat\u00e9riel p\u00e9dagogique adapt\u00e9 est \u00e9galement act\u00e9e. Une liste d\u00e9taill\u00e9e d\u2019am\u00e9nagements p\u00e9dagogiques compl\u00e8te le projet personnalis\u00e9 de scolarisation. La valeur de cette d\u00e9cision r\u00e9side dans son caract\u00e8re concret et ex\u00e9cutoire. Elle traduit une approche individualis\u00e9e et effective du droit \u00e0 l\u2019\u00e9ducation.<\/p>\n<p>La port\u00e9e de l\u2019arr\u00eat est significative pour le contentieux de la scolarisation des enfants handicap\u00e9s. Il r\u00e9affirme la comp\u00e9tence du juge judiciaire pour contr\u00f4ler les d\u00e9cisions des commissions. La solution ordonn\u00e9e illustre la concr\u00e9tisation du principe d\u2019inclusion scolaire. L\u2019exhaustivit\u00e9 des am\u00e9nagements ordonn\u00e9s garantit une mise en \u0153uvre effective du projet. Cette d\u00e9cision peut \u00eatre rapproch\u00e9e d\u2019une autre jurisprudence. Le Tribunal judiciaire de Rennes a \u00e9galement soulign\u00e9 les b\u00e9n\u00e9fices d\u2019une scolarisation en milieu ordinaire avec adaptations. &#8220;la scolarit\u00e9 [&#8230;] se soit, par la force des choses, poursuivie en milieu ordinaire avec certaines adaptations [&#8230;] et ait malgr\u00e9 toutes ses difficult\u00e9s donn\u00e9 lieu \u00e0 des progr\u00e8s&#8221; (Tribunal judiciaire de Rennes, le 16 mai 2025, n\u00b024\/00162). En revanche, le pr\u00e9sent arr\u00eat se distingue par le volume horaire important de l\u2019aide individuelle accord\u00e9e. Il pose ainsi un standard exigeant pour la satisfaction des besoins \u00e9ducatifs particuliers.<\/p>\n<\/div>\n","protected":false},"excerpt":{"rendered":"<p>Le p\u00f4le social du tribunal judiciaire de Bourg-en-Bresse statue le 14 mars 2025 sur le projet personnalis\u00e9 de scolarisation d\u2019un enfant. Les parents conteste&#8230;<\/p>\n","protected":false},"author":232070755,"featured_media":9675,"comment_status":"open","ping_status":"open","sticky":false,"template":"","format":"standard","meta":{"_crdt_document":"","_jetpack_newsletter_access":"","_jetpack_dont_email_post_to_subs":false,"_jetpack_newsletter_tier_id":0,"_jetpack_memberships_contains_paywalled_content":false,"_kj_source_type":"judilibre","_kj_official_id":"68e410c5681ed727f2a4a425","_kj_official_url":"https:\/\/www.courdecassation.fr\/decision\/68e410c5681ed727f2a4a425","_kj_judilibre_id":"68e410c5681ed727f2a4a425","_kj_jur":"Tribunal judiciaire","_kj_lieu":"Tribunal judiciaire de Bourg-en-Bresse","_kj_chambre":"CTX PROTECTION SOCIALE","_kj_rg":"25\/00068","_kj_date":"2025-09-29","_jetpack_memberships_contains_paid_content":false,"footnotes":"","jetpack_post_was_ever_published":false},"categories":[7597],"tags":[],"class_list":["post-657843","post","type-post","status-publish","format-standard","has-post-thumbnail","hentry","category-jurisprudence"],"yoast_head":"<!-- This site is optimized with the Yoast SEO Premium plugin v27.5 (Yoast SEO v27.5) - https:\/\/yoast.com\/product\/yoast-seo-premium-wordpress\/ -->\n<title>Tribunal judiciaire de Bourg-en-Bresse, le 14 mars 2025, n\u00b025\/00068 - Ma\u00eetre Hassan Kohen, avocat en droit p\u00e9nal \u00e0 Paris<\/title>\n<meta name=\"description\" content=\"Le p\u00f4le social du tribunal judiciaire de Bourg-en-Bresse statue le 14 mars 2025 sur le projet personnalis\u00e9 de scolarisation d\u2019un enfant. Les parents conteste...\" \/>\n<meta name=\"robots\" content=\"index, follow, max-snippet:-1, max-image-preview:large, max-video-preview:-1\" \/>\n<link rel=\"canonical\" href=\"https:\/\/kohenavocats.com\/en\/tribunal-judiciaire-de-bourg-en-bresse-le-14-mars-2025-n25-00068\/\" \/>\n<meta property=\"og:locale\" content=\"en_US\" \/>\n<meta property=\"og:type\" content=\"article\" \/>\n<meta property=\"og:title\" content=\"Tribunal judiciaire de Bourg-en-Bresse, le 14 mars 2025, n\u00b025\/00068\" \/>\n<meta property=\"og:description\" content=\"Le p\u00f4le social du tribunal judiciaire de Bourg-en-Bresse statue le 14 mars 2025 sur le projet personnalis\u00e9 de scolarisation d\u2019un enfant. Les parents conteste...\" \/>\n<meta property=\"og:url\" content=\"https:\/\/kohenavocats.com\/en\/tribunal-judiciaire-de-bourg-en-bresse-le-14-mars-2025-n25-00068\/\" \/>\n<meta property=\"og:site_name\" content=\"Ma\u00eetre Hassan Kohen, avocat en droit p\u00e9nal \u00e0 Paris\" \/>\n<meta property=\"article:published_time\" content=\"2026-04-23T08:19:14+00:00\" \/>\n<meta property=\"og:image\" content=\"https:\/\/kohenavocats.com\/wp-content\/uploads\/2024\/11\/ph-m-nh-t-mvZ5PsuW1lk-unsplash.webp\" \/>\n\t<meta property=\"og:image:width\" content=\"4000\" \/>\n\t<meta property=\"og:image:height\" content=\"2250\" \/>\n\t<meta property=\"og:image:type\" content=\"image\/webp\" \/>\n<meta name=\"author\" content=\"Kohen\" \/>\n<meta name=\"twitter:card\" content=\"summary_large_image\" \/>\n<meta name=\"twitter:label1\" content=\"Written by\" \/>\n\t<meta name=\"twitter:data1\" content=\"Kohen\" \/>\n\t<meta name=\"twitter:label2\" content=\"Est. reading time\" \/>\n\t<meta name=\"twitter:data2\" content=\"4 minutes\" \/>\n<script type=\"application\/ld+json\" class=\"yoast-schema-graph\">{\"@context\":\"https:\\\/\\\/schema.org\",\"@graph\":[{\"@type\":\"Article\",\"@id\":\"https:\\\/\\\/kohenavocats.com\\\/en\\\/tribunal-judiciaire-de-bourg-en-bresse-le-14-mars-2025-n25-00068\\\/#article\",\"isPartOf\":{\"@id\":\"https:\\\/\\\/kohenavocats.com\\\/en\\\/tribunal-judiciaire-de-bourg-en-bresse-le-14-mars-2025-n25-00068\\\/\"},\"author\":{\"name\":\"Kohen\",\"@id\":\"https:\\\/\\\/kohenavocats.com\\\/en\\\/#\\\/schema\\\/person\\\/761c9ba54fa1ca84d405cef0831ff751\"},\"headline\":\"Tribunal judiciaire de Bourg-en-Bresse, le 14 mars 2025, n\u00b025\\\/00068\",\"datePublished\":\"2026-04-23T08:19:14+00:00\",\"mainEntityOfPage\":{\"@id\":\"https:\\\/\\\/kohenavocats.com\\\/en\\\/tribunal-judiciaire-de-bourg-en-bresse-le-14-mars-2025-n25-00068\\\/\"},\"wordCount\":831,\"commentCount\":0,\"publisher\":{\"@id\":\"https:\\\/\\\/kohenavocats.com\\\/en\\\/#organization\"},\"image\":{\"@id\":\"https:\\\/\\\/kohenavocats.com\\\/en\\\/tribunal-judiciaire-de-bourg-en-bresse-le-14-mars-2025-n25-00068\\\/#primaryimage\"},\"thumbnailUrl\":\"https:\\\/\\\/kohenavocats.com\\\/wp-content\\\/uploads\\\/2024\\\/11\\\/ph-m-nh-t-mvZ5PsuW1lk-unsplash.webp\",\"articleSection\":[\"Jurisprudence\"],\"inLanguage\":\"en-US\",\"potentialAction\":[{\"@type\":\"CommentAction\",\"name\":\"Comment\",\"target\":[\"https:\\\/\\\/kohenavocats.com\\\/en\\\/tribunal-judiciaire-de-bourg-en-bresse-le-14-mars-2025-n25-00068\\\/#respond\"]}],\"citation\":\"Tribunal judiciaire de Bourg-en-Bresse, le 14 mars 2025, n\u00b025\\\/00068\",\"about\":[{\"@type\":\"Thing\",\"name\":\"Jurisprudence\"}],\"dateModified\":\"2026-04-23T08:19:14+00:00\",\"speakable\":{\"@type\":\"SpeakableSpecification\",\"cssSelector\":[\".article-content > p:first-of-type\"]}},{\"@type\":\"WebPage\",\"@id\":\"https:\\\/\\\/kohenavocats.com\\\/en\\\/tribunal-judiciaire-de-bourg-en-bresse-le-14-mars-2025-n25-00068\\\/\",\"url\":\"https:\\\/\\\/kohenavocats.com\\\/en\\\/tribunal-judiciaire-de-bourg-en-bresse-le-14-mars-2025-n25-00068\\\/\",\"name\":\"Tribunal judiciaire de Bourg-en-Bresse, le 14 mars 2025, n\u00b025\\\/00068 - Ma\u00eetre Hassan Kohen, avocat en droit p\u00e9nal \u00e0 Paris\",\"isPartOf\":{\"@id\":\"https:\\\/\\\/kohenavocats.com\\\/en\\\/#website\"},\"primaryImageOfPage\":{\"@id\":\"https:\\\/\\\/kohenavocats.com\\\/en\\\/tribunal-judiciaire-de-bourg-en-bresse-le-14-mars-2025-n25-00068\\\/#primaryimage\"},\"image\":{\"@id\":\"https:\\\/\\\/kohenavocats.com\\\/en\\\/tribunal-judiciaire-de-bourg-en-bresse-le-14-mars-2025-n25-00068\\\/#primaryimage\"},\"thumbnailUrl\":\"https:\\\/\\\/kohenavocats.com\\\/wp-content\\\/uploads\\\/2024\\\/11\\\/ph-m-nh-t-mvZ5PsuW1lk-unsplash.webp\",\"datePublished\":\"2026-04-23T08:19:14+00:00\",\"description\":\"Le p\u00f4le social du tribunal judiciaire de Bourg-en-Bresse statue le 14 mars 2025 sur le projet personnalis\u00e9 de scolarisation d\u2019un enfant. Les parents conteste...\",\"breadcrumb\":{\"@id\":\"https:\\\/\\\/kohenavocats.com\\\/en\\\/tribunal-judiciaire-de-bourg-en-bresse-le-14-mars-2025-n25-00068\\\/#breadcrumb\"},\"inLanguage\":\"en-US\",\"potentialAction\":[{\"@type\":\"ReadAction\",\"target\":[\"https:\\\/\\\/kohenavocats.com\\\/en\\\/tribunal-judiciaire-de-bourg-en-bresse-le-14-mars-2025-n25-00068\\\/\"]}]},{\"@type\":\"ImageObject\",\"inLanguage\":\"en-US\",\"@id\":\"https:\\\/\\\/kohenavocats.com\\\/en\\\/tribunal-judiciaire-de-bourg-en-bresse-le-14-mars-2025-n25-00068\\\/#primaryimage\",\"url\":\"https:\\\/\\\/kohenavocats.com\\\/wp-content\\\/uploads\\\/2024\\\/11\\\/ph-m-nh-t-mvZ5PsuW1lk-unsplash.webp\",\"contentUrl\":\"https:\\\/\\\/kohenavocats.com\\\/wp-content\\\/uploads\\\/2024\\\/11\\\/ph-m-nh-t-mvZ5PsuW1lk-unsplash.webp\",\"width\":4000,\"height\":2250},{\"@type\":\"BreadcrumbList\",\"@id\":\"https:\\\/\\\/kohenavocats.com\\\/en\\\/tribunal-judiciaire-de-bourg-en-bresse-le-14-mars-2025-n25-00068\\\/#breadcrumb\",\"itemListElement\":[{\"@type\":\"ListItem\",\"position\":1,\"name\":\"Home\",\"item\":\"https:\\\/\\\/kohenavocats.com\\\/en\\\/criminal-law-attorneys-in-paris-counsel-and-strategic-defense\\\/\"},{\"@type\":\"ListItem\",\"position\":2,\"name\":\"Tribunal judiciaire de Bourg-en-Bresse, le 14 mars 2025, n\u00b025\\\/00068\"}]},{\"@type\":\"WebSite\",\"@id\":\"https:\\\/\\\/kohenavocats.com\\\/en\\\/#website\",\"url\":\"https:\\\/\\\/kohenavocats.com\\\/en\\\/\",\"name\":\"Kohen Avocats\",\"description\":\"Ma\u00eetre Hassan Kohen, avocat p\u00e9naliste \u00e0 Paris, intervient exclusivement en droit p\u00e9nal pour la d\u00e9fense des particuliers, notamment en mati\u00e8re d\u2019accusations de viol. Il assure un accompagnement rigoureux d\u00e8s la garde \u00e0 vue jusqu\u2019\u00e0 la Cour d\u2019assises, veillant au strict respect des garanties proc\u00e9durales.\",\"publisher\":{\"@id\":\"https:\\\/\\\/kohenavocats.com\\\/en\\\/#organization\"},\"potentialAction\":[{\"@type\":\"SearchAction\",\"target\":{\"@type\":\"EntryPoint\",\"urlTemplate\":\"https:\\\/\\\/kohenavocats.com\\\/en\\\/?s={search_term_string}\"},\"query-input\":{\"@type\":\"PropertyValueSpecification\",\"valueRequired\":true,\"valueName\":\"search_term_string\"}}],\"inLanguage\":\"en-US\"},{\"@type\":\"Organization\",\"@id\":\"https:\\\/\\\/kohenavocats.com\\\/en\\\/#organization\",\"name\":\"Kohen Avocats\",\"url\":\"https:\\\/\\\/kohenavocats.com\\\/en\\\/\",\"logo\":{\"@type\":\"ImageObject\",\"inLanguage\":\"en-US\",\"@id\":\"https:\\\/\\\/kohenavocats.com\\\/en\\\/#\\\/schema\\\/logo\\\/image\\\/\",\"url\":\"https:\\\/\\\/kohenavocats.com\\\/wp-content\\\/uploads\\\/2026\\\/01\\\/Logo-2-1.webp\",\"contentUrl\":\"https:\\\/\\\/kohenavocats.com\\\/wp-content\\\/uploads\\\/2026\\\/01\\\/Logo-2-1.webp\",\"width\":2114,\"height\":1253,\"caption\":\"Kohen Avocats\"},\"image\":{\"@id\":\"https:\\\/\\\/kohenavocats.com\\\/en\\\/#\\\/schema\\\/logo\\\/image\\\/\"}},{\"@type\":\"Person\",\"@id\":\"https:\\\/\\\/kohenavocats.com\\\/en\\\/#\\\/schema\\\/person\\\/761c9ba54fa1ca84d405cef0831ff751\",\"name\":\"Kohen\",\"image\":{\"@type\":\"ImageObject\",\"inLanguage\":\"en-US\",\"@id\":\"https:\\\/\\\/secure.gravatar.com\\\/avatar\\\/1c5e76ef76bbbfdd2b4da984e2bf2fa4056fd51a27d25ce2c332047f1dfd6e00?s=96&d=identicon&r=g\",\"url\":\"https:\\\/\\\/secure.gravatar.com\\\/avatar\\\/1c5e76ef76bbbfdd2b4da984e2bf2fa4056fd51a27d25ce2c332047f1dfd6e00?s=96&d=identicon&r=g\",\"contentUrl\":\"https:\\\/\\\/secure.gravatar.com\\\/avatar\\\/1c5e76ef76bbbfdd2b4da984e2bf2fa4056fd51a27d25ce2c332047f1dfd6e00?s=96&d=identicon&r=g\",\"caption\":\"Kohen\"},\"sameAs\":[\"https:\\\/\\\/www.linkedin.com\\\/in\\\/hassan-kohen-448548192\\\/\",\"https:\\\/\\\/www.youtube.com\\\/@Kohen-Avocats\"],\"url\":\"https:\\\/\\\/kohenavocats.com\\\/en\\\/author\\\/kohenmlk\\\/\"}]}<\/script>\n<!-- \/ Yoast SEO Premium plugin. -->","yoast_head_json":{"title":"Tribunal judiciaire de Bourg-en-Bresse, le 14 mars 2025, n\u00b025\/00068 - Ma\u00eetre Hassan Kohen, avocat en droit p\u00e9nal \u00e0 Paris","description":"Le p\u00f4le social du tribunal judiciaire de Bourg-en-Bresse statue le 14 mars 2025 sur le projet personnalis\u00e9 de scolarisation d\u2019un enfant. Les parents conteste...","robots":{"index":"index","follow":"follow","max-snippet":"max-snippet:-1","max-image-preview":"max-image-preview:large","max-video-preview":"max-video-preview:-1"},"canonical":"https:\/\/kohenavocats.com\/en\/tribunal-judiciaire-de-bourg-en-bresse-le-14-mars-2025-n25-00068\/","og_locale":"en_US","og_type":"article","og_title":"Tribunal judiciaire de Bourg-en-Bresse, le 14 mars 2025, n\u00b025\/00068","og_description":"Le p\u00f4le social du tribunal judiciaire de Bourg-en-Bresse statue le 14 mars 2025 sur le projet personnalis\u00e9 de scolarisation d\u2019un enfant. Les parents conteste...","og_url":"https:\/\/kohenavocats.com\/en\/tribunal-judiciaire-de-bourg-en-bresse-le-14-mars-2025-n25-00068\/","og_site_name":"Ma\u00eetre Hassan Kohen, avocat en droit p\u00e9nal \u00e0 Paris","article_published_time":"2026-04-23T08:19:14+00:00","og_image":[{"width":4000,"height":2250,"url":"https:\/\/kohenavocats.com\/wp-content\/uploads\/2024\/11\/ph-m-nh-t-mvZ5PsuW1lk-unsplash.webp","type":"image\/webp"}],"author":"Kohen","twitter_card":"summary_large_image","twitter_misc":{"Written by":"Kohen","Est. reading time":"4 minutes"},"schema":{"@context":"https:\/\/schema.org","@graph":[{"@type":"Article","@id":"https:\/\/kohenavocats.com\/en\/tribunal-judiciaire-de-bourg-en-bresse-le-14-mars-2025-n25-00068\/#article","isPartOf":{"@id":"https:\/\/kohenavocats.com\/en\/tribunal-judiciaire-de-bourg-en-bresse-le-14-mars-2025-n25-00068\/"},"author":{"name":"Kohen","@id":"https:\/\/kohenavocats.com\/en\/#\/schema\/person\/761c9ba54fa1ca84d405cef0831ff751"},"headline":"Tribunal judiciaire de Bourg-en-Bresse, le 14 mars 2025, n\u00b025\/00068","datePublished":"2026-04-23T08:19:14+00:00","mainEntityOfPage":{"@id":"https:\/\/kohenavocats.com\/en\/tribunal-judiciaire-de-bourg-en-bresse-le-14-mars-2025-n25-00068\/"},"wordCount":831,"commentCount":0,"publisher":{"@id":"https:\/\/kohenavocats.com\/en\/#organization"},"image":{"@id":"https:\/\/kohenavocats.com\/en\/tribunal-judiciaire-de-bourg-en-bresse-le-14-mars-2025-n25-00068\/#primaryimage"},"thumbnailUrl":"https:\/\/kohenavocats.com\/wp-content\/uploads\/2024\/11\/ph-m-nh-t-mvZ5PsuW1lk-unsplash.webp","articleSection":["Jurisprudence"],"inLanguage":"en-US","potentialAction":[{"@type":"CommentAction","name":"Comment","target":["https:\/\/kohenavocats.com\/en\/tribunal-judiciaire-de-bourg-en-bresse-le-14-mars-2025-n25-00068\/#respond"]}],"citation":"Tribunal judiciaire de Bourg-en-Bresse, le 14 mars 2025, n\u00b025\/00068","about":[{"@type":"Thing","name":"Jurisprudence"}],"dateModified":"2026-04-23T08:19:14+00:00","speakable":{"@type":"SpeakableSpecification","cssSelector":[".article-content > p:first-of-type"]}},{"@type":"WebPage","@id":"https:\/\/kohenavocats.com\/en\/tribunal-judiciaire-de-bourg-en-bresse-le-14-mars-2025-n25-00068\/","url":"https:\/\/kohenavocats.com\/en\/tribunal-judiciaire-de-bourg-en-bresse-le-14-mars-2025-n25-00068\/","name":"Tribunal judiciaire de Bourg-en-Bresse, le 14 mars 2025, n\u00b025\/00068 - Ma\u00eetre Hassan Kohen, avocat en droit p\u00e9nal \u00e0 Paris","isPartOf":{"@id":"https:\/\/kohenavocats.com\/en\/#website"},"primaryImageOfPage":{"@id":"https:\/\/kohenavocats.com\/en\/tribunal-judiciaire-de-bourg-en-bresse-le-14-mars-2025-n25-00068\/#primaryimage"},"image":{"@id":"https:\/\/kohenavocats.com\/en\/tribunal-judiciaire-de-bourg-en-bresse-le-14-mars-2025-n25-00068\/#primaryimage"},"thumbnailUrl":"https:\/\/kohenavocats.com\/wp-content\/uploads\/2024\/11\/ph-m-nh-t-mvZ5PsuW1lk-unsplash.webp","datePublished":"2026-04-23T08:19:14+00:00","description":"Le p\u00f4le social du tribunal judiciaire de Bourg-en-Bresse statue le 14 mars 2025 sur le projet personnalis\u00e9 de scolarisation d\u2019un enfant. Les parents conteste...","breadcrumb":{"@id":"https:\/\/kohenavocats.com\/en\/tribunal-judiciaire-de-bourg-en-bresse-le-14-mars-2025-n25-00068\/#breadcrumb"},"inLanguage":"en-US","potentialAction":[{"@type":"ReadAction","target":["https:\/\/kohenavocats.com\/en\/tribunal-judiciaire-de-bourg-en-bresse-le-14-mars-2025-n25-00068\/"]}]},{"@type":"ImageObject","inLanguage":"en-US","@id":"https:\/\/kohenavocats.com\/en\/tribunal-judiciaire-de-bourg-en-bresse-le-14-mars-2025-n25-00068\/#primaryimage","url":"https:\/\/kohenavocats.com\/wp-content\/uploads\/2024\/11\/ph-m-nh-t-mvZ5PsuW1lk-unsplash.webp","contentUrl":"https:\/\/kohenavocats.com\/wp-content\/uploads\/2024\/11\/ph-m-nh-t-mvZ5PsuW1lk-unsplash.webp","width":4000,"height":2250},{"@type":"BreadcrumbList","@id":"https:\/\/kohenavocats.com\/en\/tribunal-judiciaire-de-bourg-en-bresse-le-14-mars-2025-n25-00068\/#breadcrumb","itemListElement":[{"@type":"ListItem","position":1,"name":"Home","item":"https:\/\/kohenavocats.com\/en\/criminal-law-attorneys-in-paris-counsel-and-strategic-defense\/"},{"@type":"ListItem","position":2,"name":"Tribunal judiciaire de Bourg-en-Bresse, le 14 mars 2025, n\u00b025\/00068"}]},{"@type":"WebSite","@id":"https:\/\/kohenavocats.com\/en\/#website","url":"https:\/\/kohenavocats.com\/en\/","name":"Kohen Avocats","description":"Ma\u00eetre Hassan Kohen, avocat p\u00e9naliste \u00e0 Paris, intervient exclusivement en droit p\u00e9nal pour la d\u00e9fense des particuliers, notamment en mati\u00e8re d\u2019accusations de viol. Il assure un accompagnement rigoureux d\u00e8s la garde \u00e0 vue jusqu\u2019\u00e0 la Cour d\u2019assises, veillant au strict respect des garanties proc\u00e9durales.","publisher":{"@id":"https:\/\/kohenavocats.com\/en\/#organization"},"potentialAction":[{"@type":"SearchAction","target":{"@type":"EntryPoint","urlTemplate":"https:\/\/kohenavocats.com\/en\/?s={search_term_string}"},"query-input":{"@type":"PropertyValueSpecification","valueRequired":true,"valueName":"search_term_string"}}],"inLanguage":"en-US"},{"@type":"Organization","@id":"https:\/\/kohenavocats.com\/en\/#organization","name":"Kohen Avocats","url":"https:\/\/kohenavocats.com\/en\/","logo":{"@type":"ImageObject","inLanguage":"en-US","@id":"https:\/\/kohenavocats.com\/en\/#\/schema\/logo\/image\/","url":"https:\/\/kohenavocats.com\/wp-content\/uploads\/2026\/01\/Logo-2-1.webp","contentUrl":"https:\/\/kohenavocats.com\/wp-content\/uploads\/2026\/01\/Logo-2-1.webp","width":2114,"height":1253,"caption":"Kohen Avocats"},"image":{"@id":"https:\/\/kohenavocats.com\/en\/#\/schema\/logo\/image\/"}},{"@type":"Person","@id":"https:\/\/kohenavocats.com\/en\/#\/schema\/person\/761c9ba54fa1ca84d405cef0831ff751","name":"Kohen","image":{"@type":"ImageObject","inLanguage":"en-US","@id":"https:\/\/secure.gravatar.com\/avatar\/1c5e76ef76bbbfdd2b4da984e2bf2fa4056fd51a27d25ce2c332047f1dfd6e00?s=96&d=identicon&r=g","url":"https:\/\/secure.gravatar.com\/avatar\/1c5e76ef76bbbfdd2b4da984e2bf2fa4056fd51a27d25ce2c332047f1dfd6e00?s=96&d=identicon&r=g","contentUrl":"https:\/\/secure.gravatar.com\/avatar\/1c5e76ef76bbbfdd2b4da984e2bf2fa4056fd51a27d25ce2c332047f1dfd6e00?s=96&d=identicon&r=g","caption":"Kohen"},"sameAs":["https:\/\/www.linkedin.com\/in\/hassan-kohen-448548192\/","https:\/\/www.youtube.com\/@Kohen-Avocats"],"url":"https:\/\/kohenavocats.com\/en\/author\/kohenmlk\/"}]}},"jetpack_featured_media_url":"https:\/\/kohenavocats.com\/wp-content\/uploads\/2024\/11\/ph-m-nh-t-mvZ5PsuW1lk-unsplash.webp","jetpack_likes_enabled":false,"jetpack_shortlink":"https:\/\/wp.me\/peCrII-2L8n","jetpack-related-posts":[{"id":658620,"url":"https:\/\/kohenavocats.com\/en\/tribunal-judiciaire-de-bourg-en-bresse-le-19-mars-2025-n25-00046\/","url_meta":{"origin":657843,"position":0},"title":"Tribunal judiciaire de Bourg-en-Bresse, le 19 mars 2025, n\u00b025\/00046","author":"Kohen","date":"23 April 2026","format":false,"excerpt":"Le p\u00f4le social du tribunal judiciaire de Bourg-en-Bresse, statuant en premier ressort le 19 mars 2025, a \u00e9t\u00e9 saisi par les repr\u00e9sentants l\u00e9gaux d\u2019une enfant ...","rel":"","context":"In &quot;Jurisprudence&quot;","block_context":{"text":"Jurisprudence","link":"https:\/\/kohenavocats.com\/category\/jurisprudence\/"},"img":{"alt_text":"","src":"https:\/\/i0.wp.com\/kohenavocats.com\/wp-content\/uploads\/2024\/08\/hieu-vu-minh-He8-FZl-o10-unsplash.webp?resize=350%2C200&ssl=1","width":350,"height":200,"srcset":"https:\/\/i0.wp.com\/kohenavocats.com\/wp-content\/uploads\/2024\/08\/hieu-vu-minh-He8-FZl-o10-unsplash.webp?resize=350%2C200&ssl=1 1x, https:\/\/i0.wp.com\/kohenavocats.com\/wp-content\/uploads\/2024\/08\/hieu-vu-minh-He8-FZl-o10-unsplash.webp?resize=525%2C300&ssl=1 1.5x, https:\/\/i0.wp.com\/kohenavocats.com\/wp-content\/uploads\/2024\/08\/hieu-vu-minh-He8-FZl-o10-unsplash.webp?resize=700%2C400&ssl=1 2x, https:\/\/i0.wp.com\/kohenavocats.com\/wp-content\/uploads\/2024\/08\/hieu-vu-minh-He8-FZl-o10-unsplash.webp?resize=1050%2C600&ssl=1 3x, https:\/\/i0.wp.com\/kohenavocats.com\/wp-content\/uploads\/2024\/08\/hieu-vu-minh-He8-FZl-o10-unsplash.webp?resize=1400%2C800&ssl=1 4x"},"classes":[]},{"id":540456,"url":"https:\/\/kohenavocats.com\/en\/tribunal-judiciaire-de-bourg-en-bresse-le-29-septembre-2025-n25-00068\/","url_meta":{"origin":657843,"position":1},"title":"Tribunal judiciaire de Bourg-en-Bresse, le 29 septembre 2025, n\u00b025\/00068","author":"Kohen","date":"9 April 2026","format":false,"excerpt":"Le p\u00f4le social du tribunal judiciaire de Bourg-en-Bresse statue le 14 mars 2025 sur le projet personnalis\u00e9 de scolarisation d\u2019un enfant. Les parents...","rel":"","context":"In &quot;D\u00e9cisions juridiques&quot;","block_context":{"text":"D\u00e9cisions juridiques","link":"https:\/\/kohenavocats.com\/category\/decisions-juridiques\/"},"img":{"alt_text":"","src":"https:\/\/i0.wp.com\/kohenavocats.com\/wp-content\/uploads\/2024\/11\/volodymyr-kondriianenko-n2EXdta0MeM-unsplash.webp?resize=350%2C200&ssl=1","width":350,"height":200,"srcset":"https:\/\/i0.wp.com\/kohenavocats.com\/wp-content\/uploads\/2024\/11\/volodymyr-kondriianenko-n2EXdta0MeM-unsplash.webp?resize=350%2C200&ssl=1 1x, https:\/\/i0.wp.com\/kohenavocats.com\/wp-content\/uploads\/2024\/11\/volodymyr-kondriianenko-n2EXdta0MeM-unsplash.webp?resize=525%2C300&ssl=1 1.5x, https:\/\/i0.wp.com\/kohenavocats.com\/wp-content\/uploads\/2024\/11\/volodymyr-kondriianenko-n2EXdta0MeM-unsplash.webp?resize=700%2C400&ssl=1 2x, https:\/\/i0.wp.com\/kohenavocats.com\/wp-content\/uploads\/2024\/11\/volodymyr-kondriianenko-n2EXdta0MeM-unsplash.webp?resize=1050%2C600&ssl=1 3x, https:\/\/i0.wp.com\/kohenavocats.com\/wp-content\/uploads\/2024\/11\/volodymyr-kondriianenko-n2EXdta0MeM-unsplash.webp?resize=1400%2C800&ssl=1 4x"},"classes":[]},{"id":540639,"url":"https:\/\/kohenavocats.com\/en\/tribunal-judiciaire-de-bourg-en-bresse-le-29-septembre-2025-n25-00046\/","url_meta":{"origin":657843,"position":2},"title":"Tribunal judiciaire de Bourg-en-Bresse, le 29 septembre 2025, n\u00b025\/00046","author":"Kohen","date":"9 April 2026","format":false,"excerpt":"Le p\u00f4le social du tribunal judiciaire de Bourg-en-Bresse, statuant en premier ressort le 19 mars 2025, a \u00e9t\u00e9 saisi par les repr\u00e9sentants l\u00e9gaux d\u2019une...","rel":"","context":"In &quot;D\u00e9cisions juridiques&quot;","block_context":{"text":"D\u00e9cisions juridiques","link":"https:\/\/kohenavocats.com\/category\/decisions-juridiques\/"},"img":{"alt_text":"","src":"https:\/\/i0.wp.com\/kohenavocats.com\/wp-content\/uploads\/2024\/08\/sandip-roy-OSDpThB9elc-unsplash.webp?resize=350%2C200&ssl=1","width":350,"height":200,"srcset":"https:\/\/i0.wp.com\/kohenavocats.com\/wp-content\/uploads\/2024\/08\/sandip-roy-OSDpThB9elc-unsplash.webp?resize=350%2C200&ssl=1 1x, https:\/\/i0.wp.com\/kohenavocats.com\/wp-content\/uploads\/2024\/08\/sandip-roy-OSDpThB9elc-unsplash.webp?resize=525%2C300&ssl=1 1.5x, https:\/\/i0.wp.com\/kohenavocats.com\/wp-content\/uploads\/2024\/08\/sandip-roy-OSDpThB9elc-unsplash.webp?resize=700%2C400&ssl=1 2x, https:\/\/i0.wp.com\/kohenavocats.com\/wp-content\/uploads\/2024\/08\/sandip-roy-OSDpThB9elc-unsplash.webp?resize=1050%2C600&ssl=1 3x, https:\/\/i0.wp.com\/kohenavocats.com\/wp-content\/uploads\/2024\/08\/sandip-roy-OSDpThB9elc-unsplash.webp?resize=1400%2C800&ssl=1 4x"},"classes":[]},{"id":149576,"url":"https:\/\/kohenavocats.com\/en\/tribunal-judiciaire-de-bourg-en-bresse-le-16-juin-2025-n25-00052\/","url_meta":{"origin":657843,"position":3},"title":"Tribunal judiciaire de Bourg-en-Bresse, le 16 juin 2025, n\u00b025\/00052","author":"Kohen","date":"13 November 2025","format":false,"excerpt":"Le p\u00f4le social du tribunal judiciaire de Bourg-en-Bresse, 16 juin 2025, statue sur un recours form\u00e9 contre une d\u00e9cision refusant une aide humaine individualis\u00e9e et, subsidiairement, sollicitant des prestations familiales. L\u2019affaire concerne la scolarisation d\u2019un \u00e9l\u00e8ve pr\u00e9sentant des troubles av\u00e9r\u00e9s, avec demande d\u2019un accompagnement renforc\u00e9 et d\u2019am\u00e9nagements p\u00e9dagogiques. La juridiction\u2026","rel":"","context":"In &quot;D\u00e9cisions juridiques&quot;","block_context":{"text":"D\u00e9cisions juridiques","link":"https:\/\/kohenavocats.com\/category\/decisions-juridiques\/"},"img":{"alt_text":"","src":"https:\/\/i0.wp.com\/kohenavocats.com\/wp-content\/uploads\/2024\/11\/virginia-marinova-3UfkjHxVch0-unsplash.webp?resize=350%2C200&ssl=1","width":350,"height":200,"srcset":"https:\/\/i0.wp.com\/kohenavocats.com\/wp-content\/uploads\/2024\/11\/virginia-marinova-3UfkjHxVch0-unsplash.webp?resize=350%2C200&ssl=1 1x, https:\/\/i0.wp.com\/kohenavocats.com\/wp-content\/uploads\/2024\/11\/virginia-marinova-3UfkjHxVch0-unsplash.webp?resize=525%2C300&ssl=1 1.5x, https:\/\/i0.wp.com\/kohenavocats.com\/wp-content\/uploads\/2024\/11\/virginia-marinova-3UfkjHxVch0-unsplash.webp?resize=700%2C400&ssl=1 2x, https:\/\/i0.wp.com\/kohenavocats.com\/wp-content\/uploads\/2024\/11\/virginia-marinova-3UfkjHxVch0-unsplash.webp?resize=1050%2C600&ssl=1 3x, https:\/\/i0.wp.com\/kohenavocats.com\/wp-content\/uploads\/2024\/11\/virginia-marinova-3UfkjHxVch0-unsplash.webp?resize=1400%2C800&ssl=1 4x"},"classes":[]},{"id":123502,"url":"https:\/\/kohenavocats.com\/en\/tribunal-judiciaire-de-bourg-en-bresse-le-16-juin-2025-n24-00647\/","url_meta":{"origin":657843,"position":4},"title":"Tribunal judiciaire de Bourg-en-Bresse, le 16 juin 2025, n\u00b024\/00647","author":"Kohen","date":"11 November 2025","format":false,"excerpt":"Par un jugement du 16 juin 2025, le p\u00f4le social du tribunal judiciaire de Bourg-en-Bresse statue sur un recours form\u00e9 contre le refus d\u2019attribution d\u2019une aide humaine individualis\u00e9e en milieu scolaire. La d\u00e9cision tranche la conformit\u00e9 du refus, au regard du cadre des articles D. 351-16-1 et suivants du code\u2026","rel":"","context":"In &quot;D\u00e9cisions juridiques&quot;","block_context":{"text":"D\u00e9cisions juridiques","link":"https:\/\/kohenavocats.com\/category\/decisions-juridiques\/"},"img":{"alt_text":"","src":"https:\/\/i0.wp.com\/kohenavocats.com\/wp-content\/uploads\/2024\/11\/alesia-kazantceva-RTiVDW3h5s8-unsplash.webp?resize=350%2C200&ssl=1","width":350,"height":200,"srcset":"https:\/\/i0.wp.com\/kohenavocats.com\/wp-content\/uploads\/2024\/11\/alesia-kazantceva-RTiVDW3h5s8-unsplash.webp?resize=350%2C200&ssl=1 1x, https:\/\/i0.wp.com\/kohenavocats.com\/wp-content\/uploads\/2024\/11\/alesia-kazantceva-RTiVDW3h5s8-unsplash.webp?resize=525%2C300&ssl=1 1.5x, https:\/\/i0.wp.com\/kohenavocats.com\/wp-content\/uploads\/2024\/11\/alesia-kazantceva-RTiVDW3h5s8-unsplash.webp?resize=700%2C400&ssl=1 2x, https:\/\/i0.wp.com\/kohenavocats.com\/wp-content\/uploads\/2024\/11\/alesia-kazantceva-RTiVDW3h5s8-unsplash.webp?resize=1050%2C600&ssl=1 3x, https:\/\/i0.wp.com\/kohenavocats.com\/wp-content\/uploads\/2024\/11\/alesia-kazantceva-RTiVDW3h5s8-unsplash.webp?resize=1400%2C800&ssl=1 4x"},"classes":[]},{"id":536216,"url":"https:\/\/kohenavocats.com\/en\/cour-dappel-de-bourg-en-bresse-le-29-avril-2025-n24-00066\/","url_meta":{"origin":657843,"position":5},"title":"Cour d&#8217;appel de Bourg-en-Bresse, le 29 avril 2025, n\u00b024\/00066","author":"Kohen","date":"9 April 2026","format":false,"excerpt":"La cour d'appel de Bourg-en-Bresse, statuant en mati\u00e8re sociale, a rendu un arr\u00eat le 29 avril 2025. Elle a examin\u00e9 un litige relatif \u00e0 l'orientation scolaire...","rel":"","context":"In &quot;Jurisprudence&quot;","block_context":{"text":"Jurisprudence","link":"https:\/\/kohenavocats.com\/category\/jurisprudence\/"},"img":{"alt_text":"","src":"https:\/\/i0.wp.com\/kohenavocats.com\/wp-content\/uploads\/2024\/08\/andrew-adams-f6xlGzsRC_o-unsplash.webp?resize=350%2C200&ssl=1","width":350,"height":200,"srcset":"https:\/\/i0.wp.com\/kohenavocats.com\/wp-content\/uploads\/2024\/08\/andrew-adams-f6xlGzsRC_o-unsplash.webp?resize=350%2C200&ssl=1 1x, https:\/\/i0.wp.com\/kohenavocats.com\/wp-content\/uploads\/2024\/08\/andrew-adams-f6xlGzsRC_o-unsplash.webp?resize=525%2C300&ssl=1 1.5x, https:\/\/i0.wp.com\/kohenavocats.com\/wp-content\/uploads\/2024\/08\/andrew-adams-f6xlGzsRC_o-unsplash.webp?resize=700%2C400&ssl=1 2x, https:\/\/i0.wp.com\/kohenavocats.com\/wp-content\/uploads\/2024\/08\/andrew-adams-f6xlGzsRC_o-unsplash.webp?resize=1050%2C600&ssl=1 3x, https:\/\/i0.wp.com\/kohenavocats.com\/wp-content\/uploads\/2024\/08\/andrew-adams-f6xlGzsRC_o-unsplash.webp?resize=1400%2C800&ssl=1 4x"},"classes":[]}],"jetpack_sharing_enabled":true,"_links":{"self":[{"href":"https:\/\/kohenavocats.com\/en\/wp-json\/wp\/v2\/posts\/657843","targetHints":{"allow":["GET"]}}],"collection":[{"href":"https:\/\/kohenavocats.com\/en\/wp-json\/wp\/v2\/posts"}],"about":[{"href":"https:\/\/kohenavocats.com\/en\/wp-json\/wp\/v2\/types\/post"}],"author":[{"embeddable":true,"href":"https:\/\/kohenavocats.com\/en\/wp-json\/wp\/v2\/users\/232070755"}],"replies":[{"embeddable":true,"href":"https:\/\/kohenavocats.com\/en\/wp-json\/wp\/v2\/comments?post=657843"}],"version-history":[{"count":0,"href":"https:\/\/kohenavocats.com\/en\/wp-json\/wp\/v2\/posts\/657843\/revisions"}],"wp:featuredmedia":[{"embeddable":true,"href":"https:\/\/kohenavocats.com\/en\/wp-json\/wp\/v2\/media\/9675"}],"wp:attachment":[{"href":"https:\/\/kohenavocats.com\/en\/wp-json\/wp\/v2\/media?parent=657843"}],"wp:term":[{"taxonomy":"category","embeddable":true,"href":"https:\/\/kohenavocats.com\/en\/wp-json\/wp\/v2\/categories?post=657843"},{"taxonomy":"post_tag","embeddable":true,"href":"https:\/\/kohenavocats.com\/en\/wp-json\/wp\/v2\/tags?post=657843"}],"curies":[{"name":"wp","href":"https:\/\/api.w.org\/{rel}","templated":true}]}}