{"id":659329,"date":"2026-04-23T13:10:21","date_gmt":"2026-04-23T11:10:21","guid":{"rendered":"https:\/\/kohenavocats.com\/tribunal-judiciaire-de-paris-le-26-septembre-2025-n13-04664\/"},"modified":"2026-04-23T13:10:21","modified_gmt":"2026-04-23T11:10:21","slug":"tribunal-judiciaire-de-paris-le-26-septembre-2025-n13-04664","status":"publish","type":"post","link":"https:\/\/kohenavocats.com\/en\/tribunal-judiciaire-de-paris-le-26-septembre-2025-n13-04664\/","title":{"rendered":"Tribunal judiciaire de Paris, le 26 septembre 2025, n\u00b013\/04664"},"content":{"rendered":"<div class=\"article-content\">\n<p>Le tribunal judiciaire de Paris, par jugement du 26 septembre 2025, statue sur une demande en paiement de cr\u00e9dits immobiliers. Les emprunteurs opposent le caract\u00e8re abusif de la clause de d\u00e9ch\u00e9ance du terme et invoquent divers manquements de l&#8217;\u00e9tablissement pr\u00eateur. La juridiction annule la clause litigieuse mais condamne n\u00e9anmoins les emprunteurs au remboursement du capital restant d\u00fb, en pronon\u00e7ant la d\u00e9ch\u00e9ance du droit aux int\u00e9r\u00eats du pr\u00eateur.<\/p>\n<p>La qualification du contrat et le contr\u00f4le des clauses abusives<\/p>\n<p>La d\u00e9termination du droit applicable au rapport contractuel<\/p>\n<p>Le tribunal examine d&#8217;abord la soumission volontaire des contrats au code de la consommation. Il rappelle que cette soumission doit \u00eatre expresse et \u00e9clair\u00e9e. La simple r\u00e9f\u00e9rence \u00e0 des textes sur un formulaire pr\u00e9-imprim\u00e9 ne suffit pas \u00e0 en d\u00e9montrer le caract\u00e8re expr\u00e8s. En l&#8217;esp\u00e8ce, la documentation d\u00e9montre que la banque ne pouvait ignorer l&#8217;activit\u00e9 professionnelle des emprunteurs. &#8220;Il est difficile de consid\u00e9rer que la banque ignorait l\u2019activit\u00e9 de professionnel&#8221; des emprunteurs (Motifs). La volont\u00e9 des parties de se soumettre au code de la consommation est donc retenue, ce qui permet l&#8217;application du r\u00e9gime protecteur.<\/p>\n<p>L&#8217;annulation d&#8217;une clause cr\u00e9ant un d\u00e9s\u00e9quilibre significatif<\/p>\n<p>Le juge proc\u00e8de ensuite \u00e0 l&#8217;analyse de la clause de d\u00e9ch\u00e9ance du terme au regard de l&#8217;article L. 132-1 du code de la consommation. La clause accordait au pr\u00eateur le choix entre un d\u00e9lai d&#8217;un mois ou de huit jours pour r\u00e9gulariser un impay\u00e9. La jurisprudence constante de la Cour de cassation, inspir\u00e9e de la CJUE, est rappel\u00e9e. Elle sanctionne les clauses pr\u00e9voyant une r\u00e9siliation de plein droit sans pr\u00e9avis d&#8217;une dur\u00e9e raisonnable. &#8220;La possibilit\u00e9 pour le pr\u00eateur d\u2019opter pour un d\u00e9lai de 8 jours cr\u00e9ait, dans la clause contractuelle de d\u00e9ch\u00e9ance du terme, un d\u00e9s\u00e9quilibre significatif&#8221; (Motifs). La clause est donc jug\u00e9e abusive et r\u00e9put\u00e9e non \u00e9crite, emp\u00eachant l&#8217;exigibilit\u00e9 imm\u00e9diate du capital.<\/p>\n<p>Les cons\u00e9quences proc\u00e9durales et substantielles de la d\u00e9cision<\/p>\n<p>Les effets de l&#8217;annulation sur les demandes en paiement<\/p>\n<p>L&#8217;annulation de la clause a pour effet que les \u00e9ch\u00e9ances sont devenues exigibles au fur et \u00e0 mesure de leur \u00e9ch\u00e9ance contractuelle. Le tribunal rejette l&#8217;argument des emprunteurs sur la prescription des \u00e9ch\u00e9ances individuelles. Il estime que l&#8217;assignation en paiement du capital restant d\u00fb a interrompu la prescription pour l&#8217;ensemble des sommes r\u00e9clam\u00e9es. &#8220;Le fait que ces sommes n\u2019\u00e9taient pas dues \u00e0 la date de l\u2019assignation est un moyen de fond, sans cons\u00e9quence sur la validit\u00e9 de l\u2019interruption&#8221; (Motifs). Les emprunteurs sont donc condamn\u00e9s au paiement du capital des \u00e9ch\u00e9ances \u00e9chues et impay\u00e9es, calcul\u00e9 sur la base du tableau d&#8217;amortissement.<\/p>\n<p>La sanction des manquements du pr\u00eateur et le rejet des demandes indemnitaires<\/p>\n<p>Le tribunal accueille la demande de d\u00e9ch\u00e9ance du droit aux int\u00e9r\u00eats pour violation des r\u00e8gles de forme sur l&#8217;offre de pr\u00eat. Le pr\u00eateur n&#8217;a pas prouv\u00e9 l&#8217;envoi postal de l&#8217;offre, garantissant le d\u00e9lai de r\u00e9flexion. &#8220;L&#8217;inobservation de cette r\u00e8gle de forme est sanctionn\u00e9e par la d\u00e9ch\u00e9ance du droit aux int\u00e9r\u00eats&#8221; (Motifs). En revanche, il rejette les demandes indemnitaires r\u00e9ciproques pour perte de chance. Celle des emprunteurs est jug\u00e9e prescrite, leur premi\u00e8re demande dans l&#8217;instance \u00e9tant intervenue plus de cinq ans apr\u00e8s la conclusion du contrat. Celle du pr\u00eateur est \u00e9cart\u00e9e au regard de son propre comportement fautif.<\/p>\n<\/div>\n","protected":false},"excerpt":{"rendered":"<p>Le tribunal judiciaire de Paris, par jugement du 26 septembre 2025, statue sur une demande en paiement de cr\u00e9dits immobiliers. Les emprunteurs opposent le ca&#8230;<\/p>\n","protected":false},"author":232070755,"featured_media":4726,"comment_status":"open","ping_status":"open","sticky":false,"template":"","format":"standard","meta":{"_crdt_document":"","_jetpack_newsletter_access":"","_jetpack_dont_email_post_to_subs":false,"_jetpack_newsletter_tier_id":0,"_jetpack_memberships_contains_paywalled_content":false,"_kj_source_type":"judilibre","_kj_official_id":"68d6db72d22713eb88c7a82a","_kj_official_url":"https:\/\/www.courdecassation.fr\/decision\/68d6db72d22713eb88c7a82a","_kj_judilibre_id":"68d6db72d22713eb88c7a82a","_kj_jur":"Tribunal judiciaire","_kj_lieu":"Tribunal judiciaire de Marseille","_kj_chambre":"3\u00e8me Chbre Cab B3","_kj_rg":"13\/04664","_kj_date":"2025-09-26","_jetpack_memberships_contains_paid_content":false,"footnotes":"","jetpack_post_was_ever_published":false},"categories":[7597],"tags":[],"class_list":["post-659329","post","type-post","status-publish","format-standard","has-post-thumbnail","hentry","category-jurisprudence"],"yoast_head":"<!-- This site is optimized with the Yoast SEO Premium plugin v27.5 (Yoast SEO v27.5) - https:\/\/yoast.com\/product\/yoast-seo-premium-wordpress\/ -->\n<title>Tribunal judiciaire de Paris, le 26 septembre 2025, n\u00b013\/04664 - Ma\u00eetre Hassan Kohen, avocat en droit p\u00e9nal \u00e0 Paris<\/title>\n<meta name=\"description\" content=\"Le tribunal judiciaire de Paris, par jugement du 26 septembre 2025, statue sur une demande en paiement de cr\u00e9dits immobiliers. Les emprunteurs opposent le ca...\" \/>\n<meta name=\"robots\" content=\"index, follow, max-snippet:-1, max-image-preview:large, max-video-preview:-1\" \/>\n<link rel=\"canonical\" href=\"https:\/\/kohenavocats.com\/en\/tribunal-judiciaire-de-paris-le-26-septembre-2025-n13-04664\/\" \/>\n<meta property=\"og:locale\" content=\"en_US\" \/>\n<meta property=\"og:type\" content=\"article\" \/>\n<meta property=\"og:title\" content=\"Tribunal judiciaire de Paris, le 26 septembre 2025, n\u00b013\/04664\" \/>\n<meta property=\"og:description\" content=\"Le tribunal judiciaire de Paris, par jugement du 26 septembre 2025, statue sur une demande en paiement de cr\u00e9dits immobiliers. Les emprunteurs opposent le ca...\" \/>\n<meta property=\"og:url\" content=\"https:\/\/kohenavocats.com\/en\/tribunal-judiciaire-de-paris-le-26-septembre-2025-n13-04664\/\" \/>\n<meta property=\"og:site_name\" content=\"Ma\u00eetre Hassan Kohen, avocat en droit p\u00e9nal \u00e0 Paris\" \/>\n<meta property=\"article:published_time\" content=\"2026-04-23T11:10:21+00:00\" \/>\n<meta property=\"og:image\" content=\"https:\/\/kohenavocats.com\/wp-content\/uploads\/2024\/08\/denise-schuld-zasdQFfh4oA-unsplash.webp\" \/>\n\t<meta property=\"og:image:width\" content=\"4064\" \/>\n\t<meta property=\"og:image:height\" content=\"2709\" \/>\n\t<meta property=\"og:image:type\" content=\"image\/webp\" \/>\n<meta name=\"author\" content=\"Kohen\" \/>\n<meta name=\"twitter:card\" content=\"summary_large_image\" \/>\n<meta name=\"twitter:label1\" content=\"Written by\" \/>\n\t<meta name=\"twitter:data1\" content=\"Kohen\" \/>\n\t<meta name=\"twitter:label2\" content=\"Est. reading time\" \/>\n\t<meta name=\"twitter:data2\" content=\"3 minutes\" \/>\n<script type=\"application\/ld+json\" class=\"yoast-schema-graph\">{\"@context\":\"https:\\\/\\\/schema.org\",\"@graph\":[{\"@type\":\"Article\",\"@id\":\"https:\\\/\\\/kohenavocats.com\\\/en\\\/tribunal-judiciaire-de-paris-le-26-septembre-2025-n13-04664\\\/#article\",\"isPartOf\":{\"@id\":\"https:\\\/\\\/kohenavocats.com\\\/en\\\/tribunal-judiciaire-de-paris-le-26-septembre-2025-n13-04664\\\/\"},\"author\":{\"name\":\"Kohen\",\"@id\":\"https:\\\/\\\/kohenavocats.com\\\/en\\\/#\\\/schema\\\/person\\\/761c9ba54fa1ca84d405cef0831ff751\"},\"headline\":\"Tribunal judiciaire de Paris, le 26 septembre 2025, n\u00b013\\\/04664\",\"datePublished\":\"2026-04-23T11:10:21+00:00\",\"mainEntityOfPage\":{\"@id\":\"https:\\\/\\\/kohenavocats.com\\\/en\\\/tribunal-judiciaire-de-paris-le-26-septembre-2025-n13-04664\\\/\"},\"wordCount\":640,\"commentCount\":0,\"publisher\":{\"@id\":\"https:\\\/\\\/kohenavocats.com\\\/en\\\/#organization\"},\"image\":{\"@id\":\"https:\\\/\\\/kohenavocats.com\\\/en\\\/tribunal-judiciaire-de-paris-le-26-septembre-2025-n13-04664\\\/#primaryimage\"},\"thumbnailUrl\":\"https:\\\/\\\/kohenavocats.com\\\/wp-content\\\/uploads\\\/2024\\\/08\\\/denise-schuld-zasdQFfh4oA-unsplash.webp\",\"articleSection\":[\"Jurisprudence\"],\"inLanguage\":\"en-US\",\"potentialAction\":[{\"@type\":\"CommentAction\",\"name\":\"Comment\",\"target\":[\"https:\\\/\\\/kohenavocats.com\\\/en\\\/tribunal-judiciaire-de-paris-le-26-septembre-2025-n13-04664\\\/#respond\"]}],\"citation\":\"Tribunal judiciaire de Paris, le 26 septembre 2025, n\u00b013\\\/04664\",\"about\":[{\"@type\":\"Thing\",\"name\":\"Jurisprudence\"}],\"dateModified\":\"2026-04-23T11:10:21+00:00\",\"speakable\":{\"@type\":\"SpeakableSpecification\",\"cssSelector\":[\".article-content > p:first-of-type\"]}},{\"@type\":\"WebPage\",\"@id\":\"https:\\\/\\\/kohenavocats.com\\\/en\\\/tribunal-judiciaire-de-paris-le-26-septembre-2025-n13-04664\\\/\",\"url\":\"https:\\\/\\\/kohenavocats.com\\\/en\\\/tribunal-judiciaire-de-paris-le-26-septembre-2025-n13-04664\\\/\",\"name\":\"Tribunal judiciaire de Paris, le 26 septembre 2025, n\u00b013\\\/04664 - Ma\u00eetre Hassan Kohen, avocat en droit p\u00e9nal \u00e0 Paris\",\"isPartOf\":{\"@id\":\"https:\\\/\\\/kohenavocats.com\\\/en\\\/#website\"},\"primaryImageOfPage\":{\"@id\":\"https:\\\/\\\/kohenavocats.com\\\/en\\\/tribunal-judiciaire-de-paris-le-26-septembre-2025-n13-04664\\\/#primaryimage\"},\"image\":{\"@id\":\"https:\\\/\\\/kohenavocats.com\\\/en\\\/tribunal-judiciaire-de-paris-le-26-septembre-2025-n13-04664\\\/#primaryimage\"},\"thumbnailUrl\":\"https:\\\/\\\/kohenavocats.com\\\/wp-content\\\/uploads\\\/2024\\\/08\\\/denise-schuld-zasdQFfh4oA-unsplash.webp\",\"datePublished\":\"2026-04-23T11:10:21+00:00\",\"description\":\"Le tribunal judiciaire de Paris, par jugement du 26 septembre 2025, statue sur une demande en paiement de cr\u00e9dits immobiliers. Les emprunteurs opposent le ca...\",\"breadcrumb\":{\"@id\":\"https:\\\/\\\/kohenavocats.com\\\/en\\\/tribunal-judiciaire-de-paris-le-26-septembre-2025-n13-04664\\\/#breadcrumb\"},\"inLanguage\":\"en-US\",\"potentialAction\":[{\"@type\":\"ReadAction\",\"target\":[\"https:\\\/\\\/kohenavocats.com\\\/en\\\/tribunal-judiciaire-de-paris-le-26-septembre-2025-n13-04664\\\/\"]}]},{\"@type\":\"ImageObject\",\"inLanguage\":\"en-US\",\"@id\":\"https:\\\/\\\/kohenavocats.com\\\/en\\\/tribunal-judiciaire-de-paris-le-26-septembre-2025-n13-04664\\\/#primaryimage\",\"url\":\"https:\\\/\\\/kohenavocats.com\\\/wp-content\\\/uploads\\\/2024\\\/08\\\/denise-schuld-zasdQFfh4oA-unsplash.webp\",\"contentUrl\":\"https:\\\/\\\/kohenavocats.com\\\/wp-content\\\/uploads\\\/2024\\\/08\\\/denise-schuld-zasdQFfh4oA-unsplash.webp\",\"width\":4064,\"height\":2709},{\"@type\":\"BreadcrumbList\",\"@id\":\"https:\\\/\\\/kohenavocats.com\\\/en\\\/tribunal-judiciaire-de-paris-le-26-septembre-2025-n13-04664\\\/#breadcrumb\",\"itemListElement\":[{\"@type\":\"ListItem\",\"position\":1,\"name\":\"Home\",\"item\":\"https:\\\/\\\/kohenavocats.com\\\/en\\\/criminal-law-attorneys-in-paris-counsel-and-strategic-defense\\\/\"},{\"@type\":\"ListItem\",\"position\":2,\"name\":\"Tribunal judiciaire de Paris, le 26 septembre 2025, n\u00b013\\\/04664\"}]},{\"@type\":\"WebSite\",\"@id\":\"https:\\\/\\\/kohenavocats.com\\\/en\\\/#website\",\"url\":\"https:\\\/\\\/kohenavocats.com\\\/en\\\/\",\"name\":\"Kohen Avocats\",\"description\":\"Ma\u00eetre Hassan Kohen, avocat p\u00e9naliste \u00e0 Paris, intervient exclusivement en droit p\u00e9nal pour la d\u00e9fense des particuliers, notamment en mati\u00e8re d\u2019accusations de viol. Il assure un accompagnement rigoureux d\u00e8s la garde \u00e0 vue jusqu\u2019\u00e0 la Cour d\u2019assises, veillant au strict respect des garanties proc\u00e9durales.\",\"publisher\":{\"@id\":\"https:\\\/\\\/kohenavocats.com\\\/en\\\/#organization\"},\"potentialAction\":[{\"@type\":\"SearchAction\",\"target\":{\"@type\":\"EntryPoint\",\"urlTemplate\":\"https:\\\/\\\/kohenavocats.com\\\/en\\\/?s={search_term_string}\"},\"query-input\":{\"@type\":\"PropertyValueSpecification\",\"valueRequired\":true,\"valueName\":\"search_term_string\"}}],\"inLanguage\":\"en-US\"},{\"@type\":\"Organization\",\"@id\":\"https:\\\/\\\/kohenavocats.com\\\/en\\\/#organization\",\"name\":\"Kohen Avocats\",\"url\":\"https:\\\/\\\/kohenavocats.com\\\/en\\\/\",\"logo\":{\"@type\":\"ImageObject\",\"inLanguage\":\"en-US\",\"@id\":\"https:\\\/\\\/kohenavocats.com\\\/en\\\/#\\\/schema\\\/logo\\\/image\\\/\",\"url\":\"https:\\\/\\\/kohenavocats.com\\\/wp-content\\\/uploads\\\/2026\\\/01\\\/Logo-2-1.webp\",\"contentUrl\":\"https:\\\/\\\/kohenavocats.com\\\/wp-content\\\/uploads\\\/2026\\\/01\\\/Logo-2-1.webp\",\"width\":2114,\"height\":1253,\"caption\":\"Kohen Avocats\"},\"image\":{\"@id\":\"https:\\\/\\\/kohenavocats.com\\\/en\\\/#\\\/schema\\\/logo\\\/image\\\/\"}},{\"@type\":\"Person\",\"@id\":\"https:\\\/\\\/kohenavocats.com\\\/en\\\/#\\\/schema\\\/person\\\/761c9ba54fa1ca84d405cef0831ff751\",\"name\":\"Kohen\",\"image\":{\"@type\":\"ImageObject\",\"inLanguage\":\"en-US\",\"@id\":\"https:\\\/\\\/secure.gravatar.com\\\/avatar\\\/1c5e76ef76bbbfdd2b4da984e2bf2fa4056fd51a27d25ce2c332047f1dfd6e00?s=96&d=identicon&r=g\",\"url\":\"https:\\\/\\\/secure.gravatar.com\\\/avatar\\\/1c5e76ef76bbbfdd2b4da984e2bf2fa4056fd51a27d25ce2c332047f1dfd6e00?s=96&d=identicon&r=g\",\"contentUrl\":\"https:\\\/\\\/secure.gravatar.com\\\/avatar\\\/1c5e76ef76bbbfdd2b4da984e2bf2fa4056fd51a27d25ce2c332047f1dfd6e00?s=96&d=identicon&r=g\",\"caption\":\"Kohen\"},\"sameAs\":[\"https:\\\/\\\/www.linkedin.com\\\/in\\\/hassan-kohen-448548192\\\/\",\"https:\\\/\\\/www.youtube.com\\\/@Kohen-Avocats\"],\"url\":\"https:\\\/\\\/kohenavocats.com\\\/en\\\/author\\\/kohenmlk\\\/\"}]}<\/script>\n<!-- \/ Yoast SEO Premium plugin. -->","yoast_head_json":{"title":"Tribunal judiciaire de Paris, le 26 septembre 2025, n\u00b013\/04664 - Ma\u00eetre Hassan Kohen, avocat en droit p\u00e9nal \u00e0 Paris","description":"Le tribunal judiciaire de Paris, par jugement du 26 septembre 2025, statue sur une demande en paiement de cr\u00e9dits immobiliers. Les emprunteurs opposent le ca...","robots":{"index":"index","follow":"follow","max-snippet":"max-snippet:-1","max-image-preview":"max-image-preview:large","max-video-preview":"max-video-preview:-1"},"canonical":"https:\/\/kohenavocats.com\/en\/tribunal-judiciaire-de-paris-le-26-septembre-2025-n13-04664\/","og_locale":"en_US","og_type":"article","og_title":"Tribunal judiciaire de Paris, le 26 septembre 2025, n\u00b013\/04664","og_description":"Le tribunal judiciaire de Paris, par jugement du 26 septembre 2025, statue sur une demande en paiement de cr\u00e9dits immobiliers. Les emprunteurs opposent le ca...","og_url":"https:\/\/kohenavocats.com\/en\/tribunal-judiciaire-de-paris-le-26-septembre-2025-n13-04664\/","og_site_name":"Ma\u00eetre Hassan Kohen, avocat en droit p\u00e9nal \u00e0 Paris","article_published_time":"2026-04-23T11:10:21+00:00","og_image":[{"width":4064,"height":2709,"url":"https:\/\/kohenavocats.com\/wp-content\/uploads\/2024\/08\/denise-schuld-zasdQFfh4oA-unsplash.webp","type":"image\/webp"}],"author":"Kohen","twitter_card":"summary_large_image","twitter_misc":{"Written by":"Kohen","Est. reading time":"3 minutes"},"schema":{"@context":"https:\/\/schema.org","@graph":[{"@type":"Article","@id":"https:\/\/kohenavocats.com\/en\/tribunal-judiciaire-de-paris-le-26-septembre-2025-n13-04664\/#article","isPartOf":{"@id":"https:\/\/kohenavocats.com\/en\/tribunal-judiciaire-de-paris-le-26-septembre-2025-n13-04664\/"},"author":{"name":"Kohen","@id":"https:\/\/kohenavocats.com\/en\/#\/schema\/person\/761c9ba54fa1ca84d405cef0831ff751"},"headline":"Tribunal judiciaire de Paris, le 26 septembre 2025, n\u00b013\/04664","datePublished":"2026-04-23T11:10:21+00:00","mainEntityOfPage":{"@id":"https:\/\/kohenavocats.com\/en\/tribunal-judiciaire-de-paris-le-26-septembre-2025-n13-04664\/"},"wordCount":640,"commentCount":0,"publisher":{"@id":"https:\/\/kohenavocats.com\/en\/#organization"},"image":{"@id":"https:\/\/kohenavocats.com\/en\/tribunal-judiciaire-de-paris-le-26-septembre-2025-n13-04664\/#primaryimage"},"thumbnailUrl":"https:\/\/kohenavocats.com\/wp-content\/uploads\/2024\/08\/denise-schuld-zasdQFfh4oA-unsplash.webp","articleSection":["Jurisprudence"],"inLanguage":"en-US","potentialAction":[{"@type":"CommentAction","name":"Comment","target":["https:\/\/kohenavocats.com\/en\/tribunal-judiciaire-de-paris-le-26-septembre-2025-n13-04664\/#respond"]}],"citation":"Tribunal judiciaire de Paris, le 26 septembre 2025, n\u00b013\/04664","about":[{"@type":"Thing","name":"Jurisprudence"}],"dateModified":"2026-04-23T11:10:21+00:00","speakable":{"@type":"SpeakableSpecification","cssSelector":[".article-content > p:first-of-type"]}},{"@type":"WebPage","@id":"https:\/\/kohenavocats.com\/en\/tribunal-judiciaire-de-paris-le-26-septembre-2025-n13-04664\/","url":"https:\/\/kohenavocats.com\/en\/tribunal-judiciaire-de-paris-le-26-septembre-2025-n13-04664\/","name":"Tribunal judiciaire de Paris, le 26 septembre 2025, n\u00b013\/04664 - Ma\u00eetre Hassan Kohen, avocat en droit p\u00e9nal \u00e0 Paris","isPartOf":{"@id":"https:\/\/kohenavocats.com\/en\/#website"},"primaryImageOfPage":{"@id":"https:\/\/kohenavocats.com\/en\/tribunal-judiciaire-de-paris-le-26-septembre-2025-n13-04664\/#primaryimage"},"image":{"@id":"https:\/\/kohenavocats.com\/en\/tribunal-judiciaire-de-paris-le-26-septembre-2025-n13-04664\/#primaryimage"},"thumbnailUrl":"https:\/\/kohenavocats.com\/wp-content\/uploads\/2024\/08\/denise-schuld-zasdQFfh4oA-unsplash.webp","datePublished":"2026-04-23T11:10:21+00:00","description":"Le tribunal judiciaire de Paris, par jugement du 26 septembre 2025, statue sur une demande en paiement de cr\u00e9dits immobiliers. Les emprunteurs opposent le ca...","breadcrumb":{"@id":"https:\/\/kohenavocats.com\/en\/tribunal-judiciaire-de-paris-le-26-septembre-2025-n13-04664\/#breadcrumb"},"inLanguage":"en-US","potentialAction":[{"@type":"ReadAction","target":["https:\/\/kohenavocats.com\/en\/tribunal-judiciaire-de-paris-le-26-septembre-2025-n13-04664\/"]}]},{"@type":"ImageObject","inLanguage":"en-US","@id":"https:\/\/kohenavocats.com\/en\/tribunal-judiciaire-de-paris-le-26-septembre-2025-n13-04664\/#primaryimage","url":"https:\/\/kohenavocats.com\/wp-content\/uploads\/2024\/08\/denise-schuld-zasdQFfh4oA-unsplash.webp","contentUrl":"https:\/\/kohenavocats.com\/wp-content\/uploads\/2024\/08\/denise-schuld-zasdQFfh4oA-unsplash.webp","width":4064,"height":2709},{"@type":"BreadcrumbList","@id":"https:\/\/kohenavocats.com\/en\/tribunal-judiciaire-de-paris-le-26-septembre-2025-n13-04664\/#breadcrumb","itemListElement":[{"@type":"ListItem","position":1,"name":"Home","item":"https:\/\/kohenavocats.com\/en\/criminal-law-attorneys-in-paris-counsel-and-strategic-defense\/"},{"@type":"ListItem","position":2,"name":"Tribunal judiciaire de Paris, le 26 septembre 2025, n\u00b013\/04664"}]},{"@type":"WebSite","@id":"https:\/\/kohenavocats.com\/en\/#website","url":"https:\/\/kohenavocats.com\/en\/","name":"Kohen Avocats","description":"Ma\u00eetre Hassan Kohen, avocat p\u00e9naliste \u00e0 Paris, intervient exclusivement en droit p\u00e9nal pour la d\u00e9fense des particuliers, notamment en mati\u00e8re d\u2019accusations de viol. Il assure un accompagnement rigoureux d\u00e8s la garde \u00e0 vue jusqu\u2019\u00e0 la Cour d\u2019assises, veillant au strict respect des garanties proc\u00e9durales.","publisher":{"@id":"https:\/\/kohenavocats.com\/en\/#organization"},"potentialAction":[{"@type":"SearchAction","target":{"@type":"EntryPoint","urlTemplate":"https:\/\/kohenavocats.com\/en\/?s={search_term_string}"},"query-input":{"@type":"PropertyValueSpecification","valueRequired":true,"valueName":"search_term_string"}}],"inLanguage":"en-US"},{"@type":"Organization","@id":"https:\/\/kohenavocats.com\/en\/#organization","name":"Kohen Avocats","url":"https:\/\/kohenavocats.com\/en\/","logo":{"@type":"ImageObject","inLanguage":"en-US","@id":"https:\/\/kohenavocats.com\/en\/#\/schema\/logo\/image\/","url":"https:\/\/kohenavocats.com\/wp-content\/uploads\/2026\/01\/Logo-2-1.webp","contentUrl":"https:\/\/kohenavocats.com\/wp-content\/uploads\/2026\/01\/Logo-2-1.webp","width":2114,"height":1253,"caption":"Kohen Avocats"},"image":{"@id":"https:\/\/kohenavocats.com\/en\/#\/schema\/logo\/image\/"}},{"@type":"Person","@id":"https:\/\/kohenavocats.com\/en\/#\/schema\/person\/761c9ba54fa1ca84d405cef0831ff751","name":"Kohen","image":{"@type":"ImageObject","inLanguage":"en-US","@id":"https:\/\/secure.gravatar.com\/avatar\/1c5e76ef76bbbfdd2b4da984e2bf2fa4056fd51a27d25ce2c332047f1dfd6e00?s=96&d=identicon&r=g","url":"https:\/\/secure.gravatar.com\/avatar\/1c5e76ef76bbbfdd2b4da984e2bf2fa4056fd51a27d25ce2c332047f1dfd6e00?s=96&d=identicon&r=g","contentUrl":"https:\/\/secure.gravatar.com\/avatar\/1c5e76ef76bbbfdd2b4da984e2bf2fa4056fd51a27d25ce2c332047f1dfd6e00?s=96&d=identicon&r=g","caption":"Kohen"},"sameAs":["https:\/\/www.linkedin.com\/in\/hassan-kohen-448548192\/","https:\/\/www.youtube.com\/@Kohen-Avocats"],"url":"https:\/\/kohenavocats.com\/en\/author\/kohenmlk\/"}]}},"jetpack_featured_media_url":"https:\/\/kohenavocats.com\/wp-content\/uploads\/2024\/08\/denise-schuld-zasdQFfh4oA-unsplash.webp","jetpack_likes_enabled":false,"jetpack_shortlink":"https:\/\/wp.me\/peCrII-2Lwl","jetpack-related-posts":[{"id":486416,"url":"https:\/\/kohenavocats.com\/en\/tribunal-judiciaire-de-paris-le-28-novembre-2025-n12-07242\/","url_meta":{"origin":659329,"position":0},"title":"Tribunal judiciaire de Paris, le 28 novembre 2025, n\u00b012\/07242","author":"Kohen","date":"8 April 2026","format":false,"excerpt":"Le tribunal judiciaire de Paris, par jugement du 28 novembre 2025, statue sur un litige opposant un \u00e9tablissement de cr\u00e9dit \u00e0 des emprunteurs. Ces derniers, ...","rel":"","context":"In &quot;Jurisprudence&quot;","block_context":{"text":"Jurisprudence","link":"https:\/\/kohenavocats.com\/category\/jurisprudence\/"},"img":{"alt_text":"","src":"https:\/\/i0.wp.com\/kohenavocats.com\/wp-content\/uploads\/2024\/11\/laura-adai-KfphgU3nUqQ-unsplash.webp?resize=350%2C200&ssl=1","width":350,"height":200,"srcset":"https:\/\/i0.wp.com\/kohenavocats.com\/wp-content\/uploads\/2024\/11\/laura-adai-KfphgU3nUqQ-unsplash.webp?resize=350%2C200&ssl=1 1x, https:\/\/i0.wp.com\/kohenavocats.com\/wp-content\/uploads\/2024\/11\/laura-adai-KfphgU3nUqQ-unsplash.webp?resize=525%2C300&ssl=1 1.5x, https:\/\/i0.wp.com\/kohenavocats.com\/wp-content\/uploads\/2024\/11\/laura-adai-KfphgU3nUqQ-unsplash.webp?resize=700%2C400&ssl=1 2x, https:\/\/i0.wp.com\/kohenavocats.com\/wp-content\/uploads\/2024\/11\/laura-adai-KfphgU3nUqQ-unsplash.webp?resize=1050%2C600&ssl=1 3x, https:\/\/i0.wp.com\/kohenavocats.com\/wp-content\/uploads\/2024\/11\/laura-adai-KfphgU3nUqQ-unsplash.webp?resize=1400%2C800&ssl=1 4x"},"classes":[]},{"id":235402,"url":"https:\/\/kohenavocats.com\/en\/tribunal-judiciaire-de-paris-le-16-juin-2025-n24-10801\/","url_meta":{"origin":659329,"position":1},"title":"Tribunal judiciaire de Paris, le 16 juin 2025, n\u00b024\/10801","author":"Kohen","date":"28 December 2025","format":false,"excerpt":"Le juge des contentieux de la protection du tribunal judiciaire de Paris a rendu, le 16 juin 2025, une d\u00e9cision \u00e9clairante sur les conditions de mise en \u0153uvre de la d\u00e9ch\u00e9ance du terme dans les contrats de cr\u00e9dit \u00e0 la consommation.Une soci\u00e9t\u00e9 de financement a consenti \u00e0 un particulier, par\u2026","rel":"","context":"In &quot;D\u00e9cisions juridiques&quot;","block_context":{"text":"D\u00e9cisions juridiques","link":"https:\/\/kohenavocats.com\/category\/decisions-juridiques\/"},"img":{"alt_text":"","src":"https:\/\/i0.wp.com\/kohenavocats.com\/wp-content\/uploads\/2024\/11\/anita-austvika-uIEL3NE30xk-unsplash.webp?resize=350%2C200&ssl=1","width":350,"height":200,"srcset":"https:\/\/i0.wp.com\/kohenavocats.com\/wp-content\/uploads\/2024\/11\/anita-austvika-uIEL3NE30xk-unsplash.webp?resize=350%2C200&ssl=1 1x, https:\/\/i0.wp.com\/kohenavocats.com\/wp-content\/uploads\/2024\/11\/anita-austvika-uIEL3NE30xk-unsplash.webp?resize=525%2C300&ssl=1 1.5x, https:\/\/i0.wp.com\/kohenavocats.com\/wp-content\/uploads\/2024\/11\/anita-austvika-uIEL3NE30xk-unsplash.webp?resize=700%2C400&ssl=1 2x, https:\/\/i0.wp.com\/kohenavocats.com\/wp-content\/uploads\/2024\/11\/anita-austvika-uIEL3NE30xk-unsplash.webp?resize=1050%2C600&ssl=1 3x, https:\/\/i0.wp.com\/kohenavocats.com\/wp-content\/uploads\/2024\/11\/anita-austvika-uIEL3NE30xk-unsplash.webp?resize=1400%2C800&ssl=1 4x"},"classes":[]},{"id":607232,"url":"https:\/\/kohenavocats.com\/en\/tribunal-judiciaire-de-paris-le-4-decembre-2025-n23-04280\/","url_meta":{"origin":659329,"position":2},"title":"Tribunal judiciaire de Paris, le 4 d\u00e9cembre 2025, n\u00b023\/04280","author":"Kohen","date":"19 April 2026","format":false,"excerpt":"Le juge des contentieux de la protection, par un jugement du 4 d\u00e9cembre 2025, a statu\u00e9 sur les demandes d\u2019un \u00e9tablissement bancaire contre deux emprunteurs d...","rel":"","context":"In &quot;Jurisprudence&quot;","block_context":{"text":"Jurisprudence","link":"https:\/\/kohenavocats.com\/category\/jurisprudence\/"},"img":{"alt_text":"","src":"https:\/\/i0.wp.com\/kohenavocats.com\/wp-content\/uploads\/2024\/11\/pawel-czerwinski-CON_Cr7rdMg-unsplash.webp?resize=350%2C200&ssl=1","width":350,"height":200,"srcset":"https:\/\/i0.wp.com\/kohenavocats.com\/wp-content\/uploads\/2024\/11\/pawel-czerwinski-CON_Cr7rdMg-unsplash.webp?resize=350%2C200&ssl=1 1x, https:\/\/i0.wp.com\/kohenavocats.com\/wp-content\/uploads\/2024\/11\/pawel-czerwinski-CON_Cr7rdMg-unsplash.webp?resize=525%2C300&ssl=1 1.5x, https:\/\/i0.wp.com\/kohenavocats.com\/wp-content\/uploads\/2024\/11\/pawel-czerwinski-CON_Cr7rdMg-unsplash.webp?resize=700%2C400&ssl=1 2x, https:\/\/i0.wp.com\/kohenavocats.com\/wp-content\/uploads\/2024\/11\/pawel-czerwinski-CON_Cr7rdMg-unsplash.webp?resize=1050%2C600&ssl=1 3x, https:\/\/i0.wp.com\/kohenavocats.com\/wp-content\/uploads\/2024\/11\/pawel-czerwinski-CON_Cr7rdMg-unsplash.webp?resize=1400%2C800&ssl=1 4x"},"classes":[]},{"id":240348,"url":"https:\/\/kohenavocats.com\/en\/cour-dappel-de-paris-le-11-septembre-2025-n24-06193\/","url_meta":{"origin":659329,"position":3},"title":"Cour d&#8217;appel de Paris, le 11 septembre 2025, n\u00b024\/06193","author":"Kohen","date":"1 January 2026","format":false,"excerpt":"Rendue par la Cour d'appel de Paris le 11 septembre 2025, la d\u00e9cision commente un litige de cr\u00e9dit \u00e0 la consommation n\u00e9 d\u2019impay\u00e9s, d\u2019une d\u00e9ch\u00e9ance du terme et d\u2019une contestation des int\u00e9r\u00eats. Le premier juge avait prononc\u00e9 la d\u00e9ch\u00e9ance du droit aux int\u00e9r\u00eats pour d\u00e9faut d\u2019information dans l\u2019encadr\u00e9 et accord\u00e9\u2026","rel":"","context":"In &quot;Cour d'appel&quot;","block_context":{"text":"Cour d'appel","link":"https:\/\/kohenavocats.com\/category\/cour-dappel\/"},"img":{"alt_text":"","src":"https:\/\/i0.wp.com\/kohenavocats.com\/wp-content\/uploads\/2024\/07\/valdemaras-d-7VPFyhB_j8Y-unsplash.webp?resize=350%2C200&ssl=1","width":350,"height":200,"srcset":"https:\/\/i0.wp.com\/kohenavocats.com\/wp-content\/uploads\/2024\/07\/valdemaras-d-7VPFyhB_j8Y-unsplash.webp?resize=350%2C200&ssl=1 1x, https:\/\/i0.wp.com\/kohenavocats.com\/wp-content\/uploads\/2024\/07\/valdemaras-d-7VPFyhB_j8Y-unsplash.webp?resize=525%2C300&ssl=1 1.5x, https:\/\/i0.wp.com\/kohenavocats.com\/wp-content\/uploads\/2024\/07\/valdemaras-d-7VPFyhB_j8Y-unsplash.webp?resize=700%2C400&ssl=1 2x, https:\/\/i0.wp.com\/kohenavocats.com\/wp-content\/uploads\/2024\/07\/valdemaras-d-7VPFyhB_j8Y-unsplash.webp?resize=1050%2C600&ssl=1 3x, https:\/\/i0.wp.com\/kohenavocats.com\/wp-content\/uploads\/2024\/07\/valdemaras-d-7VPFyhB_j8Y-unsplash.webp?resize=1400%2C800&ssl=1 4x"},"classes":[]},{"id":663501,"url":"https:\/\/kohenavocats.com\/en\/cour-dappel-le-25-septembre-2025-n24-00823\/","url_meta":{"origin":659329,"position":4},"title":"Cour d&#8217;appel, le 25 septembre 2025, n\u00b024\/00823","author":"Kohen","date":"23 April 2026","format":false,"excerpt":"La cour d'appel, statuant en dernier ressort, a \u00e9t\u00e9 saisie d'un litige n\u00e9 de l'ex\u00e9cution d'un contrat de cr\u00e9dit. L'\u00e9tablissement pr\u00eateur demandait principale...","rel":"","context":"In &quot;Jurisprudence&quot;","block_context":{"text":"Jurisprudence","link":"https:\/\/kohenavocats.com\/category\/jurisprudence\/"},"img":{"alt_text":"","src":"https:\/\/i0.wp.com\/kohenavocats.com\/wp-content\/uploads\/2024\/11\/alex-shuper-sApmGHWDAWM-unsplash.webp?resize=350%2C200&ssl=1","width":350,"height":200,"srcset":"https:\/\/i0.wp.com\/kohenavocats.com\/wp-content\/uploads\/2024\/11\/alex-shuper-sApmGHWDAWM-unsplash.webp?resize=350%2C200&ssl=1 1x, https:\/\/i0.wp.com\/kohenavocats.com\/wp-content\/uploads\/2024\/11\/alex-shuper-sApmGHWDAWM-unsplash.webp?resize=525%2C300&ssl=1 1.5x, https:\/\/i0.wp.com\/kohenavocats.com\/wp-content\/uploads\/2024\/11\/alex-shuper-sApmGHWDAWM-unsplash.webp?resize=700%2C400&ssl=1 2x, https:\/\/i0.wp.com\/kohenavocats.com\/wp-content\/uploads\/2024\/11\/alex-shuper-sApmGHWDAWM-unsplash.webp?resize=1050%2C600&ssl=1 3x, https:\/\/i0.wp.com\/kohenavocats.com\/wp-content\/uploads\/2024\/11\/alex-shuper-sApmGHWDAWM-unsplash.webp?resize=1400%2C800&ssl=1 4x"},"classes":[]},{"id":683056,"url":"https:\/\/kohenavocats.com\/en\/tribunal-judiciaire-de-paris-le-5-septembre-2025-n25-00366\/","url_meta":{"origin":659329,"position":5},"title":"Tribunal judiciaire de Paris, le 5 septembre 2025, n\u00b025\/00366","author":"Kohen","date":"25 April 2026","format":false,"excerpt":"Le tribunal judiciaire de Paris, statuant le 5 septembre 2025, a examin\u00e9 une action en paiement engag\u00e9e par un \u00e9tablissement financier contre un emprunteur d...","rel":"","context":"In &quot;Jurisprudence&quot;","block_context":{"text":"Jurisprudence","link":"https:\/\/kohenavocats.com\/category\/jurisprudence\/"},"img":{"alt_text":"","src":"https:\/\/i0.wp.com\/kohenavocats.com\/wp-content\/uploads\/2024\/11\/getty-images-2F-9_XQYhP8-unsplash.webp?resize=350%2C200&ssl=1","width":350,"height":200,"srcset":"https:\/\/i0.wp.com\/kohenavocats.com\/wp-content\/uploads\/2024\/11\/getty-images-2F-9_XQYhP8-unsplash.webp?resize=350%2C200&ssl=1 1x, https:\/\/i0.wp.com\/kohenavocats.com\/wp-content\/uploads\/2024\/11\/getty-images-2F-9_XQYhP8-unsplash.webp?resize=525%2C300&ssl=1 1.5x, https:\/\/i0.wp.com\/kohenavocats.com\/wp-content\/uploads\/2024\/11\/getty-images-2F-9_XQYhP8-unsplash.webp?resize=700%2C400&ssl=1 2x, https:\/\/i0.wp.com\/kohenavocats.com\/wp-content\/uploads\/2024\/11\/getty-images-2F-9_XQYhP8-unsplash.webp?resize=1050%2C600&ssl=1 3x, https:\/\/i0.wp.com\/kohenavocats.com\/wp-content\/uploads\/2024\/11\/getty-images-2F-9_XQYhP8-unsplash.webp?resize=1400%2C800&ssl=1 4x"},"classes":[]}],"jetpack_sharing_enabled":true,"_links":{"self":[{"href":"https:\/\/kohenavocats.com\/en\/wp-json\/wp\/v2\/posts\/659329","targetHints":{"allow":["GET"]}}],"collection":[{"href":"https:\/\/kohenavocats.com\/en\/wp-json\/wp\/v2\/posts"}],"about":[{"href":"https:\/\/kohenavocats.com\/en\/wp-json\/wp\/v2\/types\/post"}],"author":[{"embeddable":true,"href":"https:\/\/kohenavocats.com\/en\/wp-json\/wp\/v2\/users\/232070755"}],"replies":[{"embeddable":true,"href":"https:\/\/kohenavocats.com\/en\/wp-json\/wp\/v2\/comments?post=659329"}],"version-history":[{"count":0,"href":"https:\/\/kohenavocats.com\/en\/wp-json\/wp\/v2\/posts\/659329\/revisions"}],"wp:featuredmedia":[{"embeddable":true,"href":"https:\/\/kohenavocats.com\/en\/wp-json\/wp\/v2\/media\/4726"}],"wp:attachment":[{"href":"https:\/\/kohenavocats.com\/en\/wp-json\/wp\/v2\/media?parent=659329"}],"wp:term":[{"taxonomy":"category","embeddable":true,"href":"https:\/\/kohenavocats.com\/en\/wp-json\/wp\/v2\/categories?post=659329"},{"taxonomy":"post_tag","embeddable":true,"href":"https:\/\/kohenavocats.com\/en\/wp-json\/wp\/v2\/tags?post=659329"}],"curies":[{"name":"wp","href":"https:\/\/api.w.org\/{rel}","templated":true}]}}