{"id":660389,"date":"2026-04-23T15:12:48","date_gmt":"2026-04-23T13:12:48","guid":{"rendered":"https:\/\/kohenavocats.com\/cour-dappel-de-paris-le-10-juillet-2025-n25-00169\/"},"modified":"2026-04-23T15:12:48","modified_gmt":"2026-04-23T13:12:48","slug":"cour-dappel-de-paris-le-10-juillet-2025-n25-00169","status":"publish","type":"post","link":"https:\/\/kohenavocats.com\/en\/cour-dappel-de-paris-le-10-juillet-2025-n25-00169\/","title":{"rendered":"Cour d&#8217;appel de Paris, le 10 juillet 2025, n\u00b025\/00169"},"content":{"rendered":"<div class=\"article-content\">\n<p>La cour d&#8217;appel de Paris, statuant en r\u00e9f\u00e9r\u00e9 le 10 juillet 2025, examine une demande en communication de pi\u00e8ces dans le cadre d&#8217;une proc\u00e9dure pr\u00e9alable \u00e0 une action en discrimination syndicale. Une salari\u00e9e sollicite la production de bulletins de paie de coll\u00e8gues pour comparer son \u00e9volution de carri\u00e8re. La juridiction infirme l&#8217;ordonnance de premi\u00e8re instance qui avait rejet\u00e9 sa demande. Elle d\u00e9finit pr\u00e9cis\u00e9ment les conditions d&#8217;une communication proportionn\u00e9e, conciliant droit \u00e0 la preuve et protection des donn\u00e9es personnelles.<\/p>\n<p>Le renforcement des garanties proc\u00e9durales<\/p>\n<p>L&#8217;arr\u00eat consolide d&#8217;abord le principe du contradictoire en amont de l&#8217;audience. Il valide la production tardive de certaines pi\u00e8ces d\u00e8s lors que l&#8217;adversaire a eu un d\u00e9lai raisonnable pour y r\u00e9pondre. La cour estime que la mise en graphique de donn\u00e9es communiqu\u00e9es par la d\u00e9fenderesse elle-m\u00eame et des conclusions notifi\u00e9es dix jours avant la cl\u00f4ture ne violent pas ce principe. Elle rappelle ainsi que l&#8217;\u00e9quit\u00e9 proc\u00e9durale prime sur un formalisme excessif. Cette approche pragmatique assure une instruction loyale et compl\u00e8te. Elle permet aux parties de fonder utilement leurs pr\u00e9tentions sur des \u00e9l\u00e9ments actualis\u00e9s.<\/p>\n<p>L&#8217;encadrement strict de la mesure d&#8217;instruction<\/p>\n<p>Le juge op\u00e8re ensuite un contr\u00f4le rigoureux de la demande sur le fondement de l&#8217;article 145 du code de proc\u00e9dure civile. Il rappelle que le motif l\u00e9gitime s&#8217;appr\u00e9cie par un rapprochement entre la plausibilit\u00e9 d&#8217;un proc\u00e8s et l&#8217;utilit\u00e9 de la mesure. En mati\u00e8re de discrimination, la communication doit \u00eatre n\u00e9cessaire \u00e0 l&#8217;exercice du droit \u00e0 la preuve et proportionn\u00e9e. &#8220;Il lui appartient \u00e9galement, eu \u00e9gard aux articles 5 et 6 du r\u00e8glement (UE) n\u00b02016\/679&#8230; de veiller au principe de minimisation des donn\u00e9es \u00e0 caract\u00e8re personnel&#8221; (Motifs). L&#8217;arr\u00eat impose ainsi une conciliation exigeante entre deux droits fondamentaux. Il pr\u00e9cise le r\u00f4le actif du juge pour garantir cette balance.<\/p>\n<p>La conciliation pratique entre preuve et vie priv\u00e9e<\/p>\n<p>La d\u00e9cision met en \u0153uvre ce cadre th\u00e9orique par des prescriptions concr\u00e8tes. Elle ordonne la communication des bulletins de paie, jug\u00e9s indispensables pour une comparaison effective des r\u00e9mun\u00e9rations. Elle rejette en revanche l&#8217;anonymisation totale propos\u00e9e par l&#8217;employeur. Celle-ci emp\u00eacherait de v\u00e9rifier la corr\u00e9lation entre les donn\u00e9es et les individus du panel. &#8220;L&#8217;anonymisation des bulletins de paie, telle que sollicit\u00e9e par la soci\u00e9t\u00e9, ne permettrait pas&#8230; de v\u00e9rifier que les \u00e9l\u00e9ments fournis par l&#8217;employeur&#8230; sont aff\u00e9rents aux salari\u00e9s du panel&#8221; (Motifs). La solution retenue est donc un acc\u00e8s partiel et cibl\u00e9 aux informations.<\/p>\n<p>La mise en \u0153uvre du principe de minimisation<\/p>\n<p>Pour limiter l&#8217;atteinte \u00e0 la vie personnelle, la cour d\u00e9termine avec pr\u00e9cision les seules mentions utiles. Elle ordonne d&#8217;occulter toutes les autres donn\u00e9es sur les bulletins. Seuls le nom, la fonction, l&#8217;anciennet\u00e9, la r\u00e9mun\u00e9ration, le coefficient et le site doivent rester visibles. Elle enjoint \u00e9galement aux parties de n&#8217;utiliser ces donn\u00e9es qu&#8217;aux fins du litige. Cette m\u00e9thode op\u00e9rationnelle traduit directement les exigences du RGPD dans le proc\u00e8s civil. Elle offre un mod\u00e8le reproductible pour les juges saisis de demandes similaires. La d\u00e9cision assure ainsi une preuve effective tout en prot\u00e9geant les tiers concern\u00e9s.<\/p>\n<p>Cet arr\u00eat pr\u00e9cise notablement la proc\u00e9dure de preuve en mati\u00e8re de discrimination syndicale. Il renforce les pouvoirs d&#8217;investigation du juge des r\u00e9f\u00e9r\u00e9s sur le fondement de l&#8217;article 145. La solution impose un examen en deux temps : la n\u00e9cessit\u00e9 de la communication puis la d\u00e9finition de son p\u00e9rim\u00e8tre minimal. Elle aligne la jurisprudence civile sur les solutions d\u00e9j\u00e0 d\u00e9gag\u00e9es en mati\u00e8re sociale. &#8220;Il r\u00e9sulte par ailleurs des articles 6 et 8 de la Convention&#8230; que le droit \u00e0 la preuve peut justifier la production d&#8217;\u00e9l\u00e9ments portant atteinte \u00e0 la vie personnelle \u00e0 la condition que cette production soit indispensable&#8230; et proportionn\u00e9e&#8221; (Cass. Deuxi\u00e8me chambre civile, le 3 octobre 2024, n\u00b021-20.979). La port\u00e9e de l&#8217;arr\u00eat est donc majeure pour l&#8217;acc\u00e8s \u00e0 la preuve des discriminations syst\u00e9miques.<\/p>\n<p>La d\u00e9cision a enfin une valeur p\u00e9dagogique en d\u00e9taillant les attentes du juge. Elle rappelle que la comparaison doit porter sur des salari\u00e9s engag\u00e9s dans des conditions identiques. Elle souligne que les bulletins de paie de d\u00e9but et de fin d&#8217;ann\u00e9e sont pertinents pour tracer les \u00e9volutions. En rejetant la demande de r\u00e9capitulatifs synth\u00e9tiques, elle privil\u00e9gie l&#8217;acc\u00e8s aux documents sources. Cette approche favorise la transparence et \u00e9vite les reconstructions partiales par une partie. L&#8217;arr\u00eat constitue ainsi un guide pratique pour les praticiens et un garde-fou contre les demandes abusives. Il promeut une culture de la preuve \u00e0 la fois robuste et respectueuse des droits de chacun.<\/p>\n<\/div>\n","protected":false},"excerpt":{"rendered":"<p>La cour d&#8217;appel de Paris, statuant en r\u00e9f\u00e9r\u00e9 le 10 juillet 2025, examine une demande en communication de pi\u00e8ces dans le cadre d&#8217;une proc\u00e9dure pr\u00e9alable \u00e0 une&#8230;<\/p>\n","protected":false},"author":232070755,"featured_media":9645,"comment_status":"open","ping_status":"open","sticky":false,"template":"","format":"standard","meta":{"_crdt_document":"","_jetpack_newsletter_access":"","_jetpack_dont_email_post_to_subs":false,"_jetpack_newsletter_tier_id":0,"_jetpack_memberships_contains_paywalled_content":false,"_kj_source_type":"judilibre","_kj_official_id":"68d7734c299e16b8ad3253b4","_kj_official_url":"https:\/\/www.courdecassation.fr\/decision\/68d7734c299e16b8ad3253b4","_kj_judilibre_id":"68d7734c299e16b8ad3253b4","_kj_jur":"Cour d'appel","_kj_lieu":"Cour d'appel d'Aix-en-Provence","_kj_chambre":"Chambre 4-7","_kj_rg":"25\/00169","_kj_date":"2025-09-26","_jetpack_memberships_contains_paid_content":false,"footnotes":"","jetpack_post_was_ever_published":false},"categories":[7597],"tags":[],"class_list":["post-660389","post","type-post","status-publish","format-standard","has-post-thumbnail","hentry","category-jurisprudence"],"yoast_head":"<!-- This site is optimized with the Yoast SEO Premium plugin v27.5 (Yoast SEO v27.5) - https:\/\/yoast.com\/product\/yoast-seo-premium-wordpress\/ -->\n<title>Cour d&#039;appel de Paris, le 10 juillet 2025, n\u00b025\/00169 - Ma\u00eetre Hassan Kohen, avocat en droit p\u00e9nal \u00e0 Paris<\/title>\n<meta name=\"description\" content=\"La cour d&#039;appel de Paris, statuant en r\u00e9f\u00e9r\u00e9 le 10 juillet 2025, examine une demande en communication de pi\u00e8ces dans le cadre d&#039;une proc\u00e9dure pr\u00e9alable \u00e0 une...\" \/>\n<meta name=\"robots\" content=\"index, follow, max-snippet:-1, max-image-preview:large, max-video-preview:-1\" \/>\n<link rel=\"canonical\" href=\"https:\/\/kohenavocats.com\/en\/cour-dappel-de-paris-le-10-juillet-2025-n25-00169\/\" \/>\n<meta property=\"og:locale\" content=\"en_US\" \/>\n<meta property=\"og:type\" content=\"article\" \/>\n<meta property=\"og:title\" content=\"Cour d&#039;appel de Paris, le 10 juillet 2025, n\u00b025\/00169\" \/>\n<meta property=\"og:description\" content=\"La cour d&#039;appel de Paris, statuant en r\u00e9f\u00e9r\u00e9 le 10 juillet 2025, examine une demande en communication de pi\u00e8ces dans le cadre d&#039;une proc\u00e9dure pr\u00e9alable \u00e0 une...\" \/>\n<meta property=\"og:url\" content=\"https:\/\/kohenavocats.com\/en\/cour-dappel-de-paris-le-10-juillet-2025-n25-00169\/\" \/>\n<meta property=\"og:site_name\" content=\"Ma\u00eetre Hassan Kohen, avocat en droit p\u00e9nal \u00e0 Paris\" \/>\n<meta property=\"article:published_time\" content=\"2026-04-23T13:12:48+00:00\" \/>\n<meta property=\"og:image\" content=\"https:\/\/kohenavocats.com\/wp-content\/uploads\/2024\/11\/getty-images-RvXjV3spXFA-unsplash.webp\" \/>\n\t<meta property=\"og:image:width\" content=\"5616\" \/>\n\t<meta property=\"og:image:height\" content=\"3744\" \/>\n\t<meta property=\"og:image:type\" content=\"image\/webp\" \/>\n<meta name=\"author\" content=\"Kohen\" \/>\n<meta name=\"twitter:card\" content=\"summary_large_image\" \/>\n<meta name=\"twitter:label1\" content=\"Written by\" \/>\n\t<meta name=\"twitter:data1\" content=\"Kohen\" \/>\n\t<meta name=\"twitter:label2\" content=\"Est. reading time\" \/>\n\t<meta name=\"twitter:data2\" content=\"4 minutes\" \/>\n<script type=\"application\/ld+json\" class=\"yoast-schema-graph\">{\"@context\":\"https:\\\/\\\/schema.org\",\"@graph\":[{\"@type\":\"Article\",\"@id\":\"https:\\\/\\\/kohenavocats.com\\\/en\\\/cour-dappel-de-paris-le-10-juillet-2025-n25-00169\\\/#article\",\"isPartOf\":{\"@id\":\"https:\\\/\\\/kohenavocats.com\\\/en\\\/cour-dappel-de-paris-le-10-juillet-2025-n25-00169\\\/\"},\"author\":{\"name\":\"Kohen\",\"@id\":\"https:\\\/\\\/kohenavocats.com\\\/en\\\/#\\\/schema\\\/person\\\/761c9ba54fa1ca84d405cef0831ff751\"},\"headline\":\"Cour d&#8217;appel de Paris, le 10 juillet 2025, n\u00b025\\\/00169\",\"datePublished\":\"2026-04-23T13:12:48+00:00\",\"mainEntityOfPage\":{\"@id\":\"https:\\\/\\\/kohenavocats.com\\\/en\\\/cour-dappel-de-paris-le-10-juillet-2025-n25-00169\\\/\"},\"wordCount\":855,\"commentCount\":0,\"publisher\":{\"@id\":\"https:\\\/\\\/kohenavocats.com\\\/en\\\/#organization\"},\"image\":{\"@id\":\"https:\\\/\\\/kohenavocats.com\\\/en\\\/cour-dappel-de-paris-le-10-juillet-2025-n25-00169\\\/#primaryimage\"},\"thumbnailUrl\":\"https:\\\/\\\/kohenavocats.com\\\/wp-content\\\/uploads\\\/2024\\\/11\\\/getty-images-RvXjV3spXFA-unsplash.webp\",\"articleSection\":[\"Jurisprudence\"],\"inLanguage\":\"en-US\",\"potentialAction\":[{\"@type\":\"CommentAction\",\"name\":\"Comment\",\"target\":[\"https:\\\/\\\/kohenavocats.com\\\/en\\\/cour-dappel-de-paris-le-10-juillet-2025-n25-00169\\\/#respond\"]}],\"citation\":\"Cour d&#8217;appel de Paris, le 10 juillet 2025, n\u00b025\\\/00169\",\"about\":[{\"@type\":\"Thing\",\"name\":\"Jurisprudence\"}],\"dateModified\":\"2026-04-23T13:12:48+00:00\",\"speakable\":{\"@type\":\"SpeakableSpecification\",\"cssSelector\":[\".article-content > p:first-of-type\"]}},{\"@type\":\"WebPage\",\"@id\":\"https:\\\/\\\/kohenavocats.com\\\/en\\\/cour-dappel-de-paris-le-10-juillet-2025-n25-00169\\\/\",\"url\":\"https:\\\/\\\/kohenavocats.com\\\/en\\\/cour-dappel-de-paris-le-10-juillet-2025-n25-00169\\\/\",\"name\":\"Cour d'appel de Paris, le 10 juillet 2025, n\u00b025\\\/00169 - Ma\u00eetre Hassan Kohen, avocat en droit p\u00e9nal \u00e0 Paris\",\"isPartOf\":{\"@id\":\"https:\\\/\\\/kohenavocats.com\\\/en\\\/#website\"},\"primaryImageOfPage\":{\"@id\":\"https:\\\/\\\/kohenavocats.com\\\/en\\\/cour-dappel-de-paris-le-10-juillet-2025-n25-00169\\\/#primaryimage\"},\"image\":{\"@id\":\"https:\\\/\\\/kohenavocats.com\\\/en\\\/cour-dappel-de-paris-le-10-juillet-2025-n25-00169\\\/#primaryimage\"},\"thumbnailUrl\":\"https:\\\/\\\/kohenavocats.com\\\/wp-content\\\/uploads\\\/2024\\\/11\\\/getty-images-RvXjV3spXFA-unsplash.webp\",\"datePublished\":\"2026-04-23T13:12:48+00:00\",\"description\":\"La cour d'appel de Paris, statuant en r\u00e9f\u00e9r\u00e9 le 10 juillet 2025, examine une demande en communication de pi\u00e8ces dans le cadre d'une proc\u00e9dure pr\u00e9alable \u00e0 une...\",\"breadcrumb\":{\"@id\":\"https:\\\/\\\/kohenavocats.com\\\/en\\\/cour-dappel-de-paris-le-10-juillet-2025-n25-00169\\\/#breadcrumb\"},\"inLanguage\":\"en-US\",\"potentialAction\":[{\"@type\":\"ReadAction\",\"target\":[\"https:\\\/\\\/kohenavocats.com\\\/en\\\/cour-dappel-de-paris-le-10-juillet-2025-n25-00169\\\/\"]}]},{\"@type\":\"ImageObject\",\"inLanguage\":\"en-US\",\"@id\":\"https:\\\/\\\/kohenavocats.com\\\/en\\\/cour-dappel-de-paris-le-10-juillet-2025-n25-00169\\\/#primaryimage\",\"url\":\"https:\\\/\\\/kohenavocats.com\\\/wp-content\\\/uploads\\\/2024\\\/11\\\/getty-images-RvXjV3spXFA-unsplash.webp\",\"contentUrl\":\"https:\\\/\\\/kohenavocats.com\\\/wp-content\\\/uploads\\\/2024\\\/11\\\/getty-images-RvXjV3spXFA-unsplash.webp\",\"width\":5616,\"height\":3744},{\"@type\":\"BreadcrumbList\",\"@id\":\"https:\\\/\\\/kohenavocats.com\\\/en\\\/cour-dappel-de-paris-le-10-juillet-2025-n25-00169\\\/#breadcrumb\",\"itemListElement\":[{\"@type\":\"ListItem\",\"position\":1,\"name\":\"Home\",\"item\":\"https:\\\/\\\/kohenavocats.com\\\/en\\\/criminal-law-attorneys-in-paris-counsel-and-strategic-defense\\\/\"},{\"@type\":\"ListItem\",\"position\":2,\"name\":\"Cour d&rsquo;appel de Paris, le 10 juillet 2025, n\u00b025\\\/00169\"}]},{\"@type\":\"WebSite\",\"@id\":\"https:\\\/\\\/kohenavocats.com\\\/en\\\/#website\",\"url\":\"https:\\\/\\\/kohenavocats.com\\\/en\\\/\",\"name\":\"Kohen Avocats\",\"description\":\"Ma\u00eetre Hassan Kohen, avocat p\u00e9naliste \u00e0 Paris, intervient exclusivement en droit p\u00e9nal pour la d\u00e9fense des particuliers, notamment en mati\u00e8re d\u2019accusations de viol. Il assure un accompagnement rigoureux d\u00e8s la garde \u00e0 vue jusqu\u2019\u00e0 la Cour d\u2019assises, veillant au strict respect des garanties proc\u00e9durales.\",\"publisher\":{\"@id\":\"https:\\\/\\\/kohenavocats.com\\\/en\\\/#organization\"},\"potentialAction\":[{\"@type\":\"SearchAction\",\"target\":{\"@type\":\"EntryPoint\",\"urlTemplate\":\"https:\\\/\\\/kohenavocats.com\\\/en\\\/?s={search_term_string}\"},\"query-input\":{\"@type\":\"PropertyValueSpecification\",\"valueRequired\":true,\"valueName\":\"search_term_string\"}}],\"inLanguage\":\"en-US\"},{\"@type\":\"Organization\",\"@id\":\"https:\\\/\\\/kohenavocats.com\\\/en\\\/#organization\",\"name\":\"Kohen Avocats\",\"url\":\"https:\\\/\\\/kohenavocats.com\\\/en\\\/\",\"logo\":{\"@type\":\"ImageObject\",\"inLanguage\":\"en-US\",\"@id\":\"https:\\\/\\\/kohenavocats.com\\\/en\\\/#\\\/schema\\\/logo\\\/image\\\/\",\"url\":\"https:\\\/\\\/kohenavocats.com\\\/wp-content\\\/uploads\\\/2026\\\/01\\\/Logo-2-1.webp\",\"contentUrl\":\"https:\\\/\\\/kohenavocats.com\\\/wp-content\\\/uploads\\\/2026\\\/01\\\/Logo-2-1.webp\",\"width\":2114,\"height\":1253,\"caption\":\"Kohen Avocats\"},\"image\":{\"@id\":\"https:\\\/\\\/kohenavocats.com\\\/en\\\/#\\\/schema\\\/logo\\\/image\\\/\"}},{\"@type\":\"Person\",\"@id\":\"https:\\\/\\\/kohenavocats.com\\\/en\\\/#\\\/schema\\\/person\\\/761c9ba54fa1ca84d405cef0831ff751\",\"name\":\"Kohen\",\"image\":{\"@type\":\"ImageObject\",\"inLanguage\":\"en-US\",\"@id\":\"https:\\\/\\\/secure.gravatar.com\\\/avatar\\\/1c5e76ef76bbbfdd2b4da984e2bf2fa4056fd51a27d25ce2c332047f1dfd6e00?s=96&d=identicon&r=g\",\"url\":\"https:\\\/\\\/secure.gravatar.com\\\/avatar\\\/1c5e76ef76bbbfdd2b4da984e2bf2fa4056fd51a27d25ce2c332047f1dfd6e00?s=96&d=identicon&r=g\",\"contentUrl\":\"https:\\\/\\\/secure.gravatar.com\\\/avatar\\\/1c5e76ef76bbbfdd2b4da984e2bf2fa4056fd51a27d25ce2c332047f1dfd6e00?s=96&d=identicon&r=g\",\"caption\":\"Kohen\"},\"sameAs\":[\"https:\\\/\\\/www.linkedin.com\\\/in\\\/hassan-kohen-448548192\\\/\",\"https:\\\/\\\/www.youtube.com\\\/@Kohen-Avocats\"],\"url\":\"https:\\\/\\\/kohenavocats.com\\\/en\\\/author\\\/kohenmlk\\\/\"}]}<\/script>\n<!-- \/ Yoast SEO Premium plugin. -->","yoast_head_json":{"title":"Cour d'appel de Paris, le 10 juillet 2025, n\u00b025\/00169 - Ma\u00eetre Hassan Kohen, avocat en droit p\u00e9nal \u00e0 Paris","description":"La cour d'appel de Paris, statuant en r\u00e9f\u00e9r\u00e9 le 10 juillet 2025, examine une demande en communication de pi\u00e8ces dans le cadre d'une proc\u00e9dure pr\u00e9alable \u00e0 une...","robots":{"index":"index","follow":"follow","max-snippet":"max-snippet:-1","max-image-preview":"max-image-preview:large","max-video-preview":"max-video-preview:-1"},"canonical":"https:\/\/kohenavocats.com\/en\/cour-dappel-de-paris-le-10-juillet-2025-n25-00169\/","og_locale":"en_US","og_type":"article","og_title":"Cour d'appel de Paris, le 10 juillet 2025, n\u00b025\/00169","og_description":"La cour d'appel de Paris, statuant en r\u00e9f\u00e9r\u00e9 le 10 juillet 2025, examine une demande en communication de pi\u00e8ces dans le cadre d'une proc\u00e9dure pr\u00e9alable \u00e0 une...","og_url":"https:\/\/kohenavocats.com\/en\/cour-dappel-de-paris-le-10-juillet-2025-n25-00169\/","og_site_name":"Ma\u00eetre Hassan Kohen, avocat en droit p\u00e9nal \u00e0 Paris","article_published_time":"2026-04-23T13:12:48+00:00","og_image":[{"width":5616,"height":3744,"url":"https:\/\/kohenavocats.com\/wp-content\/uploads\/2024\/11\/getty-images-RvXjV3spXFA-unsplash.webp","type":"image\/webp"}],"author":"Kohen","twitter_card":"summary_large_image","twitter_misc":{"Written by":"Kohen","Est. reading time":"4 minutes"},"schema":{"@context":"https:\/\/schema.org","@graph":[{"@type":"Article","@id":"https:\/\/kohenavocats.com\/en\/cour-dappel-de-paris-le-10-juillet-2025-n25-00169\/#article","isPartOf":{"@id":"https:\/\/kohenavocats.com\/en\/cour-dappel-de-paris-le-10-juillet-2025-n25-00169\/"},"author":{"name":"Kohen","@id":"https:\/\/kohenavocats.com\/en\/#\/schema\/person\/761c9ba54fa1ca84d405cef0831ff751"},"headline":"Cour d&#8217;appel de Paris, le 10 juillet 2025, n\u00b025\/00169","datePublished":"2026-04-23T13:12:48+00:00","mainEntityOfPage":{"@id":"https:\/\/kohenavocats.com\/en\/cour-dappel-de-paris-le-10-juillet-2025-n25-00169\/"},"wordCount":855,"commentCount":0,"publisher":{"@id":"https:\/\/kohenavocats.com\/en\/#organization"},"image":{"@id":"https:\/\/kohenavocats.com\/en\/cour-dappel-de-paris-le-10-juillet-2025-n25-00169\/#primaryimage"},"thumbnailUrl":"https:\/\/kohenavocats.com\/wp-content\/uploads\/2024\/11\/getty-images-RvXjV3spXFA-unsplash.webp","articleSection":["Jurisprudence"],"inLanguage":"en-US","potentialAction":[{"@type":"CommentAction","name":"Comment","target":["https:\/\/kohenavocats.com\/en\/cour-dappel-de-paris-le-10-juillet-2025-n25-00169\/#respond"]}],"citation":"Cour d&#8217;appel de Paris, le 10 juillet 2025, n\u00b025\/00169","about":[{"@type":"Thing","name":"Jurisprudence"}],"dateModified":"2026-04-23T13:12:48+00:00","speakable":{"@type":"SpeakableSpecification","cssSelector":[".article-content > p:first-of-type"]}},{"@type":"WebPage","@id":"https:\/\/kohenavocats.com\/en\/cour-dappel-de-paris-le-10-juillet-2025-n25-00169\/","url":"https:\/\/kohenavocats.com\/en\/cour-dappel-de-paris-le-10-juillet-2025-n25-00169\/","name":"Cour d'appel de Paris, le 10 juillet 2025, n\u00b025\/00169 - Ma\u00eetre Hassan Kohen, avocat en droit p\u00e9nal \u00e0 Paris","isPartOf":{"@id":"https:\/\/kohenavocats.com\/en\/#website"},"primaryImageOfPage":{"@id":"https:\/\/kohenavocats.com\/en\/cour-dappel-de-paris-le-10-juillet-2025-n25-00169\/#primaryimage"},"image":{"@id":"https:\/\/kohenavocats.com\/en\/cour-dappel-de-paris-le-10-juillet-2025-n25-00169\/#primaryimage"},"thumbnailUrl":"https:\/\/kohenavocats.com\/wp-content\/uploads\/2024\/11\/getty-images-RvXjV3spXFA-unsplash.webp","datePublished":"2026-04-23T13:12:48+00:00","description":"La cour d'appel de Paris, statuant en r\u00e9f\u00e9r\u00e9 le 10 juillet 2025, examine une demande en communication de pi\u00e8ces dans le cadre d'une proc\u00e9dure pr\u00e9alable \u00e0 une...","breadcrumb":{"@id":"https:\/\/kohenavocats.com\/en\/cour-dappel-de-paris-le-10-juillet-2025-n25-00169\/#breadcrumb"},"inLanguage":"en-US","potentialAction":[{"@type":"ReadAction","target":["https:\/\/kohenavocats.com\/en\/cour-dappel-de-paris-le-10-juillet-2025-n25-00169\/"]}]},{"@type":"ImageObject","inLanguage":"en-US","@id":"https:\/\/kohenavocats.com\/en\/cour-dappel-de-paris-le-10-juillet-2025-n25-00169\/#primaryimage","url":"https:\/\/kohenavocats.com\/wp-content\/uploads\/2024\/11\/getty-images-RvXjV3spXFA-unsplash.webp","contentUrl":"https:\/\/kohenavocats.com\/wp-content\/uploads\/2024\/11\/getty-images-RvXjV3spXFA-unsplash.webp","width":5616,"height":3744},{"@type":"BreadcrumbList","@id":"https:\/\/kohenavocats.com\/en\/cour-dappel-de-paris-le-10-juillet-2025-n25-00169\/#breadcrumb","itemListElement":[{"@type":"ListItem","position":1,"name":"Home","item":"https:\/\/kohenavocats.com\/en\/criminal-law-attorneys-in-paris-counsel-and-strategic-defense\/"},{"@type":"ListItem","position":2,"name":"Cour d&rsquo;appel de Paris, le 10 juillet 2025, n\u00b025\/00169"}]},{"@type":"WebSite","@id":"https:\/\/kohenavocats.com\/en\/#website","url":"https:\/\/kohenavocats.com\/en\/","name":"Kohen Avocats","description":"Ma\u00eetre Hassan Kohen, avocat p\u00e9naliste \u00e0 Paris, intervient exclusivement en droit p\u00e9nal pour la d\u00e9fense des particuliers, notamment en mati\u00e8re d\u2019accusations de viol. Il assure un accompagnement rigoureux d\u00e8s la garde \u00e0 vue jusqu\u2019\u00e0 la Cour d\u2019assises, veillant au strict respect des garanties proc\u00e9durales.","publisher":{"@id":"https:\/\/kohenavocats.com\/en\/#organization"},"potentialAction":[{"@type":"SearchAction","target":{"@type":"EntryPoint","urlTemplate":"https:\/\/kohenavocats.com\/en\/?s={search_term_string}"},"query-input":{"@type":"PropertyValueSpecification","valueRequired":true,"valueName":"search_term_string"}}],"inLanguage":"en-US"},{"@type":"Organization","@id":"https:\/\/kohenavocats.com\/en\/#organization","name":"Kohen Avocats","url":"https:\/\/kohenavocats.com\/en\/","logo":{"@type":"ImageObject","inLanguage":"en-US","@id":"https:\/\/kohenavocats.com\/en\/#\/schema\/logo\/image\/","url":"https:\/\/kohenavocats.com\/wp-content\/uploads\/2026\/01\/Logo-2-1.webp","contentUrl":"https:\/\/kohenavocats.com\/wp-content\/uploads\/2026\/01\/Logo-2-1.webp","width":2114,"height":1253,"caption":"Kohen Avocats"},"image":{"@id":"https:\/\/kohenavocats.com\/en\/#\/schema\/logo\/image\/"}},{"@type":"Person","@id":"https:\/\/kohenavocats.com\/en\/#\/schema\/person\/761c9ba54fa1ca84d405cef0831ff751","name":"Kohen","image":{"@type":"ImageObject","inLanguage":"en-US","@id":"https:\/\/secure.gravatar.com\/avatar\/1c5e76ef76bbbfdd2b4da984e2bf2fa4056fd51a27d25ce2c332047f1dfd6e00?s=96&d=identicon&r=g","url":"https:\/\/secure.gravatar.com\/avatar\/1c5e76ef76bbbfdd2b4da984e2bf2fa4056fd51a27d25ce2c332047f1dfd6e00?s=96&d=identicon&r=g","contentUrl":"https:\/\/secure.gravatar.com\/avatar\/1c5e76ef76bbbfdd2b4da984e2bf2fa4056fd51a27d25ce2c332047f1dfd6e00?s=96&d=identicon&r=g","caption":"Kohen"},"sameAs":["https:\/\/www.linkedin.com\/in\/hassan-kohen-448548192\/","https:\/\/www.youtube.com\/@Kohen-Avocats"],"url":"https:\/\/kohenavocats.com\/en\/author\/kohenmlk\/"}]}},"jetpack_featured_media_url":"https:\/\/kohenavocats.com\/wp-content\/uploads\/2024\/11\/getty-images-RvXjV3spXFA-unsplash.webp","jetpack_likes_enabled":false,"jetpack_shortlink":"https:\/\/wp.me\/peCrII-2LNr","jetpack-related-posts":[{"id":640335,"url":"https:\/\/kohenavocats.com\/en\/cour-dappel-de-pau-le-9-juillet-2025-n24-03271\/","url_meta":{"origin":660389,"position":0},"title":"Cour d&#8217;appel de Pau, le 9 juillet 2025, n\u00b024\/03271","author":"Kohen","date":"21 April 2026","format":false,"excerpt":"La Cour d'appel de Pau, statuant le 9 juillet 2025, examine un appel-nullit\u00e9 dirig\u00e9 contre une ordonnance du juge de la mise en \u00e9tat. Cette ordonnance avait ...","rel":"","context":"In &quot;Jurisprudence&quot;","block_context":{"text":"Jurisprudence","link":"https:\/\/kohenavocats.com\/category\/jurisprudence\/"},"img":{"alt_text":"","src":"https:\/\/i0.wp.com\/kohenavocats.com\/wp-content\/uploads\/2024\/11\/getty-images-wvhLLa5sdtg-unsplash.webp?resize=350%2C200&ssl=1","width":350,"height":200,"srcset":"https:\/\/i0.wp.com\/kohenavocats.com\/wp-content\/uploads\/2024\/11\/getty-images-wvhLLa5sdtg-unsplash.webp?resize=350%2C200&ssl=1 1x, https:\/\/i0.wp.com\/kohenavocats.com\/wp-content\/uploads\/2024\/11\/getty-images-wvhLLa5sdtg-unsplash.webp?resize=525%2C300&ssl=1 1.5x, https:\/\/i0.wp.com\/kohenavocats.com\/wp-content\/uploads\/2024\/11\/getty-images-wvhLLa5sdtg-unsplash.webp?resize=700%2C400&ssl=1 2x, https:\/\/i0.wp.com\/kohenavocats.com\/wp-content\/uploads\/2024\/11\/getty-images-wvhLLa5sdtg-unsplash.webp?resize=1050%2C600&ssl=1 3x, https:\/\/i0.wp.com\/kohenavocats.com\/wp-content\/uploads\/2024\/11\/getty-images-wvhLLa5sdtg-unsplash.webp?resize=1400%2C800&ssl=1 4x"},"classes":[]},{"id":456963,"url":"https:\/\/kohenavocats.com\/en\/cour-dappel-de-paris-2025-10-02-n25-02502\/","url_meta":{"origin":660389,"position":1},"title":"Cour d&#8217;appel de Paris &#8211; 2025-10-02 &#8211; n\u00b025\/02502","author":"Kohen","date":"7 April 2026","format":false,"excerpt":"La cour d\u2019appel de Paris, dans un arr\u00eat du 9 juillet 2025, statue sur une demande en r\u00e9f\u00e9r\u00e9 d\u2019un salari\u00e9 licenci\u00e9. Ce dernier sollicitait la communication de ses donn\u00e9es professionnelles et le r\u00e9tabli...","rel":"","context":"In &quot;Jurisprudence&quot;","block_context":{"text":"Jurisprudence","link":"https:\/\/kohenavocats.com\/category\/jurisprudence\/"},"img":{"alt_text":"","src":"https:\/\/i0.wp.com\/kohenavocats.com\/wp-content\/uploads\/2024\/06\/pexels-pavel-danilyuk-8112201.jpg?resize=350%2C200&ssl=1","width":350,"height":200,"srcset":"https:\/\/i0.wp.com\/kohenavocats.com\/wp-content\/uploads\/2024\/06\/pexels-pavel-danilyuk-8112201.jpg?resize=350%2C200&ssl=1 1x, https:\/\/i0.wp.com\/kohenavocats.com\/wp-content\/uploads\/2024\/06\/pexels-pavel-danilyuk-8112201.jpg?resize=525%2C300&ssl=1 1.5x, https:\/\/i0.wp.com\/kohenavocats.com\/wp-content\/uploads\/2024\/06\/pexels-pavel-danilyuk-8112201.jpg?resize=700%2C400&ssl=1 2x, https:\/\/i0.wp.com\/kohenavocats.com\/wp-content\/uploads\/2024\/06\/pexels-pavel-danilyuk-8112201.jpg?resize=1050%2C600&ssl=1 3x, https:\/\/i0.wp.com\/kohenavocats.com\/wp-content\/uploads\/2024\/06\/pexels-pavel-danilyuk-8112201.jpg?resize=1400%2C800&ssl=1 4x"},"classes":[]},{"id":660400,"url":"https:\/\/kohenavocats.com\/en\/cour-dappel-de-paris-le-11-septembre-2024-n25-00178\/","url_meta":{"origin":660389,"position":2},"title":"Cour d&#8217;appel de Paris, le 11 septembre 2024, n\u00b025\/00178","author":"Kohen","date":"23 April 2026","format":false,"excerpt":"La Cour d'appel de Paris, statuant en r\u00e9f\u00e9r\u00e9 le 11 septembre 2024, examine une demande en communication de pi\u00e8ces sur le fondement de l'article 145 du code d...","rel":"","context":"In &quot;Jurisprudence&quot;","block_context":{"text":"Jurisprudence","link":"https:\/\/kohenavocats.com\/category\/jurisprudence\/"},"img":{"alt_text":"","src":"https:\/\/i0.wp.com\/kohenavocats.com\/wp-content\/uploads\/2024\/07\/inaki-del-olmo-NIJuEQw0RKg-unsplash.webp?resize=350%2C200&ssl=1","width":350,"height":200,"srcset":"https:\/\/i0.wp.com\/kohenavocats.com\/wp-content\/uploads\/2024\/07\/inaki-del-olmo-NIJuEQw0RKg-unsplash.webp?resize=350%2C200&ssl=1 1x, https:\/\/i0.wp.com\/kohenavocats.com\/wp-content\/uploads\/2024\/07\/inaki-del-olmo-NIJuEQw0RKg-unsplash.webp?resize=525%2C300&ssl=1 1.5x, https:\/\/i0.wp.com\/kohenavocats.com\/wp-content\/uploads\/2024\/07\/inaki-del-olmo-NIJuEQw0RKg-unsplash.webp?resize=700%2C400&ssl=1 2x, https:\/\/i0.wp.com\/kohenavocats.com\/wp-content\/uploads\/2024\/07\/inaki-del-olmo-NIJuEQw0RKg-unsplash.webp?resize=1050%2C600&ssl=1 3x, https:\/\/i0.wp.com\/kohenavocats.com\/wp-content\/uploads\/2024\/07\/inaki-del-olmo-NIJuEQw0RKg-unsplash.webp?resize=1400%2C800&ssl=1 4x"},"classes":[]},{"id":683727,"url":"https:\/\/kohenavocats.com\/en\/cour-dappel-de-paris-le-30-juillet-2025-n21-06002\/","url_meta":{"origin":660389,"position":3},"title":"Cour d&#8217;appel de Paris, le 30 juillet 2025, n\u00b021\/06002","author":"Kohen","date":"25 April 2026","format":false,"excerpt":"La Cour d'appel de Paris, 30 juillet 2025, statue sur la r\u00e9paration de dommages n\u00e9s de la rupture d'une descente d'eaux pluviales en copropri\u00e9t\u00e9.","rel":"","context":"In &quot;Jurisprudence&quot;","block_context":{"text":"Jurisprudence","link":"https:\/\/kohenavocats.com\/category\/jurisprudence\/"},"img":{"alt_text":"","src":"https:\/\/i0.wp.com\/kohenavocats.com\/wp-content\/uploads\/2024\/11\/mourad-saadi-LWhFQL0hL7o-unsplash.webp?resize=350%2C200&ssl=1","width":350,"height":200,"srcset":"https:\/\/i0.wp.com\/kohenavocats.com\/wp-content\/uploads\/2024\/11\/mourad-saadi-LWhFQL0hL7o-unsplash.webp?resize=350%2C200&ssl=1 1x, https:\/\/i0.wp.com\/kohenavocats.com\/wp-content\/uploads\/2024\/11\/mourad-saadi-LWhFQL0hL7o-unsplash.webp?resize=525%2C300&ssl=1 1.5x, https:\/\/i0.wp.com\/kohenavocats.com\/wp-content\/uploads\/2024\/11\/mourad-saadi-LWhFQL0hL7o-unsplash.webp?resize=700%2C400&ssl=1 2x, https:\/\/i0.wp.com\/kohenavocats.com\/wp-content\/uploads\/2024\/11\/mourad-saadi-LWhFQL0hL7o-unsplash.webp?resize=1050%2C600&ssl=1 3x, https:\/\/i0.wp.com\/kohenavocats.com\/wp-content\/uploads\/2024\/11\/mourad-saadi-LWhFQL0hL7o-unsplash.webp?resize=1400%2C800&ssl=1 4x"},"classes":[]},{"id":636822,"url":"https:\/\/kohenavocats.com\/en\/cour-dappel-de-douai-le-9-juillet-2024-n23-00200\/","url_meta":{"origin":660389,"position":4},"title":"Cour d&#8217;appel de Douai, le 9 juillet 2024, n\u00b023\/00200","author":"Kohen","date":"21 April 2026","format":false,"excerpt":"La cour d\u2019appel de Douai, statuant le 9 juillet 2024, a examin\u00e9 un litige relatif \u00e0 une d\u00e9cision attributive de rente. Un employeur contestait l\u2019opposabilit\u00e9...","rel":"","context":"In &quot;Jurisprudence&quot;","block_context":{"text":"Jurisprudence","link":"https:\/\/kohenavocats.com\/category\/jurisprudence\/"},"img":{"alt_text":"","src":"https:\/\/i0.wp.com\/kohenavocats.com\/wp-content\/uploads\/2024\/11\/laura-adai-7irj5rVew44-unsplash.webp?resize=350%2C200&ssl=1","width":350,"height":200,"srcset":"https:\/\/i0.wp.com\/kohenavocats.com\/wp-content\/uploads\/2024\/11\/laura-adai-7irj5rVew44-unsplash.webp?resize=350%2C200&ssl=1 1x, https:\/\/i0.wp.com\/kohenavocats.com\/wp-content\/uploads\/2024\/11\/laura-adai-7irj5rVew44-unsplash.webp?resize=525%2C300&ssl=1 1.5x, https:\/\/i0.wp.com\/kohenavocats.com\/wp-content\/uploads\/2024\/11\/laura-adai-7irj5rVew44-unsplash.webp?resize=700%2C400&ssl=1 2x, https:\/\/i0.wp.com\/kohenavocats.com\/wp-content\/uploads\/2024\/11\/laura-adai-7irj5rVew44-unsplash.webp?resize=1050%2C600&ssl=1 3x, https:\/\/i0.wp.com\/kohenavocats.com\/wp-content\/uploads\/2024\/11\/laura-adai-7irj5rVew44-unsplash.webp?resize=1400%2C800&ssl=1 4x"},"classes":[]},{"id":204178,"url":"https:\/\/kohenavocats.com\/en\/tribunal-judiciaire-de-paris-le-13-juin-2025-n24-52590\/","url_meta":{"origin":660389,"position":5},"title":"Tribunal judiciaire de Paris, le 13 juin 2025, n\u00b024\/52590","author":"Kohen","date":"21 December 2025","format":false,"excerpt":"Le tribunal judiciaire de Paris, par ordonnance de r\u00e9f\u00e9r\u00e9 du 13 juin 2025, statue sur la lev\u00e9e du s\u00e9questre de vingt\u2011et\u2011une pi\u00e8ces saisies au titre de l\u2019article 145. L\u2019enjeu tient \u00e0 l\u2019emprise du secret professionnel de l\u2019avocat.\u00c0 la suite d\u2019un d\u00e9part vers un concurrent, une ordonnance sur requ\u00eate du 29\u2026","rel":"","context":"In &quot;6920&quot;","block_context":{"text":"6920","link":"https:\/\/kohenavocats.com\/category\/6920\/"},"img":{"alt_text":"","src":"https:\/\/i0.wp.com\/kohenavocats.com\/wp-content\/uploads\/2024\/11\/getty-images-kDU9CJEIJpM-unsplash.webp?resize=350%2C200&ssl=1","width":350,"height":200,"srcset":"https:\/\/i0.wp.com\/kohenavocats.com\/wp-content\/uploads\/2024\/11\/getty-images-kDU9CJEIJpM-unsplash.webp?resize=350%2C200&ssl=1 1x, https:\/\/i0.wp.com\/kohenavocats.com\/wp-content\/uploads\/2024\/11\/getty-images-kDU9CJEIJpM-unsplash.webp?resize=525%2C300&ssl=1 1.5x, https:\/\/i0.wp.com\/kohenavocats.com\/wp-content\/uploads\/2024\/11\/getty-images-kDU9CJEIJpM-unsplash.webp?resize=700%2C400&ssl=1 2x, https:\/\/i0.wp.com\/kohenavocats.com\/wp-content\/uploads\/2024\/11\/getty-images-kDU9CJEIJpM-unsplash.webp?resize=1050%2C600&ssl=1 3x, https:\/\/i0.wp.com\/kohenavocats.com\/wp-content\/uploads\/2024\/11\/getty-images-kDU9CJEIJpM-unsplash.webp?resize=1400%2C800&ssl=1 4x"},"classes":[]}],"jetpack_sharing_enabled":true,"_links":{"self":[{"href":"https:\/\/kohenavocats.com\/en\/wp-json\/wp\/v2\/posts\/660389","targetHints":{"allow":["GET"]}}],"collection":[{"href":"https:\/\/kohenavocats.com\/en\/wp-json\/wp\/v2\/posts"}],"about":[{"href":"https:\/\/kohenavocats.com\/en\/wp-json\/wp\/v2\/types\/post"}],"author":[{"embeddable":true,"href":"https:\/\/kohenavocats.com\/en\/wp-json\/wp\/v2\/users\/232070755"}],"replies":[{"embeddable":true,"href":"https:\/\/kohenavocats.com\/en\/wp-json\/wp\/v2\/comments?post=660389"}],"version-history":[{"count":0,"href":"https:\/\/kohenavocats.com\/en\/wp-json\/wp\/v2\/posts\/660389\/revisions"}],"wp:featuredmedia":[{"embeddable":true,"href":"https:\/\/kohenavocats.com\/en\/wp-json\/wp\/v2\/media\/9645"}],"wp:attachment":[{"href":"https:\/\/kohenavocats.com\/en\/wp-json\/wp\/v2\/media?parent=660389"}],"wp:term":[{"taxonomy":"category","embeddable":true,"href":"https:\/\/kohenavocats.com\/en\/wp-json\/wp\/v2\/categories?post=660389"},{"taxonomy":"post_tag","embeddable":true,"href":"https:\/\/kohenavocats.com\/en\/wp-json\/wp\/v2\/tags?post=660389"}],"curies":[{"name":"wp","href":"https:\/\/api.w.org\/{rel}","templated":true}]}}