{"id":661524,"date":"2026-04-23T17:37:27","date_gmt":"2026-04-23T15:37:27","guid":{"rendered":"https:\/\/kohenavocats.com\/tribunal-judiciaire-de-chambery-le-15-septembre-2025-n24-01817\/"},"modified":"2026-04-23T17:37:27","modified_gmt":"2026-04-23T15:37:27","slug":"tribunal-judiciaire-de-chambery-le-15-septembre-2025-n24-01817","status":"publish","type":"post","link":"https:\/\/kohenavocats.com\/en\/tribunal-judiciaire-de-chambery-le-15-septembre-2025-n24-01817\/","title":{"rendered":"Tribunal judiciaire de Chamb\u00e9ry, le 15 septembre 2025, n\u00b024\/01817"},"content":{"rendered":"<div class=\"article-content\">\n<p>Le tribunal judiciaire de Chamb\u00e9ry, statuant le 15 septembre 2025, a examin\u00e9 les suites d&#8217;une opposition \u00e0 une ordonnance d&#8217;injonction de payer. L&#8217;entreprise cr\u00e9anci\u00e8re avait obtenu une injonction pour une cr\u00e9ance de 10 064,07 euros. Les d\u00e9biteurs ayant form\u00e9 opposition, la proc\u00e9dure s&#8217;est poursuivie devant la juridiction. Le tribunal a d\u00fb d\u00e9terminer les cons\u00e9quences de l&#8217;absence de constitution d&#8217;avocat par le cr\u00e9ancier notifi\u00e9. Il a constat\u00e9 l&#8217;extinction de l&#8217;instance et d\u00e9clar\u00e9 non avenue l&#8217;ordonnance initiale, condamnant le cr\u00e9ancier aux d\u00e9pens avec ex\u00e9cution provisoire.<\/p>\n<p>Le r\u00e9gime proc\u00e9dural applicable en cas d&#8217;opposition<\/p>\n<p>La d\u00e9termination du cadre proc\u00e9doral conditionne les obligations des parties. Le tribunal a d&#8217;abord v\u00e9rifi\u00e9 si la demande relevait de la proc\u00e9dure orale sans repr\u00e9sentation obligatoire. Il a rappel\u00e9 que cette proc\u00e9dure s&#8217;applique lorsque la demande porte sur un montant inf\u00e9rieur ou \u00e9gal \u00e0 10 000 euros. En l&#8217;esp\u00e8ce, la demande initiale exc\u00e9dait ce seuil, \u00e9cartant l&#8217;application des articles 817 et 761 du code de proc\u00e9dure civile. La proc\u00e9dure \u00e9crite ordinaire avec repr\u00e9sentation obligatoire \u00e9tait donc applicable. Cette qualification initiale est essentielle pour d\u00e9finir les obligations ult\u00e9rieures des parties et les cons\u00e9quences de leur inaction.<\/p>\n<p>L&#8217;extinction de l&#8217;instance pour d\u00e9faut de constitution d&#8217;avocat<\/p>\n<p>Le non-respect des obligations proc\u00e9durales entra\u00eene la sanction d&#8217;extinction. Le tribunal a appliqu\u00e9 l&#8217;article 1419 du code, pr\u00e9voyant l&#8217;extinction si le cr\u00e9ancier ne constitue pas avocat dans le d\u00e9lai l\u00e9gal. Le greffe avait notifi\u00e9 l&#8217;opposition au cr\u00e9ancier en l&#8217;invitant \u00e0 constituer avocat dans un d\u00e9lai de quinze jours. Le cr\u00e9ancier n&#8217;ayant pas satisfait \u00e0 cette obligation, le pr\u00e9sident a constat\u00e9 l&#8217;extinction. Cette solution est conforme \u00e0 une jurisprudence r\u00e9cente qui souligne que &#8220;le pr\u00e9sident constate l&#8217;extinction de l&#8217;instance si le cr\u00e9ancier ne constitue pas avocat dans le d\u00e9lai pr\u00e9vu \u00e0 l&#8217;article 1418&#8221; (Tribunal judiciaire de Paris, le 18 mars 2024, n\u00b023\/06601). La port\u00e9e est rigoureuse, prot\u00e9geant le principe du contradictoire.<\/p>\n<p>Les cons\u00e9quences substantielles de l&#8217;extinction proc\u00e9durale<\/p>\n<p>L&#8217;extinction an\u00e9antit les effets de l&#8217;ordonnance initiale sans examen au fond. Le tribunal a d\u00e9clar\u00e9 non avenue l&#8217;injonction de payer du 23 septembre 2024. Cette d\u00e9cision ne pr\u00e9juge pas du bien-fond\u00e9 de la cr\u00e9ance, qui pourrait \u00eatre r\u00e9clam\u00e9e par une autre voie. Le jugement se substitue \u00e0 l&#8217;ordonnance, conform\u00e9ment \u00e0 l&#8217;article 1420 du code. La valeur de cette substitution est de clore d\u00e9finitivement la proc\u00e9dure d&#8217;injonction de payer. La solution rappelle que &#8220;le pr\u00e9sent jugement se substituant \u00e0 l&#8217;ordonnance d&#8217;injonction de payer&#8221; est l&#8217;issue normale de l&#8217;opposition (Tribunal judiciaire, le 28 f\u00e9vrier 2025, n\u00b024\/01163). La port\u00e9e est de garantir la s\u00e9curit\u00e9 juridique en mettant un terme \u00e0 l&#8217;instance.<\/p>\n<p>L&#8217;incidence sur la charge des d\u00e9pens et l&#8217;ex\u00e9cution provisoire<\/p>\n<p>Le rejet de la proc\u00e9dure engage la responsabilit\u00e9 financi\u00e8re du cr\u00e9ancier. Le tribunal a condamn\u00e9 la partie perdante, le cr\u00e9ancier, aux d\u00e9pens en application de l&#8217;article 696 du code. Cette condamnation d\u00e9coule logiquement de l&#8217;\u00e9chec de sa d\u00e9marche proc\u00e9durale. Par ailleurs, l&#8217;ex\u00e9cution provisoire a \u00e9t\u00e9 ordonn\u00e9e de droit, le tribunal estimant qu&#8217;aucune incompatibilit\u00e9 avec la nature de l&#8217;affaire ne justifiait de l&#8217;\u00e9carter. Le sens est d&#8217;assurer l&#8217;effectivit\u00e9 imm\u00e9diate de la d\u00e9cision, notamment pour le recouvrement des d\u00e9pens. La valeur est de pr\u00e9venir tout retard dilatoire dans l&#8217;ex\u00e9cution d&#8217;un jugement qui cl\u00f4ture une instance sans d\u00e9bat sur le fond.<\/p>\n<\/div>\n","protected":false},"excerpt":{"rendered":"<p>Le tribunal judiciaire de Chamb\u00e9ry, statuant le 15 septembre 2025, a examin\u00e9 les suites d&#8217;une opposition \u00e0 une ordonnance d&#8217;injonction de payer. L&#8217;entreprise&#8230;<\/p>\n","protected":false},"author":232070755,"featured_media":4822,"comment_status":"open","ping_status":"open","sticky":false,"template":"","format":"standard","meta":{"_crdt_document":"","_jetpack_newsletter_access":"","_jetpack_dont_email_post_to_subs":false,"_jetpack_newsletter_tier_id":0,"_jetpack_memberships_contains_paywalled_content":false,"_kj_source_type":"judilibre","_kj_official_id":"68dc46ecb3454b98788e8817","_kj_official_url":"https:\/\/www.courdecassation.fr\/decision\/68dc46ecb3454b98788e8817","_kj_judilibre_id":"68dc46ecb3454b98788e8817","_kj_jur":"Tribunal judiciaire","_kj_lieu":"Tribunal judiciaire de Chamb\u00e9ry","_kj_chambre":"C1-CIVIL SUP 10000","_kj_rg":"24\/01817","_kj_date":"2025-09-25","_jetpack_memberships_contains_paid_content":false,"footnotes":"","jetpack_post_was_ever_published":false},"categories":[7597],"tags":[],"class_list":["post-661524","post","type-post","status-publish","format-standard","has-post-thumbnail","hentry","category-jurisprudence"],"yoast_head":"<!-- This site is optimized with the Yoast SEO Premium plugin v27.5 (Yoast SEO v27.5) - https:\/\/yoast.com\/product\/yoast-seo-premium-wordpress\/ -->\n<title>Tribunal judiciaire de Chamb\u00e9ry, le 15 septembre 2025, n\u00b024\/01817 - Ma\u00eetre Hassan Kohen, avocat en droit p\u00e9nal \u00e0 Paris<\/title>\n<meta name=\"description\" content=\"Le tribunal judiciaire de Chamb\u00e9ry, statuant le 15 septembre 2025, a examin\u00e9 les suites d&#039;une opposition \u00e0 une ordonnance d&#039;injonction de payer. L&#039;entreprise...\" \/>\n<meta name=\"robots\" content=\"index, follow, max-snippet:-1, max-image-preview:large, max-video-preview:-1\" \/>\n<link rel=\"canonical\" href=\"https:\/\/kohenavocats.com\/en\/tribunal-judiciaire-de-chambery-le-15-septembre-2025-n24-01817\/\" \/>\n<meta property=\"og:locale\" content=\"en_US\" \/>\n<meta property=\"og:type\" content=\"article\" \/>\n<meta property=\"og:title\" content=\"Tribunal judiciaire de Chamb\u00e9ry, le 15 septembre 2025, n\u00b024\/01817\" \/>\n<meta property=\"og:description\" content=\"Le tribunal judiciaire de Chamb\u00e9ry, statuant le 15 septembre 2025, a examin\u00e9 les suites d&#039;une opposition \u00e0 une ordonnance d&#039;injonction de payer. L&#039;entreprise...\" \/>\n<meta property=\"og:url\" content=\"https:\/\/kohenavocats.com\/en\/tribunal-judiciaire-de-chambery-le-15-septembre-2025-n24-01817\/\" \/>\n<meta property=\"og:site_name\" content=\"Ma\u00eetre Hassan Kohen, avocat en droit p\u00e9nal \u00e0 Paris\" \/>\n<meta property=\"article:published_time\" content=\"2026-04-23T15:37:27+00:00\" \/>\n<meta property=\"og:image\" content=\"https:\/\/kohenavocats.com\/wp-content\/uploads\/2024\/08\/jungxon-uuHZylr_9GY-unsplash.webp\" \/>\n\t<meta property=\"og:image:width\" content=\"4288\" \/>\n\t<meta property=\"og:image:height\" content=\"2848\" \/>\n\t<meta property=\"og:image:type\" content=\"image\/webp\" \/>\n<meta name=\"author\" content=\"Kohen\" \/>\n<meta name=\"twitter:card\" content=\"summary_large_image\" \/>\n<meta name=\"twitter:label1\" content=\"Written by\" \/>\n\t<meta name=\"twitter:data1\" content=\"Kohen\" \/>\n\t<meta name=\"twitter:label2\" content=\"Est. reading time\" \/>\n\t<meta name=\"twitter:data2\" content=\"3 minutes\" \/>\n<script type=\"application\/ld+json\" class=\"yoast-schema-graph\">{\"@context\":\"https:\\\/\\\/schema.org\",\"@graph\":[{\"@type\":\"Article\",\"@id\":\"https:\\\/\\\/kohenavocats.com\\\/en\\\/tribunal-judiciaire-de-chambery-le-15-septembre-2025-n24-01817\\\/#article\",\"isPartOf\":{\"@id\":\"https:\\\/\\\/kohenavocats.com\\\/en\\\/tribunal-judiciaire-de-chambery-le-15-septembre-2025-n24-01817\\\/\"},\"author\":{\"name\":\"Kohen\",\"@id\":\"https:\\\/\\\/kohenavocats.com\\\/en\\\/#\\\/schema\\\/person\\\/761c9ba54fa1ca84d405cef0831ff751\"},\"headline\":\"Tribunal judiciaire de Chamb\u00e9ry, le 15 septembre 2025, n\u00b024\\\/01817\",\"datePublished\":\"2026-04-23T15:37:27+00:00\",\"mainEntityOfPage\":{\"@id\":\"https:\\\/\\\/kohenavocats.com\\\/en\\\/tribunal-judiciaire-de-chambery-le-15-septembre-2025-n24-01817\\\/\"},\"wordCount\":638,\"commentCount\":0,\"publisher\":{\"@id\":\"https:\\\/\\\/kohenavocats.com\\\/en\\\/#organization\"},\"image\":{\"@id\":\"https:\\\/\\\/kohenavocats.com\\\/en\\\/tribunal-judiciaire-de-chambery-le-15-septembre-2025-n24-01817\\\/#primaryimage\"},\"thumbnailUrl\":\"https:\\\/\\\/kohenavocats.com\\\/wp-content\\\/uploads\\\/2024\\\/08\\\/jungxon-uuHZylr_9GY-unsplash.webp\",\"articleSection\":[\"Jurisprudence\"],\"inLanguage\":\"en-US\",\"potentialAction\":[{\"@type\":\"CommentAction\",\"name\":\"Comment\",\"target\":[\"https:\\\/\\\/kohenavocats.com\\\/en\\\/tribunal-judiciaire-de-chambery-le-15-septembre-2025-n24-01817\\\/#respond\"]}],\"citation\":\"Tribunal judiciaire de Chamb\u00e9ry, le 15 septembre 2025, n\u00b024\\\/01817\",\"about\":[{\"@type\":\"Thing\",\"name\":\"Jurisprudence\"}],\"dateModified\":\"2026-04-23T15:37:27+00:00\",\"speakable\":{\"@type\":\"SpeakableSpecification\",\"cssSelector\":[\".article-content > p:first-of-type\"]}},{\"@type\":\"WebPage\",\"@id\":\"https:\\\/\\\/kohenavocats.com\\\/en\\\/tribunal-judiciaire-de-chambery-le-15-septembre-2025-n24-01817\\\/\",\"url\":\"https:\\\/\\\/kohenavocats.com\\\/en\\\/tribunal-judiciaire-de-chambery-le-15-septembre-2025-n24-01817\\\/\",\"name\":\"Tribunal judiciaire de Chamb\u00e9ry, le 15 septembre 2025, n\u00b024\\\/01817 - Ma\u00eetre Hassan Kohen, avocat en droit p\u00e9nal \u00e0 Paris\",\"isPartOf\":{\"@id\":\"https:\\\/\\\/kohenavocats.com\\\/en\\\/#website\"},\"primaryImageOfPage\":{\"@id\":\"https:\\\/\\\/kohenavocats.com\\\/en\\\/tribunal-judiciaire-de-chambery-le-15-septembre-2025-n24-01817\\\/#primaryimage\"},\"image\":{\"@id\":\"https:\\\/\\\/kohenavocats.com\\\/en\\\/tribunal-judiciaire-de-chambery-le-15-septembre-2025-n24-01817\\\/#primaryimage\"},\"thumbnailUrl\":\"https:\\\/\\\/kohenavocats.com\\\/wp-content\\\/uploads\\\/2024\\\/08\\\/jungxon-uuHZylr_9GY-unsplash.webp\",\"datePublished\":\"2026-04-23T15:37:27+00:00\",\"description\":\"Le tribunal judiciaire de Chamb\u00e9ry, statuant le 15 septembre 2025, a examin\u00e9 les suites d'une opposition \u00e0 une ordonnance d'injonction de payer. L'entreprise...\",\"breadcrumb\":{\"@id\":\"https:\\\/\\\/kohenavocats.com\\\/en\\\/tribunal-judiciaire-de-chambery-le-15-septembre-2025-n24-01817\\\/#breadcrumb\"},\"inLanguage\":\"en-US\",\"potentialAction\":[{\"@type\":\"ReadAction\",\"target\":[\"https:\\\/\\\/kohenavocats.com\\\/en\\\/tribunal-judiciaire-de-chambery-le-15-septembre-2025-n24-01817\\\/\"]}]},{\"@type\":\"ImageObject\",\"inLanguage\":\"en-US\",\"@id\":\"https:\\\/\\\/kohenavocats.com\\\/en\\\/tribunal-judiciaire-de-chambery-le-15-septembre-2025-n24-01817\\\/#primaryimage\",\"url\":\"https:\\\/\\\/kohenavocats.com\\\/wp-content\\\/uploads\\\/2024\\\/08\\\/jungxon-uuHZylr_9GY-unsplash.webp\",\"contentUrl\":\"https:\\\/\\\/kohenavocats.com\\\/wp-content\\\/uploads\\\/2024\\\/08\\\/jungxon-uuHZylr_9GY-unsplash.webp\",\"width\":4288,\"height\":2848},{\"@type\":\"BreadcrumbList\",\"@id\":\"https:\\\/\\\/kohenavocats.com\\\/en\\\/tribunal-judiciaire-de-chambery-le-15-septembre-2025-n24-01817\\\/#breadcrumb\",\"itemListElement\":[{\"@type\":\"ListItem\",\"position\":1,\"name\":\"Home\",\"item\":\"https:\\\/\\\/kohenavocats.com\\\/en\\\/criminal-law-attorneys-in-paris-counsel-and-strategic-defense\\\/\"},{\"@type\":\"ListItem\",\"position\":2,\"name\":\"Tribunal judiciaire de Chamb\u00e9ry, le 15 septembre 2025, n\u00b024\\\/01817\"}]},{\"@type\":\"WebSite\",\"@id\":\"https:\\\/\\\/kohenavocats.com\\\/en\\\/#website\",\"url\":\"https:\\\/\\\/kohenavocats.com\\\/en\\\/\",\"name\":\"Kohen Avocats\",\"description\":\"Ma\u00eetre Hassan Kohen, avocat p\u00e9naliste \u00e0 Paris, intervient exclusivement en droit p\u00e9nal pour la d\u00e9fense des particuliers, notamment en mati\u00e8re d\u2019accusations de viol. Il assure un accompagnement rigoureux d\u00e8s la garde \u00e0 vue jusqu\u2019\u00e0 la Cour d\u2019assises, veillant au strict respect des garanties proc\u00e9durales.\",\"publisher\":{\"@id\":\"https:\\\/\\\/kohenavocats.com\\\/en\\\/#organization\"},\"potentialAction\":[{\"@type\":\"SearchAction\",\"target\":{\"@type\":\"EntryPoint\",\"urlTemplate\":\"https:\\\/\\\/kohenavocats.com\\\/en\\\/?s={search_term_string}\"},\"query-input\":{\"@type\":\"PropertyValueSpecification\",\"valueRequired\":true,\"valueName\":\"search_term_string\"}}],\"inLanguage\":\"en-US\"},{\"@type\":\"Organization\",\"@id\":\"https:\\\/\\\/kohenavocats.com\\\/en\\\/#organization\",\"name\":\"Kohen Avocats\",\"url\":\"https:\\\/\\\/kohenavocats.com\\\/en\\\/\",\"logo\":{\"@type\":\"ImageObject\",\"inLanguage\":\"en-US\",\"@id\":\"https:\\\/\\\/kohenavocats.com\\\/en\\\/#\\\/schema\\\/logo\\\/image\\\/\",\"url\":\"https:\\\/\\\/kohenavocats.com\\\/wp-content\\\/uploads\\\/2026\\\/01\\\/Logo-2-1.webp\",\"contentUrl\":\"https:\\\/\\\/kohenavocats.com\\\/wp-content\\\/uploads\\\/2026\\\/01\\\/Logo-2-1.webp\",\"width\":2114,\"height\":1253,\"caption\":\"Kohen Avocats\"},\"image\":{\"@id\":\"https:\\\/\\\/kohenavocats.com\\\/en\\\/#\\\/schema\\\/logo\\\/image\\\/\"}},{\"@type\":\"Person\",\"@id\":\"https:\\\/\\\/kohenavocats.com\\\/en\\\/#\\\/schema\\\/person\\\/761c9ba54fa1ca84d405cef0831ff751\",\"name\":\"Kohen\",\"image\":{\"@type\":\"ImageObject\",\"inLanguage\":\"en-US\",\"@id\":\"https:\\\/\\\/secure.gravatar.com\\\/avatar\\\/1c5e76ef76bbbfdd2b4da984e2bf2fa4056fd51a27d25ce2c332047f1dfd6e00?s=96&d=identicon&r=g\",\"url\":\"https:\\\/\\\/secure.gravatar.com\\\/avatar\\\/1c5e76ef76bbbfdd2b4da984e2bf2fa4056fd51a27d25ce2c332047f1dfd6e00?s=96&d=identicon&r=g\",\"contentUrl\":\"https:\\\/\\\/secure.gravatar.com\\\/avatar\\\/1c5e76ef76bbbfdd2b4da984e2bf2fa4056fd51a27d25ce2c332047f1dfd6e00?s=96&d=identicon&r=g\",\"caption\":\"Kohen\"},\"sameAs\":[\"https:\\\/\\\/www.linkedin.com\\\/in\\\/hassan-kohen-448548192\\\/\",\"https:\\\/\\\/www.youtube.com\\\/@Kohen-Avocats\"],\"url\":\"https:\\\/\\\/kohenavocats.com\\\/en\\\/author\\\/kohenmlk\\\/\"}]}<\/script>\n<!-- \/ Yoast SEO Premium plugin. -->","yoast_head_json":{"title":"Tribunal judiciaire de Chamb\u00e9ry, le 15 septembre 2025, n\u00b024\/01817 - Ma\u00eetre Hassan Kohen, avocat en droit p\u00e9nal \u00e0 Paris","description":"Le tribunal judiciaire de Chamb\u00e9ry, statuant le 15 septembre 2025, a examin\u00e9 les suites d'une opposition \u00e0 une ordonnance d'injonction de payer. L'entreprise...","robots":{"index":"index","follow":"follow","max-snippet":"max-snippet:-1","max-image-preview":"max-image-preview:large","max-video-preview":"max-video-preview:-1"},"canonical":"https:\/\/kohenavocats.com\/en\/tribunal-judiciaire-de-chambery-le-15-septembre-2025-n24-01817\/","og_locale":"en_US","og_type":"article","og_title":"Tribunal judiciaire de Chamb\u00e9ry, le 15 septembre 2025, n\u00b024\/01817","og_description":"Le tribunal judiciaire de Chamb\u00e9ry, statuant le 15 septembre 2025, a examin\u00e9 les suites d'une opposition \u00e0 une ordonnance d'injonction de payer. L'entreprise...","og_url":"https:\/\/kohenavocats.com\/en\/tribunal-judiciaire-de-chambery-le-15-septembre-2025-n24-01817\/","og_site_name":"Ma\u00eetre Hassan Kohen, avocat en droit p\u00e9nal \u00e0 Paris","article_published_time":"2026-04-23T15:37:27+00:00","og_image":[{"width":4288,"height":2848,"url":"https:\/\/kohenavocats.com\/wp-content\/uploads\/2024\/08\/jungxon-uuHZylr_9GY-unsplash.webp","type":"image\/webp"}],"author":"Kohen","twitter_card":"summary_large_image","twitter_misc":{"Written by":"Kohen","Est. reading time":"3 minutes"},"schema":{"@context":"https:\/\/schema.org","@graph":[{"@type":"Article","@id":"https:\/\/kohenavocats.com\/en\/tribunal-judiciaire-de-chambery-le-15-septembre-2025-n24-01817\/#article","isPartOf":{"@id":"https:\/\/kohenavocats.com\/en\/tribunal-judiciaire-de-chambery-le-15-septembre-2025-n24-01817\/"},"author":{"name":"Kohen","@id":"https:\/\/kohenavocats.com\/en\/#\/schema\/person\/761c9ba54fa1ca84d405cef0831ff751"},"headline":"Tribunal judiciaire de Chamb\u00e9ry, le 15 septembre 2025, n\u00b024\/01817","datePublished":"2026-04-23T15:37:27+00:00","mainEntityOfPage":{"@id":"https:\/\/kohenavocats.com\/en\/tribunal-judiciaire-de-chambery-le-15-septembre-2025-n24-01817\/"},"wordCount":638,"commentCount":0,"publisher":{"@id":"https:\/\/kohenavocats.com\/en\/#organization"},"image":{"@id":"https:\/\/kohenavocats.com\/en\/tribunal-judiciaire-de-chambery-le-15-septembre-2025-n24-01817\/#primaryimage"},"thumbnailUrl":"https:\/\/kohenavocats.com\/wp-content\/uploads\/2024\/08\/jungxon-uuHZylr_9GY-unsplash.webp","articleSection":["Jurisprudence"],"inLanguage":"en-US","potentialAction":[{"@type":"CommentAction","name":"Comment","target":["https:\/\/kohenavocats.com\/en\/tribunal-judiciaire-de-chambery-le-15-septembre-2025-n24-01817\/#respond"]}],"citation":"Tribunal judiciaire de Chamb\u00e9ry, le 15 septembre 2025, n\u00b024\/01817","about":[{"@type":"Thing","name":"Jurisprudence"}],"dateModified":"2026-04-23T15:37:27+00:00","speakable":{"@type":"SpeakableSpecification","cssSelector":[".article-content > p:first-of-type"]}},{"@type":"WebPage","@id":"https:\/\/kohenavocats.com\/en\/tribunal-judiciaire-de-chambery-le-15-septembre-2025-n24-01817\/","url":"https:\/\/kohenavocats.com\/en\/tribunal-judiciaire-de-chambery-le-15-septembre-2025-n24-01817\/","name":"Tribunal judiciaire de Chamb\u00e9ry, le 15 septembre 2025, n\u00b024\/01817 - Ma\u00eetre Hassan Kohen, avocat en droit p\u00e9nal \u00e0 Paris","isPartOf":{"@id":"https:\/\/kohenavocats.com\/en\/#website"},"primaryImageOfPage":{"@id":"https:\/\/kohenavocats.com\/en\/tribunal-judiciaire-de-chambery-le-15-septembre-2025-n24-01817\/#primaryimage"},"image":{"@id":"https:\/\/kohenavocats.com\/en\/tribunal-judiciaire-de-chambery-le-15-septembre-2025-n24-01817\/#primaryimage"},"thumbnailUrl":"https:\/\/kohenavocats.com\/wp-content\/uploads\/2024\/08\/jungxon-uuHZylr_9GY-unsplash.webp","datePublished":"2026-04-23T15:37:27+00:00","description":"Le tribunal judiciaire de Chamb\u00e9ry, statuant le 15 septembre 2025, a examin\u00e9 les suites d'une opposition \u00e0 une ordonnance d'injonction de payer. L'entreprise...","breadcrumb":{"@id":"https:\/\/kohenavocats.com\/en\/tribunal-judiciaire-de-chambery-le-15-septembre-2025-n24-01817\/#breadcrumb"},"inLanguage":"en-US","potentialAction":[{"@type":"ReadAction","target":["https:\/\/kohenavocats.com\/en\/tribunal-judiciaire-de-chambery-le-15-septembre-2025-n24-01817\/"]}]},{"@type":"ImageObject","inLanguage":"en-US","@id":"https:\/\/kohenavocats.com\/en\/tribunal-judiciaire-de-chambery-le-15-septembre-2025-n24-01817\/#primaryimage","url":"https:\/\/kohenavocats.com\/wp-content\/uploads\/2024\/08\/jungxon-uuHZylr_9GY-unsplash.webp","contentUrl":"https:\/\/kohenavocats.com\/wp-content\/uploads\/2024\/08\/jungxon-uuHZylr_9GY-unsplash.webp","width":4288,"height":2848},{"@type":"BreadcrumbList","@id":"https:\/\/kohenavocats.com\/en\/tribunal-judiciaire-de-chambery-le-15-septembre-2025-n24-01817\/#breadcrumb","itemListElement":[{"@type":"ListItem","position":1,"name":"Home","item":"https:\/\/kohenavocats.com\/en\/criminal-law-attorneys-in-paris-counsel-and-strategic-defense\/"},{"@type":"ListItem","position":2,"name":"Tribunal judiciaire de Chamb\u00e9ry, le 15 septembre 2025, n\u00b024\/01817"}]},{"@type":"WebSite","@id":"https:\/\/kohenavocats.com\/en\/#website","url":"https:\/\/kohenavocats.com\/en\/","name":"Kohen Avocats","description":"Ma\u00eetre Hassan Kohen, avocat p\u00e9naliste \u00e0 Paris, intervient exclusivement en droit p\u00e9nal pour la d\u00e9fense des particuliers, notamment en mati\u00e8re d\u2019accusations de viol. Il assure un accompagnement rigoureux d\u00e8s la garde \u00e0 vue jusqu\u2019\u00e0 la Cour d\u2019assises, veillant au strict respect des garanties proc\u00e9durales.","publisher":{"@id":"https:\/\/kohenavocats.com\/en\/#organization"},"potentialAction":[{"@type":"SearchAction","target":{"@type":"EntryPoint","urlTemplate":"https:\/\/kohenavocats.com\/en\/?s={search_term_string}"},"query-input":{"@type":"PropertyValueSpecification","valueRequired":true,"valueName":"search_term_string"}}],"inLanguage":"en-US"},{"@type":"Organization","@id":"https:\/\/kohenavocats.com\/en\/#organization","name":"Kohen Avocats","url":"https:\/\/kohenavocats.com\/en\/","logo":{"@type":"ImageObject","inLanguage":"en-US","@id":"https:\/\/kohenavocats.com\/en\/#\/schema\/logo\/image\/","url":"https:\/\/kohenavocats.com\/wp-content\/uploads\/2026\/01\/Logo-2-1.webp","contentUrl":"https:\/\/kohenavocats.com\/wp-content\/uploads\/2026\/01\/Logo-2-1.webp","width":2114,"height":1253,"caption":"Kohen Avocats"},"image":{"@id":"https:\/\/kohenavocats.com\/en\/#\/schema\/logo\/image\/"}},{"@type":"Person","@id":"https:\/\/kohenavocats.com\/en\/#\/schema\/person\/761c9ba54fa1ca84d405cef0831ff751","name":"Kohen","image":{"@type":"ImageObject","inLanguage":"en-US","@id":"https:\/\/secure.gravatar.com\/avatar\/1c5e76ef76bbbfdd2b4da984e2bf2fa4056fd51a27d25ce2c332047f1dfd6e00?s=96&d=identicon&r=g","url":"https:\/\/secure.gravatar.com\/avatar\/1c5e76ef76bbbfdd2b4da984e2bf2fa4056fd51a27d25ce2c332047f1dfd6e00?s=96&d=identicon&r=g","contentUrl":"https:\/\/secure.gravatar.com\/avatar\/1c5e76ef76bbbfdd2b4da984e2bf2fa4056fd51a27d25ce2c332047f1dfd6e00?s=96&d=identicon&r=g","caption":"Kohen"},"sameAs":["https:\/\/www.linkedin.com\/in\/hassan-kohen-448548192\/","https:\/\/www.youtube.com\/@Kohen-Avocats"],"url":"https:\/\/kohenavocats.com\/en\/author\/kohenmlk\/"}]}},"jetpack_featured_media_url":"https:\/\/kohenavocats.com\/wp-content\/uploads\/2024\/08\/jungxon-uuHZylr_9GY-unsplash.webp","jetpack_likes_enabled":false,"jetpack_shortlink":"https:\/\/wp.me\/peCrII-2M5K","jetpack-related-posts":[{"id":414382,"url":"https:\/\/kohenavocats.com\/en\/tribunal-de-commerce-de-chambery-le-12-fevrier-2025-n2024f00324\/","url_meta":{"origin":661524,"position":0},"title":"Tribunal de commerce de Chambery, le 12 f\u00e9vrier 2025, n\u00b02024F00324","author":"Kohen","date":"21 March 2026","format":false,"excerpt":"Le Tribunal de commerce de Chamb\u00e9ry, par jugement du 12 f\u00e9vrier 2025, statue sur une demande de fixation de cr\u00e9ance dans le cadre d\u2019une liquidation judiciaire. Un cr\u00e9ancier avait obtenu une ordonnance portant injonction de payer contre une soci\u00e9t\u00e9 d\u00e9bitrice. L\u2019opposition form\u00e9e par cette derni\u00e8re a \u00e9t\u00e9 suivie de l\u2019ouverture\u2026","rel":"","context":"In &quot;D\u00e9cisions juridiques&quot;","block_context":{"text":"D\u00e9cisions juridiques","link":"https:\/\/kohenavocats.com\/category\/decisions-juridiques\/"},"img":{"alt_text":"","src":"https:\/\/i0.wp.com\/kohenavocats.com\/wp-content\/uploads\/2024\/11\/getty-images-Au4I9ldgHKo-unsplash.webp?resize=350%2C200&ssl=1","width":350,"height":200,"srcset":"https:\/\/i0.wp.com\/kohenavocats.com\/wp-content\/uploads\/2024\/11\/getty-images-Au4I9ldgHKo-unsplash.webp?resize=350%2C200&ssl=1 1x, https:\/\/i0.wp.com\/kohenavocats.com\/wp-content\/uploads\/2024\/11\/getty-images-Au4I9ldgHKo-unsplash.webp?resize=525%2C300&ssl=1 1.5x, https:\/\/i0.wp.com\/kohenavocats.com\/wp-content\/uploads\/2024\/11\/getty-images-Au4I9ldgHKo-unsplash.webp?resize=700%2C400&ssl=1 2x, https:\/\/i0.wp.com\/kohenavocats.com\/wp-content\/uploads\/2024\/11\/getty-images-Au4I9ldgHKo-unsplash.webp?resize=1050%2C600&ssl=1 3x, https:\/\/i0.wp.com\/kohenavocats.com\/wp-content\/uploads\/2024\/11\/getty-images-Au4I9ldgHKo-unsplash.webp?resize=1400%2C800&ssl=1 4x"},"classes":[]},{"id":415695,"url":"https:\/\/kohenavocats.com\/en\/tribunal-de-commerce-de-chambery-le-7-fevrier-2025-n2024f00310\/","url_meta":{"origin":661524,"position":1},"title":"Tribunal de commerce de Chambery, le 7 f\u00e9vrier 2025, n\u00b02024F00310","author":"Kohen","date":"21 March 2026","format":false,"excerpt":"Le Tribunal de commerce de Chamb\u00e9ry, par jugement du 7 f\u00e9vrier 2025, a radi\u00e9 une affaire pour d\u00e9faut de diligence de la partie demanderesse \u00e0 l\u2019injonction de payer. Cette derni\u00e8re, oppos\u00e9e \u00e0 l\u2019ordonnance du 14 juin 2024, n\u2019a pas comparu \u00e0 l\u2019audience. Le tribunal a appliqu\u00e9 les articles 381 et\u2026","rel":"","context":"In &quot;D\u00e9cisions juridiques&quot;","block_context":{"text":"D\u00e9cisions juridiques","link":"https:\/\/kohenavocats.com\/category\/decisions-juridiques\/"},"img":{"alt_text":"","src":"https:\/\/i0.wp.com\/kohenavocats.com\/wp-content\/uploads\/2024\/08\/valdemaras-d-CJAVJ5SF6gA-unsplash.webp?resize=350%2C200&ssl=1","width":350,"height":200,"srcset":"https:\/\/i0.wp.com\/kohenavocats.com\/wp-content\/uploads\/2024\/08\/valdemaras-d-CJAVJ5SF6gA-unsplash.webp?resize=350%2C200&ssl=1 1x, https:\/\/i0.wp.com\/kohenavocats.com\/wp-content\/uploads\/2024\/08\/valdemaras-d-CJAVJ5SF6gA-unsplash.webp?resize=525%2C300&ssl=1 1.5x, https:\/\/i0.wp.com\/kohenavocats.com\/wp-content\/uploads\/2024\/08\/valdemaras-d-CJAVJ5SF6gA-unsplash.webp?resize=700%2C400&ssl=1 2x, https:\/\/i0.wp.com\/kohenavocats.com\/wp-content\/uploads\/2024\/08\/valdemaras-d-CJAVJ5SF6gA-unsplash.webp?resize=1050%2C600&ssl=1 3x, https:\/\/i0.wp.com\/kohenavocats.com\/wp-content\/uploads\/2024\/08\/valdemaras-d-CJAVJ5SF6gA-unsplash.webp?resize=1400%2C800&ssl=1 4x"},"classes":[]},{"id":629046,"url":"https:\/\/kohenavocats.com\/en\/tribunal-judiciaire-de-chambery-le-10-septembre-2025-n25-00147\/","url_meta":{"origin":661524,"position":2},"title":"Tribunal judiciaire de Chamb\u00e9ry, le 10 septembre 2025, n\u00b025\/00147","author":"Kohen","date":"21 April 2026","format":false,"excerpt":"Le tribunal judiciaire de Chamb\u00e9ry, par jugement du 10 septembre 2025, statue sur une opposition \u00e0 contrainte. L\u2019opposant, apr\u00e8s mise en demeure infructueuse...","rel":"","context":"In &quot;Jurisprudence&quot;","block_context":{"text":"Jurisprudence","link":"https:\/\/kohenavocats.com\/category\/jurisprudence\/"},"img":{"alt_text":"","src":"https:\/\/i0.wp.com\/kohenavocats.com\/wp-content\/uploads\/2024\/11\/allison-saeng-FimlRcXllbw-unsplash.webp?resize=350%2C200&ssl=1","width":350,"height":200,"srcset":"https:\/\/i0.wp.com\/kohenavocats.com\/wp-content\/uploads\/2024\/11\/allison-saeng-FimlRcXllbw-unsplash.webp?resize=350%2C200&ssl=1 1x, https:\/\/i0.wp.com\/kohenavocats.com\/wp-content\/uploads\/2024\/11\/allison-saeng-FimlRcXllbw-unsplash.webp?resize=525%2C300&ssl=1 1.5x, https:\/\/i0.wp.com\/kohenavocats.com\/wp-content\/uploads\/2024\/11\/allison-saeng-FimlRcXllbw-unsplash.webp?resize=700%2C400&ssl=1 2x, https:\/\/i0.wp.com\/kohenavocats.com\/wp-content\/uploads\/2024\/11\/allison-saeng-FimlRcXllbw-unsplash.webp?resize=1050%2C600&ssl=1 3x, https:\/\/i0.wp.com\/kohenavocats.com\/wp-content\/uploads\/2024\/11\/allison-saeng-FimlRcXllbw-unsplash.webp?resize=1400%2C800&ssl=1 4x"},"classes":[]},{"id":629059,"url":"https:\/\/kohenavocats.com\/en\/tribunal-judiciaire-de-chambery-le-15-avril-2025-n24-00254\/","url_meta":{"origin":661524,"position":3},"title":"Tribunal judiciaire de Chamb\u00e9ry, le 15 avril 2025, n\u00b024\/00254","author":"Kohen","date":"21 April 2026","format":false,"excerpt":"Le tribunal judiciaire de Chamb\u00e9ry, par jugement du 15 avril 2025, a statu\u00e9 sur une opposition \u00e0 contrainte. L'organisme de recouvrement avait \u00e9mis une contr...","rel":"","context":"In &quot;Jurisprudence&quot;","block_context":{"text":"Jurisprudence","link":"https:\/\/kohenavocats.com\/category\/jurisprudence\/"},"img":{"alt_text":"","src":"https:\/\/i0.wp.com\/kohenavocats.com\/wp-content\/uploads\/2024\/11\/getty-images-C3aPAKHj558-unsplash.webp?resize=350%2C200&ssl=1","width":350,"height":200,"srcset":"https:\/\/i0.wp.com\/kohenavocats.com\/wp-content\/uploads\/2024\/11\/getty-images-C3aPAKHj558-unsplash.webp?resize=350%2C200&ssl=1 1x, https:\/\/i0.wp.com\/kohenavocats.com\/wp-content\/uploads\/2024\/11\/getty-images-C3aPAKHj558-unsplash.webp?resize=525%2C300&ssl=1 1.5x, https:\/\/i0.wp.com\/kohenavocats.com\/wp-content\/uploads\/2024\/11\/getty-images-C3aPAKHj558-unsplash.webp?resize=700%2C400&ssl=1 2x, https:\/\/i0.wp.com\/kohenavocats.com\/wp-content\/uploads\/2024\/11\/getty-images-C3aPAKHj558-unsplash.webp?resize=1050%2C600&ssl=1 3x, https:\/\/i0.wp.com\/kohenavocats.com\/wp-content\/uploads\/2024\/11\/getty-images-C3aPAKHj558-unsplash.webp?resize=1400%2C800&ssl=1 4x"},"classes":[]},{"id":414597,"url":"https:\/\/kohenavocats.com\/en\/tribunal-de-commerce-de-chambery-le-12-fevrier-2025-n2024f00117\/","url_meta":{"origin":661524,"position":4},"title":"Tribunal de commerce de Chambery, le 12 f\u00e9vrier 2025, n\u00b02024F00117","author":"Kohen","date":"21 March 2026","format":false,"excerpt":"Le Tribunal de commerce de Chamb\u00e9ry, par jugement du 12 f\u00e9vrier 2025, a d\u00e9clar\u00e9 irrecevable une action en paiement d\u2019un reliquat de 9 500 euros, consid\u00e9rant la cr\u00e9ance prescrite. Une soci\u00e9t\u00e9 avait command\u00e9 et int\u00e9gralement pay\u00e9 du mat\u00e9riel en f\u00e9vrier 2017. Une facture partielle fut \u00e9mise en avril 2017, laissant\u2026","rel":"","context":"In &quot;D\u00e9cisions juridiques&quot;","block_context":{"text":"D\u00e9cisions juridiques","link":"https:\/\/kohenavocats.com\/category\/decisions-juridiques\/"},"img":{"alt_text":"","src":"https:\/\/i0.wp.com\/kohenavocats.com\/wp-content\/uploads\/2024\/11\/getty-images-YCdjFYsEk9Q-unsplash.webp?resize=350%2C200&ssl=1","width":350,"height":200,"srcset":"https:\/\/i0.wp.com\/kohenavocats.com\/wp-content\/uploads\/2024\/11\/getty-images-YCdjFYsEk9Q-unsplash.webp?resize=350%2C200&ssl=1 1x, https:\/\/i0.wp.com\/kohenavocats.com\/wp-content\/uploads\/2024\/11\/getty-images-YCdjFYsEk9Q-unsplash.webp?resize=525%2C300&ssl=1 1.5x, https:\/\/i0.wp.com\/kohenavocats.com\/wp-content\/uploads\/2024\/11\/getty-images-YCdjFYsEk9Q-unsplash.webp?resize=700%2C400&ssl=1 2x, https:\/\/i0.wp.com\/kohenavocats.com\/wp-content\/uploads\/2024\/11\/getty-images-YCdjFYsEk9Q-unsplash.webp?resize=1050%2C600&ssl=1 3x, https:\/\/i0.wp.com\/kohenavocats.com\/wp-content\/uploads\/2024\/11\/getty-images-YCdjFYsEk9Q-unsplash.webp?resize=1400%2C800&ssl=1 4x"},"classes":[]},{"id":629352,"url":"https:\/\/kohenavocats.com\/en\/tribunal-judiciaire-de-chambery-le-10-septembre-2025-n25-00332\/","url_meta":{"origin":661524,"position":5},"title":"Tribunal judiciaire de Chamb\u00e9ry, le 10 septembre 2025, n\u00b025\/00332","author":"Kohen","date":"21 April 2026","format":false,"excerpt":"Le tribunal judiciaire de Chamb\u00e9ry, le 10 septembre 2025, rejette une opposition \u00e0 contrainte \u00e9mise par l'URSSAF. La partie opposante avait sollicit\u00e9 un renv...","rel":"","context":"In &quot;Jurisprudence&quot;","block_context":{"text":"Jurisprudence","link":"https:\/\/kohenavocats.com\/category\/jurisprudence\/"},"img":{"alt_text":"","src":"https:\/\/i0.wp.com\/kohenavocats.com\/wp-content\/uploads\/2024\/11\/planet-volumes-3RB8kCN90q8-unsplash.webp?resize=350%2C200&ssl=1","width":350,"height":200,"srcset":"https:\/\/i0.wp.com\/kohenavocats.com\/wp-content\/uploads\/2024\/11\/planet-volumes-3RB8kCN90q8-unsplash.webp?resize=350%2C200&ssl=1 1x, https:\/\/i0.wp.com\/kohenavocats.com\/wp-content\/uploads\/2024\/11\/planet-volumes-3RB8kCN90q8-unsplash.webp?resize=525%2C300&ssl=1 1.5x, https:\/\/i0.wp.com\/kohenavocats.com\/wp-content\/uploads\/2024\/11\/planet-volumes-3RB8kCN90q8-unsplash.webp?resize=700%2C400&ssl=1 2x, https:\/\/i0.wp.com\/kohenavocats.com\/wp-content\/uploads\/2024\/11\/planet-volumes-3RB8kCN90q8-unsplash.webp?resize=1050%2C600&ssl=1 3x, https:\/\/i0.wp.com\/kohenavocats.com\/wp-content\/uploads\/2024\/11\/planet-volumes-3RB8kCN90q8-unsplash.webp?resize=1400%2C800&ssl=1 4x"},"classes":[]}],"jetpack_sharing_enabled":true,"_links":{"self":[{"href":"https:\/\/kohenavocats.com\/en\/wp-json\/wp\/v2\/posts\/661524","targetHints":{"allow":["GET"]}}],"collection":[{"href":"https:\/\/kohenavocats.com\/en\/wp-json\/wp\/v2\/posts"}],"about":[{"href":"https:\/\/kohenavocats.com\/en\/wp-json\/wp\/v2\/types\/post"}],"author":[{"embeddable":true,"href":"https:\/\/kohenavocats.com\/en\/wp-json\/wp\/v2\/users\/232070755"}],"replies":[{"embeddable":true,"href":"https:\/\/kohenavocats.com\/en\/wp-json\/wp\/v2\/comments?post=661524"}],"version-history":[{"count":0,"href":"https:\/\/kohenavocats.com\/en\/wp-json\/wp\/v2\/posts\/661524\/revisions"}],"wp:featuredmedia":[{"embeddable":true,"href":"https:\/\/kohenavocats.com\/en\/wp-json\/wp\/v2\/media\/4822"}],"wp:attachment":[{"href":"https:\/\/kohenavocats.com\/en\/wp-json\/wp\/v2\/media?parent=661524"}],"wp:term":[{"taxonomy":"category","embeddable":true,"href":"https:\/\/kohenavocats.com\/en\/wp-json\/wp\/v2\/categories?post=661524"},{"taxonomy":"post_tag","embeddable":true,"href":"https:\/\/kohenavocats.com\/en\/wp-json\/wp\/v2\/tags?post=661524"}],"curies":[{"name":"wp","href":"https:\/\/api.w.org\/{rel}","templated":true}]}}