{"id":662555,"date":"2026-04-23T19:46:51","date_gmt":"2026-04-23T17:46:51","guid":{"rendered":"https:\/\/kohenavocats.com\/tribunal-judiciaire-de-toulon-le-9-octobre-2025-n24-01089\/"},"modified":"2026-04-23T19:46:51","modified_gmt":"2026-04-23T17:46:51","slug":"tribunal-judiciaire-de-toulon-le-9-octobre-2025-n24-01089","status":"publish","type":"post","link":"https:\/\/kohenavocats.com\/en\/tribunal-judiciaire-de-toulon-le-9-octobre-2025-n24-01089\/","title":{"rendered":"Tribunal judiciaire de Toulon, le 9 octobre 2025, n\u00b024\/01089"},"content":{"rendered":"<div class=\"article-content\">\n<p>Le tribunal judiciaire, statuant en mati\u00e8re civile, a rendu un jugement le 9 octobre 2025. Un syndicat de copropri\u00e9taires a assign\u00e9 un copropri\u00e9taire en paiement de charges impay\u00e9es et de frais de recouvrement. Le d\u00e9fendeur, repr\u00e9sent\u00e9 par une association tut\u00e9laire, contestait partiellement la cr\u00e9ance. La juridiction a d\u00fb statuer sur la demande en paiement et sur des demandes accessoires. Elle a condamn\u00e9 le copropri\u00e9taire au paiement des charges, tout en am\u00e9nageant les modalit\u00e9s de paiement et en rejetant certaines demandes.<\/p>\n<p>La preuve des cr\u00e9ances de copropri\u00e9t\u00e9 et leur exigibilit\u00e9<\/p>\n<p>La charge de la preuve en mati\u00e8re de charges communes incombe au syndicat demandeur. Il doit \u00e9tablir le principe de l&#8217;obligation dont il se pr\u00e9vaut. &#8220;Il appartient au syndicat des copropri\u00e9taires qui poursuit le recouvrement de charges de produire le proc\u00e8s-verbal de l&#8217;assembl\u00e9e g\u00e9n\u00e9rale approuvant les comptes de l\u2019exercice correspondant ainsi que les documents comptables et le d\u00e9compte de r\u00e9partition des charges.&#8221; (Motifs) La d\u00e9cision rappelle ainsi l&#8217;exigence d&#8217;une preuve compl\u00e8te et r\u00e9guli\u00e8re. Cette production documentaire est essentielle pour caract\u00e9riser une cr\u00e9ance certaine et liquide.<\/p>\n<p>Les d\u00e9cisions d&#8217;assembl\u00e9e g\u00e9n\u00e9rale r\u00e9guli\u00e8res s&#8217;imposent aux copropri\u00e9taires tant qu&#8217;elles n&#8217;ont pas \u00e9t\u00e9 annul\u00e9es. Le juge n&#8217;a pas \u00e0 v\u00e9rifier si les d\u00e9lais de recours ont expir\u00e9 pour tous. &#8220;Il n&#8217;appartient pas au juge de s&#8217;assurer que la d\u00e9cision de l&#8217;assembl\u00e9e g\u00e9n\u00e9rale n&#8217;est plus susceptible d&#8217;aucune remise en cause.&#8221; (Motifs) Cette solution confirme la force ex\u00e9cutoire imm\u00e9diate des d\u00e9cisions collectives. Elle assure la s\u00e9curit\u00e9 juridique et la fluidit\u00e9 du recouvrement des charges n\u00e9cessaires \u00e0 la vie de l&#8217;immeuble.<\/p>\n<p>Le contr\u00f4le judiciaire des frais accessoires et l&#8217;am\u00e9nagement de la condamnation<\/p>\n<p>Les frais de recouvrement sont strictement encadr\u00e9s et doivent \u00eatre justifi\u00e9s comme n\u00e9cessaires. Seuls les frais indispensables sont imputables au copropri\u00e9taire d\u00e9faillant. &#8220;En l\u2019esp\u00e8ce, il convient de noter que le montant des frais de recouvrement est de 1852,51\u20ac qu\u2019il sera retenu la somme de 50\u20ac de lettre de mise en demeure initiale le reste n\u2019\u00e9tant pas justifi\u00e9 comme n\u00e9cessaire.&#8221; (Motifs) Le juge op\u00e8re donc un contr\u00f4le restrictif sur ces frais. Il pr\u00e9vient ainsi les abus et garantit la proportionnalit\u00e9 de la condamnation.<\/p>\n<p>Le juge peut am\u00e9nager les modalit\u00e9s de paiement en consid\u00e9ration de la situation du d\u00e9biteur. Il tient compte de l&#8217;\u00e9quit\u00e9 et de la situation \u00e9conomique des parties. &#8220;Cependant au vu de la situation de Monsieur [Y] [T] telle qu\u2019elle appara\u00eet dans l\u2019expos\u00e9 pr\u00e9sent\u00e9 lors des d\u00e9bats et pi\u00e8ces fournies, celui-ci [&#8230;] est autoris\u00e9 \u00e0 s\u2019acquitter de la somme principale [&#8230;] en fonction des modalit\u00e9s suivantes.&#8221; (Motifs) Cette facult\u00e9 d&#8217;\u00e9talement humanise l&#8217;ex\u00e9cution du jugement. Elle concilie le droit du cr\u00e9ancier au paiement avec la protection du d\u00e9biteur vuln\u00e9rable.<\/p>\n<\/div>\n","protected":false},"excerpt":{"rendered":"<p>Le tribunal judiciaire, statuant en mati\u00e8re civile, a rendu un jugement le 9 octobre 2025. Un syndicat de copropri\u00e9taires a assign\u00e9 un copropri\u00e9taire en paie&#8230;<\/p>\n","protected":false},"author":232070755,"featured_media":9698,"comment_status":"open","ping_status":"open","sticky":false,"template":"","format":"standard","meta":{"_crdt_document":"","_jetpack_newsletter_access":"","_jetpack_dont_email_post_to_subs":false,"_jetpack_newsletter_tier_id":0,"_jetpack_memberships_contains_paywalled_content":false,"_kj_source_type":"judilibre","_kj_official_id":"68d6f78fd22713eb88c9f8b1","_kj_official_url":"https:\/\/www.courdecassation.fr\/decision\/68d6f78fd22713eb88c9f8b1","_kj_judilibre_id":"68d6f78fd22713eb88c9f8b1","_kj_jur":"Tribunal judiciaire","_kj_lieu":"Tribunal judiciaire de Toulon","_kj_chambre":"5\u00e8me Chambre","_kj_rg":"24\/01089","_kj_date":"2025-09-25","_jetpack_memberships_contains_paid_content":false,"footnotes":"","jetpack_post_was_ever_published":false},"categories":[7597],"tags":[],"class_list":["post-662555","post","type-post","status-publish","format-standard","has-post-thumbnail","hentry","category-jurisprudence"],"yoast_head":"<!-- This site is optimized with the Yoast SEO Premium plugin v27.5 (Yoast SEO v27.5) - https:\/\/yoast.com\/product\/yoast-seo-premium-wordpress\/ -->\n<title>Tribunal judiciaire de Toulon, le 9 octobre 2025, n\u00b024\/01089 - Ma\u00eetre Hassan Kohen, avocat en droit p\u00e9nal \u00e0 Paris<\/title>\n<meta name=\"description\" content=\"Le tribunal judiciaire, statuant en mati\u00e8re civile, a rendu un jugement le 9 octobre 2025. Un syndicat de copropri\u00e9taires a assign\u00e9 un copropri\u00e9taire en paie...\" \/>\n<meta name=\"robots\" content=\"index, follow, max-snippet:-1, max-image-preview:large, max-video-preview:-1\" \/>\n<link rel=\"canonical\" href=\"https:\/\/kohenavocats.com\/en\/tribunal-judiciaire-de-toulon-le-9-octobre-2025-n24-01089\/\" \/>\n<meta property=\"og:locale\" content=\"en_US\" \/>\n<meta property=\"og:type\" content=\"article\" \/>\n<meta property=\"og:title\" content=\"Tribunal judiciaire de Toulon, le 9 octobre 2025, n\u00b024\/01089\" \/>\n<meta property=\"og:description\" content=\"Le tribunal judiciaire, statuant en mati\u00e8re civile, a rendu un jugement le 9 octobre 2025. Un syndicat de copropri\u00e9taires a assign\u00e9 un copropri\u00e9taire en paie...\" \/>\n<meta property=\"og:url\" content=\"https:\/\/kohenavocats.com\/en\/tribunal-judiciaire-de-toulon-le-9-octobre-2025-n24-01089\/\" \/>\n<meta property=\"og:site_name\" content=\"Ma\u00eetre Hassan Kohen, avocat en droit p\u00e9nal \u00e0 Paris\" \/>\n<meta property=\"article:published_time\" content=\"2026-04-23T17:46:51+00:00\" \/>\n<meta property=\"og:image\" content=\"https:\/\/kohenavocats.com\/wp-content\/uploads\/2024\/11\/allison-saeng-kwkyNij4b64-unsplash.webp\" \/>\n\t<meta property=\"og:image:width\" content=\"4000\" \/>\n\t<meta property=\"og:image:height\" content=\"3000\" \/>\n\t<meta property=\"og:image:type\" content=\"image\/webp\" \/>\n<meta name=\"author\" content=\"Kohen\" \/>\n<meta name=\"twitter:card\" content=\"summary_large_image\" \/>\n<meta name=\"twitter:label1\" content=\"Written by\" \/>\n\t<meta name=\"twitter:data1\" content=\"Kohen\" \/>\n\t<meta name=\"twitter:label2\" content=\"Est. reading time\" \/>\n\t<meta name=\"twitter:data2\" content=\"3 minutes\" \/>\n<script type=\"application\/ld+json\" class=\"yoast-schema-graph\">{\"@context\":\"https:\\\/\\\/schema.org\",\"@graph\":[{\"@type\":\"Article\",\"@id\":\"https:\\\/\\\/kohenavocats.com\\\/en\\\/tribunal-judiciaire-de-toulon-le-9-octobre-2025-n24-01089\\\/#article\",\"isPartOf\":{\"@id\":\"https:\\\/\\\/kohenavocats.com\\\/en\\\/tribunal-judiciaire-de-toulon-le-9-octobre-2025-n24-01089\\\/\"},\"author\":{\"name\":\"Kohen\",\"@id\":\"https:\\\/\\\/kohenavocats.com\\\/en\\\/#\\\/schema\\\/person\\\/761c9ba54fa1ca84d405cef0831ff751\"},\"headline\":\"Tribunal judiciaire de Toulon, le 9 octobre 2025, n\u00b024\\\/01089\",\"datePublished\":\"2026-04-23T17:46:51+00:00\",\"mainEntityOfPage\":{\"@id\":\"https:\\\/\\\/kohenavocats.com\\\/en\\\/tribunal-judiciaire-de-toulon-le-9-octobre-2025-n24-01089\\\/\"},\"wordCount\":528,\"commentCount\":0,\"publisher\":{\"@id\":\"https:\\\/\\\/kohenavocats.com\\\/en\\\/#organization\"},\"image\":{\"@id\":\"https:\\\/\\\/kohenavocats.com\\\/en\\\/tribunal-judiciaire-de-toulon-le-9-octobre-2025-n24-01089\\\/#primaryimage\"},\"thumbnailUrl\":\"https:\\\/\\\/kohenavocats.com\\\/wp-content\\\/uploads\\\/2024\\\/11\\\/allison-saeng-kwkyNij4b64-unsplash.webp\",\"articleSection\":[\"Jurisprudence\"],\"inLanguage\":\"en-US\",\"potentialAction\":[{\"@type\":\"CommentAction\",\"name\":\"Comment\",\"target\":[\"https:\\\/\\\/kohenavocats.com\\\/en\\\/tribunal-judiciaire-de-toulon-le-9-octobre-2025-n24-01089\\\/#respond\"]}],\"citation\":\"Tribunal judiciaire de Toulon, le 9 octobre 2025, n\u00b024\\\/01089\",\"about\":[{\"@type\":\"Thing\",\"name\":\"Jurisprudence\"}],\"dateModified\":\"2026-04-23T17:46:51+00:00\",\"speakable\":{\"@type\":\"SpeakableSpecification\",\"cssSelector\":[\".article-content > p:first-of-type\"]}},{\"@type\":\"WebPage\",\"@id\":\"https:\\\/\\\/kohenavocats.com\\\/en\\\/tribunal-judiciaire-de-toulon-le-9-octobre-2025-n24-01089\\\/\",\"url\":\"https:\\\/\\\/kohenavocats.com\\\/en\\\/tribunal-judiciaire-de-toulon-le-9-octobre-2025-n24-01089\\\/\",\"name\":\"Tribunal judiciaire de Toulon, le 9 octobre 2025, n\u00b024\\\/01089 - Ma\u00eetre Hassan Kohen, avocat en droit p\u00e9nal \u00e0 Paris\",\"isPartOf\":{\"@id\":\"https:\\\/\\\/kohenavocats.com\\\/en\\\/#website\"},\"primaryImageOfPage\":{\"@id\":\"https:\\\/\\\/kohenavocats.com\\\/en\\\/tribunal-judiciaire-de-toulon-le-9-octobre-2025-n24-01089\\\/#primaryimage\"},\"image\":{\"@id\":\"https:\\\/\\\/kohenavocats.com\\\/en\\\/tribunal-judiciaire-de-toulon-le-9-octobre-2025-n24-01089\\\/#primaryimage\"},\"thumbnailUrl\":\"https:\\\/\\\/kohenavocats.com\\\/wp-content\\\/uploads\\\/2024\\\/11\\\/allison-saeng-kwkyNij4b64-unsplash.webp\",\"datePublished\":\"2026-04-23T17:46:51+00:00\",\"description\":\"Le tribunal judiciaire, statuant en mati\u00e8re civile, a rendu un jugement le 9 octobre 2025. Un syndicat de copropri\u00e9taires a assign\u00e9 un copropri\u00e9taire en paie...\",\"breadcrumb\":{\"@id\":\"https:\\\/\\\/kohenavocats.com\\\/en\\\/tribunal-judiciaire-de-toulon-le-9-octobre-2025-n24-01089\\\/#breadcrumb\"},\"inLanguage\":\"en-US\",\"potentialAction\":[{\"@type\":\"ReadAction\",\"target\":[\"https:\\\/\\\/kohenavocats.com\\\/en\\\/tribunal-judiciaire-de-toulon-le-9-octobre-2025-n24-01089\\\/\"]}]},{\"@type\":\"ImageObject\",\"inLanguage\":\"en-US\",\"@id\":\"https:\\\/\\\/kohenavocats.com\\\/en\\\/tribunal-judiciaire-de-toulon-le-9-octobre-2025-n24-01089\\\/#primaryimage\",\"url\":\"https:\\\/\\\/kohenavocats.com\\\/wp-content\\\/uploads\\\/2024\\\/11\\\/allison-saeng-kwkyNij4b64-unsplash.webp\",\"contentUrl\":\"https:\\\/\\\/kohenavocats.com\\\/wp-content\\\/uploads\\\/2024\\\/11\\\/allison-saeng-kwkyNij4b64-unsplash.webp\",\"width\":4000,\"height\":3000},{\"@type\":\"BreadcrumbList\",\"@id\":\"https:\\\/\\\/kohenavocats.com\\\/en\\\/tribunal-judiciaire-de-toulon-le-9-octobre-2025-n24-01089\\\/#breadcrumb\",\"itemListElement\":[{\"@type\":\"ListItem\",\"position\":1,\"name\":\"Home\",\"item\":\"https:\\\/\\\/kohenavocats.com\\\/en\\\/criminal-law-attorneys-in-paris-counsel-and-strategic-defense\\\/\"},{\"@type\":\"ListItem\",\"position\":2,\"name\":\"Tribunal judiciaire de Toulon, le 9 octobre 2025, n\u00b024\\\/01089\"}]},{\"@type\":\"WebSite\",\"@id\":\"https:\\\/\\\/kohenavocats.com\\\/en\\\/#website\",\"url\":\"https:\\\/\\\/kohenavocats.com\\\/en\\\/\",\"name\":\"Kohen Avocats\",\"description\":\"Ma\u00eetre Hassan Kohen, avocat p\u00e9naliste \u00e0 Paris, intervient exclusivement en droit p\u00e9nal pour la d\u00e9fense des particuliers, notamment en mati\u00e8re d\u2019accusations de viol. Il assure un accompagnement rigoureux d\u00e8s la garde \u00e0 vue jusqu\u2019\u00e0 la Cour d\u2019assises, veillant au strict respect des garanties proc\u00e9durales.\",\"publisher\":{\"@id\":\"https:\\\/\\\/kohenavocats.com\\\/en\\\/#organization\"},\"potentialAction\":[{\"@type\":\"SearchAction\",\"target\":{\"@type\":\"EntryPoint\",\"urlTemplate\":\"https:\\\/\\\/kohenavocats.com\\\/en\\\/?s={search_term_string}\"},\"query-input\":{\"@type\":\"PropertyValueSpecification\",\"valueRequired\":true,\"valueName\":\"search_term_string\"}}],\"inLanguage\":\"en-US\"},{\"@type\":\"Organization\",\"@id\":\"https:\\\/\\\/kohenavocats.com\\\/en\\\/#organization\",\"name\":\"Kohen Avocats\",\"url\":\"https:\\\/\\\/kohenavocats.com\\\/en\\\/\",\"logo\":{\"@type\":\"ImageObject\",\"inLanguage\":\"en-US\",\"@id\":\"https:\\\/\\\/kohenavocats.com\\\/en\\\/#\\\/schema\\\/logo\\\/image\\\/\",\"url\":\"https:\\\/\\\/kohenavocats.com\\\/wp-content\\\/uploads\\\/2026\\\/01\\\/Logo-2-1.webp\",\"contentUrl\":\"https:\\\/\\\/kohenavocats.com\\\/wp-content\\\/uploads\\\/2026\\\/01\\\/Logo-2-1.webp\",\"width\":2114,\"height\":1253,\"caption\":\"Kohen Avocats\"},\"image\":{\"@id\":\"https:\\\/\\\/kohenavocats.com\\\/en\\\/#\\\/schema\\\/logo\\\/image\\\/\"}},{\"@type\":\"Person\",\"@id\":\"https:\\\/\\\/kohenavocats.com\\\/en\\\/#\\\/schema\\\/person\\\/761c9ba54fa1ca84d405cef0831ff751\",\"name\":\"Kohen\",\"image\":{\"@type\":\"ImageObject\",\"inLanguage\":\"en-US\",\"@id\":\"https:\\\/\\\/secure.gravatar.com\\\/avatar\\\/1c5e76ef76bbbfdd2b4da984e2bf2fa4056fd51a27d25ce2c332047f1dfd6e00?s=96&d=identicon&r=g\",\"url\":\"https:\\\/\\\/secure.gravatar.com\\\/avatar\\\/1c5e76ef76bbbfdd2b4da984e2bf2fa4056fd51a27d25ce2c332047f1dfd6e00?s=96&d=identicon&r=g\",\"contentUrl\":\"https:\\\/\\\/secure.gravatar.com\\\/avatar\\\/1c5e76ef76bbbfdd2b4da984e2bf2fa4056fd51a27d25ce2c332047f1dfd6e00?s=96&d=identicon&r=g\",\"caption\":\"Kohen\"},\"sameAs\":[\"https:\\\/\\\/www.linkedin.com\\\/in\\\/hassan-kohen-448548192\\\/\",\"https:\\\/\\\/www.youtube.com\\\/@Kohen-Avocats\"],\"url\":\"https:\\\/\\\/kohenavocats.com\\\/en\\\/author\\\/kohenmlk\\\/\"}]}<\/script>\n<!-- \/ Yoast SEO Premium plugin. -->","yoast_head_json":{"title":"Tribunal judiciaire de Toulon, le 9 octobre 2025, n\u00b024\/01089 - Ma\u00eetre Hassan Kohen, avocat en droit p\u00e9nal \u00e0 Paris","description":"Le tribunal judiciaire, statuant en mati\u00e8re civile, a rendu un jugement le 9 octobre 2025. Un syndicat de copropri\u00e9taires a assign\u00e9 un copropri\u00e9taire en paie...","robots":{"index":"index","follow":"follow","max-snippet":"max-snippet:-1","max-image-preview":"max-image-preview:large","max-video-preview":"max-video-preview:-1"},"canonical":"https:\/\/kohenavocats.com\/en\/tribunal-judiciaire-de-toulon-le-9-octobre-2025-n24-01089\/","og_locale":"en_US","og_type":"article","og_title":"Tribunal judiciaire de Toulon, le 9 octobre 2025, n\u00b024\/01089","og_description":"Le tribunal judiciaire, statuant en mati\u00e8re civile, a rendu un jugement le 9 octobre 2025. Un syndicat de copropri\u00e9taires a assign\u00e9 un copropri\u00e9taire en paie...","og_url":"https:\/\/kohenavocats.com\/en\/tribunal-judiciaire-de-toulon-le-9-octobre-2025-n24-01089\/","og_site_name":"Ma\u00eetre Hassan Kohen, avocat en droit p\u00e9nal \u00e0 Paris","article_published_time":"2026-04-23T17:46:51+00:00","og_image":[{"width":4000,"height":3000,"url":"https:\/\/kohenavocats.com\/wp-content\/uploads\/2024\/11\/allison-saeng-kwkyNij4b64-unsplash.webp","type":"image\/webp"}],"author":"Kohen","twitter_card":"summary_large_image","twitter_misc":{"Written by":"Kohen","Est. reading time":"3 minutes"},"schema":{"@context":"https:\/\/schema.org","@graph":[{"@type":"Article","@id":"https:\/\/kohenavocats.com\/en\/tribunal-judiciaire-de-toulon-le-9-octobre-2025-n24-01089\/#article","isPartOf":{"@id":"https:\/\/kohenavocats.com\/en\/tribunal-judiciaire-de-toulon-le-9-octobre-2025-n24-01089\/"},"author":{"name":"Kohen","@id":"https:\/\/kohenavocats.com\/en\/#\/schema\/person\/761c9ba54fa1ca84d405cef0831ff751"},"headline":"Tribunal judiciaire de Toulon, le 9 octobre 2025, n\u00b024\/01089","datePublished":"2026-04-23T17:46:51+00:00","mainEntityOfPage":{"@id":"https:\/\/kohenavocats.com\/en\/tribunal-judiciaire-de-toulon-le-9-octobre-2025-n24-01089\/"},"wordCount":528,"commentCount":0,"publisher":{"@id":"https:\/\/kohenavocats.com\/en\/#organization"},"image":{"@id":"https:\/\/kohenavocats.com\/en\/tribunal-judiciaire-de-toulon-le-9-octobre-2025-n24-01089\/#primaryimage"},"thumbnailUrl":"https:\/\/kohenavocats.com\/wp-content\/uploads\/2024\/11\/allison-saeng-kwkyNij4b64-unsplash.webp","articleSection":["Jurisprudence"],"inLanguage":"en-US","potentialAction":[{"@type":"CommentAction","name":"Comment","target":["https:\/\/kohenavocats.com\/en\/tribunal-judiciaire-de-toulon-le-9-octobre-2025-n24-01089\/#respond"]}],"citation":"Tribunal judiciaire de Toulon, le 9 octobre 2025, n\u00b024\/01089","about":[{"@type":"Thing","name":"Jurisprudence"}],"dateModified":"2026-04-23T17:46:51+00:00","speakable":{"@type":"SpeakableSpecification","cssSelector":[".article-content > p:first-of-type"]}},{"@type":"WebPage","@id":"https:\/\/kohenavocats.com\/en\/tribunal-judiciaire-de-toulon-le-9-octobre-2025-n24-01089\/","url":"https:\/\/kohenavocats.com\/en\/tribunal-judiciaire-de-toulon-le-9-octobre-2025-n24-01089\/","name":"Tribunal judiciaire de Toulon, le 9 octobre 2025, n\u00b024\/01089 - Ma\u00eetre Hassan Kohen, avocat en droit p\u00e9nal \u00e0 Paris","isPartOf":{"@id":"https:\/\/kohenavocats.com\/en\/#website"},"primaryImageOfPage":{"@id":"https:\/\/kohenavocats.com\/en\/tribunal-judiciaire-de-toulon-le-9-octobre-2025-n24-01089\/#primaryimage"},"image":{"@id":"https:\/\/kohenavocats.com\/en\/tribunal-judiciaire-de-toulon-le-9-octobre-2025-n24-01089\/#primaryimage"},"thumbnailUrl":"https:\/\/kohenavocats.com\/wp-content\/uploads\/2024\/11\/allison-saeng-kwkyNij4b64-unsplash.webp","datePublished":"2026-04-23T17:46:51+00:00","description":"Le tribunal judiciaire, statuant en mati\u00e8re civile, a rendu un jugement le 9 octobre 2025. Un syndicat de copropri\u00e9taires a assign\u00e9 un copropri\u00e9taire en paie...","breadcrumb":{"@id":"https:\/\/kohenavocats.com\/en\/tribunal-judiciaire-de-toulon-le-9-octobre-2025-n24-01089\/#breadcrumb"},"inLanguage":"en-US","potentialAction":[{"@type":"ReadAction","target":["https:\/\/kohenavocats.com\/en\/tribunal-judiciaire-de-toulon-le-9-octobre-2025-n24-01089\/"]}]},{"@type":"ImageObject","inLanguage":"en-US","@id":"https:\/\/kohenavocats.com\/en\/tribunal-judiciaire-de-toulon-le-9-octobre-2025-n24-01089\/#primaryimage","url":"https:\/\/kohenavocats.com\/wp-content\/uploads\/2024\/11\/allison-saeng-kwkyNij4b64-unsplash.webp","contentUrl":"https:\/\/kohenavocats.com\/wp-content\/uploads\/2024\/11\/allison-saeng-kwkyNij4b64-unsplash.webp","width":4000,"height":3000},{"@type":"BreadcrumbList","@id":"https:\/\/kohenavocats.com\/en\/tribunal-judiciaire-de-toulon-le-9-octobre-2025-n24-01089\/#breadcrumb","itemListElement":[{"@type":"ListItem","position":1,"name":"Home","item":"https:\/\/kohenavocats.com\/en\/criminal-law-attorneys-in-paris-counsel-and-strategic-defense\/"},{"@type":"ListItem","position":2,"name":"Tribunal judiciaire de Toulon, le 9 octobre 2025, n\u00b024\/01089"}]},{"@type":"WebSite","@id":"https:\/\/kohenavocats.com\/en\/#website","url":"https:\/\/kohenavocats.com\/en\/","name":"Kohen Avocats","description":"Ma\u00eetre Hassan Kohen, avocat p\u00e9naliste \u00e0 Paris, intervient exclusivement en droit p\u00e9nal pour la d\u00e9fense des particuliers, notamment en mati\u00e8re d\u2019accusations de viol. Il assure un accompagnement rigoureux d\u00e8s la garde \u00e0 vue jusqu\u2019\u00e0 la Cour d\u2019assises, veillant au strict respect des garanties proc\u00e9durales.","publisher":{"@id":"https:\/\/kohenavocats.com\/en\/#organization"},"potentialAction":[{"@type":"SearchAction","target":{"@type":"EntryPoint","urlTemplate":"https:\/\/kohenavocats.com\/en\/?s={search_term_string}"},"query-input":{"@type":"PropertyValueSpecification","valueRequired":true,"valueName":"search_term_string"}}],"inLanguage":"en-US"},{"@type":"Organization","@id":"https:\/\/kohenavocats.com\/en\/#organization","name":"Kohen Avocats","url":"https:\/\/kohenavocats.com\/en\/","logo":{"@type":"ImageObject","inLanguage":"en-US","@id":"https:\/\/kohenavocats.com\/en\/#\/schema\/logo\/image\/","url":"https:\/\/kohenavocats.com\/wp-content\/uploads\/2026\/01\/Logo-2-1.webp","contentUrl":"https:\/\/kohenavocats.com\/wp-content\/uploads\/2026\/01\/Logo-2-1.webp","width":2114,"height":1253,"caption":"Kohen Avocats"},"image":{"@id":"https:\/\/kohenavocats.com\/en\/#\/schema\/logo\/image\/"}},{"@type":"Person","@id":"https:\/\/kohenavocats.com\/en\/#\/schema\/person\/761c9ba54fa1ca84d405cef0831ff751","name":"Kohen","image":{"@type":"ImageObject","inLanguage":"en-US","@id":"https:\/\/secure.gravatar.com\/avatar\/1c5e76ef76bbbfdd2b4da984e2bf2fa4056fd51a27d25ce2c332047f1dfd6e00?s=96&d=identicon&r=g","url":"https:\/\/secure.gravatar.com\/avatar\/1c5e76ef76bbbfdd2b4da984e2bf2fa4056fd51a27d25ce2c332047f1dfd6e00?s=96&d=identicon&r=g","contentUrl":"https:\/\/secure.gravatar.com\/avatar\/1c5e76ef76bbbfdd2b4da984e2bf2fa4056fd51a27d25ce2c332047f1dfd6e00?s=96&d=identicon&r=g","caption":"Kohen"},"sameAs":["https:\/\/www.linkedin.com\/in\/hassan-kohen-448548192\/","https:\/\/www.youtube.com\/@Kohen-Avocats"],"url":"https:\/\/kohenavocats.com\/en\/author\/kohenmlk\/"}]}},"jetpack_featured_media_url":"https:\/\/kohenavocats.com\/wp-content\/uploads\/2024\/11\/allison-saeng-kwkyNij4b64-unsplash.webp","jetpack_likes_enabled":false,"jetpack_shortlink":"https:\/\/wp.me\/peCrII-2Mmn","jetpack-related-posts":[{"id":617056,"url":"https:\/\/kohenavocats.com\/en\/tribunal-judiciaire-de-raincy-le-22-octobre-2025-n24-10414\/","url_meta":{"origin":662555,"position":0},"title":"Tribunal judiciaire de Raincy, le 22 octobre 2025, n\u00b024\/10414","author":"Kohen","date":"20 April 2026","format":false,"excerpt":"Le tribunal judiciaire du Raincy, le vingt-deux octobre deux mille vingt-cinq, statue sur une demande en paiement d\u2019arri\u00e9r\u00e9s de charges de copropri\u00e9t\u00e9. Le sy...","rel":"","context":"In &quot;Jurisprudence&quot;","block_context":{"text":"Jurisprudence","link":"https:\/\/kohenavocats.com\/category\/jurisprudence\/"},"img":{"alt_text":"","src":"https:\/\/i0.wp.com\/kohenavocats.com\/wp-content\/uploads\/2024\/08\/chris-linnett-aoJDcEy2tBo-unsplash.webp?resize=350%2C200&ssl=1","width":350,"height":200,"srcset":"https:\/\/i0.wp.com\/kohenavocats.com\/wp-content\/uploads\/2024\/08\/chris-linnett-aoJDcEy2tBo-unsplash.webp?resize=350%2C200&ssl=1 1x, https:\/\/i0.wp.com\/kohenavocats.com\/wp-content\/uploads\/2024\/08\/chris-linnett-aoJDcEy2tBo-unsplash.webp?resize=525%2C300&ssl=1 1.5x, https:\/\/i0.wp.com\/kohenavocats.com\/wp-content\/uploads\/2024\/08\/chris-linnett-aoJDcEy2tBo-unsplash.webp?resize=700%2C400&ssl=1 2x, https:\/\/i0.wp.com\/kohenavocats.com\/wp-content\/uploads\/2024\/08\/chris-linnett-aoJDcEy2tBo-unsplash.webp?resize=1050%2C600&ssl=1 3x, https:\/\/i0.wp.com\/kohenavocats.com\/wp-content\/uploads\/2024\/08\/chris-linnett-aoJDcEy2tBo-unsplash.webp?resize=1400%2C800&ssl=1 4x"},"classes":[]},{"id":638195,"url":"https:\/\/kohenavocats.com\/en\/tribunal-judiciaire-de-paris-le-9-octobre-2025-n25-03548\/","url_meta":{"origin":662555,"position":1},"title":"Tribunal judiciaire de Paris, le 9 octobre 2025, n\u00b025\/03548","author":"Kohen","date":"21 April 2026","format":false,"excerpt":"Le tribunal judiciaire de Paris, le 9 octobre 2025, statue sur un litige entre un syndicat de copropri\u00e9taires et un copropri\u00e9taire d\u00e9faillant. Apr\u00e8s un d\u00e9sis...","rel":"","context":"In &quot;Jurisprudence&quot;","block_context":{"text":"Jurisprudence","link":"https:\/\/kohenavocats.com\/category\/jurisprudence\/"},"img":{"alt_text":"","src":"https:\/\/i0.wp.com\/kohenavocats.com\/wp-content\/uploads\/2024\/08\/joshua-woods-hUREQwNYiZQ-unsplash.webp?resize=350%2C200&ssl=1","width":350,"height":200,"srcset":"https:\/\/i0.wp.com\/kohenavocats.com\/wp-content\/uploads\/2024\/08\/joshua-woods-hUREQwNYiZQ-unsplash.webp?resize=350%2C200&ssl=1 1x, https:\/\/i0.wp.com\/kohenavocats.com\/wp-content\/uploads\/2024\/08\/joshua-woods-hUREQwNYiZQ-unsplash.webp?resize=525%2C300&ssl=1 1.5x, https:\/\/i0.wp.com\/kohenavocats.com\/wp-content\/uploads\/2024\/08\/joshua-woods-hUREQwNYiZQ-unsplash.webp?resize=700%2C400&ssl=1 2x, https:\/\/i0.wp.com\/kohenavocats.com\/wp-content\/uploads\/2024\/08\/joshua-woods-hUREQwNYiZQ-unsplash.webp?resize=1050%2C600&ssl=1 3x, https:\/\/i0.wp.com\/kohenavocats.com\/wp-content\/uploads\/2024\/08\/joshua-woods-hUREQwNYiZQ-unsplash.webp?resize=1400%2C800&ssl=1 4x"},"classes":[]},{"id":611030,"url":"https:\/\/kohenavocats.com\/en\/cour-dappel-de-besancon-le-9-decembre-2025-n24-01044\/","url_meta":{"origin":662555,"position":2},"title":"Cour d&#8217;appel de Besan\u00e7on, le 9 d\u00e9cembre 2025, n\u00b024\/01044","author":"Kohen","date":"19 April 2026","format":false,"excerpt":"Cour d\u2019appel de Rennes, 13 septembre 2024. Un syndicat de copropri\u00e9t\u00e9 agit en paiement de charges contre des copropri\u00e9taires. Le tribunal rejette sa demande ...","rel":"","context":"In &quot;Jurisprudence&quot;","block_context":{"text":"Jurisprudence","link":"https:\/\/kohenavocats.com\/category\/jurisprudence\/"},"img":{"alt_text":"","src":"https:\/\/i0.wp.com\/kohenavocats.com\/wp-content\/uploads\/2024\/08\/alice-P1D60RN7KuQ-unsplash.webp?resize=350%2C200&ssl=1","width":350,"height":200,"srcset":"https:\/\/i0.wp.com\/kohenavocats.com\/wp-content\/uploads\/2024\/08\/alice-P1D60RN7KuQ-unsplash.webp?resize=350%2C200&ssl=1 1x, https:\/\/i0.wp.com\/kohenavocats.com\/wp-content\/uploads\/2024\/08\/alice-P1D60RN7KuQ-unsplash.webp?resize=525%2C300&ssl=1 1.5x, https:\/\/i0.wp.com\/kohenavocats.com\/wp-content\/uploads\/2024\/08\/alice-P1D60RN7KuQ-unsplash.webp?resize=700%2C400&ssl=1 2x, https:\/\/i0.wp.com\/kohenavocats.com\/wp-content\/uploads\/2024\/08\/alice-P1D60RN7KuQ-unsplash.webp?resize=1050%2C600&ssl=1 3x, https:\/\/i0.wp.com\/kohenavocats.com\/wp-content\/uploads\/2024\/08\/alice-P1D60RN7KuQ-unsplash.webp?resize=1400%2C800&ssl=1 4x"},"classes":[]},{"id":487676,"url":"https:\/\/kohenavocats.com\/en\/tribunal-judiciaire-le-15-octobre-2025-n25-00718\/","url_meta":{"origin":662555,"position":3},"title":"Tribunal judiciaire, le 15 octobre 2025, n\u00b025\/00718","author":"Kohen","date":"8 April 2026","format":false,"excerpt":"Le tribunal judiciaire, par jugement du 15 octobre 2025, statue sur une demande en paiement de charges de copropri\u00e9t\u00e9. Le syndicat poursuit un copropri\u00e9taire...","rel":"","context":"In &quot;Jurisprudence&quot;","block_context":{"text":"Jurisprudence","link":"https:\/\/kohenavocats.com\/category\/jurisprudence\/"},"img":{"alt_text":"","src":"https:\/\/i0.wp.com\/kohenavocats.com\/wp-content\/uploads\/2024\/07\/prateek-katyal-_YzGQvASeMk-unsplash.webp?resize=350%2C200&ssl=1","width":350,"height":200,"srcset":"https:\/\/i0.wp.com\/kohenavocats.com\/wp-content\/uploads\/2024\/07\/prateek-katyal-_YzGQvASeMk-unsplash.webp?resize=350%2C200&ssl=1 1x, https:\/\/i0.wp.com\/kohenavocats.com\/wp-content\/uploads\/2024\/07\/prateek-katyal-_YzGQvASeMk-unsplash.webp?resize=525%2C300&ssl=1 1.5x, https:\/\/i0.wp.com\/kohenavocats.com\/wp-content\/uploads\/2024\/07\/prateek-katyal-_YzGQvASeMk-unsplash.webp?resize=700%2C400&ssl=1 2x, https:\/\/i0.wp.com\/kohenavocats.com\/wp-content\/uploads\/2024\/07\/prateek-katyal-_YzGQvASeMk-unsplash.webp?resize=1050%2C600&ssl=1 3x, https:\/\/i0.wp.com\/kohenavocats.com\/wp-content\/uploads\/2024\/07\/prateek-katyal-_YzGQvASeMk-unsplash.webp?resize=1400%2C800&ssl=1 4x"},"classes":[]},{"id":626837,"url":"https:\/\/kohenavocats.com\/en\/tribunal-judiciaire-de-paris-le-16-octobre-2025-n25-03416\/","url_meta":{"origin":662555,"position":4},"title":"Tribunal judiciaire de Paris, le 16 octobre 2025, n\u00b025\/03416","author":"Kohen","date":"20 April 2026","format":false,"excerpt":"Le tribunal judiciaire de Paris, le 16 octobre 2025, statue sur une demande en paiement de charges de copropri\u00e9t\u00e9. Le syndicat poursuit un copropri\u00e9taire pou...","rel":"","context":"In &quot;Jurisprudence&quot;","block_context":{"text":"Jurisprudence","link":"https:\/\/kohenavocats.com\/category\/jurisprudence\/"},"img":{"alt_text":"","src":"https:\/\/i0.wp.com\/kohenavocats.com\/wp-content\/uploads\/2024\/11\/laura-adai-abjOwJNokkQ-unsplash.webp?resize=350%2C200&ssl=1","width":350,"height":200,"srcset":"https:\/\/i0.wp.com\/kohenavocats.com\/wp-content\/uploads\/2024\/11\/laura-adai-abjOwJNokkQ-unsplash.webp?resize=350%2C200&ssl=1 1x, https:\/\/i0.wp.com\/kohenavocats.com\/wp-content\/uploads\/2024\/11\/laura-adai-abjOwJNokkQ-unsplash.webp?resize=525%2C300&ssl=1 1.5x, https:\/\/i0.wp.com\/kohenavocats.com\/wp-content\/uploads\/2024\/11\/laura-adai-abjOwJNokkQ-unsplash.webp?resize=700%2C400&ssl=1 2x, https:\/\/i0.wp.com\/kohenavocats.com\/wp-content\/uploads\/2024\/11\/laura-adai-abjOwJNokkQ-unsplash.webp?resize=1050%2C600&ssl=1 3x, https:\/\/i0.wp.com\/kohenavocats.com\/wp-content\/uploads\/2024\/11\/laura-adai-abjOwJNokkQ-unsplash.webp?resize=1400%2C800&ssl=1 4x"},"classes":[]},{"id":635860,"url":"https:\/\/kohenavocats.com\/en\/tribunal-judiciaire-de-paris-le-10-octobre-2025-n24-04301\/","url_meta":{"origin":662555,"position":5},"title":"Tribunal judiciaire de Paris, le 10 octobre 2025, n\u00b024\/04301","author":"Kohen","date":"21 April 2026","format":false,"excerpt":"Le tribunal judiciaire de Paris, le 10 octobre 2025, statue sur une action en recouvrement de charges de copropri\u00e9t\u00e9. Le syndicat, repr\u00e9sent\u00e9 par son syndic,...","rel":"","context":"In &quot;Jurisprudence&quot;","block_context":{"text":"Jurisprudence","link":"https:\/\/kohenavocats.com\/category\/jurisprudence\/"},"img":{"alt_text":"","src":"https:\/\/i0.wp.com\/kohenavocats.com\/wp-content\/uploads\/2024\/11\/laura-adai-hhsSCQVroM8-unsplash.webp?resize=350%2C200&ssl=1","width":350,"height":200,"srcset":"https:\/\/i0.wp.com\/kohenavocats.com\/wp-content\/uploads\/2024\/11\/laura-adai-hhsSCQVroM8-unsplash.webp?resize=350%2C200&ssl=1 1x, https:\/\/i0.wp.com\/kohenavocats.com\/wp-content\/uploads\/2024\/11\/laura-adai-hhsSCQVroM8-unsplash.webp?resize=525%2C300&ssl=1 1.5x, https:\/\/i0.wp.com\/kohenavocats.com\/wp-content\/uploads\/2024\/11\/laura-adai-hhsSCQVroM8-unsplash.webp?resize=700%2C400&ssl=1 2x, https:\/\/i0.wp.com\/kohenavocats.com\/wp-content\/uploads\/2024\/11\/laura-adai-hhsSCQVroM8-unsplash.webp?resize=1050%2C600&ssl=1 3x, https:\/\/i0.wp.com\/kohenavocats.com\/wp-content\/uploads\/2024\/11\/laura-adai-hhsSCQVroM8-unsplash.webp?resize=1400%2C800&ssl=1 4x"},"classes":[]}],"jetpack_sharing_enabled":true,"_links":{"self":[{"href":"https:\/\/kohenavocats.com\/en\/wp-json\/wp\/v2\/posts\/662555","targetHints":{"allow":["GET"]}}],"collection":[{"href":"https:\/\/kohenavocats.com\/en\/wp-json\/wp\/v2\/posts"}],"about":[{"href":"https:\/\/kohenavocats.com\/en\/wp-json\/wp\/v2\/types\/post"}],"author":[{"embeddable":true,"href":"https:\/\/kohenavocats.com\/en\/wp-json\/wp\/v2\/users\/232070755"}],"replies":[{"embeddable":true,"href":"https:\/\/kohenavocats.com\/en\/wp-json\/wp\/v2\/comments?post=662555"}],"version-history":[{"count":0,"href":"https:\/\/kohenavocats.com\/en\/wp-json\/wp\/v2\/posts\/662555\/revisions"}],"wp:featuredmedia":[{"embeddable":true,"href":"https:\/\/kohenavocats.com\/en\/wp-json\/wp\/v2\/media\/9698"}],"wp:attachment":[{"href":"https:\/\/kohenavocats.com\/en\/wp-json\/wp\/v2\/media?parent=662555"}],"wp:term":[{"taxonomy":"category","embeddable":true,"href":"https:\/\/kohenavocats.com\/en\/wp-json\/wp\/v2\/categories?post=662555"},{"taxonomy":"post_tag","embeddable":true,"href":"https:\/\/kohenavocats.com\/en\/wp-json\/wp\/v2\/tags?post=662555"}],"curies":[{"name":"wp","href":"https:\/\/api.w.org\/{rel}","templated":true}]}}