{"id":663044,"date":"2026-04-23T20:36:47","date_gmt":"2026-04-23T18:36:47","guid":{"rendered":"https:\/\/kohenavocats.com\/tribunal-judiciaire-de-paris-le-17-fevrier-2026-n22-02524\/"},"modified":"2026-04-23T20:36:47","modified_gmt":"2026-04-23T18:36:47","slug":"tribunal-judiciaire-de-paris-le-17-fevrier-2026-n22-02524","status":"publish","type":"post","link":"https:\/\/kohenavocats.com\/en\/tribunal-judiciaire-de-paris-le-17-fevrier-2026-n22-02524\/","title":{"rendered":"Tribunal judiciaire de Paris, le 17 f\u00e9vrier 2026, n\u00b022\/02524"},"content":{"rendered":"<div class=\"article-content\">\n<p>Le tribunal judiciaire de Paris, statuant en la forme des r\u00e9f\u00e9r\u00e9s, a rendu une ordonnance de mise en \u00e9tat le 17 f\u00e9vrier 2026. L&#8217;affaire concernait un litige relatif \u00e0 la vente d&#8217;un v\u00e9hicule pr\u00e9sentant une d\u00e9faillance m\u00e9canique. Le juge de la mise en \u00e9tat a \u00e9t\u00e9 saisi de plusieurs demandes incidentes, dont une demande provisionnelle li\u00e9e \u00e0 un vice cach\u00e9 et une demande d&#8217;expertise. La juridiction a rejet\u00e9 l&#8217;ensemble de ces demandes et a prononc\u00e9 la jonction de plusieurs instances. Elle a \u00e9galement condamn\u00e9 la soci\u00e9t\u00e9 vendeuse aux d\u00e9pens et \u00e0 des frais irr\u00e9p\u00e9tibles.<\/p>\n<p>La d\u00e9limitation des pouvoirs du juge de la mise en \u00e9tat<\/p>\n<p>La comp\u00e9tence limit\u00e9e du juge des mesures d&#8217;instruction. L&#8217;ordonnance rappelle avec pr\u00e9cision le cadre l\u00e9gal des pouvoirs du juge de la mise en \u00e9tat. Le texte souligne que ce magistrat est &#8220;seul comp\u00e9tent, \u00e0 l\u2019exclusion de toute autre formation du tribunal, notamment pour accorder une provision au cr\u00e9ancier lorsque l&#8217;existence de l&#8217;obligation n&#8217;est pas s\u00e9rieusement contestable&#8221; (article 789 du Code de proc\u00e9dure civile). Cette comp\u00e9tence d&#8217;attribution est strictement interpr\u00e9t\u00e9e. Le juge pr\u00e9cise qu&#8217;il &#8220;ne peut apporter d\u2019appr\u00e9ciation au fond&#8221; et qu&#8217;il n&#8217;entre pas dans ses pouvoirs de &#8220;se prononcer sur le fondement de la responsabilit\u00e9 des soci\u00e9t\u00e9s mises en cause&#8221;. Cette lecture restrictive vise \u00e0 pr\u00e9server la s\u00e9paration des phases d&#8217;instruction et de jugement au fond.<\/p>\n<p>Le refus de statuer sur une demande provisionnelle li\u00e9e \u00e0 un vice cach\u00e9. En l&#8217;esp\u00e8ce, l&#8217;expertise a conclu \u00e0 un d\u00e9faut rendant le v\u00e9hicule impropre \u00e0 l&#8217;usage. Malgr\u00e9 cela, le juge estime que la demande provisionnelle, qui visait la restitution du prix, &#8220;n\u00e9cessitent une appr\u00e9ciation au fond de l\u2019affaire&#8221;. Cette solution est renforc\u00e9e par le contexte de la proc\u00e9dure de sauvegarde du vendeur. La d\u00e9cision illustre ainsi que la simple existence d&#8217;un rapport d&#8217;expertise ne suffit pas \u00e0 \u00e9tablir le caract\u00e8re non s\u00e9rieusement contestable de l&#8217;obligation. La provision est refus\u00e9e car son octroi empi\u00e9terait sur l&#8217;appr\u00e9ciation souveraine du tribunal statuant au fond.<\/p>\n<p>L&#8217;administration de la preuve et le rejet des mesures d&#8217;instruction<\/p>\n<p>Le refus d&#8217;ordonner une nouvelle expertise judiciaire. Le juge de la mise en \u00e9tat applique strictement les conditions pos\u00e9es par le code de proc\u00e9dure civile pour ordonner une mesure d&#8217;instruction. Il rappelle qu&#8217;une telle mesure ne peut \u00eatre ordonn\u00e9e &#8220;en vue de suppl\u00e9er la carence de la partie dans l&#8217;administration de la preuve&#8221; (article 146 du Code de proc\u00e9dure civile). En l&#8217;esp\u00e8ce, un rapport d&#8217;expertise judiciaire ant\u00e9rieur existe et a \u00e9t\u00e9 discut\u00e9 contradictoirement. La juridiction estime donc disposer &#8220;d&#8217;\u00e9l\u00e9ments suffisants pour statuer au fond&#8221;. Ce raisonnement \u00e9vite les d\u00e9lais et les co\u00fbts d&#8217;une mesure redondante, pr\u00e9servant l&#8217;efficacit\u00e9 de la proc\u00e9dure.<\/p>\n<p>La gestion des incidents de communication et l&#8217;appr\u00e9ciation des pi\u00e8ces. La demande de communication de pi\u00e8ces est \u00e9galement rejet\u00e9e. Le juge constate que les pi\u00e8ces invoqu\u00e9es ont \u00e9t\u00e9 int\u00e9gr\u00e9es au bordereau de l&#8217;assignation et port\u00e9es \u00e0 la connaissance de la partie adverse. Cette appr\u00e9ciation concr\u00e8te du contradictoire effectif d\u00e9montre une application pragmatique des r\u00e8gles. Elle \u00e9vite de multiplier les incidents proc\u00e9duraux sur des points qui n&#8217;affectent pas substantiellement les droits de la d\u00e9fense. La solution privil\u00e9gie la c\u00e9l\u00e9rit\u00e9 de l&#8217;instruction tout en garantissant le principe fondamental du contradictoire.<\/p>\n<p>Cette ordonnance offre une illustration rigoureuse du r\u00f4le du juge de la mise en \u00e9tat. Elle en rappelle les limites, en refusant toute appr\u00e9ciation au fond m\u00eame face \u00e0 un expert concluant \u00e0 un vice. Comme le pr\u00e9cise une jurisprudence, &#8220;quatre conditions doivent \u00eatre r\u00e9unies pour la mise en \u0153uvre de la garantie des vices cach\u00e9s&#8221; (Tribunal judiciaire de Saint-Brieuc, le 26 janvier 2026, n\u00b024\/02217). L&#8217;appr\u00e9ciation de ces conditions rel\u00e8ve du fond. La d\u00e9cision prot\u00e8ge ainsi la s\u00e9paration des pouvoirs au sein de la juridiction. Elle assure \u00e9galement une instruction efficace en rejetant les demandes d&#8217;expertise inutiles. Cette rigueur proc\u00e9durale guide les parties vers un d\u00e9bat au fond sur la responsabilit\u00e9, notamment quant \u00e0 l&#8217;exclusion contractuelle de garantie.<\/p>\n<\/div>\n","protected":false},"excerpt":{"rendered":"<p>Le tribunal judiciaire de Paris, statuant en la forme des r\u00e9f\u00e9r\u00e9s, a rendu une ordonnance de mise en \u00e9tat le 17 f\u00e9vrier 2026. L&#8217;affaire concernait un litige &#8230;<\/p>\n","protected":false},"author":232070755,"featured_media":4678,"comment_status":"open","ping_status":"open","sticky":false,"template":"","format":"standard","meta":{"_crdt_document":"","_jetpack_newsletter_access":"","_jetpack_dont_email_post_to_subs":false,"_jetpack_newsletter_tier_id":0,"_jetpack_memberships_contains_paywalled_content":false,"_kj_source_type":"judilibre","_kj_official_id":"68f2aedee97b8c182997a4eb","_kj_official_url":"https:\/\/www.courdecassation.fr\/decision\/68f2aedee97b8c182997a4eb","_kj_judilibre_id":"68f2aedee97b8c182997a4eb","_kj_jur":"Tribunal judiciaire","_kj_lieu":"Tribunal judiciaire de Montpellier","_kj_chambre":"P\u00f4le Civil section 2","_kj_rg":"22\/02524","_kj_date":"2025-09-25","_jetpack_memberships_contains_paid_content":false,"footnotes":"","jetpack_post_was_ever_published":false},"categories":[7597],"tags":[],"class_list":["post-663044","post","type-post","status-publish","format-standard","has-post-thumbnail","hentry","category-jurisprudence"],"yoast_head":"<!-- This site is optimized with the Yoast SEO Premium plugin v27.5 (Yoast SEO v27.5) - https:\/\/yoast.com\/product\/yoast-seo-premium-wordpress\/ -->\n<title>Tribunal judiciaire de Paris, le 17 f\u00e9vrier 2026, n\u00b022\/02524 - Ma\u00eetre Hassan Kohen, avocat en droit p\u00e9nal \u00e0 Paris<\/title>\n<meta name=\"description\" content=\"Le tribunal judiciaire de Paris, statuant en la forme des r\u00e9f\u00e9r\u00e9s, a rendu une ordonnance de mise en \u00e9tat le 17 f\u00e9vrier 2026. L&#039;affaire concernait un litige ...\" \/>\n<meta name=\"robots\" content=\"index, follow, max-snippet:-1, max-image-preview:large, max-video-preview:-1\" \/>\n<link rel=\"canonical\" href=\"https:\/\/kohenavocats.com\/en\/tribunal-judiciaire-de-paris-le-17-fevrier-2026-n22-02524\/\" \/>\n<meta property=\"og:locale\" content=\"en_US\" \/>\n<meta property=\"og:type\" content=\"article\" \/>\n<meta property=\"og:title\" content=\"Tribunal judiciaire de Paris, le 17 f\u00e9vrier 2026, n\u00b022\/02524\" \/>\n<meta property=\"og:description\" content=\"Le tribunal judiciaire de Paris, statuant en la forme des r\u00e9f\u00e9r\u00e9s, a rendu une ordonnance de mise en \u00e9tat le 17 f\u00e9vrier 2026. L&#039;affaire concernait un litige ...\" \/>\n<meta property=\"og:url\" content=\"https:\/\/kohenavocats.com\/en\/tribunal-judiciaire-de-paris-le-17-fevrier-2026-n22-02524\/\" \/>\n<meta property=\"og:site_name\" content=\"Ma\u00eetre Hassan Kohen, avocat en droit p\u00e9nal \u00e0 Paris\" \/>\n<meta property=\"article:published_time\" content=\"2026-04-23T18:36:47+00:00\" \/>\n<meta property=\"og:image\" content=\"https:\/\/kohenavocats.com\/wp-content\/uploads\/2024\/08\/mana5280-BxTlFRk-FPg-unsplash.webp\" \/>\n\t<meta property=\"og:image:width\" content=\"7339\" \/>\n\t<meta property=\"og:image:height\" content=\"3922\" \/>\n\t<meta property=\"og:image:type\" content=\"image\/webp\" \/>\n<meta name=\"author\" content=\"Kohen\" \/>\n<meta name=\"twitter:card\" content=\"summary_large_image\" \/>\n<meta name=\"twitter:label1\" content=\"Written by\" \/>\n\t<meta name=\"twitter:data1\" content=\"Kohen\" \/>\n\t<meta name=\"twitter:label2\" content=\"Est. reading time\" \/>\n\t<meta name=\"twitter:data2\" content=\"4 minutes\" \/>\n<script type=\"application\/ld+json\" class=\"yoast-schema-graph\">{\"@context\":\"https:\\\/\\\/schema.org\",\"@graph\":[{\"@type\":\"Article\",\"@id\":\"https:\\\/\\\/kohenavocats.com\\\/en\\\/tribunal-judiciaire-de-paris-le-17-fevrier-2026-n22-02524\\\/#article\",\"isPartOf\":{\"@id\":\"https:\\\/\\\/kohenavocats.com\\\/en\\\/tribunal-judiciaire-de-paris-le-17-fevrier-2026-n22-02524\\\/\"},\"author\":{\"name\":\"Kohen\",\"@id\":\"https:\\\/\\\/kohenavocats.com\\\/en\\\/#\\\/schema\\\/person\\\/761c9ba54fa1ca84d405cef0831ff751\"},\"headline\":\"Tribunal judiciaire de Paris, le 17 f\u00e9vrier 2026, n\u00b022\\\/02524\",\"datePublished\":\"2026-04-23T18:36:47+00:00\",\"mainEntityOfPage\":{\"@id\":\"https:\\\/\\\/kohenavocats.com\\\/en\\\/tribunal-judiciaire-de-paris-le-17-fevrier-2026-n22-02524\\\/\"},\"wordCount\":758,\"commentCount\":0,\"publisher\":{\"@id\":\"https:\\\/\\\/kohenavocats.com\\\/en\\\/#organization\"},\"image\":{\"@id\":\"https:\\\/\\\/kohenavocats.com\\\/en\\\/tribunal-judiciaire-de-paris-le-17-fevrier-2026-n22-02524\\\/#primaryimage\"},\"thumbnailUrl\":\"https:\\\/\\\/kohenavocats.com\\\/wp-content\\\/uploads\\\/2024\\\/08\\\/mana5280-BxTlFRk-FPg-unsplash.webp\",\"articleSection\":[\"Jurisprudence\"],\"inLanguage\":\"en-US\",\"potentialAction\":[{\"@type\":\"CommentAction\",\"name\":\"Comment\",\"target\":[\"https:\\\/\\\/kohenavocats.com\\\/en\\\/tribunal-judiciaire-de-paris-le-17-fevrier-2026-n22-02524\\\/#respond\"]}],\"citation\":\"Tribunal judiciaire de Paris, le 17 f\u00e9vrier 2026, n\u00b022\\\/02524\",\"about\":[{\"@type\":\"Thing\",\"name\":\"Jurisprudence\"}],\"dateModified\":\"2026-04-23T18:36:47+00:00\",\"speakable\":{\"@type\":\"SpeakableSpecification\",\"cssSelector\":[\".article-content > p:first-of-type\"]}},{\"@type\":\"WebPage\",\"@id\":\"https:\\\/\\\/kohenavocats.com\\\/en\\\/tribunal-judiciaire-de-paris-le-17-fevrier-2026-n22-02524\\\/\",\"url\":\"https:\\\/\\\/kohenavocats.com\\\/en\\\/tribunal-judiciaire-de-paris-le-17-fevrier-2026-n22-02524\\\/\",\"name\":\"Tribunal judiciaire de Paris, le 17 f\u00e9vrier 2026, n\u00b022\\\/02524 - Ma\u00eetre Hassan Kohen, avocat en droit p\u00e9nal \u00e0 Paris\",\"isPartOf\":{\"@id\":\"https:\\\/\\\/kohenavocats.com\\\/en\\\/#website\"},\"primaryImageOfPage\":{\"@id\":\"https:\\\/\\\/kohenavocats.com\\\/en\\\/tribunal-judiciaire-de-paris-le-17-fevrier-2026-n22-02524\\\/#primaryimage\"},\"image\":{\"@id\":\"https:\\\/\\\/kohenavocats.com\\\/en\\\/tribunal-judiciaire-de-paris-le-17-fevrier-2026-n22-02524\\\/#primaryimage\"},\"thumbnailUrl\":\"https:\\\/\\\/kohenavocats.com\\\/wp-content\\\/uploads\\\/2024\\\/08\\\/mana5280-BxTlFRk-FPg-unsplash.webp\",\"datePublished\":\"2026-04-23T18:36:47+00:00\",\"description\":\"Le tribunal judiciaire de Paris, statuant en la forme des r\u00e9f\u00e9r\u00e9s, a rendu une ordonnance de mise en \u00e9tat le 17 f\u00e9vrier 2026. L'affaire concernait un litige ...\",\"breadcrumb\":{\"@id\":\"https:\\\/\\\/kohenavocats.com\\\/en\\\/tribunal-judiciaire-de-paris-le-17-fevrier-2026-n22-02524\\\/#breadcrumb\"},\"inLanguage\":\"en-US\",\"potentialAction\":[{\"@type\":\"ReadAction\",\"target\":[\"https:\\\/\\\/kohenavocats.com\\\/en\\\/tribunal-judiciaire-de-paris-le-17-fevrier-2026-n22-02524\\\/\"]}]},{\"@type\":\"ImageObject\",\"inLanguage\":\"en-US\",\"@id\":\"https:\\\/\\\/kohenavocats.com\\\/en\\\/tribunal-judiciaire-de-paris-le-17-fevrier-2026-n22-02524\\\/#primaryimage\",\"url\":\"https:\\\/\\\/kohenavocats.com\\\/wp-content\\\/uploads\\\/2024\\\/08\\\/mana5280-BxTlFRk-FPg-unsplash.webp\",\"contentUrl\":\"https:\\\/\\\/kohenavocats.com\\\/wp-content\\\/uploads\\\/2024\\\/08\\\/mana5280-BxTlFRk-FPg-unsplash.webp\",\"width\":7339,\"height\":3922},{\"@type\":\"BreadcrumbList\",\"@id\":\"https:\\\/\\\/kohenavocats.com\\\/en\\\/tribunal-judiciaire-de-paris-le-17-fevrier-2026-n22-02524\\\/#breadcrumb\",\"itemListElement\":[{\"@type\":\"ListItem\",\"position\":1,\"name\":\"Home\",\"item\":\"https:\\\/\\\/kohenavocats.com\\\/en\\\/criminal-law-attorneys-in-paris-counsel-and-strategic-defense\\\/\"},{\"@type\":\"ListItem\",\"position\":2,\"name\":\"Tribunal judiciaire de Paris, le 17 f\u00e9vrier 2026, n\u00b022\\\/02524\"}]},{\"@type\":\"WebSite\",\"@id\":\"https:\\\/\\\/kohenavocats.com\\\/en\\\/#website\",\"url\":\"https:\\\/\\\/kohenavocats.com\\\/en\\\/\",\"name\":\"Kohen Avocats\",\"description\":\"Ma\u00eetre Hassan Kohen, avocat p\u00e9naliste \u00e0 Paris, intervient exclusivement en droit p\u00e9nal pour la d\u00e9fense des particuliers, notamment en mati\u00e8re d\u2019accusations de viol. Il assure un accompagnement rigoureux d\u00e8s la garde \u00e0 vue jusqu\u2019\u00e0 la Cour d\u2019assises, veillant au strict respect des garanties proc\u00e9durales.\",\"publisher\":{\"@id\":\"https:\\\/\\\/kohenavocats.com\\\/en\\\/#organization\"},\"potentialAction\":[{\"@type\":\"SearchAction\",\"target\":{\"@type\":\"EntryPoint\",\"urlTemplate\":\"https:\\\/\\\/kohenavocats.com\\\/en\\\/?s={search_term_string}\"},\"query-input\":{\"@type\":\"PropertyValueSpecification\",\"valueRequired\":true,\"valueName\":\"search_term_string\"}}],\"inLanguage\":\"en-US\"},{\"@type\":\"Organization\",\"@id\":\"https:\\\/\\\/kohenavocats.com\\\/en\\\/#organization\",\"name\":\"Kohen Avocats\",\"url\":\"https:\\\/\\\/kohenavocats.com\\\/en\\\/\",\"logo\":{\"@type\":\"ImageObject\",\"inLanguage\":\"en-US\",\"@id\":\"https:\\\/\\\/kohenavocats.com\\\/en\\\/#\\\/schema\\\/logo\\\/image\\\/\",\"url\":\"https:\\\/\\\/kohenavocats.com\\\/wp-content\\\/uploads\\\/2026\\\/01\\\/Logo-2-1.webp\",\"contentUrl\":\"https:\\\/\\\/kohenavocats.com\\\/wp-content\\\/uploads\\\/2026\\\/01\\\/Logo-2-1.webp\",\"width\":2114,\"height\":1253,\"caption\":\"Kohen Avocats\"},\"image\":{\"@id\":\"https:\\\/\\\/kohenavocats.com\\\/en\\\/#\\\/schema\\\/logo\\\/image\\\/\"}},{\"@type\":\"Person\",\"@id\":\"https:\\\/\\\/kohenavocats.com\\\/en\\\/#\\\/schema\\\/person\\\/761c9ba54fa1ca84d405cef0831ff751\",\"name\":\"Kohen\",\"image\":{\"@type\":\"ImageObject\",\"inLanguage\":\"en-US\",\"@id\":\"https:\\\/\\\/secure.gravatar.com\\\/avatar\\\/1c5e76ef76bbbfdd2b4da984e2bf2fa4056fd51a27d25ce2c332047f1dfd6e00?s=96&d=identicon&r=g\",\"url\":\"https:\\\/\\\/secure.gravatar.com\\\/avatar\\\/1c5e76ef76bbbfdd2b4da984e2bf2fa4056fd51a27d25ce2c332047f1dfd6e00?s=96&d=identicon&r=g\",\"contentUrl\":\"https:\\\/\\\/secure.gravatar.com\\\/avatar\\\/1c5e76ef76bbbfdd2b4da984e2bf2fa4056fd51a27d25ce2c332047f1dfd6e00?s=96&d=identicon&r=g\",\"caption\":\"Kohen\"},\"sameAs\":[\"https:\\\/\\\/www.linkedin.com\\\/in\\\/hassan-kohen-448548192\\\/\",\"https:\\\/\\\/www.youtube.com\\\/@Kohen-Avocats\"],\"url\":\"https:\\\/\\\/kohenavocats.com\\\/en\\\/author\\\/kohenmlk\\\/\"}]}<\/script>\n<!-- \/ Yoast SEO Premium plugin. -->","yoast_head_json":{"title":"Tribunal judiciaire de Paris, le 17 f\u00e9vrier 2026, n\u00b022\/02524 - Ma\u00eetre Hassan Kohen, avocat en droit p\u00e9nal \u00e0 Paris","description":"Le tribunal judiciaire de Paris, statuant en la forme des r\u00e9f\u00e9r\u00e9s, a rendu une ordonnance de mise en \u00e9tat le 17 f\u00e9vrier 2026. L'affaire concernait un litige ...","robots":{"index":"index","follow":"follow","max-snippet":"max-snippet:-1","max-image-preview":"max-image-preview:large","max-video-preview":"max-video-preview:-1"},"canonical":"https:\/\/kohenavocats.com\/en\/tribunal-judiciaire-de-paris-le-17-fevrier-2026-n22-02524\/","og_locale":"en_US","og_type":"article","og_title":"Tribunal judiciaire de Paris, le 17 f\u00e9vrier 2026, n\u00b022\/02524","og_description":"Le tribunal judiciaire de Paris, statuant en la forme des r\u00e9f\u00e9r\u00e9s, a rendu une ordonnance de mise en \u00e9tat le 17 f\u00e9vrier 2026. L'affaire concernait un litige ...","og_url":"https:\/\/kohenavocats.com\/en\/tribunal-judiciaire-de-paris-le-17-fevrier-2026-n22-02524\/","og_site_name":"Ma\u00eetre Hassan Kohen, avocat en droit p\u00e9nal \u00e0 Paris","article_published_time":"2026-04-23T18:36:47+00:00","og_image":[{"width":7339,"height":3922,"url":"https:\/\/kohenavocats.com\/wp-content\/uploads\/2024\/08\/mana5280-BxTlFRk-FPg-unsplash.webp","type":"image\/webp"}],"author":"Kohen","twitter_card":"summary_large_image","twitter_misc":{"Written by":"Kohen","Est. reading time":"4 minutes"},"schema":{"@context":"https:\/\/schema.org","@graph":[{"@type":"Article","@id":"https:\/\/kohenavocats.com\/en\/tribunal-judiciaire-de-paris-le-17-fevrier-2026-n22-02524\/#article","isPartOf":{"@id":"https:\/\/kohenavocats.com\/en\/tribunal-judiciaire-de-paris-le-17-fevrier-2026-n22-02524\/"},"author":{"name":"Kohen","@id":"https:\/\/kohenavocats.com\/en\/#\/schema\/person\/761c9ba54fa1ca84d405cef0831ff751"},"headline":"Tribunal judiciaire de Paris, le 17 f\u00e9vrier 2026, n\u00b022\/02524","datePublished":"2026-04-23T18:36:47+00:00","mainEntityOfPage":{"@id":"https:\/\/kohenavocats.com\/en\/tribunal-judiciaire-de-paris-le-17-fevrier-2026-n22-02524\/"},"wordCount":758,"commentCount":0,"publisher":{"@id":"https:\/\/kohenavocats.com\/en\/#organization"},"image":{"@id":"https:\/\/kohenavocats.com\/en\/tribunal-judiciaire-de-paris-le-17-fevrier-2026-n22-02524\/#primaryimage"},"thumbnailUrl":"https:\/\/kohenavocats.com\/wp-content\/uploads\/2024\/08\/mana5280-BxTlFRk-FPg-unsplash.webp","articleSection":["Jurisprudence"],"inLanguage":"en-US","potentialAction":[{"@type":"CommentAction","name":"Comment","target":["https:\/\/kohenavocats.com\/en\/tribunal-judiciaire-de-paris-le-17-fevrier-2026-n22-02524\/#respond"]}],"citation":"Tribunal judiciaire de Paris, le 17 f\u00e9vrier 2026, n\u00b022\/02524","about":[{"@type":"Thing","name":"Jurisprudence"}],"dateModified":"2026-04-23T18:36:47+00:00","speakable":{"@type":"SpeakableSpecification","cssSelector":[".article-content > p:first-of-type"]}},{"@type":"WebPage","@id":"https:\/\/kohenavocats.com\/en\/tribunal-judiciaire-de-paris-le-17-fevrier-2026-n22-02524\/","url":"https:\/\/kohenavocats.com\/en\/tribunal-judiciaire-de-paris-le-17-fevrier-2026-n22-02524\/","name":"Tribunal judiciaire de Paris, le 17 f\u00e9vrier 2026, n\u00b022\/02524 - Ma\u00eetre Hassan Kohen, avocat en droit p\u00e9nal \u00e0 Paris","isPartOf":{"@id":"https:\/\/kohenavocats.com\/en\/#website"},"primaryImageOfPage":{"@id":"https:\/\/kohenavocats.com\/en\/tribunal-judiciaire-de-paris-le-17-fevrier-2026-n22-02524\/#primaryimage"},"image":{"@id":"https:\/\/kohenavocats.com\/en\/tribunal-judiciaire-de-paris-le-17-fevrier-2026-n22-02524\/#primaryimage"},"thumbnailUrl":"https:\/\/kohenavocats.com\/wp-content\/uploads\/2024\/08\/mana5280-BxTlFRk-FPg-unsplash.webp","datePublished":"2026-04-23T18:36:47+00:00","description":"Le tribunal judiciaire de Paris, statuant en la forme des r\u00e9f\u00e9r\u00e9s, a rendu une ordonnance de mise en \u00e9tat le 17 f\u00e9vrier 2026. L'affaire concernait un litige ...","breadcrumb":{"@id":"https:\/\/kohenavocats.com\/en\/tribunal-judiciaire-de-paris-le-17-fevrier-2026-n22-02524\/#breadcrumb"},"inLanguage":"en-US","potentialAction":[{"@type":"ReadAction","target":["https:\/\/kohenavocats.com\/en\/tribunal-judiciaire-de-paris-le-17-fevrier-2026-n22-02524\/"]}]},{"@type":"ImageObject","inLanguage":"en-US","@id":"https:\/\/kohenavocats.com\/en\/tribunal-judiciaire-de-paris-le-17-fevrier-2026-n22-02524\/#primaryimage","url":"https:\/\/kohenavocats.com\/wp-content\/uploads\/2024\/08\/mana5280-BxTlFRk-FPg-unsplash.webp","contentUrl":"https:\/\/kohenavocats.com\/wp-content\/uploads\/2024\/08\/mana5280-BxTlFRk-FPg-unsplash.webp","width":7339,"height":3922},{"@type":"BreadcrumbList","@id":"https:\/\/kohenavocats.com\/en\/tribunal-judiciaire-de-paris-le-17-fevrier-2026-n22-02524\/#breadcrumb","itemListElement":[{"@type":"ListItem","position":1,"name":"Home","item":"https:\/\/kohenavocats.com\/en\/criminal-law-attorneys-in-paris-counsel-and-strategic-defense\/"},{"@type":"ListItem","position":2,"name":"Tribunal judiciaire de Paris, le 17 f\u00e9vrier 2026, n\u00b022\/02524"}]},{"@type":"WebSite","@id":"https:\/\/kohenavocats.com\/en\/#website","url":"https:\/\/kohenavocats.com\/en\/","name":"Kohen Avocats","description":"Ma\u00eetre Hassan Kohen, avocat p\u00e9naliste \u00e0 Paris, intervient exclusivement en droit p\u00e9nal pour la d\u00e9fense des particuliers, notamment en mati\u00e8re d\u2019accusations de viol. Il assure un accompagnement rigoureux d\u00e8s la garde \u00e0 vue jusqu\u2019\u00e0 la Cour d\u2019assises, veillant au strict respect des garanties proc\u00e9durales.","publisher":{"@id":"https:\/\/kohenavocats.com\/en\/#organization"},"potentialAction":[{"@type":"SearchAction","target":{"@type":"EntryPoint","urlTemplate":"https:\/\/kohenavocats.com\/en\/?s={search_term_string}"},"query-input":{"@type":"PropertyValueSpecification","valueRequired":true,"valueName":"search_term_string"}}],"inLanguage":"en-US"},{"@type":"Organization","@id":"https:\/\/kohenavocats.com\/en\/#organization","name":"Kohen Avocats","url":"https:\/\/kohenavocats.com\/en\/","logo":{"@type":"ImageObject","inLanguage":"en-US","@id":"https:\/\/kohenavocats.com\/en\/#\/schema\/logo\/image\/","url":"https:\/\/kohenavocats.com\/wp-content\/uploads\/2026\/01\/Logo-2-1.webp","contentUrl":"https:\/\/kohenavocats.com\/wp-content\/uploads\/2026\/01\/Logo-2-1.webp","width":2114,"height":1253,"caption":"Kohen Avocats"},"image":{"@id":"https:\/\/kohenavocats.com\/en\/#\/schema\/logo\/image\/"}},{"@type":"Person","@id":"https:\/\/kohenavocats.com\/en\/#\/schema\/person\/761c9ba54fa1ca84d405cef0831ff751","name":"Kohen","image":{"@type":"ImageObject","inLanguage":"en-US","@id":"https:\/\/secure.gravatar.com\/avatar\/1c5e76ef76bbbfdd2b4da984e2bf2fa4056fd51a27d25ce2c332047f1dfd6e00?s=96&d=identicon&r=g","url":"https:\/\/secure.gravatar.com\/avatar\/1c5e76ef76bbbfdd2b4da984e2bf2fa4056fd51a27d25ce2c332047f1dfd6e00?s=96&d=identicon&r=g","contentUrl":"https:\/\/secure.gravatar.com\/avatar\/1c5e76ef76bbbfdd2b4da984e2bf2fa4056fd51a27d25ce2c332047f1dfd6e00?s=96&d=identicon&r=g","caption":"Kohen"},"sameAs":["https:\/\/www.linkedin.com\/in\/hassan-kohen-448548192\/","https:\/\/www.youtube.com\/@Kohen-Avocats"],"url":"https:\/\/kohenavocats.com\/en\/author\/kohenmlk\/"}]}},"jetpack_featured_media_url":"https:\/\/kohenavocats.com\/wp-content\/uploads\/2024\/08\/mana5280-BxTlFRk-FPg-unsplash.webp","jetpack_likes_enabled":false,"jetpack_shortlink":"https:\/\/wp.me\/peCrII-2Mug","jetpack-related-posts":[{"id":421646,"url":"https:\/\/kohenavocats.com\/en\/cour-dappel-de-paris-le-24-fevrier-2026-n22-08209\/","url_meta":{"origin":663044,"position":0},"title":"Cour d&#8217;appel de Paris, le 24 f\u00e9vrier 2026, n\u00b022\/08209","author":"Kohen","date":"22 March 2026","format":false,"excerpt":"La Cour d'appel de Paris, le 24 f\u00e9vrier 2026, a ordonn\u00e9 une m\u00e9diation judiciaire dans un litige individuel du travail. Un salari\u00e9 avait saisi le Conseil de prud'hommes. Le jugement de premi\u00e8re instance du 6 mai 2022 est frapp\u00e9 d'appel. La Cour d'appel propose aux parties une mesure de m\u00e9diation.\u2026","rel":"","context":"In &quot;Cour d'appel&quot;","block_context":{"text":"Cour d'appel","link":"https:\/\/kohenavocats.com\/category\/cour-dappel\/"},"img":{"alt_text":"","src":"https:\/\/i0.wp.com\/kohenavocats.com\/wp-content\/uploads\/2024\/08\/nicole-herrero-ykxJs2HEb_w-unsplash.webp?resize=350%2C200&ssl=1","width":350,"height":200,"srcset":"https:\/\/i0.wp.com\/kohenavocats.com\/wp-content\/uploads\/2024\/08\/nicole-herrero-ykxJs2HEb_w-unsplash.webp?resize=350%2C200&ssl=1 1x, https:\/\/i0.wp.com\/kohenavocats.com\/wp-content\/uploads\/2024\/08\/nicole-herrero-ykxJs2HEb_w-unsplash.webp?resize=525%2C300&ssl=1 1.5x, https:\/\/i0.wp.com\/kohenavocats.com\/wp-content\/uploads\/2024\/08\/nicole-herrero-ykxJs2HEb_w-unsplash.webp?resize=700%2C400&ssl=1 2x, https:\/\/i0.wp.com\/kohenavocats.com\/wp-content\/uploads\/2024\/08\/nicole-herrero-ykxJs2HEb_w-unsplash.webp?resize=1050%2C600&ssl=1 3x, https:\/\/i0.wp.com\/kohenavocats.com\/wp-content\/uploads\/2024\/08\/nicole-herrero-ykxJs2HEb_w-unsplash.webp?resize=1400%2C800&ssl=1 4x"},"classes":[]},{"id":413345,"url":"https:\/\/kohenavocats.com\/en\/cour-dappel-de-paris-le-19-fevrier-2026-n25-07731\/","url_meta":{"origin":663044,"position":1},"title":"Cour d&#8217;appel de Paris, le 19 f\u00e9vrier 2026, n\u00b025\/07731","author":"Kohen","date":"21 March 2026","format":false,"excerpt":"La Cour d\u2019appel de Paris, dans un arr\u00eat du 19 f\u00e9vrier 2026, a \u00e9t\u00e9 saisie d\u2019un litige complexe n\u00e9 de la construction d\u2019un ensemble immobilier. Le ma\u00eetre de l\u2019ouvrage, une soci\u00e9t\u00e9 civile, avait vendu des lots en l\u2019\u00e9tat futur d\u2019ach\u00e8vement \u00e0 plusieurs acqu\u00e9reurs. La r\u00e9ception des travaux et la livraison\u2026","rel":"","context":"In &quot;Cour d'appel&quot;","block_context":{"text":"Cour d'appel","link":"https:\/\/kohenavocats.com\/category\/cour-dappel\/"},"img":{"alt_text":"","src":"https:\/\/i0.wp.com\/kohenavocats.com\/wp-content\/uploads\/2024\/08\/irina-nakonechnaya-7Dkxd1b9uyE-unsplash.webp?resize=350%2C200&ssl=1","width":350,"height":200,"srcset":"https:\/\/i0.wp.com\/kohenavocats.com\/wp-content\/uploads\/2024\/08\/irina-nakonechnaya-7Dkxd1b9uyE-unsplash.webp?resize=350%2C200&ssl=1 1x, https:\/\/i0.wp.com\/kohenavocats.com\/wp-content\/uploads\/2024\/08\/irina-nakonechnaya-7Dkxd1b9uyE-unsplash.webp?resize=525%2C300&ssl=1 1.5x, https:\/\/i0.wp.com\/kohenavocats.com\/wp-content\/uploads\/2024\/08\/irina-nakonechnaya-7Dkxd1b9uyE-unsplash.webp?resize=700%2C400&ssl=1 2x, https:\/\/i0.wp.com\/kohenavocats.com\/wp-content\/uploads\/2024\/08\/irina-nakonechnaya-7Dkxd1b9uyE-unsplash.webp?resize=1050%2C600&ssl=1 3x, https:\/\/i0.wp.com\/kohenavocats.com\/wp-content\/uploads\/2024\/08\/irina-nakonechnaya-7Dkxd1b9uyE-unsplash.webp?resize=1400%2C800&ssl=1 4x"},"classes":[]},{"id":683121,"url":"https:\/\/kohenavocats.com\/en\/tribunal-judiciaire-de-paris-le-17-septembre-2025-n25-01724\/","url_meta":{"origin":663044,"position":2},"title":"Tribunal judiciaire de Paris, le 17 septembre 2025, n\u00b025\/01724","author":"Kohen","date":"25 April 2026","format":false,"excerpt":"Le tribunal judiciaire de Paris, statuant en r\u00e9f\u00e9r\u00e9 le 17 septembre 2025, a \u00e9t\u00e9 saisi par les bailleurs d'un local commercial. Ces derniers sollicitaient l'e...","rel":"","context":"In &quot;Jurisprudence&quot;","block_context":{"text":"Jurisprudence","link":"https:\/\/kohenavocats.com\/category\/jurisprudence\/"},"img":{"alt_text":"","src":"https:\/\/i0.wp.com\/kohenavocats.com\/wp-content\/uploads\/2024\/11\/alex-vasey-F5HtPjpBb9k-unsplash.webp?resize=350%2C200&ssl=1","width":350,"height":200,"srcset":"https:\/\/i0.wp.com\/kohenavocats.com\/wp-content\/uploads\/2024\/11\/alex-vasey-F5HtPjpBb9k-unsplash.webp?resize=350%2C200&ssl=1 1x, https:\/\/i0.wp.com\/kohenavocats.com\/wp-content\/uploads\/2024\/11\/alex-vasey-F5HtPjpBb9k-unsplash.webp?resize=525%2C300&ssl=1 1.5x, https:\/\/i0.wp.com\/kohenavocats.com\/wp-content\/uploads\/2024\/11\/alex-vasey-F5HtPjpBb9k-unsplash.webp?resize=700%2C400&ssl=1 2x, https:\/\/i0.wp.com\/kohenavocats.com\/wp-content\/uploads\/2024\/11\/alex-vasey-F5HtPjpBb9k-unsplash.webp?resize=1050%2C600&ssl=1 3x, https:\/\/i0.wp.com\/kohenavocats.com\/wp-content\/uploads\/2024\/11\/alex-vasey-F5HtPjpBb9k-unsplash.webp?resize=1400%2C800&ssl=1 4x"},"classes":[]},{"id":632585,"url":"https:\/\/kohenavocats.com\/en\/tribunal-judiciaire-de-paris-le-25-fevrier-2026-n25-01284\/","url_meta":{"origin":663044,"position":3},"title":"Tribunal judiciaire de Paris, le 25 f\u00e9vrier 2026, n\u00b025\/01284","author":"Kohen","date":"21 April 2026","format":false,"excerpt":"Le tribunal judiciaire de Paris, statuant en r\u00e9f\u00e9r\u00e9 le 25 f\u00e9vrier 2026, examine une demande de provision formul\u00e9e par un bailleur contre le cod\u00e9biteur solida...","rel":"","context":"In &quot;Jurisprudence&quot;","block_context":{"text":"Jurisprudence","link":"https:\/\/kohenavocats.com\/category\/jurisprudence\/"},"img":{"alt_text":"","src":"https:\/\/i0.wp.com\/kohenavocats.com\/wp-content\/uploads\/2024\/07\/dmitrij-paskevic-YjVa-F9P9kk-unsplash.webp?resize=350%2C200&ssl=1","width":350,"height":200,"srcset":"https:\/\/i0.wp.com\/kohenavocats.com\/wp-content\/uploads\/2024\/07\/dmitrij-paskevic-YjVa-F9P9kk-unsplash.webp?resize=350%2C200&ssl=1 1x, https:\/\/i0.wp.com\/kohenavocats.com\/wp-content\/uploads\/2024\/07\/dmitrij-paskevic-YjVa-F9P9kk-unsplash.webp?resize=525%2C300&ssl=1 1.5x, https:\/\/i0.wp.com\/kohenavocats.com\/wp-content\/uploads\/2024\/07\/dmitrij-paskevic-YjVa-F9P9kk-unsplash.webp?resize=700%2C400&ssl=1 2x, https:\/\/i0.wp.com\/kohenavocats.com\/wp-content\/uploads\/2024\/07\/dmitrij-paskevic-YjVa-F9P9kk-unsplash.webp?resize=1050%2C600&ssl=1 3x, https:\/\/i0.wp.com\/kohenavocats.com\/wp-content\/uploads\/2024\/07\/dmitrij-paskevic-YjVa-F9P9kk-unsplash.webp?resize=1400%2C800&ssl=1 4x"},"classes":[]},{"id":647140,"url":"https:\/\/kohenavocats.com\/en\/tribunal-judiciaire-de-annecy-le-17-fevrier-2026-n25-00261\/","url_meta":{"origin":663044,"position":4},"title":"Tribunal judiciaire de Annecy, le 17 f\u00e9vrier 2026, n\u00b025\/00261","author":"Kohen","date":"22 April 2026","format":false,"excerpt":"Le tribunal judiciaire, statuant en r\u00e9f\u00e9r\u00e9, a rendu une ordonnance le 17 f\u00e9vrier 2026. Des propri\u00e9taires de parcelles contigu\u00ebs s\u2019opposaient sur l\u2019occupation...","rel":"","context":"In &quot;Jurisprudence&quot;","block_context":{"text":"Jurisprudence","link":"https:\/\/kohenavocats.com\/category\/jurisprudence\/"},"img":{"alt_text":"","src":"https:\/\/i0.wp.com\/kohenavocats.com\/wp-content\/uploads\/2024\/11\/anita-austvika-uIEL3NE30xk-unsplash.webp?resize=350%2C200&ssl=1","width":350,"height":200,"srcset":"https:\/\/i0.wp.com\/kohenavocats.com\/wp-content\/uploads\/2024\/11\/anita-austvika-uIEL3NE30xk-unsplash.webp?resize=350%2C200&ssl=1 1x, https:\/\/i0.wp.com\/kohenavocats.com\/wp-content\/uploads\/2024\/11\/anita-austvika-uIEL3NE30xk-unsplash.webp?resize=525%2C300&ssl=1 1.5x, https:\/\/i0.wp.com\/kohenavocats.com\/wp-content\/uploads\/2024\/11\/anita-austvika-uIEL3NE30xk-unsplash.webp?resize=700%2C400&ssl=1 2x, https:\/\/i0.wp.com\/kohenavocats.com\/wp-content\/uploads\/2024\/11\/anita-austvika-uIEL3NE30xk-unsplash.webp?resize=1050%2C600&ssl=1 3x, https:\/\/i0.wp.com\/kohenavocats.com\/wp-content\/uploads\/2024\/11\/anita-austvika-uIEL3NE30xk-unsplash.webp?resize=1400%2C800&ssl=1 4x"},"classes":[]},{"id":639364,"url":"https:\/\/kohenavocats.com\/en\/tribunal-judiciaire-de-nimes-le-17-fevrier-2026-n24-05365\/","url_meta":{"origin":663044,"position":5},"title":"Tribunal judiciaire de N\u00eemes, le 17 f\u00e9vrier 2026, n\u00b024\/05365","author":"Kohen","date":"21 April 2026","format":false,"excerpt":"Le juge de la mise en \u00e9tat du tribunal judiciaire de N\u00eemes, par ordonnance du 17 f\u00e9vrier 2026, statue sur une demande d\u2019expertise dans un litige relatif \u00e0 de...","rel":"","context":"In &quot;Jurisprudence&quot;","block_context":{"text":"Jurisprudence","link":"https:\/\/kohenavocats.com\/category\/jurisprudence\/"},"img":{"alt_text":"","src":"https:\/\/i0.wp.com\/kohenavocats.com\/wp-content\/uploads\/2024\/11\/laura-adai-aOfktR2DUFI-unsplash.webp?resize=350%2C200&ssl=1","width":350,"height":200,"srcset":"https:\/\/i0.wp.com\/kohenavocats.com\/wp-content\/uploads\/2024\/11\/laura-adai-aOfktR2DUFI-unsplash.webp?resize=350%2C200&ssl=1 1x, https:\/\/i0.wp.com\/kohenavocats.com\/wp-content\/uploads\/2024\/11\/laura-adai-aOfktR2DUFI-unsplash.webp?resize=525%2C300&ssl=1 1.5x, https:\/\/i0.wp.com\/kohenavocats.com\/wp-content\/uploads\/2024\/11\/laura-adai-aOfktR2DUFI-unsplash.webp?resize=700%2C400&ssl=1 2x, https:\/\/i0.wp.com\/kohenavocats.com\/wp-content\/uploads\/2024\/11\/laura-adai-aOfktR2DUFI-unsplash.webp?resize=1050%2C600&ssl=1 3x, https:\/\/i0.wp.com\/kohenavocats.com\/wp-content\/uploads\/2024\/11\/laura-adai-aOfktR2DUFI-unsplash.webp?resize=1400%2C800&ssl=1 4x"},"classes":[]}],"jetpack_sharing_enabled":true,"_links":{"self":[{"href":"https:\/\/kohenavocats.com\/en\/wp-json\/wp\/v2\/posts\/663044","targetHints":{"allow":["GET"]}}],"collection":[{"href":"https:\/\/kohenavocats.com\/en\/wp-json\/wp\/v2\/posts"}],"about":[{"href":"https:\/\/kohenavocats.com\/en\/wp-json\/wp\/v2\/types\/post"}],"author":[{"embeddable":true,"href":"https:\/\/kohenavocats.com\/en\/wp-json\/wp\/v2\/users\/232070755"}],"replies":[{"embeddable":true,"href":"https:\/\/kohenavocats.com\/en\/wp-json\/wp\/v2\/comments?post=663044"}],"version-history":[{"count":0,"href":"https:\/\/kohenavocats.com\/en\/wp-json\/wp\/v2\/posts\/663044\/revisions"}],"wp:featuredmedia":[{"embeddable":true,"href":"https:\/\/kohenavocats.com\/en\/wp-json\/wp\/v2\/media\/4678"}],"wp:attachment":[{"href":"https:\/\/kohenavocats.com\/en\/wp-json\/wp\/v2\/media?parent=663044"}],"wp:term":[{"taxonomy":"category","embeddable":true,"href":"https:\/\/kohenavocats.com\/en\/wp-json\/wp\/v2\/categories?post=663044"},{"taxonomy":"post_tag","embeddable":true,"href":"https:\/\/kohenavocats.com\/en\/wp-json\/wp\/v2\/tags?post=663044"}],"curies":[{"name":"wp","href":"https:\/\/api.w.org\/{rel}","templated":true}]}}