{"id":663884,"date":"2026-04-23T21:47:05","date_gmt":"2026-04-23T19:47:05","guid":{"rendered":"https:\/\/kohenavocats.com\/cour-dappel-de-aix-en-provence-le-28-avril-2016-n25-00354\/"},"modified":"2026-04-23T21:47:05","modified_gmt":"2026-04-23T19:47:05","slug":"cour-dappel-de-aix-en-provence-le-28-avril-2016-n25-00354","status":"publish","type":"post","link":"https:\/\/kohenavocats.com\/en\/cour-dappel-de-aix-en-provence-le-28-avril-2016-n25-00354\/","title":{"rendered":"Cour d&#8217;appel de Aix-en-Provence, le 28 avril 2016, n\u00b025\/00354"},"content":{"rendered":"<div class=\"article-content\">\n<p>La Cour d&#8217;appel d&#8217;Aix-en-Provence, statuant le 28 avril 2016, a fix\u00e9 le trac\u00e9 d&#8217;une servitude de passage. Par requ\u00eate ult\u00e9rieure, les b\u00e9n\u00e9ficiaires de ce droit ont sollicit\u00e9 l&#8217;interpr\u00e9tation et la rectification mat\u00e9rielle de l&#8217;arr\u00eat. La juridiction rejette leur demande et les condamne aux d\u00e9pens, confirmant ainsi la stabilit\u00e9 du dispositif judiciaire.<\/p>\n<p>La distinction entre interpr\u00e9tation et rectification<\/p>\n<p>La demande fond\u00e9e sur l&#8217;article 461 du code de proc\u00e9dure civile vise \u00e0 obtenir une clarification de la d\u00e9cision. Le juge rappelle que cette voie est ouverte lorsque le sens de la d\u00e9cision pr\u00eate \u00e0 confusion. En l&#8217;esp\u00e8ce, la cour estime que le dispositif est suffisamment clair. Le trac\u00e9 est d\u00e9crit avec pr\u00e9cision dans les motifs et le dispositif, reprenant les termes du plan initial. Aucune ambigu\u00eft\u00e9 ne justifie donc une intervention interpr\u00e9tative du juge.<\/p>\n<p>La demande de rectification d&#8217;erreur mat\u00e9rielle invoque l&#8217;article 462 du code. Ce texte permet de corriger les inadvertances sans toucher au fond du litige. La cour constate que la d\u00e9cision s&#8217;est fond\u00e9e sur un plan annex\u00e9 \u00e0 un constat d&#8217;huissier. Les requ\u00e9rants produisent un plan cadastral diff\u00e9rent, sugg\u00e9rant une erreur. La cour \u00e9carte cet argument car le plan contest\u00e9 r\u00e9sulte d&#8217;une mesure contradictoire sur place. Elle rappelle ainsi la primaut\u00e9 des \u00e9l\u00e9ments act\u00e9s lors de l&#8217;instance initiale.<\/p>\n<p>La port\u00e9e des moyens de r\u00e9tractation limit\u00e9e<\/p>\n<p>L&#8217;absence d&#8217;erreur mat\u00e9rielle d\u00e9montr\u00e9e est au c\u0153ur du rejet. La cour souligne que la d\u00e9cision &#8220;s&#8217;est fond\u00e9e sur un plan approuv\u00e9 par les parties au litige&#8221;. Elle reprend une jurisprudence constante sur l&#8217;exigence de preuve d&#8217;une inadvertance. &#8220;Il en r\u00e9sulte qu&#8217;aucune interpr\u00e9tation n&#8217;est n\u00e9cessaire quant \u00e0 l&#8217;application du dispositif de l&#8217;arr\u00eat, qui s&#8217;est principalement fond\u00e9 sur le plan produit par les consorts [O] auteurs des requ\u00e9rants, pour faire droit au d\u00e9placement de la servitude de passage entre les parcelles BI [Cadastre 3] et BI [Cadastre 9], tandis qu&#8217;aucune erreur mat\u00e9rielle n&#8217;est d\u00e9montr\u00e9e puisque la d\u00e9cision s&#8217;est fond\u00e9e sur un plan approuv\u00e9 par les parties au litige et reprend pr\u00e9cis\u00e9ment la description du trac\u00e9 qui en r\u00e9sulte.&#8221; Cette analyse rejoint celle de la Cour d&#8217;appel de Rennes dans un arr\u00eat du 17 f\u00e9vrier 2026.<\/p>\n<p>La solution pr\u00e9serve l&#8217;autorit\u00e9 de la chose jug\u00e9e en limitant les recours. La cour indique que les requ\u00e9rants conservent une autre voie. S&#8217;ils estiment la servitude mal assise, ils peuvent saisir le juge du fond. Cette pr\u00e9cision isole la proc\u00e9dure de rectification de toute contestation sur le fond. Elle rappelle le principe selon lequel &#8220;les erreurs et omissions mat\u00e9rielles qui affectent un jugement, m\u00eame pass\u00e9 en force de chose jug\u00e9e, peuvent toujours \u00eatre r\u00e9par\u00e9es&#8221; (Cour d&#8217;appel, le 25 septembre 2025, n\u00b025\/00354). Mais elle en conditionne strictement l&#8217;application \u00e0 la preuve d&#8217;une discordance purement formelle.<\/p>\n<\/div>\n","protected":false},"excerpt":{"rendered":"<p>La Cour d&#8217;appel d&#8217;Aix-en-Provence, statuant le 28 avril 2016, a fix\u00e9 le trac\u00e9 d&#8217;une servitude de passage. Par requ\u00eate ult\u00e9rieure, les b\u00e9n\u00e9ficiaires de ce dro&#8230;<\/p>\n","protected":false},"author":232070755,"featured_media":3895,"comment_status":"open","ping_status":"open","sticky":false,"template":"","format":"standard","meta":{"_crdt_document":"","_jetpack_newsletter_access":"","_jetpack_dont_email_post_to_subs":false,"_jetpack_newsletter_tier_id":0,"_jetpack_memberships_contains_paywalled_content":false,"_kj_source_type":"","_kj_official_id":"","_kj_official_url":"","_kj_judilibre_id":"","_kj_jur":"","_kj_lieu":"","_kj_chambre":"","_kj_rg":"","_kj_date":"","_jetpack_memberships_contains_paid_content":false,"footnotes":"","jetpack_post_was_ever_published":false},"categories":[7597],"tags":[],"class_list":["post-663884","post","type-post","status-publish","format-standard","has-post-thumbnail","hentry","category-jurisprudence"],"yoast_head":"<!-- This site is optimized with the Yoast SEO Premium plugin v27.5 (Yoast SEO v27.5) - https:\/\/yoast.com\/product\/yoast-seo-premium-wordpress\/ -->\n<title>Cour d&#039;appel de Aix-en-Provence, le 28 avril 2016, n\u00b025\/00354 - Ma\u00eetre Hassan Kohen, avocat en droit p\u00e9nal \u00e0 Paris<\/title>\n<meta name=\"description\" content=\"La Cour d&#039;appel d&#039;Aix-en-Provence, statuant le 28 avril 2016, a fix\u00e9 le trac\u00e9 d&#039;une servitude de passage. Par requ\u00eate ult\u00e9rieure, les b\u00e9n\u00e9ficiaires de ce dro...\" \/>\n<meta name=\"robots\" content=\"index, follow, max-snippet:-1, max-image-preview:large, max-video-preview:-1\" \/>\n<link rel=\"canonical\" href=\"https:\/\/kohenavocats.com\/en\/cour-dappel-de-aix-en-provence-le-28-avril-2016-n25-00354\/\" \/>\n<meta property=\"og:locale\" content=\"en_US\" \/>\n<meta property=\"og:type\" content=\"article\" \/>\n<meta property=\"og:title\" content=\"Cour d&#039;appel de Aix-en-Provence, le 28 avril 2016, n\u00b025\/00354\" \/>\n<meta property=\"og:description\" content=\"La Cour d&#039;appel d&#039;Aix-en-Provence, statuant le 28 avril 2016, a fix\u00e9 le trac\u00e9 d&#039;une servitude de passage. Par requ\u00eate ult\u00e9rieure, les b\u00e9n\u00e9ficiaires de ce dro...\" \/>\n<meta property=\"og:url\" content=\"https:\/\/kohenavocats.com\/en\/cour-dappel-de-aix-en-provence-le-28-avril-2016-n25-00354\/\" \/>\n<meta property=\"og:site_name\" content=\"Ma\u00eetre Hassan Kohen, avocat en droit p\u00e9nal \u00e0 Paris\" \/>\n<meta property=\"article:published_time\" content=\"2026-04-23T19:47:05+00:00\" \/>\n<meta property=\"og:image\" content=\"https:\/\/kohenavocats.com\/wp-content\/uploads\/2024\/07\/clarisse-meyer-jKU2NneZAbI-unsplash.webp\" \/>\n\t<meta property=\"og:image:width\" content=\"5472\" \/>\n\t<meta property=\"og:image:height\" content=\"3648\" \/>\n\t<meta property=\"og:image:type\" content=\"image\/webp\" \/>\n<meta name=\"author\" content=\"Kohen\" \/>\n<meta name=\"twitter:card\" content=\"summary_large_image\" \/>\n<meta name=\"twitter:label1\" content=\"Written by\" \/>\n\t<meta name=\"twitter:data1\" content=\"Kohen\" \/>\n\t<meta name=\"twitter:label2\" content=\"Est. reading time\" \/>\n\t<meta name=\"twitter:data2\" content=\"2 minutes\" \/>\n<script type=\"application\/ld+json\" class=\"yoast-schema-graph\">{\"@context\":\"https:\\\/\\\/schema.org\",\"@graph\":[{\"@type\":\"Article\",\"@id\":\"https:\\\/\\\/kohenavocats.com\\\/en\\\/cour-dappel-de-aix-en-provence-le-28-avril-2016-n25-00354\\\/#article\",\"isPartOf\":{\"@id\":\"https:\\\/\\\/kohenavocats.com\\\/en\\\/cour-dappel-de-aix-en-provence-le-28-avril-2016-n25-00354\\\/\"},\"author\":{\"name\":\"Kohen\",\"@id\":\"https:\\\/\\\/kohenavocats.com\\\/en\\\/#\\\/schema\\\/person\\\/761c9ba54fa1ca84d405cef0831ff751\"},\"headline\":\"Cour d&#8217;appel de Aix-en-Provence, le 28 avril 2016, n\u00b025\\\/00354\",\"datePublished\":\"2026-04-23T19:47:05+00:00\",\"mainEntityOfPage\":{\"@id\":\"https:\\\/\\\/kohenavocats.com\\\/en\\\/cour-dappel-de-aix-en-provence-le-28-avril-2016-n25-00354\\\/\"},\"wordCount\":531,\"commentCount\":0,\"publisher\":{\"@id\":\"https:\\\/\\\/kohenavocats.com\\\/en\\\/#organization\"},\"image\":{\"@id\":\"https:\\\/\\\/kohenavocats.com\\\/en\\\/cour-dappel-de-aix-en-provence-le-28-avril-2016-n25-00354\\\/#primaryimage\"},\"thumbnailUrl\":\"https:\\\/\\\/kohenavocats.com\\\/wp-content\\\/uploads\\\/2024\\\/07\\\/clarisse-meyer-jKU2NneZAbI-unsplash.webp\",\"articleSection\":[\"Jurisprudence\"],\"inLanguage\":\"en-US\",\"potentialAction\":[{\"@type\":\"CommentAction\",\"name\":\"Comment\",\"target\":[\"https:\\\/\\\/kohenavocats.com\\\/en\\\/cour-dappel-de-aix-en-provence-le-28-avril-2016-n25-00354\\\/#respond\"]}],\"citation\":\"Cour d&#8217;appel de Aix-en-Provence, le 28 avril 2016, n\u00b025\\\/00354\",\"about\":[{\"@type\":\"Thing\",\"name\":\"Jurisprudence\"}],\"dateModified\":\"2026-04-23T19:47:05+00:00\",\"speakable\":{\"@type\":\"SpeakableSpecification\",\"cssSelector\":[\".article-content > p:first-of-type\"]}},{\"@type\":\"WebPage\",\"@id\":\"https:\\\/\\\/kohenavocats.com\\\/en\\\/cour-dappel-de-aix-en-provence-le-28-avril-2016-n25-00354\\\/\",\"url\":\"https:\\\/\\\/kohenavocats.com\\\/en\\\/cour-dappel-de-aix-en-provence-le-28-avril-2016-n25-00354\\\/\",\"name\":\"Cour d'appel de Aix-en-Provence, le 28 avril 2016, n\u00b025\\\/00354 - Ma\u00eetre Hassan Kohen, avocat en droit p\u00e9nal \u00e0 Paris\",\"isPartOf\":{\"@id\":\"https:\\\/\\\/kohenavocats.com\\\/en\\\/#website\"},\"primaryImageOfPage\":{\"@id\":\"https:\\\/\\\/kohenavocats.com\\\/en\\\/cour-dappel-de-aix-en-provence-le-28-avril-2016-n25-00354\\\/#primaryimage\"},\"image\":{\"@id\":\"https:\\\/\\\/kohenavocats.com\\\/en\\\/cour-dappel-de-aix-en-provence-le-28-avril-2016-n25-00354\\\/#primaryimage\"},\"thumbnailUrl\":\"https:\\\/\\\/kohenavocats.com\\\/wp-content\\\/uploads\\\/2024\\\/07\\\/clarisse-meyer-jKU2NneZAbI-unsplash.webp\",\"datePublished\":\"2026-04-23T19:47:05+00:00\",\"description\":\"La Cour d'appel d'Aix-en-Provence, statuant le 28 avril 2016, a fix\u00e9 le trac\u00e9 d'une servitude de passage. Par requ\u00eate ult\u00e9rieure, les b\u00e9n\u00e9ficiaires de ce dro...\",\"breadcrumb\":{\"@id\":\"https:\\\/\\\/kohenavocats.com\\\/en\\\/cour-dappel-de-aix-en-provence-le-28-avril-2016-n25-00354\\\/#breadcrumb\"},\"inLanguage\":\"en-US\",\"potentialAction\":[{\"@type\":\"ReadAction\",\"target\":[\"https:\\\/\\\/kohenavocats.com\\\/en\\\/cour-dappel-de-aix-en-provence-le-28-avril-2016-n25-00354\\\/\"]}]},{\"@type\":\"ImageObject\",\"inLanguage\":\"en-US\",\"@id\":\"https:\\\/\\\/kohenavocats.com\\\/en\\\/cour-dappel-de-aix-en-provence-le-28-avril-2016-n25-00354\\\/#primaryimage\",\"url\":\"https:\\\/\\\/kohenavocats.com\\\/wp-content\\\/uploads\\\/2024\\\/07\\\/clarisse-meyer-jKU2NneZAbI-unsplash.webp\",\"contentUrl\":\"https:\\\/\\\/kohenavocats.com\\\/wp-content\\\/uploads\\\/2024\\\/07\\\/clarisse-meyer-jKU2NneZAbI-unsplash.webp\",\"width\":5472,\"height\":3648},{\"@type\":\"BreadcrumbList\",\"@id\":\"https:\\\/\\\/kohenavocats.com\\\/en\\\/cour-dappel-de-aix-en-provence-le-28-avril-2016-n25-00354\\\/#breadcrumb\",\"itemListElement\":[{\"@type\":\"ListItem\",\"position\":1,\"name\":\"Home\",\"item\":\"https:\\\/\\\/kohenavocats.com\\\/en\\\/criminal-law-attorneys-in-paris-counsel-and-strategic-defense\\\/\"},{\"@type\":\"ListItem\",\"position\":2,\"name\":\"Cour d&rsquo;appel de Aix-en-Provence, le 28 avril 2016, n\u00b025\\\/00354\"}]},{\"@type\":\"WebSite\",\"@id\":\"https:\\\/\\\/kohenavocats.com\\\/en\\\/#website\",\"url\":\"https:\\\/\\\/kohenavocats.com\\\/en\\\/\",\"name\":\"Kohen Avocats\",\"description\":\"Ma\u00eetre Hassan Kohen, avocat p\u00e9naliste \u00e0 Paris, intervient exclusivement en droit p\u00e9nal pour la d\u00e9fense des particuliers, notamment en mati\u00e8re d\u2019accusations de viol. Il assure un accompagnement rigoureux d\u00e8s la garde \u00e0 vue jusqu\u2019\u00e0 la Cour d\u2019assises, veillant au strict respect des garanties proc\u00e9durales.\",\"publisher\":{\"@id\":\"https:\\\/\\\/kohenavocats.com\\\/en\\\/#organization\"},\"potentialAction\":[{\"@type\":\"SearchAction\",\"target\":{\"@type\":\"EntryPoint\",\"urlTemplate\":\"https:\\\/\\\/kohenavocats.com\\\/en\\\/?s={search_term_string}\"},\"query-input\":{\"@type\":\"PropertyValueSpecification\",\"valueRequired\":true,\"valueName\":\"search_term_string\"}}],\"inLanguage\":\"en-US\"},{\"@type\":\"Organization\",\"@id\":\"https:\\\/\\\/kohenavocats.com\\\/en\\\/#organization\",\"name\":\"Kohen Avocats\",\"url\":\"https:\\\/\\\/kohenavocats.com\\\/en\\\/\",\"logo\":{\"@type\":\"ImageObject\",\"inLanguage\":\"en-US\",\"@id\":\"https:\\\/\\\/kohenavocats.com\\\/en\\\/#\\\/schema\\\/logo\\\/image\\\/\",\"url\":\"https:\\\/\\\/kohenavocats.com\\\/wp-content\\\/uploads\\\/2026\\\/01\\\/Logo-2-1.webp\",\"contentUrl\":\"https:\\\/\\\/kohenavocats.com\\\/wp-content\\\/uploads\\\/2026\\\/01\\\/Logo-2-1.webp\",\"width\":2114,\"height\":1253,\"caption\":\"Kohen Avocats\"},\"image\":{\"@id\":\"https:\\\/\\\/kohenavocats.com\\\/en\\\/#\\\/schema\\\/logo\\\/image\\\/\"}},{\"@type\":\"Person\",\"@id\":\"https:\\\/\\\/kohenavocats.com\\\/en\\\/#\\\/schema\\\/person\\\/761c9ba54fa1ca84d405cef0831ff751\",\"name\":\"Kohen\",\"image\":{\"@type\":\"ImageObject\",\"inLanguage\":\"en-US\",\"@id\":\"https:\\\/\\\/secure.gravatar.com\\\/avatar\\\/1c5e76ef76bbbfdd2b4da984e2bf2fa4056fd51a27d25ce2c332047f1dfd6e00?s=96&d=identicon&r=g\",\"url\":\"https:\\\/\\\/secure.gravatar.com\\\/avatar\\\/1c5e76ef76bbbfdd2b4da984e2bf2fa4056fd51a27d25ce2c332047f1dfd6e00?s=96&d=identicon&r=g\",\"contentUrl\":\"https:\\\/\\\/secure.gravatar.com\\\/avatar\\\/1c5e76ef76bbbfdd2b4da984e2bf2fa4056fd51a27d25ce2c332047f1dfd6e00?s=96&d=identicon&r=g\",\"caption\":\"Kohen\"},\"sameAs\":[\"https:\\\/\\\/www.linkedin.com\\\/in\\\/hassan-kohen-448548192\\\/\",\"https:\\\/\\\/www.youtube.com\\\/@Kohen-Avocats\"],\"url\":\"https:\\\/\\\/kohenavocats.com\\\/en\\\/author\\\/kohenmlk\\\/\"}]}<\/script>\n<!-- \/ Yoast SEO Premium plugin. -->","yoast_head_json":{"title":"Cour d'appel de Aix-en-Provence, le 28 avril 2016, n\u00b025\/00354 - Ma\u00eetre Hassan Kohen, avocat en droit p\u00e9nal \u00e0 Paris","description":"La Cour d'appel d'Aix-en-Provence, statuant le 28 avril 2016, a fix\u00e9 le trac\u00e9 d'une servitude de passage. Par requ\u00eate ult\u00e9rieure, les b\u00e9n\u00e9ficiaires de ce dro...","robots":{"index":"index","follow":"follow","max-snippet":"max-snippet:-1","max-image-preview":"max-image-preview:large","max-video-preview":"max-video-preview:-1"},"canonical":"https:\/\/kohenavocats.com\/en\/cour-dappel-de-aix-en-provence-le-28-avril-2016-n25-00354\/","og_locale":"en_US","og_type":"article","og_title":"Cour d'appel de Aix-en-Provence, le 28 avril 2016, n\u00b025\/00354","og_description":"La Cour d'appel d'Aix-en-Provence, statuant le 28 avril 2016, a fix\u00e9 le trac\u00e9 d'une servitude de passage. Par requ\u00eate ult\u00e9rieure, les b\u00e9n\u00e9ficiaires de ce dro...","og_url":"https:\/\/kohenavocats.com\/en\/cour-dappel-de-aix-en-provence-le-28-avril-2016-n25-00354\/","og_site_name":"Ma\u00eetre Hassan Kohen, avocat en droit p\u00e9nal \u00e0 Paris","article_published_time":"2026-04-23T19:47:05+00:00","og_image":[{"width":5472,"height":3648,"url":"https:\/\/kohenavocats.com\/wp-content\/uploads\/2024\/07\/clarisse-meyer-jKU2NneZAbI-unsplash.webp","type":"image\/webp"}],"author":"Kohen","twitter_card":"summary_large_image","twitter_misc":{"Written by":"Kohen","Est. reading time":"2 minutes"},"schema":{"@context":"https:\/\/schema.org","@graph":[{"@type":"Article","@id":"https:\/\/kohenavocats.com\/en\/cour-dappel-de-aix-en-provence-le-28-avril-2016-n25-00354\/#article","isPartOf":{"@id":"https:\/\/kohenavocats.com\/en\/cour-dappel-de-aix-en-provence-le-28-avril-2016-n25-00354\/"},"author":{"name":"Kohen","@id":"https:\/\/kohenavocats.com\/en\/#\/schema\/person\/761c9ba54fa1ca84d405cef0831ff751"},"headline":"Cour d&#8217;appel de Aix-en-Provence, le 28 avril 2016, n\u00b025\/00354","datePublished":"2026-04-23T19:47:05+00:00","mainEntityOfPage":{"@id":"https:\/\/kohenavocats.com\/en\/cour-dappel-de-aix-en-provence-le-28-avril-2016-n25-00354\/"},"wordCount":531,"commentCount":0,"publisher":{"@id":"https:\/\/kohenavocats.com\/en\/#organization"},"image":{"@id":"https:\/\/kohenavocats.com\/en\/cour-dappel-de-aix-en-provence-le-28-avril-2016-n25-00354\/#primaryimage"},"thumbnailUrl":"https:\/\/kohenavocats.com\/wp-content\/uploads\/2024\/07\/clarisse-meyer-jKU2NneZAbI-unsplash.webp","articleSection":["Jurisprudence"],"inLanguage":"en-US","potentialAction":[{"@type":"CommentAction","name":"Comment","target":["https:\/\/kohenavocats.com\/en\/cour-dappel-de-aix-en-provence-le-28-avril-2016-n25-00354\/#respond"]}],"citation":"Cour d&#8217;appel de Aix-en-Provence, le 28 avril 2016, n\u00b025\/00354","about":[{"@type":"Thing","name":"Jurisprudence"}],"dateModified":"2026-04-23T19:47:05+00:00","speakable":{"@type":"SpeakableSpecification","cssSelector":[".article-content > p:first-of-type"]}},{"@type":"WebPage","@id":"https:\/\/kohenavocats.com\/en\/cour-dappel-de-aix-en-provence-le-28-avril-2016-n25-00354\/","url":"https:\/\/kohenavocats.com\/en\/cour-dappel-de-aix-en-provence-le-28-avril-2016-n25-00354\/","name":"Cour d'appel de Aix-en-Provence, le 28 avril 2016, n\u00b025\/00354 - Ma\u00eetre Hassan Kohen, avocat en droit p\u00e9nal \u00e0 Paris","isPartOf":{"@id":"https:\/\/kohenavocats.com\/en\/#website"},"primaryImageOfPage":{"@id":"https:\/\/kohenavocats.com\/en\/cour-dappel-de-aix-en-provence-le-28-avril-2016-n25-00354\/#primaryimage"},"image":{"@id":"https:\/\/kohenavocats.com\/en\/cour-dappel-de-aix-en-provence-le-28-avril-2016-n25-00354\/#primaryimage"},"thumbnailUrl":"https:\/\/kohenavocats.com\/wp-content\/uploads\/2024\/07\/clarisse-meyer-jKU2NneZAbI-unsplash.webp","datePublished":"2026-04-23T19:47:05+00:00","description":"La Cour d'appel d'Aix-en-Provence, statuant le 28 avril 2016, a fix\u00e9 le trac\u00e9 d'une servitude de passage. Par requ\u00eate ult\u00e9rieure, les b\u00e9n\u00e9ficiaires de ce dro...","breadcrumb":{"@id":"https:\/\/kohenavocats.com\/en\/cour-dappel-de-aix-en-provence-le-28-avril-2016-n25-00354\/#breadcrumb"},"inLanguage":"en-US","potentialAction":[{"@type":"ReadAction","target":["https:\/\/kohenavocats.com\/en\/cour-dappel-de-aix-en-provence-le-28-avril-2016-n25-00354\/"]}]},{"@type":"ImageObject","inLanguage":"en-US","@id":"https:\/\/kohenavocats.com\/en\/cour-dappel-de-aix-en-provence-le-28-avril-2016-n25-00354\/#primaryimage","url":"https:\/\/kohenavocats.com\/wp-content\/uploads\/2024\/07\/clarisse-meyer-jKU2NneZAbI-unsplash.webp","contentUrl":"https:\/\/kohenavocats.com\/wp-content\/uploads\/2024\/07\/clarisse-meyer-jKU2NneZAbI-unsplash.webp","width":5472,"height":3648},{"@type":"BreadcrumbList","@id":"https:\/\/kohenavocats.com\/en\/cour-dappel-de-aix-en-provence-le-28-avril-2016-n25-00354\/#breadcrumb","itemListElement":[{"@type":"ListItem","position":1,"name":"Home","item":"https:\/\/kohenavocats.com\/en\/criminal-law-attorneys-in-paris-counsel-and-strategic-defense\/"},{"@type":"ListItem","position":2,"name":"Cour d&rsquo;appel de Aix-en-Provence, le 28 avril 2016, n\u00b025\/00354"}]},{"@type":"WebSite","@id":"https:\/\/kohenavocats.com\/en\/#website","url":"https:\/\/kohenavocats.com\/en\/","name":"Kohen Avocats","description":"Ma\u00eetre Hassan Kohen, avocat p\u00e9naliste \u00e0 Paris, intervient exclusivement en droit p\u00e9nal pour la d\u00e9fense des particuliers, notamment en mati\u00e8re d\u2019accusations de viol. Il assure un accompagnement rigoureux d\u00e8s la garde \u00e0 vue jusqu\u2019\u00e0 la Cour d\u2019assises, veillant au strict respect des garanties proc\u00e9durales.","publisher":{"@id":"https:\/\/kohenavocats.com\/en\/#organization"},"potentialAction":[{"@type":"SearchAction","target":{"@type":"EntryPoint","urlTemplate":"https:\/\/kohenavocats.com\/en\/?s={search_term_string}"},"query-input":{"@type":"PropertyValueSpecification","valueRequired":true,"valueName":"search_term_string"}}],"inLanguage":"en-US"},{"@type":"Organization","@id":"https:\/\/kohenavocats.com\/en\/#organization","name":"Kohen Avocats","url":"https:\/\/kohenavocats.com\/en\/","logo":{"@type":"ImageObject","inLanguage":"en-US","@id":"https:\/\/kohenavocats.com\/en\/#\/schema\/logo\/image\/","url":"https:\/\/kohenavocats.com\/wp-content\/uploads\/2026\/01\/Logo-2-1.webp","contentUrl":"https:\/\/kohenavocats.com\/wp-content\/uploads\/2026\/01\/Logo-2-1.webp","width":2114,"height":1253,"caption":"Kohen Avocats"},"image":{"@id":"https:\/\/kohenavocats.com\/en\/#\/schema\/logo\/image\/"}},{"@type":"Person","@id":"https:\/\/kohenavocats.com\/en\/#\/schema\/person\/761c9ba54fa1ca84d405cef0831ff751","name":"Kohen","image":{"@type":"ImageObject","inLanguage":"en-US","@id":"https:\/\/secure.gravatar.com\/avatar\/1c5e76ef76bbbfdd2b4da984e2bf2fa4056fd51a27d25ce2c332047f1dfd6e00?s=96&d=identicon&r=g","url":"https:\/\/secure.gravatar.com\/avatar\/1c5e76ef76bbbfdd2b4da984e2bf2fa4056fd51a27d25ce2c332047f1dfd6e00?s=96&d=identicon&r=g","contentUrl":"https:\/\/secure.gravatar.com\/avatar\/1c5e76ef76bbbfdd2b4da984e2bf2fa4056fd51a27d25ce2c332047f1dfd6e00?s=96&d=identicon&r=g","caption":"Kohen"},"sameAs":["https:\/\/www.linkedin.com\/in\/hassan-kohen-448548192\/","https:\/\/www.youtube.com\/@Kohen-Avocats"],"url":"https:\/\/kohenavocats.com\/en\/author\/kohenmlk\/"}]}},"jetpack_featured_media_url":"https:\/\/kohenavocats.com\/wp-content\/uploads\/2024\/07\/clarisse-meyer-jKU2NneZAbI-unsplash.webp","jetpack_likes_enabled":false,"jetpack_shortlink":"https:\/\/wp.me\/peCrII-2MHO","jetpack-related-posts":[{"id":543028,"url":"https:\/\/kohenavocats.com\/en\/cour-dappel-de-aix-en-provence-le-25-septembre-2025-n25-00354\/","url_meta":{"origin":663884,"position":0},"title":"Cour d&#8217;appel de Aix-en-Provence, le 25 septembre 2025, n\u00b025\/00354","author":"Kohen","date":"9 April 2026","format":false,"excerpt":"La Cour d'appel d'Aix-en-Provence, statuant le 28 avril 2016, a fix\u00e9 le trac\u00e9 d'une servitude de passage. Par requ\u00eate ult\u00e9rieure, les b\u00e9n\u00e9ficiaires de ce...","rel":"","context":"In &quot;Cour d'appel&quot;","block_context":{"text":"Cour d'appel","link":"https:\/\/kohenavocats.com\/category\/cour-dappel\/"},"img":{"alt_text":"","src":"https:\/\/i0.wp.com\/kohenavocats.com\/wp-content\/uploads\/2024\/11\/planet-volumes-C3xYPsybD0U-unsplash.webp?resize=350%2C200&ssl=1","width":350,"height":200,"srcset":"https:\/\/i0.wp.com\/kohenavocats.com\/wp-content\/uploads\/2024\/11\/planet-volumes-C3xYPsybD0U-unsplash.webp?resize=350%2C200&ssl=1 1x, https:\/\/i0.wp.com\/kohenavocats.com\/wp-content\/uploads\/2024\/11\/planet-volumes-C3xYPsybD0U-unsplash.webp?resize=525%2C300&ssl=1 1.5x, https:\/\/i0.wp.com\/kohenavocats.com\/wp-content\/uploads\/2024\/11\/planet-volumes-C3xYPsybD0U-unsplash.webp?resize=700%2C400&ssl=1 2x, https:\/\/i0.wp.com\/kohenavocats.com\/wp-content\/uploads\/2024\/11\/planet-volumes-C3xYPsybD0U-unsplash.webp?resize=1050%2C600&ssl=1 3x, https:\/\/i0.wp.com\/kohenavocats.com\/wp-content\/uploads\/2024\/11\/planet-volumes-C3xYPsybD0U-unsplash.webp?resize=1400%2C800&ssl=1 4x"},"classes":[]},{"id":683744,"url":"https:\/\/kohenavocats.com\/en\/cour-dappel-de-aix-en-provence-le-17-avril-2018-n21-07428\/","url_meta":{"origin":663884,"position":1},"title":"Cour d&#8217;appel de Aix-en-Provence, le 17 avril 2018, n\u00b021\/07428","author":"Kohen","date":"25 April 2026","format":false,"excerpt":"La Cour d'appel d'Aix-en-Provence, 1er juillet 2025, statue sur un litige n\u00e9 d\u2019une promesse synallagmatique portant sur plusieurs parcelles soumises \u00e0 d\u2019anci...","rel":"","context":"In &quot;Jurisprudence&quot;","block_context":{"text":"Jurisprudence","link":"https:\/\/kohenavocats.com\/category\/jurisprudence\/"},"img":{"alt_text":"","src":"https:\/\/i0.wp.com\/kohenavocats.com\/wp-content\/uploads\/2024\/11\/and-machines-6IbHR1pTE0Q-unsplash.webp?resize=350%2C200&ssl=1","width":350,"height":200,"srcset":"https:\/\/i0.wp.com\/kohenavocats.com\/wp-content\/uploads\/2024\/11\/and-machines-6IbHR1pTE0Q-unsplash.webp?resize=350%2C200&ssl=1 1x, https:\/\/i0.wp.com\/kohenavocats.com\/wp-content\/uploads\/2024\/11\/and-machines-6IbHR1pTE0Q-unsplash.webp?resize=525%2C300&ssl=1 1.5x, https:\/\/i0.wp.com\/kohenavocats.com\/wp-content\/uploads\/2024\/11\/and-machines-6IbHR1pTE0Q-unsplash.webp?resize=700%2C400&ssl=1 2x, https:\/\/i0.wp.com\/kohenavocats.com\/wp-content\/uploads\/2024\/11\/and-machines-6IbHR1pTE0Q-unsplash.webp?resize=1050%2C600&ssl=1 3x, https:\/\/i0.wp.com\/kohenavocats.com\/wp-content\/uploads\/2024\/11\/and-machines-6IbHR1pTE0Q-unsplash.webp?resize=1400%2C800&ssl=1 4x"},"classes":[]},{"id":684049,"url":"https:\/\/kohenavocats.com\/en\/cour-dappel-de-aix-en-provence-le-11-mars-2016-n21-06965\/","url_meta":{"origin":663884,"position":2},"title":"Cour d&#8217;appel de Aix-en-Provence, le 11 mars 2016, n\u00b021\/06965","author":"Kohen","date":"25 April 2026","format":false,"excerpt":"La Cour d'appel d'Aix-en-Provence, 24 juin 2025, statue sur la responsabilit\u00e9 du vendeur et de l\u2019interm\u00e9diaire lors de la vente d\u2019une maison ancienne affect\u00e9...","rel":"","context":"In &quot;Jurisprudence&quot;","block_context":{"text":"Jurisprudence","link":"https:\/\/kohenavocats.com\/category\/jurisprudence\/"},"img":{"alt_text":"","src":"https:\/\/i0.wp.com\/kohenavocats.com\/wp-content\/uploads\/2024\/11\/getty-images-uXScU4WS2YM-unsplash.webp?resize=350%2C200&ssl=1","width":350,"height":200,"srcset":"https:\/\/i0.wp.com\/kohenavocats.com\/wp-content\/uploads\/2024\/11\/getty-images-uXScU4WS2YM-unsplash.webp?resize=350%2C200&ssl=1 1x, https:\/\/i0.wp.com\/kohenavocats.com\/wp-content\/uploads\/2024\/11\/getty-images-uXScU4WS2YM-unsplash.webp?resize=525%2C300&ssl=1 1.5x, https:\/\/i0.wp.com\/kohenavocats.com\/wp-content\/uploads\/2024\/11\/getty-images-uXScU4WS2YM-unsplash.webp?resize=700%2C400&ssl=1 2x, https:\/\/i0.wp.com\/kohenavocats.com\/wp-content\/uploads\/2024\/11\/getty-images-uXScU4WS2YM-unsplash.webp?resize=1050%2C600&ssl=1 3x, https:\/\/i0.wp.com\/kohenavocats.com\/wp-content\/uploads\/2024\/11\/getty-images-uXScU4WS2YM-unsplash.webp?resize=1400%2C800&ssl=1 4x"},"classes":[]},{"id":416285,"url":"https:\/\/kohenavocats.com\/en\/cour-dappel-de-aix-en-provence-le-19-fevrier-2026-n25-13792\/","url_meta":{"origin":663884,"position":3},"title":"Cour d&#8217;appel de Aix-en-Provence, le 19 f\u00e9vrier 2026, n\u00b025\/13792","author":"Kohen","date":"22 March 2026","format":false,"excerpt":"La Cour d\u2019appel d\u2019Aix-en-Provence, dans un arr\u00eat de rectification du 19 f\u00e9vrier 2026, rejette une requ\u00eate fond\u00e9e sur l\u2019article 462 du code de proc\u00e9dure civile. Un salari\u00e9 avait obtenu gain de cause devant le conseil de prud\u2019hommes de Grasse. Le jugement du 10 f\u00e9vrier 2022 avait condamn\u00e9 son employeur \u00e0\u2026","rel":"","context":"In &quot;Cour d'appel&quot;","block_context":{"text":"Cour d'appel","link":"https:\/\/kohenavocats.com\/category\/cour-dappel\/"},"img":{"alt_text":"","src":"https:\/\/i0.wp.com\/kohenavocats.com\/wp-content\/uploads\/2024\/11\/tim-schmidbauer-EnC5f7At4ac-unsplash-1.webp?resize=350%2C200&ssl=1","width":350,"height":200,"srcset":"https:\/\/i0.wp.com\/kohenavocats.com\/wp-content\/uploads\/2024\/11\/tim-schmidbauer-EnC5f7At4ac-unsplash-1.webp?resize=350%2C200&ssl=1 1x, https:\/\/i0.wp.com\/kohenavocats.com\/wp-content\/uploads\/2024\/11\/tim-schmidbauer-EnC5f7At4ac-unsplash-1.webp?resize=525%2C300&ssl=1 1.5x, https:\/\/i0.wp.com\/kohenavocats.com\/wp-content\/uploads\/2024\/11\/tim-schmidbauer-EnC5f7At4ac-unsplash-1.webp?resize=700%2C400&ssl=1 2x, https:\/\/i0.wp.com\/kohenavocats.com\/wp-content\/uploads\/2024\/11\/tim-schmidbauer-EnC5f7At4ac-unsplash-1.webp?resize=1050%2C600&ssl=1 3x, https:\/\/i0.wp.com\/kohenavocats.com\/wp-content\/uploads\/2024\/11\/tim-schmidbauer-EnC5f7At4ac-unsplash-1.webp?resize=1400%2C800&ssl=1 4x"},"classes":[]},{"id":433537,"url":"https:\/\/kohenavocats.com\/en\/cour-dappel-de-aix-en-provence-le-26-fevrier-2026-n25-05212\/","url_meta":{"origin":663884,"position":4},"title":"Cour d&#8217;appel de Aix-en-Provence, le 26 f\u00e9vrier 2026, n\u00b025\/05212","author":"Kohen","date":"24 March 2026","format":false,"excerpt":"La Cour d\u2019appel d\u2019Aix-en-Provence, dans un arr\u00eat du 26 f\u00e9vrier 2026, a \u00e9t\u00e9 saisie d\u2019un litige relatif \u00e0 la r\u00e9gularit\u00e9 d\u2019une saisie-attribution. Cette mesure d\u2019ex\u00e9cution forc\u00e9e avait \u00e9t\u00e9 initi\u00e9e par un expert judiciaire contre plusieurs coh\u00e9ritiers indivisaires. Le juge de l\u2019ex\u00e9cution avait rejet\u00e9 la demande de mainlev\u00e9e form\u00e9e par l\u2019un\u2026","rel":"","context":"In &quot;Cour d'appel&quot;","block_context":{"text":"Cour d'appel","link":"https:\/\/kohenavocats.com\/category\/cour-dappel\/"},"img":{"alt_text":"","src":"https:\/\/i0.wp.com\/kohenavocats.com\/wp-content\/uploads\/2024\/11\/planet-volumes-gJ9Y6Ip-X4o-unsplash.webp?resize=350%2C200&ssl=1","width":350,"height":200,"srcset":"https:\/\/i0.wp.com\/kohenavocats.com\/wp-content\/uploads\/2024\/11\/planet-volumes-gJ9Y6Ip-X4o-unsplash.webp?resize=350%2C200&ssl=1 1x, https:\/\/i0.wp.com\/kohenavocats.com\/wp-content\/uploads\/2024\/11\/planet-volumes-gJ9Y6Ip-X4o-unsplash.webp?resize=525%2C300&ssl=1 1.5x, https:\/\/i0.wp.com\/kohenavocats.com\/wp-content\/uploads\/2024\/11\/planet-volumes-gJ9Y6Ip-X4o-unsplash.webp?resize=700%2C400&ssl=1 2x, https:\/\/i0.wp.com\/kohenavocats.com\/wp-content\/uploads\/2024\/11\/planet-volumes-gJ9Y6Ip-X4o-unsplash.webp?resize=1050%2C600&ssl=1 3x, https:\/\/i0.wp.com\/kohenavocats.com\/wp-content\/uploads\/2024\/11\/planet-volumes-gJ9Y6Ip-X4o-unsplash.webp?resize=1400%2C800&ssl=1 4x"},"classes":[]},{"id":47687,"url":"https:\/\/kohenavocats.com\/en\/cour-dappel-de-aix-en-provence-le-3-juillet-2025-n24-05515\/","url_meta":{"origin":663884,"position":5},"title":"Cour d&#8217;appel de Aix-en-Provence, le 3 juillet 2025, n\u00b024\/05515","author":"Kohen","date":"7 November 2025","format":false,"excerpt":"La Cour d'appel d'Aix-en-Provence, chambre 4-8a, a statu\u00e9 le 3 juillet 2025 sur un litige de recouvrement aff\u00e9rent au forfait social, \u00e0 la suite d\u2019un contr\u00f4le couvrant les exercices 2014 \u00e0 2016. L\u2019enjeu portait sur l\u2019incidence d\u2019erreurs de param\u00e9trage en DSN et sur la preuve du paiement effectif des sommes\u2026","rel":"","context":"In &quot;Cour d'appel&quot;","block_context":{"text":"Cour d'appel","link":"https:\/\/kohenavocats.com\/category\/cour-dappel\/"},"img":{"alt_text":"","src":"https:\/\/i0.wp.com\/kohenavocats.com\/wp-content\/uploads\/2024\/11\/jigar-panchal-JMz61NKc3E-unsplash.webp?resize=350%2C200&ssl=1","width":350,"height":200,"srcset":"https:\/\/i0.wp.com\/kohenavocats.com\/wp-content\/uploads\/2024\/11\/jigar-panchal-JMz61NKc3E-unsplash.webp?resize=350%2C200&ssl=1 1x, https:\/\/i0.wp.com\/kohenavocats.com\/wp-content\/uploads\/2024\/11\/jigar-panchal-JMz61NKc3E-unsplash.webp?resize=525%2C300&ssl=1 1.5x, https:\/\/i0.wp.com\/kohenavocats.com\/wp-content\/uploads\/2024\/11\/jigar-panchal-JMz61NKc3E-unsplash.webp?resize=700%2C400&ssl=1 2x, https:\/\/i0.wp.com\/kohenavocats.com\/wp-content\/uploads\/2024\/11\/jigar-panchal-JMz61NKc3E-unsplash.webp?resize=1050%2C600&ssl=1 3x, https:\/\/i0.wp.com\/kohenavocats.com\/wp-content\/uploads\/2024\/11\/jigar-panchal-JMz61NKc3E-unsplash.webp?resize=1400%2C800&ssl=1 4x"},"classes":[]}],"jetpack_sharing_enabled":true,"_links":{"self":[{"href":"https:\/\/kohenavocats.com\/en\/wp-json\/wp\/v2\/posts\/663884","targetHints":{"allow":["GET"]}}],"collection":[{"href":"https:\/\/kohenavocats.com\/en\/wp-json\/wp\/v2\/posts"}],"about":[{"href":"https:\/\/kohenavocats.com\/en\/wp-json\/wp\/v2\/types\/post"}],"author":[{"embeddable":true,"href":"https:\/\/kohenavocats.com\/en\/wp-json\/wp\/v2\/users\/232070755"}],"replies":[{"embeddable":true,"href":"https:\/\/kohenavocats.com\/en\/wp-json\/wp\/v2\/comments?post=663884"}],"version-history":[{"count":0,"href":"https:\/\/kohenavocats.com\/en\/wp-json\/wp\/v2\/posts\/663884\/revisions"}],"wp:featuredmedia":[{"embeddable":true,"href":"https:\/\/kohenavocats.com\/en\/wp-json\/wp\/v2\/media\/3895"}],"wp:attachment":[{"href":"https:\/\/kohenavocats.com\/en\/wp-json\/wp\/v2\/media?parent=663884"}],"wp:term":[{"taxonomy":"category","embeddable":true,"href":"https:\/\/kohenavocats.com\/en\/wp-json\/wp\/v2\/categories?post=663884"},{"taxonomy":"post_tag","embeddable":true,"href":"https:\/\/kohenavocats.com\/en\/wp-json\/wp\/v2\/tags?post=663884"}],"curies":[{"name":"wp","href":"https:\/\/api.w.org\/{rel}","templated":true}]}}