{"id":663887,"date":"2026-04-23T21:47:10","date_gmt":"2026-04-23T19:47:10","guid":{"rendered":"https:\/\/kohenavocats.com\/cour-dappel-de-appel-damiens-le-25-septembre-2025-n23-00649\/"},"modified":"2026-04-23T21:47:10","modified_gmt":"2026-04-23T19:47:10","slug":"cour-dappel-de-appel-damiens-le-25-septembre-2025-n23-00649","status":"publish","type":"post","link":"https:\/\/kohenavocats.com\/en\/cour-dappel-de-appel-damiens-le-25-septembre-2025-n23-00649\/","title":{"rendered":"Cour d&#8217;appel de appel d&#8217;Amiens, le 25 septembre 2025, n\u00b023\/00649"},"content":{"rendered":"<div class=\"article-content\">\n<p>Cour d&#8217;appel de Paris, chambre commerciale, rendant un arr\u00eat de reformation partielle le 25 septembre 2025. L&#8217;affaire concerne un important chantier de construction et les litiges n\u00e9s entre le ma\u00eetre de l&#8217;ouvrage, l&#8217;entrepreneur principal et plusieurs sous-traitants. La proc\u00e9dure de redressement judiciaire de l&#8217;entrepreneur principal complexifie les relations financi\u00e8res. Les questions portent sur la validit\u00e9 d&#8217;une substitution de ma\u00eetre d&#8217;ouvrage, le r\u00e8glement des comptes contractuels, l&#8217;\u00e9tendue des garanties l\u00e9gales et le r\u00e9gime des d\u00e9l\u00e9gations de paiement au profit des sous-traitants. La cour r\u00e9forme le jugement en infirmant la condamnation de l&#8217;ancien ma\u00eetre d&#8217;ouvrage et en pr\u00e9cisant les obligations de chacun.<\/p>\n<p>La substitution du ma\u00eetre de l&#8217;ouvrage et ses cons\u00e9quences proc\u00e9durales<\/p>\n<p>La qualification d&#8217;une d\u00e9claration de cr\u00e9ance conservatoire<\/p>\n<p>L&#8217;ancien ma\u00eetre de l&#8217;ouvrage a form\u00e9 une d\u00e9claration de cr\u00e9ance apr\u00e8s sa substitution. Cette d\u00e9marche visait \u00e0 pr\u00e9server ses droits face \u00e0 une \u00e9ventuelle contestation. La cour estime que cette action proc\u00e9durale \u00e9tait justifi\u00e9e par l&#8217;incertitude initiale. Elle rejette donc l&#8217;id\u00e9e d&#8217;une faute ou d&#8217;une intention de nuire \u00e0 l&#8217;entrepreneur. La d\u00e9cision consacre le droit pour une partie de prot\u00e9ger ses int\u00e9r\u00eats dans un contexte incertain. Cette solution \u00e9vite une forclusion tout en sanctionnant les abus manifestes.<\/p>\n<p>L&#8217;absence de faute dans l&#8217;exercice des voies de recours<\/p>\n<p>La soci\u00e9t\u00e9 en redressement judiciaire invoquait un abus de droit. Elle reprochait \u00e0 l&#8217;ancien ma\u00eetre d&#8217;ouvrage d&#8217;avoir artificiellement alourdi son passif. La cour \u00e9carte cette argumentation en l&#8217;absence d&#8217;intention malveillante. &#8220;Les d\u00e9clarations de cr\u00e9ances \u00e9tant intervenues dans l&#8217;intention de pr\u00e9server les droits du ma\u00eetre de l&#8217;ouvrage [&#8230;] il n&#8217;y a pas lieu de consid\u00e9rer que la double d\u00e9claration de cr\u00e9ances ait \u00e9t\u00e9 form\u00e9e dans l&#8217;intention de nuire&#8221; (Motifs). Cette analyse prot\u00e8ge l&#8217;acc\u00e8s au juge contre les accusations infond\u00e9es. Elle exige une d\u00e9monstration probante de la volont\u00e9 de nuire pour condamner.<\/p>\n<p>Le r\u00e8glement des comptes entre les parties contractantes<\/p>\n<p>L&#8217;\u00e9valuation des cr\u00e9ances r\u00e9ciproques et des p\u00e9nalit\u00e9s<\/p>\n<p>Le diff\u00e9rend principal concerne le solde du march\u00e9 et les p\u00e9nalit\u00e9s de retard. Les parties s&#8217;opposaient sur l&#8217;int\u00e9gration de travaux suppl\u00e9mentaires au d\u00e9compte. La cour retient que les p\u00e9nalit\u00e9s, bien que contractuellement plafonn\u00e9es, sont dues. Elle fixe leur montant \u00e0 180 000 euros conform\u00e9ment \u00e0 un accord ant\u00e9rieur. &#8220;Il est amplement \u00e9tabli par les courriers \u00e9chang\u00e9s entre les parties que celles-ci s&#8217;\u00e9taient mises d&#8217;accord sur l&#8217;application de p\u00e9nalit\u00e9s plafonn\u00e9es \u00e0 hauteur de la somme de 180000 euros&#8221; (Motifs). Cette solution assure la s\u00e9curit\u00e9 des conventions tout en utilisant le pouvoir mod\u00e9rateur du juge.<\/p>\n<p>Le rejet des demandes fond\u00e9es sur les garanties l\u00e9gales<\/p>\n<p>Le ma\u00eetre de l&#8217;ouvrage invoquait la garantie d\u00e9cennale et la garantie de parfait ach\u00e8vement. La cour souligne l&#8217;absence de justification des d\u00e9sordres all\u00e9gu\u00e9s et de leur co\u00fbt. Elle rappelle que &#8220;sont pris en compte [&#8230;] les d\u00e9sordres apparus et d\u00e9nonc\u00e9s dans l&#8217;ann\u00e9e de la r\u00e9ception&#8221; (Motifs). Les estimations unilat\u00e9rales et les expertises non contradictoires sont \u00e9cart\u00e9es. Cette rigueur probatoire prot\u00e8ge le constructeur contre des r\u00e9clamations sp\u00e9culatives. Elle rappelle que la garantie d\u00e9cennale ne couvre que les dommages compromettant la solidit\u00e9.<\/p>\n<p>Le r\u00e9gime des d\u00e9l\u00e9gations de paiement et de l&#8217;action directe<\/p>\n<p>La port\u00e9e limit\u00e9e de la d\u00e9l\u00e9gation de paiement consentie<\/p>\n<p>Les sous-traitants b\u00e9n\u00e9ficiaient de d\u00e9l\u00e9gations de paiement pr\u00e9cises quant \u00e0 leur montant. La cour en limite strictement la port\u00e9e aux sommes express\u00e9ment mentionn\u00e9es. &#8220;L&#8217;engagement ne porte donc que sur le montant du march\u00e9 indiqu\u00e9 dans la d\u00e9l\u00e9gation de paiement sign\u00e9e par les trois parties&#8221; (Motifs). Cette lecture stricte prot\u00e8ge le ma\u00eetre d&#8217;ouvrage contre l&#8217;extension impr\u00e9vue de son engagement. Elle oblige \u00e0 formaliser tout avenant financier pour les travaux suppl\u00e9mentaires.<\/p>\n<p>Le succ\u00e8s de l&#8217;action directe des sous-traitants agr\u00e9\u00e9s<\/p>\n<p>Les sous-traitants ont \u00e9galement exerc\u00e9 leur action directe avec succ\u00e8s. La cour rappelle les conditions de cette action : agr\u00e9ment, mise en demeure de l&#8217;entrepreneur et cr\u00e9ance du ma\u00eetre d&#8217;ouvrage. Elle constate que ces conditions \u00e9taient remises en l&#8217;esp\u00e8ce. &#8220;Le sous-traitant ne peut mettre en oeuvre l&#8217;action directe que si lors de l&#8217;envoi de la mise en demeure le ma\u00eetre de l&#8217;ouvrage \u00e9tait encore d\u00e9biteur de l&#8217;entrepreneur principal&#8221; (Motifs). Cette solution assure la protection des sous-traitants malgr\u00e9 la d\u00e9faillance de l&#8217;entrepreneur. Elle s\u00e9curise ainsi la cha\u00eene des paiements dans le secteur de la construction.<\/p>\n<p>L&#8217;arr\u00eat op\u00e8re une clarification essentielle des relations multipartites en droit de la construction. Il rappelle avec rigueur les conditions d&#8217;exercice de l&#8217;action directe et les limites de la d\u00e9l\u00e9gation de paiement. La solution prot\u00e8ge efficacement les sous-traitants tout en encadrant strictement les obligations du ma\u00eetre d&#8217;ouvrage. La cour fait preuve d&#8217;un pragmatisme notable en mati\u00e8re probatoire, exigeant des justifications concr\u00e8tes pour les r\u00e9serves et les d\u00e9sordres all\u00e9gu\u00e9s. Cet arr\u00eat renforce la s\u00e9curit\u00e9 juridique des op\u00e9rations complexes en pr\u00e9cisant les effets d&#8217;une substitution de ma\u00eetre d&#8217;ouvrage en cours de proc\u00e9dure collective.<\/p>\n<\/div>\n","protected":false},"excerpt":{"rendered":"<p>Cour d&#8217;appel de Paris, chambre commerciale, rendant un arr\u00eat de reformation partielle le 25 septembre 2025. L&#8217;affaire concerne un important chantier de const&#8230;<\/p>\n","protected":false},"author":232070755,"featured_media":4759,"comment_status":"open","ping_status":"open","sticky":false,"template":"","format":"standard","meta":{"_crdt_document":"","_jetpack_newsletter_access":"","_jetpack_dont_email_post_to_subs":false,"_jetpack_newsletter_tier_id":0,"_jetpack_memberships_contains_paywalled_content":false,"_kj_source_type":"judilibre","_kj_official_id":"68d627986cdb0f9ad73469c9","_kj_official_url":"https:\/\/www.courdecassation.fr\/decision\/68d627986cdb0f9ad73469c9","_kj_judilibre_id":"68d627986cdb0f9ad73469c9","_kj_jur":"Cour d'appel","_kj_lieu":"Cour d'appel d'Amiens","_kj_chambre":"CHAMBRE \u00c9CONOMIQUE","_kj_rg":"23\/00649","_kj_date":"2025-09-25","_jetpack_memberships_contains_paid_content":false,"footnotes":"","jetpack_post_was_ever_published":false},"categories":[7597],"tags":[],"class_list":["post-663887","post","type-post","status-publish","format-standard","has-post-thumbnail","hentry","category-jurisprudence"],"yoast_head":"<!-- This site is optimized with the Yoast SEO Premium plugin v27.5 (Yoast SEO v27.5) - https:\/\/yoast.com\/product\/yoast-seo-premium-wordpress\/ -->\n<title>Cour d&#039;appel de appel d&#039;Amiens, le 25 septembre 2025, n\u00b023\/00649 - Ma\u00eetre Hassan Kohen, avocat en droit p\u00e9nal \u00e0 Paris<\/title>\n<meta name=\"description\" content=\"Cour d&#039;appel de Paris, chambre commerciale, rendant un arr\u00eat de reformation partielle le 25 septembre 2025. L&#039;affaire concerne un important chantier de const...\" \/>\n<meta name=\"robots\" content=\"index, follow, max-snippet:-1, max-image-preview:large, max-video-preview:-1\" \/>\n<link rel=\"canonical\" href=\"https:\/\/kohenavocats.com\/en\/cour-dappel-de-appel-damiens-le-25-septembre-2025-n23-00649\/\" \/>\n<meta property=\"og:locale\" content=\"en_US\" \/>\n<meta property=\"og:type\" content=\"article\" \/>\n<meta property=\"og:title\" content=\"Cour d&#039;appel de appel d&#039;Amiens, le 25 septembre 2025, n\u00b023\/00649\" \/>\n<meta property=\"og:description\" content=\"Cour d&#039;appel de Paris, chambre commerciale, rendant un arr\u00eat de reformation partielle le 25 septembre 2025. L&#039;affaire concerne un important chantier de const...\" \/>\n<meta property=\"og:url\" content=\"https:\/\/kohenavocats.com\/en\/cour-dappel-de-appel-damiens-le-25-septembre-2025-n23-00649\/\" \/>\n<meta property=\"og:site_name\" content=\"Ma\u00eetre Hassan Kohen, avocat en droit p\u00e9nal \u00e0 Paris\" \/>\n<meta property=\"article:published_time\" content=\"2026-04-23T19:47:10+00:00\" \/>\n<meta property=\"og:image\" content=\"https:\/\/kohenavocats.com\/wp-content\/uploads\/2024\/08\/tom-gainor-TRALLodRQE0-unsplash.webp\" \/>\n\t<meta property=\"og:image:width\" content=\"4800\" \/>\n\t<meta property=\"og:image:height\" content=\"3000\" \/>\n\t<meta property=\"og:image:type\" content=\"image\/webp\" \/>\n<meta name=\"author\" content=\"Kohen\" \/>\n<meta name=\"twitter:card\" content=\"summary_large_image\" \/>\n<meta name=\"twitter:label1\" content=\"Written by\" \/>\n\t<meta name=\"twitter:data1\" content=\"Kohen\" \/>\n\t<meta name=\"twitter:label2\" content=\"Est. reading time\" \/>\n\t<meta name=\"twitter:data2\" content=\"4 minutes\" \/>\n<script type=\"application\/ld+json\" class=\"yoast-schema-graph\">{\"@context\":\"https:\\\/\\\/schema.org\",\"@graph\":[{\"@type\":\"Article\",\"@id\":\"https:\\\/\\\/kohenavocats.com\\\/en\\\/cour-dappel-de-appel-damiens-le-25-septembre-2025-n23-00649\\\/#article\",\"isPartOf\":{\"@id\":\"https:\\\/\\\/kohenavocats.com\\\/en\\\/cour-dappel-de-appel-damiens-le-25-septembre-2025-n23-00649\\\/\"},\"author\":{\"name\":\"Kohen\",\"@id\":\"https:\\\/\\\/kohenavocats.com\\\/en\\\/#\\\/schema\\\/person\\\/761c9ba54fa1ca84d405cef0831ff751\"},\"headline\":\"Cour d&#8217;appel de appel d&#8217;Amiens, le 25 septembre 2025, n\u00b023\\\/00649\",\"datePublished\":\"2026-04-23T19:47:10+00:00\",\"mainEntityOfPage\":{\"@id\":\"https:\\\/\\\/kohenavocats.com\\\/en\\\/cour-dappel-de-appel-damiens-le-25-septembre-2025-n23-00649\\\/\"},\"wordCount\":963,\"commentCount\":0,\"publisher\":{\"@id\":\"https:\\\/\\\/kohenavocats.com\\\/en\\\/#organization\"},\"image\":{\"@id\":\"https:\\\/\\\/kohenavocats.com\\\/en\\\/cour-dappel-de-appel-damiens-le-25-septembre-2025-n23-00649\\\/#primaryimage\"},\"thumbnailUrl\":\"https:\\\/\\\/kohenavocats.com\\\/wp-content\\\/uploads\\\/2024\\\/08\\\/tom-gainor-TRALLodRQE0-unsplash.webp\",\"articleSection\":[\"Jurisprudence\"],\"inLanguage\":\"en-US\",\"potentialAction\":[{\"@type\":\"CommentAction\",\"name\":\"Comment\",\"target\":[\"https:\\\/\\\/kohenavocats.com\\\/en\\\/cour-dappel-de-appel-damiens-le-25-septembre-2025-n23-00649\\\/#respond\"]}],\"citation\":\"Cour d&#8217;appel de appel d&#8217;Amiens, le 25 septembre 2025, n\u00b023\\\/00649\",\"about\":[{\"@type\":\"Thing\",\"name\":\"Jurisprudence\"}],\"dateModified\":\"2026-04-23T19:47:10+00:00\",\"speakable\":{\"@type\":\"SpeakableSpecification\",\"cssSelector\":[\".article-content > p:first-of-type\"]}},{\"@type\":\"WebPage\",\"@id\":\"https:\\\/\\\/kohenavocats.com\\\/en\\\/cour-dappel-de-appel-damiens-le-25-septembre-2025-n23-00649\\\/\",\"url\":\"https:\\\/\\\/kohenavocats.com\\\/en\\\/cour-dappel-de-appel-damiens-le-25-septembre-2025-n23-00649\\\/\",\"name\":\"Cour d'appel de appel d'Amiens, le 25 septembre 2025, n\u00b023\\\/00649 - Ma\u00eetre Hassan Kohen, avocat en droit p\u00e9nal \u00e0 Paris\",\"isPartOf\":{\"@id\":\"https:\\\/\\\/kohenavocats.com\\\/en\\\/#website\"},\"primaryImageOfPage\":{\"@id\":\"https:\\\/\\\/kohenavocats.com\\\/en\\\/cour-dappel-de-appel-damiens-le-25-septembre-2025-n23-00649\\\/#primaryimage\"},\"image\":{\"@id\":\"https:\\\/\\\/kohenavocats.com\\\/en\\\/cour-dappel-de-appel-damiens-le-25-septembre-2025-n23-00649\\\/#primaryimage\"},\"thumbnailUrl\":\"https:\\\/\\\/kohenavocats.com\\\/wp-content\\\/uploads\\\/2024\\\/08\\\/tom-gainor-TRALLodRQE0-unsplash.webp\",\"datePublished\":\"2026-04-23T19:47:10+00:00\",\"description\":\"Cour d'appel de Paris, chambre commerciale, rendant un arr\u00eat de reformation partielle le 25 septembre 2025. L'affaire concerne un important chantier de const...\",\"breadcrumb\":{\"@id\":\"https:\\\/\\\/kohenavocats.com\\\/en\\\/cour-dappel-de-appel-damiens-le-25-septembre-2025-n23-00649\\\/#breadcrumb\"},\"inLanguage\":\"en-US\",\"potentialAction\":[{\"@type\":\"ReadAction\",\"target\":[\"https:\\\/\\\/kohenavocats.com\\\/en\\\/cour-dappel-de-appel-damiens-le-25-septembre-2025-n23-00649\\\/\"]}]},{\"@type\":\"ImageObject\",\"inLanguage\":\"en-US\",\"@id\":\"https:\\\/\\\/kohenavocats.com\\\/en\\\/cour-dappel-de-appel-damiens-le-25-septembre-2025-n23-00649\\\/#primaryimage\",\"url\":\"https:\\\/\\\/kohenavocats.com\\\/wp-content\\\/uploads\\\/2024\\\/08\\\/tom-gainor-TRALLodRQE0-unsplash.webp\",\"contentUrl\":\"https:\\\/\\\/kohenavocats.com\\\/wp-content\\\/uploads\\\/2024\\\/08\\\/tom-gainor-TRALLodRQE0-unsplash.webp\",\"width\":4800,\"height\":3000},{\"@type\":\"BreadcrumbList\",\"@id\":\"https:\\\/\\\/kohenavocats.com\\\/en\\\/cour-dappel-de-appel-damiens-le-25-septembre-2025-n23-00649\\\/#breadcrumb\",\"itemListElement\":[{\"@type\":\"ListItem\",\"position\":1,\"name\":\"Home\",\"item\":\"https:\\\/\\\/kohenavocats.com\\\/en\\\/criminal-law-attorneys-in-paris-counsel-and-strategic-defense\\\/\"},{\"@type\":\"ListItem\",\"position\":2,\"name\":\"Cour d&rsquo;appel de appel d&rsquo;Amiens, le 25 septembre 2025, n\u00b023\\\/00649\"}]},{\"@type\":\"WebSite\",\"@id\":\"https:\\\/\\\/kohenavocats.com\\\/en\\\/#website\",\"url\":\"https:\\\/\\\/kohenavocats.com\\\/en\\\/\",\"name\":\"Kohen Avocats\",\"description\":\"Ma\u00eetre Hassan Kohen, avocat p\u00e9naliste \u00e0 Paris, intervient exclusivement en droit p\u00e9nal pour la d\u00e9fense des particuliers, notamment en mati\u00e8re d\u2019accusations de viol. Il assure un accompagnement rigoureux d\u00e8s la garde \u00e0 vue jusqu\u2019\u00e0 la Cour d\u2019assises, veillant au strict respect des garanties proc\u00e9durales.\",\"publisher\":{\"@id\":\"https:\\\/\\\/kohenavocats.com\\\/en\\\/#organization\"},\"potentialAction\":[{\"@type\":\"SearchAction\",\"target\":{\"@type\":\"EntryPoint\",\"urlTemplate\":\"https:\\\/\\\/kohenavocats.com\\\/en\\\/?s={search_term_string}\"},\"query-input\":{\"@type\":\"PropertyValueSpecification\",\"valueRequired\":true,\"valueName\":\"search_term_string\"}}],\"inLanguage\":\"en-US\"},{\"@type\":\"Organization\",\"@id\":\"https:\\\/\\\/kohenavocats.com\\\/en\\\/#organization\",\"name\":\"Kohen Avocats\",\"url\":\"https:\\\/\\\/kohenavocats.com\\\/en\\\/\",\"logo\":{\"@type\":\"ImageObject\",\"inLanguage\":\"en-US\",\"@id\":\"https:\\\/\\\/kohenavocats.com\\\/en\\\/#\\\/schema\\\/logo\\\/image\\\/\",\"url\":\"https:\\\/\\\/kohenavocats.com\\\/wp-content\\\/uploads\\\/2026\\\/01\\\/Logo-2-1.webp\",\"contentUrl\":\"https:\\\/\\\/kohenavocats.com\\\/wp-content\\\/uploads\\\/2026\\\/01\\\/Logo-2-1.webp\",\"width\":2114,\"height\":1253,\"caption\":\"Kohen Avocats\"},\"image\":{\"@id\":\"https:\\\/\\\/kohenavocats.com\\\/en\\\/#\\\/schema\\\/logo\\\/image\\\/\"}},{\"@type\":\"Person\",\"@id\":\"https:\\\/\\\/kohenavocats.com\\\/en\\\/#\\\/schema\\\/person\\\/761c9ba54fa1ca84d405cef0831ff751\",\"name\":\"Kohen\",\"image\":{\"@type\":\"ImageObject\",\"inLanguage\":\"en-US\",\"@id\":\"https:\\\/\\\/secure.gravatar.com\\\/avatar\\\/1c5e76ef76bbbfdd2b4da984e2bf2fa4056fd51a27d25ce2c332047f1dfd6e00?s=96&d=identicon&r=g\",\"url\":\"https:\\\/\\\/secure.gravatar.com\\\/avatar\\\/1c5e76ef76bbbfdd2b4da984e2bf2fa4056fd51a27d25ce2c332047f1dfd6e00?s=96&d=identicon&r=g\",\"contentUrl\":\"https:\\\/\\\/secure.gravatar.com\\\/avatar\\\/1c5e76ef76bbbfdd2b4da984e2bf2fa4056fd51a27d25ce2c332047f1dfd6e00?s=96&d=identicon&r=g\",\"caption\":\"Kohen\"},\"sameAs\":[\"https:\\\/\\\/www.linkedin.com\\\/in\\\/hassan-kohen-448548192\\\/\",\"https:\\\/\\\/www.youtube.com\\\/@Kohen-Avocats\"],\"url\":\"https:\\\/\\\/kohenavocats.com\\\/en\\\/author\\\/kohenmlk\\\/\"}]}<\/script>\n<!-- \/ Yoast SEO Premium plugin. -->","yoast_head_json":{"title":"Cour d'appel de appel d'Amiens, le 25 septembre 2025, n\u00b023\/00649 - Ma\u00eetre Hassan Kohen, avocat en droit p\u00e9nal \u00e0 Paris","description":"Cour d'appel de Paris, chambre commerciale, rendant un arr\u00eat de reformation partielle le 25 septembre 2025. L'affaire concerne un important chantier de const...","robots":{"index":"index","follow":"follow","max-snippet":"max-snippet:-1","max-image-preview":"max-image-preview:large","max-video-preview":"max-video-preview:-1"},"canonical":"https:\/\/kohenavocats.com\/en\/cour-dappel-de-appel-damiens-le-25-septembre-2025-n23-00649\/","og_locale":"en_US","og_type":"article","og_title":"Cour d'appel de appel d'Amiens, le 25 septembre 2025, n\u00b023\/00649","og_description":"Cour d'appel de Paris, chambre commerciale, rendant un arr\u00eat de reformation partielle le 25 septembre 2025. L'affaire concerne un important chantier de const...","og_url":"https:\/\/kohenavocats.com\/en\/cour-dappel-de-appel-damiens-le-25-septembre-2025-n23-00649\/","og_site_name":"Ma\u00eetre Hassan Kohen, avocat en droit p\u00e9nal \u00e0 Paris","article_published_time":"2026-04-23T19:47:10+00:00","og_image":[{"width":4800,"height":3000,"url":"https:\/\/kohenavocats.com\/wp-content\/uploads\/2024\/08\/tom-gainor-TRALLodRQE0-unsplash.webp","type":"image\/webp"}],"author":"Kohen","twitter_card":"summary_large_image","twitter_misc":{"Written by":"Kohen","Est. reading time":"4 minutes"},"schema":{"@context":"https:\/\/schema.org","@graph":[{"@type":"Article","@id":"https:\/\/kohenavocats.com\/en\/cour-dappel-de-appel-damiens-le-25-septembre-2025-n23-00649\/#article","isPartOf":{"@id":"https:\/\/kohenavocats.com\/en\/cour-dappel-de-appel-damiens-le-25-septembre-2025-n23-00649\/"},"author":{"name":"Kohen","@id":"https:\/\/kohenavocats.com\/en\/#\/schema\/person\/761c9ba54fa1ca84d405cef0831ff751"},"headline":"Cour d&#8217;appel de appel d&#8217;Amiens, le 25 septembre 2025, n\u00b023\/00649","datePublished":"2026-04-23T19:47:10+00:00","mainEntityOfPage":{"@id":"https:\/\/kohenavocats.com\/en\/cour-dappel-de-appel-damiens-le-25-septembre-2025-n23-00649\/"},"wordCount":963,"commentCount":0,"publisher":{"@id":"https:\/\/kohenavocats.com\/en\/#organization"},"image":{"@id":"https:\/\/kohenavocats.com\/en\/cour-dappel-de-appel-damiens-le-25-septembre-2025-n23-00649\/#primaryimage"},"thumbnailUrl":"https:\/\/kohenavocats.com\/wp-content\/uploads\/2024\/08\/tom-gainor-TRALLodRQE0-unsplash.webp","articleSection":["Jurisprudence"],"inLanguage":"en-US","potentialAction":[{"@type":"CommentAction","name":"Comment","target":["https:\/\/kohenavocats.com\/en\/cour-dappel-de-appel-damiens-le-25-septembre-2025-n23-00649\/#respond"]}],"citation":"Cour d&#8217;appel de appel d&#8217;Amiens, le 25 septembre 2025, n\u00b023\/00649","about":[{"@type":"Thing","name":"Jurisprudence"}],"dateModified":"2026-04-23T19:47:10+00:00","speakable":{"@type":"SpeakableSpecification","cssSelector":[".article-content > p:first-of-type"]}},{"@type":"WebPage","@id":"https:\/\/kohenavocats.com\/en\/cour-dappel-de-appel-damiens-le-25-septembre-2025-n23-00649\/","url":"https:\/\/kohenavocats.com\/en\/cour-dappel-de-appel-damiens-le-25-septembre-2025-n23-00649\/","name":"Cour d'appel de appel d'Amiens, le 25 septembre 2025, n\u00b023\/00649 - Ma\u00eetre Hassan Kohen, avocat en droit p\u00e9nal \u00e0 Paris","isPartOf":{"@id":"https:\/\/kohenavocats.com\/en\/#website"},"primaryImageOfPage":{"@id":"https:\/\/kohenavocats.com\/en\/cour-dappel-de-appel-damiens-le-25-septembre-2025-n23-00649\/#primaryimage"},"image":{"@id":"https:\/\/kohenavocats.com\/en\/cour-dappel-de-appel-damiens-le-25-septembre-2025-n23-00649\/#primaryimage"},"thumbnailUrl":"https:\/\/kohenavocats.com\/wp-content\/uploads\/2024\/08\/tom-gainor-TRALLodRQE0-unsplash.webp","datePublished":"2026-04-23T19:47:10+00:00","description":"Cour d'appel de Paris, chambre commerciale, rendant un arr\u00eat de reformation partielle le 25 septembre 2025. L'affaire concerne un important chantier de const...","breadcrumb":{"@id":"https:\/\/kohenavocats.com\/en\/cour-dappel-de-appel-damiens-le-25-septembre-2025-n23-00649\/#breadcrumb"},"inLanguage":"en-US","potentialAction":[{"@type":"ReadAction","target":["https:\/\/kohenavocats.com\/en\/cour-dappel-de-appel-damiens-le-25-septembre-2025-n23-00649\/"]}]},{"@type":"ImageObject","inLanguage":"en-US","@id":"https:\/\/kohenavocats.com\/en\/cour-dappel-de-appel-damiens-le-25-septembre-2025-n23-00649\/#primaryimage","url":"https:\/\/kohenavocats.com\/wp-content\/uploads\/2024\/08\/tom-gainor-TRALLodRQE0-unsplash.webp","contentUrl":"https:\/\/kohenavocats.com\/wp-content\/uploads\/2024\/08\/tom-gainor-TRALLodRQE0-unsplash.webp","width":4800,"height":3000},{"@type":"BreadcrumbList","@id":"https:\/\/kohenavocats.com\/en\/cour-dappel-de-appel-damiens-le-25-septembre-2025-n23-00649\/#breadcrumb","itemListElement":[{"@type":"ListItem","position":1,"name":"Home","item":"https:\/\/kohenavocats.com\/en\/criminal-law-attorneys-in-paris-counsel-and-strategic-defense\/"},{"@type":"ListItem","position":2,"name":"Cour d&rsquo;appel de appel d&rsquo;Amiens, le 25 septembre 2025, n\u00b023\/00649"}]},{"@type":"WebSite","@id":"https:\/\/kohenavocats.com\/en\/#website","url":"https:\/\/kohenavocats.com\/en\/","name":"Kohen Avocats","description":"Ma\u00eetre Hassan Kohen, avocat p\u00e9naliste \u00e0 Paris, intervient exclusivement en droit p\u00e9nal pour la d\u00e9fense des particuliers, notamment en mati\u00e8re d\u2019accusations de viol. Il assure un accompagnement rigoureux d\u00e8s la garde \u00e0 vue jusqu\u2019\u00e0 la Cour d\u2019assises, veillant au strict respect des garanties proc\u00e9durales.","publisher":{"@id":"https:\/\/kohenavocats.com\/en\/#organization"},"potentialAction":[{"@type":"SearchAction","target":{"@type":"EntryPoint","urlTemplate":"https:\/\/kohenavocats.com\/en\/?s={search_term_string}"},"query-input":{"@type":"PropertyValueSpecification","valueRequired":true,"valueName":"search_term_string"}}],"inLanguage":"en-US"},{"@type":"Organization","@id":"https:\/\/kohenavocats.com\/en\/#organization","name":"Kohen Avocats","url":"https:\/\/kohenavocats.com\/en\/","logo":{"@type":"ImageObject","inLanguage":"en-US","@id":"https:\/\/kohenavocats.com\/en\/#\/schema\/logo\/image\/","url":"https:\/\/kohenavocats.com\/wp-content\/uploads\/2026\/01\/Logo-2-1.webp","contentUrl":"https:\/\/kohenavocats.com\/wp-content\/uploads\/2026\/01\/Logo-2-1.webp","width":2114,"height":1253,"caption":"Kohen Avocats"},"image":{"@id":"https:\/\/kohenavocats.com\/en\/#\/schema\/logo\/image\/"}},{"@type":"Person","@id":"https:\/\/kohenavocats.com\/en\/#\/schema\/person\/761c9ba54fa1ca84d405cef0831ff751","name":"Kohen","image":{"@type":"ImageObject","inLanguage":"en-US","@id":"https:\/\/secure.gravatar.com\/avatar\/1c5e76ef76bbbfdd2b4da984e2bf2fa4056fd51a27d25ce2c332047f1dfd6e00?s=96&d=identicon&r=g","url":"https:\/\/secure.gravatar.com\/avatar\/1c5e76ef76bbbfdd2b4da984e2bf2fa4056fd51a27d25ce2c332047f1dfd6e00?s=96&d=identicon&r=g","contentUrl":"https:\/\/secure.gravatar.com\/avatar\/1c5e76ef76bbbfdd2b4da984e2bf2fa4056fd51a27d25ce2c332047f1dfd6e00?s=96&d=identicon&r=g","caption":"Kohen"},"sameAs":["https:\/\/www.linkedin.com\/in\/hassan-kohen-448548192\/","https:\/\/www.youtube.com\/@Kohen-Avocats"],"url":"https:\/\/kohenavocats.com\/en\/author\/kohenmlk\/"}]}},"jetpack_featured_media_url":"https:\/\/kohenavocats.com\/wp-content\/uploads\/2024\/08\/tom-gainor-TRALLodRQE0-unsplash.webp","jetpack_likes_enabled":false,"jetpack_shortlink":"https:\/\/wp.me\/peCrII-2MHR","jetpack-related-posts":[{"id":33057,"url":"https:\/\/kohenavocats.com\/en\/cour-dappel-de-nimes-le-3-juillet-2025-n23-00474\/","url_meta":{"origin":663887,"position":0},"title":"Cour d&#8217;appel de N\u00eemes, le 3 juillet 2025, n\u00b023\/00474","author":"Kohen","date":"5 November 2025","format":false,"excerpt":"Par un arr\u00eat de la Cour d'appel de N\u00eemes du 3 juillet 2025, la juridiction tranche les suites d\u2019une r\u00e9siliation anticip\u00e9e d\u2019un march\u00e9 forfaitaire de construction, intervenue le 19 d\u00e9cembre 2017, sur fond de retards et de modifications substantielles. Les ma\u00eetres de l\u2019ouvrage avaient confi\u00e9 en 2016 l\u2019\u00e9dification d\u2019une maison\u2026","rel":"","context":"In &quot;Cour d'appel&quot;","block_context":{"text":"Cour d'appel","link":"https:\/\/kohenavocats.com\/category\/cour-dappel\/"},"img":{"alt_text":"","src":"https:\/\/i0.wp.com\/kohenavocats.com\/wp-content\/uploads\/2024\/08\/mediamodifier-En1_jJx6UDU-unsplash.webp?resize=350%2C200&ssl=1","width":350,"height":200,"srcset":"https:\/\/i0.wp.com\/kohenavocats.com\/wp-content\/uploads\/2024\/08\/mediamodifier-En1_jJx6UDU-unsplash.webp?resize=350%2C200&ssl=1 1x, https:\/\/i0.wp.com\/kohenavocats.com\/wp-content\/uploads\/2024\/08\/mediamodifier-En1_jJx6UDU-unsplash.webp?resize=525%2C300&ssl=1 1.5x, https:\/\/i0.wp.com\/kohenavocats.com\/wp-content\/uploads\/2024\/08\/mediamodifier-En1_jJx6UDU-unsplash.webp?resize=700%2C400&ssl=1 2x, https:\/\/i0.wp.com\/kohenavocats.com\/wp-content\/uploads\/2024\/08\/mediamodifier-En1_jJx6UDU-unsplash.webp?resize=1050%2C600&ssl=1 3x, https:\/\/i0.wp.com\/kohenavocats.com\/wp-content\/uploads\/2024\/08\/mediamodifier-En1_jJx6UDU-unsplash.webp?resize=1400%2C800&ssl=1 4x"},"classes":[]},{"id":308891,"url":"https:\/\/kohenavocats.com\/en\/tribunal-judiciaire-de-lyon-le-7-juillet-2025-n24-01225\/","url_meta":{"origin":663887,"position":1},"title":"Tribunal judiciaire de Lyon, le 7 juillet 2025, n\u00b024\/01225","author":"Kohen","date":"6 February 2026","format":false,"excerpt":"Le Tribunal judiciaire de Lyon, par ordonnance du 7 juillet 2025, a statu\u00e9 sur une demande provisionnelle form\u00e9e par un sous-traitant en difficult\u00e9 de paiement. Le juge de la mise en \u00e9tat a rejet\u00e9 cette demande et a ordonn\u00e9 un sursis \u00e0 statuer dans l\u2019attente des r\u00e9sultats d\u2019une expertise judiciaire.\u2026","rel":"","context":"In &quot;D\u00e9cisions juridiques&quot;","block_context":{"text":"D\u00e9cisions juridiques","link":"https:\/\/kohenavocats.com\/category\/decisions-juridiques\/"},"img":{"alt_text":"","src":"https:\/\/i0.wp.com\/kohenavocats.com\/wp-content\/uploads\/2024\/11\/victor-V67qmAIxyvI-unsplash.webp?resize=350%2C200&ssl=1","width":350,"height":200,"srcset":"https:\/\/i0.wp.com\/kohenavocats.com\/wp-content\/uploads\/2024\/11\/victor-V67qmAIxyvI-unsplash.webp?resize=350%2C200&ssl=1 1x, https:\/\/i0.wp.com\/kohenavocats.com\/wp-content\/uploads\/2024\/11\/victor-V67qmAIxyvI-unsplash.webp?resize=525%2C300&ssl=1 1.5x, https:\/\/i0.wp.com\/kohenavocats.com\/wp-content\/uploads\/2024\/11\/victor-V67qmAIxyvI-unsplash.webp?resize=700%2C400&ssl=1 2x, https:\/\/i0.wp.com\/kohenavocats.com\/wp-content\/uploads\/2024\/11\/victor-V67qmAIxyvI-unsplash.webp?resize=1050%2C600&ssl=1 3x, https:\/\/i0.wp.com\/kohenavocats.com\/wp-content\/uploads\/2024\/11\/victor-V67qmAIxyvI-unsplash.webp?resize=1400%2C800&ssl=1 4x"},"classes":[]},{"id":308948,"url":"https:\/\/kohenavocats.com\/en\/tribunal-judiciaire-de-paris-le-8-juillet-2025-n22-04487\/","url_meta":{"origin":663887,"position":2},"title":"Tribunal judiciaire de Paris, le 8 juillet 2025, n\u00b022\/04487","author":"Kohen","date":"6 February 2026","format":false,"excerpt":"Le Tribunal judiciaire de Paris, dans un jugement du 8 juillet 2025, a \u00e9t\u00e9 saisi d\u2019un litige complexe n\u00e9 de l\u2019ex\u00e9cution de plusieurs march\u00e9s de travaux. Une soci\u00e9t\u00e9 entrepreneur avait \u00e9t\u00e9 substitu\u00e9e par le ma\u00eetre d\u2019ouvrage sur deux lots pour des manquements contractuels. Elle r\u00e9clamait le paiement de travaux ex\u00e9cut\u00e9s\u2026","rel":"","context":"In &quot;D\u00e9cisions juridiques&quot;","block_context":{"text":"D\u00e9cisions juridiques","link":"https:\/\/kohenavocats.com\/category\/decisions-juridiques\/"},"img":{"alt_text":"","src":"https:\/\/i0.wp.com\/kohenavocats.com\/wp-content\/uploads\/2024\/11\/virginia-marinova-3UfkjHxVch0-unsplash.webp?resize=350%2C200&ssl=1","width":350,"height":200,"srcset":"https:\/\/i0.wp.com\/kohenavocats.com\/wp-content\/uploads\/2024\/11\/virginia-marinova-3UfkjHxVch0-unsplash.webp?resize=350%2C200&ssl=1 1x, https:\/\/i0.wp.com\/kohenavocats.com\/wp-content\/uploads\/2024\/11\/virginia-marinova-3UfkjHxVch0-unsplash.webp?resize=525%2C300&ssl=1 1.5x, https:\/\/i0.wp.com\/kohenavocats.com\/wp-content\/uploads\/2024\/11\/virginia-marinova-3UfkjHxVch0-unsplash.webp?resize=700%2C400&ssl=1 2x, https:\/\/i0.wp.com\/kohenavocats.com\/wp-content\/uploads\/2024\/11\/virginia-marinova-3UfkjHxVch0-unsplash.webp?resize=1050%2C600&ssl=1 3x, https:\/\/i0.wp.com\/kohenavocats.com\/wp-content\/uploads\/2024\/11\/virginia-marinova-3UfkjHxVch0-unsplash.webp?resize=1400%2C800&ssl=1 4x"},"classes":[]},{"id":717264,"url":"https:\/\/kohenavocats.com\/en\/tribunal-judiciaire-de-marseille-le-20-janvier-2026-n23-01324\/","url_meta":{"origin":663887,"position":3},"title":"Tribunal judiciaire de Marseille, le 20 janvier 2026, n\u00b023\/01324","author":"Kohen","date":"28 April 2026","format":false,"excerpt":"Le tribunal judiciaire de Marseille, dans un jugement du 20 janvier 2026, a rejet\u00e9 l'ensemble des demandes indemnitaires d'une ma\u00eetresse d'ouvrage contre son...","rel":"","context":"In &quot;Jurisprudence&quot;","block_context":{"text":"Jurisprudence","link":"https:\/\/kohenavocats.com\/category\/jurisprudence\/"},"img":{"alt_text":"","src":"https:\/\/i0.wp.com\/kohenavocats.com\/wp-content\/uploads\/2024\/11\/mohamed-nohassi-kF7auA4ZbMM-unsplash.webp?resize=350%2C200&ssl=1","width":350,"height":200,"srcset":"https:\/\/i0.wp.com\/kohenavocats.com\/wp-content\/uploads\/2024\/11\/mohamed-nohassi-kF7auA4ZbMM-unsplash.webp?resize=350%2C200&ssl=1 1x, https:\/\/i0.wp.com\/kohenavocats.com\/wp-content\/uploads\/2024\/11\/mohamed-nohassi-kF7auA4ZbMM-unsplash.webp?resize=525%2C300&ssl=1 1.5x, https:\/\/i0.wp.com\/kohenavocats.com\/wp-content\/uploads\/2024\/11\/mohamed-nohassi-kF7auA4ZbMM-unsplash.webp?resize=700%2C400&ssl=1 2x, https:\/\/i0.wp.com\/kohenavocats.com\/wp-content\/uploads\/2024\/11\/mohamed-nohassi-kF7auA4ZbMM-unsplash.webp?resize=1050%2C600&ssl=1 3x, https:\/\/i0.wp.com\/kohenavocats.com\/wp-content\/uploads\/2024\/11\/mohamed-nohassi-kF7auA4ZbMM-unsplash.webp?resize=1400%2C800&ssl=1 4x"},"classes":[]},{"id":307576,"url":"https:\/\/kohenavocats.com\/en\/tribunal-judiciaire-de-caen-le-15-juillet-2025-n19-03729\/","url_meta":{"origin":663887,"position":4},"title":"Tribunal judiciaire de Caen, le 15 juillet 2025, n\u00b019\/03729","author":"Kohen","date":"6 February 2026","format":false,"excerpt":"La d\u00e9cision rendue en mati\u00e8re de responsabilit\u00e9 d\u00e9cennale et contractuelle pr\u00e9sente un int\u00e9r\u00eat certain. Elle op\u00e8re une r\u00e9partition pr\u00e9cise des responsabilit\u00e9s entre les diff\u00e9rents intervenants \u00e0 une op\u00e9ration de construction. L\u2019arr\u00eat distingue nettement les r\u00e9gimes applicables selon la nature des d\u00e9sordres constat\u00e9s. Il pr\u00e9cise \u00e9galement les conditions de mise en\u2026","rel":"","context":"In &quot;D\u00e9cisions juridiques&quot;","block_context":{"text":"D\u00e9cisions juridiques","link":"https:\/\/kohenavocats.com\/category\/decisions-juridiques\/"},"img":{"alt_text":"","src":"https:\/\/i0.wp.com\/kohenavocats.com\/wp-content\/uploads\/2024\/08\/amir-mortezaie-bKLKnHSwk4A-unsplash.webp?resize=350%2C200&ssl=1","width":350,"height":200,"srcset":"https:\/\/i0.wp.com\/kohenavocats.com\/wp-content\/uploads\/2024\/08\/amir-mortezaie-bKLKnHSwk4A-unsplash.webp?resize=350%2C200&ssl=1 1x, https:\/\/i0.wp.com\/kohenavocats.com\/wp-content\/uploads\/2024\/08\/amir-mortezaie-bKLKnHSwk4A-unsplash.webp?resize=525%2C300&ssl=1 1.5x, https:\/\/i0.wp.com\/kohenavocats.com\/wp-content\/uploads\/2024\/08\/amir-mortezaie-bKLKnHSwk4A-unsplash.webp?resize=700%2C400&ssl=1 2x, https:\/\/i0.wp.com\/kohenavocats.com\/wp-content\/uploads\/2024\/08\/amir-mortezaie-bKLKnHSwk4A-unsplash.webp?resize=1050%2C600&ssl=1 3x, https:\/\/i0.wp.com\/kohenavocats.com\/wp-content\/uploads\/2024\/08\/amir-mortezaie-bKLKnHSwk4A-unsplash.webp?resize=1400%2C800&ssl=1 4x"},"classes":[]},{"id":726062,"url":"https:\/\/kohenavocats.com\/en\/cour-dappel-de-aix-en-provence-le-5-fevrier-2026-n21-12935\/","url_meta":{"origin":663887,"position":5},"title":"Cour d&#8217;appel de Aix-en-Provence, le 5 f\u00e9vrier 2026, n\u00b021\/12935","author":"Kohen","date":"28 April 2026","format":false,"excerpt":"La cour d'appel d'Aix-en-Provence a rendu un arr\u00eat le 5 f\u00e9vrier 2026 concernant la responsabilit\u00e9 d\u00e9cennale d'un constructeur et la responsabilit\u00e9 d\u00e9lictuell...","rel":"","context":"In &quot;Jurisprudence&quot;","block_context":{"text":"Jurisprudence","link":"https:\/\/kohenavocats.com\/category\/jurisprudence\/"},"img":{"alt_text":"","src":"https:\/\/i0.wp.com\/kohenavocats.com\/wp-content\/uploads\/2024\/08\/jianxiang-wu-TQEfLtojDQA-unsplash.webp?resize=350%2C200&ssl=1","width":350,"height":200,"srcset":"https:\/\/i0.wp.com\/kohenavocats.com\/wp-content\/uploads\/2024\/08\/jianxiang-wu-TQEfLtojDQA-unsplash.webp?resize=350%2C200&ssl=1 1x, https:\/\/i0.wp.com\/kohenavocats.com\/wp-content\/uploads\/2024\/08\/jianxiang-wu-TQEfLtojDQA-unsplash.webp?resize=525%2C300&ssl=1 1.5x, https:\/\/i0.wp.com\/kohenavocats.com\/wp-content\/uploads\/2024\/08\/jianxiang-wu-TQEfLtojDQA-unsplash.webp?resize=700%2C400&ssl=1 2x, https:\/\/i0.wp.com\/kohenavocats.com\/wp-content\/uploads\/2024\/08\/jianxiang-wu-TQEfLtojDQA-unsplash.webp?resize=1050%2C600&ssl=1 3x, https:\/\/i0.wp.com\/kohenavocats.com\/wp-content\/uploads\/2024\/08\/jianxiang-wu-TQEfLtojDQA-unsplash.webp?resize=1400%2C800&ssl=1 4x"},"classes":[]}],"jetpack_sharing_enabled":true,"_links":{"self":[{"href":"https:\/\/kohenavocats.com\/en\/wp-json\/wp\/v2\/posts\/663887","targetHints":{"allow":["GET"]}}],"collection":[{"href":"https:\/\/kohenavocats.com\/en\/wp-json\/wp\/v2\/posts"}],"about":[{"href":"https:\/\/kohenavocats.com\/en\/wp-json\/wp\/v2\/types\/post"}],"author":[{"embeddable":true,"href":"https:\/\/kohenavocats.com\/en\/wp-json\/wp\/v2\/users\/232070755"}],"replies":[{"embeddable":true,"href":"https:\/\/kohenavocats.com\/en\/wp-json\/wp\/v2\/comments?post=663887"}],"version-history":[{"count":0,"href":"https:\/\/kohenavocats.com\/en\/wp-json\/wp\/v2\/posts\/663887\/revisions"}],"wp:featuredmedia":[{"embeddable":true,"href":"https:\/\/kohenavocats.com\/en\/wp-json\/wp\/v2\/media\/4759"}],"wp:attachment":[{"href":"https:\/\/kohenavocats.com\/en\/wp-json\/wp\/v2\/media?parent=663887"}],"wp:term":[{"taxonomy":"category","embeddable":true,"href":"https:\/\/kohenavocats.com\/en\/wp-json\/wp\/v2\/categories?post=663887"},{"taxonomy":"post_tag","embeddable":true,"href":"https:\/\/kohenavocats.com\/en\/wp-json\/wp\/v2\/tags?post=663887"}],"curies":[{"name":"wp","href":"https:\/\/api.w.org\/{rel}","templated":true}]}}