{"id":665536,"date":"2026-04-23T23:58:52","date_gmt":"2026-04-23T21:58:52","guid":{"rendered":"https:\/\/kohenavocats.com\/tribunal-judiciaire-de-nice-le-19-decembre-2023-n23-02049\/"},"modified":"2026-04-23T23:58:52","modified_gmt":"2026-04-23T21:58:52","slug":"tribunal-judiciaire-de-nice-le-19-decembre-2023-n23-02049","status":"publish","type":"post","link":"https:\/\/kohenavocats.com\/en\/tribunal-judiciaire-de-nice-le-19-decembre-2023-n23-02049\/","title":{"rendered":"Tribunal judiciaire de Nice, le 19 d\u00e9cembre 2023, n\u00b023\/02049"},"content":{"rendered":"<div class=\"article-content\">\n<p>Le tribunal judiciaire de Nice, statuant le 19 d\u00e9cembre 2023, a \u00e9t\u00e9 saisi par deux h\u00e9ritiers d&#8217;une succession. Ces derniers reprochaient au notaire en charge des op\u00e9rations une r\u00e9partition erron\u00e9e du produit de la vente de biens indivis et une carence persistante dans l&#8217;information. Le tribunal a retenu la responsabilit\u00e9 du notaire pour faute mais a limit\u00e9 l&#8217;indemnisation au seul pr\u00e9judice moral subi par les h\u00e9ritiers, d\u00e9boutant l&#8217;un d&#8217;eux sur son pr\u00e9judice financier.<\/p>\n<p>La qualification fautive des agissements du notaire<\/p>\n<p>La distribution unilat\u00e9rale des fonds indivis constitue une faute. Le notaire a reconnu avoir proc\u00e9d\u00e9 \u00e0 la vente de deux biens et remis les fonds aux h\u00e9ritiers selon des cl\u00e9s de r\u00e9partition diff\u00e9rentes. Il a lui-m\u00eame indiqu\u00e9 qu&#8217;un h\u00e9ritier &#8220;appara\u00eet avoir per\u00e7u une somme d&#8217;environ 35 000 euros en exc\u00e8s de ses droits&#8221; (page 3 de ses conclusions). Le tribunal a jug\u00e9 que cette distribution, en l&#8217;absence d&#8217;instructions contraires, \u00e9quivalait \u00e0 un acte de partage, f\u00fbt-il partiel. Un tel acte impliquait imp\u00e9rativement que les sommes vers\u00e9es correspondent exactement aux droits de chacun dans l&#8217;indivision. Cette analyse rejoint la vigilance exig\u00e9e dans les op\u00e9rations de partage, o\u00f9 le notaire ne peut se d\u00e9charger de son r\u00f4le actif dans l&#8217;\u00e9valuation. &#8220;Il ne pouvait pas en effet, comme l&#8217;a retenu le tribunal, se d\u00e9charger de toute responsabilit\u00e9 dans cette \u00e9valuation en laissant les parties et elles seules la fixer sans v\u00e9rifier l&#8217;actualit\u00e9 de cette \u00e9valuation&#8221; (Cour d&#8217;appel de Fort-de-France, le 27 mai 2025, n\u00b022\/00115). La port\u00e9e de cette d\u00e9cision est de rappeler que toute distribution de fonds indivis par un notaire engage sa responsabilit\u00e9 professionnelle.<\/p>\n<p>Le d\u00e9faut d&#8217;information et de communication aggrave la faute. Le notaire avait promis dans un courriel d&#8217;adresser &#8220;les d\u00e9comptes d\u00e9finitifs dans les quinze jours&#8221;. Malgr\u00e9 de multiples relances \u00e9crites des h\u00e9ritiers sur plusieurs ann\u00e9es, il n&#8217;a jamais fourni ces comptes ni pr\u00e9cis\u00e9 l&#8217;ampleur exacte de son erreur. Le tribunal rel\u00e8ve qu'&#8221;en d\u00e9pit de l&#8217;assignation et la proc\u00e9dure qui s&#8217;en est suivie, M. [R] n&#8217;a toujours pas indiqu\u00e9 aux deux h\u00e9ritiers la mesure exacte de cette erreur&#8221;. Cette inertie a laiss\u00e9 les h\u00e9ritiers dans un \u00e9tat d&#8217;incertitude prolong\u00e9e, constitutif d&#8217;un pr\u00e9judice moral distinct. Cette carence dans l&#8217;ex\u00e9cution des engagements pris et dans la communication avec les clients caract\u00e9rise un manquement aux obligations d\u00e9ontologiques fondamentales de la profession.<\/p>\n<p>La r\u00e9paration limit\u00e9e aux pr\u00e9judices certains<\/p>\n<p>L&#8217;absence de preuve d&#8217;un pr\u00e9judice financier actuel. Le demandeur r\u00e9clamait trente mille euros correspondant \u00e0 la somme vers\u00e9e en exc\u00e8s \u00e0 l&#8217;autre h\u00e9ritier. Le tribunal constate qu&#8217;aucun \u00e9tat complet des successions n&#8217;est produit. Il note que l&#8217;actif successoral d\u00e9clar\u00e9 incluait des liquidit\u00e9s importantes et que le demandeur lui-m\u00eame indique que la totalit\u00e9 des fonds de la vente n&#8217;a pas \u00e9t\u00e9 remise. D\u00e8s lors, &#8220;il sera jug\u00e9 que M. [A] ne d\u00e9montre pas avoir subi un pr\u00e9judice financier \u00e0 hauteur de 30 000 euros&#8221;. Le pr\u00e9judice p\u00e9cuniaire n&#8217;est pas certain car le partage global n&#8217;\u00e9tant pas intervenu, une compensation entre h\u00e9ritiers reste possible sur les autres biens de la succession. Cette solution souligne l&#8217;exigence d&#8217;un pr\u00e9judice actuel et certain pour obtenir r\u00e9paration, conform\u00e9ment aux principes g\u00e9n\u00e9raux de la responsabilit\u00e9 civile.<\/p>\n<p>La reconnaissance et l&#8217;\u00e9valuation \u00e9quitable du pr\u00e9judice moral. En revanche, le tribunal retient que &#8220;l&#8217;erreur de M. [R] a n\u00e9cessairement caus\u00e9 \u00e0 M. [A] l&#8217;impression d&#8217;\u00eatre l\u00e9s\u00e9 dans la succession&#8221;. L&#8217;incertitude persistante sur les droits de chacun, entretenue par le silence du notaire, g\u00e9n\u00e8re une anxiit\u00e9 et un sentiment d&#8217;injustice. Il \u00e9value ce pr\u00e9judice moral \u00e0 six mille euros pour l&#8217;un et quatre mille euros pour l&#8217;autre, &#8220;en l&#8217;absence de pi\u00e8ces produites par ceux-ci de nature \u00e0 en pr\u00e9ciser l&#8217;importance&#8221;. Le jugement pr\u00e9cise que cette \u00e9valuation est arr\u00eat\u00e9e au jour de la d\u00e9cision, le pr\u00e9judice persistant tant que les comptes ne sont pas communiqu\u00e9s. Cette indemnisation symbolique mais significative sanctionne le manquement \u00e0 l&#8217;obligation de conseil et de loyaut\u00e9 envers les clients, reconnu comme source d&#8217;un pr\u00e9judice non patrimonial.<\/p>\n<\/div>\n","protected":false},"excerpt":{"rendered":"<p>Le tribunal judiciaire de Nice, statuant le 19 d\u00e9cembre 2023, a \u00e9t\u00e9 saisi par deux h\u00e9ritiers d&#8217;une succession. Ces derniers reprochaient au notaire en charge&#8230;<\/p>\n","protected":false},"author":232070755,"featured_media":4754,"comment_status":"open","ping_status":"open","sticky":false,"template":"","format":"standard","meta":{"_crdt_document":"","_jetpack_newsletter_access":"","_jetpack_dont_email_post_to_subs":false,"_jetpack_newsletter_tier_id":0,"_jetpack_memberships_contains_paywalled_content":false,"_kj_source_type":"judilibre","_kj_official_id":"68d59ad6876d446c8f497fbd","_kj_official_url":"https:\/\/www.courdecassation.fr\/decision\/68d59ad6876d446c8f497fbd","_kj_judilibre_id":"68d59ad6876d446c8f497fbd","_kj_jur":"Tribunal judiciaire","_kj_lieu":"Tribunal judiciaire de Nanterre","_kj_chambre":"1\u00e8re Chambre","_kj_rg":"23\/02049","_kj_date":"2025-09-24","_jetpack_memberships_contains_paid_content":false,"footnotes":"","jetpack_post_was_ever_published":false},"categories":[7597],"tags":[],"class_list":["post-665536","post","type-post","status-publish","format-standard","has-post-thumbnail","hentry","category-jurisprudence"],"yoast_head":"<!-- This site is optimized with the Yoast SEO Premium plugin v27.5 (Yoast SEO v27.5) - https:\/\/yoast.com\/product\/yoast-seo-premium-wordpress\/ -->\n<title>Tribunal judiciaire de Nice, le 19 d\u00e9cembre 2023, n\u00b023\/02049 - Ma\u00eetre Hassan Kohen, avocat en droit p\u00e9nal \u00e0 Paris<\/title>\n<meta name=\"description\" content=\"Le tribunal judiciaire de Nice, statuant le 19 d\u00e9cembre 2023, a \u00e9t\u00e9 saisi par deux h\u00e9ritiers d&#039;une succession. Ces derniers reprochaient au notaire en charge...\" \/>\n<meta name=\"robots\" content=\"index, follow, max-snippet:-1, max-image-preview:large, max-video-preview:-1\" \/>\n<link rel=\"canonical\" href=\"https:\/\/kohenavocats.com\/en\/tribunal-judiciaire-de-nice-le-19-decembre-2023-n23-02049\/\" \/>\n<meta property=\"og:locale\" content=\"en_US\" \/>\n<meta property=\"og:type\" content=\"article\" \/>\n<meta property=\"og:title\" content=\"Tribunal judiciaire de Nice, le 19 d\u00e9cembre 2023, n\u00b023\/02049\" \/>\n<meta property=\"og:description\" content=\"Le tribunal judiciaire de Nice, statuant le 19 d\u00e9cembre 2023, a \u00e9t\u00e9 saisi par deux h\u00e9ritiers d&#039;une succession. Ces derniers reprochaient au notaire en charge...\" \/>\n<meta property=\"og:url\" content=\"https:\/\/kohenavocats.com\/en\/tribunal-judiciaire-de-nice-le-19-decembre-2023-n23-02049\/\" \/>\n<meta property=\"og:site_name\" content=\"Ma\u00eetre Hassan Kohen, avocat en droit p\u00e9nal \u00e0 Paris\" \/>\n<meta property=\"article:published_time\" content=\"2026-04-23T21:58:52+00:00\" \/>\n<meta property=\"og:image\" content=\"https:\/\/kohenavocats.com\/wp-content\/uploads\/2024\/08\/chris-unger-1NpTLXkg6K0-unsplash.webp\" \/>\n\t<meta property=\"og:image:width\" content=\"4013\" \/>\n\t<meta property=\"og:image:height\" content=\"3210\" \/>\n\t<meta property=\"og:image:type\" content=\"image\/webp\" \/>\n<meta name=\"author\" content=\"Kohen\" \/>\n<meta name=\"twitter:card\" content=\"summary_large_image\" \/>\n<meta name=\"twitter:label1\" content=\"Written by\" \/>\n\t<meta name=\"twitter:data1\" content=\"Kohen\" \/>\n\t<meta name=\"twitter:label2\" content=\"Est. reading time\" \/>\n\t<meta name=\"twitter:data2\" content=\"4 minutes\" \/>\n<script type=\"application\/ld+json\" class=\"yoast-schema-graph\">{\"@context\":\"https:\\\/\\\/schema.org\",\"@graph\":[{\"@type\":\"Article\",\"@id\":\"https:\\\/\\\/kohenavocats.com\\\/en\\\/tribunal-judiciaire-de-nice-le-19-decembre-2023-n23-02049\\\/#article\",\"isPartOf\":{\"@id\":\"https:\\\/\\\/kohenavocats.com\\\/en\\\/tribunal-judiciaire-de-nice-le-19-decembre-2023-n23-02049\\\/\"},\"author\":{\"name\":\"Kohen\",\"@id\":\"https:\\\/\\\/kohenavocats.com\\\/en\\\/#\\\/schema\\\/person\\\/761c9ba54fa1ca84d405cef0831ff751\"},\"headline\":\"Tribunal judiciaire de Nice, le 19 d\u00e9cembre 2023, n\u00b023\\\/02049\",\"datePublished\":\"2026-04-23T21:58:52+00:00\",\"mainEntityOfPage\":{\"@id\":\"https:\\\/\\\/kohenavocats.com\\\/en\\\/tribunal-judiciaire-de-nice-le-19-decembre-2023-n23-02049\\\/\"},\"wordCount\":764,\"commentCount\":0,\"publisher\":{\"@id\":\"https:\\\/\\\/kohenavocats.com\\\/en\\\/#organization\"},\"image\":{\"@id\":\"https:\\\/\\\/kohenavocats.com\\\/en\\\/tribunal-judiciaire-de-nice-le-19-decembre-2023-n23-02049\\\/#primaryimage\"},\"thumbnailUrl\":\"https:\\\/\\\/kohenavocats.com\\\/wp-content\\\/uploads\\\/2024\\\/08\\\/chris-unger-1NpTLXkg6K0-unsplash.webp\",\"articleSection\":[\"Jurisprudence\"],\"inLanguage\":\"en-US\",\"potentialAction\":[{\"@type\":\"CommentAction\",\"name\":\"Comment\",\"target\":[\"https:\\\/\\\/kohenavocats.com\\\/en\\\/tribunal-judiciaire-de-nice-le-19-decembre-2023-n23-02049\\\/#respond\"]}],\"citation\":\"Tribunal judiciaire de Nice, le 19 d\u00e9cembre 2023, n\u00b023\\\/02049\",\"about\":[{\"@type\":\"Thing\",\"name\":\"Jurisprudence\"}],\"dateModified\":\"2026-04-23T21:58:52+00:00\",\"speakable\":{\"@type\":\"SpeakableSpecification\",\"cssSelector\":[\".article-content > p:first-of-type\"]}},{\"@type\":\"WebPage\",\"@id\":\"https:\\\/\\\/kohenavocats.com\\\/en\\\/tribunal-judiciaire-de-nice-le-19-decembre-2023-n23-02049\\\/\",\"url\":\"https:\\\/\\\/kohenavocats.com\\\/en\\\/tribunal-judiciaire-de-nice-le-19-decembre-2023-n23-02049\\\/\",\"name\":\"Tribunal judiciaire de Nice, le 19 d\u00e9cembre 2023, n\u00b023\\\/02049 - Ma\u00eetre Hassan Kohen, avocat en droit p\u00e9nal \u00e0 Paris\",\"isPartOf\":{\"@id\":\"https:\\\/\\\/kohenavocats.com\\\/en\\\/#website\"},\"primaryImageOfPage\":{\"@id\":\"https:\\\/\\\/kohenavocats.com\\\/en\\\/tribunal-judiciaire-de-nice-le-19-decembre-2023-n23-02049\\\/#primaryimage\"},\"image\":{\"@id\":\"https:\\\/\\\/kohenavocats.com\\\/en\\\/tribunal-judiciaire-de-nice-le-19-decembre-2023-n23-02049\\\/#primaryimage\"},\"thumbnailUrl\":\"https:\\\/\\\/kohenavocats.com\\\/wp-content\\\/uploads\\\/2024\\\/08\\\/chris-unger-1NpTLXkg6K0-unsplash.webp\",\"datePublished\":\"2026-04-23T21:58:52+00:00\",\"description\":\"Le tribunal judiciaire de Nice, statuant le 19 d\u00e9cembre 2023, a \u00e9t\u00e9 saisi par deux h\u00e9ritiers d'une succession. Ces derniers reprochaient au notaire en charge...\",\"breadcrumb\":{\"@id\":\"https:\\\/\\\/kohenavocats.com\\\/en\\\/tribunal-judiciaire-de-nice-le-19-decembre-2023-n23-02049\\\/#breadcrumb\"},\"inLanguage\":\"en-US\",\"potentialAction\":[{\"@type\":\"ReadAction\",\"target\":[\"https:\\\/\\\/kohenavocats.com\\\/en\\\/tribunal-judiciaire-de-nice-le-19-decembre-2023-n23-02049\\\/\"]}]},{\"@type\":\"ImageObject\",\"inLanguage\":\"en-US\",\"@id\":\"https:\\\/\\\/kohenavocats.com\\\/en\\\/tribunal-judiciaire-de-nice-le-19-decembre-2023-n23-02049\\\/#primaryimage\",\"url\":\"https:\\\/\\\/kohenavocats.com\\\/wp-content\\\/uploads\\\/2024\\\/08\\\/chris-unger-1NpTLXkg6K0-unsplash.webp\",\"contentUrl\":\"https:\\\/\\\/kohenavocats.com\\\/wp-content\\\/uploads\\\/2024\\\/08\\\/chris-unger-1NpTLXkg6K0-unsplash.webp\",\"width\":4013,\"height\":3210},{\"@type\":\"BreadcrumbList\",\"@id\":\"https:\\\/\\\/kohenavocats.com\\\/en\\\/tribunal-judiciaire-de-nice-le-19-decembre-2023-n23-02049\\\/#breadcrumb\",\"itemListElement\":[{\"@type\":\"ListItem\",\"position\":1,\"name\":\"Home\",\"item\":\"https:\\\/\\\/kohenavocats.com\\\/en\\\/criminal-law-attorneys-in-paris-counsel-and-strategic-defense\\\/\"},{\"@type\":\"ListItem\",\"position\":2,\"name\":\"Tribunal judiciaire de Nice, le 19 d\u00e9cembre 2023, n\u00b023\\\/02049\"}]},{\"@type\":\"WebSite\",\"@id\":\"https:\\\/\\\/kohenavocats.com\\\/en\\\/#website\",\"url\":\"https:\\\/\\\/kohenavocats.com\\\/en\\\/\",\"name\":\"Kohen Avocats\",\"description\":\"Ma\u00eetre Hassan Kohen, avocat p\u00e9naliste \u00e0 Paris, intervient exclusivement en droit p\u00e9nal pour la d\u00e9fense des particuliers, notamment en mati\u00e8re d\u2019accusations de viol. Il assure un accompagnement rigoureux d\u00e8s la garde \u00e0 vue jusqu\u2019\u00e0 la Cour d\u2019assises, veillant au strict respect des garanties proc\u00e9durales.\",\"publisher\":{\"@id\":\"https:\\\/\\\/kohenavocats.com\\\/en\\\/#organization\"},\"potentialAction\":[{\"@type\":\"SearchAction\",\"target\":{\"@type\":\"EntryPoint\",\"urlTemplate\":\"https:\\\/\\\/kohenavocats.com\\\/en\\\/?s={search_term_string}\"},\"query-input\":{\"@type\":\"PropertyValueSpecification\",\"valueRequired\":true,\"valueName\":\"search_term_string\"}}],\"inLanguage\":\"en-US\"},{\"@type\":\"Organization\",\"@id\":\"https:\\\/\\\/kohenavocats.com\\\/en\\\/#organization\",\"name\":\"Kohen Avocats\",\"url\":\"https:\\\/\\\/kohenavocats.com\\\/en\\\/\",\"logo\":{\"@type\":\"ImageObject\",\"inLanguage\":\"en-US\",\"@id\":\"https:\\\/\\\/kohenavocats.com\\\/en\\\/#\\\/schema\\\/logo\\\/image\\\/\",\"url\":\"https:\\\/\\\/kohenavocats.com\\\/wp-content\\\/uploads\\\/2026\\\/01\\\/Logo-2-1.webp\",\"contentUrl\":\"https:\\\/\\\/kohenavocats.com\\\/wp-content\\\/uploads\\\/2026\\\/01\\\/Logo-2-1.webp\",\"width\":2114,\"height\":1253,\"caption\":\"Kohen Avocats\"},\"image\":{\"@id\":\"https:\\\/\\\/kohenavocats.com\\\/en\\\/#\\\/schema\\\/logo\\\/image\\\/\"}},{\"@type\":\"Person\",\"@id\":\"https:\\\/\\\/kohenavocats.com\\\/en\\\/#\\\/schema\\\/person\\\/761c9ba54fa1ca84d405cef0831ff751\",\"name\":\"Kohen\",\"image\":{\"@type\":\"ImageObject\",\"inLanguage\":\"en-US\",\"@id\":\"https:\\\/\\\/secure.gravatar.com\\\/avatar\\\/1c5e76ef76bbbfdd2b4da984e2bf2fa4056fd51a27d25ce2c332047f1dfd6e00?s=96&d=identicon&r=g\",\"url\":\"https:\\\/\\\/secure.gravatar.com\\\/avatar\\\/1c5e76ef76bbbfdd2b4da984e2bf2fa4056fd51a27d25ce2c332047f1dfd6e00?s=96&d=identicon&r=g\",\"contentUrl\":\"https:\\\/\\\/secure.gravatar.com\\\/avatar\\\/1c5e76ef76bbbfdd2b4da984e2bf2fa4056fd51a27d25ce2c332047f1dfd6e00?s=96&d=identicon&r=g\",\"caption\":\"Kohen\"},\"sameAs\":[\"https:\\\/\\\/www.linkedin.com\\\/in\\\/hassan-kohen-448548192\\\/\",\"https:\\\/\\\/www.youtube.com\\\/@Kohen-Avocats\"],\"url\":\"https:\\\/\\\/kohenavocats.com\\\/en\\\/author\\\/kohenmlk\\\/\"}]}<\/script>\n<!-- \/ Yoast SEO Premium plugin. -->","yoast_head_json":{"title":"Tribunal judiciaire de Nice, le 19 d\u00e9cembre 2023, n\u00b023\/02049 - Ma\u00eetre Hassan Kohen, avocat en droit p\u00e9nal \u00e0 Paris","description":"Le tribunal judiciaire de Nice, statuant le 19 d\u00e9cembre 2023, a \u00e9t\u00e9 saisi par deux h\u00e9ritiers d'une succession. Ces derniers reprochaient au notaire en charge...","robots":{"index":"index","follow":"follow","max-snippet":"max-snippet:-1","max-image-preview":"max-image-preview:large","max-video-preview":"max-video-preview:-1"},"canonical":"https:\/\/kohenavocats.com\/en\/tribunal-judiciaire-de-nice-le-19-decembre-2023-n23-02049\/","og_locale":"en_US","og_type":"article","og_title":"Tribunal judiciaire de Nice, le 19 d\u00e9cembre 2023, n\u00b023\/02049","og_description":"Le tribunal judiciaire de Nice, statuant le 19 d\u00e9cembre 2023, a \u00e9t\u00e9 saisi par deux h\u00e9ritiers d'une succession. Ces derniers reprochaient au notaire en charge...","og_url":"https:\/\/kohenavocats.com\/en\/tribunal-judiciaire-de-nice-le-19-decembre-2023-n23-02049\/","og_site_name":"Ma\u00eetre Hassan Kohen, avocat en droit p\u00e9nal \u00e0 Paris","article_published_time":"2026-04-23T21:58:52+00:00","og_image":[{"width":4013,"height":3210,"url":"https:\/\/kohenavocats.com\/wp-content\/uploads\/2024\/08\/chris-unger-1NpTLXkg6K0-unsplash.webp","type":"image\/webp"}],"author":"Kohen","twitter_card":"summary_large_image","twitter_misc":{"Written by":"Kohen","Est. reading time":"4 minutes"},"schema":{"@context":"https:\/\/schema.org","@graph":[{"@type":"Article","@id":"https:\/\/kohenavocats.com\/en\/tribunal-judiciaire-de-nice-le-19-decembre-2023-n23-02049\/#article","isPartOf":{"@id":"https:\/\/kohenavocats.com\/en\/tribunal-judiciaire-de-nice-le-19-decembre-2023-n23-02049\/"},"author":{"name":"Kohen","@id":"https:\/\/kohenavocats.com\/en\/#\/schema\/person\/761c9ba54fa1ca84d405cef0831ff751"},"headline":"Tribunal judiciaire de Nice, le 19 d\u00e9cembre 2023, n\u00b023\/02049","datePublished":"2026-04-23T21:58:52+00:00","mainEntityOfPage":{"@id":"https:\/\/kohenavocats.com\/en\/tribunal-judiciaire-de-nice-le-19-decembre-2023-n23-02049\/"},"wordCount":764,"commentCount":0,"publisher":{"@id":"https:\/\/kohenavocats.com\/en\/#organization"},"image":{"@id":"https:\/\/kohenavocats.com\/en\/tribunal-judiciaire-de-nice-le-19-decembre-2023-n23-02049\/#primaryimage"},"thumbnailUrl":"https:\/\/kohenavocats.com\/wp-content\/uploads\/2024\/08\/chris-unger-1NpTLXkg6K0-unsplash.webp","articleSection":["Jurisprudence"],"inLanguage":"en-US","potentialAction":[{"@type":"CommentAction","name":"Comment","target":["https:\/\/kohenavocats.com\/en\/tribunal-judiciaire-de-nice-le-19-decembre-2023-n23-02049\/#respond"]}],"citation":"Tribunal judiciaire de Nice, le 19 d\u00e9cembre 2023, n\u00b023\/02049","about":[{"@type":"Thing","name":"Jurisprudence"}],"dateModified":"2026-04-23T21:58:52+00:00","speakable":{"@type":"SpeakableSpecification","cssSelector":[".article-content > p:first-of-type"]}},{"@type":"WebPage","@id":"https:\/\/kohenavocats.com\/en\/tribunal-judiciaire-de-nice-le-19-decembre-2023-n23-02049\/","url":"https:\/\/kohenavocats.com\/en\/tribunal-judiciaire-de-nice-le-19-decembre-2023-n23-02049\/","name":"Tribunal judiciaire de Nice, le 19 d\u00e9cembre 2023, n\u00b023\/02049 - Ma\u00eetre Hassan Kohen, avocat en droit p\u00e9nal \u00e0 Paris","isPartOf":{"@id":"https:\/\/kohenavocats.com\/en\/#website"},"primaryImageOfPage":{"@id":"https:\/\/kohenavocats.com\/en\/tribunal-judiciaire-de-nice-le-19-decembre-2023-n23-02049\/#primaryimage"},"image":{"@id":"https:\/\/kohenavocats.com\/en\/tribunal-judiciaire-de-nice-le-19-decembre-2023-n23-02049\/#primaryimage"},"thumbnailUrl":"https:\/\/kohenavocats.com\/wp-content\/uploads\/2024\/08\/chris-unger-1NpTLXkg6K0-unsplash.webp","datePublished":"2026-04-23T21:58:52+00:00","description":"Le tribunal judiciaire de Nice, statuant le 19 d\u00e9cembre 2023, a \u00e9t\u00e9 saisi par deux h\u00e9ritiers d'une succession. Ces derniers reprochaient au notaire en charge...","breadcrumb":{"@id":"https:\/\/kohenavocats.com\/en\/tribunal-judiciaire-de-nice-le-19-decembre-2023-n23-02049\/#breadcrumb"},"inLanguage":"en-US","potentialAction":[{"@type":"ReadAction","target":["https:\/\/kohenavocats.com\/en\/tribunal-judiciaire-de-nice-le-19-decembre-2023-n23-02049\/"]}]},{"@type":"ImageObject","inLanguage":"en-US","@id":"https:\/\/kohenavocats.com\/en\/tribunal-judiciaire-de-nice-le-19-decembre-2023-n23-02049\/#primaryimage","url":"https:\/\/kohenavocats.com\/wp-content\/uploads\/2024\/08\/chris-unger-1NpTLXkg6K0-unsplash.webp","contentUrl":"https:\/\/kohenavocats.com\/wp-content\/uploads\/2024\/08\/chris-unger-1NpTLXkg6K0-unsplash.webp","width":4013,"height":3210},{"@type":"BreadcrumbList","@id":"https:\/\/kohenavocats.com\/en\/tribunal-judiciaire-de-nice-le-19-decembre-2023-n23-02049\/#breadcrumb","itemListElement":[{"@type":"ListItem","position":1,"name":"Home","item":"https:\/\/kohenavocats.com\/en\/criminal-law-attorneys-in-paris-counsel-and-strategic-defense\/"},{"@type":"ListItem","position":2,"name":"Tribunal judiciaire de Nice, le 19 d\u00e9cembre 2023, n\u00b023\/02049"}]},{"@type":"WebSite","@id":"https:\/\/kohenavocats.com\/en\/#website","url":"https:\/\/kohenavocats.com\/en\/","name":"Kohen Avocats","description":"Ma\u00eetre Hassan Kohen, avocat p\u00e9naliste \u00e0 Paris, intervient exclusivement en droit p\u00e9nal pour la d\u00e9fense des particuliers, notamment en mati\u00e8re d\u2019accusations de viol. Il assure un accompagnement rigoureux d\u00e8s la garde \u00e0 vue jusqu\u2019\u00e0 la Cour d\u2019assises, veillant au strict respect des garanties proc\u00e9durales.","publisher":{"@id":"https:\/\/kohenavocats.com\/en\/#organization"},"potentialAction":[{"@type":"SearchAction","target":{"@type":"EntryPoint","urlTemplate":"https:\/\/kohenavocats.com\/en\/?s={search_term_string}"},"query-input":{"@type":"PropertyValueSpecification","valueRequired":true,"valueName":"search_term_string"}}],"inLanguage":"en-US"},{"@type":"Organization","@id":"https:\/\/kohenavocats.com\/en\/#organization","name":"Kohen Avocats","url":"https:\/\/kohenavocats.com\/en\/","logo":{"@type":"ImageObject","inLanguage":"en-US","@id":"https:\/\/kohenavocats.com\/en\/#\/schema\/logo\/image\/","url":"https:\/\/kohenavocats.com\/wp-content\/uploads\/2026\/01\/Logo-2-1.webp","contentUrl":"https:\/\/kohenavocats.com\/wp-content\/uploads\/2026\/01\/Logo-2-1.webp","width":2114,"height":1253,"caption":"Kohen Avocats"},"image":{"@id":"https:\/\/kohenavocats.com\/en\/#\/schema\/logo\/image\/"}},{"@type":"Person","@id":"https:\/\/kohenavocats.com\/en\/#\/schema\/person\/761c9ba54fa1ca84d405cef0831ff751","name":"Kohen","image":{"@type":"ImageObject","inLanguage":"en-US","@id":"https:\/\/secure.gravatar.com\/avatar\/1c5e76ef76bbbfdd2b4da984e2bf2fa4056fd51a27d25ce2c332047f1dfd6e00?s=96&d=identicon&r=g","url":"https:\/\/secure.gravatar.com\/avatar\/1c5e76ef76bbbfdd2b4da984e2bf2fa4056fd51a27d25ce2c332047f1dfd6e00?s=96&d=identicon&r=g","contentUrl":"https:\/\/secure.gravatar.com\/avatar\/1c5e76ef76bbbfdd2b4da984e2bf2fa4056fd51a27d25ce2c332047f1dfd6e00?s=96&d=identicon&r=g","caption":"Kohen"},"sameAs":["https:\/\/www.linkedin.com\/in\/hassan-kohen-448548192\/","https:\/\/www.youtube.com\/@Kohen-Avocats"],"url":"https:\/\/kohenavocats.com\/en\/author\/kohenmlk\/"}]}},"jetpack_featured_media_url":"https:\/\/kohenavocats.com\/wp-content\/uploads\/2024\/08\/chris-unger-1NpTLXkg6K0-unsplash.webp","jetpack_likes_enabled":false,"jetpack_shortlink":"https:\/\/wp.me\/peCrII-2N8s","jetpack-related-posts":[{"id":667216,"url":"https:\/\/kohenavocats.com\/en\/tribunal-judiciaire-de-nice-le-25-juin-2025-n23-04880\/","url_meta":{"origin":665536,"position":0},"title":"Tribunal judiciaire de Nice, le 25 juin 2025, n\u00b023\/04880","author":"Kohen","date":"24 April 2026","format":false,"excerpt":"Le tribunal judiciaire de Nice, dans un jugement du 25 juin 2025, a \u00e9t\u00e9 saisi d'une demande en partage judiciaire de deux successions. Un h\u00e9ritier sollicitai...","rel":"","context":"In &quot;Jurisprudence&quot;","block_context":{"text":"Jurisprudence","link":"https:\/\/kohenavocats.com\/category\/jurisprudence\/"},"img":{"alt_text":"","src":"https:\/\/i0.wp.com\/kohenavocats.com\/wp-content\/uploads\/2024\/08\/pierre-antona-ir9dYEOvx5s-unsplash-1.webp?resize=350%2C200&ssl=1","width":350,"height":200,"srcset":"https:\/\/i0.wp.com\/kohenavocats.com\/wp-content\/uploads\/2024\/08\/pierre-antona-ir9dYEOvx5s-unsplash-1.webp?resize=350%2C200&ssl=1 1x, https:\/\/i0.wp.com\/kohenavocats.com\/wp-content\/uploads\/2024\/08\/pierre-antona-ir9dYEOvx5s-unsplash-1.webp?resize=525%2C300&ssl=1 1.5x, https:\/\/i0.wp.com\/kohenavocats.com\/wp-content\/uploads\/2024\/08\/pierre-antona-ir9dYEOvx5s-unsplash-1.webp?resize=700%2C400&ssl=1 2x, https:\/\/i0.wp.com\/kohenavocats.com\/wp-content\/uploads\/2024\/08\/pierre-antona-ir9dYEOvx5s-unsplash-1.webp?resize=1050%2C600&ssl=1 3x, https:\/\/i0.wp.com\/kohenavocats.com\/wp-content\/uploads\/2024\/08\/pierre-antona-ir9dYEOvx5s-unsplash-1.webp?resize=1400%2C800&ssl=1 4x"},"classes":[]},{"id":223845,"url":"https:\/\/kohenavocats.com\/en\/tribunal-judiciaire-de-evreux-le-13-juin-2025-n23-03896\/","url_meta":{"origin":665536,"position":1},"title":"Tribunal judiciaire de \u00c9vreux, le 13 juin 2025, n\u00b023\/03896","author":"Kohen","date":"26 December 2025","format":false,"excerpt":"Le tribunal judiciaire d'\u00c9vreux, par jugement du 13 juin 2025, s'est prononc\u00e9 sur l'homologation d'un \u00e9tat liquidatif dans le cadre d'une succession litigieuse. Cette d\u00e9cision illustre le d\u00e9roulement contentieux du partage judiciaire lorsque les h\u00e9ritiers ne parviennent pas \u00e0 s'accorder.Un homme d\u00e9c\u00e8de le 15 d\u00e9cembre 2015, laissant plusieurs h\u00e9ritiers. Par\u2026","rel":"","context":"In &quot;D\u00e9cisions juridiques&quot;","block_context":{"text":"D\u00e9cisions juridiques","link":"https:\/\/kohenavocats.com\/category\/decisions-juridiques\/"},"img":{"alt_text":"","src":"https:\/\/i0.wp.com\/kohenavocats.com\/wp-content\/uploads\/2024\/08\/is-chessyca-ms276CveJPY-unsplash.webp?resize=350%2C200&ssl=1","width":350,"height":200,"srcset":"https:\/\/i0.wp.com\/kohenavocats.com\/wp-content\/uploads\/2024\/08\/is-chessyca-ms276CveJPY-unsplash.webp?resize=350%2C200&ssl=1 1x, https:\/\/i0.wp.com\/kohenavocats.com\/wp-content\/uploads\/2024\/08\/is-chessyca-ms276CveJPY-unsplash.webp?resize=525%2C300&ssl=1 1.5x, https:\/\/i0.wp.com\/kohenavocats.com\/wp-content\/uploads\/2024\/08\/is-chessyca-ms276CveJPY-unsplash.webp?resize=700%2C400&ssl=1 2x, https:\/\/i0.wp.com\/kohenavocats.com\/wp-content\/uploads\/2024\/08\/is-chessyca-ms276CveJPY-unsplash.webp?resize=1050%2C600&ssl=1 3x, https:\/\/i0.wp.com\/kohenavocats.com\/wp-content\/uploads\/2024\/08\/is-chessyca-ms276CveJPY-unsplash.webp?resize=1400%2C800&ssl=1 4x"},"classes":[]},{"id":662989,"url":"https:\/\/kohenavocats.com\/en\/tribunal-judiciaire-de-bourg-en-bresse-le-12-decembre-2024-n24-00144\/","url_meta":{"origin":665536,"position":2},"title":"Tribunal judiciaire de Bourg-en-Bresse, le 12 d\u00e9cembre 2024, n\u00b024\/00144","author":"Kohen","date":"23 April 2026","format":false,"excerpt":"Le tribunal judiciaire de Bourg-en-Bresse, statuant le 12 d\u00e9cembre 2024, a \u00e9t\u00e9 saisi d\u2019un litige successoral portant sur le partage de deux biens immobiliers...","rel":"","context":"In &quot;Jurisprudence&quot;","block_context":{"text":"Jurisprudence","link":"https:\/\/kohenavocats.com\/category\/jurisprudence\/"},"img":{"alt_text":"","src":"https:\/\/i0.wp.com\/kohenavocats.com\/wp-content\/uploads\/2024\/11\/mohamed-nohassi-_gRInX3DeBQ-unsplash.webp?resize=350%2C200&ssl=1","width":350,"height":200,"srcset":"https:\/\/i0.wp.com\/kohenavocats.com\/wp-content\/uploads\/2024\/11\/mohamed-nohassi-_gRInX3DeBQ-unsplash.webp?resize=350%2C200&ssl=1 1x, https:\/\/i0.wp.com\/kohenavocats.com\/wp-content\/uploads\/2024\/11\/mohamed-nohassi-_gRInX3DeBQ-unsplash.webp?resize=525%2C300&ssl=1 1.5x, https:\/\/i0.wp.com\/kohenavocats.com\/wp-content\/uploads\/2024\/11\/mohamed-nohassi-_gRInX3DeBQ-unsplash.webp?resize=700%2C400&ssl=1 2x, https:\/\/i0.wp.com\/kohenavocats.com\/wp-content\/uploads\/2024\/11\/mohamed-nohassi-_gRInX3DeBQ-unsplash.webp?resize=1050%2C600&ssl=1 3x, https:\/\/i0.wp.com\/kohenavocats.com\/wp-content\/uploads\/2024\/11\/mohamed-nohassi-_gRInX3DeBQ-unsplash.webp?resize=1400%2C800&ssl=1 4x"},"classes":[]},{"id":293541,"url":"https:\/\/kohenavocats.com\/en\/tribunal-judiciaire-de-marseille-le-7-juillet-2025-n24-00678\/","url_meta":{"origin":665536,"position":3},"title":"Tribunal judiciaire de Marseille, le 7 juillet 2025, n\u00b024\/00678","author":"Kohen","date":"25 January 2026","format":false,"excerpt":"Le Tribunal judiciaire de Marseille, premi\u00e8re chambre civile, a rendu un jugement le 7 juillet 2025. Cette d\u00e9cision ordonne le partage judiciaire de deux indivisions successorales complexes. Elle statue \u00e9galement sur de nombreuses demandes accessoires relatives aux comptes entre h\u00e9ritiers. Le litige oppose plusieurs membres d\u2019une famille autour des successions\u2026","rel":"","context":"In &quot;D\u00e9cisions juridiques&quot;","block_context":{"text":"D\u00e9cisions juridiques","link":"https:\/\/kohenavocats.com\/category\/decisions-juridiques\/"},"img":{"alt_text":"","src":"https:\/\/i0.wp.com\/kohenavocats.com\/wp-content\/uploads\/2024\/11\/mohamed-nohassi-f0bBY9zK6xg-unsplash.webp?resize=350%2C200&ssl=1","width":350,"height":200,"srcset":"https:\/\/i0.wp.com\/kohenavocats.com\/wp-content\/uploads\/2024\/11\/mohamed-nohassi-f0bBY9zK6xg-unsplash.webp?resize=350%2C200&ssl=1 1x, https:\/\/i0.wp.com\/kohenavocats.com\/wp-content\/uploads\/2024\/11\/mohamed-nohassi-f0bBY9zK6xg-unsplash.webp?resize=525%2C300&ssl=1 1.5x, https:\/\/i0.wp.com\/kohenavocats.com\/wp-content\/uploads\/2024\/11\/mohamed-nohassi-f0bBY9zK6xg-unsplash.webp?resize=700%2C400&ssl=1 2x, https:\/\/i0.wp.com\/kohenavocats.com\/wp-content\/uploads\/2024\/11\/mohamed-nohassi-f0bBY9zK6xg-unsplash.webp?resize=1050%2C600&ssl=1 3x, https:\/\/i0.wp.com\/kohenavocats.com\/wp-content\/uploads\/2024\/11\/mohamed-nohassi-f0bBY9zK6xg-unsplash.webp?resize=1400%2C800&ssl=1 4x"},"classes":[]},{"id":492544,"url":"https:\/\/kohenavocats.com\/en\/tribunal-judiciaire-de-dijon-le-25-fevrier-2025-n16-03275\/","url_meta":{"origin":665536,"position":4},"title":"Tribunal judiciaire de Dijon, le 25 f\u00e9vrier 2025, n\u00b016\/03275","author":"Kohen","date":"8 April 2026","format":false,"excerpt":"Le Tribunal judiciaire de Dijon, statuant le 25 f\u00e9vrier 2025, ordonne le partage judiciaire d\u2019une indivision successorale complexe. Cette indivision r\u00e9sulte ...","rel":"","context":"In &quot;Jurisprudence&quot;","block_context":{"text":"Jurisprudence","link":"https:\/\/kohenavocats.com\/category\/jurisprudence\/"},"img":{"alt_text":"","src":"https:\/\/i0.wp.com\/kohenavocats.com\/wp-content\/uploads\/2024\/11\/getty-images-v_YYHSi9aoU-unsplash.webp?resize=350%2C200&ssl=1","width":350,"height":200,"srcset":"https:\/\/i0.wp.com\/kohenavocats.com\/wp-content\/uploads\/2024\/11\/getty-images-v_YYHSi9aoU-unsplash.webp?resize=350%2C200&ssl=1 1x, https:\/\/i0.wp.com\/kohenavocats.com\/wp-content\/uploads\/2024\/11\/getty-images-v_YYHSi9aoU-unsplash.webp?resize=525%2C300&ssl=1 1.5x, https:\/\/i0.wp.com\/kohenavocats.com\/wp-content\/uploads\/2024\/11\/getty-images-v_YYHSi9aoU-unsplash.webp?resize=700%2C400&ssl=1 2x, https:\/\/i0.wp.com\/kohenavocats.com\/wp-content\/uploads\/2024\/11\/getty-images-v_YYHSi9aoU-unsplash.webp?resize=1050%2C600&ssl=1 3x, https:\/\/i0.wp.com\/kohenavocats.com\/wp-content\/uploads\/2024\/11\/getty-images-v_YYHSi9aoU-unsplash.webp?resize=1400%2C800&ssl=1 4x"},"classes":[]},{"id":613963,"url":"https:\/\/kohenavocats.com\/en\/tribunal-judiciaire-de-saint-omer-le-16-mai-2024-n25-00857\/","url_meta":{"origin":665536,"position":5},"title":"Tribunal judiciaire de Saint-Omer, le 16 mai 2024, n\u00b025\/00857","author":"Kohen","date":"20 April 2026","format":false,"excerpt":"Le tribunal judiciaire de Saint-Omer, statuant le 16 mai 2024, se prononce sur une demande en partage judiciaire d\u2019une succession. Les h\u00e9ritiers n\u2019\u00e9tant pas ...","rel":"","context":"In &quot;Jurisprudence&quot;","block_context":{"text":"Jurisprudence","link":"https:\/\/kohenavocats.com\/category\/jurisprudence\/"},"img":{"alt_text":"","src":"https:\/\/i0.wp.com\/kohenavocats.com\/wp-content\/uploads\/2024\/11\/planet-volumes-ONz69eiMEV8-unsplash.webp?resize=350%2C200&ssl=1","width":350,"height":200,"srcset":"https:\/\/i0.wp.com\/kohenavocats.com\/wp-content\/uploads\/2024\/11\/planet-volumes-ONz69eiMEV8-unsplash.webp?resize=350%2C200&ssl=1 1x, https:\/\/i0.wp.com\/kohenavocats.com\/wp-content\/uploads\/2024\/11\/planet-volumes-ONz69eiMEV8-unsplash.webp?resize=525%2C300&ssl=1 1.5x, https:\/\/i0.wp.com\/kohenavocats.com\/wp-content\/uploads\/2024\/11\/planet-volumes-ONz69eiMEV8-unsplash.webp?resize=700%2C400&ssl=1 2x, https:\/\/i0.wp.com\/kohenavocats.com\/wp-content\/uploads\/2024\/11\/planet-volumes-ONz69eiMEV8-unsplash.webp?resize=1050%2C600&ssl=1 3x, https:\/\/i0.wp.com\/kohenavocats.com\/wp-content\/uploads\/2024\/11\/planet-volumes-ONz69eiMEV8-unsplash.webp?resize=1400%2C800&ssl=1 4x"},"classes":[]}],"jetpack_sharing_enabled":true,"_links":{"self":[{"href":"https:\/\/kohenavocats.com\/en\/wp-json\/wp\/v2\/posts\/665536","targetHints":{"allow":["GET"]}}],"collection":[{"href":"https:\/\/kohenavocats.com\/en\/wp-json\/wp\/v2\/posts"}],"about":[{"href":"https:\/\/kohenavocats.com\/en\/wp-json\/wp\/v2\/types\/post"}],"author":[{"embeddable":true,"href":"https:\/\/kohenavocats.com\/en\/wp-json\/wp\/v2\/users\/232070755"}],"replies":[{"embeddable":true,"href":"https:\/\/kohenavocats.com\/en\/wp-json\/wp\/v2\/comments?post=665536"}],"version-history":[{"count":0,"href":"https:\/\/kohenavocats.com\/en\/wp-json\/wp\/v2\/posts\/665536\/revisions"}],"wp:featuredmedia":[{"embeddable":true,"href":"https:\/\/kohenavocats.com\/en\/wp-json\/wp\/v2\/media\/4754"}],"wp:attachment":[{"href":"https:\/\/kohenavocats.com\/en\/wp-json\/wp\/v2\/media?parent=665536"}],"wp:term":[{"taxonomy":"category","embeddable":true,"href":"https:\/\/kohenavocats.com\/en\/wp-json\/wp\/v2\/categories?post=665536"},{"taxonomy":"post_tag","embeddable":true,"href":"https:\/\/kohenavocats.com\/en\/wp-json\/wp\/v2\/tags?post=665536"}],"curies":[{"name":"wp","href":"https:\/\/api.w.org\/{rel}","templated":true}]}}