{"id":665539,"date":"2026-04-24T00:00:35","date_gmt":"2026-04-23T22:00:35","guid":{"rendered":"https:\/\/kohenavocats.com\/tribunal-judiciaire-de-marseille-le-19-decembre-2024-n23-00632\/"},"modified":"2026-04-26T20:23:12","modified_gmt":"2026-04-26T18:23:12","slug":"tribunal-judiciaire-de-marseille-le-19-decembre-2024-n23-00632","status":"publish","type":"post","link":"https:\/\/kohenavocats.com\/en\/tribunal-judiciaire-de-marseille-le-19-decembre-2024-n23-00632\/","title":{"rendered":"Tribunal judiciaire de Marseille, le 19 d\u00e9cembre 2024, n\u00b023\/00632"},"content":{"rendered":"<div class=\"article-content\">\n<p>Le tribunal judiciaire de Marseille, statuant le 19 d\u00e9cembre 2024, a eu \u00e0 conna\u00eetre d\u2019un litige opposant une salari\u00e9e \u00e0 sa caisse primaire d\u2019assurance maladie. L\u2019instance concernait la reconnaissance du caract\u00e8re professionnel d\u2019un accident survenu lors d\u2019une r\u00e9union du comit\u00e9 social et \u00e9conomique. La juridiction devait d\u00e9terminer si les reproches subis par l\u2019\u00e9lue constituaient un \u00e9v\u00e9nement soudain ouvrant droit \u00e0 une prise en charge. Le tribunal a fait droit \u00e0 la demande de la salari\u00e9e en reconnaissant l\u2019<a href=\"https:\/\/kohenavocats.com\/avocats-droit-social-paris\/avocats-accident-travail-paris\/\" target=\"_blank\" title=\"accident du travail\">accident du travail<\/a> et a condamn\u00e9 la caisse au paiement de frais de proc\u00e9dure.<\/p>\n<p>La caract\u00e9risation souple de l\u2019\u00e9v\u00e9nement soudain<\/p>\n<p>La d\u00e9cision rappelle d\u2019abord les crit\u00e8res l\u00e9gaux de l\u2019accident du travail d\u00e9finis \u00e0 l\u2019article L411-1 du Code de la s\u00e9curit\u00e9 sociale. Le tribunal souligne que la reconnaissance d\u2019un accident du travail suppose la r\u00e9union de trois crit\u00e8res : un \u00e9v\u00e9nement ou une s\u00e9rie d\u2019\u00e9v\u00e9nements soudains, l\u2019existence d\u2019une l\u00e9sion, et le caract\u00e8re professionnel de l\u2019accident. Le crit\u00e8re de la soudainet\u00e9 permet de distinguer l\u2019accident du travail de la <a href=\"https:\/\/kohenavocats.com\/avocats-droit-social-paris\/avocats-maladie-professionnelle-paris\/\" target=\"_blank\" title=\"maladie professionnelle\">maladie professionnelle<\/a>. Il implique que l\u2019accident ait eu lieu \u00e0 une date et dans des circonstances certaines et pr\u00e9cises. La preuve de l\u2019\u00e9v\u00e9nement soudain ne peut r\u00e9sulter que d&#8217;un ensemble de pr\u00e9somptions s\u00e9rieuses, graves et concordantes. En l\u2019esp\u00e8ce, le tribunal constate que les \u00e9changes tenus lors de cette r\u00e9union ayant entra\u00een\u00e9 une l\u00e9sion soudaine, ils caract\u00e9risent le fait soudain, d\u00e8s lors qu\u2019ils ont \u00e9t\u00e9 \u00e0 l\u2019origine de la d\u00e9tresse de la salari\u00e9e. Cette analyse confirme que la soudainet\u00e9 peut r\u00e9sider dans la brusque alt\u00e9ration de l\u2019\u00e9tat psychique provoqu\u00e9e par un \u00e9change verbal.<\/p>\n<p>L\u2019absence d\u2019exigence d\u2019anormalit\u00e9 du fait g\u00e9n\u00e9rateur<\/p>\n<p>Le tribunal \u00e9carte ensuite l\u2019argument de la caisse fond\u00e9 sur le caract\u00e8re anormal des faits. Il sera rappel\u00e9, s\u2019agissant du caract\u00e8re anormal de cet \u00e9v\u00e9nement, que ni l&#8217;article L411-1 du Code de la s\u00e9curit\u00e9 sociale, ni la jurisprudence en vigueur de la cour de cassation n\u2019exigent pas que le fait g\u00e9n\u00e9rateur \u00e0 l\u2019origine d\u2019un trouble psychique pr\u00e9sente un caract\u00e8re anormal. Cette position est en harmonie avec une jurisprudence r\u00e9cente qui affirme que la notion d&#8217;anormalit\u00e9 n&#8217;est pas n\u00e9cessaire \u00e0 la caract\u00e9risation dudit fait puisque subjective et d&#8217;ordre moral mais \u00e9galement de nature \u00e0 induire un caract\u00e8re fautif non n\u00e9cessaire (Cour d&#8217;appel, le 16 f\u00e9vrier 2026, n\u00b025\/00558). Le tribunal valide ainsi une approche objective centr\u00e9e sur la soudainet\u00e9 de la l\u00e9sion et non sur la nature des faits. Cette interpr\u00e9tation \u00e9carte toute condition moralisatrice pour la qualification de l\u2019accident psychique.<\/p>\n<p>Le jeu de la pr\u00e9somption d\u2019imputabilit\u00e9 au travail<\/p>\n<p>L\u2019application du r\u00e9gime probatoire constitue le second apport majeur de l\u2019arr\u00eat. Le tribunal rappelle que le fait accidentel doit rev\u00eatir un caract\u00e8re professionnel au sens de l\u2019article L411-1 du Code de la s\u00e9curit\u00e9 sociale. Ce crit\u00e8re est pr\u00e9sum\u00e9 rempli lorsque l\u2019accident survient au temps et au lieu de travail. La pr\u00e9somption du caract\u00e8re professionnel \u00e9tablit en r\u00e9alit\u00e9 un double lien de causalit\u00e9 : d&#8217;une part, le lien entre la l\u00e9sion et l&#8217;accident et d&#8217;autre part, le lien entre la l\u00e9sion et le travail. D\u00e8s lors que la l\u00e9sion psychologique caract\u00e9ris\u00e9e en l&#8217;esp\u00e8ce par des pleurs et un stress intense est survenue soudainement dans le temps et sur le lieu du travail, lors de la r\u00e9union du <a href=\"https:\/\/kohenavocats.com\/avocats-droit-social-paris\/avocats-cse-elections-professionnelles-paris\/\" target=\"_blank\" title=\"CSE\">CSE<\/a>, il importe peu que les propos n\u2019aient pas \u00e9t\u00e9 injurieux, la pr\u00e9somption d&#8217;imputabilit\u00e9 doit jouer \u00e0 moins qu&#8217;elle ne soit renvers\u00e9e par la preuve d&#8217;une cause totalement \u00e9trang\u00e8re au travail. La charge de la preuve repose donc sur l\u2019organisme de s\u00e9curit\u00e9 sociale pour renverser cette pr\u00e9somption l\u00e9gale.<\/p>\n<p>L\u2019insuffisance des r\u00e9serves de l\u2019employeur pour renverser la pr\u00e9somption<\/p>\n<p>Enfin, le tribunal examine et rejette les \u00e9l\u00e9ments produits pour contester l\u2019imputabilit\u00e9. L\u2019employeur avait formul\u00e9 des r\u00e9serves concernant le refus d\u2019appeler un m\u00e9decin et pr\u00e9sent\u00e9 les faits comme un simple d\u00e9saccord. Or, la CPAM \u00e9choue \u00e0 renverser la pr\u00e9somption d\u2019imputabilit\u00e9, de sorte qu\u2019il sera fait droit \u00e0 la demande en reconnaissance du caract\u00e8re professionnel de l&#8217;accident. Le tribunal fonde sa conviction sur un faisceau d\u2019\u00e9l\u00e9ments concordants : attestations, compte rendu de r\u00e9union et certificat m\u00e9dical. Ces pi\u00e8ces corroborent la version de la salari\u00e9e selon laquelle des propos agressifs lui ont \u00e9t\u00e9 tenus. La d\u00e9cision rappelle ainsi que les seules d\u00e9clarations du salari\u00e9 sur l&#8217;accident qu&#8217;il a subi sont insuffisantes pour \u00e9tablir le caract\u00e8re professionnel de l&#8217;accident, mais qu\u2019\u00e0 l\u2019inverse, de simples r\u00e9serves de l\u2019employeur sont tout aussi insuffisantes pour renverser la pr\u00e9somption. Cette solution s\u00e9curise la position de la victime qui dispose d\u2019une preuve l\u00e9gale facilit\u00e9e.<\/p>\n<\/div>\n","protected":false},"excerpt":{"rendered":"<p>Le tribunal judiciaire de Marseille, statuant le 19 d\u00e9cembre 2024, a eu \u00e0 conna\u00eetre d\u2019un litige opposant une salari\u00e9e \u00e0 sa caisse primaire d\u2019assurance maladi&#8230;<\/p>\n","protected":false},"author":232070755,"featured_media":9464,"comment_status":"open","ping_status":"open","sticky":false,"template":"","format":"standard","meta":{"_crdt_document":"","_jetpack_newsletter_access":"","_jetpack_dont_email_post_to_subs":false,"_jetpack_newsletter_tier_id":0,"_jetpack_memberships_contains_paywalled_content":false,"_kj_source_type":"","_kj_official_id":"","_kj_official_url":"","_kj_judilibre_id":"","_kj_jur":"","_kj_lieu":"","_kj_chambre":"","_kj_rg":"","_kj_date":"","_jetpack_memberships_contains_paid_content":false,"footnotes":"","jetpack_post_was_ever_published":false},"categories":[7123,6580,7597,6718,6992],"tags":[],"class_list":["post-665539","post","type-post","status-publish","format-standard","has-post-thumbnail","hentry","category-droit-du-travail","category-droit-social","category-jurisprudence","category-social","category-travail"],"yoast_head":"<!-- This site is optimized with the Yoast SEO Premium plugin v27.5 (Yoast SEO v27.5) - https:\/\/yoast.com\/product\/yoast-seo-premium-wordpress\/ -->\n<title>Tribunal judiciaire de Marseille, le 19 d\u00e9cembre 2024, n\u00b023\/00632 - Ma\u00eetre Hassan Kohen, avocat en droit p\u00e9nal \u00e0 Paris<\/title>\n<meta name=\"description\" content=\"Le tribunal judiciaire de Marseille, statuant le 19 d\u00e9cembre 2024, a eu \u00e0 conna\u00eetre d\u2019un litige opposant une salari\u00e9e \u00e0 sa caisse primaire d\u2019assurance maladi...\" \/>\n<meta name=\"robots\" content=\"index, follow, max-snippet:-1, max-image-preview:large, max-video-preview:-1\" \/>\n<link rel=\"canonical\" href=\"https:\/\/kohenavocats.com\/en\/tribunal-judiciaire-de-marseille-le-19-decembre-2024-n23-00632\/\" \/>\n<meta property=\"og:locale\" content=\"en_US\" \/>\n<meta property=\"og:type\" content=\"article\" \/>\n<meta property=\"og:title\" content=\"Tribunal judiciaire de Marseille, le 19 d\u00e9cembre 2024, n\u00b023\/00632\" \/>\n<meta property=\"og:description\" content=\"Le tribunal judiciaire de Marseille, statuant le 19 d\u00e9cembre 2024, a eu \u00e0 conna\u00eetre d\u2019un litige opposant une salari\u00e9e \u00e0 sa caisse primaire d\u2019assurance maladi...\" \/>\n<meta property=\"og:url\" content=\"https:\/\/kohenavocats.com\/en\/tribunal-judiciaire-de-marseille-le-19-decembre-2024-n23-00632\/\" \/>\n<meta property=\"og:site_name\" content=\"Ma\u00eetre Hassan Kohen, avocat en droit p\u00e9nal \u00e0 Paris\" \/>\n<meta property=\"article:published_time\" content=\"2026-04-23T22:00:35+00:00\" \/>\n<meta property=\"article:modified_time\" content=\"2026-04-26T18:23:12+00:00\" \/>\n<meta property=\"og:image\" content=\"https:\/\/kohenavocats.com\/wp-content\/uploads\/2024\/11\/zyanya-citlalli-qhFXS18P2OQ-unsplash-1.webp\" \/>\n\t<meta property=\"og:image:width\" content=\"3840\" \/>\n\t<meta property=\"og:image:height\" content=\"2160\" \/>\n\t<meta property=\"og:image:type\" content=\"image\/webp\" \/>\n<meta name=\"author\" content=\"Kohen\" \/>\n<meta name=\"twitter:card\" content=\"summary_large_image\" \/>\n<meta name=\"twitter:label1\" content=\"Written by\" \/>\n\t<meta name=\"twitter:data1\" content=\"Kohen\" \/>\n\t<meta name=\"twitter:label2\" content=\"Est. reading time\" \/>\n\t<meta name=\"twitter:data2\" content=\"4 minutes\" \/>\n<script type=\"application\/ld+json\" class=\"yoast-schema-graph\">{\"@context\":\"https:\\\/\\\/schema.org\",\"@graph\":[{\"@type\":\"Article\",\"@id\":\"https:\\\/\\\/kohenavocats.com\\\/en\\\/tribunal-judiciaire-de-marseille-le-19-decembre-2024-n23-00632\\\/#article\",\"isPartOf\":{\"@id\":\"https:\\\/\\\/kohenavocats.com\\\/en\\\/tribunal-judiciaire-de-marseille-le-19-decembre-2024-n23-00632\\\/\"},\"author\":{\"name\":\"Kohen\",\"@id\":\"https:\\\/\\\/kohenavocats.com\\\/en\\\/#\\\/schema\\\/person\\\/761c9ba54fa1ca84d405cef0831ff751\"},\"headline\":\"Tribunal judiciaire de Marseille, le 19 d\u00e9cembre 2024, n\u00b023\\\/00632\",\"datePublished\":\"2026-04-23T22:00:35+00:00\",\"dateModified\":\"2026-04-26T18:23:12+00:00\",\"mainEntityOfPage\":{\"@id\":\"https:\\\/\\\/kohenavocats.com\\\/en\\\/tribunal-judiciaire-de-marseille-le-19-decembre-2024-n23-00632\\\/\"},\"wordCount\":892,\"commentCount\":0,\"publisher\":{\"@id\":\"https:\\\/\\\/kohenavocats.com\\\/en\\\/#organization\"},\"image\":{\"@id\":\"https:\\\/\\\/kohenavocats.com\\\/en\\\/tribunal-judiciaire-de-marseille-le-19-decembre-2024-n23-00632\\\/#primaryimage\"},\"thumbnailUrl\":\"https:\\\/\\\/kohenavocats.com\\\/wp-content\\\/uploads\\\/2024\\\/11\\\/zyanya-citlalli-qhFXS18P2OQ-unsplash-1.webp\",\"articleSection\":[\"Droit du travail\",\"Droit Social\",\"Jurisprudence\",\"Social\",\"Travail\"],\"inLanguage\":\"en-US\",\"potentialAction\":[{\"@type\":\"CommentAction\",\"name\":\"Comment\",\"target\":[\"https:\\\/\\\/kohenavocats.com\\\/en\\\/tribunal-judiciaire-de-marseille-le-19-decembre-2024-n23-00632\\\/#respond\"]}],\"citation\":\"Tribunal judiciaire de Marseille, le 19 d\u00e9cembre 2024, n\u00b023\\\/00632\",\"about\":[{\"@type\":\"Thing\",\"name\":\"Droit du travail\"},{\"@type\":\"Thing\",\"name\":\"Droit Social\"},{\"@type\":\"Thing\",\"name\":\"Jurisprudence\"},{\"@type\":\"Thing\",\"name\":\"Social\"},{\"@type\":\"Thing\",\"name\":\"Travail\"}],\"speakable\":{\"@type\":\"SpeakableSpecification\",\"cssSelector\":[\".article-content > p:first-of-type\"]}},{\"@type\":\"WebPage\",\"@id\":\"https:\\\/\\\/kohenavocats.com\\\/en\\\/tribunal-judiciaire-de-marseille-le-19-decembre-2024-n23-00632\\\/\",\"url\":\"https:\\\/\\\/kohenavocats.com\\\/en\\\/tribunal-judiciaire-de-marseille-le-19-decembre-2024-n23-00632\\\/\",\"name\":\"Tribunal judiciaire de Marseille, le 19 d\u00e9cembre 2024, n\u00b023\\\/00632 - Ma\u00eetre Hassan Kohen, avocat en droit p\u00e9nal \u00e0 Paris\",\"isPartOf\":{\"@id\":\"https:\\\/\\\/kohenavocats.com\\\/en\\\/#website\"},\"primaryImageOfPage\":{\"@id\":\"https:\\\/\\\/kohenavocats.com\\\/en\\\/tribunal-judiciaire-de-marseille-le-19-decembre-2024-n23-00632\\\/#primaryimage\"},\"image\":{\"@id\":\"https:\\\/\\\/kohenavocats.com\\\/en\\\/tribunal-judiciaire-de-marseille-le-19-decembre-2024-n23-00632\\\/#primaryimage\"},\"thumbnailUrl\":\"https:\\\/\\\/kohenavocats.com\\\/wp-content\\\/uploads\\\/2024\\\/11\\\/zyanya-citlalli-qhFXS18P2OQ-unsplash-1.webp\",\"datePublished\":\"2026-04-23T22:00:35+00:00\",\"dateModified\":\"2026-04-26T18:23:12+00:00\",\"description\":\"Le tribunal judiciaire de Marseille, statuant le 19 d\u00e9cembre 2024, a eu \u00e0 conna\u00eetre d\u2019un litige opposant une salari\u00e9e \u00e0 sa caisse primaire d\u2019assurance maladi...\",\"breadcrumb\":{\"@id\":\"https:\\\/\\\/kohenavocats.com\\\/en\\\/tribunal-judiciaire-de-marseille-le-19-decembre-2024-n23-00632\\\/#breadcrumb\"},\"inLanguage\":\"en-US\",\"potentialAction\":[{\"@type\":\"ReadAction\",\"target\":[\"https:\\\/\\\/kohenavocats.com\\\/en\\\/tribunal-judiciaire-de-marseille-le-19-decembre-2024-n23-00632\\\/\"]}]},{\"@type\":\"ImageObject\",\"inLanguage\":\"en-US\",\"@id\":\"https:\\\/\\\/kohenavocats.com\\\/en\\\/tribunal-judiciaire-de-marseille-le-19-decembre-2024-n23-00632\\\/#primaryimage\",\"url\":\"https:\\\/\\\/kohenavocats.com\\\/wp-content\\\/uploads\\\/2024\\\/11\\\/zyanya-citlalli-qhFXS18P2OQ-unsplash-1.webp\",\"contentUrl\":\"https:\\\/\\\/kohenavocats.com\\\/wp-content\\\/uploads\\\/2024\\\/11\\\/zyanya-citlalli-qhFXS18P2OQ-unsplash-1.webp\",\"width\":3840,\"height\":2160},{\"@type\":\"BreadcrumbList\",\"@id\":\"https:\\\/\\\/kohenavocats.com\\\/en\\\/tribunal-judiciaire-de-marseille-le-19-decembre-2024-n23-00632\\\/#breadcrumb\",\"itemListElement\":[{\"@type\":\"ListItem\",\"position\":1,\"name\":\"Home\",\"item\":\"https:\\\/\\\/kohenavocats.com\\\/en\\\/criminal-law-attorneys-in-paris-counsel-and-strategic-defense\\\/\"},{\"@type\":\"ListItem\",\"position\":2,\"name\":\"Tribunal judiciaire de Marseille, le 19 d\u00e9cembre 2024, n\u00b023\\\/00632\"}]},{\"@type\":\"WebSite\",\"@id\":\"https:\\\/\\\/kohenavocats.com\\\/en\\\/#website\",\"url\":\"https:\\\/\\\/kohenavocats.com\\\/en\\\/\",\"name\":\"Kohen Avocats\",\"description\":\"Ma\u00eetre Hassan Kohen, avocat p\u00e9naliste \u00e0 Paris, intervient exclusivement en droit p\u00e9nal pour la d\u00e9fense des particuliers, notamment en mati\u00e8re d\u2019accusations de viol. Il assure un accompagnement rigoureux d\u00e8s la garde \u00e0 vue jusqu\u2019\u00e0 la Cour d\u2019assises, veillant au strict respect des garanties proc\u00e9durales.\",\"publisher\":{\"@id\":\"https:\\\/\\\/kohenavocats.com\\\/en\\\/#organization\"},\"potentialAction\":[{\"@type\":\"SearchAction\",\"target\":{\"@type\":\"EntryPoint\",\"urlTemplate\":\"https:\\\/\\\/kohenavocats.com\\\/en\\\/?s={search_term_string}\"},\"query-input\":{\"@type\":\"PropertyValueSpecification\",\"valueRequired\":true,\"valueName\":\"search_term_string\"}}],\"inLanguage\":\"en-US\"},{\"@type\":\"Organization\",\"@id\":\"https:\\\/\\\/kohenavocats.com\\\/en\\\/#organization\",\"name\":\"Kohen Avocats\",\"url\":\"https:\\\/\\\/kohenavocats.com\\\/en\\\/\",\"logo\":{\"@type\":\"ImageObject\",\"inLanguage\":\"en-US\",\"@id\":\"https:\\\/\\\/kohenavocats.com\\\/en\\\/#\\\/schema\\\/logo\\\/image\\\/\",\"url\":\"https:\\\/\\\/kohenavocats.com\\\/wp-content\\\/uploads\\\/2026\\\/01\\\/Logo-2-1.webp\",\"contentUrl\":\"https:\\\/\\\/kohenavocats.com\\\/wp-content\\\/uploads\\\/2026\\\/01\\\/Logo-2-1.webp\",\"width\":2114,\"height\":1253,\"caption\":\"Kohen Avocats\"},\"image\":{\"@id\":\"https:\\\/\\\/kohenavocats.com\\\/en\\\/#\\\/schema\\\/logo\\\/image\\\/\"}},{\"@type\":\"Person\",\"@id\":\"https:\\\/\\\/kohenavocats.com\\\/en\\\/#\\\/schema\\\/person\\\/761c9ba54fa1ca84d405cef0831ff751\",\"name\":\"Kohen\",\"image\":{\"@type\":\"ImageObject\",\"inLanguage\":\"en-US\",\"@id\":\"https:\\\/\\\/secure.gravatar.com\\\/avatar\\\/1c5e76ef76bbbfdd2b4da984e2bf2fa4056fd51a27d25ce2c332047f1dfd6e00?s=96&d=identicon&r=g\",\"url\":\"https:\\\/\\\/secure.gravatar.com\\\/avatar\\\/1c5e76ef76bbbfdd2b4da984e2bf2fa4056fd51a27d25ce2c332047f1dfd6e00?s=96&d=identicon&r=g\",\"contentUrl\":\"https:\\\/\\\/secure.gravatar.com\\\/avatar\\\/1c5e76ef76bbbfdd2b4da984e2bf2fa4056fd51a27d25ce2c332047f1dfd6e00?s=96&d=identicon&r=g\",\"caption\":\"Kohen\"},\"sameAs\":[\"https:\\\/\\\/www.linkedin.com\\\/in\\\/hassan-kohen-448548192\\\/\",\"https:\\\/\\\/www.youtube.com\\\/@Kohen-Avocats\"],\"url\":\"https:\\\/\\\/kohenavocats.com\\\/en\\\/author\\\/kohenmlk\\\/\"}]}<\/script>\n<!-- \/ Yoast SEO Premium plugin. -->","yoast_head_json":{"title":"Tribunal judiciaire de Marseille, le 19 d\u00e9cembre 2024, n\u00b023\/00632 - Ma\u00eetre Hassan Kohen, avocat en droit p\u00e9nal \u00e0 Paris","description":"Le tribunal judiciaire de Marseille, statuant le 19 d\u00e9cembre 2024, a eu \u00e0 conna\u00eetre d\u2019un litige opposant une salari\u00e9e \u00e0 sa caisse primaire d\u2019assurance maladi...","robots":{"index":"index","follow":"follow","max-snippet":"max-snippet:-1","max-image-preview":"max-image-preview:large","max-video-preview":"max-video-preview:-1"},"canonical":"https:\/\/kohenavocats.com\/en\/tribunal-judiciaire-de-marseille-le-19-decembre-2024-n23-00632\/","og_locale":"en_US","og_type":"article","og_title":"Tribunal judiciaire de Marseille, le 19 d\u00e9cembre 2024, n\u00b023\/00632","og_description":"Le tribunal judiciaire de Marseille, statuant le 19 d\u00e9cembre 2024, a eu \u00e0 conna\u00eetre d\u2019un litige opposant une salari\u00e9e \u00e0 sa caisse primaire d\u2019assurance maladi...","og_url":"https:\/\/kohenavocats.com\/en\/tribunal-judiciaire-de-marseille-le-19-decembre-2024-n23-00632\/","og_site_name":"Ma\u00eetre Hassan Kohen, avocat en droit p\u00e9nal \u00e0 Paris","article_published_time":"2026-04-23T22:00:35+00:00","article_modified_time":"2026-04-26T18:23:12+00:00","og_image":[{"width":3840,"height":2160,"url":"https:\/\/kohenavocats.com\/wp-content\/uploads\/2024\/11\/zyanya-citlalli-qhFXS18P2OQ-unsplash-1.webp","type":"image\/webp"}],"author":"Kohen","twitter_card":"summary_large_image","twitter_misc":{"Written by":"Kohen","Est. reading time":"4 minutes"},"schema":{"@context":"https:\/\/schema.org","@graph":[{"@type":"Article","@id":"https:\/\/kohenavocats.com\/en\/tribunal-judiciaire-de-marseille-le-19-decembre-2024-n23-00632\/#article","isPartOf":{"@id":"https:\/\/kohenavocats.com\/en\/tribunal-judiciaire-de-marseille-le-19-decembre-2024-n23-00632\/"},"author":{"name":"Kohen","@id":"https:\/\/kohenavocats.com\/en\/#\/schema\/person\/761c9ba54fa1ca84d405cef0831ff751"},"headline":"Tribunal judiciaire de Marseille, le 19 d\u00e9cembre 2024, n\u00b023\/00632","datePublished":"2026-04-23T22:00:35+00:00","dateModified":"2026-04-26T18:23:12+00:00","mainEntityOfPage":{"@id":"https:\/\/kohenavocats.com\/en\/tribunal-judiciaire-de-marseille-le-19-decembre-2024-n23-00632\/"},"wordCount":892,"commentCount":0,"publisher":{"@id":"https:\/\/kohenavocats.com\/en\/#organization"},"image":{"@id":"https:\/\/kohenavocats.com\/en\/tribunal-judiciaire-de-marseille-le-19-decembre-2024-n23-00632\/#primaryimage"},"thumbnailUrl":"https:\/\/kohenavocats.com\/wp-content\/uploads\/2024\/11\/zyanya-citlalli-qhFXS18P2OQ-unsplash-1.webp","articleSection":["Droit du travail","Droit Social","Jurisprudence","Social","Travail"],"inLanguage":"en-US","potentialAction":[{"@type":"CommentAction","name":"Comment","target":["https:\/\/kohenavocats.com\/en\/tribunal-judiciaire-de-marseille-le-19-decembre-2024-n23-00632\/#respond"]}],"citation":"Tribunal judiciaire de Marseille, le 19 d\u00e9cembre 2024, n\u00b023\/00632","about":[{"@type":"Thing","name":"Droit du travail"},{"@type":"Thing","name":"Droit Social"},{"@type":"Thing","name":"Jurisprudence"},{"@type":"Thing","name":"Social"},{"@type":"Thing","name":"Travail"}],"speakable":{"@type":"SpeakableSpecification","cssSelector":[".article-content > p:first-of-type"]}},{"@type":"WebPage","@id":"https:\/\/kohenavocats.com\/en\/tribunal-judiciaire-de-marseille-le-19-decembre-2024-n23-00632\/","url":"https:\/\/kohenavocats.com\/en\/tribunal-judiciaire-de-marseille-le-19-decembre-2024-n23-00632\/","name":"Tribunal judiciaire de Marseille, le 19 d\u00e9cembre 2024, n\u00b023\/00632 - Ma\u00eetre Hassan Kohen, avocat en droit p\u00e9nal \u00e0 Paris","isPartOf":{"@id":"https:\/\/kohenavocats.com\/en\/#website"},"primaryImageOfPage":{"@id":"https:\/\/kohenavocats.com\/en\/tribunal-judiciaire-de-marseille-le-19-decembre-2024-n23-00632\/#primaryimage"},"image":{"@id":"https:\/\/kohenavocats.com\/en\/tribunal-judiciaire-de-marseille-le-19-decembre-2024-n23-00632\/#primaryimage"},"thumbnailUrl":"https:\/\/kohenavocats.com\/wp-content\/uploads\/2024\/11\/zyanya-citlalli-qhFXS18P2OQ-unsplash-1.webp","datePublished":"2026-04-23T22:00:35+00:00","dateModified":"2026-04-26T18:23:12+00:00","description":"Le tribunal judiciaire de Marseille, statuant le 19 d\u00e9cembre 2024, a eu \u00e0 conna\u00eetre d\u2019un litige opposant une salari\u00e9e \u00e0 sa caisse primaire d\u2019assurance maladi...","breadcrumb":{"@id":"https:\/\/kohenavocats.com\/en\/tribunal-judiciaire-de-marseille-le-19-decembre-2024-n23-00632\/#breadcrumb"},"inLanguage":"en-US","potentialAction":[{"@type":"ReadAction","target":["https:\/\/kohenavocats.com\/en\/tribunal-judiciaire-de-marseille-le-19-decembre-2024-n23-00632\/"]}]},{"@type":"ImageObject","inLanguage":"en-US","@id":"https:\/\/kohenavocats.com\/en\/tribunal-judiciaire-de-marseille-le-19-decembre-2024-n23-00632\/#primaryimage","url":"https:\/\/kohenavocats.com\/wp-content\/uploads\/2024\/11\/zyanya-citlalli-qhFXS18P2OQ-unsplash-1.webp","contentUrl":"https:\/\/kohenavocats.com\/wp-content\/uploads\/2024\/11\/zyanya-citlalli-qhFXS18P2OQ-unsplash-1.webp","width":3840,"height":2160},{"@type":"BreadcrumbList","@id":"https:\/\/kohenavocats.com\/en\/tribunal-judiciaire-de-marseille-le-19-decembre-2024-n23-00632\/#breadcrumb","itemListElement":[{"@type":"ListItem","position":1,"name":"Home","item":"https:\/\/kohenavocats.com\/en\/criminal-law-attorneys-in-paris-counsel-and-strategic-defense\/"},{"@type":"ListItem","position":2,"name":"Tribunal judiciaire de Marseille, le 19 d\u00e9cembre 2024, n\u00b023\/00632"}]},{"@type":"WebSite","@id":"https:\/\/kohenavocats.com\/en\/#website","url":"https:\/\/kohenavocats.com\/en\/","name":"Kohen Avocats","description":"Ma\u00eetre Hassan Kohen, avocat p\u00e9naliste \u00e0 Paris, intervient exclusivement en droit p\u00e9nal pour la d\u00e9fense des particuliers, notamment en mati\u00e8re d\u2019accusations de viol. Il assure un accompagnement rigoureux d\u00e8s la garde \u00e0 vue jusqu\u2019\u00e0 la Cour d\u2019assises, veillant au strict respect des garanties proc\u00e9durales.","publisher":{"@id":"https:\/\/kohenavocats.com\/en\/#organization"},"potentialAction":[{"@type":"SearchAction","target":{"@type":"EntryPoint","urlTemplate":"https:\/\/kohenavocats.com\/en\/?s={search_term_string}"},"query-input":{"@type":"PropertyValueSpecification","valueRequired":true,"valueName":"search_term_string"}}],"inLanguage":"en-US"},{"@type":"Organization","@id":"https:\/\/kohenavocats.com\/en\/#organization","name":"Kohen Avocats","url":"https:\/\/kohenavocats.com\/en\/","logo":{"@type":"ImageObject","inLanguage":"en-US","@id":"https:\/\/kohenavocats.com\/en\/#\/schema\/logo\/image\/","url":"https:\/\/kohenavocats.com\/wp-content\/uploads\/2026\/01\/Logo-2-1.webp","contentUrl":"https:\/\/kohenavocats.com\/wp-content\/uploads\/2026\/01\/Logo-2-1.webp","width":2114,"height":1253,"caption":"Kohen Avocats"},"image":{"@id":"https:\/\/kohenavocats.com\/en\/#\/schema\/logo\/image\/"}},{"@type":"Person","@id":"https:\/\/kohenavocats.com\/en\/#\/schema\/person\/761c9ba54fa1ca84d405cef0831ff751","name":"Kohen","image":{"@type":"ImageObject","inLanguage":"en-US","@id":"https:\/\/secure.gravatar.com\/avatar\/1c5e76ef76bbbfdd2b4da984e2bf2fa4056fd51a27d25ce2c332047f1dfd6e00?s=96&d=identicon&r=g","url":"https:\/\/secure.gravatar.com\/avatar\/1c5e76ef76bbbfdd2b4da984e2bf2fa4056fd51a27d25ce2c332047f1dfd6e00?s=96&d=identicon&r=g","contentUrl":"https:\/\/secure.gravatar.com\/avatar\/1c5e76ef76bbbfdd2b4da984e2bf2fa4056fd51a27d25ce2c332047f1dfd6e00?s=96&d=identicon&r=g","caption":"Kohen"},"sameAs":["https:\/\/www.linkedin.com\/in\/hassan-kohen-448548192\/","https:\/\/www.youtube.com\/@Kohen-Avocats"],"url":"https:\/\/kohenavocats.com\/en\/author\/kohenmlk\/"}]}},"jetpack_featured_media_url":"https:\/\/kohenavocats.com\/wp-content\/uploads\/2024\/11\/zyanya-citlalli-qhFXS18P2OQ-unsplash-1.webp","jetpack_likes_enabled":false,"jetpack_shortlink":"https:\/\/wp.me\/peCrII-2N8v","jetpack-related-posts":[{"id":485177,"url":"https:\/\/kohenavocats.com\/en\/tribunal-judiciaire-de-marseille-le-8-avril-2025-n23-00218\/","url_meta":{"origin":665539,"position":0},"title":"Tribunal judiciaire de Marseille, le 8 avril 2025, n\u00b023\/00218","author":"Kohen","date":"8 April 2026","format":false,"excerpt":"Le tribunal judiciaire de Marseille, statuant en p\u00f4le social, a rendu une d\u00e9cision le 8 avril 2025. Un salari\u00e9 a d\u00e9clar\u00e9 un accident du travail suite \u00e0 un \u00e9c...","rel":"","context":"In &quot;Jurisprudence&quot;","block_context":{"text":"Jurisprudence","link":"https:\/\/kohenavocats.com\/category\/jurisprudence\/"},"img":{"alt_text":"","src":"https:\/\/i0.wp.com\/kohenavocats.com\/wp-content\/uploads\/2024\/11\/planet-volumes-ONz69eiMEV8-unsplash.webp?resize=350%2C200&ssl=1","width":350,"height":200,"srcset":"https:\/\/i0.wp.com\/kohenavocats.com\/wp-content\/uploads\/2024\/11\/planet-volumes-ONz69eiMEV8-unsplash.webp?resize=350%2C200&ssl=1 1x, https:\/\/i0.wp.com\/kohenavocats.com\/wp-content\/uploads\/2024\/11\/planet-volumes-ONz69eiMEV8-unsplash.webp?resize=525%2C300&ssl=1 1.5x, https:\/\/i0.wp.com\/kohenavocats.com\/wp-content\/uploads\/2024\/11\/planet-volumes-ONz69eiMEV8-unsplash.webp?resize=700%2C400&ssl=1 2x, https:\/\/i0.wp.com\/kohenavocats.com\/wp-content\/uploads\/2024\/11\/planet-volumes-ONz69eiMEV8-unsplash.webp?resize=1050%2C600&ssl=1 3x, https:\/\/i0.wp.com\/kohenavocats.com\/wp-content\/uploads\/2024\/11\/planet-volumes-ONz69eiMEV8-unsplash.webp?resize=1400%2C800&ssl=1 4x"},"classes":[]},{"id":493568,"url":"https:\/\/kohenavocats.com\/en\/tribunal-judiciaire-de-marseille-le-13-juin-2024-n21-00109\/","url_meta":{"origin":665539,"position":1},"title":"Tribunal judiciaire de Marseille, le 13 juin 2024, n\u00b021\/00109","author":"Kohen","date":"8 April 2026","format":false,"excerpt":"Le p\u00f4le social du tribunal judiciaire de Marseille, par jugement du 13 juin 2024, statue sur une demande d\u2019inopposabilit\u00e9 d\u2019une d\u00e9cision de prise en charge d...","rel":"","context":"In &quot;Jurisprudence&quot;","block_context":{"text":"Jurisprudence","link":"https:\/\/kohenavocats.com\/category\/jurisprudence\/"},"img":{"alt_text":"","src":"https:\/\/i0.wp.com\/kohenavocats.com\/wp-content\/uploads\/2024\/08\/pierre-blache-uMKBGyH8hCk-unsplash.webp?resize=350%2C200&ssl=1","width":350,"height":200,"srcset":"https:\/\/i0.wp.com\/kohenavocats.com\/wp-content\/uploads\/2024\/08\/pierre-blache-uMKBGyH8hCk-unsplash.webp?resize=350%2C200&ssl=1 1x, https:\/\/i0.wp.com\/kohenavocats.com\/wp-content\/uploads\/2024\/08\/pierre-blache-uMKBGyH8hCk-unsplash.webp?resize=525%2C300&ssl=1 1.5x, https:\/\/i0.wp.com\/kohenavocats.com\/wp-content\/uploads\/2024\/08\/pierre-blache-uMKBGyH8hCk-unsplash.webp?resize=700%2C400&ssl=1 2x, https:\/\/i0.wp.com\/kohenavocats.com\/wp-content\/uploads\/2024\/08\/pierre-blache-uMKBGyH8hCk-unsplash.webp?resize=1050%2C600&ssl=1 3x, https:\/\/i0.wp.com\/kohenavocats.com\/wp-content\/uploads\/2024\/08\/pierre-blache-uMKBGyH8hCk-unsplash.webp?resize=1400%2C800&ssl=1 4x"},"classes":[]},{"id":631459,"url":"https:\/\/kohenavocats.com\/en\/cour-dappel-de-toulouse-le-19-decembre-2024-n21-01338\/","url_meta":{"origin":665539,"position":2},"title":"Cour d&#8217;appel de Toulouse, le 19 d\u00e9cembre 2024, n\u00b021\/01338","author":"Kohen","date":"21 April 2026","format":false,"excerpt":"La cour d'appel de Toulouse, le 19 d\u00e9cembre 2024, statue sur un litige opposant une salari\u00e9e \u00e0 sa caisse primaire d'assurance maladie. L'organisme refuse la ...","rel":"","context":"In &quot;Jurisprudence&quot;","block_context":{"text":"Jurisprudence","link":"https:\/\/kohenavocats.com\/category\/jurisprudence\/"},"img":{"alt_text":"","src":"https:\/\/i0.wp.com\/kohenavocats.com\/wp-content\/uploads\/2024\/11\/allison-saeng-otvLRPkYfIo-unsplash.webp?resize=350%2C200&ssl=1","width":350,"height":200,"srcset":"https:\/\/i0.wp.com\/kohenavocats.com\/wp-content\/uploads\/2024\/11\/allison-saeng-otvLRPkYfIo-unsplash.webp?resize=350%2C200&ssl=1 1x, https:\/\/i0.wp.com\/kohenavocats.com\/wp-content\/uploads\/2024\/11\/allison-saeng-otvLRPkYfIo-unsplash.webp?resize=525%2C300&ssl=1 1.5x, https:\/\/i0.wp.com\/kohenavocats.com\/wp-content\/uploads\/2024\/11\/allison-saeng-otvLRPkYfIo-unsplash.webp?resize=700%2C400&ssl=1 2x, https:\/\/i0.wp.com\/kohenavocats.com\/wp-content\/uploads\/2024\/11\/allison-saeng-otvLRPkYfIo-unsplash.webp?resize=1050%2C600&ssl=1 3x, https:\/\/i0.wp.com\/kohenavocats.com\/wp-content\/uploads\/2024\/11\/allison-saeng-otvLRPkYfIo-unsplash.webp?resize=1400%2C800&ssl=1 4x"},"classes":[]},{"id":665362,"url":"https:\/\/kohenavocats.com\/en\/tribunal-judiciaire-de-marseille-le-9-decembre-2024-n22-03131\/","url_meta":{"origin":665539,"position":3},"title":"Tribunal judiciaire de Marseille, le 9 d\u00e9cembre 2024, n\u00b022\/03131","author":"Kohen","date":"23 April 2026","format":false,"excerpt":"Le tribunal judiciaire de Marseille, statuant le 9 d\u00e9cembre 2024, a examin\u00e9 un litige relatif \u00e0 la reconnaissance d'un accident du travail. Un salari\u00e9 a subi...","rel":"","context":"In &quot;Droit du travail&quot;","block_context":{"text":"Droit du travail","link":"https:\/\/kohenavocats.com\/category\/droit-du-travail\/"},"img":{"alt_text":"","src":"https:\/\/i0.wp.com\/kohenavocats.com\/wp-content\/uploads\/2024\/11\/virginia-marinova-CUq6KAqzzNY-unsplash.webp?resize=350%2C200&ssl=1","width":350,"height":200,"srcset":"https:\/\/i0.wp.com\/kohenavocats.com\/wp-content\/uploads\/2024\/11\/virginia-marinova-CUq6KAqzzNY-unsplash.webp?resize=350%2C200&ssl=1 1x, https:\/\/i0.wp.com\/kohenavocats.com\/wp-content\/uploads\/2024\/11\/virginia-marinova-CUq6KAqzzNY-unsplash.webp?resize=525%2C300&ssl=1 1.5x, https:\/\/i0.wp.com\/kohenavocats.com\/wp-content\/uploads\/2024\/11\/virginia-marinova-CUq6KAqzzNY-unsplash.webp?resize=700%2C400&ssl=1 2x, https:\/\/i0.wp.com\/kohenavocats.com\/wp-content\/uploads\/2024\/11\/virginia-marinova-CUq6KAqzzNY-unsplash.webp?resize=1050%2C600&ssl=1 3x, https:\/\/i0.wp.com\/kohenavocats.com\/wp-content\/uploads\/2024\/11\/virginia-marinova-CUq6KAqzzNY-unsplash.webp?resize=1400%2C800&ssl=1 4x"},"classes":[]},{"id":32481,"url":"https:\/\/kohenavocats.com\/en\/tribunal-judiciaire-de-marseille-le-19-juin-2025-n20-01715\/","url_meta":{"origin":665539,"position":4},"title":"Tribunal judiciaire de Marseille, le 19 juin 2025, n\u00b020\/01715","author":"Kohen","date":"5 November 2025","format":false,"excerpt":"Rendu par le p\u00f4le social du tribunal judiciaire de [Localit\u00e9 13] le 19 juin 2025 (n\u00b0 RG 20\/01715), le jugement d\u00e9clare opposable \u00e0 l\u2019employeur la prise en charge d\u2019un accident du travail d\u00e9clar\u00e9 le 6 septembre 2019. La salari\u00e9e, conductrice\u2011receveuse, a relat\u00e9 une altercation avec des usagers intervenue le 4\u2026","rel":"","context":"In &quot;D\u00e9cisions juridiques&quot;","block_context":{"text":"D\u00e9cisions juridiques","link":"https:\/\/kohenavocats.com\/category\/decisions-juridiques\/"},"img":{"alt_text":"","src":"https:\/\/i0.wp.com\/kohenavocats.com\/wp-content\/uploads\/2024\/11\/zyanya-citlalli-UacA8X7HWwg-unsplash-1.webp?resize=350%2C200&ssl=1","width":350,"height":200,"srcset":"https:\/\/i0.wp.com\/kohenavocats.com\/wp-content\/uploads\/2024\/11\/zyanya-citlalli-UacA8X7HWwg-unsplash-1.webp?resize=350%2C200&ssl=1 1x, https:\/\/i0.wp.com\/kohenavocats.com\/wp-content\/uploads\/2024\/11\/zyanya-citlalli-UacA8X7HWwg-unsplash-1.webp?resize=525%2C300&ssl=1 1.5x, https:\/\/i0.wp.com\/kohenavocats.com\/wp-content\/uploads\/2024\/11\/zyanya-citlalli-UacA8X7HWwg-unsplash-1.webp?resize=700%2C400&ssl=1 2x, https:\/\/i0.wp.com\/kohenavocats.com\/wp-content\/uploads\/2024\/11\/zyanya-citlalli-UacA8X7HWwg-unsplash-1.webp?resize=1050%2C600&ssl=1 3x, https:\/\/i0.wp.com\/kohenavocats.com\/wp-content\/uploads\/2024\/11\/zyanya-citlalli-UacA8X7HWwg-unsplash-1.webp?resize=1400%2C800&ssl=1 4x"},"classes":[]},{"id":615207,"url":"https:\/\/kohenavocats.com\/en\/tribunal-judiciaire-de-marseille-le-16-novembre-2023-n23-00322\/","url_meta":{"origin":665539,"position":5},"title":"Tribunal judiciaire de Marseille, le 16 novembre 2023, n\u00b023\/00322","author":"Kohen","date":"20 April 2026","format":false,"excerpt":"Le tribunal judiciaire de Marseille, statuant le 16 novembre 2023, a reconnu le caract\u00e8re professionnel d\u2019un accident survenu sous la forme d\u2019une crise d\u2019ang...","rel":"","context":"In &quot;Jurisprudence&quot;","block_context":{"text":"Jurisprudence","link":"https:\/\/kohenavocats.com\/category\/jurisprudence\/"},"img":{"alt_text":"","src":"https:\/\/i0.wp.com\/kohenavocats.com\/wp-content\/uploads\/2024\/08\/ty-koh-DUkZUi8pMDE-unsplash.webp?resize=350%2C200&ssl=1","width":350,"height":200,"srcset":"https:\/\/i0.wp.com\/kohenavocats.com\/wp-content\/uploads\/2024\/08\/ty-koh-DUkZUi8pMDE-unsplash.webp?resize=350%2C200&ssl=1 1x, https:\/\/i0.wp.com\/kohenavocats.com\/wp-content\/uploads\/2024\/08\/ty-koh-DUkZUi8pMDE-unsplash.webp?resize=525%2C300&ssl=1 1.5x, https:\/\/i0.wp.com\/kohenavocats.com\/wp-content\/uploads\/2024\/08\/ty-koh-DUkZUi8pMDE-unsplash.webp?resize=700%2C400&ssl=1 2x, https:\/\/i0.wp.com\/kohenavocats.com\/wp-content\/uploads\/2024\/08\/ty-koh-DUkZUi8pMDE-unsplash.webp?resize=1050%2C600&ssl=1 3x, https:\/\/i0.wp.com\/kohenavocats.com\/wp-content\/uploads\/2024\/08\/ty-koh-DUkZUi8pMDE-unsplash.webp?resize=1400%2C800&ssl=1 4x"},"classes":[]}],"jetpack_sharing_enabled":true,"_links":{"self":[{"href":"https:\/\/kohenavocats.com\/en\/wp-json\/wp\/v2\/posts\/665539","targetHints":{"allow":["GET"]}}],"collection":[{"href":"https:\/\/kohenavocats.com\/en\/wp-json\/wp\/v2\/posts"}],"about":[{"href":"https:\/\/kohenavocats.com\/en\/wp-json\/wp\/v2\/types\/post"}],"author":[{"embeddable":true,"href":"https:\/\/kohenavocats.com\/en\/wp-json\/wp\/v2\/users\/232070755"}],"replies":[{"embeddable":true,"href":"https:\/\/kohenavocats.com\/en\/wp-json\/wp\/v2\/comments?post=665539"}],"version-history":[{"count":1,"href":"https:\/\/kohenavocats.com\/en\/wp-json\/wp\/v2\/posts\/665539\/revisions"}],"predecessor-version":[{"id":697124,"href":"https:\/\/kohenavocats.com\/en\/wp-json\/wp\/v2\/posts\/665539\/revisions\/697124"}],"wp:featuredmedia":[{"embeddable":true,"href":"https:\/\/kohenavocats.com\/en\/wp-json\/wp\/v2\/media\/9464"}],"wp:attachment":[{"href":"https:\/\/kohenavocats.com\/en\/wp-json\/wp\/v2\/media?parent=665539"}],"wp:term":[{"taxonomy":"category","embeddable":true,"href":"https:\/\/kohenavocats.com\/en\/wp-json\/wp\/v2\/categories?post=665539"},{"taxonomy":"post_tag","embeddable":true,"href":"https:\/\/kohenavocats.com\/en\/wp-json\/wp\/v2\/tags?post=665539"}],"curies":[{"name":"wp","href":"https:\/\/api.w.org\/{rel}","templated":true}]}}