{"id":665863,"date":"2026-04-24T00:36:25","date_gmt":"2026-04-23T22:36:25","guid":{"rendered":"https:\/\/kohenavocats.com\/tribunal-judiciaire-de-bordeaux-le-7-novembre-2025-n25-00557\/"},"modified":"2026-04-24T00:36:25","modified_gmt":"2026-04-23T22:36:25","slug":"tribunal-judiciaire-de-bordeaux-le-7-novembre-2025-n25-00557","status":"publish","type":"post","link":"https:\/\/kohenavocats.com\/en\/tribunal-judiciaire-de-bordeaux-le-7-novembre-2025-n25-00557\/","title":{"rendered":"Tribunal judiciaire de Bordeaux, le 7 novembre 2025, n\u00b025\/00557"},"content":{"rendered":"<div class=\"article-content\">\n<p>Le tribunal judiciaire de Bordeaux, juge des contentieux de la protection, statue le 7 novembre 2025 sur un recours contre des mesures de la commission de surendettement. Le d\u00e9biteur, c\u00e9libataire sans charge, contestait un plan de remboursement mensuel de 1173 euros. Sa situation professionnelle ayant \u00e9volu\u00e9 vers le ch\u00f4mage puis un projet de cr\u00e9ation d&#8217;auto-entreprise, le juge a r\u00e9\u00e9valu\u00e9 sa capacit\u00e9 de remboursement. Il a infirm\u00e9 la d\u00e9cision de la commission et ordonn\u00e9 un moratoire de six mois sur les dettes, estimant une am\u00e9lioration future possible.<\/p>\n<p>Le contr\u00f4le juridictionnel de la capacit\u00e9 de remboursement.<\/p>\n<p>Le juge op\u00e8re un contr\u00f4le complet de la situation budg\u00e9taire du d\u00e9biteur. Il dresse un \u00e9tat pr\u00e9cis des ressources et des charges actuelles, distinct de celui retenu par la commission. Cette analyse dynamique int\u00e8gre l&#8217;\u00e9volution r\u00e9cente des revenus vers l&#8217;allocation de retour \u00e0 l&#8217;emploi. Le juge v\u00e9rifie aussi l&#8217;absence de patrimoine saisissable pouvant d\u00e9sint\u00e9resser les cr\u00e9anciers. Ce pouvoir d&#8217;instruction d&#8217;office garantit une appr\u00e9ciation r\u00e9elle et actualis\u00e9e de la situation.<\/p>\n<p>Le juge applique strictement le cadre l\u00e9gal du reste \u00e0 vivre. Il rappelle que &#8220;la part des ressources n\u00e9cessaires aux d\u00e9penses courantes du m\u00e9nage est d\u00e9termin\u00e9e dans les conditions pr\u00e9vues \u00e0 l&#8217;article L. 731-2&#8221; (Motifs). Ce forfait inclut les d\u00e9penses de logement, d&#8217;\u00e9nergie, de nourriture et de d\u00e9placements professionnels. Le calcul doit laisser un reste \u00e0 vivre au moins \u00e9gal au montant du revenu de solidarit\u00e9 active. Ce contr\u00f4le assure la protection du minimum vital du d\u00e9biteur.<\/p>\n<p>L&#8217;adaptation des mesures \u00e0 la perspective de r\u00e9tablissement.<\/p>\n<p>La d\u00e9cision privil\u00e9gie une mesure temporaire face \u00e0 une situation transitoire. Constatant un projet s\u00e9rieux de cr\u00e9ation d&#8217;auto-entreprise, le juge estime la situation non irr\u00e9m\u00e9diablement compromise. Il utilise la facult\u00e9 de &#8220;suspendre l&#8217;exigibilit\u00e9 des cr\u00e9ances autres qu&#8217;alimentaires pour une dur\u00e9e qui ne peut exc\u00e9der deux ans&#8221; (Motifs). Un moratoire de six mois est ordonn\u00e9 pour permettre au d\u00e9biteur de concr\u00e9tiser son projet professionnel. Cette solution \u00e9vite un plan de remboursement inadapt\u00e9 \u00e0 court terme.<\/p>\n<p>Le moratoire s&#8217;accompagne d&#8217;obligations strictes et d&#8217;un cadre proc\u00e9dural pr\u00e9cis. Le d\u00e9biteur devra ressaisir la commission dans un d\u00e9lai de trois mois apr\u00e8s la suspension. Il lui est interdit de contracter de nouvelles dettes sous peine de d\u00e9ch\u00e9ance. La d\u00e9cision suspend \u00e9galement toutes les voies d&#8217;ex\u00e9cution en cours. Cette approche \u00e9quilibre la protection du d\u00e9biteur et les int\u00e9r\u00eats des cr\u00e9anciers. Elle conditionne le sursis accord\u00e9 \u00e0 un r\u00e9examen obligatoire de la situation.<\/p>\n<p>Cette d\u00e9cision illustre le pouvoir d&#8217;adaptation du juge du surendettement. Elle d\u00e9montre que l&#8217;appr\u00e9ciation de la capacit\u00e9 de remboursement est un exercice dynamique et prospectif. Le juge peut substituer une mesure temporaire \u00e0 un plan de remboursement lorsque la situation \u00e9volue favorablement. Cette jurisprudence rappelle l&#8217;importance du projet professionnel dans l&#8217;\u00e9valuation de l&#8217;issue de la proc\u00e9dure. Elle confirme enfin le r\u00f4le central du juge dans la personnalisation des mesures de redressement.<\/p>\n<\/div>\n","protected":false},"excerpt":{"rendered":"<p>Le tribunal judiciaire de Bordeaux, juge des contentieux de la protection, statue le 7 novembre 2025 sur un recours contre des mesures de la commission de su&#8230;<\/p>\n","protected":false},"author":232070755,"featured_media":3890,"comment_status":"open","ping_status":"open","sticky":false,"template":"","format":"standard","meta":{"_crdt_document":"","_jetpack_newsletter_access":"","_jetpack_dont_email_post_to_subs":false,"_jetpack_newsletter_tier_id":0,"_jetpack_memberships_contains_paywalled_content":false,"_kj_source_type":"judilibre","_kj_official_id":"68f91d0dde0ebe408da9038c","_kj_official_url":"https:\/\/www.courdecassation.fr\/decision\/68f91d0dde0ebe408da9038c","_kj_judilibre_id":"68f91d0dde0ebe408da9038c","_kj_jur":"Tribunal judiciaire","_kj_lieu":"Tribunal judiciaire de Bordeaux","_kj_chambre":"PPP Surendettement","_kj_rg":"25\/00557","_kj_date":"2025-09-24","_jetpack_memberships_contains_paid_content":false,"footnotes":"","jetpack_post_was_ever_published":false},"categories":[7597],"tags":[],"class_list":["post-665863","post","type-post","status-publish","format-standard","has-post-thumbnail","hentry","category-jurisprudence"],"yoast_head":"<!-- This site is optimized with the Yoast SEO Premium plugin v27.5 (Yoast SEO v27.5) - https:\/\/yoast.com\/product\/yoast-seo-premium-wordpress\/ -->\n<title>Tribunal judiciaire de Bordeaux, le 7 novembre 2025, n\u00b025\/00557 - Ma\u00eetre Hassan Kohen, avocat en droit p\u00e9nal \u00e0 Paris<\/title>\n<meta name=\"description\" content=\"Le tribunal judiciaire de Bordeaux, juge des contentieux de la protection, statue le 7 novembre 2025 sur un recours contre des mesures de la commission de su...\" \/>\n<meta name=\"robots\" content=\"index, follow, max-snippet:-1, max-image-preview:large, max-video-preview:-1\" \/>\n<link rel=\"canonical\" href=\"https:\/\/kohenavocats.com\/en\/tribunal-judiciaire-de-bordeaux-le-7-novembre-2025-n25-00557\/\" \/>\n<meta property=\"og:locale\" content=\"en_US\" \/>\n<meta property=\"og:type\" content=\"article\" \/>\n<meta property=\"og:title\" content=\"Tribunal judiciaire de Bordeaux, le 7 novembre 2025, n\u00b025\/00557\" \/>\n<meta property=\"og:description\" content=\"Le tribunal judiciaire de Bordeaux, juge des contentieux de la protection, statue le 7 novembre 2025 sur un recours contre des mesures de la commission de su...\" \/>\n<meta property=\"og:url\" content=\"https:\/\/kohenavocats.com\/en\/tribunal-judiciaire-de-bordeaux-le-7-novembre-2025-n25-00557\/\" \/>\n<meta property=\"og:site_name\" content=\"Ma\u00eetre Hassan Kohen, avocat en droit p\u00e9nal \u00e0 Paris\" \/>\n<meta property=\"article:published_time\" content=\"2026-04-23T22:36:25+00:00\" \/>\n<meta property=\"og:image\" content=\"https:\/\/kohenavocats.com\/wp-content\/uploads\/2024\/07\/annie-spratt-GWCvnsMtiBg-unsplash.webp\" \/>\n\t<meta property=\"og:image:width\" content=\"3791\" \/>\n\t<meta property=\"og:image:height\" content=\"3225\" \/>\n\t<meta property=\"og:image:type\" content=\"image\/webp\" \/>\n<meta name=\"author\" content=\"Kohen\" \/>\n<meta name=\"twitter:card\" content=\"summary_large_image\" \/>\n<meta name=\"twitter:label1\" content=\"Written by\" \/>\n\t<meta name=\"twitter:data1\" content=\"Kohen\" \/>\n\t<meta name=\"twitter:label2\" content=\"Est. reading time\" \/>\n\t<meta name=\"twitter:data2\" content=\"3 minutes\" \/>\n<script type=\"application\/ld+json\" class=\"yoast-schema-graph\">{\"@context\":\"https:\\\/\\\/schema.org\",\"@graph\":[{\"@type\":\"Article\",\"@id\":\"https:\\\/\\\/kohenavocats.com\\\/en\\\/tribunal-judiciaire-de-bordeaux-le-7-novembre-2025-n25-00557\\\/#article\",\"isPartOf\":{\"@id\":\"https:\\\/\\\/kohenavocats.com\\\/en\\\/tribunal-judiciaire-de-bordeaux-le-7-novembre-2025-n25-00557\\\/\"},\"author\":{\"name\":\"Kohen\",\"@id\":\"https:\\\/\\\/kohenavocats.com\\\/en\\\/#\\\/schema\\\/person\\\/761c9ba54fa1ca84d405cef0831ff751\"},\"headline\":\"Tribunal judiciaire de Bordeaux, le 7 novembre 2025, n\u00b025\\\/00557\",\"datePublished\":\"2026-04-23T22:36:25+00:00\",\"mainEntityOfPage\":{\"@id\":\"https:\\\/\\\/kohenavocats.com\\\/en\\\/tribunal-judiciaire-de-bordeaux-le-7-novembre-2025-n25-00557\\\/\"},\"wordCount\":546,\"commentCount\":0,\"publisher\":{\"@id\":\"https:\\\/\\\/kohenavocats.com\\\/en\\\/#organization\"},\"image\":{\"@id\":\"https:\\\/\\\/kohenavocats.com\\\/en\\\/tribunal-judiciaire-de-bordeaux-le-7-novembre-2025-n25-00557\\\/#primaryimage\"},\"thumbnailUrl\":\"https:\\\/\\\/kohenavocats.com\\\/wp-content\\\/uploads\\\/2024\\\/07\\\/annie-spratt-GWCvnsMtiBg-unsplash.webp\",\"articleSection\":[\"Jurisprudence\"],\"inLanguage\":\"en-US\",\"potentialAction\":[{\"@type\":\"CommentAction\",\"name\":\"Comment\",\"target\":[\"https:\\\/\\\/kohenavocats.com\\\/en\\\/tribunal-judiciaire-de-bordeaux-le-7-novembre-2025-n25-00557\\\/#respond\"]}],\"citation\":\"Tribunal judiciaire de Bordeaux, le 7 novembre 2025, n\u00b025\\\/00557\",\"about\":[{\"@type\":\"Thing\",\"name\":\"Jurisprudence\"}],\"dateModified\":\"2026-04-23T22:36:25+00:00\",\"speakable\":{\"@type\":\"SpeakableSpecification\",\"cssSelector\":[\".article-content > p:first-of-type\"]}},{\"@type\":\"WebPage\",\"@id\":\"https:\\\/\\\/kohenavocats.com\\\/en\\\/tribunal-judiciaire-de-bordeaux-le-7-novembre-2025-n25-00557\\\/\",\"url\":\"https:\\\/\\\/kohenavocats.com\\\/en\\\/tribunal-judiciaire-de-bordeaux-le-7-novembre-2025-n25-00557\\\/\",\"name\":\"Tribunal judiciaire de Bordeaux, le 7 novembre 2025, n\u00b025\\\/00557 - Ma\u00eetre Hassan Kohen, avocat en droit p\u00e9nal \u00e0 Paris\",\"isPartOf\":{\"@id\":\"https:\\\/\\\/kohenavocats.com\\\/en\\\/#website\"},\"primaryImageOfPage\":{\"@id\":\"https:\\\/\\\/kohenavocats.com\\\/en\\\/tribunal-judiciaire-de-bordeaux-le-7-novembre-2025-n25-00557\\\/#primaryimage\"},\"image\":{\"@id\":\"https:\\\/\\\/kohenavocats.com\\\/en\\\/tribunal-judiciaire-de-bordeaux-le-7-novembre-2025-n25-00557\\\/#primaryimage\"},\"thumbnailUrl\":\"https:\\\/\\\/kohenavocats.com\\\/wp-content\\\/uploads\\\/2024\\\/07\\\/annie-spratt-GWCvnsMtiBg-unsplash.webp\",\"datePublished\":\"2026-04-23T22:36:25+00:00\",\"description\":\"Le tribunal judiciaire de Bordeaux, juge des contentieux de la protection, statue le 7 novembre 2025 sur un recours contre des mesures de la commission de su...\",\"breadcrumb\":{\"@id\":\"https:\\\/\\\/kohenavocats.com\\\/en\\\/tribunal-judiciaire-de-bordeaux-le-7-novembre-2025-n25-00557\\\/#breadcrumb\"},\"inLanguage\":\"en-US\",\"potentialAction\":[{\"@type\":\"ReadAction\",\"target\":[\"https:\\\/\\\/kohenavocats.com\\\/en\\\/tribunal-judiciaire-de-bordeaux-le-7-novembre-2025-n25-00557\\\/\"]}]},{\"@type\":\"ImageObject\",\"inLanguage\":\"en-US\",\"@id\":\"https:\\\/\\\/kohenavocats.com\\\/en\\\/tribunal-judiciaire-de-bordeaux-le-7-novembre-2025-n25-00557\\\/#primaryimage\",\"url\":\"https:\\\/\\\/kohenavocats.com\\\/wp-content\\\/uploads\\\/2024\\\/07\\\/annie-spratt-GWCvnsMtiBg-unsplash.webp\",\"contentUrl\":\"https:\\\/\\\/kohenavocats.com\\\/wp-content\\\/uploads\\\/2024\\\/07\\\/annie-spratt-GWCvnsMtiBg-unsplash.webp\",\"width\":3791,\"height\":3225},{\"@type\":\"BreadcrumbList\",\"@id\":\"https:\\\/\\\/kohenavocats.com\\\/en\\\/tribunal-judiciaire-de-bordeaux-le-7-novembre-2025-n25-00557\\\/#breadcrumb\",\"itemListElement\":[{\"@type\":\"ListItem\",\"position\":1,\"name\":\"Home\",\"item\":\"https:\\\/\\\/kohenavocats.com\\\/en\\\/criminal-law-attorneys-in-paris-counsel-and-strategic-defense\\\/\"},{\"@type\":\"ListItem\",\"position\":2,\"name\":\"Tribunal judiciaire de Bordeaux, le 7 novembre 2025, n\u00b025\\\/00557\"}]},{\"@type\":\"WebSite\",\"@id\":\"https:\\\/\\\/kohenavocats.com\\\/en\\\/#website\",\"url\":\"https:\\\/\\\/kohenavocats.com\\\/en\\\/\",\"name\":\"Kohen Avocats\",\"description\":\"Ma\u00eetre Hassan Kohen, avocat p\u00e9naliste \u00e0 Paris, intervient exclusivement en droit p\u00e9nal pour la d\u00e9fense des particuliers, notamment en mati\u00e8re d\u2019accusations de viol. Il assure un accompagnement rigoureux d\u00e8s la garde \u00e0 vue jusqu\u2019\u00e0 la Cour d\u2019assises, veillant au strict respect des garanties proc\u00e9durales.\",\"publisher\":{\"@id\":\"https:\\\/\\\/kohenavocats.com\\\/en\\\/#organization\"},\"potentialAction\":[{\"@type\":\"SearchAction\",\"target\":{\"@type\":\"EntryPoint\",\"urlTemplate\":\"https:\\\/\\\/kohenavocats.com\\\/en\\\/?s={search_term_string}\"},\"query-input\":{\"@type\":\"PropertyValueSpecification\",\"valueRequired\":true,\"valueName\":\"search_term_string\"}}],\"inLanguage\":\"en-US\"},{\"@type\":\"Organization\",\"@id\":\"https:\\\/\\\/kohenavocats.com\\\/en\\\/#organization\",\"name\":\"Kohen Avocats\",\"url\":\"https:\\\/\\\/kohenavocats.com\\\/en\\\/\",\"logo\":{\"@type\":\"ImageObject\",\"inLanguage\":\"en-US\",\"@id\":\"https:\\\/\\\/kohenavocats.com\\\/en\\\/#\\\/schema\\\/logo\\\/image\\\/\",\"url\":\"https:\\\/\\\/kohenavocats.com\\\/wp-content\\\/uploads\\\/2026\\\/01\\\/Logo-2-1.webp\",\"contentUrl\":\"https:\\\/\\\/kohenavocats.com\\\/wp-content\\\/uploads\\\/2026\\\/01\\\/Logo-2-1.webp\",\"width\":2114,\"height\":1253,\"caption\":\"Kohen Avocats\"},\"image\":{\"@id\":\"https:\\\/\\\/kohenavocats.com\\\/en\\\/#\\\/schema\\\/logo\\\/image\\\/\"}},{\"@type\":\"Person\",\"@id\":\"https:\\\/\\\/kohenavocats.com\\\/en\\\/#\\\/schema\\\/person\\\/761c9ba54fa1ca84d405cef0831ff751\",\"name\":\"Kohen\",\"image\":{\"@type\":\"ImageObject\",\"inLanguage\":\"en-US\",\"@id\":\"https:\\\/\\\/secure.gravatar.com\\\/avatar\\\/1c5e76ef76bbbfdd2b4da984e2bf2fa4056fd51a27d25ce2c332047f1dfd6e00?s=96&d=identicon&r=g\",\"url\":\"https:\\\/\\\/secure.gravatar.com\\\/avatar\\\/1c5e76ef76bbbfdd2b4da984e2bf2fa4056fd51a27d25ce2c332047f1dfd6e00?s=96&d=identicon&r=g\",\"contentUrl\":\"https:\\\/\\\/secure.gravatar.com\\\/avatar\\\/1c5e76ef76bbbfdd2b4da984e2bf2fa4056fd51a27d25ce2c332047f1dfd6e00?s=96&d=identicon&r=g\",\"caption\":\"Kohen\"},\"sameAs\":[\"https:\\\/\\\/www.linkedin.com\\\/in\\\/hassan-kohen-448548192\\\/\",\"https:\\\/\\\/www.youtube.com\\\/@Kohen-Avocats\"],\"url\":\"https:\\\/\\\/kohenavocats.com\\\/en\\\/author\\\/kohenmlk\\\/\"}]}<\/script>\n<!-- \/ Yoast SEO Premium plugin. -->","yoast_head_json":{"title":"Tribunal judiciaire de Bordeaux, le 7 novembre 2025, n\u00b025\/00557 - Ma\u00eetre Hassan Kohen, avocat en droit p\u00e9nal \u00e0 Paris","description":"Le tribunal judiciaire de Bordeaux, juge des contentieux de la protection, statue le 7 novembre 2025 sur un recours contre des mesures de la commission de su...","robots":{"index":"index","follow":"follow","max-snippet":"max-snippet:-1","max-image-preview":"max-image-preview:large","max-video-preview":"max-video-preview:-1"},"canonical":"https:\/\/kohenavocats.com\/en\/tribunal-judiciaire-de-bordeaux-le-7-novembre-2025-n25-00557\/","og_locale":"en_US","og_type":"article","og_title":"Tribunal judiciaire de Bordeaux, le 7 novembre 2025, n\u00b025\/00557","og_description":"Le tribunal judiciaire de Bordeaux, juge des contentieux de la protection, statue le 7 novembre 2025 sur un recours contre des mesures de la commission de su...","og_url":"https:\/\/kohenavocats.com\/en\/tribunal-judiciaire-de-bordeaux-le-7-novembre-2025-n25-00557\/","og_site_name":"Ma\u00eetre Hassan Kohen, avocat en droit p\u00e9nal \u00e0 Paris","article_published_time":"2026-04-23T22:36:25+00:00","og_image":[{"width":3791,"height":3225,"url":"https:\/\/kohenavocats.com\/wp-content\/uploads\/2024\/07\/annie-spratt-GWCvnsMtiBg-unsplash.webp","type":"image\/webp"}],"author":"Kohen","twitter_card":"summary_large_image","twitter_misc":{"Written by":"Kohen","Est. reading time":"3 minutes"},"schema":{"@context":"https:\/\/schema.org","@graph":[{"@type":"Article","@id":"https:\/\/kohenavocats.com\/en\/tribunal-judiciaire-de-bordeaux-le-7-novembre-2025-n25-00557\/#article","isPartOf":{"@id":"https:\/\/kohenavocats.com\/en\/tribunal-judiciaire-de-bordeaux-le-7-novembre-2025-n25-00557\/"},"author":{"name":"Kohen","@id":"https:\/\/kohenavocats.com\/en\/#\/schema\/person\/761c9ba54fa1ca84d405cef0831ff751"},"headline":"Tribunal judiciaire de Bordeaux, le 7 novembre 2025, n\u00b025\/00557","datePublished":"2026-04-23T22:36:25+00:00","mainEntityOfPage":{"@id":"https:\/\/kohenavocats.com\/en\/tribunal-judiciaire-de-bordeaux-le-7-novembre-2025-n25-00557\/"},"wordCount":546,"commentCount":0,"publisher":{"@id":"https:\/\/kohenavocats.com\/en\/#organization"},"image":{"@id":"https:\/\/kohenavocats.com\/en\/tribunal-judiciaire-de-bordeaux-le-7-novembre-2025-n25-00557\/#primaryimage"},"thumbnailUrl":"https:\/\/kohenavocats.com\/wp-content\/uploads\/2024\/07\/annie-spratt-GWCvnsMtiBg-unsplash.webp","articleSection":["Jurisprudence"],"inLanguage":"en-US","potentialAction":[{"@type":"CommentAction","name":"Comment","target":["https:\/\/kohenavocats.com\/en\/tribunal-judiciaire-de-bordeaux-le-7-novembre-2025-n25-00557\/#respond"]}],"citation":"Tribunal judiciaire de Bordeaux, le 7 novembre 2025, n\u00b025\/00557","about":[{"@type":"Thing","name":"Jurisprudence"}],"dateModified":"2026-04-23T22:36:25+00:00","speakable":{"@type":"SpeakableSpecification","cssSelector":[".article-content > p:first-of-type"]}},{"@type":"WebPage","@id":"https:\/\/kohenavocats.com\/en\/tribunal-judiciaire-de-bordeaux-le-7-novembre-2025-n25-00557\/","url":"https:\/\/kohenavocats.com\/en\/tribunal-judiciaire-de-bordeaux-le-7-novembre-2025-n25-00557\/","name":"Tribunal judiciaire de Bordeaux, le 7 novembre 2025, n\u00b025\/00557 - Ma\u00eetre Hassan Kohen, avocat en droit p\u00e9nal \u00e0 Paris","isPartOf":{"@id":"https:\/\/kohenavocats.com\/en\/#website"},"primaryImageOfPage":{"@id":"https:\/\/kohenavocats.com\/en\/tribunal-judiciaire-de-bordeaux-le-7-novembre-2025-n25-00557\/#primaryimage"},"image":{"@id":"https:\/\/kohenavocats.com\/en\/tribunal-judiciaire-de-bordeaux-le-7-novembre-2025-n25-00557\/#primaryimage"},"thumbnailUrl":"https:\/\/kohenavocats.com\/wp-content\/uploads\/2024\/07\/annie-spratt-GWCvnsMtiBg-unsplash.webp","datePublished":"2026-04-23T22:36:25+00:00","description":"Le tribunal judiciaire de Bordeaux, juge des contentieux de la protection, statue le 7 novembre 2025 sur un recours contre des mesures de la commission de su...","breadcrumb":{"@id":"https:\/\/kohenavocats.com\/en\/tribunal-judiciaire-de-bordeaux-le-7-novembre-2025-n25-00557\/#breadcrumb"},"inLanguage":"en-US","potentialAction":[{"@type":"ReadAction","target":["https:\/\/kohenavocats.com\/en\/tribunal-judiciaire-de-bordeaux-le-7-novembre-2025-n25-00557\/"]}]},{"@type":"ImageObject","inLanguage":"en-US","@id":"https:\/\/kohenavocats.com\/en\/tribunal-judiciaire-de-bordeaux-le-7-novembre-2025-n25-00557\/#primaryimage","url":"https:\/\/kohenavocats.com\/wp-content\/uploads\/2024\/07\/annie-spratt-GWCvnsMtiBg-unsplash.webp","contentUrl":"https:\/\/kohenavocats.com\/wp-content\/uploads\/2024\/07\/annie-spratt-GWCvnsMtiBg-unsplash.webp","width":3791,"height":3225},{"@type":"BreadcrumbList","@id":"https:\/\/kohenavocats.com\/en\/tribunal-judiciaire-de-bordeaux-le-7-novembre-2025-n25-00557\/#breadcrumb","itemListElement":[{"@type":"ListItem","position":1,"name":"Home","item":"https:\/\/kohenavocats.com\/en\/criminal-law-attorneys-in-paris-counsel-and-strategic-defense\/"},{"@type":"ListItem","position":2,"name":"Tribunal judiciaire de Bordeaux, le 7 novembre 2025, n\u00b025\/00557"}]},{"@type":"WebSite","@id":"https:\/\/kohenavocats.com\/en\/#website","url":"https:\/\/kohenavocats.com\/en\/","name":"Kohen Avocats","description":"Ma\u00eetre Hassan Kohen, avocat p\u00e9naliste \u00e0 Paris, intervient exclusivement en droit p\u00e9nal pour la d\u00e9fense des particuliers, notamment en mati\u00e8re d\u2019accusations de viol. Il assure un accompagnement rigoureux d\u00e8s la garde \u00e0 vue jusqu\u2019\u00e0 la Cour d\u2019assises, veillant au strict respect des garanties proc\u00e9durales.","publisher":{"@id":"https:\/\/kohenavocats.com\/en\/#organization"},"potentialAction":[{"@type":"SearchAction","target":{"@type":"EntryPoint","urlTemplate":"https:\/\/kohenavocats.com\/en\/?s={search_term_string}"},"query-input":{"@type":"PropertyValueSpecification","valueRequired":true,"valueName":"search_term_string"}}],"inLanguage":"en-US"},{"@type":"Organization","@id":"https:\/\/kohenavocats.com\/en\/#organization","name":"Kohen Avocats","url":"https:\/\/kohenavocats.com\/en\/","logo":{"@type":"ImageObject","inLanguage":"en-US","@id":"https:\/\/kohenavocats.com\/en\/#\/schema\/logo\/image\/","url":"https:\/\/kohenavocats.com\/wp-content\/uploads\/2026\/01\/Logo-2-1.webp","contentUrl":"https:\/\/kohenavocats.com\/wp-content\/uploads\/2026\/01\/Logo-2-1.webp","width":2114,"height":1253,"caption":"Kohen Avocats"},"image":{"@id":"https:\/\/kohenavocats.com\/en\/#\/schema\/logo\/image\/"}},{"@type":"Person","@id":"https:\/\/kohenavocats.com\/en\/#\/schema\/person\/761c9ba54fa1ca84d405cef0831ff751","name":"Kohen","image":{"@type":"ImageObject","inLanguage":"en-US","@id":"https:\/\/secure.gravatar.com\/avatar\/1c5e76ef76bbbfdd2b4da984e2bf2fa4056fd51a27d25ce2c332047f1dfd6e00?s=96&d=identicon&r=g","url":"https:\/\/secure.gravatar.com\/avatar\/1c5e76ef76bbbfdd2b4da984e2bf2fa4056fd51a27d25ce2c332047f1dfd6e00?s=96&d=identicon&r=g","contentUrl":"https:\/\/secure.gravatar.com\/avatar\/1c5e76ef76bbbfdd2b4da984e2bf2fa4056fd51a27d25ce2c332047f1dfd6e00?s=96&d=identicon&r=g","caption":"Kohen"},"sameAs":["https:\/\/www.linkedin.com\/in\/hassan-kohen-448548192\/","https:\/\/www.youtube.com\/@Kohen-Avocats"],"url":"https:\/\/kohenavocats.com\/en\/author\/kohenmlk\/"}]}},"jetpack_featured_media_url":"https:\/\/kohenavocats.com\/wp-content\/uploads\/2024\/07\/annie-spratt-GWCvnsMtiBg-unsplash.webp","jetpack_likes_enabled":false,"jetpack_shortlink":"https:\/\/wp.me\/peCrII-2NdJ","jetpack-related-posts":[{"id":492140,"url":"https:\/\/kohenavocats.com\/en\/tribunal-judiciaire-de-bordeaux-le-18-novembre-2025-n25-00116\/","url_meta":{"origin":665863,"position":0},"title":"Tribunal judiciaire de Bordeaux, le 18 novembre 2025, n\u00b025\/00116","author":"Kohen","date":"8 April 2026","format":false,"excerpt":"Le tribunal judiciaire de Bordeaux, statuant en mati\u00e8re de surendettement le 18 novembre 2025, examine le recours form\u00e9 contre les mesures impos\u00e9es par une c...","rel":"","context":"In &quot;Jurisprudence&quot;","block_context":{"text":"Jurisprudence","link":"https:\/\/kohenavocats.com\/category\/jurisprudence\/"},"img":{"alt_text":"","src":"https:\/\/i0.wp.com\/kohenavocats.com\/wp-content\/uploads\/2024\/06\/alex-block-PdDBTrkGYLo-unsplash.jpg?resize=350%2C200&ssl=1","width":350,"height":200,"srcset":"https:\/\/i0.wp.com\/kohenavocats.com\/wp-content\/uploads\/2024\/06\/alex-block-PdDBTrkGYLo-unsplash.jpg?resize=350%2C200&ssl=1 1x, https:\/\/i0.wp.com\/kohenavocats.com\/wp-content\/uploads\/2024\/06\/alex-block-PdDBTrkGYLo-unsplash.jpg?resize=525%2C300&ssl=1 1.5x, https:\/\/i0.wp.com\/kohenavocats.com\/wp-content\/uploads\/2024\/06\/alex-block-PdDBTrkGYLo-unsplash.jpg?resize=700%2C400&ssl=1 2x, https:\/\/i0.wp.com\/kohenavocats.com\/wp-content\/uploads\/2024\/06\/alex-block-PdDBTrkGYLo-unsplash.jpg?resize=1050%2C600&ssl=1 3x, https:\/\/i0.wp.com\/kohenavocats.com\/wp-content\/uploads\/2024\/06\/alex-block-PdDBTrkGYLo-unsplash.jpg?resize=1400%2C800&ssl=1 4x"},"classes":[]},{"id":665871,"url":"https:\/\/kohenavocats.com\/en\/tribunal-judiciaire-de-bordeaux-le-27-mai-2025-n25-00470\/","url_meta":{"origin":665863,"position":1},"title":"Tribunal judiciaire de Bordeaux, le 27 mai 2025, n\u00b025\/00470","author":"Kohen","date":"24 April 2026","format":false,"excerpt":"Le juge des contentieux de la protection, statuant le 27 mai 2025, examine un recours contre des mesures de surendettement. La juridiction infirme le plan in...","rel":"","context":"In &quot;Jurisprudence&quot;","block_context":{"text":"Jurisprudence","link":"https:\/\/kohenavocats.com\/category\/jurisprudence\/"},"img":{"alt_text":"","src":"https:\/\/i0.wp.com\/kohenavocats.com\/wp-content\/uploads\/2024\/11\/virginia-marinova-3UfkjHxVch0-unsplash.webp?resize=350%2C200&ssl=1","width":350,"height":200,"srcset":"https:\/\/i0.wp.com\/kohenavocats.com\/wp-content\/uploads\/2024\/11\/virginia-marinova-3UfkjHxVch0-unsplash.webp?resize=350%2C200&ssl=1 1x, https:\/\/i0.wp.com\/kohenavocats.com\/wp-content\/uploads\/2024\/11\/virginia-marinova-3UfkjHxVch0-unsplash.webp?resize=525%2C300&ssl=1 1.5x, https:\/\/i0.wp.com\/kohenavocats.com\/wp-content\/uploads\/2024\/11\/virginia-marinova-3UfkjHxVch0-unsplash.webp?resize=700%2C400&ssl=1 2x, https:\/\/i0.wp.com\/kohenavocats.com\/wp-content\/uploads\/2024\/11\/virginia-marinova-3UfkjHxVch0-unsplash.webp?resize=1050%2C600&ssl=1 3x, https:\/\/i0.wp.com\/kohenavocats.com\/wp-content\/uploads\/2024\/11\/virginia-marinova-3UfkjHxVch0-unsplash.webp?resize=1400%2C800&ssl=1 4x"},"classes":[]},{"id":665500,"url":"https:\/\/kohenavocats.com\/en\/tribunal-judiciaire-de-bordeaux-le-16-janvier-2025-n25-00561\/","url_meta":{"origin":665863,"position":2},"title":"Tribunal judiciaire de Bordeaux, le 16 janvier 2025, n\u00b025\/00561","author":"Kohen","date":"23 April 2026","format":false,"excerpt":"Le juge des contentieux de la protection, statuant en mati\u00e8re de surendettement, a rendu une d\u00e9cision le 16 janvier 2025. Un couple, sans emploi et avec deux...","rel":"","context":"In &quot;Jurisprudence&quot;","block_context":{"text":"Jurisprudence","link":"https:\/\/kohenavocats.com\/category\/jurisprudence\/"},"img":{"alt_text":"","src":"https:\/\/i0.wp.com\/kohenavocats.com\/wp-content\/uploads\/2024\/08\/amir-mortezaie-bKLKnHSwk4A-unsplash.webp?resize=350%2C200&ssl=1","width":350,"height":200,"srcset":"https:\/\/i0.wp.com\/kohenavocats.com\/wp-content\/uploads\/2024\/08\/amir-mortezaie-bKLKnHSwk4A-unsplash.webp?resize=350%2C200&ssl=1 1x, https:\/\/i0.wp.com\/kohenavocats.com\/wp-content\/uploads\/2024\/08\/amir-mortezaie-bKLKnHSwk4A-unsplash.webp?resize=525%2C300&ssl=1 1.5x, https:\/\/i0.wp.com\/kohenavocats.com\/wp-content\/uploads\/2024\/08\/amir-mortezaie-bKLKnHSwk4A-unsplash.webp?resize=700%2C400&ssl=1 2x, https:\/\/i0.wp.com\/kohenavocats.com\/wp-content\/uploads\/2024\/08\/amir-mortezaie-bKLKnHSwk4A-unsplash.webp?resize=1050%2C600&ssl=1 3x, https:\/\/i0.wp.com\/kohenavocats.com\/wp-content\/uploads\/2024\/08\/amir-mortezaie-bKLKnHSwk4A-unsplash.webp?resize=1400%2C800&ssl=1 4x"},"classes":[]},{"id":665186,"url":"https:\/\/kohenavocats.com\/en\/tribunal-judiciaire-de-bordeaux-le-30-mai-2025-n25-01138\/","url_meta":{"origin":665863,"position":3},"title":"Tribunal judiciaire de Bordeaux, le 30 mai 2025, n\u00b025\/01138","author":"Kohen","date":"23 April 2026","format":false,"excerpt":"Le Juge des contentieux de la protection, statuant en premier ressort, a rendu un jugement le 30 mai 2025. La d\u00e9cision concerne une personne \u00e2g\u00e9e contestant ...","rel":"","context":"In &quot;Jurisprudence&quot;","block_context":{"text":"Jurisprudence","link":"https:\/\/kohenavocats.com\/category\/jurisprudence\/"},"img":{"alt_text":"","src":"https:\/\/i0.wp.com\/kohenavocats.com\/wp-content\/uploads\/2024\/08\/patrick-robert-doyle-OvXht_wi5Ew-unsplash.webp?resize=350%2C200&ssl=1","width":350,"height":200,"srcset":"https:\/\/i0.wp.com\/kohenavocats.com\/wp-content\/uploads\/2024\/08\/patrick-robert-doyle-OvXht_wi5Ew-unsplash.webp?resize=350%2C200&ssl=1 1x, https:\/\/i0.wp.com\/kohenavocats.com\/wp-content\/uploads\/2024\/08\/patrick-robert-doyle-OvXht_wi5Ew-unsplash.webp?resize=525%2C300&ssl=1 1.5x, https:\/\/i0.wp.com\/kohenavocats.com\/wp-content\/uploads\/2024\/08\/patrick-robert-doyle-OvXht_wi5Ew-unsplash.webp?resize=700%2C400&ssl=1 2x, https:\/\/i0.wp.com\/kohenavocats.com\/wp-content\/uploads\/2024\/08\/patrick-robert-doyle-OvXht_wi5Ew-unsplash.webp?resize=1050%2C600&ssl=1 3x, https:\/\/i0.wp.com\/kohenavocats.com\/wp-content\/uploads\/2024\/08\/patrick-robert-doyle-OvXht_wi5Ew-unsplash.webp?resize=1400%2C800&ssl=1 4x"},"classes":[]},{"id":665503,"url":"https:\/\/kohenavocats.com\/en\/tribunal-judiciaire-de-bordeaux-le-18-septembre-2025-n25-01139\/","url_meta":{"origin":665863,"position":4},"title":"Tribunal judiciaire de Bordeaux, le 18 septembre 2025, n\u00b025\/01139","author":"Kohen","date":"23 April 2026","format":false,"excerpt":"Le tribunal judiciaire, statuant comme juge du contentieux de la protection, a rendu une d\u00e9cision le 18 septembre 2025. Il examinait le recours form\u00e9 contre ...","rel":"","context":"In &quot;Jurisprudence&quot;","block_context":{"text":"Jurisprudence","link":"https:\/\/kohenavocats.com\/category\/jurisprudence\/"},"img":{"alt_text":"","src":"https:\/\/i0.wp.com\/kohenavocats.com\/wp-content\/uploads\/2024\/08\/simone-hutsch-xOLhD-qfoRI-unsplash.webp?resize=350%2C200&ssl=1","width":350,"height":200,"srcset":"https:\/\/i0.wp.com\/kohenavocats.com\/wp-content\/uploads\/2024\/08\/simone-hutsch-xOLhD-qfoRI-unsplash.webp?resize=350%2C200&ssl=1 1x, https:\/\/i0.wp.com\/kohenavocats.com\/wp-content\/uploads\/2024\/08\/simone-hutsch-xOLhD-qfoRI-unsplash.webp?resize=525%2C300&ssl=1 1.5x, https:\/\/i0.wp.com\/kohenavocats.com\/wp-content\/uploads\/2024\/08\/simone-hutsch-xOLhD-qfoRI-unsplash.webp?resize=700%2C400&ssl=1 2x, https:\/\/i0.wp.com\/kohenavocats.com\/wp-content\/uploads\/2024\/08\/simone-hutsch-xOLhD-qfoRI-unsplash.webp?resize=1050%2C600&ssl=1 3x, https:\/\/i0.wp.com\/kohenavocats.com\/wp-content\/uploads\/2024\/08\/simone-hutsch-xOLhD-qfoRI-unsplash.webp?resize=1400%2C800&ssl=1 4x"},"classes":[]},{"id":441114,"url":"https:\/\/kohenavocats.com\/en\/cour-dappel-le-13-novembre-2025-n25-03306\/","url_meta":{"origin":665863,"position":5},"title":"Cour d&#8217;appel, le 13 novembre 2025, n\u00b025\/03306","author":"","date":"4 April 2026","format":false,"excerpt":"La Cour d\u2019appel de Bordeaux, deuxi\u00e8me chambre civile, dans un arr\u00eat du 13 novembre 2025, a \u00e9t\u00e9 saisie d\u2019un appel form\u00e9 par un couple contre un jugement...","rel":"","context":"In &quot;Cour d'appel&quot;","block_context":{"text":"Cour d'appel","link":"https:\/\/kohenavocats.com\/category\/cour-dappel\/"},"img":{"alt_text":"","src":"https:\/\/i0.wp.com\/kohenavocats.com\/wp-content\/uploads\/2024\/08\/real_-jansen-vGG8w7zDoMw-unsplash.webp?resize=350%2C200&ssl=1","width":350,"height":200,"srcset":"https:\/\/i0.wp.com\/kohenavocats.com\/wp-content\/uploads\/2024\/08\/real_-jansen-vGG8w7zDoMw-unsplash.webp?resize=350%2C200&ssl=1 1x, https:\/\/i0.wp.com\/kohenavocats.com\/wp-content\/uploads\/2024\/08\/real_-jansen-vGG8w7zDoMw-unsplash.webp?resize=525%2C300&ssl=1 1.5x, https:\/\/i0.wp.com\/kohenavocats.com\/wp-content\/uploads\/2024\/08\/real_-jansen-vGG8w7zDoMw-unsplash.webp?resize=700%2C400&ssl=1 2x, https:\/\/i0.wp.com\/kohenavocats.com\/wp-content\/uploads\/2024\/08\/real_-jansen-vGG8w7zDoMw-unsplash.webp?resize=1050%2C600&ssl=1 3x, https:\/\/i0.wp.com\/kohenavocats.com\/wp-content\/uploads\/2024\/08\/real_-jansen-vGG8w7zDoMw-unsplash.webp?resize=1400%2C800&ssl=1 4x"},"classes":[]}],"jetpack_sharing_enabled":true,"_links":{"self":[{"href":"https:\/\/kohenavocats.com\/en\/wp-json\/wp\/v2\/posts\/665863","targetHints":{"allow":["GET"]}}],"collection":[{"href":"https:\/\/kohenavocats.com\/en\/wp-json\/wp\/v2\/posts"}],"about":[{"href":"https:\/\/kohenavocats.com\/en\/wp-json\/wp\/v2\/types\/post"}],"author":[{"embeddable":true,"href":"https:\/\/kohenavocats.com\/en\/wp-json\/wp\/v2\/users\/232070755"}],"replies":[{"embeddable":true,"href":"https:\/\/kohenavocats.com\/en\/wp-json\/wp\/v2\/comments?post=665863"}],"version-history":[{"count":0,"href":"https:\/\/kohenavocats.com\/en\/wp-json\/wp\/v2\/posts\/665863\/revisions"}],"wp:featuredmedia":[{"embeddable":true,"href":"https:\/\/kohenavocats.com\/en\/wp-json\/wp\/v2\/media\/3890"}],"wp:attachment":[{"href":"https:\/\/kohenavocats.com\/en\/wp-json\/wp\/v2\/media?parent=665863"}],"wp:term":[{"taxonomy":"category","embeddable":true,"href":"https:\/\/kohenavocats.com\/en\/wp-json\/wp\/v2\/categories?post=665863"},{"taxonomy":"post_tag","embeddable":true,"href":"https:\/\/kohenavocats.com\/en\/wp-json\/wp\/v2\/tags?post=665863"}],"curies":[{"name":"wp","href":"https:\/\/api.w.org\/{rel}","templated":true}]}}