{"id":665871,"date":"2026-04-24T00:36:34","date_gmt":"2026-04-23T22:36:34","guid":{"rendered":"https:\/\/kohenavocats.com\/tribunal-judiciaire-de-bordeaux-le-27-mai-2025-n25-00470\/"},"modified":"2026-04-24T00:36:34","modified_gmt":"2026-04-23T22:36:34","slug":"tribunal-judiciaire-de-bordeaux-le-27-mai-2025-n25-00470","status":"publish","type":"post","link":"https:\/\/kohenavocats.com\/en\/tribunal-judiciaire-de-bordeaux-le-27-mai-2025-n25-00470\/","title":{"rendered":"Tribunal judiciaire de Bordeaux, le 27 mai 2025, n\u00b025\/00470"},"content":{"rendered":"<div class=\"article-content\">\n<p>Le juge des contentieux de la protection, statuant le 27 mai 2025, examine un recours contre des mesures de surendettement. La juridiction infirme le plan initial au vu de l&#8217;\u00e9volution substantielle de la situation financi\u00e8re du d\u00e9biteur. Elle impose un nouveau plan de remboursement sur cinquante mois avec des mensualit\u00e9s rehauss\u00e9es. La d\u00e9cision pr\u00e9cise les conditions d&#8217;ex\u00e9cution et les cons\u00e9quences d&#8217;un \u00e9ventuel manquement du d\u00e9biteur.<\/p>\n<p>Le contr\u00f4le juridictionnel des mesures de la commission<\/p>\n<p>La recevabilit\u00e9 du recours et l&#8217;appr\u00e9ciation de la bonne foi<\/p>\n<p>Le juge v\u00e9rifie d&#8217;abord le respect des d\u00e9lais de recours pr\u00e9vus par la loi. Le recours effectu\u00e9 le 06 f\u00e9vrier 2025 est recevable conform\u00e9ment aux dispositions de l&#8217;article L.733-10 du Code de la consommation. Il examine ensuite la condition subjective de bonne foi du requ\u00e9rant. La condition de bonne foi dont la Cour de cassation rappelle de fa\u00e7on constante qu\u2019elle rel\u00e8ve de l\u2019appr\u00e9ciation souveraine des juges de fond le jour o\u00f9 ils statuent. Cette position est conforme \u00e0 la jurisprudence constante de la Cour de cassation. &#8220;En mati\u00e8re de surendettement, l&#8217;appr\u00e9ciation de la bonne foi du d\u00e9biteur rel\u00e8ve du pouvoir souverain du juge du fond.&#8221; (Cass. Deuxi\u00e8me chambre civile, le 2 juillet 2020, n\u00b018-26.213) Le juge des contentieux de la protection exerce donc un contr\u00f4le souverain sur cet \u00e9l\u00e9ment sans \u00eatre li\u00e9 par la qualification de la commission.<\/p>\n<p>L&#8217;office du juge et la r\u00e9vision de la situation budg\u00e9taire<\/p>\n<p>Le juge proc\u00e8de \u00e0 un r\u00e9examen complet de la situation financi\u00e8re du d\u00e9biteur. Il dispose du pouvoir de dresser un \u00e9tat de sa situation budg\u00e9taire et patrimoniale. Ce r\u00e9examen lui permet de constater une augmentation significative des ressources depuis la d\u00e9cision de la commission. Il recalcule la capacit\u00e9 de remboursement en int\u00e9grant l&#8217;ensemble des charges actuelles et v\u00e9rifie la validit\u00e9 des cr\u00e9ances. Le juge statue en pleine connaissance de la situation \u00e9conomique actuelle du d\u00e9biteur. Il adapte ainsi les mesures \u00e0 la r\u00e9alit\u00e9 financi\u00e8re du jour de sa d\u00e9cision.<\/p>\n<p>La fixation d&#8217;un plan adapt\u00e9 \u00e0 la capacit\u00e9 de remboursement<\/p>\n<p>Le respect des plafonds l\u00e9gaux et la notion de reste \u00e0 vivre<\/p>\n<p>Le juge d\u00e9termine la mensualit\u00e9 en appliquant strictement les plafonds l\u00e9gaux protecteurs. Il rappelle le cadre d\u00e9fini par le code de la consommation concernant la quotit\u00e9 saisissable. Il est plafonn\u00e9 \u00e0 la diff\u00e9rence entre le montant des ressources mensuelles r\u00e9elles de l\u2019int\u00e9ress\u00e9 et le montant forfaitaire du revenu de solidarit\u00e9 active. Le calcul doit garantir au d\u00e9biteur un reste \u00e0 vivre minimal. La part de ressources n\u00e9cessaire aux d\u00e9penses courantes int\u00e8gre le montant des d\u00e9penses de logement, d&#8217;\u00e9lectricit\u00e9, de gaz, de chauffage, d&#8217;eau, de nourriture et de scolarit\u00e9, de garde et de d\u00e9placements professionnels ainsi que les frais de sant\u00e9. Cette approche est conforme \u00e0 la jurisprudence des cours d&#8217;appel. &#8220;Il r\u00e9sulte des dispositions des articles L. 731-1 et suivants du code de la consommation que la capacit\u00e9 de remboursement fix\u00e9e pour apurer le passif doit \u00eatre d\u00e9finie par r\u00e9f\u00e9rence \u00e0 la quotit\u00e9 saisissable du salaire telle qu&#8217;elle r\u00e9sulte des articles L. 3252-2 et L. 3252-3 du code du travail de mani\u00e8re \u00e0 ce que la part des ressources n\u00e9cessaires aux d\u00e9penses courantes du m\u00e9nage lui soit r\u00e9serv\u00e9e par priorit\u00e9, \u00e9tant pr\u00e9cis\u00e9 que cette part de ressources ne peut \u00eatre inf\u00e9rieure au montant du RSA.&#8221; (Cour d&#8217;appel de Rennes, le 27 mai 2025, n\u00b024\/05003) Le juge veille ainsi \u00e0 un \u00e9quilibre entre l&#8217;apurement des dettes et la protection du d\u00e9biteur.<\/p>\n<p>Les modalit\u00e9s ex\u00e9cutoires et le suivi du plan<\/p>\n<p>La d\u00e9cision \u00e9nonce un ensemble de prescriptions et d&#8217;obligations pour le d\u00e9biteur. Elle fixe une mensualit\u00e9 de 1700 euros et un d\u00e9lai total de remboursement de cinquante mois. Le plan est assorti d&#8217;une ex\u00e9cution provisoire imm\u00e9diate et d&#8217;un m\u00e9canisme de caducit\u00e9 en cas de d\u00e9faillance. Le d\u00e9biteur doit informer la commission de toute am\u00e9lioration de sa capacit\u00e9 de remboursement. Il lui est interdit de contracter de nouveaux emprunts pendant la dur\u00e9e du plan. Ces mesures visent \u00e0 garantir l&#8217;efficacit\u00e9 du redressement tout en pr\u00e9venant une nouvelle d\u00e9gradation de la situation. La d\u00e9cision op\u00e8re ainsi un r\u00e9\u00e9quilibrage dynamique des int\u00e9r\u00eats en pr\u00e9sence.<\/p>\n<\/div>\n","protected":false},"excerpt":{"rendered":"<p>Le juge des contentieux de la protection, statuant le 27 mai 2025, examine un recours contre des mesures de surendettement. La juridiction infirme le plan in&#8230;<\/p>\n","protected":false},"author":232070755,"featured_media":9660,"comment_status":"open","ping_status":"open","sticky":false,"template":"","format":"standard","meta":{"_crdt_document":"","_jetpack_newsletter_access":"","_jetpack_dont_email_post_to_subs":false,"_jetpack_newsletter_tier_id":0,"_jetpack_memberships_contains_paywalled_content":false,"_kj_source_type":"judilibre","_kj_official_id":"68f91d0fde0ebe408da90407","_kj_official_url":"https:\/\/www.courdecassation.fr\/decision\/68f91d0fde0ebe408da90407","_kj_judilibre_id":"68f91d0fde0ebe408da90407","_kj_jur":"Tribunal judiciaire","_kj_lieu":"Tribunal judiciaire de Bordeaux","_kj_chambre":"PPP Surendettement","_kj_rg":"25\/00470","_kj_date":"2025-09-24","_jetpack_memberships_contains_paid_content":false,"footnotes":"","jetpack_post_was_ever_published":false},"categories":[7597],"tags":[],"class_list":["post-665871","post","type-post","status-publish","format-standard","has-post-thumbnail","hentry","category-jurisprudence"],"yoast_head":"<!-- This site is optimized with the Yoast SEO Premium plugin v27.5 (Yoast SEO v27.5) - https:\/\/yoast.com\/product\/yoast-seo-premium-wordpress\/ -->\n<title>Tribunal judiciaire de Bordeaux, le 27 mai 2025, n\u00b025\/00470 - Ma\u00eetre Hassan Kohen, avocat en droit p\u00e9nal \u00e0 Paris<\/title>\n<meta name=\"description\" content=\"Le juge des contentieux de la protection, statuant le 27 mai 2025, examine un recours contre des mesures de surendettement. La juridiction infirme le plan in...\" \/>\n<meta name=\"robots\" content=\"index, follow, max-snippet:-1, max-image-preview:large, max-video-preview:-1\" \/>\n<link rel=\"canonical\" href=\"https:\/\/kohenavocats.com\/en\/tribunal-judiciaire-de-bordeaux-le-27-mai-2025-n25-00470\/\" \/>\n<meta property=\"og:locale\" content=\"en_US\" \/>\n<meta property=\"og:type\" content=\"article\" \/>\n<meta property=\"og:title\" content=\"Tribunal judiciaire de Bordeaux, le 27 mai 2025, n\u00b025\/00470\" \/>\n<meta property=\"og:description\" content=\"Le juge des contentieux de la protection, statuant le 27 mai 2025, examine un recours contre des mesures de surendettement. La juridiction infirme le plan in...\" \/>\n<meta property=\"og:url\" content=\"https:\/\/kohenavocats.com\/en\/tribunal-judiciaire-de-bordeaux-le-27-mai-2025-n25-00470\/\" \/>\n<meta property=\"og:site_name\" content=\"Ma\u00eetre Hassan Kohen, avocat en droit p\u00e9nal \u00e0 Paris\" \/>\n<meta property=\"article:published_time\" content=\"2026-04-23T22:36:34+00:00\" \/>\n<meta property=\"og:image\" content=\"https:\/\/kohenavocats.com\/wp-content\/uploads\/2024\/11\/virginia-marinova-3UfkjHxVch0-unsplash.webp\" \/>\n\t<meta property=\"og:image:width\" content=\"5922\" \/>\n\t<meta property=\"og:image:height\" content=\"3940\" \/>\n\t<meta property=\"og:image:type\" content=\"image\/webp\" \/>\n<meta name=\"author\" content=\"Kohen\" \/>\n<meta name=\"twitter:card\" content=\"summary_large_image\" \/>\n<meta name=\"twitter:label1\" content=\"Written by\" \/>\n\t<meta name=\"twitter:data1\" content=\"Kohen\" \/>\n\t<meta name=\"twitter:label2\" content=\"Est. reading time\" \/>\n\t<meta name=\"twitter:data2\" content=\"4 minutes\" \/>\n<script type=\"application\/ld+json\" class=\"yoast-schema-graph\">{\"@context\":\"https:\\\/\\\/schema.org\",\"@graph\":[{\"@type\":\"Article\",\"@id\":\"https:\\\/\\\/kohenavocats.com\\\/en\\\/tribunal-judiciaire-de-bordeaux-le-27-mai-2025-n25-00470\\\/#article\",\"isPartOf\":{\"@id\":\"https:\\\/\\\/kohenavocats.com\\\/en\\\/tribunal-judiciaire-de-bordeaux-le-27-mai-2025-n25-00470\\\/\"},\"author\":{\"name\":\"Kohen\",\"@id\":\"https:\\\/\\\/kohenavocats.com\\\/en\\\/#\\\/schema\\\/person\\\/761c9ba54fa1ca84d405cef0831ff751\"},\"headline\":\"Tribunal judiciaire de Bordeaux, le 27 mai 2025, n\u00b025\\\/00470\",\"datePublished\":\"2026-04-23T22:36:34+00:00\",\"mainEntityOfPage\":{\"@id\":\"https:\\\/\\\/kohenavocats.com\\\/en\\\/tribunal-judiciaire-de-bordeaux-le-27-mai-2025-n25-00470\\\/\"},\"wordCount\":773,\"commentCount\":0,\"publisher\":{\"@id\":\"https:\\\/\\\/kohenavocats.com\\\/en\\\/#organization\"},\"image\":{\"@id\":\"https:\\\/\\\/kohenavocats.com\\\/en\\\/tribunal-judiciaire-de-bordeaux-le-27-mai-2025-n25-00470\\\/#primaryimage\"},\"thumbnailUrl\":\"https:\\\/\\\/kohenavocats.com\\\/wp-content\\\/uploads\\\/2024\\\/11\\\/virginia-marinova-3UfkjHxVch0-unsplash.webp\",\"articleSection\":[\"Jurisprudence\"],\"inLanguage\":\"en-US\",\"potentialAction\":[{\"@type\":\"CommentAction\",\"name\":\"Comment\",\"target\":[\"https:\\\/\\\/kohenavocats.com\\\/en\\\/tribunal-judiciaire-de-bordeaux-le-27-mai-2025-n25-00470\\\/#respond\"]}],\"citation\":\"Tribunal judiciaire de Bordeaux, le 27 mai 2025, n\u00b025\\\/00470\",\"about\":[{\"@type\":\"Thing\",\"name\":\"Jurisprudence\"}],\"dateModified\":\"2026-04-23T22:36:34+00:00\",\"speakable\":{\"@type\":\"SpeakableSpecification\",\"cssSelector\":[\".article-content > p:first-of-type\"]}},{\"@type\":\"WebPage\",\"@id\":\"https:\\\/\\\/kohenavocats.com\\\/en\\\/tribunal-judiciaire-de-bordeaux-le-27-mai-2025-n25-00470\\\/\",\"url\":\"https:\\\/\\\/kohenavocats.com\\\/en\\\/tribunal-judiciaire-de-bordeaux-le-27-mai-2025-n25-00470\\\/\",\"name\":\"Tribunal judiciaire de Bordeaux, le 27 mai 2025, n\u00b025\\\/00470 - Ma\u00eetre Hassan Kohen, avocat en droit p\u00e9nal \u00e0 Paris\",\"isPartOf\":{\"@id\":\"https:\\\/\\\/kohenavocats.com\\\/en\\\/#website\"},\"primaryImageOfPage\":{\"@id\":\"https:\\\/\\\/kohenavocats.com\\\/en\\\/tribunal-judiciaire-de-bordeaux-le-27-mai-2025-n25-00470\\\/#primaryimage\"},\"image\":{\"@id\":\"https:\\\/\\\/kohenavocats.com\\\/en\\\/tribunal-judiciaire-de-bordeaux-le-27-mai-2025-n25-00470\\\/#primaryimage\"},\"thumbnailUrl\":\"https:\\\/\\\/kohenavocats.com\\\/wp-content\\\/uploads\\\/2024\\\/11\\\/virginia-marinova-3UfkjHxVch0-unsplash.webp\",\"datePublished\":\"2026-04-23T22:36:34+00:00\",\"description\":\"Le juge des contentieux de la protection, statuant le 27 mai 2025, examine un recours contre des mesures de surendettement. La juridiction infirme le plan in...\",\"breadcrumb\":{\"@id\":\"https:\\\/\\\/kohenavocats.com\\\/en\\\/tribunal-judiciaire-de-bordeaux-le-27-mai-2025-n25-00470\\\/#breadcrumb\"},\"inLanguage\":\"en-US\",\"potentialAction\":[{\"@type\":\"ReadAction\",\"target\":[\"https:\\\/\\\/kohenavocats.com\\\/en\\\/tribunal-judiciaire-de-bordeaux-le-27-mai-2025-n25-00470\\\/\"]}]},{\"@type\":\"ImageObject\",\"inLanguage\":\"en-US\",\"@id\":\"https:\\\/\\\/kohenavocats.com\\\/en\\\/tribunal-judiciaire-de-bordeaux-le-27-mai-2025-n25-00470\\\/#primaryimage\",\"url\":\"https:\\\/\\\/kohenavocats.com\\\/wp-content\\\/uploads\\\/2024\\\/11\\\/virginia-marinova-3UfkjHxVch0-unsplash.webp\",\"contentUrl\":\"https:\\\/\\\/kohenavocats.com\\\/wp-content\\\/uploads\\\/2024\\\/11\\\/virginia-marinova-3UfkjHxVch0-unsplash.webp\",\"width\":5922,\"height\":3940},{\"@type\":\"BreadcrumbList\",\"@id\":\"https:\\\/\\\/kohenavocats.com\\\/en\\\/tribunal-judiciaire-de-bordeaux-le-27-mai-2025-n25-00470\\\/#breadcrumb\",\"itemListElement\":[{\"@type\":\"ListItem\",\"position\":1,\"name\":\"Home\",\"item\":\"https:\\\/\\\/kohenavocats.com\\\/en\\\/criminal-law-attorneys-in-paris-counsel-and-strategic-defense\\\/\"},{\"@type\":\"ListItem\",\"position\":2,\"name\":\"Tribunal judiciaire de Bordeaux, le 27 mai 2025, n\u00b025\\\/00470\"}]},{\"@type\":\"WebSite\",\"@id\":\"https:\\\/\\\/kohenavocats.com\\\/en\\\/#website\",\"url\":\"https:\\\/\\\/kohenavocats.com\\\/en\\\/\",\"name\":\"Kohen Avocats\",\"description\":\"Ma\u00eetre Hassan Kohen, avocat p\u00e9naliste \u00e0 Paris, intervient exclusivement en droit p\u00e9nal pour la d\u00e9fense des particuliers, notamment en mati\u00e8re d\u2019accusations de viol. Il assure un accompagnement rigoureux d\u00e8s la garde \u00e0 vue jusqu\u2019\u00e0 la Cour d\u2019assises, veillant au strict respect des garanties proc\u00e9durales.\",\"publisher\":{\"@id\":\"https:\\\/\\\/kohenavocats.com\\\/en\\\/#organization\"},\"potentialAction\":[{\"@type\":\"SearchAction\",\"target\":{\"@type\":\"EntryPoint\",\"urlTemplate\":\"https:\\\/\\\/kohenavocats.com\\\/en\\\/?s={search_term_string}\"},\"query-input\":{\"@type\":\"PropertyValueSpecification\",\"valueRequired\":true,\"valueName\":\"search_term_string\"}}],\"inLanguage\":\"en-US\"},{\"@type\":\"Organization\",\"@id\":\"https:\\\/\\\/kohenavocats.com\\\/en\\\/#organization\",\"name\":\"Kohen Avocats\",\"url\":\"https:\\\/\\\/kohenavocats.com\\\/en\\\/\",\"logo\":{\"@type\":\"ImageObject\",\"inLanguage\":\"en-US\",\"@id\":\"https:\\\/\\\/kohenavocats.com\\\/en\\\/#\\\/schema\\\/logo\\\/image\\\/\",\"url\":\"https:\\\/\\\/kohenavocats.com\\\/wp-content\\\/uploads\\\/2026\\\/01\\\/Logo-2-1.webp\",\"contentUrl\":\"https:\\\/\\\/kohenavocats.com\\\/wp-content\\\/uploads\\\/2026\\\/01\\\/Logo-2-1.webp\",\"width\":2114,\"height\":1253,\"caption\":\"Kohen Avocats\"},\"image\":{\"@id\":\"https:\\\/\\\/kohenavocats.com\\\/en\\\/#\\\/schema\\\/logo\\\/image\\\/\"}},{\"@type\":\"Person\",\"@id\":\"https:\\\/\\\/kohenavocats.com\\\/en\\\/#\\\/schema\\\/person\\\/761c9ba54fa1ca84d405cef0831ff751\",\"name\":\"Kohen\",\"image\":{\"@type\":\"ImageObject\",\"inLanguage\":\"en-US\",\"@id\":\"https:\\\/\\\/secure.gravatar.com\\\/avatar\\\/1c5e76ef76bbbfdd2b4da984e2bf2fa4056fd51a27d25ce2c332047f1dfd6e00?s=96&d=identicon&r=g\",\"url\":\"https:\\\/\\\/secure.gravatar.com\\\/avatar\\\/1c5e76ef76bbbfdd2b4da984e2bf2fa4056fd51a27d25ce2c332047f1dfd6e00?s=96&d=identicon&r=g\",\"contentUrl\":\"https:\\\/\\\/secure.gravatar.com\\\/avatar\\\/1c5e76ef76bbbfdd2b4da984e2bf2fa4056fd51a27d25ce2c332047f1dfd6e00?s=96&d=identicon&r=g\",\"caption\":\"Kohen\"},\"sameAs\":[\"https:\\\/\\\/www.linkedin.com\\\/in\\\/hassan-kohen-448548192\\\/\",\"https:\\\/\\\/www.youtube.com\\\/@Kohen-Avocats\"],\"url\":\"https:\\\/\\\/kohenavocats.com\\\/en\\\/author\\\/kohenmlk\\\/\"}]}<\/script>\n<!-- \/ Yoast SEO Premium plugin. -->","yoast_head_json":{"title":"Tribunal judiciaire de Bordeaux, le 27 mai 2025, n\u00b025\/00470 - Ma\u00eetre Hassan Kohen, avocat en droit p\u00e9nal \u00e0 Paris","description":"Le juge des contentieux de la protection, statuant le 27 mai 2025, examine un recours contre des mesures de surendettement. La juridiction infirme le plan in...","robots":{"index":"index","follow":"follow","max-snippet":"max-snippet:-1","max-image-preview":"max-image-preview:large","max-video-preview":"max-video-preview:-1"},"canonical":"https:\/\/kohenavocats.com\/en\/tribunal-judiciaire-de-bordeaux-le-27-mai-2025-n25-00470\/","og_locale":"en_US","og_type":"article","og_title":"Tribunal judiciaire de Bordeaux, le 27 mai 2025, n\u00b025\/00470","og_description":"Le juge des contentieux de la protection, statuant le 27 mai 2025, examine un recours contre des mesures de surendettement. La juridiction infirme le plan in...","og_url":"https:\/\/kohenavocats.com\/en\/tribunal-judiciaire-de-bordeaux-le-27-mai-2025-n25-00470\/","og_site_name":"Ma\u00eetre Hassan Kohen, avocat en droit p\u00e9nal \u00e0 Paris","article_published_time":"2026-04-23T22:36:34+00:00","og_image":[{"width":5922,"height":3940,"url":"https:\/\/kohenavocats.com\/wp-content\/uploads\/2024\/11\/virginia-marinova-3UfkjHxVch0-unsplash.webp","type":"image\/webp"}],"author":"Kohen","twitter_card":"summary_large_image","twitter_misc":{"Written by":"Kohen","Est. reading time":"4 minutes"},"schema":{"@context":"https:\/\/schema.org","@graph":[{"@type":"Article","@id":"https:\/\/kohenavocats.com\/en\/tribunal-judiciaire-de-bordeaux-le-27-mai-2025-n25-00470\/#article","isPartOf":{"@id":"https:\/\/kohenavocats.com\/en\/tribunal-judiciaire-de-bordeaux-le-27-mai-2025-n25-00470\/"},"author":{"name":"Kohen","@id":"https:\/\/kohenavocats.com\/en\/#\/schema\/person\/761c9ba54fa1ca84d405cef0831ff751"},"headline":"Tribunal judiciaire de Bordeaux, le 27 mai 2025, n\u00b025\/00470","datePublished":"2026-04-23T22:36:34+00:00","mainEntityOfPage":{"@id":"https:\/\/kohenavocats.com\/en\/tribunal-judiciaire-de-bordeaux-le-27-mai-2025-n25-00470\/"},"wordCount":773,"commentCount":0,"publisher":{"@id":"https:\/\/kohenavocats.com\/en\/#organization"},"image":{"@id":"https:\/\/kohenavocats.com\/en\/tribunal-judiciaire-de-bordeaux-le-27-mai-2025-n25-00470\/#primaryimage"},"thumbnailUrl":"https:\/\/kohenavocats.com\/wp-content\/uploads\/2024\/11\/virginia-marinova-3UfkjHxVch0-unsplash.webp","articleSection":["Jurisprudence"],"inLanguage":"en-US","potentialAction":[{"@type":"CommentAction","name":"Comment","target":["https:\/\/kohenavocats.com\/en\/tribunal-judiciaire-de-bordeaux-le-27-mai-2025-n25-00470\/#respond"]}],"citation":"Tribunal judiciaire de Bordeaux, le 27 mai 2025, n\u00b025\/00470","about":[{"@type":"Thing","name":"Jurisprudence"}],"dateModified":"2026-04-23T22:36:34+00:00","speakable":{"@type":"SpeakableSpecification","cssSelector":[".article-content > p:first-of-type"]}},{"@type":"WebPage","@id":"https:\/\/kohenavocats.com\/en\/tribunal-judiciaire-de-bordeaux-le-27-mai-2025-n25-00470\/","url":"https:\/\/kohenavocats.com\/en\/tribunal-judiciaire-de-bordeaux-le-27-mai-2025-n25-00470\/","name":"Tribunal judiciaire de Bordeaux, le 27 mai 2025, n\u00b025\/00470 - Ma\u00eetre Hassan Kohen, avocat en droit p\u00e9nal \u00e0 Paris","isPartOf":{"@id":"https:\/\/kohenavocats.com\/en\/#website"},"primaryImageOfPage":{"@id":"https:\/\/kohenavocats.com\/en\/tribunal-judiciaire-de-bordeaux-le-27-mai-2025-n25-00470\/#primaryimage"},"image":{"@id":"https:\/\/kohenavocats.com\/en\/tribunal-judiciaire-de-bordeaux-le-27-mai-2025-n25-00470\/#primaryimage"},"thumbnailUrl":"https:\/\/kohenavocats.com\/wp-content\/uploads\/2024\/11\/virginia-marinova-3UfkjHxVch0-unsplash.webp","datePublished":"2026-04-23T22:36:34+00:00","description":"Le juge des contentieux de la protection, statuant le 27 mai 2025, examine un recours contre des mesures de surendettement. La juridiction infirme le plan in...","breadcrumb":{"@id":"https:\/\/kohenavocats.com\/en\/tribunal-judiciaire-de-bordeaux-le-27-mai-2025-n25-00470\/#breadcrumb"},"inLanguage":"en-US","potentialAction":[{"@type":"ReadAction","target":["https:\/\/kohenavocats.com\/en\/tribunal-judiciaire-de-bordeaux-le-27-mai-2025-n25-00470\/"]}]},{"@type":"ImageObject","inLanguage":"en-US","@id":"https:\/\/kohenavocats.com\/en\/tribunal-judiciaire-de-bordeaux-le-27-mai-2025-n25-00470\/#primaryimage","url":"https:\/\/kohenavocats.com\/wp-content\/uploads\/2024\/11\/virginia-marinova-3UfkjHxVch0-unsplash.webp","contentUrl":"https:\/\/kohenavocats.com\/wp-content\/uploads\/2024\/11\/virginia-marinova-3UfkjHxVch0-unsplash.webp","width":5922,"height":3940},{"@type":"BreadcrumbList","@id":"https:\/\/kohenavocats.com\/en\/tribunal-judiciaire-de-bordeaux-le-27-mai-2025-n25-00470\/#breadcrumb","itemListElement":[{"@type":"ListItem","position":1,"name":"Home","item":"https:\/\/kohenavocats.com\/en\/criminal-law-attorneys-in-paris-counsel-and-strategic-defense\/"},{"@type":"ListItem","position":2,"name":"Tribunal judiciaire de Bordeaux, le 27 mai 2025, n\u00b025\/00470"}]},{"@type":"WebSite","@id":"https:\/\/kohenavocats.com\/en\/#website","url":"https:\/\/kohenavocats.com\/en\/","name":"Kohen Avocats","description":"Ma\u00eetre Hassan Kohen, avocat p\u00e9naliste \u00e0 Paris, intervient exclusivement en droit p\u00e9nal pour la d\u00e9fense des particuliers, notamment en mati\u00e8re d\u2019accusations de viol. Il assure un accompagnement rigoureux d\u00e8s la garde \u00e0 vue jusqu\u2019\u00e0 la Cour d\u2019assises, veillant au strict respect des garanties proc\u00e9durales.","publisher":{"@id":"https:\/\/kohenavocats.com\/en\/#organization"},"potentialAction":[{"@type":"SearchAction","target":{"@type":"EntryPoint","urlTemplate":"https:\/\/kohenavocats.com\/en\/?s={search_term_string}"},"query-input":{"@type":"PropertyValueSpecification","valueRequired":true,"valueName":"search_term_string"}}],"inLanguage":"en-US"},{"@type":"Organization","@id":"https:\/\/kohenavocats.com\/en\/#organization","name":"Kohen Avocats","url":"https:\/\/kohenavocats.com\/en\/","logo":{"@type":"ImageObject","inLanguage":"en-US","@id":"https:\/\/kohenavocats.com\/en\/#\/schema\/logo\/image\/","url":"https:\/\/kohenavocats.com\/wp-content\/uploads\/2026\/01\/Logo-2-1.webp","contentUrl":"https:\/\/kohenavocats.com\/wp-content\/uploads\/2026\/01\/Logo-2-1.webp","width":2114,"height":1253,"caption":"Kohen Avocats"},"image":{"@id":"https:\/\/kohenavocats.com\/en\/#\/schema\/logo\/image\/"}},{"@type":"Person","@id":"https:\/\/kohenavocats.com\/en\/#\/schema\/person\/761c9ba54fa1ca84d405cef0831ff751","name":"Kohen","image":{"@type":"ImageObject","inLanguage":"en-US","@id":"https:\/\/secure.gravatar.com\/avatar\/1c5e76ef76bbbfdd2b4da984e2bf2fa4056fd51a27d25ce2c332047f1dfd6e00?s=96&d=identicon&r=g","url":"https:\/\/secure.gravatar.com\/avatar\/1c5e76ef76bbbfdd2b4da984e2bf2fa4056fd51a27d25ce2c332047f1dfd6e00?s=96&d=identicon&r=g","contentUrl":"https:\/\/secure.gravatar.com\/avatar\/1c5e76ef76bbbfdd2b4da984e2bf2fa4056fd51a27d25ce2c332047f1dfd6e00?s=96&d=identicon&r=g","caption":"Kohen"},"sameAs":["https:\/\/www.linkedin.com\/in\/hassan-kohen-448548192\/","https:\/\/www.youtube.com\/@Kohen-Avocats"],"url":"https:\/\/kohenavocats.com\/en\/author\/kohenmlk\/"}]}},"jetpack_featured_media_url":"https:\/\/kohenavocats.com\/wp-content\/uploads\/2024\/11\/virginia-marinova-3UfkjHxVch0-unsplash.webp","jetpack_likes_enabled":false,"jetpack_shortlink":"https:\/\/wp.me\/peCrII-2NdR","jetpack-related-posts":[{"id":670155,"url":"https:\/\/kohenavocats.com\/en\/tribunal-judiciaire-de-val-de-briey-le-22-novembre-2023-n24-00694\/","url_meta":{"origin":665871,"position":0},"title":"Tribunal judiciaire de Val de Briey, le 22 novembre 2023, n\u00b024\/00694","author":"Kohen","date":"24 April 2026","format":false,"excerpt":"Le juge des contentieux de la protection, statuant en mati\u00e8re de surendettement, a rendu une d\u00e9cision le 22 novembre 2023. Le d\u00e9biteur contestait les mesures...","rel":"","context":"In &quot;Jurisprudence&quot;","block_context":{"text":"Jurisprudence","link":"https:\/\/kohenavocats.com\/category\/jurisprudence\/"},"img":{"alt_text":"","src":"https:\/\/i0.wp.com\/kohenavocats.com\/wp-content\/uploads\/2024\/11\/lala-azizli-oAaj82io-2k-unsplash.webp?resize=350%2C200&ssl=1","width":350,"height":200,"srcset":"https:\/\/i0.wp.com\/kohenavocats.com\/wp-content\/uploads\/2024\/11\/lala-azizli-oAaj82io-2k-unsplash.webp?resize=350%2C200&ssl=1 1x, https:\/\/i0.wp.com\/kohenavocats.com\/wp-content\/uploads\/2024\/11\/lala-azizli-oAaj82io-2k-unsplash.webp?resize=525%2C300&ssl=1 1.5x, https:\/\/i0.wp.com\/kohenavocats.com\/wp-content\/uploads\/2024\/11\/lala-azizli-oAaj82io-2k-unsplash.webp?resize=700%2C400&ssl=1 2x, https:\/\/i0.wp.com\/kohenavocats.com\/wp-content\/uploads\/2024\/11\/lala-azizli-oAaj82io-2k-unsplash.webp?resize=1050%2C600&ssl=1 3x, https:\/\/i0.wp.com\/kohenavocats.com\/wp-content\/uploads\/2024\/11\/lala-azizli-oAaj82io-2k-unsplash.webp?resize=1400%2C800&ssl=1 4x"},"classes":[]},{"id":605545,"url":"https:\/\/kohenavocats.com\/en\/tribunal-judiciaire-de-saint-etienne-le-14-mai-2025-n25-03030\/","url_meta":{"origin":665871,"position":1},"title":"Tribunal judiciaire de Saint-Etienne, le 14 mai 2025, n\u00b025\/03030","author":"Kohen","date":"19 April 2026","format":false,"excerpt":"Le juge des contentieux de la protection, statuant en mati\u00e8re de surendettement, rend un jugement le 14 mai 2025. Il examine la contestation d\u2019une d\u00e9cision d...","rel":"","context":"In &quot;Jurisprudence&quot;","block_context":{"text":"Jurisprudence","link":"https:\/\/kohenavocats.com\/category\/jurisprudence\/"},"img":{"alt_text":"","src":"https:\/\/i0.wp.com\/kohenavocats.com\/wp-content\/uploads\/2024\/11\/chris-barbalis-p3hlhPiB9Ro-unsplash.webp?resize=350%2C200&ssl=1","width":350,"height":200,"srcset":"https:\/\/i0.wp.com\/kohenavocats.com\/wp-content\/uploads\/2024\/11\/chris-barbalis-p3hlhPiB9Ro-unsplash.webp?resize=350%2C200&ssl=1 1x, https:\/\/i0.wp.com\/kohenavocats.com\/wp-content\/uploads\/2024\/11\/chris-barbalis-p3hlhPiB9Ro-unsplash.webp?resize=525%2C300&ssl=1 1.5x, https:\/\/i0.wp.com\/kohenavocats.com\/wp-content\/uploads\/2024\/11\/chris-barbalis-p3hlhPiB9Ro-unsplash.webp?resize=700%2C400&ssl=1 2x, https:\/\/i0.wp.com\/kohenavocats.com\/wp-content\/uploads\/2024\/11\/chris-barbalis-p3hlhPiB9Ro-unsplash.webp?resize=1050%2C600&ssl=1 3x, https:\/\/i0.wp.com\/kohenavocats.com\/wp-content\/uploads\/2024\/11\/chris-barbalis-p3hlhPiB9Ro-unsplash.webp?resize=1400%2C800&ssl=1 4x"},"classes":[]},{"id":243138,"url":"https:\/\/kohenavocats.com\/en\/tribunal-judiciaire-de-paris-le-27-juin-2025-n24-00780\/","url_meta":{"origin":665871,"position":2},"title":"Tribunal judiciaire de Paris, le 27 juin 2025, n\u00b024\/00780","author":"Kohen","date":"4 January 2026","format":false,"excerpt":"Juge des contentieux de la protection de Paris, 27 juin 2025. Un d\u00e9biteur, engag\u00e9 dans un pr\u00e9c\u00e9dent plan visant la liquidation du r\u00e9gime matrimonial et la vente d\u2019un bien, a d\u00e9pos\u00e9 un nouveau dossier pour r\u00e9duire une mensualit\u00e9 fix\u00e9e quelques mois plus t\u00f4t. La commission a d\u00e9clar\u00e9 le dossier irrecevable\u2026","rel":"","context":"In &quot;D\u00e9cisions juridiques&quot;","block_context":{"text":"D\u00e9cisions juridiques","link":"https:\/\/kohenavocats.com\/category\/decisions-juridiques\/"},"img":{"alt_text":"","src":"https:\/\/i0.wp.com\/kohenavocats.com\/wp-content\/uploads\/2024\/11\/kedar-gadge-qNbe1RLo06M-unsplash.webp?resize=350%2C200&ssl=1","width":350,"height":200,"srcset":"https:\/\/i0.wp.com\/kohenavocats.com\/wp-content\/uploads\/2024\/11\/kedar-gadge-qNbe1RLo06M-unsplash.webp?resize=350%2C200&ssl=1 1x, https:\/\/i0.wp.com\/kohenavocats.com\/wp-content\/uploads\/2024\/11\/kedar-gadge-qNbe1RLo06M-unsplash.webp?resize=525%2C300&ssl=1 1.5x, https:\/\/i0.wp.com\/kohenavocats.com\/wp-content\/uploads\/2024\/11\/kedar-gadge-qNbe1RLo06M-unsplash.webp?resize=700%2C400&ssl=1 2x, https:\/\/i0.wp.com\/kohenavocats.com\/wp-content\/uploads\/2024\/11\/kedar-gadge-qNbe1RLo06M-unsplash.webp?resize=1050%2C600&ssl=1 3x, https:\/\/i0.wp.com\/kohenavocats.com\/wp-content\/uploads\/2024\/11\/kedar-gadge-qNbe1RLo06M-unsplash.webp?resize=1400%2C800&ssl=1 4x"},"classes":[]},{"id":611564,"url":"https:\/\/kohenavocats.com\/en\/tribunal-judiciaire-de-paris-le-4-septembre-2025-n25-00385\/","url_meta":{"origin":665871,"position":3},"title":"Tribunal judiciaire de Paris, le 4 septembre 2025, n\u00b025\/00385","author":"Kohen","date":"19 April 2026","format":false,"excerpt":"Le juge des contentieux de la protection, statuant en mati\u00e8re de surendettement, a rendu une ordonnance le 4 septembre 2025. Un bailleur social contestait un...","rel":"","context":"In &quot;Jurisprudence&quot;","block_context":{"text":"Jurisprudence","link":"https:\/\/kohenavocats.com\/category\/jurisprudence\/"},"img":{"alt_text":"","src":"https:\/\/i0.wp.com\/kohenavocats.com\/wp-content\/uploads\/2024\/11\/steve-johnson-Zc8yTDRagWY-unsplash.webp?resize=350%2C200&ssl=1","width":350,"height":200,"srcset":"https:\/\/i0.wp.com\/kohenavocats.com\/wp-content\/uploads\/2024\/11\/steve-johnson-Zc8yTDRagWY-unsplash.webp?resize=350%2C200&ssl=1 1x, https:\/\/i0.wp.com\/kohenavocats.com\/wp-content\/uploads\/2024\/11\/steve-johnson-Zc8yTDRagWY-unsplash.webp?resize=525%2C300&ssl=1 1.5x, https:\/\/i0.wp.com\/kohenavocats.com\/wp-content\/uploads\/2024\/11\/steve-johnson-Zc8yTDRagWY-unsplash.webp?resize=700%2C400&ssl=1 2x, https:\/\/i0.wp.com\/kohenavocats.com\/wp-content\/uploads\/2024\/11\/steve-johnson-Zc8yTDRagWY-unsplash.webp?resize=1050%2C600&ssl=1 3x, https:\/\/i0.wp.com\/kohenavocats.com\/wp-content\/uploads\/2024\/11\/steve-johnson-Zc8yTDRagWY-unsplash.webp?resize=1400%2C800&ssl=1 4x"},"classes":[]},{"id":488157,"url":"https:\/\/kohenavocats.com\/en\/tribunal-judiciaire-de-bordeaux-le-9-mai-2025-n25-00101\/","url_meta":{"origin":665871,"position":4},"title":"Tribunal judiciaire de Bordeaux, le 9 mai 2025, n\u00b025\/00101","author":"Kohen","date":"8 April 2026","format":false,"excerpt":"Le juge des contentieux de la protection du tribunal de proximit\u00e9 d\u2019Arcachon, statuant le 9 mai 2025, a examin\u00e9 un recours contre une d\u00e9cision de recevabilit...","rel":"","context":"In &quot;Jurisprudence&quot;","block_context":{"text":"Jurisprudence","link":"https:\/\/kohenavocats.com\/category\/jurisprudence\/"},"img":{"alt_text":"","src":"https:\/\/i0.wp.com\/kohenavocats.com\/wp-content\/uploads\/2024\/11\/n-c-gNefKC_WWXM-unsplash.webp?resize=350%2C200&ssl=1","width":350,"height":200,"srcset":"https:\/\/i0.wp.com\/kohenavocats.com\/wp-content\/uploads\/2024\/11\/n-c-gNefKC_WWXM-unsplash.webp?resize=350%2C200&ssl=1 1x, https:\/\/i0.wp.com\/kohenavocats.com\/wp-content\/uploads\/2024\/11\/n-c-gNefKC_WWXM-unsplash.webp?resize=525%2C300&ssl=1 1.5x, https:\/\/i0.wp.com\/kohenavocats.com\/wp-content\/uploads\/2024\/11\/n-c-gNefKC_WWXM-unsplash.webp?resize=700%2C400&ssl=1 2x, https:\/\/i0.wp.com\/kohenavocats.com\/wp-content\/uploads\/2024\/11\/n-c-gNefKC_WWXM-unsplash.webp?resize=1050%2C600&ssl=1 3x, https:\/\/i0.wp.com\/kohenavocats.com\/wp-content\/uploads\/2024\/11\/n-c-gNefKC_WWXM-unsplash.webp?resize=1400%2C800&ssl=1 4x"},"classes":[]},{"id":488876,"url":"https:\/\/kohenavocats.com\/en\/tribunal-judiciaire-de-bordeaux-le-25-novembre-2025-n25-00101\/","url_meta":{"origin":665871,"position":5},"title":"Tribunal judiciaire de Bordeaux, le 25 novembre 2025, n\u00b025\/00101","author":"Kohen","date":"8 April 2026","format":false,"excerpt":"Le juge des contentieux de la protection du tribunal de proximit\u00e9 d\u2019Arcachon, statuant le 9 mai 2025, a examin\u00e9 un recours contre une d\u00e9cision de...","rel":"","context":"In &quot;D\u00e9cisions juridiques&quot;","block_context":{"text":"D\u00e9cisions juridiques","link":"https:\/\/kohenavocats.com\/category\/decisions-juridiques\/"},"img":{"alt_text":"","src":"https:\/\/i0.wp.com\/kohenavocats.com\/wp-content\/uploads\/2024\/08\/rosilaine-alves-674oH-T1wNo-unsplash.webp?resize=350%2C200&ssl=1","width":350,"height":200,"srcset":"https:\/\/i0.wp.com\/kohenavocats.com\/wp-content\/uploads\/2024\/08\/rosilaine-alves-674oH-T1wNo-unsplash.webp?resize=350%2C200&ssl=1 1x, https:\/\/i0.wp.com\/kohenavocats.com\/wp-content\/uploads\/2024\/08\/rosilaine-alves-674oH-T1wNo-unsplash.webp?resize=525%2C300&ssl=1 1.5x, https:\/\/i0.wp.com\/kohenavocats.com\/wp-content\/uploads\/2024\/08\/rosilaine-alves-674oH-T1wNo-unsplash.webp?resize=700%2C400&ssl=1 2x, https:\/\/i0.wp.com\/kohenavocats.com\/wp-content\/uploads\/2024\/08\/rosilaine-alves-674oH-T1wNo-unsplash.webp?resize=1050%2C600&ssl=1 3x, https:\/\/i0.wp.com\/kohenavocats.com\/wp-content\/uploads\/2024\/08\/rosilaine-alves-674oH-T1wNo-unsplash.webp?resize=1400%2C800&ssl=1 4x"},"classes":[]}],"jetpack_sharing_enabled":true,"_links":{"self":[{"href":"https:\/\/kohenavocats.com\/en\/wp-json\/wp\/v2\/posts\/665871","targetHints":{"allow":["GET"]}}],"collection":[{"href":"https:\/\/kohenavocats.com\/en\/wp-json\/wp\/v2\/posts"}],"about":[{"href":"https:\/\/kohenavocats.com\/en\/wp-json\/wp\/v2\/types\/post"}],"author":[{"embeddable":true,"href":"https:\/\/kohenavocats.com\/en\/wp-json\/wp\/v2\/users\/232070755"}],"replies":[{"embeddable":true,"href":"https:\/\/kohenavocats.com\/en\/wp-json\/wp\/v2\/comments?post=665871"}],"version-history":[{"count":0,"href":"https:\/\/kohenavocats.com\/en\/wp-json\/wp\/v2\/posts\/665871\/revisions"}],"wp:featuredmedia":[{"embeddable":true,"href":"https:\/\/kohenavocats.com\/en\/wp-json\/wp\/v2\/media\/9660"}],"wp:attachment":[{"href":"https:\/\/kohenavocats.com\/en\/wp-json\/wp\/v2\/media?parent=665871"}],"wp:term":[{"taxonomy":"category","embeddable":true,"href":"https:\/\/kohenavocats.com\/en\/wp-json\/wp\/v2\/categories?post=665871"},{"taxonomy":"post_tag","embeddable":true,"href":"https:\/\/kohenavocats.com\/en\/wp-json\/wp\/v2\/tags?post=665871"}],"curies":[{"name":"wp","href":"https:\/\/api.w.org\/{rel}","templated":true}]}}