{"id":665884,"date":"2026-04-24T00:36:45","date_gmt":"2026-04-23T22:36:45","guid":{"rendered":"https:\/\/kohenavocats.com\/tribunal-judiciaire-de-paris-le-9-juillet-2025-n24-04302\/"},"modified":"2026-04-24T00:36:45","modified_gmt":"2026-04-23T22:36:45","slug":"tribunal-judiciaire-de-paris-le-9-juillet-2025-n24-04302","status":"publish","type":"post","link":"https:\/\/kohenavocats.com\/en\/tribunal-judiciaire-de-paris-le-9-juillet-2025-n24-04302\/","title":{"rendered":"Tribunal judiciaire de Paris, le 9 juillet 2025, n\u00b024\/04302"},"content":{"rendered":"<div class=\"article-content\">\n<p>Le tribunal judiciaire de Paris, le 9 juillet 2025, a statu\u00e9 sur une demande en responsabilit\u00e9 de l&#8217;\u00c9tat pour d\u00e9lai d\u00e9raisonnable de proc\u00e9dure. Un justiciable, condamn\u00e9 en premi\u00e8re instance par le conseil de prud&#8217;hommes, saisit la juridiction apr\u00e8s un jugement rendu en juin 2023. Il invoquait un d\u00e9ni de justice en raison de la lenteur de la proc\u00e9dure prud&#8217;hommale et de l&#8217;appel en cours. Le tribunal a reconnu un d\u00e9lai excessif de dix mois en premi\u00e8re instance seulement. Il a allou\u00e9 une indemnit\u00e9 forfaitaire pour pr\u00e9judice moral mais a rejet\u00e9 la demande concernant la proc\u00e9dure d&#8217;appel non achev\u00e9e.<\/p>\n<p>La caract\u00e9risation progressive du d\u00e9lai d\u00e9raisonnable<\/p>\n<p>L&#8217;appr\u00e9ciation du d\u00e9lai proc\u00e8de d&#8217;une analyse segment\u00e9e. Le tribunal examine chaque phase de la proc\u00e9dure pour isoler les p\u00e9riodes fautives. Il rappelle que &#8220;le d\u00e9lai d&#8217;une proc\u00e9dure doit \u00eatre appr\u00e9ci\u00e9 selon les \u00e9tapes de celle-ci.&#8221; Cette m\u00e9thode permet une \u00e9valuation fine et circonstanci\u00e9e. Elle \u00e9vite une condamnation globale et abstraite de la dur\u00e9e totale du proc\u00e8s.<\/p>\n<p>La charge de la preuve incombe int\u00e9gralement au demandeur. Le juge souligne qu'&#8221;il appartient ainsi au demandeur de prouver l&#8217;existence d&#8217;un d\u00e9ni de justice en raison de d\u00e9lais d\u00e9raisonnables, en les quantifiant.&#8221; Cette exigence stricte conditionne la r\u00e9ussite de l&#8217;action. Le justiciable doit produire les pi\u00e8ces de proc\u00e9dure pour retracer fid\u00e8lement le d\u00e9roulement temporel. L&#8217;absence de preuve sur une p\u00e9riode conduit \u00e0 son exclusion du calcul final.<\/p>\n<p>Le refus d&#8217;indemniser une proc\u00e9dure non termin\u00e9e<\/p>\n<p>La responsabilit\u00e9 ne peut \u00eatre engag\u00e9e pour un d\u00e9lai futur. Le tribunal \u00e9carte toute indemnisation relative \u00e0 la proc\u00e9dure d&#8217;appel. Il motive sa d\u00e9cision en indiquant que &#8220;l\u2019engagement de la responsabilit\u00e9 de l\u2019Etat pour dysfonctionnement ne peut \u00eatre envisag\u00e9e que pour une p\u00e9riode de d\u00e9lai d\u00e9raisonnable s\u2019\u00e9tant d\u00e9j\u00e0 effectivement \u00e9coul\u00e9e.&#8221; Le pr\u00e9judice doit \u00eatre actuel et certain pour \u00eatre r\u00e9parable.<\/p>\n<p>Le pr\u00e9judice moral est pr\u00e9sum\u00e9 mais son quantum est modeste. Le juge rel\u00e8ve que le demandeur &#8220;ne d\u00e9montre aucun pr\u00e9judice moral particulier en dehors de l&#8217;inqui\u00e9tude prolong\u00e9e.&#8221; Cette inqui\u00e9tude g\u00e9n\u00e9rale justifie une indemnisation forfaitaire. Le tribunal fixe celle-ci \u00e0 cinquante euros par mois de retard reconnu. Cette somme est inf\u00e9rieure aux bar\u00e8mes parfois retenus par d&#8217;autres juridictions.<\/p>\n<p>La port\u00e9e de cette d\u00e9cision est double. Elle confirme la n\u00e9cessit\u00e9 d&#8217;une preuve pr\u00e9cise et segment\u00e9e des d\u00e9lais fautifs. Elle rappelle aussi le principe de certitude du pr\u00e9judice, excluant l&#8217;indemnisation d&#8217;une proc\u00e9dure en cours. La solution adopt\u00e9e est restrictive en mati\u00e8re d&#8217;\u00e9valuation du pr\u00e9judice moral. Elle s&#8217;\u00e9carte de la jurisprudence qui consid\u00e8re que &#8220;l&#8217;indemnit\u00e9 allou\u00e9e en r\u00e9paration du pr\u00e9judice moral ne peut exc\u00e9der l&#8217;indemnisation du pr\u00e9judice que le d\u00e9passement excessif du d\u00e9lai raisonnable de jugement cause n\u00e9cessairement, \u00e9valu\u00e9 \u00e0 150,00 \u20ac par mois de d\u00e9lai excessif&#8221; (Cour d&#8217;appel de Paris, le 21 mai 2024, n\u00b021\/04599). Le tribunal parisien adopte ainsi une approche minimaliste de la r\u00e9paration.<\/p>\n<\/div>\n","protected":false},"excerpt":{"rendered":"<p>Le tribunal judiciaire de Paris, le 9 juillet 2025, a statu\u00e9 sur une demande en responsabilit\u00e9 de l&#8217;\u00c9tat pour d\u00e9lai d\u00e9raisonnable de proc\u00e9dure. Un justiciabl&#8230;<\/p>\n","protected":false},"author":232070755,"featured_media":9434,"comment_status":"open","ping_status":"open","sticky":false,"template":"","format":"standard","meta":{"_crdt_document":"","_jetpack_newsletter_access":"","_jetpack_dont_email_post_to_subs":false,"_jetpack_newsletter_tier_id":0,"_jetpack_memberships_contains_paywalled_content":false,"_kj_source_type":"","_kj_official_id":"","_kj_official_url":"","_kj_judilibre_id":"","_kj_jur":"","_kj_lieu":"","_kj_chambre":"","_kj_rg":"","_kj_date":"","_jetpack_memberships_contains_paid_content":false,"footnotes":"","jetpack_post_was_ever_published":false},"categories":[7597],"tags":[],"class_list":["post-665884","post","type-post","status-publish","format-standard","has-post-thumbnail","hentry","category-jurisprudence"],"yoast_head":"<!-- This site is optimized with the Yoast SEO Premium plugin v27.5 (Yoast SEO v27.5) - https:\/\/yoast.com\/product\/yoast-seo-premium-wordpress\/ -->\n<title>Tribunal judiciaire de Paris, le 9 juillet 2025, n\u00b024\/04302 - Ma\u00eetre Hassan Kohen, avocat en droit p\u00e9nal \u00e0 Paris<\/title>\n<meta name=\"description\" content=\"Le tribunal judiciaire de Paris, le 9 juillet 2025, a statu\u00e9 sur une demande en responsabilit\u00e9 de l&#039;\u00c9tat pour d\u00e9lai d\u00e9raisonnable de proc\u00e9dure. Un justiciabl...\" \/>\n<meta name=\"robots\" content=\"index, follow, max-snippet:-1, max-image-preview:large, max-video-preview:-1\" \/>\n<link rel=\"canonical\" href=\"https:\/\/kohenavocats.com\/en\/tribunal-judiciaire-de-paris-le-9-juillet-2025-n24-04302\/\" \/>\n<meta property=\"og:locale\" content=\"en_US\" \/>\n<meta property=\"og:type\" content=\"article\" \/>\n<meta property=\"og:title\" content=\"Tribunal judiciaire de Paris, le 9 juillet 2025, n\u00b024\/04302\" \/>\n<meta property=\"og:description\" content=\"Le tribunal judiciaire de Paris, le 9 juillet 2025, a statu\u00e9 sur une demande en responsabilit\u00e9 de l&#039;\u00c9tat pour d\u00e9lai d\u00e9raisonnable de proc\u00e9dure. Un justiciabl...\" \/>\n<meta property=\"og:url\" content=\"https:\/\/kohenavocats.com\/en\/tribunal-judiciaire-de-paris-le-9-juillet-2025-n24-04302\/\" \/>\n<meta property=\"og:site_name\" content=\"Ma\u00eetre Hassan Kohen, avocat en droit p\u00e9nal \u00e0 Paris\" \/>\n<meta property=\"article:published_time\" content=\"2026-04-23T22:36:45+00:00\" \/>\n<meta property=\"og:image\" content=\"https:\/\/kohenavocats.com\/wp-content\/uploads\/2024\/11\/viktor-forgacs-DcHqAJ9o6pc-unsplash.webp\" \/>\n\t<meta property=\"og:image:width\" content=\"3500\" \/>\n\t<meta property=\"og:image:height\" content=\"2476\" \/>\n\t<meta property=\"og:image:type\" content=\"image\/webp\" \/>\n<meta name=\"author\" content=\"Kohen\" \/>\n<meta name=\"twitter:card\" content=\"summary_large_image\" \/>\n<meta name=\"twitter:label1\" content=\"Written by\" \/>\n\t<meta name=\"twitter:data1\" content=\"Kohen\" \/>\n\t<meta name=\"twitter:label2\" content=\"Est. reading time\" \/>\n\t<meta name=\"twitter:data2\" content=\"3 minutes\" \/>\n<script type=\"application\/ld+json\" class=\"yoast-schema-graph\">{\"@context\":\"https:\\\/\\\/schema.org\",\"@graph\":[{\"@type\":\"Article\",\"@id\":\"https:\\\/\\\/kohenavocats.com\\\/en\\\/tribunal-judiciaire-de-paris-le-9-juillet-2025-n24-04302\\\/#article\",\"isPartOf\":{\"@id\":\"https:\\\/\\\/kohenavocats.com\\\/en\\\/tribunal-judiciaire-de-paris-le-9-juillet-2025-n24-04302\\\/\"},\"author\":{\"name\":\"Kohen\",\"@id\":\"https:\\\/\\\/kohenavocats.com\\\/en\\\/#\\\/schema\\\/person\\\/761c9ba54fa1ca84d405cef0831ff751\"},\"headline\":\"Tribunal judiciaire de Paris, le 9 juillet 2025, n\u00b024\\\/04302\",\"datePublished\":\"2026-04-23T22:36:45+00:00\",\"mainEntityOfPage\":{\"@id\":\"https:\\\/\\\/kohenavocats.com\\\/en\\\/tribunal-judiciaire-de-paris-le-9-juillet-2025-n24-04302\\\/\"},\"wordCount\":567,\"commentCount\":0,\"publisher\":{\"@id\":\"https:\\\/\\\/kohenavocats.com\\\/en\\\/#organization\"},\"image\":{\"@id\":\"https:\\\/\\\/kohenavocats.com\\\/en\\\/tribunal-judiciaire-de-paris-le-9-juillet-2025-n24-04302\\\/#primaryimage\"},\"thumbnailUrl\":\"https:\\\/\\\/kohenavocats.com\\\/wp-content\\\/uploads\\\/2024\\\/11\\\/viktor-forgacs-DcHqAJ9o6pc-unsplash.webp\",\"articleSection\":[\"Jurisprudence\"],\"inLanguage\":\"en-US\",\"potentialAction\":[{\"@type\":\"CommentAction\",\"name\":\"Comment\",\"target\":[\"https:\\\/\\\/kohenavocats.com\\\/en\\\/tribunal-judiciaire-de-paris-le-9-juillet-2025-n24-04302\\\/#respond\"]}],\"citation\":\"Tribunal judiciaire de Paris, le 9 juillet 2025, n\u00b024\\\/04302\",\"about\":[{\"@type\":\"Thing\",\"name\":\"Jurisprudence\"}],\"dateModified\":\"2026-04-23T22:36:45+00:00\",\"speakable\":{\"@type\":\"SpeakableSpecification\",\"cssSelector\":[\".article-content > p:first-of-type\"]}},{\"@type\":\"WebPage\",\"@id\":\"https:\\\/\\\/kohenavocats.com\\\/en\\\/tribunal-judiciaire-de-paris-le-9-juillet-2025-n24-04302\\\/\",\"url\":\"https:\\\/\\\/kohenavocats.com\\\/en\\\/tribunal-judiciaire-de-paris-le-9-juillet-2025-n24-04302\\\/\",\"name\":\"Tribunal judiciaire de Paris, le 9 juillet 2025, n\u00b024\\\/04302 - Ma\u00eetre Hassan Kohen, avocat en droit p\u00e9nal \u00e0 Paris\",\"isPartOf\":{\"@id\":\"https:\\\/\\\/kohenavocats.com\\\/en\\\/#website\"},\"primaryImageOfPage\":{\"@id\":\"https:\\\/\\\/kohenavocats.com\\\/en\\\/tribunal-judiciaire-de-paris-le-9-juillet-2025-n24-04302\\\/#primaryimage\"},\"image\":{\"@id\":\"https:\\\/\\\/kohenavocats.com\\\/en\\\/tribunal-judiciaire-de-paris-le-9-juillet-2025-n24-04302\\\/#primaryimage\"},\"thumbnailUrl\":\"https:\\\/\\\/kohenavocats.com\\\/wp-content\\\/uploads\\\/2024\\\/11\\\/viktor-forgacs-DcHqAJ9o6pc-unsplash.webp\",\"datePublished\":\"2026-04-23T22:36:45+00:00\",\"description\":\"Le tribunal judiciaire de Paris, le 9 juillet 2025, a statu\u00e9 sur une demande en responsabilit\u00e9 de l'\u00c9tat pour d\u00e9lai d\u00e9raisonnable de proc\u00e9dure. Un justiciabl...\",\"breadcrumb\":{\"@id\":\"https:\\\/\\\/kohenavocats.com\\\/en\\\/tribunal-judiciaire-de-paris-le-9-juillet-2025-n24-04302\\\/#breadcrumb\"},\"inLanguage\":\"en-US\",\"potentialAction\":[{\"@type\":\"ReadAction\",\"target\":[\"https:\\\/\\\/kohenavocats.com\\\/en\\\/tribunal-judiciaire-de-paris-le-9-juillet-2025-n24-04302\\\/\"]}]},{\"@type\":\"ImageObject\",\"inLanguage\":\"en-US\",\"@id\":\"https:\\\/\\\/kohenavocats.com\\\/en\\\/tribunal-judiciaire-de-paris-le-9-juillet-2025-n24-04302\\\/#primaryimage\",\"url\":\"https:\\\/\\\/kohenavocats.com\\\/wp-content\\\/uploads\\\/2024\\\/11\\\/viktor-forgacs-DcHqAJ9o6pc-unsplash.webp\",\"contentUrl\":\"https:\\\/\\\/kohenavocats.com\\\/wp-content\\\/uploads\\\/2024\\\/11\\\/viktor-forgacs-DcHqAJ9o6pc-unsplash.webp\",\"width\":3500,\"height\":2476},{\"@type\":\"BreadcrumbList\",\"@id\":\"https:\\\/\\\/kohenavocats.com\\\/en\\\/tribunal-judiciaire-de-paris-le-9-juillet-2025-n24-04302\\\/#breadcrumb\",\"itemListElement\":[{\"@type\":\"ListItem\",\"position\":1,\"name\":\"Home\",\"item\":\"https:\\\/\\\/kohenavocats.com\\\/en\\\/criminal-law-attorneys-in-paris-counsel-and-strategic-defense\\\/\"},{\"@type\":\"ListItem\",\"position\":2,\"name\":\"Tribunal judiciaire de Paris, le 9 juillet 2025, n\u00b024\\\/04302\"}]},{\"@type\":\"WebSite\",\"@id\":\"https:\\\/\\\/kohenavocats.com\\\/en\\\/#website\",\"url\":\"https:\\\/\\\/kohenavocats.com\\\/en\\\/\",\"name\":\"Kohen Avocats\",\"description\":\"Ma\u00eetre Hassan Kohen, avocat p\u00e9naliste \u00e0 Paris, intervient exclusivement en droit p\u00e9nal pour la d\u00e9fense des particuliers, notamment en mati\u00e8re d\u2019accusations de viol. Il assure un accompagnement rigoureux d\u00e8s la garde \u00e0 vue jusqu\u2019\u00e0 la Cour d\u2019assises, veillant au strict respect des garanties proc\u00e9durales.\",\"publisher\":{\"@id\":\"https:\\\/\\\/kohenavocats.com\\\/en\\\/#organization\"},\"potentialAction\":[{\"@type\":\"SearchAction\",\"target\":{\"@type\":\"EntryPoint\",\"urlTemplate\":\"https:\\\/\\\/kohenavocats.com\\\/en\\\/?s={search_term_string}\"},\"query-input\":{\"@type\":\"PropertyValueSpecification\",\"valueRequired\":true,\"valueName\":\"search_term_string\"}}],\"inLanguage\":\"en-US\"},{\"@type\":\"Organization\",\"@id\":\"https:\\\/\\\/kohenavocats.com\\\/en\\\/#organization\",\"name\":\"Kohen Avocats\",\"url\":\"https:\\\/\\\/kohenavocats.com\\\/en\\\/\",\"logo\":{\"@type\":\"ImageObject\",\"inLanguage\":\"en-US\",\"@id\":\"https:\\\/\\\/kohenavocats.com\\\/en\\\/#\\\/schema\\\/logo\\\/image\\\/\",\"url\":\"https:\\\/\\\/kohenavocats.com\\\/wp-content\\\/uploads\\\/2026\\\/01\\\/Logo-2-1.webp\",\"contentUrl\":\"https:\\\/\\\/kohenavocats.com\\\/wp-content\\\/uploads\\\/2026\\\/01\\\/Logo-2-1.webp\",\"width\":2114,\"height\":1253,\"caption\":\"Kohen Avocats\"},\"image\":{\"@id\":\"https:\\\/\\\/kohenavocats.com\\\/en\\\/#\\\/schema\\\/logo\\\/image\\\/\"}},{\"@type\":\"Person\",\"@id\":\"https:\\\/\\\/kohenavocats.com\\\/en\\\/#\\\/schema\\\/person\\\/761c9ba54fa1ca84d405cef0831ff751\",\"name\":\"Kohen\",\"image\":{\"@type\":\"ImageObject\",\"inLanguage\":\"en-US\",\"@id\":\"https:\\\/\\\/secure.gravatar.com\\\/avatar\\\/1c5e76ef76bbbfdd2b4da984e2bf2fa4056fd51a27d25ce2c332047f1dfd6e00?s=96&d=identicon&r=g\",\"url\":\"https:\\\/\\\/secure.gravatar.com\\\/avatar\\\/1c5e76ef76bbbfdd2b4da984e2bf2fa4056fd51a27d25ce2c332047f1dfd6e00?s=96&d=identicon&r=g\",\"contentUrl\":\"https:\\\/\\\/secure.gravatar.com\\\/avatar\\\/1c5e76ef76bbbfdd2b4da984e2bf2fa4056fd51a27d25ce2c332047f1dfd6e00?s=96&d=identicon&r=g\",\"caption\":\"Kohen\"},\"sameAs\":[\"https:\\\/\\\/www.linkedin.com\\\/in\\\/hassan-kohen-448548192\\\/\",\"https:\\\/\\\/www.youtube.com\\\/@Kohen-Avocats\"],\"url\":\"https:\\\/\\\/kohenavocats.com\\\/en\\\/author\\\/kohenmlk\\\/\"}]}<\/script>\n<!-- \/ Yoast SEO Premium plugin. -->","yoast_head_json":{"title":"Tribunal judiciaire de Paris, le 9 juillet 2025, n\u00b024\/04302 - Ma\u00eetre Hassan Kohen, avocat en droit p\u00e9nal \u00e0 Paris","description":"Le tribunal judiciaire de Paris, le 9 juillet 2025, a statu\u00e9 sur une demande en responsabilit\u00e9 de l'\u00c9tat pour d\u00e9lai d\u00e9raisonnable de proc\u00e9dure. Un justiciabl...","robots":{"index":"index","follow":"follow","max-snippet":"max-snippet:-1","max-image-preview":"max-image-preview:large","max-video-preview":"max-video-preview:-1"},"canonical":"https:\/\/kohenavocats.com\/en\/tribunal-judiciaire-de-paris-le-9-juillet-2025-n24-04302\/","og_locale":"en_US","og_type":"article","og_title":"Tribunal judiciaire de Paris, le 9 juillet 2025, n\u00b024\/04302","og_description":"Le tribunal judiciaire de Paris, le 9 juillet 2025, a statu\u00e9 sur une demande en responsabilit\u00e9 de l'\u00c9tat pour d\u00e9lai d\u00e9raisonnable de proc\u00e9dure. Un justiciabl...","og_url":"https:\/\/kohenavocats.com\/en\/tribunal-judiciaire-de-paris-le-9-juillet-2025-n24-04302\/","og_site_name":"Ma\u00eetre Hassan Kohen, avocat en droit p\u00e9nal \u00e0 Paris","article_published_time":"2026-04-23T22:36:45+00:00","og_image":[{"width":3500,"height":2476,"url":"https:\/\/kohenavocats.com\/wp-content\/uploads\/2024\/11\/viktor-forgacs-DcHqAJ9o6pc-unsplash.webp","type":"image\/webp"}],"author":"Kohen","twitter_card":"summary_large_image","twitter_misc":{"Written by":"Kohen","Est. reading time":"3 minutes"},"schema":{"@context":"https:\/\/schema.org","@graph":[{"@type":"Article","@id":"https:\/\/kohenavocats.com\/en\/tribunal-judiciaire-de-paris-le-9-juillet-2025-n24-04302\/#article","isPartOf":{"@id":"https:\/\/kohenavocats.com\/en\/tribunal-judiciaire-de-paris-le-9-juillet-2025-n24-04302\/"},"author":{"name":"Kohen","@id":"https:\/\/kohenavocats.com\/en\/#\/schema\/person\/761c9ba54fa1ca84d405cef0831ff751"},"headline":"Tribunal judiciaire de Paris, le 9 juillet 2025, n\u00b024\/04302","datePublished":"2026-04-23T22:36:45+00:00","mainEntityOfPage":{"@id":"https:\/\/kohenavocats.com\/en\/tribunal-judiciaire-de-paris-le-9-juillet-2025-n24-04302\/"},"wordCount":567,"commentCount":0,"publisher":{"@id":"https:\/\/kohenavocats.com\/en\/#organization"},"image":{"@id":"https:\/\/kohenavocats.com\/en\/tribunal-judiciaire-de-paris-le-9-juillet-2025-n24-04302\/#primaryimage"},"thumbnailUrl":"https:\/\/kohenavocats.com\/wp-content\/uploads\/2024\/11\/viktor-forgacs-DcHqAJ9o6pc-unsplash.webp","articleSection":["Jurisprudence"],"inLanguage":"en-US","potentialAction":[{"@type":"CommentAction","name":"Comment","target":["https:\/\/kohenavocats.com\/en\/tribunal-judiciaire-de-paris-le-9-juillet-2025-n24-04302\/#respond"]}],"citation":"Tribunal judiciaire de Paris, le 9 juillet 2025, n\u00b024\/04302","about":[{"@type":"Thing","name":"Jurisprudence"}],"dateModified":"2026-04-23T22:36:45+00:00","speakable":{"@type":"SpeakableSpecification","cssSelector":[".article-content > p:first-of-type"]}},{"@type":"WebPage","@id":"https:\/\/kohenavocats.com\/en\/tribunal-judiciaire-de-paris-le-9-juillet-2025-n24-04302\/","url":"https:\/\/kohenavocats.com\/en\/tribunal-judiciaire-de-paris-le-9-juillet-2025-n24-04302\/","name":"Tribunal judiciaire de Paris, le 9 juillet 2025, n\u00b024\/04302 - Ma\u00eetre Hassan Kohen, avocat en droit p\u00e9nal \u00e0 Paris","isPartOf":{"@id":"https:\/\/kohenavocats.com\/en\/#website"},"primaryImageOfPage":{"@id":"https:\/\/kohenavocats.com\/en\/tribunal-judiciaire-de-paris-le-9-juillet-2025-n24-04302\/#primaryimage"},"image":{"@id":"https:\/\/kohenavocats.com\/en\/tribunal-judiciaire-de-paris-le-9-juillet-2025-n24-04302\/#primaryimage"},"thumbnailUrl":"https:\/\/kohenavocats.com\/wp-content\/uploads\/2024\/11\/viktor-forgacs-DcHqAJ9o6pc-unsplash.webp","datePublished":"2026-04-23T22:36:45+00:00","description":"Le tribunal judiciaire de Paris, le 9 juillet 2025, a statu\u00e9 sur une demande en responsabilit\u00e9 de l'\u00c9tat pour d\u00e9lai d\u00e9raisonnable de proc\u00e9dure. Un justiciabl...","breadcrumb":{"@id":"https:\/\/kohenavocats.com\/en\/tribunal-judiciaire-de-paris-le-9-juillet-2025-n24-04302\/#breadcrumb"},"inLanguage":"en-US","potentialAction":[{"@type":"ReadAction","target":["https:\/\/kohenavocats.com\/en\/tribunal-judiciaire-de-paris-le-9-juillet-2025-n24-04302\/"]}]},{"@type":"ImageObject","inLanguage":"en-US","@id":"https:\/\/kohenavocats.com\/en\/tribunal-judiciaire-de-paris-le-9-juillet-2025-n24-04302\/#primaryimage","url":"https:\/\/kohenavocats.com\/wp-content\/uploads\/2024\/11\/viktor-forgacs-DcHqAJ9o6pc-unsplash.webp","contentUrl":"https:\/\/kohenavocats.com\/wp-content\/uploads\/2024\/11\/viktor-forgacs-DcHqAJ9o6pc-unsplash.webp","width":3500,"height":2476},{"@type":"BreadcrumbList","@id":"https:\/\/kohenavocats.com\/en\/tribunal-judiciaire-de-paris-le-9-juillet-2025-n24-04302\/#breadcrumb","itemListElement":[{"@type":"ListItem","position":1,"name":"Home","item":"https:\/\/kohenavocats.com\/en\/criminal-law-attorneys-in-paris-counsel-and-strategic-defense\/"},{"@type":"ListItem","position":2,"name":"Tribunal judiciaire de Paris, le 9 juillet 2025, n\u00b024\/04302"}]},{"@type":"WebSite","@id":"https:\/\/kohenavocats.com\/en\/#website","url":"https:\/\/kohenavocats.com\/en\/","name":"Kohen Avocats","description":"Ma\u00eetre Hassan Kohen, avocat p\u00e9naliste \u00e0 Paris, intervient exclusivement en droit p\u00e9nal pour la d\u00e9fense des particuliers, notamment en mati\u00e8re d\u2019accusations de viol. Il assure un accompagnement rigoureux d\u00e8s la garde \u00e0 vue jusqu\u2019\u00e0 la Cour d\u2019assises, veillant au strict respect des garanties proc\u00e9durales.","publisher":{"@id":"https:\/\/kohenavocats.com\/en\/#organization"},"potentialAction":[{"@type":"SearchAction","target":{"@type":"EntryPoint","urlTemplate":"https:\/\/kohenavocats.com\/en\/?s={search_term_string}"},"query-input":{"@type":"PropertyValueSpecification","valueRequired":true,"valueName":"search_term_string"}}],"inLanguage":"en-US"},{"@type":"Organization","@id":"https:\/\/kohenavocats.com\/en\/#organization","name":"Kohen Avocats","url":"https:\/\/kohenavocats.com\/en\/","logo":{"@type":"ImageObject","inLanguage":"en-US","@id":"https:\/\/kohenavocats.com\/en\/#\/schema\/logo\/image\/","url":"https:\/\/kohenavocats.com\/wp-content\/uploads\/2026\/01\/Logo-2-1.webp","contentUrl":"https:\/\/kohenavocats.com\/wp-content\/uploads\/2026\/01\/Logo-2-1.webp","width":2114,"height":1253,"caption":"Kohen Avocats"},"image":{"@id":"https:\/\/kohenavocats.com\/en\/#\/schema\/logo\/image\/"}},{"@type":"Person","@id":"https:\/\/kohenavocats.com\/en\/#\/schema\/person\/761c9ba54fa1ca84d405cef0831ff751","name":"Kohen","image":{"@type":"ImageObject","inLanguage":"en-US","@id":"https:\/\/secure.gravatar.com\/avatar\/1c5e76ef76bbbfdd2b4da984e2bf2fa4056fd51a27d25ce2c332047f1dfd6e00?s=96&d=identicon&r=g","url":"https:\/\/secure.gravatar.com\/avatar\/1c5e76ef76bbbfdd2b4da984e2bf2fa4056fd51a27d25ce2c332047f1dfd6e00?s=96&d=identicon&r=g","contentUrl":"https:\/\/secure.gravatar.com\/avatar\/1c5e76ef76bbbfdd2b4da984e2bf2fa4056fd51a27d25ce2c332047f1dfd6e00?s=96&d=identicon&r=g","caption":"Kohen"},"sameAs":["https:\/\/www.linkedin.com\/in\/hassan-kohen-448548192\/","https:\/\/www.youtube.com\/@Kohen-Avocats"],"url":"https:\/\/kohenavocats.com\/en\/author\/kohenmlk\/"}]}},"jetpack_featured_media_url":"https:\/\/kohenavocats.com\/wp-content\/uploads\/2024\/11\/viktor-forgacs-DcHqAJ9o6pc-unsplash.webp","jetpack_likes_enabled":false,"jetpack_shortlink":"https:\/\/wp.me\/peCrII-2Ne4","jetpack-related-posts":[{"id":269107,"url":"https:\/\/kohenavocats.com\/en\/tribunal-judiciaire-de-aix-en-provence-le-26-juin-2025-n23-04631\/","url_meta":{"origin":665884,"position":0},"title":"Tribunal judiciaire de Aix-en-Provence, le 26 juin 2025, n\u00b023\/04631","author":"Kohen","date":"10 January 2026","format":false,"excerpt":"Par un jugement du tribunal judiciaire d\u2019Aix-en-Provence du 26 juin 2025, la juridiction retient la responsabilit\u00e9 du service public de la justice pour dur\u00e9e excessive de proc\u00e9dure. Le contentieux porte sur la mise en cause de la responsabilit\u00e9 pour fonctionnement d\u00e9fectueux, au regard de rep\u00e8res temporels pr\u00e9cis et de l\u2019absence\u2026","rel":"","context":"In &quot;D\u00e9cisions juridiques&quot;","block_context":{"text":"D\u00e9cisions juridiques","link":"https:\/\/kohenavocats.com\/category\/decisions-juridiques\/"},"img":{"alt_text":"","src":"https:\/\/i0.wp.com\/kohenavocats.com\/wp-content\/uploads\/2024\/07\/dmitrij-paskevic-YjVa-F9P9kk-unsplash.webp?resize=350%2C200&ssl=1","width":350,"height":200,"srcset":"https:\/\/i0.wp.com\/kohenavocats.com\/wp-content\/uploads\/2024\/07\/dmitrij-paskevic-YjVa-F9P9kk-unsplash.webp?resize=350%2C200&ssl=1 1x, https:\/\/i0.wp.com\/kohenavocats.com\/wp-content\/uploads\/2024\/07\/dmitrij-paskevic-YjVa-F9P9kk-unsplash.webp?resize=525%2C300&ssl=1 1.5x, https:\/\/i0.wp.com\/kohenavocats.com\/wp-content\/uploads\/2024\/07\/dmitrij-paskevic-YjVa-F9P9kk-unsplash.webp?resize=700%2C400&ssl=1 2x, https:\/\/i0.wp.com\/kohenavocats.com\/wp-content\/uploads\/2024\/07\/dmitrij-paskevic-YjVa-F9P9kk-unsplash.webp?resize=1050%2C600&ssl=1 3x, https:\/\/i0.wp.com\/kohenavocats.com\/wp-content\/uploads\/2024\/07\/dmitrij-paskevic-YjVa-F9P9kk-unsplash.webp?resize=1400%2C800&ssl=1 4x"},"classes":[]},{"id":308248,"url":"https:\/\/kohenavocats.com\/en\/tribunal-judiciaire-de-paris-le-9-juillet-2025-n24-03124\/","url_meta":{"origin":665884,"position":1},"title":"Tribunal judiciaire de Paris, le 9 juillet 2025, n\u00b024\/03124","author":"Kohen","date":"6 February 2026","format":false,"excerpt":"Le Tribunal judiciaire de Paris, dans un jugement du 9 juillet 2025, a \u00e9t\u00e9 saisi d\u2019une action en responsabilit\u00e9 de l\u2019\u00c9tat pour d\u00e9ni de justice. Le demandeur invoquait l\u2019article L. 141-1 du code de l\u2019organisation judiciaire, estimant que la dur\u00e9e excessive d\u2019un proc\u00e8s prud\u2019homal engageait la responsabilit\u00e9 de la puissance\u2026","rel":"","context":"In &quot;D\u00e9cisions juridiques&quot;","block_context":{"text":"D\u00e9cisions juridiques","link":"https:\/\/kohenavocats.com\/category\/decisions-juridiques\/"},"img":{"alt_text":"","src":"https:\/\/i0.wp.com\/kohenavocats.com\/wp-content\/uploads\/2024\/08\/valeria-m-zgvMPH83znI-unsplash.webp?resize=350%2C200&ssl=1","width":350,"height":200,"srcset":"https:\/\/i0.wp.com\/kohenavocats.com\/wp-content\/uploads\/2024\/08\/valeria-m-zgvMPH83znI-unsplash.webp?resize=350%2C200&ssl=1 1x, https:\/\/i0.wp.com\/kohenavocats.com\/wp-content\/uploads\/2024\/08\/valeria-m-zgvMPH83znI-unsplash.webp?resize=525%2C300&ssl=1 1.5x, https:\/\/i0.wp.com\/kohenavocats.com\/wp-content\/uploads\/2024\/08\/valeria-m-zgvMPH83znI-unsplash.webp?resize=700%2C400&ssl=1 2x, https:\/\/i0.wp.com\/kohenavocats.com\/wp-content\/uploads\/2024\/08\/valeria-m-zgvMPH83znI-unsplash.webp?resize=1050%2C600&ssl=1 3x, https:\/\/i0.wp.com\/kohenavocats.com\/wp-content\/uploads\/2024\/08\/valeria-m-zgvMPH83znI-unsplash.webp?resize=1400%2C800&ssl=1 4x"},"classes":[]},{"id":262567,"url":"https:\/\/kohenavocats.com\/en\/tribunal-judiciaire-de-bordeaux-le-1-juillet-2025-n25-00800\/","url_meta":{"origin":665884,"position":2},"title":"Tribunal judiciaire de Bordeaux, le 1 juillet 2025, n\u00b025\/00800","author":"Kohen","date":"9 January 2026","format":false,"excerpt":"Le tribunal judiciaire de [Localit\u00e9 7], le 1er juillet 2025, tranche une contestation de saisie-attribution engag\u00e9e \u00e0 la suite d\u2019une condamnation prud\u2019homale confirm\u00e9e par la cour d\u2019appel de [Localit\u00e9 7] le 25 juillet 2024, et d\u2019un arr\u00eat du 28 novembre 2024 rejetant une requ\u00eate en interpr\u00e9tation. L\u2019employeur sollicitait la mainlev\u00e9e,\u2026","rel":"","context":"In &quot;D\u00e9cisions juridiques&quot;","block_context":{"text":"D\u00e9cisions juridiques","link":"https:\/\/kohenavocats.com\/category\/decisions-juridiques\/"},"img":{"alt_text":"","src":"https:\/\/i0.wp.com\/kohenavocats.com\/wp-content\/uploads\/2024\/08\/maximilian-zahn-SKf_POUVJnQ-unsplash.webp?resize=350%2C200&ssl=1","width":350,"height":200,"srcset":"https:\/\/i0.wp.com\/kohenavocats.com\/wp-content\/uploads\/2024\/08\/maximilian-zahn-SKf_POUVJnQ-unsplash.webp?resize=350%2C200&ssl=1 1x, https:\/\/i0.wp.com\/kohenavocats.com\/wp-content\/uploads\/2024\/08\/maximilian-zahn-SKf_POUVJnQ-unsplash.webp?resize=525%2C300&ssl=1 1.5x, https:\/\/i0.wp.com\/kohenavocats.com\/wp-content\/uploads\/2024\/08\/maximilian-zahn-SKf_POUVJnQ-unsplash.webp?resize=700%2C400&ssl=1 2x, https:\/\/i0.wp.com\/kohenavocats.com\/wp-content\/uploads\/2024\/08\/maximilian-zahn-SKf_POUVJnQ-unsplash.webp?resize=1050%2C600&ssl=1 3x, https:\/\/i0.wp.com\/kohenavocats.com\/wp-content\/uploads\/2024\/08\/maximilian-zahn-SKf_POUVJnQ-unsplash.webp?resize=1400%2C800&ssl=1 4x"},"classes":[]},{"id":285634,"url":"https:\/\/kohenavocats.com\/en\/cour-dappel-administrative-de-paris-le-19-decembre-2025-n25pa03942\/","url_meta":{"origin":665884,"position":3},"title":"Cour d&#8217;appel administrative de Paris, le 19 d\u00e9cembre 2025, n\u00b025PA03942","author":"Kohen","date":"13 January 2026","format":false,"excerpt":"La cour administrative d'appel de Paris a rendu, le 19 d\u00e9cembre 2025, un arr\u00eat relatif \u00e0 la situation administrative d'un ressortissant \u00e9tranger demandeur d'asile. Un homme de nationalit\u00e9 \u00e9trang\u00e8re est entr\u00e9 irr\u00e9guli\u00e8rement en France avant de solliciter la protection internationale aupr\u00e8s des autorit\u00e9s comp\u00e9tentes. Suite \u00e0 la d\u00e9couverte d'une demande\u2026","rel":"","context":"In &quot;Cour administrative d'appel&quot;","block_context":{"text":"Cour administrative d'appel","link":"https:\/\/kohenavocats.com\/category\/cour-administrative-dappel\/"},"img":{"alt_text":"","src":"https:\/\/i0.wp.com\/kohenavocats.com\/wp-content\/uploads\/2024\/11\/pawel-czerwinski-EPAQ0_u0VZo-unsplash.webp?resize=350%2C200&ssl=1","width":350,"height":200,"srcset":"https:\/\/i0.wp.com\/kohenavocats.com\/wp-content\/uploads\/2024\/11\/pawel-czerwinski-EPAQ0_u0VZo-unsplash.webp?resize=350%2C200&ssl=1 1x, https:\/\/i0.wp.com\/kohenavocats.com\/wp-content\/uploads\/2024\/11\/pawel-czerwinski-EPAQ0_u0VZo-unsplash.webp?resize=525%2C300&ssl=1 1.5x, https:\/\/i0.wp.com\/kohenavocats.com\/wp-content\/uploads\/2024\/11\/pawel-czerwinski-EPAQ0_u0VZo-unsplash.webp?resize=700%2C400&ssl=1 2x, https:\/\/i0.wp.com\/kohenavocats.com\/wp-content\/uploads\/2024\/11\/pawel-czerwinski-EPAQ0_u0VZo-unsplash.webp?resize=1050%2C600&ssl=1 3x, https:\/\/i0.wp.com\/kohenavocats.com\/wp-content\/uploads\/2024\/11\/pawel-czerwinski-EPAQ0_u0VZo-unsplash.webp?resize=1400%2C800&ssl=1 4x"},"classes":[]},{"id":263715,"url":"https:\/\/kohenavocats.com\/en\/tribunal-judiciaire-de-paris-le-26-juin-2025-n24-04583\/","url_meta":{"origin":665884,"position":4},"title":"Tribunal judiciaire de Paris, le 26 juin 2025, n\u00b024\/04583","author":"Kohen","date":"9 January 2026","format":false,"excerpt":"Tribunal judiciaire de [Localit\u00e9 3], 26 juin 2025, n\u00b0 RG 24\/04583, n\u00b0 Portalis 352J-W-B7I-C5X2P. Saisie d\u2019une opposition \u00e0 injonction de payer, la juridiction tranche un diff\u00e9rend n\u00e9 d\u2019une convention de consultation. La convention conclue le 27 juillet 2022 pr\u00e9voyait une consultation en mati\u00e8re successorale, livrable au 30 septembre 2022, pour\u2026","rel":"","context":"In &quot;D\u00e9cisions juridiques&quot;","block_context":{"text":"D\u00e9cisions juridiques","link":"https:\/\/kohenavocats.com\/category\/decisions-juridiques\/"},"img":{"alt_text":"","src":"https:\/\/i0.wp.com\/kohenavocats.com\/wp-content\/uploads\/2024\/08\/diane-picchiottino-wQiJxPvRk5U-unsplash.webp?resize=350%2C200&ssl=1","width":350,"height":200,"srcset":"https:\/\/i0.wp.com\/kohenavocats.com\/wp-content\/uploads\/2024\/08\/diane-picchiottino-wQiJxPvRk5U-unsplash.webp?resize=350%2C200&ssl=1 1x, https:\/\/i0.wp.com\/kohenavocats.com\/wp-content\/uploads\/2024\/08\/diane-picchiottino-wQiJxPvRk5U-unsplash.webp?resize=525%2C300&ssl=1 1.5x, https:\/\/i0.wp.com\/kohenavocats.com\/wp-content\/uploads\/2024\/08\/diane-picchiottino-wQiJxPvRk5U-unsplash.webp?resize=700%2C400&ssl=1 2x, https:\/\/i0.wp.com\/kohenavocats.com\/wp-content\/uploads\/2024\/08\/diane-picchiottino-wQiJxPvRk5U-unsplash.webp?resize=1050%2C600&ssl=1 3x, https:\/\/i0.wp.com\/kohenavocats.com\/wp-content\/uploads\/2024\/08\/diane-picchiottino-wQiJxPvRk5U-unsplash.webp?resize=1400%2C800&ssl=1 4x"},"classes":[]},{"id":262014,"url":"https:\/\/kohenavocats.com\/en\/tribunal-judiciaire-de-nanterre-le-26-juin-2025-n25-02358\/","url_meta":{"origin":665884,"position":5},"title":"Tribunal judiciaire de Nanterre, le 26 juin 2025, n\u00b025\/02358","author":"Kohen","date":"9 January 2026","format":false,"excerpt":"Le juge de l\u2019ex\u00e9cution du tribunal judiciaire de Nanterre, le 26 juin 2025, est saisi d\u2019une demande d\u2019astreinte en vue d\u2019assurer l\u2019ex\u00e9cution d\u2019une d\u00e9cision prud\u2019homale, confirm\u00e9e par la cour d\u2019appel de Versailles le 21 d\u00e9cembre 2023, ordonnant la r\u00e9gularisation de la situation sociale d\u2019un salari\u00e9. L\u2019origine du litige tient \u00e0\u2026","rel":"","context":"In &quot;D\u00e9cisions juridiques&quot;","block_context":{"text":"D\u00e9cisions juridiques","link":"https:\/\/kohenavocats.com\/category\/decisions-juridiques\/"},"img":{"alt_text":"","src":"https:\/\/i0.wp.com\/kohenavocats.com\/wp-content\/uploads\/2024\/08\/robert-ruggiero-cIGWrsKV_1I-unsplash.webp?resize=350%2C200&ssl=1","width":350,"height":200,"srcset":"https:\/\/i0.wp.com\/kohenavocats.com\/wp-content\/uploads\/2024\/08\/robert-ruggiero-cIGWrsKV_1I-unsplash.webp?resize=350%2C200&ssl=1 1x, https:\/\/i0.wp.com\/kohenavocats.com\/wp-content\/uploads\/2024\/08\/robert-ruggiero-cIGWrsKV_1I-unsplash.webp?resize=525%2C300&ssl=1 1.5x, https:\/\/i0.wp.com\/kohenavocats.com\/wp-content\/uploads\/2024\/08\/robert-ruggiero-cIGWrsKV_1I-unsplash.webp?resize=700%2C400&ssl=1 2x, https:\/\/i0.wp.com\/kohenavocats.com\/wp-content\/uploads\/2024\/08\/robert-ruggiero-cIGWrsKV_1I-unsplash.webp?resize=1050%2C600&ssl=1 3x, https:\/\/i0.wp.com\/kohenavocats.com\/wp-content\/uploads\/2024\/08\/robert-ruggiero-cIGWrsKV_1I-unsplash.webp?resize=1400%2C800&ssl=1 4x"},"classes":[]}],"jetpack_sharing_enabled":true,"_links":{"self":[{"href":"https:\/\/kohenavocats.com\/en\/wp-json\/wp\/v2\/posts\/665884","targetHints":{"allow":["GET"]}}],"collection":[{"href":"https:\/\/kohenavocats.com\/en\/wp-json\/wp\/v2\/posts"}],"about":[{"href":"https:\/\/kohenavocats.com\/en\/wp-json\/wp\/v2\/types\/post"}],"author":[{"embeddable":true,"href":"https:\/\/kohenavocats.com\/en\/wp-json\/wp\/v2\/users\/232070755"}],"replies":[{"embeddable":true,"href":"https:\/\/kohenavocats.com\/en\/wp-json\/wp\/v2\/comments?post=665884"}],"version-history":[{"count":0,"href":"https:\/\/kohenavocats.com\/en\/wp-json\/wp\/v2\/posts\/665884\/revisions"}],"wp:featuredmedia":[{"embeddable":true,"href":"https:\/\/kohenavocats.com\/en\/wp-json\/wp\/v2\/media\/9434"}],"wp:attachment":[{"href":"https:\/\/kohenavocats.com\/en\/wp-json\/wp\/v2\/media?parent=665884"}],"wp:term":[{"taxonomy":"category","embeddable":true,"href":"https:\/\/kohenavocats.com\/en\/wp-json\/wp\/v2\/categories?post=665884"},{"taxonomy":"post_tag","embeddable":true,"href":"https:\/\/kohenavocats.com\/en\/wp-json\/wp\/v2\/tags?post=665884"}],"curies":[{"name":"wp","href":"https:\/\/api.w.org\/{rel}","templated":true}]}}