{"id":665887,"date":"2026-04-24T00:36:48","date_gmt":"2026-04-23T22:36:48","guid":{"rendered":"https:\/\/kohenavocats.com\/tribunal-judiciaire-de-lyon-le-10-mars-2025-n24-04296\/"},"modified":"2026-04-24T00:36:48","modified_gmt":"2026-04-23T22:36:48","slug":"tribunal-judiciaire-de-lyon-le-10-mars-2025-n24-04296","status":"publish","type":"post","link":"https:\/\/kohenavocats.com\/en\/tribunal-judiciaire-de-lyon-le-10-mars-2025-n24-04296\/","title":{"rendered":"Tribunal judiciaire de Lyon, le 10 mars 2025, n\u00b024\/04296"},"content":{"rendered":"<div class=\"article-content\">\n<p>Le tribunal judiciaire, dans une d\u00e9cision du 10 mars 2025, a \u00e9t\u00e9 saisi d&#8217;une demande en responsabilit\u00e9 de l&#8217;Etat pour d\u00e9ni de justice. Un justiciable reprochait la dur\u00e9e excessive de deux proc\u00e9dures prud&#8217;homales le concernant. La juridiction a reconnu l&#8217;existence d&#8217;un d\u00e9lai d\u00e9raisonnable global de trente et un mois. Elle a condamn\u00e9 l&#8217;Etat \u00e0 r\u00e9parer le pr\u00e9judice moral subi par une indemnisation forfaitaire mensuelle. Elle a en revanche d\u00e9bout\u00e9 le demandeur de sa pr\u00e9tention \u00e0 un pr\u00e9judice mat\u00e9riel.<\/p>\n<p>La caract\u00e9risation concr\u00e8te du d\u00e9ni de justice par l&#8217;appr\u00e9ciation segment\u00e9e des d\u00e9lais<\/p>\n<p>Le juge op\u00e8re une analyse d\u00e9taill\u00e9e de chaque phase proc\u00e9durale pour identifier les d\u00e9lais excessifs. Il \u00e9value s\u00e9par\u00e9ment les instances en premi\u00e8re instance et en appel pour les deux litiges distincts. La m\u00e9thode consiste \u00e0 comparer les d\u00e9lais effectivement \u00e9coul\u00e9s \u00e0 une dur\u00e9e raisonnable de r\u00e9f\u00e9rence. &#8220;Le caract\u00e8re raisonnable de la dur\u00e9e d&#8217;une proc\u00e9dure doit n\u00e9anmoins s&#8217;appr\u00e9cier \u00e0 la lumi\u00e8re des circonstances propres \u00e0 chaque esp\u00e8ce&#8221; (Motifs). Cette appr\u00e9ciation in concreto permet d&#8217;isoler pr\u00e9cis\u00e9ment les p\u00e9riodes de retard imputables au service public.<\/p>\n<p>La d\u00e9cision affine les crit\u00e8res d&#8217;appr\u00e9ciation en int\u00e9grant des \u00e9l\u00e9ments contextuels sp\u00e9cifiques. Elle \u00e9carte par exemple la prise en compte des p\u00e9riodes de vacances judiciaires dans certains calculs. &#8220;La p\u00e9riode de vacation judiciaire de l&#8217;\u00e9t\u00e9 2017 ne saurait \u00eatre retenue, n&#8217;\u00e9tant pas intervenue durant le d\u00e9lai raisonnable susvis\u00e9&#8221; (Motifs). Le juge applique \u00e9galement des d\u00e9lais raisonnables diff\u00e9renci\u00e9s selon la nature des actes, comme pour le renvoi apr\u00e8s partage de voix. Cette approche segment\u00e9e et contextualis\u00e9e offre une grille d&#8217;analyse op\u00e9rationnelle pour les praticiens.<\/p>\n<p>La r\u00e9paration du pr\u00e9judice moral li\u00e9 au d\u00e9ni de justice par une indemnisation forfaitaire<\/p>\n<p>Le tribunal adopte une conception restrictive du pr\u00e9judice r\u00e9parable en exigeant une preuve concr\u00e8te. Il rejette la demande d&#8217;indemnisation du pr\u00e9judice mat\u00e9riel faute de justification suffisante. &#8220;Force est de constater qu&#8217;il n&#8217;explicite ni ne justifie aucun pr\u00e9judice mat\u00e9riel personnel particulier&#8221; (Motifs). Concernant le pr\u00e9judice moral, il retient uniquement l&#8217;inqui\u00e9tude prolong\u00e9e due \u00e0 la longueur des proc\u00e9dures. Cette exigence probatoire stricte renforce le principe selon lequel la charge de la preuve incombe au demandeur.<\/p>\n<p>Le mode de calcul de l&#8217;indemnit\u00e9 allou\u00e9e repose sur une \u00e9valuation forfaitaire et syst\u00e9matique. Le juge d\u00e9termine un montant fixe par mois de retard reconnu, sans gradation. &#8220;Son pr\u00e9judice moral d\u00e9coulant de l&#8217;unique d\u00e9lai d\u00e9raisonnable de la proc\u00e9dure sera justement r\u00e9par\u00e9 par l&#8217;allocation d&#8217;une indemnisation de 150 euros par mois de retard subi&#8221; (Motifs). Ce bar\u00e8me implicite vise \u00e0 une r\u00e9paration \u00e9quitable et pr\u00e9visible pour ce type de pr\u00e9judice. Il s&#8217;inscrit dans une logique de simplification et d&#8217;uniformisation de la r\u00e9paration \u00e9tatique.<\/p>\n<p>Cette d\u00e9cision illustre la vigilance des juges \u00e0 garantir le droit \u00e0 un proc\u00e8s \u00e9quitable dans un d\u00e9lai raisonnable. Elle pr\u00e9cise les modalit\u00e9s pratiques de la r\u00e9paration pour d\u00e9ni de justice par une approche segment\u00e9e. Le recours \u00e0 un forfait mensuel pour le pr\u00e9judice moral offre une solution pragmatique et reproductible. Cette jurisprudence contribue ainsi \u00e0 renforcer l&#8217;effectivit\u00e9 du droit \u00e0 une justice rendue en temps utile.<\/p>\n<\/div>\n","protected":false},"excerpt":{"rendered":"<p>Le tribunal judiciaire, dans une d\u00e9cision du 10 mars 2025, a \u00e9t\u00e9 saisi d&#8217;une demande en responsabilit\u00e9 de l&#8217;Etat pour d\u00e9ni de justice. Un justiciable reproch&#8230;<\/p>\n","protected":false},"author":232070755,"featured_media":3557,"comment_status":"open","ping_status":"open","sticky":false,"template":"","format":"standard","meta":{"_crdt_document":"","_jetpack_newsletter_access":"","_jetpack_dont_email_post_to_subs":false,"_jetpack_newsletter_tier_id":0,"_jetpack_memberships_contains_paywalled_content":false,"_jetpack_memberships_contains_paid_content":false,"footnotes":"","jetpack_post_was_ever_published":false},"categories":[7597],"tags":[],"class_list":["post-665887","post","type-post","status-publish","format-standard","has-post-thumbnail","hentry","category-jurisprudence"],"yoast_head":"<!-- This site is optimized with the Yoast SEO Premium plugin v27.4 (Yoast SEO v27.4) - https:\/\/yoast.com\/product\/yoast-seo-premium-wordpress\/ -->\n<title>Tribunal judiciaire de Lyon, le 10 mars 2025, n\u00b024\/04296 - Ma\u00eetre Hassan Kohen, avocat en droit p\u00e9nal \u00e0 Paris<\/title>\n<meta name=\"description\" content=\"Le tribunal judiciaire, dans une d\u00e9cision du 10 mars 2025, a \u00e9t\u00e9 saisi d&#039;une demande en responsabilit\u00e9 de l&#039;Etat pour d\u00e9ni de justice. Un justiciable reproch...\" \/>\n<meta name=\"robots\" content=\"index, follow, max-snippet:-1, max-image-preview:large, max-video-preview:-1\" \/>\n<link rel=\"canonical\" href=\"https:\/\/kohenavocats.com\/en\/tribunal-judiciaire-de-lyon-le-10-mars-2025-n24-04296\/\" \/>\n<meta property=\"og:locale\" content=\"en_US\" \/>\n<meta property=\"og:type\" content=\"article\" \/>\n<meta property=\"og:title\" content=\"Tribunal judiciaire de Lyon, le 10 mars 2025, n\u00b024\/04296\" \/>\n<meta property=\"og:description\" content=\"Le tribunal judiciaire, dans une d\u00e9cision du 10 mars 2025, a \u00e9t\u00e9 saisi d&#039;une demande en responsabilit\u00e9 de l&#039;Etat pour d\u00e9ni de justice. Un justiciable reproch...\" \/>\n<meta property=\"og:url\" content=\"https:\/\/kohenavocats.com\/en\/tribunal-judiciaire-de-lyon-le-10-mars-2025-n24-04296\/\" \/>\n<meta property=\"og:site_name\" content=\"Ma\u00eetre Hassan Kohen, avocat en droit p\u00e9nal \u00e0 Paris\" \/>\n<meta property=\"article:published_time\" content=\"2026-04-23T22:36:48+00:00\" \/>\n<meta property=\"og:image\" content=\"https:\/\/kohenavocats.com\/wp-content\/uploads\/2024\/06\/giammarco-boscaro-eWpBNXRHfTI-unsplash-1024x683.jpg\" \/>\n\t<meta property=\"og:image:width\" content=\"1024\" \/>\n\t<meta property=\"og:image:height\" content=\"683\" \/>\n\t<meta property=\"og:image:type\" content=\"image\/jpeg\" \/>\n<meta name=\"author\" content=\"Kohen\" \/>\n<meta name=\"twitter:card\" content=\"summary_large_image\" \/>\n<meta name=\"twitter:label1\" content=\"Written by\" \/>\n\t<meta name=\"twitter:data1\" content=\"Kohen\" \/>\n\t<meta name=\"twitter:label2\" content=\"Est. reading time\" \/>\n\t<meta name=\"twitter:data2\" content=\"3 minutes\" \/>\n<script type=\"application\/ld+json\" class=\"yoast-schema-graph\">{\"@context\":\"https:\\\/\\\/schema.org\",\"@graph\":[{\"@type\":\"Article\",\"@id\":\"https:\\\/\\\/kohenavocats.com\\\/en\\\/tribunal-judiciaire-de-lyon-le-10-mars-2025-n24-04296\\\/#article\",\"isPartOf\":{\"@id\":\"https:\\\/\\\/kohenavocats.com\\\/en\\\/tribunal-judiciaire-de-lyon-le-10-mars-2025-n24-04296\\\/\"},\"author\":{\"name\":\"Kohen\",\"@id\":\"https:\\\/\\\/kohenavocats.com\\\/en\\\/#\\\/schema\\\/person\\\/761c9ba54fa1ca84d405cef0831ff751\"},\"headline\":\"Tribunal judiciaire de Lyon, le 10 mars 2025, n\u00b024\\\/04296\",\"datePublished\":\"2026-04-23T22:36:48+00:00\",\"mainEntityOfPage\":{\"@id\":\"https:\\\/\\\/kohenavocats.com\\\/en\\\/tribunal-judiciaire-de-lyon-le-10-mars-2025-n24-04296\\\/\"},\"wordCount\":602,\"commentCount\":0,\"publisher\":{\"@id\":\"https:\\\/\\\/kohenavocats.com\\\/en\\\/#organization\"},\"image\":{\"@id\":\"https:\\\/\\\/kohenavocats.com\\\/en\\\/tribunal-judiciaire-de-lyon-le-10-mars-2025-n24-04296\\\/#primaryimage\"},\"thumbnailUrl\":\"https:\\\/\\\/kohenavocats.com\\\/wp-content\\\/uploads\\\/2024\\\/06\\\/giammarco-boscaro-eWpBNXRHfTI-unsplash.jpg\",\"articleSection\":[\"Jurisprudence\"],\"inLanguage\":\"en-US\",\"potentialAction\":[{\"@type\":\"CommentAction\",\"name\":\"Comment\",\"target\":[\"https:\\\/\\\/kohenavocats.com\\\/en\\\/tribunal-judiciaire-de-lyon-le-10-mars-2025-n24-04296\\\/#respond\"]}],\"citation\":\"Tribunal judiciaire de Lyon, le 10 mars 2025, n\u00b024\\\/04296\",\"about\":[{\"@type\":\"Thing\",\"name\":\"Jurisprudence\"}],\"dateModified\":\"2026-04-23T22:36:48+00:00\",\"speakable\":{\"@type\":\"SpeakableSpecification\",\"cssSelector\":[\".article-content > p:first-of-type\"]}},{\"@type\":\"WebPage\",\"@id\":\"https:\\\/\\\/kohenavocats.com\\\/en\\\/tribunal-judiciaire-de-lyon-le-10-mars-2025-n24-04296\\\/\",\"url\":\"https:\\\/\\\/kohenavocats.com\\\/en\\\/tribunal-judiciaire-de-lyon-le-10-mars-2025-n24-04296\\\/\",\"name\":\"Tribunal judiciaire de Lyon, le 10 mars 2025, n\u00b024\\\/04296 - Ma\u00eetre Hassan Kohen, avocat en droit p\u00e9nal \u00e0 Paris\",\"isPartOf\":{\"@id\":\"https:\\\/\\\/kohenavocats.com\\\/en\\\/#website\"},\"primaryImageOfPage\":{\"@id\":\"https:\\\/\\\/kohenavocats.com\\\/en\\\/tribunal-judiciaire-de-lyon-le-10-mars-2025-n24-04296\\\/#primaryimage\"},\"image\":{\"@id\":\"https:\\\/\\\/kohenavocats.com\\\/en\\\/tribunal-judiciaire-de-lyon-le-10-mars-2025-n24-04296\\\/#primaryimage\"},\"thumbnailUrl\":\"https:\\\/\\\/kohenavocats.com\\\/wp-content\\\/uploads\\\/2024\\\/06\\\/giammarco-boscaro-eWpBNXRHfTI-unsplash.jpg\",\"datePublished\":\"2026-04-23T22:36:48+00:00\",\"description\":\"Le tribunal judiciaire, dans une d\u00e9cision du 10 mars 2025, a \u00e9t\u00e9 saisi d'une demande en responsabilit\u00e9 de l'Etat pour d\u00e9ni de justice. Un justiciable reproch...\",\"breadcrumb\":{\"@id\":\"https:\\\/\\\/kohenavocats.com\\\/en\\\/tribunal-judiciaire-de-lyon-le-10-mars-2025-n24-04296\\\/#breadcrumb\"},\"inLanguage\":\"en-US\",\"potentialAction\":[{\"@type\":\"ReadAction\",\"target\":[\"https:\\\/\\\/kohenavocats.com\\\/en\\\/tribunal-judiciaire-de-lyon-le-10-mars-2025-n24-04296\\\/\"]}]},{\"@type\":\"ImageObject\",\"inLanguage\":\"en-US\",\"@id\":\"https:\\\/\\\/kohenavocats.com\\\/en\\\/tribunal-judiciaire-de-lyon-le-10-mars-2025-n24-04296\\\/#primaryimage\",\"url\":\"https:\\\/\\\/kohenavocats.com\\\/wp-content\\\/uploads\\\/2024\\\/06\\\/giammarco-boscaro-eWpBNXRHfTI-unsplash.jpg\",\"contentUrl\":\"https:\\\/\\\/kohenavocats.com\\\/wp-content\\\/uploads\\\/2024\\\/06\\\/giammarco-boscaro-eWpBNXRHfTI-unsplash.jpg\",\"width\":5932,\"height\":3955},{\"@type\":\"BreadcrumbList\",\"@id\":\"https:\\\/\\\/kohenavocats.com\\\/en\\\/tribunal-judiciaire-de-lyon-le-10-mars-2025-n24-04296\\\/#breadcrumb\",\"itemListElement\":[{\"@type\":\"ListItem\",\"position\":1,\"name\":\"Home\",\"item\":\"https:\\\/\\\/kohenavocats.com\\\/en\\\/criminal-law-attorneys-in-paris-counsel-and-strategic-defense\\\/\"},{\"@type\":\"ListItem\",\"position\":2,\"name\":\"Tribunal judiciaire de Lyon, le 10 mars 2025, n\u00b024\\\/04296\"}]},{\"@type\":\"WebSite\",\"@id\":\"https:\\\/\\\/kohenavocats.com\\\/en\\\/#website\",\"url\":\"https:\\\/\\\/kohenavocats.com\\\/en\\\/\",\"name\":\"Kohen Avocats\",\"description\":\"Ma\u00eetre Hassan Kohen, avocat p\u00e9naliste \u00e0 Paris, intervient exclusivement en droit p\u00e9nal pour la d\u00e9fense des particuliers, notamment en mati\u00e8re d\u2019accusations de viol. Il assure un accompagnement rigoureux d\u00e8s la garde \u00e0 vue jusqu\u2019\u00e0 la Cour d\u2019assises, veillant au strict respect des garanties proc\u00e9durales.\",\"publisher\":{\"@id\":\"https:\\\/\\\/kohenavocats.com\\\/en\\\/#organization\"},\"potentialAction\":[{\"@type\":\"SearchAction\",\"target\":{\"@type\":\"EntryPoint\",\"urlTemplate\":\"https:\\\/\\\/kohenavocats.com\\\/en\\\/?s={search_term_string}\"},\"query-input\":{\"@type\":\"PropertyValueSpecification\",\"valueRequired\":true,\"valueName\":\"search_term_string\"}}],\"inLanguage\":\"en-US\"},{\"@type\":\"Organization\",\"@id\":\"https:\\\/\\\/kohenavocats.com\\\/en\\\/#organization\",\"name\":\"Kohen Avocats\",\"url\":\"https:\\\/\\\/kohenavocats.com\\\/en\\\/\",\"logo\":{\"@type\":\"ImageObject\",\"inLanguage\":\"en-US\",\"@id\":\"https:\\\/\\\/kohenavocats.com\\\/en\\\/#\\\/schema\\\/logo\\\/image\\\/\",\"url\":\"https:\\\/\\\/kohenavocats.com\\\/wp-content\\\/uploads\\\/2026\\\/01\\\/Logo-2-1.webp\",\"contentUrl\":\"https:\\\/\\\/kohenavocats.com\\\/wp-content\\\/uploads\\\/2026\\\/01\\\/Logo-2-1.webp\",\"width\":2114,\"height\":1253,\"caption\":\"Kohen Avocats\"},\"image\":{\"@id\":\"https:\\\/\\\/kohenavocats.com\\\/en\\\/#\\\/schema\\\/logo\\\/image\\\/\"}},{\"@type\":\"Person\",\"@id\":\"https:\\\/\\\/kohenavocats.com\\\/en\\\/#\\\/schema\\\/person\\\/761c9ba54fa1ca84d405cef0831ff751\",\"name\":\"Kohen\",\"image\":{\"@type\":\"ImageObject\",\"inLanguage\":\"en-US\",\"@id\":\"https:\\\/\\\/secure.gravatar.com\\\/avatar\\\/1c5e76ef76bbbfdd2b4da984e2bf2fa4056fd51a27d25ce2c332047f1dfd6e00?s=96&d=identicon&r=g\",\"url\":\"https:\\\/\\\/secure.gravatar.com\\\/avatar\\\/1c5e76ef76bbbfdd2b4da984e2bf2fa4056fd51a27d25ce2c332047f1dfd6e00?s=96&d=identicon&r=g\",\"contentUrl\":\"https:\\\/\\\/secure.gravatar.com\\\/avatar\\\/1c5e76ef76bbbfdd2b4da984e2bf2fa4056fd51a27d25ce2c332047f1dfd6e00?s=96&d=identicon&r=g\",\"caption\":\"Kohen\"},\"sameAs\":[\"https:\\\/\\\/www.linkedin.com\\\/in\\\/hassan-kohen-448548192\\\/\",\"https:\\\/\\\/www.youtube.com\\\/@Kohen-Avocats\"],\"url\":\"https:\\\/\\\/kohenavocats.com\\\/en\\\/author\\\/kohenmlk\\\/\"}]}<\/script>\n<!-- \/ Yoast SEO Premium plugin. -->","yoast_head_json":{"title":"Tribunal judiciaire de Lyon, le 10 mars 2025, n\u00b024\/04296 - Ma\u00eetre Hassan Kohen, avocat en droit p\u00e9nal \u00e0 Paris","description":"Le tribunal judiciaire, dans une d\u00e9cision du 10 mars 2025, a \u00e9t\u00e9 saisi d'une demande en responsabilit\u00e9 de l'Etat pour d\u00e9ni de justice. Un justiciable reproch...","robots":{"index":"index","follow":"follow","max-snippet":"max-snippet:-1","max-image-preview":"max-image-preview:large","max-video-preview":"max-video-preview:-1"},"canonical":"https:\/\/kohenavocats.com\/en\/tribunal-judiciaire-de-lyon-le-10-mars-2025-n24-04296\/","og_locale":"en_US","og_type":"article","og_title":"Tribunal judiciaire de Lyon, le 10 mars 2025, n\u00b024\/04296","og_description":"Le tribunal judiciaire, dans une d\u00e9cision du 10 mars 2025, a \u00e9t\u00e9 saisi d'une demande en responsabilit\u00e9 de l'Etat pour d\u00e9ni de justice. Un justiciable reproch...","og_url":"https:\/\/kohenavocats.com\/en\/tribunal-judiciaire-de-lyon-le-10-mars-2025-n24-04296\/","og_site_name":"Ma\u00eetre Hassan Kohen, avocat en droit p\u00e9nal \u00e0 Paris","article_published_time":"2026-04-23T22:36:48+00:00","og_image":[{"width":1024,"height":683,"url":"https:\/\/kohenavocats.com\/wp-content\/uploads\/2024\/06\/giammarco-boscaro-eWpBNXRHfTI-unsplash-1024x683.jpg","type":"image\/jpeg"}],"author":"Kohen","twitter_card":"summary_large_image","twitter_misc":{"Written by":"Kohen","Est. reading time":"3 minutes"},"schema":{"@context":"https:\/\/schema.org","@graph":[{"@type":"Article","@id":"https:\/\/kohenavocats.com\/en\/tribunal-judiciaire-de-lyon-le-10-mars-2025-n24-04296\/#article","isPartOf":{"@id":"https:\/\/kohenavocats.com\/en\/tribunal-judiciaire-de-lyon-le-10-mars-2025-n24-04296\/"},"author":{"name":"Kohen","@id":"https:\/\/kohenavocats.com\/en\/#\/schema\/person\/761c9ba54fa1ca84d405cef0831ff751"},"headline":"Tribunal judiciaire de Lyon, le 10 mars 2025, n\u00b024\/04296","datePublished":"2026-04-23T22:36:48+00:00","mainEntityOfPage":{"@id":"https:\/\/kohenavocats.com\/en\/tribunal-judiciaire-de-lyon-le-10-mars-2025-n24-04296\/"},"wordCount":602,"commentCount":0,"publisher":{"@id":"https:\/\/kohenavocats.com\/en\/#organization"},"image":{"@id":"https:\/\/kohenavocats.com\/en\/tribunal-judiciaire-de-lyon-le-10-mars-2025-n24-04296\/#primaryimage"},"thumbnailUrl":"https:\/\/kohenavocats.com\/wp-content\/uploads\/2024\/06\/giammarco-boscaro-eWpBNXRHfTI-unsplash.jpg","articleSection":["Jurisprudence"],"inLanguage":"en-US","potentialAction":[{"@type":"CommentAction","name":"Comment","target":["https:\/\/kohenavocats.com\/en\/tribunal-judiciaire-de-lyon-le-10-mars-2025-n24-04296\/#respond"]}],"citation":"Tribunal judiciaire de Lyon, le 10 mars 2025, n\u00b024\/04296","about":[{"@type":"Thing","name":"Jurisprudence"}],"dateModified":"2026-04-23T22:36:48+00:00","speakable":{"@type":"SpeakableSpecification","cssSelector":[".article-content > p:first-of-type"]}},{"@type":"WebPage","@id":"https:\/\/kohenavocats.com\/en\/tribunal-judiciaire-de-lyon-le-10-mars-2025-n24-04296\/","url":"https:\/\/kohenavocats.com\/en\/tribunal-judiciaire-de-lyon-le-10-mars-2025-n24-04296\/","name":"Tribunal judiciaire de Lyon, le 10 mars 2025, n\u00b024\/04296 - Ma\u00eetre Hassan Kohen, avocat en droit p\u00e9nal \u00e0 Paris","isPartOf":{"@id":"https:\/\/kohenavocats.com\/en\/#website"},"primaryImageOfPage":{"@id":"https:\/\/kohenavocats.com\/en\/tribunal-judiciaire-de-lyon-le-10-mars-2025-n24-04296\/#primaryimage"},"image":{"@id":"https:\/\/kohenavocats.com\/en\/tribunal-judiciaire-de-lyon-le-10-mars-2025-n24-04296\/#primaryimage"},"thumbnailUrl":"https:\/\/kohenavocats.com\/wp-content\/uploads\/2024\/06\/giammarco-boscaro-eWpBNXRHfTI-unsplash.jpg","datePublished":"2026-04-23T22:36:48+00:00","description":"Le tribunal judiciaire, dans une d\u00e9cision du 10 mars 2025, a \u00e9t\u00e9 saisi d'une demande en responsabilit\u00e9 de l'Etat pour d\u00e9ni de justice. Un justiciable reproch...","breadcrumb":{"@id":"https:\/\/kohenavocats.com\/en\/tribunal-judiciaire-de-lyon-le-10-mars-2025-n24-04296\/#breadcrumb"},"inLanguage":"en-US","potentialAction":[{"@type":"ReadAction","target":["https:\/\/kohenavocats.com\/en\/tribunal-judiciaire-de-lyon-le-10-mars-2025-n24-04296\/"]}]},{"@type":"ImageObject","inLanguage":"en-US","@id":"https:\/\/kohenavocats.com\/en\/tribunal-judiciaire-de-lyon-le-10-mars-2025-n24-04296\/#primaryimage","url":"https:\/\/kohenavocats.com\/wp-content\/uploads\/2024\/06\/giammarco-boscaro-eWpBNXRHfTI-unsplash.jpg","contentUrl":"https:\/\/kohenavocats.com\/wp-content\/uploads\/2024\/06\/giammarco-boscaro-eWpBNXRHfTI-unsplash.jpg","width":5932,"height":3955},{"@type":"BreadcrumbList","@id":"https:\/\/kohenavocats.com\/en\/tribunal-judiciaire-de-lyon-le-10-mars-2025-n24-04296\/#breadcrumb","itemListElement":[{"@type":"ListItem","position":1,"name":"Home","item":"https:\/\/kohenavocats.com\/en\/criminal-law-attorneys-in-paris-counsel-and-strategic-defense\/"},{"@type":"ListItem","position":2,"name":"Tribunal judiciaire de Lyon, le 10 mars 2025, n\u00b024\/04296"}]},{"@type":"WebSite","@id":"https:\/\/kohenavocats.com\/en\/#website","url":"https:\/\/kohenavocats.com\/en\/","name":"Kohen Avocats","description":"Ma\u00eetre Hassan Kohen, avocat p\u00e9naliste \u00e0 Paris, intervient exclusivement en droit p\u00e9nal pour la d\u00e9fense des particuliers, notamment en mati\u00e8re d\u2019accusations de viol. Il assure un accompagnement rigoureux d\u00e8s la garde \u00e0 vue jusqu\u2019\u00e0 la Cour d\u2019assises, veillant au strict respect des garanties proc\u00e9durales.","publisher":{"@id":"https:\/\/kohenavocats.com\/en\/#organization"},"potentialAction":[{"@type":"SearchAction","target":{"@type":"EntryPoint","urlTemplate":"https:\/\/kohenavocats.com\/en\/?s={search_term_string}"},"query-input":{"@type":"PropertyValueSpecification","valueRequired":true,"valueName":"search_term_string"}}],"inLanguage":"en-US"},{"@type":"Organization","@id":"https:\/\/kohenavocats.com\/en\/#organization","name":"Kohen Avocats","url":"https:\/\/kohenavocats.com\/en\/","logo":{"@type":"ImageObject","inLanguage":"en-US","@id":"https:\/\/kohenavocats.com\/en\/#\/schema\/logo\/image\/","url":"https:\/\/kohenavocats.com\/wp-content\/uploads\/2026\/01\/Logo-2-1.webp","contentUrl":"https:\/\/kohenavocats.com\/wp-content\/uploads\/2026\/01\/Logo-2-1.webp","width":2114,"height":1253,"caption":"Kohen Avocats"},"image":{"@id":"https:\/\/kohenavocats.com\/en\/#\/schema\/logo\/image\/"}},{"@type":"Person","@id":"https:\/\/kohenavocats.com\/en\/#\/schema\/person\/761c9ba54fa1ca84d405cef0831ff751","name":"Kohen","image":{"@type":"ImageObject","inLanguage":"en-US","@id":"https:\/\/secure.gravatar.com\/avatar\/1c5e76ef76bbbfdd2b4da984e2bf2fa4056fd51a27d25ce2c332047f1dfd6e00?s=96&d=identicon&r=g","url":"https:\/\/secure.gravatar.com\/avatar\/1c5e76ef76bbbfdd2b4da984e2bf2fa4056fd51a27d25ce2c332047f1dfd6e00?s=96&d=identicon&r=g","contentUrl":"https:\/\/secure.gravatar.com\/avatar\/1c5e76ef76bbbfdd2b4da984e2bf2fa4056fd51a27d25ce2c332047f1dfd6e00?s=96&d=identicon&r=g","caption":"Kohen"},"sameAs":["https:\/\/www.linkedin.com\/in\/hassan-kohen-448548192\/","https:\/\/www.youtube.com\/@Kohen-Avocats"],"url":"https:\/\/kohenavocats.com\/en\/author\/kohenmlk\/"}]}},"jetpack_featured_media_url":"https:\/\/kohenavocats.com\/wp-content\/uploads\/2024\/06\/giammarco-boscaro-eWpBNXRHfTI-unsplash.jpg","jetpack_likes_enabled":false,"jetpack_shortlink":"https:\/\/wp.me\/peCrII-2Ne7","jetpack-related-posts":[{"id":267789,"url":"https:\/\/kohenavocats.com\/en\/tribunal-judiciaire-de-bordeaux-le-25-juin-2025-n25-01996\/","url_meta":{"origin":665887,"position":0},"title":"Tribunal judiciaire de Bordeaux, le 25 juin 2025, n\u00b025\/01996","author":"Kohen","date":"10 January 2026","format":false,"excerpt":"Tribunal judiciaire de Bordeaux, ordonnance du 25 juin 2025. La juridiction \u00e9tait saisie du contr\u00f4le, dans le d\u00e9lai l\u00e9gal, d\u2019une hospitalisation compl\u00e8te d\u00e9cid\u00e9e selon la proc\u00e9dure d\u2019urgence \u00e0 la demande d\u2019un tiers. Les faits tiennent \u00e0 l\u2019admission d\u2019une patiente pr\u00e9sentant, selon le dossier, des id\u00e9es de pers\u00e9cution familiales, une m\u00e9fiance\u2026","rel":"","context":"In &quot;D\u00e9cisions juridiques&quot;","block_context":{"text":"D\u00e9cisions juridiques","link":"https:\/\/kohenavocats.com\/category\/decisions-juridiques\/"},"img":{"alt_text":"","src":"https:\/\/i0.wp.com\/kohenavocats.com\/wp-content\/uploads\/2024\/08\/judith-ekedi-jangwa-fyfmXbDaR14-unsplash.webp?resize=350%2C200&ssl=1","width":350,"height":200,"srcset":"https:\/\/i0.wp.com\/kohenavocats.com\/wp-content\/uploads\/2024\/08\/judith-ekedi-jangwa-fyfmXbDaR14-unsplash.webp?resize=350%2C200&ssl=1 1x, https:\/\/i0.wp.com\/kohenavocats.com\/wp-content\/uploads\/2024\/08\/judith-ekedi-jangwa-fyfmXbDaR14-unsplash.webp?resize=525%2C300&ssl=1 1.5x, https:\/\/i0.wp.com\/kohenavocats.com\/wp-content\/uploads\/2024\/08\/judith-ekedi-jangwa-fyfmXbDaR14-unsplash.webp?resize=700%2C400&ssl=1 2x, https:\/\/i0.wp.com\/kohenavocats.com\/wp-content\/uploads\/2024\/08\/judith-ekedi-jangwa-fyfmXbDaR14-unsplash.webp?resize=1050%2C600&ssl=1 3x, https:\/\/i0.wp.com\/kohenavocats.com\/wp-content\/uploads\/2024\/08\/judith-ekedi-jangwa-fyfmXbDaR14-unsplash.webp?resize=1400%2C800&ssl=1 4x"},"classes":[]},{"id":308248,"url":"https:\/\/kohenavocats.com\/en\/tribunal-judiciaire-de-paris-le-9-juillet-2025-n24-03124\/","url_meta":{"origin":665887,"position":1},"title":"Tribunal judiciaire de Paris, le 9 juillet 2025, n\u00b024\/03124","author":"Kohen","date":"6 February 2026","format":false,"excerpt":"Le Tribunal judiciaire de Paris, dans un jugement du 9 juillet 2025, a \u00e9t\u00e9 saisi d\u2019une action en responsabilit\u00e9 de l\u2019\u00c9tat pour d\u00e9ni de justice. Le demandeur invoquait l\u2019article L. 141-1 du code de l\u2019organisation judiciaire, estimant que la dur\u00e9e excessive d\u2019un proc\u00e8s prud\u2019homal engageait la responsabilit\u00e9 de la puissance\u2026","rel":"","context":"In &quot;D\u00e9cisions juridiques&quot;","block_context":{"text":"D\u00e9cisions juridiques","link":"https:\/\/kohenavocats.com\/category\/decisions-juridiques\/"},"img":{"alt_text":"","src":"https:\/\/i0.wp.com\/kohenavocats.com\/wp-content\/uploads\/2024\/08\/valeria-m-zgvMPH83znI-unsplash.webp?resize=350%2C200&ssl=1","width":350,"height":200,"srcset":"https:\/\/i0.wp.com\/kohenavocats.com\/wp-content\/uploads\/2024\/08\/valeria-m-zgvMPH83znI-unsplash.webp?resize=350%2C200&ssl=1 1x, https:\/\/i0.wp.com\/kohenavocats.com\/wp-content\/uploads\/2024\/08\/valeria-m-zgvMPH83znI-unsplash.webp?resize=525%2C300&ssl=1 1.5x, https:\/\/i0.wp.com\/kohenavocats.com\/wp-content\/uploads\/2024\/08\/valeria-m-zgvMPH83znI-unsplash.webp?resize=700%2C400&ssl=1 2x, https:\/\/i0.wp.com\/kohenavocats.com\/wp-content\/uploads\/2024\/08\/valeria-m-zgvMPH83znI-unsplash.webp?resize=1050%2C600&ssl=1 3x, https:\/\/i0.wp.com\/kohenavocats.com\/wp-content\/uploads\/2024\/08\/valeria-m-zgvMPH83znI-unsplash.webp?resize=1400%2C800&ssl=1 4x"},"classes":[]},{"id":375094,"url":"https:\/\/kohenavocats.com\/en\/cour-dappel-de-paris-le-9-decembre-2025-n22-10923\/","url_meta":{"origin":665887,"position":2},"title":"Cour d&#8217;appel de Paris, le 9 d\u00e9cembre 2025, n\u00b022\/10923","author":"Kohen","date":"18 February 2026","format":false,"excerpt":"La Cour d\u2019appel de Paris, dans un arr\u00eat du 9 d\u00e9cembre 2025, se prononce sur une action en responsabilit\u00e9 de l\u2019\u00c9tat pour d\u00e9ni de justice engag\u00e9e par un...","rel":"","context":"In &quot;Cour d'appel&quot;","block_context":{"text":"Cour d'appel","link":"https:\/\/kohenavocats.com\/category\/cour-dappel\/"},"img":{"alt_text":"","src":"https:\/\/i0.wp.com\/kohenavocats.com\/wp-content\/uploads\/2024\/08\/julio-wolf-OG1cF0cWPfo-unsplash.webp?resize=350%2C200&ssl=1","width":350,"height":200,"srcset":"https:\/\/i0.wp.com\/kohenavocats.com\/wp-content\/uploads\/2024\/08\/julio-wolf-OG1cF0cWPfo-unsplash.webp?resize=350%2C200&ssl=1 1x, https:\/\/i0.wp.com\/kohenavocats.com\/wp-content\/uploads\/2024\/08\/julio-wolf-OG1cF0cWPfo-unsplash.webp?resize=525%2C300&ssl=1 1.5x, https:\/\/i0.wp.com\/kohenavocats.com\/wp-content\/uploads\/2024\/08\/julio-wolf-OG1cF0cWPfo-unsplash.webp?resize=700%2C400&ssl=1 2x, https:\/\/i0.wp.com\/kohenavocats.com\/wp-content\/uploads\/2024\/08\/julio-wolf-OG1cF0cWPfo-unsplash.webp?resize=1050%2C600&ssl=1 3x, https:\/\/i0.wp.com\/kohenavocats.com\/wp-content\/uploads\/2024\/08\/julio-wolf-OG1cF0cWPfo-unsplash.webp?resize=1400%2C800&ssl=1 4x"},"classes":[]},{"id":263867,"url":"https:\/\/kohenavocats.com\/en\/tribunal-judiciaire-de-marseille-le-24-juin-2025-n25-02233\/","url_meta":{"origin":665887,"position":3},"title":"Tribunal judiciaire de Marseille, le 24 juin 2025, n\u00b025\/02233","author":"Kohen","date":"10 January 2026","format":false,"excerpt":"Rendue par le tribunal judiciaire de Marseille, p\u00f4le social, le 24 juin 2025 (n\u00b0 RG 25\/02233, n\u00b0 minute 25\/02737), l\u2019ordonnance commente la comp\u00e9tence juridictionnelle pour un refus de Carte mobilit\u00e9 inclusion, mention stationnement. La demanderesse avait saisi le p\u00f4le social le 27 mai 2025 contre une d\u00e9cision initiale du 10\u2026","rel":"","context":"In &quot;D\u00e9cisions juridiques&quot;","block_context":{"text":"D\u00e9cisions juridiques","link":"https:\/\/kohenavocats.com\/category\/decisions-juridiques\/"},"img":{"alt_text":"","src":"https:\/\/i0.wp.com\/kohenavocats.com\/wp-content\/uploads\/2024\/08\/jean-baptiste-d-dWvNz4JdkKQ-unsplash.webp?resize=350%2C200&ssl=1","width":350,"height":200,"srcset":"https:\/\/i0.wp.com\/kohenavocats.com\/wp-content\/uploads\/2024\/08\/jean-baptiste-d-dWvNz4JdkKQ-unsplash.webp?resize=350%2C200&ssl=1 1x, https:\/\/i0.wp.com\/kohenavocats.com\/wp-content\/uploads\/2024\/08\/jean-baptiste-d-dWvNz4JdkKQ-unsplash.webp?resize=525%2C300&ssl=1 1.5x, https:\/\/i0.wp.com\/kohenavocats.com\/wp-content\/uploads\/2024\/08\/jean-baptiste-d-dWvNz4JdkKQ-unsplash.webp?resize=700%2C400&ssl=1 2x, https:\/\/i0.wp.com\/kohenavocats.com\/wp-content\/uploads\/2024\/08\/jean-baptiste-d-dWvNz4JdkKQ-unsplash.webp?resize=1050%2C600&ssl=1 3x, https:\/\/i0.wp.com\/kohenavocats.com\/wp-content\/uploads\/2024\/08\/jean-baptiste-d-dWvNz4JdkKQ-unsplash.webp?resize=1400%2C800&ssl=1 4x"},"classes":[]},{"id":261254,"url":"https:\/\/kohenavocats.com\/en\/tribunal-judiciaire-de-toulouse-le-1-juillet-2025-n25-01058\/","url_meta":{"origin":665887,"position":4},"title":"Tribunal judiciaire de Toulouse, le 1 juillet 2025, n\u00b025\/01058","author":"Kohen","date":"9 January 2026","format":false,"excerpt":"Rendue par le Tribunal judiciaire de Toulouse le 1er juillet 2025 (n\u00b0 RG 25\/01058), l\u2019ordonnance statue sur la poursuite d\u2019une hospitalisation compl\u00e8te sous contrainte. L\u2019admission a \u00e9t\u00e9 d\u00e9cid\u00e9e le 23 juin 2025, dans le cadre d\u2019une proc\u00e9dure d\u2019urgence engag\u00e9e par le directeur d\u2019\u00e9tablissement, apr\u00e8s des troubles aigus du comportement, une\u2026","rel":"","context":"In &quot;D\u00e9cisions juridiques&quot;","block_context":{"text":"D\u00e9cisions juridiques","link":"https:\/\/kohenavocats.com\/category\/decisions-juridiques\/"},"img":{"alt_text":"","src":"https:\/\/i0.wp.com\/kohenavocats.com\/wp-content\/uploads\/2024\/08\/simone-hutsch-xOLhD-qfoRI-unsplash.webp?resize=350%2C200&ssl=1","width":350,"height":200,"srcset":"https:\/\/i0.wp.com\/kohenavocats.com\/wp-content\/uploads\/2024\/08\/simone-hutsch-xOLhD-qfoRI-unsplash.webp?resize=350%2C200&ssl=1 1x, https:\/\/i0.wp.com\/kohenavocats.com\/wp-content\/uploads\/2024\/08\/simone-hutsch-xOLhD-qfoRI-unsplash.webp?resize=525%2C300&ssl=1 1.5x, https:\/\/i0.wp.com\/kohenavocats.com\/wp-content\/uploads\/2024\/08\/simone-hutsch-xOLhD-qfoRI-unsplash.webp?resize=700%2C400&ssl=1 2x, https:\/\/i0.wp.com\/kohenavocats.com\/wp-content\/uploads\/2024\/08\/simone-hutsch-xOLhD-qfoRI-unsplash.webp?resize=1050%2C600&ssl=1 3x, https:\/\/i0.wp.com\/kohenavocats.com\/wp-content\/uploads\/2024\/08\/simone-hutsch-xOLhD-qfoRI-unsplash.webp?resize=1400%2C800&ssl=1 4x"},"classes":[]}],"jetpack_sharing_enabled":true,"_links":{"self":[{"href":"https:\/\/kohenavocats.com\/en\/wp-json\/wp\/v2\/posts\/665887","targetHints":{"allow":["GET"]}}],"collection":[{"href":"https:\/\/kohenavocats.com\/en\/wp-json\/wp\/v2\/posts"}],"about":[{"href":"https:\/\/kohenavocats.com\/en\/wp-json\/wp\/v2\/types\/post"}],"author":[{"embeddable":true,"href":"https:\/\/kohenavocats.com\/en\/wp-json\/wp\/v2\/users\/232070755"}],"replies":[{"embeddable":true,"href":"https:\/\/kohenavocats.com\/en\/wp-json\/wp\/v2\/comments?post=665887"}],"version-history":[{"count":0,"href":"https:\/\/kohenavocats.com\/en\/wp-json\/wp\/v2\/posts\/665887\/revisions"}],"wp:featuredmedia":[{"embeddable":true,"href":"https:\/\/kohenavocats.com\/en\/wp-json\/wp\/v2\/media\/3557"}],"wp:attachment":[{"href":"https:\/\/kohenavocats.com\/en\/wp-json\/wp\/v2\/media?parent=665887"}],"wp:term":[{"taxonomy":"category","embeddable":true,"href":"https:\/\/kohenavocats.com\/en\/wp-json\/wp\/v2\/categories?post=665887"},{"taxonomy":"post_tag","embeddable":true,"href":"https:\/\/kohenavocats.com\/en\/wp-json\/wp\/v2\/tags?post=665887"}],"curies":[{"name":"wp","href":"https:\/\/api.w.org\/{rel}","templated":true}]}}