{"id":665892,"date":"2026-04-24T00:36:52","date_gmt":"2026-04-23T22:36:52","guid":{"rendered":"https:\/\/kohenavocats.com\/tribunal-judiciaire-de-tours-le-5-decembre-2024-n24-05901\/"},"modified":"2026-04-24T00:36:52","modified_gmt":"2026-04-23T22:36:52","slug":"tribunal-judiciaire-de-tours-le-5-decembre-2024-n24-05901","status":"publish","type":"post","link":"https:\/\/kohenavocats.com\/en\/tribunal-judiciaire-de-tours-le-5-decembre-2024-n24-05901\/","title":{"rendered":"Tribunal judiciaire de Tours, le 5 d\u00e9cembre 2024, n\u00b024\/05901"},"content":{"rendered":"<div class=\"article-content\">\n<p>Le tribunal judiciaire, statuant en mati\u00e8re sociale, a rendu une d\u00e9cision le 5 d\u00e9cembre 2024. Un organisme de recouvrement a \u00e9mis une contrainte pour le remboursement d\u2019allocations ch\u00f4mage ind\u00fbment per\u00e7ues. L\u2019allocataire a form\u00e9 opposition dans le d\u00e9lai l\u00e9gal. La juridiction a examin\u00e9 la recevabilit\u00e9 de cette opposition puis le fond du litige. Elle a d\u00e9clar\u00e9 l\u2019opposition recevable mais a condamn\u00e9 le d\u00e9biteur au remboursement de l\u2019indu. Elle a \u00e9galement accord\u00e9 des d\u00e9lais de paiement \u00e9chelonn\u00e9s.<\/p>\n<p>La r\u00e9gularit\u00e9 proc\u00e9durale de l\u2019opposition<\/p>\n<p>Le respect des d\u00e9lais stricts de recours. L\u2019article R. 5426-22 du code du travail impose un d\u00e9lai de quinze jours pour contester une contrainte. La notification est intervenue le 9 d\u00e9cembre 2024 et l\u2019opposition par courrier le 18 du m\u00eame mois. Le tribunal constate ainsi le respect du d\u00e9lai r\u00e9glementaire, rendant la proc\u00e9dure recevable. Cette application stricte s\u00e9curise les voies de recours ouvertes au d\u00e9biteur. Elle garantit l\u2019effectivit\u00e9 du droit \u00e0 la d\u00e9fense face \u00e0 une contrainte administrative.<\/p>\n<p>Les modalit\u00e9s alternatives de formation de l\u2019opposition. Le texte pr\u00e9voit deux moyens valables pour former opposition. Le d\u00e9biteur peut agir &#8220;par inscription au secr\u00e9tariat du tribunal comp\u00e9tent&#8221; ou &#8220;par lettre recommand\u00e9e avec demande d&#8217;avis de r\u00e9ception&#8221;. La jurisprudence confirme cette alternative proc\u00e9durale. &#8220;L&#8217;article R.133-3 du code de la s\u00e9curit\u00e9 sociale pr\u00e9voit que le d\u00e9biteur peut former opposition par inscription au secr\u00e9tariat du tribunal comp\u00e9tent ou par lettre recommand\u00e9e&#8221; (Cour d&#8217;appel de Versailles, le 18 novembre 2025, n\u00b024\/05769). Cette dualit\u00e9 facilite l\u2019acc\u00e8s au juge pour le justiciable.<\/p>\n<p>Le principe et les modalit\u00e9s de la r\u00e9p\u00e9tition de l\u2019indu<\/p>\n<p>La constatation du caract\u00e8re indu des versements. Le juge fonde sa d\u00e9cision sur une comparaison entre les d\u00e9clarations d\u2019activit\u00e9 et les salaires per\u00e7us. L\u2019article 31 du r\u00e8glement ch\u00f4mage permet un cumul plafonn\u00e9 entre allocation et revenus d\u2019activit\u00e9. Le d\u00e9passement syst\u00e9matique de ce plafond sur plusieurs mois \u00e9tablit l\u2019indu. Un tableau d\u00e9taill\u00e9 mois par mois justifie le calcul du trop-per\u00e7u global. Cette approche m\u00e9thodique assure la transparence et la l\u00e9galit\u00e9 de la r\u00e9clamation.<\/p>\n<p>L\u2019am\u00e9nagement des conditions de remboursement par le juge. Tout en pronon\u00e7ant la condamnation, le tribunal use de son pouvoir d\u2019am\u00e9nagement. Il se base sur l\u2019article 1343-5 du code civil pour accorder des d\u00e9lais de paiement. Le remboursement est \u00e9chelonn\u00e9 sur vingt-quatre mensualit\u00e9s adapt\u00e9es \u00e0 la situation du d\u00e9biteur. Cette modulation temporelle concilie le droit au recouvrement de l\u2019organisme cr\u00e9ancier et la protection du d\u00e9biteur de bonne foi. Elle illustre la fonction \u00e9quilibr\u00e9e du juge dans l\u2019ex\u00e9cution des obligations.<\/p>\n<\/div>\n","protected":false},"excerpt":{"rendered":"<p>Le tribunal judiciaire, statuant en mati\u00e8re sociale, a rendu une d\u00e9cision le 5 d\u00e9cembre 2024. Un organisme de recouvrement a \u00e9mis une contrainte pour le remb&#8230;<\/p>\n","protected":false},"author":232070755,"featured_media":9463,"comment_status":"open","ping_status":"open","sticky":false,"template":"","format":"standard","meta":{"_crdt_document":"","_jetpack_newsletter_access":"","_jetpack_dont_email_post_to_subs":false,"_jetpack_newsletter_tier_id":0,"_jetpack_memberships_contains_paywalled_content":false,"_kj_source_type":"judilibre","_kj_official_id":"68f950cdde0ebe408dac87cc","_kj_official_url":"https:\/\/www.courdecassation.fr\/decision\/68f950cdde0ebe408dac87cc","_kj_judilibre_id":"68f950cdde0ebe408dac87cc","_kj_jur":"Tribunal judiciaire","_kj_lieu":"Tribunal judiciaire de Tours","_kj_chambre":"CIVIL_EX-TI","_kj_rg":"24\/05901","_kj_date":"2025-09-24","_jetpack_memberships_contains_paid_content":false,"footnotes":"","jetpack_post_was_ever_published":false},"categories":[7597],"tags":[],"class_list":["post-665892","post","type-post","status-publish","format-standard","has-post-thumbnail","hentry","category-jurisprudence"],"yoast_head":"<!-- This site is optimized with the Yoast SEO Premium plugin v27.5 (Yoast SEO v27.5) - https:\/\/yoast.com\/product\/yoast-seo-premium-wordpress\/ -->\n<title>Tribunal judiciaire de Tours, le 5 d\u00e9cembre 2024, n\u00b024\/05901 - Ma\u00eetre Hassan Kohen, avocat en droit p\u00e9nal \u00e0 Paris<\/title>\n<meta name=\"description\" content=\"Le tribunal judiciaire, statuant en mati\u00e8re sociale, a rendu une d\u00e9cision le 5 d\u00e9cembre 2024. Un organisme de recouvrement a \u00e9mis une contrainte pour le remb...\" \/>\n<meta name=\"robots\" content=\"index, follow, max-snippet:-1, max-image-preview:large, max-video-preview:-1\" \/>\n<link rel=\"canonical\" href=\"https:\/\/kohenavocats.com\/en\/tribunal-judiciaire-de-tours-le-5-decembre-2024-n24-05901\/\" \/>\n<meta property=\"og:locale\" content=\"en_US\" \/>\n<meta property=\"og:type\" content=\"article\" \/>\n<meta property=\"og:title\" content=\"Tribunal judiciaire de Tours, le 5 d\u00e9cembre 2024, n\u00b024\/05901\" \/>\n<meta property=\"og:description\" content=\"Le tribunal judiciaire, statuant en mati\u00e8re sociale, a rendu une d\u00e9cision le 5 d\u00e9cembre 2024. Un organisme de recouvrement a \u00e9mis une contrainte pour le remb...\" \/>\n<meta property=\"og:url\" content=\"https:\/\/kohenavocats.com\/en\/tribunal-judiciaire-de-tours-le-5-decembre-2024-n24-05901\/\" \/>\n<meta property=\"og:site_name\" content=\"Ma\u00eetre Hassan Kohen, avocat en droit p\u00e9nal \u00e0 Paris\" \/>\n<meta property=\"article:published_time\" content=\"2026-04-23T22:36:52+00:00\" \/>\n<meta property=\"og:image\" content=\"https:\/\/kohenavocats.com\/wp-content\/uploads\/2024\/11\/alexander-mils-LH6ZMdmq_9Y-unsplash.webp\" \/>\n\t<meta property=\"og:image:width\" content=\"3240\" \/>\n\t<meta property=\"og:image:height\" content=\"5760\" \/>\n\t<meta property=\"og:image:type\" content=\"image\/webp\" \/>\n<meta name=\"author\" content=\"Kohen\" \/>\n<meta name=\"twitter:card\" content=\"summary_large_image\" \/>\n<meta name=\"twitter:label1\" content=\"Written by\" \/>\n\t<meta name=\"twitter:data1\" content=\"Kohen\" \/>\n\t<meta name=\"twitter:label2\" content=\"Est. reading time\" \/>\n\t<meta name=\"twitter:data2\" content=\"2 minutes\" \/>\n<script type=\"application\/ld+json\" class=\"yoast-schema-graph\">{\"@context\":\"https:\\\/\\\/schema.org\",\"@graph\":[{\"@type\":\"Article\",\"@id\":\"https:\\\/\\\/kohenavocats.com\\\/en\\\/tribunal-judiciaire-de-tours-le-5-decembre-2024-n24-05901\\\/#article\",\"isPartOf\":{\"@id\":\"https:\\\/\\\/kohenavocats.com\\\/en\\\/tribunal-judiciaire-de-tours-le-5-decembre-2024-n24-05901\\\/\"},\"author\":{\"name\":\"Kohen\",\"@id\":\"https:\\\/\\\/kohenavocats.com\\\/en\\\/#\\\/schema\\\/person\\\/761c9ba54fa1ca84d405cef0831ff751\"},\"headline\":\"Tribunal judiciaire de Tours, le 5 d\u00e9cembre 2024, n\u00b024\\\/05901\",\"datePublished\":\"2026-04-23T22:36:52+00:00\",\"mainEntityOfPage\":{\"@id\":\"https:\\\/\\\/kohenavocats.com\\\/en\\\/tribunal-judiciaire-de-tours-le-5-decembre-2024-n24-05901\\\/\"},\"wordCount\":491,\"commentCount\":0,\"publisher\":{\"@id\":\"https:\\\/\\\/kohenavocats.com\\\/en\\\/#organization\"},\"image\":{\"@id\":\"https:\\\/\\\/kohenavocats.com\\\/en\\\/tribunal-judiciaire-de-tours-le-5-decembre-2024-n24-05901\\\/#primaryimage\"},\"thumbnailUrl\":\"https:\\\/\\\/kohenavocats.com\\\/wp-content\\\/uploads\\\/2024\\\/11\\\/alexander-mils-LH6ZMdmq_9Y-unsplash.webp\",\"articleSection\":[\"Jurisprudence\"],\"inLanguage\":\"en-US\",\"potentialAction\":[{\"@type\":\"CommentAction\",\"name\":\"Comment\",\"target\":[\"https:\\\/\\\/kohenavocats.com\\\/en\\\/tribunal-judiciaire-de-tours-le-5-decembre-2024-n24-05901\\\/#respond\"]}],\"citation\":\"Tribunal judiciaire de Tours, le 5 d\u00e9cembre 2024, n\u00b024\\\/05901\",\"about\":[{\"@type\":\"Thing\",\"name\":\"Jurisprudence\"}],\"dateModified\":\"2026-04-23T22:36:52+00:00\",\"speakable\":{\"@type\":\"SpeakableSpecification\",\"cssSelector\":[\".article-content > p:first-of-type\"]}},{\"@type\":\"WebPage\",\"@id\":\"https:\\\/\\\/kohenavocats.com\\\/en\\\/tribunal-judiciaire-de-tours-le-5-decembre-2024-n24-05901\\\/\",\"url\":\"https:\\\/\\\/kohenavocats.com\\\/en\\\/tribunal-judiciaire-de-tours-le-5-decembre-2024-n24-05901\\\/\",\"name\":\"Tribunal judiciaire de Tours, le 5 d\u00e9cembre 2024, n\u00b024\\\/05901 - Ma\u00eetre Hassan Kohen, avocat en droit p\u00e9nal \u00e0 Paris\",\"isPartOf\":{\"@id\":\"https:\\\/\\\/kohenavocats.com\\\/en\\\/#website\"},\"primaryImageOfPage\":{\"@id\":\"https:\\\/\\\/kohenavocats.com\\\/en\\\/tribunal-judiciaire-de-tours-le-5-decembre-2024-n24-05901\\\/#primaryimage\"},\"image\":{\"@id\":\"https:\\\/\\\/kohenavocats.com\\\/en\\\/tribunal-judiciaire-de-tours-le-5-decembre-2024-n24-05901\\\/#primaryimage\"},\"thumbnailUrl\":\"https:\\\/\\\/kohenavocats.com\\\/wp-content\\\/uploads\\\/2024\\\/11\\\/alexander-mils-LH6ZMdmq_9Y-unsplash.webp\",\"datePublished\":\"2026-04-23T22:36:52+00:00\",\"description\":\"Le tribunal judiciaire, statuant en mati\u00e8re sociale, a rendu une d\u00e9cision le 5 d\u00e9cembre 2024. Un organisme de recouvrement a \u00e9mis une contrainte pour le remb...\",\"breadcrumb\":{\"@id\":\"https:\\\/\\\/kohenavocats.com\\\/en\\\/tribunal-judiciaire-de-tours-le-5-decembre-2024-n24-05901\\\/#breadcrumb\"},\"inLanguage\":\"en-US\",\"potentialAction\":[{\"@type\":\"ReadAction\",\"target\":[\"https:\\\/\\\/kohenavocats.com\\\/en\\\/tribunal-judiciaire-de-tours-le-5-decembre-2024-n24-05901\\\/\"]}]},{\"@type\":\"ImageObject\",\"inLanguage\":\"en-US\",\"@id\":\"https:\\\/\\\/kohenavocats.com\\\/en\\\/tribunal-judiciaire-de-tours-le-5-decembre-2024-n24-05901\\\/#primaryimage\",\"url\":\"https:\\\/\\\/kohenavocats.com\\\/wp-content\\\/uploads\\\/2024\\\/11\\\/alexander-mils-LH6ZMdmq_9Y-unsplash.webp\",\"contentUrl\":\"https:\\\/\\\/kohenavocats.com\\\/wp-content\\\/uploads\\\/2024\\\/11\\\/alexander-mils-LH6ZMdmq_9Y-unsplash.webp\",\"width\":3240,\"height\":5760},{\"@type\":\"BreadcrumbList\",\"@id\":\"https:\\\/\\\/kohenavocats.com\\\/en\\\/tribunal-judiciaire-de-tours-le-5-decembre-2024-n24-05901\\\/#breadcrumb\",\"itemListElement\":[{\"@type\":\"ListItem\",\"position\":1,\"name\":\"Home\",\"item\":\"https:\\\/\\\/kohenavocats.com\\\/en\\\/criminal-law-attorneys-in-paris-counsel-and-strategic-defense\\\/\"},{\"@type\":\"ListItem\",\"position\":2,\"name\":\"Tribunal judiciaire de Tours, le 5 d\u00e9cembre 2024, n\u00b024\\\/05901\"}]},{\"@type\":\"WebSite\",\"@id\":\"https:\\\/\\\/kohenavocats.com\\\/en\\\/#website\",\"url\":\"https:\\\/\\\/kohenavocats.com\\\/en\\\/\",\"name\":\"Kohen Avocats\",\"description\":\"Ma\u00eetre Hassan Kohen, avocat p\u00e9naliste \u00e0 Paris, intervient exclusivement en droit p\u00e9nal pour la d\u00e9fense des particuliers, notamment en mati\u00e8re d\u2019accusations de viol. Il assure un accompagnement rigoureux d\u00e8s la garde \u00e0 vue jusqu\u2019\u00e0 la Cour d\u2019assises, veillant au strict respect des garanties proc\u00e9durales.\",\"publisher\":{\"@id\":\"https:\\\/\\\/kohenavocats.com\\\/en\\\/#organization\"},\"potentialAction\":[{\"@type\":\"SearchAction\",\"target\":{\"@type\":\"EntryPoint\",\"urlTemplate\":\"https:\\\/\\\/kohenavocats.com\\\/en\\\/?s={search_term_string}\"},\"query-input\":{\"@type\":\"PropertyValueSpecification\",\"valueRequired\":true,\"valueName\":\"search_term_string\"}}],\"inLanguage\":\"en-US\"},{\"@type\":\"Organization\",\"@id\":\"https:\\\/\\\/kohenavocats.com\\\/en\\\/#organization\",\"name\":\"Kohen Avocats\",\"url\":\"https:\\\/\\\/kohenavocats.com\\\/en\\\/\",\"logo\":{\"@type\":\"ImageObject\",\"inLanguage\":\"en-US\",\"@id\":\"https:\\\/\\\/kohenavocats.com\\\/en\\\/#\\\/schema\\\/logo\\\/image\\\/\",\"url\":\"https:\\\/\\\/kohenavocats.com\\\/wp-content\\\/uploads\\\/2026\\\/01\\\/Logo-2-1.webp\",\"contentUrl\":\"https:\\\/\\\/kohenavocats.com\\\/wp-content\\\/uploads\\\/2026\\\/01\\\/Logo-2-1.webp\",\"width\":2114,\"height\":1253,\"caption\":\"Kohen Avocats\"},\"image\":{\"@id\":\"https:\\\/\\\/kohenavocats.com\\\/en\\\/#\\\/schema\\\/logo\\\/image\\\/\"}},{\"@type\":\"Person\",\"@id\":\"https:\\\/\\\/kohenavocats.com\\\/en\\\/#\\\/schema\\\/person\\\/761c9ba54fa1ca84d405cef0831ff751\",\"name\":\"Kohen\",\"image\":{\"@type\":\"ImageObject\",\"inLanguage\":\"en-US\",\"@id\":\"https:\\\/\\\/secure.gravatar.com\\\/avatar\\\/1c5e76ef76bbbfdd2b4da984e2bf2fa4056fd51a27d25ce2c332047f1dfd6e00?s=96&d=identicon&r=g\",\"url\":\"https:\\\/\\\/secure.gravatar.com\\\/avatar\\\/1c5e76ef76bbbfdd2b4da984e2bf2fa4056fd51a27d25ce2c332047f1dfd6e00?s=96&d=identicon&r=g\",\"contentUrl\":\"https:\\\/\\\/secure.gravatar.com\\\/avatar\\\/1c5e76ef76bbbfdd2b4da984e2bf2fa4056fd51a27d25ce2c332047f1dfd6e00?s=96&d=identicon&r=g\",\"caption\":\"Kohen\"},\"sameAs\":[\"https:\\\/\\\/www.linkedin.com\\\/in\\\/hassan-kohen-448548192\\\/\",\"https:\\\/\\\/www.youtube.com\\\/@Kohen-Avocats\"],\"url\":\"https:\\\/\\\/kohenavocats.com\\\/en\\\/author\\\/kohenmlk\\\/\"}]}<\/script>\n<!-- \/ Yoast SEO Premium plugin. -->","yoast_head_json":{"title":"Tribunal judiciaire de Tours, le 5 d\u00e9cembre 2024, n\u00b024\/05901 - Ma\u00eetre Hassan Kohen, avocat en droit p\u00e9nal \u00e0 Paris","description":"Le tribunal judiciaire, statuant en mati\u00e8re sociale, a rendu une d\u00e9cision le 5 d\u00e9cembre 2024. Un organisme de recouvrement a \u00e9mis une contrainte pour le remb...","robots":{"index":"index","follow":"follow","max-snippet":"max-snippet:-1","max-image-preview":"max-image-preview:large","max-video-preview":"max-video-preview:-1"},"canonical":"https:\/\/kohenavocats.com\/en\/tribunal-judiciaire-de-tours-le-5-decembre-2024-n24-05901\/","og_locale":"en_US","og_type":"article","og_title":"Tribunal judiciaire de Tours, le 5 d\u00e9cembre 2024, n\u00b024\/05901","og_description":"Le tribunal judiciaire, statuant en mati\u00e8re sociale, a rendu une d\u00e9cision le 5 d\u00e9cembre 2024. Un organisme de recouvrement a \u00e9mis une contrainte pour le remb...","og_url":"https:\/\/kohenavocats.com\/en\/tribunal-judiciaire-de-tours-le-5-decembre-2024-n24-05901\/","og_site_name":"Ma\u00eetre Hassan Kohen, avocat en droit p\u00e9nal \u00e0 Paris","article_published_time":"2026-04-23T22:36:52+00:00","og_image":[{"width":3240,"height":5760,"url":"https:\/\/kohenavocats.com\/wp-content\/uploads\/2024\/11\/alexander-mils-LH6ZMdmq_9Y-unsplash.webp","type":"image\/webp"}],"author":"Kohen","twitter_card":"summary_large_image","twitter_misc":{"Written by":"Kohen","Est. reading time":"2 minutes"},"schema":{"@context":"https:\/\/schema.org","@graph":[{"@type":"Article","@id":"https:\/\/kohenavocats.com\/en\/tribunal-judiciaire-de-tours-le-5-decembre-2024-n24-05901\/#article","isPartOf":{"@id":"https:\/\/kohenavocats.com\/en\/tribunal-judiciaire-de-tours-le-5-decembre-2024-n24-05901\/"},"author":{"name":"Kohen","@id":"https:\/\/kohenavocats.com\/en\/#\/schema\/person\/761c9ba54fa1ca84d405cef0831ff751"},"headline":"Tribunal judiciaire de Tours, le 5 d\u00e9cembre 2024, n\u00b024\/05901","datePublished":"2026-04-23T22:36:52+00:00","mainEntityOfPage":{"@id":"https:\/\/kohenavocats.com\/en\/tribunal-judiciaire-de-tours-le-5-decembre-2024-n24-05901\/"},"wordCount":491,"commentCount":0,"publisher":{"@id":"https:\/\/kohenavocats.com\/en\/#organization"},"image":{"@id":"https:\/\/kohenavocats.com\/en\/tribunal-judiciaire-de-tours-le-5-decembre-2024-n24-05901\/#primaryimage"},"thumbnailUrl":"https:\/\/kohenavocats.com\/wp-content\/uploads\/2024\/11\/alexander-mils-LH6ZMdmq_9Y-unsplash.webp","articleSection":["Jurisprudence"],"inLanguage":"en-US","potentialAction":[{"@type":"CommentAction","name":"Comment","target":["https:\/\/kohenavocats.com\/en\/tribunal-judiciaire-de-tours-le-5-decembre-2024-n24-05901\/#respond"]}],"citation":"Tribunal judiciaire de Tours, le 5 d\u00e9cembre 2024, n\u00b024\/05901","about":[{"@type":"Thing","name":"Jurisprudence"}],"dateModified":"2026-04-23T22:36:52+00:00","speakable":{"@type":"SpeakableSpecification","cssSelector":[".article-content > p:first-of-type"]}},{"@type":"WebPage","@id":"https:\/\/kohenavocats.com\/en\/tribunal-judiciaire-de-tours-le-5-decembre-2024-n24-05901\/","url":"https:\/\/kohenavocats.com\/en\/tribunal-judiciaire-de-tours-le-5-decembre-2024-n24-05901\/","name":"Tribunal judiciaire de Tours, le 5 d\u00e9cembre 2024, n\u00b024\/05901 - Ma\u00eetre Hassan Kohen, avocat en droit p\u00e9nal \u00e0 Paris","isPartOf":{"@id":"https:\/\/kohenavocats.com\/en\/#website"},"primaryImageOfPage":{"@id":"https:\/\/kohenavocats.com\/en\/tribunal-judiciaire-de-tours-le-5-decembre-2024-n24-05901\/#primaryimage"},"image":{"@id":"https:\/\/kohenavocats.com\/en\/tribunal-judiciaire-de-tours-le-5-decembre-2024-n24-05901\/#primaryimage"},"thumbnailUrl":"https:\/\/kohenavocats.com\/wp-content\/uploads\/2024\/11\/alexander-mils-LH6ZMdmq_9Y-unsplash.webp","datePublished":"2026-04-23T22:36:52+00:00","description":"Le tribunal judiciaire, statuant en mati\u00e8re sociale, a rendu une d\u00e9cision le 5 d\u00e9cembre 2024. Un organisme de recouvrement a \u00e9mis une contrainte pour le remb...","breadcrumb":{"@id":"https:\/\/kohenavocats.com\/en\/tribunal-judiciaire-de-tours-le-5-decembre-2024-n24-05901\/#breadcrumb"},"inLanguage":"en-US","potentialAction":[{"@type":"ReadAction","target":["https:\/\/kohenavocats.com\/en\/tribunal-judiciaire-de-tours-le-5-decembre-2024-n24-05901\/"]}]},{"@type":"ImageObject","inLanguage":"en-US","@id":"https:\/\/kohenavocats.com\/en\/tribunal-judiciaire-de-tours-le-5-decembre-2024-n24-05901\/#primaryimage","url":"https:\/\/kohenavocats.com\/wp-content\/uploads\/2024\/11\/alexander-mils-LH6ZMdmq_9Y-unsplash.webp","contentUrl":"https:\/\/kohenavocats.com\/wp-content\/uploads\/2024\/11\/alexander-mils-LH6ZMdmq_9Y-unsplash.webp","width":3240,"height":5760},{"@type":"BreadcrumbList","@id":"https:\/\/kohenavocats.com\/en\/tribunal-judiciaire-de-tours-le-5-decembre-2024-n24-05901\/#breadcrumb","itemListElement":[{"@type":"ListItem","position":1,"name":"Home","item":"https:\/\/kohenavocats.com\/en\/criminal-law-attorneys-in-paris-counsel-and-strategic-defense\/"},{"@type":"ListItem","position":2,"name":"Tribunal judiciaire de Tours, le 5 d\u00e9cembre 2024, n\u00b024\/05901"}]},{"@type":"WebSite","@id":"https:\/\/kohenavocats.com\/en\/#website","url":"https:\/\/kohenavocats.com\/en\/","name":"Kohen Avocats","description":"Ma\u00eetre Hassan Kohen, avocat p\u00e9naliste \u00e0 Paris, intervient exclusivement en droit p\u00e9nal pour la d\u00e9fense des particuliers, notamment en mati\u00e8re d\u2019accusations de viol. Il assure un accompagnement rigoureux d\u00e8s la garde \u00e0 vue jusqu\u2019\u00e0 la Cour d\u2019assises, veillant au strict respect des garanties proc\u00e9durales.","publisher":{"@id":"https:\/\/kohenavocats.com\/en\/#organization"},"potentialAction":[{"@type":"SearchAction","target":{"@type":"EntryPoint","urlTemplate":"https:\/\/kohenavocats.com\/en\/?s={search_term_string}"},"query-input":{"@type":"PropertyValueSpecification","valueRequired":true,"valueName":"search_term_string"}}],"inLanguage":"en-US"},{"@type":"Organization","@id":"https:\/\/kohenavocats.com\/en\/#organization","name":"Kohen Avocats","url":"https:\/\/kohenavocats.com\/en\/","logo":{"@type":"ImageObject","inLanguage":"en-US","@id":"https:\/\/kohenavocats.com\/en\/#\/schema\/logo\/image\/","url":"https:\/\/kohenavocats.com\/wp-content\/uploads\/2026\/01\/Logo-2-1.webp","contentUrl":"https:\/\/kohenavocats.com\/wp-content\/uploads\/2026\/01\/Logo-2-1.webp","width":2114,"height":1253,"caption":"Kohen Avocats"},"image":{"@id":"https:\/\/kohenavocats.com\/en\/#\/schema\/logo\/image\/"}},{"@type":"Person","@id":"https:\/\/kohenavocats.com\/en\/#\/schema\/person\/761c9ba54fa1ca84d405cef0831ff751","name":"Kohen","image":{"@type":"ImageObject","inLanguage":"en-US","@id":"https:\/\/secure.gravatar.com\/avatar\/1c5e76ef76bbbfdd2b4da984e2bf2fa4056fd51a27d25ce2c332047f1dfd6e00?s=96&d=identicon&r=g","url":"https:\/\/secure.gravatar.com\/avatar\/1c5e76ef76bbbfdd2b4da984e2bf2fa4056fd51a27d25ce2c332047f1dfd6e00?s=96&d=identicon&r=g","contentUrl":"https:\/\/secure.gravatar.com\/avatar\/1c5e76ef76bbbfdd2b4da984e2bf2fa4056fd51a27d25ce2c332047f1dfd6e00?s=96&d=identicon&r=g","caption":"Kohen"},"sameAs":["https:\/\/www.linkedin.com\/in\/hassan-kohen-448548192\/","https:\/\/www.youtube.com\/@Kohen-Avocats"],"url":"https:\/\/kohenavocats.com\/en\/author\/kohenmlk\/"}]}},"jetpack_featured_media_url":"https:\/\/kohenavocats.com\/wp-content\/uploads\/2024\/11\/alexander-mils-LH6ZMdmq_9Y-unsplash.webp","jetpack_likes_enabled":false,"jetpack_shortlink":"https:\/\/wp.me\/peCrII-2Nec","jetpack-related-posts":[{"id":642530,"url":"https:\/\/kohenavocats.com\/en\/tribunal-judiciaire-de-vesoul-le-8-octobre-2025-n25-00124\/","url_meta":{"origin":665892,"position":0},"title":"Tribunal judiciaire de Vesoul, le 8 octobre 2025, n\u00b025\/00124","author":"Kohen","date":"22 April 2026","format":false,"excerpt":"Le tribunal judiciaire de Vesoul, le 8 octobre 2025, a statu\u00e9 sur une opposition \u00e0 contrainte \u00e9mise par un organisme de recouvrement. Le d\u00e9biteur, non compar...","rel":"","context":"In &quot;Jurisprudence&quot;","block_context":{"text":"Jurisprudence","link":"https:\/\/kohenavocats.com\/category\/jurisprudence\/"},"img":{"alt_text":"","src":"https:\/\/i0.wp.com\/kohenavocats.com\/wp-content\/uploads\/2024\/11\/aakash-dhage-mpt624SvwS4-unsplash.webp?resize=350%2C200&ssl=1","width":350,"height":200,"srcset":"https:\/\/i0.wp.com\/kohenavocats.com\/wp-content\/uploads\/2024\/11\/aakash-dhage-mpt624SvwS4-unsplash.webp?resize=350%2C200&ssl=1 1x, https:\/\/i0.wp.com\/kohenavocats.com\/wp-content\/uploads\/2024\/11\/aakash-dhage-mpt624SvwS4-unsplash.webp?resize=525%2C300&ssl=1 1.5x, https:\/\/i0.wp.com\/kohenavocats.com\/wp-content\/uploads\/2024\/11\/aakash-dhage-mpt624SvwS4-unsplash.webp?resize=700%2C400&ssl=1 2x, https:\/\/i0.wp.com\/kohenavocats.com\/wp-content\/uploads\/2024\/11\/aakash-dhage-mpt624SvwS4-unsplash.webp?resize=1050%2C600&ssl=1 3x, https:\/\/i0.wp.com\/kohenavocats.com\/wp-content\/uploads\/2024\/11\/aakash-dhage-mpt624SvwS4-unsplash.webp?resize=1400%2C800&ssl=1 4x"},"classes":[]},{"id":770681,"url":"https:\/\/kohenavocats.com\/en\/tribunal-judiciaire-de-bastia-le-8-janvier-2026-n25-00868\/","url_meta":{"origin":665892,"position":1},"title":"Tribunal judiciaire de Bastia, le 8 janvier 2026, n\u00b025\/00868","author":"Kohen","date":"30 April 2026","format":false,"excerpt":"Le juge de l\u2019ex\u00e9cution du tribunal judiciaire de Bastia, dans un jugement du 8 janvier 2026, a statu\u00e9 sur l\u2019opposition \u00e0 deux saisies-attribution et \u00e0 une d\u00e9...","rel":"","context":"In &quot;Jurisprudence&quot;","block_context":{"text":"Jurisprudence","link":"https:\/\/kohenavocats.com\/category\/jurisprudence\/"},"img":{"alt_text":"","src":"https:\/\/i0.wp.com\/kohenavocats.com\/wp-content\/uploads\/2024\/07\/henry-be-Pg63JThyCg-unsplash.webp?resize=350%2C200&ssl=1","width":350,"height":200,"srcset":"https:\/\/i0.wp.com\/kohenavocats.com\/wp-content\/uploads\/2024\/07\/henry-be-Pg63JThyCg-unsplash.webp?resize=350%2C200&ssl=1 1x, https:\/\/i0.wp.com\/kohenavocats.com\/wp-content\/uploads\/2024\/07\/henry-be-Pg63JThyCg-unsplash.webp?resize=525%2C300&ssl=1 1.5x, https:\/\/i0.wp.com\/kohenavocats.com\/wp-content\/uploads\/2024\/07\/henry-be-Pg63JThyCg-unsplash.webp?resize=700%2C400&ssl=1 2x, https:\/\/i0.wp.com\/kohenavocats.com\/wp-content\/uploads\/2024\/07\/henry-be-Pg63JThyCg-unsplash.webp?resize=1050%2C600&ssl=1 3x, https:\/\/i0.wp.com\/kohenavocats.com\/wp-content\/uploads\/2024\/07\/henry-be-Pg63JThyCg-unsplash.webp?resize=1400%2C800&ssl=1 4x"},"classes":[]},{"id":642637,"url":"https:\/\/kohenavocats.com\/en\/tribunal-judiciaire-de-laval-le-8-octobre-2025-n24-00838\/","url_meta":{"origin":665892,"position":2},"title":"Tribunal judiciaire de Laval, le 8 octobre 2025, n\u00b024\/00838","author":"Kohen","date":"22 April 2026","format":false,"excerpt":"Le Tribunal judiciaire de Laval, le 8 octobre 2025, statue sur une opposition \u00e0 contrainte \u00e9mise par un organisme de recouvrement. Le d\u00e9biteur a form\u00e9 opposi...","rel":"","context":"In &quot;Jurisprudence&quot;","block_context":{"text":"Jurisprudence","link":"https:\/\/kohenavocats.com\/category\/jurisprudence\/"},"img":{"alt_text":"","src":"https:\/\/i0.wp.com\/kohenavocats.com\/wp-content\/uploads\/2024\/08\/rafael-garcin-DnyhSrgrrNc-unsplash.webp?resize=350%2C200&ssl=1","width":350,"height":200,"srcset":"https:\/\/i0.wp.com\/kohenavocats.com\/wp-content\/uploads\/2024\/08\/rafael-garcin-DnyhSrgrrNc-unsplash.webp?resize=350%2C200&ssl=1 1x, https:\/\/i0.wp.com\/kohenavocats.com\/wp-content\/uploads\/2024\/08\/rafael-garcin-DnyhSrgrrNc-unsplash.webp?resize=525%2C300&ssl=1 1.5x, https:\/\/i0.wp.com\/kohenavocats.com\/wp-content\/uploads\/2024\/08\/rafael-garcin-DnyhSrgrrNc-unsplash.webp?resize=700%2C400&ssl=1 2x, https:\/\/i0.wp.com\/kohenavocats.com\/wp-content\/uploads\/2024\/08\/rafael-garcin-DnyhSrgrrNc-unsplash.webp?resize=1050%2C600&ssl=1 3x, https:\/\/i0.wp.com\/kohenavocats.com\/wp-content\/uploads\/2024\/08\/rafael-garcin-DnyhSrgrrNc-unsplash.webp?resize=1400%2C800&ssl=1 4x"},"classes":[]},{"id":642393,"url":"https:\/\/kohenavocats.com\/en\/tribunal-judiciaire-de-bobigny-le-9-janvier-2025-n24-02079\/","url_meta":{"origin":665892,"position":3},"title":"Tribunal judiciaire de Bobigny, le 9 janvier 2025, n\u00b024\/02079","author":"Kohen","date":"22 April 2026","format":false,"excerpt":"Le tribunal judiciaire de Bobigny, statuant en mati\u00e8re sociale, a rendu un jugement le 9 janvier 2025. Une contrainte \u00e9mise par un organisme de s\u00e9curit\u00e9 soci...","rel":"","context":"In &quot;Jurisprudence&quot;","block_context":{"text":"Jurisprudence","link":"https:\/\/kohenavocats.com\/category\/jurisprudence\/"},"img":{"alt_text":"","src":"https:\/\/i0.wp.com\/kohenavocats.com\/wp-content\/uploads\/2024\/08\/hieu-vu-minh-He8-FZl-o10-unsplash.webp?resize=350%2C200&ssl=1","width":350,"height":200,"srcset":"https:\/\/i0.wp.com\/kohenavocats.com\/wp-content\/uploads\/2024\/08\/hieu-vu-minh-He8-FZl-o10-unsplash.webp?resize=350%2C200&ssl=1 1x, https:\/\/i0.wp.com\/kohenavocats.com\/wp-content\/uploads\/2024\/08\/hieu-vu-minh-He8-FZl-o10-unsplash.webp?resize=525%2C300&ssl=1 1.5x, https:\/\/i0.wp.com\/kohenavocats.com\/wp-content\/uploads\/2024\/08\/hieu-vu-minh-He8-FZl-o10-unsplash.webp?resize=700%2C400&ssl=1 2x, https:\/\/i0.wp.com\/kohenavocats.com\/wp-content\/uploads\/2024\/08\/hieu-vu-minh-He8-FZl-o10-unsplash.webp?resize=1050%2C600&ssl=1 3x, https:\/\/i0.wp.com\/kohenavocats.com\/wp-content\/uploads\/2024\/08\/hieu-vu-minh-He8-FZl-o10-unsplash.webp?resize=1400%2C800&ssl=1 4x"},"classes":[]},{"id":651718,"url":"https:\/\/kohenavocats.com\/en\/tribunal-judiciaire-de-chartres-le-2-octobre-2025-n23-01077\/","url_meta":{"origin":665892,"position":4},"title":"Tribunal judiciaire de Chartres, le 2 octobre 2025, n\u00b023\/01077","author":"Kohen","date":"22 April 2026","format":false,"excerpt":"Le tribunal judiciaire de Chartres, statuant en mati\u00e8re sociale, a rendu un jugement le 2 octobre 2025. L\u2019affaire concernait le recouvrement d\u2019indemnit\u00e9s jou...","rel":"","context":"In &quot;Jurisprudence&quot;","block_context":{"text":"Jurisprudence","link":"https:\/\/kohenavocats.com\/category\/jurisprudence\/"},"img":{"alt_text":"","src":"https:\/\/i0.wp.com\/kohenavocats.com\/wp-content\/uploads\/2024\/08\/mathias-reding-AUDG_Ja0MOU-unsplash.webp?resize=350%2C200&ssl=1","width":350,"height":200,"srcset":"https:\/\/i0.wp.com\/kohenavocats.com\/wp-content\/uploads\/2024\/08\/mathias-reding-AUDG_Ja0MOU-unsplash.webp?resize=350%2C200&ssl=1 1x, https:\/\/i0.wp.com\/kohenavocats.com\/wp-content\/uploads\/2024\/08\/mathias-reding-AUDG_Ja0MOU-unsplash.webp?resize=525%2C300&ssl=1 1.5x, https:\/\/i0.wp.com\/kohenavocats.com\/wp-content\/uploads\/2024\/08\/mathias-reding-AUDG_Ja0MOU-unsplash.webp?resize=700%2C400&ssl=1 2x, https:\/\/i0.wp.com\/kohenavocats.com\/wp-content\/uploads\/2024\/08\/mathias-reding-AUDG_Ja0MOU-unsplash.webp?resize=1050%2C600&ssl=1 3x, https:\/\/i0.wp.com\/kohenavocats.com\/wp-content\/uploads\/2024\/08\/mathias-reding-AUDG_Ja0MOU-unsplash.webp?resize=1400%2C800&ssl=1 4x"},"classes":[]},{"id":651991,"url":"https:\/\/kohenavocats.com\/en\/tribunal-judiciaire-de-paris-le-15-mars-2025-n24-03285\/","url_meta":{"origin":665892,"position":5},"title":"Tribunal judiciaire de Paris, le 15 mars 2025, n\u00b024\/03285","author":"Kohen","date":"22 April 2026","format":false,"excerpt":"Le tribunal judiciaire de Paris, le 15 mars 2025, statue sur une opposition \u00e0 contrainte sociale. Le d\u00e9biteur a form\u00e9 un recours dans les d\u00e9lais mais n'a pas...","rel":"","context":"In &quot;Jurisprudence&quot;","block_context":{"text":"Jurisprudence","link":"https:\/\/kohenavocats.com\/category\/jurisprudence\/"},"img":{"alt_text":"","src":"https:\/\/i0.wp.com\/kohenavocats.com\/wp-content\/uploads\/2024\/08\/dreamland-scape-QsV__x-R0jc-unsplash.webp?resize=350%2C200&ssl=1","width":350,"height":200,"srcset":"https:\/\/i0.wp.com\/kohenavocats.com\/wp-content\/uploads\/2024\/08\/dreamland-scape-QsV__x-R0jc-unsplash.webp?resize=350%2C200&ssl=1 1x, https:\/\/i0.wp.com\/kohenavocats.com\/wp-content\/uploads\/2024\/08\/dreamland-scape-QsV__x-R0jc-unsplash.webp?resize=525%2C300&ssl=1 1.5x, https:\/\/i0.wp.com\/kohenavocats.com\/wp-content\/uploads\/2024\/08\/dreamland-scape-QsV__x-R0jc-unsplash.webp?resize=700%2C400&ssl=1 2x, https:\/\/i0.wp.com\/kohenavocats.com\/wp-content\/uploads\/2024\/08\/dreamland-scape-QsV__x-R0jc-unsplash.webp?resize=1050%2C600&ssl=1 3x, https:\/\/i0.wp.com\/kohenavocats.com\/wp-content\/uploads\/2024\/08\/dreamland-scape-QsV__x-R0jc-unsplash.webp?resize=1400%2C800&ssl=1 4x"},"classes":[]}],"jetpack_sharing_enabled":true,"_links":{"self":[{"href":"https:\/\/kohenavocats.com\/en\/wp-json\/wp\/v2\/posts\/665892","targetHints":{"allow":["GET"]}}],"collection":[{"href":"https:\/\/kohenavocats.com\/en\/wp-json\/wp\/v2\/posts"}],"about":[{"href":"https:\/\/kohenavocats.com\/en\/wp-json\/wp\/v2\/types\/post"}],"author":[{"embeddable":true,"href":"https:\/\/kohenavocats.com\/en\/wp-json\/wp\/v2\/users\/232070755"}],"replies":[{"embeddable":true,"href":"https:\/\/kohenavocats.com\/en\/wp-json\/wp\/v2\/comments?post=665892"}],"version-history":[{"count":0,"href":"https:\/\/kohenavocats.com\/en\/wp-json\/wp\/v2\/posts\/665892\/revisions"}],"wp:featuredmedia":[{"embeddable":true,"href":"https:\/\/kohenavocats.com\/en\/wp-json\/wp\/v2\/media\/9463"}],"wp:attachment":[{"href":"https:\/\/kohenavocats.com\/en\/wp-json\/wp\/v2\/media?parent=665892"}],"wp:term":[{"taxonomy":"category","embeddable":true,"href":"https:\/\/kohenavocats.com\/en\/wp-json\/wp\/v2\/categories?post=665892"},{"taxonomy":"post_tag","embeddable":true,"href":"https:\/\/kohenavocats.com\/en\/wp-json\/wp\/v2\/tags?post=665892"}],"curies":[{"name":"wp","href":"https:\/\/api.w.org\/{rel}","templated":true}]}}