{"id":666545,"date":"2026-04-24T01:43:14","date_gmt":"2026-04-23T23:43:14","guid":{"rendered":"https:\/\/kohenavocats.com\/tribunal-judiciaire-de-lorient-le-18-mars-2025-n24-01887\/"},"modified":"2026-04-26T19:35:21","modified_gmt":"2026-04-26T17:35:21","slug":"tribunal-judiciaire-de-lorient-le-18-mars-2025-n24-01887","status":"publish","type":"post","link":"https:\/\/kohenavocats.com\/en\/tribunal-judiciaire-de-lorient-le-18-mars-2025-n24-01887\/","title":{"rendered":"Tribunal judiciaire de Lorient, le 18 mars 2025, n\u00b024\/01887"},"content":{"rendered":"<div class=\"article-content\">\n<p>Le tribunal judiciaire, par un jugement du 18 mars 2025, a \u00e9t\u00e9 saisi d\u2019un litige cons\u00e9cutif \u00e0 la vente d\u2019un v\u00e9hicule d\u2019occasion. L\u2019acqu\u00e9reur invoquait l\u2019existence de <a href=\"https:\/\/kohenavocats.fr\/avocat-vices-caches-immobilier-paris\/\" target=\"_blank\" title=\"vices cach\u00e9s\">vices cach\u00e9s<\/a> justifiant la r\u00e9solution de la vente et engageait \u00e9galement la responsabilit\u00e9 du centre de contr\u00f4le technique. La juridiction a accueilli la demande en garantie des vices cach\u00e9s et retenu la responsabilit\u00e9 d\u00e9lictuelle du contr\u00f4leur pour n\u00e9gligence.<\/p>\n<p>La caract\u00e9risation rigoureuse du vice cach\u00e9 en mati\u00e8re de vente d\u2019occasion<\/p>\n<p>L\u2019exigence d\u2019une gravit\u00e9 particuli\u00e8re du vice. Le juge rappelle le r\u00e9gime de la garantie des vices cach\u00e9s d\u00e9fini par l\u2019article 1641 du code civil. Il en pr\u00e9cise l\u2019application aux choses d\u2019occasion, exigeant un vice d\u2019une particuli\u00e8re gravit\u00e9. Cette s\u00e9v\u00e9rit\u00e9 s\u2019explique par l\u2019usure normale attendue par l\u2019acqu\u00e9reur. La solution s\u2019inscrit dans une jurisprudence constante qui adapte le standard de gravit\u00e9 \u00e0 la nature de l\u2019objet vendu. En l\u2019esp\u00e8ce, la pluralit\u00e9 des d\u00e9fauts, notamment une direction d\u00e9fectueuse rendant le v\u00e9hicule dangereux, satisfait \u00e0 cette exigence \u00e9lev\u00e9e.<\/p>\n<p>La d\u00e9monstration du caract\u00e8re cach\u00e9 malgr\u00e9 les diligences. Le vice doit \u00eatre ant\u00e9rieur \u00e0 la vente et non d\u00e9celable par l\u2019acheteur. Le juge estime que l\u2019acqu\u00e9reur a accompli des v\u00e9rifications normales, incluant un essai et une consultation du garage d\u2019entretien. Des d\u00e9fauts majeurs, comme une corrosion importante ou une fuite de direction, \u00e9chappaient pourtant \u00e0 son examen. &#8220;Ces d\u00e9fauts \u00e9taient existants le jour de la vente mais non d\u00e9celables par l\u2019acheteur non professionnel&#8221; (page 18 du rapport d\u2019expertise judiciaire). Le caract\u00e8re cach\u00e9 est ainsi retenu malgr\u00e9 une investigation raisonnable, prot\u00e9geant l\u2019acqu\u00e9reur de bonne foi.<\/p>\n<p>L\u2019engagement de la responsabilit\u00e9 d\u00e9lictuelle du contr\u00f4leur technique<\/p>\n<p>La faute de n\u00e9gligence dans l\u2019\u00e9tablissement du contr\u00f4le. La responsabilit\u00e9 du centre de contr\u00f4le est appr\u00e9ci\u00e9e sur le fondement de l\u2019article 1240 du code civil. Le juge rel\u00e8ve que plusieurs anomalies critiques n\u2019ont pas \u00e9t\u00e9 signal\u00e9es sur le proc\u00e8s-verbal. &#8220;Cette corrosion \u00e9tait pr\u00e9sente de nombreux mois avant la vente. Elle aurait d\u00fb faire l\u2019objet d\u2019une notification sur le proc\u00e8s-verbal&#8221; (page 12 du rapport d\u2019expertise judiciaire). L\u2019omission de mentionner des \u00e9l\u00e9ments de s\u00e9curit\u00e9 constitue une n\u00e9gligence, engageant sa responsabilit\u00e9 envers l\u2019acqu\u00e9reur qui s\u2019est fi\u00e9 au document.<\/p>\n<p>La r\u00e9paration sous forme de perte de chance pour l\u2019acqu\u00e9reur. Le pr\u00e9judice subi par l\u2019acqu\u00e9reur du fait de cette faute est qualifi\u00e9 de perte de chance de ne pas contracter. Le juge estime cette chance importante, le v\u00e9hicule \u00e9tant en r\u00e9alit\u00e9 dangereux et non simplement v\u00e9tuste. Il alloue une indemnisation forfaitaire de 4 000 euros. En revanche, il \u00e9carte l\u2019indemnisation d\u2019autres postes comme les frais de remorquage, estimant qu\u2019ils rel\u00e8vent de l\u2019\u00e9tat du v\u00e9hicule et non de la faute du contr\u00f4leur. Cette distinction op\u00e8re une causalit\u00e9 stricte entre la faute et le pr\u00e9judice r\u00e9parable.<\/p>\n<p>La port\u00e9e de cette d\u00e9cision est double. Elle confirme l\u2019exigence d\u2019un vice grave pour les objets d\u2019occasion tout en prot\u00e9geant l\u2019acqu\u00e9reur diligent. Elle renforce aussi les obligations du contr\u00f4leur technique, dont le rapport engage la responsabilit\u00e9 d\u00e8s lors qu\u2019une n\u00e9gligence est \u00e9tablie, offrant un recours utile contre des certificats inexacts.<\/p>\n<\/div>\n","protected":false},"excerpt":{"rendered":"<p>Le tribunal judiciaire, par un jugement du 18 mars 2025, a \u00e9t\u00e9 saisi d\u2019un litige cons\u00e9cutif \u00e0 la vente d\u2019un v\u00e9hicule d\u2019occasion. L\u2019acqu\u00e9reur invoquait l\u2019exis&#8230;<\/p>\n","protected":false},"author":232070755,"featured_media":3904,"comment_status":"open","ping_status":"open","sticky":false,"template":"","format":"standard","meta":{"_crdt_document":"","_jetpack_newsletter_access":"","_jetpack_dont_email_post_to_subs":false,"_jetpack_newsletter_tier_id":0,"_jetpack_memberships_contains_paywalled_content":false,"_kj_source_type":"judilibre","_kj_official_id":"68ff2ea67e08341cb4978039","_kj_official_url":"https:\/\/www.courdecassation.fr\/decision\/68ff2ea67e08341cb4978039","_kj_judilibre_id":"68ff2ea67e08341cb4978039","_kj_jur":"Tribunal judiciaire","_kj_lieu":"Tribunal judiciaire de Lorient","_kj_chambre":"1\u00e8re Chambre","_kj_rg":"24\/01887","_kj_date":"2025-09-23","_jetpack_memberships_contains_paid_content":false,"footnotes":"","jetpack_post_was_ever_published":false},"categories":[7096,35583,7597],"tags":[],"class_list":["post-666545","post","type-post","status-publish","format-standard","has-post-thumbnail","hentry","category-code-des-assurances","category-immobilier","category-jurisprudence"],"yoast_head":"<!-- This site is optimized with the Yoast SEO Premium plugin v27.5 (Yoast SEO v27.5) - https:\/\/yoast.com\/product\/yoast-seo-premium-wordpress\/ -->\n<title>Tribunal judiciaire de Lorient, le 18 mars 2025, n\u00b024\/01887 - Ma\u00eetre Hassan Kohen, avocat en droit p\u00e9nal \u00e0 Paris<\/title>\n<meta name=\"description\" content=\"Le tribunal judiciaire, par un jugement du 18 mars 2025, a \u00e9t\u00e9 saisi d\u2019un litige cons\u00e9cutif \u00e0 la vente d\u2019un v\u00e9hicule d\u2019occasion. L\u2019acqu\u00e9reur invoquait l\u2019exis...\" \/>\n<meta name=\"robots\" content=\"index, follow, max-snippet:-1, max-image-preview:large, max-video-preview:-1\" \/>\n<link rel=\"canonical\" href=\"https:\/\/kohenavocats.com\/en\/tribunal-judiciaire-de-lorient-le-18-mars-2025-n24-01887\/\" \/>\n<meta property=\"og:locale\" content=\"en_US\" \/>\n<meta property=\"og:type\" content=\"article\" \/>\n<meta property=\"og:title\" content=\"Tribunal judiciaire de Lorient, le 18 mars 2025, n\u00b024\/01887\" \/>\n<meta property=\"og:description\" content=\"Le tribunal judiciaire, par un jugement du 18 mars 2025, a \u00e9t\u00e9 saisi d\u2019un litige cons\u00e9cutif \u00e0 la vente d\u2019un v\u00e9hicule d\u2019occasion. L\u2019acqu\u00e9reur invoquait l\u2019exis...\" \/>\n<meta property=\"og:url\" content=\"https:\/\/kohenavocats.com\/en\/tribunal-judiciaire-de-lorient-le-18-mars-2025-n24-01887\/\" \/>\n<meta property=\"og:site_name\" content=\"Ma\u00eetre Hassan Kohen, avocat en droit p\u00e9nal \u00e0 Paris\" \/>\n<meta property=\"article:published_time\" content=\"2026-04-23T23:43:14+00:00\" \/>\n<meta property=\"article:modified_time\" content=\"2026-04-26T17:35:21+00:00\" \/>\n<meta property=\"og:image\" content=\"https:\/\/kohenavocats.com\/wp-content\/uploads\/2024\/07\/giammarco-boscaro-zeH-ljawHtg-unsplash.webp\" \/>\n\t<meta property=\"og:image:width\" content=\"5953\" \/>\n\t<meta property=\"og:image:height\" content=\"3969\" \/>\n\t<meta property=\"og:image:type\" content=\"image\/webp\" \/>\n<meta name=\"author\" content=\"Kohen\" \/>\n<meta name=\"twitter:card\" content=\"summary_large_image\" \/>\n<meta name=\"twitter:label1\" content=\"Written by\" \/>\n\t<meta name=\"twitter:data1\" content=\"Kohen\" \/>\n\t<meta name=\"twitter:label2\" content=\"Est. reading time\" \/>\n\t<meta name=\"twitter:data2\" content=\"3 minutes\" \/>\n<script type=\"application\/ld+json\" class=\"yoast-schema-graph\">{\"@context\":\"https:\\\/\\\/schema.org\",\"@graph\":[{\"@type\":\"Article\",\"@id\":\"https:\\\/\\\/kohenavocats.com\\\/en\\\/tribunal-judiciaire-de-lorient-le-18-mars-2025-n24-01887\\\/#article\",\"isPartOf\":{\"@id\":\"https:\\\/\\\/kohenavocats.com\\\/en\\\/tribunal-judiciaire-de-lorient-le-18-mars-2025-n24-01887\\\/\"},\"author\":{\"name\":\"Kohen\",\"@id\":\"https:\\\/\\\/kohenavocats.com\\\/en\\\/#\\\/schema\\\/person\\\/761c9ba54fa1ca84d405cef0831ff751\"},\"headline\":\"Tribunal judiciaire de Lorient, le 18 mars 2025, n\u00b024\\\/01887\",\"datePublished\":\"2026-04-23T23:43:14+00:00\",\"dateModified\":\"2026-04-26T17:35:21+00:00\",\"mainEntityOfPage\":{\"@id\":\"https:\\\/\\\/kohenavocats.com\\\/en\\\/tribunal-judiciaire-de-lorient-le-18-mars-2025-n24-01887\\\/\"},\"wordCount\":603,\"commentCount\":0,\"publisher\":{\"@id\":\"https:\\\/\\\/kohenavocats.com\\\/en\\\/#organization\"},\"image\":{\"@id\":\"https:\\\/\\\/kohenavocats.com\\\/en\\\/tribunal-judiciaire-de-lorient-le-18-mars-2025-n24-01887\\\/#primaryimage\"},\"thumbnailUrl\":\"https:\\\/\\\/kohenavocats.com\\\/wp-content\\\/uploads\\\/2024\\\/07\\\/giammarco-boscaro-zeH-ljawHtg-unsplash.webp\",\"articleSection\":[\"Code des assurances\",\"Immobilier\",\"Jurisprudence\"],\"inLanguage\":\"en-US\",\"potentialAction\":[{\"@type\":\"CommentAction\",\"name\":\"Comment\",\"target\":[\"https:\\\/\\\/kohenavocats.com\\\/en\\\/tribunal-judiciaire-de-lorient-le-18-mars-2025-n24-01887\\\/#respond\"]}],\"citation\":\"Tribunal judiciaire de Lorient, le 18 mars 2025, n\u00b024\\\/01887\",\"about\":[{\"@type\":\"Thing\",\"name\":\"Code des assurances\"},{\"@type\":\"Thing\",\"name\":\"Immobilier\"},{\"@type\":\"Thing\",\"name\":\"Jurisprudence\"}],\"speakable\":{\"@type\":\"SpeakableSpecification\",\"cssSelector\":[\".article-content > p:first-of-type\"]}},{\"@type\":\"WebPage\",\"@id\":\"https:\\\/\\\/kohenavocats.com\\\/en\\\/tribunal-judiciaire-de-lorient-le-18-mars-2025-n24-01887\\\/\",\"url\":\"https:\\\/\\\/kohenavocats.com\\\/en\\\/tribunal-judiciaire-de-lorient-le-18-mars-2025-n24-01887\\\/\",\"name\":\"Tribunal judiciaire de Lorient, le 18 mars 2025, n\u00b024\\\/01887 - Ma\u00eetre Hassan Kohen, avocat en droit p\u00e9nal \u00e0 Paris\",\"isPartOf\":{\"@id\":\"https:\\\/\\\/kohenavocats.com\\\/en\\\/#website\"},\"primaryImageOfPage\":{\"@id\":\"https:\\\/\\\/kohenavocats.com\\\/en\\\/tribunal-judiciaire-de-lorient-le-18-mars-2025-n24-01887\\\/#primaryimage\"},\"image\":{\"@id\":\"https:\\\/\\\/kohenavocats.com\\\/en\\\/tribunal-judiciaire-de-lorient-le-18-mars-2025-n24-01887\\\/#primaryimage\"},\"thumbnailUrl\":\"https:\\\/\\\/kohenavocats.com\\\/wp-content\\\/uploads\\\/2024\\\/07\\\/giammarco-boscaro-zeH-ljawHtg-unsplash.webp\",\"datePublished\":\"2026-04-23T23:43:14+00:00\",\"dateModified\":\"2026-04-26T17:35:21+00:00\",\"description\":\"Le tribunal judiciaire, par un jugement du 18 mars 2025, a \u00e9t\u00e9 saisi d\u2019un litige cons\u00e9cutif \u00e0 la vente d\u2019un v\u00e9hicule d\u2019occasion. L\u2019acqu\u00e9reur invoquait l\u2019exis...\",\"breadcrumb\":{\"@id\":\"https:\\\/\\\/kohenavocats.com\\\/en\\\/tribunal-judiciaire-de-lorient-le-18-mars-2025-n24-01887\\\/#breadcrumb\"},\"inLanguage\":\"en-US\",\"potentialAction\":[{\"@type\":\"ReadAction\",\"target\":[\"https:\\\/\\\/kohenavocats.com\\\/en\\\/tribunal-judiciaire-de-lorient-le-18-mars-2025-n24-01887\\\/\"]}]},{\"@type\":\"ImageObject\",\"inLanguage\":\"en-US\",\"@id\":\"https:\\\/\\\/kohenavocats.com\\\/en\\\/tribunal-judiciaire-de-lorient-le-18-mars-2025-n24-01887\\\/#primaryimage\",\"url\":\"https:\\\/\\\/kohenavocats.com\\\/wp-content\\\/uploads\\\/2024\\\/07\\\/giammarco-boscaro-zeH-ljawHtg-unsplash.webp\",\"contentUrl\":\"https:\\\/\\\/kohenavocats.com\\\/wp-content\\\/uploads\\\/2024\\\/07\\\/giammarco-boscaro-zeH-ljawHtg-unsplash.webp\",\"width\":5953,\"height\":3969},{\"@type\":\"BreadcrumbList\",\"@id\":\"https:\\\/\\\/kohenavocats.com\\\/en\\\/tribunal-judiciaire-de-lorient-le-18-mars-2025-n24-01887\\\/#breadcrumb\",\"itemListElement\":[{\"@type\":\"ListItem\",\"position\":1,\"name\":\"Home\",\"item\":\"https:\\\/\\\/kohenavocats.com\\\/en\\\/criminal-law-attorneys-in-paris-counsel-and-strategic-defense\\\/\"},{\"@type\":\"ListItem\",\"position\":2,\"name\":\"Tribunal judiciaire de Lorient, le 18 mars 2025, n\u00b024\\\/01887\"}]},{\"@type\":\"WebSite\",\"@id\":\"https:\\\/\\\/kohenavocats.com\\\/en\\\/#website\",\"url\":\"https:\\\/\\\/kohenavocats.com\\\/en\\\/\",\"name\":\"Kohen Avocats\",\"description\":\"Ma\u00eetre Hassan Kohen, avocat p\u00e9naliste \u00e0 Paris, intervient exclusivement en droit p\u00e9nal pour la d\u00e9fense des particuliers, notamment en mati\u00e8re d\u2019accusations de viol. Il assure un accompagnement rigoureux d\u00e8s la garde \u00e0 vue jusqu\u2019\u00e0 la Cour d\u2019assises, veillant au strict respect des garanties proc\u00e9durales.\",\"publisher\":{\"@id\":\"https:\\\/\\\/kohenavocats.com\\\/en\\\/#organization\"},\"potentialAction\":[{\"@type\":\"SearchAction\",\"target\":{\"@type\":\"EntryPoint\",\"urlTemplate\":\"https:\\\/\\\/kohenavocats.com\\\/en\\\/?s={search_term_string}\"},\"query-input\":{\"@type\":\"PropertyValueSpecification\",\"valueRequired\":true,\"valueName\":\"search_term_string\"}}],\"inLanguage\":\"en-US\"},{\"@type\":\"Organization\",\"@id\":\"https:\\\/\\\/kohenavocats.com\\\/en\\\/#organization\",\"name\":\"Kohen Avocats\",\"url\":\"https:\\\/\\\/kohenavocats.com\\\/en\\\/\",\"logo\":{\"@type\":\"ImageObject\",\"inLanguage\":\"en-US\",\"@id\":\"https:\\\/\\\/kohenavocats.com\\\/en\\\/#\\\/schema\\\/logo\\\/image\\\/\",\"url\":\"https:\\\/\\\/kohenavocats.com\\\/wp-content\\\/uploads\\\/2026\\\/01\\\/Logo-2-1.webp\",\"contentUrl\":\"https:\\\/\\\/kohenavocats.com\\\/wp-content\\\/uploads\\\/2026\\\/01\\\/Logo-2-1.webp\",\"width\":2114,\"height\":1253,\"caption\":\"Kohen Avocats\"},\"image\":{\"@id\":\"https:\\\/\\\/kohenavocats.com\\\/en\\\/#\\\/schema\\\/logo\\\/image\\\/\"}},{\"@type\":\"Person\",\"@id\":\"https:\\\/\\\/kohenavocats.com\\\/en\\\/#\\\/schema\\\/person\\\/761c9ba54fa1ca84d405cef0831ff751\",\"name\":\"Kohen\",\"image\":{\"@type\":\"ImageObject\",\"inLanguage\":\"en-US\",\"@id\":\"https:\\\/\\\/secure.gravatar.com\\\/avatar\\\/1c5e76ef76bbbfdd2b4da984e2bf2fa4056fd51a27d25ce2c332047f1dfd6e00?s=96&d=identicon&r=g\",\"url\":\"https:\\\/\\\/secure.gravatar.com\\\/avatar\\\/1c5e76ef76bbbfdd2b4da984e2bf2fa4056fd51a27d25ce2c332047f1dfd6e00?s=96&d=identicon&r=g\",\"contentUrl\":\"https:\\\/\\\/secure.gravatar.com\\\/avatar\\\/1c5e76ef76bbbfdd2b4da984e2bf2fa4056fd51a27d25ce2c332047f1dfd6e00?s=96&d=identicon&r=g\",\"caption\":\"Kohen\"},\"sameAs\":[\"https:\\\/\\\/www.linkedin.com\\\/in\\\/hassan-kohen-448548192\\\/\",\"https:\\\/\\\/www.youtube.com\\\/@Kohen-Avocats\"],\"url\":\"https:\\\/\\\/kohenavocats.com\\\/en\\\/author\\\/kohenmlk\\\/\"}]}<\/script>\n<!-- \/ Yoast SEO Premium plugin. -->","yoast_head_json":{"title":"Tribunal judiciaire de Lorient, le 18 mars 2025, n\u00b024\/01887 - Ma\u00eetre Hassan Kohen, avocat en droit p\u00e9nal \u00e0 Paris","description":"Le tribunal judiciaire, par un jugement du 18 mars 2025, a \u00e9t\u00e9 saisi d\u2019un litige cons\u00e9cutif \u00e0 la vente d\u2019un v\u00e9hicule d\u2019occasion. L\u2019acqu\u00e9reur invoquait l\u2019exis...","robots":{"index":"index","follow":"follow","max-snippet":"max-snippet:-1","max-image-preview":"max-image-preview:large","max-video-preview":"max-video-preview:-1"},"canonical":"https:\/\/kohenavocats.com\/en\/tribunal-judiciaire-de-lorient-le-18-mars-2025-n24-01887\/","og_locale":"en_US","og_type":"article","og_title":"Tribunal judiciaire de Lorient, le 18 mars 2025, n\u00b024\/01887","og_description":"Le tribunal judiciaire, par un jugement du 18 mars 2025, a \u00e9t\u00e9 saisi d\u2019un litige cons\u00e9cutif \u00e0 la vente d\u2019un v\u00e9hicule d\u2019occasion. L\u2019acqu\u00e9reur invoquait l\u2019exis...","og_url":"https:\/\/kohenavocats.com\/en\/tribunal-judiciaire-de-lorient-le-18-mars-2025-n24-01887\/","og_site_name":"Ma\u00eetre Hassan Kohen, avocat en droit p\u00e9nal \u00e0 Paris","article_published_time":"2026-04-23T23:43:14+00:00","article_modified_time":"2026-04-26T17:35:21+00:00","og_image":[{"width":5953,"height":3969,"url":"https:\/\/kohenavocats.com\/wp-content\/uploads\/2024\/07\/giammarco-boscaro-zeH-ljawHtg-unsplash.webp","type":"image\/webp"}],"author":"Kohen","twitter_card":"summary_large_image","twitter_misc":{"Written by":"Kohen","Est. reading time":"3 minutes"},"schema":{"@context":"https:\/\/schema.org","@graph":[{"@type":"Article","@id":"https:\/\/kohenavocats.com\/en\/tribunal-judiciaire-de-lorient-le-18-mars-2025-n24-01887\/#article","isPartOf":{"@id":"https:\/\/kohenavocats.com\/en\/tribunal-judiciaire-de-lorient-le-18-mars-2025-n24-01887\/"},"author":{"name":"Kohen","@id":"https:\/\/kohenavocats.com\/en\/#\/schema\/person\/761c9ba54fa1ca84d405cef0831ff751"},"headline":"Tribunal judiciaire de Lorient, le 18 mars 2025, n\u00b024\/01887","datePublished":"2026-04-23T23:43:14+00:00","dateModified":"2026-04-26T17:35:21+00:00","mainEntityOfPage":{"@id":"https:\/\/kohenavocats.com\/en\/tribunal-judiciaire-de-lorient-le-18-mars-2025-n24-01887\/"},"wordCount":603,"commentCount":0,"publisher":{"@id":"https:\/\/kohenavocats.com\/en\/#organization"},"image":{"@id":"https:\/\/kohenavocats.com\/en\/tribunal-judiciaire-de-lorient-le-18-mars-2025-n24-01887\/#primaryimage"},"thumbnailUrl":"https:\/\/kohenavocats.com\/wp-content\/uploads\/2024\/07\/giammarco-boscaro-zeH-ljawHtg-unsplash.webp","articleSection":["Code des assurances","Immobilier","Jurisprudence"],"inLanguage":"en-US","potentialAction":[{"@type":"CommentAction","name":"Comment","target":["https:\/\/kohenavocats.com\/en\/tribunal-judiciaire-de-lorient-le-18-mars-2025-n24-01887\/#respond"]}],"citation":"Tribunal judiciaire de Lorient, le 18 mars 2025, n\u00b024\/01887","about":[{"@type":"Thing","name":"Code des assurances"},{"@type":"Thing","name":"Immobilier"},{"@type":"Thing","name":"Jurisprudence"}],"speakable":{"@type":"SpeakableSpecification","cssSelector":[".article-content > p:first-of-type"]}},{"@type":"WebPage","@id":"https:\/\/kohenavocats.com\/en\/tribunal-judiciaire-de-lorient-le-18-mars-2025-n24-01887\/","url":"https:\/\/kohenavocats.com\/en\/tribunal-judiciaire-de-lorient-le-18-mars-2025-n24-01887\/","name":"Tribunal judiciaire de Lorient, le 18 mars 2025, n\u00b024\/01887 - Ma\u00eetre Hassan Kohen, avocat en droit p\u00e9nal \u00e0 Paris","isPartOf":{"@id":"https:\/\/kohenavocats.com\/en\/#website"},"primaryImageOfPage":{"@id":"https:\/\/kohenavocats.com\/en\/tribunal-judiciaire-de-lorient-le-18-mars-2025-n24-01887\/#primaryimage"},"image":{"@id":"https:\/\/kohenavocats.com\/en\/tribunal-judiciaire-de-lorient-le-18-mars-2025-n24-01887\/#primaryimage"},"thumbnailUrl":"https:\/\/kohenavocats.com\/wp-content\/uploads\/2024\/07\/giammarco-boscaro-zeH-ljawHtg-unsplash.webp","datePublished":"2026-04-23T23:43:14+00:00","dateModified":"2026-04-26T17:35:21+00:00","description":"Le tribunal judiciaire, par un jugement du 18 mars 2025, a \u00e9t\u00e9 saisi d\u2019un litige cons\u00e9cutif \u00e0 la vente d\u2019un v\u00e9hicule d\u2019occasion. L\u2019acqu\u00e9reur invoquait l\u2019exis...","breadcrumb":{"@id":"https:\/\/kohenavocats.com\/en\/tribunal-judiciaire-de-lorient-le-18-mars-2025-n24-01887\/#breadcrumb"},"inLanguage":"en-US","potentialAction":[{"@type":"ReadAction","target":["https:\/\/kohenavocats.com\/en\/tribunal-judiciaire-de-lorient-le-18-mars-2025-n24-01887\/"]}]},{"@type":"ImageObject","inLanguage":"en-US","@id":"https:\/\/kohenavocats.com\/en\/tribunal-judiciaire-de-lorient-le-18-mars-2025-n24-01887\/#primaryimage","url":"https:\/\/kohenavocats.com\/wp-content\/uploads\/2024\/07\/giammarco-boscaro-zeH-ljawHtg-unsplash.webp","contentUrl":"https:\/\/kohenavocats.com\/wp-content\/uploads\/2024\/07\/giammarco-boscaro-zeH-ljawHtg-unsplash.webp","width":5953,"height":3969},{"@type":"BreadcrumbList","@id":"https:\/\/kohenavocats.com\/en\/tribunal-judiciaire-de-lorient-le-18-mars-2025-n24-01887\/#breadcrumb","itemListElement":[{"@type":"ListItem","position":1,"name":"Home","item":"https:\/\/kohenavocats.com\/en\/criminal-law-attorneys-in-paris-counsel-and-strategic-defense\/"},{"@type":"ListItem","position":2,"name":"Tribunal judiciaire de Lorient, le 18 mars 2025, n\u00b024\/01887"}]},{"@type":"WebSite","@id":"https:\/\/kohenavocats.com\/en\/#website","url":"https:\/\/kohenavocats.com\/en\/","name":"Kohen Avocats","description":"Ma\u00eetre Hassan Kohen, avocat p\u00e9naliste \u00e0 Paris, intervient exclusivement en droit p\u00e9nal pour la d\u00e9fense des particuliers, notamment en mati\u00e8re d\u2019accusations de viol. Il assure un accompagnement rigoureux d\u00e8s la garde \u00e0 vue jusqu\u2019\u00e0 la Cour d\u2019assises, veillant au strict respect des garanties proc\u00e9durales.","publisher":{"@id":"https:\/\/kohenavocats.com\/en\/#organization"},"potentialAction":[{"@type":"SearchAction","target":{"@type":"EntryPoint","urlTemplate":"https:\/\/kohenavocats.com\/en\/?s={search_term_string}"},"query-input":{"@type":"PropertyValueSpecification","valueRequired":true,"valueName":"search_term_string"}}],"inLanguage":"en-US"},{"@type":"Organization","@id":"https:\/\/kohenavocats.com\/en\/#organization","name":"Kohen Avocats","url":"https:\/\/kohenavocats.com\/en\/","logo":{"@type":"ImageObject","inLanguage":"en-US","@id":"https:\/\/kohenavocats.com\/en\/#\/schema\/logo\/image\/","url":"https:\/\/kohenavocats.com\/wp-content\/uploads\/2026\/01\/Logo-2-1.webp","contentUrl":"https:\/\/kohenavocats.com\/wp-content\/uploads\/2026\/01\/Logo-2-1.webp","width":2114,"height":1253,"caption":"Kohen Avocats"},"image":{"@id":"https:\/\/kohenavocats.com\/en\/#\/schema\/logo\/image\/"}},{"@type":"Person","@id":"https:\/\/kohenavocats.com\/en\/#\/schema\/person\/761c9ba54fa1ca84d405cef0831ff751","name":"Kohen","image":{"@type":"ImageObject","inLanguage":"en-US","@id":"https:\/\/secure.gravatar.com\/avatar\/1c5e76ef76bbbfdd2b4da984e2bf2fa4056fd51a27d25ce2c332047f1dfd6e00?s=96&d=identicon&r=g","url":"https:\/\/secure.gravatar.com\/avatar\/1c5e76ef76bbbfdd2b4da984e2bf2fa4056fd51a27d25ce2c332047f1dfd6e00?s=96&d=identicon&r=g","contentUrl":"https:\/\/secure.gravatar.com\/avatar\/1c5e76ef76bbbfdd2b4da984e2bf2fa4056fd51a27d25ce2c332047f1dfd6e00?s=96&d=identicon&r=g","caption":"Kohen"},"sameAs":["https:\/\/www.linkedin.com\/in\/hassan-kohen-448548192\/","https:\/\/www.youtube.com\/@Kohen-Avocats"],"url":"https:\/\/kohenavocats.com\/en\/author\/kohenmlk\/"}]}},"jetpack_featured_media_url":"https:\/\/kohenavocats.com\/wp-content\/uploads\/2024\/07\/giammarco-boscaro-zeH-ljawHtg-unsplash.webp","jetpack_likes_enabled":false,"jetpack_shortlink":"https:\/\/wp.me\/peCrII-2NoJ","jetpack-related-posts":[{"id":478107,"url":"https:\/\/kohenavocats.com\/en\/tribunal-judiciaire-de-limoges-le-4-decembre-2025-n23-03696\/","url_meta":{"origin":666545,"position":0},"title":"Tribunal judiciaire de Limoges, le 4 d\u00e9cembre 2025, n\u00b023\/03696","author":"Kohen","date":"7 April 2026","format":false,"excerpt":"Le tribunal judiciaire de Limoges, le 4 d\u00e9cembre 2025, statue sur un litige relatif \u00e0 la vente d'un v\u00e9hicule d'occasion. L'acqu\u00e9reur agit en r\u00e9solution de la...","rel":"","context":"In &quot;Jurisprudence&quot;","block_context":{"text":"Jurisprudence","link":"https:\/\/kohenavocats.com\/category\/jurisprudence\/"},"img":{"alt_text":"","src":"https:\/\/i0.wp.com\/kohenavocats.com\/wp-content\/uploads\/2024\/11\/getty-images-xD4-IJN1DF8-unsplash.webp?resize=350%2C200&ssl=1","width":350,"height":200,"srcset":"https:\/\/i0.wp.com\/kohenavocats.com\/wp-content\/uploads\/2024\/11\/getty-images-xD4-IJN1DF8-unsplash.webp?resize=350%2C200&ssl=1 1x, https:\/\/i0.wp.com\/kohenavocats.com\/wp-content\/uploads\/2024\/11\/getty-images-xD4-IJN1DF8-unsplash.webp?resize=525%2C300&ssl=1 1.5x, https:\/\/i0.wp.com\/kohenavocats.com\/wp-content\/uploads\/2024\/11\/getty-images-xD4-IJN1DF8-unsplash.webp?resize=700%2C400&ssl=1 2x, https:\/\/i0.wp.com\/kohenavocats.com\/wp-content\/uploads\/2024\/11\/getty-images-xD4-IJN1DF8-unsplash.webp?resize=1050%2C600&ssl=1 3x, https:\/\/i0.wp.com\/kohenavocats.com\/wp-content\/uploads\/2024\/11\/getty-images-xD4-IJN1DF8-unsplash.webp?resize=1400%2C800&ssl=1 4x"},"classes":[]},{"id":487163,"url":"https:\/\/kohenavocats.com\/en\/tribunal-judiciaire-le-15-mars-2024-n24-01811\/","url_meta":{"origin":666545,"position":1},"title":"Tribunal judiciaire, le 15 mars 2024, n\u00b024\/01811","author":"Kohen","date":"8 April 2026","format":false,"excerpt":"Le tribunal judiciaire, dans un jugement du 15 mars 2024, a statu\u00e9 sur une action en garantie des vices cach\u00e9s. L'acqu\u00e9reur d'un v\u00e9hicule d'occasion a invoqu...","rel":"","context":"In &quot;Jurisprudence&quot;","block_context":{"text":"Jurisprudence","link":"https:\/\/kohenavocats.com\/category\/jurisprudence\/"},"img":{"alt_text":"","src":"https:\/\/i0.wp.com\/kohenavocats.com\/wp-content\/uploads\/2024\/07\/chris-brignola-X2CxUXFqKcM-unsplash.webp?resize=350%2C200&ssl=1","width":350,"height":200,"srcset":"https:\/\/i0.wp.com\/kohenavocats.com\/wp-content\/uploads\/2024\/07\/chris-brignola-X2CxUXFqKcM-unsplash.webp?resize=350%2C200&ssl=1 1x, https:\/\/i0.wp.com\/kohenavocats.com\/wp-content\/uploads\/2024\/07\/chris-brignola-X2CxUXFqKcM-unsplash.webp?resize=525%2C300&ssl=1 1.5x, https:\/\/i0.wp.com\/kohenavocats.com\/wp-content\/uploads\/2024\/07\/chris-brignola-X2CxUXFqKcM-unsplash.webp?resize=700%2C400&ssl=1 2x, https:\/\/i0.wp.com\/kohenavocats.com\/wp-content\/uploads\/2024\/07\/chris-brignola-X2CxUXFqKcM-unsplash.webp?resize=1050%2C600&ssl=1 3x, https:\/\/i0.wp.com\/kohenavocats.com\/wp-content\/uploads\/2024\/07\/chris-brignola-X2CxUXFqKcM-unsplash.webp?resize=1400%2C800&ssl=1 4x"},"classes":[]},{"id":486621,"url":"https:\/\/kohenavocats.com\/en\/tribunal-judiciaire-le-12-mars-2024-n21-00284\/","url_meta":{"origin":666545,"position":2},"title":"Tribunal judiciaire, le 12 mars 2024, n\u00b021\/00284","author":"Kohen","date":"8 April 2026","format":false,"excerpt":"Le tribunal judiciaire, statuant dans une affaire de vente d\u2019un v\u00e9hicule d\u2019occasion, a rendu une d\u00e9cision le 12 mars 2024. L\u2019acqu\u00e9reur a assign\u00e9 le vendeur p...","rel":"","context":"In &quot;Jurisprudence&quot;","block_context":{"text":"Jurisprudence","link":"https:\/\/kohenavocats.com\/category\/jurisprudence\/"},"img":{"alt_text":"","src":"https:\/\/i0.wp.com\/kohenavocats.com\/wp-content\/uploads\/2024\/11\/chris-barbalis-p3hlhPiB9Ro-unsplash.webp?resize=350%2C200&ssl=1","width":350,"height":200,"srcset":"https:\/\/i0.wp.com\/kohenavocats.com\/wp-content\/uploads\/2024\/11\/chris-barbalis-p3hlhPiB9Ro-unsplash.webp?resize=350%2C200&ssl=1 1x, https:\/\/i0.wp.com\/kohenavocats.com\/wp-content\/uploads\/2024\/11\/chris-barbalis-p3hlhPiB9Ro-unsplash.webp?resize=525%2C300&ssl=1 1.5x, https:\/\/i0.wp.com\/kohenavocats.com\/wp-content\/uploads\/2024\/11\/chris-barbalis-p3hlhPiB9Ro-unsplash.webp?resize=700%2C400&ssl=1 2x, https:\/\/i0.wp.com\/kohenavocats.com\/wp-content\/uploads\/2024\/11\/chris-barbalis-p3hlhPiB9Ro-unsplash.webp?resize=1050%2C600&ssl=1 3x, https:\/\/i0.wp.com\/kohenavocats.com\/wp-content\/uploads\/2024\/11\/chris-barbalis-p3hlhPiB9Ro-unsplash.webp?resize=1400%2C800&ssl=1 4x"},"classes":[]},{"id":522058,"url":"https:\/\/kohenavocats.com\/en\/tribunal-judiciaire-de-lille-le-10-avril-2025-n24-01930\/","url_meta":{"origin":666545,"position":3},"title":"Tribunal judiciaire de Lille, le 10 avril 2025, n\u00b024\/01930","author":"Kohen","date":"9 April 2026","format":false,"excerpt":"Le tribunal judiciaire de Lille, par jugement du 10 avril 2025, a \u00e9t\u00e9 saisi d'un litige n\u00e9 de la vente d'un v\u00e9hicule d'occasion ancien. L'acqu\u00e9reur a demand\u00e9...","rel":"","context":"In &quot;Jurisprudence&quot;","block_context":{"text":"Jurisprudence","link":"https:\/\/kohenavocats.com\/category\/jurisprudence\/"},"img":{"alt_text":"","src":"https:\/\/i0.wp.com\/kohenavocats.com\/wp-content\/uploads\/2024\/08\/sara-darcaj-YzamNB_T4WQ-unsplash.webp?resize=350%2C200&ssl=1","width":350,"height":200,"srcset":"https:\/\/i0.wp.com\/kohenavocats.com\/wp-content\/uploads\/2024\/08\/sara-darcaj-YzamNB_T4WQ-unsplash.webp?resize=350%2C200&ssl=1 1x, https:\/\/i0.wp.com\/kohenavocats.com\/wp-content\/uploads\/2024\/08\/sara-darcaj-YzamNB_T4WQ-unsplash.webp?resize=525%2C300&ssl=1 1.5x, https:\/\/i0.wp.com\/kohenavocats.com\/wp-content\/uploads\/2024\/08\/sara-darcaj-YzamNB_T4WQ-unsplash.webp?resize=700%2C400&ssl=1 2x, https:\/\/i0.wp.com\/kohenavocats.com\/wp-content\/uploads\/2024\/08\/sara-darcaj-YzamNB_T4WQ-unsplash.webp?resize=1050%2C600&ssl=1 3x, https:\/\/i0.wp.com\/kohenavocats.com\/wp-content\/uploads\/2024\/08\/sara-darcaj-YzamNB_T4WQ-unsplash.webp?resize=1400%2C800&ssl=1 4x"},"classes":[]},{"id":683466,"url":"https:\/\/kohenavocats.com\/en\/cour-dappel-de-rouen-le-3-juillet-2025-n24-02801\/","url_meta":{"origin":666545,"position":4},"title":"Cour d&#8217;appel de Rouen, le 3 juillet 2025, n\u00b024\/02801","author":"Kohen","date":"25 April 2026","format":false,"excerpt":"Par un arr\u00eat du 3 juillet 2025, la Cour d\u2019appel de Rouen tranche un litige relatif \u00e0 la garantie des vices cach\u00e9s concernant un v\u00e9hicule d\u2019occasion. L\u2019acqu\u00e9r...","rel":"","context":"In &quot;Jurisprudence&quot;","block_context":{"text":"Jurisprudence","link":"https:\/\/kohenavocats.com\/category\/jurisprudence\/"},"img":{"alt_text":"","src":"https:\/\/i0.wp.com\/kohenavocats.com\/wp-content\/uploads\/2024\/11\/lala-azizli-WACE8feA8SQ-unsplash-1.webp?resize=350%2C200&ssl=1","width":350,"height":200,"srcset":"https:\/\/i0.wp.com\/kohenavocats.com\/wp-content\/uploads\/2024\/11\/lala-azizli-WACE8feA8SQ-unsplash-1.webp?resize=350%2C200&ssl=1 1x, https:\/\/i0.wp.com\/kohenavocats.com\/wp-content\/uploads\/2024\/11\/lala-azizli-WACE8feA8SQ-unsplash-1.webp?resize=525%2C300&ssl=1 1.5x, https:\/\/i0.wp.com\/kohenavocats.com\/wp-content\/uploads\/2024\/11\/lala-azizli-WACE8feA8SQ-unsplash-1.webp?resize=700%2C400&ssl=1 2x, https:\/\/i0.wp.com\/kohenavocats.com\/wp-content\/uploads\/2024\/11\/lala-azizli-WACE8feA8SQ-unsplash-1.webp?resize=1050%2C600&ssl=1 3x, https:\/\/i0.wp.com\/kohenavocats.com\/wp-content\/uploads\/2024\/11\/lala-azizli-WACE8feA8SQ-unsplash-1.webp?resize=1400%2C800&ssl=1 4x"},"classes":[]},{"id":487716,"url":"https:\/\/kohenavocats.com\/en\/tribunal-judiciaire-de-rouen-le-16-septembre-2024-n25-02530\/","url_meta":{"origin":666545,"position":5},"title":"Tribunal judiciaire de Rouen, le 16 septembre 2024, n\u00b025\/02530","author":"Kohen","date":"8 April 2026","format":false,"excerpt":"Tribunal judiciaire de Rouen, statuant le 16 septembre 2024, examine un litige n\u00e9 de la vente d\u2019un v\u00e9hicule d\u2019occasion. L\u2019acqu\u00e9reur sollicite la r\u00e9solution d...","rel":"","context":"In &quot;Jurisprudence&quot;","block_context":{"text":"Jurisprudence","link":"https:\/\/kohenavocats.com\/category\/jurisprudence\/"},"img":{"alt_text":"","src":"https:\/\/i0.wp.com\/kohenavocats.com\/wp-content\/uploads\/2024\/08\/pierre-axel-cotteret-ZxtssYV12S4-unsplash.webp?resize=350%2C200&ssl=1","width":350,"height":200,"srcset":"https:\/\/i0.wp.com\/kohenavocats.com\/wp-content\/uploads\/2024\/08\/pierre-axel-cotteret-ZxtssYV12S4-unsplash.webp?resize=350%2C200&ssl=1 1x, https:\/\/i0.wp.com\/kohenavocats.com\/wp-content\/uploads\/2024\/08\/pierre-axel-cotteret-ZxtssYV12S4-unsplash.webp?resize=525%2C300&ssl=1 1.5x, https:\/\/i0.wp.com\/kohenavocats.com\/wp-content\/uploads\/2024\/08\/pierre-axel-cotteret-ZxtssYV12S4-unsplash.webp?resize=700%2C400&ssl=1 2x, https:\/\/i0.wp.com\/kohenavocats.com\/wp-content\/uploads\/2024\/08\/pierre-axel-cotteret-ZxtssYV12S4-unsplash.webp?resize=1050%2C600&ssl=1 3x, https:\/\/i0.wp.com\/kohenavocats.com\/wp-content\/uploads\/2024\/08\/pierre-axel-cotteret-ZxtssYV12S4-unsplash.webp?resize=1400%2C800&ssl=1 4x"},"classes":[]}],"jetpack_sharing_enabled":true,"_links":{"self":[{"href":"https:\/\/kohenavocats.com\/en\/wp-json\/wp\/v2\/posts\/666545","targetHints":{"allow":["GET"]}}],"collection":[{"href":"https:\/\/kohenavocats.com\/en\/wp-json\/wp\/v2\/posts"}],"about":[{"href":"https:\/\/kohenavocats.com\/en\/wp-json\/wp\/v2\/types\/post"}],"author":[{"embeddable":true,"href":"https:\/\/kohenavocats.com\/en\/wp-json\/wp\/v2\/users\/232070755"}],"replies":[{"embeddable":true,"href":"https:\/\/kohenavocats.com\/en\/wp-json\/wp\/v2\/comments?post=666545"}],"version-history":[{"count":1,"href":"https:\/\/kohenavocats.com\/en\/wp-json\/wp\/v2\/posts\/666545\/revisions"}],"predecessor-version":[{"id":696554,"href":"https:\/\/kohenavocats.com\/en\/wp-json\/wp\/v2\/posts\/666545\/revisions\/696554"}],"wp:featuredmedia":[{"embeddable":true,"href":"https:\/\/kohenavocats.com\/en\/wp-json\/wp\/v2\/media\/3904"}],"wp:attachment":[{"href":"https:\/\/kohenavocats.com\/en\/wp-json\/wp\/v2\/media?parent=666545"}],"wp:term":[{"taxonomy":"category","embeddable":true,"href":"https:\/\/kohenavocats.com\/en\/wp-json\/wp\/v2\/categories?post=666545"},{"taxonomy":"post_tag","embeddable":true,"href":"https:\/\/kohenavocats.com\/en\/wp-json\/wp\/v2\/tags?post=666545"}],"curies":[{"name":"wp","href":"https:\/\/api.w.org\/{rel}","templated":true}]}}