{"id":666550,"date":"2026-04-24T01:43:32","date_gmt":"2026-04-23T23:43:32","guid":{"rendered":"https:\/\/kohenavocats.com\/tribunal-judiciaire-de-paris-le-23-septembre-2025-n24-01979\/"},"modified":"2026-04-24T01:43:32","modified_gmt":"2026-04-23T23:43:32","slug":"tribunal-judiciaire-de-paris-le-23-septembre-2025-n24-01979","status":"publish","type":"post","link":"https:\/\/kohenavocats.com\/en\/tribunal-judiciaire-de-paris-le-23-septembre-2025-n24-01979\/","title":{"rendered":"Tribunal judiciaire de Paris, le 23 septembre 2025, n\u00b024\/01979"},"content":{"rendered":"<div class=\"article-content\">\n<p>Le tribunal judiciaire de Paris, le 23 septembre 2025, statue par d\u00e9faut sur un litige contractuel. Un consommateur avait vers\u00e9 un acompte pour une installation de climatisation qui ne fut jamais commenc\u00e9e. Apr\u00e8s plusieurs mises en demeure rest\u00e9es infructueuses, il demande la r\u00e9solution du contrat, la restitution des sommes et des dommages-int\u00e9r\u00eats. Le tribunal fait droit \u00e0 ses demandes en s&#8217;appuyant sur les dispositions protectrices du code de la consommation et du droit commun des contrats.<\/p>\n<p>La sanction de l&#8217;inex\u00e9cution totale par la r\u00e9solution<\/p>\n<p>Les conditions l\u00e9gales d&#8217;une r\u00e9solution unilat\u00e9rale. Le juge constate d&#8217;abord l&#8217;absence totale d&#8217;ex\u00e9cution par le professionnel malgr\u00e9 des relances. Il applique alors le m\u00e9canisme de r\u00e9solution unilat\u00e9rale offert au consommateur par l&#8217;article L. 261-6 du code de la consommation. &#8220;Le contrat est consid\u00e9r\u00e9 comme r\u00e9solu \u00e0 la r\u00e9ception par le professionnel de la lettre ou de l\u2019\u00e9crit l\u2019informant de cette r\u00e9solution&#8221; (L. 261-6 du code de la consommation). La d\u00e9cision rappelle ainsi la proc\u00e9dure s\u00e9curis\u00e9e dont b\u00e9n\u00e9ficie le consommateur en cas de manquement du professionnel \u00e0 son obligation de d\u00e9livrance.<\/p>\n<p>La restitution automatique de l&#8217;int\u00e9gralit\u00e9 des sommes vers\u00e9es. La r\u00e9solution du contrat entra\u00eene une obligation de remboursement int\u00e9gral pour le professionnel. Le tribunal se fonde sur l&#8217;article L. 216-7 du code de la consommation qui pr\u00e9voit que &#8220;le professionnel rembourse le consommateur de la totalit\u00e9 de la somme vers\u00e9e&#8221;. Cette restitution est due ind\u00e9pendamment de toute faute prouv\u00e9e, du seul fait de l&#8217;inex\u00e9cution. La port\u00e9e est claire : le consommateur doit \u00eatre replac\u00e9 dans la situation ant\u00e9rieure au contrat sans d\u00e9lai ni justification suppl\u00e9mentaire.<\/p>\n<p>La r\u00e9paration du pr\u00e9judice n\u00e9 de l&#8217;inex\u00e9cution<\/p>\n<p>La condamnation \u00e0 des dommages-int\u00e9r\u00eats pour pr\u00e9judice subi. Au-del\u00e0 de la simple restitution, le juge accorde une indemnisation distincte. Il retient l&#8217;existence d&#8217;un pr\u00e9judice li\u00e9 aux d\u00e9marches r\u00e9p\u00e9t\u00e9es et \u00e0 la privation du service attendu. Ce pr\u00e9judice est r\u00e9par\u00e9 sur le fondement de l&#8217;article 1231-1 du Code civil, relatif aux cons\u00e9quences de l&#8217;inex\u00e9cution. La solution affirme que l&#8217;inex\u00e9cution contractuelle cause n\u00e9cessairement un dommage au cr\u00e9ancier, justifiant une compensation financi\u00e8re additionnelle.<\/p>\n<p>La distinction entre restitution et indemnisation. La d\u00e9cision op\u00e8re une nette s\u00e9paration entre la restitution de l&#8217;acompte et l&#8217;allocation de dommages-int\u00e9r\u00eats. Cette distinction illustre le principe du cumul des sanctions rappel\u00e9 par l&#8217;article 1217 du Code civil. &#8220;Les sanctions qui ne sont pas incompatibles peuvent \u00eatre cumul\u00e9es; des dommages et int\u00e9r\u00eats peuvent toujours s&#8217;y ajouter&#8221; (article 1217 du Code civil). La port\u00e9e est significative : la r\u00e9paration int\u00e9grale du pr\u00e9judice peut requ\u00e9rir plusieurs t\u00eates de condamnation distinctes, l&#8217;une restitutive, l&#8217;autre compensatoire.<\/p>\n<\/div>\n","protected":false},"excerpt":{"rendered":"<p>Le tribunal judiciaire de Paris, le 23 septembre 2025, statue par d\u00e9faut sur un litige contractuel. Un consommateur avait vers\u00e9 un acompte pour une installat&#8230;<\/p>\n","protected":false},"author":232070755,"featured_media":9452,"comment_status":"open","ping_status":"open","sticky":false,"template":"","format":"standard","meta":{"_crdt_document":"","_jetpack_newsletter_access":"","_jetpack_dont_email_post_to_subs":false,"_jetpack_newsletter_tier_id":0,"_jetpack_memberships_contains_paywalled_content":false,"_kj_source_type":"judilibre","_kj_official_id":"68f2af49e97b8c182997b189","_kj_official_url":"https:\/\/www.courdecassation.fr\/decision\/68f2af49e97b8c182997b189","_kj_judilibre_id":"68f2af49e97b8c182997b189","_kj_jur":"Tribunal judiciaire","_kj_lieu":"Tribunal judiciaire de Montpellier","_kj_chambre":"Contentieux g\u00e9n\u00e9ral Proxi","_kj_rg":"24\/01979","_kj_date":"2025-09-23","_jetpack_memberships_contains_paid_content":false,"footnotes":"","jetpack_post_was_ever_published":false},"categories":[7597],"tags":[],"class_list":["post-666550","post","type-post","status-publish","format-standard","has-post-thumbnail","hentry","category-jurisprudence"],"yoast_head":"<!-- This site is optimized with the Yoast SEO Premium plugin v27.5 (Yoast SEO v27.5) - https:\/\/yoast.com\/product\/yoast-seo-premium-wordpress\/ -->\n<title>Tribunal judiciaire de Paris, le 23 septembre 2025, n\u00b024\/01979 - Ma\u00eetre Hassan Kohen, avocat en droit p\u00e9nal \u00e0 Paris<\/title>\n<meta name=\"description\" content=\"Le tribunal judiciaire de Paris, le 23 septembre 2025, statue par d\u00e9faut sur un litige contractuel. Un consommateur avait vers\u00e9 un acompte pour une installat...\" \/>\n<meta name=\"robots\" content=\"index, follow, max-snippet:-1, max-image-preview:large, max-video-preview:-1\" \/>\n<link rel=\"canonical\" href=\"https:\/\/kohenavocats.com\/en\/tribunal-judiciaire-de-paris-le-23-septembre-2025-n24-01979\/\" \/>\n<meta property=\"og:locale\" content=\"en_US\" \/>\n<meta property=\"og:type\" content=\"article\" \/>\n<meta property=\"og:title\" content=\"Tribunal judiciaire de Paris, le 23 septembre 2025, n\u00b024\/01979\" \/>\n<meta property=\"og:description\" content=\"Le tribunal judiciaire de Paris, le 23 septembre 2025, statue par d\u00e9faut sur un litige contractuel. Un consommateur avait vers\u00e9 un acompte pour une installat...\" \/>\n<meta property=\"og:url\" content=\"https:\/\/kohenavocats.com\/en\/tribunal-judiciaire-de-paris-le-23-septembre-2025-n24-01979\/\" \/>\n<meta property=\"og:site_name\" content=\"Ma\u00eetre Hassan Kohen, avocat en droit p\u00e9nal \u00e0 Paris\" \/>\n<meta property=\"article:published_time\" content=\"2026-04-23T23:43:32+00:00\" \/>\n<meta property=\"og:image\" content=\"https:\/\/kohenavocats.com\/wp-content\/uploads\/2024\/11\/mohamed-nohassi-IriAhed60QU-unsplash.webp\" \/>\n\t<meta property=\"og:image:width\" content=\"6528\" \/>\n\t<meta property=\"og:image:height\" content=\"4446\" \/>\n\t<meta property=\"og:image:type\" content=\"image\/webp\" \/>\n<meta name=\"author\" content=\"Kohen\" \/>\n<meta name=\"twitter:card\" content=\"summary_large_image\" \/>\n<meta name=\"twitter:label1\" content=\"Written by\" \/>\n\t<meta name=\"twitter:data1\" content=\"Kohen\" \/>\n\t<meta name=\"twitter:label2\" content=\"Est. reading time\" \/>\n\t<meta name=\"twitter:data2\" content=\"2 minutes\" \/>\n<script type=\"application\/ld+json\" class=\"yoast-schema-graph\">{\"@context\":\"https:\\\/\\\/schema.org\",\"@graph\":[{\"@type\":\"Article\",\"@id\":\"https:\\\/\\\/kohenavocats.com\\\/en\\\/tribunal-judiciaire-de-paris-le-23-septembre-2025-n24-01979\\\/#article\",\"isPartOf\":{\"@id\":\"https:\\\/\\\/kohenavocats.com\\\/en\\\/tribunal-judiciaire-de-paris-le-23-septembre-2025-n24-01979\\\/\"},\"author\":{\"name\":\"Kohen\",\"@id\":\"https:\\\/\\\/kohenavocats.com\\\/en\\\/#\\\/schema\\\/person\\\/761c9ba54fa1ca84d405cef0831ff751\"},\"headline\":\"Tribunal judiciaire de Paris, le 23 septembre 2025, n\u00b024\\\/01979\",\"datePublished\":\"2026-04-23T23:43:32+00:00\",\"mainEntityOfPage\":{\"@id\":\"https:\\\/\\\/kohenavocats.com\\\/en\\\/tribunal-judiciaire-de-paris-le-23-septembre-2025-n24-01979\\\/\"},\"wordCount\":510,\"commentCount\":0,\"publisher\":{\"@id\":\"https:\\\/\\\/kohenavocats.com\\\/en\\\/#organization\"},\"image\":{\"@id\":\"https:\\\/\\\/kohenavocats.com\\\/en\\\/tribunal-judiciaire-de-paris-le-23-septembre-2025-n24-01979\\\/#primaryimage\"},\"thumbnailUrl\":\"https:\\\/\\\/kohenavocats.com\\\/wp-content\\\/uploads\\\/2024\\\/11\\\/mohamed-nohassi-IriAhed60QU-unsplash.webp\",\"articleSection\":[\"Jurisprudence\"],\"inLanguage\":\"en-US\",\"potentialAction\":[{\"@type\":\"CommentAction\",\"name\":\"Comment\",\"target\":[\"https:\\\/\\\/kohenavocats.com\\\/en\\\/tribunal-judiciaire-de-paris-le-23-septembre-2025-n24-01979\\\/#respond\"]}],\"citation\":\"Tribunal judiciaire de Paris, le 23 septembre 2025, n\u00b024\\\/01979\",\"about\":[{\"@type\":\"Thing\",\"name\":\"Jurisprudence\"}],\"dateModified\":\"2026-04-23T23:43:32+00:00\",\"speakable\":{\"@type\":\"SpeakableSpecification\",\"cssSelector\":[\".article-content > p:first-of-type\"]}},{\"@type\":\"WebPage\",\"@id\":\"https:\\\/\\\/kohenavocats.com\\\/en\\\/tribunal-judiciaire-de-paris-le-23-septembre-2025-n24-01979\\\/\",\"url\":\"https:\\\/\\\/kohenavocats.com\\\/en\\\/tribunal-judiciaire-de-paris-le-23-septembre-2025-n24-01979\\\/\",\"name\":\"Tribunal judiciaire de Paris, le 23 septembre 2025, n\u00b024\\\/01979 - Ma\u00eetre Hassan Kohen, avocat en droit p\u00e9nal \u00e0 Paris\",\"isPartOf\":{\"@id\":\"https:\\\/\\\/kohenavocats.com\\\/en\\\/#website\"},\"primaryImageOfPage\":{\"@id\":\"https:\\\/\\\/kohenavocats.com\\\/en\\\/tribunal-judiciaire-de-paris-le-23-septembre-2025-n24-01979\\\/#primaryimage\"},\"image\":{\"@id\":\"https:\\\/\\\/kohenavocats.com\\\/en\\\/tribunal-judiciaire-de-paris-le-23-septembre-2025-n24-01979\\\/#primaryimage\"},\"thumbnailUrl\":\"https:\\\/\\\/kohenavocats.com\\\/wp-content\\\/uploads\\\/2024\\\/11\\\/mohamed-nohassi-IriAhed60QU-unsplash.webp\",\"datePublished\":\"2026-04-23T23:43:32+00:00\",\"description\":\"Le tribunal judiciaire de Paris, le 23 septembre 2025, statue par d\u00e9faut sur un litige contractuel. Un consommateur avait vers\u00e9 un acompte pour une installat...\",\"breadcrumb\":{\"@id\":\"https:\\\/\\\/kohenavocats.com\\\/en\\\/tribunal-judiciaire-de-paris-le-23-septembre-2025-n24-01979\\\/#breadcrumb\"},\"inLanguage\":\"en-US\",\"potentialAction\":[{\"@type\":\"ReadAction\",\"target\":[\"https:\\\/\\\/kohenavocats.com\\\/en\\\/tribunal-judiciaire-de-paris-le-23-septembre-2025-n24-01979\\\/\"]}]},{\"@type\":\"ImageObject\",\"inLanguage\":\"en-US\",\"@id\":\"https:\\\/\\\/kohenavocats.com\\\/en\\\/tribunal-judiciaire-de-paris-le-23-septembre-2025-n24-01979\\\/#primaryimage\",\"url\":\"https:\\\/\\\/kohenavocats.com\\\/wp-content\\\/uploads\\\/2024\\\/11\\\/mohamed-nohassi-IriAhed60QU-unsplash.webp\",\"contentUrl\":\"https:\\\/\\\/kohenavocats.com\\\/wp-content\\\/uploads\\\/2024\\\/11\\\/mohamed-nohassi-IriAhed60QU-unsplash.webp\",\"width\":6528,\"height\":4446},{\"@type\":\"BreadcrumbList\",\"@id\":\"https:\\\/\\\/kohenavocats.com\\\/en\\\/tribunal-judiciaire-de-paris-le-23-septembre-2025-n24-01979\\\/#breadcrumb\",\"itemListElement\":[{\"@type\":\"ListItem\",\"position\":1,\"name\":\"Home\",\"item\":\"https:\\\/\\\/kohenavocats.com\\\/en\\\/criminal-law-attorneys-in-paris-counsel-and-strategic-defense\\\/\"},{\"@type\":\"ListItem\",\"position\":2,\"name\":\"Tribunal judiciaire de Paris, le 23 septembre 2025, n\u00b024\\\/01979\"}]},{\"@type\":\"WebSite\",\"@id\":\"https:\\\/\\\/kohenavocats.com\\\/en\\\/#website\",\"url\":\"https:\\\/\\\/kohenavocats.com\\\/en\\\/\",\"name\":\"Kohen Avocats\",\"description\":\"Ma\u00eetre Hassan Kohen, avocat p\u00e9naliste \u00e0 Paris, intervient exclusivement en droit p\u00e9nal pour la d\u00e9fense des particuliers, notamment en mati\u00e8re d\u2019accusations de viol. Il assure un accompagnement rigoureux d\u00e8s la garde \u00e0 vue jusqu\u2019\u00e0 la Cour d\u2019assises, veillant au strict respect des garanties proc\u00e9durales.\",\"publisher\":{\"@id\":\"https:\\\/\\\/kohenavocats.com\\\/en\\\/#organization\"},\"potentialAction\":[{\"@type\":\"SearchAction\",\"target\":{\"@type\":\"EntryPoint\",\"urlTemplate\":\"https:\\\/\\\/kohenavocats.com\\\/en\\\/?s={search_term_string}\"},\"query-input\":{\"@type\":\"PropertyValueSpecification\",\"valueRequired\":true,\"valueName\":\"search_term_string\"}}],\"inLanguage\":\"en-US\"},{\"@type\":\"Organization\",\"@id\":\"https:\\\/\\\/kohenavocats.com\\\/en\\\/#organization\",\"name\":\"Kohen Avocats\",\"url\":\"https:\\\/\\\/kohenavocats.com\\\/en\\\/\",\"logo\":{\"@type\":\"ImageObject\",\"inLanguage\":\"en-US\",\"@id\":\"https:\\\/\\\/kohenavocats.com\\\/en\\\/#\\\/schema\\\/logo\\\/image\\\/\",\"url\":\"https:\\\/\\\/kohenavocats.com\\\/wp-content\\\/uploads\\\/2026\\\/01\\\/Logo-2-1.webp\",\"contentUrl\":\"https:\\\/\\\/kohenavocats.com\\\/wp-content\\\/uploads\\\/2026\\\/01\\\/Logo-2-1.webp\",\"width\":2114,\"height\":1253,\"caption\":\"Kohen Avocats\"},\"image\":{\"@id\":\"https:\\\/\\\/kohenavocats.com\\\/en\\\/#\\\/schema\\\/logo\\\/image\\\/\"}},{\"@type\":\"Person\",\"@id\":\"https:\\\/\\\/kohenavocats.com\\\/en\\\/#\\\/schema\\\/person\\\/761c9ba54fa1ca84d405cef0831ff751\",\"name\":\"Kohen\",\"image\":{\"@type\":\"ImageObject\",\"inLanguage\":\"en-US\",\"@id\":\"https:\\\/\\\/secure.gravatar.com\\\/avatar\\\/1c5e76ef76bbbfdd2b4da984e2bf2fa4056fd51a27d25ce2c332047f1dfd6e00?s=96&d=identicon&r=g\",\"url\":\"https:\\\/\\\/secure.gravatar.com\\\/avatar\\\/1c5e76ef76bbbfdd2b4da984e2bf2fa4056fd51a27d25ce2c332047f1dfd6e00?s=96&d=identicon&r=g\",\"contentUrl\":\"https:\\\/\\\/secure.gravatar.com\\\/avatar\\\/1c5e76ef76bbbfdd2b4da984e2bf2fa4056fd51a27d25ce2c332047f1dfd6e00?s=96&d=identicon&r=g\",\"caption\":\"Kohen\"},\"sameAs\":[\"https:\\\/\\\/www.linkedin.com\\\/in\\\/hassan-kohen-448548192\\\/\",\"https:\\\/\\\/www.youtube.com\\\/@Kohen-Avocats\"],\"url\":\"https:\\\/\\\/kohenavocats.com\\\/en\\\/author\\\/kohenmlk\\\/\"}]}<\/script>\n<!-- \/ Yoast SEO Premium plugin. -->","yoast_head_json":{"title":"Tribunal judiciaire de Paris, le 23 septembre 2025, n\u00b024\/01979 - Ma\u00eetre Hassan Kohen, avocat en droit p\u00e9nal \u00e0 Paris","description":"Le tribunal judiciaire de Paris, le 23 septembre 2025, statue par d\u00e9faut sur un litige contractuel. Un consommateur avait vers\u00e9 un acompte pour une installat...","robots":{"index":"index","follow":"follow","max-snippet":"max-snippet:-1","max-image-preview":"max-image-preview:large","max-video-preview":"max-video-preview:-1"},"canonical":"https:\/\/kohenavocats.com\/en\/tribunal-judiciaire-de-paris-le-23-septembre-2025-n24-01979\/","og_locale":"en_US","og_type":"article","og_title":"Tribunal judiciaire de Paris, le 23 septembre 2025, n\u00b024\/01979","og_description":"Le tribunal judiciaire de Paris, le 23 septembre 2025, statue par d\u00e9faut sur un litige contractuel. Un consommateur avait vers\u00e9 un acompte pour une installat...","og_url":"https:\/\/kohenavocats.com\/en\/tribunal-judiciaire-de-paris-le-23-septembre-2025-n24-01979\/","og_site_name":"Ma\u00eetre Hassan Kohen, avocat en droit p\u00e9nal \u00e0 Paris","article_published_time":"2026-04-23T23:43:32+00:00","og_image":[{"width":6528,"height":4446,"url":"https:\/\/kohenavocats.com\/wp-content\/uploads\/2024\/11\/mohamed-nohassi-IriAhed60QU-unsplash.webp","type":"image\/webp"}],"author":"Kohen","twitter_card":"summary_large_image","twitter_misc":{"Written by":"Kohen","Est. reading time":"2 minutes"},"schema":{"@context":"https:\/\/schema.org","@graph":[{"@type":"Article","@id":"https:\/\/kohenavocats.com\/en\/tribunal-judiciaire-de-paris-le-23-septembre-2025-n24-01979\/#article","isPartOf":{"@id":"https:\/\/kohenavocats.com\/en\/tribunal-judiciaire-de-paris-le-23-septembre-2025-n24-01979\/"},"author":{"name":"Kohen","@id":"https:\/\/kohenavocats.com\/en\/#\/schema\/person\/761c9ba54fa1ca84d405cef0831ff751"},"headline":"Tribunal judiciaire de Paris, le 23 septembre 2025, n\u00b024\/01979","datePublished":"2026-04-23T23:43:32+00:00","mainEntityOfPage":{"@id":"https:\/\/kohenavocats.com\/en\/tribunal-judiciaire-de-paris-le-23-septembre-2025-n24-01979\/"},"wordCount":510,"commentCount":0,"publisher":{"@id":"https:\/\/kohenavocats.com\/en\/#organization"},"image":{"@id":"https:\/\/kohenavocats.com\/en\/tribunal-judiciaire-de-paris-le-23-septembre-2025-n24-01979\/#primaryimage"},"thumbnailUrl":"https:\/\/kohenavocats.com\/wp-content\/uploads\/2024\/11\/mohamed-nohassi-IriAhed60QU-unsplash.webp","articleSection":["Jurisprudence"],"inLanguage":"en-US","potentialAction":[{"@type":"CommentAction","name":"Comment","target":["https:\/\/kohenavocats.com\/en\/tribunal-judiciaire-de-paris-le-23-septembre-2025-n24-01979\/#respond"]}],"citation":"Tribunal judiciaire de Paris, le 23 septembre 2025, n\u00b024\/01979","about":[{"@type":"Thing","name":"Jurisprudence"}],"dateModified":"2026-04-23T23:43:32+00:00","speakable":{"@type":"SpeakableSpecification","cssSelector":[".article-content > p:first-of-type"]}},{"@type":"WebPage","@id":"https:\/\/kohenavocats.com\/en\/tribunal-judiciaire-de-paris-le-23-septembre-2025-n24-01979\/","url":"https:\/\/kohenavocats.com\/en\/tribunal-judiciaire-de-paris-le-23-septembre-2025-n24-01979\/","name":"Tribunal judiciaire de Paris, le 23 septembre 2025, n\u00b024\/01979 - Ma\u00eetre Hassan Kohen, avocat en droit p\u00e9nal \u00e0 Paris","isPartOf":{"@id":"https:\/\/kohenavocats.com\/en\/#website"},"primaryImageOfPage":{"@id":"https:\/\/kohenavocats.com\/en\/tribunal-judiciaire-de-paris-le-23-septembre-2025-n24-01979\/#primaryimage"},"image":{"@id":"https:\/\/kohenavocats.com\/en\/tribunal-judiciaire-de-paris-le-23-septembre-2025-n24-01979\/#primaryimage"},"thumbnailUrl":"https:\/\/kohenavocats.com\/wp-content\/uploads\/2024\/11\/mohamed-nohassi-IriAhed60QU-unsplash.webp","datePublished":"2026-04-23T23:43:32+00:00","description":"Le tribunal judiciaire de Paris, le 23 septembre 2025, statue par d\u00e9faut sur un litige contractuel. Un consommateur avait vers\u00e9 un acompte pour une installat...","breadcrumb":{"@id":"https:\/\/kohenavocats.com\/en\/tribunal-judiciaire-de-paris-le-23-septembre-2025-n24-01979\/#breadcrumb"},"inLanguage":"en-US","potentialAction":[{"@type":"ReadAction","target":["https:\/\/kohenavocats.com\/en\/tribunal-judiciaire-de-paris-le-23-septembre-2025-n24-01979\/"]}]},{"@type":"ImageObject","inLanguage":"en-US","@id":"https:\/\/kohenavocats.com\/en\/tribunal-judiciaire-de-paris-le-23-septembre-2025-n24-01979\/#primaryimage","url":"https:\/\/kohenavocats.com\/wp-content\/uploads\/2024\/11\/mohamed-nohassi-IriAhed60QU-unsplash.webp","contentUrl":"https:\/\/kohenavocats.com\/wp-content\/uploads\/2024\/11\/mohamed-nohassi-IriAhed60QU-unsplash.webp","width":6528,"height":4446},{"@type":"BreadcrumbList","@id":"https:\/\/kohenavocats.com\/en\/tribunal-judiciaire-de-paris-le-23-septembre-2025-n24-01979\/#breadcrumb","itemListElement":[{"@type":"ListItem","position":1,"name":"Home","item":"https:\/\/kohenavocats.com\/en\/criminal-law-attorneys-in-paris-counsel-and-strategic-defense\/"},{"@type":"ListItem","position":2,"name":"Tribunal judiciaire de Paris, le 23 septembre 2025, n\u00b024\/01979"}]},{"@type":"WebSite","@id":"https:\/\/kohenavocats.com\/en\/#website","url":"https:\/\/kohenavocats.com\/en\/","name":"Kohen Avocats","description":"Ma\u00eetre Hassan Kohen, avocat p\u00e9naliste \u00e0 Paris, intervient exclusivement en droit p\u00e9nal pour la d\u00e9fense des particuliers, notamment en mati\u00e8re d\u2019accusations de viol. Il assure un accompagnement rigoureux d\u00e8s la garde \u00e0 vue jusqu\u2019\u00e0 la Cour d\u2019assises, veillant au strict respect des garanties proc\u00e9durales.","publisher":{"@id":"https:\/\/kohenavocats.com\/en\/#organization"},"potentialAction":[{"@type":"SearchAction","target":{"@type":"EntryPoint","urlTemplate":"https:\/\/kohenavocats.com\/en\/?s={search_term_string}"},"query-input":{"@type":"PropertyValueSpecification","valueRequired":true,"valueName":"search_term_string"}}],"inLanguage":"en-US"},{"@type":"Organization","@id":"https:\/\/kohenavocats.com\/en\/#organization","name":"Kohen Avocats","url":"https:\/\/kohenavocats.com\/en\/","logo":{"@type":"ImageObject","inLanguage":"en-US","@id":"https:\/\/kohenavocats.com\/en\/#\/schema\/logo\/image\/","url":"https:\/\/kohenavocats.com\/wp-content\/uploads\/2026\/01\/Logo-2-1.webp","contentUrl":"https:\/\/kohenavocats.com\/wp-content\/uploads\/2026\/01\/Logo-2-1.webp","width":2114,"height":1253,"caption":"Kohen Avocats"},"image":{"@id":"https:\/\/kohenavocats.com\/en\/#\/schema\/logo\/image\/"}},{"@type":"Person","@id":"https:\/\/kohenavocats.com\/en\/#\/schema\/person\/761c9ba54fa1ca84d405cef0831ff751","name":"Kohen","image":{"@type":"ImageObject","inLanguage":"en-US","@id":"https:\/\/secure.gravatar.com\/avatar\/1c5e76ef76bbbfdd2b4da984e2bf2fa4056fd51a27d25ce2c332047f1dfd6e00?s=96&d=identicon&r=g","url":"https:\/\/secure.gravatar.com\/avatar\/1c5e76ef76bbbfdd2b4da984e2bf2fa4056fd51a27d25ce2c332047f1dfd6e00?s=96&d=identicon&r=g","contentUrl":"https:\/\/secure.gravatar.com\/avatar\/1c5e76ef76bbbfdd2b4da984e2bf2fa4056fd51a27d25ce2c332047f1dfd6e00?s=96&d=identicon&r=g","caption":"Kohen"},"sameAs":["https:\/\/www.linkedin.com\/in\/hassan-kohen-448548192\/","https:\/\/www.youtube.com\/@Kohen-Avocats"],"url":"https:\/\/kohenavocats.com\/en\/author\/kohenmlk\/"}]}},"jetpack_featured_media_url":"https:\/\/kohenavocats.com\/wp-content\/uploads\/2024\/11\/mohamed-nohassi-IriAhed60QU-unsplash.webp","jetpack_likes_enabled":false,"jetpack_shortlink":"https:\/\/wp.me\/peCrII-2NoO","jetpack-related-posts":[{"id":82497,"url":"https:\/\/kohenavocats.com\/en\/cour-dappel-de-paris-le-11-septembre-2025-n23-05358\/","url_meta":{"origin":666550,"position":0},"title":"Cour d&#8217;appel de Paris, le 11 septembre 2025, n\u00b023\/05358","author":"Kohen","date":"10 November 2025","format":false,"excerpt":"Cour d\u2019appel de Paris, 11 septembre 2025. \u00c0 propos d\u2019une vente de v\u00e9hicule d\u2019occasion financ\u00e9e par un cr\u00e9dit \u00e0 la consommation, l\u2019acheteuse se plaint d\u2019une absence de d\u00e9livrance et sollicite la r\u00e9solution de la vente ainsi que la caducit\u00e9 du pr\u00eat accessoire. Le vendeur invoque une novation par affectation du\u2026","rel":"","context":"In &quot;Travaux Parlementaires&quot;","block_context":{"text":"Travaux Parlementaires","link":"https:\/\/kohenavocats.com\/category\/travaux-parlementaires\/"},"img":{"alt_text":"","src":"https:\/\/i0.wp.com\/kohenavocats.com\/wp-content\/uploads\/2024\/08\/mika-ruusunen-ypVM8PnygUo-unsplash.webp?resize=350%2C200&ssl=1","width":350,"height":200,"srcset":"https:\/\/i0.wp.com\/kohenavocats.com\/wp-content\/uploads\/2024\/08\/mika-ruusunen-ypVM8PnygUo-unsplash.webp?resize=350%2C200&ssl=1 1x, https:\/\/i0.wp.com\/kohenavocats.com\/wp-content\/uploads\/2024\/08\/mika-ruusunen-ypVM8PnygUo-unsplash.webp?resize=525%2C300&ssl=1 1.5x, https:\/\/i0.wp.com\/kohenavocats.com\/wp-content\/uploads\/2024\/08\/mika-ruusunen-ypVM8PnygUo-unsplash.webp?resize=700%2C400&ssl=1 2x, https:\/\/i0.wp.com\/kohenavocats.com\/wp-content\/uploads\/2024\/08\/mika-ruusunen-ypVM8PnygUo-unsplash.webp?resize=1050%2C600&ssl=1 3x, https:\/\/i0.wp.com\/kohenavocats.com\/wp-content\/uploads\/2024\/08\/mika-ruusunen-ypVM8PnygUo-unsplash.webp?resize=1400%2C800&ssl=1 4x"},"classes":[]},{"id":661274,"url":"https:\/\/kohenavocats.com\/en\/tribunal-judiciaire-de-paris-le-15-novembre-2023-n24-03852\/","url_meta":{"origin":666550,"position":1},"title":"Tribunal judiciaire de Paris, le 15 novembre 2023, n\u00b024\/03852","author":"Kohen","date":"23 April 2026","format":false,"excerpt":"Le tribunal judiciaire de Paris, statuant en mati\u00e8re civile, a rendu une d\u00e9cision le 15 novembre 2023. Un consommateur avait command\u00e9 une cuisine aupr\u00e8s d\u2019un...","rel":"","context":"In &quot;Jurisprudence&quot;","block_context":{"text":"Jurisprudence","link":"https:\/\/kohenavocats.com\/category\/jurisprudence\/"},"img":{"alt_text":"","src":"https:\/\/i0.wp.com\/kohenavocats.com\/wp-content\/uploads\/2024\/05\/daniele-d-andreti-mGH4FxehE2s-unsplash.webp?resize=350%2C200&ssl=1","width":350,"height":200,"srcset":"https:\/\/i0.wp.com\/kohenavocats.com\/wp-content\/uploads\/2024\/05\/daniele-d-andreti-mGH4FxehE2s-unsplash.webp?resize=350%2C200&ssl=1 1x, https:\/\/i0.wp.com\/kohenavocats.com\/wp-content\/uploads\/2024\/05\/daniele-d-andreti-mGH4FxehE2s-unsplash.webp?resize=525%2C300&ssl=1 1.5x, https:\/\/i0.wp.com\/kohenavocats.com\/wp-content\/uploads\/2024\/05\/daniele-d-andreti-mGH4FxehE2s-unsplash.webp?resize=700%2C400&ssl=1 2x, https:\/\/i0.wp.com\/kohenavocats.com\/wp-content\/uploads\/2024\/05\/daniele-d-andreti-mGH4FxehE2s-unsplash.webp?resize=1050%2C600&ssl=1 3x, https:\/\/i0.wp.com\/kohenavocats.com\/wp-content\/uploads\/2024\/05\/daniele-d-andreti-mGH4FxehE2s-unsplash.webp?resize=1400%2C800&ssl=1 4x"},"classes":[]},{"id":654972,"url":"https:\/\/kohenavocats.com\/en\/cour-dappel-de-paris-le-1-octobre-2025-n23-13756\/","url_meta":{"origin":666550,"position":2},"title":"Cour d&#8217;appel de Paris, le 1 octobre 2025, n\u00b023\/13756","author":"Kohen","date":"23 April 2026","format":false,"excerpt":"La Cour d'appel de Paris, le 1 octobre 2025, statue sur un litige opposant un \u00e9tablissement bancaire \u00e0 un pharmacien ayant souscrit un cautionnement. La banq...","rel":"","context":"In &quot;Jurisprudence&quot;","block_context":{"text":"Jurisprudence","link":"https:\/\/kohenavocats.com\/category\/jurisprudence\/"},"img":{"alt_text":"","src":"https:\/\/i0.wp.com\/kohenavocats.com\/wp-content\/uploads\/2024\/08\/pierre-chatel-innocenti-hJEqMutj3qc-unsplash.webp?resize=350%2C200&ssl=1","width":350,"height":200,"srcset":"https:\/\/i0.wp.com\/kohenavocats.com\/wp-content\/uploads\/2024\/08\/pierre-chatel-innocenti-hJEqMutj3qc-unsplash.webp?resize=350%2C200&ssl=1 1x, https:\/\/i0.wp.com\/kohenavocats.com\/wp-content\/uploads\/2024\/08\/pierre-chatel-innocenti-hJEqMutj3qc-unsplash.webp?resize=525%2C300&ssl=1 1.5x, https:\/\/i0.wp.com\/kohenavocats.com\/wp-content\/uploads\/2024\/08\/pierre-chatel-innocenti-hJEqMutj3qc-unsplash.webp?resize=700%2C400&ssl=1 2x, https:\/\/i0.wp.com\/kohenavocats.com\/wp-content\/uploads\/2024\/08\/pierre-chatel-innocenti-hJEqMutj3qc-unsplash.webp?resize=1050%2C600&ssl=1 3x, https:\/\/i0.wp.com\/kohenavocats.com\/wp-content\/uploads\/2024\/08\/pierre-chatel-innocenti-hJEqMutj3qc-unsplash.webp?resize=1400%2C800&ssl=1 4x"},"classes":[]},{"id":495196,"url":"https:\/\/kohenavocats.com\/en\/tribunal-judiciaire-de-paris-le-3-decembre-2025-n24-14726\/","url_meta":{"origin":666550,"position":3},"title":"Tribunal judiciaire de Paris, le 3 d\u00e9cembre 2025, n\u00b024\/14726","author":"Kohen","date":"8 April 2026","format":false,"excerpt":"Le tribunal judiciaire, statuant le 3 d\u00e9cembre 2025, a examin\u00e9 un litige relatif \u00e0 un contrat de formation \u00e0 distance. L'\u00e9l\u00e8ve, inscrite pour pr\u00e9parer un...","rel":"","context":"In &quot;D\u00e9cisions juridiques&quot;","block_context":{"text":"D\u00e9cisions juridiques","link":"https:\/\/kohenavocats.com\/category\/decisions-juridiques\/"},"img":{"alt_text":"","src":"https:\/\/i0.wp.com\/kohenavocats.com\/wp-content\/uploads\/2024\/08\/joshua-rawson-harris-WLXkaubn0Ig-unsplash.webp?resize=350%2C200&ssl=1","width":350,"height":200,"srcset":"https:\/\/i0.wp.com\/kohenavocats.com\/wp-content\/uploads\/2024\/08\/joshua-rawson-harris-WLXkaubn0Ig-unsplash.webp?resize=350%2C200&ssl=1 1x, https:\/\/i0.wp.com\/kohenavocats.com\/wp-content\/uploads\/2024\/08\/joshua-rawson-harris-WLXkaubn0Ig-unsplash.webp?resize=525%2C300&ssl=1 1.5x, https:\/\/i0.wp.com\/kohenavocats.com\/wp-content\/uploads\/2024\/08\/joshua-rawson-harris-WLXkaubn0Ig-unsplash.webp?resize=700%2C400&ssl=1 2x, https:\/\/i0.wp.com\/kohenavocats.com\/wp-content\/uploads\/2024\/08\/joshua-rawson-harris-WLXkaubn0Ig-unsplash.webp?resize=1050%2C600&ssl=1 3x, https:\/\/i0.wp.com\/kohenavocats.com\/wp-content\/uploads\/2024\/08\/joshua-rawson-harris-WLXkaubn0Ig-unsplash.webp?resize=1400%2C800&ssl=1 4x"},"classes":[]},{"id":235304,"url":"https:\/\/kohenavocats.com\/en\/tribunal-judiciaire-de-paris-le-20-juin-2025-n25-01750\/","url_meta":{"origin":666550,"position":4},"title":"Tribunal judiciaire de Paris, le 20 juin 2025, n\u00b025\/01750","author":"Kohen","date":"28 December 2025","format":false,"excerpt":"Le contrat conclu entre un professionnel et un consommateur conf\u00e8re \u00e0 ce dernier des pr\u00e9rogatives protectrices dont la mise en \u0153uvre contentieuse soul\u00e8ve des questions relatives \u00e0 la charge probatoire et aux conditions du r\u00e9f\u00e9r\u00e9-provision. Le tribunal judiciaire de Paris, statuant en r\u00e9f\u00e9r\u00e9 le 20 juin 2025, a eu \u00e0\u2026","rel":"","context":"In &quot;D\u00e9cisions juridiques&quot;","block_context":{"text":"D\u00e9cisions juridiques","link":"https:\/\/kohenavocats.com\/category\/decisions-juridiques\/"},"img":{"alt_text":"","src":"https:\/\/i0.wp.com\/kohenavocats.com\/wp-content\/uploads\/2024\/08\/asa-rodger-QTbiwll3e68-unsplash.webp?resize=350%2C200&ssl=1","width":350,"height":200,"srcset":"https:\/\/i0.wp.com\/kohenavocats.com\/wp-content\/uploads\/2024\/08\/asa-rodger-QTbiwll3e68-unsplash.webp?resize=350%2C200&ssl=1 1x, https:\/\/i0.wp.com\/kohenavocats.com\/wp-content\/uploads\/2024\/08\/asa-rodger-QTbiwll3e68-unsplash.webp?resize=525%2C300&ssl=1 1.5x, https:\/\/i0.wp.com\/kohenavocats.com\/wp-content\/uploads\/2024\/08\/asa-rodger-QTbiwll3e68-unsplash.webp?resize=700%2C400&ssl=1 2x, https:\/\/i0.wp.com\/kohenavocats.com\/wp-content\/uploads\/2024\/08\/asa-rodger-QTbiwll3e68-unsplash.webp?resize=1050%2C600&ssl=1 3x, https:\/\/i0.wp.com\/kohenavocats.com\/wp-content\/uploads\/2024\/08\/asa-rodger-QTbiwll3e68-unsplash.webp?resize=1400%2C800&ssl=1 4x"},"classes":[]},{"id":636169,"url":"https:\/\/kohenavocats.com\/en\/tribunal-judiciaire-de-paris-le-8-septembre-2025-n25-05590\/","url_meta":{"origin":666550,"position":5},"title":"Tribunal judiciaire de Paris, le 8 septembre 2025, n\u00b025\/05590","author":"Kohen","date":"21 April 2026","format":false,"excerpt":"Le juge des contentieux de la protection, statuant par jugement du 8 septembre 2025, examine une demande en paiement relative \u00e0 un cr\u00e9dit \u00e0 la consommation. ...","rel":"","context":"In &quot;Jurisprudence&quot;","block_context":{"text":"Jurisprudence","link":"https:\/\/kohenavocats.com\/category\/jurisprudence\/"},"img":{"alt_text":"","src":"https:\/\/i0.wp.com\/kohenavocats.com\/wp-content\/uploads\/2024\/08\/louis-paulin-dQBs6n5Sf4g-unsplash.webp?resize=350%2C200&ssl=1","width":350,"height":200,"srcset":"https:\/\/i0.wp.com\/kohenavocats.com\/wp-content\/uploads\/2024\/08\/louis-paulin-dQBs6n5Sf4g-unsplash.webp?resize=350%2C200&ssl=1 1x, https:\/\/i0.wp.com\/kohenavocats.com\/wp-content\/uploads\/2024\/08\/louis-paulin-dQBs6n5Sf4g-unsplash.webp?resize=525%2C300&ssl=1 1.5x, https:\/\/i0.wp.com\/kohenavocats.com\/wp-content\/uploads\/2024\/08\/louis-paulin-dQBs6n5Sf4g-unsplash.webp?resize=700%2C400&ssl=1 2x, https:\/\/i0.wp.com\/kohenavocats.com\/wp-content\/uploads\/2024\/08\/louis-paulin-dQBs6n5Sf4g-unsplash.webp?resize=1050%2C600&ssl=1 3x, https:\/\/i0.wp.com\/kohenavocats.com\/wp-content\/uploads\/2024\/08\/louis-paulin-dQBs6n5Sf4g-unsplash.webp?resize=1400%2C800&ssl=1 4x"},"classes":[]}],"jetpack_sharing_enabled":true,"_links":{"self":[{"href":"https:\/\/kohenavocats.com\/en\/wp-json\/wp\/v2\/posts\/666550","targetHints":{"allow":["GET"]}}],"collection":[{"href":"https:\/\/kohenavocats.com\/en\/wp-json\/wp\/v2\/posts"}],"about":[{"href":"https:\/\/kohenavocats.com\/en\/wp-json\/wp\/v2\/types\/post"}],"author":[{"embeddable":true,"href":"https:\/\/kohenavocats.com\/en\/wp-json\/wp\/v2\/users\/232070755"}],"replies":[{"embeddable":true,"href":"https:\/\/kohenavocats.com\/en\/wp-json\/wp\/v2\/comments?post=666550"}],"version-history":[{"count":0,"href":"https:\/\/kohenavocats.com\/en\/wp-json\/wp\/v2\/posts\/666550\/revisions"}],"wp:featuredmedia":[{"embeddable":true,"href":"https:\/\/kohenavocats.com\/en\/wp-json\/wp\/v2\/media\/9452"}],"wp:attachment":[{"href":"https:\/\/kohenavocats.com\/en\/wp-json\/wp\/v2\/media?parent=666550"}],"wp:term":[{"taxonomy":"category","embeddable":true,"href":"https:\/\/kohenavocats.com\/en\/wp-json\/wp\/v2\/categories?post=666550"},{"taxonomy":"post_tag","embeddable":true,"href":"https:\/\/kohenavocats.com\/en\/wp-json\/wp\/v2\/tags?post=666550"}],"curies":[{"name":"wp","href":"https:\/\/api.w.org\/{rel}","templated":true}]}}