{"id":667049,"date":"2026-04-24T02:38:25","date_gmt":"2026-04-24T00:38:25","guid":{"rendered":"https:\/\/kohenavocats.com\/tribunal-judiciaire-de-bobigny-le-23-septembre-2025-n25-01004\/"},"modified":"2026-04-24T02:38:25","modified_gmt":"2026-04-24T00:38:25","slug":"tribunal-judiciaire-de-bobigny-le-23-septembre-2025-n25-01004","status":"publish","type":"post","link":"https:\/\/kohenavocats.com\/en\/tribunal-judiciaire-de-bobigny-le-23-septembre-2025-n25-01004\/","title":{"rendered":"Tribunal judiciaire de Bobigny, le 23 septembre 2025, n\u00b025\/01004"},"content":{"rendered":"<div class=\"article-content\">\n<p>Le Tribunal judiciaire de Bobigny, statuant le 23 septembre 2025, a eu \u00e0 conna\u00eetre d&#8217;un litige relatif \u00e0 la vente d&#8217;un v\u00e9hicule d&#8217;occasion. L&#8217;acqu\u00e9reur sollicitait la r\u00e9solution de la vente pour vice cach\u00e9, le v\u00e9hicule s&#8217;\u00e9tant r\u00e9v\u00e9l\u00e9 avoir \u00e9t\u00e9 gravement accident\u00e9 et mal r\u00e9par\u00e9 avant la transaction. Apr\u00e8s une proc\u00e9dure de d\u00e9faut et une expertise judiciaire confirmant l&#8217;existence du vice, le tribunal a prononc\u00e9 la r\u00e9solution du contrat. Il a condamn\u00e9 le vendeur professionnel \u00e0 restituer le prix et \u00e0 indemniser divers pr\u00e9judices, tout en ordonnant la restitution du v\u00e9hicule sous astreinte.<\/p>\n<p>La caract\u00e9risation rigoureuse du vice cach\u00e9 et de la connaissance du vendeur<\/p>\n<p>La d\u00e9monstration de l&#8217;impropri\u00e9t\u00e9 substantielle de la chose vendue. Le juge retient l&#8217;existence d&#8217;un vice cach\u00e9 au sens de l&#8217;article 1641 du code civil en s&#8217;appuyant sur les constatations de l&#8217;expert judiciaire. Ce dernier a \u00e9tabli que le v\u00e9hicule, accident\u00e9 avant la vente, pr\u00e9sentait des malfa\u00e7ons le rendant \u00e9conomiquement irr\u00e9parable. &#8220;L&#8217;expert judiciaire estime que le vice cach\u00e9 pr\u00e9existait \u00e0 la vente, [l&#8217;acqu\u00e9reur] ne pouvait pas en avoir connaissance et les vices relev\u00e9s rendent le v\u00e9hicule impropre \u00e0 son usage normal.&#8221; (Motifs, 1). La d\u00e9cision souligne ainsi que le vice affecte l&#8217;usage normal auquel un acheteur peut l\u00e9gitimement s&#8217;attendre, justifiant la r\u00e9solution.<\/p>\n<p>La pr\u00e9somption de connaissance du vice pesant sur le vendeur professionnel. Le tribunal applique le r\u00e9gime de responsabilit\u00e9 aggrav\u00e9e pr\u00e9vu par les articles 1645 et 1646 du code civil. Il rappelle que &#8220;le vendeur professionnel est pr\u00e9sum\u00e9 avoir connaissance du vice all\u00e9gu\u00e9&#8221; (Motifs, 2). Cette pr\u00e9somption, combin\u00e9e aux conclusions de l&#8217;expert selon lesquelles &#8220;l&#8217;\u00e9tat du v\u00e9hicule aurait d\u00fb \u00eatre relev\u00e9 par la venderesse&#8221;, \u00e9carte toute ignorance excusable. Cette solution est conforme \u00e0 une jurisprudence constante, comme l&#8217;a rappel\u00e9 le Tribunal judiciaire de Versailles, le 11 f\u00e9vrier 2025, en jugeant que &#8220;le vendeur professionnel est tenu de conna\u00eetre les vices affectant la chose vendue&#8221; (Tribunal judiciaire de Versailles, le 11 f\u00e9vrier 2025, n\u00b024\/00124).<\/p>\n<p>Les cons\u00e9quences indemnitaires de la r\u00e9solution et l&#8217;encadrement des restitutions<\/p>\n<p>L&#8217;\u00e9tendue de la r\u00e9paration int\u00e9grale des pr\u00e9judices subis. En sa qualit\u00e9 de professionnel pr\u00e9sum\u00e9 connaisseur du vice, le vendeur est tenu \u00e0 la restitution du prix et \u00e0 la r\u00e9paration de l&#8217;int\u00e9gralit\u00e9 du dommage. Le tribunal indemnise ainsi les frais accessoires \u00e0 l&#8217;acquisition et \u00e0 l&#8217;entretien, ainsi qu&#8217;un pr\u00e9judice d&#8217;immobilisation calcul\u00e9 sur vingt-et-un mois. En revanche, il \u00e9carte l&#8217;indemnisation des cotisations d&#8217;assurance et du pr\u00e9judice moral, faute de preuve. Cette analyse distingue les pr\u00e9judices directement li\u00e9s au vice de ceux qui ne pr\u00e9sentent pas un lien de causalit\u00e9 suffisant avec la faute du vendeur.<\/p>\n<p>Les modalit\u00e9s pratiques de la restitution et la sanction de l&#8217;inaction. La d\u00e9cision organise pr\u00e9cis\u00e9ment les restitutions crois\u00e9es, ordonnant au vendeur de r\u00e9cup\u00e9rer le v\u00e9hicule \u00e0 ses frais. Elle innove en pr\u00e9voyant une astreinte journali\u00e8re en cas de retard, puis la qualification d&#8217;abandon du v\u00e9hicule apr\u00e8s six mois. Ce dispositif vise \u00e0 prot\u00e9ger l&#8217;acqu\u00e9reur d&#8217;une carence du vendeur d\u00e9faillant et \u00e0 \u00e9viter qu&#8217;il ne supporte ind\u00fbment la garde d&#8217;un bien inutilisable. Cette mesure pratique compl\u00e8te utilement le principe de la r\u00e9solution, d\u00e9j\u00e0 appliqu\u00e9e dans des cas similaires o\u00f9 le vendeur est condamn\u00e9 \u00e0 &#8220;reverser [&#8230;] la somme [&#8230;] correspondant au prix de vente et \u00e0 venir r\u00e9cup\u00e9rer \u00e0 ses frais le v\u00e9hicule&#8221; (Tribunal judiciaire, le 30 septembre 2025, n\u00b024\/05971).<\/p>\n<\/div>\n","protected":false},"excerpt":{"rendered":"<p>Le Tribunal judiciaire de Bobigny, statuant le 23 septembre 2025, a eu \u00e0 conna\u00eetre d&#8217;un litige relatif \u00e0 la vente d&#8217;un v\u00e9hicule d&#8217;occasion. L&#8217;acqu\u00e9reur solli&#8230;<\/p>\n","protected":false},"author":232070755,"featured_media":9488,"comment_status":"open","ping_status":"open","sticky":false,"template":"","format":"standard","meta":{"_crdt_document":"","_jetpack_newsletter_access":"","_jetpack_dont_email_post_to_subs":false,"_jetpack_newsletter_tier_id":0,"_jetpack_memberships_contains_paywalled_content":false,"_jetpack_memberships_contains_paid_content":false,"footnotes":"","jetpack_post_was_ever_published":false},"categories":[7597],"tags":[],"class_list":["post-667049","post","type-post","status-publish","format-standard","has-post-thumbnail","hentry","category-jurisprudence"],"yoast_head":"<!-- This site is optimized with the Yoast SEO Premium plugin v27.4 (Yoast SEO v27.4) - https:\/\/yoast.com\/product\/yoast-seo-premium-wordpress\/ -->\n<title>Tribunal judiciaire de Bobigny, le 23 septembre 2025, n\u00b025\/01004 - Ma\u00eetre Hassan Kohen, avocat en droit p\u00e9nal \u00e0 Paris<\/title>\n<meta name=\"description\" content=\"Le Tribunal judiciaire de Bobigny, statuant le 23 septembre 2025, a eu \u00e0 conna\u00eetre d&#039;un litige relatif \u00e0 la vente d&#039;un v\u00e9hicule d&#039;occasion. L&#039;acqu\u00e9reur solli...\" \/>\n<meta name=\"robots\" content=\"index, follow, max-snippet:-1, max-image-preview:large, max-video-preview:-1\" \/>\n<link rel=\"canonical\" href=\"https:\/\/kohenavocats.com\/en\/tribunal-judiciaire-de-bobigny-le-23-septembre-2025-n25-01004\/\" \/>\n<meta property=\"og:locale\" content=\"en_US\" \/>\n<meta property=\"og:type\" content=\"article\" \/>\n<meta property=\"og:title\" content=\"Tribunal judiciaire de Bobigny, le 23 septembre 2025, n\u00b025\/01004\" \/>\n<meta property=\"og:description\" content=\"Le Tribunal judiciaire de Bobigny, statuant le 23 septembre 2025, a eu \u00e0 conna\u00eetre d&#039;un litige relatif \u00e0 la vente d&#039;un v\u00e9hicule d&#039;occasion. L&#039;acqu\u00e9reur solli...\" \/>\n<meta property=\"og:url\" content=\"https:\/\/kohenavocats.com\/en\/tribunal-judiciaire-de-bobigny-le-23-septembre-2025-n25-01004\/\" \/>\n<meta property=\"og:site_name\" content=\"Ma\u00eetre Hassan Kohen, avocat en droit p\u00e9nal \u00e0 Paris\" \/>\n<meta property=\"article:published_time\" content=\"2026-04-24T00:38:25+00:00\" \/>\n<meta property=\"og:image\" content=\"https:\/\/kohenavocats.com\/wp-content\/uploads\/2024\/11\/getty-images-F5R9DuVUaPU-unsplash.webp\" \/>\n\t<meta property=\"og:image:width\" content=\"5472\" \/>\n\t<meta property=\"og:image:height\" content=\"3648\" \/>\n\t<meta property=\"og:image:type\" content=\"image\/webp\" \/>\n<meta name=\"author\" content=\"Kohen\" \/>\n<meta name=\"twitter:card\" content=\"summary_large_image\" \/>\n<meta name=\"twitter:label1\" content=\"Written by\" \/>\n\t<meta name=\"twitter:data1\" content=\"Kohen\" \/>\n\t<meta name=\"twitter:label2\" content=\"Est. reading time\" \/>\n\t<meta name=\"twitter:data2\" content=\"3 minutes\" \/>\n<script type=\"application\/ld+json\" class=\"yoast-schema-graph\">{\"@context\":\"https:\\\/\\\/schema.org\",\"@graph\":[{\"@type\":\"Article\",\"@id\":\"https:\\\/\\\/kohenavocats.com\\\/en\\\/tribunal-judiciaire-de-bobigny-le-23-septembre-2025-n25-01004\\\/#article\",\"isPartOf\":{\"@id\":\"https:\\\/\\\/kohenavocats.com\\\/en\\\/tribunal-judiciaire-de-bobigny-le-23-septembre-2025-n25-01004\\\/\"},\"author\":{\"name\":\"Kohen\",\"@id\":\"https:\\\/\\\/kohenavocats.com\\\/en\\\/#\\\/schema\\\/person\\\/761c9ba54fa1ca84d405cef0831ff751\"},\"headline\":\"Tribunal judiciaire de Bobigny, le 23 septembre 2025, n\u00b025\\\/01004\",\"datePublished\":\"2026-04-24T00:38:25+00:00\",\"mainEntityOfPage\":{\"@id\":\"https:\\\/\\\/kohenavocats.com\\\/en\\\/tribunal-judiciaire-de-bobigny-le-23-septembre-2025-n25-01004\\\/\"},\"wordCount\":625,\"commentCount\":0,\"publisher\":{\"@id\":\"https:\\\/\\\/kohenavocats.com\\\/en\\\/#organization\"},\"image\":{\"@id\":\"https:\\\/\\\/kohenavocats.com\\\/en\\\/tribunal-judiciaire-de-bobigny-le-23-septembre-2025-n25-01004\\\/#primaryimage\"},\"thumbnailUrl\":\"https:\\\/\\\/kohenavocats.com\\\/wp-content\\\/uploads\\\/2024\\\/11\\\/getty-images-F5R9DuVUaPU-unsplash.webp\",\"articleSection\":[\"Jurisprudence\"],\"inLanguage\":\"en-US\",\"potentialAction\":[{\"@type\":\"CommentAction\",\"name\":\"Comment\",\"target\":[\"https:\\\/\\\/kohenavocats.com\\\/en\\\/tribunal-judiciaire-de-bobigny-le-23-septembre-2025-n25-01004\\\/#respond\"]}],\"citation\":\"Tribunal judiciaire de Bobigny, le 23 septembre 2025, n\u00b025\\\/01004\",\"about\":[{\"@type\":\"Thing\",\"name\":\"Jurisprudence\"}],\"dateModified\":\"2026-04-24T00:38:25+00:00\",\"speakable\":{\"@type\":\"SpeakableSpecification\",\"cssSelector\":[\".article-content > p:first-of-type\"]}},{\"@type\":\"WebPage\",\"@id\":\"https:\\\/\\\/kohenavocats.com\\\/en\\\/tribunal-judiciaire-de-bobigny-le-23-septembre-2025-n25-01004\\\/\",\"url\":\"https:\\\/\\\/kohenavocats.com\\\/en\\\/tribunal-judiciaire-de-bobigny-le-23-septembre-2025-n25-01004\\\/\",\"name\":\"Tribunal judiciaire de Bobigny, le 23 septembre 2025, n\u00b025\\\/01004 - Ma\u00eetre Hassan Kohen, avocat en droit p\u00e9nal \u00e0 Paris\",\"isPartOf\":{\"@id\":\"https:\\\/\\\/kohenavocats.com\\\/en\\\/#website\"},\"primaryImageOfPage\":{\"@id\":\"https:\\\/\\\/kohenavocats.com\\\/en\\\/tribunal-judiciaire-de-bobigny-le-23-septembre-2025-n25-01004\\\/#primaryimage\"},\"image\":{\"@id\":\"https:\\\/\\\/kohenavocats.com\\\/en\\\/tribunal-judiciaire-de-bobigny-le-23-septembre-2025-n25-01004\\\/#primaryimage\"},\"thumbnailUrl\":\"https:\\\/\\\/kohenavocats.com\\\/wp-content\\\/uploads\\\/2024\\\/11\\\/getty-images-F5R9DuVUaPU-unsplash.webp\",\"datePublished\":\"2026-04-24T00:38:25+00:00\",\"description\":\"Le Tribunal judiciaire de Bobigny, statuant le 23 septembre 2025, a eu \u00e0 conna\u00eetre d'un litige relatif \u00e0 la vente d'un v\u00e9hicule d'occasion. L'acqu\u00e9reur solli...\",\"breadcrumb\":{\"@id\":\"https:\\\/\\\/kohenavocats.com\\\/en\\\/tribunal-judiciaire-de-bobigny-le-23-septembre-2025-n25-01004\\\/#breadcrumb\"},\"inLanguage\":\"en-US\",\"potentialAction\":[{\"@type\":\"ReadAction\",\"target\":[\"https:\\\/\\\/kohenavocats.com\\\/en\\\/tribunal-judiciaire-de-bobigny-le-23-septembre-2025-n25-01004\\\/\"]}]},{\"@type\":\"ImageObject\",\"inLanguage\":\"en-US\",\"@id\":\"https:\\\/\\\/kohenavocats.com\\\/en\\\/tribunal-judiciaire-de-bobigny-le-23-septembre-2025-n25-01004\\\/#primaryimage\",\"url\":\"https:\\\/\\\/kohenavocats.com\\\/wp-content\\\/uploads\\\/2024\\\/11\\\/getty-images-F5R9DuVUaPU-unsplash.webp\",\"contentUrl\":\"https:\\\/\\\/kohenavocats.com\\\/wp-content\\\/uploads\\\/2024\\\/11\\\/getty-images-F5R9DuVUaPU-unsplash.webp\",\"width\":5472,\"height\":3648},{\"@type\":\"BreadcrumbList\",\"@id\":\"https:\\\/\\\/kohenavocats.com\\\/en\\\/tribunal-judiciaire-de-bobigny-le-23-septembre-2025-n25-01004\\\/#breadcrumb\",\"itemListElement\":[{\"@type\":\"ListItem\",\"position\":1,\"name\":\"Home\",\"item\":\"https:\\\/\\\/kohenavocats.com\\\/en\\\/criminal-law-attorneys-in-paris-counsel-and-strategic-defense\\\/\"},{\"@type\":\"ListItem\",\"position\":2,\"name\":\"Tribunal judiciaire de Bobigny, le 23 septembre 2025, n\u00b025\\\/01004\"}]},{\"@type\":\"WebSite\",\"@id\":\"https:\\\/\\\/kohenavocats.com\\\/en\\\/#website\",\"url\":\"https:\\\/\\\/kohenavocats.com\\\/en\\\/\",\"name\":\"Kohen Avocats\",\"description\":\"Ma\u00eetre Hassan Kohen, avocat p\u00e9naliste \u00e0 Paris, intervient exclusivement en droit p\u00e9nal pour la d\u00e9fense des particuliers, notamment en mati\u00e8re d\u2019accusations de viol. Il assure un accompagnement rigoureux d\u00e8s la garde \u00e0 vue jusqu\u2019\u00e0 la Cour d\u2019assises, veillant au strict respect des garanties proc\u00e9durales.\",\"publisher\":{\"@id\":\"https:\\\/\\\/kohenavocats.com\\\/en\\\/#organization\"},\"potentialAction\":[{\"@type\":\"SearchAction\",\"target\":{\"@type\":\"EntryPoint\",\"urlTemplate\":\"https:\\\/\\\/kohenavocats.com\\\/en\\\/?s={search_term_string}\"},\"query-input\":{\"@type\":\"PropertyValueSpecification\",\"valueRequired\":true,\"valueName\":\"search_term_string\"}}],\"inLanguage\":\"en-US\"},{\"@type\":\"Organization\",\"@id\":\"https:\\\/\\\/kohenavocats.com\\\/en\\\/#organization\",\"name\":\"Kohen Avocats\",\"url\":\"https:\\\/\\\/kohenavocats.com\\\/en\\\/\",\"logo\":{\"@type\":\"ImageObject\",\"inLanguage\":\"en-US\",\"@id\":\"https:\\\/\\\/kohenavocats.com\\\/en\\\/#\\\/schema\\\/logo\\\/image\\\/\",\"url\":\"https:\\\/\\\/kohenavocats.com\\\/wp-content\\\/uploads\\\/2026\\\/01\\\/Logo-2-1.webp\",\"contentUrl\":\"https:\\\/\\\/kohenavocats.com\\\/wp-content\\\/uploads\\\/2026\\\/01\\\/Logo-2-1.webp\",\"width\":2114,\"height\":1253,\"caption\":\"Kohen Avocats\"},\"image\":{\"@id\":\"https:\\\/\\\/kohenavocats.com\\\/en\\\/#\\\/schema\\\/logo\\\/image\\\/\"}},{\"@type\":\"Person\",\"@id\":\"https:\\\/\\\/kohenavocats.com\\\/en\\\/#\\\/schema\\\/person\\\/761c9ba54fa1ca84d405cef0831ff751\",\"name\":\"Kohen\",\"image\":{\"@type\":\"ImageObject\",\"inLanguage\":\"en-US\",\"@id\":\"https:\\\/\\\/secure.gravatar.com\\\/avatar\\\/1c5e76ef76bbbfdd2b4da984e2bf2fa4056fd51a27d25ce2c332047f1dfd6e00?s=96&d=identicon&r=g\",\"url\":\"https:\\\/\\\/secure.gravatar.com\\\/avatar\\\/1c5e76ef76bbbfdd2b4da984e2bf2fa4056fd51a27d25ce2c332047f1dfd6e00?s=96&d=identicon&r=g\",\"contentUrl\":\"https:\\\/\\\/secure.gravatar.com\\\/avatar\\\/1c5e76ef76bbbfdd2b4da984e2bf2fa4056fd51a27d25ce2c332047f1dfd6e00?s=96&d=identicon&r=g\",\"caption\":\"Kohen\"},\"sameAs\":[\"https:\\\/\\\/www.linkedin.com\\\/in\\\/hassan-kohen-448548192\\\/\",\"https:\\\/\\\/www.youtube.com\\\/@Kohen-Avocats\"],\"url\":\"https:\\\/\\\/kohenavocats.com\\\/en\\\/author\\\/kohenmlk\\\/\"}]}<\/script>\n<!-- \/ Yoast SEO Premium plugin. -->","yoast_head_json":{"title":"Tribunal judiciaire de Bobigny, le 23 septembre 2025, n\u00b025\/01004 - Ma\u00eetre Hassan Kohen, avocat en droit p\u00e9nal \u00e0 Paris","description":"Le Tribunal judiciaire de Bobigny, statuant le 23 septembre 2025, a eu \u00e0 conna\u00eetre d'un litige relatif \u00e0 la vente d'un v\u00e9hicule d'occasion. L'acqu\u00e9reur solli...","robots":{"index":"index","follow":"follow","max-snippet":"max-snippet:-1","max-image-preview":"max-image-preview:large","max-video-preview":"max-video-preview:-1"},"canonical":"https:\/\/kohenavocats.com\/en\/tribunal-judiciaire-de-bobigny-le-23-septembre-2025-n25-01004\/","og_locale":"en_US","og_type":"article","og_title":"Tribunal judiciaire de Bobigny, le 23 septembre 2025, n\u00b025\/01004","og_description":"Le Tribunal judiciaire de Bobigny, statuant le 23 septembre 2025, a eu \u00e0 conna\u00eetre d'un litige relatif \u00e0 la vente d'un v\u00e9hicule d'occasion. L'acqu\u00e9reur solli...","og_url":"https:\/\/kohenavocats.com\/en\/tribunal-judiciaire-de-bobigny-le-23-septembre-2025-n25-01004\/","og_site_name":"Ma\u00eetre Hassan Kohen, avocat en droit p\u00e9nal \u00e0 Paris","article_published_time":"2026-04-24T00:38:25+00:00","og_image":[{"width":5472,"height":3648,"url":"https:\/\/kohenavocats.com\/wp-content\/uploads\/2024\/11\/getty-images-F5R9DuVUaPU-unsplash.webp","type":"image\/webp"}],"author":"Kohen","twitter_card":"summary_large_image","twitter_misc":{"Written by":"Kohen","Est. reading time":"3 minutes"},"schema":{"@context":"https:\/\/schema.org","@graph":[{"@type":"Article","@id":"https:\/\/kohenavocats.com\/en\/tribunal-judiciaire-de-bobigny-le-23-septembre-2025-n25-01004\/#article","isPartOf":{"@id":"https:\/\/kohenavocats.com\/en\/tribunal-judiciaire-de-bobigny-le-23-septembre-2025-n25-01004\/"},"author":{"name":"Kohen","@id":"https:\/\/kohenavocats.com\/en\/#\/schema\/person\/761c9ba54fa1ca84d405cef0831ff751"},"headline":"Tribunal judiciaire de Bobigny, le 23 septembre 2025, n\u00b025\/01004","datePublished":"2026-04-24T00:38:25+00:00","mainEntityOfPage":{"@id":"https:\/\/kohenavocats.com\/en\/tribunal-judiciaire-de-bobigny-le-23-septembre-2025-n25-01004\/"},"wordCount":625,"commentCount":0,"publisher":{"@id":"https:\/\/kohenavocats.com\/en\/#organization"},"image":{"@id":"https:\/\/kohenavocats.com\/en\/tribunal-judiciaire-de-bobigny-le-23-septembre-2025-n25-01004\/#primaryimage"},"thumbnailUrl":"https:\/\/kohenavocats.com\/wp-content\/uploads\/2024\/11\/getty-images-F5R9DuVUaPU-unsplash.webp","articleSection":["Jurisprudence"],"inLanguage":"en-US","potentialAction":[{"@type":"CommentAction","name":"Comment","target":["https:\/\/kohenavocats.com\/en\/tribunal-judiciaire-de-bobigny-le-23-septembre-2025-n25-01004\/#respond"]}],"citation":"Tribunal judiciaire de Bobigny, le 23 septembre 2025, n\u00b025\/01004","about":[{"@type":"Thing","name":"Jurisprudence"}],"dateModified":"2026-04-24T00:38:25+00:00","speakable":{"@type":"SpeakableSpecification","cssSelector":[".article-content > p:first-of-type"]}},{"@type":"WebPage","@id":"https:\/\/kohenavocats.com\/en\/tribunal-judiciaire-de-bobigny-le-23-septembre-2025-n25-01004\/","url":"https:\/\/kohenavocats.com\/en\/tribunal-judiciaire-de-bobigny-le-23-septembre-2025-n25-01004\/","name":"Tribunal judiciaire de Bobigny, le 23 septembre 2025, n\u00b025\/01004 - Ma\u00eetre Hassan Kohen, avocat en droit p\u00e9nal \u00e0 Paris","isPartOf":{"@id":"https:\/\/kohenavocats.com\/en\/#website"},"primaryImageOfPage":{"@id":"https:\/\/kohenavocats.com\/en\/tribunal-judiciaire-de-bobigny-le-23-septembre-2025-n25-01004\/#primaryimage"},"image":{"@id":"https:\/\/kohenavocats.com\/en\/tribunal-judiciaire-de-bobigny-le-23-septembre-2025-n25-01004\/#primaryimage"},"thumbnailUrl":"https:\/\/kohenavocats.com\/wp-content\/uploads\/2024\/11\/getty-images-F5R9DuVUaPU-unsplash.webp","datePublished":"2026-04-24T00:38:25+00:00","description":"Le Tribunal judiciaire de Bobigny, statuant le 23 septembre 2025, a eu \u00e0 conna\u00eetre d'un litige relatif \u00e0 la vente d'un v\u00e9hicule d'occasion. L'acqu\u00e9reur solli...","breadcrumb":{"@id":"https:\/\/kohenavocats.com\/en\/tribunal-judiciaire-de-bobigny-le-23-septembre-2025-n25-01004\/#breadcrumb"},"inLanguage":"en-US","potentialAction":[{"@type":"ReadAction","target":["https:\/\/kohenavocats.com\/en\/tribunal-judiciaire-de-bobigny-le-23-septembre-2025-n25-01004\/"]}]},{"@type":"ImageObject","inLanguage":"en-US","@id":"https:\/\/kohenavocats.com\/en\/tribunal-judiciaire-de-bobigny-le-23-septembre-2025-n25-01004\/#primaryimage","url":"https:\/\/kohenavocats.com\/wp-content\/uploads\/2024\/11\/getty-images-F5R9DuVUaPU-unsplash.webp","contentUrl":"https:\/\/kohenavocats.com\/wp-content\/uploads\/2024\/11\/getty-images-F5R9DuVUaPU-unsplash.webp","width":5472,"height":3648},{"@type":"BreadcrumbList","@id":"https:\/\/kohenavocats.com\/en\/tribunal-judiciaire-de-bobigny-le-23-septembre-2025-n25-01004\/#breadcrumb","itemListElement":[{"@type":"ListItem","position":1,"name":"Home","item":"https:\/\/kohenavocats.com\/en\/criminal-law-attorneys-in-paris-counsel-and-strategic-defense\/"},{"@type":"ListItem","position":2,"name":"Tribunal judiciaire de Bobigny, le 23 septembre 2025, n\u00b025\/01004"}]},{"@type":"WebSite","@id":"https:\/\/kohenavocats.com\/en\/#website","url":"https:\/\/kohenavocats.com\/en\/","name":"Kohen Avocats","description":"Ma\u00eetre Hassan Kohen, avocat p\u00e9naliste \u00e0 Paris, intervient exclusivement en droit p\u00e9nal pour la d\u00e9fense des particuliers, notamment en mati\u00e8re d\u2019accusations de viol. Il assure un accompagnement rigoureux d\u00e8s la garde \u00e0 vue jusqu\u2019\u00e0 la Cour d\u2019assises, veillant au strict respect des garanties proc\u00e9durales.","publisher":{"@id":"https:\/\/kohenavocats.com\/en\/#organization"},"potentialAction":[{"@type":"SearchAction","target":{"@type":"EntryPoint","urlTemplate":"https:\/\/kohenavocats.com\/en\/?s={search_term_string}"},"query-input":{"@type":"PropertyValueSpecification","valueRequired":true,"valueName":"search_term_string"}}],"inLanguage":"en-US"},{"@type":"Organization","@id":"https:\/\/kohenavocats.com\/en\/#organization","name":"Kohen Avocats","url":"https:\/\/kohenavocats.com\/en\/","logo":{"@type":"ImageObject","inLanguage":"en-US","@id":"https:\/\/kohenavocats.com\/en\/#\/schema\/logo\/image\/","url":"https:\/\/kohenavocats.com\/wp-content\/uploads\/2026\/01\/Logo-2-1.webp","contentUrl":"https:\/\/kohenavocats.com\/wp-content\/uploads\/2026\/01\/Logo-2-1.webp","width":2114,"height":1253,"caption":"Kohen Avocats"},"image":{"@id":"https:\/\/kohenavocats.com\/en\/#\/schema\/logo\/image\/"}},{"@type":"Person","@id":"https:\/\/kohenavocats.com\/en\/#\/schema\/person\/761c9ba54fa1ca84d405cef0831ff751","name":"Kohen","image":{"@type":"ImageObject","inLanguage":"en-US","@id":"https:\/\/secure.gravatar.com\/avatar\/1c5e76ef76bbbfdd2b4da984e2bf2fa4056fd51a27d25ce2c332047f1dfd6e00?s=96&d=identicon&r=g","url":"https:\/\/secure.gravatar.com\/avatar\/1c5e76ef76bbbfdd2b4da984e2bf2fa4056fd51a27d25ce2c332047f1dfd6e00?s=96&d=identicon&r=g","contentUrl":"https:\/\/secure.gravatar.com\/avatar\/1c5e76ef76bbbfdd2b4da984e2bf2fa4056fd51a27d25ce2c332047f1dfd6e00?s=96&d=identicon&r=g","caption":"Kohen"},"sameAs":["https:\/\/www.linkedin.com\/in\/hassan-kohen-448548192\/","https:\/\/www.youtube.com\/@Kohen-Avocats"],"url":"https:\/\/kohenavocats.com\/en\/author\/kohenmlk\/"}]}},"jetpack_featured_media_url":"https:\/\/kohenavocats.com\/wp-content\/uploads\/2024\/11\/getty-images-F5R9DuVUaPU-unsplash.webp","jetpack_likes_enabled":false,"jetpack_shortlink":"https:\/\/wp.me\/peCrII-2NwR","jetpack-related-posts":[{"id":536084,"url":"https:\/\/kohenavocats.com\/en\/cour-dappel-de-bordeaux-le-6-novembre-2025-n23-00541\/","url_meta":{"origin":667049,"position":0},"title":"Cour d&#8217;appel de Bordeaux, le 6 novembre 2025, n\u00b023\/00541","author":"Kohen","date":"9 April 2026","format":false,"excerpt":"La Cour d'appel de Bordeaux, deuxi\u00e8me chambre civile, le 6 novembre 2025, statue sur un litige n\u00e9 de la vente d'un v\u00e9hicule d'occasion ancien. L'acqu\u00e9reur, a...","rel":"","context":"In &quot;Jurisprudence&quot;","block_context":{"text":"Jurisprudence","link":"https:\/\/kohenavocats.com\/category\/jurisprudence\/"},"img":{"alt_text":"","src":"https:\/\/i0.wp.com\/kohenavocats.com\/wp-content\/uploads\/2024\/11\/getty-images-sVQF3gE-ySg-unsplash.webp?resize=350%2C200&ssl=1","width":350,"height":200,"srcset":"https:\/\/i0.wp.com\/kohenavocats.com\/wp-content\/uploads\/2024\/11\/getty-images-sVQF3gE-ySg-unsplash.webp?resize=350%2C200&ssl=1 1x, https:\/\/i0.wp.com\/kohenavocats.com\/wp-content\/uploads\/2024\/11\/getty-images-sVQF3gE-ySg-unsplash.webp?resize=525%2C300&ssl=1 1.5x, https:\/\/i0.wp.com\/kohenavocats.com\/wp-content\/uploads\/2024\/11\/getty-images-sVQF3gE-ySg-unsplash.webp?resize=700%2C400&ssl=1 2x, https:\/\/i0.wp.com\/kohenavocats.com\/wp-content\/uploads\/2024\/11\/getty-images-sVQF3gE-ySg-unsplash.webp?resize=1050%2C600&ssl=1 3x, https:\/\/i0.wp.com\/kohenavocats.com\/wp-content\/uploads\/2024\/11\/getty-images-sVQF3gE-ySg-unsplash.webp?resize=1400%2C800&ssl=1 4x"},"classes":[]},{"id":536111,"url":"https:\/\/kohenavocats.com\/en\/cour-dappel-de-paris-le-10-fevrier-2026-n25-00554\/","url_meta":{"origin":667049,"position":1},"title":"Cour d&#8217;appel de Paris, le 10 f\u00e9vrier 2026, n\u00b025\/00554","author":"Kohen","date":"9 April 2026","format":false,"excerpt":"La Cour d\u2019appel de Paris, statuant le 10 f\u00e9vrier 2026, a examin\u00e9 un litige relatif \u00e0 un v\u00e9hicule \u00e9quip\u00e9 d\u2019un logiciel trompeur. Un locataire avec option d\u2019ac...","rel":"","context":"In &quot;Jurisprudence&quot;","block_context":{"text":"Jurisprudence","link":"https:\/\/kohenavocats.com\/category\/jurisprudence\/"},"img":{"alt_text":"","src":"https:\/\/i0.wp.com\/kohenavocats.com\/wp-content\/uploads\/2024\/08\/jan-zinnbauer-XoiUrDgtB-g-unsplash.webp?resize=350%2C200&ssl=1","width":350,"height":200,"srcset":"https:\/\/i0.wp.com\/kohenavocats.com\/wp-content\/uploads\/2024\/08\/jan-zinnbauer-XoiUrDgtB-g-unsplash.webp?resize=350%2C200&ssl=1 1x, https:\/\/i0.wp.com\/kohenavocats.com\/wp-content\/uploads\/2024\/08\/jan-zinnbauer-XoiUrDgtB-g-unsplash.webp?resize=525%2C300&ssl=1 1.5x, https:\/\/i0.wp.com\/kohenavocats.com\/wp-content\/uploads\/2024\/08\/jan-zinnbauer-XoiUrDgtB-g-unsplash.webp?resize=700%2C400&ssl=1 2x, https:\/\/i0.wp.com\/kohenavocats.com\/wp-content\/uploads\/2024\/08\/jan-zinnbauer-XoiUrDgtB-g-unsplash.webp?resize=1050%2C600&ssl=1 3x, https:\/\/i0.wp.com\/kohenavocats.com\/wp-content\/uploads\/2024\/08\/jan-zinnbauer-XoiUrDgtB-g-unsplash.webp?resize=1400%2C800&ssl=1 4x"},"classes":[]},{"id":265058,"url":"https:\/\/kohenavocats.com\/en\/tribunal-judiciaire-de-toulon-le-24-juin-2025-n25-01263\/","url_meta":{"origin":667049,"position":2},"title":"Tribunal judiciaire de Toulon, le 24 juin 2025, n\u00b025\/01263","author":"Kohen","date":"10 January 2026","format":false,"excerpt":"Rendue par le tribunal judiciaire de Toulon le 24 juin 2025, l\u2019ordonnance de r\u00e9f\u00e9r\u00e9 statue sur une demande d\u2019expertise pr\u00e9alable \u00e0 tout proc\u00e8s, apr\u00e8s la vente d\u2019un v\u00e9hicule d\u2019occasion affect\u00e9 de d\u00e9sordres techniques. L\u2019acqu\u00e9reur a signal\u00e9 des bruits et tremblements d\u00e8s la prise en main, puis une expertise amiable non\u2026","rel":"","context":"In &quot;D\u00e9cisions juridiques&quot;","block_context":{"text":"D\u00e9cisions juridiques","link":"https:\/\/kohenavocats.com\/category\/decisions-juridiques\/"},"img":{"alt_text":"","src":"https:\/\/i0.wp.com\/kohenavocats.com\/wp-content\/uploads\/2024\/07\/nathan-cima-UMK1mwunTZ8-unsplash.webp?resize=350%2C200&ssl=1","width":350,"height":200,"srcset":"https:\/\/i0.wp.com\/kohenavocats.com\/wp-content\/uploads\/2024\/07\/nathan-cima-UMK1mwunTZ8-unsplash.webp?resize=350%2C200&ssl=1 1x, https:\/\/i0.wp.com\/kohenavocats.com\/wp-content\/uploads\/2024\/07\/nathan-cima-UMK1mwunTZ8-unsplash.webp?resize=525%2C300&ssl=1 1.5x, https:\/\/i0.wp.com\/kohenavocats.com\/wp-content\/uploads\/2024\/07\/nathan-cima-UMK1mwunTZ8-unsplash.webp?resize=700%2C400&ssl=1 2x, https:\/\/i0.wp.com\/kohenavocats.com\/wp-content\/uploads\/2024\/07\/nathan-cima-UMK1mwunTZ8-unsplash.webp?resize=1050%2C600&ssl=1 3x, https:\/\/i0.wp.com\/kohenavocats.com\/wp-content\/uploads\/2024\/07\/nathan-cima-UMK1mwunTZ8-unsplash.webp?resize=1400%2C800&ssl=1 4x"},"classes":[]},{"id":263893,"url":"https:\/\/kohenavocats.com\/en\/tribunal-judiciaire-de-bordeaux-le-24-juin-2025-n23-07399\/","url_meta":{"origin":667049,"position":3},"title":"Tribunal judiciaire de Bordeaux, le 24 juin 2025, n\u00b023\/07399","author":"Kohen","date":"10 January 2026","format":false,"excerpt":"Le tribunal judiciaire de [Localit\u00e9 13], 24 juin 2025, statue sur les suites d\u2019une r\u00e9novation lourde r\u00e9ceptionn\u00e9e en novembre 2020, suivie d\u2019une vente r\u00e9it\u00e9r\u00e9e en octobre 2021. D\u00e8s l\u2019entr\u00e9e dans les lieux, les acqu\u00e9reurs se plaignent d\u2019odeurs persistantes et de moisissures en partie basse des murs. Une expertise judiciaire est\u2026","rel":"","context":"In &quot;D\u00e9cisions juridiques&quot;","block_context":{"text":"D\u00e9cisions juridiques","link":"https:\/\/kohenavocats.com\/category\/decisions-juridiques\/"},"img":{"alt_text":"","src":"https:\/\/i0.wp.com\/kohenavocats.com\/wp-content\/uploads\/2024\/08\/diane-picchiottino-FEuTc0OwfOc-unsplash.webp?resize=350%2C200&ssl=1","width":350,"height":200,"srcset":"https:\/\/i0.wp.com\/kohenavocats.com\/wp-content\/uploads\/2024\/08\/diane-picchiottino-FEuTc0OwfOc-unsplash.webp?resize=350%2C200&ssl=1 1x, https:\/\/i0.wp.com\/kohenavocats.com\/wp-content\/uploads\/2024\/08\/diane-picchiottino-FEuTc0OwfOc-unsplash.webp?resize=525%2C300&ssl=1 1.5x, https:\/\/i0.wp.com\/kohenavocats.com\/wp-content\/uploads\/2024\/08\/diane-picchiottino-FEuTc0OwfOc-unsplash.webp?resize=700%2C400&ssl=1 2x, https:\/\/i0.wp.com\/kohenavocats.com\/wp-content\/uploads\/2024\/08\/diane-picchiottino-FEuTc0OwfOc-unsplash.webp?resize=1050%2C600&ssl=1 3x, https:\/\/i0.wp.com\/kohenavocats.com\/wp-content\/uploads\/2024\/08\/diane-picchiottino-FEuTc0OwfOc-unsplash.webp?resize=1400%2C800&ssl=1 4x"},"classes":[]},{"id":267856,"url":"https:\/\/kohenavocats.com\/en\/tribunal-judiciaire-de-angers-le-23-juin-2025-n23-01358\/","url_meta":{"origin":667049,"position":4},"title":"Tribunal judiciaire de Angers, le 23 juin 2025, n\u00b023\/01358","author":"Kohen","date":"10 January 2026","format":false,"excerpt":"L\u2019ordonnance du juge de la mise en \u00e9tat du Tribunal judiciaire d\u2019Angers du 23 juin 2025 (RG 23\/01358) tranche plusieurs fins de non-recevoir soulev\u00e9es dans un litige n\u00e9 d\u2019une vente immobili\u00e8re. Les acqu\u00e9reurs d\u2019une maison, affect\u00e9e par des d\u00e9sordres d\u2019humidit\u00e9 apparus avec intensit\u00e9 en 2020, avaient obtenu une expertise en\u2026","rel":"","context":"In &quot;D\u00e9cisions juridiques&quot;","block_context":{"text":"D\u00e9cisions juridiques","link":"https:\/\/kohenavocats.com\/category\/decisions-juridiques\/"},"img":{"alt_text":"","src":"https:\/\/i0.wp.com\/kohenavocats.com\/wp-content\/uploads\/2024\/08\/nicolo-bettoni-4lAAYgIsEBI-unsplash.webp?resize=350%2C200&ssl=1","width":350,"height":200,"srcset":"https:\/\/i0.wp.com\/kohenavocats.com\/wp-content\/uploads\/2024\/08\/nicolo-bettoni-4lAAYgIsEBI-unsplash.webp?resize=350%2C200&ssl=1 1x, https:\/\/i0.wp.com\/kohenavocats.com\/wp-content\/uploads\/2024\/08\/nicolo-bettoni-4lAAYgIsEBI-unsplash.webp?resize=525%2C300&ssl=1 1.5x, https:\/\/i0.wp.com\/kohenavocats.com\/wp-content\/uploads\/2024\/08\/nicolo-bettoni-4lAAYgIsEBI-unsplash.webp?resize=700%2C400&ssl=1 2x, https:\/\/i0.wp.com\/kohenavocats.com\/wp-content\/uploads\/2024\/08\/nicolo-bettoni-4lAAYgIsEBI-unsplash.webp?resize=1050%2C600&ssl=1 3x, https:\/\/i0.wp.com\/kohenavocats.com\/wp-content\/uploads\/2024\/08\/nicolo-bettoni-4lAAYgIsEBI-unsplash.webp?resize=1400%2C800&ssl=1 4x"},"classes":[]},{"id":377388,"url":"https:\/\/kohenavocats.com\/en\/cour-dappel-de-bordeaux-le-15-decembre-2025-n25-01443\/","url_meta":{"origin":667049,"position":5},"title":"Cour d&#8217;appel de Bordeaux, le 15 d\u00e9cembre 2025, n\u00b025\/01443","author":"Kohen","date":"20 February 2026","format":false,"excerpt":"La Cour d\u2019appel de Bordeaux, premi\u00e8re chambre civile, dans un arr\u00eat du 15 d\u00e9cembre 2025, a \u00e9t\u00e9 saisie d\u2019un appel contre une ordonnance de r\u00e9f\u00e9r\u00e9 du...","rel":"","context":"In &quot;Cour d'appel&quot;","block_context":{"text":"Cour d'appel","link":"https:\/\/kohenavocats.com\/category\/cour-dappel\/"},"img":{"alt_text":"","src":"https:\/\/i0.wp.com\/kohenavocats.com\/wp-content\/uploads\/2024\/11\/kedar-gadge-qNbe1RLo06M-unsplash.webp?resize=350%2C200&ssl=1","width":350,"height":200,"srcset":"https:\/\/i0.wp.com\/kohenavocats.com\/wp-content\/uploads\/2024\/11\/kedar-gadge-qNbe1RLo06M-unsplash.webp?resize=350%2C200&ssl=1 1x, https:\/\/i0.wp.com\/kohenavocats.com\/wp-content\/uploads\/2024\/11\/kedar-gadge-qNbe1RLo06M-unsplash.webp?resize=525%2C300&ssl=1 1.5x, https:\/\/i0.wp.com\/kohenavocats.com\/wp-content\/uploads\/2024\/11\/kedar-gadge-qNbe1RLo06M-unsplash.webp?resize=700%2C400&ssl=1 2x, https:\/\/i0.wp.com\/kohenavocats.com\/wp-content\/uploads\/2024\/11\/kedar-gadge-qNbe1RLo06M-unsplash.webp?resize=1050%2C600&ssl=1 3x, https:\/\/i0.wp.com\/kohenavocats.com\/wp-content\/uploads\/2024\/11\/kedar-gadge-qNbe1RLo06M-unsplash.webp?resize=1400%2C800&ssl=1 4x"},"classes":[]}],"jetpack_sharing_enabled":true,"_links":{"self":[{"href":"https:\/\/kohenavocats.com\/en\/wp-json\/wp\/v2\/posts\/667049","targetHints":{"allow":["GET"]}}],"collection":[{"href":"https:\/\/kohenavocats.com\/en\/wp-json\/wp\/v2\/posts"}],"about":[{"href":"https:\/\/kohenavocats.com\/en\/wp-json\/wp\/v2\/types\/post"}],"author":[{"embeddable":true,"href":"https:\/\/kohenavocats.com\/en\/wp-json\/wp\/v2\/users\/232070755"}],"replies":[{"embeddable":true,"href":"https:\/\/kohenavocats.com\/en\/wp-json\/wp\/v2\/comments?post=667049"}],"version-history":[{"count":0,"href":"https:\/\/kohenavocats.com\/en\/wp-json\/wp\/v2\/posts\/667049\/revisions"}],"wp:featuredmedia":[{"embeddable":true,"href":"https:\/\/kohenavocats.com\/en\/wp-json\/wp\/v2\/media\/9488"}],"wp:attachment":[{"href":"https:\/\/kohenavocats.com\/en\/wp-json\/wp\/v2\/media?parent=667049"}],"wp:term":[{"taxonomy":"category","embeddable":true,"href":"https:\/\/kohenavocats.com\/en\/wp-json\/wp\/v2\/categories?post=667049"},{"taxonomy":"post_tag","embeddable":true,"href":"https:\/\/kohenavocats.com\/en\/wp-json\/wp\/v2\/tags?post=667049"}],"curies":[{"name":"wp","href":"https:\/\/api.w.org\/{rel}","templated":true}]}}