{"id":667641,"date":"2026-04-24T03:37:19","date_gmt":"2026-04-24T01:37:19","guid":{"rendered":"https:\/\/kohenavocats.com\/cour-dappel-de-angers-le-26-mai-2025-n24-01870\/"},"modified":"2026-04-26T18:50:59","modified_gmt":"2026-04-26T16:50:59","slug":"cour-dappel-de-angers-le-26-mai-2025-n24-01870","status":"publish","type":"post","link":"https:\/\/kohenavocats.com\/en\/cour-dappel-de-angers-le-26-mai-2025-n24-01870\/","title":{"rendered":"Cour d&#8217;appel de Angers, le 26 mai 2025, n\u00b024\/01870"},"content":{"rendered":"<div class=\"article-content\">\n<p>La cour d&#8217;appel d&#8217;Angers, statuant le 26 mai 2025, examine un appel-nullit\u00e9 form\u00e9 contre une ordonnance du pr\u00e9sident du <a href=\"https:\/\/kohenavocats.fr\/exp-9\/\" target=\"_blank\" title=\"tribunal de commerce\">tribunal de commerce<\/a> du Mans. Cette ordonnance avait d\u00e9sign\u00e9 un expert pour valoriser des actions sociales suite \u00e0 la perte de la qualit\u00e9 de salari\u00e9 d&#8217;un associ\u00e9. La juridiction d&#8217;appel doit d\u00e9terminer si le premier juge a exc\u00e9d\u00e9 ses pouvoirs en fixant la mission de l&#8217;expert et en appliquant le r\u00e9gime proc\u00e9dural de l&#8217;expertise judiciaire.<\/p>\n<p>La comp\u00e9tence limit\u00e9e du juge des r\u00e9f\u00e9r\u00e9s<\/p>\n<p>Le pouvoir du pr\u00e9sident saisi sur le fondement de l&#8217;article 1843-4 se limite \u00e0 la nomination d&#8217;un expert. Il n&#8217;a pas \u00e0 s&#8217;interroger sur la n\u00e9cessit\u00e9 et l&#8217;opportunit\u00e9 de l&#8217;expertise en dehors de la v\u00e9rification des conditions de fond pr\u00e9vues au texte. Il appartient \u00e0 l&#8217;expert seul de d\u00e9finir sa mission. Le juge n&#8217;a pas \u00e0 fixer des r\u00e8gles d&#8217;\u00e9valuation, notamment la date \u00e0 laquelle l&#8217;expert doit se situer ni les m\u00e9thodes d&#8217;\u00e9valuation qu&#8217;il doit suivre. La cour rappelle ainsi le cadre strict de l&#8217;intervention du juge en mati\u00e8re de d\u00e9signation d&#8217;expert. Cette interpr\u00e9tation restrictive prot\u00e8ge l&#8217;autonomie de la mission d&#8217;\u00e9valuation confi\u00e9e \u00e0 l&#8217;expert par la loi.<\/p>\n<p>L&#8217;inopportunit\u00e9 d&#8217;un r\u00e9gime proc\u00e9dural classique<\/p>\n<p>Dans ce cas, l&#8217;expert n&#8217;intervenant pas dans le cadre d&#8217;une expertise judiciaire mais dans celui d&#8217;un dispositif particulier lui conf\u00e9rant le pouvoir de d\u00e9terminer lui-m\u00eame la valeur des parts, les dispositions du code de proc\u00e9dure civile r\u00e9gissant l&#8217;expertise ne sont pas applicables. La d\u00e9signation d&#8217;un juge charg\u00e9 du contr\u00f4le de l&#8217;expertise est exclue. Il n&#8217;y a pas lieu de fixer le montant de la provision ou de fixer la date \u00e0 laquelle l&#8217;expert devra d\u00e9poser son rapport. Le r\u00e9gime de l&#8217;article 1843-4 du code civil constitue donc une proc\u00e9dure sp\u00e9cifique et autonome. Elle \u00e9carte l&#8217;application des r\u00e8gles de droit commun de l&#8217;expertise judiciaire pour des raisons d&#8217;efficacit\u00e9.<\/p>\n<p>L&#8217;annulation pour exc\u00e8s de pouvoir constat\u00e9<\/p>\n<p>D\u00e8s lors, le premier juge n&#8217;aurait pas d\u00fb d\u00e9terminer la mission de l&#8217;expert en indiquant que le prix d\u00e9finitif de cession devra \u00eatre d\u00e9termin\u00e9 \u00e0 la date du 27 juin 2024. Outre qu&#8217;il fixait la date d&#8217;\u00e9valuation et d\u00e9terminait la m\u00e9thode \u00e0 suivre, ce qu&#8217;il n&#8217;avait pas le pouvoir de faire, le pr\u00e9sident du tribunal a restreint la m\u00e9thode d&#8217;\u00e9valuation. Il a ainsi lui-m\u00eame limit\u00e9 la m\u00e9thode d&#8217;\u00e9valuation en retenant celle pr\u00e9vue dans l&#8217;un des cas de cession. Ce faisant, le jugement est affect\u00e9 d&#8217;un exc\u00e8s de pouvoir du juge en statuant sur une question de fond.<\/p>\n<p>La sanction proc\u00e9durale de la nullit\u00e9<\/p>\n<p>Dans le cadre d&#8217;un appel-nullit\u00e9, la cour ne peut qu&#8217;annuler la d\u00e9cision pour exc\u00e8s de pouvoir, sans pouvoir y substituer sa propre d\u00e9cision. Ceci s&#8217;explique par l&#8217;absence d&#8217;effet d\u00e9volutif op\u00e9r\u00e9 par l&#8217;appel d\u00e8s lors que seul le pr\u00e9sident du tribunal de commerce a comp\u00e9tence pour nommer un expert. L&#8217;annulation pure et simple s&#8217;impose donc comme la seule sanction adapt\u00e9e \u00e0 l&#8217;irr\u00e9gularit\u00e9 commise. La cour renvoie ainsi l&#8217;affaire devant le juge comp\u00e9tent pour une nouvelle d\u00e9signation dans le respect de la loi.<\/p>\n<\/div>\n","protected":false},"excerpt":{"rendered":"<p>La cour d&#8217;appel d&#8217;Angers, statuant le 26 mai 2025, examine un appel-nullit\u00e9 form\u00e9 contre une ordonnance du pr\u00e9sident du tribunal de commerce du Mans. Cette o&#8230;<\/p>\n","protected":false},"author":232070755,"featured_media":9683,"comment_status":"open","ping_status":"open","sticky":false,"template":"","format":"standard","meta":{"_crdt_document":"","_jetpack_newsletter_access":"","_jetpack_dont_email_post_to_subs":false,"_jetpack_newsletter_tier_id":0,"_jetpack_memberships_contains_paywalled_content":false,"_kj_source_type":"","_kj_official_id":"","_kj_official_url":"","_kj_judilibre_id":"","_kj_jur":"","_kj_lieu":"","_kj_chambre":"","_kj_rg":"","_kj_date":"","_jetpack_memberships_contains_paid_content":false,"footnotes":"","jetpack_post_was_ever_published":false},"categories":[35581,7597],"tags":[],"class_list":["post-667641","post","type-post","status-publish","format-standard","has-post-thumbnail","hentry","category-droit-des-affaires","category-jurisprudence"],"yoast_head":"<!-- This site is optimized with the Yoast SEO Premium plugin v27.5 (Yoast SEO v27.5) - https:\/\/yoast.com\/product\/yoast-seo-premium-wordpress\/ -->\n<title>Cour d&#039;appel de Angers, le 26 mai 2025, n\u00b024\/01870 - Ma\u00eetre Hassan Kohen, avocat en droit p\u00e9nal \u00e0 Paris<\/title>\n<meta name=\"description\" content=\"La cour d&#039;appel d&#039;Angers, statuant le 26 mai 2025, examine un appel-nullit\u00e9 form\u00e9 contre une ordonnance du pr\u00e9sident du tribunal de commerce du Mans. Cette o...\" \/>\n<meta name=\"robots\" content=\"index, follow, max-snippet:-1, max-image-preview:large, max-video-preview:-1\" \/>\n<link rel=\"canonical\" href=\"https:\/\/kohenavocats.com\/en\/cour-dappel-de-angers-le-26-mai-2025-n24-01870\/\" \/>\n<meta property=\"og:locale\" content=\"en_US\" \/>\n<meta property=\"og:type\" content=\"article\" \/>\n<meta property=\"og:title\" content=\"Cour d&#039;appel de Angers, le 26 mai 2025, n\u00b024\/01870\" \/>\n<meta property=\"og:description\" content=\"La cour d&#039;appel d&#039;Angers, statuant le 26 mai 2025, examine un appel-nullit\u00e9 form\u00e9 contre une ordonnance du pr\u00e9sident du tribunal de commerce du Mans. Cette o...\" \/>\n<meta property=\"og:url\" content=\"https:\/\/kohenavocats.com\/en\/cour-dappel-de-angers-le-26-mai-2025-n24-01870\/\" \/>\n<meta property=\"og:site_name\" content=\"Ma\u00eetre Hassan Kohen, avocat en droit p\u00e9nal \u00e0 Paris\" \/>\n<meta property=\"article:published_time\" content=\"2026-04-24T01:37:19+00:00\" \/>\n<meta property=\"article:modified_time\" content=\"2026-04-26T16:50:59+00:00\" \/>\n<meta property=\"og:image\" content=\"https:\/\/kohenavocats.com\/wp-content\/uploads\/2024\/11\/gabriella-clare-marino-K7jFghPMaFo-unsplash.webp\" \/>\n\t<meta property=\"og:image:width\" content=\"6000\" \/>\n\t<meta property=\"og:image:height\" content=\"4000\" \/>\n\t<meta property=\"og:image:type\" content=\"image\/webp\" \/>\n<meta name=\"author\" content=\"Kohen\" \/>\n<meta name=\"twitter:card\" content=\"summary_large_image\" \/>\n<meta name=\"twitter:label1\" content=\"Written by\" \/>\n\t<meta name=\"twitter:data1\" content=\"Kohen\" \/>\n\t<meta name=\"twitter:label2\" content=\"Est. reading time\" \/>\n\t<meta name=\"twitter:data2\" content=\"3 minutes\" \/>\n<script type=\"application\/ld+json\" class=\"yoast-schema-graph\">{\"@context\":\"https:\\\/\\\/schema.org\",\"@graph\":[{\"@type\":\"Article\",\"@id\":\"https:\\\/\\\/kohenavocats.com\\\/en\\\/cour-dappel-de-angers-le-26-mai-2025-n24-01870\\\/#article\",\"isPartOf\":{\"@id\":\"https:\\\/\\\/kohenavocats.com\\\/en\\\/cour-dappel-de-angers-le-26-mai-2025-n24-01870\\\/\"},\"author\":{\"name\":\"Kohen\",\"@id\":\"https:\\\/\\\/kohenavocats.com\\\/en\\\/#\\\/schema\\\/person\\\/761c9ba54fa1ca84d405cef0831ff751\"},\"headline\":\"Cour d&#8217;appel de Angers, le 26 mai 2025, n\u00b024\\\/01870\",\"datePublished\":\"2026-04-24T01:37:19+00:00\",\"dateModified\":\"2026-04-26T16:50:59+00:00\",\"mainEntityOfPage\":{\"@id\":\"https:\\\/\\\/kohenavocats.com\\\/en\\\/cour-dappel-de-angers-le-26-mai-2025-n24-01870\\\/\"},\"wordCount\":605,\"commentCount\":0,\"publisher\":{\"@id\":\"https:\\\/\\\/kohenavocats.com\\\/en\\\/#organization\"},\"image\":{\"@id\":\"https:\\\/\\\/kohenavocats.com\\\/en\\\/cour-dappel-de-angers-le-26-mai-2025-n24-01870\\\/#primaryimage\"},\"thumbnailUrl\":\"https:\\\/\\\/kohenavocats.com\\\/wp-content\\\/uploads\\\/2024\\\/11\\\/gabriella-clare-marino-K7jFghPMaFo-unsplash.webp\",\"articleSection\":[\"Droit des affaires\",\"Jurisprudence\"],\"inLanguage\":\"en-US\",\"potentialAction\":[{\"@type\":\"CommentAction\",\"name\":\"Comment\",\"target\":[\"https:\\\/\\\/kohenavocats.com\\\/en\\\/cour-dappel-de-angers-le-26-mai-2025-n24-01870\\\/#respond\"]}],\"citation\":\"Cour d&#8217;appel de Angers, le 26 mai 2025, n\u00b024\\\/01870\",\"about\":[{\"@type\":\"Thing\",\"name\":\"Droit des affaires\"},{\"@type\":\"Thing\",\"name\":\"Jurisprudence\"}],\"speakable\":{\"@type\":\"SpeakableSpecification\",\"cssSelector\":[\".article-content > p:first-of-type\"]}},{\"@type\":\"WebPage\",\"@id\":\"https:\\\/\\\/kohenavocats.com\\\/en\\\/cour-dappel-de-angers-le-26-mai-2025-n24-01870\\\/\",\"url\":\"https:\\\/\\\/kohenavocats.com\\\/en\\\/cour-dappel-de-angers-le-26-mai-2025-n24-01870\\\/\",\"name\":\"Cour d'appel de Angers, le 26 mai 2025, n\u00b024\\\/01870 - Ma\u00eetre Hassan Kohen, avocat en droit p\u00e9nal \u00e0 Paris\",\"isPartOf\":{\"@id\":\"https:\\\/\\\/kohenavocats.com\\\/en\\\/#website\"},\"primaryImageOfPage\":{\"@id\":\"https:\\\/\\\/kohenavocats.com\\\/en\\\/cour-dappel-de-angers-le-26-mai-2025-n24-01870\\\/#primaryimage\"},\"image\":{\"@id\":\"https:\\\/\\\/kohenavocats.com\\\/en\\\/cour-dappel-de-angers-le-26-mai-2025-n24-01870\\\/#primaryimage\"},\"thumbnailUrl\":\"https:\\\/\\\/kohenavocats.com\\\/wp-content\\\/uploads\\\/2024\\\/11\\\/gabriella-clare-marino-K7jFghPMaFo-unsplash.webp\",\"datePublished\":\"2026-04-24T01:37:19+00:00\",\"dateModified\":\"2026-04-26T16:50:59+00:00\",\"description\":\"La cour d'appel d'Angers, statuant le 26 mai 2025, examine un appel-nullit\u00e9 form\u00e9 contre une ordonnance du pr\u00e9sident du tribunal de commerce du Mans. Cette o...\",\"breadcrumb\":{\"@id\":\"https:\\\/\\\/kohenavocats.com\\\/en\\\/cour-dappel-de-angers-le-26-mai-2025-n24-01870\\\/#breadcrumb\"},\"inLanguage\":\"en-US\",\"potentialAction\":[{\"@type\":\"ReadAction\",\"target\":[\"https:\\\/\\\/kohenavocats.com\\\/en\\\/cour-dappel-de-angers-le-26-mai-2025-n24-01870\\\/\"]}]},{\"@type\":\"ImageObject\",\"inLanguage\":\"en-US\",\"@id\":\"https:\\\/\\\/kohenavocats.com\\\/en\\\/cour-dappel-de-angers-le-26-mai-2025-n24-01870\\\/#primaryimage\",\"url\":\"https:\\\/\\\/kohenavocats.com\\\/wp-content\\\/uploads\\\/2024\\\/11\\\/gabriella-clare-marino-K7jFghPMaFo-unsplash.webp\",\"contentUrl\":\"https:\\\/\\\/kohenavocats.com\\\/wp-content\\\/uploads\\\/2024\\\/11\\\/gabriella-clare-marino-K7jFghPMaFo-unsplash.webp\",\"width\":6000,\"height\":4000},{\"@type\":\"BreadcrumbList\",\"@id\":\"https:\\\/\\\/kohenavocats.com\\\/en\\\/cour-dappel-de-angers-le-26-mai-2025-n24-01870\\\/#breadcrumb\",\"itemListElement\":[{\"@type\":\"ListItem\",\"position\":1,\"name\":\"Home\",\"item\":\"https:\\\/\\\/kohenavocats.com\\\/en\\\/criminal-law-attorneys-in-paris-counsel-and-strategic-defense\\\/\"},{\"@type\":\"ListItem\",\"position\":2,\"name\":\"Cour d&rsquo;appel de Angers, le 26 mai 2025, n\u00b024\\\/01870\"}]},{\"@type\":\"WebSite\",\"@id\":\"https:\\\/\\\/kohenavocats.com\\\/en\\\/#website\",\"url\":\"https:\\\/\\\/kohenavocats.com\\\/en\\\/\",\"name\":\"Kohen Avocats\",\"description\":\"Ma\u00eetre Hassan Kohen, avocat p\u00e9naliste \u00e0 Paris, intervient exclusivement en droit p\u00e9nal pour la d\u00e9fense des particuliers, notamment en mati\u00e8re d\u2019accusations de viol. Il assure un accompagnement rigoureux d\u00e8s la garde \u00e0 vue jusqu\u2019\u00e0 la Cour d\u2019assises, veillant au strict respect des garanties proc\u00e9durales.\",\"publisher\":{\"@id\":\"https:\\\/\\\/kohenavocats.com\\\/en\\\/#organization\"},\"potentialAction\":[{\"@type\":\"SearchAction\",\"target\":{\"@type\":\"EntryPoint\",\"urlTemplate\":\"https:\\\/\\\/kohenavocats.com\\\/en\\\/?s={search_term_string}\"},\"query-input\":{\"@type\":\"PropertyValueSpecification\",\"valueRequired\":true,\"valueName\":\"search_term_string\"}}],\"inLanguage\":\"en-US\"},{\"@type\":\"Organization\",\"@id\":\"https:\\\/\\\/kohenavocats.com\\\/en\\\/#organization\",\"name\":\"Kohen Avocats\",\"url\":\"https:\\\/\\\/kohenavocats.com\\\/en\\\/\",\"logo\":{\"@type\":\"ImageObject\",\"inLanguage\":\"en-US\",\"@id\":\"https:\\\/\\\/kohenavocats.com\\\/en\\\/#\\\/schema\\\/logo\\\/image\\\/\",\"url\":\"https:\\\/\\\/kohenavocats.com\\\/wp-content\\\/uploads\\\/2026\\\/01\\\/Logo-2-1.webp\",\"contentUrl\":\"https:\\\/\\\/kohenavocats.com\\\/wp-content\\\/uploads\\\/2026\\\/01\\\/Logo-2-1.webp\",\"width\":2114,\"height\":1253,\"caption\":\"Kohen Avocats\"},\"image\":{\"@id\":\"https:\\\/\\\/kohenavocats.com\\\/en\\\/#\\\/schema\\\/logo\\\/image\\\/\"}},{\"@type\":\"Person\",\"@id\":\"https:\\\/\\\/kohenavocats.com\\\/en\\\/#\\\/schema\\\/person\\\/761c9ba54fa1ca84d405cef0831ff751\",\"name\":\"Kohen\",\"image\":{\"@type\":\"ImageObject\",\"inLanguage\":\"en-US\",\"@id\":\"https:\\\/\\\/secure.gravatar.com\\\/avatar\\\/1c5e76ef76bbbfdd2b4da984e2bf2fa4056fd51a27d25ce2c332047f1dfd6e00?s=96&d=identicon&r=g\",\"url\":\"https:\\\/\\\/secure.gravatar.com\\\/avatar\\\/1c5e76ef76bbbfdd2b4da984e2bf2fa4056fd51a27d25ce2c332047f1dfd6e00?s=96&d=identicon&r=g\",\"contentUrl\":\"https:\\\/\\\/secure.gravatar.com\\\/avatar\\\/1c5e76ef76bbbfdd2b4da984e2bf2fa4056fd51a27d25ce2c332047f1dfd6e00?s=96&d=identicon&r=g\",\"caption\":\"Kohen\"},\"sameAs\":[\"https:\\\/\\\/www.linkedin.com\\\/in\\\/hassan-kohen-448548192\\\/\",\"https:\\\/\\\/www.youtube.com\\\/@Kohen-Avocats\"],\"url\":\"https:\\\/\\\/kohenavocats.com\\\/en\\\/author\\\/kohenmlk\\\/\"}]}<\/script>\n<!-- \/ Yoast SEO Premium plugin. -->","yoast_head_json":{"title":"Cour d'appel de Angers, le 26 mai 2025, n\u00b024\/01870 - Ma\u00eetre Hassan Kohen, avocat en droit p\u00e9nal \u00e0 Paris","description":"La cour d'appel d'Angers, statuant le 26 mai 2025, examine un appel-nullit\u00e9 form\u00e9 contre une ordonnance du pr\u00e9sident du tribunal de commerce du Mans. Cette o...","robots":{"index":"index","follow":"follow","max-snippet":"max-snippet:-1","max-image-preview":"max-image-preview:large","max-video-preview":"max-video-preview:-1"},"canonical":"https:\/\/kohenavocats.com\/en\/cour-dappel-de-angers-le-26-mai-2025-n24-01870\/","og_locale":"en_US","og_type":"article","og_title":"Cour d'appel de Angers, le 26 mai 2025, n\u00b024\/01870","og_description":"La cour d'appel d'Angers, statuant le 26 mai 2025, examine un appel-nullit\u00e9 form\u00e9 contre une ordonnance du pr\u00e9sident du tribunal de commerce du Mans. Cette o...","og_url":"https:\/\/kohenavocats.com\/en\/cour-dappel-de-angers-le-26-mai-2025-n24-01870\/","og_site_name":"Ma\u00eetre Hassan Kohen, avocat en droit p\u00e9nal \u00e0 Paris","article_published_time":"2026-04-24T01:37:19+00:00","article_modified_time":"2026-04-26T16:50:59+00:00","og_image":[{"width":6000,"height":4000,"url":"https:\/\/kohenavocats.com\/wp-content\/uploads\/2024\/11\/gabriella-clare-marino-K7jFghPMaFo-unsplash.webp","type":"image\/webp"}],"author":"Kohen","twitter_card":"summary_large_image","twitter_misc":{"Written by":"Kohen","Est. reading time":"3 minutes"},"schema":{"@context":"https:\/\/schema.org","@graph":[{"@type":"Article","@id":"https:\/\/kohenavocats.com\/en\/cour-dappel-de-angers-le-26-mai-2025-n24-01870\/#article","isPartOf":{"@id":"https:\/\/kohenavocats.com\/en\/cour-dappel-de-angers-le-26-mai-2025-n24-01870\/"},"author":{"name":"Kohen","@id":"https:\/\/kohenavocats.com\/en\/#\/schema\/person\/761c9ba54fa1ca84d405cef0831ff751"},"headline":"Cour d&#8217;appel de Angers, le 26 mai 2025, n\u00b024\/01870","datePublished":"2026-04-24T01:37:19+00:00","dateModified":"2026-04-26T16:50:59+00:00","mainEntityOfPage":{"@id":"https:\/\/kohenavocats.com\/en\/cour-dappel-de-angers-le-26-mai-2025-n24-01870\/"},"wordCount":605,"commentCount":0,"publisher":{"@id":"https:\/\/kohenavocats.com\/en\/#organization"},"image":{"@id":"https:\/\/kohenavocats.com\/en\/cour-dappel-de-angers-le-26-mai-2025-n24-01870\/#primaryimage"},"thumbnailUrl":"https:\/\/kohenavocats.com\/wp-content\/uploads\/2024\/11\/gabriella-clare-marino-K7jFghPMaFo-unsplash.webp","articleSection":["Droit des affaires","Jurisprudence"],"inLanguage":"en-US","potentialAction":[{"@type":"CommentAction","name":"Comment","target":["https:\/\/kohenavocats.com\/en\/cour-dappel-de-angers-le-26-mai-2025-n24-01870\/#respond"]}],"citation":"Cour d&#8217;appel de Angers, le 26 mai 2025, n\u00b024\/01870","about":[{"@type":"Thing","name":"Droit des affaires"},{"@type":"Thing","name":"Jurisprudence"}],"speakable":{"@type":"SpeakableSpecification","cssSelector":[".article-content > p:first-of-type"]}},{"@type":"WebPage","@id":"https:\/\/kohenavocats.com\/en\/cour-dappel-de-angers-le-26-mai-2025-n24-01870\/","url":"https:\/\/kohenavocats.com\/en\/cour-dappel-de-angers-le-26-mai-2025-n24-01870\/","name":"Cour d'appel de Angers, le 26 mai 2025, n\u00b024\/01870 - Ma\u00eetre Hassan Kohen, avocat en droit p\u00e9nal \u00e0 Paris","isPartOf":{"@id":"https:\/\/kohenavocats.com\/en\/#website"},"primaryImageOfPage":{"@id":"https:\/\/kohenavocats.com\/en\/cour-dappel-de-angers-le-26-mai-2025-n24-01870\/#primaryimage"},"image":{"@id":"https:\/\/kohenavocats.com\/en\/cour-dappel-de-angers-le-26-mai-2025-n24-01870\/#primaryimage"},"thumbnailUrl":"https:\/\/kohenavocats.com\/wp-content\/uploads\/2024\/11\/gabriella-clare-marino-K7jFghPMaFo-unsplash.webp","datePublished":"2026-04-24T01:37:19+00:00","dateModified":"2026-04-26T16:50:59+00:00","description":"La cour d'appel d'Angers, statuant le 26 mai 2025, examine un appel-nullit\u00e9 form\u00e9 contre une ordonnance du pr\u00e9sident du tribunal de commerce du Mans. Cette o...","breadcrumb":{"@id":"https:\/\/kohenavocats.com\/en\/cour-dappel-de-angers-le-26-mai-2025-n24-01870\/#breadcrumb"},"inLanguage":"en-US","potentialAction":[{"@type":"ReadAction","target":["https:\/\/kohenavocats.com\/en\/cour-dappel-de-angers-le-26-mai-2025-n24-01870\/"]}]},{"@type":"ImageObject","inLanguage":"en-US","@id":"https:\/\/kohenavocats.com\/en\/cour-dappel-de-angers-le-26-mai-2025-n24-01870\/#primaryimage","url":"https:\/\/kohenavocats.com\/wp-content\/uploads\/2024\/11\/gabriella-clare-marino-K7jFghPMaFo-unsplash.webp","contentUrl":"https:\/\/kohenavocats.com\/wp-content\/uploads\/2024\/11\/gabriella-clare-marino-K7jFghPMaFo-unsplash.webp","width":6000,"height":4000},{"@type":"BreadcrumbList","@id":"https:\/\/kohenavocats.com\/en\/cour-dappel-de-angers-le-26-mai-2025-n24-01870\/#breadcrumb","itemListElement":[{"@type":"ListItem","position":1,"name":"Home","item":"https:\/\/kohenavocats.com\/en\/criminal-law-attorneys-in-paris-counsel-and-strategic-defense\/"},{"@type":"ListItem","position":2,"name":"Cour d&rsquo;appel de Angers, le 26 mai 2025, n\u00b024\/01870"}]},{"@type":"WebSite","@id":"https:\/\/kohenavocats.com\/en\/#website","url":"https:\/\/kohenavocats.com\/en\/","name":"Kohen Avocats","description":"Ma\u00eetre Hassan Kohen, avocat p\u00e9naliste \u00e0 Paris, intervient exclusivement en droit p\u00e9nal pour la d\u00e9fense des particuliers, notamment en mati\u00e8re d\u2019accusations de viol. Il assure un accompagnement rigoureux d\u00e8s la garde \u00e0 vue jusqu\u2019\u00e0 la Cour d\u2019assises, veillant au strict respect des garanties proc\u00e9durales.","publisher":{"@id":"https:\/\/kohenavocats.com\/en\/#organization"},"potentialAction":[{"@type":"SearchAction","target":{"@type":"EntryPoint","urlTemplate":"https:\/\/kohenavocats.com\/en\/?s={search_term_string}"},"query-input":{"@type":"PropertyValueSpecification","valueRequired":true,"valueName":"search_term_string"}}],"inLanguage":"en-US"},{"@type":"Organization","@id":"https:\/\/kohenavocats.com\/en\/#organization","name":"Kohen Avocats","url":"https:\/\/kohenavocats.com\/en\/","logo":{"@type":"ImageObject","inLanguage":"en-US","@id":"https:\/\/kohenavocats.com\/en\/#\/schema\/logo\/image\/","url":"https:\/\/kohenavocats.com\/wp-content\/uploads\/2026\/01\/Logo-2-1.webp","contentUrl":"https:\/\/kohenavocats.com\/wp-content\/uploads\/2026\/01\/Logo-2-1.webp","width":2114,"height":1253,"caption":"Kohen Avocats"},"image":{"@id":"https:\/\/kohenavocats.com\/en\/#\/schema\/logo\/image\/"}},{"@type":"Person","@id":"https:\/\/kohenavocats.com\/en\/#\/schema\/person\/761c9ba54fa1ca84d405cef0831ff751","name":"Kohen","image":{"@type":"ImageObject","inLanguage":"en-US","@id":"https:\/\/secure.gravatar.com\/avatar\/1c5e76ef76bbbfdd2b4da984e2bf2fa4056fd51a27d25ce2c332047f1dfd6e00?s=96&d=identicon&r=g","url":"https:\/\/secure.gravatar.com\/avatar\/1c5e76ef76bbbfdd2b4da984e2bf2fa4056fd51a27d25ce2c332047f1dfd6e00?s=96&d=identicon&r=g","contentUrl":"https:\/\/secure.gravatar.com\/avatar\/1c5e76ef76bbbfdd2b4da984e2bf2fa4056fd51a27d25ce2c332047f1dfd6e00?s=96&d=identicon&r=g","caption":"Kohen"},"sameAs":["https:\/\/www.linkedin.com\/in\/hassan-kohen-448548192\/","https:\/\/www.youtube.com\/@Kohen-Avocats"],"url":"https:\/\/kohenavocats.com\/en\/author\/kohenmlk\/"}]}},"jetpack_featured_media_url":"https:\/\/kohenavocats.com\/wp-content\/uploads\/2024\/11\/gabriella-clare-marino-K7jFghPMaFo-unsplash.webp","jetpack_likes_enabled":false,"jetpack_shortlink":"https:\/\/wp.me\/peCrII-2NGp","jetpack-related-posts":[{"id":483591,"url":"https:\/\/kohenavocats.com\/en\/tribunal-judiciaire-de-angers-le-24-novembre-2025-n24-02880\/","url_meta":{"origin":667641,"position":0},"title":"Tribunal judiciaire de Angers, le 24 novembre 2025, n\u00b024\/02880","author":"Kohen","date":"8 April 2026","format":false,"excerpt":"Le juge de la mise en \u00e9tat du tribunal judiciaire d'Angers, statuant par ordonnance du vingt-quatre novembre deux mille vingt-cinq, a \u00e9t\u00e9 saisi d'une demande...","rel":"","context":"In &quot;Jurisprudence&quot;","block_context":{"text":"Jurisprudence","link":"https:\/\/kohenavocats.com\/category\/jurisprudence\/"},"img":{"alt_text":"","src":"https:\/\/i0.wp.com\/kohenavocats.com\/wp-content\/uploads\/2024\/08\/eddie-junior-foXddRnxfc-unsplash-1.webp?resize=350%2C200&ssl=1","width":350,"height":200,"srcset":"https:\/\/i0.wp.com\/kohenavocats.com\/wp-content\/uploads\/2024\/08\/eddie-junior-foXddRnxfc-unsplash-1.webp?resize=350%2C200&ssl=1 1x, https:\/\/i0.wp.com\/kohenavocats.com\/wp-content\/uploads\/2024\/08\/eddie-junior-foXddRnxfc-unsplash-1.webp?resize=525%2C300&ssl=1 1.5x, https:\/\/i0.wp.com\/kohenavocats.com\/wp-content\/uploads\/2024\/08\/eddie-junior-foXddRnxfc-unsplash-1.webp?resize=700%2C400&ssl=1 2x, https:\/\/i0.wp.com\/kohenavocats.com\/wp-content\/uploads\/2024\/08\/eddie-junior-foXddRnxfc-unsplash-1.webp?resize=1050%2C600&ssl=1 3x, https:\/\/i0.wp.com\/kohenavocats.com\/wp-content\/uploads\/2024\/08\/eddie-junior-foXddRnxfc-unsplash-1.webp?resize=1400%2C800&ssl=1 4x"},"classes":[]},{"id":473816,"url":"https:\/\/kohenavocats.com\/en\/tribunal-judiciaire-dangers-le-9-mai-2025-n25-00506\/","url_meta":{"origin":667641,"position":1},"title":"Tribunal judiciaire d&#8217;Angers, le 9 mai 2025, n\u00b025\/00506","author":"Kohen","date":"7 April 2026","format":false,"excerpt":"Le tribunal judiciaire d'Angers, statuant en r\u00e9f\u00e9r\u00e9 le 9 mai 2025, se prononce sur une demande d'extension d'une expertise judiciaire. Des d\u00e9sordres nouveaux...","rel":"","context":"In &quot;Jurisprudence&quot;","block_context":{"text":"Jurisprudence","link":"https:\/\/kohenavocats.com\/category\/jurisprudence\/"},"img":{"alt_text":"","src":"https:\/\/i0.wp.com\/kohenavocats.com\/wp-content\/uploads\/2024\/08\/rebe-adelaida-fEMM4-A0SP0-unsplash.webp?resize=350%2C200&ssl=1","width":350,"height":200,"srcset":"https:\/\/i0.wp.com\/kohenavocats.com\/wp-content\/uploads\/2024\/08\/rebe-adelaida-fEMM4-A0SP0-unsplash.webp?resize=350%2C200&ssl=1 1x, https:\/\/i0.wp.com\/kohenavocats.com\/wp-content\/uploads\/2024\/08\/rebe-adelaida-fEMM4-A0SP0-unsplash.webp?resize=525%2C300&ssl=1 1.5x, https:\/\/i0.wp.com\/kohenavocats.com\/wp-content\/uploads\/2024\/08\/rebe-adelaida-fEMM4-A0SP0-unsplash.webp?resize=700%2C400&ssl=1 2x, https:\/\/i0.wp.com\/kohenavocats.com\/wp-content\/uploads\/2024\/08\/rebe-adelaida-fEMM4-A0SP0-unsplash.webp?resize=1050%2C600&ssl=1 3x, https:\/\/i0.wp.com\/kohenavocats.com\/wp-content\/uploads\/2024\/08\/rebe-adelaida-fEMM4-A0SP0-unsplash.webp?resize=1400%2C800&ssl=1 4x"},"classes":[]},{"id":604642,"url":"https:\/\/kohenavocats.com\/en\/cour-dappel-de-angers-le-19-decembre-2024-n24-01916\/","url_meta":{"origin":667641,"position":2},"title":"Cour d&#8217;appel de Angers, le 19 d\u00e9cembre 2024, n\u00b024\/01916","author":"Kohen","date":"19 April 2026","format":false,"excerpt":"La cour d'appel d'Angers, statuant le 19 d\u00e9cembre 2024, se prononce sur un pourvoi relatif \u00e0 une ordonnance de r\u00e9f\u00e9r\u00e9. Les propri\u00e9taires d'un bien rural avai...","rel":"","context":"In &quot;Jurisprudence&quot;","block_context":{"text":"Jurisprudence","link":"https:\/\/kohenavocats.com\/category\/jurisprudence\/"},"img":{"alt_text":"","src":"https:\/\/i0.wp.com\/kohenavocats.com\/wp-content\/uploads\/2024\/08\/luis-cortes-NkmP4u5P1PM-unsplash.webp?resize=350%2C200&ssl=1","width":350,"height":200,"srcset":"https:\/\/i0.wp.com\/kohenavocats.com\/wp-content\/uploads\/2024\/08\/luis-cortes-NkmP4u5P1PM-unsplash.webp?resize=350%2C200&ssl=1 1x, https:\/\/i0.wp.com\/kohenavocats.com\/wp-content\/uploads\/2024\/08\/luis-cortes-NkmP4u5P1PM-unsplash.webp?resize=525%2C300&ssl=1 1.5x, https:\/\/i0.wp.com\/kohenavocats.com\/wp-content\/uploads\/2024\/08\/luis-cortes-NkmP4u5P1PM-unsplash.webp?resize=700%2C400&ssl=1 2x, https:\/\/i0.wp.com\/kohenavocats.com\/wp-content\/uploads\/2024\/08\/luis-cortes-NkmP4u5P1PM-unsplash.webp?resize=1050%2C600&ssl=1 3x, https:\/\/i0.wp.com\/kohenavocats.com\/wp-content\/uploads\/2024\/08\/luis-cortes-NkmP4u5P1PM-unsplash.webp?resize=1400%2C800&ssl=1 4x"},"classes":[]},{"id":231236,"url":"https:\/\/kohenavocats.com\/en\/tribunal-judiciaire-de-angers-le-16-juin-2025-n24-02613\/","url_meta":{"origin":667641,"position":3},"title":"Tribunal judiciaire de Angers, le 16 juin 2025, n\u00b024\/02613","author":"Kohen","date":"27 December 2025","format":false,"excerpt":"L'action en contestation de paternit\u00e9 constitue l'un des m\u00e9canismes essentiels du droit de la filiation permettant de r\u00e9tablir la v\u00e9rit\u00e9 biologique. Le tribunal judiciaire d'Angers, par un jugement avant dire droit du 16 juin 2025, offre une illustration topique de cette proc\u00e9dure.En l'esp\u00e8ce, une enfant est n\u00e9e le 2016 et\u2026","rel":"","context":"In &quot;D\u00e9cisions juridiques&quot;","block_context":{"text":"D\u00e9cisions juridiques","link":"https:\/\/kohenavocats.com\/category\/decisions-juridiques\/"},"img":{"alt_text":"","src":"https:\/\/i0.wp.com\/kohenavocats.com\/wp-content\/uploads\/2024\/08\/doctor-tinieblas-0HVonrT2MBM-unsplash.webp?resize=350%2C200&ssl=1","width":350,"height":200,"srcset":"https:\/\/i0.wp.com\/kohenavocats.com\/wp-content\/uploads\/2024\/08\/doctor-tinieblas-0HVonrT2MBM-unsplash.webp?resize=350%2C200&ssl=1 1x, https:\/\/i0.wp.com\/kohenavocats.com\/wp-content\/uploads\/2024\/08\/doctor-tinieblas-0HVonrT2MBM-unsplash.webp?resize=525%2C300&ssl=1 1.5x, https:\/\/i0.wp.com\/kohenavocats.com\/wp-content\/uploads\/2024\/08\/doctor-tinieblas-0HVonrT2MBM-unsplash.webp?resize=700%2C400&ssl=1 2x, https:\/\/i0.wp.com\/kohenavocats.com\/wp-content\/uploads\/2024\/08\/doctor-tinieblas-0HVonrT2MBM-unsplash.webp?resize=1050%2C600&ssl=1 3x, https:\/\/i0.wp.com\/kohenavocats.com\/wp-content\/uploads\/2024\/08\/doctor-tinieblas-0HVonrT2MBM-unsplash.webp?resize=1400%2C800&ssl=1 4x"},"classes":[]},{"id":634769,"url":"https:\/\/kohenavocats.com\/en\/tribunal-judiciaire-de-angers-le-30-octobre-2025-n25-00093\/","url_meta":{"origin":667641,"position":4},"title":"Tribunal judiciaire de Angers, le 30 octobre 2025, n\u00b025\/00093","author":"Kohen","date":"21 April 2026","format":false,"excerpt":"Le tribunal judiciaire d'Angers, statuant le 30 octobre 2025, est saisi d'un litige relatif \u00e0 des d\u00e9sordres affectant un escalier suite \u00e0 des travaux. Les pr...","rel":"","context":"In &quot;Jurisprudence&quot;","block_context":{"text":"Jurisprudence","link":"https:\/\/kohenavocats.com\/category\/jurisprudence\/"},"img":{"alt_text":"","src":"https:\/\/i0.wp.com\/kohenavocats.com\/wp-content\/uploads\/2024\/11\/getty-images-xD4-IJN1DF8-unsplash.webp?resize=350%2C200&ssl=1","width":350,"height":200,"srcset":"https:\/\/i0.wp.com\/kohenavocats.com\/wp-content\/uploads\/2024\/11\/getty-images-xD4-IJN1DF8-unsplash.webp?resize=350%2C200&ssl=1 1x, https:\/\/i0.wp.com\/kohenavocats.com\/wp-content\/uploads\/2024\/11\/getty-images-xD4-IJN1DF8-unsplash.webp?resize=525%2C300&ssl=1 1.5x, https:\/\/i0.wp.com\/kohenavocats.com\/wp-content\/uploads\/2024\/11\/getty-images-xD4-IJN1DF8-unsplash.webp?resize=700%2C400&ssl=1 2x, https:\/\/i0.wp.com\/kohenavocats.com\/wp-content\/uploads\/2024\/11\/getty-images-xD4-IJN1DF8-unsplash.webp?resize=1050%2C600&ssl=1 3x, https:\/\/i0.wp.com\/kohenavocats.com\/wp-content\/uploads\/2024\/11\/getty-images-xD4-IJN1DF8-unsplash.webp?resize=1400%2C800&ssl=1 4x"},"classes":[]},{"id":295696,"url":"https:\/\/kohenavocats.com\/en\/tribunal-judiciaire-de-angers-le-3-juillet-2025-n25-00235\/","url_meta":{"origin":667641,"position":5},"title":"Tribunal judiciaire de Angers, le 3 juillet 2025, n\u00b025\/00235","author":"Kohen","date":"30 January 2026","format":false,"excerpt":"Pr\u00e9sident du tribunal judiciaire d\u2019Angers, ordonnance de r\u00e9f\u00e9r\u00e9 du 3 juillet 2025, n\u00b0 RG 25\/235, n\u00b0 Portalis DBY2-W-B7J-H3ZO. Le litige na\u00eet d\u2019infiltrations et d\u2019une d\u00e9gradation de cage d\u2019escalier, dans un immeuble r\u00e9habilit\u00e9 et vendu par lots apr\u00e8s un diagnostic technique global. Une expertise judiciaire avait \u00e9t\u00e9 ordonn\u00e9e le 12 septembre\u2026","rel":"","context":"In &quot;D\u00e9cisions juridiques&quot;","block_context":{"text":"D\u00e9cisions juridiques","link":"https:\/\/kohenavocats.com\/category\/decisions-juridiques\/"},"img":{"alt_text":"","src":"https:\/\/i0.wp.com\/kohenavocats.com\/wp-content\/uploads\/2024\/08\/pierre-axel-cotteret-ZxtssYV12S4-unsplash.webp?resize=350%2C200&ssl=1","width":350,"height":200,"srcset":"https:\/\/i0.wp.com\/kohenavocats.com\/wp-content\/uploads\/2024\/08\/pierre-axel-cotteret-ZxtssYV12S4-unsplash.webp?resize=350%2C200&ssl=1 1x, https:\/\/i0.wp.com\/kohenavocats.com\/wp-content\/uploads\/2024\/08\/pierre-axel-cotteret-ZxtssYV12S4-unsplash.webp?resize=525%2C300&ssl=1 1.5x, https:\/\/i0.wp.com\/kohenavocats.com\/wp-content\/uploads\/2024\/08\/pierre-axel-cotteret-ZxtssYV12S4-unsplash.webp?resize=700%2C400&ssl=1 2x, https:\/\/i0.wp.com\/kohenavocats.com\/wp-content\/uploads\/2024\/08\/pierre-axel-cotteret-ZxtssYV12S4-unsplash.webp?resize=1050%2C600&ssl=1 3x, https:\/\/i0.wp.com\/kohenavocats.com\/wp-content\/uploads\/2024\/08\/pierre-axel-cotteret-ZxtssYV12S4-unsplash.webp?resize=1400%2C800&ssl=1 4x"},"classes":[]}],"jetpack_sharing_enabled":true,"_links":{"self":[{"href":"https:\/\/kohenavocats.com\/en\/wp-json\/wp\/v2\/posts\/667641","targetHints":{"allow":["GET"]}}],"collection":[{"href":"https:\/\/kohenavocats.com\/en\/wp-json\/wp\/v2\/posts"}],"about":[{"href":"https:\/\/kohenavocats.com\/en\/wp-json\/wp\/v2\/types\/post"}],"author":[{"embeddable":true,"href":"https:\/\/kohenavocats.com\/en\/wp-json\/wp\/v2\/users\/232070755"}],"replies":[{"embeddable":true,"href":"https:\/\/kohenavocats.com\/en\/wp-json\/wp\/v2\/comments?post=667641"}],"version-history":[{"count":1,"href":"https:\/\/kohenavocats.com\/en\/wp-json\/wp\/v2\/posts\/667641\/revisions"}],"predecessor-version":[{"id":696048,"href":"https:\/\/kohenavocats.com\/en\/wp-json\/wp\/v2\/posts\/667641\/revisions\/696048"}],"wp:featuredmedia":[{"embeddable":true,"href":"https:\/\/kohenavocats.com\/en\/wp-json\/wp\/v2\/media\/9683"}],"wp:attachment":[{"href":"https:\/\/kohenavocats.com\/en\/wp-json\/wp\/v2\/media?parent=667641"}],"wp:term":[{"taxonomy":"category","embeddable":true,"href":"https:\/\/kohenavocats.com\/en\/wp-json\/wp\/v2\/categories?post=667641"},{"taxonomy":"post_tag","embeddable":true,"href":"https:\/\/kohenavocats.com\/en\/wp-json\/wp\/v2\/tags?post=667641"}],"curies":[{"name":"wp","href":"https:\/\/api.w.org\/{rel}","templated":true}]}}