{"id":668511,"date":"2026-04-24T04:54:53","date_gmt":"2026-04-24T02:54:53","guid":{"rendered":"https:\/\/kohenavocats.com\/tribunal-judiciaire-de-arras-le-24-octobre-2024-n24-00336\/"},"modified":"2026-04-26T18:08:29","modified_gmt":"2026-04-26T16:08:29","slug":"tribunal-judiciaire-de-arras-le-24-octobre-2024-n24-00336","status":"publish","type":"post","link":"https:\/\/kohenavocats.com\/en\/tribunal-judiciaire-de-arras-le-24-octobre-2024-n24-00336\/","title":{"rendered":"Tribunal judiciaire de Arras, le 24 octobre 2024, n\u00b024\/00336"},"content":{"rendered":"<div class=\"article-content\">\n<p>Le tribunal judiciaire, par jugement du 24 octobre 2024, a \u00e9t\u00e9 saisi d&#8217;un litige cons\u00e9cutif \u00e0 la vente d&#8217;un v\u00e9hicule d&#8217;occasion. L&#8217;acqu\u00e9reur a engag\u00e9 une action en garantie des <a href=\"https:\/\/kohenavocats.fr\/avocat-vices-caches-immobilier-paris\/\" target=\"_blank\" title=\"vices cach\u00e9s\">vices cach\u00e9s<\/a> contre la venderesse, laquelle a appel\u00e9 en garantie le garagiste ayant entretenu le v\u00e9hicule. La juridiction a reconnu l&#8217;existence des vices cach\u00e9s et condamn\u00e9 la venderesse \u00e0 indemniser l&#8217;acqu\u00e9reur, avec une garantie du garagiste. Cette d\u00e9cision illustre l&#8217;articulation probatoire entre l&#8217;expertise judiciaire et les conditions de la garantie l\u00e9gale.<\/p>\n<p>La d\u00e9monstration probatoire du vice cach\u00e9 par l&#8217;expertise judiciaire<\/p>\n<p>L&#8217;administration de la preuve des vices cach\u00e9s repose sur la charge de l&#8217;acqu\u00e9reur. La d\u00e9cision rappelle que plusieurs conditions cumulatives doivent \u00eatre \u00e9tablies pour fonder cette action. &#8220;le vice doit \u00eatre ant\u00e9rieur \u00e0 la vente, la charge de la preuve incombant \u00e0 l\u2019acheteur&#8221; (Motifs de la d\u00e9cision). Le vice doit \u00e9galement \u00eatre cach\u00e9, c&#8217;est-\u00e0-dire non apparent, et rendre la chose impropre \u00e0 son usage ou en diminuer fortement l&#8217;utilit\u00e9. En l&#8217;esp\u00e8ce, la preuve d\u00e9cisive a \u00e9t\u00e9 apport\u00e9e par le rapport d&#8217;expertise judiciaire. L&#8217;expert a conclu que &#8220;les d\u00e9sordres internes au moteur et dysfonctionnement moteur constat\u00e9s sur le v\u00e9hicule se trouvaient existants \u00e0 la vente intervenue&#8221; (Motifs de la d\u00e9cision). Cette constatation technique a permis au juge de souverainement caract\u00e9riser le vice ant\u00e9rieur et cach\u00e9.<\/p>\n<p>La valeur de cette d\u00e9cision r\u00e9side dans le r\u00f4le central de l&#8217;expertise judiciaire pour \u00e9tablir le lien de causalit\u00e9. L&#8217;expert a non seulement dat\u00e9 l&#8217;origine des d\u00e9sordres mais a aussi \u00e9cart\u00e9 d&#8217;autres causes potentielles. Il a pr\u00e9cis\u00e9 que &#8220;les d\u00e9sordres d\u00e9crits ci-dessus excluent toute faute du conducteur ; il n\u2019y a pas de faute d\u2019utilisation, ni d\u2019entretien&#8221; (Motifs de la d\u00e9cision). Ainsi, l&#8217;expertise a combl\u00e9 le d\u00e9ficit de connaissance technique de l&#8217;acqu\u00e9reur profane. Elle a fourni au juge les \u00e9l\u00e9ments objectifs n\u00e9cessaires pour trancher sur l&#8217;existence du vice, d\u00e9montrant que la chose \u00e9tait &#8220;impropre \u00e0 sa destination&#8221;. Cette approche consolide la s\u00e9curit\u00e9 juridique des acqu\u00e9reurs en mati\u00e8re de preuve des vices cach\u00e9s.<\/p>\n<p>L&#8217;articulation des responsabilit\u00e9s contractuelle et d\u00e9lictuelle entre les cod\u00e9fendeurs<\/p>\n<p>La d\u00e9cision op\u00e8re une distinction nette entre la responsabilit\u00e9 de la venderesse et celle du garagiste. La venderesse, en sa qualit\u00e9 de partie au contrat de vente, est tenue de la garantie l\u00e9gale en raison des vices cach\u00e9s. &#8220;En cons\u00e9quence, il y a lieu de consid\u00e9rer que l&#8217;acqu\u00e9reur est fond\u00e9 \u00e0 solliciter des dommages et int\u00e9r\u00eats aupr\u00e8s de la venderesse compte tenu des troubles de jouissance et des pr\u00e9judices subis&#8221; (Motifs de la d\u00e9cision). L&#8217;indemnisation couvre \u00e0 la fois le pr\u00e9judice mat\u00e9riel, correspondant au co\u00fbt des r\u00e9parations n\u00e9cessaires, et un pr\u00e9judice moral pour les tracas subis. La juridiction a liquid\u00e9 ce dernier \u00e0 hauteur de cinq cents euros, reconnaissant ainsi les contrari\u00e9t\u00e9s li\u00e9es \u00e0 la gestion des pannes.<\/p>\n<p>Parall\u00e8lement, la responsabilit\u00e9 du garagiste est engag\u00e9e sur le fondement d\u00e9lictuel de l&#8217;article 1240 du code civil. Le juge a retenu que les fautes professionnelles du r\u00e9parateur avaient aggrav\u00e9 la situation. L&#8217;expert judiciaire a \u00e9tabli que &#8220;le garage JD AUTOMOBILE a commis des fautes professionnelles et a \u00e9t\u00e9 dans l\u2019incapacit\u00e9 technique de poser les bons diagnostics&#8221; (Motifs de la d\u00e9cision). Le garagiste est donc d\u00e9clar\u00e9 responsable de l&#8217;aggravation du dommage, notamment la destruction du catalyseur. La solution impose in fine au garagiste de garantir la venderesse des condamnations prononc\u00e9es contre elle. Cette articulation est remarquable car elle permet une r\u00e9paration int\u00e9grale pour l&#8217;acqu\u00e9reur tout en reportant la charge financi\u00e8re sur le v\u00e9ritable responsable technique. Elle illustre le jeu des actions r\u00e9cursoires et la recherche de la personne qui a effectivement caus\u00e9 le dommage.<\/p>\n<\/div>\n","protected":false},"excerpt":{"rendered":"<p>Le tribunal judiciaire, par jugement du 24 octobre 2024, a \u00e9t\u00e9 saisi d&#8217;un litige cons\u00e9cutif \u00e0 la vente d&#8217;un v\u00e9hicule d&#8217;occasion. L&#8217;acqu\u00e9reur a engag\u00e9 une act&#8230;<\/p>\n","protected":false},"author":232070755,"featured_media":3174,"comment_status":"open","ping_status":"open","sticky":false,"template":"","format":"standard","meta":{"_crdt_document":"","_jetpack_newsletter_access":"","_jetpack_dont_email_post_to_subs":false,"_jetpack_newsletter_tier_id":0,"_jetpack_memberships_contains_paywalled_content":false,"_kj_source_type":"","_kj_official_id":"","_kj_official_url":"","_kj_judilibre_id":"","_kj_jur":"","_kj_lieu":"","_kj_chambre":"","_kj_rg":"","_kj_date":"","_jetpack_memberships_contains_paid_content":false,"footnotes":"","jetpack_post_was_ever_published":false},"categories":[7096,35583,7597],"tags":[],"class_list":["post-668511","post","type-post","status-publish","format-standard","has-post-thumbnail","hentry","category-code-des-assurances","category-immobilier","category-jurisprudence"],"yoast_head":"<!-- This site is optimized with the Yoast SEO Premium plugin v27.5 (Yoast SEO v27.5) - https:\/\/yoast.com\/product\/yoast-seo-premium-wordpress\/ -->\n<title>Tribunal judiciaire de Arras, le 24 octobre 2024, n\u00b024\/00336 - Ma\u00eetre Hassan Kohen, avocat en droit p\u00e9nal \u00e0 Paris<\/title>\n<meta name=\"description\" content=\"Le tribunal judiciaire, par jugement du 24 octobre 2024, a \u00e9t\u00e9 saisi d&#039;un litige cons\u00e9cutif \u00e0 la vente d&#039;un v\u00e9hicule d&#039;occasion. L&#039;acqu\u00e9reur a engag\u00e9 une act...\" \/>\n<meta name=\"robots\" content=\"index, follow, max-snippet:-1, max-image-preview:large, max-video-preview:-1\" \/>\n<link rel=\"canonical\" href=\"https:\/\/kohenavocats.com\/en\/tribunal-judiciaire-de-arras-le-24-octobre-2024-n24-00336\/\" \/>\n<meta property=\"og:locale\" content=\"en_US\" \/>\n<meta property=\"og:type\" content=\"article\" \/>\n<meta property=\"og:title\" content=\"Tribunal judiciaire de Arras, le 24 octobre 2024, n\u00b024\/00336\" \/>\n<meta property=\"og:description\" content=\"Le tribunal judiciaire, par jugement du 24 octobre 2024, a \u00e9t\u00e9 saisi d&#039;un litige cons\u00e9cutif \u00e0 la vente d&#039;un v\u00e9hicule d&#039;occasion. L&#039;acqu\u00e9reur a engag\u00e9 une act...\" \/>\n<meta property=\"og:url\" content=\"https:\/\/kohenavocats.com\/en\/tribunal-judiciaire-de-arras-le-24-octobre-2024-n24-00336\/\" \/>\n<meta property=\"og:site_name\" content=\"Ma\u00eetre Hassan Kohen, avocat en droit p\u00e9nal \u00e0 Paris\" \/>\n<meta property=\"article:published_time\" content=\"2026-04-24T02:54:53+00:00\" \/>\n<meta property=\"article:modified_time\" content=\"2026-04-26T16:08:29+00:00\" \/>\n<meta property=\"og:image\" content=\"https:\/\/kohenavocats.com\/wp-content\/uploads\/2024\/06\/the-free-birds-9nGaQJjAAng-unsplash.webp\" \/>\n\t<meta property=\"og:image:width\" content=\"5468\" \/>\n\t<meta property=\"og:image:height\" content=\"3645\" \/>\n\t<meta property=\"og:image:type\" content=\"image\/webp\" \/>\n<meta name=\"author\" content=\"Kohen\" \/>\n<meta name=\"twitter:card\" content=\"summary_large_image\" \/>\n<meta name=\"twitter:label1\" content=\"Written by\" \/>\n\t<meta name=\"twitter:data1\" content=\"Kohen\" \/>\n\t<meta name=\"twitter:label2\" content=\"Est. reading time\" \/>\n\t<meta name=\"twitter:data2\" content=\"3 minutes\" \/>\n<script type=\"application\/ld+json\" class=\"yoast-schema-graph\">{\"@context\":\"https:\\\/\\\/schema.org\",\"@graph\":[{\"@type\":\"Article\",\"@id\":\"https:\\\/\\\/kohenavocats.com\\\/en\\\/tribunal-judiciaire-de-arras-le-24-octobre-2024-n24-00336\\\/#article\",\"isPartOf\":{\"@id\":\"https:\\\/\\\/kohenavocats.com\\\/en\\\/tribunal-judiciaire-de-arras-le-24-octobre-2024-n24-00336\\\/\"},\"author\":{\"name\":\"Kohen\",\"@id\":\"https:\\\/\\\/kohenavocats.com\\\/en\\\/#\\\/schema\\\/person\\\/761c9ba54fa1ca84d405cef0831ff751\"},\"headline\":\"Tribunal judiciaire de Arras, le 24 octobre 2024, n\u00b024\\\/00336\",\"datePublished\":\"2026-04-24T02:54:53+00:00\",\"dateModified\":\"2026-04-26T16:08:29+00:00\",\"mainEntityOfPage\":{\"@id\":\"https:\\\/\\\/kohenavocats.com\\\/en\\\/tribunal-judiciaire-de-arras-le-24-octobre-2024-n24-00336\\\/\"},\"wordCount\":691,\"commentCount\":0,\"publisher\":{\"@id\":\"https:\\\/\\\/kohenavocats.com\\\/en\\\/#organization\"},\"image\":{\"@id\":\"https:\\\/\\\/kohenavocats.com\\\/en\\\/tribunal-judiciaire-de-arras-le-24-octobre-2024-n24-00336\\\/#primaryimage\"},\"thumbnailUrl\":\"https:\\\/\\\/kohenavocats.com\\\/wp-content\\\/uploads\\\/2024\\\/06\\\/the-free-birds-9nGaQJjAAng-unsplash.webp\",\"articleSection\":[\"Code des assurances\",\"Immobilier\",\"Jurisprudence\"],\"inLanguage\":\"en-US\",\"potentialAction\":[{\"@type\":\"CommentAction\",\"name\":\"Comment\",\"target\":[\"https:\\\/\\\/kohenavocats.com\\\/en\\\/tribunal-judiciaire-de-arras-le-24-octobre-2024-n24-00336\\\/#respond\"]}],\"citation\":\"Tribunal judiciaire de Arras, le 24 octobre 2024, n\u00b024\\\/00336\",\"about\":[{\"@type\":\"Thing\",\"name\":\"Code des assurances\"},{\"@type\":\"Thing\",\"name\":\"Immobilier\"},{\"@type\":\"Thing\",\"name\":\"Jurisprudence\"}],\"speakable\":{\"@type\":\"SpeakableSpecification\",\"cssSelector\":[\".article-content > p:first-of-type\"]}},{\"@type\":\"WebPage\",\"@id\":\"https:\\\/\\\/kohenavocats.com\\\/en\\\/tribunal-judiciaire-de-arras-le-24-octobre-2024-n24-00336\\\/\",\"url\":\"https:\\\/\\\/kohenavocats.com\\\/en\\\/tribunal-judiciaire-de-arras-le-24-octobre-2024-n24-00336\\\/\",\"name\":\"Tribunal judiciaire de Arras, le 24 octobre 2024, n\u00b024\\\/00336 - Ma\u00eetre Hassan Kohen, avocat en droit p\u00e9nal \u00e0 Paris\",\"isPartOf\":{\"@id\":\"https:\\\/\\\/kohenavocats.com\\\/en\\\/#website\"},\"primaryImageOfPage\":{\"@id\":\"https:\\\/\\\/kohenavocats.com\\\/en\\\/tribunal-judiciaire-de-arras-le-24-octobre-2024-n24-00336\\\/#primaryimage\"},\"image\":{\"@id\":\"https:\\\/\\\/kohenavocats.com\\\/en\\\/tribunal-judiciaire-de-arras-le-24-octobre-2024-n24-00336\\\/#primaryimage\"},\"thumbnailUrl\":\"https:\\\/\\\/kohenavocats.com\\\/wp-content\\\/uploads\\\/2024\\\/06\\\/the-free-birds-9nGaQJjAAng-unsplash.webp\",\"datePublished\":\"2026-04-24T02:54:53+00:00\",\"dateModified\":\"2026-04-26T16:08:29+00:00\",\"description\":\"Le tribunal judiciaire, par jugement du 24 octobre 2024, a \u00e9t\u00e9 saisi d'un litige cons\u00e9cutif \u00e0 la vente d'un v\u00e9hicule d'occasion. L'acqu\u00e9reur a engag\u00e9 une act...\",\"breadcrumb\":{\"@id\":\"https:\\\/\\\/kohenavocats.com\\\/en\\\/tribunal-judiciaire-de-arras-le-24-octobre-2024-n24-00336\\\/#breadcrumb\"},\"inLanguage\":\"en-US\",\"potentialAction\":[{\"@type\":\"ReadAction\",\"target\":[\"https:\\\/\\\/kohenavocats.com\\\/en\\\/tribunal-judiciaire-de-arras-le-24-octobre-2024-n24-00336\\\/\"]}]},{\"@type\":\"ImageObject\",\"inLanguage\":\"en-US\",\"@id\":\"https:\\\/\\\/kohenavocats.com\\\/en\\\/tribunal-judiciaire-de-arras-le-24-octobre-2024-n24-00336\\\/#primaryimage\",\"url\":\"https:\\\/\\\/kohenavocats.com\\\/wp-content\\\/uploads\\\/2024\\\/06\\\/the-free-birds-9nGaQJjAAng-unsplash.webp\",\"contentUrl\":\"https:\\\/\\\/kohenavocats.com\\\/wp-content\\\/uploads\\\/2024\\\/06\\\/the-free-birds-9nGaQJjAAng-unsplash.webp\",\"width\":5468,\"height\":3645},{\"@type\":\"BreadcrumbList\",\"@id\":\"https:\\\/\\\/kohenavocats.com\\\/en\\\/tribunal-judiciaire-de-arras-le-24-octobre-2024-n24-00336\\\/#breadcrumb\",\"itemListElement\":[{\"@type\":\"ListItem\",\"position\":1,\"name\":\"Home\",\"item\":\"https:\\\/\\\/kohenavocats.com\\\/en\\\/criminal-law-attorneys-in-paris-counsel-and-strategic-defense\\\/\"},{\"@type\":\"ListItem\",\"position\":2,\"name\":\"Tribunal judiciaire de Arras, le 24 octobre 2024, n\u00b024\\\/00336\"}]},{\"@type\":\"WebSite\",\"@id\":\"https:\\\/\\\/kohenavocats.com\\\/en\\\/#website\",\"url\":\"https:\\\/\\\/kohenavocats.com\\\/en\\\/\",\"name\":\"Kohen Avocats\",\"description\":\"Ma\u00eetre Hassan Kohen, avocat p\u00e9naliste \u00e0 Paris, intervient exclusivement en droit p\u00e9nal pour la d\u00e9fense des particuliers, notamment en mati\u00e8re d\u2019accusations de viol. Il assure un accompagnement rigoureux d\u00e8s la garde \u00e0 vue jusqu\u2019\u00e0 la Cour d\u2019assises, veillant au strict respect des garanties proc\u00e9durales.\",\"publisher\":{\"@id\":\"https:\\\/\\\/kohenavocats.com\\\/en\\\/#organization\"},\"potentialAction\":[{\"@type\":\"SearchAction\",\"target\":{\"@type\":\"EntryPoint\",\"urlTemplate\":\"https:\\\/\\\/kohenavocats.com\\\/en\\\/?s={search_term_string}\"},\"query-input\":{\"@type\":\"PropertyValueSpecification\",\"valueRequired\":true,\"valueName\":\"search_term_string\"}}],\"inLanguage\":\"en-US\"},{\"@type\":\"Organization\",\"@id\":\"https:\\\/\\\/kohenavocats.com\\\/en\\\/#organization\",\"name\":\"Kohen Avocats\",\"url\":\"https:\\\/\\\/kohenavocats.com\\\/en\\\/\",\"logo\":{\"@type\":\"ImageObject\",\"inLanguage\":\"en-US\",\"@id\":\"https:\\\/\\\/kohenavocats.com\\\/en\\\/#\\\/schema\\\/logo\\\/image\\\/\",\"url\":\"https:\\\/\\\/kohenavocats.com\\\/wp-content\\\/uploads\\\/2026\\\/01\\\/Logo-2-1.webp\",\"contentUrl\":\"https:\\\/\\\/kohenavocats.com\\\/wp-content\\\/uploads\\\/2026\\\/01\\\/Logo-2-1.webp\",\"width\":2114,\"height\":1253,\"caption\":\"Kohen Avocats\"},\"image\":{\"@id\":\"https:\\\/\\\/kohenavocats.com\\\/en\\\/#\\\/schema\\\/logo\\\/image\\\/\"}},{\"@type\":\"Person\",\"@id\":\"https:\\\/\\\/kohenavocats.com\\\/en\\\/#\\\/schema\\\/person\\\/761c9ba54fa1ca84d405cef0831ff751\",\"name\":\"Kohen\",\"image\":{\"@type\":\"ImageObject\",\"inLanguage\":\"en-US\",\"@id\":\"https:\\\/\\\/secure.gravatar.com\\\/avatar\\\/1c5e76ef76bbbfdd2b4da984e2bf2fa4056fd51a27d25ce2c332047f1dfd6e00?s=96&d=identicon&r=g\",\"url\":\"https:\\\/\\\/secure.gravatar.com\\\/avatar\\\/1c5e76ef76bbbfdd2b4da984e2bf2fa4056fd51a27d25ce2c332047f1dfd6e00?s=96&d=identicon&r=g\",\"contentUrl\":\"https:\\\/\\\/secure.gravatar.com\\\/avatar\\\/1c5e76ef76bbbfdd2b4da984e2bf2fa4056fd51a27d25ce2c332047f1dfd6e00?s=96&d=identicon&r=g\",\"caption\":\"Kohen\"},\"sameAs\":[\"https:\\\/\\\/www.linkedin.com\\\/in\\\/hassan-kohen-448548192\\\/\",\"https:\\\/\\\/www.youtube.com\\\/@Kohen-Avocats\"],\"url\":\"https:\\\/\\\/kohenavocats.com\\\/en\\\/author\\\/kohenmlk\\\/\"}]}<\/script>\n<!-- \/ Yoast SEO Premium plugin. -->","yoast_head_json":{"title":"Tribunal judiciaire de Arras, le 24 octobre 2024, n\u00b024\/00336 - Ma\u00eetre Hassan Kohen, avocat en droit p\u00e9nal \u00e0 Paris","description":"Le tribunal judiciaire, par jugement du 24 octobre 2024, a \u00e9t\u00e9 saisi d'un litige cons\u00e9cutif \u00e0 la vente d'un v\u00e9hicule d'occasion. L'acqu\u00e9reur a engag\u00e9 une act...","robots":{"index":"index","follow":"follow","max-snippet":"max-snippet:-1","max-image-preview":"max-image-preview:large","max-video-preview":"max-video-preview:-1"},"canonical":"https:\/\/kohenavocats.com\/en\/tribunal-judiciaire-de-arras-le-24-octobre-2024-n24-00336\/","og_locale":"en_US","og_type":"article","og_title":"Tribunal judiciaire de Arras, le 24 octobre 2024, n\u00b024\/00336","og_description":"Le tribunal judiciaire, par jugement du 24 octobre 2024, a \u00e9t\u00e9 saisi d'un litige cons\u00e9cutif \u00e0 la vente d'un v\u00e9hicule d'occasion. L'acqu\u00e9reur a engag\u00e9 une act...","og_url":"https:\/\/kohenavocats.com\/en\/tribunal-judiciaire-de-arras-le-24-octobre-2024-n24-00336\/","og_site_name":"Ma\u00eetre Hassan Kohen, avocat en droit p\u00e9nal \u00e0 Paris","article_published_time":"2026-04-24T02:54:53+00:00","article_modified_time":"2026-04-26T16:08:29+00:00","og_image":[{"width":5468,"height":3645,"url":"https:\/\/kohenavocats.com\/wp-content\/uploads\/2024\/06\/the-free-birds-9nGaQJjAAng-unsplash.webp","type":"image\/webp"}],"author":"Kohen","twitter_card":"summary_large_image","twitter_misc":{"Written by":"Kohen","Est. reading time":"3 minutes"},"schema":{"@context":"https:\/\/schema.org","@graph":[{"@type":"Article","@id":"https:\/\/kohenavocats.com\/en\/tribunal-judiciaire-de-arras-le-24-octobre-2024-n24-00336\/#article","isPartOf":{"@id":"https:\/\/kohenavocats.com\/en\/tribunal-judiciaire-de-arras-le-24-octobre-2024-n24-00336\/"},"author":{"name":"Kohen","@id":"https:\/\/kohenavocats.com\/en\/#\/schema\/person\/761c9ba54fa1ca84d405cef0831ff751"},"headline":"Tribunal judiciaire de Arras, le 24 octobre 2024, n\u00b024\/00336","datePublished":"2026-04-24T02:54:53+00:00","dateModified":"2026-04-26T16:08:29+00:00","mainEntityOfPage":{"@id":"https:\/\/kohenavocats.com\/en\/tribunal-judiciaire-de-arras-le-24-octobre-2024-n24-00336\/"},"wordCount":691,"commentCount":0,"publisher":{"@id":"https:\/\/kohenavocats.com\/en\/#organization"},"image":{"@id":"https:\/\/kohenavocats.com\/en\/tribunal-judiciaire-de-arras-le-24-octobre-2024-n24-00336\/#primaryimage"},"thumbnailUrl":"https:\/\/kohenavocats.com\/wp-content\/uploads\/2024\/06\/the-free-birds-9nGaQJjAAng-unsplash.webp","articleSection":["Code des assurances","Immobilier","Jurisprudence"],"inLanguage":"en-US","potentialAction":[{"@type":"CommentAction","name":"Comment","target":["https:\/\/kohenavocats.com\/en\/tribunal-judiciaire-de-arras-le-24-octobre-2024-n24-00336\/#respond"]}],"citation":"Tribunal judiciaire de Arras, le 24 octobre 2024, n\u00b024\/00336","about":[{"@type":"Thing","name":"Code des assurances"},{"@type":"Thing","name":"Immobilier"},{"@type":"Thing","name":"Jurisprudence"}],"speakable":{"@type":"SpeakableSpecification","cssSelector":[".article-content > p:first-of-type"]}},{"@type":"WebPage","@id":"https:\/\/kohenavocats.com\/en\/tribunal-judiciaire-de-arras-le-24-octobre-2024-n24-00336\/","url":"https:\/\/kohenavocats.com\/en\/tribunal-judiciaire-de-arras-le-24-octobre-2024-n24-00336\/","name":"Tribunal judiciaire de Arras, le 24 octobre 2024, n\u00b024\/00336 - Ma\u00eetre Hassan Kohen, avocat en droit p\u00e9nal \u00e0 Paris","isPartOf":{"@id":"https:\/\/kohenavocats.com\/en\/#website"},"primaryImageOfPage":{"@id":"https:\/\/kohenavocats.com\/en\/tribunal-judiciaire-de-arras-le-24-octobre-2024-n24-00336\/#primaryimage"},"image":{"@id":"https:\/\/kohenavocats.com\/en\/tribunal-judiciaire-de-arras-le-24-octobre-2024-n24-00336\/#primaryimage"},"thumbnailUrl":"https:\/\/kohenavocats.com\/wp-content\/uploads\/2024\/06\/the-free-birds-9nGaQJjAAng-unsplash.webp","datePublished":"2026-04-24T02:54:53+00:00","dateModified":"2026-04-26T16:08:29+00:00","description":"Le tribunal judiciaire, par jugement du 24 octobre 2024, a \u00e9t\u00e9 saisi d'un litige cons\u00e9cutif \u00e0 la vente d'un v\u00e9hicule d'occasion. L'acqu\u00e9reur a engag\u00e9 une act...","breadcrumb":{"@id":"https:\/\/kohenavocats.com\/en\/tribunal-judiciaire-de-arras-le-24-octobre-2024-n24-00336\/#breadcrumb"},"inLanguage":"en-US","potentialAction":[{"@type":"ReadAction","target":["https:\/\/kohenavocats.com\/en\/tribunal-judiciaire-de-arras-le-24-octobre-2024-n24-00336\/"]}]},{"@type":"ImageObject","inLanguage":"en-US","@id":"https:\/\/kohenavocats.com\/en\/tribunal-judiciaire-de-arras-le-24-octobre-2024-n24-00336\/#primaryimage","url":"https:\/\/kohenavocats.com\/wp-content\/uploads\/2024\/06\/the-free-birds-9nGaQJjAAng-unsplash.webp","contentUrl":"https:\/\/kohenavocats.com\/wp-content\/uploads\/2024\/06\/the-free-birds-9nGaQJjAAng-unsplash.webp","width":5468,"height":3645},{"@type":"BreadcrumbList","@id":"https:\/\/kohenavocats.com\/en\/tribunal-judiciaire-de-arras-le-24-octobre-2024-n24-00336\/#breadcrumb","itemListElement":[{"@type":"ListItem","position":1,"name":"Home","item":"https:\/\/kohenavocats.com\/en\/criminal-law-attorneys-in-paris-counsel-and-strategic-defense\/"},{"@type":"ListItem","position":2,"name":"Tribunal judiciaire de Arras, le 24 octobre 2024, n\u00b024\/00336"}]},{"@type":"WebSite","@id":"https:\/\/kohenavocats.com\/en\/#website","url":"https:\/\/kohenavocats.com\/en\/","name":"Kohen Avocats","description":"Ma\u00eetre Hassan Kohen, avocat p\u00e9naliste \u00e0 Paris, intervient exclusivement en droit p\u00e9nal pour la d\u00e9fense des particuliers, notamment en mati\u00e8re d\u2019accusations de viol. Il assure un accompagnement rigoureux d\u00e8s la garde \u00e0 vue jusqu\u2019\u00e0 la Cour d\u2019assises, veillant au strict respect des garanties proc\u00e9durales.","publisher":{"@id":"https:\/\/kohenavocats.com\/en\/#organization"},"potentialAction":[{"@type":"SearchAction","target":{"@type":"EntryPoint","urlTemplate":"https:\/\/kohenavocats.com\/en\/?s={search_term_string}"},"query-input":{"@type":"PropertyValueSpecification","valueRequired":true,"valueName":"search_term_string"}}],"inLanguage":"en-US"},{"@type":"Organization","@id":"https:\/\/kohenavocats.com\/en\/#organization","name":"Kohen Avocats","url":"https:\/\/kohenavocats.com\/en\/","logo":{"@type":"ImageObject","inLanguage":"en-US","@id":"https:\/\/kohenavocats.com\/en\/#\/schema\/logo\/image\/","url":"https:\/\/kohenavocats.com\/wp-content\/uploads\/2026\/01\/Logo-2-1.webp","contentUrl":"https:\/\/kohenavocats.com\/wp-content\/uploads\/2026\/01\/Logo-2-1.webp","width":2114,"height":1253,"caption":"Kohen Avocats"},"image":{"@id":"https:\/\/kohenavocats.com\/en\/#\/schema\/logo\/image\/"}},{"@type":"Person","@id":"https:\/\/kohenavocats.com\/en\/#\/schema\/person\/761c9ba54fa1ca84d405cef0831ff751","name":"Kohen","image":{"@type":"ImageObject","inLanguage":"en-US","@id":"https:\/\/secure.gravatar.com\/avatar\/1c5e76ef76bbbfdd2b4da984e2bf2fa4056fd51a27d25ce2c332047f1dfd6e00?s=96&d=identicon&r=g","url":"https:\/\/secure.gravatar.com\/avatar\/1c5e76ef76bbbfdd2b4da984e2bf2fa4056fd51a27d25ce2c332047f1dfd6e00?s=96&d=identicon&r=g","contentUrl":"https:\/\/secure.gravatar.com\/avatar\/1c5e76ef76bbbfdd2b4da984e2bf2fa4056fd51a27d25ce2c332047f1dfd6e00?s=96&d=identicon&r=g","caption":"Kohen"},"sameAs":["https:\/\/www.linkedin.com\/in\/hassan-kohen-448548192\/","https:\/\/www.youtube.com\/@Kohen-Avocats"],"url":"https:\/\/kohenavocats.com\/en\/author\/kohenmlk\/"}]}},"jetpack_featured_media_url":"https:\/\/kohenavocats.com\/wp-content\/uploads\/2024\/06\/the-free-birds-9nGaQJjAAng-unsplash.webp","jetpack_likes_enabled":false,"jetpack_shortlink":"https:\/\/wp.me\/peCrII-2NUr","jetpack-related-posts":[{"id":645796,"url":"https:\/\/kohenavocats.com\/en\/cour-dappel-le-7-octobre-2025-n24-03910\/","url_meta":{"origin":668511,"position":0},"title":"Cour d&#8217;appel, le 7 octobre 2025, n\u00b024\/03910","author":"Kohen","date":"22 April 2026","format":false,"excerpt":"La Cour d'appel, statuant sur une d\u00e9cision rendue en 2023, examine les demandes d'une acheteuse d'un v\u00e9hicule d'occasion. L'acqu\u00e9reur invoque un d\u00e9faut de co...","rel":"","context":"In &quot;Jurisprudence&quot;","block_context":{"text":"Jurisprudence","link":"https:\/\/kohenavocats.com\/category\/jurisprudence\/"},"img":{"alt_text":"","src":"https:\/\/i0.wp.com\/kohenavocats.com\/wp-content\/uploads\/2024\/08\/mathieu-gauzy-4CVs3VcCR6k-unsplash.webp?resize=350%2C200&ssl=1","width":350,"height":200,"srcset":"https:\/\/i0.wp.com\/kohenavocats.com\/wp-content\/uploads\/2024\/08\/mathieu-gauzy-4CVs3VcCR6k-unsplash.webp?resize=350%2C200&ssl=1 1x, https:\/\/i0.wp.com\/kohenavocats.com\/wp-content\/uploads\/2024\/08\/mathieu-gauzy-4CVs3VcCR6k-unsplash.webp?resize=525%2C300&ssl=1 1.5x, https:\/\/i0.wp.com\/kohenavocats.com\/wp-content\/uploads\/2024\/08\/mathieu-gauzy-4CVs3VcCR6k-unsplash.webp?resize=700%2C400&ssl=1 2x, https:\/\/i0.wp.com\/kohenavocats.com\/wp-content\/uploads\/2024\/08\/mathieu-gauzy-4CVs3VcCR6k-unsplash.webp?resize=1050%2C600&ssl=1 3x, https:\/\/i0.wp.com\/kohenavocats.com\/wp-content\/uploads\/2024\/08\/mathieu-gauzy-4CVs3VcCR6k-unsplash.webp?resize=1400%2C800&ssl=1 4x"},"classes":[]},{"id":487509,"url":"https:\/\/kohenavocats.com\/en\/tribunal-judiciaire-le-26-novembre-2025-n23-04494\/","url_meta":{"origin":668511,"position":1},"title":"Tribunal judiciaire, le 26 novembre 2025, n\u00b023\/04494","author":"Kohen","date":"8 April 2026","format":false,"excerpt":"Le tribunal judiciaire de premi\u00e8re instance, statuant le vingt-six novembre deux mille vingt-cinq, a \u00e9t\u00e9 saisi d'un litige cons\u00e9cutif \u00e0 la vente d'un v\u00e9hicul...","rel":"","context":"In &quot;Jurisprudence&quot;","block_context":{"text":"Jurisprudence","link":"https:\/\/kohenavocats.com\/category\/jurisprudence\/"},"img":{"alt_text":"","src":"https:\/\/i0.wp.com\/kohenavocats.com\/wp-content\/uploads\/2024\/07\/daniel-roe-2OqFyMN7R_E-unsplash.webp?resize=350%2C200&ssl=1","width":350,"height":200,"srcset":"https:\/\/i0.wp.com\/kohenavocats.com\/wp-content\/uploads\/2024\/07\/daniel-roe-2OqFyMN7R_E-unsplash.webp?resize=350%2C200&ssl=1 1x, https:\/\/i0.wp.com\/kohenavocats.com\/wp-content\/uploads\/2024\/07\/daniel-roe-2OqFyMN7R_E-unsplash.webp?resize=525%2C300&ssl=1 1.5x, https:\/\/i0.wp.com\/kohenavocats.com\/wp-content\/uploads\/2024\/07\/daniel-roe-2OqFyMN7R_E-unsplash.webp?resize=700%2C400&ssl=1 2x, https:\/\/i0.wp.com\/kohenavocats.com\/wp-content\/uploads\/2024\/07\/daniel-roe-2OqFyMN7R_E-unsplash.webp?resize=1050%2C600&ssl=1 3x, https:\/\/i0.wp.com\/kohenavocats.com\/wp-content\/uploads\/2024\/07\/daniel-roe-2OqFyMN7R_E-unsplash.webp?resize=1400%2C800&ssl=1 4x"},"classes":[]},{"id":633527,"url":"https:\/\/kohenavocats.com\/en\/cour-dappel-le-5-juin-2025-n24-02048\/","url_meta":{"origin":668511,"position":2},"title":"Cour d&#8217;appel, le 5 juin 2025, n\u00b024\/02048","author":"Kohen","date":"21 April 2026","format":false,"excerpt":"La cour d'appel, statuant le 5 juin 2025, a \u00e9t\u00e9 saisie d'un litige relatif \u00e0 la vente d'un v\u00e9hicule d'occasion. L'acqu\u00e9reur demandait la r\u00e9solution de la ven...","rel":"","context":"In &quot;Jurisprudence&quot;","block_context":{"text":"Jurisprudence","link":"https:\/\/kohenavocats.com\/category\/jurisprudence\/"},"img":{"alt_text":"","src":"https:\/\/i0.wp.com\/kohenavocats.com\/wp-content\/uploads\/2024\/08\/robert-bye-6uqWm003xj0-unsplash.webp?resize=350%2C200&ssl=1","width":350,"height":200,"srcset":"https:\/\/i0.wp.com\/kohenavocats.com\/wp-content\/uploads\/2024\/08\/robert-bye-6uqWm003xj0-unsplash.webp?resize=350%2C200&ssl=1 1x, https:\/\/i0.wp.com\/kohenavocats.com\/wp-content\/uploads\/2024\/08\/robert-bye-6uqWm003xj0-unsplash.webp?resize=525%2C300&ssl=1 1.5x, https:\/\/i0.wp.com\/kohenavocats.com\/wp-content\/uploads\/2024\/08\/robert-bye-6uqWm003xj0-unsplash.webp?resize=700%2C400&ssl=1 2x, https:\/\/i0.wp.com\/kohenavocats.com\/wp-content\/uploads\/2024\/08\/robert-bye-6uqWm003xj0-unsplash.webp?resize=1050%2C600&ssl=1 3x, https:\/\/i0.wp.com\/kohenavocats.com\/wp-content\/uploads\/2024\/08\/robert-bye-6uqWm003xj0-unsplash.webp?resize=1400%2C800&ssl=1 4x"},"classes":[]},{"id":728400,"url":"https:\/\/kohenavocats.com\/en\/cour-dappel-de-aix-en-provence-le-4-fevrier-2026-n21-11179\/","url_meta":{"origin":668511,"position":3},"title":"Cour d&#8217;appel de Aix-en-Provence, le 4 f\u00e9vrier 2026, n\u00b021\/11179","author":"Kohen","date":"28 April 2026","format":false,"excerpt":"La cour d'appel d'Aix-en-Provence, dans son arr\u00eat du 4 f\u00e9vrier 2026, a statu\u00e9 sur la garantie des vices cach\u00e9s relative \u00e0 un box de stationnement. Les acqu\u00e9r...","rel":"","context":"In &quot;Jurisprudence&quot;","block_context":{"text":"Jurisprudence","link":"https:\/\/kohenavocats.com\/category\/jurisprudence\/"},"img":{"alt_text":"","src":"https:\/\/i0.wp.com\/kohenavocats.com\/wp-content\/uploads\/2024\/08\/eddie-junior-foXddRnxfc-unsplash.webp?resize=350%2C200&ssl=1","width":350,"height":200,"srcset":"https:\/\/i0.wp.com\/kohenavocats.com\/wp-content\/uploads\/2024\/08\/eddie-junior-foXddRnxfc-unsplash.webp?resize=350%2C200&ssl=1 1x, https:\/\/i0.wp.com\/kohenavocats.com\/wp-content\/uploads\/2024\/08\/eddie-junior-foXddRnxfc-unsplash.webp?resize=525%2C300&ssl=1 1.5x, https:\/\/i0.wp.com\/kohenavocats.com\/wp-content\/uploads\/2024\/08\/eddie-junior-foXddRnxfc-unsplash.webp?resize=700%2C400&ssl=1 2x, https:\/\/i0.wp.com\/kohenavocats.com\/wp-content\/uploads\/2024\/08\/eddie-junior-foXddRnxfc-unsplash.webp?resize=1050%2C600&ssl=1 3x, https:\/\/i0.wp.com\/kohenavocats.com\/wp-content\/uploads\/2024\/08\/eddie-junior-foXddRnxfc-unsplash.webp?resize=1400%2C800&ssl=1 4x"},"classes":[]},{"id":682286,"url":"https:\/\/kohenavocats.com\/en\/tribunal-judiciaire-de-bar-le-duc-le-16-octobre-2024-n21-00208\/","url_meta":{"origin":668511,"position":4},"title":"Tribunal judiciaire de Bar-le-Duc, le 16 octobre 2024, n\u00b021\/00208","author":"Kohen","date":"25 April 2026","format":false,"excerpt":"Le tribunal judiciaire, statuant en premier ressort, a rendu un jugement le 16 octobre 2024. L\u2019affaire concernait la vente d\u2019un v\u00e9hicule d\u2019occasion pr\u00e9sentan...","rel":"","context":"In &quot;Jurisprudence&quot;","block_context":{"text":"Jurisprudence","link":"https:\/\/kohenavocats.com\/category\/jurisprudence\/"},"img":{"alt_text":"","src":"https:\/\/i0.wp.com\/kohenavocats.com\/wp-content\/uploads\/2024\/11\/planet-volumes-HQLfJrtqmKg-unsplash.webp?resize=350%2C200&ssl=1","width":350,"height":200,"srcset":"https:\/\/i0.wp.com\/kohenavocats.com\/wp-content\/uploads\/2024\/11\/planet-volumes-HQLfJrtqmKg-unsplash.webp?resize=350%2C200&ssl=1 1x, https:\/\/i0.wp.com\/kohenavocats.com\/wp-content\/uploads\/2024\/11\/planet-volumes-HQLfJrtqmKg-unsplash.webp?resize=525%2C300&ssl=1 1.5x, https:\/\/i0.wp.com\/kohenavocats.com\/wp-content\/uploads\/2024\/11\/planet-volumes-HQLfJrtqmKg-unsplash.webp?resize=700%2C400&ssl=1 2x, https:\/\/i0.wp.com\/kohenavocats.com\/wp-content\/uploads\/2024\/11\/planet-volumes-HQLfJrtqmKg-unsplash.webp?resize=1050%2C600&ssl=1 3x, https:\/\/i0.wp.com\/kohenavocats.com\/wp-content\/uploads\/2024\/11\/planet-volumes-HQLfJrtqmKg-unsplash.webp?resize=1400%2C800&ssl=1 4x"},"classes":[]},{"id":656398,"url":"https:\/\/kohenavocats.com\/en\/tribunal-judiciaire-de-orleans-le-28-avril-2025-n25-01030\/","url_meta":{"origin":668511,"position":5},"title":"Tribunal judiciaire de Orl\u00e9ans, le 28 avril 2025, n\u00b025\/01030","author":"Kohen","date":"23 April 2026","format":false,"excerpt":"Le tribunal judiciaire, statuant le 28 avril 2025, a examin\u00e9 une action en r\u00e9solution d'une vente d'un v\u00e9hicule d'occasion pour vice cach\u00e9. L'acqu\u00e9reur soute...","rel":"","context":"In &quot;Jurisprudence&quot;","block_context":{"text":"Jurisprudence","link":"https:\/\/kohenavocats.com\/category\/jurisprudence\/"},"img":{"alt_text":"","src":"https:\/\/i0.wp.com\/kohenavocats.com\/wp-content\/uploads\/2024\/07\/giammarco-boscaro-zeH-ljawHtg-unsplash.webp?resize=350%2C200&ssl=1","width":350,"height":200,"srcset":"https:\/\/i0.wp.com\/kohenavocats.com\/wp-content\/uploads\/2024\/07\/giammarco-boscaro-zeH-ljawHtg-unsplash.webp?resize=350%2C200&ssl=1 1x, https:\/\/i0.wp.com\/kohenavocats.com\/wp-content\/uploads\/2024\/07\/giammarco-boscaro-zeH-ljawHtg-unsplash.webp?resize=525%2C300&ssl=1 1.5x, https:\/\/i0.wp.com\/kohenavocats.com\/wp-content\/uploads\/2024\/07\/giammarco-boscaro-zeH-ljawHtg-unsplash.webp?resize=700%2C400&ssl=1 2x, https:\/\/i0.wp.com\/kohenavocats.com\/wp-content\/uploads\/2024\/07\/giammarco-boscaro-zeH-ljawHtg-unsplash.webp?resize=1050%2C600&ssl=1 3x, https:\/\/i0.wp.com\/kohenavocats.com\/wp-content\/uploads\/2024\/07\/giammarco-boscaro-zeH-ljawHtg-unsplash.webp?resize=1400%2C800&ssl=1 4x"},"classes":[]}],"jetpack_sharing_enabled":true,"_links":{"self":[{"href":"https:\/\/kohenavocats.com\/en\/wp-json\/wp\/v2\/posts\/668511","targetHints":{"allow":["GET"]}}],"collection":[{"href":"https:\/\/kohenavocats.com\/en\/wp-json\/wp\/v2\/posts"}],"about":[{"href":"https:\/\/kohenavocats.com\/en\/wp-json\/wp\/v2\/types\/post"}],"author":[{"embeddable":true,"href":"https:\/\/kohenavocats.com\/en\/wp-json\/wp\/v2\/users\/232070755"}],"replies":[{"embeddable":true,"href":"https:\/\/kohenavocats.com\/en\/wp-json\/wp\/v2\/comments?post=668511"}],"version-history":[{"count":1,"href":"https:\/\/kohenavocats.com\/en\/wp-json\/wp\/v2\/posts\/668511\/revisions"}],"predecessor-version":[{"id":695487,"href":"https:\/\/kohenavocats.com\/en\/wp-json\/wp\/v2\/posts\/668511\/revisions\/695487"}],"wp:featuredmedia":[{"embeddable":true,"href":"https:\/\/kohenavocats.com\/en\/wp-json\/wp\/v2\/media\/3174"}],"wp:attachment":[{"href":"https:\/\/kohenavocats.com\/en\/wp-json\/wp\/v2\/media?parent=668511"}],"wp:term":[{"taxonomy":"category","embeddable":true,"href":"https:\/\/kohenavocats.com\/en\/wp-json\/wp\/v2\/categories?post=668511"},{"taxonomy":"post_tag","embeddable":true,"href":"https:\/\/kohenavocats.com\/en\/wp-json\/wp\/v2\/tags?post=668511"}],"curies":[{"name":"wp","href":"https:\/\/api.w.org\/{rel}","templated":true}]}}