{"id":668939,"date":"2026-04-24T05:37:35","date_gmt":"2026-04-24T03:37:35","guid":{"rendered":"https:\/\/kohenavocats.com\/tribunal-judiciaire-de-evry-le-19-septembre-2025-n25-00737-2\/"},"modified":"2026-04-24T05:37:35","modified_gmt":"2026-04-24T03:37:35","slug":"tribunal-judiciaire-de-evry-le-19-septembre-2025-n25-00737-2","status":"publish","type":"post","link":"https:\/\/kohenavocats.com\/en\/tribunal-judiciaire-de-evry-le-19-septembre-2025-n25-00737-2\/","title":{"rendered":"Tribunal judiciaire de Evry, le 19 septembre 2025, n\u00b025\/00737"},"content":{"rendered":"<div class=\"article-content\">\n<p>Le tribunal judiciaire d\u2019Evry, statuant en r\u00e9f\u00e9r\u00e9 le 19 septembre 2025, \u00e9tait saisi d\u2019une demande d\u2019injonction de liquidation d\u2019une pension de retraite. Un intermittent du spectacle sollicitait la liquidation de ses droits au 1er ao\u00fbt 2022 malgr\u00e9 la poursuite de son activit\u00e9. La caisse comp\u00e9tente opposait un refus fond\u00e9 sur l\u2019absence de cessation d\u2019activit\u00e9. Le juge des r\u00e9f\u00e9r\u00e9s devait d\u00e9terminer si les conditions de l\u2019urgence ou d\u2019un trouble manifestement illicite \u00e9taient r\u00e9unies. Il a d\u00e9clar\u00e9 n\u2019y avoir lieu \u00e0 r\u00e9f\u00e9r\u00e9, estimant que la demande se heurtait \u00e0 des contestations s\u00e9rieuses.<\/p>\n<p>La d\u00e9monstration insuffisante de l\u2019urgence et du trouble illicite<\/p>\n<p>Le requ\u00e9rant invoquait l\u2019urgence au titre de sa pr\u00e9carit\u00e9 financi\u00e8re actuelle. Le juge a \u00e9cart\u00e9 ce fondement en relevant l\u2019insuffisance des preuves apport\u00e9es. Un simple relev\u00e9 de carri\u00e8re ne suffisait pas \u00e0 \u00e9tablir une cessation d\u2019activit\u00e9 d\u00e9finitive. &#8220;En l&#8217;absence d&#8217;urgence d\u00e9montr\u00e9e, ce fondement ne sera pas retenu&#8221; (Motifs). La notion de trouble manifestement illicite a ensuite \u00e9t\u00e9 examin\u00e9e. Elle suppose une violation \u00e9vidente d\u2019une r\u00e8gle de droit, ce qui n\u2019\u00e9tait pas \u00e9tabli en l\u2019esp\u00e8ce. La demande se heurtait \u00e0 des difficult\u00e9s d\u2019interpr\u00e9tation juridique substantielles. Le juge a ainsi refus\u00e9 de statuer au fond en r\u00e9f\u00e9r\u00e9 sur ce point.<\/p>\n<p>La port\u00e9e de cette analyse est de rappeler la rigueur probatoire requise en proc\u00e9dure acc\u00e9l\u00e9r\u00e9e. L\u2019urgence ne peut \u00eatre d\u00e9duite de simples all\u00e9gations mais doit \u00eatre concr\u00e8tement \u00e9tablie. Le trouble manifestement illicite reste une notion exigeante, r\u00e9serv\u00e9e aux violations flagrantes. Cette d\u00e9cision r\u00e9affirme la fronti\u00e8re entre le r\u00e9f\u00e9r\u00e9 et le fond, prot\u00e9geant la nature provisoire de ce premier.<\/p>\n<p>Les contestations s\u00e9rieuses sur le r\u00e9gime applicable au cumul emploi-retraite<\/p>\n<p>Le c\u0153ur du litige portait sur l\u2019interpr\u00e9tation des textes r\u00e9gissant le cumul emploi-retraite pour les intermittents. La l\u00e9gislation subordonne g\u00e9n\u00e9ralement le service de la pension \u00e0 la rupture du lien professionnel. Une d\u00e9rogation existe pour les artistes du spectacle, autoris\u00e9s \u00e0 cumuler sans cesser leur activit\u00e9. La question \u00e9tait de savoir si un technicien intermittent pouvait se pr\u00e9valoir de ce statut d\u00e9rogatoire. La liste des professions concern\u00e9es, issue du code du travail, est pr\u00e9c\u00e9d\u00e9e du terme &#8220;notamment&#8221;. &#8220;Or, le fait de savoir si le caract\u00e8re non exhaustif de cette liste [&#8230;] permet d&#8217;y inclure les techniciens du spectacle [&#8230;] rel\u00e8ve d&#8217;une interpr\u00e9tation qui doit \u00eatre soumise au juge du fond&#8221; (Motifs). Cette interpr\u00e9tation complexe exc\u00e9dait les pouvoirs du juge de l\u2019\u00e9vidence.<\/p>\n<p>La solution s\u2019inscrit en coh\u00e9rence avec la jurisprudence existante sur la cessation d\u2019activit\u00e9. La Cour de cassation rappelle que &#8220;la cessation d\u2019activit\u00e9 [&#8230;] s\u2019entend d\u2019une cessation d\u00e9finitive d\u2019activit\u00e9&#8221; (Cass. Chambre sociale, le 23 octobre 2019, n\u00b018-15.550). Par ailleurs, elle a pr\u00e9cis\u00e9 que l\u2019assur\u00e9 ne peut reprendre une activit\u00e9 sans suspension de sa pension que si celle-ci &#8220;est diff\u00e9rente de celle au titre de laquelle il avait \u00e9t\u00e9 volontairement assur\u00e9&#8221; (Cass. Deuxi\u00e8me chambre civile, le 16 f\u00e9vrier 2023, n\u00b021-16.349). Le litige actuel, centr\u00e9 sur la qualification de l\u2019activit\u00e9 poursuivie, relevait donc pleinement du fond.<\/p>\n<p>La valeur de cette d\u00e9cision est de souligner la nature pr\u00e9liminaire du r\u00e9f\u00e9r\u00e9. D\u00e8s qu\u2019une question d\u2019interpr\u00e9tation l\u00e9gislative ou r\u00e9glementaire est substantielle, elle appartient au juge du fond. Le juge des r\u00e9f\u00e9r\u00e9s se d\u00e9clare incomp\u00e9tent pour trancher des d\u00e9bats exigeant une analyse approfondie du droit. Cela garantit une instruction compl\u00e8te et contradictoire sur des points juridiques d\u00e9licats.<\/p>\n<\/div>\n","protected":false},"excerpt":{"rendered":"<p>Le tribunal judiciaire d\u2019Evry, statuant en r\u00e9f\u00e9r\u00e9 le 19 septembre 2025, \u00e9tait saisi d\u2019une demande d\u2019injonction de liquidation d\u2019une pension de retraite. Un i&#8230;<\/p>\n","protected":false},"author":232070755,"featured_media":4872,"comment_status":"open","ping_status":"open","sticky":false,"template":"","format":"standard","meta":{"_crdt_document":"","_jetpack_newsletter_access":"","_jetpack_dont_email_post_to_subs":false,"_jetpack_newsletter_tier_id":0,"_jetpack_memberships_contains_paywalled_content":false,"_kj_source_type":"judilibre","_kj_official_id":"68cdabf854b52e4d6be0b27e","_kj_official_url":"https:\/\/www.courdecassation.fr\/decision\/68cdabf854b52e4d6be0b27e","_kj_judilibre_id":"68cdabf854b52e4d6be0b27e","_kj_jur":"Tribunal judiciaire","_kj_lieu":"Tribunal judiciaire d'\u00c9vry","_kj_chambre":"Chambre des r\u00e9f\u00e9r\u00e9s","_kj_rg":"25\/00737","_kj_date":"2025-09-19","_jetpack_memberships_contains_paid_content":false,"footnotes":"","jetpack_post_was_ever_published":false},"categories":[7597],"tags":[],"class_list":["post-668939","post","type-post","status-publish","format-standard","has-post-thumbnail","hentry","category-jurisprudence"],"yoast_head":"<!-- This site is optimized with the Yoast SEO Premium plugin v27.5 (Yoast SEO v27.5) - https:\/\/yoast.com\/product\/yoast-seo-premium-wordpress\/ -->\n<title>Tribunal judiciaire de Evry, le 19 septembre 2025, n\u00b025\/00737 - Ma\u00eetre Hassan Kohen, avocat en droit p\u00e9nal \u00e0 Paris<\/title>\n<meta name=\"description\" content=\"Le tribunal judiciaire d\u2019Evry, statuant en r\u00e9f\u00e9r\u00e9 le 19 septembre 2025, \u00e9tait saisi d\u2019une demande d\u2019injonction de liquidation d\u2019une pension de retraite. Un i...\" \/>\n<meta name=\"robots\" content=\"index, follow, max-snippet:-1, max-image-preview:large, max-video-preview:-1\" \/>\n<link rel=\"canonical\" href=\"https:\/\/kohenavocats.com\/en\/tribunal-judiciaire-de-evry-le-19-septembre-2025-n25-00737-2\/\" \/>\n<meta property=\"og:locale\" content=\"en_US\" \/>\n<meta property=\"og:type\" content=\"article\" \/>\n<meta property=\"og:title\" content=\"Tribunal judiciaire de Evry, le 19 septembre 2025, n\u00b025\/00737\" \/>\n<meta property=\"og:description\" content=\"Le tribunal judiciaire d\u2019Evry, statuant en r\u00e9f\u00e9r\u00e9 le 19 septembre 2025, \u00e9tait saisi d\u2019une demande d\u2019injonction de liquidation d\u2019une pension de retraite. Un i...\" \/>\n<meta property=\"og:url\" content=\"https:\/\/kohenavocats.com\/en\/tribunal-judiciaire-de-evry-le-19-septembre-2025-n25-00737-2\/\" \/>\n<meta property=\"og:site_name\" content=\"Ma\u00eetre Hassan Kohen, avocat en droit p\u00e9nal \u00e0 Paris\" \/>\n<meta property=\"article:published_time\" content=\"2026-04-24T03:37:35+00:00\" \/>\n<meta property=\"og:image\" content=\"https:\/\/kohenavocats.com\/wp-content\/uploads\/2024\/08\/vinh-PzXQ-ycHboI-unsplash.webp\" \/>\n\t<meta property=\"og:image:width\" content=\"6000\" \/>\n\t<meta property=\"og:image:height\" content=\"3376\" \/>\n\t<meta property=\"og:image:type\" content=\"image\/webp\" \/>\n<meta name=\"author\" content=\"Kohen\" \/>\n<meta name=\"twitter:card\" content=\"summary_large_image\" \/>\n<meta name=\"twitter:label1\" content=\"Written by\" \/>\n\t<meta name=\"twitter:data1\" content=\"Kohen\" \/>\n\t<meta name=\"twitter:label2\" content=\"Est. reading time\" \/>\n\t<meta name=\"twitter:data2\" content=\"3 minutes\" \/>\n<script type=\"application\/ld+json\" class=\"yoast-schema-graph\">{\"@context\":\"https:\\\/\\\/schema.org\",\"@graph\":[{\"@type\":\"Article\",\"@id\":\"https:\\\/\\\/kohenavocats.com\\\/en\\\/tribunal-judiciaire-de-evry-le-19-septembre-2025-n25-00737-2\\\/#article\",\"isPartOf\":{\"@id\":\"https:\\\/\\\/kohenavocats.com\\\/en\\\/tribunal-judiciaire-de-evry-le-19-septembre-2025-n25-00737-2\\\/\"},\"author\":{\"name\":\"Kohen\",\"@id\":\"https:\\\/\\\/kohenavocats.com\\\/en\\\/#\\\/schema\\\/person\\\/761c9ba54fa1ca84d405cef0831ff751\"},\"headline\":\"Tribunal judiciaire de Evry, le 19 septembre 2025, n\u00b025\\\/00737\",\"datePublished\":\"2026-04-24T03:37:35+00:00\",\"mainEntityOfPage\":{\"@id\":\"https:\\\/\\\/kohenavocats.com\\\/en\\\/tribunal-judiciaire-de-evry-le-19-septembre-2025-n25-00737-2\\\/\"},\"wordCount\":651,\"commentCount\":0,\"publisher\":{\"@id\":\"https:\\\/\\\/kohenavocats.com\\\/en\\\/#organization\"},\"image\":{\"@id\":\"https:\\\/\\\/kohenavocats.com\\\/en\\\/tribunal-judiciaire-de-evry-le-19-septembre-2025-n25-00737-2\\\/#primaryimage\"},\"thumbnailUrl\":\"https:\\\/\\\/kohenavocats.com\\\/wp-content\\\/uploads\\\/2024\\\/08\\\/vinh-PzXQ-ycHboI-unsplash.webp\",\"articleSection\":[\"Jurisprudence\"],\"inLanguage\":\"en-US\",\"potentialAction\":[{\"@type\":\"CommentAction\",\"name\":\"Comment\",\"target\":[\"https:\\\/\\\/kohenavocats.com\\\/en\\\/tribunal-judiciaire-de-evry-le-19-septembre-2025-n25-00737-2\\\/#respond\"]}],\"citation\":\"Tribunal judiciaire de Evry, le 19 septembre 2025, n\u00b025\\\/00737\",\"about\":[{\"@type\":\"Thing\",\"name\":\"Jurisprudence\"}],\"dateModified\":\"2026-04-24T03:37:35+00:00\",\"speakable\":{\"@type\":\"SpeakableSpecification\",\"cssSelector\":[\".article-content > p:first-of-type\"]}},{\"@type\":\"WebPage\",\"@id\":\"https:\\\/\\\/kohenavocats.com\\\/en\\\/tribunal-judiciaire-de-evry-le-19-septembre-2025-n25-00737-2\\\/\",\"url\":\"https:\\\/\\\/kohenavocats.com\\\/en\\\/tribunal-judiciaire-de-evry-le-19-septembre-2025-n25-00737-2\\\/\",\"name\":\"Tribunal judiciaire de Evry, le 19 septembre 2025, n\u00b025\\\/00737 - Ma\u00eetre Hassan Kohen, avocat en droit p\u00e9nal \u00e0 Paris\",\"isPartOf\":{\"@id\":\"https:\\\/\\\/kohenavocats.com\\\/en\\\/#website\"},\"primaryImageOfPage\":{\"@id\":\"https:\\\/\\\/kohenavocats.com\\\/en\\\/tribunal-judiciaire-de-evry-le-19-septembre-2025-n25-00737-2\\\/#primaryimage\"},\"image\":{\"@id\":\"https:\\\/\\\/kohenavocats.com\\\/en\\\/tribunal-judiciaire-de-evry-le-19-septembre-2025-n25-00737-2\\\/#primaryimage\"},\"thumbnailUrl\":\"https:\\\/\\\/kohenavocats.com\\\/wp-content\\\/uploads\\\/2024\\\/08\\\/vinh-PzXQ-ycHboI-unsplash.webp\",\"datePublished\":\"2026-04-24T03:37:35+00:00\",\"description\":\"Le tribunal judiciaire d\u2019Evry, statuant en r\u00e9f\u00e9r\u00e9 le 19 septembre 2025, \u00e9tait saisi d\u2019une demande d\u2019injonction de liquidation d\u2019une pension de retraite. Un i...\",\"breadcrumb\":{\"@id\":\"https:\\\/\\\/kohenavocats.com\\\/en\\\/tribunal-judiciaire-de-evry-le-19-septembre-2025-n25-00737-2\\\/#breadcrumb\"},\"inLanguage\":\"en-US\",\"potentialAction\":[{\"@type\":\"ReadAction\",\"target\":[\"https:\\\/\\\/kohenavocats.com\\\/en\\\/tribunal-judiciaire-de-evry-le-19-septembre-2025-n25-00737-2\\\/\"]}]},{\"@type\":\"ImageObject\",\"inLanguage\":\"en-US\",\"@id\":\"https:\\\/\\\/kohenavocats.com\\\/en\\\/tribunal-judiciaire-de-evry-le-19-septembre-2025-n25-00737-2\\\/#primaryimage\",\"url\":\"https:\\\/\\\/kohenavocats.com\\\/wp-content\\\/uploads\\\/2024\\\/08\\\/vinh-PzXQ-ycHboI-unsplash.webp\",\"contentUrl\":\"https:\\\/\\\/kohenavocats.com\\\/wp-content\\\/uploads\\\/2024\\\/08\\\/vinh-PzXQ-ycHboI-unsplash.webp\",\"width\":6000,\"height\":3376},{\"@type\":\"BreadcrumbList\",\"@id\":\"https:\\\/\\\/kohenavocats.com\\\/en\\\/tribunal-judiciaire-de-evry-le-19-septembre-2025-n25-00737-2\\\/#breadcrumb\",\"itemListElement\":[{\"@type\":\"ListItem\",\"position\":1,\"name\":\"Home\",\"item\":\"https:\\\/\\\/kohenavocats.com\\\/en\\\/criminal-law-attorneys-in-paris-counsel-and-strategic-defense\\\/\"},{\"@type\":\"ListItem\",\"position\":2,\"name\":\"Tribunal judiciaire de Evry, le 19 septembre 2025, n\u00b025\\\/00737\"}]},{\"@type\":\"WebSite\",\"@id\":\"https:\\\/\\\/kohenavocats.com\\\/en\\\/#website\",\"url\":\"https:\\\/\\\/kohenavocats.com\\\/en\\\/\",\"name\":\"Kohen Avocats\",\"description\":\"Ma\u00eetre Hassan Kohen, avocat p\u00e9naliste \u00e0 Paris, intervient exclusivement en droit p\u00e9nal pour la d\u00e9fense des particuliers, notamment en mati\u00e8re d\u2019accusations de viol. Il assure un accompagnement rigoureux d\u00e8s la garde \u00e0 vue jusqu\u2019\u00e0 la Cour d\u2019assises, veillant au strict respect des garanties proc\u00e9durales.\",\"publisher\":{\"@id\":\"https:\\\/\\\/kohenavocats.com\\\/en\\\/#organization\"},\"potentialAction\":[{\"@type\":\"SearchAction\",\"target\":{\"@type\":\"EntryPoint\",\"urlTemplate\":\"https:\\\/\\\/kohenavocats.com\\\/en\\\/?s={search_term_string}\"},\"query-input\":{\"@type\":\"PropertyValueSpecification\",\"valueRequired\":true,\"valueName\":\"search_term_string\"}}],\"inLanguage\":\"en-US\"},{\"@type\":\"Organization\",\"@id\":\"https:\\\/\\\/kohenavocats.com\\\/en\\\/#organization\",\"name\":\"Kohen Avocats\",\"url\":\"https:\\\/\\\/kohenavocats.com\\\/en\\\/\",\"logo\":{\"@type\":\"ImageObject\",\"inLanguage\":\"en-US\",\"@id\":\"https:\\\/\\\/kohenavocats.com\\\/en\\\/#\\\/schema\\\/logo\\\/image\\\/\",\"url\":\"https:\\\/\\\/kohenavocats.com\\\/wp-content\\\/uploads\\\/2026\\\/01\\\/Logo-2-1.webp\",\"contentUrl\":\"https:\\\/\\\/kohenavocats.com\\\/wp-content\\\/uploads\\\/2026\\\/01\\\/Logo-2-1.webp\",\"width\":2114,\"height\":1253,\"caption\":\"Kohen Avocats\"},\"image\":{\"@id\":\"https:\\\/\\\/kohenavocats.com\\\/en\\\/#\\\/schema\\\/logo\\\/image\\\/\"}},{\"@type\":\"Person\",\"@id\":\"https:\\\/\\\/kohenavocats.com\\\/en\\\/#\\\/schema\\\/person\\\/761c9ba54fa1ca84d405cef0831ff751\",\"name\":\"Kohen\",\"image\":{\"@type\":\"ImageObject\",\"inLanguage\":\"en-US\",\"@id\":\"https:\\\/\\\/secure.gravatar.com\\\/avatar\\\/1c5e76ef76bbbfdd2b4da984e2bf2fa4056fd51a27d25ce2c332047f1dfd6e00?s=96&d=identicon&r=g\",\"url\":\"https:\\\/\\\/secure.gravatar.com\\\/avatar\\\/1c5e76ef76bbbfdd2b4da984e2bf2fa4056fd51a27d25ce2c332047f1dfd6e00?s=96&d=identicon&r=g\",\"contentUrl\":\"https:\\\/\\\/secure.gravatar.com\\\/avatar\\\/1c5e76ef76bbbfdd2b4da984e2bf2fa4056fd51a27d25ce2c332047f1dfd6e00?s=96&d=identicon&r=g\",\"caption\":\"Kohen\"},\"sameAs\":[\"https:\\\/\\\/www.linkedin.com\\\/in\\\/hassan-kohen-448548192\\\/\",\"https:\\\/\\\/www.youtube.com\\\/@Kohen-Avocats\"],\"url\":\"https:\\\/\\\/kohenavocats.com\\\/en\\\/author\\\/kohenmlk\\\/\"}]}<\/script>\n<!-- \/ Yoast SEO Premium plugin. -->","yoast_head_json":{"title":"Tribunal judiciaire de Evry, le 19 septembre 2025, n\u00b025\/00737 - Ma\u00eetre Hassan Kohen, avocat en droit p\u00e9nal \u00e0 Paris","description":"Le tribunal judiciaire d\u2019Evry, statuant en r\u00e9f\u00e9r\u00e9 le 19 septembre 2025, \u00e9tait saisi d\u2019une demande d\u2019injonction de liquidation d\u2019une pension de retraite. Un i...","robots":{"index":"index","follow":"follow","max-snippet":"max-snippet:-1","max-image-preview":"max-image-preview:large","max-video-preview":"max-video-preview:-1"},"canonical":"https:\/\/kohenavocats.com\/en\/tribunal-judiciaire-de-evry-le-19-septembre-2025-n25-00737-2\/","og_locale":"en_US","og_type":"article","og_title":"Tribunal judiciaire de Evry, le 19 septembre 2025, n\u00b025\/00737","og_description":"Le tribunal judiciaire d\u2019Evry, statuant en r\u00e9f\u00e9r\u00e9 le 19 septembre 2025, \u00e9tait saisi d\u2019une demande d\u2019injonction de liquidation d\u2019une pension de retraite. Un i...","og_url":"https:\/\/kohenavocats.com\/en\/tribunal-judiciaire-de-evry-le-19-septembre-2025-n25-00737-2\/","og_site_name":"Ma\u00eetre Hassan Kohen, avocat en droit p\u00e9nal \u00e0 Paris","article_published_time":"2026-04-24T03:37:35+00:00","og_image":[{"width":6000,"height":3376,"url":"https:\/\/kohenavocats.com\/wp-content\/uploads\/2024\/08\/vinh-PzXQ-ycHboI-unsplash.webp","type":"image\/webp"}],"author":"Kohen","twitter_card":"summary_large_image","twitter_misc":{"Written by":"Kohen","Est. reading time":"3 minutes"},"schema":{"@context":"https:\/\/schema.org","@graph":[{"@type":"Article","@id":"https:\/\/kohenavocats.com\/en\/tribunal-judiciaire-de-evry-le-19-septembre-2025-n25-00737-2\/#article","isPartOf":{"@id":"https:\/\/kohenavocats.com\/en\/tribunal-judiciaire-de-evry-le-19-septembre-2025-n25-00737-2\/"},"author":{"name":"Kohen","@id":"https:\/\/kohenavocats.com\/en\/#\/schema\/person\/761c9ba54fa1ca84d405cef0831ff751"},"headline":"Tribunal judiciaire de Evry, le 19 septembre 2025, n\u00b025\/00737","datePublished":"2026-04-24T03:37:35+00:00","mainEntityOfPage":{"@id":"https:\/\/kohenavocats.com\/en\/tribunal-judiciaire-de-evry-le-19-septembre-2025-n25-00737-2\/"},"wordCount":651,"commentCount":0,"publisher":{"@id":"https:\/\/kohenavocats.com\/en\/#organization"},"image":{"@id":"https:\/\/kohenavocats.com\/en\/tribunal-judiciaire-de-evry-le-19-septembre-2025-n25-00737-2\/#primaryimage"},"thumbnailUrl":"https:\/\/kohenavocats.com\/wp-content\/uploads\/2024\/08\/vinh-PzXQ-ycHboI-unsplash.webp","articleSection":["Jurisprudence"],"inLanguage":"en-US","potentialAction":[{"@type":"CommentAction","name":"Comment","target":["https:\/\/kohenavocats.com\/en\/tribunal-judiciaire-de-evry-le-19-septembre-2025-n25-00737-2\/#respond"]}],"citation":"Tribunal judiciaire de Evry, le 19 septembre 2025, n\u00b025\/00737","about":[{"@type":"Thing","name":"Jurisprudence"}],"dateModified":"2026-04-24T03:37:35+00:00","speakable":{"@type":"SpeakableSpecification","cssSelector":[".article-content > p:first-of-type"]}},{"@type":"WebPage","@id":"https:\/\/kohenavocats.com\/en\/tribunal-judiciaire-de-evry-le-19-septembre-2025-n25-00737-2\/","url":"https:\/\/kohenavocats.com\/en\/tribunal-judiciaire-de-evry-le-19-septembre-2025-n25-00737-2\/","name":"Tribunal judiciaire de Evry, le 19 septembre 2025, n\u00b025\/00737 - Ma\u00eetre Hassan Kohen, avocat en droit p\u00e9nal \u00e0 Paris","isPartOf":{"@id":"https:\/\/kohenavocats.com\/en\/#website"},"primaryImageOfPage":{"@id":"https:\/\/kohenavocats.com\/en\/tribunal-judiciaire-de-evry-le-19-septembre-2025-n25-00737-2\/#primaryimage"},"image":{"@id":"https:\/\/kohenavocats.com\/en\/tribunal-judiciaire-de-evry-le-19-septembre-2025-n25-00737-2\/#primaryimage"},"thumbnailUrl":"https:\/\/kohenavocats.com\/wp-content\/uploads\/2024\/08\/vinh-PzXQ-ycHboI-unsplash.webp","datePublished":"2026-04-24T03:37:35+00:00","description":"Le tribunal judiciaire d\u2019Evry, statuant en r\u00e9f\u00e9r\u00e9 le 19 septembre 2025, \u00e9tait saisi d\u2019une demande d\u2019injonction de liquidation d\u2019une pension de retraite. Un i...","breadcrumb":{"@id":"https:\/\/kohenavocats.com\/en\/tribunal-judiciaire-de-evry-le-19-septembre-2025-n25-00737-2\/#breadcrumb"},"inLanguage":"en-US","potentialAction":[{"@type":"ReadAction","target":["https:\/\/kohenavocats.com\/en\/tribunal-judiciaire-de-evry-le-19-septembre-2025-n25-00737-2\/"]}]},{"@type":"ImageObject","inLanguage":"en-US","@id":"https:\/\/kohenavocats.com\/en\/tribunal-judiciaire-de-evry-le-19-septembre-2025-n25-00737-2\/#primaryimage","url":"https:\/\/kohenavocats.com\/wp-content\/uploads\/2024\/08\/vinh-PzXQ-ycHboI-unsplash.webp","contentUrl":"https:\/\/kohenavocats.com\/wp-content\/uploads\/2024\/08\/vinh-PzXQ-ycHboI-unsplash.webp","width":6000,"height":3376},{"@type":"BreadcrumbList","@id":"https:\/\/kohenavocats.com\/en\/tribunal-judiciaire-de-evry-le-19-septembre-2025-n25-00737-2\/#breadcrumb","itemListElement":[{"@type":"ListItem","position":1,"name":"Home","item":"https:\/\/kohenavocats.com\/en\/criminal-law-attorneys-in-paris-counsel-and-strategic-defense\/"},{"@type":"ListItem","position":2,"name":"Tribunal judiciaire de Evry, le 19 septembre 2025, n\u00b025\/00737"}]},{"@type":"WebSite","@id":"https:\/\/kohenavocats.com\/en\/#website","url":"https:\/\/kohenavocats.com\/en\/","name":"Kohen Avocats","description":"Ma\u00eetre Hassan Kohen, avocat p\u00e9naliste \u00e0 Paris, intervient exclusivement en droit p\u00e9nal pour la d\u00e9fense des particuliers, notamment en mati\u00e8re d\u2019accusations de viol. Il assure un accompagnement rigoureux d\u00e8s la garde \u00e0 vue jusqu\u2019\u00e0 la Cour d\u2019assises, veillant au strict respect des garanties proc\u00e9durales.","publisher":{"@id":"https:\/\/kohenavocats.com\/en\/#organization"},"potentialAction":[{"@type":"SearchAction","target":{"@type":"EntryPoint","urlTemplate":"https:\/\/kohenavocats.com\/en\/?s={search_term_string}"},"query-input":{"@type":"PropertyValueSpecification","valueRequired":true,"valueName":"search_term_string"}}],"inLanguage":"en-US"},{"@type":"Organization","@id":"https:\/\/kohenavocats.com\/en\/#organization","name":"Kohen Avocats","url":"https:\/\/kohenavocats.com\/en\/","logo":{"@type":"ImageObject","inLanguage":"en-US","@id":"https:\/\/kohenavocats.com\/en\/#\/schema\/logo\/image\/","url":"https:\/\/kohenavocats.com\/wp-content\/uploads\/2026\/01\/Logo-2-1.webp","contentUrl":"https:\/\/kohenavocats.com\/wp-content\/uploads\/2026\/01\/Logo-2-1.webp","width":2114,"height":1253,"caption":"Kohen Avocats"},"image":{"@id":"https:\/\/kohenavocats.com\/en\/#\/schema\/logo\/image\/"}},{"@type":"Person","@id":"https:\/\/kohenavocats.com\/en\/#\/schema\/person\/761c9ba54fa1ca84d405cef0831ff751","name":"Kohen","image":{"@type":"ImageObject","inLanguage":"en-US","@id":"https:\/\/secure.gravatar.com\/avatar\/1c5e76ef76bbbfdd2b4da984e2bf2fa4056fd51a27d25ce2c332047f1dfd6e00?s=96&d=identicon&r=g","url":"https:\/\/secure.gravatar.com\/avatar\/1c5e76ef76bbbfdd2b4da984e2bf2fa4056fd51a27d25ce2c332047f1dfd6e00?s=96&d=identicon&r=g","contentUrl":"https:\/\/secure.gravatar.com\/avatar\/1c5e76ef76bbbfdd2b4da984e2bf2fa4056fd51a27d25ce2c332047f1dfd6e00?s=96&d=identicon&r=g","caption":"Kohen"},"sameAs":["https:\/\/www.linkedin.com\/in\/hassan-kohen-448548192\/","https:\/\/www.youtube.com\/@Kohen-Avocats"],"url":"https:\/\/kohenavocats.com\/en\/author\/kohenmlk\/"}]}},"jetpack_featured_media_url":"https:\/\/kohenavocats.com\/wp-content\/uploads\/2024\/08\/vinh-PzXQ-ycHboI-unsplash.webp","jetpack_likes_enabled":false,"jetpack_shortlink":"https:\/\/wp.me\/peCrII-2O1l","jetpack-related-posts":[{"id":483880,"url":"https:\/\/kohenavocats.com\/en\/tribunal-judiciaire-le-19-septembre-2025-n25-01441\/","url_meta":{"origin":668939,"position":0},"title":"Tribunal judiciaire, le 19 septembre 2025, n\u00b025\/01441","author":"Kohen","date":"8 April 2026","format":false,"excerpt":"Le tribunal judiciaire statuant en r\u00e9f\u00e9r\u00e9, par ordonnance du 19 septembre 2025, examine les demandes d'un bailleur commercial. Le locataire, non comparant, f...","rel":"","context":"In &quot;Jurisprudence&quot;","block_context":{"text":"Jurisprudence","link":"https:\/\/kohenavocats.com\/category\/jurisprudence\/"},"img":{"alt_text":"","src":"https:\/\/i0.wp.com\/kohenavocats.com\/wp-content\/uploads\/2024\/08\/sara-darcaj-YzamNB_T4WQ-unsplash.webp?resize=350%2C200&ssl=1","width":350,"height":200,"srcset":"https:\/\/i0.wp.com\/kohenavocats.com\/wp-content\/uploads\/2024\/08\/sara-darcaj-YzamNB_T4WQ-unsplash.webp?resize=350%2C200&ssl=1 1x, https:\/\/i0.wp.com\/kohenavocats.com\/wp-content\/uploads\/2024\/08\/sara-darcaj-YzamNB_T4WQ-unsplash.webp?resize=525%2C300&ssl=1 1.5x, https:\/\/i0.wp.com\/kohenavocats.com\/wp-content\/uploads\/2024\/08\/sara-darcaj-YzamNB_T4WQ-unsplash.webp?resize=700%2C400&ssl=1 2x, https:\/\/i0.wp.com\/kohenavocats.com\/wp-content\/uploads\/2024\/08\/sara-darcaj-YzamNB_T4WQ-unsplash.webp?resize=1050%2C600&ssl=1 3x, https:\/\/i0.wp.com\/kohenavocats.com\/wp-content\/uploads\/2024\/08\/sara-darcaj-YzamNB_T4WQ-unsplash.webp?resize=1400%2C800&ssl=1 4x"},"classes":[]},{"id":482639,"url":"https:\/\/kohenavocats.com\/en\/tribunal-judiciaire-le-20-novembre-2025-n25-03547\/","url_meta":{"origin":668939,"position":1},"title":"Tribunal judiciaire, le 20 novembre 2025, n\u00b025\/03547","author":"Kohen","date":"8 April 2026","format":false,"excerpt":"Le tribunal judiciaire sp\u00e9cialis\u00e9, statuant en r\u00e9f\u00e9r\u00e9, rejette la demande d\u2019un assur\u00e9 visant \u00e0 obtenir le recalcul de ses indemnit\u00e9s journali\u00e8res. L\u2019assur\u00e9 r...","rel":"","context":"In &quot;Jurisprudence&quot;","block_context":{"text":"Jurisprudence","link":"https:\/\/kohenavocats.com\/category\/jurisprudence\/"},"img":{"alt_text":"","src":"https:\/\/i0.wp.com\/kohenavocats.com\/wp-content\/uploads\/2024\/11\/zyanya-citlalli-0ITfUIWxi9k-unsplash.webp?resize=350%2C200&ssl=1","width":350,"height":200,"srcset":"https:\/\/i0.wp.com\/kohenavocats.com\/wp-content\/uploads\/2024\/11\/zyanya-citlalli-0ITfUIWxi9k-unsplash.webp?resize=350%2C200&ssl=1 1x, https:\/\/i0.wp.com\/kohenavocats.com\/wp-content\/uploads\/2024\/11\/zyanya-citlalli-0ITfUIWxi9k-unsplash.webp?resize=525%2C300&ssl=1 1.5x, https:\/\/i0.wp.com\/kohenavocats.com\/wp-content\/uploads\/2024\/11\/zyanya-citlalli-0ITfUIWxi9k-unsplash.webp?resize=700%2C400&ssl=1 2x, https:\/\/i0.wp.com\/kohenavocats.com\/wp-content\/uploads\/2024\/11\/zyanya-citlalli-0ITfUIWxi9k-unsplash.webp?resize=1050%2C600&ssl=1 3x, https:\/\/i0.wp.com\/kohenavocats.com\/wp-content\/uploads\/2024\/11\/zyanya-citlalli-0ITfUIWxi9k-unsplash.webp?resize=1400%2C800&ssl=1 4x"},"classes":[]},{"id":620348,"url":"https:\/\/kohenavocats.com\/en\/tribunal-judiciaire-de-chartres-le-9-septembre-2025-n25-00193\/","url_meta":{"origin":668939,"position":2},"title":"Tribunal judiciaire de Chartres, le 9 septembre 2025, n\u00b025\/00193","author":"Kohen","date":"20 April 2026","format":false,"excerpt":"Le tribunal judiciaire, statuant en r\u00e9f\u00e9r\u00e9 le 9 septembre 2025, \u00e9tait saisi par un syndicat. Ce dernier demandait l\u2019organisation sous astreinte d\u2019\u00e9lections p...","rel":"","context":"In &quot;Jurisprudence&quot;","block_context":{"text":"Jurisprudence","link":"https:\/\/kohenavocats.com\/category\/jurisprudence\/"},"img":{"alt_text":"","src":"https:\/\/i0.wp.com\/kohenavocats.com\/wp-content\/uploads\/2024\/08\/bastien-nvs-SkgPTTk_eXE-unsplash.webp?resize=350%2C200&ssl=1","width":350,"height":200,"srcset":"https:\/\/i0.wp.com\/kohenavocats.com\/wp-content\/uploads\/2024\/08\/bastien-nvs-SkgPTTk_eXE-unsplash.webp?resize=350%2C200&ssl=1 1x, https:\/\/i0.wp.com\/kohenavocats.com\/wp-content\/uploads\/2024\/08\/bastien-nvs-SkgPTTk_eXE-unsplash.webp?resize=525%2C300&ssl=1 1.5x, https:\/\/i0.wp.com\/kohenavocats.com\/wp-content\/uploads\/2024\/08\/bastien-nvs-SkgPTTk_eXE-unsplash.webp?resize=700%2C400&ssl=1 2x, https:\/\/i0.wp.com\/kohenavocats.com\/wp-content\/uploads\/2024\/08\/bastien-nvs-SkgPTTk_eXE-unsplash.webp?resize=1050%2C600&ssl=1 3x, https:\/\/i0.wp.com\/kohenavocats.com\/wp-content\/uploads\/2024\/08\/bastien-nvs-SkgPTTk_eXE-unsplash.webp?resize=1400%2C800&ssl=1 4x"},"classes":[]},{"id":481612,"url":"https:\/\/kohenavocats.com\/en\/tribunal-judiciaire-de-dijon-le-11-septembre-2025-n25-00371\/","url_meta":{"origin":668939,"position":3},"title":"Tribunal judiciaire de Dijon, le 11 septembre 2025, n\u00b025\/00371","author":"Kohen","date":"7 April 2026","format":false,"excerpt":"Le tribunal judiciaire de Dijon, statuant en r\u00e9f\u00e9r\u00e9 le 11 septembre 2025, examine plusieurs demandes entre propri\u00e9taires voisins. L\u2019affaire concerne principa...","rel":"","context":"In &quot;Jurisprudence&quot;","block_context":{"text":"Jurisprudence","link":"https:\/\/kohenavocats.com\/category\/jurisprudence\/"},"img":{"alt_text":"","src":"https:\/\/i0.wp.com\/kohenavocats.com\/wp-content\/uploads\/2024\/08\/rafael-garcin-DnyhSrgrrNc-unsplash.webp?resize=350%2C200&ssl=1","width":350,"height":200,"srcset":"https:\/\/i0.wp.com\/kohenavocats.com\/wp-content\/uploads\/2024\/08\/rafael-garcin-DnyhSrgrrNc-unsplash.webp?resize=350%2C200&ssl=1 1x, https:\/\/i0.wp.com\/kohenavocats.com\/wp-content\/uploads\/2024\/08\/rafael-garcin-DnyhSrgrrNc-unsplash.webp?resize=525%2C300&ssl=1 1.5x, https:\/\/i0.wp.com\/kohenavocats.com\/wp-content\/uploads\/2024\/08\/rafael-garcin-DnyhSrgrrNc-unsplash.webp?resize=700%2C400&ssl=1 2x, https:\/\/i0.wp.com\/kohenavocats.com\/wp-content\/uploads\/2024\/08\/rafael-garcin-DnyhSrgrrNc-unsplash.webp?resize=1050%2C600&ssl=1 3x, https:\/\/i0.wp.com\/kohenavocats.com\/wp-content\/uploads\/2024\/08\/rafael-garcin-DnyhSrgrrNc-unsplash.webp?resize=1400%2C800&ssl=1 4x"},"classes":[]},{"id":486969,"url":"https:\/\/kohenavocats.com\/en\/tribunal-judiciaire-de-clermont-ferrand-le-18-novembre-2025-n25-00033\/","url_meta":{"origin":668939,"position":4},"title":"Tribunal judiciaire de Clermont-Ferrand, le 18 novembre 2025, n\u00b025\/00033","author":"Kohen","date":"8 April 2026","format":false,"excerpt":"Le juge des contentieux de la protection, statuant en r\u00e9f\u00e9r\u00e9, a rendu une ordonnance le 18 novembre 2025. Le bailleur social demandait l\u2019acc\u00e8s au logement po...","rel":"","context":"In &quot;Jurisprudence&quot;","block_context":{"text":"Jurisprudence","link":"https:\/\/kohenavocats.com\/category\/jurisprudence\/"},"img":{"alt_text":"","src":"https:\/\/i0.wp.com\/kohenavocats.com\/wp-content\/uploads\/2024\/11\/shubham-dhage-ICCn56-jyuw-unsplash.webp?resize=350%2C200&ssl=1","width":350,"height":200,"srcset":"https:\/\/i0.wp.com\/kohenavocats.com\/wp-content\/uploads\/2024\/11\/shubham-dhage-ICCn56-jyuw-unsplash.webp?resize=350%2C200&ssl=1 1x, https:\/\/i0.wp.com\/kohenavocats.com\/wp-content\/uploads\/2024\/11\/shubham-dhage-ICCn56-jyuw-unsplash.webp?resize=525%2C300&ssl=1 1.5x, https:\/\/i0.wp.com\/kohenavocats.com\/wp-content\/uploads\/2024\/11\/shubham-dhage-ICCn56-jyuw-unsplash.webp?resize=700%2C400&ssl=1 2x, https:\/\/i0.wp.com\/kohenavocats.com\/wp-content\/uploads\/2024\/11\/shubham-dhage-ICCn56-jyuw-unsplash.webp?resize=1050%2C600&ssl=1 3x, https:\/\/i0.wp.com\/kohenavocats.com\/wp-content\/uploads\/2024\/11\/shubham-dhage-ICCn56-jyuw-unsplash.webp?resize=1400%2C800&ssl=1 4x"},"classes":[]},{"id":670240,"url":"https:\/\/kohenavocats.com\/en\/tribunal-judiciaire-de-saint-etienne-le-18-septembre-2025-n25-00519-2\/","url_meta":{"origin":668939,"position":5},"title":"Tribunal judiciaire de Saint-Etienne, le 18 septembre 2025, n\u00b025\/00519","author":"Kohen","date":"24 April 2026","format":false,"excerpt":"Le tribunal judiciaire, statuant en r\u00e9f\u00e9r\u00e9 le 18 septembre 2025, se prononce sur la restitution d\u2019un animal domestique. Apr\u00e8s une cession en 2020 puis un nou...","rel":"","context":"In &quot;Code des assurances&quot;","block_context":{"text":"Code des assurances","link":"https:\/\/kohenavocats.com\/category\/code-des-assurances\/"},"img":{"alt_text":"","src":"https:\/\/i0.wp.com\/kohenavocats.com\/wp-content\/uploads\/2024\/11\/getty-images-UahLMixvshE-unsplash.webp?resize=350%2C200&ssl=1","width":350,"height":200,"srcset":"https:\/\/i0.wp.com\/kohenavocats.com\/wp-content\/uploads\/2024\/11\/getty-images-UahLMixvshE-unsplash.webp?resize=350%2C200&ssl=1 1x, https:\/\/i0.wp.com\/kohenavocats.com\/wp-content\/uploads\/2024\/11\/getty-images-UahLMixvshE-unsplash.webp?resize=525%2C300&ssl=1 1.5x, https:\/\/i0.wp.com\/kohenavocats.com\/wp-content\/uploads\/2024\/11\/getty-images-UahLMixvshE-unsplash.webp?resize=700%2C400&ssl=1 2x, https:\/\/i0.wp.com\/kohenavocats.com\/wp-content\/uploads\/2024\/11\/getty-images-UahLMixvshE-unsplash.webp?resize=1050%2C600&ssl=1 3x, https:\/\/i0.wp.com\/kohenavocats.com\/wp-content\/uploads\/2024\/11\/getty-images-UahLMixvshE-unsplash.webp?resize=1400%2C800&ssl=1 4x"},"classes":[]}],"jetpack_sharing_enabled":true,"_links":{"self":[{"href":"https:\/\/kohenavocats.com\/en\/wp-json\/wp\/v2\/posts\/668939","targetHints":{"allow":["GET"]}}],"collection":[{"href":"https:\/\/kohenavocats.com\/en\/wp-json\/wp\/v2\/posts"}],"about":[{"href":"https:\/\/kohenavocats.com\/en\/wp-json\/wp\/v2\/types\/post"}],"author":[{"embeddable":true,"href":"https:\/\/kohenavocats.com\/en\/wp-json\/wp\/v2\/users\/232070755"}],"replies":[{"embeddable":true,"href":"https:\/\/kohenavocats.com\/en\/wp-json\/wp\/v2\/comments?post=668939"}],"version-history":[{"count":0,"href":"https:\/\/kohenavocats.com\/en\/wp-json\/wp\/v2\/posts\/668939\/revisions"}],"wp:featuredmedia":[{"embeddable":true,"href":"https:\/\/kohenavocats.com\/en\/wp-json\/wp\/v2\/media\/4872"}],"wp:attachment":[{"href":"https:\/\/kohenavocats.com\/en\/wp-json\/wp\/v2\/media?parent=668939"}],"wp:term":[{"taxonomy":"category","embeddable":true,"href":"https:\/\/kohenavocats.com\/en\/wp-json\/wp\/v2\/categories?post=668939"},{"taxonomy":"post_tag","embeddable":true,"href":"https:\/\/kohenavocats.com\/en\/wp-json\/wp\/v2\/tags?post=668939"}],"curies":[{"name":"wp","href":"https:\/\/api.w.org\/{rel}","templated":true}]}}