{"id":668957,"date":"2026-04-24T05:37:48","date_gmt":"2026-04-24T03:37:48","guid":{"rendered":"https:\/\/kohenavocats.com\/tribunal-judiciaire-de-versailles-le-12-juin-2025-n24-00843\/"},"modified":"2026-04-26T18:12:08","modified_gmt":"2026-04-26T16:12:08","slug":"tribunal-judiciaire-de-versailles-le-12-juin-2025-n24-00843","status":"publish","type":"post","link":"https:\/\/kohenavocats.com\/en\/tribunal-judiciaire-de-versailles-le-12-juin-2025-n24-00843\/","title":{"rendered":"Tribunal judiciaire de Versailles, le 12 juin 2025, n\u00b024\/00843"},"content":{"rendered":"<div class=\"article-content\">\n<p>Le juge des contentieux de la protection a rendu un jugement contradictoire le 12 juin 2025. Une soci\u00e9t\u00e9 bailleur a engag\u00e9 une proc\u00e9dure contre deux colocataires pour impay\u00e9s. Elle demandait la r\u00e9siliation du bail, l&#8217;expulsion, le paiement des sommes dues et la solidarit\u00e9 des deux locataires. Le juge a constat\u00e9 la r\u00e9siliation du bail et condamn\u00e9 le locataire restant aux paiements et \u00e0 l&#8217;expulsion. Il a en revanche rejet\u00e9 la demande de solidarit\u00e9 contre la colocataire partie, apr\u00e8s avoir \u00e9cart\u00e9 une clause contractuelle.<\/p>\n<p>La r\u00e9gularit\u00e9 proc\u00e9durale conditionne l&#8217;examen des demandes substantielles.<\/p>\n<p>Le juge v\u00e9rifie d&#8217;abord le strict respect des formalit\u00e9s pr\u00e9alables \u00e0 l&#8217;action. La notification de l&#8217;assignation au pr\u00e9fet a \u00e9t\u00e9 effectu\u00e9e en temps utile, soit &#8220;au moins six semaines avant l&#8217;audience&#8221; (article 24 III de la loi du 6 juillet 1989). La saisine de la commission de coordination \u00e9tait \u00e9galement r\u00e9guli\u00e8re, intervenue &#8220;deux mois au moins avant la d\u00e9livrance de l\u2019assignation&#8221; (article 24 II). Ces v\u00e9rifications pr\u00e9alables assurent la recevabilit\u00e9 de la demande en constat de r\u00e9siliation. Le formalisme protecteur est ainsi scrupuleusement appliqu\u00e9 pour encadrer une proc\u00e9dure aux cons\u00e9quences graves.<\/p>\n<p>L&#8217;examen du fond r\u00e9v\u00e8le ensuite une application stricte des textes protecteurs. Le juge \u00e9carte toute clause faisant supporter au locataire des frais de recouvrement, en rappelant que &#8220;toute clause qui fait supporter au locataire des frais de relance ou d&#8217;exp\u00e9dition de la quittance ainsi que les frais de proc\u00e9dure&#8221; est r\u00e9put\u00e9e non \u00e9crite (article 4 p) de la loi n\u00b089-462 du 6 juillet 1989). Il proc\u00e8de \u00e0 la rectification du d\u00e9compte en cons\u00e9quence. Cette analyse prot\u00e8ge le locataire contre les charges abusives et limite la cr\u00e9ance du bailleur au seul arri\u00e9r\u00e9 locatif d\u00fbment justifi\u00e9.<\/p>\n<p>La limitation l\u00e9gale de la solidarit\u00e9 en <a href=\"https:\/\/kohenavocats.fr\/avocat-colocation-paris-sous-location-bail-colocataires\/\" target=\"_blank\" title=\"colocation\">colocation<\/a> constitue le c\u0153ur de la d\u00e9cision.<\/p>\n<p>Le juge neutralise une clause contractuelle d\u00e9rogeant \u00e0 l&#8217;ordre public. Le bail pr\u00e9voyait une solidarit\u00e9 de deux ans apr\u00e8s le cong\u00e9 d&#8217;un colocataire. Le juge rappelle que la loi d\u00e9finit la colocation et limite strictement la solidarit\u00e9. &#8220;La solidarit\u00e9 d\u2019un des colocataires et celle de la personne qui s\u2019est port\u00e9e <a href=\"https:\/\/kohenavocats.fr\/avocat-depot-garantie-paris\/\" target=\"_blank\" title=\"caution\">caution<\/a> pour lui prennent fin \u00e0 la date d\u2019effet du cong\u00e9 r\u00e9guli\u00e8rement d\u00e9livr\u00e9&#8221; (article 8-1 I et VI de la loi n\u00b089-462 du 6 juillet 1989), avec un d\u00e9lai maximum de six mois. Il d\u00e9clare donc abusive la clause pr\u00e9voyant une solidarit\u00e9 sup\u00e9rieure. Cette application rigoureuse de la loi, d&#8217;ordre public, pr\u00e9vaut sur la volont\u00e9 des parties et prot\u00e8ge le colocataire sortant.<\/p>\n<p>La lib\u00e9ration de la colocataire est confirm\u00e9e par les r\u00e8gles d&#8217;imputation des paiements. Le locataire restant a effectu\u00e9 des versements apr\u00e8s le d\u00e9part de sa colocataire sans en pr\u00e9ciser l&#8217;affectation. Le juge applique alors les r\u00e8gles du code civil. &#8220;A d\u00e9faut d\u2019indication par le d\u00e9biteur, l\u2019imputation a lieu comme suit : d\u2019abord sur les dettes \u00e9chues ; parmi celles-ci, sur les dettes que le d\u00e9biteur avait le plus d\u2019int\u00e9r\u00eat d\u2019acquitter&#8221; (article 1342-10 du code civil). Les paiements sont donc imput\u00e9s sur les dettes les plus anciennes, \u00e9teignant la part pour laquelle la colocataire \u00e9tait solidaire. Cette m\u00e9canique juridique aboutit \u00e0 sa lib\u00e9ration compl\u00e8te.<\/p>\n<p>La port\u00e9e de la d\u00e9cision renforce la protection l\u00e9gale des colocataires.<\/p>\n<p>Elle affirme avec force le caract\u00e8re d&#8217;ordre public de la limitation de solidarit\u00e9. En \u00e9cartant la clause contractuelle, le juge rappelle que &#8220;ces dispositions sont d\u2019ordre public&#8221; (article 2 de la loi n\u00b089-462 du 6 juillet 1989). Cette qualification interdit toute convention contraire, m\u00eame accept\u00e9e par les locataires au moment de la signature. La protection institu\u00e9e par le l\u00e9gislateur est ainsi intangible. Elle vise \u00e0 \u00e9viter qu&#8217;un colocataire ne reste ind\u00e9finiment tenu des dettes apr\u00e8s son d\u00e9part, facilitant la mobilit\u00e9 r\u00e9sidentielle.<\/p>\n<p>La solution op\u00e8re une conciliation entre les int\u00e9r\u00eats du bailleur et la s\u00e9curit\u00e9 juridique des colocataires. Le bailleur obtient gain de cause sur le principe de la r\u00e9siliation et du recouvrement contre le locataire d\u00e9faillant restant. Cependant, il ne peut \u00e9tendre ind\u00fbment sa garantie de paiement. Cette jurisprudence s&#8217;inscrit dans la lign\u00e9e des d\u00e9cisions prot\u00e9geant les cod\u00e9biteurs contre une solidarit\u00e9 excessive. Elle rappelle que la solidarit\u00e9, en mati\u00e8re de bail d&#8217;habitation, est strictement encadr\u00e9e par la loi. Le juge veille \u00e0 son application litt\u00e9rale, garantissant une s\u00e9curit\u00e9 juridique pr\u00e9visible pour toutes les parties impliqu\u00e9es dans une colocation.<\/p>\n<\/div>\n","protected":false},"excerpt":{"rendered":"<p>Le juge des contentieux de la protection a rendu un jugement contradictoire le 12 juin 2025. Une soci\u00e9t\u00e9 bailleur a engag\u00e9 une proc\u00e9dure contre deux colocata&#8230;<\/p>\n","protected":false},"author":232070755,"featured_media":4831,"comment_status":"open","ping_status":"open","sticky":false,"template":"","format":"standard","meta":{"_crdt_document":"","_jetpack_newsletter_access":"","_jetpack_dont_email_post_to_subs":false,"_jetpack_newsletter_tier_id":0,"_jetpack_memberships_contains_paywalled_content":false,"_kj_source_type":"","_kj_official_id":"","_kj_official_url":"","_kj_judilibre_id":"","_kj_jur":"","_kj_lieu":"","_kj_chambre":"","_kj_rg":"","_kj_date":"","_jetpack_memberships_contains_paid_content":false,"footnotes":"","jetpack_post_was_ever_published":false},"categories":[35583,7597],"tags":[],"class_list":["post-668957","post","type-post","status-publish","format-standard","has-post-thumbnail","hentry","category-immobilier","category-jurisprudence"],"yoast_head":"<!-- This site is optimized with the Yoast SEO Premium plugin v27.5 (Yoast SEO v27.5) - https:\/\/yoast.com\/product\/yoast-seo-premium-wordpress\/ -->\n<title>Tribunal judiciaire de Versailles, le 12 juin 2025, n\u00b024\/00843 - Ma\u00eetre Hassan Kohen, avocat en droit p\u00e9nal \u00e0 Paris<\/title>\n<meta name=\"description\" content=\"Le juge des contentieux de la protection a rendu un jugement contradictoire le 12 juin 2025. Une soci\u00e9t\u00e9 bailleur a engag\u00e9 une proc\u00e9dure contre deux colocata...\" \/>\n<meta name=\"robots\" content=\"index, follow, max-snippet:-1, max-image-preview:large, max-video-preview:-1\" \/>\n<link rel=\"canonical\" href=\"https:\/\/kohenavocats.com\/en\/tribunal-judiciaire-de-versailles-le-12-juin-2025-n24-00843\/\" \/>\n<meta property=\"og:locale\" content=\"en_US\" \/>\n<meta property=\"og:type\" content=\"article\" \/>\n<meta property=\"og:title\" content=\"Tribunal judiciaire de Versailles, le 12 juin 2025, n\u00b024\/00843\" \/>\n<meta property=\"og:description\" content=\"Le juge des contentieux de la protection a rendu un jugement contradictoire le 12 juin 2025. Une soci\u00e9t\u00e9 bailleur a engag\u00e9 une proc\u00e9dure contre deux colocata...\" \/>\n<meta property=\"og:url\" content=\"https:\/\/kohenavocats.com\/en\/tribunal-judiciaire-de-versailles-le-12-juin-2025-n24-00843\/\" \/>\n<meta property=\"og:site_name\" content=\"Ma\u00eetre Hassan Kohen, avocat en droit p\u00e9nal \u00e0 Paris\" \/>\n<meta property=\"article:published_time\" content=\"2026-04-24T03:37:48+00:00\" \/>\n<meta property=\"article:modified_time\" content=\"2026-04-26T16:12:08+00:00\" \/>\n<meta property=\"og:image\" content=\"https:\/\/kohenavocats.com\/wp-content\/uploads\/2024\/08\/felix-fuchs-P4NdKIesk_A-unsplash.webp\" \/>\n\t<meta property=\"og:image:width\" content=\"6240\" \/>\n\t<meta property=\"og:image:height\" content=\"4160\" \/>\n\t<meta property=\"og:image:type\" content=\"image\/webp\" \/>\n<meta name=\"author\" content=\"Kohen\" \/>\n<meta name=\"twitter:card\" content=\"summary_large_image\" \/>\n<meta name=\"twitter:label1\" content=\"Written by\" \/>\n\t<meta name=\"twitter:data1\" content=\"Kohen\" \/>\n\t<meta name=\"twitter:label2\" content=\"Est. reading time\" \/>\n\t<meta name=\"twitter:data2\" content=\"4 minutes\" \/>\n<script type=\"application\/ld+json\" class=\"yoast-schema-graph\">{\"@context\":\"https:\\\/\\\/schema.org\",\"@graph\":[{\"@type\":\"Article\",\"@id\":\"https:\\\/\\\/kohenavocats.com\\\/en\\\/tribunal-judiciaire-de-versailles-le-12-juin-2025-n24-00843\\\/#article\",\"isPartOf\":{\"@id\":\"https:\\\/\\\/kohenavocats.com\\\/en\\\/tribunal-judiciaire-de-versailles-le-12-juin-2025-n24-00843\\\/\"},\"author\":{\"name\":\"Kohen\",\"@id\":\"https:\\\/\\\/kohenavocats.com\\\/en\\\/#\\\/schema\\\/person\\\/761c9ba54fa1ca84d405cef0831ff751\"},\"headline\":\"Tribunal judiciaire de Versailles, le 12 juin 2025, n\u00b024\\\/00843\",\"datePublished\":\"2026-04-24T03:37:48+00:00\",\"dateModified\":\"2026-04-26T16:12:08+00:00\",\"mainEntityOfPage\":{\"@id\":\"https:\\\/\\\/kohenavocats.com\\\/en\\\/tribunal-judiciaire-de-versailles-le-12-juin-2025-n24-00843\\\/\"},\"wordCount\":804,\"commentCount\":0,\"publisher\":{\"@id\":\"https:\\\/\\\/kohenavocats.com\\\/en\\\/#organization\"},\"image\":{\"@id\":\"https:\\\/\\\/kohenavocats.com\\\/en\\\/tribunal-judiciaire-de-versailles-le-12-juin-2025-n24-00843\\\/#primaryimage\"},\"thumbnailUrl\":\"https:\\\/\\\/kohenavocats.com\\\/wp-content\\\/uploads\\\/2024\\\/08\\\/felix-fuchs-P4NdKIesk_A-unsplash.webp\",\"articleSection\":[\"Immobilier\",\"Jurisprudence\"],\"inLanguage\":\"en-US\",\"potentialAction\":[{\"@type\":\"CommentAction\",\"name\":\"Comment\",\"target\":[\"https:\\\/\\\/kohenavocats.com\\\/en\\\/tribunal-judiciaire-de-versailles-le-12-juin-2025-n24-00843\\\/#respond\"]}],\"citation\":\"Tribunal judiciaire de Versailles, le 12 juin 2025, n\u00b024\\\/00843\",\"about\":[{\"@type\":\"Thing\",\"name\":\"Immobilier\"},{\"@type\":\"Thing\",\"name\":\"Jurisprudence\"}],\"speakable\":{\"@type\":\"SpeakableSpecification\",\"cssSelector\":[\".article-content > p:first-of-type\"]}},{\"@type\":\"WebPage\",\"@id\":\"https:\\\/\\\/kohenavocats.com\\\/en\\\/tribunal-judiciaire-de-versailles-le-12-juin-2025-n24-00843\\\/\",\"url\":\"https:\\\/\\\/kohenavocats.com\\\/en\\\/tribunal-judiciaire-de-versailles-le-12-juin-2025-n24-00843\\\/\",\"name\":\"Tribunal judiciaire de Versailles, le 12 juin 2025, n\u00b024\\\/00843 - Ma\u00eetre Hassan Kohen, avocat en droit p\u00e9nal \u00e0 Paris\",\"isPartOf\":{\"@id\":\"https:\\\/\\\/kohenavocats.com\\\/en\\\/#website\"},\"primaryImageOfPage\":{\"@id\":\"https:\\\/\\\/kohenavocats.com\\\/en\\\/tribunal-judiciaire-de-versailles-le-12-juin-2025-n24-00843\\\/#primaryimage\"},\"image\":{\"@id\":\"https:\\\/\\\/kohenavocats.com\\\/en\\\/tribunal-judiciaire-de-versailles-le-12-juin-2025-n24-00843\\\/#primaryimage\"},\"thumbnailUrl\":\"https:\\\/\\\/kohenavocats.com\\\/wp-content\\\/uploads\\\/2024\\\/08\\\/felix-fuchs-P4NdKIesk_A-unsplash.webp\",\"datePublished\":\"2026-04-24T03:37:48+00:00\",\"dateModified\":\"2026-04-26T16:12:08+00:00\",\"description\":\"Le juge des contentieux de la protection a rendu un jugement contradictoire le 12 juin 2025. Une soci\u00e9t\u00e9 bailleur a engag\u00e9 une proc\u00e9dure contre deux colocata...\",\"breadcrumb\":{\"@id\":\"https:\\\/\\\/kohenavocats.com\\\/en\\\/tribunal-judiciaire-de-versailles-le-12-juin-2025-n24-00843\\\/#breadcrumb\"},\"inLanguage\":\"en-US\",\"potentialAction\":[{\"@type\":\"ReadAction\",\"target\":[\"https:\\\/\\\/kohenavocats.com\\\/en\\\/tribunal-judiciaire-de-versailles-le-12-juin-2025-n24-00843\\\/\"]}]},{\"@type\":\"ImageObject\",\"inLanguage\":\"en-US\",\"@id\":\"https:\\\/\\\/kohenavocats.com\\\/en\\\/tribunal-judiciaire-de-versailles-le-12-juin-2025-n24-00843\\\/#primaryimage\",\"url\":\"https:\\\/\\\/kohenavocats.com\\\/wp-content\\\/uploads\\\/2024\\\/08\\\/felix-fuchs-P4NdKIesk_A-unsplash.webp\",\"contentUrl\":\"https:\\\/\\\/kohenavocats.com\\\/wp-content\\\/uploads\\\/2024\\\/08\\\/felix-fuchs-P4NdKIesk_A-unsplash.webp\",\"width\":6240,\"height\":4160},{\"@type\":\"BreadcrumbList\",\"@id\":\"https:\\\/\\\/kohenavocats.com\\\/en\\\/tribunal-judiciaire-de-versailles-le-12-juin-2025-n24-00843\\\/#breadcrumb\",\"itemListElement\":[{\"@type\":\"ListItem\",\"position\":1,\"name\":\"Home\",\"item\":\"https:\\\/\\\/kohenavocats.com\\\/en\\\/criminal-law-attorneys-in-paris-counsel-and-strategic-defense\\\/\"},{\"@type\":\"ListItem\",\"position\":2,\"name\":\"Tribunal judiciaire de Versailles, le 12 juin 2025, n\u00b024\\\/00843\"}]},{\"@type\":\"WebSite\",\"@id\":\"https:\\\/\\\/kohenavocats.com\\\/en\\\/#website\",\"url\":\"https:\\\/\\\/kohenavocats.com\\\/en\\\/\",\"name\":\"Kohen Avocats\",\"description\":\"Ma\u00eetre Hassan Kohen, avocat p\u00e9naliste \u00e0 Paris, intervient exclusivement en droit p\u00e9nal pour la d\u00e9fense des particuliers, notamment en mati\u00e8re d\u2019accusations de viol. Il assure un accompagnement rigoureux d\u00e8s la garde \u00e0 vue jusqu\u2019\u00e0 la Cour d\u2019assises, veillant au strict respect des garanties proc\u00e9durales.\",\"publisher\":{\"@id\":\"https:\\\/\\\/kohenavocats.com\\\/en\\\/#organization\"},\"potentialAction\":[{\"@type\":\"SearchAction\",\"target\":{\"@type\":\"EntryPoint\",\"urlTemplate\":\"https:\\\/\\\/kohenavocats.com\\\/en\\\/?s={search_term_string}\"},\"query-input\":{\"@type\":\"PropertyValueSpecification\",\"valueRequired\":true,\"valueName\":\"search_term_string\"}}],\"inLanguage\":\"en-US\"},{\"@type\":\"Organization\",\"@id\":\"https:\\\/\\\/kohenavocats.com\\\/en\\\/#organization\",\"name\":\"Kohen Avocats\",\"url\":\"https:\\\/\\\/kohenavocats.com\\\/en\\\/\",\"logo\":{\"@type\":\"ImageObject\",\"inLanguage\":\"en-US\",\"@id\":\"https:\\\/\\\/kohenavocats.com\\\/en\\\/#\\\/schema\\\/logo\\\/image\\\/\",\"url\":\"https:\\\/\\\/kohenavocats.com\\\/wp-content\\\/uploads\\\/2026\\\/01\\\/Logo-2-1.webp\",\"contentUrl\":\"https:\\\/\\\/kohenavocats.com\\\/wp-content\\\/uploads\\\/2026\\\/01\\\/Logo-2-1.webp\",\"width\":2114,\"height\":1253,\"caption\":\"Kohen Avocats\"},\"image\":{\"@id\":\"https:\\\/\\\/kohenavocats.com\\\/en\\\/#\\\/schema\\\/logo\\\/image\\\/\"}},{\"@type\":\"Person\",\"@id\":\"https:\\\/\\\/kohenavocats.com\\\/en\\\/#\\\/schema\\\/person\\\/761c9ba54fa1ca84d405cef0831ff751\",\"name\":\"Kohen\",\"image\":{\"@type\":\"ImageObject\",\"inLanguage\":\"en-US\",\"@id\":\"https:\\\/\\\/secure.gravatar.com\\\/avatar\\\/1c5e76ef76bbbfdd2b4da984e2bf2fa4056fd51a27d25ce2c332047f1dfd6e00?s=96&d=identicon&r=g\",\"url\":\"https:\\\/\\\/secure.gravatar.com\\\/avatar\\\/1c5e76ef76bbbfdd2b4da984e2bf2fa4056fd51a27d25ce2c332047f1dfd6e00?s=96&d=identicon&r=g\",\"contentUrl\":\"https:\\\/\\\/secure.gravatar.com\\\/avatar\\\/1c5e76ef76bbbfdd2b4da984e2bf2fa4056fd51a27d25ce2c332047f1dfd6e00?s=96&d=identicon&r=g\",\"caption\":\"Kohen\"},\"sameAs\":[\"https:\\\/\\\/www.linkedin.com\\\/in\\\/hassan-kohen-448548192\\\/\",\"https:\\\/\\\/www.youtube.com\\\/@Kohen-Avocats\"],\"url\":\"https:\\\/\\\/kohenavocats.com\\\/en\\\/author\\\/kohenmlk\\\/\"}]}<\/script>\n<!-- \/ Yoast SEO Premium plugin. -->","yoast_head_json":{"title":"Tribunal judiciaire de Versailles, le 12 juin 2025, n\u00b024\/00843 - Ma\u00eetre Hassan Kohen, avocat en droit p\u00e9nal \u00e0 Paris","description":"Le juge des contentieux de la protection a rendu un jugement contradictoire le 12 juin 2025. Une soci\u00e9t\u00e9 bailleur a engag\u00e9 une proc\u00e9dure contre deux colocata...","robots":{"index":"index","follow":"follow","max-snippet":"max-snippet:-1","max-image-preview":"max-image-preview:large","max-video-preview":"max-video-preview:-1"},"canonical":"https:\/\/kohenavocats.com\/en\/tribunal-judiciaire-de-versailles-le-12-juin-2025-n24-00843\/","og_locale":"en_US","og_type":"article","og_title":"Tribunal judiciaire de Versailles, le 12 juin 2025, n\u00b024\/00843","og_description":"Le juge des contentieux de la protection a rendu un jugement contradictoire le 12 juin 2025. Une soci\u00e9t\u00e9 bailleur a engag\u00e9 une proc\u00e9dure contre deux colocata...","og_url":"https:\/\/kohenavocats.com\/en\/tribunal-judiciaire-de-versailles-le-12-juin-2025-n24-00843\/","og_site_name":"Ma\u00eetre Hassan Kohen, avocat en droit p\u00e9nal \u00e0 Paris","article_published_time":"2026-04-24T03:37:48+00:00","article_modified_time":"2026-04-26T16:12:08+00:00","og_image":[{"width":6240,"height":4160,"url":"https:\/\/kohenavocats.com\/wp-content\/uploads\/2024\/08\/felix-fuchs-P4NdKIesk_A-unsplash.webp","type":"image\/webp"}],"author":"Kohen","twitter_card":"summary_large_image","twitter_misc":{"Written by":"Kohen","Est. reading time":"4 minutes"},"schema":{"@context":"https:\/\/schema.org","@graph":[{"@type":"Article","@id":"https:\/\/kohenavocats.com\/en\/tribunal-judiciaire-de-versailles-le-12-juin-2025-n24-00843\/#article","isPartOf":{"@id":"https:\/\/kohenavocats.com\/en\/tribunal-judiciaire-de-versailles-le-12-juin-2025-n24-00843\/"},"author":{"name":"Kohen","@id":"https:\/\/kohenavocats.com\/en\/#\/schema\/person\/761c9ba54fa1ca84d405cef0831ff751"},"headline":"Tribunal judiciaire de Versailles, le 12 juin 2025, n\u00b024\/00843","datePublished":"2026-04-24T03:37:48+00:00","dateModified":"2026-04-26T16:12:08+00:00","mainEntityOfPage":{"@id":"https:\/\/kohenavocats.com\/en\/tribunal-judiciaire-de-versailles-le-12-juin-2025-n24-00843\/"},"wordCount":804,"commentCount":0,"publisher":{"@id":"https:\/\/kohenavocats.com\/en\/#organization"},"image":{"@id":"https:\/\/kohenavocats.com\/en\/tribunal-judiciaire-de-versailles-le-12-juin-2025-n24-00843\/#primaryimage"},"thumbnailUrl":"https:\/\/kohenavocats.com\/wp-content\/uploads\/2024\/08\/felix-fuchs-P4NdKIesk_A-unsplash.webp","articleSection":["Immobilier","Jurisprudence"],"inLanguage":"en-US","potentialAction":[{"@type":"CommentAction","name":"Comment","target":["https:\/\/kohenavocats.com\/en\/tribunal-judiciaire-de-versailles-le-12-juin-2025-n24-00843\/#respond"]}],"citation":"Tribunal judiciaire de Versailles, le 12 juin 2025, n\u00b024\/00843","about":[{"@type":"Thing","name":"Immobilier"},{"@type":"Thing","name":"Jurisprudence"}],"speakable":{"@type":"SpeakableSpecification","cssSelector":[".article-content > p:first-of-type"]}},{"@type":"WebPage","@id":"https:\/\/kohenavocats.com\/en\/tribunal-judiciaire-de-versailles-le-12-juin-2025-n24-00843\/","url":"https:\/\/kohenavocats.com\/en\/tribunal-judiciaire-de-versailles-le-12-juin-2025-n24-00843\/","name":"Tribunal judiciaire de Versailles, le 12 juin 2025, n\u00b024\/00843 - Ma\u00eetre Hassan Kohen, avocat en droit p\u00e9nal \u00e0 Paris","isPartOf":{"@id":"https:\/\/kohenavocats.com\/en\/#website"},"primaryImageOfPage":{"@id":"https:\/\/kohenavocats.com\/en\/tribunal-judiciaire-de-versailles-le-12-juin-2025-n24-00843\/#primaryimage"},"image":{"@id":"https:\/\/kohenavocats.com\/en\/tribunal-judiciaire-de-versailles-le-12-juin-2025-n24-00843\/#primaryimage"},"thumbnailUrl":"https:\/\/kohenavocats.com\/wp-content\/uploads\/2024\/08\/felix-fuchs-P4NdKIesk_A-unsplash.webp","datePublished":"2026-04-24T03:37:48+00:00","dateModified":"2026-04-26T16:12:08+00:00","description":"Le juge des contentieux de la protection a rendu un jugement contradictoire le 12 juin 2025. Une soci\u00e9t\u00e9 bailleur a engag\u00e9 une proc\u00e9dure contre deux colocata...","breadcrumb":{"@id":"https:\/\/kohenavocats.com\/en\/tribunal-judiciaire-de-versailles-le-12-juin-2025-n24-00843\/#breadcrumb"},"inLanguage":"en-US","potentialAction":[{"@type":"ReadAction","target":["https:\/\/kohenavocats.com\/en\/tribunal-judiciaire-de-versailles-le-12-juin-2025-n24-00843\/"]}]},{"@type":"ImageObject","inLanguage":"en-US","@id":"https:\/\/kohenavocats.com\/en\/tribunal-judiciaire-de-versailles-le-12-juin-2025-n24-00843\/#primaryimage","url":"https:\/\/kohenavocats.com\/wp-content\/uploads\/2024\/08\/felix-fuchs-P4NdKIesk_A-unsplash.webp","contentUrl":"https:\/\/kohenavocats.com\/wp-content\/uploads\/2024\/08\/felix-fuchs-P4NdKIesk_A-unsplash.webp","width":6240,"height":4160},{"@type":"BreadcrumbList","@id":"https:\/\/kohenavocats.com\/en\/tribunal-judiciaire-de-versailles-le-12-juin-2025-n24-00843\/#breadcrumb","itemListElement":[{"@type":"ListItem","position":1,"name":"Home","item":"https:\/\/kohenavocats.com\/en\/criminal-law-attorneys-in-paris-counsel-and-strategic-defense\/"},{"@type":"ListItem","position":2,"name":"Tribunal judiciaire de Versailles, le 12 juin 2025, n\u00b024\/00843"}]},{"@type":"WebSite","@id":"https:\/\/kohenavocats.com\/en\/#website","url":"https:\/\/kohenavocats.com\/en\/","name":"Kohen Avocats","description":"Ma\u00eetre Hassan Kohen, avocat p\u00e9naliste \u00e0 Paris, intervient exclusivement en droit p\u00e9nal pour la d\u00e9fense des particuliers, notamment en mati\u00e8re d\u2019accusations de viol. Il assure un accompagnement rigoureux d\u00e8s la garde \u00e0 vue jusqu\u2019\u00e0 la Cour d\u2019assises, veillant au strict respect des garanties proc\u00e9durales.","publisher":{"@id":"https:\/\/kohenavocats.com\/en\/#organization"},"potentialAction":[{"@type":"SearchAction","target":{"@type":"EntryPoint","urlTemplate":"https:\/\/kohenavocats.com\/en\/?s={search_term_string}"},"query-input":{"@type":"PropertyValueSpecification","valueRequired":true,"valueName":"search_term_string"}}],"inLanguage":"en-US"},{"@type":"Organization","@id":"https:\/\/kohenavocats.com\/en\/#organization","name":"Kohen Avocats","url":"https:\/\/kohenavocats.com\/en\/","logo":{"@type":"ImageObject","inLanguage":"en-US","@id":"https:\/\/kohenavocats.com\/en\/#\/schema\/logo\/image\/","url":"https:\/\/kohenavocats.com\/wp-content\/uploads\/2026\/01\/Logo-2-1.webp","contentUrl":"https:\/\/kohenavocats.com\/wp-content\/uploads\/2026\/01\/Logo-2-1.webp","width":2114,"height":1253,"caption":"Kohen Avocats"},"image":{"@id":"https:\/\/kohenavocats.com\/en\/#\/schema\/logo\/image\/"}},{"@type":"Person","@id":"https:\/\/kohenavocats.com\/en\/#\/schema\/person\/761c9ba54fa1ca84d405cef0831ff751","name":"Kohen","image":{"@type":"ImageObject","inLanguage":"en-US","@id":"https:\/\/secure.gravatar.com\/avatar\/1c5e76ef76bbbfdd2b4da984e2bf2fa4056fd51a27d25ce2c332047f1dfd6e00?s=96&d=identicon&r=g","url":"https:\/\/secure.gravatar.com\/avatar\/1c5e76ef76bbbfdd2b4da984e2bf2fa4056fd51a27d25ce2c332047f1dfd6e00?s=96&d=identicon&r=g","contentUrl":"https:\/\/secure.gravatar.com\/avatar\/1c5e76ef76bbbfdd2b4da984e2bf2fa4056fd51a27d25ce2c332047f1dfd6e00?s=96&d=identicon&r=g","caption":"Kohen"},"sameAs":["https:\/\/www.linkedin.com\/in\/hassan-kohen-448548192\/","https:\/\/www.youtube.com\/@Kohen-Avocats"],"url":"https:\/\/kohenavocats.com\/en\/author\/kohenmlk\/"}]}},"jetpack_featured_media_url":"https:\/\/kohenavocats.com\/wp-content\/uploads\/2024\/08\/felix-fuchs-P4NdKIesk_A-unsplash.webp","jetpack_likes_enabled":false,"jetpack_shortlink":"https:\/\/wp.me\/peCrII-2O1D","jetpack-related-posts":[{"id":619420,"url":"https:\/\/kohenavocats.com\/en\/tribunal-judiciaire-de-strasbourg-le-21-octobre-2025-n24-08406\/","url_meta":{"origin":668957,"position":0},"title":"Tribunal judiciaire de Strasbourg, le 21 octobre 2025, n\u00b024\/08406","author":"Kohen","date":"20 April 2026","format":false,"excerpt":"Le tribunal judiciaire de Strasbourg, statuant en juge des contentieux de la protection, a rendu un jugement le vingt et un octobre deux mille vingt-cinq. Un...","rel":"","context":"In &quot;Jurisprudence&quot;","block_context":{"text":"Jurisprudence","link":"https:\/\/kohenavocats.com\/category\/jurisprudence\/"},"img":{"alt_text":"","src":"https:\/\/i0.wp.com\/kohenavocats.com\/wp-content\/uploads\/2024\/11\/allison-saeng-Hpw4nI_QUWQ-unsplash.webp?resize=350%2C200&ssl=1","width":350,"height":200,"srcset":"https:\/\/i0.wp.com\/kohenavocats.com\/wp-content\/uploads\/2024\/11\/allison-saeng-Hpw4nI_QUWQ-unsplash.webp?resize=350%2C200&ssl=1 1x, https:\/\/i0.wp.com\/kohenavocats.com\/wp-content\/uploads\/2024\/11\/allison-saeng-Hpw4nI_QUWQ-unsplash.webp?resize=525%2C300&ssl=1 1.5x, https:\/\/i0.wp.com\/kohenavocats.com\/wp-content\/uploads\/2024\/11\/allison-saeng-Hpw4nI_QUWQ-unsplash.webp?resize=700%2C400&ssl=1 2x, https:\/\/i0.wp.com\/kohenavocats.com\/wp-content\/uploads\/2024\/11\/allison-saeng-Hpw4nI_QUWQ-unsplash.webp?resize=1050%2C600&ssl=1 3x, https:\/\/i0.wp.com\/kohenavocats.com\/wp-content\/uploads\/2024\/11\/allison-saeng-Hpw4nI_QUWQ-unsplash.webp?resize=1400%2C800&ssl=1 4x"},"classes":[]},{"id":489055,"url":"https:\/\/kohenavocats.com\/en\/tribunal-judiciaire-de-tours-le-21-novembre-2025-n25-01512\/","url_meta":{"origin":668957,"position":1},"title":"Tribunal judiciaire de Tours, le 21 novembre 2025, n\u00b025\/01512","author":"Kohen","date":"8 April 2026","format":false,"excerpt":"Le tribunal judiciaire de Tours, statuant en mati\u00e8re de contentieux de la protection le 21 novembre 2025, examine une demande en r\u00e9siliation de bail pour imp...","rel":"","context":"In &quot;Jurisprudence&quot;","block_context":{"text":"Jurisprudence","link":"https:\/\/kohenavocats.com\/category\/jurisprudence\/"},"img":{"alt_text":"","src":"https:\/\/i0.wp.com\/kohenavocats.com\/wp-content\/uploads\/2024\/08\/maharram-hasanli-fB8GhyWNKow-unsplash.webp?resize=350%2C200&ssl=1","width":350,"height":200,"srcset":"https:\/\/i0.wp.com\/kohenavocats.com\/wp-content\/uploads\/2024\/08\/maharram-hasanli-fB8GhyWNKow-unsplash.webp?resize=350%2C200&ssl=1 1x, https:\/\/i0.wp.com\/kohenavocats.com\/wp-content\/uploads\/2024\/08\/maharram-hasanli-fB8GhyWNKow-unsplash.webp?resize=525%2C300&ssl=1 1.5x, https:\/\/i0.wp.com\/kohenavocats.com\/wp-content\/uploads\/2024\/08\/maharram-hasanli-fB8GhyWNKow-unsplash.webp?resize=700%2C400&ssl=1 2x, https:\/\/i0.wp.com\/kohenavocats.com\/wp-content\/uploads\/2024\/08\/maharram-hasanli-fB8GhyWNKow-unsplash.webp?resize=1050%2C600&ssl=1 3x, https:\/\/i0.wp.com\/kohenavocats.com\/wp-content\/uploads\/2024\/08\/maharram-hasanli-fB8GhyWNKow-unsplash.webp?resize=1400%2C800&ssl=1 4x"},"classes":[]},{"id":629688,"url":"https:\/\/kohenavocats.com\/en\/tribunal-judiciaire-de-niort-le-23-mai-2025-n25-00030\/","url_meta":{"origin":668957,"position":2},"title":"Tribunal judiciaire de Niort, le 23 mai 2025, n\u00b025\/00030","author":"Kohen","date":"21 April 2026","format":false,"excerpt":"Le juge des contentieux de la protection a rendu un jugement r\u00e9put\u00e9 contradictoire le 23 mai 2025. Un bailleur social a engag\u00e9 une proc\u00e9dure en constatation ...","rel":"","context":"In &quot;Jurisprudence&quot;","block_context":{"text":"Jurisprudence","link":"https:\/\/kohenavocats.com\/category\/jurisprudence\/"},"img":{"alt_text":"","src":"https:\/\/i0.wp.com\/kohenavocats.com\/wp-content\/uploads\/2024\/08\/clay-banks-5JQAKBU0vG8-unsplash.webp?resize=350%2C200&ssl=1","width":350,"height":200,"srcset":"https:\/\/i0.wp.com\/kohenavocats.com\/wp-content\/uploads\/2024\/08\/clay-banks-5JQAKBU0vG8-unsplash.webp?resize=350%2C200&ssl=1 1x, https:\/\/i0.wp.com\/kohenavocats.com\/wp-content\/uploads\/2024\/08\/clay-banks-5JQAKBU0vG8-unsplash.webp?resize=525%2C300&ssl=1 1.5x, https:\/\/i0.wp.com\/kohenavocats.com\/wp-content\/uploads\/2024\/08\/clay-banks-5JQAKBU0vG8-unsplash.webp?resize=700%2C400&ssl=1 2x, https:\/\/i0.wp.com\/kohenavocats.com\/wp-content\/uploads\/2024\/08\/clay-banks-5JQAKBU0vG8-unsplash.webp?resize=1050%2C600&ssl=1 3x, https:\/\/i0.wp.com\/kohenavocats.com\/wp-content\/uploads\/2024\/08\/clay-banks-5JQAKBU0vG8-unsplash.webp?resize=1400%2C800&ssl=1 4x"},"classes":[]},{"id":669019,"url":"https:\/\/kohenavocats.com\/en\/tribunal-judiciaire-de-dijon-le-19-septembre-2025-n25-00091\/","url_meta":{"origin":668957,"position":3},"title":"Tribunal judiciaire de Dijon, le 19 septembre 2025, n\u00b025\/00091","author":"Kohen","date":"24 April 2026","format":false,"excerpt":"Le juge des contentieux de la protection du tribunal judiciaire de Dijon, statuant le 19 septembre 2025, a examin\u00e9 une demande en r\u00e9siliation de bail pour im...","rel":"","context":"In &quot;Code des assurances&quot;","block_context":{"text":"Code des assurances","link":"https:\/\/kohenavocats.com\/category\/code-des-assurances\/"},"img":{"alt_text":"","src":"https:\/\/i0.wp.com\/kohenavocats.com\/wp-content\/uploads\/2024\/08\/katie-moum-o0kbc907i20-unsplash.webp?resize=350%2C200&ssl=1","width":350,"height":200,"srcset":"https:\/\/i0.wp.com\/kohenavocats.com\/wp-content\/uploads\/2024\/08\/katie-moum-o0kbc907i20-unsplash.webp?resize=350%2C200&ssl=1 1x, https:\/\/i0.wp.com\/kohenavocats.com\/wp-content\/uploads\/2024\/08\/katie-moum-o0kbc907i20-unsplash.webp?resize=525%2C300&ssl=1 1.5x, https:\/\/i0.wp.com\/kohenavocats.com\/wp-content\/uploads\/2024\/08\/katie-moum-o0kbc907i20-unsplash.webp?resize=700%2C400&ssl=1 2x, https:\/\/i0.wp.com\/kohenavocats.com\/wp-content\/uploads\/2024\/08\/katie-moum-o0kbc907i20-unsplash.webp?resize=1050%2C600&ssl=1 3x, https:\/\/i0.wp.com\/kohenavocats.com\/wp-content\/uploads\/2024\/08\/katie-moum-o0kbc907i20-unsplash.webp?resize=1400%2C800&ssl=1 4x"},"classes":[]},{"id":487086,"url":"https:\/\/kohenavocats.com\/en\/tribunal-judiciaire-de-arras-le-27-novembre-2025-n25-00790\/","url_meta":{"origin":668957,"position":4},"title":"Tribunal judiciaire de Arras, le 27 novembre 2025, n\u00b025\/00790","author":"Kohen","date":"8 April 2026","format":false,"excerpt":"Le juge des contentieux de la protection, statuant par mise \u00e0 disposition au greffe le 27 novembre 2025, a examin\u00e9 une demande en r\u00e9siliation de bail pour d\u00e9...","rel":"","context":"In &quot;Jurisprudence&quot;","block_context":{"text":"Jurisprudence","link":"https:\/\/kohenavocats.com\/category\/jurisprudence\/"},"img":{"alt_text":"","src":"https:\/\/i0.wp.com\/kohenavocats.com\/wp-content\/uploads\/2024\/08\/valentin-kremer-zqipptjLLJc-unsplash.webp?resize=350%2C200&ssl=1","width":350,"height":200,"srcset":"https:\/\/i0.wp.com\/kohenavocats.com\/wp-content\/uploads\/2024\/08\/valentin-kremer-zqipptjLLJc-unsplash.webp?resize=350%2C200&ssl=1 1x, https:\/\/i0.wp.com\/kohenavocats.com\/wp-content\/uploads\/2024\/08\/valentin-kremer-zqipptjLLJc-unsplash.webp?resize=525%2C300&ssl=1 1.5x, https:\/\/i0.wp.com\/kohenavocats.com\/wp-content\/uploads\/2024\/08\/valentin-kremer-zqipptjLLJc-unsplash.webp?resize=700%2C400&ssl=1 2x, https:\/\/i0.wp.com\/kohenavocats.com\/wp-content\/uploads\/2024\/08\/valentin-kremer-zqipptjLLJc-unsplash.webp?resize=1050%2C600&ssl=1 3x, https:\/\/i0.wp.com\/kohenavocats.com\/wp-content\/uploads\/2024\/08\/valentin-kremer-zqipptjLLJc-unsplash.webp?resize=1400%2C800&ssl=1 4x"},"classes":[]},{"id":654639,"url":"https:\/\/kohenavocats.com\/en\/tribunal-judiciaire-de-bonneville-le-1-octobre-2025-n25-01238\/","url_meta":{"origin":668957,"position":5},"title":"Tribunal judiciaire de Bonneville, le 1 octobre 2025, n\u00b025\/01238","author":"Kohen","date":"23 April 2026","format":false,"excerpt":"Le tribunal judiciaire de Bonneville, statuant en juge des contentieux de la protection, a rendu un jugement le premier octobre deux mille vingt-cinq. Il s\u2019a...","rel":"","context":"In &quot;Jurisprudence&quot;","block_context":{"text":"Jurisprudence","link":"https:\/\/kohenavocats.com\/category\/jurisprudence\/"},"img":{"alt_text":"","src":"https:\/\/i0.wp.com\/kohenavocats.com\/wp-content\/uploads\/2024\/08\/pascal-bernardon-bUC0D8FFwAA-unsplash.webp?resize=350%2C200&ssl=1","width":350,"height":200,"srcset":"https:\/\/i0.wp.com\/kohenavocats.com\/wp-content\/uploads\/2024\/08\/pascal-bernardon-bUC0D8FFwAA-unsplash.webp?resize=350%2C200&ssl=1 1x, https:\/\/i0.wp.com\/kohenavocats.com\/wp-content\/uploads\/2024\/08\/pascal-bernardon-bUC0D8FFwAA-unsplash.webp?resize=525%2C300&ssl=1 1.5x, https:\/\/i0.wp.com\/kohenavocats.com\/wp-content\/uploads\/2024\/08\/pascal-bernardon-bUC0D8FFwAA-unsplash.webp?resize=700%2C400&ssl=1 2x, https:\/\/i0.wp.com\/kohenavocats.com\/wp-content\/uploads\/2024\/08\/pascal-bernardon-bUC0D8FFwAA-unsplash.webp?resize=1050%2C600&ssl=1 3x, https:\/\/i0.wp.com\/kohenavocats.com\/wp-content\/uploads\/2024\/08\/pascal-bernardon-bUC0D8FFwAA-unsplash.webp?resize=1400%2C800&ssl=1 4x"},"classes":[]}],"jetpack_sharing_enabled":true,"_links":{"self":[{"href":"https:\/\/kohenavocats.com\/en\/wp-json\/wp\/v2\/posts\/668957","targetHints":{"allow":["GET"]}}],"collection":[{"href":"https:\/\/kohenavocats.com\/en\/wp-json\/wp\/v2\/posts"}],"about":[{"href":"https:\/\/kohenavocats.com\/en\/wp-json\/wp\/v2\/types\/post"}],"author":[{"embeddable":true,"href":"https:\/\/kohenavocats.com\/en\/wp-json\/wp\/v2\/users\/232070755"}],"replies":[{"embeddable":true,"href":"https:\/\/kohenavocats.com\/en\/wp-json\/wp\/v2\/comments?post=668957"}],"version-history":[{"count":1,"href":"https:\/\/kohenavocats.com\/en\/wp-json\/wp\/v2\/posts\/668957\/revisions"}],"predecessor-version":[{"id":695651,"href":"https:\/\/kohenavocats.com\/en\/wp-json\/wp\/v2\/posts\/668957\/revisions\/695651"}],"wp:featuredmedia":[{"embeddable":true,"href":"https:\/\/kohenavocats.com\/en\/wp-json\/wp\/v2\/media\/4831"}],"wp:attachment":[{"href":"https:\/\/kohenavocats.com\/en\/wp-json\/wp\/v2\/media?parent=668957"}],"wp:term":[{"taxonomy":"category","embeddable":true,"href":"https:\/\/kohenavocats.com\/en\/wp-json\/wp\/v2\/categories?post=668957"},{"taxonomy":"post_tag","embeddable":true,"href":"https:\/\/kohenavocats.com\/en\/wp-json\/wp\/v2\/tags?post=668957"}],"curies":[{"name":"wp","href":"https:\/\/api.w.org\/{rel}","templated":true}]}}