{"id":669056,"date":"2026-04-24T05:48:58","date_gmt":"2026-04-24T03:48:58","guid":{"rendered":"https:\/\/kohenavocats.com\/tribunal-judiciaire-de-bordeaux-le-16-decembre-2025-n25-00655\/"},"modified":"2026-04-26T18:47:39","modified_gmt":"2026-04-26T16:47:39","slug":"tribunal-judiciaire-de-bordeaux-le-16-decembre-2025-n25-00655","status":"publish","type":"post","link":"https:\/\/kohenavocats.com\/en\/tribunal-judiciaire-de-bordeaux-le-16-decembre-2025-n25-00655\/","title":{"rendered":"Tribunal judiciaire de Bordeaux, le 16 d\u00e9cembre 2025, n\u00b025\/00655"},"content":{"rendered":"<div class=\"article-content\">\n<p>Le juge des r\u00e9f\u00e9r\u00e9s du tribunal judiciaire de Meaux, statuant le 16 d\u00e9cembre 2025, a \u00e9t\u00e9 saisi par un bailleur pour obtenir le paiement de <a href=\"https:\/\/kohenavocats.fr\/avocat-recouvrement-loyers-paris\/\" target=\"_blank\" title=\"loyers impay\u00e9s\">loyers impay\u00e9s<\/a> et l&#8217;expulsion du locataire. Le juge a accueilli la demande en constatant la r\u00e9siliation du bail et en ordonnant l&#8217;expulsion. Cette ordonnance illustre les pouvoirs du juge des r\u00e9f\u00e9r\u00e9s face \u00e0 une obligation incontestable et les cons\u00e9quences strictes du d\u00e9faut de paiement en mati\u00e8re de bail d&#8217;habitation.<\/p>\n<p>Le pouvoir d&#8217;ordonner l&#8217;ex\u00e9cution d&#8217;une obligation incontestable<\/p>\n<p>Le juge a fond\u00e9 sa d\u00e9cision sur l&#8217;existence d&#8217;une obligation de paiement dont le principe n&#8217;\u00e9tait pas discut\u00e9. Le contrat de bail liait les parties et fixait clairement les modalit\u00e9s financi\u00e8res. L&#8217;absence de paiement r\u00e9gulier a \u00e9t\u00e9 \u00e9tablie par un d\u00e9compte produit en d\u00e9bat. Le juge a ainsi pu condamner le locataire au paiement des arri\u00e9r\u00e9s, s&#8217;appuyant sur la force obligatoire des conventions.<\/p>\n<p>La port\u00e9e de cette solution est de rappeler l&#8217;\u00e9tendue des pouvoirs du juge des r\u00e9f\u00e9r\u00e9s en pr\u00e9sence d&#8217;une cr\u00e9ance certaine. La jurisprudence rappelle que &#8220;dans les cas o\u00f9 l&#8217;existence de l&#8217;obligation n&#8217;est pas s\u00e9rieusement contestable, ils peuvent accorder une provision au cr\u00e9ancier, ou ordonner l&#8217;ex\u00e9cution de l&#8217;obligation&#8221; (Tribunal judiciaire de Meaux, le 16 d\u00e9cembre 2025, n\u00b025\/00783). Cette d\u00e9cision en est une application directe et rigoureuse.<\/p>\n<p>Les effets automatiques de la <a href=\"https:\/\/kohenavocats.fr\/avocat-resiliation-bail-paris\/\" target=\"_blank\" title=\"clause r\u00e9solutoire\">clause r\u00e9solutoire<\/a> en cas d&#8217;inex\u00e9cution<\/p>\n<p>La r\u00e9siliation du bail a \u00e9t\u00e9 constat\u00e9e de plein droit suite au d\u00e9faut de paiement. Le bail contenait une clause pr\u00e9voyant cette r\u00e9solution apr\u00e8s un commandement de payer rest\u00e9 infructueux. Le juge a relev\u00e9 que les formalit\u00e9s l\u00e9gales, notamment la signification du commandement, avaient \u00e9t\u00e9 respect\u00e9es par le bailleur. Le non-paiement dans le d\u00e9lai imparti a donc produit ses effets automatiques.<\/p>\n<p>La valeur de cette analyse est de souligner le formalisme strict encadrant la r\u00e9siliation pour d\u00e9faut de paiement. Elle met en lumi\u00e8re les cons\u00e9quences graves pour le locataire, incluant l&#8217;expulsion et le versement d&#8217;une indemnit\u00e9 d&#8217;occupation. Cette derni\u00e8re est fix\u00e9e au montant du loyer, soulignant la continuit\u00e9 de la charge financi\u00e8re malgr\u00e9 la fin du contrat. La d\u00e9cision assure ainsi une protection efficace des droits du bailleur face \u00e0 l&#8217;inex\u00e9cution contractuelle.<\/p>\n<\/div>\n","protected":false},"excerpt":{"rendered":"<p>Le juge des r\u00e9f\u00e9r\u00e9s du tribunal judiciaire de Meaux, statuant le 16 d\u00e9cembre 2025, a \u00e9t\u00e9 saisi par un bailleur pour obtenir le paiement de loyers impay\u00e9s et &#8230;<\/p>\n","protected":false},"author":232070755,"featured_media":9486,"comment_status":"open","ping_status":"open","sticky":false,"template":"","format":"standard","meta":{"_crdt_document":"","_jetpack_newsletter_access":"","_jetpack_dont_email_post_to_subs":false,"_jetpack_newsletter_tier_id":0,"_jetpack_memberships_contains_paywalled_content":false,"_kj_source_type":"judilibre","_kj_official_id":"68cd9b9454b52e4d6bdfac21","_kj_official_url":"https:\/\/www.courdecassation.fr\/decision\/68cd9b9454b52e4d6bdfac21","_kj_judilibre_id":"68cd9b9454b52e4d6bdfac21","_kj_jur":"Tribunal judiciaire","_kj_lieu":"Tribunal judiciaire de Bordeaux","_kj_chambre":"PPP R\u00e9f\u00e9r\u00e9s","_kj_rg":"25\/00655","_kj_date":"2025-09-19","_jetpack_memberships_contains_paid_content":false,"footnotes":"","jetpack_post_was_ever_published":false},"categories":[7096,35583,7597],"tags":[],"class_list":["post-669056","post","type-post","status-publish","format-standard","has-post-thumbnail","hentry","category-code-des-assurances","category-immobilier","category-jurisprudence"],"yoast_head":"<!-- This site is optimized with the Yoast SEO Premium plugin v27.5 (Yoast SEO v27.5) - https:\/\/yoast.com\/product\/yoast-seo-premium-wordpress\/ -->\n<title>Tribunal judiciaire de Bordeaux, le 16 d\u00e9cembre 2025, n\u00b025\/00655 - Ma\u00eetre Hassan Kohen, avocat en droit p\u00e9nal \u00e0 Paris<\/title>\n<meta name=\"description\" content=\"Le juge des r\u00e9f\u00e9r\u00e9s du tribunal judiciaire de Meaux, statuant le 16 d\u00e9cembre 2025, a \u00e9t\u00e9 saisi par un bailleur pour obtenir le paiement de loyers impay\u00e9s et ...\" \/>\n<meta name=\"robots\" content=\"index, follow, max-snippet:-1, max-image-preview:large, max-video-preview:-1\" \/>\n<link rel=\"canonical\" href=\"https:\/\/kohenavocats.com\/en\/tribunal-judiciaire-de-bordeaux-le-16-decembre-2025-n25-00655\/\" \/>\n<meta property=\"og:locale\" content=\"en_US\" \/>\n<meta property=\"og:type\" content=\"article\" \/>\n<meta property=\"og:title\" content=\"Tribunal judiciaire de Bordeaux, le 16 d\u00e9cembre 2025, n\u00b025\/00655\" \/>\n<meta property=\"og:description\" content=\"Le juge des r\u00e9f\u00e9r\u00e9s du tribunal judiciaire de Meaux, statuant le 16 d\u00e9cembre 2025, a \u00e9t\u00e9 saisi par un bailleur pour obtenir le paiement de loyers impay\u00e9s et ...\" \/>\n<meta property=\"og:url\" content=\"https:\/\/kohenavocats.com\/en\/tribunal-judiciaire-de-bordeaux-le-16-decembre-2025-n25-00655\/\" \/>\n<meta property=\"og:site_name\" content=\"Ma\u00eetre Hassan Kohen, avocat en droit p\u00e9nal \u00e0 Paris\" \/>\n<meta property=\"article:published_time\" content=\"2026-04-24T03:48:58+00:00\" \/>\n<meta property=\"article:modified_time\" content=\"2026-04-26T16:47:39+00:00\" \/>\n<meta property=\"og:image\" content=\"https:\/\/kohenavocats.com\/wp-content\/uploads\/2024\/11\/laura-adai-KfphgU3nUqQ-unsplash.webp\" \/>\n\t<meta property=\"og:image:width\" content=\"7077\" \/>\n\t<meta property=\"og:image:height\" content=\"4724\" \/>\n\t<meta property=\"og:image:type\" content=\"image\/webp\" \/>\n<meta name=\"author\" content=\"Kohen\" \/>\n<meta name=\"twitter:card\" content=\"summary_large_image\" \/>\n<meta name=\"twitter:label1\" content=\"Written by\" \/>\n\t<meta name=\"twitter:data1\" content=\"Kohen\" \/>\n\t<meta name=\"twitter:label2\" content=\"Est. reading time\" \/>\n\t<meta name=\"twitter:data2\" content=\"2 minutes\" \/>\n<script type=\"application\/ld+json\" class=\"yoast-schema-graph\">{\"@context\":\"https:\\\/\\\/schema.org\",\"@graph\":[{\"@type\":\"Article\",\"@id\":\"https:\\\/\\\/kohenavocats.com\\\/en\\\/tribunal-judiciaire-de-bordeaux-le-16-decembre-2025-n25-00655\\\/#article\",\"isPartOf\":{\"@id\":\"https:\\\/\\\/kohenavocats.com\\\/en\\\/tribunal-judiciaire-de-bordeaux-le-16-decembre-2025-n25-00655\\\/\"},\"author\":{\"name\":\"Kohen\",\"@id\":\"https:\\\/\\\/kohenavocats.com\\\/en\\\/#\\\/schema\\\/person\\\/761c9ba54fa1ca84d405cef0831ff751\"},\"headline\":\"Tribunal judiciaire de Bordeaux, le 16 d\u00e9cembre 2025, n\u00b025\\\/00655\",\"datePublished\":\"2026-04-24T03:48:58+00:00\",\"dateModified\":\"2026-04-26T16:47:39+00:00\",\"mainEntityOfPage\":{\"@id\":\"https:\\\/\\\/kohenavocats.com\\\/en\\\/tribunal-judiciaire-de-bordeaux-le-16-decembre-2025-n25-00655\\\/\"},\"wordCount\":429,\"commentCount\":0,\"publisher\":{\"@id\":\"https:\\\/\\\/kohenavocats.com\\\/en\\\/#organization\"},\"image\":{\"@id\":\"https:\\\/\\\/kohenavocats.com\\\/en\\\/tribunal-judiciaire-de-bordeaux-le-16-decembre-2025-n25-00655\\\/#primaryimage\"},\"thumbnailUrl\":\"https:\\\/\\\/kohenavocats.com\\\/wp-content\\\/uploads\\\/2024\\\/11\\\/laura-adai-KfphgU3nUqQ-unsplash.webp\",\"articleSection\":[\"Code des assurances\",\"Immobilier\",\"Jurisprudence\"],\"inLanguage\":\"en-US\",\"potentialAction\":[{\"@type\":\"CommentAction\",\"name\":\"Comment\",\"target\":[\"https:\\\/\\\/kohenavocats.com\\\/en\\\/tribunal-judiciaire-de-bordeaux-le-16-decembre-2025-n25-00655\\\/#respond\"]}],\"citation\":\"Tribunal judiciaire de Bordeaux, le 16 d\u00e9cembre 2025, n\u00b025\\\/00655\",\"about\":[{\"@type\":\"Thing\",\"name\":\"Code des assurances\"},{\"@type\":\"Thing\",\"name\":\"Immobilier\"},{\"@type\":\"Thing\",\"name\":\"Jurisprudence\"}],\"speakable\":{\"@type\":\"SpeakableSpecification\",\"cssSelector\":[\".article-content > p:first-of-type\"]}},{\"@type\":\"WebPage\",\"@id\":\"https:\\\/\\\/kohenavocats.com\\\/en\\\/tribunal-judiciaire-de-bordeaux-le-16-decembre-2025-n25-00655\\\/\",\"url\":\"https:\\\/\\\/kohenavocats.com\\\/en\\\/tribunal-judiciaire-de-bordeaux-le-16-decembre-2025-n25-00655\\\/\",\"name\":\"Tribunal judiciaire de Bordeaux, le 16 d\u00e9cembre 2025, n\u00b025\\\/00655 - Ma\u00eetre Hassan Kohen, avocat en droit p\u00e9nal \u00e0 Paris\",\"isPartOf\":{\"@id\":\"https:\\\/\\\/kohenavocats.com\\\/en\\\/#website\"},\"primaryImageOfPage\":{\"@id\":\"https:\\\/\\\/kohenavocats.com\\\/en\\\/tribunal-judiciaire-de-bordeaux-le-16-decembre-2025-n25-00655\\\/#primaryimage\"},\"image\":{\"@id\":\"https:\\\/\\\/kohenavocats.com\\\/en\\\/tribunal-judiciaire-de-bordeaux-le-16-decembre-2025-n25-00655\\\/#primaryimage\"},\"thumbnailUrl\":\"https:\\\/\\\/kohenavocats.com\\\/wp-content\\\/uploads\\\/2024\\\/11\\\/laura-adai-KfphgU3nUqQ-unsplash.webp\",\"datePublished\":\"2026-04-24T03:48:58+00:00\",\"dateModified\":\"2026-04-26T16:47:39+00:00\",\"description\":\"Le juge des r\u00e9f\u00e9r\u00e9s du tribunal judiciaire de Meaux, statuant le 16 d\u00e9cembre 2025, a \u00e9t\u00e9 saisi par un bailleur pour obtenir le paiement de loyers impay\u00e9s et ...\",\"breadcrumb\":{\"@id\":\"https:\\\/\\\/kohenavocats.com\\\/en\\\/tribunal-judiciaire-de-bordeaux-le-16-decembre-2025-n25-00655\\\/#breadcrumb\"},\"inLanguage\":\"en-US\",\"potentialAction\":[{\"@type\":\"ReadAction\",\"target\":[\"https:\\\/\\\/kohenavocats.com\\\/en\\\/tribunal-judiciaire-de-bordeaux-le-16-decembre-2025-n25-00655\\\/\"]}]},{\"@type\":\"ImageObject\",\"inLanguage\":\"en-US\",\"@id\":\"https:\\\/\\\/kohenavocats.com\\\/en\\\/tribunal-judiciaire-de-bordeaux-le-16-decembre-2025-n25-00655\\\/#primaryimage\",\"url\":\"https:\\\/\\\/kohenavocats.com\\\/wp-content\\\/uploads\\\/2024\\\/11\\\/laura-adai-KfphgU3nUqQ-unsplash.webp\",\"contentUrl\":\"https:\\\/\\\/kohenavocats.com\\\/wp-content\\\/uploads\\\/2024\\\/11\\\/laura-adai-KfphgU3nUqQ-unsplash.webp\",\"width\":7077,\"height\":4724},{\"@type\":\"BreadcrumbList\",\"@id\":\"https:\\\/\\\/kohenavocats.com\\\/en\\\/tribunal-judiciaire-de-bordeaux-le-16-decembre-2025-n25-00655\\\/#breadcrumb\",\"itemListElement\":[{\"@type\":\"ListItem\",\"position\":1,\"name\":\"Home\",\"item\":\"https:\\\/\\\/kohenavocats.com\\\/en\\\/criminal-law-attorneys-in-paris-counsel-and-strategic-defense\\\/\"},{\"@type\":\"ListItem\",\"position\":2,\"name\":\"Tribunal judiciaire de Bordeaux, le 16 d\u00e9cembre 2025, n\u00b025\\\/00655\"}]},{\"@type\":\"WebSite\",\"@id\":\"https:\\\/\\\/kohenavocats.com\\\/en\\\/#website\",\"url\":\"https:\\\/\\\/kohenavocats.com\\\/en\\\/\",\"name\":\"Kohen Avocats\",\"description\":\"Ma\u00eetre Hassan Kohen, avocat p\u00e9naliste \u00e0 Paris, intervient exclusivement en droit p\u00e9nal pour la d\u00e9fense des particuliers, notamment en mati\u00e8re d\u2019accusations de viol. Il assure un accompagnement rigoureux d\u00e8s la garde \u00e0 vue jusqu\u2019\u00e0 la Cour d\u2019assises, veillant au strict respect des garanties proc\u00e9durales.\",\"publisher\":{\"@id\":\"https:\\\/\\\/kohenavocats.com\\\/en\\\/#organization\"},\"potentialAction\":[{\"@type\":\"SearchAction\",\"target\":{\"@type\":\"EntryPoint\",\"urlTemplate\":\"https:\\\/\\\/kohenavocats.com\\\/en\\\/?s={search_term_string}\"},\"query-input\":{\"@type\":\"PropertyValueSpecification\",\"valueRequired\":true,\"valueName\":\"search_term_string\"}}],\"inLanguage\":\"en-US\"},{\"@type\":\"Organization\",\"@id\":\"https:\\\/\\\/kohenavocats.com\\\/en\\\/#organization\",\"name\":\"Kohen Avocats\",\"url\":\"https:\\\/\\\/kohenavocats.com\\\/en\\\/\",\"logo\":{\"@type\":\"ImageObject\",\"inLanguage\":\"en-US\",\"@id\":\"https:\\\/\\\/kohenavocats.com\\\/en\\\/#\\\/schema\\\/logo\\\/image\\\/\",\"url\":\"https:\\\/\\\/kohenavocats.com\\\/wp-content\\\/uploads\\\/2026\\\/01\\\/Logo-2-1.webp\",\"contentUrl\":\"https:\\\/\\\/kohenavocats.com\\\/wp-content\\\/uploads\\\/2026\\\/01\\\/Logo-2-1.webp\",\"width\":2114,\"height\":1253,\"caption\":\"Kohen Avocats\"},\"image\":{\"@id\":\"https:\\\/\\\/kohenavocats.com\\\/en\\\/#\\\/schema\\\/logo\\\/image\\\/\"}},{\"@type\":\"Person\",\"@id\":\"https:\\\/\\\/kohenavocats.com\\\/en\\\/#\\\/schema\\\/person\\\/761c9ba54fa1ca84d405cef0831ff751\",\"name\":\"Kohen\",\"image\":{\"@type\":\"ImageObject\",\"inLanguage\":\"en-US\",\"@id\":\"https:\\\/\\\/secure.gravatar.com\\\/avatar\\\/1c5e76ef76bbbfdd2b4da984e2bf2fa4056fd51a27d25ce2c332047f1dfd6e00?s=96&d=identicon&r=g\",\"url\":\"https:\\\/\\\/secure.gravatar.com\\\/avatar\\\/1c5e76ef76bbbfdd2b4da984e2bf2fa4056fd51a27d25ce2c332047f1dfd6e00?s=96&d=identicon&r=g\",\"contentUrl\":\"https:\\\/\\\/secure.gravatar.com\\\/avatar\\\/1c5e76ef76bbbfdd2b4da984e2bf2fa4056fd51a27d25ce2c332047f1dfd6e00?s=96&d=identicon&r=g\",\"caption\":\"Kohen\"},\"sameAs\":[\"https:\\\/\\\/www.linkedin.com\\\/in\\\/hassan-kohen-448548192\\\/\",\"https:\\\/\\\/www.youtube.com\\\/@Kohen-Avocats\"],\"url\":\"https:\\\/\\\/kohenavocats.com\\\/en\\\/author\\\/kohenmlk\\\/\"}]}<\/script>\n<!-- \/ Yoast SEO Premium plugin. -->","yoast_head_json":{"title":"Tribunal judiciaire de Bordeaux, le 16 d\u00e9cembre 2025, n\u00b025\/00655 - Ma\u00eetre Hassan Kohen, avocat en droit p\u00e9nal \u00e0 Paris","description":"Le juge des r\u00e9f\u00e9r\u00e9s du tribunal judiciaire de Meaux, statuant le 16 d\u00e9cembre 2025, a \u00e9t\u00e9 saisi par un bailleur pour obtenir le paiement de loyers impay\u00e9s et ...","robots":{"index":"index","follow":"follow","max-snippet":"max-snippet:-1","max-image-preview":"max-image-preview:large","max-video-preview":"max-video-preview:-1"},"canonical":"https:\/\/kohenavocats.com\/en\/tribunal-judiciaire-de-bordeaux-le-16-decembre-2025-n25-00655\/","og_locale":"en_US","og_type":"article","og_title":"Tribunal judiciaire de Bordeaux, le 16 d\u00e9cembre 2025, n\u00b025\/00655","og_description":"Le juge des r\u00e9f\u00e9r\u00e9s du tribunal judiciaire de Meaux, statuant le 16 d\u00e9cembre 2025, a \u00e9t\u00e9 saisi par un bailleur pour obtenir le paiement de loyers impay\u00e9s et ...","og_url":"https:\/\/kohenavocats.com\/en\/tribunal-judiciaire-de-bordeaux-le-16-decembre-2025-n25-00655\/","og_site_name":"Ma\u00eetre Hassan Kohen, avocat en droit p\u00e9nal \u00e0 Paris","article_published_time":"2026-04-24T03:48:58+00:00","article_modified_time":"2026-04-26T16:47:39+00:00","og_image":[{"width":7077,"height":4724,"url":"https:\/\/kohenavocats.com\/wp-content\/uploads\/2024\/11\/laura-adai-KfphgU3nUqQ-unsplash.webp","type":"image\/webp"}],"author":"Kohen","twitter_card":"summary_large_image","twitter_misc":{"Written by":"Kohen","Est. reading time":"2 minutes"},"schema":{"@context":"https:\/\/schema.org","@graph":[{"@type":"Article","@id":"https:\/\/kohenavocats.com\/en\/tribunal-judiciaire-de-bordeaux-le-16-decembre-2025-n25-00655\/#article","isPartOf":{"@id":"https:\/\/kohenavocats.com\/en\/tribunal-judiciaire-de-bordeaux-le-16-decembre-2025-n25-00655\/"},"author":{"name":"Kohen","@id":"https:\/\/kohenavocats.com\/en\/#\/schema\/person\/761c9ba54fa1ca84d405cef0831ff751"},"headline":"Tribunal judiciaire de Bordeaux, le 16 d\u00e9cembre 2025, n\u00b025\/00655","datePublished":"2026-04-24T03:48:58+00:00","dateModified":"2026-04-26T16:47:39+00:00","mainEntityOfPage":{"@id":"https:\/\/kohenavocats.com\/en\/tribunal-judiciaire-de-bordeaux-le-16-decembre-2025-n25-00655\/"},"wordCount":429,"commentCount":0,"publisher":{"@id":"https:\/\/kohenavocats.com\/en\/#organization"},"image":{"@id":"https:\/\/kohenavocats.com\/en\/tribunal-judiciaire-de-bordeaux-le-16-decembre-2025-n25-00655\/#primaryimage"},"thumbnailUrl":"https:\/\/kohenavocats.com\/wp-content\/uploads\/2024\/11\/laura-adai-KfphgU3nUqQ-unsplash.webp","articleSection":["Code des assurances","Immobilier","Jurisprudence"],"inLanguage":"en-US","potentialAction":[{"@type":"CommentAction","name":"Comment","target":["https:\/\/kohenavocats.com\/en\/tribunal-judiciaire-de-bordeaux-le-16-decembre-2025-n25-00655\/#respond"]}],"citation":"Tribunal judiciaire de Bordeaux, le 16 d\u00e9cembre 2025, n\u00b025\/00655","about":[{"@type":"Thing","name":"Code des assurances"},{"@type":"Thing","name":"Immobilier"},{"@type":"Thing","name":"Jurisprudence"}],"speakable":{"@type":"SpeakableSpecification","cssSelector":[".article-content > p:first-of-type"]}},{"@type":"WebPage","@id":"https:\/\/kohenavocats.com\/en\/tribunal-judiciaire-de-bordeaux-le-16-decembre-2025-n25-00655\/","url":"https:\/\/kohenavocats.com\/en\/tribunal-judiciaire-de-bordeaux-le-16-decembre-2025-n25-00655\/","name":"Tribunal judiciaire de Bordeaux, le 16 d\u00e9cembre 2025, n\u00b025\/00655 - Ma\u00eetre Hassan Kohen, avocat en droit p\u00e9nal \u00e0 Paris","isPartOf":{"@id":"https:\/\/kohenavocats.com\/en\/#website"},"primaryImageOfPage":{"@id":"https:\/\/kohenavocats.com\/en\/tribunal-judiciaire-de-bordeaux-le-16-decembre-2025-n25-00655\/#primaryimage"},"image":{"@id":"https:\/\/kohenavocats.com\/en\/tribunal-judiciaire-de-bordeaux-le-16-decembre-2025-n25-00655\/#primaryimage"},"thumbnailUrl":"https:\/\/kohenavocats.com\/wp-content\/uploads\/2024\/11\/laura-adai-KfphgU3nUqQ-unsplash.webp","datePublished":"2026-04-24T03:48:58+00:00","dateModified":"2026-04-26T16:47:39+00:00","description":"Le juge des r\u00e9f\u00e9r\u00e9s du tribunal judiciaire de Meaux, statuant le 16 d\u00e9cembre 2025, a \u00e9t\u00e9 saisi par un bailleur pour obtenir le paiement de loyers impay\u00e9s et ...","breadcrumb":{"@id":"https:\/\/kohenavocats.com\/en\/tribunal-judiciaire-de-bordeaux-le-16-decembre-2025-n25-00655\/#breadcrumb"},"inLanguage":"en-US","potentialAction":[{"@type":"ReadAction","target":["https:\/\/kohenavocats.com\/en\/tribunal-judiciaire-de-bordeaux-le-16-decembre-2025-n25-00655\/"]}]},{"@type":"ImageObject","inLanguage":"en-US","@id":"https:\/\/kohenavocats.com\/en\/tribunal-judiciaire-de-bordeaux-le-16-decembre-2025-n25-00655\/#primaryimage","url":"https:\/\/kohenavocats.com\/wp-content\/uploads\/2024\/11\/laura-adai-KfphgU3nUqQ-unsplash.webp","contentUrl":"https:\/\/kohenavocats.com\/wp-content\/uploads\/2024\/11\/laura-adai-KfphgU3nUqQ-unsplash.webp","width":7077,"height":4724},{"@type":"BreadcrumbList","@id":"https:\/\/kohenavocats.com\/en\/tribunal-judiciaire-de-bordeaux-le-16-decembre-2025-n25-00655\/#breadcrumb","itemListElement":[{"@type":"ListItem","position":1,"name":"Home","item":"https:\/\/kohenavocats.com\/en\/criminal-law-attorneys-in-paris-counsel-and-strategic-defense\/"},{"@type":"ListItem","position":2,"name":"Tribunal judiciaire de Bordeaux, le 16 d\u00e9cembre 2025, n\u00b025\/00655"}]},{"@type":"WebSite","@id":"https:\/\/kohenavocats.com\/en\/#website","url":"https:\/\/kohenavocats.com\/en\/","name":"Kohen Avocats","description":"Ma\u00eetre Hassan Kohen, avocat p\u00e9naliste \u00e0 Paris, intervient exclusivement en droit p\u00e9nal pour la d\u00e9fense des particuliers, notamment en mati\u00e8re d\u2019accusations de viol. Il assure un accompagnement rigoureux d\u00e8s la garde \u00e0 vue jusqu\u2019\u00e0 la Cour d\u2019assises, veillant au strict respect des garanties proc\u00e9durales.","publisher":{"@id":"https:\/\/kohenavocats.com\/en\/#organization"},"potentialAction":[{"@type":"SearchAction","target":{"@type":"EntryPoint","urlTemplate":"https:\/\/kohenavocats.com\/en\/?s={search_term_string}"},"query-input":{"@type":"PropertyValueSpecification","valueRequired":true,"valueName":"search_term_string"}}],"inLanguage":"en-US"},{"@type":"Organization","@id":"https:\/\/kohenavocats.com\/en\/#organization","name":"Kohen Avocats","url":"https:\/\/kohenavocats.com\/en\/","logo":{"@type":"ImageObject","inLanguage":"en-US","@id":"https:\/\/kohenavocats.com\/en\/#\/schema\/logo\/image\/","url":"https:\/\/kohenavocats.com\/wp-content\/uploads\/2026\/01\/Logo-2-1.webp","contentUrl":"https:\/\/kohenavocats.com\/wp-content\/uploads\/2026\/01\/Logo-2-1.webp","width":2114,"height":1253,"caption":"Kohen Avocats"},"image":{"@id":"https:\/\/kohenavocats.com\/en\/#\/schema\/logo\/image\/"}},{"@type":"Person","@id":"https:\/\/kohenavocats.com\/en\/#\/schema\/person\/761c9ba54fa1ca84d405cef0831ff751","name":"Kohen","image":{"@type":"ImageObject","inLanguage":"en-US","@id":"https:\/\/secure.gravatar.com\/avatar\/1c5e76ef76bbbfdd2b4da984e2bf2fa4056fd51a27d25ce2c332047f1dfd6e00?s=96&d=identicon&r=g","url":"https:\/\/secure.gravatar.com\/avatar\/1c5e76ef76bbbfdd2b4da984e2bf2fa4056fd51a27d25ce2c332047f1dfd6e00?s=96&d=identicon&r=g","contentUrl":"https:\/\/secure.gravatar.com\/avatar\/1c5e76ef76bbbfdd2b4da984e2bf2fa4056fd51a27d25ce2c332047f1dfd6e00?s=96&d=identicon&r=g","caption":"Kohen"},"sameAs":["https:\/\/www.linkedin.com\/in\/hassan-kohen-448548192\/","https:\/\/www.youtube.com\/@Kohen-Avocats"],"url":"https:\/\/kohenavocats.com\/en\/author\/kohenmlk\/"}]}},"jetpack_featured_media_url":"https:\/\/kohenavocats.com\/wp-content\/uploads\/2024\/11\/laura-adai-KfphgU3nUqQ-unsplash.webp","jetpack_likes_enabled":false,"jetpack_shortlink":"https:\/\/wp.me\/peCrII-2O3e","jetpack-related-posts":[{"id":228859,"url":"https:\/\/kohenavocats.com\/en\/tribunal-judiciaire-de-chartres-le-17-juin-2025-n25-00029\/","url_meta":{"origin":669056,"position":0},"title":"Tribunal judiciaire de Chartres, le 17 juin 2025, n\u00b025\/00029","author":"Kohen","date":"27 December 2025","format":false,"excerpt":"Now using node v22.15.1 (npm v10.8.2)Utilisation de Node.js v20.19.4 et npm 10.8.2Codex est d\u00e9j\u00e0 install\u00e9.Lancement de Codex\u2026Rendue par le tribunal judiciaire de Chartres, juge des contentieux de la protection, ordonnance de r\u00e9f\u00e9r\u00e9 du 17 juin 2025, la d\u00e9cision tranche un contentieux locatif cons\u00e9cutif \u00e0 des impay\u00e9s r\u00e9it\u00e9r\u00e9s. Un bail d\u2019habitation\u2026","rel":"","context":"In &quot;D\u00e9cisions juridiques&quot;","block_context":{"text":"D\u00e9cisions juridiques","link":"https:\/\/kohenavocats.com\/category\/decisions-juridiques\/"},"img":{"alt_text":"","src":"https:\/\/i0.wp.com\/kohenavocats.com\/wp-content\/uploads\/2024\/08\/pavan-trikutam-poNsj-vya34-unsplash.webp?resize=350%2C200&ssl=1","width":350,"height":200,"srcset":"https:\/\/i0.wp.com\/kohenavocats.com\/wp-content\/uploads\/2024\/08\/pavan-trikutam-poNsj-vya34-unsplash.webp?resize=350%2C200&ssl=1 1x, https:\/\/i0.wp.com\/kohenavocats.com\/wp-content\/uploads\/2024\/08\/pavan-trikutam-poNsj-vya34-unsplash.webp?resize=525%2C300&ssl=1 1.5x, https:\/\/i0.wp.com\/kohenavocats.com\/wp-content\/uploads\/2024\/08\/pavan-trikutam-poNsj-vya34-unsplash.webp?resize=700%2C400&ssl=1 2x, https:\/\/i0.wp.com\/kohenavocats.com\/wp-content\/uploads\/2024\/08\/pavan-trikutam-poNsj-vya34-unsplash.webp?resize=1050%2C600&ssl=1 3x, https:\/\/i0.wp.com\/kohenavocats.com\/wp-content\/uploads\/2024\/08\/pavan-trikutam-poNsj-vya34-unsplash.webp?resize=1400%2C800&ssl=1 4x"},"classes":[]},{"id":33058,"url":"https:\/\/kohenavocats.com\/en\/tribunal-judiciaire-de-paris-le-16-juin-2025-n24-09924\/","url_meta":{"origin":669056,"position":1},"title":"Tribunal judiciaire de Paris, le 16 juin 2025, n\u00b024\/09924","author":"Kohen","date":"5 November 2025","format":false,"excerpt":"La d\u00e9cision rendue par le juge des contentieux de la protection de [Localit\u00e9 3], le 16 juin 2025, intervient \u00e0 la suite d\u2019impay\u00e9s locatifs persistants au titre d\u2019un bail d\u2019habitation conclu le 16 mai 2017. Le bailleur, personne morale, sollicitait la r\u00e9siliation du bail, l\u2019expulsion, le paiement de l\u2019arri\u00e9r\u00e9, une\u2026","rel":"","context":"In &quot;D\u00e9cisions juridiques&quot;","block_context":{"text":"D\u00e9cisions juridiques","link":"https:\/\/kohenavocats.com\/category\/decisions-juridiques\/"},"img":{"alt_text":"","src":"https:\/\/i0.wp.com\/kohenavocats.com\/wp-content\/uploads\/2024\/11\/getty-images-23s86SIERuk-unsplash.webp?resize=350%2C200&ssl=1","width":350,"height":200,"srcset":"https:\/\/i0.wp.com\/kohenavocats.com\/wp-content\/uploads\/2024\/11\/getty-images-23s86SIERuk-unsplash.webp?resize=350%2C200&ssl=1 1x, https:\/\/i0.wp.com\/kohenavocats.com\/wp-content\/uploads\/2024\/11\/getty-images-23s86SIERuk-unsplash.webp?resize=525%2C300&ssl=1 1.5x, https:\/\/i0.wp.com\/kohenavocats.com\/wp-content\/uploads\/2024\/11\/getty-images-23s86SIERuk-unsplash.webp?resize=700%2C400&ssl=1 2x, https:\/\/i0.wp.com\/kohenavocats.com\/wp-content\/uploads\/2024\/11\/getty-images-23s86SIERuk-unsplash.webp?resize=1050%2C600&ssl=1 3x, https:\/\/i0.wp.com\/kohenavocats.com\/wp-content\/uploads\/2024\/11\/getty-images-23s86SIERuk-unsplash.webp?resize=1400%2C800&ssl=1 4x"},"classes":[]},{"id":228728,"url":"https:\/\/kohenavocats.com\/en\/tribunal-judiciaire-de-bordeaux-le-20-juin-2025-n24-02231\/","url_meta":{"origin":669056,"position":2},"title":"Tribunal judiciaire de Bordeaux, le 20 juin 2025, n\u00b024\/02231","author":"Kohen","date":"27 December 2025","format":false,"excerpt":"Now using node v22.15.1 (npm v10.8.2)Utilisation de Node.js v20.19.4 et npm 10.8.2Codex est d\u00e9j\u00e0 install\u00e9.Lancement de Codex\u2026Rendue par le juge des contentieux de la protection du tribunal judiciaire de Bordeaux le 20 juin 2025, l\u2019ordonnance commente un bail d\u2019habitation conclu en 2020. Apr\u00e8s un commandement de payer et de justifier\u2026","rel":"","context":"In &quot;D\u00e9cisions juridiques&quot;","block_context":{"text":"D\u00e9cisions juridiques","link":"https:\/\/kohenavocats.com\/category\/decisions-juridiques\/"},"img":{"alt_text":"","src":"https:\/\/i0.wp.com\/kohenavocats.com\/wp-content\/uploads\/2024\/07\/chris-lawton-zvKx6ixUhWQ-unsplash.webp?resize=350%2C200&ssl=1","width":350,"height":200,"srcset":"https:\/\/i0.wp.com\/kohenavocats.com\/wp-content\/uploads\/2024\/07\/chris-lawton-zvKx6ixUhWQ-unsplash.webp?resize=350%2C200&ssl=1 1x, https:\/\/i0.wp.com\/kohenavocats.com\/wp-content\/uploads\/2024\/07\/chris-lawton-zvKx6ixUhWQ-unsplash.webp?resize=525%2C300&ssl=1 1.5x, https:\/\/i0.wp.com\/kohenavocats.com\/wp-content\/uploads\/2024\/07\/chris-lawton-zvKx6ixUhWQ-unsplash.webp?resize=700%2C400&ssl=1 2x, https:\/\/i0.wp.com\/kohenavocats.com\/wp-content\/uploads\/2024\/07\/chris-lawton-zvKx6ixUhWQ-unsplash.webp?resize=1050%2C600&ssl=1 3x, https:\/\/i0.wp.com\/kohenavocats.com\/wp-content\/uploads\/2024\/07\/chris-lawton-zvKx6ixUhWQ-unsplash.webp?resize=1400%2C800&ssl=1 4x"},"classes":[]},{"id":305173,"url":"https:\/\/kohenavocats.com\/en\/tribunal-judiciaire-de-avignon-le-15-juillet-2025-n25-00229\/","url_meta":{"origin":669056,"position":3},"title":"Tribunal judiciaire de Avignon, le 15 juillet 2025, n\u00b025\/00229","author":"Kohen","date":"5 February 2026","format":false,"excerpt":"La pr\u00e9sente ordonnance de r\u00e9f\u00e9r\u00e9 statue sur une demande en r\u00e9solution de bail pour d\u00e9faut de paiement. Le juge des r\u00e9f\u00e9r\u00e9s, saisi sur le fondement de l\u2019article 834 du code de proc\u00e9dure civile, a prononc\u00e9 la r\u00e9siliation du contrat et ordonn\u00e9 l\u2019expulsion des locataires. Cette d\u00e9cision illustre la rigueur proc\u00e9durale\u2026","rel":"","context":"In &quot;D\u00e9cisions juridiques&quot;","block_context":{"text":"D\u00e9cisions juridiques","link":"https:\/\/kohenavocats.com\/category\/decisions-juridiques\/"},"img":{"alt_text":"","src":"https:\/\/i0.wp.com\/kohenavocats.com\/wp-content\/uploads\/2024\/07\/chris-lawton-zvKx6ixUhWQ-unsplash.webp?resize=350%2C200&ssl=1","width":350,"height":200,"srcset":"https:\/\/i0.wp.com\/kohenavocats.com\/wp-content\/uploads\/2024\/07\/chris-lawton-zvKx6ixUhWQ-unsplash.webp?resize=350%2C200&ssl=1 1x, https:\/\/i0.wp.com\/kohenavocats.com\/wp-content\/uploads\/2024\/07\/chris-lawton-zvKx6ixUhWQ-unsplash.webp?resize=525%2C300&ssl=1 1.5x, https:\/\/i0.wp.com\/kohenavocats.com\/wp-content\/uploads\/2024\/07\/chris-lawton-zvKx6ixUhWQ-unsplash.webp?resize=700%2C400&ssl=1 2x, https:\/\/i0.wp.com\/kohenavocats.com\/wp-content\/uploads\/2024\/07\/chris-lawton-zvKx6ixUhWQ-unsplash.webp?resize=1050%2C600&ssl=1 3x, https:\/\/i0.wp.com\/kohenavocats.com\/wp-content\/uploads\/2024\/07\/chris-lawton-zvKx6ixUhWQ-unsplash.webp?resize=1400%2C800&ssl=1 4x"},"classes":[]},{"id":304708,"url":"https:\/\/kohenavocats.com\/en\/tribunal-judiciaire-de-avignon-le-17-juillet-2025-n25-00174\/","url_meta":{"origin":669056,"position":4},"title":"Tribunal judiciaire de Avignon, le 17 juillet 2025, n\u00b025\/00174","author":"Kohen","date":"5 February 2026","format":false,"excerpt":"La pr\u00e9sente ordonnance de r\u00e9f\u00e9r\u00e9 statue sur une demande de r\u00e9siliation de bail pour d\u00e9faut de paiement. Le juge des r\u00e9f\u00e9r\u00e9s constate l\u2019acquisition de la clause r\u00e9solutoire et prononce l\u2019expulsion d\u2019un locataire. Il accorde \u00e9galement une provision sur la cr\u00e9ance et des d\u00e9lais de paiement \u00e0 l\u2019autre cod\u00e9biteur solidaire. Cette\u2026","rel":"","context":"In &quot;D\u00e9cisions juridiques&quot;","block_context":{"text":"D\u00e9cisions juridiques","link":"https:\/\/kohenavocats.com\/category\/decisions-juridiques\/"},"img":{"alt_text":"","src":"https:\/\/i0.wp.com\/kohenavocats.com\/wp-content\/uploads\/2024\/08\/deniz-demirci-wrMPwcYTRpc-unsplash.webp?resize=350%2C200&ssl=1","width":350,"height":200,"srcset":"https:\/\/i0.wp.com\/kohenavocats.com\/wp-content\/uploads\/2024\/08\/deniz-demirci-wrMPwcYTRpc-unsplash.webp?resize=350%2C200&ssl=1 1x, https:\/\/i0.wp.com\/kohenavocats.com\/wp-content\/uploads\/2024\/08\/deniz-demirci-wrMPwcYTRpc-unsplash.webp?resize=525%2C300&ssl=1 1.5x, https:\/\/i0.wp.com\/kohenavocats.com\/wp-content\/uploads\/2024\/08\/deniz-demirci-wrMPwcYTRpc-unsplash.webp?resize=700%2C400&ssl=1 2x, https:\/\/i0.wp.com\/kohenavocats.com\/wp-content\/uploads\/2024\/08\/deniz-demirci-wrMPwcYTRpc-unsplash.webp?resize=1050%2C600&ssl=1 3x, https:\/\/i0.wp.com\/kohenavocats.com\/wp-content\/uploads\/2024\/08\/deniz-demirci-wrMPwcYTRpc-unsplash.webp?resize=1400%2C800&ssl=1 4x"},"classes":[]},{"id":752729,"url":"https:\/\/kohenavocats.com\/en\/tribunal-judiciaire-de-annecy-le-19-janvier-2026-n25-00687\/","url_meta":{"origin":669056,"position":5},"title":"Tribunal judiciaire de Annecy, le 19 janvier 2026, n\u00b025\/00687","author":"Kohen","date":"29 April 2026","format":false,"excerpt":"Le tribunal judiciaire d'Annecy, statuant en r\u00e9f\u00e9r\u00e9 le 19 janvier 2026, a constat\u00e9 l'acquisition d'une clause r\u00e9solutoire pour d\u00e9faut de paiement des loyers....","rel":"","context":"In &quot;Jurisprudence&quot;","block_context":{"text":"Jurisprudence","link":"https:\/\/kohenavocats.com\/category\/jurisprudence\/"},"img":{"alt_text":"","src":"https:\/\/i0.wp.com\/kohenavocats.com\/wp-content\/uploads\/2024\/08\/diane-picchiottino-MgllRDA6GIA-unsplash.webp?resize=350%2C200&ssl=1","width":350,"height":200,"srcset":"https:\/\/i0.wp.com\/kohenavocats.com\/wp-content\/uploads\/2024\/08\/diane-picchiottino-MgllRDA6GIA-unsplash.webp?resize=350%2C200&ssl=1 1x, https:\/\/i0.wp.com\/kohenavocats.com\/wp-content\/uploads\/2024\/08\/diane-picchiottino-MgllRDA6GIA-unsplash.webp?resize=525%2C300&ssl=1 1.5x, https:\/\/i0.wp.com\/kohenavocats.com\/wp-content\/uploads\/2024\/08\/diane-picchiottino-MgllRDA6GIA-unsplash.webp?resize=700%2C400&ssl=1 2x, https:\/\/i0.wp.com\/kohenavocats.com\/wp-content\/uploads\/2024\/08\/diane-picchiottino-MgllRDA6GIA-unsplash.webp?resize=1050%2C600&ssl=1 3x, https:\/\/i0.wp.com\/kohenavocats.com\/wp-content\/uploads\/2024\/08\/diane-picchiottino-MgllRDA6GIA-unsplash.webp?resize=1400%2C800&ssl=1 4x"},"classes":[]}],"jetpack_sharing_enabled":true,"_links":{"self":[{"href":"https:\/\/kohenavocats.com\/en\/wp-json\/wp\/v2\/posts\/669056","targetHints":{"allow":["GET"]}}],"collection":[{"href":"https:\/\/kohenavocats.com\/en\/wp-json\/wp\/v2\/posts"}],"about":[{"href":"https:\/\/kohenavocats.com\/en\/wp-json\/wp\/v2\/types\/post"}],"author":[{"embeddable":true,"href":"https:\/\/kohenavocats.com\/en\/wp-json\/wp\/v2\/users\/232070755"}],"replies":[{"embeddable":true,"href":"https:\/\/kohenavocats.com\/en\/wp-json\/wp\/v2\/comments?post=669056"}],"version-history":[{"count":1,"href":"https:\/\/kohenavocats.com\/en\/wp-json\/wp\/v2\/posts\/669056\/revisions"}],"predecessor-version":[{"id":695848,"href":"https:\/\/kohenavocats.com\/en\/wp-json\/wp\/v2\/posts\/669056\/revisions\/695848"}],"wp:featuredmedia":[{"embeddable":true,"href":"https:\/\/kohenavocats.com\/en\/wp-json\/wp\/v2\/media\/9486"}],"wp:attachment":[{"href":"https:\/\/kohenavocats.com\/en\/wp-json\/wp\/v2\/media?parent=669056"}],"wp:term":[{"taxonomy":"category","embeddable":true,"href":"https:\/\/kohenavocats.com\/en\/wp-json\/wp\/v2\/categories?post=669056"},{"taxonomy":"post_tag","embeddable":true,"href":"https:\/\/kohenavocats.com\/en\/wp-json\/wp\/v2\/tags?post=669056"}],"curies":[{"name":"wp","href":"https:\/\/api.w.org\/{rel}","templated":true}]}}