{"id":669060,"date":"2026-04-24T05:49:35","date_gmt":"2026-04-24T03:49:35","guid":{"rendered":"https:\/\/kohenavocats.com\/tribunal-judiciaire-de-tarascon-le-6-fevrier-2026-n23-01099\/"},"modified":"2026-04-24T05:49:35","modified_gmt":"2026-04-24T03:49:35","slug":"tribunal-judiciaire-de-tarascon-le-6-fevrier-2026-n23-01099","status":"publish","type":"post","link":"https:\/\/kohenavocats.com\/en\/tribunal-judiciaire-de-tarascon-le-6-fevrier-2026-n23-01099\/","title":{"rendered":"Tribunal judiciaire de Tarascon, le 6 f\u00e9vrier 2026, n\u00b023\/01099"},"content":{"rendered":"<div class=\"article-content\">\n<p>Le Tribunal judiciaire, dans une d\u00e9cision du 6 f\u00e9vrier 2026, statue sur un litige contractuel entre une soci\u00e9t\u00e9 de ma\u00e7onnerie et le ma\u00eetre de l\u2019ouvrage. Ce dernier reproche \u00e0 l\u2019entrepreneur des malfa\u00e7ons dans des travaux de toiture et un manquement \u00e0 son devoir de conseil concernant l\u2019\u00e9tat de la charpente. Apr\u00e8s une expertise judiciaire, le tribunal retient la responsabilit\u00e9 contractuelle de l\u2019entrepreneur pour les malfa\u00e7ons mais \u00e9carte le lien de causalit\u00e9 entre ses travaux et les d\u00e9sordres pr\u00e9existants de la charpente. Il condamne n\u00e9anmoins l\u2019entrepreneur pour d\u00e9faut de conseil et proc\u00e8de \u00e0 une compensation entre les cr\u00e9ances respectives des parties.<\/p>\n<p>La caract\u00e9risation des manquements contractuels<\/p>\n<p>L\u2019obligation de r\u00e9sultat en mati\u00e8re d\u2019ex\u00e9cution des travaux est fermement rappel\u00e9e par le tribunal. L\u2019expertise judiciaire a \u00e9tabli que les tuiles de fa\u00eetage avaient \u00e9t\u00e9 scell\u00e9es au mortier de chaux, ce qui n\u2019est pas conforme \u00e0 la notice technique du fabricant. Le tribunal en d\u00e9duit que l\u2019entrepreneur, tenu \u00e0 une obligation de r\u00e9sultat, a manqu\u00e9 \u00e0 ses obligations contractuelles. Cette solution confirme une jurisprudence constante selon laquelle l\u2019entrepreneur est tenu &#8220;\u00e0 une obligation de r\u00e9sultat d&#8217;effectuer des travaux efficaces, conformes aux r\u00e8gles de l&#8217;art, aux normes applicables et aux prestations pr\u00e9vues&#8221; (Cour d&#8217;appel, le 9 septembre 2025, n\u00b020\/00013). La port\u00e9e de ce point est essentielle car elle ancre la responsabilit\u00e9 sur le strict respect des prescriptions techniques, ind\u00e9pendamment de l\u2019existence d\u2019un dommage imm\u00e9diat.<\/p>\n<p>Le devoir de conseil, quant \u00e0 lui, fait l\u2019objet d\u2019une appr\u00e9ciation rigoureuse de la charge de la preuve. Les expertises ont relev\u00e9 que l\u2019entrepreneur aurait d\u00fb informer par \u00e9crit le ma\u00eetre de l\u2019ouvrage de l\u2019\u00e9tat de la charpente. Le tribunal constate que la mention d\u2019une r\u00e9serve dans un devis est insuffisante et que le professionnel &#8220;aurait d\u00fb faire preuve de prudence en se pr\u00e9constituant une preuve \u00e9crite&#8221;. Cette exigence d\u2019une preuve \u00e9crite du conseil donn\u00e9 renforce consid\u00e9rablement l\u2019obligation de diligence du professionnel. Sa valeur r\u00e9side dans le renversement implicite de la charge de la preuve, obligeant l\u2019entrepreneur \u00e0 d\u00e9montrer qu\u2019il a exactement donn\u00e9 &#8220;les informations et conseils appropri\u00e9s&#8221;.<\/p>\n<p>La r\u00e9paration des pr\u00e9judices et la compensation des cr\u00e9ances<\/p>\n<p>L\u2019\u00e9valuation des pr\u00e9judices mat\u00e9riels d\u00e9montre un contr\u00f4le strict par le juge des devis produits. Le tribunal \u00e9carte le devis du ma\u00eetre de l\u2019ouvrage, jug\u00e9 trop large et insuffisamment d\u00e9taill\u00e9, pour retenir une combinaison de postes issus de l\u2019expertise et d\u2019un devis de l\u2019entrepreneur. Cette m\u00e9thode aboutit \u00e0 indemniser uniquement le co\u00fbt des travaux strictement n\u00e9cessaires \u00e0 la mise en conformit\u00e9, incluant la rectification de la charpente rendue indispensable par la malfa\u00e7on. Le sens de cette approche est de limiter la r\u00e9paration au pr\u00e9judice certain, en refusant de financer une r\u00e9novation compl\u00e8te qui irait au-del\u00e0 de la r\u00e9paration du dommage caus\u00e9.<\/p>\n<p>La r\u00e9paration du pr\u00e9judice de perte de chance r\u00e9v\u00e8le une application mesur\u00e9e de cette notion. Le tribunal reconna\u00eet un pr\u00e9judice s\u00e9rieux li\u00e9 au d\u00e9faut de conseil, mais estime qu\u2019une mise en garde n\u2019aurait pas n\u00e9cessairement conduit le ma\u00eetre de l\u2019ouvrage \u00e0 r\u00e9aliser les travaux en raison du surco\u00fbt. Il indemnise donc la perte de chance \u00e0 hauteur de 30% du co\u00fbt des travaux de charpente non r\u00e9alis\u00e9s. Cette \u00e9valuation au taux forfaitaire illustre le pouvoir souverain des juges du fond. Sa port\u00e9e pratique est significative, car elle \u00e9vite d\u2019indemniser un pr\u00e9judice hypoth\u00e9tique dans son int\u00e9gralit\u00e9 tout en sanctionnant la faute du conseil.<\/p>\n<p>Enfin, la d\u00e9cision proc\u00e8de \u00e0 une compensation l\u00e9gale entre la cr\u00e9ance de l\u2019entrepreneur pour le solde de sa facture et les condamnations prononc\u00e9es contre lui. Cette op\u00e9ration, ordonn\u00e9e d\u2019office car les conditions l\u00e9gales \u00e9taient r\u00e9unies, simplifie l\u2019ex\u00e9cution du jugement en \u00e9teignant les dettes r\u00e9ciproques \u00e0 due concurrence. Elle rappelle utilement que la reconnaissance de manquements contractuels n\u2019efface pas pour autant la cr\u00e9ance principale n\u00e9e de l\u2019ex\u00e9cution partielle des travaux, pr\u00e9servant ainsi l\u2019\u00e9quilibre contractuel.<\/p>\n<\/div>\n","protected":false},"excerpt":{"rendered":"<p>Le Tribunal judiciaire, dans une d\u00e9cision du 6 f\u00e9vrier 2026, statue sur un litige contractuel entre une soci\u00e9t\u00e9 de ma\u00e7onnerie et le ma\u00eetre de l\u2019ouvrage. Ce d&#8230;<\/p>\n","protected":false},"author":232070755,"featured_media":4665,"comment_status":"open","ping_status":"open","sticky":false,"template":"","format":"standard","meta":{"_crdt_document":"","_jetpack_newsletter_access":"","_jetpack_dont_email_post_to_subs":false,"_jetpack_newsletter_tier_id":0,"_jetpack_memberships_contains_paywalled_content":false,"_kj_source_type":"","_kj_official_id":"","_kj_official_url":"","_kj_judilibre_id":"","_kj_jur":"","_kj_lieu":"","_kj_chambre":"","_kj_rg":"","_kj_date":"","_jetpack_memberships_contains_paid_content":false,"footnotes":"","jetpack_post_was_ever_published":false},"categories":[7597],"tags":[],"class_list":["post-669060","post","type-post","status-publish","format-standard","has-post-thumbnail","hentry","category-jurisprudence"],"yoast_head":"<!-- This site is optimized with the Yoast SEO Premium plugin v27.5 (Yoast SEO v27.5) - https:\/\/yoast.com\/product\/yoast-seo-premium-wordpress\/ -->\n<title>Tribunal judiciaire de Tarascon, le 6 f\u00e9vrier 2026, n\u00b023\/01099 - Ma\u00eetre Hassan Kohen, avocat en droit p\u00e9nal \u00e0 Paris<\/title>\n<meta name=\"description\" content=\"Le Tribunal judiciaire, dans une d\u00e9cision du 6 f\u00e9vrier 2026, statue sur un litige contractuel entre une soci\u00e9t\u00e9 de ma\u00e7onnerie et le ma\u00eetre de l\u2019ouvrage. Ce d...\" \/>\n<meta name=\"robots\" content=\"index, follow, max-snippet:-1, max-image-preview:large, max-video-preview:-1\" \/>\n<link rel=\"canonical\" href=\"https:\/\/kohenavocats.com\/en\/tribunal-judiciaire-de-tarascon-le-6-fevrier-2026-n23-01099\/\" \/>\n<meta property=\"og:locale\" content=\"en_US\" \/>\n<meta property=\"og:type\" content=\"article\" \/>\n<meta property=\"og:title\" content=\"Tribunal judiciaire de Tarascon, le 6 f\u00e9vrier 2026, n\u00b023\/01099\" \/>\n<meta property=\"og:description\" content=\"Le Tribunal judiciaire, dans une d\u00e9cision du 6 f\u00e9vrier 2026, statue sur un litige contractuel entre une soci\u00e9t\u00e9 de ma\u00e7onnerie et le ma\u00eetre de l\u2019ouvrage. Ce d...\" \/>\n<meta property=\"og:url\" content=\"https:\/\/kohenavocats.com\/en\/tribunal-judiciaire-de-tarascon-le-6-fevrier-2026-n23-01099\/\" \/>\n<meta property=\"og:site_name\" content=\"Ma\u00eetre Hassan Kohen, avocat en droit p\u00e9nal \u00e0 Paris\" \/>\n<meta property=\"article:published_time\" content=\"2026-04-24T03:49:35+00:00\" \/>\n<meta property=\"og:image\" content=\"https:\/\/kohenavocats.com\/wp-content\/uploads\/2024\/08\/alexandre-brondino-jCxM7spcAWY-unsplash.webp\" \/>\n\t<meta property=\"og:image:width\" content=\"5612\" \/>\n\t<meta property=\"og:image:height\" content=\"3738\" \/>\n\t<meta property=\"og:image:type\" content=\"image\/webp\" \/>\n<meta name=\"author\" content=\"Kohen\" \/>\n<meta name=\"twitter:card\" content=\"summary_large_image\" \/>\n<meta name=\"twitter:label1\" content=\"Written by\" \/>\n\t<meta name=\"twitter:data1\" content=\"Kohen\" \/>\n\t<meta name=\"twitter:label2\" content=\"Est. reading time\" \/>\n\t<meta name=\"twitter:data2\" content=\"4 minutes\" \/>\n<script type=\"application\/ld+json\" class=\"yoast-schema-graph\">{\"@context\":\"https:\\\/\\\/schema.org\",\"@graph\":[{\"@type\":\"Article\",\"@id\":\"https:\\\/\\\/kohenavocats.com\\\/en\\\/tribunal-judiciaire-de-tarascon-le-6-fevrier-2026-n23-01099\\\/#article\",\"isPartOf\":{\"@id\":\"https:\\\/\\\/kohenavocats.com\\\/en\\\/tribunal-judiciaire-de-tarascon-le-6-fevrier-2026-n23-01099\\\/\"},\"author\":{\"name\":\"Kohen\",\"@id\":\"https:\\\/\\\/kohenavocats.com\\\/en\\\/#\\\/schema\\\/person\\\/761c9ba54fa1ca84d405cef0831ff751\"},\"headline\":\"Tribunal judiciaire de Tarascon, le 6 f\u00e9vrier 2026, n\u00b023\\\/01099\",\"datePublished\":\"2026-04-24T03:49:35+00:00\",\"mainEntityOfPage\":{\"@id\":\"https:\\\/\\\/kohenavocats.com\\\/en\\\/tribunal-judiciaire-de-tarascon-le-6-fevrier-2026-n23-01099\\\/\"},\"wordCount\":739,\"commentCount\":0,\"publisher\":{\"@id\":\"https:\\\/\\\/kohenavocats.com\\\/en\\\/#organization\"},\"image\":{\"@id\":\"https:\\\/\\\/kohenavocats.com\\\/en\\\/tribunal-judiciaire-de-tarascon-le-6-fevrier-2026-n23-01099\\\/#primaryimage\"},\"thumbnailUrl\":\"https:\\\/\\\/kohenavocats.com\\\/wp-content\\\/uploads\\\/2024\\\/08\\\/alexandre-brondino-jCxM7spcAWY-unsplash.webp\",\"articleSection\":[\"Jurisprudence\"],\"inLanguage\":\"en-US\",\"potentialAction\":[{\"@type\":\"CommentAction\",\"name\":\"Comment\",\"target\":[\"https:\\\/\\\/kohenavocats.com\\\/en\\\/tribunal-judiciaire-de-tarascon-le-6-fevrier-2026-n23-01099\\\/#respond\"]}],\"citation\":\"Tribunal judiciaire de Tarascon, le 6 f\u00e9vrier 2026, n\u00b023\\\/01099\",\"about\":[{\"@type\":\"Thing\",\"name\":\"Jurisprudence\"}],\"dateModified\":\"2026-04-24T03:49:35+00:00\",\"speakable\":{\"@type\":\"SpeakableSpecification\",\"cssSelector\":[\".article-content > p:first-of-type\"]}},{\"@type\":\"WebPage\",\"@id\":\"https:\\\/\\\/kohenavocats.com\\\/en\\\/tribunal-judiciaire-de-tarascon-le-6-fevrier-2026-n23-01099\\\/\",\"url\":\"https:\\\/\\\/kohenavocats.com\\\/en\\\/tribunal-judiciaire-de-tarascon-le-6-fevrier-2026-n23-01099\\\/\",\"name\":\"Tribunal judiciaire de Tarascon, le 6 f\u00e9vrier 2026, n\u00b023\\\/01099 - Ma\u00eetre Hassan Kohen, avocat en droit p\u00e9nal \u00e0 Paris\",\"isPartOf\":{\"@id\":\"https:\\\/\\\/kohenavocats.com\\\/en\\\/#website\"},\"primaryImageOfPage\":{\"@id\":\"https:\\\/\\\/kohenavocats.com\\\/en\\\/tribunal-judiciaire-de-tarascon-le-6-fevrier-2026-n23-01099\\\/#primaryimage\"},\"image\":{\"@id\":\"https:\\\/\\\/kohenavocats.com\\\/en\\\/tribunal-judiciaire-de-tarascon-le-6-fevrier-2026-n23-01099\\\/#primaryimage\"},\"thumbnailUrl\":\"https:\\\/\\\/kohenavocats.com\\\/wp-content\\\/uploads\\\/2024\\\/08\\\/alexandre-brondino-jCxM7spcAWY-unsplash.webp\",\"datePublished\":\"2026-04-24T03:49:35+00:00\",\"description\":\"Le Tribunal judiciaire, dans une d\u00e9cision du 6 f\u00e9vrier 2026, statue sur un litige contractuel entre une soci\u00e9t\u00e9 de ma\u00e7onnerie et le ma\u00eetre de l\u2019ouvrage. Ce d...\",\"breadcrumb\":{\"@id\":\"https:\\\/\\\/kohenavocats.com\\\/en\\\/tribunal-judiciaire-de-tarascon-le-6-fevrier-2026-n23-01099\\\/#breadcrumb\"},\"inLanguage\":\"en-US\",\"potentialAction\":[{\"@type\":\"ReadAction\",\"target\":[\"https:\\\/\\\/kohenavocats.com\\\/en\\\/tribunal-judiciaire-de-tarascon-le-6-fevrier-2026-n23-01099\\\/\"]}]},{\"@type\":\"ImageObject\",\"inLanguage\":\"en-US\",\"@id\":\"https:\\\/\\\/kohenavocats.com\\\/en\\\/tribunal-judiciaire-de-tarascon-le-6-fevrier-2026-n23-01099\\\/#primaryimage\",\"url\":\"https:\\\/\\\/kohenavocats.com\\\/wp-content\\\/uploads\\\/2024\\\/08\\\/alexandre-brondino-jCxM7spcAWY-unsplash.webp\",\"contentUrl\":\"https:\\\/\\\/kohenavocats.com\\\/wp-content\\\/uploads\\\/2024\\\/08\\\/alexandre-brondino-jCxM7spcAWY-unsplash.webp\",\"width\":5612,\"height\":3738},{\"@type\":\"BreadcrumbList\",\"@id\":\"https:\\\/\\\/kohenavocats.com\\\/en\\\/tribunal-judiciaire-de-tarascon-le-6-fevrier-2026-n23-01099\\\/#breadcrumb\",\"itemListElement\":[{\"@type\":\"ListItem\",\"position\":1,\"name\":\"Home\",\"item\":\"https:\\\/\\\/kohenavocats.com\\\/en\\\/criminal-law-attorneys-in-paris-counsel-and-strategic-defense\\\/\"},{\"@type\":\"ListItem\",\"position\":2,\"name\":\"Tribunal judiciaire de Tarascon, le 6 f\u00e9vrier 2026, n\u00b023\\\/01099\"}]},{\"@type\":\"WebSite\",\"@id\":\"https:\\\/\\\/kohenavocats.com\\\/en\\\/#website\",\"url\":\"https:\\\/\\\/kohenavocats.com\\\/en\\\/\",\"name\":\"Kohen Avocats\",\"description\":\"Ma\u00eetre Hassan Kohen, avocat p\u00e9naliste \u00e0 Paris, intervient exclusivement en droit p\u00e9nal pour la d\u00e9fense des particuliers, notamment en mati\u00e8re d\u2019accusations de viol. Il assure un accompagnement rigoureux d\u00e8s la garde \u00e0 vue jusqu\u2019\u00e0 la Cour d\u2019assises, veillant au strict respect des garanties proc\u00e9durales.\",\"publisher\":{\"@id\":\"https:\\\/\\\/kohenavocats.com\\\/en\\\/#organization\"},\"potentialAction\":[{\"@type\":\"SearchAction\",\"target\":{\"@type\":\"EntryPoint\",\"urlTemplate\":\"https:\\\/\\\/kohenavocats.com\\\/en\\\/?s={search_term_string}\"},\"query-input\":{\"@type\":\"PropertyValueSpecification\",\"valueRequired\":true,\"valueName\":\"search_term_string\"}}],\"inLanguage\":\"en-US\"},{\"@type\":\"Organization\",\"@id\":\"https:\\\/\\\/kohenavocats.com\\\/en\\\/#organization\",\"name\":\"Kohen Avocats\",\"url\":\"https:\\\/\\\/kohenavocats.com\\\/en\\\/\",\"logo\":{\"@type\":\"ImageObject\",\"inLanguage\":\"en-US\",\"@id\":\"https:\\\/\\\/kohenavocats.com\\\/en\\\/#\\\/schema\\\/logo\\\/image\\\/\",\"url\":\"https:\\\/\\\/kohenavocats.com\\\/wp-content\\\/uploads\\\/2026\\\/01\\\/Logo-2-1.webp\",\"contentUrl\":\"https:\\\/\\\/kohenavocats.com\\\/wp-content\\\/uploads\\\/2026\\\/01\\\/Logo-2-1.webp\",\"width\":2114,\"height\":1253,\"caption\":\"Kohen Avocats\"},\"image\":{\"@id\":\"https:\\\/\\\/kohenavocats.com\\\/en\\\/#\\\/schema\\\/logo\\\/image\\\/\"}},{\"@type\":\"Person\",\"@id\":\"https:\\\/\\\/kohenavocats.com\\\/en\\\/#\\\/schema\\\/person\\\/761c9ba54fa1ca84d405cef0831ff751\",\"name\":\"Kohen\",\"image\":{\"@type\":\"ImageObject\",\"inLanguage\":\"en-US\",\"@id\":\"https:\\\/\\\/secure.gravatar.com\\\/avatar\\\/1c5e76ef76bbbfdd2b4da984e2bf2fa4056fd51a27d25ce2c332047f1dfd6e00?s=96&d=identicon&r=g\",\"url\":\"https:\\\/\\\/secure.gravatar.com\\\/avatar\\\/1c5e76ef76bbbfdd2b4da984e2bf2fa4056fd51a27d25ce2c332047f1dfd6e00?s=96&d=identicon&r=g\",\"contentUrl\":\"https:\\\/\\\/secure.gravatar.com\\\/avatar\\\/1c5e76ef76bbbfdd2b4da984e2bf2fa4056fd51a27d25ce2c332047f1dfd6e00?s=96&d=identicon&r=g\",\"caption\":\"Kohen\"},\"sameAs\":[\"https:\\\/\\\/www.linkedin.com\\\/in\\\/hassan-kohen-448548192\\\/\",\"https:\\\/\\\/www.youtube.com\\\/@Kohen-Avocats\"],\"url\":\"https:\\\/\\\/kohenavocats.com\\\/en\\\/author\\\/kohenmlk\\\/\"}]}<\/script>\n<!-- \/ Yoast SEO Premium plugin. -->","yoast_head_json":{"title":"Tribunal judiciaire de Tarascon, le 6 f\u00e9vrier 2026, n\u00b023\/01099 - Ma\u00eetre Hassan Kohen, avocat en droit p\u00e9nal \u00e0 Paris","description":"Le Tribunal judiciaire, dans une d\u00e9cision du 6 f\u00e9vrier 2026, statue sur un litige contractuel entre une soci\u00e9t\u00e9 de ma\u00e7onnerie et le ma\u00eetre de l\u2019ouvrage. Ce d...","robots":{"index":"index","follow":"follow","max-snippet":"max-snippet:-1","max-image-preview":"max-image-preview:large","max-video-preview":"max-video-preview:-1"},"canonical":"https:\/\/kohenavocats.com\/en\/tribunal-judiciaire-de-tarascon-le-6-fevrier-2026-n23-01099\/","og_locale":"en_US","og_type":"article","og_title":"Tribunal judiciaire de Tarascon, le 6 f\u00e9vrier 2026, n\u00b023\/01099","og_description":"Le Tribunal judiciaire, dans une d\u00e9cision du 6 f\u00e9vrier 2026, statue sur un litige contractuel entre une soci\u00e9t\u00e9 de ma\u00e7onnerie et le ma\u00eetre de l\u2019ouvrage. Ce d...","og_url":"https:\/\/kohenavocats.com\/en\/tribunal-judiciaire-de-tarascon-le-6-fevrier-2026-n23-01099\/","og_site_name":"Ma\u00eetre Hassan Kohen, avocat en droit p\u00e9nal \u00e0 Paris","article_published_time":"2026-04-24T03:49:35+00:00","og_image":[{"width":5612,"height":3738,"url":"https:\/\/kohenavocats.com\/wp-content\/uploads\/2024\/08\/alexandre-brondino-jCxM7spcAWY-unsplash.webp","type":"image\/webp"}],"author":"Kohen","twitter_card":"summary_large_image","twitter_misc":{"Written by":"Kohen","Est. reading time":"4 minutes"},"schema":{"@context":"https:\/\/schema.org","@graph":[{"@type":"Article","@id":"https:\/\/kohenavocats.com\/en\/tribunal-judiciaire-de-tarascon-le-6-fevrier-2026-n23-01099\/#article","isPartOf":{"@id":"https:\/\/kohenavocats.com\/en\/tribunal-judiciaire-de-tarascon-le-6-fevrier-2026-n23-01099\/"},"author":{"name":"Kohen","@id":"https:\/\/kohenavocats.com\/en\/#\/schema\/person\/761c9ba54fa1ca84d405cef0831ff751"},"headline":"Tribunal judiciaire de Tarascon, le 6 f\u00e9vrier 2026, n\u00b023\/01099","datePublished":"2026-04-24T03:49:35+00:00","mainEntityOfPage":{"@id":"https:\/\/kohenavocats.com\/en\/tribunal-judiciaire-de-tarascon-le-6-fevrier-2026-n23-01099\/"},"wordCount":739,"commentCount":0,"publisher":{"@id":"https:\/\/kohenavocats.com\/en\/#organization"},"image":{"@id":"https:\/\/kohenavocats.com\/en\/tribunal-judiciaire-de-tarascon-le-6-fevrier-2026-n23-01099\/#primaryimage"},"thumbnailUrl":"https:\/\/kohenavocats.com\/wp-content\/uploads\/2024\/08\/alexandre-brondino-jCxM7spcAWY-unsplash.webp","articleSection":["Jurisprudence"],"inLanguage":"en-US","potentialAction":[{"@type":"CommentAction","name":"Comment","target":["https:\/\/kohenavocats.com\/en\/tribunal-judiciaire-de-tarascon-le-6-fevrier-2026-n23-01099\/#respond"]}],"citation":"Tribunal judiciaire de Tarascon, le 6 f\u00e9vrier 2026, n\u00b023\/01099","about":[{"@type":"Thing","name":"Jurisprudence"}],"dateModified":"2026-04-24T03:49:35+00:00","speakable":{"@type":"SpeakableSpecification","cssSelector":[".article-content > p:first-of-type"]}},{"@type":"WebPage","@id":"https:\/\/kohenavocats.com\/en\/tribunal-judiciaire-de-tarascon-le-6-fevrier-2026-n23-01099\/","url":"https:\/\/kohenavocats.com\/en\/tribunal-judiciaire-de-tarascon-le-6-fevrier-2026-n23-01099\/","name":"Tribunal judiciaire de Tarascon, le 6 f\u00e9vrier 2026, n\u00b023\/01099 - Ma\u00eetre Hassan Kohen, avocat en droit p\u00e9nal \u00e0 Paris","isPartOf":{"@id":"https:\/\/kohenavocats.com\/en\/#website"},"primaryImageOfPage":{"@id":"https:\/\/kohenavocats.com\/en\/tribunal-judiciaire-de-tarascon-le-6-fevrier-2026-n23-01099\/#primaryimage"},"image":{"@id":"https:\/\/kohenavocats.com\/en\/tribunal-judiciaire-de-tarascon-le-6-fevrier-2026-n23-01099\/#primaryimage"},"thumbnailUrl":"https:\/\/kohenavocats.com\/wp-content\/uploads\/2024\/08\/alexandre-brondino-jCxM7spcAWY-unsplash.webp","datePublished":"2026-04-24T03:49:35+00:00","description":"Le Tribunal judiciaire, dans une d\u00e9cision du 6 f\u00e9vrier 2026, statue sur un litige contractuel entre une soci\u00e9t\u00e9 de ma\u00e7onnerie et le ma\u00eetre de l\u2019ouvrage. Ce d...","breadcrumb":{"@id":"https:\/\/kohenavocats.com\/en\/tribunal-judiciaire-de-tarascon-le-6-fevrier-2026-n23-01099\/#breadcrumb"},"inLanguage":"en-US","potentialAction":[{"@type":"ReadAction","target":["https:\/\/kohenavocats.com\/en\/tribunal-judiciaire-de-tarascon-le-6-fevrier-2026-n23-01099\/"]}]},{"@type":"ImageObject","inLanguage":"en-US","@id":"https:\/\/kohenavocats.com\/en\/tribunal-judiciaire-de-tarascon-le-6-fevrier-2026-n23-01099\/#primaryimage","url":"https:\/\/kohenavocats.com\/wp-content\/uploads\/2024\/08\/alexandre-brondino-jCxM7spcAWY-unsplash.webp","contentUrl":"https:\/\/kohenavocats.com\/wp-content\/uploads\/2024\/08\/alexandre-brondino-jCxM7spcAWY-unsplash.webp","width":5612,"height":3738},{"@type":"BreadcrumbList","@id":"https:\/\/kohenavocats.com\/en\/tribunal-judiciaire-de-tarascon-le-6-fevrier-2026-n23-01099\/#breadcrumb","itemListElement":[{"@type":"ListItem","position":1,"name":"Home","item":"https:\/\/kohenavocats.com\/en\/criminal-law-attorneys-in-paris-counsel-and-strategic-defense\/"},{"@type":"ListItem","position":2,"name":"Tribunal judiciaire de Tarascon, le 6 f\u00e9vrier 2026, n\u00b023\/01099"}]},{"@type":"WebSite","@id":"https:\/\/kohenavocats.com\/en\/#website","url":"https:\/\/kohenavocats.com\/en\/","name":"Kohen Avocats","description":"Ma\u00eetre Hassan Kohen, avocat p\u00e9naliste \u00e0 Paris, intervient exclusivement en droit p\u00e9nal pour la d\u00e9fense des particuliers, notamment en mati\u00e8re d\u2019accusations de viol. Il assure un accompagnement rigoureux d\u00e8s la garde \u00e0 vue jusqu\u2019\u00e0 la Cour d\u2019assises, veillant au strict respect des garanties proc\u00e9durales.","publisher":{"@id":"https:\/\/kohenavocats.com\/en\/#organization"},"potentialAction":[{"@type":"SearchAction","target":{"@type":"EntryPoint","urlTemplate":"https:\/\/kohenavocats.com\/en\/?s={search_term_string}"},"query-input":{"@type":"PropertyValueSpecification","valueRequired":true,"valueName":"search_term_string"}}],"inLanguage":"en-US"},{"@type":"Organization","@id":"https:\/\/kohenavocats.com\/en\/#organization","name":"Kohen Avocats","url":"https:\/\/kohenavocats.com\/en\/","logo":{"@type":"ImageObject","inLanguage":"en-US","@id":"https:\/\/kohenavocats.com\/en\/#\/schema\/logo\/image\/","url":"https:\/\/kohenavocats.com\/wp-content\/uploads\/2026\/01\/Logo-2-1.webp","contentUrl":"https:\/\/kohenavocats.com\/wp-content\/uploads\/2026\/01\/Logo-2-1.webp","width":2114,"height":1253,"caption":"Kohen Avocats"},"image":{"@id":"https:\/\/kohenavocats.com\/en\/#\/schema\/logo\/image\/"}},{"@type":"Person","@id":"https:\/\/kohenavocats.com\/en\/#\/schema\/person\/761c9ba54fa1ca84d405cef0831ff751","name":"Kohen","image":{"@type":"ImageObject","inLanguage":"en-US","@id":"https:\/\/secure.gravatar.com\/avatar\/1c5e76ef76bbbfdd2b4da984e2bf2fa4056fd51a27d25ce2c332047f1dfd6e00?s=96&d=identicon&r=g","url":"https:\/\/secure.gravatar.com\/avatar\/1c5e76ef76bbbfdd2b4da984e2bf2fa4056fd51a27d25ce2c332047f1dfd6e00?s=96&d=identicon&r=g","contentUrl":"https:\/\/secure.gravatar.com\/avatar\/1c5e76ef76bbbfdd2b4da984e2bf2fa4056fd51a27d25ce2c332047f1dfd6e00?s=96&d=identicon&r=g","caption":"Kohen"},"sameAs":["https:\/\/www.linkedin.com\/in\/hassan-kohen-448548192\/","https:\/\/www.youtube.com\/@Kohen-Avocats"],"url":"https:\/\/kohenavocats.com\/en\/author\/kohenmlk\/"}]}},"jetpack_featured_media_url":"https:\/\/kohenavocats.com\/wp-content\/uploads\/2024\/08\/alexandre-brondino-jCxM7spcAWY-unsplash.webp","jetpack_likes_enabled":false,"jetpack_shortlink":"https:\/\/wp.me\/peCrII-2O3i","jetpack-related-posts":[{"id":268968,"url":"https:\/\/kohenavocats.com\/en\/tribunal-judiciaire-de-lorient-le-23-juin-2025-n24-00300\/","url_meta":{"origin":669060,"position":0},"title":"Tribunal judiciaire de Lorient, le 23 juin 2025, n\u00b024\/00300","author":"Kohen","date":"10 January 2026","format":false,"excerpt":"Rendu par le Tribunal judiciaire de Lorient le 23 juin 2025 (n\u00b0 RG 24\/00300), ce jugement tranche un diff\u00e9rend n\u00e9 d\u2019un contrat d\u2019entreprise portant sur des travaux de ravalement et de peinture, ext\u00e9rieurs et int\u00e9rieurs, r\u00e9alis\u00e9s dans un immeuble d\u2019habitation. Le ma\u00eetre de l\u2019ouvrage a vers\u00e9 un acompte, puis contest\u00e9\u2026","rel":"","context":"In &quot;D\u00e9cisions juridiques&quot;","block_context":{"text":"D\u00e9cisions juridiques","link":"https:\/\/kohenavocats.com\/category\/decisions-juridiques\/"},"img":{"alt_text":"","src":"https:\/\/i0.wp.com\/kohenavocats.com\/wp-content\/uploads\/2024\/11\/chris-barbalis-r4ytn1RdQas-unsplash.webp?resize=350%2C200&ssl=1","width":350,"height":200,"srcset":"https:\/\/i0.wp.com\/kohenavocats.com\/wp-content\/uploads\/2024\/11\/chris-barbalis-r4ytn1RdQas-unsplash.webp?resize=350%2C200&ssl=1 1x, https:\/\/i0.wp.com\/kohenavocats.com\/wp-content\/uploads\/2024\/11\/chris-barbalis-r4ytn1RdQas-unsplash.webp?resize=525%2C300&ssl=1 1.5x, https:\/\/i0.wp.com\/kohenavocats.com\/wp-content\/uploads\/2024\/11\/chris-barbalis-r4ytn1RdQas-unsplash.webp?resize=700%2C400&ssl=1 2x, https:\/\/i0.wp.com\/kohenavocats.com\/wp-content\/uploads\/2024\/11\/chris-barbalis-r4ytn1RdQas-unsplash.webp?resize=1050%2C600&ssl=1 3x, https:\/\/i0.wp.com\/kohenavocats.com\/wp-content\/uploads\/2024\/11\/chris-barbalis-r4ytn1RdQas-unsplash.webp?resize=1400%2C800&ssl=1 4x"},"classes":[]},{"id":263862,"url":"https:\/\/kohenavocats.com\/en\/tribunal-judiciaire-de-paris-le-24-juin-2025-n19-00100\/","url_meta":{"origin":669060,"position":1},"title":"Tribunal judiciaire de Paris, le 24 juin 2025, n\u00b019\/00100","author":"Kohen","date":"10 January 2026","format":false,"excerpt":"Le Tribunal judiciaire de Paris, 24 juin 2025, statue sur un litige relatif \u00e0 des travaux de ravalement et de zinguerie r\u00e9ceptionn\u00e9s sans r\u00e9serve le 3 juin 2010. Le ma\u00eetre d\u2019ouvrage, syndic de copropri\u00e9t\u00e9, a d\u00e9clar\u00e9 divers d\u00e9sordres, dont des chutes d\u2019\u00e9l\u00e9ments de fa\u00e7ade, ayant conduit \u00e0 une double expertise\u2026","rel":"","context":"In &quot;D\u00e9cisions juridiques&quot;","block_context":{"text":"D\u00e9cisions juridiques","link":"https:\/\/kohenavocats.com\/category\/decisions-juridiques\/"},"img":{"alt_text":"","src":"https:\/\/i0.wp.com\/kohenavocats.com\/wp-content\/uploads\/2024\/11\/zyanya-citlalli-ypy0AuAozUo-unsplash.webp?resize=350%2C200&ssl=1","width":350,"height":200,"srcset":"https:\/\/i0.wp.com\/kohenavocats.com\/wp-content\/uploads\/2024\/11\/zyanya-citlalli-ypy0AuAozUo-unsplash.webp?resize=350%2C200&ssl=1 1x, https:\/\/i0.wp.com\/kohenavocats.com\/wp-content\/uploads\/2024\/11\/zyanya-citlalli-ypy0AuAozUo-unsplash.webp?resize=525%2C300&ssl=1 1.5x, https:\/\/i0.wp.com\/kohenavocats.com\/wp-content\/uploads\/2024\/11\/zyanya-citlalli-ypy0AuAozUo-unsplash.webp?resize=700%2C400&ssl=1 2x, https:\/\/i0.wp.com\/kohenavocats.com\/wp-content\/uploads\/2024\/11\/zyanya-citlalli-ypy0AuAozUo-unsplash.webp?resize=1050%2C600&ssl=1 3x, https:\/\/i0.wp.com\/kohenavocats.com\/wp-content\/uploads\/2024\/11\/zyanya-citlalli-ypy0AuAozUo-unsplash.webp?resize=1400%2C800&ssl=1 4x"},"classes":[]},{"id":374851,"url":"https:\/\/kohenavocats.com\/en\/cour-dappel-de-colmar-le-5-decembre-2025-n23-02244\/","url_meta":{"origin":669060,"position":2},"title":"Cour d&#8217;appel de Colmar, le 5 d\u00e9cembre 2025, n\u00b023\/02244","author":"Kohen","date":"17 February 2026","format":false,"excerpt":"La Cour d\u2019appel de Colmar, deuxi\u00e8me chambre civile, dans un arr\u00eat du 5 d\u00e9cembre 2025, a \u00e9t\u00e9 saisie d\u2019un litige opposant les acqu\u00e9reurs d\u2019une maison vendue...","rel":"","context":"In &quot;6917&quot;","block_context":{"text":"6917","link":"https:\/\/kohenavocats.com\/category\/6917\/"},"img":{"alt_text":"","src":"https:\/\/i0.wp.com\/kohenavocats.com\/wp-content\/uploads\/2024\/08\/isaiah-b-pwS850MaFYo-unsplash.webp?resize=350%2C200&ssl=1","width":350,"height":200,"srcset":"https:\/\/i0.wp.com\/kohenavocats.com\/wp-content\/uploads\/2024\/08\/isaiah-b-pwS850MaFYo-unsplash.webp?resize=350%2C200&ssl=1 1x, https:\/\/i0.wp.com\/kohenavocats.com\/wp-content\/uploads\/2024\/08\/isaiah-b-pwS850MaFYo-unsplash.webp?resize=525%2C300&ssl=1 1.5x, https:\/\/i0.wp.com\/kohenavocats.com\/wp-content\/uploads\/2024\/08\/isaiah-b-pwS850MaFYo-unsplash.webp?resize=700%2C400&ssl=1 2x, https:\/\/i0.wp.com\/kohenavocats.com\/wp-content\/uploads\/2024\/08\/isaiah-b-pwS850MaFYo-unsplash.webp?resize=1050%2C600&ssl=1 3x, https:\/\/i0.wp.com\/kohenavocats.com\/wp-content\/uploads\/2024\/08\/isaiah-b-pwS850MaFYo-unsplash.webp?resize=1400%2C800&ssl=1 4x"},"classes":[]},{"id":371913,"url":"https:\/\/kohenavocats.com\/en\/cour-dappel-de-poitiers-le-2-decembre-2025-n24-00002\/","url_meta":{"origin":669060,"position":3},"title":"Cour d&#8217;appel de Poitiers, le 2 d\u00e9cembre 2025, n\u00b024\/00002","author":"Kohen","date":"15 February 2026","format":false,"excerpt":"La Cour d\u2019appel de Poitiers, dans un arr\u00eat du 2 d\u00e9cembre 2025, a \u00e9t\u00e9 saisie d\u2019un litige relatif \u00e0 la garantie d\u00e9cennale de l\u2019assureur d\u2019une entreprise de...","rel":"","context":"In &quot;Cour d'appel&quot;","block_context":{"text":"Cour d'appel","link":"https:\/\/kohenavocats.com\/category\/cour-dappel\/"},"img":{"alt_text":"","src":"https:\/\/i0.wp.com\/kohenavocats.com\/wp-content\/uploads\/2024\/08\/zdenek-machacek-lmZtT6q8tt0-unsplash.webp?resize=350%2C200&ssl=1","width":350,"height":200,"srcset":"https:\/\/i0.wp.com\/kohenavocats.com\/wp-content\/uploads\/2024\/08\/zdenek-machacek-lmZtT6q8tt0-unsplash.webp?resize=350%2C200&ssl=1 1x, https:\/\/i0.wp.com\/kohenavocats.com\/wp-content\/uploads\/2024\/08\/zdenek-machacek-lmZtT6q8tt0-unsplash.webp?resize=525%2C300&ssl=1 1.5x, https:\/\/i0.wp.com\/kohenavocats.com\/wp-content\/uploads\/2024\/08\/zdenek-machacek-lmZtT6q8tt0-unsplash.webp?resize=700%2C400&ssl=1 2x, https:\/\/i0.wp.com\/kohenavocats.com\/wp-content\/uploads\/2024\/08\/zdenek-machacek-lmZtT6q8tt0-unsplash.webp?resize=1050%2C600&ssl=1 3x, https:\/\/i0.wp.com\/kohenavocats.com\/wp-content\/uploads\/2024\/08\/zdenek-machacek-lmZtT6q8tt0-unsplash.webp?resize=1400%2C800&ssl=1 4x"},"classes":[]},{"id":263893,"url":"https:\/\/kohenavocats.com\/en\/tribunal-judiciaire-de-bordeaux-le-24-juin-2025-n23-07399\/","url_meta":{"origin":669060,"position":4},"title":"Tribunal judiciaire de Bordeaux, le 24 juin 2025, n\u00b023\/07399","author":"Kohen","date":"10 January 2026","format":false,"excerpt":"Le tribunal judiciaire de [Localit\u00e9 13], 24 juin 2025, statue sur les suites d\u2019une r\u00e9novation lourde r\u00e9ceptionn\u00e9e en novembre 2020, suivie d\u2019une vente r\u00e9it\u00e9r\u00e9e en octobre 2021. D\u00e8s l\u2019entr\u00e9e dans les lieux, les acqu\u00e9reurs se plaignent d\u2019odeurs persistantes et de moisissures en partie basse des murs. Une expertise judiciaire est\u2026","rel":"","context":"In &quot;D\u00e9cisions juridiques&quot;","block_context":{"text":"D\u00e9cisions juridiques","link":"https:\/\/kohenavocats.com\/category\/decisions-juridiques\/"},"img":{"alt_text":"","src":"https:\/\/i0.wp.com\/kohenavocats.com\/wp-content\/uploads\/2024\/08\/diane-picchiottino-FEuTc0OwfOc-unsplash.webp?resize=350%2C200&ssl=1","width":350,"height":200,"srcset":"https:\/\/i0.wp.com\/kohenavocats.com\/wp-content\/uploads\/2024\/08\/diane-picchiottino-FEuTc0OwfOc-unsplash.webp?resize=350%2C200&ssl=1 1x, https:\/\/i0.wp.com\/kohenavocats.com\/wp-content\/uploads\/2024\/08\/diane-picchiottino-FEuTc0OwfOc-unsplash.webp?resize=525%2C300&ssl=1 1.5x, https:\/\/i0.wp.com\/kohenavocats.com\/wp-content\/uploads\/2024\/08\/diane-picchiottino-FEuTc0OwfOc-unsplash.webp?resize=700%2C400&ssl=1 2x, https:\/\/i0.wp.com\/kohenavocats.com\/wp-content\/uploads\/2024\/08\/diane-picchiottino-FEuTc0OwfOc-unsplash.webp?resize=1050%2C600&ssl=1 3x, https:\/\/i0.wp.com\/kohenavocats.com\/wp-content\/uploads\/2024\/08\/diane-picchiottino-FEuTc0OwfOc-unsplash.webp?resize=1400%2C800&ssl=1 4x"},"classes":[]}],"jetpack_sharing_enabled":true,"_links":{"self":[{"href":"https:\/\/kohenavocats.com\/en\/wp-json\/wp\/v2\/posts\/669060","targetHints":{"allow":["GET"]}}],"collection":[{"href":"https:\/\/kohenavocats.com\/en\/wp-json\/wp\/v2\/posts"}],"about":[{"href":"https:\/\/kohenavocats.com\/en\/wp-json\/wp\/v2\/types\/post"}],"author":[{"embeddable":true,"href":"https:\/\/kohenavocats.com\/en\/wp-json\/wp\/v2\/users\/232070755"}],"replies":[{"embeddable":true,"href":"https:\/\/kohenavocats.com\/en\/wp-json\/wp\/v2\/comments?post=669060"}],"version-history":[{"count":0,"href":"https:\/\/kohenavocats.com\/en\/wp-json\/wp\/v2\/posts\/669060\/revisions"}],"wp:featuredmedia":[{"embeddable":true,"href":"https:\/\/kohenavocats.com\/en\/wp-json\/wp\/v2\/media\/4665"}],"wp:attachment":[{"href":"https:\/\/kohenavocats.com\/en\/wp-json\/wp\/v2\/media?parent=669060"}],"wp:term":[{"taxonomy":"category","embeddable":true,"href":"https:\/\/kohenavocats.com\/en\/wp-json\/wp\/v2\/categories?post=669060"},{"taxonomy":"post_tag","embeddable":true,"href":"https:\/\/kohenavocats.com\/en\/wp-json\/wp\/v2\/tags?post=669060"}],"curies":[{"name":"wp","href":"https:\/\/api.w.org\/{rel}","templated":true}]}}