{"id":669208,"date":"2026-04-24T06:00:15","date_gmt":"2026-04-24T04:00:15","guid":{"rendered":"https:\/\/kohenavocats.com\/tribunal-judiciaire-de-nancy-le-12-juin-2024-n24-00180\/"},"modified":"2026-04-24T06:00:15","modified_gmt":"2026-04-24T04:00:15","slug":"tribunal-judiciaire-de-nancy-le-12-juin-2024-n24-00180","status":"publish","type":"post","link":"https:\/\/kohenavocats.com\/en\/tribunal-judiciaire-de-nancy-le-12-juin-2024-n24-00180\/","title":{"rendered":"Tribunal judiciaire de Nancy, le 12 juin 2024, n\u00b024\/00180"},"content":{"rendered":"<div class=\"article-content\">\n<p>Le juge des contentieux de la protection du tribunal judiciaire de Nancy, statuant en mati\u00e8re de surendettement, a rendu un jugement le 12 juin 2024. La d\u00e9cision concerne une requ\u00e9rante ayant contest\u00e9 les mesures impos\u00e9es par la commission locale. Le juge a examin\u00e9 la recevabilit\u00e9 du recours et son bien-fond\u00e9 au regard de la situation financi\u00e8re. Il a fix\u00e9 une mensualit\u00e9 de remboursement et ordonn\u00e9 un plan combinant r\u00e9\u00e9chelonnement et effacement partiel des dettes. La solution retenue permet un apurement progressif sous contr\u00f4le judiciaire.<\/p>\n<p>La r\u00e9gularit\u00e9 proc\u00e9durale du recours individuel<\/p>\n<p>Le respect des d\u00e9lais de contestation des mesures impos\u00e9es. Le juge a d&#8217;abord v\u00e9rifi\u00e9 la recevabilit\u00e9 formelle du recours de la requ\u00e9rante. Il a constat\u00e9 que la contestation \u00e9tait intervenue dans le d\u00e9lai l\u00e9gal de trente jours suivant la notification. Cette condition est essentielle pour saisir le juge du fond. &#8220;Elle est alors recevable suivant les dispositions des articles L. 733-10 et R. 733-6 du code de la consommation.&#8221; (Motifs de la d\u00e9cision). Cette application stricte garantit la s\u00e9curit\u00e9 juridique de la proc\u00e9dure de surendettement. Elle rejoint la solution d&#8217;une jurisprudence ant\u00e9rieure sur le point de droit.<\/p>\n<p>La confirmation de la situation de surendettement et de la bonne foi. Le juge a ensuite caract\u00e9ris\u00e9 la situation de la requ\u00e9rante au regard des textes. Aucun cr\u00e9ancier n&#8217;a contest\u00e9 sa bonne foi ni son impossibilit\u00e9 manifeste de faire face \u00e0 ses dettes. &#8220;Madame [S] [L] se trouve donc dans la situation d\u00e9finie par l\u2019article L. 711-1 du Code de la Consommation.&#8221; (Motifs de la d\u00e9cision). Cette constatation objective ouvre droit au b\u00e9n\u00e9fice des mesures de traitement. Elle ancre la d\u00e9cision dans l&#8217;\u00e9tat de besoin r\u00e9el du d\u00e9biteur, condition sine qua non de l&#8217;intervention du juge.<\/p>\n<p>La d\u00e9termination concr\u00e8te de la capacit\u00e9 de remboursement<\/p>\n<p>Le calcul de la mensualit\u00e9 selon le principe du reste \u00e0 vivre. Le juge a proc\u00e9d\u00e9 \u00e0 une analyse d\u00e9taill\u00e9e des ressources et des charges de la requ\u00e9rante. Il a retenu un forfait pour les d\u00e9penses courantes auquel il a ajout\u00e9 les frais sp\u00e9cifiques. &#8220;Le total mensuel des charges incompressibles est donc de 2 130 \u20ac. La capacit\u00e9 de remboursement maximale est donc de 159 \u20ac, ramen\u00e9e \u00e0 100 \u20ac pour tenir compte des al\u00e9as.&#8221; (Motifs de la d\u00e9cision). Ce calcul concret prime sur l&#8217;application abstraite du bar\u00e8me de la quotit\u00e9 saisissable. Il assure la pr\u00e9servation d&#8217;un minimum vital, conform\u00e9ment \u00e0 l&#8217;esprit protecteur de la loi.<\/p>\n<p>La fixation d&#8217;une mensualit\u00e9 adapt\u00e9e \u00e0 la r\u00e9alit\u00e9 \u00e9conomique. La somme finalement retenue est inf\u00e9rieure \u00e0 la quotit\u00e9 th\u00e9oriquement saisissable sur le salaire. Elle correspond toutefois \u00e0 la r\u00e9alit\u00e9 des charges fixes expos\u00e9es par la requ\u00e9rante. Cette approche pragmatique permet de d\u00e9finir un plan r\u00e9aliste et soutenable. Elle illustre la marge d&#8217;appr\u00e9ciation du juge pour individualiser la mesure. La jurisprudence disponible \u00e9claire ce point en d\u00e9taillant les \u00e9l\u00e9ments int\u00e9gr\u00e9s au reste \u00e0 vivre.<\/p>\n<p>Les mesures de traitement ordonn\u00e9es par le juge<\/p>\n<p>La combinaison d&#8217;un r\u00e9\u00e9chelonnement et d&#8217;un effacement futur des dettes. Le juge a combin\u00e9 les mesures des articles L. 733-1 et L. 733-4 du code de la consommation. Un plan de remboursement sur quatre-vingts mois a \u00e9t\u00e9 \u00e9tabli. &#8220;La r\u00e9duction des taux d&#8217;int\u00e9r\u00eat \u00e0 z\u00e9ro s&#8217;impose afin de permettre l&#8217;apurement des cr\u00e9ances en leur principal.&#8221; (Motifs de la d\u00e9cision). Cette mesure radicale vise \u00e0 stopper l&#8217;aggravation de l&#8217;endettement par les int\u00e9r\u00eats. Elle conditionne l&#8217;efficacit\u00e9 du redressement sur la dur\u00e9e longue du plan.<\/p>\n<p>Les garanties proc\u00e9durales et les sanctions attach\u00e9es au plan. La d\u00e9cision s&#8217;accompagne de modalit\u00e9s ex\u00e9cutoires et de sanctions en cas de manquement. Toutes les voies d&#8217;ex\u00e9cution sont suspendues et la conclusion de nouvelles dettes est interdite. &#8220;Il convient d&#8217;ordonner l&#8217;effacement du solde qui restera d\u00fb \u00e0 l&#8217;issue du plan.&#8221; (Motifs de la d\u00e9cision). Cet effacement conditionnel constitue une mesure exceptionnelle d&#8217;extinction des obligations. Il r\u00e9compense le respect int\u00e9gral du plan par le d\u00e9biteur et consacre son insolvabilit\u00e9 structurelle.<\/p>\n<p>Cette d\u00e9cision illustre le pouvoir d&#8217;adaptation du juge du surendettement face \u00e0 une situation \u00e9conomique fragile. Elle d\u00e9montre une application concr\u00e8te des textes, privil\u00e9giant la r\u00e9alit\u00e9 des charges sur les calculs th\u00e9oriques. La combinaison de mesures sur une longue dur\u00e9e et la perspective d&#8217;un effacement final offrent une issue r\u00e9aliste. Le juge assure ainsi une protection effective du d\u00e9biteur de bonne foi tout en organisant une contribution raisonnable au passif. Cette approche \u00e9quilibr\u00e9e concilie les imp\u00e9ratifs de redressement individuel et les droits des cr\u00e9anciers.<\/p>\n<\/div>\n","protected":false},"excerpt":{"rendered":"<p>Le juge des contentieux de la protection du tribunal judiciaire de Nancy, statuant en mati\u00e8re de surendettement, a rendu un jugement le 12 juin 2024. La d\u00e9ci&#8230;<\/p>\n","protected":false},"author":232070755,"featured_media":9657,"comment_status":"open","ping_status":"open","sticky":false,"template":"","format":"standard","meta":{"_crdt_document":"","_jetpack_newsletter_access":"","_jetpack_dont_email_post_to_subs":false,"_jetpack_newsletter_tier_id":0,"_jetpack_memberships_contains_paywalled_content":false,"_kj_source_type":"judilibre","_kj_official_id":"68cdc58054b52e4d6be267c4","_kj_official_url":"https:\/\/www.courdecassation.fr\/decision\/68cdc58054b52e4d6be267c4","_kj_judilibre_id":"68cdc58054b52e4d6be267c4","_kj_jur":"Tribunal judiciaire","_kj_lieu":"Tribunal judiciaire de Nancy","_kj_chambre":"Surendettement","_kj_rg":"24\/00180","_kj_date":"2025-09-19","_jetpack_memberships_contains_paid_content":false,"footnotes":"","jetpack_post_was_ever_published":false},"categories":[7597],"tags":[],"class_list":["post-669208","post","type-post","status-publish","format-standard","has-post-thumbnail","hentry","category-jurisprudence"],"yoast_head":"<!-- This site is optimized with the Yoast SEO Premium plugin v27.5 (Yoast SEO v27.5) - https:\/\/yoast.com\/product\/yoast-seo-premium-wordpress\/ -->\n<title>Tribunal judiciaire de Nancy, le 12 juin 2024, n\u00b024\/00180 - Ma\u00eetre Hassan Kohen, avocat en droit p\u00e9nal \u00e0 Paris<\/title>\n<meta name=\"description\" content=\"Le juge des contentieux de la protection du tribunal judiciaire de Nancy, statuant en mati\u00e8re de surendettement, a rendu un jugement le 12 juin 2024. La d\u00e9ci...\" \/>\n<meta name=\"robots\" content=\"index, follow, max-snippet:-1, max-image-preview:large, max-video-preview:-1\" \/>\n<link rel=\"canonical\" href=\"https:\/\/kohenavocats.com\/en\/tribunal-judiciaire-de-nancy-le-12-juin-2024-n24-00180\/\" \/>\n<meta property=\"og:locale\" content=\"en_US\" \/>\n<meta property=\"og:type\" content=\"article\" \/>\n<meta property=\"og:title\" content=\"Tribunal judiciaire de Nancy, le 12 juin 2024, n\u00b024\/00180\" \/>\n<meta property=\"og:description\" content=\"Le juge des contentieux de la protection du tribunal judiciaire de Nancy, statuant en mati\u00e8re de surendettement, a rendu un jugement le 12 juin 2024. La d\u00e9ci...\" \/>\n<meta property=\"og:url\" content=\"https:\/\/kohenavocats.com\/en\/tribunal-judiciaire-de-nancy-le-12-juin-2024-n24-00180\/\" \/>\n<meta property=\"og:site_name\" content=\"Ma\u00eetre Hassan Kohen, avocat en droit p\u00e9nal \u00e0 Paris\" \/>\n<meta property=\"article:published_time\" content=\"2026-04-24T04:00:15+00:00\" \/>\n<meta property=\"og:image\" content=\"https:\/\/kohenavocats.com\/wp-content\/uploads\/2024\/11\/getty-images-wvhLLa5sdtg-unsplash.webp\" \/>\n\t<meta property=\"og:image:width\" content=\"5500\" \/>\n\t<meta property=\"og:image:height\" content=\"3500\" \/>\n\t<meta property=\"og:image:type\" content=\"image\/webp\" \/>\n<meta name=\"author\" content=\"Kohen\" \/>\n<meta name=\"twitter:card\" content=\"summary_large_image\" \/>\n<meta name=\"twitter:label1\" content=\"Written by\" \/>\n\t<meta name=\"twitter:data1\" content=\"Kohen\" \/>\n\t<meta name=\"twitter:label2\" content=\"Est. reading time\" \/>\n\t<meta name=\"twitter:data2\" content=\"4 minutes\" \/>\n<script type=\"application\/ld+json\" class=\"yoast-schema-graph\">{\"@context\":\"https:\\\/\\\/schema.org\",\"@graph\":[{\"@type\":\"Article\",\"@id\":\"https:\\\/\\\/kohenavocats.com\\\/en\\\/tribunal-judiciaire-de-nancy-le-12-juin-2024-n24-00180\\\/#article\",\"isPartOf\":{\"@id\":\"https:\\\/\\\/kohenavocats.com\\\/en\\\/tribunal-judiciaire-de-nancy-le-12-juin-2024-n24-00180\\\/\"},\"author\":{\"name\":\"Kohen\",\"@id\":\"https:\\\/\\\/kohenavocats.com\\\/en\\\/#\\\/schema\\\/person\\\/761c9ba54fa1ca84d405cef0831ff751\"},\"headline\":\"Tribunal judiciaire de Nancy, le 12 juin 2024, n\u00b024\\\/00180\",\"datePublished\":\"2026-04-24T04:00:15+00:00\",\"mainEntityOfPage\":{\"@id\":\"https:\\\/\\\/kohenavocats.com\\\/en\\\/tribunal-judiciaire-de-nancy-le-12-juin-2024-n24-00180\\\/\"},\"wordCount\":824,\"commentCount\":0,\"publisher\":{\"@id\":\"https:\\\/\\\/kohenavocats.com\\\/en\\\/#organization\"},\"image\":{\"@id\":\"https:\\\/\\\/kohenavocats.com\\\/en\\\/tribunal-judiciaire-de-nancy-le-12-juin-2024-n24-00180\\\/#primaryimage\"},\"thumbnailUrl\":\"https:\\\/\\\/kohenavocats.com\\\/wp-content\\\/uploads\\\/2024\\\/11\\\/getty-images-wvhLLa5sdtg-unsplash.webp\",\"articleSection\":[\"Jurisprudence\"],\"inLanguage\":\"en-US\",\"potentialAction\":[{\"@type\":\"CommentAction\",\"name\":\"Comment\",\"target\":[\"https:\\\/\\\/kohenavocats.com\\\/en\\\/tribunal-judiciaire-de-nancy-le-12-juin-2024-n24-00180\\\/#respond\"]}],\"citation\":\"Tribunal judiciaire de Nancy, le 12 juin 2024, n\u00b024\\\/00180\",\"about\":[{\"@type\":\"Thing\",\"name\":\"Jurisprudence\"}],\"dateModified\":\"2026-04-24T04:00:15+00:00\",\"speakable\":{\"@type\":\"SpeakableSpecification\",\"cssSelector\":[\".article-content > p:first-of-type\"]}},{\"@type\":\"WebPage\",\"@id\":\"https:\\\/\\\/kohenavocats.com\\\/en\\\/tribunal-judiciaire-de-nancy-le-12-juin-2024-n24-00180\\\/\",\"url\":\"https:\\\/\\\/kohenavocats.com\\\/en\\\/tribunal-judiciaire-de-nancy-le-12-juin-2024-n24-00180\\\/\",\"name\":\"Tribunal judiciaire de Nancy, le 12 juin 2024, n\u00b024\\\/00180 - Ma\u00eetre Hassan Kohen, avocat en droit p\u00e9nal \u00e0 Paris\",\"isPartOf\":{\"@id\":\"https:\\\/\\\/kohenavocats.com\\\/en\\\/#website\"},\"primaryImageOfPage\":{\"@id\":\"https:\\\/\\\/kohenavocats.com\\\/en\\\/tribunal-judiciaire-de-nancy-le-12-juin-2024-n24-00180\\\/#primaryimage\"},\"image\":{\"@id\":\"https:\\\/\\\/kohenavocats.com\\\/en\\\/tribunal-judiciaire-de-nancy-le-12-juin-2024-n24-00180\\\/#primaryimage\"},\"thumbnailUrl\":\"https:\\\/\\\/kohenavocats.com\\\/wp-content\\\/uploads\\\/2024\\\/11\\\/getty-images-wvhLLa5sdtg-unsplash.webp\",\"datePublished\":\"2026-04-24T04:00:15+00:00\",\"description\":\"Le juge des contentieux de la protection du tribunal judiciaire de Nancy, statuant en mati\u00e8re de surendettement, a rendu un jugement le 12 juin 2024. La d\u00e9ci...\",\"breadcrumb\":{\"@id\":\"https:\\\/\\\/kohenavocats.com\\\/en\\\/tribunal-judiciaire-de-nancy-le-12-juin-2024-n24-00180\\\/#breadcrumb\"},\"inLanguage\":\"en-US\",\"potentialAction\":[{\"@type\":\"ReadAction\",\"target\":[\"https:\\\/\\\/kohenavocats.com\\\/en\\\/tribunal-judiciaire-de-nancy-le-12-juin-2024-n24-00180\\\/\"]}]},{\"@type\":\"ImageObject\",\"inLanguage\":\"en-US\",\"@id\":\"https:\\\/\\\/kohenavocats.com\\\/en\\\/tribunal-judiciaire-de-nancy-le-12-juin-2024-n24-00180\\\/#primaryimage\",\"url\":\"https:\\\/\\\/kohenavocats.com\\\/wp-content\\\/uploads\\\/2024\\\/11\\\/getty-images-wvhLLa5sdtg-unsplash.webp\",\"contentUrl\":\"https:\\\/\\\/kohenavocats.com\\\/wp-content\\\/uploads\\\/2024\\\/11\\\/getty-images-wvhLLa5sdtg-unsplash.webp\",\"width\":5500,\"height\":3500},{\"@type\":\"BreadcrumbList\",\"@id\":\"https:\\\/\\\/kohenavocats.com\\\/en\\\/tribunal-judiciaire-de-nancy-le-12-juin-2024-n24-00180\\\/#breadcrumb\",\"itemListElement\":[{\"@type\":\"ListItem\",\"position\":1,\"name\":\"Home\",\"item\":\"https:\\\/\\\/kohenavocats.com\\\/en\\\/criminal-law-attorneys-in-paris-counsel-and-strategic-defense\\\/\"},{\"@type\":\"ListItem\",\"position\":2,\"name\":\"Tribunal judiciaire de Nancy, le 12 juin 2024, n\u00b024\\\/00180\"}]},{\"@type\":\"WebSite\",\"@id\":\"https:\\\/\\\/kohenavocats.com\\\/en\\\/#website\",\"url\":\"https:\\\/\\\/kohenavocats.com\\\/en\\\/\",\"name\":\"Kohen Avocats\",\"description\":\"Ma\u00eetre Hassan Kohen, avocat p\u00e9naliste \u00e0 Paris, intervient exclusivement en droit p\u00e9nal pour la d\u00e9fense des particuliers, notamment en mati\u00e8re d\u2019accusations de viol. Il assure un accompagnement rigoureux d\u00e8s la garde \u00e0 vue jusqu\u2019\u00e0 la Cour d\u2019assises, veillant au strict respect des garanties proc\u00e9durales.\",\"publisher\":{\"@id\":\"https:\\\/\\\/kohenavocats.com\\\/en\\\/#organization\"},\"potentialAction\":[{\"@type\":\"SearchAction\",\"target\":{\"@type\":\"EntryPoint\",\"urlTemplate\":\"https:\\\/\\\/kohenavocats.com\\\/en\\\/?s={search_term_string}\"},\"query-input\":{\"@type\":\"PropertyValueSpecification\",\"valueRequired\":true,\"valueName\":\"search_term_string\"}}],\"inLanguage\":\"en-US\"},{\"@type\":\"Organization\",\"@id\":\"https:\\\/\\\/kohenavocats.com\\\/en\\\/#organization\",\"name\":\"Kohen Avocats\",\"url\":\"https:\\\/\\\/kohenavocats.com\\\/en\\\/\",\"logo\":{\"@type\":\"ImageObject\",\"inLanguage\":\"en-US\",\"@id\":\"https:\\\/\\\/kohenavocats.com\\\/en\\\/#\\\/schema\\\/logo\\\/image\\\/\",\"url\":\"https:\\\/\\\/kohenavocats.com\\\/wp-content\\\/uploads\\\/2026\\\/01\\\/Logo-2-1.webp\",\"contentUrl\":\"https:\\\/\\\/kohenavocats.com\\\/wp-content\\\/uploads\\\/2026\\\/01\\\/Logo-2-1.webp\",\"width\":2114,\"height\":1253,\"caption\":\"Kohen Avocats\"},\"image\":{\"@id\":\"https:\\\/\\\/kohenavocats.com\\\/en\\\/#\\\/schema\\\/logo\\\/image\\\/\"}},{\"@type\":\"Person\",\"@id\":\"https:\\\/\\\/kohenavocats.com\\\/en\\\/#\\\/schema\\\/person\\\/761c9ba54fa1ca84d405cef0831ff751\",\"name\":\"Kohen\",\"image\":{\"@type\":\"ImageObject\",\"inLanguage\":\"en-US\",\"@id\":\"https:\\\/\\\/secure.gravatar.com\\\/avatar\\\/1c5e76ef76bbbfdd2b4da984e2bf2fa4056fd51a27d25ce2c332047f1dfd6e00?s=96&d=identicon&r=g\",\"url\":\"https:\\\/\\\/secure.gravatar.com\\\/avatar\\\/1c5e76ef76bbbfdd2b4da984e2bf2fa4056fd51a27d25ce2c332047f1dfd6e00?s=96&d=identicon&r=g\",\"contentUrl\":\"https:\\\/\\\/secure.gravatar.com\\\/avatar\\\/1c5e76ef76bbbfdd2b4da984e2bf2fa4056fd51a27d25ce2c332047f1dfd6e00?s=96&d=identicon&r=g\",\"caption\":\"Kohen\"},\"sameAs\":[\"https:\\\/\\\/www.linkedin.com\\\/in\\\/hassan-kohen-448548192\\\/\",\"https:\\\/\\\/www.youtube.com\\\/@Kohen-Avocats\"],\"url\":\"https:\\\/\\\/kohenavocats.com\\\/en\\\/author\\\/kohenmlk\\\/\"}]}<\/script>\n<!-- \/ Yoast SEO Premium plugin. -->","yoast_head_json":{"title":"Tribunal judiciaire de Nancy, le 12 juin 2024, n\u00b024\/00180 - Ma\u00eetre Hassan Kohen, avocat en droit p\u00e9nal \u00e0 Paris","description":"Le juge des contentieux de la protection du tribunal judiciaire de Nancy, statuant en mati\u00e8re de surendettement, a rendu un jugement le 12 juin 2024. La d\u00e9ci...","robots":{"index":"index","follow":"follow","max-snippet":"max-snippet:-1","max-image-preview":"max-image-preview:large","max-video-preview":"max-video-preview:-1"},"canonical":"https:\/\/kohenavocats.com\/en\/tribunal-judiciaire-de-nancy-le-12-juin-2024-n24-00180\/","og_locale":"en_US","og_type":"article","og_title":"Tribunal judiciaire de Nancy, le 12 juin 2024, n\u00b024\/00180","og_description":"Le juge des contentieux de la protection du tribunal judiciaire de Nancy, statuant en mati\u00e8re de surendettement, a rendu un jugement le 12 juin 2024. La d\u00e9ci...","og_url":"https:\/\/kohenavocats.com\/en\/tribunal-judiciaire-de-nancy-le-12-juin-2024-n24-00180\/","og_site_name":"Ma\u00eetre Hassan Kohen, avocat en droit p\u00e9nal \u00e0 Paris","article_published_time":"2026-04-24T04:00:15+00:00","og_image":[{"width":5500,"height":3500,"url":"https:\/\/kohenavocats.com\/wp-content\/uploads\/2024\/11\/getty-images-wvhLLa5sdtg-unsplash.webp","type":"image\/webp"}],"author":"Kohen","twitter_card":"summary_large_image","twitter_misc":{"Written by":"Kohen","Est. reading time":"4 minutes"},"schema":{"@context":"https:\/\/schema.org","@graph":[{"@type":"Article","@id":"https:\/\/kohenavocats.com\/en\/tribunal-judiciaire-de-nancy-le-12-juin-2024-n24-00180\/#article","isPartOf":{"@id":"https:\/\/kohenavocats.com\/en\/tribunal-judiciaire-de-nancy-le-12-juin-2024-n24-00180\/"},"author":{"name":"Kohen","@id":"https:\/\/kohenavocats.com\/en\/#\/schema\/person\/761c9ba54fa1ca84d405cef0831ff751"},"headline":"Tribunal judiciaire de Nancy, le 12 juin 2024, n\u00b024\/00180","datePublished":"2026-04-24T04:00:15+00:00","mainEntityOfPage":{"@id":"https:\/\/kohenavocats.com\/en\/tribunal-judiciaire-de-nancy-le-12-juin-2024-n24-00180\/"},"wordCount":824,"commentCount":0,"publisher":{"@id":"https:\/\/kohenavocats.com\/en\/#organization"},"image":{"@id":"https:\/\/kohenavocats.com\/en\/tribunal-judiciaire-de-nancy-le-12-juin-2024-n24-00180\/#primaryimage"},"thumbnailUrl":"https:\/\/kohenavocats.com\/wp-content\/uploads\/2024\/11\/getty-images-wvhLLa5sdtg-unsplash.webp","articleSection":["Jurisprudence"],"inLanguage":"en-US","potentialAction":[{"@type":"CommentAction","name":"Comment","target":["https:\/\/kohenavocats.com\/en\/tribunal-judiciaire-de-nancy-le-12-juin-2024-n24-00180\/#respond"]}],"citation":"Tribunal judiciaire de Nancy, le 12 juin 2024, n\u00b024\/00180","about":[{"@type":"Thing","name":"Jurisprudence"}],"dateModified":"2026-04-24T04:00:15+00:00","speakable":{"@type":"SpeakableSpecification","cssSelector":[".article-content > p:first-of-type"]}},{"@type":"WebPage","@id":"https:\/\/kohenavocats.com\/en\/tribunal-judiciaire-de-nancy-le-12-juin-2024-n24-00180\/","url":"https:\/\/kohenavocats.com\/en\/tribunal-judiciaire-de-nancy-le-12-juin-2024-n24-00180\/","name":"Tribunal judiciaire de Nancy, le 12 juin 2024, n\u00b024\/00180 - Ma\u00eetre Hassan Kohen, avocat en droit p\u00e9nal \u00e0 Paris","isPartOf":{"@id":"https:\/\/kohenavocats.com\/en\/#website"},"primaryImageOfPage":{"@id":"https:\/\/kohenavocats.com\/en\/tribunal-judiciaire-de-nancy-le-12-juin-2024-n24-00180\/#primaryimage"},"image":{"@id":"https:\/\/kohenavocats.com\/en\/tribunal-judiciaire-de-nancy-le-12-juin-2024-n24-00180\/#primaryimage"},"thumbnailUrl":"https:\/\/kohenavocats.com\/wp-content\/uploads\/2024\/11\/getty-images-wvhLLa5sdtg-unsplash.webp","datePublished":"2026-04-24T04:00:15+00:00","description":"Le juge des contentieux de la protection du tribunal judiciaire de Nancy, statuant en mati\u00e8re de surendettement, a rendu un jugement le 12 juin 2024. La d\u00e9ci...","breadcrumb":{"@id":"https:\/\/kohenavocats.com\/en\/tribunal-judiciaire-de-nancy-le-12-juin-2024-n24-00180\/#breadcrumb"},"inLanguage":"en-US","potentialAction":[{"@type":"ReadAction","target":["https:\/\/kohenavocats.com\/en\/tribunal-judiciaire-de-nancy-le-12-juin-2024-n24-00180\/"]}]},{"@type":"ImageObject","inLanguage":"en-US","@id":"https:\/\/kohenavocats.com\/en\/tribunal-judiciaire-de-nancy-le-12-juin-2024-n24-00180\/#primaryimage","url":"https:\/\/kohenavocats.com\/wp-content\/uploads\/2024\/11\/getty-images-wvhLLa5sdtg-unsplash.webp","contentUrl":"https:\/\/kohenavocats.com\/wp-content\/uploads\/2024\/11\/getty-images-wvhLLa5sdtg-unsplash.webp","width":5500,"height":3500},{"@type":"BreadcrumbList","@id":"https:\/\/kohenavocats.com\/en\/tribunal-judiciaire-de-nancy-le-12-juin-2024-n24-00180\/#breadcrumb","itemListElement":[{"@type":"ListItem","position":1,"name":"Home","item":"https:\/\/kohenavocats.com\/en\/criminal-law-attorneys-in-paris-counsel-and-strategic-defense\/"},{"@type":"ListItem","position":2,"name":"Tribunal judiciaire de Nancy, le 12 juin 2024, n\u00b024\/00180"}]},{"@type":"WebSite","@id":"https:\/\/kohenavocats.com\/en\/#website","url":"https:\/\/kohenavocats.com\/en\/","name":"Kohen Avocats","description":"Ma\u00eetre Hassan Kohen, avocat p\u00e9naliste \u00e0 Paris, intervient exclusivement en droit p\u00e9nal pour la d\u00e9fense des particuliers, notamment en mati\u00e8re d\u2019accusations de viol. Il assure un accompagnement rigoureux d\u00e8s la garde \u00e0 vue jusqu\u2019\u00e0 la Cour d\u2019assises, veillant au strict respect des garanties proc\u00e9durales.","publisher":{"@id":"https:\/\/kohenavocats.com\/en\/#organization"},"potentialAction":[{"@type":"SearchAction","target":{"@type":"EntryPoint","urlTemplate":"https:\/\/kohenavocats.com\/en\/?s={search_term_string}"},"query-input":{"@type":"PropertyValueSpecification","valueRequired":true,"valueName":"search_term_string"}}],"inLanguage":"en-US"},{"@type":"Organization","@id":"https:\/\/kohenavocats.com\/en\/#organization","name":"Kohen Avocats","url":"https:\/\/kohenavocats.com\/en\/","logo":{"@type":"ImageObject","inLanguage":"en-US","@id":"https:\/\/kohenavocats.com\/en\/#\/schema\/logo\/image\/","url":"https:\/\/kohenavocats.com\/wp-content\/uploads\/2026\/01\/Logo-2-1.webp","contentUrl":"https:\/\/kohenavocats.com\/wp-content\/uploads\/2026\/01\/Logo-2-1.webp","width":2114,"height":1253,"caption":"Kohen Avocats"},"image":{"@id":"https:\/\/kohenavocats.com\/en\/#\/schema\/logo\/image\/"}},{"@type":"Person","@id":"https:\/\/kohenavocats.com\/en\/#\/schema\/person\/761c9ba54fa1ca84d405cef0831ff751","name":"Kohen","image":{"@type":"ImageObject","inLanguage":"en-US","@id":"https:\/\/secure.gravatar.com\/avatar\/1c5e76ef76bbbfdd2b4da984e2bf2fa4056fd51a27d25ce2c332047f1dfd6e00?s=96&d=identicon&r=g","url":"https:\/\/secure.gravatar.com\/avatar\/1c5e76ef76bbbfdd2b4da984e2bf2fa4056fd51a27d25ce2c332047f1dfd6e00?s=96&d=identicon&r=g","contentUrl":"https:\/\/secure.gravatar.com\/avatar\/1c5e76ef76bbbfdd2b4da984e2bf2fa4056fd51a27d25ce2c332047f1dfd6e00?s=96&d=identicon&r=g","caption":"Kohen"},"sameAs":["https:\/\/www.linkedin.com\/in\/hassan-kohen-448548192\/","https:\/\/www.youtube.com\/@Kohen-Avocats"],"url":"https:\/\/kohenavocats.com\/en\/author\/kohenmlk\/"}]}},"jetpack_featured_media_url":"https:\/\/kohenavocats.com\/wp-content\/uploads\/2024\/11\/getty-images-wvhLLa5sdtg-unsplash.webp","jetpack_likes_enabled":false,"jetpack_shortlink":"https:\/\/wp.me\/peCrII-2O5G","jetpack-related-posts":[{"id":467232,"url":"https:\/\/kohenavocats.com\/en\/tribunal-judiciaire-de-nancy-2025-12-05-n24-00091\/","url_meta":{"origin":669208,"position":0},"title":"Tribunal judiciaire de Nancy &#8211; 2025-12-05 &#8211; n\u00b024\/00091","author":"Kohen","date":"7 April 2026","format":false,"excerpt":"Le Tribunal judiciaire de Nancy, statuant en mati\u00e8re de surendettement le 5 d\u00e9cembre 2025, a examin\u00e9 le recours form\u00e9 contre un plan de r\u00e9\u00e9chelonnement. La r...","rel":"","context":"In &quot;Jurisprudence&quot;","block_context":{"text":"Jurisprudence","link":"https:\/\/kohenavocats.com\/category\/jurisprudence\/"},"img":{"alt_text":"","src":"https:\/\/i0.wp.com\/kohenavocats.com\/wp-content\/uploads\/2024\/08\/pascal-bernardon-X8u7lVCzhT4-unsplash.webp?resize=350%2C200&ssl=1","width":350,"height":200,"srcset":"https:\/\/i0.wp.com\/kohenavocats.com\/wp-content\/uploads\/2024\/08\/pascal-bernardon-X8u7lVCzhT4-unsplash.webp?resize=350%2C200&ssl=1 1x, https:\/\/i0.wp.com\/kohenavocats.com\/wp-content\/uploads\/2024\/08\/pascal-bernardon-X8u7lVCzhT4-unsplash.webp?resize=525%2C300&ssl=1 1.5x, https:\/\/i0.wp.com\/kohenavocats.com\/wp-content\/uploads\/2024\/08\/pascal-bernardon-X8u7lVCzhT4-unsplash.webp?resize=700%2C400&ssl=1 2x, https:\/\/i0.wp.com\/kohenavocats.com\/wp-content\/uploads\/2024\/08\/pascal-bernardon-X8u7lVCzhT4-unsplash.webp?resize=1050%2C600&ssl=1 3x, https:\/\/i0.wp.com\/kohenavocats.com\/wp-content\/uploads\/2024\/08\/pascal-bernardon-X8u7lVCzhT4-unsplash.webp?resize=1400%2C800&ssl=1 4x"},"classes":[]},{"id":249430,"url":"https:\/\/kohenavocats.com\/en\/tribunal-judiciaire-de-nancy-le-27-juin-2025-n24-00049\/","url_meta":{"origin":669208,"position":1},"title":"Tribunal judiciaire de Nancy, le 27 juin 2025, n\u00b024\/00049","author":"Kohen","date":"8 January 2026","format":false,"excerpt":"Rendu par le tribunal judiciaire de Nancy le 27 juin 2025, le jugement comment\u00e9 statue en mati\u00e8re de surendettement sur un recours dirig\u00e9 contre des mesures impos\u00e9es par la commission. La juridiction se prononce d\u2019abord sur la recevabilit\u00e9 de la contestation, puis sur l\u2019opportunit\u00e9 de mesures judiciaires de traitement, au\u2026","rel":"","context":"In &quot;D\u00e9cisions juridiques&quot;","block_context":{"text":"D\u00e9cisions juridiques","link":"https:\/\/kohenavocats.com\/category\/decisions-juridiques\/"},"img":{"alt_text":"","src":"https:\/\/i0.wp.com\/kohenavocats.com\/wp-content\/uploads\/2024\/08\/cecile-XeJmFXu_jeU-unsplash.webp?resize=350%2C200&ssl=1","width":350,"height":200,"srcset":"https:\/\/i0.wp.com\/kohenavocats.com\/wp-content\/uploads\/2024\/08\/cecile-XeJmFXu_jeU-unsplash.webp?resize=350%2C200&ssl=1 1x, https:\/\/i0.wp.com\/kohenavocats.com\/wp-content\/uploads\/2024\/08\/cecile-XeJmFXu_jeU-unsplash.webp?resize=525%2C300&ssl=1 1.5x, https:\/\/i0.wp.com\/kohenavocats.com\/wp-content\/uploads\/2024\/08\/cecile-XeJmFXu_jeU-unsplash.webp?resize=700%2C400&ssl=1 2x, https:\/\/i0.wp.com\/kohenavocats.com\/wp-content\/uploads\/2024\/08\/cecile-XeJmFXu_jeU-unsplash.webp?resize=1050%2C600&ssl=1 3x, https:\/\/i0.wp.com\/kohenavocats.com\/wp-content\/uploads\/2024\/08\/cecile-XeJmFXu_jeU-unsplash.webp?resize=1400%2C800&ssl=1 4x"},"classes":[]},{"id":460879,"url":"https:\/\/kohenavocats.com\/en\/caa-caa-de-nancy-23-10-2025-n-24nc02085\/","url_meta":{"origin":669208,"position":2},"title":"CAA \u2013 CAA de NANCY \u2013 23\/10\/2025 \u2013 n\u00b0 24NC02085","author":"Kohen","date":"7 April 2026","format":false,"excerpt":"La Cour administrative d'appel de Nancy, par une d\u00e9cision du 23 octobre 2025, pr\u00e9cise les modalit\u00e9s de preuve relatives \u00e0 la notification des recours en...","rel":"","context":"In &quot;Juridictions administratives&quot;","block_context":{"text":"Juridictions administratives","link":"https:\/\/kohenavocats.com\/category\/juridictions-administratives\/"},"img":{"alt_text":"","src":"https:\/\/i0.wp.com\/kohenavocats.com\/wp-content\/uploads\/2024\/11\/laura-adai-hNQAWN4t99A-unsplash.webp?resize=350%2C200&ssl=1","width":350,"height":200,"srcset":"https:\/\/i0.wp.com\/kohenavocats.com\/wp-content\/uploads\/2024\/11\/laura-adai-hNQAWN4t99A-unsplash.webp?resize=350%2C200&ssl=1 1x, https:\/\/i0.wp.com\/kohenavocats.com\/wp-content\/uploads\/2024\/11\/laura-adai-hNQAWN4t99A-unsplash.webp?resize=525%2C300&ssl=1 1.5x, https:\/\/i0.wp.com\/kohenavocats.com\/wp-content\/uploads\/2024\/11\/laura-adai-hNQAWN4t99A-unsplash.webp?resize=700%2C400&ssl=1 2x, https:\/\/i0.wp.com\/kohenavocats.com\/wp-content\/uploads\/2024\/11\/laura-adai-hNQAWN4t99A-unsplash.webp?resize=1050%2C600&ssl=1 3x, https:\/\/i0.wp.com\/kohenavocats.com\/wp-content\/uploads\/2024\/11\/laura-adai-hNQAWN4t99A-unsplash.webp?resize=1400%2C800&ssl=1 4x"},"classes":[]},{"id":289975,"url":"https:\/\/kohenavocats.com\/en\/tribunal-judiciaire-de-nancy-le-30-juin-2025-n24-00021\/","url_meta":{"origin":669208,"position":3},"title":"Tribunal judiciaire de Nancy, le 30 juin 2025, n\u00b024\/00021","author":"Kohen","date":"18 January 2026","format":false,"excerpt":"Le Tribunal judiciaire de Nancy a rendu, le 30 juin 2025, un jugement en mati\u00e8re de traitement des situations de surendettement. La proc\u00e9dure s\u2019inscrit dans le cadre d\u2019un recours form\u00e9 contre des mesures impos\u00e9es par la commission, consistant en un r\u00e9\u00e9chelonnement sur quatre-vingt-quatre mois sans int\u00e9r\u00eats. La d\u00e9bitrice, en invalidit\u00e9\u2026","rel":"","context":"In &quot;D\u00e9cisions juridiques&quot;","block_context":{"text":"D\u00e9cisions juridiques","link":"https:\/\/kohenavocats.com\/category\/decisions-juridiques\/"},"img":{"alt_text":"","src":"https:\/\/i0.wp.com\/kohenavocats.com\/wp-content\/uploads\/2024\/11\/laura-adai-KfphgU3nUqQ-unsplash.webp?resize=350%2C200&ssl=1","width":350,"height":200,"srcset":"https:\/\/i0.wp.com\/kohenavocats.com\/wp-content\/uploads\/2024\/11\/laura-adai-KfphgU3nUqQ-unsplash.webp?resize=350%2C200&ssl=1 1x, https:\/\/i0.wp.com\/kohenavocats.com\/wp-content\/uploads\/2024\/11\/laura-adai-KfphgU3nUqQ-unsplash.webp?resize=525%2C300&ssl=1 1.5x, https:\/\/i0.wp.com\/kohenavocats.com\/wp-content\/uploads\/2024\/11\/laura-adai-KfphgU3nUqQ-unsplash.webp?resize=700%2C400&ssl=1 2x, https:\/\/i0.wp.com\/kohenavocats.com\/wp-content\/uploads\/2024\/11\/laura-adai-KfphgU3nUqQ-unsplash.webp?resize=1050%2C600&ssl=1 3x, https:\/\/i0.wp.com\/kohenavocats.com\/wp-content\/uploads\/2024\/11\/laura-adai-KfphgU3nUqQ-unsplash.webp?resize=1400%2C800&ssl=1 4x"},"classes":[]},{"id":245579,"url":"https:\/\/kohenavocats.com\/en\/cour-dappel-administrative-de-nancy-le-4-novembre-2025-n24nc02162\/","url_meta":{"origin":669208,"position":4},"title":"Cour d&#8217;appel administrative de Nancy, le 4 novembre 2025, n\u00b024NC02162","author":"Kohen","date":"6 January 2026","format":false,"excerpt":"La Cour administrative d'appel de Nancy a rendu, le 4 novembre 2025, une d\u00e9cision relative au r\u00e9gime juridique de l'assignation \u00e0 r\u00e9sidence des \u00e9trangers. Cette affaire concerne la contestation d'une mesure administrative prise \u00e0 l'encontre d'un ressortissant \u00e9tranger dont la demande d'asile avait \u00e9t\u00e9 d\u00e9finitivement rejet\u00e9e. Le requ\u00e9rant est entr\u00e9\u2026","rel":"","context":"In &quot;Cour administrative d'appel&quot;","block_context":{"text":"Cour administrative d'appel","link":"https:\/\/kohenavocats.com\/category\/cour-administrative-dappel\/"},"img":{"alt_text":"","src":"https:\/\/i0.wp.com\/kohenavocats.com\/wp-content\/uploads\/2024\/08\/alexandre-brondino-jCxM7spcAWY-unsplash-1.webp?resize=350%2C200&ssl=1","width":350,"height":200,"srcset":"https:\/\/i0.wp.com\/kohenavocats.com\/wp-content\/uploads\/2024\/08\/alexandre-brondino-jCxM7spcAWY-unsplash-1.webp?resize=350%2C200&ssl=1 1x, https:\/\/i0.wp.com\/kohenavocats.com\/wp-content\/uploads\/2024\/08\/alexandre-brondino-jCxM7spcAWY-unsplash-1.webp?resize=525%2C300&ssl=1 1.5x, https:\/\/i0.wp.com\/kohenavocats.com\/wp-content\/uploads\/2024\/08\/alexandre-brondino-jCxM7spcAWY-unsplash-1.webp?resize=700%2C400&ssl=1 2x, https:\/\/i0.wp.com\/kohenavocats.com\/wp-content\/uploads\/2024\/08\/alexandre-brondino-jCxM7spcAWY-unsplash-1.webp?resize=1050%2C600&ssl=1 3x, https:\/\/i0.wp.com\/kohenavocats.com\/wp-content\/uploads\/2024\/08\/alexandre-brondino-jCxM7spcAWY-unsplash-1.webp?resize=1400%2C800&ssl=1 4x"},"classes":[]},{"id":261848,"url":"https:\/\/kohenavocats.com\/en\/tribunal-judiciaire-de-nancy-le-27-juin-2025-n24-00145\/","url_meta":{"origin":669208,"position":5},"title":"Tribunal judiciaire de Nancy, le 27 juin 2025, n\u00b024\/00145","author":"Kohen","date":"9 January 2026","format":false,"excerpt":"Le tribunal judiciaire de Nancy, 27 juin 2025, statue en mati\u00e8re de traitement du surendettement, saisi d\u2019un recours contre des mesures impos\u00e9es de r\u00e9\u00e9chelonnement. La d\u00e9cision intervient \u00e0 l\u2019issue d\u2019une contestation fond\u00e9e sur l\u2019inad\u00e9quation de la mensualit\u00e9 retenue avec la situation budg\u00e9taire et la perspective proche de la retraite. Le\u2026","rel":"","context":"In &quot;D\u00e9cisions juridiques&quot;","block_context":{"text":"D\u00e9cisions juridiques","link":"https:\/\/kohenavocats.com\/category\/decisions-juridiques\/"},"img":{"alt_text":"","src":"https:\/\/i0.wp.com\/kohenavocats.com\/wp-content\/uploads\/2024\/06\/giammarco-boscaro-zeH-ljawHtg-unsplash.jpg?resize=350%2C200&ssl=1","width":350,"height":200,"srcset":"https:\/\/i0.wp.com\/kohenavocats.com\/wp-content\/uploads\/2024\/06\/giammarco-boscaro-zeH-ljawHtg-unsplash.jpg?resize=350%2C200&ssl=1 1x, https:\/\/i0.wp.com\/kohenavocats.com\/wp-content\/uploads\/2024\/06\/giammarco-boscaro-zeH-ljawHtg-unsplash.jpg?resize=525%2C300&ssl=1 1.5x, https:\/\/i0.wp.com\/kohenavocats.com\/wp-content\/uploads\/2024\/06\/giammarco-boscaro-zeH-ljawHtg-unsplash.jpg?resize=700%2C400&ssl=1 2x, https:\/\/i0.wp.com\/kohenavocats.com\/wp-content\/uploads\/2024\/06\/giammarco-boscaro-zeH-ljawHtg-unsplash.jpg?resize=1050%2C600&ssl=1 3x, https:\/\/i0.wp.com\/kohenavocats.com\/wp-content\/uploads\/2024\/06\/giammarco-boscaro-zeH-ljawHtg-unsplash.jpg?resize=1400%2C800&ssl=1 4x"},"classes":[]}],"jetpack_sharing_enabled":true,"_links":{"self":[{"href":"https:\/\/kohenavocats.com\/en\/wp-json\/wp\/v2\/posts\/669208","targetHints":{"allow":["GET"]}}],"collection":[{"href":"https:\/\/kohenavocats.com\/en\/wp-json\/wp\/v2\/posts"}],"about":[{"href":"https:\/\/kohenavocats.com\/en\/wp-json\/wp\/v2\/types\/post"}],"author":[{"embeddable":true,"href":"https:\/\/kohenavocats.com\/en\/wp-json\/wp\/v2\/users\/232070755"}],"replies":[{"embeddable":true,"href":"https:\/\/kohenavocats.com\/en\/wp-json\/wp\/v2\/comments?post=669208"}],"version-history":[{"count":0,"href":"https:\/\/kohenavocats.com\/en\/wp-json\/wp\/v2\/posts\/669208\/revisions"}],"wp:featuredmedia":[{"embeddable":true,"href":"https:\/\/kohenavocats.com\/en\/wp-json\/wp\/v2\/media\/9657"}],"wp:attachment":[{"href":"https:\/\/kohenavocats.com\/en\/wp-json\/wp\/v2\/media?parent=669208"}],"wp:term":[{"taxonomy":"category","embeddable":true,"href":"https:\/\/kohenavocats.com\/en\/wp-json\/wp\/v2\/categories?post=669208"},{"taxonomy":"post_tag","embeddable":true,"href":"https:\/\/kohenavocats.com\/en\/wp-json\/wp\/v2\/tags?post=669208"}],"curies":[{"name":"wp","href":"https:\/\/api.w.org\/{rel}","templated":true}]}}